{"id":39097,"date":"2022-02-28T13:47:35","date_gmt":"2022-02-28T11:47:35","guid":{"rendered":"https:\/\/www.laguiadepamplona.com\/actualidad\/?p=39097"},"modified":"2023-04-11T11:48:28","modified_gmt":"2023-04-11T09:48:28","slug":"el-ayuntamiento-de-pamplona-muestra-su-apoyo-al-pueblo-ucraniano-en-una-concentracion-en-la-plaza-consistorial","status":"publish","type":"post","link":"https:\/\/www.laguiadepamplona.com\/actualidad\/el-ayuntamiento-de-pamplona-muestra-su-apoyo-al-pueblo-ucraniano-en-una-concentracion-en-la-plaza-consistorial\/","title":{"rendered":"El Ayuntamiento de Pamplona muestra su apoyo al pueblo ucraniano en una concentraci\u00f3n en la Plaza Consistorial"},"content":{"rendered":"<h5>La fachada del Ayuntamiento se iluminar\u00e1 ma\u00f1ana, d\u00eda 1, de los colores de la bandera de Ucrania, azul y amarillo<\/h5>\n<p><!--more--><\/p>\n<p>El Ayuntamiento de Pamplona, con el alcalde Enrique Maya a la cabeza, se ha concentrado hoy en la Plaza Consistorial en se\u00f1al de apoyo al pueblo ucraniano. En la concentraci\u00f3n han participado concejales y concejalas de la corporaci\u00f3n, representantes de todos los grupos municipales. Adem\u00e1s, ma\u00f1ana la fachada del Ayuntamiento se iluminar\u00e1 con los colores de la bandera ucraniana, azul y amarillo, en solidaridad con el pa\u00eds.<br \/>\n<script async src=\"\/\/pagead2.googlesyndication.com\/pagead\/js\/adsbygoogle.js\"><\/script><br \/>\n<!-- Noticias La Guia de Pamplona --><br \/>\n<ins class=\"adsbygoogle\"\nstyle=\"display:block\"\ndata-ad-client=\"ca-pub-6943679897239327\"\ndata-ad-slot=\"7048180777\"\ndata-ad-format=\"auto\"><\/ins><br \/>\n<script>\n(adsbygoogle = window.adsbygoogle || []).push({});\n<\/script><\/p>\n<p>La concentraci\u00f3n de apoyo se suma a la declaraci\u00f3n aprobada el viernes por la Junta de Portavoces con los votos a favor de Navarra Suma, PSN y Geroa Bai, y la abstenci\u00f3n EH Bildu. En ella, el Ayuntamiento expresaba su \u201ccondena y rechazo\u201d a la violaci\u00f3n del derecho internacional, la soberan\u00eda nacional y la integridad territorial de Ucrania por parte de Rusia. Asimismo, mostraba su apoyo y solidaridad \u201ccon la poblaci\u00f3n ucraniana y, especialmente a las personas ucranianas que viven en Pamplona y Navarra\u201d. El Consistorio, que incidi\u00f3 en el rechazo de las amenazas de represalias del gobierno ruso, recalc\u00f3 su compromiso \u201ccon los valores democr\u00e1ticos, con la paz, el respeto a la legalidad internacional, los derechos humanos, as\u00ed como la solidaridad y la cooperaci\u00f3n humanitaria con el pueblo ucraniano\u201d.<\/p>\n","protected":false},"excerpt":{"rendered":"<p>La fachada del Ayuntamiento se iluminar\u00e1 ma\u00f1ana, d\u00eda 1, de los colores de la bandera de Ucrania, azul y amarillo<\/p>\n","protected":false},"author":1,"featured_media":39098,"comment_status":"open","ping_status":"closed","sticky":false,"template":"","format":"standard","meta":{"footnotes":""},"categories":[2],"tags":[],"class_list":["post-39097","post","type-post","status-publish","format-standard","has-post-thumbnail","hentry","category-ayuntamiento-pamplona"],"yoast_head":"<!-- This site is optimized with the Yoast SEO plugin v27.3 - https:\/\/yoast.com\/product\/yoast-seo-wordpress\/ -->\n<title>El Ayuntamiento de Pamplona muestra su apoyo al pueblo ucraniano en una concentraci\u00f3n en la Plaza Consistorial<\/title>\n<meta name=\"description\" content=\"La fachada del Ayuntamiento se iluminar\u00e1 ma\u00f1ana, d\u00eda 1, de los colores de la bandera de Ucrania, azul y amarillo\" \/>\n<meta name=\"robots\" content=\"index, follow, max-snippet:-1, max-image-preview:large, max-video-preview:-1\" \/>\n<link rel=\"canonical\" href=\"https:\/\/www.laguiadepamplona.com\/actualidad\/el-ayuntamiento-de-pamplona-muestra-su-apoyo-al-pueblo-ucraniano-en-una-concentracion-en-la-plaza-consistorial\/\" \/>\n<meta property=\"og:locale\" content=\"es_ES\" \/>\n<meta property=\"og:type\" content=\"article\" \/>\n<meta property=\"og:title\" content=\"El Ayuntamiento de Pamplona muestra su apoyo al pueblo ucraniano en una concentraci\u00f3n en la Plaza Consistorial\" \/>\n<meta property=\"og:description\" content=\"La fachada del Ayuntamiento se iluminar\u00e1 ma\u00f1ana, d\u00eda 1, de los colores de la bandera de Ucrania, azul y amarillo\" \/>\n<meta property=\"og:url\" content=\"https:\/\/www.laguiadepamplona.com\/actualidad\/el-ayuntamiento-de-pamplona-muestra-su-apoyo-al-pueblo-ucraniano-en-una-concentracion-en-la-plaza-consistorial\/\" \/>\n<meta property=\"og:site_name\" content=\"La Gu\u00eda de Pamplona\" \/>\n<meta property=\"article:publisher\" content=\"https:\/\/www.facebook.com\/laguiadepamplonacom-133175176762273\/?ref=hl\" \/>\n<meta property=\"article:published_time\" content=\"2022-02-28T11:47:35+00:00\" \/>\n<meta property=\"article:modified_time\" content=\"2023-04-11T09:48:28+00:00\" \/>\n<meta property=\"og:image\" content=\"https:\/\/www.laguiadepamplona.com\/actualidad\/wp-content\/uploads\/2022\/02\/ucrania-ayuntamiento-pamplona.jpg\" \/>\n\t<meta property=\"og:image:width\" content=\"1772\" \/>\n\t<meta property=\"og:image:height\" content=\"1182\" \/>\n\t<meta property=\"og:image:type\" content=\"image\/jpeg\" \/>\n<meta name=\"author\" content=\"La Gu\u00eda de Pamplona\" \/>\n<meta name=\"twitter:card\" content=\"summary_large_image\" \/>\n<meta name=\"twitter:creator\" content=\"@LaGuiadPamplona\" \/>\n<meta name=\"twitter:site\" content=\"@LaGuiadPamplona\" \/>\n<meta name=\"twitter:label1\" content=\"Escrito por\" \/>\n\t<meta name=\"twitter:data1\" content=\"La Gu\u00eda de Pamplona\" \/>\n\t<meta name=\"twitter:label2\" content=\"Tiempo de lectura\" \/>\n\t<meta name=\"twitter:data2\" content=\"1 minuto\" \/>\n<script type=\"application\/ld+json\" class=\"yoast-schema-graph\">{\"@context\":\"https:\\\/\\\/schema.org\",\"@graph\":[{\"@type\":\"Article\",\"@id\":\"https:\\\/\\\/www.laguiadepamplona.com\\\/actualidad\\\/el-ayuntamiento-de-pamplona-muestra-su-apoyo-al-pueblo-ucraniano-en-una-concentracion-en-la-plaza-consistorial\\\/#article\",\"isPartOf\":{\"@id\":\"https:\\\/\\\/www.laguiadepamplona.com\\\/actualidad\\\/el-ayuntamiento-de-pamplona-muestra-su-apoyo-al-pueblo-ucraniano-en-una-concentracion-en-la-plaza-consistorial\\\/\"},\"author\":{\"name\":\"La Gu\u00eda de Pamplona\",\"@id\":\"https:\\\/\\\/www.laguiadepamplona.com\\\/actualidad\\\/#\\\/schema\\\/person\\\/efe887376f0213d4657c93adc50b1fdb\"},\"headline\":\"El Ayuntamiento de Pamplona muestra su apoyo al pueblo ucraniano en una concentraci\u00f3n en la Plaza Consistorial\",\"datePublished\":\"2022-02-28T11:47:35+00:00\",\"dateModified\":\"2023-04-11T09:48:28+00:00\",\"mainEntityOfPage\":{\"@id\":\"https:\\\/\\\/www.laguiadepamplona.com\\\/actualidad\\\/el-ayuntamiento-de-pamplona-muestra-su-apoyo-al-pueblo-ucraniano-en-una-concentracion-en-la-plaza-consistorial\\\/\"},\"wordCount\":250,\"commentCount\":0,\"publisher\":{\"@id\":\"https:\\\/\\\/www.laguiadepamplona.com\\\/actualidad\\\/#organization\"},\"image\":{\"@id\":\"https:\\\/\\\/www.laguiadepamplona.com\\\/actualidad\\\/el-ayuntamiento-de-pamplona-muestra-su-apoyo-al-pueblo-ucraniano-en-una-concentracion-en-la-plaza-consistorial\\\/#primaryimage\"},\"thumbnailUrl\":\"https:\\\/\\\/www.laguiadepamplona.com\\\/actualidad\\\/wp-content\\\/uploads\\\/2022\\\/02\\\/ucrania-ayuntamiento-pamplona.jpg\",\"articleSection\":[\"Ayto Pamplona\"],\"inLanguage\":\"es\",\"potentialAction\":[{\"@type\":\"CommentAction\",\"name\":\"Comment\",\"target\":[\"https:\\\/\\\/www.laguiadepamplona.com\\\/actualidad\\\/el-ayuntamiento-de-pamplona-muestra-su-apoyo-al-pueblo-ucraniano-en-una-concentracion-en-la-plaza-consistorial\\\/#respond\"]}]},{\"@type\":\"WebPage\",\"@id\":\"https:\\\/\\\/www.laguiadepamplona.com\\\/actualidad\\\/el-ayuntamiento-de-pamplona-muestra-su-apoyo-al-pueblo-ucraniano-en-una-concentracion-en-la-plaza-consistorial\\\/\",\"url\":\"https:\\\/\\\/www.laguiadepamplona.com\\\/actualidad\\\/el-ayuntamiento-de-pamplona-muestra-su-apoyo-al-pueblo-ucraniano-en-una-concentracion-en-la-plaza-consistorial\\\/\",\"name\":\"El Ayuntamiento de Pamplona muestra su apoyo al pueblo ucraniano en una concentraci\u00f3n en la Plaza Consistorial\",\"isPartOf\":{\"@id\":\"https:\\\/\\\/www.laguiadepamplona.com\\\/actualidad\\\/#website\"},\"primaryImageOfPage\":{\"@id\":\"https:\\\/\\\/www.laguiadepamplona.com\\\/actualidad\\\/el-ayuntamiento-de-pamplona-muestra-su-apoyo-al-pueblo-ucraniano-en-una-concentracion-en-la-plaza-consistorial\\\/#primaryimage\"},\"image\":{\"@id\":\"https:\\\/\\\/www.laguiadepamplona.com\\\/actualidad\\\/el-ayuntamiento-de-pamplona-muestra-su-apoyo-al-pueblo-ucraniano-en-una-concentracion-en-la-plaza-consistorial\\\/#primaryimage\"},\"thumbnailUrl\":\"https:\\\/\\\/www.laguiadepamplona.com\\\/actualidad\\\/wp-content\\\/uploads\\\/2022\\\/02\\\/ucrania-ayuntamiento-pamplona.jpg\",\"datePublished\":\"2022-02-28T11:47:35+00:00\",\"dateModified\":\"2023-04-11T09:48:28+00:00\",\"description\":\"La fachada del Ayuntamiento se iluminar\u00e1 ma\u00f1ana, d\u00eda 1, de los colores de la bandera de Ucrania, azul y amarillo\",\"breadcrumb\":{\"@id\":\"https:\\\/\\\/www.laguiadepamplona.com\\\/actualidad\\\/el-ayuntamiento-de-pamplona-muestra-su-apoyo-al-pueblo-ucraniano-en-una-concentracion-en-la-plaza-consistorial\\\/#breadcrumb\"},\"inLanguage\":\"es\",\"potentialAction\":[{\"@type\":\"ReadAction\",\"target\":[\"https:\\\/\\\/www.laguiadepamplona.com\\\/actualidad\\\/el-ayuntamiento-de-pamplona-muestra-su-apoyo-al-pueblo-ucraniano-en-una-concentracion-en-la-plaza-consistorial\\\/\"]}]},{\"@type\":\"ImageObject\",\"inLanguage\":\"es\",\"@id\":\"https:\\\/\\\/www.laguiadepamplona.com\\\/actualidad\\\/el-ayuntamiento-de-pamplona-muestra-su-apoyo-al-pueblo-ucraniano-en-una-concentracion-en-la-plaza-consistorial\\\/#primaryimage\",\"url\":\"https:\\\/\\\/www.laguiadepamplona.com\\\/actualidad\\\/wp-content\\\/uploads\\\/2022\\\/02\\\/ucrania-ayuntamiento-pamplona.jpg\",\"contentUrl\":\"https:\\\/\\\/www.laguiadepamplona.com\\\/actualidad\\\/wp-content\\\/uploads\\\/2022\\\/02\\\/ucrania-ayuntamiento-pamplona.jpg\",\"width\":1772,\"height\":1182},{\"@type\":\"BreadcrumbList\",\"@id\":\"https:\\\/\\\/www.laguiadepamplona.com\\\/actualidad\\\/el-ayuntamiento-de-pamplona-muestra-su-apoyo-al-pueblo-ucraniano-en-una-concentracion-en-la-plaza-consistorial\\\/#breadcrumb\",\"itemListElement\":[{\"@type\":\"ListItem\",\"position\":1,\"name\":\"Portada\",\"item\":\"https:\\\/\\\/www.laguiadepamplona.com\\\/actualidad\\\/\"},{\"@type\":\"ListItem\",\"position\":2,\"name\":\"El Ayuntamiento de Pamplona muestra su apoyo al pueblo ucraniano en una concentraci\u00f3n en la Plaza Consistorial\"}]},{\"@type\":\"WebSite\",\"@id\":\"https:\\\/\\\/www.laguiadepamplona.com\\\/actualidad\\\/#website\",\"url\":\"https:\\\/\\\/www.laguiadepamplona.com\\\/actualidad\\\/\",\"name\":\"La gu\u00eda de Pamplona\",\"description\":\"Noticias de Pamplona\",\"publisher\":{\"@id\":\"https:\\\/\\\/www.laguiadepamplona.com\\\/actualidad\\\/#organization\"},\"potentialAction\":[{\"@type\":\"SearchAction\",\"target\":{\"@type\":\"EntryPoint\",\"urlTemplate\":\"https:\\\/\\\/www.laguiadepamplona.com\\\/actualidad\\\/?s={search_term_string}\"},\"query-input\":{\"@type\":\"PropertyValueSpecification\",\"valueRequired\":true,\"valueName\":\"search_term_string\"}}],\"inLanguage\":\"es\"},{\"@type\":\"Organization\",\"@id\":\"https:\\\/\\\/www.laguiadepamplona.com\\\/actualidad\\\/#organization\",\"name\":\"La Gu\u00eda de Pamplona \\\/ Noticias\",\"url\":\"https:\\\/\\\/www.laguiadepamplona.com\\\/actualidad\\\/\",\"logo\":{\"@type\":\"ImageObject\",\"inLanguage\":\"es\",\"@id\":\"https:\\\/\\\/www.laguiadepamplona.com\\\/actualidad\\\/#\\\/schema\\\/logo\\\/image\\\/\",\"url\":\"https:\\\/\\\/www.laguiadepamplona.com\\\/actualidad\\\/wp-content\\\/uploads\\\/2018\\\/11\\\/logo-laguiadepamplona18-web1.png\",\"contentUrl\":\"https:\\\/\\\/www.laguiadepamplona.com\\\/actualidad\\\/wp-content\\\/uploads\\\/2018\\\/11\\\/logo-laguiadepamplona18-web1.png\",\"width\":600,\"height\":196,\"caption\":\"La Gu\u00eda de Pamplona \\\/ Noticias\"},\"image\":{\"@id\":\"https:\\\/\\\/www.laguiadepamplona.com\\\/actualidad\\\/#\\\/schema\\\/logo\\\/image\\\/\"},\"sameAs\":[\"https:\\\/\\\/www.facebook.com\\\/laguiadepamplonacom-133175176762273\\\/?ref=hl\",\"https:\\\/\\\/x.com\\\/LaGuiadPamplona\",\"https:\\\/\\\/www.instagram.com\\\/la_guia_de_pamplona\\\/\",\"https:\\\/\\\/www.youtube.com\\\/user\\\/laguiadepamplona\"]},{\"@type\":\"Person\",\"@id\":\"https:\\\/\\\/www.laguiadepamplona.com\\\/actualidad\\\/#\\\/schema\\\/person\\\/efe887376f0213d4657c93adc50b1fdb\",\"name\":\"La Gu\u00eda de Pamplona\",\"image\":{\"@type\":\"ImageObject\",\"inLanguage\":\"es\",\"@id\":\"https:\\\/\\\/secure.gravatar.com\\\/avatar\\\/b6992f131dc8d30ab0dff15446e9d346d9dbd95992de0fef795073f5ea83a81c?s=96&d=mm&r=g\",\"url\":\"https:\\\/\\\/secure.gravatar.com\\\/avatar\\\/b6992f131dc8d30ab0dff15446e9d346d9dbd95992de0fef795073f5ea83a81c?s=96&d=mm&r=g\",\"contentUrl\":\"https:\\\/\\\/secure.gravatar.com\\\/avatar\\\/b6992f131dc8d30ab0dff15446e9d346d9dbd95992de0fef795073f5ea83a81c?s=96&d=mm&r=g\",\"caption\":\"La Gu\u00eda de Pamplona\"}}]}<\/script>\n<!-- \/ Yoast SEO plugin. -->","yoast_head_json":{"title":"El Ayuntamiento de Pamplona muestra su apoyo al pueblo ucraniano en una concentraci\u00f3n en la Plaza Consistorial","description":"La fachada del Ayuntamiento se iluminar\u00e1 ma\u00f1ana, d\u00eda 1, de los colores de la bandera de Ucrania, azul y amarillo","robots":{"index":"index","follow":"follow","max-snippet":"max-snippet:-1","max-image-preview":"max-image-preview:large","max-video-preview":"max-video-preview:-1"},"canonical":"https:\/\/www.laguiadepamplona.com\/actualidad\/el-ayuntamiento-de-pamplona-muestra-su-apoyo-al-pueblo-ucraniano-en-una-concentracion-en-la-plaza-consistorial\/","og_locale":"es_ES","og_type":"article","og_title":"El Ayuntamiento de Pamplona muestra su apoyo al pueblo ucraniano en una concentraci\u00f3n en la Plaza Consistorial","og_description":"La fachada del Ayuntamiento se iluminar\u00e1 ma\u00f1ana, d\u00eda 1, de los colores de la bandera de Ucrania, azul y amarillo","og_url":"https:\/\/www.laguiadepamplona.com\/actualidad\/el-ayuntamiento-de-pamplona-muestra-su-apoyo-al-pueblo-ucraniano-en-una-concentracion-en-la-plaza-consistorial\/","og_site_name":"La Gu\u00eda de Pamplona","article_publisher":"https:\/\/www.facebook.com\/laguiadepamplonacom-133175176762273\/?ref=hl","article_published_time":"2022-02-28T11:47:35+00:00","article_modified_time":"2023-04-11T09:48:28+00:00","og_image":[{"width":1772,"height":1182,"url":"https:\/\/www.laguiadepamplona.com\/actualidad\/wp-content\/uploads\/2022\/02\/ucrania-ayuntamiento-pamplona.jpg","type":"image\/jpeg"}],"author":"La Gu\u00eda de Pamplona","twitter_card":"summary_large_image","twitter_creator":"@LaGuiadPamplona","twitter_site":"@LaGuiadPamplona","twitter_misc":{"Escrito por":"La Gu\u00eda de Pamplona","Tiempo de lectura":"1 minuto"},"schema":{"@context":"https:\/\/schema.org","@graph":[{"@type":"Article","@id":"https:\/\/www.laguiadepamplona.com\/actualidad\/el-ayuntamiento-de-pamplona-muestra-su-apoyo-al-pueblo-ucraniano-en-una-concentracion-en-la-plaza-consistorial\/#article","isPartOf":{"@id":"https:\/\/www.laguiadepamplona.com\/actualidad\/el-ayuntamiento-de-pamplona-muestra-su-apoyo-al-pueblo-ucraniano-en-una-concentracion-en-la-plaza-consistorial\/"},"author":{"name":"La Gu\u00eda de Pamplona","@id":"https:\/\/www.laguiadepamplona.com\/actualidad\/#\/schema\/person\/efe887376f0213d4657c93adc50b1fdb"},"headline":"El Ayuntamiento de Pamplona muestra su apoyo al pueblo ucraniano en una concentraci\u00f3n en la Plaza Consistorial","datePublished":"2022-02-28T11:47:35+00:00","dateModified":"2023-04-11T09:48:28+00:00","mainEntityOfPage":{"@id":"https:\/\/www.laguiadepamplona.com\/actualidad\/el-ayuntamiento-de-pamplona-muestra-su-apoyo-al-pueblo-ucraniano-en-una-concentracion-en-la-plaza-consistorial\/"},"wordCount":250,"commentCount":0,"publisher":{"@id":"https:\/\/www.laguiadepamplona.com\/actualidad\/#organization"},"image":{"@id":"https:\/\/www.laguiadepamplona.com\/actualidad\/el-ayuntamiento-de-pamplona-muestra-su-apoyo-al-pueblo-ucraniano-en-una-concentracion-en-la-plaza-consistorial\/#primaryimage"},"thumbnailUrl":"https:\/\/www.laguiadepamplona.com\/actualidad\/wp-content\/uploads\/2022\/02\/ucrania-ayuntamiento-pamplona.jpg","articleSection":["Ayto Pamplona"],"inLanguage":"es","potentialAction":[{"@type":"CommentAction","name":"Comment","target":["https:\/\/www.laguiadepamplona.com\/actualidad\/el-ayuntamiento-de-pamplona-muestra-su-apoyo-al-pueblo-ucraniano-en-una-concentracion-en-la-plaza-consistorial\/#respond"]}]},{"@type":"WebPage","@id":"https:\/\/www.laguiadepamplona.com\/actualidad\/el-ayuntamiento-de-pamplona-muestra-su-apoyo-al-pueblo-ucraniano-en-una-concentracion-en-la-plaza-consistorial\/","url":"https:\/\/www.laguiadepamplona.com\/actualidad\/el-ayuntamiento-de-pamplona-muestra-su-apoyo-al-pueblo-ucraniano-en-una-concentracion-en-la-plaza-consistorial\/","name":"El Ayuntamiento de Pamplona muestra su apoyo al pueblo ucraniano en una concentraci\u00f3n en la Plaza Consistorial","isPartOf":{"@id":"https:\/\/www.laguiadepamplona.com\/actualidad\/#website"},"primaryImageOfPage":{"@id":"https:\/\/www.laguiadepamplona.com\/actualidad\/el-ayuntamiento-de-pamplona-muestra-su-apoyo-al-pueblo-ucraniano-en-una-concentracion-en-la-plaza-consistorial\/#primaryimage"},"image":{"@id":"https:\/\/www.laguiadepamplona.com\/actualidad\/el-ayuntamiento-de-pamplona-muestra-su-apoyo-al-pueblo-ucraniano-en-una-concentracion-en-la-plaza-consistorial\/#primaryimage"},"thumbnailUrl":"https:\/\/www.laguiadepamplona.com\/actualidad\/wp-content\/uploads\/2022\/02\/ucrania-ayuntamiento-pamplona.jpg","datePublished":"2022-02-28T11:47:35+00:00","dateModified":"2023-04-11T09:48:28+00:00","description":"La fachada del Ayuntamiento se iluminar\u00e1 ma\u00f1ana, d\u00eda 1, de los colores de la bandera de Ucrania, azul y amarillo","breadcrumb":{"@id":"https:\/\/www.laguiadepamplona.com\/actualidad\/el-ayuntamiento-de-pamplona-muestra-su-apoyo-al-pueblo-ucraniano-en-una-concentracion-en-la-plaza-consistorial\/#breadcrumb"},"inLanguage":"es","potentialAction":[{"@type":"ReadAction","target":["https:\/\/www.laguiadepamplona.com\/actualidad\/el-ayuntamiento-de-pamplona-muestra-su-apoyo-al-pueblo-ucraniano-en-una-concentracion-en-la-plaza-consistorial\/"]}]},{"@type":"ImageObject","inLanguage":"es","@id":"https:\/\/www.laguiadepamplona.com\/actualidad\/el-ayuntamiento-de-pamplona-muestra-su-apoyo-al-pueblo-ucraniano-en-una-concentracion-en-la-plaza-consistorial\/#primaryimage","url":"https:\/\/www.laguiadepamplona.com\/actualidad\/wp-content\/uploads\/2022\/02\/ucrania-ayuntamiento-pamplona.jpg","contentUrl":"https:\/\/www.laguiadepamplona.com\/actualidad\/wp-content\/uploads\/2022\/02\/ucrania-ayuntamiento-pamplona.jpg","width":1772,"height":1182},{"@type":"BreadcrumbList","@id":"https:\/\/www.laguiadepamplona.com\/actualidad\/el-ayuntamiento-de-pamplona-muestra-su-apoyo-al-pueblo-ucraniano-en-una-concentracion-en-la-plaza-consistorial\/#breadcrumb","itemListElement":[{"@type":"ListItem","position":1,"name":"Portada","item":"https:\/\/www.laguiadepamplona.com\/actualidad\/"},{"@type":"ListItem","position":2,"name":"El Ayuntamiento de Pamplona muestra su apoyo al pueblo ucraniano en una concentraci\u00f3n en la Plaza Consistorial"}]},{"@type":"WebSite","@id":"https:\/\/www.laguiadepamplona.com\/actualidad\/#website","url":"https:\/\/www.laguiadepamplona.com\/actualidad\/","name":"La gu\u00eda de Pamplona","description":"Noticias de Pamplona","publisher":{"@id":"https:\/\/www.laguiadepamplona.com\/actualidad\/#organization"},"potentialAction":[{"@type":"SearchAction","target":{"@type":"EntryPoint","urlTemplate":"https:\/\/www.laguiadepamplona.com\/actualidad\/?s={search_term_string}"},"query-input":{"@type":"PropertyValueSpecification","valueRequired":true,"valueName":"search_term_string"}}],"inLanguage":"es"},{"@type":"Organization","@id":"https:\/\/www.laguiadepamplona.com\/actualidad\/#organization","name":"La Gu\u00eda de Pamplona \/ Noticias","url":"https:\/\/www.laguiadepamplona.com\/actualidad\/","logo":{"@type":"ImageObject","inLanguage":"es","@id":"https:\/\/www.laguiadepamplona.com\/actualidad\/#\/schema\/logo\/image\/","url":"https:\/\/www.laguiadepamplona.com\/actualidad\/wp-content\/uploads\/2018\/11\/logo-laguiadepamplona18-web1.png","contentUrl":"https:\/\/www.laguiadepamplona.com\/actualidad\/wp-content\/uploads\/2018\/11\/logo-laguiadepamplona18-web1.png","width":600,"height":196,"caption":"La Gu\u00eda de Pamplona \/ Noticias"},"image":{"@id":"https:\/\/www.laguiadepamplona.com\/actualidad\/#\/schema\/logo\/image\/"},"sameAs":["https:\/\/www.facebook.com\/laguiadepamplonacom-133175176762273\/?ref=hl","https:\/\/x.com\/LaGuiadPamplona","https:\/\/www.instagram.com\/la_guia_de_pamplona\/","https:\/\/www.youtube.com\/user\/laguiadepamplona"]},{"@type":"Person","@id":"https:\/\/www.laguiadepamplona.com\/actualidad\/#\/schema\/person\/efe887376f0213d4657c93adc50b1fdb","name":"La Gu\u00eda de Pamplona","image":{"@type":"ImageObject","inLanguage":"es","@id":"https:\/\/secure.gravatar.com\/avatar\/b6992f131dc8d30ab0dff15446e9d346d9dbd95992de0fef795073f5ea83a81c?s=96&d=mm&r=g","url":"https:\/\/secure.gravatar.com\/avatar\/b6992f131dc8d30ab0dff15446e9d346d9dbd95992de0fef795073f5ea83a81c?s=96&d=mm&r=g","contentUrl":"https:\/\/secure.gravatar.com\/avatar\/b6992f131dc8d30ab0dff15446e9d346d9dbd95992de0fef795073f5ea83a81c?s=96&d=mm&r=g","caption":"La Gu\u00eda de Pamplona"}}]}},"post_mailing_queue_ids":[],"_links":{"self":[{"href":"https:\/\/www.laguiadepamplona.com\/actualidad\/wp-json\/wp\/v2\/posts\/39097","targetHints":{"allow":["GET"]}}],"collection":[{"href":"https:\/\/www.laguiadepamplona.com\/actualidad\/wp-json\/wp\/v2\/posts"}],"about":[{"href":"https:\/\/www.laguiadepamplona.com\/actualidad\/wp-json\/wp\/v2\/types\/post"}],"author":[{"embeddable":true,"href":"https:\/\/www.laguiadepamplona.com\/actualidad\/wp-json\/wp\/v2\/users\/1"}],"replies":[{"embeddable":true,"href":"https:\/\/www.laguiadepamplona.com\/actualidad\/wp-json\/wp\/v2\/comments?post=39097"}],"version-history":[{"count":0,"href":"https:\/\/www.laguiadepamplona.com\/actualidad\/wp-json\/wp\/v2\/posts\/39097\/revisions"}],"wp:featuredmedia":[{"embeddable":true,"href":"https:\/\/www.laguiadepamplona.com\/actualidad\/wp-json\/wp\/v2\/media\/39098"}],"wp:attachment":[{"href":"https:\/\/www.laguiadepamplona.com\/actualidad\/wp-json\/wp\/v2\/media?parent=39097"}],"wp:term":[{"taxonomy":"category","embeddable":true,"href":"https:\/\/www.laguiadepamplona.com\/actualidad\/wp-json\/wp\/v2\/categories?post=39097"},{"taxonomy":"post_tag","embeddable":true,"href":"https:\/\/www.laguiadepamplona.com\/actualidad\/wp-json\/wp\/v2\/tags?post=39097"}],"curies":[{"name":"wp","href":"https:\/\/api.w.org\/{rel}","templated":true}]}}