{"id":39072,"date":"2022-02-28T13:17:44","date_gmt":"2022-02-28T11:17:44","guid":{"rendered":"https:\/\/www.laguiadepamplona.com\/actualidad\/?p=39072"},"modified":"2023-04-11T11:48:28","modified_gmt":"2023-04-11T09:48:28","slug":"civivox-iturrama-acoge-del-1-al-15-de-marzo-la-xxiv-quincena-de-teatro-universitario-con-ocho-representaciones-a-cargo-de-tres-companias-de-estudiantes","status":"publish","type":"post","link":"https:\/\/www.laguiadepamplona.com\/actualidad\/civivox-iturrama-acoge-del-1-al-15-de-marzo-la-xxiv-quincena-de-teatro-universitario-con-ocho-representaciones-a-cargo-de-tres-companias-de-estudiantes\/","title":{"rendered":"Civivox Iturrama acoge del 1 al 15 de marzo la XXIV Quincena de Teatro Universitario, con ocho representaciones a cargo de tres compa\u00f1\u00edas de estudiantes"},"content":{"rendered":"<h5>El ciclo est\u00e1 organizado por la red Civivox y Campus Creativo Museo Universidad de Navarra<\/h5>\n<p><!--more--><\/p>\n<p>Ocho obras de teatro y tres compa\u00f1\u00edas formadas por j\u00f3venes estudiantes de la Universidad de Navarra. Ma\u00f1ana martes comienza la XXIV Quincena de Teatro Universitario, un ciclo organizado por el Campus Creativo Museo Universidad de Navarra con la colaboraci\u00f3n de la red Civivox. Las obras son el resultado del trabajo del alumnado del Plan de Formaci\u00f3n Teatral del Museo, dirigido por Liuba Cid. Todas las obras se representan en Civivox Iturrama, a las 19 horas, con entrada cada una al precio de 1 euros, previa inscripci\u00f3n en el 010 \u2013 948 420 100, los propios centros civivox o la web <a href=\"http:\/\/www.pamplonaescultura.es\" target=\"_blank\" rel=\"noopener\">www.pamplonaescultura.es<\/a>.<\/p>\n<p>El ciclo se estrena con \u2018El atraco\u2019, de Jos\u00e9 Ram\u00f3n Oliva. La compa\u00f1\u00eda Atrezzo representa esta comedia sobre al atraco a un banco. \u00bfQu\u00e9 suceder\u00eda si una ma\u00f1ana fueras a tu banco de confianza a retirar el dinero de la pensi\u00f3n y apareciera un loco a mano armada? \u00bfSer\u00edas capaz de llegar a hacer locuras por amor? \u00bfHabr\u00edas abandonado tu ciudad para trabajar en ese banco? Y lo m\u00e1s importante&#8230; \u00bfTe hubieras hecho c\u00f3mplice del atracador tal y como lo hizo mi abuela?<br \/>\n<script async src=\"\/\/pagead2.googlesyndication.com\/pagead\/js\/adsbygoogle.js\"><\/script><br \/>\n<!-- Noticias La Guia de Pamplona --><br \/>\n<ins class=\"adsbygoogle\"\nstyle=\"display:block\"\ndata-ad-client=\"ca-pub-6943679897239327\"\ndata-ad-slot=\"7048180777\"\ndata-ad-format=\"auto\"><\/ins><br \/>\n<script>\n(adsbygoogle = window.adsbygoogle || []).push({});\n<\/script><\/p>\n<p>\u2018El patio de Sevilla\u2019 de los hermanos \u00c1lvarez-Quintero es la propuesta de Mutis por el Foro para el mi\u00e9rcoles 2 de marzo. Carmen se encuentra ante el dilema de perdonar o no a su antiguo novio, Pepe, que la dej\u00f3 sin ninguna explicaci\u00f3n. En medio de todo esto, diversos pretendientes de la joven intentar\u00e1n evitar el reencuentro de los amantes. Multitud de situaciones c\u00f3micas y personajes pintorescos en la mejor tradici\u00f3n del teatro de los hermanos Quintero.<\/p>\n<p>Mutis por el Foro se atreve con el cl\u00e1sico de \u00c1gata Christie \u2018Diez Negritos\u2019 el s\u00e1bado 3 de marzo. Diez personas sin relaci\u00f3n entre s\u00ed son reunidas en La isla del Negro, una misteriosa isla brit\u00e1nica donde est\u00e1 la lujosa mansi\u00f3n de un tal se\u00f1or Owen. Tras la primera cena y sin haber conocido a\u00fan al anfitri\u00f3n, los diez hu\u00e9spedes son acusados, por medio de una grabaci\u00f3n, de haber cometido cada uno un crimen en el pasado. A partir de ese momento, uno a uno van muriendo sin raz\u00f3n aparente y siguiendo la letra de una canci\u00f3n infantil.<br \/>\n<script async src=\"\/\/pagead2.googlesyndication.com\/pagead\/js\/adsbygoogle.js\"><\/script><br \/>\n<!-- Noticias La Guia de Pamplona --><br \/>\n<ins class=\"adsbygoogle\"\nstyle=\"display:block\"\ndata-ad-client=\"ca-pub-6943679897239327\"\ndata-ad-slot=\"7048180777\"\ndata-ad-format=\"auto\"><\/ins><br \/>\n<script>\n(adsbygoogle = window.adsbygoogle || []).push({});\n<\/script><\/p>\n<p><strong>Tres obras m\u00e1s para la segunda semana del ciclo<\/strong><\/p>\n<p>La segunda semana del ciclo ofrecer\u00e1 representaciones el jueves, el viernes y el s\u00e1bado. El 10 de marzo Mutis por el Foro llevar\u00e1 a escena \u2018La estanquera de Vallecas\u2019, de Jos\u00e9 Luis Alonso de Santos. Leandro, un alba\u00f1il en paro, y Tocho entran en un estanco del barrio madrile\u00f1o de Vallecas con intenci\u00f3n de perpetrar un atraco, pero la inesperada reacci\u00f3n de la se\u00f1ora Justa, la estanquera, se lo impide. El enfrentamiento entre los dos amigos y sus rehenes, la estanquera y su nieta \u00c1ngeles, va relaj\u00e1ndose, y una incipiente simpat\u00eda surge entre ellos.<\/p>\n<p>\u2018El apag\u00f3n\u2019, de Peter Shaffer, es la obra que representar\u00e1 el viernes 11 marzo la compa\u00f1\u00eda Atrezzo. Una comedia de enredo con una joven escultora que piensa que ser\u00e1 una noche extraordinaria para su carrera art\u00edstica, ya que una millonaria e influyente coleccionista de arte acudir\u00e1 a su estudio para ver sus esculturas. Adem\u00e1s, la madre de su novio tambi\u00e9n va a ir a conocerla.<\/p>\n<p>El s\u00e1bado 12 de marzo Chismarracos participar\u00e1 en la Quincena con \u2018El caso de la mujer asesinadita\u2019, basado en un texto de Miguel Mihura. Mercedes, una mujer de mediana edad y casada, se duerme leyendo una noche en la que se encuentra sola en casa, y tiene un sue\u00f1o con total apariencia de realidad. En este sue\u00f1o, su marido vive en su casa con su mecan\u00f3grafa, de la que se enamor\u00f3 y cas\u00f3 despu\u00e9s de asesinar a Mercedes. El alivio de Mercedes al descubrir que todo era un sue\u00f1o dura poco cuando su marido contrata a una mecan\u00f3grafa, la misma mujer del sue\u00f1o, y poco a poco los eventos del sue\u00f1o comienzan a hacerse realidad.<br \/>\n<script async src=\"\/\/pagead2.googlesyndication.com\/pagead\/js\/adsbygoogle.js\"><\/script><br \/>\n<!-- Noticias La Guia de Pamplona --><br \/>\n<ins class=\"adsbygoogle\"\nstyle=\"display:block\"\ndata-ad-client=\"ca-pub-6943679897239327\"\ndata-ad-slot=\"7048180777\"\ndata-ad-format=\"auto\"><\/ins><br \/>\n<script>\n(adsbygoogle = window.adsbygoogle || []).push({});\n<\/script><\/p>\n<p><strong>Tercera semana con obras escritas por mujeres<\/strong><\/p>\n<p>Mutis por el Foro protagonizar\u00e1 las dos \u00faltimas representaciones de esta Quincena de Teatro Universitario. El lunes 14 de marzo se representar\u00e1 \u2018La sombra de Rebeca\u2019, escrita por Daphne du Maurier. Tras la tr\u00e1gica muerte de Rebeca, su viudo, Maxim de Winter, decide reconstruir su vida junto a una sencilla muchacha. Juntos regresan a Manderly, donde la nueva se\u00f1ora de Winter descubrir\u00e1 que hasta el m\u00e1s m\u00ednimo detalle revela la presencia de la difunta y que su sombra contin\u00faa ejerciendo su dominio a trav\u00e9s de cuantos la rodean. Sin embargo, un inesperado golpe del destino pondr\u00e1 fin al asedio del pasado.<\/p>\n<p>Cerrar\u00e1 el ciclo \u2018Las cartas de las mujercitas\u2019, basada en la novela de Lousia May Alcott. Es la historia de cuatro hermanas que viven en Boston durante la Guerra Civil. A trav\u00e9s de los a\u00f1os se enamoran, crecen y viven sucesos apasionantes.<\/p>\n","protected":false},"excerpt":{"rendered":"<p>El ciclo est\u00e1 organizado por la red Civivox y Campus Creativo Museo Universidad de Navarra<\/p>\n","protected":false},"author":1,"featured_media":28184,"comment_status":"open","ping_status":"closed","sticky":false,"template":"","format":"standard","meta":{"footnotes":""},"categories":[2],"tags":[],"class_list":["post-39072","post","type-post","status-publish","format-standard","has-post-thumbnail","hentry","category-ayuntamiento-pamplona"],"yoast_head":"<!-- This site is optimized with the Yoast SEO plugin v27.3 - https:\/\/yoast.com\/product\/yoast-seo-wordpress\/ -->\n<title>Civivox Iturrama acoge del 1 al 15 de marzo la XXIV Quincena de Teatro Universitario, con ocho representaciones a cargo de tres compa\u00f1\u00edas de estudiantes<\/title>\n<meta name=\"description\" content=\"El ciclo est\u00e1 organizado por la red Civivox y Campus Creativo Museo Universidad de Navarra\u00a0\" \/>\n<meta name=\"robots\" content=\"index, follow, max-snippet:-1, max-image-preview:large, max-video-preview:-1\" \/>\n<link rel=\"canonical\" href=\"https:\/\/www.laguiadepamplona.com\/actualidad\/civivox-iturrama-acoge-del-1-al-15-de-marzo-la-xxiv-quincena-de-teatro-universitario-con-ocho-representaciones-a-cargo-de-tres-companias-de-estudiantes\/\" \/>\n<meta property=\"og:locale\" content=\"es_ES\" \/>\n<meta property=\"og:type\" content=\"article\" \/>\n<meta property=\"og:title\" content=\"Civivox Iturrama acoge del 1 al 15 de marzo la XXIV Quincena de Teatro Universitario, con ocho representaciones a cargo de tres compa\u00f1\u00edas de estudiantes\" \/>\n<meta property=\"og:description\" content=\"El ciclo est\u00e1 organizado por la red Civivox y Campus Creativo Museo Universidad de Navarra\u00a0\" \/>\n<meta property=\"og:url\" content=\"https:\/\/www.laguiadepamplona.com\/actualidad\/civivox-iturrama-acoge-del-1-al-15-de-marzo-la-xxiv-quincena-de-teatro-universitario-con-ocho-representaciones-a-cargo-de-tres-companias-de-estudiantes\/\" \/>\n<meta property=\"og:site_name\" content=\"La Gu\u00eda de Pamplona\" \/>\n<meta property=\"article:publisher\" content=\"https:\/\/www.facebook.com\/laguiadepamplonacom-133175176762273\/?ref=hl\" \/>\n<meta property=\"article:published_time\" content=\"2022-02-28T11:17:44+00:00\" \/>\n<meta property=\"article:modified_time\" content=\"2023-04-11T09:48:28+00:00\" \/>\n<meta property=\"og:image\" content=\"https:\/\/www.laguiadepamplona.com\/actualidad\/wp-content\/uploads\/2020\/02\/civivox-iturrama-2020.jpeg\" \/>\n\t<meta property=\"og:image:width\" content=\"1920\" \/>\n\t<meta property=\"og:image:height\" content=\"1187\" \/>\n\t<meta property=\"og:image:type\" content=\"image\/jpeg\" \/>\n<meta name=\"author\" content=\"La Gu\u00eda de Pamplona\" \/>\n<meta name=\"twitter:card\" content=\"summary_large_image\" \/>\n<meta name=\"twitter:creator\" content=\"@LaGuiadPamplona\" \/>\n<meta name=\"twitter:site\" content=\"@LaGuiadPamplona\" \/>\n<meta name=\"twitter:label1\" content=\"Escrito por\" \/>\n\t<meta name=\"twitter:data1\" content=\"La Gu\u00eda de Pamplona\" \/>\n\t<meta name=\"twitter:label2\" content=\"Tiempo de lectura\" \/>\n\t<meta name=\"twitter:data2\" content=\"4 minutos\" \/>\n<script type=\"application\/ld+json\" class=\"yoast-schema-graph\">{\"@context\":\"https:\\\/\\\/schema.org\",\"@graph\":[{\"@type\":\"Article\",\"@id\":\"https:\\\/\\\/www.laguiadepamplona.com\\\/actualidad\\\/civivox-iturrama-acoge-del-1-al-15-de-marzo-la-xxiv-quincena-de-teatro-universitario-con-ocho-representaciones-a-cargo-de-tres-companias-de-estudiantes\\\/#article\",\"isPartOf\":{\"@id\":\"https:\\\/\\\/www.laguiadepamplona.com\\\/actualidad\\\/civivox-iturrama-acoge-del-1-al-15-de-marzo-la-xxiv-quincena-de-teatro-universitario-con-ocho-representaciones-a-cargo-de-tres-companias-de-estudiantes\\\/\"},\"author\":{\"name\":\"La Gu\u00eda de Pamplona\",\"@id\":\"https:\\\/\\\/www.laguiadepamplona.com\\\/actualidad\\\/#\\\/schema\\\/person\\\/efe887376f0213d4657c93adc50b1fdb\"},\"headline\":\"Civivox Iturrama acoge del 1 al 15 de marzo la XXIV Quincena de Teatro Universitario, con ocho representaciones a cargo de tres compa\u00f1\u00edas de estudiantes\",\"datePublished\":\"2022-02-28T11:17:44+00:00\",\"dateModified\":\"2023-04-11T09:48:28+00:00\",\"mainEntityOfPage\":{\"@id\":\"https:\\\/\\\/www.laguiadepamplona.com\\\/actualidad\\\/civivox-iturrama-acoge-del-1-al-15-de-marzo-la-xxiv-quincena-de-teatro-universitario-con-ocho-representaciones-a-cargo-de-tres-companias-de-estudiantes\\\/\"},\"wordCount\":883,\"commentCount\":0,\"publisher\":{\"@id\":\"https:\\\/\\\/www.laguiadepamplona.com\\\/actualidad\\\/#organization\"},\"image\":{\"@id\":\"https:\\\/\\\/www.laguiadepamplona.com\\\/actualidad\\\/civivox-iturrama-acoge-del-1-al-15-de-marzo-la-xxiv-quincena-de-teatro-universitario-con-ocho-representaciones-a-cargo-de-tres-companias-de-estudiantes\\\/#primaryimage\"},\"thumbnailUrl\":\"https:\\\/\\\/www.laguiadepamplona.com\\\/actualidad\\\/wp-content\\\/uploads\\\/2020\\\/02\\\/civivox-iturrama-2020.jpeg\",\"articleSection\":[\"Ayto Pamplona\"],\"inLanguage\":\"es\",\"potentialAction\":[{\"@type\":\"CommentAction\",\"name\":\"Comment\",\"target\":[\"https:\\\/\\\/www.laguiadepamplona.com\\\/actualidad\\\/civivox-iturrama-acoge-del-1-al-15-de-marzo-la-xxiv-quincena-de-teatro-universitario-con-ocho-representaciones-a-cargo-de-tres-companias-de-estudiantes\\\/#respond\"]}]},{\"@type\":\"WebPage\",\"@id\":\"https:\\\/\\\/www.laguiadepamplona.com\\\/actualidad\\\/civivox-iturrama-acoge-del-1-al-15-de-marzo-la-xxiv-quincena-de-teatro-universitario-con-ocho-representaciones-a-cargo-de-tres-companias-de-estudiantes\\\/\",\"url\":\"https:\\\/\\\/www.laguiadepamplona.com\\\/actualidad\\\/civivox-iturrama-acoge-del-1-al-15-de-marzo-la-xxiv-quincena-de-teatro-universitario-con-ocho-representaciones-a-cargo-de-tres-companias-de-estudiantes\\\/\",\"name\":\"Civivox Iturrama acoge del 1 al 15 de marzo la XXIV Quincena de Teatro Universitario, con ocho representaciones a cargo de tres compa\u00f1\u00edas de estudiantes\",\"isPartOf\":{\"@id\":\"https:\\\/\\\/www.laguiadepamplona.com\\\/actualidad\\\/#website\"},\"primaryImageOfPage\":{\"@id\":\"https:\\\/\\\/www.laguiadepamplona.com\\\/actualidad\\\/civivox-iturrama-acoge-del-1-al-15-de-marzo-la-xxiv-quincena-de-teatro-universitario-con-ocho-representaciones-a-cargo-de-tres-companias-de-estudiantes\\\/#primaryimage\"},\"image\":{\"@id\":\"https:\\\/\\\/www.laguiadepamplona.com\\\/actualidad\\\/civivox-iturrama-acoge-del-1-al-15-de-marzo-la-xxiv-quincena-de-teatro-universitario-con-ocho-representaciones-a-cargo-de-tres-companias-de-estudiantes\\\/#primaryimage\"},\"thumbnailUrl\":\"https:\\\/\\\/www.laguiadepamplona.com\\\/actualidad\\\/wp-content\\\/uploads\\\/2020\\\/02\\\/civivox-iturrama-2020.jpeg\",\"datePublished\":\"2022-02-28T11:17:44+00:00\",\"dateModified\":\"2023-04-11T09:48:28+00:00\",\"description\":\"El ciclo est\u00e1 organizado por la red Civivox y Campus Creativo Museo Universidad de Navarra\u00a0\",\"breadcrumb\":{\"@id\":\"https:\\\/\\\/www.laguiadepamplona.com\\\/actualidad\\\/civivox-iturrama-acoge-del-1-al-15-de-marzo-la-xxiv-quincena-de-teatro-universitario-con-ocho-representaciones-a-cargo-de-tres-companias-de-estudiantes\\\/#breadcrumb\"},\"inLanguage\":\"es\",\"potentialAction\":[{\"@type\":\"ReadAction\",\"target\":[\"https:\\\/\\\/www.laguiadepamplona.com\\\/actualidad\\\/civivox-iturrama-acoge-del-1-al-15-de-marzo-la-xxiv-quincena-de-teatro-universitario-con-ocho-representaciones-a-cargo-de-tres-companias-de-estudiantes\\\/\"]}]},{\"@type\":\"ImageObject\",\"inLanguage\":\"es\",\"@id\":\"https:\\\/\\\/www.laguiadepamplona.com\\\/actualidad\\\/civivox-iturrama-acoge-del-1-al-15-de-marzo-la-xxiv-quincena-de-teatro-universitario-con-ocho-representaciones-a-cargo-de-tres-companias-de-estudiantes\\\/#primaryimage\",\"url\":\"https:\\\/\\\/www.laguiadepamplona.com\\\/actualidad\\\/wp-content\\\/uploads\\\/2020\\\/02\\\/civivox-iturrama-2020.jpeg\",\"contentUrl\":\"https:\\\/\\\/www.laguiadepamplona.com\\\/actualidad\\\/wp-content\\\/uploads\\\/2020\\\/02\\\/civivox-iturrama-2020.jpeg\",\"width\":1920,\"height\":1187,\"caption\":\"dav\"},{\"@type\":\"BreadcrumbList\",\"@id\":\"https:\\\/\\\/www.laguiadepamplona.com\\\/actualidad\\\/civivox-iturrama-acoge-del-1-al-15-de-marzo-la-xxiv-quincena-de-teatro-universitario-con-ocho-representaciones-a-cargo-de-tres-companias-de-estudiantes\\\/#breadcrumb\",\"itemListElement\":[{\"@type\":\"ListItem\",\"position\":1,\"name\":\"Portada\",\"item\":\"https:\\\/\\\/www.laguiadepamplona.com\\\/actualidad\\\/\"},{\"@type\":\"ListItem\",\"position\":2,\"name\":\"Civivox Iturrama acoge del 1 al 15 de marzo la XXIV Quincena de Teatro Universitario, con ocho representaciones a cargo de tres compa\u00f1\u00edas de estudiantes\"}]},{\"@type\":\"WebSite\",\"@id\":\"https:\\\/\\\/www.laguiadepamplona.com\\\/actualidad\\\/#website\",\"url\":\"https:\\\/\\\/www.laguiadepamplona.com\\\/actualidad\\\/\",\"name\":\"La gu\u00eda de Pamplona\",\"description\":\"Noticias de Pamplona\",\"publisher\":{\"@id\":\"https:\\\/\\\/www.laguiadepamplona.com\\\/actualidad\\\/#organization\"},\"potentialAction\":[{\"@type\":\"SearchAction\",\"target\":{\"@type\":\"EntryPoint\",\"urlTemplate\":\"https:\\\/\\\/www.laguiadepamplona.com\\\/actualidad\\\/?s={search_term_string}\"},\"query-input\":{\"@type\":\"PropertyValueSpecification\",\"valueRequired\":true,\"valueName\":\"search_term_string\"}}],\"inLanguage\":\"es\"},{\"@type\":\"Organization\",\"@id\":\"https:\\\/\\\/www.laguiadepamplona.com\\\/actualidad\\\/#organization\",\"name\":\"La Gu\u00eda de Pamplona \\\/ Noticias\",\"url\":\"https:\\\/\\\/www.laguiadepamplona.com\\\/actualidad\\\/\",\"logo\":{\"@type\":\"ImageObject\",\"inLanguage\":\"es\",\"@id\":\"https:\\\/\\\/www.laguiadepamplona.com\\\/actualidad\\\/#\\\/schema\\\/logo\\\/image\\\/\",\"url\":\"https:\\\/\\\/www.laguiadepamplona.com\\\/actualidad\\\/wp-content\\\/uploads\\\/2018\\\/11\\\/logo-laguiadepamplona18-web1.png\",\"contentUrl\":\"https:\\\/\\\/www.laguiadepamplona.com\\\/actualidad\\\/wp-content\\\/uploads\\\/2018\\\/11\\\/logo-laguiadepamplona18-web1.png\",\"width\":600,\"height\":196,\"caption\":\"La Gu\u00eda de Pamplona \\\/ Noticias\"},\"image\":{\"@id\":\"https:\\\/\\\/www.laguiadepamplona.com\\\/actualidad\\\/#\\\/schema\\\/logo\\\/image\\\/\"},\"sameAs\":[\"https:\\\/\\\/www.facebook.com\\\/laguiadepamplonacom-133175176762273\\\/?ref=hl\",\"https:\\\/\\\/x.com\\\/LaGuiadPamplona\",\"https:\\\/\\\/www.instagram.com\\\/la_guia_de_pamplona\\\/\",\"https:\\\/\\\/www.youtube.com\\\/user\\\/laguiadepamplona\"]},{\"@type\":\"Person\",\"@id\":\"https:\\\/\\\/www.laguiadepamplona.com\\\/actualidad\\\/#\\\/schema\\\/person\\\/efe887376f0213d4657c93adc50b1fdb\",\"name\":\"La Gu\u00eda de Pamplona\",\"image\":{\"@type\":\"ImageObject\",\"inLanguage\":\"es\",\"@id\":\"https:\\\/\\\/secure.gravatar.com\\\/avatar\\\/b6992f131dc8d30ab0dff15446e9d346d9dbd95992de0fef795073f5ea83a81c?s=96&d=mm&r=g\",\"url\":\"https:\\\/\\\/secure.gravatar.com\\\/avatar\\\/b6992f131dc8d30ab0dff15446e9d346d9dbd95992de0fef795073f5ea83a81c?s=96&d=mm&r=g\",\"contentUrl\":\"https:\\\/\\\/secure.gravatar.com\\\/avatar\\\/b6992f131dc8d30ab0dff15446e9d346d9dbd95992de0fef795073f5ea83a81c?s=96&d=mm&r=g\",\"caption\":\"La Gu\u00eda de Pamplona\"}}]}<\/script>\n<!-- \/ Yoast SEO plugin. -->","yoast_head_json":{"title":"Civivox Iturrama acoge del 1 al 15 de marzo la XXIV Quincena de Teatro Universitario, con ocho representaciones a cargo de tres compa\u00f1\u00edas de estudiantes","description":"El ciclo est\u00e1 organizado por la red Civivox y Campus Creativo Museo Universidad de Navarra\u00a0","robots":{"index":"index","follow":"follow","max-snippet":"max-snippet:-1","max-image-preview":"max-image-preview:large","max-video-preview":"max-video-preview:-1"},"canonical":"https:\/\/www.laguiadepamplona.com\/actualidad\/civivox-iturrama-acoge-del-1-al-15-de-marzo-la-xxiv-quincena-de-teatro-universitario-con-ocho-representaciones-a-cargo-de-tres-companias-de-estudiantes\/","og_locale":"es_ES","og_type":"article","og_title":"Civivox Iturrama acoge del 1 al 15 de marzo la XXIV Quincena de Teatro Universitario, con ocho representaciones a cargo de tres compa\u00f1\u00edas de estudiantes","og_description":"El ciclo est\u00e1 organizado por la red Civivox y Campus Creativo Museo Universidad de Navarra\u00a0","og_url":"https:\/\/www.laguiadepamplona.com\/actualidad\/civivox-iturrama-acoge-del-1-al-15-de-marzo-la-xxiv-quincena-de-teatro-universitario-con-ocho-representaciones-a-cargo-de-tres-companias-de-estudiantes\/","og_site_name":"La Gu\u00eda de Pamplona","article_publisher":"https:\/\/www.facebook.com\/laguiadepamplonacom-133175176762273\/?ref=hl","article_published_time":"2022-02-28T11:17:44+00:00","article_modified_time":"2023-04-11T09:48:28+00:00","og_image":[{"width":1920,"height":1187,"url":"https:\/\/www.laguiadepamplona.com\/actualidad\/wp-content\/uploads\/2020\/02\/civivox-iturrama-2020.jpeg","type":"image\/jpeg"}],"author":"La Gu\u00eda de Pamplona","twitter_card":"summary_large_image","twitter_creator":"@LaGuiadPamplona","twitter_site":"@LaGuiadPamplona","twitter_misc":{"Escrito por":"La Gu\u00eda de Pamplona","Tiempo de lectura":"4 minutos"},"schema":{"@context":"https:\/\/schema.org","@graph":[{"@type":"Article","@id":"https:\/\/www.laguiadepamplona.com\/actualidad\/civivox-iturrama-acoge-del-1-al-15-de-marzo-la-xxiv-quincena-de-teatro-universitario-con-ocho-representaciones-a-cargo-de-tres-companias-de-estudiantes\/#article","isPartOf":{"@id":"https:\/\/www.laguiadepamplona.com\/actualidad\/civivox-iturrama-acoge-del-1-al-15-de-marzo-la-xxiv-quincena-de-teatro-universitario-con-ocho-representaciones-a-cargo-de-tres-companias-de-estudiantes\/"},"author":{"name":"La Gu\u00eda de Pamplona","@id":"https:\/\/www.laguiadepamplona.com\/actualidad\/#\/schema\/person\/efe887376f0213d4657c93adc50b1fdb"},"headline":"Civivox Iturrama acoge del 1 al 15 de marzo la XXIV Quincena de Teatro Universitario, con ocho representaciones a cargo de tres compa\u00f1\u00edas de estudiantes","datePublished":"2022-02-28T11:17:44+00:00","dateModified":"2023-04-11T09:48:28+00:00","mainEntityOfPage":{"@id":"https:\/\/www.laguiadepamplona.com\/actualidad\/civivox-iturrama-acoge-del-1-al-15-de-marzo-la-xxiv-quincena-de-teatro-universitario-con-ocho-representaciones-a-cargo-de-tres-companias-de-estudiantes\/"},"wordCount":883,"commentCount":0,"publisher":{"@id":"https:\/\/www.laguiadepamplona.com\/actualidad\/#organization"},"image":{"@id":"https:\/\/www.laguiadepamplona.com\/actualidad\/civivox-iturrama-acoge-del-1-al-15-de-marzo-la-xxiv-quincena-de-teatro-universitario-con-ocho-representaciones-a-cargo-de-tres-companias-de-estudiantes\/#primaryimage"},"thumbnailUrl":"https:\/\/www.laguiadepamplona.com\/actualidad\/wp-content\/uploads\/2020\/02\/civivox-iturrama-2020.jpeg","articleSection":["Ayto Pamplona"],"inLanguage":"es","potentialAction":[{"@type":"CommentAction","name":"Comment","target":["https:\/\/www.laguiadepamplona.com\/actualidad\/civivox-iturrama-acoge-del-1-al-15-de-marzo-la-xxiv-quincena-de-teatro-universitario-con-ocho-representaciones-a-cargo-de-tres-companias-de-estudiantes\/#respond"]}]},{"@type":"WebPage","@id":"https:\/\/www.laguiadepamplona.com\/actualidad\/civivox-iturrama-acoge-del-1-al-15-de-marzo-la-xxiv-quincena-de-teatro-universitario-con-ocho-representaciones-a-cargo-de-tres-companias-de-estudiantes\/","url":"https:\/\/www.laguiadepamplona.com\/actualidad\/civivox-iturrama-acoge-del-1-al-15-de-marzo-la-xxiv-quincena-de-teatro-universitario-con-ocho-representaciones-a-cargo-de-tres-companias-de-estudiantes\/","name":"Civivox Iturrama acoge del 1 al 15 de marzo la XXIV Quincena de Teatro Universitario, con ocho representaciones a cargo de tres compa\u00f1\u00edas de estudiantes","isPartOf":{"@id":"https:\/\/www.laguiadepamplona.com\/actualidad\/#website"},"primaryImageOfPage":{"@id":"https:\/\/www.laguiadepamplona.com\/actualidad\/civivox-iturrama-acoge-del-1-al-15-de-marzo-la-xxiv-quincena-de-teatro-universitario-con-ocho-representaciones-a-cargo-de-tres-companias-de-estudiantes\/#primaryimage"},"image":{"@id":"https:\/\/www.laguiadepamplona.com\/actualidad\/civivox-iturrama-acoge-del-1-al-15-de-marzo-la-xxiv-quincena-de-teatro-universitario-con-ocho-representaciones-a-cargo-de-tres-companias-de-estudiantes\/#primaryimage"},"thumbnailUrl":"https:\/\/www.laguiadepamplona.com\/actualidad\/wp-content\/uploads\/2020\/02\/civivox-iturrama-2020.jpeg","datePublished":"2022-02-28T11:17:44+00:00","dateModified":"2023-04-11T09:48:28+00:00","description":"El ciclo est\u00e1 organizado por la red Civivox y Campus Creativo Museo Universidad de Navarra\u00a0","breadcrumb":{"@id":"https:\/\/www.laguiadepamplona.com\/actualidad\/civivox-iturrama-acoge-del-1-al-15-de-marzo-la-xxiv-quincena-de-teatro-universitario-con-ocho-representaciones-a-cargo-de-tres-companias-de-estudiantes\/#breadcrumb"},"inLanguage":"es","potentialAction":[{"@type":"ReadAction","target":["https:\/\/www.laguiadepamplona.com\/actualidad\/civivox-iturrama-acoge-del-1-al-15-de-marzo-la-xxiv-quincena-de-teatro-universitario-con-ocho-representaciones-a-cargo-de-tres-companias-de-estudiantes\/"]}]},{"@type":"ImageObject","inLanguage":"es","@id":"https:\/\/www.laguiadepamplona.com\/actualidad\/civivox-iturrama-acoge-del-1-al-15-de-marzo-la-xxiv-quincena-de-teatro-universitario-con-ocho-representaciones-a-cargo-de-tres-companias-de-estudiantes\/#primaryimage","url":"https:\/\/www.laguiadepamplona.com\/actualidad\/wp-content\/uploads\/2020\/02\/civivox-iturrama-2020.jpeg","contentUrl":"https:\/\/www.laguiadepamplona.com\/actualidad\/wp-content\/uploads\/2020\/02\/civivox-iturrama-2020.jpeg","width":1920,"height":1187,"caption":"dav"},{"@type":"BreadcrumbList","@id":"https:\/\/www.laguiadepamplona.com\/actualidad\/civivox-iturrama-acoge-del-1-al-15-de-marzo-la-xxiv-quincena-de-teatro-universitario-con-ocho-representaciones-a-cargo-de-tres-companias-de-estudiantes\/#breadcrumb","itemListElement":[{"@type":"ListItem","position":1,"name":"Portada","item":"https:\/\/www.laguiadepamplona.com\/actualidad\/"},{"@type":"ListItem","position":2,"name":"Civivox Iturrama acoge del 1 al 15 de marzo la XXIV Quincena de Teatro Universitario, con ocho representaciones a cargo de tres compa\u00f1\u00edas de estudiantes"}]},{"@type":"WebSite","@id":"https:\/\/www.laguiadepamplona.com\/actualidad\/#website","url":"https:\/\/www.laguiadepamplona.com\/actualidad\/","name":"La gu\u00eda de Pamplona","description":"Noticias de Pamplona","publisher":{"@id":"https:\/\/www.laguiadepamplona.com\/actualidad\/#organization"},"potentialAction":[{"@type":"SearchAction","target":{"@type":"EntryPoint","urlTemplate":"https:\/\/www.laguiadepamplona.com\/actualidad\/?s={search_term_string}"},"query-input":{"@type":"PropertyValueSpecification","valueRequired":true,"valueName":"search_term_string"}}],"inLanguage":"es"},{"@type":"Organization","@id":"https:\/\/www.laguiadepamplona.com\/actualidad\/#organization","name":"La Gu\u00eda de Pamplona \/ Noticias","url":"https:\/\/www.laguiadepamplona.com\/actualidad\/","logo":{"@type":"ImageObject","inLanguage":"es","@id":"https:\/\/www.laguiadepamplona.com\/actualidad\/#\/schema\/logo\/image\/","url":"https:\/\/www.laguiadepamplona.com\/actualidad\/wp-content\/uploads\/2018\/11\/logo-laguiadepamplona18-web1.png","contentUrl":"https:\/\/www.laguiadepamplona.com\/actualidad\/wp-content\/uploads\/2018\/11\/logo-laguiadepamplona18-web1.png","width":600,"height":196,"caption":"La Gu\u00eda de Pamplona \/ Noticias"},"image":{"@id":"https:\/\/www.laguiadepamplona.com\/actualidad\/#\/schema\/logo\/image\/"},"sameAs":["https:\/\/www.facebook.com\/laguiadepamplonacom-133175176762273\/?ref=hl","https:\/\/x.com\/LaGuiadPamplona","https:\/\/www.instagram.com\/la_guia_de_pamplona\/","https:\/\/www.youtube.com\/user\/laguiadepamplona"]},{"@type":"Person","@id":"https:\/\/www.laguiadepamplona.com\/actualidad\/#\/schema\/person\/efe887376f0213d4657c93adc50b1fdb","name":"La Gu\u00eda de Pamplona","image":{"@type":"ImageObject","inLanguage":"es","@id":"https:\/\/secure.gravatar.com\/avatar\/b6992f131dc8d30ab0dff15446e9d346d9dbd95992de0fef795073f5ea83a81c?s=96&d=mm&r=g","url":"https:\/\/secure.gravatar.com\/avatar\/b6992f131dc8d30ab0dff15446e9d346d9dbd95992de0fef795073f5ea83a81c?s=96&d=mm&r=g","contentUrl":"https:\/\/secure.gravatar.com\/avatar\/b6992f131dc8d30ab0dff15446e9d346d9dbd95992de0fef795073f5ea83a81c?s=96&d=mm&r=g","caption":"La Gu\u00eda de Pamplona"}}]}},"post_mailing_queue_ids":[],"_links":{"self":[{"href":"https:\/\/www.laguiadepamplona.com\/actualidad\/wp-json\/wp\/v2\/posts\/39072","targetHints":{"allow":["GET"]}}],"collection":[{"href":"https:\/\/www.laguiadepamplona.com\/actualidad\/wp-json\/wp\/v2\/posts"}],"about":[{"href":"https:\/\/www.laguiadepamplona.com\/actualidad\/wp-json\/wp\/v2\/types\/post"}],"author":[{"embeddable":true,"href":"https:\/\/www.laguiadepamplona.com\/actualidad\/wp-json\/wp\/v2\/users\/1"}],"replies":[{"embeddable":true,"href":"https:\/\/www.laguiadepamplona.com\/actualidad\/wp-json\/wp\/v2\/comments?post=39072"}],"version-history":[{"count":0,"href":"https:\/\/www.laguiadepamplona.com\/actualidad\/wp-json\/wp\/v2\/posts\/39072\/revisions"}],"wp:featuredmedia":[{"embeddable":true,"href":"https:\/\/www.laguiadepamplona.com\/actualidad\/wp-json\/wp\/v2\/media\/28184"}],"wp:attachment":[{"href":"https:\/\/www.laguiadepamplona.com\/actualidad\/wp-json\/wp\/v2\/media?parent=39072"}],"wp:term":[{"taxonomy":"category","embeddable":true,"href":"https:\/\/www.laguiadepamplona.com\/actualidad\/wp-json\/wp\/v2\/categories?post=39072"},{"taxonomy":"post_tag","embeddable":true,"href":"https:\/\/www.laguiadepamplona.com\/actualidad\/wp-json\/wp\/v2\/tags?post=39072"}],"curies":[{"name":"wp","href":"https:\/\/api.w.org\/{rel}","templated":true}]}}