{"id":39069,"date":"2022-02-28T13:16:04","date_gmt":"2022-02-28T11:16:04","guid":{"rendered":"https:\/\/www.laguiadepamplona.com\/actualidad\/?p=39069"},"modified":"2023-04-11T11:48:28","modified_gmt":"2023-04-11T09:48:28","slug":"tercer-ano-de-cine-vose-para-jovenes-empadronados-preparate-para-el-futuro","status":"publish","type":"post","link":"https:\/\/www.laguiadepamplona.com\/actualidad\/tercer-ano-de-cine-vose-para-jovenes-empadronados-preparate-para-el-futuro\/","title":{"rendered":"Tercer a\u00f1o de cine VOSE para j\u00f3venes empadronados: \u2018Prep\u00e1rate para el futuro\u2019"},"content":{"rendered":"<h5>El martes 1 de marzo comenzar\u00e1n a repartirse 2001 vales a 1 euro, para canjearse en las salas que la exhibidora Golem tiene en Pamplona<\/h5>\n<p><!--more--><\/p>\n<p>Por tercer a\u00f1o consecutivo el Ayuntamiento de Pamplona y cines GOLEM colaboran en una iniciativa que permitir\u00e1 a los j\u00f3venes asistir a sesiones de cine en versi\u00f3n original subtituladas (VOSE) pagando solo un euro del precio de la entrada. A partir de este martes, 1 de marzo, desde las 17 horas, las personas que tenga de 14 a 30 a\u00f1os y est\u00e9n empadronadas o sean residentes en Pamplona podr\u00e1n empezar a recoger los vales de la campa\u00f1a \u2018Prep\u00e1rate para el futuro\u2019.<br \/>\n<script async src=\"\/\/pagead2.googlesyndication.com\/pagead\/js\/adsbygoogle.js\"><\/script><br \/>\n<!-- Noticias La Guia de Pamplona --><br \/>\n<ins class=\"adsbygoogle\"\nstyle=\"display:block\"\ndata-ad-client=\"ca-pub-6943679897239327\"\ndata-ad-slot=\"7048180777\"\ndata-ad-format=\"auto\"><\/ins><br \/>\n<script>\n(adsbygoogle = window.adsbygoogle || []).push({});\n<\/script><\/p>\n<p>Como en ocasiones anteriores hay disponibles 2001 entradas al precio de un euro y cada persona podr\u00e1 retirar un m\u00e1ximo de cinco. Luego esos tiques se podr\u00e1n canjear en las taquillas de las salas de cine GOLEM Yamaguchi y GOLEM Baiona para cualquier sesi\u00f3n y pel\u00edcula que se exhiba en VOSE hasta el 30 de noviembre. La recogida deber\u00e1 hacerse de forma personal, aunque excepcionalmente se podr\u00e1n retirar invitaciones para otras personas cuando haya una causa justificada (convalecencia, trabajo, etc.), presentando el DNI del joven que solicite.<\/p>\n<p>Esta campa\u00f1a, cuyo t\u00edtulo remite a la pel\u00edcula de Stanley Kubrick y a la novela de ciencia ficci\u00f3n de Arthur C. Clarke, se basa en el objetivo de fomentar la competencia ling\u00fc\u00edstica en un marco especialmente interesante para la gente joven. La subvenci\u00f3n de sesiones de cine en versi\u00f3n original subtitulado se viene a sumar a la oferta de cine econ\u00f3micamente asequible para la juventud que realiza el Ayuntamiento desde 2017, tanto en Navidad, como a trav\u00e9s del programa veraniego \u2018Chancletas\u2019, que siempre agota existencias.<br \/>\n<script async src=\"\/\/pagead2.googlesyndication.com\/pagead\/js\/adsbygoogle.js\"><\/script><br \/>\n<!-- Noticias La Guia de Pamplona --><br \/>\n<ins class=\"adsbygoogle\"\nstyle=\"display:block\"\ndata-ad-client=\"ca-pub-6943679897239327\"\ndata-ad-slot=\"7048180777\"\ndata-ad-format=\"auto\"><\/ins><br \/>\n<script>\n(adsbygoogle = window.adsbygoogle || []).push({});\n<\/script><\/p>\n<p><strong>Ocio formativo que mejora la empleabilidad<\/strong><\/p>\n<p>Seg\u00fan la \u00faltima Encuesta de h\u00e1bitos y pr\u00e1cticas culturales en Espa\u00f1a realizada por el del Ministerio de Cultura y Deporte, el cine es una opci\u00f3n de ocio que tienen mucha incidencia entre la poblaci\u00f3n joven. De hecho, precisamente la franja de edad entre 15 y 35 a\u00f1os es la que m\u00e1s reconoce asistir a sesiones de cine. Seg\u00fan estos datos, dicen haber ido al cine en los \u00faltimos 3 meses 71 de cada 100 j\u00f3venes de entre 20 y 24 a\u00f1os y el 68,7% de quienes tienen entre 15 y 19 a\u00f1os. A partir de los 35 a\u00f1os ese porcentaje ya nunca supera el 50% en las dem\u00e1s franjas de edad. En Navarra, la media del conjunto de la poblaci\u00f3n se sit\u00faa en el 44%.<\/p>\n<p>Por otra parte, el cine en versi\u00f3n original siempre ha sido una f\u00f3rmula interesante para el aprendizaje de otras lenguas, algo que encajar\u00eda con la recomendaci\u00f3n del Consejo de Europa de mayo de 2018 en la que se incid\u00eda en que las iniciativas para mejorar las competencias clave en la educaci\u00f3n escolar deb\u00edan incluir el establecer una mejor conexi\u00f3n entre la formaci\u00f3n acad\u00e9mica y la experiencia de la vida real en el \u00e1mbito del aprendizaje de idiomas. M\u00e1s all\u00e1 de contribuir al aprendizaje, esta capacitaci\u00f3n contribuye a la empleabilidad de un sector de adultos j\u00f3venes especialmente castigados por el desempleo.<br \/>\n<script async src=\"\/\/pagead2.googlesyndication.com\/pagead\/js\/adsbygoogle.js\"><\/script><br \/>\n<!-- Noticias La Guia de Pamplona --><br \/>\n<ins class=\"adsbygoogle\"\nstyle=\"display:block\"\ndata-ad-client=\"ca-pub-6943679897239327\"\ndata-ad-slot=\"7048180777\"\ndata-ad-format=\"auto\"><\/ins><br \/>\n<script>\n(adsbygoogle = window.adsbygoogle || []).push({});\n<\/script><\/p>\n<p>La misma recomendaci\u00f3n europea recalcaba en su documento que las capacidades ling\u00fc\u00edsticas en idiomas extranjeros proporcionan ventajas competitivas tanto para las empresas como para los demandantes de empleo por lo que, afirmaba, \u201cexiste una correlaci\u00f3n positiva entre las capacidades ling\u00fc\u00edsticas en idiomas extranjeros y la probabilidad de obtener un empleo\u201d.<\/p>\n","protected":false},"excerpt":{"rendered":"<p>El martes 1 de marzo comenzar\u00e1n a repartirse 2001 vales a 1 euro, para canjearse en las salas que la exhibidora Golem tiene en Pamplona<\/p>\n","protected":false},"author":1,"featured_media":39070,"comment_status":"open","ping_status":"closed","sticky":false,"template":"","format":"standard","meta":{"footnotes":""},"categories":[2],"tags":[],"class_list":["post-39069","post","type-post","status-publish","format-standard","has-post-thumbnail","hentry","category-ayuntamiento-pamplona"],"yoast_head":"<!-- This site is optimized with the Yoast SEO plugin v27.3 - https:\/\/yoast.com\/product\/yoast-seo-wordpress\/ -->\n<title>Tercer a\u00f1o de cine VOSE para j\u00f3venes empadronados: \u2018Prep\u00e1rate para el futuro\u2019<\/title>\n<meta name=\"description\" content=\"El martes 1 de marzo comenzar\u00e1n a repartirse 2001 vales a 1 euro, para canjearse en las salas que la exhibidora Golem tiene en Pamplona\" \/>\n<meta name=\"robots\" content=\"index, follow, max-snippet:-1, max-image-preview:large, max-video-preview:-1\" \/>\n<link rel=\"canonical\" href=\"https:\/\/www.laguiadepamplona.com\/actualidad\/tercer-ano-de-cine-vose-para-jovenes-empadronados-preparate-para-el-futuro\/\" \/>\n<meta property=\"og:locale\" content=\"es_ES\" \/>\n<meta property=\"og:type\" content=\"article\" \/>\n<meta property=\"og:title\" content=\"Tercer a\u00f1o de cine VOSE para j\u00f3venes empadronados: \u2018Prep\u00e1rate para el futuro\u2019\" \/>\n<meta property=\"og:description\" content=\"El martes 1 de marzo comenzar\u00e1n a repartirse 2001 vales a 1 euro, para canjearse en las salas que la exhibidora Golem tiene en Pamplona\" \/>\n<meta property=\"og:url\" content=\"https:\/\/www.laguiadepamplona.com\/actualidad\/tercer-ano-de-cine-vose-para-jovenes-empadronados-preparate-para-el-futuro\/\" \/>\n<meta property=\"og:site_name\" content=\"La Gu\u00eda de Pamplona\" \/>\n<meta property=\"article:publisher\" content=\"https:\/\/www.facebook.com\/laguiadepamplonacom-133175176762273\/?ref=hl\" \/>\n<meta property=\"article:published_time\" content=\"2022-02-28T11:16:04+00:00\" \/>\n<meta property=\"article:modified_time\" content=\"2023-04-11T09:48:28+00:00\" \/>\n<meta property=\"og:image\" content=\"https:\/\/www.laguiadepamplona.com\/actualidad\/wp-content\/uploads\/2022\/02\/CARTEL-CINE-vso.jpg\" \/>\n\t<meta property=\"og:image:width\" content=\"1134\" \/>\n\t<meta property=\"og:image:height\" content=\"1134\" \/>\n\t<meta property=\"og:image:type\" content=\"image\/jpeg\" \/>\n<meta name=\"author\" content=\"La Gu\u00eda de Pamplona\" \/>\n<meta name=\"twitter:card\" content=\"summary_large_image\" \/>\n<meta name=\"twitter:creator\" content=\"@LaGuiadPamplona\" \/>\n<meta name=\"twitter:site\" content=\"@LaGuiadPamplona\" \/>\n<meta name=\"twitter:label1\" content=\"Escrito por\" \/>\n\t<meta name=\"twitter:data1\" content=\"La Gu\u00eda de Pamplona\" \/>\n\t<meta name=\"twitter:label2\" content=\"Tiempo de lectura\" \/>\n\t<meta name=\"twitter:data2\" content=\"3 minutos\" \/>\n<script type=\"application\/ld+json\" class=\"yoast-schema-graph\">{\"@context\":\"https:\\\/\\\/schema.org\",\"@graph\":[{\"@type\":\"Article\",\"@id\":\"https:\\\/\\\/www.laguiadepamplona.com\\\/actualidad\\\/tercer-ano-de-cine-vose-para-jovenes-empadronados-preparate-para-el-futuro\\\/#article\",\"isPartOf\":{\"@id\":\"https:\\\/\\\/www.laguiadepamplona.com\\\/actualidad\\\/tercer-ano-de-cine-vose-para-jovenes-empadronados-preparate-para-el-futuro\\\/\"},\"author\":{\"name\":\"La Gu\u00eda de Pamplona\",\"@id\":\"https:\\\/\\\/www.laguiadepamplona.com\\\/actualidad\\\/#\\\/schema\\\/person\\\/efe887376f0213d4657c93adc50b1fdb\"},\"headline\":\"Tercer a\u00f1o de cine VOSE para j\u00f3venes empadronados: \u2018Prep\u00e1rate para el futuro\u2019\",\"datePublished\":\"2022-02-28T11:16:04+00:00\",\"dateModified\":\"2023-04-11T09:48:28+00:00\",\"mainEntityOfPage\":{\"@id\":\"https:\\\/\\\/www.laguiadepamplona.com\\\/actualidad\\\/tercer-ano-de-cine-vose-para-jovenes-empadronados-preparate-para-el-futuro\\\/\"},\"wordCount\":606,\"commentCount\":0,\"publisher\":{\"@id\":\"https:\\\/\\\/www.laguiadepamplona.com\\\/actualidad\\\/#organization\"},\"image\":{\"@id\":\"https:\\\/\\\/www.laguiadepamplona.com\\\/actualidad\\\/tercer-ano-de-cine-vose-para-jovenes-empadronados-preparate-para-el-futuro\\\/#primaryimage\"},\"thumbnailUrl\":\"https:\\\/\\\/www.laguiadepamplona.com\\\/actualidad\\\/wp-content\\\/uploads\\\/2022\\\/02\\\/CARTEL-CINE-vso.jpg\",\"articleSection\":[\"Ayto Pamplona\"],\"inLanguage\":\"es\",\"potentialAction\":[{\"@type\":\"CommentAction\",\"name\":\"Comment\",\"target\":[\"https:\\\/\\\/www.laguiadepamplona.com\\\/actualidad\\\/tercer-ano-de-cine-vose-para-jovenes-empadronados-preparate-para-el-futuro\\\/#respond\"]}]},{\"@type\":\"WebPage\",\"@id\":\"https:\\\/\\\/www.laguiadepamplona.com\\\/actualidad\\\/tercer-ano-de-cine-vose-para-jovenes-empadronados-preparate-para-el-futuro\\\/\",\"url\":\"https:\\\/\\\/www.laguiadepamplona.com\\\/actualidad\\\/tercer-ano-de-cine-vose-para-jovenes-empadronados-preparate-para-el-futuro\\\/\",\"name\":\"Tercer a\u00f1o de cine VOSE para j\u00f3venes empadronados: \u2018Prep\u00e1rate para el futuro\u2019\",\"isPartOf\":{\"@id\":\"https:\\\/\\\/www.laguiadepamplona.com\\\/actualidad\\\/#website\"},\"primaryImageOfPage\":{\"@id\":\"https:\\\/\\\/www.laguiadepamplona.com\\\/actualidad\\\/tercer-ano-de-cine-vose-para-jovenes-empadronados-preparate-para-el-futuro\\\/#primaryimage\"},\"image\":{\"@id\":\"https:\\\/\\\/www.laguiadepamplona.com\\\/actualidad\\\/tercer-ano-de-cine-vose-para-jovenes-empadronados-preparate-para-el-futuro\\\/#primaryimage\"},\"thumbnailUrl\":\"https:\\\/\\\/www.laguiadepamplona.com\\\/actualidad\\\/wp-content\\\/uploads\\\/2022\\\/02\\\/CARTEL-CINE-vso.jpg\",\"datePublished\":\"2022-02-28T11:16:04+00:00\",\"dateModified\":\"2023-04-11T09:48:28+00:00\",\"description\":\"El martes 1 de marzo comenzar\u00e1n a repartirse 2001 vales a 1 euro, para canjearse en las salas que la exhibidora Golem tiene en Pamplona\",\"breadcrumb\":{\"@id\":\"https:\\\/\\\/www.laguiadepamplona.com\\\/actualidad\\\/tercer-ano-de-cine-vose-para-jovenes-empadronados-preparate-para-el-futuro\\\/#breadcrumb\"},\"inLanguage\":\"es\",\"potentialAction\":[{\"@type\":\"ReadAction\",\"target\":[\"https:\\\/\\\/www.laguiadepamplona.com\\\/actualidad\\\/tercer-ano-de-cine-vose-para-jovenes-empadronados-preparate-para-el-futuro\\\/\"]}]},{\"@type\":\"ImageObject\",\"inLanguage\":\"es\",\"@id\":\"https:\\\/\\\/www.laguiadepamplona.com\\\/actualidad\\\/tercer-ano-de-cine-vose-para-jovenes-empadronados-preparate-para-el-futuro\\\/#primaryimage\",\"url\":\"https:\\\/\\\/www.laguiadepamplona.com\\\/actualidad\\\/wp-content\\\/uploads\\\/2022\\\/02\\\/CARTEL-CINE-vso.jpg\",\"contentUrl\":\"https:\\\/\\\/www.laguiadepamplona.com\\\/actualidad\\\/wp-content\\\/uploads\\\/2022\\\/02\\\/CARTEL-CINE-vso.jpg\",\"width\":1134,\"height\":1134},{\"@type\":\"BreadcrumbList\",\"@id\":\"https:\\\/\\\/www.laguiadepamplona.com\\\/actualidad\\\/tercer-ano-de-cine-vose-para-jovenes-empadronados-preparate-para-el-futuro\\\/#breadcrumb\",\"itemListElement\":[{\"@type\":\"ListItem\",\"position\":1,\"name\":\"Portada\",\"item\":\"https:\\\/\\\/www.laguiadepamplona.com\\\/actualidad\\\/\"},{\"@type\":\"ListItem\",\"position\":2,\"name\":\"Tercer a\u00f1o de cine VOSE para j\u00f3venes empadronados: \u2018Prep\u00e1rate para el futuro\u2019\"}]},{\"@type\":\"WebSite\",\"@id\":\"https:\\\/\\\/www.laguiadepamplona.com\\\/actualidad\\\/#website\",\"url\":\"https:\\\/\\\/www.laguiadepamplona.com\\\/actualidad\\\/\",\"name\":\"La gu\u00eda de Pamplona\",\"description\":\"Noticias de Pamplona\",\"publisher\":{\"@id\":\"https:\\\/\\\/www.laguiadepamplona.com\\\/actualidad\\\/#organization\"},\"potentialAction\":[{\"@type\":\"SearchAction\",\"target\":{\"@type\":\"EntryPoint\",\"urlTemplate\":\"https:\\\/\\\/www.laguiadepamplona.com\\\/actualidad\\\/?s={search_term_string}\"},\"query-input\":{\"@type\":\"PropertyValueSpecification\",\"valueRequired\":true,\"valueName\":\"search_term_string\"}}],\"inLanguage\":\"es\"},{\"@type\":\"Organization\",\"@id\":\"https:\\\/\\\/www.laguiadepamplona.com\\\/actualidad\\\/#organization\",\"name\":\"La Gu\u00eda de Pamplona \\\/ Noticias\",\"url\":\"https:\\\/\\\/www.laguiadepamplona.com\\\/actualidad\\\/\",\"logo\":{\"@type\":\"ImageObject\",\"inLanguage\":\"es\",\"@id\":\"https:\\\/\\\/www.laguiadepamplona.com\\\/actualidad\\\/#\\\/schema\\\/logo\\\/image\\\/\",\"url\":\"https:\\\/\\\/www.laguiadepamplona.com\\\/actualidad\\\/wp-content\\\/uploads\\\/2018\\\/11\\\/logo-laguiadepamplona18-web1.png\",\"contentUrl\":\"https:\\\/\\\/www.laguiadepamplona.com\\\/actualidad\\\/wp-content\\\/uploads\\\/2018\\\/11\\\/logo-laguiadepamplona18-web1.png\",\"width\":600,\"height\":196,\"caption\":\"La Gu\u00eda de Pamplona \\\/ Noticias\"},\"image\":{\"@id\":\"https:\\\/\\\/www.laguiadepamplona.com\\\/actualidad\\\/#\\\/schema\\\/logo\\\/image\\\/\"},\"sameAs\":[\"https:\\\/\\\/www.facebook.com\\\/laguiadepamplonacom-133175176762273\\\/?ref=hl\",\"https:\\\/\\\/x.com\\\/LaGuiadPamplona\",\"https:\\\/\\\/www.instagram.com\\\/la_guia_de_pamplona\\\/\",\"https:\\\/\\\/www.youtube.com\\\/user\\\/laguiadepamplona\"]},{\"@type\":\"Person\",\"@id\":\"https:\\\/\\\/www.laguiadepamplona.com\\\/actualidad\\\/#\\\/schema\\\/person\\\/efe887376f0213d4657c93adc50b1fdb\",\"name\":\"La Gu\u00eda de Pamplona\",\"image\":{\"@type\":\"ImageObject\",\"inLanguage\":\"es\",\"@id\":\"https:\\\/\\\/secure.gravatar.com\\\/avatar\\\/b6992f131dc8d30ab0dff15446e9d346d9dbd95992de0fef795073f5ea83a81c?s=96&d=mm&r=g\",\"url\":\"https:\\\/\\\/secure.gravatar.com\\\/avatar\\\/b6992f131dc8d30ab0dff15446e9d346d9dbd95992de0fef795073f5ea83a81c?s=96&d=mm&r=g\",\"contentUrl\":\"https:\\\/\\\/secure.gravatar.com\\\/avatar\\\/b6992f131dc8d30ab0dff15446e9d346d9dbd95992de0fef795073f5ea83a81c?s=96&d=mm&r=g\",\"caption\":\"La Gu\u00eda de Pamplona\"}}]}<\/script>\n<!-- \/ Yoast SEO plugin. -->","yoast_head_json":{"title":"Tercer a\u00f1o de cine VOSE para j\u00f3venes empadronados: \u2018Prep\u00e1rate para el futuro\u2019","description":"El martes 1 de marzo comenzar\u00e1n a repartirse 2001 vales a 1 euro, para canjearse en las salas que la exhibidora Golem tiene en Pamplona","robots":{"index":"index","follow":"follow","max-snippet":"max-snippet:-1","max-image-preview":"max-image-preview:large","max-video-preview":"max-video-preview:-1"},"canonical":"https:\/\/www.laguiadepamplona.com\/actualidad\/tercer-ano-de-cine-vose-para-jovenes-empadronados-preparate-para-el-futuro\/","og_locale":"es_ES","og_type":"article","og_title":"Tercer a\u00f1o de cine VOSE para j\u00f3venes empadronados: \u2018Prep\u00e1rate para el futuro\u2019","og_description":"El martes 1 de marzo comenzar\u00e1n a repartirse 2001 vales a 1 euro, para canjearse en las salas que la exhibidora Golem tiene en Pamplona","og_url":"https:\/\/www.laguiadepamplona.com\/actualidad\/tercer-ano-de-cine-vose-para-jovenes-empadronados-preparate-para-el-futuro\/","og_site_name":"La Gu\u00eda de Pamplona","article_publisher":"https:\/\/www.facebook.com\/laguiadepamplonacom-133175176762273\/?ref=hl","article_published_time":"2022-02-28T11:16:04+00:00","article_modified_time":"2023-04-11T09:48:28+00:00","og_image":[{"width":1134,"height":1134,"url":"https:\/\/www.laguiadepamplona.com\/actualidad\/wp-content\/uploads\/2022\/02\/CARTEL-CINE-vso.jpg","type":"image\/jpeg"}],"author":"La Gu\u00eda de Pamplona","twitter_card":"summary_large_image","twitter_creator":"@LaGuiadPamplona","twitter_site":"@LaGuiadPamplona","twitter_misc":{"Escrito por":"La Gu\u00eda de Pamplona","Tiempo de lectura":"3 minutos"},"schema":{"@context":"https:\/\/schema.org","@graph":[{"@type":"Article","@id":"https:\/\/www.laguiadepamplona.com\/actualidad\/tercer-ano-de-cine-vose-para-jovenes-empadronados-preparate-para-el-futuro\/#article","isPartOf":{"@id":"https:\/\/www.laguiadepamplona.com\/actualidad\/tercer-ano-de-cine-vose-para-jovenes-empadronados-preparate-para-el-futuro\/"},"author":{"name":"La Gu\u00eda de Pamplona","@id":"https:\/\/www.laguiadepamplona.com\/actualidad\/#\/schema\/person\/efe887376f0213d4657c93adc50b1fdb"},"headline":"Tercer a\u00f1o de cine VOSE para j\u00f3venes empadronados: \u2018Prep\u00e1rate para el futuro\u2019","datePublished":"2022-02-28T11:16:04+00:00","dateModified":"2023-04-11T09:48:28+00:00","mainEntityOfPage":{"@id":"https:\/\/www.laguiadepamplona.com\/actualidad\/tercer-ano-de-cine-vose-para-jovenes-empadronados-preparate-para-el-futuro\/"},"wordCount":606,"commentCount":0,"publisher":{"@id":"https:\/\/www.laguiadepamplona.com\/actualidad\/#organization"},"image":{"@id":"https:\/\/www.laguiadepamplona.com\/actualidad\/tercer-ano-de-cine-vose-para-jovenes-empadronados-preparate-para-el-futuro\/#primaryimage"},"thumbnailUrl":"https:\/\/www.laguiadepamplona.com\/actualidad\/wp-content\/uploads\/2022\/02\/CARTEL-CINE-vso.jpg","articleSection":["Ayto Pamplona"],"inLanguage":"es","potentialAction":[{"@type":"CommentAction","name":"Comment","target":["https:\/\/www.laguiadepamplona.com\/actualidad\/tercer-ano-de-cine-vose-para-jovenes-empadronados-preparate-para-el-futuro\/#respond"]}]},{"@type":"WebPage","@id":"https:\/\/www.laguiadepamplona.com\/actualidad\/tercer-ano-de-cine-vose-para-jovenes-empadronados-preparate-para-el-futuro\/","url":"https:\/\/www.laguiadepamplona.com\/actualidad\/tercer-ano-de-cine-vose-para-jovenes-empadronados-preparate-para-el-futuro\/","name":"Tercer a\u00f1o de cine VOSE para j\u00f3venes empadronados: \u2018Prep\u00e1rate para el futuro\u2019","isPartOf":{"@id":"https:\/\/www.laguiadepamplona.com\/actualidad\/#website"},"primaryImageOfPage":{"@id":"https:\/\/www.laguiadepamplona.com\/actualidad\/tercer-ano-de-cine-vose-para-jovenes-empadronados-preparate-para-el-futuro\/#primaryimage"},"image":{"@id":"https:\/\/www.laguiadepamplona.com\/actualidad\/tercer-ano-de-cine-vose-para-jovenes-empadronados-preparate-para-el-futuro\/#primaryimage"},"thumbnailUrl":"https:\/\/www.laguiadepamplona.com\/actualidad\/wp-content\/uploads\/2022\/02\/CARTEL-CINE-vso.jpg","datePublished":"2022-02-28T11:16:04+00:00","dateModified":"2023-04-11T09:48:28+00:00","description":"El martes 1 de marzo comenzar\u00e1n a repartirse 2001 vales a 1 euro, para canjearse en las salas que la exhibidora Golem tiene en Pamplona","breadcrumb":{"@id":"https:\/\/www.laguiadepamplona.com\/actualidad\/tercer-ano-de-cine-vose-para-jovenes-empadronados-preparate-para-el-futuro\/#breadcrumb"},"inLanguage":"es","potentialAction":[{"@type":"ReadAction","target":["https:\/\/www.laguiadepamplona.com\/actualidad\/tercer-ano-de-cine-vose-para-jovenes-empadronados-preparate-para-el-futuro\/"]}]},{"@type":"ImageObject","inLanguage":"es","@id":"https:\/\/www.laguiadepamplona.com\/actualidad\/tercer-ano-de-cine-vose-para-jovenes-empadronados-preparate-para-el-futuro\/#primaryimage","url":"https:\/\/www.laguiadepamplona.com\/actualidad\/wp-content\/uploads\/2022\/02\/CARTEL-CINE-vso.jpg","contentUrl":"https:\/\/www.laguiadepamplona.com\/actualidad\/wp-content\/uploads\/2022\/02\/CARTEL-CINE-vso.jpg","width":1134,"height":1134},{"@type":"BreadcrumbList","@id":"https:\/\/www.laguiadepamplona.com\/actualidad\/tercer-ano-de-cine-vose-para-jovenes-empadronados-preparate-para-el-futuro\/#breadcrumb","itemListElement":[{"@type":"ListItem","position":1,"name":"Portada","item":"https:\/\/www.laguiadepamplona.com\/actualidad\/"},{"@type":"ListItem","position":2,"name":"Tercer a\u00f1o de cine VOSE para j\u00f3venes empadronados: \u2018Prep\u00e1rate para el futuro\u2019"}]},{"@type":"WebSite","@id":"https:\/\/www.laguiadepamplona.com\/actualidad\/#website","url":"https:\/\/www.laguiadepamplona.com\/actualidad\/","name":"La gu\u00eda de Pamplona","description":"Noticias de Pamplona","publisher":{"@id":"https:\/\/www.laguiadepamplona.com\/actualidad\/#organization"},"potentialAction":[{"@type":"SearchAction","target":{"@type":"EntryPoint","urlTemplate":"https:\/\/www.laguiadepamplona.com\/actualidad\/?s={search_term_string}"},"query-input":{"@type":"PropertyValueSpecification","valueRequired":true,"valueName":"search_term_string"}}],"inLanguage":"es"},{"@type":"Organization","@id":"https:\/\/www.laguiadepamplona.com\/actualidad\/#organization","name":"La Gu\u00eda de Pamplona \/ Noticias","url":"https:\/\/www.laguiadepamplona.com\/actualidad\/","logo":{"@type":"ImageObject","inLanguage":"es","@id":"https:\/\/www.laguiadepamplona.com\/actualidad\/#\/schema\/logo\/image\/","url":"https:\/\/www.laguiadepamplona.com\/actualidad\/wp-content\/uploads\/2018\/11\/logo-laguiadepamplona18-web1.png","contentUrl":"https:\/\/www.laguiadepamplona.com\/actualidad\/wp-content\/uploads\/2018\/11\/logo-laguiadepamplona18-web1.png","width":600,"height":196,"caption":"La Gu\u00eda de Pamplona \/ Noticias"},"image":{"@id":"https:\/\/www.laguiadepamplona.com\/actualidad\/#\/schema\/logo\/image\/"},"sameAs":["https:\/\/www.facebook.com\/laguiadepamplonacom-133175176762273\/?ref=hl","https:\/\/x.com\/LaGuiadPamplona","https:\/\/www.instagram.com\/la_guia_de_pamplona\/","https:\/\/www.youtube.com\/user\/laguiadepamplona"]},{"@type":"Person","@id":"https:\/\/www.laguiadepamplona.com\/actualidad\/#\/schema\/person\/efe887376f0213d4657c93adc50b1fdb","name":"La Gu\u00eda de Pamplona","image":{"@type":"ImageObject","inLanguage":"es","@id":"https:\/\/secure.gravatar.com\/avatar\/b6992f131dc8d30ab0dff15446e9d346d9dbd95992de0fef795073f5ea83a81c?s=96&d=mm&r=g","url":"https:\/\/secure.gravatar.com\/avatar\/b6992f131dc8d30ab0dff15446e9d346d9dbd95992de0fef795073f5ea83a81c?s=96&d=mm&r=g","contentUrl":"https:\/\/secure.gravatar.com\/avatar\/b6992f131dc8d30ab0dff15446e9d346d9dbd95992de0fef795073f5ea83a81c?s=96&d=mm&r=g","caption":"La Gu\u00eda de Pamplona"}}]}},"post_mailing_queue_ids":[],"_links":{"self":[{"href":"https:\/\/www.laguiadepamplona.com\/actualidad\/wp-json\/wp\/v2\/posts\/39069","targetHints":{"allow":["GET"]}}],"collection":[{"href":"https:\/\/www.laguiadepamplona.com\/actualidad\/wp-json\/wp\/v2\/posts"}],"about":[{"href":"https:\/\/www.laguiadepamplona.com\/actualidad\/wp-json\/wp\/v2\/types\/post"}],"author":[{"embeddable":true,"href":"https:\/\/www.laguiadepamplona.com\/actualidad\/wp-json\/wp\/v2\/users\/1"}],"replies":[{"embeddable":true,"href":"https:\/\/www.laguiadepamplona.com\/actualidad\/wp-json\/wp\/v2\/comments?post=39069"}],"version-history":[{"count":0,"href":"https:\/\/www.laguiadepamplona.com\/actualidad\/wp-json\/wp\/v2\/posts\/39069\/revisions"}],"wp:featuredmedia":[{"embeddable":true,"href":"https:\/\/www.laguiadepamplona.com\/actualidad\/wp-json\/wp\/v2\/media\/39070"}],"wp:attachment":[{"href":"https:\/\/www.laguiadepamplona.com\/actualidad\/wp-json\/wp\/v2\/media?parent=39069"}],"wp:term":[{"taxonomy":"category","embeddable":true,"href":"https:\/\/www.laguiadepamplona.com\/actualidad\/wp-json\/wp\/v2\/categories?post=39069"},{"taxonomy":"post_tag","embeddable":true,"href":"https:\/\/www.laguiadepamplona.com\/actualidad\/wp-json\/wp\/v2\/tags?post=39069"}],"curies":[{"name":"wp","href":"https:\/\/api.w.org\/{rel}","templated":true}]}}