{"id":39065,"date":"2022-02-28T13:13:35","date_gmt":"2022-02-28T11:13:35","guid":{"rendered":"https:\/\/www.laguiadepamplona.com\/actualidad\/?p=39065"},"modified":"2023-04-11T11:48:29","modified_gmt":"2023-04-11T09:48:29","slug":"coworkids-organizara-campamentos-urbanos-para-menores-de-3-a-12-anos-en-verano-y-navidad-con-120-plazas-semanales-en-el-cp-iturrama-y-el-cp-cardenal-ilundain","status":"publish","type":"post","link":"https:\/\/www.laguiadepamplona.com\/actualidad\/coworkids-organizara-campamentos-urbanos-para-menores-de-3-a-12-anos-en-verano-y-navidad-con-120-plazas-semanales-en-el-cp-iturrama-y-el-cp-cardenal-ilundain\/","title":{"rendered":"COworkids organizar\u00e1 campamentos urbanos para menores de 3 a 12 a\u00f1os en verano y Navidad, con 120 plazas semanales en el CP Iturrama y el CP Cardenal Ilund\u00e1in"},"content":{"rendered":"<h5>La Junta de Gobierno ha aprobado la licitaci\u00f3n de un contrato en dos lotes para la gesti\u00f3n de los campamentos y el suministro de comidas<\/h5>\n<p><!--more--><\/p>\n<p>El Ayuntamiento de Pamplona, a trav\u00e9s del programa COworkids, organizar\u00e1 durante este a\u00f1o campamentos urbanos para menores de 3 a 12 a\u00f1os en los periodos vacacionales de verano y Navidad. La Junta de Gobierno Local ha aprobado la licitaci\u00f3n del contrato de organizaci\u00f3n y desarrollo de los campamentos urbanos 2022, con un presupuesto de 95.860,38 euros. Se han establecido 6 semanas de campamentos, con 120 plazas cada una, que se desarrollar\u00e1n en los colegios p\u00fablicos Iturrama y Cardenal Ilund\u00e1in.<\/p>\n<p>El contrato se licitar\u00e1 en dos lotes. El primero de ellos incluye la gesti\u00f3n, organizaci\u00f3n y programaci\u00f3n de los campamentos y cuenta con un presupuesto de 75.474,30 euros. El segundo lote se corresponde con el suministro y el reparto de comida, pues los campamentos ofrecen servicio de comedor. COworkids ofrece este recurso socioeducativo dirigido a ni\u00f1os y ni\u00f1as entre 3 y 12 a\u00f1os, para la conciliaci\u00f3n laboral y familiar de aquellos padres o madres que no pueden atenderles durante las ma\u00f1anas de esos periodos vacacionales de verano y Navidad.<\/p>\n<p>En total, el contrato establece 27 d\u00edas de campamentos en seis semanas, desde el 18 de julio al 19 de agosto y del 27 al 30 de diciembre. Las inscripciones se realizar\u00e1n en dos tandas, para verano y para Navidad, y las personas interesadas se podr\u00e1n apuntar para m\u00e1s de una tanda semanal. El horario estimado ser\u00e1 de 8 a 15.30 horas.<br \/>\n<script async src=\"\/\/pagead2.googlesyndication.com\/pagead\/js\/adsbygoogle.js\"><\/script><br \/>\n<!-- Noticias La Guia de Pamplona --><br \/>\n<ins class=\"adsbygoogle\"\nstyle=\"display:block\"\ndata-ad-client=\"ca-pub-6943679897239327\"\ndata-ad-slot=\"7048180777\"\ndata-ad-format=\"auto\"><\/ins><br \/>\n<script>\n(adsbygoogle = window.adsbygoogle || []).push({});\n<\/script><\/p>\n<p><strong>Dise\u00f1o de la programaci\u00f3n de los campamentos urbanos<\/strong><\/p>\n<p>El lote 1 se corresponde con las gestiones organizativas, de personal y de gesti\u00f3n de los campamentos urbanos. Se trata de ofrecer espacios y actividades l\u00fadico-educativas con el objetivo de apoyar su desarrollo personal, ampliar las redes sociales, descubrir un ocio alternativo y saludable, sensibilizar en torno a los Objetivos de Desarrollo Sostenibles, los Derechos de la Infancia, la ciudadan\u00eda activa, as\u00ed como facilitar la conciliaci\u00f3n. Las actividades deber\u00e1n fomentar la creatividad, la iniciativa y la autoestima personal, a trav\u00e9s de la imaginaci\u00f3n, la participaci\u00f3n, el juego y el planteamiento de retos para desarrollar habilidades sociales y personales que logren un mejor desenvolvimiento en el entorno.<\/p>\n<p>La entidad adjudicataria dise\u00f1ar\u00e1 la programaci\u00f3n de los campamentos, con actividades acordes a las edades de quienes participan. Tendr\u00e1n un componente fundamentalmente educativo para trabajar el desarrollo emocional y relacional, a trav\u00e9s del aprendizaje compartido y la convivencia. Se realizar\u00e1n actividades diversas con un car\u00e1cter coeducativo e inclusivo, como por ejemplo el entorno cuidado y buen trato, talleres (teatro, expresi\u00f3n corporal expresi\u00f3n verbal o escrita\u2026), actividades l\u00fadicas (juegos), actividades deportivas (baile, f\u00fatbol, baloncesto\u2026), apoyo escolar y salidas culturales por el entorno.<\/p>\n<p>El lote 2 establece la contrataci\u00f3n del suministro y reparto de comidas para quienes participen en los campamentos urbanos. Se ofrecer\u00e1n men\u00fas completos y equilibrados que se consumir\u00e1n en los centros educativos que acogen los campamentos. Los men\u00fas estar\u00e1n compuestos por primer plato, segundo plato, postre y pan, con al menos una raci\u00f3n semanal de verdura, pasta, carne, legumbre y pescado. Se deber\u00e1 apostar por productos de temporada y la mayor variedad posible de alimentos, principalmente aquellos con un alto valor nutricional.<br \/>\n<script async src=\"\/\/pagead2.googlesyndication.com\/pagead\/js\/adsbygoogle.js\"><\/script><br \/>\n<!-- Noticias La Guia de Pamplona --><br \/>\n<ins class=\"adsbygoogle\"\nstyle=\"display:block\"\ndata-ad-client=\"ca-pub-6943679897239327\"\ndata-ad-slot=\"7048180777\"\ndata-ad-format=\"auto\"><\/ins><br \/>\n<script>\n(adsbygoogle = window.adsbygoogle || []).push({});\n<\/script><\/p>\n<p><strong>Criterios de adjudicaci\u00f3n<\/strong><\/p>\n<p>El plazo de presentaci\u00f3n de solicitudes y ofertas comenzar\u00e1 una vez que el anunci\u00f3 de licitaci\u00f3n se publique en el Portal de Contrataci\u00f3n de Navarra. En el lote 1 se valorar\u00e1n aspectos como el proyecto de ejecuci\u00f3n del contrato (la metodolog\u00eda de trabajo o la variedad e innovaci\u00f3n de las actividades), las actividades previstas antes incidencias o accidentes, el seguimiento y evaluaci\u00f3n del servicio, la valoraci\u00f3n del personal o la oferta econ\u00f3mica. En el lote 2 se tendr\u00e1n en cuanto criterios como el programa de trabajo (reparto y organizaci\u00f3n de comidas, variedad\u2026), la oferta econ\u00f3mica o criterios de sostenibilidad.<\/p>\n<p>Estos campamentos urbanos se complementar\u00e1n con el resto de programaci\u00f3n que COworkids desarrolla de manera directa con personal municipal durante los periodos vacacionales, como son el campamento de Semana Santa, los campamentos de piscinas durante el verano o las carpas de hinchables y manualidades en Navidad.<\/p>\n","protected":false},"excerpt":{"rendered":"<p>La Junta de Gobierno ha aprobado la licitaci\u00f3n de un contrato en dos lotes para la gesti\u00f3n de los campamentos y el suministro de comidas<\/p>\n","protected":false},"author":1,"featured_media":36998,"comment_status":"open","ping_status":"closed","sticky":false,"template":"","format":"standard","meta":{"footnotes":""},"categories":[2],"tags":[],"class_list":["post-39065","post","type-post","status-publish","format-standard","has-post-thumbnail","hentry","category-ayuntamiento-pamplona"],"yoast_head":"<!-- This site is optimized with the Yoast SEO plugin v27.3 - https:\/\/yoast.com\/product\/yoast-seo-wordpress\/ -->\n<title>COworkids organizar\u00e1 campamentos urbanos para menores de 3 a 12 a\u00f1os en verano y Navidad, con 120 plazas semanales en el CP Iturrama y el CP Cardenal Ilund\u00e1in<\/title>\n<meta name=\"description\" content=\"La Junta de Gobierno ha aprobado la licitaci\u00f3n de un contrato en dos lotes para la gesti\u00f3n de los campamentos y el suministro de comidas\" \/>\n<meta name=\"robots\" content=\"index, follow, max-snippet:-1, max-image-preview:large, max-video-preview:-1\" \/>\n<link rel=\"canonical\" href=\"https:\/\/www.laguiadepamplona.com\/actualidad\/coworkids-organizara-campamentos-urbanos-para-menores-de-3-a-12-anos-en-verano-y-navidad-con-120-plazas-semanales-en-el-cp-iturrama-y-el-cp-cardenal-ilundain\/\" \/>\n<meta property=\"og:locale\" content=\"es_ES\" \/>\n<meta property=\"og:type\" content=\"article\" \/>\n<meta property=\"og:title\" content=\"COworkids organizar\u00e1 campamentos urbanos para menores de 3 a 12 a\u00f1os en verano y Navidad, con 120 plazas semanales en el CP Iturrama y el CP Cardenal Ilund\u00e1in\" \/>\n<meta property=\"og:description\" content=\"La Junta de Gobierno ha aprobado la licitaci\u00f3n de un contrato en dos lotes para la gesti\u00f3n de los campamentos y el suministro de comidas\" \/>\n<meta property=\"og:url\" content=\"https:\/\/www.laguiadepamplona.com\/actualidad\/coworkids-organizara-campamentos-urbanos-para-menores-de-3-a-12-anos-en-verano-y-navidad-con-120-plazas-semanales-en-el-cp-iturrama-y-el-cp-cardenal-ilundain\/\" \/>\n<meta property=\"og:site_name\" content=\"La Gu\u00eda de Pamplona\" \/>\n<meta property=\"article:publisher\" content=\"https:\/\/www.facebook.com\/laguiadepamplonacom-133175176762273\/?ref=hl\" \/>\n<meta property=\"article:published_time\" content=\"2022-02-28T11:13:35+00:00\" \/>\n<meta property=\"article:modified_time\" content=\"2023-04-11T09:48:29+00:00\" \/>\n<meta property=\"og:image\" content=\"https:\/\/www.laguiadepamplona.com\/actualidad\/wp-content\/uploads\/2021\/10\/coworkids.jpg\" \/>\n\t<meta property=\"og:image:width\" content=\"1540\" \/>\n\t<meta property=\"og:image:height\" content=\"794\" \/>\n\t<meta property=\"og:image:type\" content=\"image\/jpeg\" \/>\n<meta name=\"author\" content=\"La Gu\u00eda de Pamplona\" \/>\n<meta name=\"twitter:card\" content=\"summary_large_image\" \/>\n<meta name=\"twitter:creator\" content=\"@LaGuiadPamplona\" \/>\n<meta name=\"twitter:site\" content=\"@LaGuiadPamplona\" \/>\n<meta name=\"twitter:label1\" content=\"Escrito por\" \/>\n\t<meta name=\"twitter:data1\" content=\"La Gu\u00eda de Pamplona\" \/>\n\t<meta name=\"twitter:label2\" content=\"Tiempo de lectura\" \/>\n\t<meta name=\"twitter:data2\" content=\"4 minutos\" \/>\n<script type=\"application\/ld+json\" class=\"yoast-schema-graph\">{\"@context\":\"https:\\\/\\\/schema.org\",\"@graph\":[{\"@type\":\"Article\",\"@id\":\"https:\\\/\\\/www.laguiadepamplona.com\\\/actualidad\\\/coworkids-organizara-campamentos-urbanos-para-menores-de-3-a-12-anos-en-verano-y-navidad-con-120-plazas-semanales-en-el-cp-iturrama-y-el-cp-cardenal-ilundain\\\/#article\",\"isPartOf\":{\"@id\":\"https:\\\/\\\/www.laguiadepamplona.com\\\/actualidad\\\/coworkids-organizara-campamentos-urbanos-para-menores-de-3-a-12-anos-en-verano-y-navidad-con-120-plazas-semanales-en-el-cp-iturrama-y-el-cp-cardenal-ilundain\\\/\"},\"author\":{\"name\":\"La Gu\u00eda de Pamplona\",\"@id\":\"https:\\\/\\\/www.laguiadepamplona.com\\\/actualidad\\\/#\\\/schema\\\/person\\\/efe887376f0213d4657c93adc50b1fdb\"},\"headline\":\"COworkids organizar\u00e1 campamentos urbanos para menores de 3 a 12 a\u00f1os en verano y Navidad, con 120 plazas semanales en el CP Iturrama y el CP Cardenal Ilund\u00e1in\",\"datePublished\":\"2022-02-28T11:13:35+00:00\",\"dateModified\":\"2023-04-11T09:48:29+00:00\",\"mainEntityOfPage\":{\"@id\":\"https:\\\/\\\/www.laguiadepamplona.com\\\/actualidad\\\/coworkids-organizara-campamentos-urbanos-para-menores-de-3-a-12-anos-en-verano-y-navidad-con-120-plazas-semanales-en-el-cp-iturrama-y-el-cp-cardenal-ilundain\\\/\"},\"wordCount\":752,\"commentCount\":0,\"publisher\":{\"@id\":\"https:\\\/\\\/www.laguiadepamplona.com\\\/actualidad\\\/#organization\"},\"image\":{\"@id\":\"https:\\\/\\\/www.laguiadepamplona.com\\\/actualidad\\\/coworkids-organizara-campamentos-urbanos-para-menores-de-3-a-12-anos-en-verano-y-navidad-con-120-plazas-semanales-en-el-cp-iturrama-y-el-cp-cardenal-ilundain\\\/#primaryimage\"},\"thumbnailUrl\":\"https:\\\/\\\/www.laguiadepamplona.com\\\/actualidad\\\/wp-content\\\/uploads\\\/2021\\\/10\\\/coworkids.jpg\",\"articleSection\":[\"Ayto Pamplona\"],\"inLanguage\":\"es\",\"potentialAction\":[{\"@type\":\"CommentAction\",\"name\":\"Comment\",\"target\":[\"https:\\\/\\\/www.laguiadepamplona.com\\\/actualidad\\\/coworkids-organizara-campamentos-urbanos-para-menores-de-3-a-12-anos-en-verano-y-navidad-con-120-plazas-semanales-en-el-cp-iturrama-y-el-cp-cardenal-ilundain\\\/#respond\"]}]},{\"@type\":\"WebPage\",\"@id\":\"https:\\\/\\\/www.laguiadepamplona.com\\\/actualidad\\\/coworkids-organizara-campamentos-urbanos-para-menores-de-3-a-12-anos-en-verano-y-navidad-con-120-plazas-semanales-en-el-cp-iturrama-y-el-cp-cardenal-ilundain\\\/\",\"url\":\"https:\\\/\\\/www.laguiadepamplona.com\\\/actualidad\\\/coworkids-organizara-campamentos-urbanos-para-menores-de-3-a-12-anos-en-verano-y-navidad-con-120-plazas-semanales-en-el-cp-iturrama-y-el-cp-cardenal-ilundain\\\/\",\"name\":\"COworkids organizar\u00e1 campamentos urbanos para menores de 3 a 12 a\u00f1os en verano y Navidad, con 120 plazas semanales en el CP Iturrama y el CP Cardenal Ilund\u00e1in\",\"isPartOf\":{\"@id\":\"https:\\\/\\\/www.laguiadepamplona.com\\\/actualidad\\\/#website\"},\"primaryImageOfPage\":{\"@id\":\"https:\\\/\\\/www.laguiadepamplona.com\\\/actualidad\\\/coworkids-organizara-campamentos-urbanos-para-menores-de-3-a-12-anos-en-verano-y-navidad-con-120-plazas-semanales-en-el-cp-iturrama-y-el-cp-cardenal-ilundain\\\/#primaryimage\"},\"image\":{\"@id\":\"https:\\\/\\\/www.laguiadepamplona.com\\\/actualidad\\\/coworkids-organizara-campamentos-urbanos-para-menores-de-3-a-12-anos-en-verano-y-navidad-con-120-plazas-semanales-en-el-cp-iturrama-y-el-cp-cardenal-ilundain\\\/#primaryimage\"},\"thumbnailUrl\":\"https:\\\/\\\/www.laguiadepamplona.com\\\/actualidad\\\/wp-content\\\/uploads\\\/2021\\\/10\\\/coworkids.jpg\",\"datePublished\":\"2022-02-28T11:13:35+00:00\",\"dateModified\":\"2023-04-11T09:48:29+00:00\",\"description\":\"La Junta de Gobierno ha aprobado la licitaci\u00f3n de un contrato en dos lotes para la gesti\u00f3n de los campamentos y el suministro de comidas\",\"breadcrumb\":{\"@id\":\"https:\\\/\\\/www.laguiadepamplona.com\\\/actualidad\\\/coworkids-organizara-campamentos-urbanos-para-menores-de-3-a-12-anos-en-verano-y-navidad-con-120-plazas-semanales-en-el-cp-iturrama-y-el-cp-cardenal-ilundain\\\/#breadcrumb\"},\"inLanguage\":\"es\",\"potentialAction\":[{\"@type\":\"ReadAction\",\"target\":[\"https:\\\/\\\/www.laguiadepamplona.com\\\/actualidad\\\/coworkids-organizara-campamentos-urbanos-para-menores-de-3-a-12-anos-en-verano-y-navidad-con-120-plazas-semanales-en-el-cp-iturrama-y-el-cp-cardenal-ilundain\\\/\"]}]},{\"@type\":\"ImageObject\",\"inLanguage\":\"es\",\"@id\":\"https:\\\/\\\/www.laguiadepamplona.com\\\/actualidad\\\/coworkids-organizara-campamentos-urbanos-para-menores-de-3-a-12-anos-en-verano-y-navidad-con-120-plazas-semanales-en-el-cp-iturrama-y-el-cp-cardenal-ilundain\\\/#primaryimage\",\"url\":\"https:\\\/\\\/www.laguiadepamplona.com\\\/actualidad\\\/wp-content\\\/uploads\\\/2021\\\/10\\\/coworkids.jpg\",\"contentUrl\":\"https:\\\/\\\/www.laguiadepamplona.com\\\/actualidad\\\/wp-content\\\/uploads\\\/2021\\\/10\\\/coworkids.jpg\",\"width\":1540,\"height\":794},{\"@type\":\"BreadcrumbList\",\"@id\":\"https:\\\/\\\/www.laguiadepamplona.com\\\/actualidad\\\/coworkids-organizara-campamentos-urbanos-para-menores-de-3-a-12-anos-en-verano-y-navidad-con-120-plazas-semanales-en-el-cp-iturrama-y-el-cp-cardenal-ilundain\\\/#breadcrumb\",\"itemListElement\":[{\"@type\":\"ListItem\",\"position\":1,\"name\":\"Portada\",\"item\":\"https:\\\/\\\/www.laguiadepamplona.com\\\/actualidad\\\/\"},{\"@type\":\"ListItem\",\"position\":2,\"name\":\"COworkids organizar\u00e1 campamentos urbanos para menores de 3 a 12 a\u00f1os en verano y Navidad, con 120 plazas semanales en el CP Iturrama y el CP Cardenal Ilund\u00e1in\"}]},{\"@type\":\"WebSite\",\"@id\":\"https:\\\/\\\/www.laguiadepamplona.com\\\/actualidad\\\/#website\",\"url\":\"https:\\\/\\\/www.laguiadepamplona.com\\\/actualidad\\\/\",\"name\":\"La gu\u00eda de Pamplona\",\"description\":\"Noticias de Pamplona\",\"publisher\":{\"@id\":\"https:\\\/\\\/www.laguiadepamplona.com\\\/actualidad\\\/#organization\"},\"potentialAction\":[{\"@type\":\"SearchAction\",\"target\":{\"@type\":\"EntryPoint\",\"urlTemplate\":\"https:\\\/\\\/www.laguiadepamplona.com\\\/actualidad\\\/?s={search_term_string}\"},\"query-input\":{\"@type\":\"PropertyValueSpecification\",\"valueRequired\":true,\"valueName\":\"search_term_string\"}}],\"inLanguage\":\"es\"},{\"@type\":\"Organization\",\"@id\":\"https:\\\/\\\/www.laguiadepamplona.com\\\/actualidad\\\/#organization\",\"name\":\"La Gu\u00eda de Pamplona \\\/ Noticias\",\"url\":\"https:\\\/\\\/www.laguiadepamplona.com\\\/actualidad\\\/\",\"logo\":{\"@type\":\"ImageObject\",\"inLanguage\":\"es\",\"@id\":\"https:\\\/\\\/www.laguiadepamplona.com\\\/actualidad\\\/#\\\/schema\\\/logo\\\/image\\\/\",\"url\":\"https:\\\/\\\/www.laguiadepamplona.com\\\/actualidad\\\/wp-content\\\/uploads\\\/2018\\\/11\\\/logo-laguiadepamplona18-web1.png\",\"contentUrl\":\"https:\\\/\\\/www.laguiadepamplona.com\\\/actualidad\\\/wp-content\\\/uploads\\\/2018\\\/11\\\/logo-laguiadepamplona18-web1.png\",\"width\":600,\"height\":196,\"caption\":\"La Gu\u00eda de Pamplona \\\/ Noticias\"},\"image\":{\"@id\":\"https:\\\/\\\/www.laguiadepamplona.com\\\/actualidad\\\/#\\\/schema\\\/logo\\\/image\\\/\"},\"sameAs\":[\"https:\\\/\\\/www.facebook.com\\\/laguiadepamplonacom-133175176762273\\\/?ref=hl\",\"https:\\\/\\\/x.com\\\/LaGuiadPamplona\",\"https:\\\/\\\/www.instagram.com\\\/la_guia_de_pamplona\\\/\",\"https:\\\/\\\/www.youtube.com\\\/user\\\/laguiadepamplona\"]},{\"@type\":\"Person\",\"@id\":\"https:\\\/\\\/www.laguiadepamplona.com\\\/actualidad\\\/#\\\/schema\\\/person\\\/efe887376f0213d4657c93adc50b1fdb\",\"name\":\"La Gu\u00eda de Pamplona\",\"image\":{\"@type\":\"ImageObject\",\"inLanguage\":\"es\",\"@id\":\"https:\\\/\\\/secure.gravatar.com\\\/avatar\\\/b6992f131dc8d30ab0dff15446e9d346d9dbd95992de0fef795073f5ea83a81c?s=96&d=mm&r=g\",\"url\":\"https:\\\/\\\/secure.gravatar.com\\\/avatar\\\/b6992f131dc8d30ab0dff15446e9d346d9dbd95992de0fef795073f5ea83a81c?s=96&d=mm&r=g\",\"contentUrl\":\"https:\\\/\\\/secure.gravatar.com\\\/avatar\\\/b6992f131dc8d30ab0dff15446e9d346d9dbd95992de0fef795073f5ea83a81c?s=96&d=mm&r=g\",\"caption\":\"La Gu\u00eda de Pamplona\"}}]}<\/script>\n<!-- \/ Yoast SEO plugin. -->","yoast_head_json":{"title":"COworkids organizar\u00e1 campamentos urbanos para menores de 3 a 12 a\u00f1os en verano y Navidad, con 120 plazas semanales en el CP Iturrama y el CP Cardenal Ilund\u00e1in","description":"La Junta de Gobierno ha aprobado la licitaci\u00f3n de un contrato en dos lotes para la gesti\u00f3n de los campamentos y el suministro de comidas","robots":{"index":"index","follow":"follow","max-snippet":"max-snippet:-1","max-image-preview":"max-image-preview:large","max-video-preview":"max-video-preview:-1"},"canonical":"https:\/\/www.laguiadepamplona.com\/actualidad\/coworkids-organizara-campamentos-urbanos-para-menores-de-3-a-12-anos-en-verano-y-navidad-con-120-plazas-semanales-en-el-cp-iturrama-y-el-cp-cardenal-ilundain\/","og_locale":"es_ES","og_type":"article","og_title":"COworkids organizar\u00e1 campamentos urbanos para menores de 3 a 12 a\u00f1os en verano y Navidad, con 120 plazas semanales en el CP Iturrama y el CP Cardenal Ilund\u00e1in","og_description":"La Junta de Gobierno ha aprobado la licitaci\u00f3n de un contrato en dos lotes para la gesti\u00f3n de los campamentos y el suministro de comidas","og_url":"https:\/\/www.laguiadepamplona.com\/actualidad\/coworkids-organizara-campamentos-urbanos-para-menores-de-3-a-12-anos-en-verano-y-navidad-con-120-plazas-semanales-en-el-cp-iturrama-y-el-cp-cardenal-ilundain\/","og_site_name":"La Gu\u00eda de Pamplona","article_publisher":"https:\/\/www.facebook.com\/laguiadepamplonacom-133175176762273\/?ref=hl","article_published_time":"2022-02-28T11:13:35+00:00","article_modified_time":"2023-04-11T09:48:29+00:00","og_image":[{"width":1540,"height":794,"url":"https:\/\/www.laguiadepamplona.com\/actualidad\/wp-content\/uploads\/2021\/10\/coworkids.jpg","type":"image\/jpeg"}],"author":"La Gu\u00eda de Pamplona","twitter_card":"summary_large_image","twitter_creator":"@LaGuiadPamplona","twitter_site":"@LaGuiadPamplona","twitter_misc":{"Escrito por":"La Gu\u00eda de Pamplona","Tiempo de lectura":"4 minutos"},"schema":{"@context":"https:\/\/schema.org","@graph":[{"@type":"Article","@id":"https:\/\/www.laguiadepamplona.com\/actualidad\/coworkids-organizara-campamentos-urbanos-para-menores-de-3-a-12-anos-en-verano-y-navidad-con-120-plazas-semanales-en-el-cp-iturrama-y-el-cp-cardenal-ilundain\/#article","isPartOf":{"@id":"https:\/\/www.laguiadepamplona.com\/actualidad\/coworkids-organizara-campamentos-urbanos-para-menores-de-3-a-12-anos-en-verano-y-navidad-con-120-plazas-semanales-en-el-cp-iturrama-y-el-cp-cardenal-ilundain\/"},"author":{"name":"La Gu\u00eda de Pamplona","@id":"https:\/\/www.laguiadepamplona.com\/actualidad\/#\/schema\/person\/efe887376f0213d4657c93adc50b1fdb"},"headline":"COworkids organizar\u00e1 campamentos urbanos para menores de 3 a 12 a\u00f1os en verano y Navidad, con 120 plazas semanales en el CP Iturrama y el CP Cardenal Ilund\u00e1in","datePublished":"2022-02-28T11:13:35+00:00","dateModified":"2023-04-11T09:48:29+00:00","mainEntityOfPage":{"@id":"https:\/\/www.laguiadepamplona.com\/actualidad\/coworkids-organizara-campamentos-urbanos-para-menores-de-3-a-12-anos-en-verano-y-navidad-con-120-plazas-semanales-en-el-cp-iturrama-y-el-cp-cardenal-ilundain\/"},"wordCount":752,"commentCount":0,"publisher":{"@id":"https:\/\/www.laguiadepamplona.com\/actualidad\/#organization"},"image":{"@id":"https:\/\/www.laguiadepamplona.com\/actualidad\/coworkids-organizara-campamentos-urbanos-para-menores-de-3-a-12-anos-en-verano-y-navidad-con-120-plazas-semanales-en-el-cp-iturrama-y-el-cp-cardenal-ilundain\/#primaryimage"},"thumbnailUrl":"https:\/\/www.laguiadepamplona.com\/actualidad\/wp-content\/uploads\/2021\/10\/coworkids.jpg","articleSection":["Ayto Pamplona"],"inLanguage":"es","potentialAction":[{"@type":"CommentAction","name":"Comment","target":["https:\/\/www.laguiadepamplona.com\/actualidad\/coworkids-organizara-campamentos-urbanos-para-menores-de-3-a-12-anos-en-verano-y-navidad-con-120-plazas-semanales-en-el-cp-iturrama-y-el-cp-cardenal-ilundain\/#respond"]}]},{"@type":"WebPage","@id":"https:\/\/www.laguiadepamplona.com\/actualidad\/coworkids-organizara-campamentos-urbanos-para-menores-de-3-a-12-anos-en-verano-y-navidad-con-120-plazas-semanales-en-el-cp-iturrama-y-el-cp-cardenal-ilundain\/","url":"https:\/\/www.laguiadepamplona.com\/actualidad\/coworkids-organizara-campamentos-urbanos-para-menores-de-3-a-12-anos-en-verano-y-navidad-con-120-plazas-semanales-en-el-cp-iturrama-y-el-cp-cardenal-ilundain\/","name":"COworkids organizar\u00e1 campamentos urbanos para menores de 3 a 12 a\u00f1os en verano y Navidad, con 120 plazas semanales en el CP Iturrama y el CP Cardenal Ilund\u00e1in","isPartOf":{"@id":"https:\/\/www.laguiadepamplona.com\/actualidad\/#website"},"primaryImageOfPage":{"@id":"https:\/\/www.laguiadepamplona.com\/actualidad\/coworkids-organizara-campamentos-urbanos-para-menores-de-3-a-12-anos-en-verano-y-navidad-con-120-plazas-semanales-en-el-cp-iturrama-y-el-cp-cardenal-ilundain\/#primaryimage"},"image":{"@id":"https:\/\/www.laguiadepamplona.com\/actualidad\/coworkids-organizara-campamentos-urbanos-para-menores-de-3-a-12-anos-en-verano-y-navidad-con-120-plazas-semanales-en-el-cp-iturrama-y-el-cp-cardenal-ilundain\/#primaryimage"},"thumbnailUrl":"https:\/\/www.laguiadepamplona.com\/actualidad\/wp-content\/uploads\/2021\/10\/coworkids.jpg","datePublished":"2022-02-28T11:13:35+00:00","dateModified":"2023-04-11T09:48:29+00:00","description":"La Junta de Gobierno ha aprobado la licitaci\u00f3n de un contrato en dos lotes para la gesti\u00f3n de los campamentos y el suministro de comidas","breadcrumb":{"@id":"https:\/\/www.laguiadepamplona.com\/actualidad\/coworkids-organizara-campamentos-urbanos-para-menores-de-3-a-12-anos-en-verano-y-navidad-con-120-plazas-semanales-en-el-cp-iturrama-y-el-cp-cardenal-ilundain\/#breadcrumb"},"inLanguage":"es","potentialAction":[{"@type":"ReadAction","target":["https:\/\/www.laguiadepamplona.com\/actualidad\/coworkids-organizara-campamentos-urbanos-para-menores-de-3-a-12-anos-en-verano-y-navidad-con-120-plazas-semanales-en-el-cp-iturrama-y-el-cp-cardenal-ilundain\/"]}]},{"@type":"ImageObject","inLanguage":"es","@id":"https:\/\/www.laguiadepamplona.com\/actualidad\/coworkids-organizara-campamentos-urbanos-para-menores-de-3-a-12-anos-en-verano-y-navidad-con-120-plazas-semanales-en-el-cp-iturrama-y-el-cp-cardenal-ilundain\/#primaryimage","url":"https:\/\/www.laguiadepamplona.com\/actualidad\/wp-content\/uploads\/2021\/10\/coworkids.jpg","contentUrl":"https:\/\/www.laguiadepamplona.com\/actualidad\/wp-content\/uploads\/2021\/10\/coworkids.jpg","width":1540,"height":794},{"@type":"BreadcrumbList","@id":"https:\/\/www.laguiadepamplona.com\/actualidad\/coworkids-organizara-campamentos-urbanos-para-menores-de-3-a-12-anos-en-verano-y-navidad-con-120-plazas-semanales-en-el-cp-iturrama-y-el-cp-cardenal-ilundain\/#breadcrumb","itemListElement":[{"@type":"ListItem","position":1,"name":"Portada","item":"https:\/\/www.laguiadepamplona.com\/actualidad\/"},{"@type":"ListItem","position":2,"name":"COworkids organizar\u00e1 campamentos urbanos para menores de 3 a 12 a\u00f1os en verano y Navidad, con 120 plazas semanales en el CP Iturrama y el CP Cardenal Ilund\u00e1in"}]},{"@type":"WebSite","@id":"https:\/\/www.laguiadepamplona.com\/actualidad\/#website","url":"https:\/\/www.laguiadepamplona.com\/actualidad\/","name":"La gu\u00eda de Pamplona","description":"Noticias de Pamplona","publisher":{"@id":"https:\/\/www.laguiadepamplona.com\/actualidad\/#organization"},"potentialAction":[{"@type":"SearchAction","target":{"@type":"EntryPoint","urlTemplate":"https:\/\/www.laguiadepamplona.com\/actualidad\/?s={search_term_string}"},"query-input":{"@type":"PropertyValueSpecification","valueRequired":true,"valueName":"search_term_string"}}],"inLanguage":"es"},{"@type":"Organization","@id":"https:\/\/www.laguiadepamplona.com\/actualidad\/#organization","name":"La Gu\u00eda de Pamplona \/ Noticias","url":"https:\/\/www.laguiadepamplona.com\/actualidad\/","logo":{"@type":"ImageObject","inLanguage":"es","@id":"https:\/\/www.laguiadepamplona.com\/actualidad\/#\/schema\/logo\/image\/","url":"https:\/\/www.laguiadepamplona.com\/actualidad\/wp-content\/uploads\/2018\/11\/logo-laguiadepamplona18-web1.png","contentUrl":"https:\/\/www.laguiadepamplona.com\/actualidad\/wp-content\/uploads\/2018\/11\/logo-laguiadepamplona18-web1.png","width":600,"height":196,"caption":"La Gu\u00eda de Pamplona \/ Noticias"},"image":{"@id":"https:\/\/www.laguiadepamplona.com\/actualidad\/#\/schema\/logo\/image\/"},"sameAs":["https:\/\/www.facebook.com\/laguiadepamplonacom-133175176762273\/?ref=hl","https:\/\/x.com\/LaGuiadPamplona","https:\/\/www.instagram.com\/la_guia_de_pamplona\/","https:\/\/www.youtube.com\/user\/laguiadepamplona"]},{"@type":"Person","@id":"https:\/\/www.laguiadepamplona.com\/actualidad\/#\/schema\/person\/efe887376f0213d4657c93adc50b1fdb","name":"La Gu\u00eda de Pamplona","image":{"@type":"ImageObject","inLanguage":"es","@id":"https:\/\/secure.gravatar.com\/avatar\/b6992f131dc8d30ab0dff15446e9d346d9dbd95992de0fef795073f5ea83a81c?s=96&d=mm&r=g","url":"https:\/\/secure.gravatar.com\/avatar\/b6992f131dc8d30ab0dff15446e9d346d9dbd95992de0fef795073f5ea83a81c?s=96&d=mm&r=g","contentUrl":"https:\/\/secure.gravatar.com\/avatar\/b6992f131dc8d30ab0dff15446e9d346d9dbd95992de0fef795073f5ea83a81c?s=96&d=mm&r=g","caption":"La Gu\u00eda de Pamplona"}}]}},"post_mailing_queue_ids":[],"_links":{"self":[{"href":"https:\/\/www.laguiadepamplona.com\/actualidad\/wp-json\/wp\/v2\/posts\/39065","targetHints":{"allow":["GET"]}}],"collection":[{"href":"https:\/\/www.laguiadepamplona.com\/actualidad\/wp-json\/wp\/v2\/posts"}],"about":[{"href":"https:\/\/www.laguiadepamplona.com\/actualidad\/wp-json\/wp\/v2\/types\/post"}],"author":[{"embeddable":true,"href":"https:\/\/www.laguiadepamplona.com\/actualidad\/wp-json\/wp\/v2\/users\/1"}],"replies":[{"embeddable":true,"href":"https:\/\/www.laguiadepamplona.com\/actualidad\/wp-json\/wp\/v2\/comments?post=39065"}],"version-history":[{"count":0,"href":"https:\/\/www.laguiadepamplona.com\/actualidad\/wp-json\/wp\/v2\/posts\/39065\/revisions"}],"wp:featuredmedia":[{"embeddable":true,"href":"https:\/\/www.laguiadepamplona.com\/actualidad\/wp-json\/wp\/v2\/media\/36998"}],"wp:attachment":[{"href":"https:\/\/www.laguiadepamplona.com\/actualidad\/wp-json\/wp\/v2\/media?parent=39065"}],"wp:term":[{"taxonomy":"category","embeddable":true,"href":"https:\/\/www.laguiadepamplona.com\/actualidad\/wp-json\/wp\/v2\/categories?post=39065"},{"taxonomy":"post_tag","embeddable":true,"href":"https:\/\/www.laguiadepamplona.com\/actualidad\/wp-json\/wp\/v2\/tags?post=39065"}],"curies":[{"name":"wp","href":"https:\/\/api.w.org\/{rel}","templated":true}]}}