{"id":39048,"date":"2022-02-25T14:00:07","date_gmt":"2022-02-25T12:00:07","guid":{"rendered":"https:\/\/www.laguiadepamplona.com\/actualidad\/?p=39048"},"modified":"2023-04-11T11:48:29","modified_gmt":"2023-04-11T09:48:29","slug":"cuatro-talleres-de-co-creacion-buscaran-en-marzo-propuestas-e-ideas-de-cara-a-la-elaboracion-del-i-plan-de-diversidad-cultural-y-ciudadania-inclusiva","status":"publish","type":"post","link":"https:\/\/www.laguiadepamplona.com\/actualidad\/cuatro-talleres-de-co-creacion-buscaran-en-marzo-propuestas-e-ideas-de-cara-a-la-elaboracion-del-i-plan-de-diversidad-cultural-y-ciudadania-inclusiva\/","title":{"rendered":"Cuatro talleres de co-creaci\u00f3n buscar\u00e1n en marzo propuestas e ideas de cara a la elaboraci\u00f3n del I Plan de Diversidad Cultural y Ciudadan\u00eda Inclusiva"},"content":{"rendered":"<h5>La inscripci\u00f3n est\u00e1 abierta online en lo que ser\u00e1 el inicio de una nueva fase en ese plan, tras el an\u00e1lisis del diagn\u00f3stico de diversidad cultural de Pamplona<\/h5>\n<p><!--more--><\/p>\n<p>El Ayuntamiento de Pamplona ha organizado para el pr\u00f3ximo mes de marzo cuatro sesiones de trabajo conjunto con asociaciones y entidades de diversidad cultural para incorporar su punto de vista y sus propuestas en el I Plan de Diversidad Cultural y Ciudadan\u00eda Inclusiva. Se celebrar\u00e1n los d\u00edas 7, 9, 10 y 14 de marzo, en horario de ma\u00f1ana y tarde, y girar\u00e1n en torno a dos tem\u00e1ticas: por una parte, los servicios y programas interculturales y, por otra, conocernos, encontrarnos, relacionarnos.<br \/>\n<script async src=\"\/\/pagead2.googlesyndication.com\/pagead\/js\/adsbygoogle.js\"><\/script><br \/>\n<!-- Noticias La Guia de Pamplona --><br \/>\n<ins class=\"adsbygoogle\"\nstyle=\"display:block\"\ndata-ad-client=\"ca-pub-6943679897239327\"\ndata-ad-slot=\"7048180777\"\ndata-ad-format=\"auto\"><\/ins><br \/>\n<script>\n(adsbygoogle = window.adsbygoogle || []).push({});\n<\/script><\/p>\n<p>Ser\u00e1 necesaria la inscripci\u00f3n previa, que ya est\u00e1 abierta de forma on line, a trav\u00e9s de los formularios preparados tanto en <a href=\"https:\/\/forms.office.com\/Pages\/ResponsePage.aspx?id=JLu00Y8ugkCQrfU-7caQgjmoXGjO049GiUuMmjpQVPlUN1laQUhHMUozRk9BV1FJUURTV01ZTEI4Vy4u\" target=\"_blank\" rel=\"noopener\">castellano<\/a> como en <a href=\"https:\/\/forms.office.com\/Pages\/ResponsePage.aspx?id=JLu00Y8ugkCQrfU-7caQgjmoXGjO049GiUuMmjpQVPlUQ1kxN1hEQTgxMDdVUVUwQjFNNjlFSk5MVS4u\" target=\"_blank\" rel=\"noopener\">euskera<\/a>. Tras el diagn\u00f3stico realizado sobre la diversidad en Pamplona, con estos talleres se inicia una nueva fase que tiene como objetivo recoger propuestas, acciones o buenas pr\u00e1cticas que puedan verse posteriormente reflejadas en el que ser\u00e1 el I Plan de Diversidad Cultura y Ciudadan\u00eda Inclusiva de Pamplona. Toda la informaci\u00f3n sobre los talleres se puede consultar en el portal <a href=\"https:\/\/participa.pamplona.es\/talleres-de-co-creacion-para-el-i-plan-de-diversidad-cultural-y-ciudadania-inclusiva\/\" target=\"_blank\" rel=\"noopener\">Participa Pamplona<\/a>.<\/p>\n<p>Para cerrar la fase de diagn\u00f3stico ayer jueves por la tarde se celebr\u00f3 una reuni\u00f3n en el CP San Francisco para devolver a las personas y entidades involucradas en el I Plan de Diversidad Cultural y Ciudadan\u00eda Inclusiva de Pamplona los principales resultados de ese diagn\u00f3stico. Acudieron 22 personas en representaci\u00f3n de asociaciones y ciudadan\u00eda interesadas en conocer las conclusiones del trabajo realizado hasta ahora y en participar en la nueva fase que ahora se abre, de elaboraci\u00f3n del plan propiamente dicho.<br \/>\n<script async src=\"\/\/pagead2.googlesyndication.com\/pagead\/js\/adsbygoogle.js\"><\/script><br \/>\n<!-- Noticias La Guia de Pamplona --><br \/>\n<ins class=\"adsbygoogle\"\nstyle=\"display:block\"\ndata-ad-client=\"ca-pub-6943679897239327\"\ndata-ad-slot=\"7048180777\"\ndata-ad-format=\"auto\"><\/ins><br \/>\n<script>\n(adsbygoogle = window.adsbygoogle || []).push({});\n<\/script><\/p>\n<p><strong>Sobre el diagn\u00f3stico de diversidad de Pamplona<\/strong><\/p>\n<p>En las conclusiones del diagn\u00f3stico se se\u00f1ala que en Pamplona hay convivencia intercultural, marcada por la territorialidad del barrio en el que se vive. Existe un alto grado de aceptaci\u00f3n general acerca de que una parte de la poblaci\u00f3n de Pamplona proceda de distintos pa\u00edses, un alto nivel de satisfacci\u00f3n residencial en Pamplona, especialmente en la poblaci\u00f3n aut\u00f3ctona (93%), aunque tambi\u00e9n la poblaci\u00f3n migrada se manifiesta bastante o muy a gusto en la ciudad (89%). Adem\u00e1s, hay un alto sentimiento de pertenencia, un 88% de la poblaci\u00f3n local y el 76%de la poblaci\u00f3n migrante. Lo que m\u00e1s se valora de Pamplona es la tranquilidad, las zonas verdes, los servicios p\u00fablicos y el tener familiares y amistades en la ciudad.<\/p>\n<p>En las relaciones con la administraci\u00f3n, se han detectado dificultades, principalmente por la barrera idiom\u00e1tica, por diferencias culturales o por el desconocimiento del propio sector p\u00fablico. Por el contrario, se han detectado elementos facilitadores de esta relaci\u00f3n, como el servicio del 010, que ayuda en ciertas gestiones municipales, el trabajo de las asociaciones de diversidad cultural y la visibilizaci\u00f3n de la diversidad cultural de la ciudad.<\/p>\n","protected":false},"excerpt":{"rendered":"<p>La inscripci\u00f3n est\u00e1 abierta online en lo que ser\u00e1 el inicio de una nueva fase en ese plan, tras el an\u00e1lisis del diagn\u00f3stico de diversidad cultural de Pamplona<\/p>\n","protected":false},"author":1,"featured_media":39049,"comment_status":"open","ping_status":"closed","sticky":false,"template":"","format":"standard","meta":{"footnotes":""},"categories":[2],"tags":[],"class_list":["post-39048","post","type-post","status-publish","format-standard","has-post-thumbnail","hentry","category-ayuntamiento-pamplona"],"yoast_head":"<!-- This site is optimized with the Yoast SEO plugin v27.3 - https:\/\/yoast.com\/product\/yoast-seo-wordpress\/ -->\n<title>Cuatro talleres de co-creaci\u00f3n buscar\u00e1n en marzo propuestas e ideas de cara a la elaboraci\u00f3n del I Plan de Diversidad Cultural y Ciudadan\u00eda Inclusiva<\/title>\n<meta name=\"description\" content=\"La inscripci\u00f3n est\u00e1 abierta online en lo que ser\u00e1 el inicio de una nueva fase en ese plan, tras el an\u00e1lisis del diagn\u00f3stico de diversidad cultural de Pamplona\" \/>\n<meta name=\"robots\" content=\"index, follow, max-snippet:-1, max-image-preview:large, max-video-preview:-1\" \/>\n<link rel=\"canonical\" href=\"https:\/\/www.laguiadepamplona.com\/actualidad\/cuatro-talleres-de-co-creacion-buscaran-en-marzo-propuestas-e-ideas-de-cara-a-la-elaboracion-del-i-plan-de-diversidad-cultural-y-ciudadania-inclusiva\/\" \/>\n<meta property=\"og:locale\" content=\"es_ES\" \/>\n<meta property=\"og:type\" content=\"article\" \/>\n<meta property=\"og:title\" content=\"Cuatro talleres de co-creaci\u00f3n buscar\u00e1n en marzo propuestas e ideas de cara a la elaboraci\u00f3n del I Plan de Diversidad Cultural y Ciudadan\u00eda Inclusiva\" \/>\n<meta property=\"og:description\" content=\"La inscripci\u00f3n est\u00e1 abierta online en lo que ser\u00e1 el inicio de una nueva fase en ese plan, tras el an\u00e1lisis del diagn\u00f3stico de diversidad cultural de Pamplona\" \/>\n<meta property=\"og:url\" content=\"https:\/\/www.laguiadepamplona.com\/actualidad\/cuatro-talleres-de-co-creacion-buscaran-en-marzo-propuestas-e-ideas-de-cara-a-la-elaboracion-del-i-plan-de-diversidad-cultural-y-ciudadania-inclusiva\/\" \/>\n<meta property=\"og:site_name\" content=\"La Gu\u00eda de Pamplona\" \/>\n<meta property=\"article:publisher\" content=\"https:\/\/www.facebook.com\/laguiadepamplonacom-133175176762273\/?ref=hl\" \/>\n<meta property=\"article:published_time\" content=\"2022-02-25T12:00:07+00:00\" \/>\n<meta property=\"article:modified_time\" content=\"2023-04-11T09:48:29+00:00\" \/>\n<meta property=\"og:image\" content=\"https:\/\/www.laguiadepamplona.com\/actualidad\/wp-content\/uploads\/2022\/02\/igualdad_planeta-web_0.jpg\" \/>\n\t<meta property=\"og:image:width\" content=\"1772\" \/>\n\t<meta property=\"og:image:height\" content=\"1126\" \/>\n\t<meta property=\"og:image:type\" content=\"image\/jpeg\" \/>\n<meta name=\"author\" content=\"La Gu\u00eda de Pamplona\" \/>\n<meta name=\"twitter:card\" content=\"summary_large_image\" \/>\n<meta name=\"twitter:creator\" content=\"@LaGuiadPamplona\" \/>\n<meta name=\"twitter:site\" content=\"@LaGuiadPamplona\" \/>\n<meta name=\"twitter:label1\" content=\"Escrito por\" \/>\n\t<meta name=\"twitter:data1\" content=\"La Gu\u00eda de Pamplona\" \/>\n\t<meta name=\"twitter:label2\" content=\"Tiempo de lectura\" \/>\n\t<meta name=\"twitter:data2\" content=\"3 minutos\" \/>\n<script type=\"application\/ld+json\" class=\"yoast-schema-graph\">{\"@context\":\"https:\\\/\\\/schema.org\",\"@graph\":[{\"@type\":\"Article\",\"@id\":\"https:\\\/\\\/www.laguiadepamplona.com\\\/actualidad\\\/cuatro-talleres-de-co-creacion-buscaran-en-marzo-propuestas-e-ideas-de-cara-a-la-elaboracion-del-i-plan-de-diversidad-cultural-y-ciudadania-inclusiva\\\/#article\",\"isPartOf\":{\"@id\":\"https:\\\/\\\/www.laguiadepamplona.com\\\/actualidad\\\/cuatro-talleres-de-co-creacion-buscaran-en-marzo-propuestas-e-ideas-de-cara-a-la-elaboracion-del-i-plan-de-diversidad-cultural-y-ciudadania-inclusiva\\\/\"},\"author\":{\"name\":\"La Gu\u00eda de Pamplona\",\"@id\":\"https:\\\/\\\/www.laguiadepamplona.com\\\/actualidad\\\/#\\\/schema\\\/person\\\/efe887376f0213d4657c93adc50b1fdb\"},\"headline\":\"Cuatro talleres de co-creaci\u00f3n buscar\u00e1n en marzo propuestas e ideas de cara a la elaboraci\u00f3n del I Plan de Diversidad Cultural y Ciudadan\u00eda Inclusiva\",\"datePublished\":\"2022-02-25T12:00:07+00:00\",\"dateModified\":\"2023-04-11T09:48:29+00:00\",\"mainEntityOfPage\":{\"@id\":\"https:\\\/\\\/www.laguiadepamplona.com\\\/actualidad\\\/cuatro-talleres-de-co-creacion-buscaran-en-marzo-propuestas-e-ideas-de-cara-a-la-elaboracion-del-i-plan-de-diversidad-cultural-y-ciudadania-inclusiva\\\/\"},\"wordCount\":532,\"commentCount\":0,\"publisher\":{\"@id\":\"https:\\\/\\\/www.laguiadepamplona.com\\\/actualidad\\\/#organization\"},\"image\":{\"@id\":\"https:\\\/\\\/www.laguiadepamplona.com\\\/actualidad\\\/cuatro-talleres-de-co-creacion-buscaran-en-marzo-propuestas-e-ideas-de-cara-a-la-elaboracion-del-i-plan-de-diversidad-cultural-y-ciudadania-inclusiva\\\/#primaryimage\"},\"thumbnailUrl\":\"https:\\\/\\\/www.laguiadepamplona.com\\\/actualidad\\\/wp-content\\\/uploads\\\/2022\\\/02\\\/igualdad_planeta-web_0.jpg\",\"articleSection\":[\"Ayto Pamplona\"],\"inLanguage\":\"es\",\"potentialAction\":[{\"@type\":\"CommentAction\",\"name\":\"Comment\",\"target\":[\"https:\\\/\\\/www.laguiadepamplona.com\\\/actualidad\\\/cuatro-talleres-de-co-creacion-buscaran-en-marzo-propuestas-e-ideas-de-cara-a-la-elaboracion-del-i-plan-de-diversidad-cultural-y-ciudadania-inclusiva\\\/#respond\"]}]},{\"@type\":\"WebPage\",\"@id\":\"https:\\\/\\\/www.laguiadepamplona.com\\\/actualidad\\\/cuatro-talleres-de-co-creacion-buscaran-en-marzo-propuestas-e-ideas-de-cara-a-la-elaboracion-del-i-plan-de-diversidad-cultural-y-ciudadania-inclusiva\\\/\",\"url\":\"https:\\\/\\\/www.laguiadepamplona.com\\\/actualidad\\\/cuatro-talleres-de-co-creacion-buscaran-en-marzo-propuestas-e-ideas-de-cara-a-la-elaboracion-del-i-plan-de-diversidad-cultural-y-ciudadania-inclusiva\\\/\",\"name\":\"Cuatro talleres de co-creaci\u00f3n buscar\u00e1n en marzo propuestas e ideas de cara a la elaboraci\u00f3n del I Plan de Diversidad Cultural y Ciudadan\u00eda Inclusiva\",\"isPartOf\":{\"@id\":\"https:\\\/\\\/www.laguiadepamplona.com\\\/actualidad\\\/#website\"},\"primaryImageOfPage\":{\"@id\":\"https:\\\/\\\/www.laguiadepamplona.com\\\/actualidad\\\/cuatro-talleres-de-co-creacion-buscaran-en-marzo-propuestas-e-ideas-de-cara-a-la-elaboracion-del-i-plan-de-diversidad-cultural-y-ciudadania-inclusiva\\\/#primaryimage\"},\"image\":{\"@id\":\"https:\\\/\\\/www.laguiadepamplona.com\\\/actualidad\\\/cuatro-talleres-de-co-creacion-buscaran-en-marzo-propuestas-e-ideas-de-cara-a-la-elaboracion-del-i-plan-de-diversidad-cultural-y-ciudadania-inclusiva\\\/#primaryimage\"},\"thumbnailUrl\":\"https:\\\/\\\/www.laguiadepamplona.com\\\/actualidad\\\/wp-content\\\/uploads\\\/2022\\\/02\\\/igualdad_planeta-web_0.jpg\",\"datePublished\":\"2022-02-25T12:00:07+00:00\",\"dateModified\":\"2023-04-11T09:48:29+00:00\",\"description\":\"La inscripci\u00f3n est\u00e1 abierta online en lo que ser\u00e1 el inicio de una nueva fase en ese plan, tras el an\u00e1lisis del diagn\u00f3stico de diversidad cultural de Pamplona\",\"breadcrumb\":{\"@id\":\"https:\\\/\\\/www.laguiadepamplona.com\\\/actualidad\\\/cuatro-talleres-de-co-creacion-buscaran-en-marzo-propuestas-e-ideas-de-cara-a-la-elaboracion-del-i-plan-de-diversidad-cultural-y-ciudadania-inclusiva\\\/#breadcrumb\"},\"inLanguage\":\"es\",\"potentialAction\":[{\"@type\":\"ReadAction\",\"target\":[\"https:\\\/\\\/www.laguiadepamplona.com\\\/actualidad\\\/cuatro-talleres-de-co-creacion-buscaran-en-marzo-propuestas-e-ideas-de-cara-a-la-elaboracion-del-i-plan-de-diversidad-cultural-y-ciudadania-inclusiva\\\/\"]}]},{\"@type\":\"ImageObject\",\"inLanguage\":\"es\",\"@id\":\"https:\\\/\\\/www.laguiadepamplona.com\\\/actualidad\\\/cuatro-talleres-de-co-creacion-buscaran-en-marzo-propuestas-e-ideas-de-cara-a-la-elaboracion-del-i-plan-de-diversidad-cultural-y-ciudadania-inclusiva\\\/#primaryimage\",\"url\":\"https:\\\/\\\/www.laguiadepamplona.com\\\/actualidad\\\/wp-content\\\/uploads\\\/2022\\\/02\\\/igualdad_planeta-web_0.jpg\",\"contentUrl\":\"https:\\\/\\\/www.laguiadepamplona.com\\\/actualidad\\\/wp-content\\\/uploads\\\/2022\\\/02\\\/igualdad_planeta-web_0.jpg\",\"width\":1772,\"height\":1126},{\"@type\":\"BreadcrumbList\",\"@id\":\"https:\\\/\\\/www.laguiadepamplona.com\\\/actualidad\\\/cuatro-talleres-de-co-creacion-buscaran-en-marzo-propuestas-e-ideas-de-cara-a-la-elaboracion-del-i-plan-de-diversidad-cultural-y-ciudadania-inclusiva\\\/#breadcrumb\",\"itemListElement\":[{\"@type\":\"ListItem\",\"position\":1,\"name\":\"Portada\",\"item\":\"https:\\\/\\\/www.laguiadepamplona.com\\\/actualidad\\\/\"},{\"@type\":\"ListItem\",\"position\":2,\"name\":\"Cuatro talleres de co-creaci\u00f3n buscar\u00e1n en marzo propuestas e ideas de cara a la elaboraci\u00f3n del I Plan de Diversidad Cultural y Ciudadan\u00eda Inclusiva\"}]},{\"@type\":\"WebSite\",\"@id\":\"https:\\\/\\\/www.laguiadepamplona.com\\\/actualidad\\\/#website\",\"url\":\"https:\\\/\\\/www.laguiadepamplona.com\\\/actualidad\\\/\",\"name\":\"La gu\u00eda de Pamplona\",\"description\":\"Noticias de Pamplona\",\"publisher\":{\"@id\":\"https:\\\/\\\/www.laguiadepamplona.com\\\/actualidad\\\/#organization\"},\"potentialAction\":[{\"@type\":\"SearchAction\",\"target\":{\"@type\":\"EntryPoint\",\"urlTemplate\":\"https:\\\/\\\/www.laguiadepamplona.com\\\/actualidad\\\/?s={search_term_string}\"},\"query-input\":{\"@type\":\"PropertyValueSpecification\",\"valueRequired\":true,\"valueName\":\"search_term_string\"}}],\"inLanguage\":\"es\"},{\"@type\":\"Organization\",\"@id\":\"https:\\\/\\\/www.laguiadepamplona.com\\\/actualidad\\\/#organization\",\"name\":\"La Gu\u00eda de Pamplona \\\/ Noticias\",\"url\":\"https:\\\/\\\/www.laguiadepamplona.com\\\/actualidad\\\/\",\"logo\":{\"@type\":\"ImageObject\",\"inLanguage\":\"es\",\"@id\":\"https:\\\/\\\/www.laguiadepamplona.com\\\/actualidad\\\/#\\\/schema\\\/logo\\\/image\\\/\",\"url\":\"https:\\\/\\\/www.laguiadepamplona.com\\\/actualidad\\\/wp-content\\\/uploads\\\/2018\\\/11\\\/logo-laguiadepamplona18-web1.png\",\"contentUrl\":\"https:\\\/\\\/www.laguiadepamplona.com\\\/actualidad\\\/wp-content\\\/uploads\\\/2018\\\/11\\\/logo-laguiadepamplona18-web1.png\",\"width\":600,\"height\":196,\"caption\":\"La Gu\u00eda de Pamplona \\\/ Noticias\"},\"image\":{\"@id\":\"https:\\\/\\\/www.laguiadepamplona.com\\\/actualidad\\\/#\\\/schema\\\/logo\\\/image\\\/\"},\"sameAs\":[\"https:\\\/\\\/www.facebook.com\\\/laguiadepamplonacom-133175176762273\\\/?ref=hl\",\"https:\\\/\\\/x.com\\\/LaGuiadPamplona\",\"https:\\\/\\\/www.instagram.com\\\/la_guia_de_pamplona\\\/\",\"https:\\\/\\\/www.youtube.com\\\/user\\\/laguiadepamplona\"]},{\"@type\":\"Person\",\"@id\":\"https:\\\/\\\/www.laguiadepamplona.com\\\/actualidad\\\/#\\\/schema\\\/person\\\/efe887376f0213d4657c93adc50b1fdb\",\"name\":\"La Gu\u00eda de Pamplona\",\"image\":{\"@type\":\"ImageObject\",\"inLanguage\":\"es\",\"@id\":\"https:\\\/\\\/secure.gravatar.com\\\/avatar\\\/b6992f131dc8d30ab0dff15446e9d346d9dbd95992de0fef795073f5ea83a81c?s=96&d=mm&r=g\",\"url\":\"https:\\\/\\\/secure.gravatar.com\\\/avatar\\\/b6992f131dc8d30ab0dff15446e9d346d9dbd95992de0fef795073f5ea83a81c?s=96&d=mm&r=g\",\"contentUrl\":\"https:\\\/\\\/secure.gravatar.com\\\/avatar\\\/b6992f131dc8d30ab0dff15446e9d346d9dbd95992de0fef795073f5ea83a81c?s=96&d=mm&r=g\",\"caption\":\"La Gu\u00eda de Pamplona\"}}]}<\/script>\n<!-- \/ Yoast SEO plugin. -->","yoast_head_json":{"title":"Cuatro talleres de co-creaci\u00f3n buscar\u00e1n en marzo propuestas e ideas de cara a la elaboraci\u00f3n del I Plan de Diversidad Cultural y Ciudadan\u00eda Inclusiva","description":"La inscripci\u00f3n est\u00e1 abierta online en lo que ser\u00e1 el inicio de una nueva fase en ese plan, tras el an\u00e1lisis del diagn\u00f3stico de diversidad cultural de Pamplona","robots":{"index":"index","follow":"follow","max-snippet":"max-snippet:-1","max-image-preview":"max-image-preview:large","max-video-preview":"max-video-preview:-1"},"canonical":"https:\/\/www.laguiadepamplona.com\/actualidad\/cuatro-talleres-de-co-creacion-buscaran-en-marzo-propuestas-e-ideas-de-cara-a-la-elaboracion-del-i-plan-de-diversidad-cultural-y-ciudadania-inclusiva\/","og_locale":"es_ES","og_type":"article","og_title":"Cuatro talleres de co-creaci\u00f3n buscar\u00e1n en marzo propuestas e ideas de cara a la elaboraci\u00f3n del I Plan de Diversidad Cultural y Ciudadan\u00eda Inclusiva","og_description":"La inscripci\u00f3n est\u00e1 abierta online en lo que ser\u00e1 el inicio de una nueva fase en ese plan, tras el an\u00e1lisis del diagn\u00f3stico de diversidad cultural de Pamplona","og_url":"https:\/\/www.laguiadepamplona.com\/actualidad\/cuatro-talleres-de-co-creacion-buscaran-en-marzo-propuestas-e-ideas-de-cara-a-la-elaboracion-del-i-plan-de-diversidad-cultural-y-ciudadania-inclusiva\/","og_site_name":"La Gu\u00eda de Pamplona","article_publisher":"https:\/\/www.facebook.com\/laguiadepamplonacom-133175176762273\/?ref=hl","article_published_time":"2022-02-25T12:00:07+00:00","article_modified_time":"2023-04-11T09:48:29+00:00","og_image":[{"width":1772,"height":1126,"url":"https:\/\/www.laguiadepamplona.com\/actualidad\/wp-content\/uploads\/2022\/02\/igualdad_planeta-web_0.jpg","type":"image\/jpeg"}],"author":"La Gu\u00eda de Pamplona","twitter_card":"summary_large_image","twitter_creator":"@LaGuiadPamplona","twitter_site":"@LaGuiadPamplona","twitter_misc":{"Escrito por":"La Gu\u00eda de Pamplona","Tiempo de lectura":"3 minutos"},"schema":{"@context":"https:\/\/schema.org","@graph":[{"@type":"Article","@id":"https:\/\/www.laguiadepamplona.com\/actualidad\/cuatro-talleres-de-co-creacion-buscaran-en-marzo-propuestas-e-ideas-de-cara-a-la-elaboracion-del-i-plan-de-diversidad-cultural-y-ciudadania-inclusiva\/#article","isPartOf":{"@id":"https:\/\/www.laguiadepamplona.com\/actualidad\/cuatro-talleres-de-co-creacion-buscaran-en-marzo-propuestas-e-ideas-de-cara-a-la-elaboracion-del-i-plan-de-diversidad-cultural-y-ciudadania-inclusiva\/"},"author":{"name":"La Gu\u00eda de Pamplona","@id":"https:\/\/www.laguiadepamplona.com\/actualidad\/#\/schema\/person\/efe887376f0213d4657c93adc50b1fdb"},"headline":"Cuatro talleres de co-creaci\u00f3n buscar\u00e1n en marzo propuestas e ideas de cara a la elaboraci\u00f3n del I Plan de Diversidad Cultural y Ciudadan\u00eda Inclusiva","datePublished":"2022-02-25T12:00:07+00:00","dateModified":"2023-04-11T09:48:29+00:00","mainEntityOfPage":{"@id":"https:\/\/www.laguiadepamplona.com\/actualidad\/cuatro-talleres-de-co-creacion-buscaran-en-marzo-propuestas-e-ideas-de-cara-a-la-elaboracion-del-i-plan-de-diversidad-cultural-y-ciudadania-inclusiva\/"},"wordCount":532,"commentCount":0,"publisher":{"@id":"https:\/\/www.laguiadepamplona.com\/actualidad\/#organization"},"image":{"@id":"https:\/\/www.laguiadepamplona.com\/actualidad\/cuatro-talleres-de-co-creacion-buscaran-en-marzo-propuestas-e-ideas-de-cara-a-la-elaboracion-del-i-plan-de-diversidad-cultural-y-ciudadania-inclusiva\/#primaryimage"},"thumbnailUrl":"https:\/\/www.laguiadepamplona.com\/actualidad\/wp-content\/uploads\/2022\/02\/igualdad_planeta-web_0.jpg","articleSection":["Ayto Pamplona"],"inLanguage":"es","potentialAction":[{"@type":"CommentAction","name":"Comment","target":["https:\/\/www.laguiadepamplona.com\/actualidad\/cuatro-talleres-de-co-creacion-buscaran-en-marzo-propuestas-e-ideas-de-cara-a-la-elaboracion-del-i-plan-de-diversidad-cultural-y-ciudadania-inclusiva\/#respond"]}]},{"@type":"WebPage","@id":"https:\/\/www.laguiadepamplona.com\/actualidad\/cuatro-talleres-de-co-creacion-buscaran-en-marzo-propuestas-e-ideas-de-cara-a-la-elaboracion-del-i-plan-de-diversidad-cultural-y-ciudadania-inclusiva\/","url":"https:\/\/www.laguiadepamplona.com\/actualidad\/cuatro-talleres-de-co-creacion-buscaran-en-marzo-propuestas-e-ideas-de-cara-a-la-elaboracion-del-i-plan-de-diversidad-cultural-y-ciudadania-inclusiva\/","name":"Cuatro talleres de co-creaci\u00f3n buscar\u00e1n en marzo propuestas e ideas de cara a la elaboraci\u00f3n del I Plan de Diversidad Cultural y Ciudadan\u00eda Inclusiva","isPartOf":{"@id":"https:\/\/www.laguiadepamplona.com\/actualidad\/#website"},"primaryImageOfPage":{"@id":"https:\/\/www.laguiadepamplona.com\/actualidad\/cuatro-talleres-de-co-creacion-buscaran-en-marzo-propuestas-e-ideas-de-cara-a-la-elaboracion-del-i-plan-de-diversidad-cultural-y-ciudadania-inclusiva\/#primaryimage"},"image":{"@id":"https:\/\/www.laguiadepamplona.com\/actualidad\/cuatro-talleres-de-co-creacion-buscaran-en-marzo-propuestas-e-ideas-de-cara-a-la-elaboracion-del-i-plan-de-diversidad-cultural-y-ciudadania-inclusiva\/#primaryimage"},"thumbnailUrl":"https:\/\/www.laguiadepamplona.com\/actualidad\/wp-content\/uploads\/2022\/02\/igualdad_planeta-web_0.jpg","datePublished":"2022-02-25T12:00:07+00:00","dateModified":"2023-04-11T09:48:29+00:00","description":"La inscripci\u00f3n est\u00e1 abierta online en lo que ser\u00e1 el inicio de una nueva fase en ese plan, tras el an\u00e1lisis del diagn\u00f3stico de diversidad cultural de Pamplona","breadcrumb":{"@id":"https:\/\/www.laguiadepamplona.com\/actualidad\/cuatro-talleres-de-co-creacion-buscaran-en-marzo-propuestas-e-ideas-de-cara-a-la-elaboracion-del-i-plan-de-diversidad-cultural-y-ciudadania-inclusiva\/#breadcrumb"},"inLanguage":"es","potentialAction":[{"@type":"ReadAction","target":["https:\/\/www.laguiadepamplona.com\/actualidad\/cuatro-talleres-de-co-creacion-buscaran-en-marzo-propuestas-e-ideas-de-cara-a-la-elaboracion-del-i-plan-de-diversidad-cultural-y-ciudadania-inclusiva\/"]}]},{"@type":"ImageObject","inLanguage":"es","@id":"https:\/\/www.laguiadepamplona.com\/actualidad\/cuatro-talleres-de-co-creacion-buscaran-en-marzo-propuestas-e-ideas-de-cara-a-la-elaboracion-del-i-plan-de-diversidad-cultural-y-ciudadania-inclusiva\/#primaryimage","url":"https:\/\/www.laguiadepamplona.com\/actualidad\/wp-content\/uploads\/2022\/02\/igualdad_planeta-web_0.jpg","contentUrl":"https:\/\/www.laguiadepamplona.com\/actualidad\/wp-content\/uploads\/2022\/02\/igualdad_planeta-web_0.jpg","width":1772,"height":1126},{"@type":"BreadcrumbList","@id":"https:\/\/www.laguiadepamplona.com\/actualidad\/cuatro-talleres-de-co-creacion-buscaran-en-marzo-propuestas-e-ideas-de-cara-a-la-elaboracion-del-i-plan-de-diversidad-cultural-y-ciudadania-inclusiva\/#breadcrumb","itemListElement":[{"@type":"ListItem","position":1,"name":"Portada","item":"https:\/\/www.laguiadepamplona.com\/actualidad\/"},{"@type":"ListItem","position":2,"name":"Cuatro talleres de co-creaci\u00f3n buscar\u00e1n en marzo propuestas e ideas de cara a la elaboraci\u00f3n del I Plan de Diversidad Cultural y Ciudadan\u00eda Inclusiva"}]},{"@type":"WebSite","@id":"https:\/\/www.laguiadepamplona.com\/actualidad\/#website","url":"https:\/\/www.laguiadepamplona.com\/actualidad\/","name":"La gu\u00eda de Pamplona","description":"Noticias de Pamplona","publisher":{"@id":"https:\/\/www.laguiadepamplona.com\/actualidad\/#organization"},"potentialAction":[{"@type":"SearchAction","target":{"@type":"EntryPoint","urlTemplate":"https:\/\/www.laguiadepamplona.com\/actualidad\/?s={search_term_string}"},"query-input":{"@type":"PropertyValueSpecification","valueRequired":true,"valueName":"search_term_string"}}],"inLanguage":"es"},{"@type":"Organization","@id":"https:\/\/www.laguiadepamplona.com\/actualidad\/#organization","name":"La Gu\u00eda de Pamplona \/ Noticias","url":"https:\/\/www.laguiadepamplona.com\/actualidad\/","logo":{"@type":"ImageObject","inLanguage":"es","@id":"https:\/\/www.laguiadepamplona.com\/actualidad\/#\/schema\/logo\/image\/","url":"https:\/\/www.laguiadepamplona.com\/actualidad\/wp-content\/uploads\/2018\/11\/logo-laguiadepamplona18-web1.png","contentUrl":"https:\/\/www.laguiadepamplona.com\/actualidad\/wp-content\/uploads\/2018\/11\/logo-laguiadepamplona18-web1.png","width":600,"height":196,"caption":"La Gu\u00eda de Pamplona \/ Noticias"},"image":{"@id":"https:\/\/www.laguiadepamplona.com\/actualidad\/#\/schema\/logo\/image\/"},"sameAs":["https:\/\/www.facebook.com\/laguiadepamplonacom-133175176762273\/?ref=hl","https:\/\/x.com\/LaGuiadPamplona","https:\/\/www.instagram.com\/la_guia_de_pamplona\/","https:\/\/www.youtube.com\/user\/laguiadepamplona"]},{"@type":"Person","@id":"https:\/\/www.laguiadepamplona.com\/actualidad\/#\/schema\/person\/efe887376f0213d4657c93adc50b1fdb","name":"La Gu\u00eda de Pamplona","image":{"@type":"ImageObject","inLanguage":"es","@id":"https:\/\/secure.gravatar.com\/avatar\/b6992f131dc8d30ab0dff15446e9d346d9dbd95992de0fef795073f5ea83a81c?s=96&d=mm&r=g","url":"https:\/\/secure.gravatar.com\/avatar\/b6992f131dc8d30ab0dff15446e9d346d9dbd95992de0fef795073f5ea83a81c?s=96&d=mm&r=g","contentUrl":"https:\/\/secure.gravatar.com\/avatar\/b6992f131dc8d30ab0dff15446e9d346d9dbd95992de0fef795073f5ea83a81c?s=96&d=mm&r=g","caption":"La Gu\u00eda de Pamplona"}}]}},"post_mailing_queue_ids":[],"_links":{"self":[{"href":"https:\/\/www.laguiadepamplona.com\/actualidad\/wp-json\/wp\/v2\/posts\/39048","targetHints":{"allow":["GET"]}}],"collection":[{"href":"https:\/\/www.laguiadepamplona.com\/actualidad\/wp-json\/wp\/v2\/posts"}],"about":[{"href":"https:\/\/www.laguiadepamplona.com\/actualidad\/wp-json\/wp\/v2\/types\/post"}],"author":[{"embeddable":true,"href":"https:\/\/www.laguiadepamplona.com\/actualidad\/wp-json\/wp\/v2\/users\/1"}],"replies":[{"embeddable":true,"href":"https:\/\/www.laguiadepamplona.com\/actualidad\/wp-json\/wp\/v2\/comments?post=39048"}],"version-history":[{"count":0,"href":"https:\/\/www.laguiadepamplona.com\/actualidad\/wp-json\/wp\/v2\/posts\/39048\/revisions"}],"wp:featuredmedia":[{"embeddable":true,"href":"https:\/\/www.laguiadepamplona.com\/actualidad\/wp-json\/wp\/v2\/media\/39049"}],"wp:attachment":[{"href":"https:\/\/www.laguiadepamplona.com\/actualidad\/wp-json\/wp\/v2\/media?parent=39048"}],"wp:term":[{"taxonomy":"category","embeddable":true,"href":"https:\/\/www.laguiadepamplona.com\/actualidad\/wp-json\/wp\/v2\/categories?post=39048"},{"taxonomy":"post_tag","embeddable":true,"href":"https:\/\/www.laguiadepamplona.com\/actualidad\/wp-json\/wp\/v2\/tags?post=39048"}],"curies":[{"name":"wp","href":"https:\/\/api.w.org\/{rel}","templated":true}]}}