{"id":39045,"date":"2022-02-25T13:57:50","date_gmt":"2022-02-25T11:57:50","guid":{"rendered":"https:\/\/www.laguiadepamplona.com\/actualidad\/?p=39045"},"modified":"2023-04-11T11:48:29","modified_gmt":"2023-04-11T09:48:29","slug":"visitas-teatralizadas-conciertos-audiciones-y-una-recopilacion-de-objetos-personales-recuerdan-a-pablo-sarasate-en-el-palacio-del-condestable","status":"publish","type":"post","link":"https:\/\/www.laguiadepamplona.com\/actualidad\/visitas-teatralizadas-conciertos-audiciones-y-una-recopilacion-de-objetos-personales-recuerdan-a-pablo-sarasate-en-el-palacio-del-condestable\/","title":{"rendered":"Visitas teatralizadas, conciertos, audiciones y una recopilaci\u00f3n de objetos personales recuerdan a Pablo Sarasate en el Palacio del Condestable"},"content":{"rendered":"<h5>El museo del violinista pamplon\u00e9s, que se puede visitar de manera gratuita, acoge este domingo una visita-audici\u00f3n con la m\u00fasica de Beethoven<\/h5>\n<p><!--more--><\/p>\n<p>El Ayuntamiento de Pamplona homenajea desde al c\u00e9lebre violinista Pablo Sarasate con un espacio de acceso gratuito ubicado en el Palacio del Condestable en el que se puede hacer un recorrido por su vida y su trayectoria profesional a trav\u00e9s de objetos personales, obsequios y recuerdos del artista pamplon\u00e9s. Para conocer m\u00e1s en profundidad este museo, se ofrecen peri\u00f3dicamente visitas teatralizadas y visitas-audiciones, adem\u00e1s de otras actividades de difusi\u00f3n de la m\u00fasica y la cultura. Este domingo, por ejemplo, tendr\u00e1 lugar una nueva edici\u00f3n de las \u2018Matine\u00e9s de Sarasate\u2019 que girar\u00e1 en torno a la m\u00fasica de Beethoven.<\/p>\n<p>El museo de Pablo Sarasate alberga entre sus pareces varias decenas de recuerdos del violinista y compositor m\u00e1s reconocido de la historia de la ciudad. As\u00ed, se pueden ver varias vitrinas con algunos de sus objetos personales, y otros relacionados con su familia y amigos, como fotograf\u00edas, obsequios y condecoraciones de reyes y emperadores, partituras, obras y programas musicales. Se trata de material legado por el propio artista al Ayuntamiento de Pamplona. Entre todos los objetos y materiales expuestos, destaca el retrato del violinista de gran tama\u00f1o que preside la sala; el busto en bronce de Mariano Benlliure; los violines Vuillaume y Gand and Bernardel; adem\u00e1s del piano Bechstein.<\/p>\n<p>Para acercar todos los contenidos que ofrece este museo al p\u00fablico del siglo XXI y hacerlo m\u00e1s atractivo para los m\u00e1s peque\u00f1os, la red Civivox organiza peri\u00f3dicamente visitas teatralizadas, que utilizan diferentes hilos conductores. A trav\u00e9s de ellos, el personaje que interpreta el artista Sergio de Andr\u00e9s, involucra durante una hora a los asistentes en historias, secretos y mundos imaginados y recreados en torno a la vida de Sarasate. Las visitas est\u00e1n ideadas para todos los p\u00fablicos, y la asistencia es gratuita previa inscripci\u00f3n en los centros Civivox o a trav\u00e9s del tel\u00e9fono de informaci\u00f3n ciudadana 010 (o 948.420.100 si se llama desde el tel\u00e9fono m\u00f3vil o desde fuera de Pamplona)<br \/>\n<script async src=\"\/\/pagead2.googlesyndication.com\/pagead\/js\/adsbygoogle.js\"><\/script><br \/>\n<!-- Noticias La Guia de Pamplona --><br \/>\n<ins class=\"adsbygoogle\"\nstyle=\"display:block\"\ndata-ad-client=\"ca-pub-6943679897239327\"\ndata-ad-slot=\"7048180777\"\ndata-ad-format=\"auto\"><\/ins><br \/>\n<script>\n(adsbygoogle = window.adsbygoogle || []).push({});\n<\/script><\/p>\n<p><strong>Un acercamiento a la vida y obra de Sarasate, tambi\u00e9n a trav\u00e9s de la m\u00fasica<\/strong><\/p>\n<p>Las matin\u00e9es musicales organizadas por Sarasate atrajeron hasta Pamplona a grandes compositores nacionales e internacionales, y dieron lugar a grandes hitos musicales. El repertorio de las matin\u00e9es estaba formado por un equilibrio entre los grandes cl\u00e1sicos y la vanguardia art\u00edstica. Para recordarlas, la red Civivox ha creado un ciclo en el que todos los meses se recupera la esencia de esos conciertos, ofreciendo el mismo repertorio que entonces. Se trata de un formato de visita-audici\u00f3n para seguir recordando el papel del compositor como promotor e impulsor de la vida musical de Pamplona.<\/p>\n<p>En las matin\u00e9es musicales que organizaba Pablo Sarasate no faltaban las obras de Beethoven, a quien tanto \u00e9l como los compositores del momento admiraban. Su m\u00fasica volver\u00e1 estte domingo al museo del compositor pamplon\u00e9s, con una visita-audici\u00f3n que presenta una de sus obras m\u00e1s conocidas, la Serenata en Re Mayor op.25 para flauta, viol\u00edn y viola, que ser\u00e1 interpretada por los m\u00fasicos Beatriz Pom\u00e9s, Daniel S\u00e1daba y Mar\u00eda Fern\u00e1ndez Molina. Ser\u00e1 a partir de las 12.00 del mediod\u00eda con entrada gratuita previa inscripci\u00f3n.<br \/>\n<script async src=\"\/\/pagead2.googlesyndication.com\/pagead\/js\/adsbygoogle.js\"><\/script><br \/>\n<!-- Noticias La Guia de Pamplona --><br \/>\n<ins class=\"adsbygoogle\"\nstyle=\"display:block\"\ndata-ad-client=\"ca-pub-6943679897239327\"\ndata-ad-slot=\"7048180777\"\ndata-ad-format=\"auto\"><\/ins><br \/>\n<script>\n(adsbygoogle = window.adsbygoogle || []).push({});\n<\/script><\/p>\n<p><strong>Un recorrido por la vida y obra de Saraste en seis pasos<\/strong><\/p>\n<p>Pablo Sarasate nace el 10 de marzo de 1844 en la calle San Nicol\u00e1s de Pamplona y es bautizado con el nombre de Mart\u00edn Melit\u00f3n. A\u00f1os despu\u00e9s utilizar\u00e1 Pablo como nombre art\u00edstico; en 1878 a\u00f1adir\u00e1 ese nombre en el libro de bautismo. Estos primeros a\u00f1os de su vida dan forma al primero de los seis espacios en los que est\u00e1 dividido el recorrido por el museo.<\/p>\n<p>El segundo de los pasos por los que el museo gu\u00eda al visitante hace referencia a sus \u2018a\u00f1os dif\u00edciles\u2019 y su vida bohemia en Par\u00eds. El viaje contin\u00faa por Am\u00e9rica, Francia, Inglaterra, Escocia y B\u00e9lgica, en un transcurso de su vida al que se denomina \u2018La conquista de Alemania\u2019. Le sigue el paso por la \u00e9poca que el museo denomina \u2018Treinta a\u00f1os en la cumbre: la consolidaci\u00f3n de un mito\u2019, para despu\u00e9s adentrar al visitante en los conciertos de San Ferm\u00edn con el espacio \u2018Sarasate y Pamplona\u2019. El recorrido finaliza haciendo referencia a la relaci\u00f3n entre el violinista y el Ayuntamiento de Pamplona, con el espacio \u2018El legado de Sarasate\u2019. Y es que, en su testamento de 1893, Sarasate legaba al Consistorio \u2018en toute propriet\u00e9\u2019 su colecci\u00f3n de obras de arte, condecoraciones, bastones\u2026 y algunos de sus violines, entre ellos el Vuillaume y el Gand &amp; Bernardel, con los que se ha conformado este homenaje en el centro de la que fuera su ciudad.<\/p>\n","protected":false},"excerpt":{"rendered":"<p>El museo del violinista pamplon\u00e9s, que se puede visitar de manera gratuita, acoge este domingo una visita-audici\u00f3n con la m\u00fasica de Beethoven<\/p>\n","protected":false},"author":1,"featured_media":39046,"comment_status":"open","ping_status":"closed","sticky":false,"template":"","format":"standard","meta":{"footnotes":""},"categories":[2],"tags":[],"class_list":["post-39045","post","type-post","status-publish","format-standard","has-post-thumbnail","hentry","category-ayuntamiento-pamplona"],"yoast_head":"<!-- This site is optimized with the Yoast SEO plugin v27.3 - https:\/\/yoast.com\/product\/yoast-seo-wordpress\/ -->\n<title>Visitas teatralizadas, conciertos, audiciones y una recopilaci\u00f3n de objetos personales recuerdan a Pablo Sarasate en el Palacio del Condestable<\/title>\n<meta name=\"description\" content=\"El museo del violinista pamplon\u00e9s, que se puede visitar de manera gratuita, acoge este domingo una visita-audici\u00f3n con la m\u00fasica de Beethoven\" \/>\n<meta name=\"robots\" content=\"index, follow, max-snippet:-1, max-image-preview:large, max-video-preview:-1\" \/>\n<link rel=\"canonical\" href=\"https:\/\/www.laguiadepamplona.com\/actualidad\/visitas-teatralizadas-conciertos-audiciones-y-una-recopilacion-de-objetos-personales-recuerdan-a-pablo-sarasate-en-el-palacio-del-condestable\/\" \/>\n<meta property=\"og:locale\" content=\"es_ES\" \/>\n<meta property=\"og:type\" content=\"article\" \/>\n<meta property=\"og:title\" content=\"Visitas teatralizadas, conciertos, audiciones y una recopilaci\u00f3n de objetos personales recuerdan a Pablo Sarasate en el Palacio del Condestable\" \/>\n<meta property=\"og:description\" content=\"El museo del violinista pamplon\u00e9s, que se puede visitar de manera gratuita, acoge este domingo una visita-audici\u00f3n con la m\u00fasica de Beethoven\" \/>\n<meta property=\"og:url\" content=\"https:\/\/www.laguiadepamplona.com\/actualidad\/visitas-teatralizadas-conciertos-audiciones-y-una-recopilacion-de-objetos-personales-recuerdan-a-pablo-sarasate-en-el-palacio-del-condestable\/\" \/>\n<meta property=\"og:site_name\" content=\"La Gu\u00eda de Pamplona\" \/>\n<meta property=\"article:publisher\" content=\"https:\/\/www.facebook.com\/laguiadepamplonacom-133175176762273\/?ref=hl\" \/>\n<meta property=\"article:published_time\" content=\"2022-02-25T11:57:50+00:00\" \/>\n<meta property=\"article:modified_time\" content=\"2023-04-11T09:48:29+00:00\" \/>\n<meta property=\"og:image\" content=\"https:\/\/www.laguiadepamplona.com\/actualidad\/wp-content\/uploads\/2022\/02\/18.01.16_pablo_sarasate_sala_museo.jpg\" \/>\n\t<meta property=\"og:image:width\" content=\"1920\" \/>\n\t<meta property=\"og:image:height\" content=\"1080\" \/>\n\t<meta property=\"og:image:type\" content=\"image\/jpeg\" \/>\n<meta name=\"author\" content=\"La Gu\u00eda de Pamplona\" \/>\n<meta name=\"twitter:card\" content=\"summary_large_image\" \/>\n<meta name=\"twitter:creator\" content=\"@LaGuiadPamplona\" \/>\n<meta name=\"twitter:site\" content=\"@LaGuiadPamplona\" \/>\n<meta name=\"twitter:label1\" content=\"Escrito por\" \/>\n\t<meta name=\"twitter:data1\" content=\"La Gu\u00eda de Pamplona\" \/>\n\t<meta name=\"twitter:label2\" content=\"Tiempo de lectura\" \/>\n\t<meta name=\"twitter:data2\" content=\"4 minutos\" \/>\n<script type=\"application\/ld+json\" class=\"yoast-schema-graph\">{\"@context\":\"https:\\\/\\\/schema.org\",\"@graph\":[{\"@type\":\"Article\",\"@id\":\"https:\\\/\\\/www.laguiadepamplona.com\\\/actualidad\\\/visitas-teatralizadas-conciertos-audiciones-y-una-recopilacion-de-objetos-personales-recuerdan-a-pablo-sarasate-en-el-palacio-del-condestable\\\/#article\",\"isPartOf\":{\"@id\":\"https:\\\/\\\/www.laguiadepamplona.com\\\/actualidad\\\/visitas-teatralizadas-conciertos-audiciones-y-una-recopilacion-de-objetos-personales-recuerdan-a-pablo-sarasate-en-el-palacio-del-condestable\\\/\"},\"author\":{\"name\":\"La Gu\u00eda de Pamplona\",\"@id\":\"https:\\\/\\\/www.laguiadepamplona.com\\\/actualidad\\\/#\\\/schema\\\/person\\\/efe887376f0213d4657c93adc50b1fdb\"},\"headline\":\"Visitas teatralizadas, conciertos, audiciones y una recopilaci\u00f3n de objetos personales recuerdan a Pablo Sarasate en el Palacio del Condestable\",\"datePublished\":\"2022-02-25T11:57:50+00:00\",\"dateModified\":\"2023-04-11T09:48:29+00:00\",\"mainEntityOfPage\":{\"@id\":\"https:\\\/\\\/www.laguiadepamplona.com\\\/actualidad\\\/visitas-teatralizadas-conciertos-audiciones-y-una-recopilacion-de-objetos-personales-recuerdan-a-pablo-sarasate-en-el-palacio-del-condestable\\\/\"},\"wordCount\":860,\"commentCount\":0,\"publisher\":{\"@id\":\"https:\\\/\\\/www.laguiadepamplona.com\\\/actualidad\\\/#organization\"},\"image\":{\"@id\":\"https:\\\/\\\/www.laguiadepamplona.com\\\/actualidad\\\/visitas-teatralizadas-conciertos-audiciones-y-una-recopilacion-de-objetos-personales-recuerdan-a-pablo-sarasate-en-el-palacio-del-condestable\\\/#primaryimage\"},\"thumbnailUrl\":\"https:\\\/\\\/www.laguiadepamplona.com\\\/actualidad\\\/wp-content\\\/uploads\\\/2022\\\/02\\\/18.01.16_pablo_sarasate_sala_museo.jpg\",\"articleSection\":[\"Ayto Pamplona\"],\"inLanguage\":\"es\",\"potentialAction\":[{\"@type\":\"CommentAction\",\"name\":\"Comment\",\"target\":[\"https:\\\/\\\/www.laguiadepamplona.com\\\/actualidad\\\/visitas-teatralizadas-conciertos-audiciones-y-una-recopilacion-de-objetos-personales-recuerdan-a-pablo-sarasate-en-el-palacio-del-condestable\\\/#respond\"]}]},{\"@type\":\"WebPage\",\"@id\":\"https:\\\/\\\/www.laguiadepamplona.com\\\/actualidad\\\/visitas-teatralizadas-conciertos-audiciones-y-una-recopilacion-de-objetos-personales-recuerdan-a-pablo-sarasate-en-el-palacio-del-condestable\\\/\",\"url\":\"https:\\\/\\\/www.laguiadepamplona.com\\\/actualidad\\\/visitas-teatralizadas-conciertos-audiciones-y-una-recopilacion-de-objetos-personales-recuerdan-a-pablo-sarasate-en-el-palacio-del-condestable\\\/\",\"name\":\"Visitas teatralizadas, conciertos, audiciones y una recopilaci\u00f3n de objetos personales recuerdan a Pablo Sarasate en el Palacio del Condestable\",\"isPartOf\":{\"@id\":\"https:\\\/\\\/www.laguiadepamplona.com\\\/actualidad\\\/#website\"},\"primaryImageOfPage\":{\"@id\":\"https:\\\/\\\/www.laguiadepamplona.com\\\/actualidad\\\/visitas-teatralizadas-conciertos-audiciones-y-una-recopilacion-de-objetos-personales-recuerdan-a-pablo-sarasate-en-el-palacio-del-condestable\\\/#primaryimage\"},\"image\":{\"@id\":\"https:\\\/\\\/www.laguiadepamplona.com\\\/actualidad\\\/visitas-teatralizadas-conciertos-audiciones-y-una-recopilacion-de-objetos-personales-recuerdan-a-pablo-sarasate-en-el-palacio-del-condestable\\\/#primaryimage\"},\"thumbnailUrl\":\"https:\\\/\\\/www.laguiadepamplona.com\\\/actualidad\\\/wp-content\\\/uploads\\\/2022\\\/02\\\/18.01.16_pablo_sarasate_sala_museo.jpg\",\"datePublished\":\"2022-02-25T11:57:50+00:00\",\"dateModified\":\"2023-04-11T09:48:29+00:00\",\"description\":\"El museo del violinista pamplon\u00e9s, que se puede visitar de manera gratuita, acoge este domingo una visita-audici\u00f3n con la m\u00fasica de Beethoven\",\"breadcrumb\":{\"@id\":\"https:\\\/\\\/www.laguiadepamplona.com\\\/actualidad\\\/visitas-teatralizadas-conciertos-audiciones-y-una-recopilacion-de-objetos-personales-recuerdan-a-pablo-sarasate-en-el-palacio-del-condestable\\\/#breadcrumb\"},\"inLanguage\":\"es\",\"potentialAction\":[{\"@type\":\"ReadAction\",\"target\":[\"https:\\\/\\\/www.laguiadepamplona.com\\\/actualidad\\\/visitas-teatralizadas-conciertos-audiciones-y-una-recopilacion-de-objetos-personales-recuerdan-a-pablo-sarasate-en-el-palacio-del-condestable\\\/\"]}]},{\"@type\":\"ImageObject\",\"inLanguage\":\"es\",\"@id\":\"https:\\\/\\\/www.laguiadepamplona.com\\\/actualidad\\\/visitas-teatralizadas-conciertos-audiciones-y-una-recopilacion-de-objetos-personales-recuerdan-a-pablo-sarasate-en-el-palacio-del-condestable\\\/#primaryimage\",\"url\":\"https:\\\/\\\/www.laguiadepamplona.com\\\/actualidad\\\/wp-content\\\/uploads\\\/2022\\\/02\\\/18.01.16_pablo_sarasate_sala_museo.jpg\",\"contentUrl\":\"https:\\\/\\\/www.laguiadepamplona.com\\\/actualidad\\\/wp-content\\\/uploads\\\/2022\\\/02\\\/18.01.16_pablo_sarasate_sala_museo.jpg\",\"width\":1920,\"height\":1080},{\"@type\":\"BreadcrumbList\",\"@id\":\"https:\\\/\\\/www.laguiadepamplona.com\\\/actualidad\\\/visitas-teatralizadas-conciertos-audiciones-y-una-recopilacion-de-objetos-personales-recuerdan-a-pablo-sarasate-en-el-palacio-del-condestable\\\/#breadcrumb\",\"itemListElement\":[{\"@type\":\"ListItem\",\"position\":1,\"name\":\"Portada\",\"item\":\"https:\\\/\\\/www.laguiadepamplona.com\\\/actualidad\\\/\"},{\"@type\":\"ListItem\",\"position\":2,\"name\":\"Visitas teatralizadas, conciertos, audiciones y una recopilaci\u00f3n de objetos personales recuerdan a Pablo Sarasate en el Palacio del Condestable\"}]},{\"@type\":\"WebSite\",\"@id\":\"https:\\\/\\\/www.laguiadepamplona.com\\\/actualidad\\\/#website\",\"url\":\"https:\\\/\\\/www.laguiadepamplona.com\\\/actualidad\\\/\",\"name\":\"La gu\u00eda de Pamplona\",\"description\":\"Noticias de Pamplona\",\"publisher\":{\"@id\":\"https:\\\/\\\/www.laguiadepamplona.com\\\/actualidad\\\/#organization\"},\"potentialAction\":[{\"@type\":\"SearchAction\",\"target\":{\"@type\":\"EntryPoint\",\"urlTemplate\":\"https:\\\/\\\/www.laguiadepamplona.com\\\/actualidad\\\/?s={search_term_string}\"},\"query-input\":{\"@type\":\"PropertyValueSpecification\",\"valueRequired\":true,\"valueName\":\"search_term_string\"}}],\"inLanguage\":\"es\"},{\"@type\":\"Organization\",\"@id\":\"https:\\\/\\\/www.laguiadepamplona.com\\\/actualidad\\\/#organization\",\"name\":\"La Gu\u00eda de Pamplona \\\/ Noticias\",\"url\":\"https:\\\/\\\/www.laguiadepamplona.com\\\/actualidad\\\/\",\"logo\":{\"@type\":\"ImageObject\",\"inLanguage\":\"es\",\"@id\":\"https:\\\/\\\/www.laguiadepamplona.com\\\/actualidad\\\/#\\\/schema\\\/logo\\\/image\\\/\",\"url\":\"https:\\\/\\\/www.laguiadepamplona.com\\\/actualidad\\\/wp-content\\\/uploads\\\/2018\\\/11\\\/logo-laguiadepamplona18-web1.png\",\"contentUrl\":\"https:\\\/\\\/www.laguiadepamplona.com\\\/actualidad\\\/wp-content\\\/uploads\\\/2018\\\/11\\\/logo-laguiadepamplona18-web1.png\",\"width\":600,\"height\":196,\"caption\":\"La Gu\u00eda de Pamplona \\\/ Noticias\"},\"image\":{\"@id\":\"https:\\\/\\\/www.laguiadepamplona.com\\\/actualidad\\\/#\\\/schema\\\/logo\\\/image\\\/\"},\"sameAs\":[\"https:\\\/\\\/www.facebook.com\\\/laguiadepamplonacom-133175176762273\\\/?ref=hl\",\"https:\\\/\\\/x.com\\\/LaGuiadPamplona\",\"https:\\\/\\\/www.instagram.com\\\/la_guia_de_pamplona\\\/\",\"https:\\\/\\\/www.youtube.com\\\/user\\\/laguiadepamplona\"]},{\"@type\":\"Person\",\"@id\":\"https:\\\/\\\/www.laguiadepamplona.com\\\/actualidad\\\/#\\\/schema\\\/person\\\/efe887376f0213d4657c93adc50b1fdb\",\"name\":\"La Gu\u00eda de Pamplona\",\"image\":{\"@type\":\"ImageObject\",\"inLanguage\":\"es\",\"@id\":\"https:\\\/\\\/secure.gravatar.com\\\/avatar\\\/b6992f131dc8d30ab0dff15446e9d346d9dbd95992de0fef795073f5ea83a81c?s=96&d=mm&r=g\",\"url\":\"https:\\\/\\\/secure.gravatar.com\\\/avatar\\\/b6992f131dc8d30ab0dff15446e9d346d9dbd95992de0fef795073f5ea83a81c?s=96&d=mm&r=g\",\"contentUrl\":\"https:\\\/\\\/secure.gravatar.com\\\/avatar\\\/b6992f131dc8d30ab0dff15446e9d346d9dbd95992de0fef795073f5ea83a81c?s=96&d=mm&r=g\",\"caption\":\"La Gu\u00eda de Pamplona\"}}]}<\/script>\n<!-- \/ Yoast SEO plugin. -->","yoast_head_json":{"title":"Visitas teatralizadas, conciertos, audiciones y una recopilaci\u00f3n de objetos personales recuerdan a Pablo Sarasate en el Palacio del Condestable","description":"El museo del violinista pamplon\u00e9s, que se puede visitar de manera gratuita, acoge este domingo una visita-audici\u00f3n con la m\u00fasica de Beethoven","robots":{"index":"index","follow":"follow","max-snippet":"max-snippet:-1","max-image-preview":"max-image-preview:large","max-video-preview":"max-video-preview:-1"},"canonical":"https:\/\/www.laguiadepamplona.com\/actualidad\/visitas-teatralizadas-conciertos-audiciones-y-una-recopilacion-de-objetos-personales-recuerdan-a-pablo-sarasate-en-el-palacio-del-condestable\/","og_locale":"es_ES","og_type":"article","og_title":"Visitas teatralizadas, conciertos, audiciones y una recopilaci\u00f3n de objetos personales recuerdan a Pablo Sarasate en el Palacio del Condestable","og_description":"El museo del violinista pamplon\u00e9s, que se puede visitar de manera gratuita, acoge este domingo una visita-audici\u00f3n con la m\u00fasica de Beethoven","og_url":"https:\/\/www.laguiadepamplona.com\/actualidad\/visitas-teatralizadas-conciertos-audiciones-y-una-recopilacion-de-objetos-personales-recuerdan-a-pablo-sarasate-en-el-palacio-del-condestable\/","og_site_name":"La Gu\u00eda de Pamplona","article_publisher":"https:\/\/www.facebook.com\/laguiadepamplonacom-133175176762273\/?ref=hl","article_published_time":"2022-02-25T11:57:50+00:00","article_modified_time":"2023-04-11T09:48:29+00:00","og_image":[{"width":1920,"height":1080,"url":"https:\/\/www.laguiadepamplona.com\/actualidad\/wp-content\/uploads\/2022\/02\/18.01.16_pablo_sarasate_sala_museo.jpg","type":"image\/jpeg"}],"author":"La Gu\u00eda de Pamplona","twitter_card":"summary_large_image","twitter_creator":"@LaGuiadPamplona","twitter_site":"@LaGuiadPamplona","twitter_misc":{"Escrito por":"La Gu\u00eda de Pamplona","Tiempo de lectura":"4 minutos"},"schema":{"@context":"https:\/\/schema.org","@graph":[{"@type":"Article","@id":"https:\/\/www.laguiadepamplona.com\/actualidad\/visitas-teatralizadas-conciertos-audiciones-y-una-recopilacion-de-objetos-personales-recuerdan-a-pablo-sarasate-en-el-palacio-del-condestable\/#article","isPartOf":{"@id":"https:\/\/www.laguiadepamplona.com\/actualidad\/visitas-teatralizadas-conciertos-audiciones-y-una-recopilacion-de-objetos-personales-recuerdan-a-pablo-sarasate-en-el-palacio-del-condestable\/"},"author":{"name":"La Gu\u00eda de Pamplona","@id":"https:\/\/www.laguiadepamplona.com\/actualidad\/#\/schema\/person\/efe887376f0213d4657c93adc50b1fdb"},"headline":"Visitas teatralizadas, conciertos, audiciones y una recopilaci\u00f3n de objetos personales recuerdan a Pablo Sarasate en el Palacio del Condestable","datePublished":"2022-02-25T11:57:50+00:00","dateModified":"2023-04-11T09:48:29+00:00","mainEntityOfPage":{"@id":"https:\/\/www.laguiadepamplona.com\/actualidad\/visitas-teatralizadas-conciertos-audiciones-y-una-recopilacion-de-objetos-personales-recuerdan-a-pablo-sarasate-en-el-palacio-del-condestable\/"},"wordCount":860,"commentCount":0,"publisher":{"@id":"https:\/\/www.laguiadepamplona.com\/actualidad\/#organization"},"image":{"@id":"https:\/\/www.laguiadepamplona.com\/actualidad\/visitas-teatralizadas-conciertos-audiciones-y-una-recopilacion-de-objetos-personales-recuerdan-a-pablo-sarasate-en-el-palacio-del-condestable\/#primaryimage"},"thumbnailUrl":"https:\/\/www.laguiadepamplona.com\/actualidad\/wp-content\/uploads\/2022\/02\/18.01.16_pablo_sarasate_sala_museo.jpg","articleSection":["Ayto Pamplona"],"inLanguage":"es","potentialAction":[{"@type":"CommentAction","name":"Comment","target":["https:\/\/www.laguiadepamplona.com\/actualidad\/visitas-teatralizadas-conciertos-audiciones-y-una-recopilacion-de-objetos-personales-recuerdan-a-pablo-sarasate-en-el-palacio-del-condestable\/#respond"]}]},{"@type":"WebPage","@id":"https:\/\/www.laguiadepamplona.com\/actualidad\/visitas-teatralizadas-conciertos-audiciones-y-una-recopilacion-de-objetos-personales-recuerdan-a-pablo-sarasate-en-el-palacio-del-condestable\/","url":"https:\/\/www.laguiadepamplona.com\/actualidad\/visitas-teatralizadas-conciertos-audiciones-y-una-recopilacion-de-objetos-personales-recuerdan-a-pablo-sarasate-en-el-palacio-del-condestable\/","name":"Visitas teatralizadas, conciertos, audiciones y una recopilaci\u00f3n de objetos personales recuerdan a Pablo Sarasate en el Palacio del Condestable","isPartOf":{"@id":"https:\/\/www.laguiadepamplona.com\/actualidad\/#website"},"primaryImageOfPage":{"@id":"https:\/\/www.laguiadepamplona.com\/actualidad\/visitas-teatralizadas-conciertos-audiciones-y-una-recopilacion-de-objetos-personales-recuerdan-a-pablo-sarasate-en-el-palacio-del-condestable\/#primaryimage"},"image":{"@id":"https:\/\/www.laguiadepamplona.com\/actualidad\/visitas-teatralizadas-conciertos-audiciones-y-una-recopilacion-de-objetos-personales-recuerdan-a-pablo-sarasate-en-el-palacio-del-condestable\/#primaryimage"},"thumbnailUrl":"https:\/\/www.laguiadepamplona.com\/actualidad\/wp-content\/uploads\/2022\/02\/18.01.16_pablo_sarasate_sala_museo.jpg","datePublished":"2022-02-25T11:57:50+00:00","dateModified":"2023-04-11T09:48:29+00:00","description":"El museo del violinista pamplon\u00e9s, que se puede visitar de manera gratuita, acoge este domingo una visita-audici\u00f3n con la m\u00fasica de Beethoven","breadcrumb":{"@id":"https:\/\/www.laguiadepamplona.com\/actualidad\/visitas-teatralizadas-conciertos-audiciones-y-una-recopilacion-de-objetos-personales-recuerdan-a-pablo-sarasate-en-el-palacio-del-condestable\/#breadcrumb"},"inLanguage":"es","potentialAction":[{"@type":"ReadAction","target":["https:\/\/www.laguiadepamplona.com\/actualidad\/visitas-teatralizadas-conciertos-audiciones-y-una-recopilacion-de-objetos-personales-recuerdan-a-pablo-sarasate-en-el-palacio-del-condestable\/"]}]},{"@type":"ImageObject","inLanguage":"es","@id":"https:\/\/www.laguiadepamplona.com\/actualidad\/visitas-teatralizadas-conciertos-audiciones-y-una-recopilacion-de-objetos-personales-recuerdan-a-pablo-sarasate-en-el-palacio-del-condestable\/#primaryimage","url":"https:\/\/www.laguiadepamplona.com\/actualidad\/wp-content\/uploads\/2022\/02\/18.01.16_pablo_sarasate_sala_museo.jpg","contentUrl":"https:\/\/www.laguiadepamplona.com\/actualidad\/wp-content\/uploads\/2022\/02\/18.01.16_pablo_sarasate_sala_museo.jpg","width":1920,"height":1080},{"@type":"BreadcrumbList","@id":"https:\/\/www.laguiadepamplona.com\/actualidad\/visitas-teatralizadas-conciertos-audiciones-y-una-recopilacion-de-objetos-personales-recuerdan-a-pablo-sarasate-en-el-palacio-del-condestable\/#breadcrumb","itemListElement":[{"@type":"ListItem","position":1,"name":"Portada","item":"https:\/\/www.laguiadepamplona.com\/actualidad\/"},{"@type":"ListItem","position":2,"name":"Visitas teatralizadas, conciertos, audiciones y una recopilaci\u00f3n de objetos personales recuerdan a Pablo Sarasate en el Palacio del Condestable"}]},{"@type":"WebSite","@id":"https:\/\/www.laguiadepamplona.com\/actualidad\/#website","url":"https:\/\/www.laguiadepamplona.com\/actualidad\/","name":"La gu\u00eda de Pamplona","description":"Noticias de Pamplona","publisher":{"@id":"https:\/\/www.laguiadepamplona.com\/actualidad\/#organization"},"potentialAction":[{"@type":"SearchAction","target":{"@type":"EntryPoint","urlTemplate":"https:\/\/www.laguiadepamplona.com\/actualidad\/?s={search_term_string}"},"query-input":{"@type":"PropertyValueSpecification","valueRequired":true,"valueName":"search_term_string"}}],"inLanguage":"es"},{"@type":"Organization","@id":"https:\/\/www.laguiadepamplona.com\/actualidad\/#organization","name":"La Gu\u00eda de Pamplona \/ Noticias","url":"https:\/\/www.laguiadepamplona.com\/actualidad\/","logo":{"@type":"ImageObject","inLanguage":"es","@id":"https:\/\/www.laguiadepamplona.com\/actualidad\/#\/schema\/logo\/image\/","url":"https:\/\/www.laguiadepamplona.com\/actualidad\/wp-content\/uploads\/2018\/11\/logo-laguiadepamplona18-web1.png","contentUrl":"https:\/\/www.laguiadepamplona.com\/actualidad\/wp-content\/uploads\/2018\/11\/logo-laguiadepamplona18-web1.png","width":600,"height":196,"caption":"La Gu\u00eda de Pamplona \/ Noticias"},"image":{"@id":"https:\/\/www.laguiadepamplona.com\/actualidad\/#\/schema\/logo\/image\/"},"sameAs":["https:\/\/www.facebook.com\/laguiadepamplonacom-133175176762273\/?ref=hl","https:\/\/x.com\/LaGuiadPamplona","https:\/\/www.instagram.com\/la_guia_de_pamplona\/","https:\/\/www.youtube.com\/user\/laguiadepamplona"]},{"@type":"Person","@id":"https:\/\/www.laguiadepamplona.com\/actualidad\/#\/schema\/person\/efe887376f0213d4657c93adc50b1fdb","name":"La Gu\u00eda de Pamplona","image":{"@type":"ImageObject","inLanguage":"es","@id":"https:\/\/secure.gravatar.com\/avatar\/b6992f131dc8d30ab0dff15446e9d346d9dbd95992de0fef795073f5ea83a81c?s=96&d=mm&r=g","url":"https:\/\/secure.gravatar.com\/avatar\/b6992f131dc8d30ab0dff15446e9d346d9dbd95992de0fef795073f5ea83a81c?s=96&d=mm&r=g","contentUrl":"https:\/\/secure.gravatar.com\/avatar\/b6992f131dc8d30ab0dff15446e9d346d9dbd95992de0fef795073f5ea83a81c?s=96&d=mm&r=g","caption":"La Gu\u00eda de Pamplona"}}]}},"post_mailing_queue_ids":[],"_links":{"self":[{"href":"https:\/\/www.laguiadepamplona.com\/actualidad\/wp-json\/wp\/v2\/posts\/39045","targetHints":{"allow":["GET"]}}],"collection":[{"href":"https:\/\/www.laguiadepamplona.com\/actualidad\/wp-json\/wp\/v2\/posts"}],"about":[{"href":"https:\/\/www.laguiadepamplona.com\/actualidad\/wp-json\/wp\/v2\/types\/post"}],"author":[{"embeddable":true,"href":"https:\/\/www.laguiadepamplona.com\/actualidad\/wp-json\/wp\/v2\/users\/1"}],"replies":[{"embeddable":true,"href":"https:\/\/www.laguiadepamplona.com\/actualidad\/wp-json\/wp\/v2\/comments?post=39045"}],"version-history":[{"count":0,"href":"https:\/\/www.laguiadepamplona.com\/actualidad\/wp-json\/wp\/v2\/posts\/39045\/revisions"}],"wp:featuredmedia":[{"embeddable":true,"href":"https:\/\/www.laguiadepamplona.com\/actualidad\/wp-json\/wp\/v2\/media\/39046"}],"wp:attachment":[{"href":"https:\/\/www.laguiadepamplona.com\/actualidad\/wp-json\/wp\/v2\/media?parent=39045"}],"wp:term":[{"taxonomy":"category","embeddable":true,"href":"https:\/\/www.laguiadepamplona.com\/actualidad\/wp-json\/wp\/v2\/categories?post=39045"},{"taxonomy":"post_tag","embeddable":true,"href":"https:\/\/www.laguiadepamplona.com\/actualidad\/wp-json\/wp\/v2\/tags?post=39045"}],"curies":[{"name":"wp","href":"https:\/\/api.w.org\/{rel}","templated":true}]}}