{"id":39004,"date":"2022-02-24T13:29:03","date_gmt":"2022-02-24T11:29:03","guid":{"rendered":"https:\/\/www.laguiadepamplona.com\/actualidad\/?p=39004"},"modified":"2023-04-11T11:48:29","modified_gmt":"2023-04-11T09:48:29","slug":"las-personas-empadronadas-o-estudiantes-en-pamplona-tendran-preferencia-para-participar-en-los-47-cursos-que-oferta-la-casa-de-la-juventud-en-este-segundo-trimestre","status":"publish","type":"post","link":"https:\/\/www.laguiadepamplona.com\/actualidad\/las-personas-empadronadas-o-estudiantes-en-pamplona-tendran-preferencia-para-participar-en-los-47-cursos-que-oferta-la-casa-de-la-juventud-en-este-segundo-trimestre\/","title":{"rendered":"Las personas empadronadas o estudiantes en Pamplona tendr\u00e1n preferencia para participar en los 47 cursos que oferta la Casa de la Juventud en este segundo trimestre"},"content":{"rendered":"<h5>El plazo de inscripci\u00f3n arrancar\u00e1 para ellos el pr\u00f3ximo lunes, d\u00eda 28, y quienes no cumplan estos requisitos deber\u00e1n esperar al 14 de marzo<\/h5>\n<p><!--more--><\/p>\n<p>La Casa de la Juventud ha programado para el segundo trimestre del a\u00f1o un total de 47 actividades con varias novedades como iniciaci\u00f3n al cubo de Rubik, creaci\u00f3n y grabaci\u00f3n de primeras canciones, taller de psicolog\u00eda o cocina con productos frescos. Las personas empadronadas o estudiantes en Pamplona tendr\u00e1n prioridad para acceder a las 908 plazas ofertada. De hecho, podr\u00e1n inscribirse a partir de este lunes, 28 de febrero. El 14 de marzo se abrir\u00e1 un nuevo plazo para aquellas personas que no cumplan ese requisito o tengan entre 31 y 35 a\u00f1os. En ambos casos, el plazo finaliza el 31 de marzo.<br \/>\n<script async src=\"\/\/pagead2.googlesyndication.com\/pagead\/js\/adsbygoogle.js\"><\/script><br \/>\n<!-- Noticias La Guia de Pamplona --><br \/>\n<ins class=\"adsbygoogle\"\nstyle=\"display:block\"\ndata-ad-client=\"ca-pub-6943679897239327\"\ndata-ad-slot=\"7048180777\"\ndata-ad-format=\"auto\"><\/ins><br \/>\n<script>\n(adsbygoogle = window.adsbygoogle || []).push({});\n<\/script><\/p>\n<p>La oferta de la Casa de la Juventud se compone de 34 cursos y 13 talleres gratuitos de inform\u00e1tica, y est\u00e1 dirigida preferentemente a j\u00f3venes de 14 a 30 a\u00f1os, si bien tambi\u00e9n podr\u00e1n optar j\u00f3venes de hasta 35 a\u00f1os. Todas estas actividades se desarrollar\u00e1n por la tarde, si el taller se realiza de lunes a viernes, o por la ma\u00f1ana si son los s\u00e1bados. El precio de los cursos var\u00eda desde los 10,80 \u20ac a los 45,60 \u20ac, dependiendo del n\u00famero de horas y de la edad de la persona que se inscribe. Los menores, de 14 a 17 a\u00f1os, tienen un precio especial.<\/p>\n<p>La inscripci\u00f3n debe realizarse en la propia Casa de la Juventud (calle Sang\u00fcesa n\u00famero 30), mostrando el DNI y el carn\u00e9 de estudiante o matr\u00edcula del curso escolar vigente. El horario de la Casa Juventud es de lunes a viernes de 9 a 14 horas y de 17 a 22 horas; los s\u00e1bados de 10 a 14 horas y de 17 a 21 y los domingos de 10 a 14 horas.<br \/>\n<script async src=\"\/\/pagead2.googlesyndication.com\/pagead\/js\/adsbygoogle.js\"><\/script><br \/>\n<!-- Noticias La Guia de Pamplona --><br \/>\n<ins class=\"adsbygoogle\"\nstyle=\"display:block\"\ndata-ad-client=\"ca-pub-6943679897239327\"\ndata-ad-slot=\"7048180777\"\ndata-ad-format=\"auto\"><\/ins><br \/>\n<script>\n(adsbygoogle = window.adsbygoogle || []).push({});\n<\/script><\/p>\n<p><strong>Cinco \u00e1reas diferentes<\/strong><\/p>\n<p>La programaci\u00f3n gira en torno a cinco \u00e1reas: actividades deportivas; danza y expresi\u00f3n; est\u00e9tica y bienestar; cursos culturales y de desarrollo personal y profesional; y talleres gratuitos de inform\u00e1tica. Con ello se pretende promocionar la actividad f\u00edsica y l\u00fadica como fuente de bienestar personal o formar a la juventud en habilidades que les sean \u00fatiles para su d\u00eda a d\u00eda.<\/p>\n<p>Entre las novedades programadas para este segundo trimestre se han proyectado media docena de talleres. En concreto, se ha programado un taller de iniciaci\u00f3n al cubo de Rubik, otro de grabado al lin\u00f3leo, uno de retrato y pintura en euskera y tres talleres de desarrollo personal sobre el manejo de la ansiedad, fortalecer la resiliencia y para el autoconocimiento y autoestima en din\u00e1micas globales. Adem\u00e1s, se ofertan tres cursos: tejer con un telar; crear, producir y grabar canciones; y cocina con productos frescos.<br \/>\n<script async src=\"\/\/pagead2.googlesyndication.com\/pagead\/js\/adsbygoogle.js\"><\/script><br \/>\n<!-- Noticias La Guia de Pamplona --><br \/>\n<ins class=\"adsbygoogle\"\nstyle=\"display:block\"\ndata-ad-client=\"ca-pub-6943679897239327\"\ndata-ad-slot=\"7048180777\"\ndata-ad-format=\"auto\"><\/ins><br \/>\n<script>\n(adsbygoogle = window.adsbygoogle || []).push({});\n<\/script><\/p>\n<p>Al margen de estas novedades, la juventud podr\u00e1 elegir entre diferentes tipos de baile (bailes latinos, danza contempor\u00e1nea y moderna, afrodance, comercial dance, hiphop, K-Pop y dancehall esta \u00faltima se impartir\u00e1 tanto en castellano como en euskera). Tambi\u00e9n habr\u00e1 diferentes actividades deportivas como aerobox, core, tonificaci\u00f3n funcional, pump, circuito de tonificaci\u00f3n, zumba, danza fit, GAP, entrenamiento interv\u00e1lico, hipopresivos+core, y ejercicios de alta intensidad para principiantes, \u00e9sta \u00faltima en euskera.<\/p>\n<p>Las actividades inscritas dentro del \u00e1rea de est\u00e9tica y bienestar, habr\u00e1 cursos de yoga y de pilates, adem\u00e1s de un curso sobre plantas medicinales. Entre los cursos culturales y de desarrollo personal y profesional habr\u00e1 un taller de cer\u00e1mica de secado al aire y un curso de dise\u00f1o de moda, por ejemplo. A toda esta programaci\u00f3n, hay que a\u00f1adir la oferta de talleres gratuitos de inform\u00e1tica, con propuestas que van desde aprende a dise\u00f1ar en 3D con Freedcad a realizar un podcast.<\/p>\n","protected":false},"excerpt":{"rendered":"<p>El plazo de inscripci\u00f3n arrancar\u00e1 para ellos el pr\u00f3ximo lunes, d\u00eda 28, y quienes no cumplan estos requisitos deber\u00e1n esperar al 14 de marzo<\/p>\n","protected":false},"author":1,"featured_media":32672,"comment_status":"open","ping_status":"closed","sticky":false,"template":"","format":"standard","meta":{"footnotes":""},"categories":[2],"tags":[],"class_list":["post-39004","post","type-post","status-publish","format-standard","has-post-thumbnail","hentry","category-ayuntamiento-pamplona"],"yoast_head":"<!-- This site is optimized with the Yoast SEO plugin v27.5 - https:\/\/yoast.com\/product\/yoast-seo-wordpress\/ -->\n<title>Las personas empadronadas o estudiantes en Pamplona tendr\u00e1n preferencia para participar en los 47 cursos que oferta la Casa de la Juventud en este segundo trimestre<\/title>\n<meta name=\"description\" content=\"El plazo de inscripci\u00f3n arrancar\u00e1 para ellos el pr\u00f3ximo lunes, d\u00eda 28, y quienes no cumplan estos requisitos deber\u00e1n esperar al 14 de marzo\" \/>\n<meta name=\"robots\" content=\"index, follow, max-snippet:-1, max-image-preview:large, max-video-preview:-1\" \/>\n<link rel=\"canonical\" href=\"https:\/\/www.laguiadepamplona.com\/actualidad\/las-personas-empadronadas-o-estudiantes-en-pamplona-tendran-preferencia-para-participar-en-los-47-cursos-que-oferta-la-casa-de-la-juventud-en-este-segundo-trimestre\/\" \/>\n<meta property=\"og:locale\" content=\"es_ES\" \/>\n<meta property=\"og:type\" content=\"article\" \/>\n<meta property=\"og:title\" content=\"Las personas empadronadas o estudiantes en Pamplona tendr\u00e1n preferencia para participar en los 47 cursos que oferta la Casa de la Juventud en este segundo trimestre\" \/>\n<meta property=\"og:description\" content=\"El plazo de inscripci\u00f3n arrancar\u00e1 para ellos el pr\u00f3ximo lunes, d\u00eda 28, y quienes no cumplan estos requisitos deber\u00e1n esperar al 14 de marzo\" \/>\n<meta property=\"og:url\" content=\"https:\/\/www.laguiadepamplona.com\/actualidad\/las-personas-empadronadas-o-estudiantes-en-pamplona-tendran-preferencia-para-participar-en-los-47-cursos-que-oferta-la-casa-de-la-juventud-en-este-segundo-trimestre\/\" \/>\n<meta property=\"og:site_name\" content=\"La Gu\u00eda de Pamplona\" \/>\n<meta property=\"article:publisher\" content=\"https:\/\/www.facebook.com\/laguiadepamplonacom-133175176762273\/?ref=hl\" \/>\n<meta property=\"article:published_time\" content=\"2022-02-24T11:29:03+00:00\" \/>\n<meta property=\"article:modified_time\" content=\"2023-04-11T09:48:29+00:00\" \/>\n<meta property=\"og:image\" content=\"https:\/\/www.laguiadepamplona.com\/actualidad\/wp-content\/uploads\/2021\/01\/CASA-DE-LA-JUVENTUD.jpg\" \/>\n\t<meta property=\"og:image:width\" content=\"1920\" \/>\n\t<meta property=\"og:image:height\" content=\"1080\" \/>\n\t<meta property=\"og:image:type\" content=\"image\/jpeg\" \/>\n<meta name=\"author\" content=\"La Gu\u00eda de Pamplona\" \/>\n<meta name=\"twitter:card\" content=\"summary_large_image\" \/>\n<meta name=\"twitter:creator\" content=\"@LaGuiadPamplona\" \/>\n<meta name=\"twitter:site\" content=\"@LaGuiadPamplona\" \/>\n<meta name=\"twitter:label1\" content=\"Escrito por\" \/>\n\t<meta name=\"twitter:data1\" content=\"La Gu\u00eda de Pamplona\" \/>\n\t<meta name=\"twitter:label2\" content=\"Tiempo de lectura\" \/>\n\t<meta name=\"twitter:data2\" content=\"3 minutos\" \/>\n<script type=\"application\/ld+json\" class=\"yoast-schema-graph\">{\"@context\":\"https:\\\/\\\/schema.org\",\"@graph\":[{\"@type\":\"Article\",\"@id\":\"https:\\\/\\\/www.laguiadepamplona.com\\\/actualidad\\\/las-personas-empadronadas-o-estudiantes-en-pamplona-tendran-preferencia-para-participar-en-los-47-cursos-que-oferta-la-casa-de-la-juventud-en-este-segundo-trimestre\\\/#article\",\"isPartOf\":{\"@id\":\"https:\\\/\\\/www.laguiadepamplona.com\\\/actualidad\\\/las-personas-empadronadas-o-estudiantes-en-pamplona-tendran-preferencia-para-participar-en-los-47-cursos-que-oferta-la-casa-de-la-juventud-en-este-segundo-trimestre\\\/\"},\"author\":{\"name\":\"La Gu\u00eda de Pamplona\",\"@id\":\"https:\\\/\\\/www.laguiadepamplona.com\\\/actualidad\\\/#\\\/schema\\\/person\\\/efe887376f0213d4657c93adc50b1fdb\"},\"headline\":\"Las personas empadronadas o estudiantes en Pamplona tendr\u00e1n preferencia para participar en los 47 cursos que oferta la Casa de la Juventud en este segundo trimestre\",\"datePublished\":\"2022-02-24T11:29:03+00:00\",\"dateModified\":\"2023-04-11T09:48:29+00:00\",\"mainEntityOfPage\":{\"@id\":\"https:\\\/\\\/www.laguiadepamplona.com\\\/actualidad\\\/las-personas-empadronadas-o-estudiantes-en-pamplona-tendran-preferencia-para-participar-en-los-47-cursos-que-oferta-la-casa-de-la-juventud-en-este-segundo-trimestre\\\/\"},\"wordCount\":651,\"commentCount\":0,\"publisher\":{\"@id\":\"https:\\\/\\\/www.laguiadepamplona.com\\\/actualidad\\\/#organization\"},\"image\":{\"@id\":\"https:\\\/\\\/www.laguiadepamplona.com\\\/actualidad\\\/las-personas-empadronadas-o-estudiantes-en-pamplona-tendran-preferencia-para-participar-en-los-47-cursos-que-oferta-la-casa-de-la-juventud-en-este-segundo-trimestre\\\/#primaryimage\"},\"thumbnailUrl\":\"https:\\\/\\\/www.laguiadepamplona.com\\\/actualidad\\\/wp-content\\\/uploads\\\/2021\\\/01\\\/CASA-DE-LA-JUVENTUD.jpg\",\"articleSection\":[\"Ayto Pamplona\"],\"inLanguage\":\"es\",\"potentialAction\":[{\"@type\":\"CommentAction\",\"name\":\"Comment\",\"target\":[\"https:\\\/\\\/www.laguiadepamplona.com\\\/actualidad\\\/las-personas-empadronadas-o-estudiantes-en-pamplona-tendran-preferencia-para-participar-en-los-47-cursos-que-oferta-la-casa-de-la-juventud-en-este-segundo-trimestre\\\/#respond\"]}]},{\"@type\":\"WebPage\",\"@id\":\"https:\\\/\\\/www.laguiadepamplona.com\\\/actualidad\\\/las-personas-empadronadas-o-estudiantes-en-pamplona-tendran-preferencia-para-participar-en-los-47-cursos-que-oferta-la-casa-de-la-juventud-en-este-segundo-trimestre\\\/\",\"url\":\"https:\\\/\\\/www.laguiadepamplona.com\\\/actualidad\\\/las-personas-empadronadas-o-estudiantes-en-pamplona-tendran-preferencia-para-participar-en-los-47-cursos-que-oferta-la-casa-de-la-juventud-en-este-segundo-trimestre\\\/\",\"name\":\"Las personas empadronadas o estudiantes en Pamplona tendr\u00e1n preferencia para participar en los 47 cursos que oferta la Casa de la Juventud en este segundo trimestre\",\"isPartOf\":{\"@id\":\"https:\\\/\\\/www.laguiadepamplona.com\\\/actualidad\\\/#website\"},\"primaryImageOfPage\":{\"@id\":\"https:\\\/\\\/www.laguiadepamplona.com\\\/actualidad\\\/las-personas-empadronadas-o-estudiantes-en-pamplona-tendran-preferencia-para-participar-en-los-47-cursos-que-oferta-la-casa-de-la-juventud-en-este-segundo-trimestre\\\/#primaryimage\"},\"image\":{\"@id\":\"https:\\\/\\\/www.laguiadepamplona.com\\\/actualidad\\\/las-personas-empadronadas-o-estudiantes-en-pamplona-tendran-preferencia-para-participar-en-los-47-cursos-que-oferta-la-casa-de-la-juventud-en-este-segundo-trimestre\\\/#primaryimage\"},\"thumbnailUrl\":\"https:\\\/\\\/www.laguiadepamplona.com\\\/actualidad\\\/wp-content\\\/uploads\\\/2021\\\/01\\\/CASA-DE-LA-JUVENTUD.jpg\",\"datePublished\":\"2022-02-24T11:29:03+00:00\",\"dateModified\":\"2023-04-11T09:48:29+00:00\",\"description\":\"El plazo de inscripci\u00f3n arrancar\u00e1 para ellos el pr\u00f3ximo lunes, d\u00eda 28, y quienes no cumplan estos requisitos deber\u00e1n esperar al 14 de marzo\",\"breadcrumb\":{\"@id\":\"https:\\\/\\\/www.laguiadepamplona.com\\\/actualidad\\\/las-personas-empadronadas-o-estudiantes-en-pamplona-tendran-preferencia-para-participar-en-los-47-cursos-que-oferta-la-casa-de-la-juventud-en-este-segundo-trimestre\\\/#breadcrumb\"},\"inLanguage\":\"es\",\"potentialAction\":[{\"@type\":\"ReadAction\",\"target\":[\"https:\\\/\\\/www.laguiadepamplona.com\\\/actualidad\\\/las-personas-empadronadas-o-estudiantes-en-pamplona-tendran-preferencia-para-participar-en-los-47-cursos-que-oferta-la-casa-de-la-juventud-en-este-segundo-trimestre\\\/\"]}]},{\"@type\":\"ImageObject\",\"inLanguage\":\"es\",\"@id\":\"https:\\\/\\\/www.laguiadepamplona.com\\\/actualidad\\\/las-personas-empadronadas-o-estudiantes-en-pamplona-tendran-preferencia-para-participar-en-los-47-cursos-que-oferta-la-casa-de-la-juventud-en-este-segundo-trimestre\\\/#primaryimage\",\"url\":\"https:\\\/\\\/www.laguiadepamplona.com\\\/actualidad\\\/wp-content\\\/uploads\\\/2021\\\/01\\\/CASA-DE-LA-JUVENTUD.jpg\",\"contentUrl\":\"https:\\\/\\\/www.laguiadepamplona.com\\\/actualidad\\\/wp-content\\\/uploads\\\/2021\\\/01\\\/CASA-DE-LA-JUVENTUD.jpg\",\"width\":1920,\"height\":1080,\"caption\":\"casa juventud\"},{\"@type\":\"BreadcrumbList\",\"@id\":\"https:\\\/\\\/www.laguiadepamplona.com\\\/actualidad\\\/las-personas-empadronadas-o-estudiantes-en-pamplona-tendran-preferencia-para-participar-en-los-47-cursos-que-oferta-la-casa-de-la-juventud-en-este-segundo-trimestre\\\/#breadcrumb\",\"itemListElement\":[{\"@type\":\"ListItem\",\"position\":1,\"name\":\"Portada\",\"item\":\"https:\\\/\\\/www.laguiadepamplona.com\\\/actualidad\\\/\"},{\"@type\":\"ListItem\",\"position\":2,\"name\":\"Las personas empadronadas o estudiantes en Pamplona tendr\u00e1n preferencia para participar en los 47 cursos que oferta la Casa de la Juventud en este segundo trimestre\"}]},{\"@type\":\"WebSite\",\"@id\":\"https:\\\/\\\/www.laguiadepamplona.com\\\/actualidad\\\/#website\",\"url\":\"https:\\\/\\\/www.laguiadepamplona.com\\\/actualidad\\\/\",\"name\":\"La gu\u00eda de Pamplona\",\"description\":\"Noticias de Pamplona\",\"publisher\":{\"@id\":\"https:\\\/\\\/www.laguiadepamplona.com\\\/actualidad\\\/#organization\"},\"potentialAction\":[{\"@type\":\"SearchAction\",\"target\":{\"@type\":\"EntryPoint\",\"urlTemplate\":\"https:\\\/\\\/www.laguiadepamplona.com\\\/actualidad\\\/?s={search_term_string}\"},\"query-input\":{\"@type\":\"PropertyValueSpecification\",\"valueRequired\":true,\"valueName\":\"search_term_string\"}}],\"inLanguage\":\"es\"},{\"@type\":\"Organization\",\"@id\":\"https:\\\/\\\/www.laguiadepamplona.com\\\/actualidad\\\/#organization\",\"name\":\"La Gu\u00eda de Pamplona \\\/ Noticias\",\"url\":\"https:\\\/\\\/www.laguiadepamplona.com\\\/actualidad\\\/\",\"logo\":{\"@type\":\"ImageObject\",\"inLanguage\":\"es\",\"@id\":\"https:\\\/\\\/www.laguiadepamplona.com\\\/actualidad\\\/#\\\/schema\\\/logo\\\/image\\\/\",\"url\":\"https:\\\/\\\/www.laguiadepamplona.com\\\/actualidad\\\/wp-content\\\/uploads\\\/2018\\\/11\\\/logo-laguiadepamplona18-web1.png\",\"contentUrl\":\"https:\\\/\\\/www.laguiadepamplona.com\\\/actualidad\\\/wp-content\\\/uploads\\\/2018\\\/11\\\/logo-laguiadepamplona18-web1.png\",\"width\":600,\"height\":196,\"caption\":\"La Gu\u00eda de Pamplona \\\/ Noticias\"},\"image\":{\"@id\":\"https:\\\/\\\/www.laguiadepamplona.com\\\/actualidad\\\/#\\\/schema\\\/logo\\\/image\\\/\"},\"sameAs\":[\"https:\\\/\\\/www.facebook.com\\\/laguiadepamplonacom-133175176762273\\\/?ref=hl\",\"https:\\\/\\\/x.com\\\/LaGuiadPamplona\",\"https:\\\/\\\/www.instagram.com\\\/la_guia_de_pamplona\\\/\",\"https:\\\/\\\/www.youtube.com\\\/user\\\/laguiadepamplona\"]},{\"@type\":\"Person\",\"@id\":\"https:\\\/\\\/www.laguiadepamplona.com\\\/actualidad\\\/#\\\/schema\\\/person\\\/efe887376f0213d4657c93adc50b1fdb\",\"name\":\"La Gu\u00eda de Pamplona\",\"image\":{\"@type\":\"ImageObject\",\"inLanguage\":\"es\",\"@id\":\"https:\\\/\\\/secure.gravatar.com\\\/avatar\\\/b6992f131dc8d30ab0dff15446e9d346d9dbd95992de0fef795073f5ea83a81c?s=96&d=mm&r=g\",\"url\":\"https:\\\/\\\/secure.gravatar.com\\\/avatar\\\/b6992f131dc8d30ab0dff15446e9d346d9dbd95992de0fef795073f5ea83a81c?s=96&d=mm&r=g\",\"contentUrl\":\"https:\\\/\\\/secure.gravatar.com\\\/avatar\\\/b6992f131dc8d30ab0dff15446e9d346d9dbd95992de0fef795073f5ea83a81c?s=96&d=mm&r=g\",\"caption\":\"La Gu\u00eda de Pamplona\"}}]}<\/script>\n<!-- \/ Yoast SEO plugin. -->","yoast_head_json":{"title":"Las personas empadronadas o estudiantes en Pamplona tendr\u00e1n preferencia para participar en los 47 cursos que oferta la Casa de la Juventud en este segundo trimestre","description":"El plazo de inscripci\u00f3n arrancar\u00e1 para ellos el pr\u00f3ximo lunes, d\u00eda 28, y quienes no cumplan estos requisitos deber\u00e1n esperar al 14 de marzo","robots":{"index":"index","follow":"follow","max-snippet":"max-snippet:-1","max-image-preview":"max-image-preview:large","max-video-preview":"max-video-preview:-1"},"canonical":"https:\/\/www.laguiadepamplona.com\/actualidad\/las-personas-empadronadas-o-estudiantes-en-pamplona-tendran-preferencia-para-participar-en-los-47-cursos-que-oferta-la-casa-de-la-juventud-en-este-segundo-trimestre\/","og_locale":"es_ES","og_type":"article","og_title":"Las personas empadronadas o estudiantes en Pamplona tendr\u00e1n preferencia para participar en los 47 cursos que oferta la Casa de la Juventud en este segundo trimestre","og_description":"El plazo de inscripci\u00f3n arrancar\u00e1 para ellos el pr\u00f3ximo lunes, d\u00eda 28, y quienes no cumplan estos requisitos deber\u00e1n esperar al 14 de marzo","og_url":"https:\/\/www.laguiadepamplona.com\/actualidad\/las-personas-empadronadas-o-estudiantes-en-pamplona-tendran-preferencia-para-participar-en-los-47-cursos-que-oferta-la-casa-de-la-juventud-en-este-segundo-trimestre\/","og_site_name":"La Gu\u00eda de Pamplona","article_publisher":"https:\/\/www.facebook.com\/laguiadepamplonacom-133175176762273\/?ref=hl","article_published_time":"2022-02-24T11:29:03+00:00","article_modified_time":"2023-04-11T09:48:29+00:00","og_image":[{"width":1920,"height":1080,"url":"https:\/\/www.laguiadepamplona.com\/actualidad\/wp-content\/uploads\/2021\/01\/CASA-DE-LA-JUVENTUD.jpg","type":"image\/jpeg"}],"author":"La Gu\u00eda de Pamplona","twitter_card":"summary_large_image","twitter_creator":"@LaGuiadPamplona","twitter_site":"@LaGuiadPamplona","twitter_misc":{"Escrito por":"La Gu\u00eda de Pamplona","Tiempo de lectura":"3 minutos"},"schema":{"@context":"https:\/\/schema.org","@graph":[{"@type":"Article","@id":"https:\/\/www.laguiadepamplona.com\/actualidad\/las-personas-empadronadas-o-estudiantes-en-pamplona-tendran-preferencia-para-participar-en-los-47-cursos-que-oferta-la-casa-de-la-juventud-en-este-segundo-trimestre\/#article","isPartOf":{"@id":"https:\/\/www.laguiadepamplona.com\/actualidad\/las-personas-empadronadas-o-estudiantes-en-pamplona-tendran-preferencia-para-participar-en-los-47-cursos-que-oferta-la-casa-de-la-juventud-en-este-segundo-trimestre\/"},"author":{"name":"La Gu\u00eda de Pamplona","@id":"https:\/\/www.laguiadepamplona.com\/actualidad\/#\/schema\/person\/efe887376f0213d4657c93adc50b1fdb"},"headline":"Las personas empadronadas o estudiantes en Pamplona tendr\u00e1n preferencia para participar en los 47 cursos que oferta la Casa de la Juventud en este segundo trimestre","datePublished":"2022-02-24T11:29:03+00:00","dateModified":"2023-04-11T09:48:29+00:00","mainEntityOfPage":{"@id":"https:\/\/www.laguiadepamplona.com\/actualidad\/las-personas-empadronadas-o-estudiantes-en-pamplona-tendran-preferencia-para-participar-en-los-47-cursos-que-oferta-la-casa-de-la-juventud-en-este-segundo-trimestre\/"},"wordCount":651,"commentCount":0,"publisher":{"@id":"https:\/\/www.laguiadepamplona.com\/actualidad\/#organization"},"image":{"@id":"https:\/\/www.laguiadepamplona.com\/actualidad\/las-personas-empadronadas-o-estudiantes-en-pamplona-tendran-preferencia-para-participar-en-los-47-cursos-que-oferta-la-casa-de-la-juventud-en-este-segundo-trimestre\/#primaryimage"},"thumbnailUrl":"https:\/\/www.laguiadepamplona.com\/actualidad\/wp-content\/uploads\/2021\/01\/CASA-DE-LA-JUVENTUD.jpg","articleSection":["Ayto Pamplona"],"inLanguage":"es","potentialAction":[{"@type":"CommentAction","name":"Comment","target":["https:\/\/www.laguiadepamplona.com\/actualidad\/las-personas-empadronadas-o-estudiantes-en-pamplona-tendran-preferencia-para-participar-en-los-47-cursos-que-oferta-la-casa-de-la-juventud-en-este-segundo-trimestre\/#respond"]}]},{"@type":"WebPage","@id":"https:\/\/www.laguiadepamplona.com\/actualidad\/las-personas-empadronadas-o-estudiantes-en-pamplona-tendran-preferencia-para-participar-en-los-47-cursos-que-oferta-la-casa-de-la-juventud-en-este-segundo-trimestre\/","url":"https:\/\/www.laguiadepamplona.com\/actualidad\/las-personas-empadronadas-o-estudiantes-en-pamplona-tendran-preferencia-para-participar-en-los-47-cursos-que-oferta-la-casa-de-la-juventud-en-este-segundo-trimestre\/","name":"Las personas empadronadas o estudiantes en Pamplona tendr\u00e1n preferencia para participar en los 47 cursos que oferta la Casa de la Juventud en este segundo trimestre","isPartOf":{"@id":"https:\/\/www.laguiadepamplona.com\/actualidad\/#website"},"primaryImageOfPage":{"@id":"https:\/\/www.laguiadepamplona.com\/actualidad\/las-personas-empadronadas-o-estudiantes-en-pamplona-tendran-preferencia-para-participar-en-los-47-cursos-que-oferta-la-casa-de-la-juventud-en-este-segundo-trimestre\/#primaryimage"},"image":{"@id":"https:\/\/www.laguiadepamplona.com\/actualidad\/las-personas-empadronadas-o-estudiantes-en-pamplona-tendran-preferencia-para-participar-en-los-47-cursos-que-oferta-la-casa-de-la-juventud-en-este-segundo-trimestre\/#primaryimage"},"thumbnailUrl":"https:\/\/www.laguiadepamplona.com\/actualidad\/wp-content\/uploads\/2021\/01\/CASA-DE-LA-JUVENTUD.jpg","datePublished":"2022-02-24T11:29:03+00:00","dateModified":"2023-04-11T09:48:29+00:00","description":"El plazo de inscripci\u00f3n arrancar\u00e1 para ellos el pr\u00f3ximo lunes, d\u00eda 28, y quienes no cumplan estos requisitos deber\u00e1n esperar al 14 de marzo","breadcrumb":{"@id":"https:\/\/www.laguiadepamplona.com\/actualidad\/las-personas-empadronadas-o-estudiantes-en-pamplona-tendran-preferencia-para-participar-en-los-47-cursos-que-oferta-la-casa-de-la-juventud-en-este-segundo-trimestre\/#breadcrumb"},"inLanguage":"es","potentialAction":[{"@type":"ReadAction","target":["https:\/\/www.laguiadepamplona.com\/actualidad\/las-personas-empadronadas-o-estudiantes-en-pamplona-tendran-preferencia-para-participar-en-los-47-cursos-que-oferta-la-casa-de-la-juventud-en-este-segundo-trimestre\/"]}]},{"@type":"ImageObject","inLanguage":"es","@id":"https:\/\/www.laguiadepamplona.com\/actualidad\/las-personas-empadronadas-o-estudiantes-en-pamplona-tendran-preferencia-para-participar-en-los-47-cursos-que-oferta-la-casa-de-la-juventud-en-este-segundo-trimestre\/#primaryimage","url":"https:\/\/www.laguiadepamplona.com\/actualidad\/wp-content\/uploads\/2021\/01\/CASA-DE-LA-JUVENTUD.jpg","contentUrl":"https:\/\/www.laguiadepamplona.com\/actualidad\/wp-content\/uploads\/2021\/01\/CASA-DE-LA-JUVENTUD.jpg","width":1920,"height":1080,"caption":"casa juventud"},{"@type":"BreadcrumbList","@id":"https:\/\/www.laguiadepamplona.com\/actualidad\/las-personas-empadronadas-o-estudiantes-en-pamplona-tendran-preferencia-para-participar-en-los-47-cursos-que-oferta-la-casa-de-la-juventud-en-este-segundo-trimestre\/#breadcrumb","itemListElement":[{"@type":"ListItem","position":1,"name":"Portada","item":"https:\/\/www.laguiadepamplona.com\/actualidad\/"},{"@type":"ListItem","position":2,"name":"Las personas empadronadas o estudiantes en Pamplona tendr\u00e1n preferencia para participar en los 47 cursos que oferta la Casa de la Juventud en este segundo trimestre"}]},{"@type":"WebSite","@id":"https:\/\/www.laguiadepamplona.com\/actualidad\/#website","url":"https:\/\/www.laguiadepamplona.com\/actualidad\/","name":"La gu\u00eda de Pamplona","description":"Noticias de Pamplona","publisher":{"@id":"https:\/\/www.laguiadepamplona.com\/actualidad\/#organization"},"potentialAction":[{"@type":"SearchAction","target":{"@type":"EntryPoint","urlTemplate":"https:\/\/www.laguiadepamplona.com\/actualidad\/?s={search_term_string}"},"query-input":{"@type":"PropertyValueSpecification","valueRequired":true,"valueName":"search_term_string"}}],"inLanguage":"es"},{"@type":"Organization","@id":"https:\/\/www.laguiadepamplona.com\/actualidad\/#organization","name":"La Gu\u00eda de Pamplona \/ Noticias","url":"https:\/\/www.laguiadepamplona.com\/actualidad\/","logo":{"@type":"ImageObject","inLanguage":"es","@id":"https:\/\/www.laguiadepamplona.com\/actualidad\/#\/schema\/logo\/image\/","url":"https:\/\/www.laguiadepamplona.com\/actualidad\/wp-content\/uploads\/2018\/11\/logo-laguiadepamplona18-web1.png","contentUrl":"https:\/\/www.laguiadepamplona.com\/actualidad\/wp-content\/uploads\/2018\/11\/logo-laguiadepamplona18-web1.png","width":600,"height":196,"caption":"La Gu\u00eda de Pamplona \/ Noticias"},"image":{"@id":"https:\/\/www.laguiadepamplona.com\/actualidad\/#\/schema\/logo\/image\/"},"sameAs":["https:\/\/www.facebook.com\/laguiadepamplonacom-133175176762273\/?ref=hl","https:\/\/x.com\/LaGuiadPamplona","https:\/\/www.instagram.com\/la_guia_de_pamplona\/","https:\/\/www.youtube.com\/user\/laguiadepamplona"]},{"@type":"Person","@id":"https:\/\/www.laguiadepamplona.com\/actualidad\/#\/schema\/person\/efe887376f0213d4657c93adc50b1fdb","name":"La Gu\u00eda de Pamplona","image":{"@type":"ImageObject","inLanguage":"es","@id":"https:\/\/secure.gravatar.com\/avatar\/b6992f131dc8d30ab0dff15446e9d346d9dbd95992de0fef795073f5ea83a81c?s=96&d=mm&r=g","url":"https:\/\/secure.gravatar.com\/avatar\/b6992f131dc8d30ab0dff15446e9d346d9dbd95992de0fef795073f5ea83a81c?s=96&d=mm&r=g","contentUrl":"https:\/\/secure.gravatar.com\/avatar\/b6992f131dc8d30ab0dff15446e9d346d9dbd95992de0fef795073f5ea83a81c?s=96&d=mm&r=g","caption":"La Gu\u00eda de Pamplona"}}]}},"post_mailing_queue_ids":[],"_links":{"self":[{"href":"https:\/\/www.laguiadepamplona.com\/actualidad\/wp-json\/wp\/v2\/posts\/39004","targetHints":{"allow":["GET"]}}],"collection":[{"href":"https:\/\/www.laguiadepamplona.com\/actualidad\/wp-json\/wp\/v2\/posts"}],"about":[{"href":"https:\/\/www.laguiadepamplona.com\/actualidad\/wp-json\/wp\/v2\/types\/post"}],"author":[{"embeddable":true,"href":"https:\/\/www.laguiadepamplona.com\/actualidad\/wp-json\/wp\/v2\/users\/1"}],"replies":[{"embeddable":true,"href":"https:\/\/www.laguiadepamplona.com\/actualidad\/wp-json\/wp\/v2\/comments?post=39004"}],"version-history":[{"count":0,"href":"https:\/\/www.laguiadepamplona.com\/actualidad\/wp-json\/wp\/v2\/posts\/39004\/revisions"}],"wp:featuredmedia":[{"embeddable":true,"href":"https:\/\/www.laguiadepamplona.com\/actualidad\/wp-json\/wp\/v2\/media\/32672"}],"wp:attachment":[{"href":"https:\/\/www.laguiadepamplona.com\/actualidad\/wp-json\/wp\/v2\/media?parent=39004"}],"wp:term":[{"taxonomy":"category","embeddable":true,"href":"https:\/\/www.laguiadepamplona.com\/actualidad\/wp-json\/wp\/v2\/categories?post=39004"},{"taxonomy":"post_tag","embeddable":true,"href":"https:\/\/www.laguiadepamplona.com\/actualidad\/wp-json\/wp\/v2\/tags?post=39004"}],"curies":[{"name":"wp","href":"https:\/\/api.w.org\/{rel}","templated":true}]}}