{"id":39002,"date":"2022-02-24T13:27:15","date_gmt":"2022-02-24T11:27:15","guid":{"rendered":"https:\/\/www.laguiadepamplona.com\/actualidad\/?p=39002"},"modified":"2023-04-11T11:48:29","modified_gmt":"2023-04-11T09:48:29","slug":"la-fachada-de-la-casa-consistorial-se-ilumina-manana-viernes-de-lila-con-motivo-del-dia-internacional-del-implante-coclear","status":"publish","type":"post","link":"https:\/\/www.laguiadepamplona.com\/actualidad\/la-fachada-de-la-casa-consistorial-se-ilumina-manana-viernes-de-lila-con-motivo-del-dia-internacional-del-implante-coclear\/","title":{"rendered":"La fachada de la Casa Consistorial se ilumina ma\u00f1ana viernes de lila con motivo del D\u00eda Internacional del Implante Coclear"},"content":{"rendered":"<p><!--more--><\/p>\n<p>El Ayuntamiento de Pamplona se suma este viernes a la celebraci\u00f3n del D\u00eda Internacional del Implante Coclear. La fachada de la Casa Consistorial se iluminar\u00e1 de color lila tras la solicitud realizada por la Federaci\u00f3n de Asociaciones de Implantados Cocleares de Espa\u00f1a (FAICE). Este a\u00f1o el lema de la campa\u00f1a de concienciaci\u00f3n y sensibilidad para el cuidado de la audici\u00f3n es \u2018Para o\u00edr de por vida, \u00a1escucha con cuidado!\u2019<br \/>\n<script async src=\"\/\/pagead2.googlesyndication.com\/pagead\/js\/adsbygoogle.js\"><\/script><br \/>\n<!-- Noticias La Guia de Pamplona --><br \/>\n<ins class=\"adsbygoogle\"\nstyle=\"display:block\"\ndata-ad-client=\"ca-pub-6943679897239327\"\ndata-ad-slot=\"7048180777\"\ndata-ad-format=\"auto\"><\/ins><br \/>\n<script>\n(adsbygoogle = window.adsbygoogle || []).push({});\n<\/script><\/p>\n<p>El D\u00eda Internacional del Implante Coclear inaugura este 25 de febrero la Semana de la Audici\u00f3n, que finaliza el 3 de marzo, D\u00eda Mundial de la Audici\u00f3n, promovido por la Organizaci\u00f3n Mundial de la Salud (OMS). Seg\u00fan el Informe Mundial de la Audici\u00f3n de la OMS de 2021, la previsi\u00f3n para el a\u00f1o 2050 se\u00f1ala que en todo el mundo 700 millones de personas tendr\u00e1n problemas graves de p\u00e9rdida de audici\u00f3n. Actualmente, unos 1.100 millones de j\u00f3venes corren el riesgo de perder audici\u00f3n debido a pr\u00e1cticas auditivas poco seguras.<\/p>\n<p>Adem\u00e1s, un 40% de personas entre 12 y 35 a\u00f1os de los pa\u00edses con ingresos altos y medianos est\u00e1n expuestas a niveles sonoros perjudiciales en los locales de ocio. La OMS lanzar\u00e1 el pr\u00f3ximo 3 de marzo una serie de recomendaciones para reducir el riesgo de p\u00e9rdida de audici\u00f3n en las personas que frecuentan lugares de ocio y eventos.<\/p>\n","protected":false},"excerpt":{"rendered":"","protected":false},"author":1,"featured_media":34691,"comment_status":"open","ping_status":"closed","sticky":false,"template":"","format":"standard","meta":{"footnotes":""},"categories":[2],"tags":[],"class_list":["post-39002","post","type-post","status-publish","format-standard","has-post-thumbnail","hentry","category-ayuntamiento-pamplona"],"yoast_head":"<!-- This site is optimized with the Yoast SEO plugin v27.3 - https:\/\/yoast.com\/product\/yoast-seo-wordpress\/ -->\n<title>La fachada de la Casa Consistorial se ilumina ma\u00f1ana viernes de lila con motivo del D\u00eda Internacional del Implante Coclear<\/title>\n<meta name=\"description\" content=\"Este a\u00f1o el lema de la campa\u00f1a de concienciaci\u00f3n y sensibilidad para el cuidado de la audici\u00f3n es \u2018Para o\u00edr de por vida, \u00a1escucha con cuidado!\u2019\" \/>\n<meta name=\"robots\" content=\"index, follow, max-snippet:-1, max-image-preview:large, max-video-preview:-1\" \/>\n<link rel=\"canonical\" href=\"https:\/\/www.laguiadepamplona.com\/actualidad\/la-fachada-de-la-casa-consistorial-se-ilumina-manana-viernes-de-lila-con-motivo-del-dia-internacional-del-implante-coclear\/\" \/>\n<meta property=\"og:locale\" content=\"es_ES\" \/>\n<meta property=\"og:type\" content=\"article\" \/>\n<meta property=\"og:title\" content=\"La fachada de la Casa Consistorial se ilumina ma\u00f1ana viernes de lila con motivo del D\u00eda Internacional del Implante Coclear\" \/>\n<meta property=\"og:description\" content=\"Este a\u00f1o el lema de la campa\u00f1a de concienciaci\u00f3n y sensibilidad para el cuidado de la audici\u00f3n es \u2018Para o\u00edr de por vida, \u00a1escucha con cuidado!\u2019\" \/>\n<meta property=\"og:url\" content=\"https:\/\/www.laguiadepamplona.com\/actualidad\/la-fachada-de-la-casa-consistorial-se-ilumina-manana-viernes-de-lila-con-motivo-del-dia-internacional-del-implante-coclear\/\" \/>\n<meta property=\"og:site_name\" content=\"La Gu\u00eda de Pamplona\" \/>\n<meta property=\"article:publisher\" content=\"https:\/\/www.facebook.com\/laguiadepamplonacom-133175176762273\/?ref=hl\" \/>\n<meta property=\"article:published_time\" content=\"2022-02-24T11:27:15+00:00\" \/>\n<meta property=\"article:modified_time\" content=\"2023-04-11T09:48:29+00:00\" \/>\n<meta property=\"og:image\" content=\"https:\/\/www.laguiadepamplona.com\/actualidad\/wp-content\/uploads\/2021\/05\/ayuntamiento_iluminado-morado.jpg\" \/>\n\t<meta property=\"og:image:width\" content=\"1920\" \/>\n\t<meta property=\"og:image:height\" content=\"1138\" \/>\n\t<meta property=\"og:image:type\" content=\"image\/jpeg\" \/>\n<meta name=\"author\" content=\"La Gu\u00eda de Pamplona\" \/>\n<meta name=\"twitter:card\" content=\"summary_large_image\" \/>\n<meta name=\"twitter:creator\" content=\"@LaGuiadPamplona\" \/>\n<meta name=\"twitter:site\" content=\"@LaGuiadPamplona\" \/>\n<meta name=\"twitter:label1\" content=\"Escrito por\" \/>\n\t<meta name=\"twitter:data1\" content=\"La Gu\u00eda de Pamplona\" \/>\n\t<meta name=\"twitter:label2\" content=\"Tiempo de lectura\" \/>\n\t<meta name=\"twitter:data2\" content=\"1 minuto\" \/>\n<script type=\"application\/ld+json\" class=\"yoast-schema-graph\">{\"@context\":\"https:\\\/\\\/schema.org\",\"@graph\":[{\"@type\":\"Article\",\"@id\":\"https:\\\/\\\/www.laguiadepamplona.com\\\/actualidad\\\/la-fachada-de-la-casa-consistorial-se-ilumina-manana-viernes-de-lila-con-motivo-del-dia-internacional-del-implante-coclear\\\/#article\",\"isPartOf\":{\"@id\":\"https:\\\/\\\/www.laguiadepamplona.com\\\/actualidad\\\/la-fachada-de-la-casa-consistorial-se-ilumina-manana-viernes-de-lila-con-motivo-del-dia-internacional-del-implante-coclear\\\/\"},\"author\":{\"name\":\"La Gu\u00eda de Pamplona\",\"@id\":\"https:\\\/\\\/www.laguiadepamplona.com\\\/actualidad\\\/#\\\/schema\\\/person\\\/efe887376f0213d4657c93adc50b1fdb\"},\"headline\":\"La fachada de la Casa Consistorial se ilumina ma\u00f1ana viernes de lila con motivo del D\u00eda Internacional del Implante Coclear\",\"datePublished\":\"2022-02-24T11:27:15+00:00\",\"dateModified\":\"2023-04-11T09:48:29+00:00\",\"mainEntityOfPage\":{\"@id\":\"https:\\\/\\\/www.laguiadepamplona.com\\\/actualidad\\\/la-fachada-de-la-casa-consistorial-se-ilumina-manana-viernes-de-lila-con-motivo-del-dia-internacional-del-implante-coclear\\\/\"},\"wordCount\":261,\"commentCount\":0,\"publisher\":{\"@id\":\"https:\\\/\\\/www.laguiadepamplona.com\\\/actualidad\\\/#organization\"},\"image\":{\"@id\":\"https:\\\/\\\/www.laguiadepamplona.com\\\/actualidad\\\/la-fachada-de-la-casa-consistorial-se-ilumina-manana-viernes-de-lila-con-motivo-del-dia-internacional-del-implante-coclear\\\/#primaryimage\"},\"thumbnailUrl\":\"https:\\\/\\\/www.laguiadepamplona.com\\\/actualidad\\\/wp-content\\\/uploads\\\/2021\\\/05\\\/ayuntamiento_iluminado-morado.jpg\",\"articleSection\":[\"Ayto Pamplona\"],\"inLanguage\":\"es\",\"potentialAction\":[{\"@type\":\"CommentAction\",\"name\":\"Comment\",\"target\":[\"https:\\\/\\\/www.laguiadepamplona.com\\\/actualidad\\\/la-fachada-de-la-casa-consistorial-se-ilumina-manana-viernes-de-lila-con-motivo-del-dia-internacional-del-implante-coclear\\\/#respond\"]}]},{\"@type\":\"WebPage\",\"@id\":\"https:\\\/\\\/www.laguiadepamplona.com\\\/actualidad\\\/la-fachada-de-la-casa-consistorial-se-ilumina-manana-viernes-de-lila-con-motivo-del-dia-internacional-del-implante-coclear\\\/\",\"url\":\"https:\\\/\\\/www.laguiadepamplona.com\\\/actualidad\\\/la-fachada-de-la-casa-consistorial-se-ilumina-manana-viernes-de-lila-con-motivo-del-dia-internacional-del-implante-coclear\\\/\",\"name\":\"La fachada de la Casa Consistorial se ilumina ma\u00f1ana viernes de lila con motivo del D\u00eda Internacional del Implante Coclear\",\"isPartOf\":{\"@id\":\"https:\\\/\\\/www.laguiadepamplona.com\\\/actualidad\\\/#website\"},\"primaryImageOfPage\":{\"@id\":\"https:\\\/\\\/www.laguiadepamplona.com\\\/actualidad\\\/la-fachada-de-la-casa-consistorial-se-ilumina-manana-viernes-de-lila-con-motivo-del-dia-internacional-del-implante-coclear\\\/#primaryimage\"},\"image\":{\"@id\":\"https:\\\/\\\/www.laguiadepamplona.com\\\/actualidad\\\/la-fachada-de-la-casa-consistorial-se-ilumina-manana-viernes-de-lila-con-motivo-del-dia-internacional-del-implante-coclear\\\/#primaryimage\"},\"thumbnailUrl\":\"https:\\\/\\\/www.laguiadepamplona.com\\\/actualidad\\\/wp-content\\\/uploads\\\/2021\\\/05\\\/ayuntamiento_iluminado-morado.jpg\",\"datePublished\":\"2022-02-24T11:27:15+00:00\",\"dateModified\":\"2023-04-11T09:48:29+00:00\",\"description\":\"Este a\u00f1o el lema de la campa\u00f1a de concienciaci\u00f3n y sensibilidad para el cuidado de la audici\u00f3n es \u2018Para o\u00edr de por vida, \u00a1escucha con cuidado!\u2019\",\"breadcrumb\":{\"@id\":\"https:\\\/\\\/www.laguiadepamplona.com\\\/actualidad\\\/la-fachada-de-la-casa-consistorial-se-ilumina-manana-viernes-de-lila-con-motivo-del-dia-internacional-del-implante-coclear\\\/#breadcrumb\"},\"inLanguage\":\"es\",\"potentialAction\":[{\"@type\":\"ReadAction\",\"target\":[\"https:\\\/\\\/www.laguiadepamplona.com\\\/actualidad\\\/la-fachada-de-la-casa-consistorial-se-ilumina-manana-viernes-de-lila-con-motivo-del-dia-internacional-del-implante-coclear\\\/\"]}]},{\"@type\":\"ImageObject\",\"inLanguage\":\"es\",\"@id\":\"https:\\\/\\\/www.laguiadepamplona.com\\\/actualidad\\\/la-fachada-de-la-casa-consistorial-se-ilumina-manana-viernes-de-lila-con-motivo-del-dia-internacional-del-implante-coclear\\\/#primaryimage\",\"url\":\"https:\\\/\\\/www.laguiadepamplona.com\\\/actualidad\\\/wp-content\\\/uploads\\\/2021\\\/05\\\/ayuntamiento_iluminado-morado.jpg\",\"contentUrl\":\"https:\\\/\\\/www.laguiadepamplona.com\\\/actualidad\\\/wp-content\\\/uploads\\\/2021\\\/05\\\/ayuntamiento_iluminado-morado.jpg\",\"width\":1920,\"height\":1138,\"caption\":\"A*: JES\u00daS GARZARON T*: FACHADA AYTO LILA F*: 25-11-2009 L*: AYTO\"},{\"@type\":\"BreadcrumbList\",\"@id\":\"https:\\\/\\\/www.laguiadepamplona.com\\\/actualidad\\\/la-fachada-de-la-casa-consistorial-se-ilumina-manana-viernes-de-lila-con-motivo-del-dia-internacional-del-implante-coclear\\\/#breadcrumb\",\"itemListElement\":[{\"@type\":\"ListItem\",\"position\":1,\"name\":\"Portada\",\"item\":\"https:\\\/\\\/www.laguiadepamplona.com\\\/actualidad\\\/\"},{\"@type\":\"ListItem\",\"position\":2,\"name\":\"La fachada de la Casa Consistorial se ilumina ma\u00f1ana viernes de lila con motivo del D\u00eda Internacional del Implante Coclear\"}]},{\"@type\":\"WebSite\",\"@id\":\"https:\\\/\\\/www.laguiadepamplona.com\\\/actualidad\\\/#website\",\"url\":\"https:\\\/\\\/www.laguiadepamplona.com\\\/actualidad\\\/\",\"name\":\"La gu\u00eda de Pamplona\",\"description\":\"Noticias de Pamplona\",\"publisher\":{\"@id\":\"https:\\\/\\\/www.laguiadepamplona.com\\\/actualidad\\\/#organization\"},\"potentialAction\":[{\"@type\":\"SearchAction\",\"target\":{\"@type\":\"EntryPoint\",\"urlTemplate\":\"https:\\\/\\\/www.laguiadepamplona.com\\\/actualidad\\\/?s={search_term_string}\"},\"query-input\":{\"@type\":\"PropertyValueSpecification\",\"valueRequired\":true,\"valueName\":\"search_term_string\"}}],\"inLanguage\":\"es\"},{\"@type\":\"Organization\",\"@id\":\"https:\\\/\\\/www.laguiadepamplona.com\\\/actualidad\\\/#organization\",\"name\":\"La Gu\u00eda de Pamplona \\\/ Noticias\",\"url\":\"https:\\\/\\\/www.laguiadepamplona.com\\\/actualidad\\\/\",\"logo\":{\"@type\":\"ImageObject\",\"inLanguage\":\"es\",\"@id\":\"https:\\\/\\\/www.laguiadepamplona.com\\\/actualidad\\\/#\\\/schema\\\/logo\\\/image\\\/\",\"url\":\"https:\\\/\\\/www.laguiadepamplona.com\\\/actualidad\\\/wp-content\\\/uploads\\\/2018\\\/11\\\/logo-laguiadepamplona18-web1.png\",\"contentUrl\":\"https:\\\/\\\/www.laguiadepamplona.com\\\/actualidad\\\/wp-content\\\/uploads\\\/2018\\\/11\\\/logo-laguiadepamplona18-web1.png\",\"width\":600,\"height\":196,\"caption\":\"La Gu\u00eda de Pamplona \\\/ Noticias\"},\"image\":{\"@id\":\"https:\\\/\\\/www.laguiadepamplona.com\\\/actualidad\\\/#\\\/schema\\\/logo\\\/image\\\/\"},\"sameAs\":[\"https:\\\/\\\/www.facebook.com\\\/laguiadepamplonacom-133175176762273\\\/?ref=hl\",\"https:\\\/\\\/x.com\\\/LaGuiadPamplona\",\"https:\\\/\\\/www.instagram.com\\\/la_guia_de_pamplona\\\/\",\"https:\\\/\\\/www.youtube.com\\\/user\\\/laguiadepamplona\"]},{\"@type\":\"Person\",\"@id\":\"https:\\\/\\\/www.laguiadepamplona.com\\\/actualidad\\\/#\\\/schema\\\/person\\\/efe887376f0213d4657c93adc50b1fdb\",\"name\":\"La Gu\u00eda de Pamplona\",\"image\":{\"@type\":\"ImageObject\",\"inLanguage\":\"es\",\"@id\":\"https:\\\/\\\/secure.gravatar.com\\\/avatar\\\/b6992f131dc8d30ab0dff15446e9d346d9dbd95992de0fef795073f5ea83a81c?s=96&d=mm&r=g\",\"url\":\"https:\\\/\\\/secure.gravatar.com\\\/avatar\\\/b6992f131dc8d30ab0dff15446e9d346d9dbd95992de0fef795073f5ea83a81c?s=96&d=mm&r=g\",\"contentUrl\":\"https:\\\/\\\/secure.gravatar.com\\\/avatar\\\/b6992f131dc8d30ab0dff15446e9d346d9dbd95992de0fef795073f5ea83a81c?s=96&d=mm&r=g\",\"caption\":\"La Gu\u00eda de Pamplona\"}}]}<\/script>\n<!-- \/ Yoast SEO plugin. -->","yoast_head_json":{"title":"La fachada de la Casa Consistorial se ilumina ma\u00f1ana viernes de lila con motivo del D\u00eda Internacional del Implante Coclear","description":"Este a\u00f1o el lema de la campa\u00f1a de concienciaci\u00f3n y sensibilidad para el cuidado de la audici\u00f3n es \u2018Para o\u00edr de por vida, \u00a1escucha con cuidado!\u2019","robots":{"index":"index","follow":"follow","max-snippet":"max-snippet:-1","max-image-preview":"max-image-preview:large","max-video-preview":"max-video-preview:-1"},"canonical":"https:\/\/www.laguiadepamplona.com\/actualidad\/la-fachada-de-la-casa-consistorial-se-ilumina-manana-viernes-de-lila-con-motivo-del-dia-internacional-del-implante-coclear\/","og_locale":"es_ES","og_type":"article","og_title":"La fachada de la Casa Consistorial se ilumina ma\u00f1ana viernes de lila con motivo del D\u00eda Internacional del Implante Coclear","og_description":"Este a\u00f1o el lema de la campa\u00f1a de concienciaci\u00f3n y sensibilidad para el cuidado de la audici\u00f3n es \u2018Para o\u00edr de por vida, \u00a1escucha con cuidado!\u2019","og_url":"https:\/\/www.laguiadepamplona.com\/actualidad\/la-fachada-de-la-casa-consistorial-se-ilumina-manana-viernes-de-lila-con-motivo-del-dia-internacional-del-implante-coclear\/","og_site_name":"La Gu\u00eda de Pamplona","article_publisher":"https:\/\/www.facebook.com\/laguiadepamplonacom-133175176762273\/?ref=hl","article_published_time":"2022-02-24T11:27:15+00:00","article_modified_time":"2023-04-11T09:48:29+00:00","og_image":[{"width":1920,"height":1138,"url":"https:\/\/www.laguiadepamplona.com\/actualidad\/wp-content\/uploads\/2021\/05\/ayuntamiento_iluminado-morado.jpg","type":"image\/jpeg"}],"author":"La Gu\u00eda de Pamplona","twitter_card":"summary_large_image","twitter_creator":"@LaGuiadPamplona","twitter_site":"@LaGuiadPamplona","twitter_misc":{"Escrito por":"La Gu\u00eda de Pamplona","Tiempo de lectura":"1 minuto"},"schema":{"@context":"https:\/\/schema.org","@graph":[{"@type":"Article","@id":"https:\/\/www.laguiadepamplona.com\/actualidad\/la-fachada-de-la-casa-consistorial-se-ilumina-manana-viernes-de-lila-con-motivo-del-dia-internacional-del-implante-coclear\/#article","isPartOf":{"@id":"https:\/\/www.laguiadepamplona.com\/actualidad\/la-fachada-de-la-casa-consistorial-se-ilumina-manana-viernes-de-lila-con-motivo-del-dia-internacional-del-implante-coclear\/"},"author":{"name":"La Gu\u00eda de Pamplona","@id":"https:\/\/www.laguiadepamplona.com\/actualidad\/#\/schema\/person\/efe887376f0213d4657c93adc50b1fdb"},"headline":"La fachada de la Casa Consistorial se ilumina ma\u00f1ana viernes de lila con motivo del D\u00eda Internacional del Implante Coclear","datePublished":"2022-02-24T11:27:15+00:00","dateModified":"2023-04-11T09:48:29+00:00","mainEntityOfPage":{"@id":"https:\/\/www.laguiadepamplona.com\/actualidad\/la-fachada-de-la-casa-consistorial-se-ilumina-manana-viernes-de-lila-con-motivo-del-dia-internacional-del-implante-coclear\/"},"wordCount":261,"commentCount":0,"publisher":{"@id":"https:\/\/www.laguiadepamplona.com\/actualidad\/#organization"},"image":{"@id":"https:\/\/www.laguiadepamplona.com\/actualidad\/la-fachada-de-la-casa-consistorial-se-ilumina-manana-viernes-de-lila-con-motivo-del-dia-internacional-del-implante-coclear\/#primaryimage"},"thumbnailUrl":"https:\/\/www.laguiadepamplona.com\/actualidad\/wp-content\/uploads\/2021\/05\/ayuntamiento_iluminado-morado.jpg","articleSection":["Ayto Pamplona"],"inLanguage":"es","potentialAction":[{"@type":"CommentAction","name":"Comment","target":["https:\/\/www.laguiadepamplona.com\/actualidad\/la-fachada-de-la-casa-consistorial-se-ilumina-manana-viernes-de-lila-con-motivo-del-dia-internacional-del-implante-coclear\/#respond"]}]},{"@type":"WebPage","@id":"https:\/\/www.laguiadepamplona.com\/actualidad\/la-fachada-de-la-casa-consistorial-se-ilumina-manana-viernes-de-lila-con-motivo-del-dia-internacional-del-implante-coclear\/","url":"https:\/\/www.laguiadepamplona.com\/actualidad\/la-fachada-de-la-casa-consistorial-se-ilumina-manana-viernes-de-lila-con-motivo-del-dia-internacional-del-implante-coclear\/","name":"La fachada de la Casa Consistorial se ilumina ma\u00f1ana viernes de lila con motivo del D\u00eda Internacional del Implante Coclear","isPartOf":{"@id":"https:\/\/www.laguiadepamplona.com\/actualidad\/#website"},"primaryImageOfPage":{"@id":"https:\/\/www.laguiadepamplona.com\/actualidad\/la-fachada-de-la-casa-consistorial-se-ilumina-manana-viernes-de-lila-con-motivo-del-dia-internacional-del-implante-coclear\/#primaryimage"},"image":{"@id":"https:\/\/www.laguiadepamplona.com\/actualidad\/la-fachada-de-la-casa-consistorial-se-ilumina-manana-viernes-de-lila-con-motivo-del-dia-internacional-del-implante-coclear\/#primaryimage"},"thumbnailUrl":"https:\/\/www.laguiadepamplona.com\/actualidad\/wp-content\/uploads\/2021\/05\/ayuntamiento_iluminado-morado.jpg","datePublished":"2022-02-24T11:27:15+00:00","dateModified":"2023-04-11T09:48:29+00:00","description":"Este a\u00f1o el lema de la campa\u00f1a de concienciaci\u00f3n y sensibilidad para el cuidado de la audici\u00f3n es \u2018Para o\u00edr de por vida, \u00a1escucha con cuidado!\u2019","breadcrumb":{"@id":"https:\/\/www.laguiadepamplona.com\/actualidad\/la-fachada-de-la-casa-consistorial-se-ilumina-manana-viernes-de-lila-con-motivo-del-dia-internacional-del-implante-coclear\/#breadcrumb"},"inLanguage":"es","potentialAction":[{"@type":"ReadAction","target":["https:\/\/www.laguiadepamplona.com\/actualidad\/la-fachada-de-la-casa-consistorial-se-ilumina-manana-viernes-de-lila-con-motivo-del-dia-internacional-del-implante-coclear\/"]}]},{"@type":"ImageObject","inLanguage":"es","@id":"https:\/\/www.laguiadepamplona.com\/actualidad\/la-fachada-de-la-casa-consistorial-se-ilumina-manana-viernes-de-lila-con-motivo-del-dia-internacional-del-implante-coclear\/#primaryimage","url":"https:\/\/www.laguiadepamplona.com\/actualidad\/wp-content\/uploads\/2021\/05\/ayuntamiento_iluminado-morado.jpg","contentUrl":"https:\/\/www.laguiadepamplona.com\/actualidad\/wp-content\/uploads\/2021\/05\/ayuntamiento_iluminado-morado.jpg","width":1920,"height":1138,"caption":"A*: JES\u00daS GARZARON T*: FACHADA AYTO LILA F*: 25-11-2009 L*: AYTO"},{"@type":"BreadcrumbList","@id":"https:\/\/www.laguiadepamplona.com\/actualidad\/la-fachada-de-la-casa-consistorial-se-ilumina-manana-viernes-de-lila-con-motivo-del-dia-internacional-del-implante-coclear\/#breadcrumb","itemListElement":[{"@type":"ListItem","position":1,"name":"Portada","item":"https:\/\/www.laguiadepamplona.com\/actualidad\/"},{"@type":"ListItem","position":2,"name":"La fachada de la Casa Consistorial se ilumina ma\u00f1ana viernes de lila con motivo del D\u00eda Internacional del Implante Coclear"}]},{"@type":"WebSite","@id":"https:\/\/www.laguiadepamplona.com\/actualidad\/#website","url":"https:\/\/www.laguiadepamplona.com\/actualidad\/","name":"La gu\u00eda de Pamplona","description":"Noticias de Pamplona","publisher":{"@id":"https:\/\/www.laguiadepamplona.com\/actualidad\/#organization"},"potentialAction":[{"@type":"SearchAction","target":{"@type":"EntryPoint","urlTemplate":"https:\/\/www.laguiadepamplona.com\/actualidad\/?s={search_term_string}"},"query-input":{"@type":"PropertyValueSpecification","valueRequired":true,"valueName":"search_term_string"}}],"inLanguage":"es"},{"@type":"Organization","@id":"https:\/\/www.laguiadepamplona.com\/actualidad\/#organization","name":"La Gu\u00eda de Pamplona \/ Noticias","url":"https:\/\/www.laguiadepamplona.com\/actualidad\/","logo":{"@type":"ImageObject","inLanguage":"es","@id":"https:\/\/www.laguiadepamplona.com\/actualidad\/#\/schema\/logo\/image\/","url":"https:\/\/www.laguiadepamplona.com\/actualidad\/wp-content\/uploads\/2018\/11\/logo-laguiadepamplona18-web1.png","contentUrl":"https:\/\/www.laguiadepamplona.com\/actualidad\/wp-content\/uploads\/2018\/11\/logo-laguiadepamplona18-web1.png","width":600,"height":196,"caption":"La Gu\u00eda de Pamplona \/ Noticias"},"image":{"@id":"https:\/\/www.laguiadepamplona.com\/actualidad\/#\/schema\/logo\/image\/"},"sameAs":["https:\/\/www.facebook.com\/laguiadepamplonacom-133175176762273\/?ref=hl","https:\/\/x.com\/LaGuiadPamplona","https:\/\/www.instagram.com\/la_guia_de_pamplona\/","https:\/\/www.youtube.com\/user\/laguiadepamplona"]},{"@type":"Person","@id":"https:\/\/www.laguiadepamplona.com\/actualidad\/#\/schema\/person\/efe887376f0213d4657c93adc50b1fdb","name":"La Gu\u00eda de Pamplona","image":{"@type":"ImageObject","inLanguage":"es","@id":"https:\/\/secure.gravatar.com\/avatar\/b6992f131dc8d30ab0dff15446e9d346d9dbd95992de0fef795073f5ea83a81c?s=96&d=mm&r=g","url":"https:\/\/secure.gravatar.com\/avatar\/b6992f131dc8d30ab0dff15446e9d346d9dbd95992de0fef795073f5ea83a81c?s=96&d=mm&r=g","contentUrl":"https:\/\/secure.gravatar.com\/avatar\/b6992f131dc8d30ab0dff15446e9d346d9dbd95992de0fef795073f5ea83a81c?s=96&d=mm&r=g","caption":"La Gu\u00eda de Pamplona"}}]}},"post_mailing_queue_ids":[],"_links":{"self":[{"href":"https:\/\/www.laguiadepamplona.com\/actualidad\/wp-json\/wp\/v2\/posts\/39002","targetHints":{"allow":["GET"]}}],"collection":[{"href":"https:\/\/www.laguiadepamplona.com\/actualidad\/wp-json\/wp\/v2\/posts"}],"about":[{"href":"https:\/\/www.laguiadepamplona.com\/actualidad\/wp-json\/wp\/v2\/types\/post"}],"author":[{"embeddable":true,"href":"https:\/\/www.laguiadepamplona.com\/actualidad\/wp-json\/wp\/v2\/users\/1"}],"replies":[{"embeddable":true,"href":"https:\/\/www.laguiadepamplona.com\/actualidad\/wp-json\/wp\/v2\/comments?post=39002"}],"version-history":[{"count":0,"href":"https:\/\/www.laguiadepamplona.com\/actualidad\/wp-json\/wp\/v2\/posts\/39002\/revisions"}],"wp:featuredmedia":[{"embeddable":true,"href":"https:\/\/www.laguiadepamplona.com\/actualidad\/wp-json\/wp\/v2\/media\/34691"}],"wp:attachment":[{"href":"https:\/\/www.laguiadepamplona.com\/actualidad\/wp-json\/wp\/v2\/media?parent=39002"}],"wp:term":[{"taxonomy":"category","embeddable":true,"href":"https:\/\/www.laguiadepamplona.com\/actualidad\/wp-json\/wp\/v2\/categories?post=39002"},{"taxonomy":"post_tag","embeddable":true,"href":"https:\/\/www.laguiadepamplona.com\/actualidad\/wp-json\/wp\/v2\/tags?post=39002"}],"curies":[{"name":"wp","href":"https:\/\/api.w.org\/{rel}","templated":true}]}}