{"id":38931,"date":"2022-02-22T17:44:15","date_gmt":"2022-02-22T15:44:15","guid":{"rendered":"https:\/\/www.laguiadepamplona.com\/actualidad\/?p=38931"},"modified":"2023-04-11T11:48:30","modified_gmt":"2023-04-11T09:48:30","slug":"gerencia-de-urbanismo-aborda-manana-la-aprobacion-definitiva-del-plan-parcial-de-milagrosa-sur","status":"publish","type":"post","link":"https:\/\/www.laguiadepamplona.com\/actualidad\/gerencia-de-urbanismo-aborda-manana-la-aprobacion-definitiva-del-plan-parcial-de-milagrosa-sur\/","title":{"rendered":"Gerencia de Urbanismo aborda ma\u00f1ana la aprobaci\u00f3n definitiva del Plan Parcial de Milagrosa Sur"},"content":{"rendered":"<h5>Esta zona de acceso a la ciudad contempla la construcci\u00f3n de varios edificios de uso comercial y oficinas y una residencia comunitaria<\/h5>\n<p><!--more--><\/p>\n<p>Una vez concluido el plazo de alegaci\u00f3n y la recepci\u00f3n de los informes preceptivos, el desarrollo urban\u00edstico de la entrada sur a Pamplona cobra forma. El Consejo de Gerencia de Urbanismo remitir\u00e1 ma\u00f1ana al Pleno la documentaci\u00f3n para la aprobaci\u00f3n definitiva del Plan Parcial de la unidad integrada XIX ARS-4 del Sector S-2 de la Milagrosa. El Plan contempla usos comerciales y de oficinas, adem\u00e1s de una residencia comunitaria.<\/p>\n<p>El sector, de 59.463 metros cuadrados, se encuentra ubicado al l\u00edmite del t\u00e9rmino municipal, entre la avenida de Zaragoza, la avenida de Navarra y al sur de la prolongaci\u00f3n de la calle Sadar. En ese espacio, se prev\u00e9 una superficie edificable m\u00e1xima de 31.200 metros cuadrados, dedicados a uso comercial, oficinas y terciario. En concreto, se plantea la construcci\u00f3n de cuatro edificios de planta baja m\u00e1s una altura y tres inmuebles de planta baja y siete alturas. Uno de ellos, con una edificabilidad de 9.100 metros cuadrados, se destinar\u00e1 a residencia colectiva, que podr\u00eda destinarse a estudiantes y podr\u00eda albergar en torno a 330 habitaciones.<br \/>\n<script async src=\"\/\/pagead2.googlesyndication.com\/pagead\/js\/adsbygoogle.js\"><\/script><br \/>\n<!-- Noticias La Guia de Pamplona --><br \/>\n<ins class=\"adsbygoogle\"\nstyle=\"display:block\"\ndata-ad-client=\"ca-pub-6943679897239327\"\ndata-ad-slot=\"7048180777\"\ndata-ad-format=\"auto\"><\/ins><br \/>\n<script>\n(adsbygoogle = window.adsbygoogle || []).push({});\n<\/script><\/p>\n<p>La zona incluye la ampliaci\u00f3n del parque fluvial al norte de la prolongaci\u00f3n de la calle Sadar, un trabajo ya ejecutado, que supuso ganar 13.800 metros cuadrados de parque. Pese a que el plan preve\u00eda esa zona de uso comercial, el Ayuntamiento apost\u00f3 por dar continuidad al parque. S\u00ed se mantiene en ese espacio el actual Centro de Atenci\u00f3n a Animales, al que se le conceder\u00e1 una ampliaci\u00f3n de superficie de la parcela, pero libre de edificaciones. Por otro lado, el proyecto gana m\u00e1s de 12.000 metros cuadrados de zonas peatonales y destina 12.445 metros cuadrados a v\u00edas y aparcamientos. Dentro de esas v\u00edas se incluye la prolongaci\u00f3n de la calle Sadar, ya finalizada, hasta su encuentro con la avenida de Navarra.<\/p>\n<p>Las edificaciones se levantar\u00e1n al sur de la calle Sadar. Enfrente de la avenida de Zaragoza se han previsto dos de los edificios de mayor altura, similar a los edificios ya consolidados de la acera de enfrente. No obstante, ambos inmuebles se destinar\u00e1n a oficinas o equipamiento p\u00fablico o privado. La parcela destinada a residencia comunitaria se encuentra, sin embargo, en la calle Sadar.<\/p>\n<p>El desarrollo de la zona incorpora la estaci\u00f3n de servicio construida en las proximidades de la avenida de Navarra y se prev\u00e9 tambi\u00e9n una gran superficie comercial. Adem\u00e1s, el Plan plantea la construcci\u00f3n de una gran plaza p\u00fablica, que lindar\u00e1 con el t\u00e9rmino municipal de Cordovilla.<br \/>\n<script async src=\"\/\/pagead2.googlesyndication.com\/pagead\/js\/adsbygoogle.js\"><\/script><br \/>\n<!-- Noticias La Guia de Pamplona --><br \/>\n<ins class=\"adsbygoogle\"\nstyle=\"display:block\"\ndata-ad-client=\"ca-pub-6943679897239327\"\ndata-ad-slot=\"7048180777\"\ndata-ad-format=\"auto\"><\/ins><br \/>\n<script>\n(adsbygoogle = window.adsbygoogle || []).push({});\n<\/script><\/p>\n<p><strong>Nueva planificaci\u00f3n<\/strong><\/p>\n<p>La necesidad de esta modificaci\u00f3n sobre la que decidir\u00e1 el Pleno tiene que ver con el decaimiento del PSIS de la Meseta de Cordovilla, anulado por sentencia de la Sala de lo Contencioso-administrativo del Tribunal Superior de Justicia de Navarra, confirmada por el Tribunal Supremo.<\/p>\n<p>Ese plan sirvi\u00f3 de base para la redacci\u00f3n y aprobaci\u00f3n del Plan Parcial (y su posterior modificaci\u00f3n), del Proyecto de Reparcelaci\u00f3n (y su posterior modificaci\u00f3n) y del Proyecto de Urbanizaci\u00f3n que han permitido al Ayuntamiento de Pamplona urbanizar en los \u00faltimos a\u00f1os una gran parte del \u00e1mbito. La anulaci\u00f3n del PSIS supuso tambi\u00e9n la posterior nulidad, por sentencia del TSJN, del Plan Parcial y del Proyecto de Reparcelaci\u00f3n, debido a la falta de cobertura jer\u00e1rquica de los mismos al haberse anulado el PSIS. Como consecuencia de todo ello, para poder desarrollar el \u00e1mbito, es necesario que el planeamiento en vigor sea adaptado a las actuales circunstancias.<\/p>\n","protected":false},"excerpt":{"rendered":"<p>Esta zona de acceso a la ciudad contempla la construcci\u00f3n de varios edificios de uso comercial y oficinas y una residencia comunitaria<\/p>\n","protected":false},"author":1,"featured_media":38932,"comment_status":"open","ping_status":"closed","sticky":false,"template":"","format":"standard","meta":{"footnotes":""},"categories":[2],"tags":[],"class_list":["post-38931","post","type-post","status-publish","format-standard","has-post-thumbnail","hentry","category-ayuntamiento-pamplona"],"yoast_head":"<!-- This site is optimized with the Yoast SEO plugin v27.5 - https:\/\/yoast.com\/product\/yoast-seo-wordpress\/ -->\n<title>Gerencia de Urbanismo aborda ma\u00f1ana la aprobaci\u00f3n definitiva del Plan Parcial de Milagrosa Sur<\/title>\n<meta name=\"description\" content=\"Esta zona de acceso a la ciudad contempla la construcci\u00f3n de varios edificios de uso comercial y oficinas y una residencia comunitaria\" \/>\n<meta name=\"robots\" content=\"index, follow, max-snippet:-1, max-image-preview:large, max-video-preview:-1\" \/>\n<link rel=\"canonical\" href=\"https:\/\/www.laguiadepamplona.com\/actualidad\/gerencia-de-urbanismo-aborda-manana-la-aprobacion-definitiva-del-plan-parcial-de-milagrosa-sur\/\" \/>\n<meta property=\"og:locale\" content=\"es_ES\" \/>\n<meta property=\"og:type\" content=\"article\" \/>\n<meta property=\"og:title\" content=\"Gerencia de Urbanismo aborda ma\u00f1ana la aprobaci\u00f3n definitiva del Plan Parcial de Milagrosa Sur\" \/>\n<meta property=\"og:description\" content=\"Esta zona de acceso a la ciudad contempla la construcci\u00f3n de varios edificios de uso comercial y oficinas y una residencia comunitaria\" \/>\n<meta property=\"og:url\" content=\"https:\/\/www.laguiadepamplona.com\/actualidad\/gerencia-de-urbanismo-aborda-manana-la-aprobacion-definitiva-del-plan-parcial-de-milagrosa-sur\/\" \/>\n<meta property=\"og:site_name\" content=\"La Gu\u00eda de Pamplona\" \/>\n<meta property=\"article:publisher\" content=\"https:\/\/www.facebook.com\/laguiadepamplonacom-133175176762273\/?ref=hl\" \/>\n<meta property=\"article:published_time\" content=\"2022-02-22T15:44:15+00:00\" \/>\n<meta property=\"article:modified_time\" content=\"2023-04-11T09:48:30+00:00\" \/>\n<meta property=\"og:image\" content=\"https:\/\/www.laguiadepamplona.com\/actualidad\/wp-content\/uploads\/2022\/02\/22.02.22_plan_parcial_milagrosa_sur.jpg\" \/>\n\t<meta property=\"og:image:width\" content=\"1545\" \/>\n\t<meta property=\"og:image:height\" content=\"815\" \/>\n\t<meta property=\"og:image:type\" content=\"image\/jpeg\" \/>\n<meta name=\"author\" content=\"La Gu\u00eda de Pamplona\" \/>\n<meta name=\"twitter:card\" content=\"summary_large_image\" \/>\n<meta name=\"twitter:creator\" content=\"@LaGuiadPamplona\" \/>\n<meta name=\"twitter:site\" content=\"@LaGuiadPamplona\" \/>\n<meta name=\"twitter:label1\" content=\"Escrito por\" \/>\n\t<meta name=\"twitter:data1\" content=\"La Gu\u00eda de Pamplona\" \/>\n\t<meta name=\"twitter:label2\" content=\"Tiempo de lectura\" \/>\n\t<meta name=\"twitter:data2\" content=\"3 minutos\" \/>\n<script type=\"application\/ld+json\" class=\"yoast-schema-graph\">{\"@context\":\"https:\\\/\\\/schema.org\",\"@graph\":[{\"@type\":\"Article\",\"@id\":\"https:\\\/\\\/www.laguiadepamplona.com\\\/actualidad\\\/gerencia-de-urbanismo-aborda-manana-la-aprobacion-definitiva-del-plan-parcial-de-milagrosa-sur\\\/#article\",\"isPartOf\":{\"@id\":\"https:\\\/\\\/www.laguiadepamplona.com\\\/actualidad\\\/gerencia-de-urbanismo-aborda-manana-la-aprobacion-definitiva-del-plan-parcial-de-milagrosa-sur\\\/\"},\"author\":{\"name\":\"La Gu\u00eda de Pamplona\",\"@id\":\"https:\\\/\\\/www.laguiadepamplona.com\\\/actualidad\\\/#\\\/schema\\\/person\\\/efe887376f0213d4657c93adc50b1fdb\"},\"headline\":\"Gerencia de Urbanismo aborda ma\u00f1ana la aprobaci\u00f3n definitiva del Plan Parcial de Milagrosa Sur\",\"datePublished\":\"2022-02-22T15:44:15+00:00\",\"dateModified\":\"2023-04-11T09:48:30+00:00\",\"mainEntityOfPage\":{\"@id\":\"https:\\\/\\\/www.laguiadepamplona.com\\\/actualidad\\\/gerencia-de-urbanismo-aborda-manana-la-aprobacion-definitiva-del-plan-parcial-de-milagrosa-sur\\\/\"},\"wordCount\":637,\"commentCount\":0,\"publisher\":{\"@id\":\"https:\\\/\\\/www.laguiadepamplona.com\\\/actualidad\\\/#organization\"},\"image\":{\"@id\":\"https:\\\/\\\/www.laguiadepamplona.com\\\/actualidad\\\/gerencia-de-urbanismo-aborda-manana-la-aprobacion-definitiva-del-plan-parcial-de-milagrosa-sur\\\/#primaryimage\"},\"thumbnailUrl\":\"https:\\\/\\\/www.laguiadepamplona.com\\\/actualidad\\\/wp-content\\\/uploads\\\/2022\\\/02\\\/22.02.22_plan_parcial_milagrosa_sur.jpg\",\"articleSection\":[\"Ayto Pamplona\"],\"inLanguage\":\"es\",\"potentialAction\":[{\"@type\":\"CommentAction\",\"name\":\"Comment\",\"target\":[\"https:\\\/\\\/www.laguiadepamplona.com\\\/actualidad\\\/gerencia-de-urbanismo-aborda-manana-la-aprobacion-definitiva-del-plan-parcial-de-milagrosa-sur\\\/#respond\"]}]},{\"@type\":\"WebPage\",\"@id\":\"https:\\\/\\\/www.laguiadepamplona.com\\\/actualidad\\\/gerencia-de-urbanismo-aborda-manana-la-aprobacion-definitiva-del-plan-parcial-de-milagrosa-sur\\\/\",\"url\":\"https:\\\/\\\/www.laguiadepamplona.com\\\/actualidad\\\/gerencia-de-urbanismo-aborda-manana-la-aprobacion-definitiva-del-plan-parcial-de-milagrosa-sur\\\/\",\"name\":\"Gerencia de Urbanismo aborda ma\u00f1ana la aprobaci\u00f3n definitiva del Plan Parcial de Milagrosa Sur\",\"isPartOf\":{\"@id\":\"https:\\\/\\\/www.laguiadepamplona.com\\\/actualidad\\\/#website\"},\"primaryImageOfPage\":{\"@id\":\"https:\\\/\\\/www.laguiadepamplona.com\\\/actualidad\\\/gerencia-de-urbanismo-aborda-manana-la-aprobacion-definitiva-del-plan-parcial-de-milagrosa-sur\\\/#primaryimage\"},\"image\":{\"@id\":\"https:\\\/\\\/www.laguiadepamplona.com\\\/actualidad\\\/gerencia-de-urbanismo-aborda-manana-la-aprobacion-definitiva-del-plan-parcial-de-milagrosa-sur\\\/#primaryimage\"},\"thumbnailUrl\":\"https:\\\/\\\/www.laguiadepamplona.com\\\/actualidad\\\/wp-content\\\/uploads\\\/2022\\\/02\\\/22.02.22_plan_parcial_milagrosa_sur.jpg\",\"datePublished\":\"2022-02-22T15:44:15+00:00\",\"dateModified\":\"2023-04-11T09:48:30+00:00\",\"description\":\"Esta zona de acceso a la ciudad contempla la construcci\u00f3n de varios edificios de uso comercial y oficinas y una residencia comunitaria\",\"breadcrumb\":{\"@id\":\"https:\\\/\\\/www.laguiadepamplona.com\\\/actualidad\\\/gerencia-de-urbanismo-aborda-manana-la-aprobacion-definitiva-del-plan-parcial-de-milagrosa-sur\\\/#breadcrumb\"},\"inLanguage\":\"es\",\"potentialAction\":[{\"@type\":\"ReadAction\",\"target\":[\"https:\\\/\\\/www.laguiadepamplona.com\\\/actualidad\\\/gerencia-de-urbanismo-aborda-manana-la-aprobacion-definitiva-del-plan-parcial-de-milagrosa-sur\\\/\"]}]},{\"@type\":\"ImageObject\",\"inLanguage\":\"es\",\"@id\":\"https:\\\/\\\/www.laguiadepamplona.com\\\/actualidad\\\/gerencia-de-urbanismo-aborda-manana-la-aprobacion-definitiva-del-plan-parcial-de-milagrosa-sur\\\/#primaryimage\",\"url\":\"https:\\\/\\\/www.laguiadepamplona.com\\\/actualidad\\\/wp-content\\\/uploads\\\/2022\\\/02\\\/22.02.22_plan_parcial_milagrosa_sur.jpg\",\"contentUrl\":\"https:\\\/\\\/www.laguiadepamplona.com\\\/actualidad\\\/wp-content\\\/uploads\\\/2022\\\/02\\\/22.02.22_plan_parcial_milagrosa_sur.jpg\",\"width\":1545,\"height\":815},{\"@type\":\"BreadcrumbList\",\"@id\":\"https:\\\/\\\/www.laguiadepamplona.com\\\/actualidad\\\/gerencia-de-urbanismo-aborda-manana-la-aprobacion-definitiva-del-plan-parcial-de-milagrosa-sur\\\/#breadcrumb\",\"itemListElement\":[{\"@type\":\"ListItem\",\"position\":1,\"name\":\"Portada\",\"item\":\"https:\\\/\\\/www.laguiadepamplona.com\\\/actualidad\\\/\"},{\"@type\":\"ListItem\",\"position\":2,\"name\":\"Gerencia de Urbanismo aborda ma\u00f1ana la aprobaci\u00f3n definitiva del Plan Parcial de Milagrosa Sur\"}]},{\"@type\":\"WebSite\",\"@id\":\"https:\\\/\\\/www.laguiadepamplona.com\\\/actualidad\\\/#website\",\"url\":\"https:\\\/\\\/www.laguiadepamplona.com\\\/actualidad\\\/\",\"name\":\"La gu\u00eda de Pamplona\",\"description\":\"Noticias de Pamplona\",\"publisher\":{\"@id\":\"https:\\\/\\\/www.laguiadepamplona.com\\\/actualidad\\\/#organization\"},\"potentialAction\":[{\"@type\":\"SearchAction\",\"target\":{\"@type\":\"EntryPoint\",\"urlTemplate\":\"https:\\\/\\\/www.laguiadepamplona.com\\\/actualidad\\\/?s={search_term_string}\"},\"query-input\":{\"@type\":\"PropertyValueSpecification\",\"valueRequired\":true,\"valueName\":\"search_term_string\"}}],\"inLanguage\":\"es\"},{\"@type\":\"Organization\",\"@id\":\"https:\\\/\\\/www.laguiadepamplona.com\\\/actualidad\\\/#organization\",\"name\":\"La Gu\u00eda de Pamplona \\\/ Noticias\",\"url\":\"https:\\\/\\\/www.laguiadepamplona.com\\\/actualidad\\\/\",\"logo\":{\"@type\":\"ImageObject\",\"inLanguage\":\"es\",\"@id\":\"https:\\\/\\\/www.laguiadepamplona.com\\\/actualidad\\\/#\\\/schema\\\/logo\\\/image\\\/\",\"url\":\"https:\\\/\\\/www.laguiadepamplona.com\\\/actualidad\\\/wp-content\\\/uploads\\\/2018\\\/11\\\/logo-laguiadepamplona18-web1.png\",\"contentUrl\":\"https:\\\/\\\/www.laguiadepamplona.com\\\/actualidad\\\/wp-content\\\/uploads\\\/2018\\\/11\\\/logo-laguiadepamplona18-web1.png\",\"width\":600,\"height\":196,\"caption\":\"La Gu\u00eda de Pamplona \\\/ Noticias\"},\"image\":{\"@id\":\"https:\\\/\\\/www.laguiadepamplona.com\\\/actualidad\\\/#\\\/schema\\\/logo\\\/image\\\/\"},\"sameAs\":[\"https:\\\/\\\/www.facebook.com\\\/laguiadepamplonacom-133175176762273\\\/?ref=hl\",\"https:\\\/\\\/x.com\\\/LaGuiadPamplona\",\"https:\\\/\\\/www.instagram.com\\\/la_guia_de_pamplona\\\/\",\"https:\\\/\\\/www.youtube.com\\\/user\\\/laguiadepamplona\"]},{\"@type\":\"Person\",\"@id\":\"https:\\\/\\\/www.laguiadepamplona.com\\\/actualidad\\\/#\\\/schema\\\/person\\\/efe887376f0213d4657c93adc50b1fdb\",\"name\":\"La Gu\u00eda de Pamplona\",\"image\":{\"@type\":\"ImageObject\",\"inLanguage\":\"es\",\"@id\":\"https:\\\/\\\/secure.gravatar.com\\\/avatar\\\/b6992f131dc8d30ab0dff15446e9d346d9dbd95992de0fef795073f5ea83a81c?s=96&d=mm&r=g\",\"url\":\"https:\\\/\\\/secure.gravatar.com\\\/avatar\\\/b6992f131dc8d30ab0dff15446e9d346d9dbd95992de0fef795073f5ea83a81c?s=96&d=mm&r=g\",\"contentUrl\":\"https:\\\/\\\/secure.gravatar.com\\\/avatar\\\/b6992f131dc8d30ab0dff15446e9d346d9dbd95992de0fef795073f5ea83a81c?s=96&d=mm&r=g\",\"caption\":\"La Gu\u00eda de Pamplona\"}}]}<\/script>\n<!-- \/ Yoast SEO plugin. -->","yoast_head_json":{"title":"Gerencia de Urbanismo aborda ma\u00f1ana la aprobaci\u00f3n definitiva del Plan Parcial de Milagrosa Sur","description":"Esta zona de acceso a la ciudad contempla la construcci\u00f3n de varios edificios de uso comercial y oficinas y una residencia comunitaria","robots":{"index":"index","follow":"follow","max-snippet":"max-snippet:-1","max-image-preview":"max-image-preview:large","max-video-preview":"max-video-preview:-1"},"canonical":"https:\/\/www.laguiadepamplona.com\/actualidad\/gerencia-de-urbanismo-aborda-manana-la-aprobacion-definitiva-del-plan-parcial-de-milagrosa-sur\/","og_locale":"es_ES","og_type":"article","og_title":"Gerencia de Urbanismo aborda ma\u00f1ana la aprobaci\u00f3n definitiva del Plan Parcial de Milagrosa Sur","og_description":"Esta zona de acceso a la ciudad contempla la construcci\u00f3n de varios edificios de uso comercial y oficinas y una residencia comunitaria","og_url":"https:\/\/www.laguiadepamplona.com\/actualidad\/gerencia-de-urbanismo-aborda-manana-la-aprobacion-definitiva-del-plan-parcial-de-milagrosa-sur\/","og_site_name":"La Gu\u00eda de Pamplona","article_publisher":"https:\/\/www.facebook.com\/laguiadepamplonacom-133175176762273\/?ref=hl","article_published_time":"2022-02-22T15:44:15+00:00","article_modified_time":"2023-04-11T09:48:30+00:00","og_image":[{"width":1545,"height":815,"url":"https:\/\/www.laguiadepamplona.com\/actualidad\/wp-content\/uploads\/2022\/02\/22.02.22_plan_parcial_milagrosa_sur.jpg","type":"image\/jpeg"}],"author":"La Gu\u00eda de Pamplona","twitter_card":"summary_large_image","twitter_creator":"@LaGuiadPamplona","twitter_site":"@LaGuiadPamplona","twitter_misc":{"Escrito por":"La Gu\u00eda de Pamplona","Tiempo de lectura":"3 minutos"},"schema":{"@context":"https:\/\/schema.org","@graph":[{"@type":"Article","@id":"https:\/\/www.laguiadepamplona.com\/actualidad\/gerencia-de-urbanismo-aborda-manana-la-aprobacion-definitiva-del-plan-parcial-de-milagrosa-sur\/#article","isPartOf":{"@id":"https:\/\/www.laguiadepamplona.com\/actualidad\/gerencia-de-urbanismo-aborda-manana-la-aprobacion-definitiva-del-plan-parcial-de-milagrosa-sur\/"},"author":{"name":"La Gu\u00eda de Pamplona","@id":"https:\/\/www.laguiadepamplona.com\/actualidad\/#\/schema\/person\/efe887376f0213d4657c93adc50b1fdb"},"headline":"Gerencia de Urbanismo aborda ma\u00f1ana la aprobaci\u00f3n definitiva del Plan Parcial de Milagrosa Sur","datePublished":"2022-02-22T15:44:15+00:00","dateModified":"2023-04-11T09:48:30+00:00","mainEntityOfPage":{"@id":"https:\/\/www.laguiadepamplona.com\/actualidad\/gerencia-de-urbanismo-aborda-manana-la-aprobacion-definitiva-del-plan-parcial-de-milagrosa-sur\/"},"wordCount":637,"commentCount":0,"publisher":{"@id":"https:\/\/www.laguiadepamplona.com\/actualidad\/#organization"},"image":{"@id":"https:\/\/www.laguiadepamplona.com\/actualidad\/gerencia-de-urbanismo-aborda-manana-la-aprobacion-definitiva-del-plan-parcial-de-milagrosa-sur\/#primaryimage"},"thumbnailUrl":"https:\/\/www.laguiadepamplona.com\/actualidad\/wp-content\/uploads\/2022\/02\/22.02.22_plan_parcial_milagrosa_sur.jpg","articleSection":["Ayto Pamplona"],"inLanguage":"es","potentialAction":[{"@type":"CommentAction","name":"Comment","target":["https:\/\/www.laguiadepamplona.com\/actualidad\/gerencia-de-urbanismo-aborda-manana-la-aprobacion-definitiva-del-plan-parcial-de-milagrosa-sur\/#respond"]}]},{"@type":"WebPage","@id":"https:\/\/www.laguiadepamplona.com\/actualidad\/gerencia-de-urbanismo-aborda-manana-la-aprobacion-definitiva-del-plan-parcial-de-milagrosa-sur\/","url":"https:\/\/www.laguiadepamplona.com\/actualidad\/gerencia-de-urbanismo-aborda-manana-la-aprobacion-definitiva-del-plan-parcial-de-milagrosa-sur\/","name":"Gerencia de Urbanismo aborda ma\u00f1ana la aprobaci\u00f3n definitiva del Plan Parcial de Milagrosa Sur","isPartOf":{"@id":"https:\/\/www.laguiadepamplona.com\/actualidad\/#website"},"primaryImageOfPage":{"@id":"https:\/\/www.laguiadepamplona.com\/actualidad\/gerencia-de-urbanismo-aborda-manana-la-aprobacion-definitiva-del-plan-parcial-de-milagrosa-sur\/#primaryimage"},"image":{"@id":"https:\/\/www.laguiadepamplona.com\/actualidad\/gerencia-de-urbanismo-aborda-manana-la-aprobacion-definitiva-del-plan-parcial-de-milagrosa-sur\/#primaryimage"},"thumbnailUrl":"https:\/\/www.laguiadepamplona.com\/actualidad\/wp-content\/uploads\/2022\/02\/22.02.22_plan_parcial_milagrosa_sur.jpg","datePublished":"2022-02-22T15:44:15+00:00","dateModified":"2023-04-11T09:48:30+00:00","description":"Esta zona de acceso a la ciudad contempla la construcci\u00f3n de varios edificios de uso comercial y oficinas y una residencia comunitaria","breadcrumb":{"@id":"https:\/\/www.laguiadepamplona.com\/actualidad\/gerencia-de-urbanismo-aborda-manana-la-aprobacion-definitiva-del-plan-parcial-de-milagrosa-sur\/#breadcrumb"},"inLanguage":"es","potentialAction":[{"@type":"ReadAction","target":["https:\/\/www.laguiadepamplona.com\/actualidad\/gerencia-de-urbanismo-aborda-manana-la-aprobacion-definitiva-del-plan-parcial-de-milagrosa-sur\/"]}]},{"@type":"ImageObject","inLanguage":"es","@id":"https:\/\/www.laguiadepamplona.com\/actualidad\/gerencia-de-urbanismo-aborda-manana-la-aprobacion-definitiva-del-plan-parcial-de-milagrosa-sur\/#primaryimage","url":"https:\/\/www.laguiadepamplona.com\/actualidad\/wp-content\/uploads\/2022\/02\/22.02.22_plan_parcial_milagrosa_sur.jpg","contentUrl":"https:\/\/www.laguiadepamplona.com\/actualidad\/wp-content\/uploads\/2022\/02\/22.02.22_plan_parcial_milagrosa_sur.jpg","width":1545,"height":815},{"@type":"BreadcrumbList","@id":"https:\/\/www.laguiadepamplona.com\/actualidad\/gerencia-de-urbanismo-aborda-manana-la-aprobacion-definitiva-del-plan-parcial-de-milagrosa-sur\/#breadcrumb","itemListElement":[{"@type":"ListItem","position":1,"name":"Portada","item":"https:\/\/www.laguiadepamplona.com\/actualidad\/"},{"@type":"ListItem","position":2,"name":"Gerencia de Urbanismo aborda ma\u00f1ana la aprobaci\u00f3n definitiva del Plan Parcial de Milagrosa Sur"}]},{"@type":"WebSite","@id":"https:\/\/www.laguiadepamplona.com\/actualidad\/#website","url":"https:\/\/www.laguiadepamplona.com\/actualidad\/","name":"La gu\u00eda de Pamplona","description":"Noticias de Pamplona","publisher":{"@id":"https:\/\/www.laguiadepamplona.com\/actualidad\/#organization"},"potentialAction":[{"@type":"SearchAction","target":{"@type":"EntryPoint","urlTemplate":"https:\/\/www.laguiadepamplona.com\/actualidad\/?s={search_term_string}"},"query-input":{"@type":"PropertyValueSpecification","valueRequired":true,"valueName":"search_term_string"}}],"inLanguage":"es"},{"@type":"Organization","@id":"https:\/\/www.laguiadepamplona.com\/actualidad\/#organization","name":"La Gu\u00eda de Pamplona \/ Noticias","url":"https:\/\/www.laguiadepamplona.com\/actualidad\/","logo":{"@type":"ImageObject","inLanguage":"es","@id":"https:\/\/www.laguiadepamplona.com\/actualidad\/#\/schema\/logo\/image\/","url":"https:\/\/www.laguiadepamplona.com\/actualidad\/wp-content\/uploads\/2018\/11\/logo-laguiadepamplona18-web1.png","contentUrl":"https:\/\/www.laguiadepamplona.com\/actualidad\/wp-content\/uploads\/2018\/11\/logo-laguiadepamplona18-web1.png","width":600,"height":196,"caption":"La Gu\u00eda de Pamplona \/ Noticias"},"image":{"@id":"https:\/\/www.laguiadepamplona.com\/actualidad\/#\/schema\/logo\/image\/"},"sameAs":["https:\/\/www.facebook.com\/laguiadepamplonacom-133175176762273\/?ref=hl","https:\/\/x.com\/LaGuiadPamplona","https:\/\/www.instagram.com\/la_guia_de_pamplona\/","https:\/\/www.youtube.com\/user\/laguiadepamplona"]},{"@type":"Person","@id":"https:\/\/www.laguiadepamplona.com\/actualidad\/#\/schema\/person\/efe887376f0213d4657c93adc50b1fdb","name":"La Gu\u00eda de Pamplona","image":{"@type":"ImageObject","inLanguage":"es","@id":"https:\/\/secure.gravatar.com\/avatar\/b6992f131dc8d30ab0dff15446e9d346d9dbd95992de0fef795073f5ea83a81c?s=96&d=mm&r=g","url":"https:\/\/secure.gravatar.com\/avatar\/b6992f131dc8d30ab0dff15446e9d346d9dbd95992de0fef795073f5ea83a81c?s=96&d=mm&r=g","contentUrl":"https:\/\/secure.gravatar.com\/avatar\/b6992f131dc8d30ab0dff15446e9d346d9dbd95992de0fef795073f5ea83a81c?s=96&d=mm&r=g","caption":"La Gu\u00eda de Pamplona"}}]}},"post_mailing_queue_ids":[],"_links":{"self":[{"href":"https:\/\/www.laguiadepamplona.com\/actualidad\/wp-json\/wp\/v2\/posts\/38931","targetHints":{"allow":["GET"]}}],"collection":[{"href":"https:\/\/www.laguiadepamplona.com\/actualidad\/wp-json\/wp\/v2\/posts"}],"about":[{"href":"https:\/\/www.laguiadepamplona.com\/actualidad\/wp-json\/wp\/v2\/types\/post"}],"author":[{"embeddable":true,"href":"https:\/\/www.laguiadepamplona.com\/actualidad\/wp-json\/wp\/v2\/users\/1"}],"replies":[{"embeddable":true,"href":"https:\/\/www.laguiadepamplona.com\/actualidad\/wp-json\/wp\/v2\/comments?post=38931"}],"version-history":[{"count":0,"href":"https:\/\/www.laguiadepamplona.com\/actualidad\/wp-json\/wp\/v2\/posts\/38931\/revisions"}],"wp:featuredmedia":[{"embeddable":true,"href":"https:\/\/www.laguiadepamplona.com\/actualidad\/wp-json\/wp\/v2\/media\/38932"}],"wp:attachment":[{"href":"https:\/\/www.laguiadepamplona.com\/actualidad\/wp-json\/wp\/v2\/media?parent=38931"}],"wp:term":[{"taxonomy":"category","embeddable":true,"href":"https:\/\/www.laguiadepamplona.com\/actualidad\/wp-json\/wp\/v2\/categories?post=38931"},{"taxonomy":"post_tag","embeddable":true,"href":"https:\/\/www.laguiadepamplona.com\/actualidad\/wp-json\/wp\/v2\/tags?post=38931"}],"curies":[{"name":"wp","href":"https:\/\/api.w.org\/{rel}","templated":true}]}}