{"id":38928,"date":"2022-02-22T17:42:53","date_gmt":"2022-02-22T15:42:53","guid":{"rendered":"https:\/\/www.laguiadepamplona.com\/actualidad\/?p=38928"},"modified":"2023-04-11T11:48:30","modified_gmt":"2023-04-11T09:48:30","slug":"la-policia-municipal-realiza-una-labor-de-apoyo-a-la-comunidad-islamica-de-navarra-para-la-ayuda-a-jovenes-extranjeros-en-riesgo-de-exclusion","status":"publish","type":"post","link":"https:\/\/www.laguiadepamplona.com\/actualidad\/la-policia-municipal-realiza-una-labor-de-apoyo-a-la-comunidad-islamica-de-navarra-para-la-ayuda-a-jovenes-extranjeros-en-riesgo-de-exclusion\/","title":{"rendered":"La Polic\u00eda Municipal realiza una labor de apoyo a la Comunidad Isl\u00e1mica de Navarra para la ayuda a j\u00f3venes extranjeros en riesgo de exclusi\u00f3n"},"content":{"rendered":"<h5>Este servicio especial forma parte del proyecto CLARA #PamplonaFrenteAlOdio<\/h5>\n<p><!--more--><\/p>\n<p>La Polic\u00eda Municipal de Pamplona ha puesto en marcha una actuaci\u00f3n en colaboraci\u00f3n con miembros de la Comunidad Isl\u00e1mica de Navarra para informar a j\u00f3venes extranjeros en riesgo de exclusi\u00f3n sobre los distintos servicios sociales municipales. Esta acci\u00f3n conjunta, inscrita dentro del Proyecto CLARA #Pamplona Frente al Odio, se ha realizado en respuesta a la petici\u00f3n formulada por miembros de la Comunidad Isl\u00e1mica.<br \/>\n<script async src=\"\/\/pagead2.googlesyndication.com\/pagead\/js\/adsbygoogle.js\"><\/script><br \/>\n<!-- Noticias La Guia de Pamplona --><br \/>\n<ins class=\"adsbygoogle\"\nstyle=\"display:block\"\ndata-ad-client=\"ca-pub-6943679897239327\"\ndata-ad-slot=\"7048180777\"\ndata-ad-format=\"auto\"><\/ins><br \/>\n<script>\n(adsbygoogle = window.adsbygoogle || []).push({});\n<\/script><\/p>\n<p>Varios agentes municipales, junto con un miembro de dicha Comunidad, recorrieron este pasado s\u00e1bado distintas zonas de la ciudad en busca de j\u00f3venes extranjeros en riesgo de exclusi\u00f3n. Durante siete horas, realizaron esta labor por los barrios de la Rochapea, Casco Antiguo, el Ensanche y San Juan, en zonas como la Plaza de la Cruz, Plaza del Castillo, Plaza de los Fueros, Autobuses o Monasterio Irache, entre otras.<\/p>\n<p>Los agentes y los miembros de la Comunidad Isl\u00e1mica contactaron con medio centenar de j\u00f3venes, a quienes se les ofreci\u00f3 informaci\u00f3n sobre los distintos servicios municipales y de la ONG Asociaci\u00f3n SEI (Servicio Educativo Intercultural). Asimismo, se les solicit\u00f3 que hicieran llegar esta informaci\u00f3n a sus contactos o amigos que pudieran encontrarse en la misma situaci\u00f3n.<br \/>\n<script async src=\"\/\/pagead2.googlesyndication.com\/pagead\/js\/adsbygoogle.js\"><\/script><br \/>\n<!-- Noticias La Guia de Pamplona --><br \/>\n<ins class=\"adsbygoogle\"\nstyle=\"display:block\"\ndata-ad-client=\"ca-pub-6943679897239327\"\ndata-ad-slot=\"7048180777\"\ndata-ad-format=\"auto\"><\/ins><br \/>\n<script>\n(adsbygoogle = window.adsbygoogle || []).push({});\n<\/script><\/p>\n<p><strong>Experiencia \u2018muy positiva\u2019<\/strong><\/p>\n<p>Se trata de la primera acci\u00f3n de este tipo que realizan de forma conjunta Polic\u00eda Municipal y la Comunidad Isl\u00e1mica. La experiencia, que ha sido calificada de \u201cmuy positiva\u201d por ambas partes, podr\u00e1 replicarse en sucesivas ocasiones, si se considera oportuno.<\/p>\n<p>Esta iniciativa se inscribe dentro del Proyecto CLARA (Comunidades Locales de Aprendizaje contra el Racismo, la Xenofobia y los discursos del odio), financiado por la Comisi\u00f3n de Europea, y en el que participa Polic\u00eda Municipal. A trav\u00e9s de este proyecto se ha formado a agentes polic\u00eda en esta problem\u00e1tica y se han desarrollado sistemas de apoyo a las v\u00edctimas que mejoren la eficacia de la acci\u00f3n policial comunitaria.<\/p>\n<p>El objetivo de CLARA es mejorar las capacidades de las autoridades locales, en particular la de las polic\u00edas municipales, para prevenir, identificar, mediar y luchar contra los incidentes racistas y xen\u00f3fobos y, en especial, contra los discursos y delitos de odio que amenazan la convivencia pac\u00edfica en las ciudades.<\/p>\n","protected":false},"excerpt":{"rendered":"<p>Este servicio especial forma parte del proyecto CLARA #PamplonaFrenteAlOdio<\/p>\n","protected":false},"author":1,"featured_media":38929,"comment_status":"open","ping_status":"closed","sticky":false,"template":"","format":"standard","meta":{"footnotes":""},"categories":[2],"tags":[],"class_list":["post-38928","post","type-post","status-publish","format-standard","has-post-thumbnail","hentry","category-ayuntamiento-pamplona"],"yoast_head":"<!-- This site is optimized with the Yoast SEO plugin v27.3 - https:\/\/yoast.com\/product\/yoast-seo-wordpress\/ -->\n<title>La Polic\u00eda Municipal realiza una labor de apoyo a la Comunidad Isl\u00e1mica de Navarra para la ayuda a j\u00f3venes extranjeros en riesgo de exclusi\u00f3n<\/title>\n<meta name=\"description\" content=\"Este servicio especial forma parte del proyecto CLARA #PamplonaFrenteAlOdio\" \/>\n<meta name=\"robots\" content=\"index, follow, max-snippet:-1, max-image-preview:large, max-video-preview:-1\" \/>\n<link rel=\"canonical\" href=\"https:\/\/www.laguiadepamplona.com\/actualidad\/la-policia-municipal-realiza-una-labor-de-apoyo-a-la-comunidad-islamica-de-navarra-para-la-ayuda-a-jovenes-extranjeros-en-riesgo-de-exclusion\/\" \/>\n<meta property=\"og:locale\" content=\"es_ES\" \/>\n<meta property=\"og:type\" content=\"article\" \/>\n<meta property=\"og:title\" content=\"La Polic\u00eda Municipal realiza una labor de apoyo a la Comunidad Isl\u00e1mica de Navarra para la ayuda a j\u00f3venes extranjeros en riesgo de exclusi\u00f3n\" \/>\n<meta property=\"og:description\" content=\"Este servicio especial forma parte del proyecto CLARA #PamplonaFrenteAlOdio\" \/>\n<meta property=\"og:url\" content=\"https:\/\/www.laguiadepamplona.com\/actualidad\/la-policia-municipal-realiza-una-labor-de-apoyo-a-la-comunidad-islamica-de-navarra-para-la-ayuda-a-jovenes-extranjeros-en-riesgo-de-exclusion\/\" \/>\n<meta property=\"og:site_name\" content=\"La Gu\u00eda de Pamplona\" \/>\n<meta property=\"article:publisher\" content=\"https:\/\/www.facebook.com\/laguiadepamplonacom-133175176762273\/?ref=hl\" \/>\n<meta property=\"article:published_time\" content=\"2022-02-22T15:42:53+00:00\" \/>\n<meta property=\"article:modified_time\" content=\"2023-04-11T09:48:30+00:00\" \/>\n<meta property=\"og:image\" content=\"https:\/\/www.laguiadepamplona.com\/actualidad\/wp-content\/uploads\/2022\/02\/policia-municipal.jpg\" \/>\n\t<meta property=\"og:image:width\" content=\"1772\" \/>\n\t<meta property=\"og:image:height\" content=\"1181\" \/>\n\t<meta property=\"og:image:type\" content=\"image\/jpeg\" \/>\n<meta name=\"author\" content=\"La Gu\u00eda de Pamplona\" \/>\n<meta name=\"twitter:card\" content=\"summary_large_image\" \/>\n<meta name=\"twitter:creator\" content=\"@LaGuiadPamplona\" \/>\n<meta name=\"twitter:site\" content=\"@LaGuiadPamplona\" \/>\n<meta name=\"twitter:label1\" content=\"Escrito por\" \/>\n\t<meta name=\"twitter:data1\" content=\"La Gu\u00eda de Pamplona\" \/>\n\t<meta name=\"twitter:label2\" content=\"Tiempo de lectura\" \/>\n\t<meta name=\"twitter:data2\" content=\"2 minutos\" \/>\n<script type=\"application\/ld+json\" class=\"yoast-schema-graph\">{\"@context\":\"https:\\\/\\\/schema.org\",\"@graph\":[{\"@type\":\"Article\",\"@id\":\"https:\\\/\\\/www.laguiadepamplona.com\\\/actualidad\\\/la-policia-municipal-realiza-una-labor-de-apoyo-a-la-comunidad-islamica-de-navarra-para-la-ayuda-a-jovenes-extranjeros-en-riesgo-de-exclusion\\\/#article\",\"isPartOf\":{\"@id\":\"https:\\\/\\\/www.laguiadepamplona.com\\\/actualidad\\\/la-policia-municipal-realiza-una-labor-de-apoyo-a-la-comunidad-islamica-de-navarra-para-la-ayuda-a-jovenes-extranjeros-en-riesgo-de-exclusion\\\/\"},\"author\":{\"name\":\"La Gu\u00eda de Pamplona\",\"@id\":\"https:\\\/\\\/www.laguiadepamplona.com\\\/actualidad\\\/#\\\/schema\\\/person\\\/efe887376f0213d4657c93adc50b1fdb\"},\"headline\":\"La Polic\u00eda Municipal realiza una labor de apoyo a la Comunidad Isl\u00e1mica de Navarra para la ayuda a j\u00f3venes extranjeros en riesgo de exclusi\u00f3n\",\"datePublished\":\"2022-02-22T15:42:53+00:00\",\"dateModified\":\"2023-04-11T09:48:30+00:00\",\"mainEntityOfPage\":{\"@id\":\"https:\\\/\\\/www.laguiadepamplona.com\\\/actualidad\\\/la-policia-municipal-realiza-una-labor-de-apoyo-a-la-comunidad-islamica-de-navarra-para-la-ayuda-a-jovenes-extranjeros-en-riesgo-de-exclusion\\\/\"},\"wordCount\":416,\"commentCount\":0,\"publisher\":{\"@id\":\"https:\\\/\\\/www.laguiadepamplona.com\\\/actualidad\\\/#organization\"},\"image\":{\"@id\":\"https:\\\/\\\/www.laguiadepamplona.com\\\/actualidad\\\/la-policia-municipal-realiza-una-labor-de-apoyo-a-la-comunidad-islamica-de-navarra-para-la-ayuda-a-jovenes-extranjeros-en-riesgo-de-exclusion\\\/#primaryimage\"},\"thumbnailUrl\":\"https:\\\/\\\/www.laguiadepamplona.com\\\/actualidad\\\/wp-content\\\/uploads\\\/2022\\\/02\\\/policia-municipal.jpg\",\"articleSection\":[\"Ayto Pamplona\"],\"inLanguage\":\"es\",\"potentialAction\":[{\"@type\":\"CommentAction\",\"name\":\"Comment\",\"target\":[\"https:\\\/\\\/www.laguiadepamplona.com\\\/actualidad\\\/la-policia-municipal-realiza-una-labor-de-apoyo-a-la-comunidad-islamica-de-navarra-para-la-ayuda-a-jovenes-extranjeros-en-riesgo-de-exclusion\\\/#respond\"]}]},{\"@type\":\"WebPage\",\"@id\":\"https:\\\/\\\/www.laguiadepamplona.com\\\/actualidad\\\/la-policia-municipal-realiza-una-labor-de-apoyo-a-la-comunidad-islamica-de-navarra-para-la-ayuda-a-jovenes-extranjeros-en-riesgo-de-exclusion\\\/\",\"url\":\"https:\\\/\\\/www.laguiadepamplona.com\\\/actualidad\\\/la-policia-municipal-realiza-una-labor-de-apoyo-a-la-comunidad-islamica-de-navarra-para-la-ayuda-a-jovenes-extranjeros-en-riesgo-de-exclusion\\\/\",\"name\":\"La Polic\u00eda Municipal realiza una labor de apoyo a la Comunidad Isl\u00e1mica de Navarra para la ayuda a j\u00f3venes extranjeros en riesgo de exclusi\u00f3n\",\"isPartOf\":{\"@id\":\"https:\\\/\\\/www.laguiadepamplona.com\\\/actualidad\\\/#website\"},\"primaryImageOfPage\":{\"@id\":\"https:\\\/\\\/www.laguiadepamplona.com\\\/actualidad\\\/la-policia-municipal-realiza-una-labor-de-apoyo-a-la-comunidad-islamica-de-navarra-para-la-ayuda-a-jovenes-extranjeros-en-riesgo-de-exclusion\\\/#primaryimage\"},\"image\":{\"@id\":\"https:\\\/\\\/www.laguiadepamplona.com\\\/actualidad\\\/la-policia-municipal-realiza-una-labor-de-apoyo-a-la-comunidad-islamica-de-navarra-para-la-ayuda-a-jovenes-extranjeros-en-riesgo-de-exclusion\\\/#primaryimage\"},\"thumbnailUrl\":\"https:\\\/\\\/www.laguiadepamplona.com\\\/actualidad\\\/wp-content\\\/uploads\\\/2022\\\/02\\\/policia-municipal.jpg\",\"datePublished\":\"2022-02-22T15:42:53+00:00\",\"dateModified\":\"2023-04-11T09:48:30+00:00\",\"description\":\"Este servicio especial forma parte del proyecto CLARA #PamplonaFrenteAlOdio\",\"breadcrumb\":{\"@id\":\"https:\\\/\\\/www.laguiadepamplona.com\\\/actualidad\\\/la-policia-municipal-realiza-una-labor-de-apoyo-a-la-comunidad-islamica-de-navarra-para-la-ayuda-a-jovenes-extranjeros-en-riesgo-de-exclusion\\\/#breadcrumb\"},\"inLanguage\":\"es\",\"potentialAction\":[{\"@type\":\"ReadAction\",\"target\":[\"https:\\\/\\\/www.laguiadepamplona.com\\\/actualidad\\\/la-policia-municipal-realiza-una-labor-de-apoyo-a-la-comunidad-islamica-de-navarra-para-la-ayuda-a-jovenes-extranjeros-en-riesgo-de-exclusion\\\/\"]}]},{\"@type\":\"ImageObject\",\"inLanguage\":\"es\",\"@id\":\"https:\\\/\\\/www.laguiadepamplona.com\\\/actualidad\\\/la-policia-municipal-realiza-una-labor-de-apoyo-a-la-comunidad-islamica-de-navarra-para-la-ayuda-a-jovenes-extranjeros-en-riesgo-de-exclusion\\\/#primaryimage\",\"url\":\"https:\\\/\\\/www.laguiadepamplona.com\\\/actualidad\\\/wp-content\\\/uploads\\\/2022\\\/02\\\/policia-municipal.jpg\",\"contentUrl\":\"https:\\\/\\\/www.laguiadepamplona.com\\\/actualidad\\\/wp-content\\\/uploads\\\/2022\\\/02\\\/policia-municipal.jpg\",\"width\":1772,\"height\":1181,\"caption\":\"polic\u00eda municipal\"},{\"@type\":\"BreadcrumbList\",\"@id\":\"https:\\\/\\\/www.laguiadepamplona.com\\\/actualidad\\\/la-policia-municipal-realiza-una-labor-de-apoyo-a-la-comunidad-islamica-de-navarra-para-la-ayuda-a-jovenes-extranjeros-en-riesgo-de-exclusion\\\/#breadcrumb\",\"itemListElement\":[{\"@type\":\"ListItem\",\"position\":1,\"name\":\"Portada\",\"item\":\"https:\\\/\\\/www.laguiadepamplona.com\\\/actualidad\\\/\"},{\"@type\":\"ListItem\",\"position\":2,\"name\":\"La Polic\u00eda Municipal realiza una labor de apoyo a la Comunidad Isl\u00e1mica de Navarra para la ayuda a j\u00f3venes extranjeros en riesgo de exclusi\u00f3n\"}]},{\"@type\":\"WebSite\",\"@id\":\"https:\\\/\\\/www.laguiadepamplona.com\\\/actualidad\\\/#website\",\"url\":\"https:\\\/\\\/www.laguiadepamplona.com\\\/actualidad\\\/\",\"name\":\"La gu\u00eda de Pamplona\",\"description\":\"Noticias de Pamplona\",\"publisher\":{\"@id\":\"https:\\\/\\\/www.laguiadepamplona.com\\\/actualidad\\\/#organization\"},\"potentialAction\":[{\"@type\":\"SearchAction\",\"target\":{\"@type\":\"EntryPoint\",\"urlTemplate\":\"https:\\\/\\\/www.laguiadepamplona.com\\\/actualidad\\\/?s={search_term_string}\"},\"query-input\":{\"@type\":\"PropertyValueSpecification\",\"valueRequired\":true,\"valueName\":\"search_term_string\"}}],\"inLanguage\":\"es\"},{\"@type\":\"Organization\",\"@id\":\"https:\\\/\\\/www.laguiadepamplona.com\\\/actualidad\\\/#organization\",\"name\":\"La Gu\u00eda de Pamplona \\\/ Noticias\",\"url\":\"https:\\\/\\\/www.laguiadepamplona.com\\\/actualidad\\\/\",\"logo\":{\"@type\":\"ImageObject\",\"inLanguage\":\"es\",\"@id\":\"https:\\\/\\\/www.laguiadepamplona.com\\\/actualidad\\\/#\\\/schema\\\/logo\\\/image\\\/\",\"url\":\"https:\\\/\\\/www.laguiadepamplona.com\\\/actualidad\\\/wp-content\\\/uploads\\\/2018\\\/11\\\/logo-laguiadepamplona18-web1.png\",\"contentUrl\":\"https:\\\/\\\/www.laguiadepamplona.com\\\/actualidad\\\/wp-content\\\/uploads\\\/2018\\\/11\\\/logo-laguiadepamplona18-web1.png\",\"width\":600,\"height\":196,\"caption\":\"La Gu\u00eda de Pamplona \\\/ Noticias\"},\"image\":{\"@id\":\"https:\\\/\\\/www.laguiadepamplona.com\\\/actualidad\\\/#\\\/schema\\\/logo\\\/image\\\/\"},\"sameAs\":[\"https:\\\/\\\/www.facebook.com\\\/laguiadepamplonacom-133175176762273\\\/?ref=hl\",\"https:\\\/\\\/x.com\\\/LaGuiadPamplona\",\"https:\\\/\\\/www.instagram.com\\\/la_guia_de_pamplona\\\/\",\"https:\\\/\\\/www.youtube.com\\\/user\\\/laguiadepamplona\"]},{\"@type\":\"Person\",\"@id\":\"https:\\\/\\\/www.laguiadepamplona.com\\\/actualidad\\\/#\\\/schema\\\/person\\\/efe887376f0213d4657c93adc50b1fdb\",\"name\":\"La Gu\u00eda de Pamplona\",\"image\":{\"@type\":\"ImageObject\",\"inLanguage\":\"es\",\"@id\":\"https:\\\/\\\/secure.gravatar.com\\\/avatar\\\/b6992f131dc8d30ab0dff15446e9d346d9dbd95992de0fef795073f5ea83a81c?s=96&d=mm&r=g\",\"url\":\"https:\\\/\\\/secure.gravatar.com\\\/avatar\\\/b6992f131dc8d30ab0dff15446e9d346d9dbd95992de0fef795073f5ea83a81c?s=96&d=mm&r=g\",\"contentUrl\":\"https:\\\/\\\/secure.gravatar.com\\\/avatar\\\/b6992f131dc8d30ab0dff15446e9d346d9dbd95992de0fef795073f5ea83a81c?s=96&d=mm&r=g\",\"caption\":\"La Gu\u00eda de Pamplona\"}}]}<\/script>\n<!-- \/ Yoast SEO plugin. -->","yoast_head_json":{"title":"La Polic\u00eda Municipal realiza una labor de apoyo a la Comunidad Isl\u00e1mica de Navarra para la ayuda a j\u00f3venes extranjeros en riesgo de exclusi\u00f3n","description":"Este servicio especial forma parte del proyecto CLARA #PamplonaFrenteAlOdio","robots":{"index":"index","follow":"follow","max-snippet":"max-snippet:-1","max-image-preview":"max-image-preview:large","max-video-preview":"max-video-preview:-1"},"canonical":"https:\/\/www.laguiadepamplona.com\/actualidad\/la-policia-municipal-realiza-una-labor-de-apoyo-a-la-comunidad-islamica-de-navarra-para-la-ayuda-a-jovenes-extranjeros-en-riesgo-de-exclusion\/","og_locale":"es_ES","og_type":"article","og_title":"La Polic\u00eda Municipal realiza una labor de apoyo a la Comunidad Isl\u00e1mica de Navarra para la ayuda a j\u00f3venes extranjeros en riesgo de exclusi\u00f3n","og_description":"Este servicio especial forma parte del proyecto CLARA #PamplonaFrenteAlOdio","og_url":"https:\/\/www.laguiadepamplona.com\/actualidad\/la-policia-municipal-realiza-una-labor-de-apoyo-a-la-comunidad-islamica-de-navarra-para-la-ayuda-a-jovenes-extranjeros-en-riesgo-de-exclusion\/","og_site_name":"La Gu\u00eda de Pamplona","article_publisher":"https:\/\/www.facebook.com\/laguiadepamplonacom-133175176762273\/?ref=hl","article_published_time":"2022-02-22T15:42:53+00:00","article_modified_time":"2023-04-11T09:48:30+00:00","og_image":[{"width":1772,"height":1181,"url":"https:\/\/www.laguiadepamplona.com\/actualidad\/wp-content\/uploads\/2022\/02\/policia-municipal.jpg","type":"image\/jpeg"}],"author":"La Gu\u00eda de Pamplona","twitter_card":"summary_large_image","twitter_creator":"@LaGuiadPamplona","twitter_site":"@LaGuiadPamplona","twitter_misc":{"Escrito por":"La Gu\u00eda de Pamplona","Tiempo de lectura":"2 minutos"},"schema":{"@context":"https:\/\/schema.org","@graph":[{"@type":"Article","@id":"https:\/\/www.laguiadepamplona.com\/actualidad\/la-policia-municipal-realiza-una-labor-de-apoyo-a-la-comunidad-islamica-de-navarra-para-la-ayuda-a-jovenes-extranjeros-en-riesgo-de-exclusion\/#article","isPartOf":{"@id":"https:\/\/www.laguiadepamplona.com\/actualidad\/la-policia-municipal-realiza-una-labor-de-apoyo-a-la-comunidad-islamica-de-navarra-para-la-ayuda-a-jovenes-extranjeros-en-riesgo-de-exclusion\/"},"author":{"name":"La Gu\u00eda de Pamplona","@id":"https:\/\/www.laguiadepamplona.com\/actualidad\/#\/schema\/person\/efe887376f0213d4657c93adc50b1fdb"},"headline":"La Polic\u00eda Municipal realiza una labor de apoyo a la Comunidad Isl\u00e1mica de Navarra para la ayuda a j\u00f3venes extranjeros en riesgo de exclusi\u00f3n","datePublished":"2022-02-22T15:42:53+00:00","dateModified":"2023-04-11T09:48:30+00:00","mainEntityOfPage":{"@id":"https:\/\/www.laguiadepamplona.com\/actualidad\/la-policia-municipal-realiza-una-labor-de-apoyo-a-la-comunidad-islamica-de-navarra-para-la-ayuda-a-jovenes-extranjeros-en-riesgo-de-exclusion\/"},"wordCount":416,"commentCount":0,"publisher":{"@id":"https:\/\/www.laguiadepamplona.com\/actualidad\/#organization"},"image":{"@id":"https:\/\/www.laguiadepamplona.com\/actualidad\/la-policia-municipal-realiza-una-labor-de-apoyo-a-la-comunidad-islamica-de-navarra-para-la-ayuda-a-jovenes-extranjeros-en-riesgo-de-exclusion\/#primaryimage"},"thumbnailUrl":"https:\/\/www.laguiadepamplona.com\/actualidad\/wp-content\/uploads\/2022\/02\/policia-municipal.jpg","articleSection":["Ayto Pamplona"],"inLanguage":"es","potentialAction":[{"@type":"CommentAction","name":"Comment","target":["https:\/\/www.laguiadepamplona.com\/actualidad\/la-policia-municipal-realiza-una-labor-de-apoyo-a-la-comunidad-islamica-de-navarra-para-la-ayuda-a-jovenes-extranjeros-en-riesgo-de-exclusion\/#respond"]}]},{"@type":"WebPage","@id":"https:\/\/www.laguiadepamplona.com\/actualidad\/la-policia-municipal-realiza-una-labor-de-apoyo-a-la-comunidad-islamica-de-navarra-para-la-ayuda-a-jovenes-extranjeros-en-riesgo-de-exclusion\/","url":"https:\/\/www.laguiadepamplona.com\/actualidad\/la-policia-municipal-realiza-una-labor-de-apoyo-a-la-comunidad-islamica-de-navarra-para-la-ayuda-a-jovenes-extranjeros-en-riesgo-de-exclusion\/","name":"La Polic\u00eda Municipal realiza una labor de apoyo a la Comunidad Isl\u00e1mica de Navarra para la ayuda a j\u00f3venes extranjeros en riesgo de exclusi\u00f3n","isPartOf":{"@id":"https:\/\/www.laguiadepamplona.com\/actualidad\/#website"},"primaryImageOfPage":{"@id":"https:\/\/www.laguiadepamplona.com\/actualidad\/la-policia-municipal-realiza-una-labor-de-apoyo-a-la-comunidad-islamica-de-navarra-para-la-ayuda-a-jovenes-extranjeros-en-riesgo-de-exclusion\/#primaryimage"},"image":{"@id":"https:\/\/www.laguiadepamplona.com\/actualidad\/la-policia-municipal-realiza-una-labor-de-apoyo-a-la-comunidad-islamica-de-navarra-para-la-ayuda-a-jovenes-extranjeros-en-riesgo-de-exclusion\/#primaryimage"},"thumbnailUrl":"https:\/\/www.laguiadepamplona.com\/actualidad\/wp-content\/uploads\/2022\/02\/policia-municipal.jpg","datePublished":"2022-02-22T15:42:53+00:00","dateModified":"2023-04-11T09:48:30+00:00","description":"Este servicio especial forma parte del proyecto CLARA #PamplonaFrenteAlOdio","breadcrumb":{"@id":"https:\/\/www.laguiadepamplona.com\/actualidad\/la-policia-municipal-realiza-una-labor-de-apoyo-a-la-comunidad-islamica-de-navarra-para-la-ayuda-a-jovenes-extranjeros-en-riesgo-de-exclusion\/#breadcrumb"},"inLanguage":"es","potentialAction":[{"@type":"ReadAction","target":["https:\/\/www.laguiadepamplona.com\/actualidad\/la-policia-municipal-realiza-una-labor-de-apoyo-a-la-comunidad-islamica-de-navarra-para-la-ayuda-a-jovenes-extranjeros-en-riesgo-de-exclusion\/"]}]},{"@type":"ImageObject","inLanguage":"es","@id":"https:\/\/www.laguiadepamplona.com\/actualidad\/la-policia-municipal-realiza-una-labor-de-apoyo-a-la-comunidad-islamica-de-navarra-para-la-ayuda-a-jovenes-extranjeros-en-riesgo-de-exclusion\/#primaryimage","url":"https:\/\/www.laguiadepamplona.com\/actualidad\/wp-content\/uploads\/2022\/02\/policia-municipal.jpg","contentUrl":"https:\/\/www.laguiadepamplona.com\/actualidad\/wp-content\/uploads\/2022\/02\/policia-municipal.jpg","width":1772,"height":1181,"caption":"polic\u00eda municipal"},{"@type":"BreadcrumbList","@id":"https:\/\/www.laguiadepamplona.com\/actualidad\/la-policia-municipal-realiza-una-labor-de-apoyo-a-la-comunidad-islamica-de-navarra-para-la-ayuda-a-jovenes-extranjeros-en-riesgo-de-exclusion\/#breadcrumb","itemListElement":[{"@type":"ListItem","position":1,"name":"Portada","item":"https:\/\/www.laguiadepamplona.com\/actualidad\/"},{"@type":"ListItem","position":2,"name":"La Polic\u00eda Municipal realiza una labor de apoyo a la Comunidad Isl\u00e1mica de Navarra para la ayuda a j\u00f3venes extranjeros en riesgo de exclusi\u00f3n"}]},{"@type":"WebSite","@id":"https:\/\/www.laguiadepamplona.com\/actualidad\/#website","url":"https:\/\/www.laguiadepamplona.com\/actualidad\/","name":"La gu\u00eda de Pamplona","description":"Noticias de Pamplona","publisher":{"@id":"https:\/\/www.laguiadepamplona.com\/actualidad\/#organization"},"potentialAction":[{"@type":"SearchAction","target":{"@type":"EntryPoint","urlTemplate":"https:\/\/www.laguiadepamplona.com\/actualidad\/?s={search_term_string}"},"query-input":{"@type":"PropertyValueSpecification","valueRequired":true,"valueName":"search_term_string"}}],"inLanguage":"es"},{"@type":"Organization","@id":"https:\/\/www.laguiadepamplona.com\/actualidad\/#organization","name":"La Gu\u00eda de Pamplona \/ Noticias","url":"https:\/\/www.laguiadepamplona.com\/actualidad\/","logo":{"@type":"ImageObject","inLanguage":"es","@id":"https:\/\/www.laguiadepamplona.com\/actualidad\/#\/schema\/logo\/image\/","url":"https:\/\/www.laguiadepamplona.com\/actualidad\/wp-content\/uploads\/2018\/11\/logo-laguiadepamplona18-web1.png","contentUrl":"https:\/\/www.laguiadepamplona.com\/actualidad\/wp-content\/uploads\/2018\/11\/logo-laguiadepamplona18-web1.png","width":600,"height":196,"caption":"La Gu\u00eda de Pamplona \/ Noticias"},"image":{"@id":"https:\/\/www.laguiadepamplona.com\/actualidad\/#\/schema\/logo\/image\/"},"sameAs":["https:\/\/www.facebook.com\/laguiadepamplonacom-133175176762273\/?ref=hl","https:\/\/x.com\/LaGuiadPamplona","https:\/\/www.instagram.com\/la_guia_de_pamplona\/","https:\/\/www.youtube.com\/user\/laguiadepamplona"]},{"@type":"Person","@id":"https:\/\/www.laguiadepamplona.com\/actualidad\/#\/schema\/person\/efe887376f0213d4657c93adc50b1fdb","name":"La Gu\u00eda de Pamplona","image":{"@type":"ImageObject","inLanguage":"es","@id":"https:\/\/secure.gravatar.com\/avatar\/b6992f131dc8d30ab0dff15446e9d346d9dbd95992de0fef795073f5ea83a81c?s=96&d=mm&r=g","url":"https:\/\/secure.gravatar.com\/avatar\/b6992f131dc8d30ab0dff15446e9d346d9dbd95992de0fef795073f5ea83a81c?s=96&d=mm&r=g","contentUrl":"https:\/\/secure.gravatar.com\/avatar\/b6992f131dc8d30ab0dff15446e9d346d9dbd95992de0fef795073f5ea83a81c?s=96&d=mm&r=g","caption":"La Gu\u00eda de Pamplona"}}]}},"post_mailing_queue_ids":[],"_links":{"self":[{"href":"https:\/\/www.laguiadepamplona.com\/actualidad\/wp-json\/wp\/v2\/posts\/38928","targetHints":{"allow":["GET"]}}],"collection":[{"href":"https:\/\/www.laguiadepamplona.com\/actualidad\/wp-json\/wp\/v2\/posts"}],"about":[{"href":"https:\/\/www.laguiadepamplona.com\/actualidad\/wp-json\/wp\/v2\/types\/post"}],"author":[{"embeddable":true,"href":"https:\/\/www.laguiadepamplona.com\/actualidad\/wp-json\/wp\/v2\/users\/1"}],"replies":[{"embeddable":true,"href":"https:\/\/www.laguiadepamplona.com\/actualidad\/wp-json\/wp\/v2\/comments?post=38928"}],"version-history":[{"count":0,"href":"https:\/\/www.laguiadepamplona.com\/actualidad\/wp-json\/wp\/v2\/posts\/38928\/revisions"}],"wp:featuredmedia":[{"embeddable":true,"href":"https:\/\/www.laguiadepamplona.com\/actualidad\/wp-json\/wp\/v2\/media\/38929"}],"wp:attachment":[{"href":"https:\/\/www.laguiadepamplona.com\/actualidad\/wp-json\/wp\/v2\/media?parent=38928"}],"wp:term":[{"taxonomy":"category","embeddable":true,"href":"https:\/\/www.laguiadepamplona.com\/actualidad\/wp-json\/wp\/v2\/categories?post=38928"},{"taxonomy":"post_tag","embeddable":true,"href":"https:\/\/www.laguiadepamplona.com\/actualidad\/wp-json\/wp\/v2\/tags?post=38928"}],"curies":[{"name":"wp","href":"https:\/\/api.w.org\/{rel}","templated":true}]}}