{"id":38918,"date":"2022-02-22T14:32:46","date_gmt":"2022-02-22T12:32:46","guid":{"rendered":"https:\/\/www.laguiadepamplona.com\/actualidad\/?p=38918"},"modified":"2023-04-11T11:48:30","modified_gmt":"2023-04-11T09:48:30","slug":"alumnos-y-alumnas-del-colegio-san-cernin-ponen-en-marcha-con-exito-el-proyecto-educativo-accion-contra-el-despilfarro-energetico-promovido-por-el-ayuntamiento-de-pamplona","status":"publish","type":"post","link":"https:\/\/www.laguiadepamplona.com\/actualidad\/alumnos-y-alumnas-del-colegio-san-cernin-ponen-en-marcha-con-exito-el-proyecto-educativo-accion-contra-el-despilfarro-energetico-promovido-por-el-ayuntamiento-de-pamplona\/","title":{"rendered":"Alumnos y alumnas del colegio San Cernin ponen en marcha con \u00e9xito el proyecto educativo \u2018Acci\u00f3n contra el despilfarro energ\u00e9tico\u2019, promovido por el Ayuntamiento de Pamplona"},"content":{"rendered":"<h5>El alcalde Enrique Maya ha asistido esta ma\u00f1ana al centro educativo, donde los participantes le han contado c\u00f3mo lo han desarrollado<\/h5>\n<p><!--more--><\/p>\n<p>Alumnos y alumnas del colegio San Cernin han desarrollado con \u00e9xito el proyecto educativo \u2018Acci\u00f3n contra el despilfarro energ\u00e9tico\u2019, dise\u00f1ado por el Servicio de Educaci\u00f3n Ambiental del Ayuntamiento de Pamplona. En total, han tomado parte un centenar de chicos y chicas de entre diez y once a\u00f1os, que esta ma\u00f1ana han explicado personalmente al alcalde c\u00f3mo lo han desarrollado y las conclusiones que han extra\u00eddo de estos meses de trabajo. La propuesta gira en torno a la energ\u00eda y el cambio clim\u00e1tico, y se apoya en una metodolog\u00eda atractiva e innovadora estructurada a trav\u00e9s de desaf\u00edos y recompensas. Tras los buenos resultados obtenidos, el proyecto se abre a todos los centros educativos que lo deseen implantar desde el pr\u00f3ximo curso, que pueden realizar su solicitud hasta el 18 de marzo en la p\u00e1gina web de Educaci\u00f3n Ambiental del Ayuntamiento de Pamplona <a href=\"https:\/\/educacionambiental.pamplona.es\/comunidad-educativa\/grupo-de-accion-contra-el-despilfarro-energetico\/\" target=\"_blank\" rel=\"noopener\">https:\/\/educacionambiental.pamplona.es\/comunidad-educativa\/grupo-de-accion-contra-el-despilfarro-energetico\/<\/a>\u00a0 o en el tel\u00e9fono 948420984.<br \/>\n<script async src=\"\/\/pagead2.googlesyndication.com\/pagead\/js\/adsbygoogle.js\"><\/script><br \/>\n<!-- Noticias La Guia de Pamplona --><br \/>\n<ins class=\"adsbygoogle\"\nstyle=\"display:block\"\ndata-ad-client=\"ca-pub-6943679897239327\"\ndata-ad-slot=\"7048180777\"\ndata-ad-format=\"auto\"><\/ins><br \/>\n<script>\n(adsbygoogle = window.adsbygoogle || []).push({});\n<\/script><\/p>\n<p>\u2018Acci\u00f3n Contra el Despilfarro Energ\u00e9tico\u2019 es una herramienta educativa que reta al alumnado, a trav\u00e9s de desaf\u00edos, niveles de progreso y recompensas, para que se puedan convertir en figuras activas para mejorar la eficiencia energ\u00e9tica de su centro escolar.\u00a0Esta propuesta se desarrolla en la web <a href=\"https:\/\/accioncontraeldespilfarroenergetico.es\/\" target=\"_blank\" rel=\"noopener\">https:\/\/accioncontraeldespilfarroenergetico.es\/<\/a> \u00a0que consta de un formato m\u00faltiple, conformado por textos, fichas did\u00e1cticas y videos creados para la ocasi\u00f3n. Tambi\u00e9n se dota a cada centro de una gu\u00eda del profesorado, para que se puedan guiar correctamente todos los pasos que se van dando.<\/p>\n<p>El objetivo de esta herramienta, creada como l\u00ednea de acci\u00f3n dentro del\u00a0Proyecto Europeo Stardust, es potenciar el aprendizaje sobre la tem\u00e1tica de la energ\u00eda y el cambio clim\u00e1tico en el alumnado de una manera atractiva e innovadora e inspirar un cambio de conducta en ellos hacia un modo de vida con menores emisiones de gases de efecto invernadero. Esta acci\u00f3n se encuadra dentro de las actuaciones en materia de sostenibilidad y cambio clim\u00e1tico que el Ayuntamiento de Pamplona est\u00e1 llevan do a cabo enmarcadas dentro del proyecto \u2018Go Green Pamplona\u2019, una propuesta transformadora hac\u00eda una ciudad mucho m\u00e1s saludable y comprometida con el Cambio Clim\u00e1tico.<\/p>\n<p>Para desarrollar los \u2018Grupos de Acci\u00f3n contra el Despilfarro Energ\u00e9tico\u2019 se crean equipos encargados de descubrir los h\u00e1bitos sobre el uso de la energ\u00eda en el centro escolar, que son los encargados de realizar un diagn\u00f3stico energ\u00e9tico. Al finalizar la formaci\u00f3n, tienen la capacidad de desarrollar una propuesta orientada a motivar cambios de conducta dentro de la comunidad educativa y as\u00ed producir un impacto en el ahorro y la eficiencia energ\u00e9tica del centro escolar.<br \/>\n<script async src=\"\/\/pagead2.googlesyndication.com\/pagead\/js\/adsbygoogle.js\"><\/script><br \/>\n<!-- Noticias La Guia de Pamplona --><br \/>\n<ins class=\"adsbygoogle\"\nstyle=\"display:block\"\ndata-ad-client=\"ca-pub-6943679897239327\"\ndata-ad-slot=\"7048180777\"\ndata-ad-format=\"auto\"><\/ins><br \/>\n<script>\n(adsbygoogle = window.adsbygoogle || []).push({});\n<\/script><\/p>\n<p><strong>San Cernin, primer centro en poner en marcha el proyecto de \u2018Acci\u00f3n Contra el Despilfarro Energ\u00e9tico\u2019<\/strong><\/p>\n<p>Durante el tercer trimestre del pasado curso, el colegio de San Cernin desarroll\u00f3 de manera piloto esta herramienta con las cuatro aulas del alumnado de quinto de Educaci\u00f3n Primaria, con un total de 108 participantes. Fruto de ese proceso elaboraron un Plan de Acci\u00f3n para reducir el consumo energ\u00e9tico en el centro escolar, compuesto por once propuestas de acci\u00f3n, que luego desarrollaron durante el primer trimestre del actual curso. Para la implementaci\u00f3n de estas acciones, el Ayuntamiento ha colaborado econ\u00f3micamente con mil euros a trav\u00e9s del Servicio de Educacion Ambiental.<\/p>\n<p>Entre las propuestas, se encontraban acciones dirigidas a cambios de h\u00e1bitos y la mejora y la sensibilizaci\u00f3n en temas de energ\u00eda en todo el centro escolar. As\u00ed, se propon\u00eda reducir el consumo de envases de un solo uso para los almuerzos a trav\u00e9s de un taller de \u2018boc&amp;roll\u2019 realizado por los propios alumnos. Tambi\u00e9n se han realizado labores de sensibilizaci\u00f3n y recogida de las basuras selectivas de las clases por el alumnado, y se han incorporado contenedores para reciclar residuos en el patio. Otras acciones del proyecto han girado en torno a evitar el despilfarro, apostando por el aprovechamiento de la luz natural o fomentando la rutina de apagar luces y aparatos electr\u00f3nicos, como pizarras digitales y ordenadores, al abandonar las aulas.<br \/>\n<script async src=\"\/\/pagead2.googlesyndication.com\/pagead\/js\/adsbygoogle.js\"><\/script><br \/>\n<!-- Noticias La Guia de Pamplona --><br \/>\n<ins class=\"adsbygoogle\"\nstyle=\"display:block\"\ndata-ad-client=\"ca-pub-6943679897239327\"\ndata-ad-slot=\"7048180777\"\ndata-ad-format=\"auto\"><\/ins><br \/>\n<script>\n(adsbygoogle = window.adsbygoogle || []).push({});\n<\/script><\/p>\n<p>Entre las acciones propuestas tambi\u00e9n se encontraban varias para reducir el consumo energ\u00e9tico a trav\u00e9s de la implantaci\u00f3n de mejoras t\u00e9cnicas, como la sustituci\u00f3n de luminarias por tecnolog\u00eda LED, o la b\u00fasqueda de la eficiencia de la iluminaci\u00f3n pintando las paredes de blanco e incorporando detectores de movimiento para que se enciendan y apaguen autom\u00e1ticamente. Tras escuchar la propuesta del alumnado, el centro ha instalado un total de 44 de estos dispositivos en los ba\u00f1os y en las escaleras.<\/p>\n","protected":false},"excerpt":{"rendered":"<p>El alcalde Enrique Maya ha asistido esta ma\u00f1ana al centro educativo, donde los participantes le han contado c\u00f3mo lo han desarrollado<\/p>\n","protected":false},"author":1,"featured_media":38919,"comment_status":"open","ping_status":"closed","sticky":false,"template":"","format":"standard","meta":{"footnotes":""},"categories":[2],"tags":[],"class_list":["post-38918","post","type-post","status-publish","format-standard","has-post-thumbnail","hentry","category-ayuntamiento-pamplona"],"yoast_head":"<!-- This site is optimized with the Yoast SEO plugin v27.5 - https:\/\/yoast.com\/product\/yoast-seo-wordpress\/ -->\n<title>Alumnos y alumnas del colegio San Cernin ponen en marcha con \u00e9xito el proyecto educativo \u2018Acci\u00f3n contra el despilfarro energ\u00e9tico\u2019, promovido por el Ayuntamiento de Pamplona<\/title>\n<meta name=\"description\" content=\"El alcalde Enrique Maya ha asistido esta ma\u00f1ana al centro educativo, donde los participantes le han contado c\u00f3mo lo han desarrollado\" \/>\n<meta name=\"robots\" content=\"index, follow, max-snippet:-1, max-image-preview:large, max-video-preview:-1\" \/>\n<link rel=\"canonical\" href=\"https:\/\/www.laguiadepamplona.com\/actualidad\/alumnos-y-alumnas-del-colegio-san-cernin-ponen-en-marcha-con-exito-el-proyecto-educativo-accion-contra-el-despilfarro-energetico-promovido-por-el-ayuntamiento-de-pamplona\/\" \/>\n<meta property=\"og:locale\" content=\"es_ES\" \/>\n<meta property=\"og:type\" content=\"article\" \/>\n<meta property=\"og:title\" content=\"Alumnos y alumnas del colegio San Cernin ponen en marcha con \u00e9xito el proyecto educativo \u2018Acci\u00f3n contra el despilfarro energ\u00e9tico\u2019, promovido por el Ayuntamiento de Pamplona\" \/>\n<meta property=\"og:description\" content=\"El alcalde Enrique Maya ha asistido esta ma\u00f1ana al centro educativo, donde los participantes le han contado c\u00f3mo lo han desarrollado\" \/>\n<meta property=\"og:url\" content=\"https:\/\/www.laguiadepamplona.com\/actualidad\/alumnos-y-alumnas-del-colegio-san-cernin-ponen-en-marcha-con-exito-el-proyecto-educativo-accion-contra-el-despilfarro-energetico-promovido-por-el-ayuntamiento-de-pamplona\/\" \/>\n<meta property=\"og:site_name\" content=\"La Gu\u00eda de Pamplona\" \/>\n<meta property=\"article:publisher\" content=\"https:\/\/www.facebook.com\/laguiadepamplonacom-133175176762273\/?ref=hl\" \/>\n<meta property=\"article:published_time\" content=\"2022-02-22T12:32:46+00:00\" \/>\n<meta property=\"article:modified_time\" content=\"2023-04-11T09:48:30+00:00\" \/>\n<meta property=\"og:image\" content=\"https:\/\/www.laguiadepamplona.com\/actualidad\/wp-content\/uploads\/2022\/02\/alumnos-colegio-san-cernin.jpg\" \/>\n\t<meta property=\"og:image:width\" content=\"1920\" \/>\n\t<meta property=\"og:image:height\" content=\"1280\" \/>\n\t<meta property=\"og:image:type\" content=\"image\/jpeg\" \/>\n<meta name=\"author\" content=\"La Gu\u00eda de Pamplona\" \/>\n<meta name=\"twitter:card\" content=\"summary_large_image\" \/>\n<meta name=\"twitter:creator\" content=\"@LaGuiadPamplona\" \/>\n<meta name=\"twitter:site\" content=\"@LaGuiadPamplona\" \/>\n<meta name=\"twitter:label1\" content=\"Escrito por\" \/>\n\t<meta name=\"twitter:data1\" content=\"La Gu\u00eda de Pamplona\" \/>\n\t<meta name=\"twitter:label2\" content=\"Tiempo de lectura\" \/>\n\t<meta name=\"twitter:data2\" content=\"4 minutos\" \/>\n<script type=\"application\/ld+json\" class=\"yoast-schema-graph\">{\"@context\":\"https:\\\/\\\/schema.org\",\"@graph\":[{\"@type\":\"Article\",\"@id\":\"https:\\\/\\\/www.laguiadepamplona.com\\\/actualidad\\\/alumnos-y-alumnas-del-colegio-san-cernin-ponen-en-marcha-con-exito-el-proyecto-educativo-accion-contra-el-despilfarro-energetico-promovido-por-el-ayuntamiento-de-pamplona\\\/#article\",\"isPartOf\":{\"@id\":\"https:\\\/\\\/www.laguiadepamplona.com\\\/actualidad\\\/alumnos-y-alumnas-del-colegio-san-cernin-ponen-en-marcha-con-exito-el-proyecto-educativo-accion-contra-el-despilfarro-energetico-promovido-por-el-ayuntamiento-de-pamplona\\\/\"},\"author\":{\"name\":\"La Gu\u00eda de Pamplona\",\"@id\":\"https:\\\/\\\/www.laguiadepamplona.com\\\/actualidad\\\/#\\\/schema\\\/person\\\/efe887376f0213d4657c93adc50b1fdb\"},\"headline\":\"Alumnos y alumnas del colegio San Cernin ponen en marcha con \u00e9xito el proyecto educativo \u2018Acci\u00f3n contra el despilfarro energ\u00e9tico\u2019, promovido por el Ayuntamiento de Pamplona\",\"datePublished\":\"2022-02-22T12:32:46+00:00\",\"dateModified\":\"2023-04-11T09:48:30+00:00\",\"mainEntityOfPage\":{\"@id\":\"https:\\\/\\\/www.laguiadepamplona.com\\\/actualidad\\\/alumnos-y-alumnas-del-colegio-san-cernin-ponen-en-marcha-con-exito-el-proyecto-educativo-accion-contra-el-despilfarro-energetico-promovido-por-el-ayuntamiento-de-pamplona\\\/\"},\"wordCount\":851,\"commentCount\":0,\"publisher\":{\"@id\":\"https:\\\/\\\/www.laguiadepamplona.com\\\/actualidad\\\/#organization\"},\"image\":{\"@id\":\"https:\\\/\\\/www.laguiadepamplona.com\\\/actualidad\\\/alumnos-y-alumnas-del-colegio-san-cernin-ponen-en-marcha-con-exito-el-proyecto-educativo-accion-contra-el-despilfarro-energetico-promovido-por-el-ayuntamiento-de-pamplona\\\/#primaryimage\"},\"thumbnailUrl\":\"https:\\\/\\\/www.laguiadepamplona.com\\\/actualidad\\\/wp-content\\\/uploads\\\/2022\\\/02\\\/alumnos-colegio-san-cernin.jpg\",\"articleSection\":[\"Ayto Pamplona\"],\"inLanguage\":\"es\",\"potentialAction\":[{\"@type\":\"CommentAction\",\"name\":\"Comment\",\"target\":[\"https:\\\/\\\/www.laguiadepamplona.com\\\/actualidad\\\/alumnos-y-alumnas-del-colegio-san-cernin-ponen-en-marcha-con-exito-el-proyecto-educativo-accion-contra-el-despilfarro-energetico-promovido-por-el-ayuntamiento-de-pamplona\\\/#respond\"]}]},{\"@type\":\"WebPage\",\"@id\":\"https:\\\/\\\/www.laguiadepamplona.com\\\/actualidad\\\/alumnos-y-alumnas-del-colegio-san-cernin-ponen-en-marcha-con-exito-el-proyecto-educativo-accion-contra-el-despilfarro-energetico-promovido-por-el-ayuntamiento-de-pamplona\\\/\",\"url\":\"https:\\\/\\\/www.laguiadepamplona.com\\\/actualidad\\\/alumnos-y-alumnas-del-colegio-san-cernin-ponen-en-marcha-con-exito-el-proyecto-educativo-accion-contra-el-despilfarro-energetico-promovido-por-el-ayuntamiento-de-pamplona\\\/\",\"name\":\"Alumnos y alumnas del colegio San Cernin ponen en marcha con \u00e9xito el proyecto educativo \u2018Acci\u00f3n contra el despilfarro energ\u00e9tico\u2019, promovido por el Ayuntamiento de Pamplona\",\"isPartOf\":{\"@id\":\"https:\\\/\\\/www.laguiadepamplona.com\\\/actualidad\\\/#website\"},\"primaryImageOfPage\":{\"@id\":\"https:\\\/\\\/www.laguiadepamplona.com\\\/actualidad\\\/alumnos-y-alumnas-del-colegio-san-cernin-ponen-en-marcha-con-exito-el-proyecto-educativo-accion-contra-el-despilfarro-energetico-promovido-por-el-ayuntamiento-de-pamplona\\\/#primaryimage\"},\"image\":{\"@id\":\"https:\\\/\\\/www.laguiadepamplona.com\\\/actualidad\\\/alumnos-y-alumnas-del-colegio-san-cernin-ponen-en-marcha-con-exito-el-proyecto-educativo-accion-contra-el-despilfarro-energetico-promovido-por-el-ayuntamiento-de-pamplona\\\/#primaryimage\"},\"thumbnailUrl\":\"https:\\\/\\\/www.laguiadepamplona.com\\\/actualidad\\\/wp-content\\\/uploads\\\/2022\\\/02\\\/alumnos-colegio-san-cernin.jpg\",\"datePublished\":\"2022-02-22T12:32:46+00:00\",\"dateModified\":\"2023-04-11T09:48:30+00:00\",\"description\":\"El alcalde Enrique Maya ha asistido esta ma\u00f1ana al centro educativo, donde los participantes le han contado c\u00f3mo lo han desarrollado\",\"breadcrumb\":{\"@id\":\"https:\\\/\\\/www.laguiadepamplona.com\\\/actualidad\\\/alumnos-y-alumnas-del-colegio-san-cernin-ponen-en-marcha-con-exito-el-proyecto-educativo-accion-contra-el-despilfarro-energetico-promovido-por-el-ayuntamiento-de-pamplona\\\/#breadcrumb\"},\"inLanguage\":\"es\",\"potentialAction\":[{\"@type\":\"ReadAction\",\"target\":[\"https:\\\/\\\/www.laguiadepamplona.com\\\/actualidad\\\/alumnos-y-alumnas-del-colegio-san-cernin-ponen-en-marcha-con-exito-el-proyecto-educativo-accion-contra-el-despilfarro-energetico-promovido-por-el-ayuntamiento-de-pamplona\\\/\"]}]},{\"@type\":\"ImageObject\",\"inLanguage\":\"es\",\"@id\":\"https:\\\/\\\/www.laguiadepamplona.com\\\/actualidad\\\/alumnos-y-alumnas-del-colegio-san-cernin-ponen-en-marcha-con-exito-el-proyecto-educativo-accion-contra-el-despilfarro-energetico-promovido-por-el-ayuntamiento-de-pamplona\\\/#primaryimage\",\"url\":\"https:\\\/\\\/www.laguiadepamplona.com\\\/actualidad\\\/wp-content\\\/uploads\\\/2022\\\/02\\\/alumnos-colegio-san-cernin.jpg\",\"contentUrl\":\"https:\\\/\\\/www.laguiadepamplona.com\\\/actualidad\\\/wp-content\\\/uploads\\\/2022\\\/02\\\/alumnos-colegio-san-cernin.jpg\",\"width\":1920,\"height\":1280},{\"@type\":\"BreadcrumbList\",\"@id\":\"https:\\\/\\\/www.laguiadepamplona.com\\\/actualidad\\\/alumnos-y-alumnas-del-colegio-san-cernin-ponen-en-marcha-con-exito-el-proyecto-educativo-accion-contra-el-despilfarro-energetico-promovido-por-el-ayuntamiento-de-pamplona\\\/#breadcrumb\",\"itemListElement\":[{\"@type\":\"ListItem\",\"position\":1,\"name\":\"Portada\",\"item\":\"https:\\\/\\\/www.laguiadepamplona.com\\\/actualidad\\\/\"},{\"@type\":\"ListItem\",\"position\":2,\"name\":\"Alumnos y alumnas del colegio San Cernin ponen en marcha con \u00e9xito el proyecto educativo \u2018Acci\u00f3n contra el despilfarro energ\u00e9tico\u2019, promovido por el Ayuntamiento de Pamplona\"}]},{\"@type\":\"WebSite\",\"@id\":\"https:\\\/\\\/www.laguiadepamplona.com\\\/actualidad\\\/#website\",\"url\":\"https:\\\/\\\/www.laguiadepamplona.com\\\/actualidad\\\/\",\"name\":\"La gu\u00eda de Pamplona\",\"description\":\"Noticias de Pamplona\",\"publisher\":{\"@id\":\"https:\\\/\\\/www.laguiadepamplona.com\\\/actualidad\\\/#organization\"},\"potentialAction\":[{\"@type\":\"SearchAction\",\"target\":{\"@type\":\"EntryPoint\",\"urlTemplate\":\"https:\\\/\\\/www.laguiadepamplona.com\\\/actualidad\\\/?s={search_term_string}\"},\"query-input\":{\"@type\":\"PropertyValueSpecification\",\"valueRequired\":true,\"valueName\":\"search_term_string\"}}],\"inLanguage\":\"es\"},{\"@type\":\"Organization\",\"@id\":\"https:\\\/\\\/www.laguiadepamplona.com\\\/actualidad\\\/#organization\",\"name\":\"La Gu\u00eda de Pamplona \\\/ Noticias\",\"url\":\"https:\\\/\\\/www.laguiadepamplona.com\\\/actualidad\\\/\",\"logo\":{\"@type\":\"ImageObject\",\"inLanguage\":\"es\",\"@id\":\"https:\\\/\\\/www.laguiadepamplona.com\\\/actualidad\\\/#\\\/schema\\\/logo\\\/image\\\/\",\"url\":\"https:\\\/\\\/www.laguiadepamplona.com\\\/actualidad\\\/wp-content\\\/uploads\\\/2018\\\/11\\\/logo-laguiadepamplona18-web1.png\",\"contentUrl\":\"https:\\\/\\\/www.laguiadepamplona.com\\\/actualidad\\\/wp-content\\\/uploads\\\/2018\\\/11\\\/logo-laguiadepamplona18-web1.png\",\"width\":600,\"height\":196,\"caption\":\"La Gu\u00eda de Pamplona \\\/ Noticias\"},\"image\":{\"@id\":\"https:\\\/\\\/www.laguiadepamplona.com\\\/actualidad\\\/#\\\/schema\\\/logo\\\/image\\\/\"},\"sameAs\":[\"https:\\\/\\\/www.facebook.com\\\/laguiadepamplonacom-133175176762273\\\/?ref=hl\",\"https:\\\/\\\/x.com\\\/LaGuiadPamplona\",\"https:\\\/\\\/www.instagram.com\\\/la_guia_de_pamplona\\\/\",\"https:\\\/\\\/www.youtube.com\\\/user\\\/laguiadepamplona\"]},{\"@type\":\"Person\",\"@id\":\"https:\\\/\\\/www.laguiadepamplona.com\\\/actualidad\\\/#\\\/schema\\\/person\\\/efe887376f0213d4657c93adc50b1fdb\",\"name\":\"La Gu\u00eda de Pamplona\",\"image\":{\"@type\":\"ImageObject\",\"inLanguage\":\"es\",\"@id\":\"https:\\\/\\\/secure.gravatar.com\\\/avatar\\\/b6992f131dc8d30ab0dff15446e9d346d9dbd95992de0fef795073f5ea83a81c?s=96&d=mm&r=g\",\"url\":\"https:\\\/\\\/secure.gravatar.com\\\/avatar\\\/b6992f131dc8d30ab0dff15446e9d346d9dbd95992de0fef795073f5ea83a81c?s=96&d=mm&r=g\",\"contentUrl\":\"https:\\\/\\\/secure.gravatar.com\\\/avatar\\\/b6992f131dc8d30ab0dff15446e9d346d9dbd95992de0fef795073f5ea83a81c?s=96&d=mm&r=g\",\"caption\":\"La Gu\u00eda de Pamplona\"}}]}<\/script>\n<!-- \/ Yoast SEO plugin. -->","yoast_head_json":{"title":"Alumnos y alumnas del colegio San Cernin ponen en marcha con \u00e9xito el proyecto educativo \u2018Acci\u00f3n contra el despilfarro energ\u00e9tico\u2019, promovido por el Ayuntamiento de Pamplona","description":"El alcalde Enrique Maya ha asistido esta ma\u00f1ana al centro educativo, donde los participantes le han contado c\u00f3mo lo han desarrollado","robots":{"index":"index","follow":"follow","max-snippet":"max-snippet:-1","max-image-preview":"max-image-preview:large","max-video-preview":"max-video-preview:-1"},"canonical":"https:\/\/www.laguiadepamplona.com\/actualidad\/alumnos-y-alumnas-del-colegio-san-cernin-ponen-en-marcha-con-exito-el-proyecto-educativo-accion-contra-el-despilfarro-energetico-promovido-por-el-ayuntamiento-de-pamplona\/","og_locale":"es_ES","og_type":"article","og_title":"Alumnos y alumnas del colegio San Cernin ponen en marcha con \u00e9xito el proyecto educativo \u2018Acci\u00f3n contra el despilfarro energ\u00e9tico\u2019, promovido por el Ayuntamiento de Pamplona","og_description":"El alcalde Enrique Maya ha asistido esta ma\u00f1ana al centro educativo, donde los participantes le han contado c\u00f3mo lo han desarrollado","og_url":"https:\/\/www.laguiadepamplona.com\/actualidad\/alumnos-y-alumnas-del-colegio-san-cernin-ponen-en-marcha-con-exito-el-proyecto-educativo-accion-contra-el-despilfarro-energetico-promovido-por-el-ayuntamiento-de-pamplona\/","og_site_name":"La Gu\u00eda de Pamplona","article_publisher":"https:\/\/www.facebook.com\/laguiadepamplonacom-133175176762273\/?ref=hl","article_published_time":"2022-02-22T12:32:46+00:00","article_modified_time":"2023-04-11T09:48:30+00:00","og_image":[{"width":1920,"height":1280,"url":"https:\/\/www.laguiadepamplona.com\/actualidad\/wp-content\/uploads\/2022\/02\/alumnos-colegio-san-cernin.jpg","type":"image\/jpeg"}],"author":"La Gu\u00eda de Pamplona","twitter_card":"summary_large_image","twitter_creator":"@LaGuiadPamplona","twitter_site":"@LaGuiadPamplona","twitter_misc":{"Escrito por":"La Gu\u00eda de Pamplona","Tiempo de lectura":"4 minutos"},"schema":{"@context":"https:\/\/schema.org","@graph":[{"@type":"Article","@id":"https:\/\/www.laguiadepamplona.com\/actualidad\/alumnos-y-alumnas-del-colegio-san-cernin-ponen-en-marcha-con-exito-el-proyecto-educativo-accion-contra-el-despilfarro-energetico-promovido-por-el-ayuntamiento-de-pamplona\/#article","isPartOf":{"@id":"https:\/\/www.laguiadepamplona.com\/actualidad\/alumnos-y-alumnas-del-colegio-san-cernin-ponen-en-marcha-con-exito-el-proyecto-educativo-accion-contra-el-despilfarro-energetico-promovido-por-el-ayuntamiento-de-pamplona\/"},"author":{"name":"La Gu\u00eda de Pamplona","@id":"https:\/\/www.laguiadepamplona.com\/actualidad\/#\/schema\/person\/efe887376f0213d4657c93adc50b1fdb"},"headline":"Alumnos y alumnas del colegio San Cernin ponen en marcha con \u00e9xito el proyecto educativo \u2018Acci\u00f3n contra el despilfarro energ\u00e9tico\u2019, promovido por el Ayuntamiento de Pamplona","datePublished":"2022-02-22T12:32:46+00:00","dateModified":"2023-04-11T09:48:30+00:00","mainEntityOfPage":{"@id":"https:\/\/www.laguiadepamplona.com\/actualidad\/alumnos-y-alumnas-del-colegio-san-cernin-ponen-en-marcha-con-exito-el-proyecto-educativo-accion-contra-el-despilfarro-energetico-promovido-por-el-ayuntamiento-de-pamplona\/"},"wordCount":851,"commentCount":0,"publisher":{"@id":"https:\/\/www.laguiadepamplona.com\/actualidad\/#organization"},"image":{"@id":"https:\/\/www.laguiadepamplona.com\/actualidad\/alumnos-y-alumnas-del-colegio-san-cernin-ponen-en-marcha-con-exito-el-proyecto-educativo-accion-contra-el-despilfarro-energetico-promovido-por-el-ayuntamiento-de-pamplona\/#primaryimage"},"thumbnailUrl":"https:\/\/www.laguiadepamplona.com\/actualidad\/wp-content\/uploads\/2022\/02\/alumnos-colegio-san-cernin.jpg","articleSection":["Ayto Pamplona"],"inLanguage":"es","potentialAction":[{"@type":"CommentAction","name":"Comment","target":["https:\/\/www.laguiadepamplona.com\/actualidad\/alumnos-y-alumnas-del-colegio-san-cernin-ponen-en-marcha-con-exito-el-proyecto-educativo-accion-contra-el-despilfarro-energetico-promovido-por-el-ayuntamiento-de-pamplona\/#respond"]}]},{"@type":"WebPage","@id":"https:\/\/www.laguiadepamplona.com\/actualidad\/alumnos-y-alumnas-del-colegio-san-cernin-ponen-en-marcha-con-exito-el-proyecto-educativo-accion-contra-el-despilfarro-energetico-promovido-por-el-ayuntamiento-de-pamplona\/","url":"https:\/\/www.laguiadepamplona.com\/actualidad\/alumnos-y-alumnas-del-colegio-san-cernin-ponen-en-marcha-con-exito-el-proyecto-educativo-accion-contra-el-despilfarro-energetico-promovido-por-el-ayuntamiento-de-pamplona\/","name":"Alumnos y alumnas del colegio San Cernin ponen en marcha con \u00e9xito el proyecto educativo \u2018Acci\u00f3n contra el despilfarro energ\u00e9tico\u2019, promovido por el Ayuntamiento de Pamplona","isPartOf":{"@id":"https:\/\/www.laguiadepamplona.com\/actualidad\/#website"},"primaryImageOfPage":{"@id":"https:\/\/www.laguiadepamplona.com\/actualidad\/alumnos-y-alumnas-del-colegio-san-cernin-ponen-en-marcha-con-exito-el-proyecto-educativo-accion-contra-el-despilfarro-energetico-promovido-por-el-ayuntamiento-de-pamplona\/#primaryimage"},"image":{"@id":"https:\/\/www.laguiadepamplona.com\/actualidad\/alumnos-y-alumnas-del-colegio-san-cernin-ponen-en-marcha-con-exito-el-proyecto-educativo-accion-contra-el-despilfarro-energetico-promovido-por-el-ayuntamiento-de-pamplona\/#primaryimage"},"thumbnailUrl":"https:\/\/www.laguiadepamplona.com\/actualidad\/wp-content\/uploads\/2022\/02\/alumnos-colegio-san-cernin.jpg","datePublished":"2022-02-22T12:32:46+00:00","dateModified":"2023-04-11T09:48:30+00:00","description":"El alcalde Enrique Maya ha asistido esta ma\u00f1ana al centro educativo, donde los participantes le han contado c\u00f3mo lo han desarrollado","breadcrumb":{"@id":"https:\/\/www.laguiadepamplona.com\/actualidad\/alumnos-y-alumnas-del-colegio-san-cernin-ponen-en-marcha-con-exito-el-proyecto-educativo-accion-contra-el-despilfarro-energetico-promovido-por-el-ayuntamiento-de-pamplona\/#breadcrumb"},"inLanguage":"es","potentialAction":[{"@type":"ReadAction","target":["https:\/\/www.laguiadepamplona.com\/actualidad\/alumnos-y-alumnas-del-colegio-san-cernin-ponen-en-marcha-con-exito-el-proyecto-educativo-accion-contra-el-despilfarro-energetico-promovido-por-el-ayuntamiento-de-pamplona\/"]}]},{"@type":"ImageObject","inLanguage":"es","@id":"https:\/\/www.laguiadepamplona.com\/actualidad\/alumnos-y-alumnas-del-colegio-san-cernin-ponen-en-marcha-con-exito-el-proyecto-educativo-accion-contra-el-despilfarro-energetico-promovido-por-el-ayuntamiento-de-pamplona\/#primaryimage","url":"https:\/\/www.laguiadepamplona.com\/actualidad\/wp-content\/uploads\/2022\/02\/alumnos-colegio-san-cernin.jpg","contentUrl":"https:\/\/www.laguiadepamplona.com\/actualidad\/wp-content\/uploads\/2022\/02\/alumnos-colegio-san-cernin.jpg","width":1920,"height":1280},{"@type":"BreadcrumbList","@id":"https:\/\/www.laguiadepamplona.com\/actualidad\/alumnos-y-alumnas-del-colegio-san-cernin-ponen-en-marcha-con-exito-el-proyecto-educativo-accion-contra-el-despilfarro-energetico-promovido-por-el-ayuntamiento-de-pamplona\/#breadcrumb","itemListElement":[{"@type":"ListItem","position":1,"name":"Portada","item":"https:\/\/www.laguiadepamplona.com\/actualidad\/"},{"@type":"ListItem","position":2,"name":"Alumnos y alumnas del colegio San Cernin ponen en marcha con \u00e9xito el proyecto educativo \u2018Acci\u00f3n contra el despilfarro energ\u00e9tico\u2019, promovido por el Ayuntamiento de Pamplona"}]},{"@type":"WebSite","@id":"https:\/\/www.laguiadepamplona.com\/actualidad\/#website","url":"https:\/\/www.laguiadepamplona.com\/actualidad\/","name":"La gu\u00eda de Pamplona","description":"Noticias de Pamplona","publisher":{"@id":"https:\/\/www.laguiadepamplona.com\/actualidad\/#organization"},"potentialAction":[{"@type":"SearchAction","target":{"@type":"EntryPoint","urlTemplate":"https:\/\/www.laguiadepamplona.com\/actualidad\/?s={search_term_string}"},"query-input":{"@type":"PropertyValueSpecification","valueRequired":true,"valueName":"search_term_string"}}],"inLanguage":"es"},{"@type":"Organization","@id":"https:\/\/www.laguiadepamplona.com\/actualidad\/#organization","name":"La Gu\u00eda de Pamplona \/ Noticias","url":"https:\/\/www.laguiadepamplona.com\/actualidad\/","logo":{"@type":"ImageObject","inLanguage":"es","@id":"https:\/\/www.laguiadepamplona.com\/actualidad\/#\/schema\/logo\/image\/","url":"https:\/\/www.laguiadepamplona.com\/actualidad\/wp-content\/uploads\/2018\/11\/logo-laguiadepamplona18-web1.png","contentUrl":"https:\/\/www.laguiadepamplona.com\/actualidad\/wp-content\/uploads\/2018\/11\/logo-laguiadepamplona18-web1.png","width":600,"height":196,"caption":"La Gu\u00eda de Pamplona \/ Noticias"},"image":{"@id":"https:\/\/www.laguiadepamplona.com\/actualidad\/#\/schema\/logo\/image\/"},"sameAs":["https:\/\/www.facebook.com\/laguiadepamplonacom-133175176762273\/?ref=hl","https:\/\/x.com\/LaGuiadPamplona","https:\/\/www.instagram.com\/la_guia_de_pamplona\/","https:\/\/www.youtube.com\/user\/laguiadepamplona"]},{"@type":"Person","@id":"https:\/\/www.laguiadepamplona.com\/actualidad\/#\/schema\/person\/efe887376f0213d4657c93adc50b1fdb","name":"La Gu\u00eda de Pamplona","image":{"@type":"ImageObject","inLanguage":"es","@id":"https:\/\/secure.gravatar.com\/avatar\/b6992f131dc8d30ab0dff15446e9d346d9dbd95992de0fef795073f5ea83a81c?s=96&d=mm&r=g","url":"https:\/\/secure.gravatar.com\/avatar\/b6992f131dc8d30ab0dff15446e9d346d9dbd95992de0fef795073f5ea83a81c?s=96&d=mm&r=g","contentUrl":"https:\/\/secure.gravatar.com\/avatar\/b6992f131dc8d30ab0dff15446e9d346d9dbd95992de0fef795073f5ea83a81c?s=96&d=mm&r=g","caption":"La Gu\u00eda de Pamplona"}}]}},"post_mailing_queue_ids":[],"_links":{"self":[{"href":"https:\/\/www.laguiadepamplona.com\/actualidad\/wp-json\/wp\/v2\/posts\/38918","targetHints":{"allow":["GET"]}}],"collection":[{"href":"https:\/\/www.laguiadepamplona.com\/actualidad\/wp-json\/wp\/v2\/posts"}],"about":[{"href":"https:\/\/www.laguiadepamplona.com\/actualidad\/wp-json\/wp\/v2\/types\/post"}],"author":[{"embeddable":true,"href":"https:\/\/www.laguiadepamplona.com\/actualidad\/wp-json\/wp\/v2\/users\/1"}],"replies":[{"embeddable":true,"href":"https:\/\/www.laguiadepamplona.com\/actualidad\/wp-json\/wp\/v2\/comments?post=38918"}],"version-history":[{"count":0,"href":"https:\/\/www.laguiadepamplona.com\/actualidad\/wp-json\/wp\/v2\/posts\/38918\/revisions"}],"wp:featuredmedia":[{"embeddable":true,"href":"https:\/\/www.laguiadepamplona.com\/actualidad\/wp-json\/wp\/v2\/media\/38919"}],"wp:attachment":[{"href":"https:\/\/www.laguiadepamplona.com\/actualidad\/wp-json\/wp\/v2\/media?parent=38918"}],"wp:term":[{"taxonomy":"category","embeddable":true,"href":"https:\/\/www.laguiadepamplona.com\/actualidad\/wp-json\/wp\/v2\/categories?post=38918"},{"taxonomy":"post_tag","embeddable":true,"href":"https:\/\/www.laguiadepamplona.com\/actualidad\/wp-json\/wp\/v2\/tags?post=38918"}],"curies":[{"name":"wp","href":"https:\/\/api.w.org\/{rel}","templated":true}]}}