{"id":38912,"date":"2022-02-21T18:40:15","date_gmt":"2022-02-21T16:40:15","guid":{"rendered":"https:\/\/www.laguiadepamplona.com\/actualidad\/?p=38912"},"modified":"2023-04-11T11:48:30","modified_gmt":"2023-04-11T09:48:30","slug":"manana-martes-se-reune-la-mesa-general-de-san-fermin-en-civivox-iturrama-para-valorar-las-propuestas-trasladadas-desde-las-mesas-especificas-de-fiestas","status":"publish","type":"post","link":"https:\/\/www.laguiadepamplona.com\/actualidad\/manana-martes-se-reune-la-mesa-general-de-san-fermin-en-civivox-iturrama-para-valorar-las-propuestas-trasladadas-desde-las-mesas-especificas-de-fiestas\/","title":{"rendered":"Ma\u00f1ana martes se re\u00fane la Mesa General de San Ferm\u00edn en Civivox Iturrama para valorar las propuestas trasladadas desde las mesas espec\u00edficas de fiestas"},"content":{"rendered":"<h5>La Mesa General de San Ferm\u00edn estar\u00e1 presidida por el alcalde y contar\u00e1 con la participaci\u00f3n de cerca de 80 asociaciones, colectivos, entidades o personas<\/h5>\n<p><!--more--><\/p>\n<p>El sal\u00f3n de actos de <strong><u>Civivox Iturrama<\/u><\/strong> acoge ma\u00f1ana martes <strong><u>a las 19 horas<\/u><\/strong> la segunda reuni\u00f3n en este curso de la <strong><u>Mesa General de San Ferm\u00edn<\/u><\/strong>. Presidida por el <strong><u>alcalde de Pamplona, Enrique Maya<\/u><\/strong>, y con presencia de <strong><u>representantes de las m\u00e1s de 70 asociaciones y entidades<\/u><\/strong> que la integran, analizar\u00e1 las propuestas trasladadas desde las mesas espec\u00edficas celebradas en las \u00faltimas semanas. <strong>Los medios gr\u00e1ficos podr\u00e1n tomar im\u00e1genes al inicio de la reuni\u00f3n.<\/strong><br \/>\n<script async src=\"\/\/pagead2.googlesyndication.com\/pagead\/js\/adsbygoogle.js\"><\/script><br \/>\n<!-- Noticias La Guia de Pamplona --><br \/>\n<ins class=\"adsbygoogle\"\nstyle=\"display:block\"\ndata-ad-client=\"ca-pub-6943679897239327\"\ndata-ad-slot=\"7048180777\"\ndata-ad-format=\"auto\"><\/ins><br \/>\n<script>\n(adsbygoogle = window.adsbygoogle || []).push({});\n<\/script><\/p>\n<p>Durante este mes de febrero, han tenido lugar las reuniones de las mesas espec\u00edficas. El pasado martes 8 se celebr\u00f3 la reuni\u00f3n de la Mesa de Calle; al d\u00eda siguiente, mi\u00e9rcoles 9, se reuni\u00f3 la Mesa de Programaci\u00f3n Cultural; el mi\u00e9rcoles 16 de febrero tuvo lugar la Mesa del Encierro, por la ma\u00f1ana, y, por la tarde, la mesa de igualdad. En todas ellas se analizaron las propuestas remitidas por la ciudadan\u00eda y asociaciones al buz\u00f3n de correo electr\u00f3nico habilitado para ello entre septiembre y diciembre del pasado a\u00f1o, as\u00ed como otras propuestas de car\u00e1cter general sobre los sanfermines, y se determinaron cu\u00e1les de las 119 registradas pod\u00edan ser interesantes y viables de cara a su traslado a la Mesa General de fiestas.\u00a0 Una vez vistas por la Mesa General, se enviar\u00e1n a las correspondientes \u00e1reas municipales para trabajar t\u00e9cnicamente en ellas.<\/p>\n<p>La Mesa General de San Ferm\u00edn est\u00e1 integrada por cerca de 80 asociaciones, colectivos, entidades o personas relacionados directamente con la fiesta o representativas del tejido social de la ciudad, adem\u00e1s de por miembros de los grupos municipales con representaci\u00f3n en el Ayuntamiento, los concejales y concejalas delegadas de las \u00e1reas implicadas en la organizaci\u00f3n de las fiestas y personal t\u00e9cnico de esas \u00e1reas.<\/p>\n","protected":false},"excerpt":{"rendered":"<p>La Mesa General de San Ferm\u00edn estar\u00e1 presidida por el alcalde y contar\u00e1 con la participaci\u00f3n de cerca de 80 asociaciones, colectivos, entidades o personas<\/p>\n","protected":false},"author":1,"featured_media":38913,"comment_status":"open","ping_status":"closed","sticky":false,"template":"","format":"standard","meta":{"footnotes":""},"categories":[2],"tags":[],"class_list":["post-38912","post","type-post","status-publish","format-standard","has-post-thumbnail","hentry","category-ayuntamiento-pamplona"],"yoast_head":"<!-- This site is optimized with the Yoast SEO plugin v27.3 - https:\/\/yoast.com\/product\/yoast-seo-wordpress\/ -->\n<title>Ma\u00f1ana martes se re\u00fane la Mesa General de San Ferm\u00edn en Civivox Iturrama para valorar las propuestas trasladadas desde las mesas espec\u00edficas de fiestas<\/title>\n<meta name=\"description\" content=\"La Mesa General de San Ferm\u00edn estar\u00e1 presidida por el alcalde y contar\u00e1 con la participaci\u00f3n de cerca de 80 asociaciones, colectivos, entidades o personas\" \/>\n<meta name=\"robots\" content=\"index, follow, max-snippet:-1, max-image-preview:large, max-video-preview:-1\" \/>\n<link rel=\"canonical\" href=\"https:\/\/www.laguiadepamplona.com\/actualidad\/manana-martes-se-reune-la-mesa-general-de-san-fermin-en-civivox-iturrama-para-valorar-las-propuestas-trasladadas-desde-las-mesas-especificas-de-fiestas\/\" \/>\n<meta property=\"og:locale\" content=\"es_ES\" \/>\n<meta property=\"og:type\" content=\"article\" \/>\n<meta property=\"og:title\" content=\"Ma\u00f1ana martes se re\u00fane la Mesa General de San Ferm\u00edn en Civivox Iturrama para valorar las propuestas trasladadas desde las mesas espec\u00edficas de fiestas\" \/>\n<meta property=\"og:description\" content=\"La Mesa General de San Ferm\u00edn estar\u00e1 presidida por el alcalde y contar\u00e1 con la participaci\u00f3n de cerca de 80 asociaciones, colectivos, entidades o personas\" \/>\n<meta property=\"og:url\" content=\"https:\/\/www.laguiadepamplona.com\/actualidad\/manana-martes-se-reune-la-mesa-general-de-san-fermin-en-civivox-iturrama-para-valorar-las-propuestas-trasladadas-desde-las-mesas-especificas-de-fiestas\/\" \/>\n<meta property=\"og:site_name\" content=\"La Gu\u00eda de Pamplona\" \/>\n<meta property=\"article:publisher\" content=\"https:\/\/www.facebook.com\/laguiadepamplonacom-133175176762273\/?ref=hl\" \/>\n<meta property=\"article:published_time\" content=\"2022-02-21T16:40:15+00:00\" \/>\n<meta property=\"article:modified_time\" content=\"2023-04-11T09:48:30+00:00\" \/>\n<meta property=\"og:image\" content=\"https:\/\/www.laguiadepamplona.com\/actualidad\/wp-content\/uploads\/2022\/02\/chupinazo_GV_0678_0-copia.jpg\" \/>\n\t<meta property=\"og:image:width\" content=\"1920\" \/>\n\t<meta property=\"og:image:height\" content=\"1280\" \/>\n\t<meta property=\"og:image:type\" content=\"image\/jpeg\" \/>\n<meta name=\"author\" content=\"La Gu\u00eda de Pamplona\" \/>\n<meta name=\"twitter:card\" content=\"summary_large_image\" \/>\n<meta name=\"twitter:creator\" content=\"@LaGuiadPamplona\" \/>\n<meta name=\"twitter:site\" content=\"@LaGuiadPamplona\" \/>\n<meta name=\"twitter:label1\" content=\"Escrito por\" \/>\n\t<meta name=\"twitter:data1\" content=\"La Gu\u00eda de Pamplona\" \/>\n\t<meta name=\"twitter:label2\" content=\"Tiempo de lectura\" \/>\n\t<meta name=\"twitter:data2\" content=\"2 minutos\" \/>\n<script type=\"application\/ld+json\" class=\"yoast-schema-graph\">{\"@context\":\"https:\\\/\\\/schema.org\",\"@graph\":[{\"@type\":\"Article\",\"@id\":\"https:\\\/\\\/www.laguiadepamplona.com\\\/actualidad\\\/manana-martes-se-reune-la-mesa-general-de-san-fermin-en-civivox-iturrama-para-valorar-las-propuestas-trasladadas-desde-las-mesas-especificas-de-fiestas\\\/#article\",\"isPartOf\":{\"@id\":\"https:\\\/\\\/www.laguiadepamplona.com\\\/actualidad\\\/manana-martes-se-reune-la-mesa-general-de-san-fermin-en-civivox-iturrama-para-valorar-las-propuestas-trasladadas-desde-las-mesas-especificas-de-fiestas\\\/\"},\"author\":{\"name\":\"La Gu\u00eda de Pamplona\",\"@id\":\"https:\\\/\\\/www.laguiadepamplona.com\\\/actualidad\\\/#\\\/schema\\\/person\\\/efe887376f0213d4657c93adc50b1fdb\"},\"headline\":\"Ma\u00f1ana martes se re\u00fane la Mesa General de San Ferm\u00edn en Civivox Iturrama para valorar las propuestas trasladadas desde las mesas espec\u00edficas de fiestas\",\"datePublished\":\"2022-02-21T16:40:15+00:00\",\"dateModified\":\"2023-04-11T09:48:30+00:00\",\"mainEntityOfPage\":{\"@id\":\"https:\\\/\\\/www.laguiadepamplona.com\\\/actualidad\\\/manana-martes-se-reune-la-mesa-general-de-san-fermin-en-civivox-iturrama-para-valorar-las-propuestas-trasladadas-desde-las-mesas-especificas-de-fiestas\\\/\"},\"wordCount\":359,\"commentCount\":0,\"publisher\":{\"@id\":\"https:\\\/\\\/www.laguiadepamplona.com\\\/actualidad\\\/#organization\"},\"image\":{\"@id\":\"https:\\\/\\\/www.laguiadepamplona.com\\\/actualidad\\\/manana-martes-se-reune-la-mesa-general-de-san-fermin-en-civivox-iturrama-para-valorar-las-propuestas-trasladadas-desde-las-mesas-especificas-de-fiestas\\\/#primaryimage\"},\"thumbnailUrl\":\"https:\\\/\\\/www.laguiadepamplona.com\\\/actualidad\\\/wp-content\\\/uploads\\\/2022\\\/02\\\/chupinazo_GV_0678_0-copia.jpg\",\"articleSection\":[\"Ayto Pamplona\"],\"inLanguage\":\"es\",\"potentialAction\":[{\"@type\":\"CommentAction\",\"name\":\"Comment\",\"target\":[\"https:\\\/\\\/www.laguiadepamplona.com\\\/actualidad\\\/manana-martes-se-reune-la-mesa-general-de-san-fermin-en-civivox-iturrama-para-valorar-las-propuestas-trasladadas-desde-las-mesas-especificas-de-fiestas\\\/#respond\"]}]},{\"@type\":\"WebPage\",\"@id\":\"https:\\\/\\\/www.laguiadepamplona.com\\\/actualidad\\\/manana-martes-se-reune-la-mesa-general-de-san-fermin-en-civivox-iturrama-para-valorar-las-propuestas-trasladadas-desde-las-mesas-especificas-de-fiestas\\\/\",\"url\":\"https:\\\/\\\/www.laguiadepamplona.com\\\/actualidad\\\/manana-martes-se-reune-la-mesa-general-de-san-fermin-en-civivox-iturrama-para-valorar-las-propuestas-trasladadas-desde-las-mesas-especificas-de-fiestas\\\/\",\"name\":\"Ma\u00f1ana martes se re\u00fane la Mesa General de San Ferm\u00edn en Civivox Iturrama para valorar las propuestas trasladadas desde las mesas espec\u00edficas de fiestas\",\"isPartOf\":{\"@id\":\"https:\\\/\\\/www.laguiadepamplona.com\\\/actualidad\\\/#website\"},\"primaryImageOfPage\":{\"@id\":\"https:\\\/\\\/www.laguiadepamplona.com\\\/actualidad\\\/manana-martes-se-reune-la-mesa-general-de-san-fermin-en-civivox-iturrama-para-valorar-las-propuestas-trasladadas-desde-las-mesas-especificas-de-fiestas\\\/#primaryimage\"},\"image\":{\"@id\":\"https:\\\/\\\/www.laguiadepamplona.com\\\/actualidad\\\/manana-martes-se-reune-la-mesa-general-de-san-fermin-en-civivox-iturrama-para-valorar-las-propuestas-trasladadas-desde-las-mesas-especificas-de-fiestas\\\/#primaryimage\"},\"thumbnailUrl\":\"https:\\\/\\\/www.laguiadepamplona.com\\\/actualidad\\\/wp-content\\\/uploads\\\/2022\\\/02\\\/chupinazo_GV_0678_0-copia.jpg\",\"datePublished\":\"2022-02-21T16:40:15+00:00\",\"dateModified\":\"2023-04-11T09:48:30+00:00\",\"description\":\"La Mesa General de San Ferm\u00edn estar\u00e1 presidida por el alcalde y contar\u00e1 con la participaci\u00f3n de cerca de 80 asociaciones, colectivos, entidades o personas\",\"breadcrumb\":{\"@id\":\"https:\\\/\\\/www.laguiadepamplona.com\\\/actualidad\\\/manana-martes-se-reune-la-mesa-general-de-san-fermin-en-civivox-iturrama-para-valorar-las-propuestas-trasladadas-desde-las-mesas-especificas-de-fiestas\\\/#breadcrumb\"},\"inLanguage\":\"es\",\"potentialAction\":[{\"@type\":\"ReadAction\",\"target\":[\"https:\\\/\\\/www.laguiadepamplona.com\\\/actualidad\\\/manana-martes-se-reune-la-mesa-general-de-san-fermin-en-civivox-iturrama-para-valorar-las-propuestas-trasladadas-desde-las-mesas-especificas-de-fiestas\\\/\"]}]},{\"@type\":\"ImageObject\",\"inLanguage\":\"es\",\"@id\":\"https:\\\/\\\/www.laguiadepamplona.com\\\/actualidad\\\/manana-martes-se-reune-la-mesa-general-de-san-fermin-en-civivox-iturrama-para-valorar-las-propuestas-trasladadas-desde-las-mesas-especificas-de-fiestas\\\/#primaryimage\",\"url\":\"https:\\\/\\\/www.laguiadepamplona.com\\\/actualidad\\\/wp-content\\\/uploads\\\/2022\\\/02\\\/chupinazo_GV_0678_0-copia.jpg\",\"contentUrl\":\"https:\\\/\\\/www.laguiadepamplona.com\\\/actualidad\\\/wp-content\\\/uploads\\\/2022\\\/02\\\/chupinazo_GV_0678_0-copia.jpg\",\"width\":1920,\"height\":1280},{\"@type\":\"BreadcrumbList\",\"@id\":\"https:\\\/\\\/www.laguiadepamplona.com\\\/actualidad\\\/manana-martes-se-reune-la-mesa-general-de-san-fermin-en-civivox-iturrama-para-valorar-las-propuestas-trasladadas-desde-las-mesas-especificas-de-fiestas\\\/#breadcrumb\",\"itemListElement\":[{\"@type\":\"ListItem\",\"position\":1,\"name\":\"Portada\",\"item\":\"https:\\\/\\\/www.laguiadepamplona.com\\\/actualidad\\\/\"},{\"@type\":\"ListItem\",\"position\":2,\"name\":\"Ma\u00f1ana martes se re\u00fane la Mesa General de San Ferm\u00edn en Civivox Iturrama para valorar las propuestas trasladadas desde las mesas espec\u00edficas de fiestas\"}]},{\"@type\":\"WebSite\",\"@id\":\"https:\\\/\\\/www.laguiadepamplona.com\\\/actualidad\\\/#website\",\"url\":\"https:\\\/\\\/www.laguiadepamplona.com\\\/actualidad\\\/\",\"name\":\"La gu\u00eda de Pamplona\",\"description\":\"Noticias de Pamplona\",\"publisher\":{\"@id\":\"https:\\\/\\\/www.laguiadepamplona.com\\\/actualidad\\\/#organization\"},\"potentialAction\":[{\"@type\":\"SearchAction\",\"target\":{\"@type\":\"EntryPoint\",\"urlTemplate\":\"https:\\\/\\\/www.laguiadepamplona.com\\\/actualidad\\\/?s={search_term_string}\"},\"query-input\":{\"@type\":\"PropertyValueSpecification\",\"valueRequired\":true,\"valueName\":\"search_term_string\"}}],\"inLanguage\":\"es\"},{\"@type\":\"Organization\",\"@id\":\"https:\\\/\\\/www.laguiadepamplona.com\\\/actualidad\\\/#organization\",\"name\":\"La Gu\u00eda de Pamplona \\\/ Noticias\",\"url\":\"https:\\\/\\\/www.laguiadepamplona.com\\\/actualidad\\\/\",\"logo\":{\"@type\":\"ImageObject\",\"inLanguage\":\"es\",\"@id\":\"https:\\\/\\\/www.laguiadepamplona.com\\\/actualidad\\\/#\\\/schema\\\/logo\\\/image\\\/\",\"url\":\"https:\\\/\\\/www.laguiadepamplona.com\\\/actualidad\\\/wp-content\\\/uploads\\\/2018\\\/11\\\/logo-laguiadepamplona18-web1.png\",\"contentUrl\":\"https:\\\/\\\/www.laguiadepamplona.com\\\/actualidad\\\/wp-content\\\/uploads\\\/2018\\\/11\\\/logo-laguiadepamplona18-web1.png\",\"width\":600,\"height\":196,\"caption\":\"La Gu\u00eda de Pamplona \\\/ Noticias\"},\"image\":{\"@id\":\"https:\\\/\\\/www.laguiadepamplona.com\\\/actualidad\\\/#\\\/schema\\\/logo\\\/image\\\/\"},\"sameAs\":[\"https:\\\/\\\/www.facebook.com\\\/laguiadepamplonacom-133175176762273\\\/?ref=hl\",\"https:\\\/\\\/x.com\\\/LaGuiadPamplona\",\"https:\\\/\\\/www.instagram.com\\\/la_guia_de_pamplona\\\/\",\"https:\\\/\\\/www.youtube.com\\\/user\\\/laguiadepamplona\"]},{\"@type\":\"Person\",\"@id\":\"https:\\\/\\\/www.laguiadepamplona.com\\\/actualidad\\\/#\\\/schema\\\/person\\\/efe887376f0213d4657c93adc50b1fdb\",\"name\":\"La Gu\u00eda de Pamplona\",\"image\":{\"@type\":\"ImageObject\",\"inLanguage\":\"es\",\"@id\":\"https:\\\/\\\/secure.gravatar.com\\\/avatar\\\/b6992f131dc8d30ab0dff15446e9d346d9dbd95992de0fef795073f5ea83a81c?s=96&d=mm&r=g\",\"url\":\"https:\\\/\\\/secure.gravatar.com\\\/avatar\\\/b6992f131dc8d30ab0dff15446e9d346d9dbd95992de0fef795073f5ea83a81c?s=96&d=mm&r=g\",\"contentUrl\":\"https:\\\/\\\/secure.gravatar.com\\\/avatar\\\/b6992f131dc8d30ab0dff15446e9d346d9dbd95992de0fef795073f5ea83a81c?s=96&d=mm&r=g\",\"caption\":\"La Gu\u00eda de Pamplona\"}}]}<\/script>\n<!-- \/ Yoast SEO plugin. -->","yoast_head_json":{"title":"Ma\u00f1ana martes se re\u00fane la Mesa General de San Ferm\u00edn en Civivox Iturrama para valorar las propuestas trasladadas desde las mesas espec\u00edficas de fiestas","description":"La Mesa General de San Ferm\u00edn estar\u00e1 presidida por el alcalde y contar\u00e1 con la participaci\u00f3n de cerca de 80 asociaciones, colectivos, entidades o personas","robots":{"index":"index","follow":"follow","max-snippet":"max-snippet:-1","max-image-preview":"max-image-preview:large","max-video-preview":"max-video-preview:-1"},"canonical":"https:\/\/www.laguiadepamplona.com\/actualidad\/manana-martes-se-reune-la-mesa-general-de-san-fermin-en-civivox-iturrama-para-valorar-las-propuestas-trasladadas-desde-las-mesas-especificas-de-fiestas\/","og_locale":"es_ES","og_type":"article","og_title":"Ma\u00f1ana martes se re\u00fane la Mesa General de San Ferm\u00edn en Civivox Iturrama para valorar las propuestas trasladadas desde las mesas espec\u00edficas de fiestas","og_description":"La Mesa General de San Ferm\u00edn estar\u00e1 presidida por el alcalde y contar\u00e1 con la participaci\u00f3n de cerca de 80 asociaciones, colectivos, entidades o personas","og_url":"https:\/\/www.laguiadepamplona.com\/actualidad\/manana-martes-se-reune-la-mesa-general-de-san-fermin-en-civivox-iturrama-para-valorar-las-propuestas-trasladadas-desde-las-mesas-especificas-de-fiestas\/","og_site_name":"La Gu\u00eda de Pamplona","article_publisher":"https:\/\/www.facebook.com\/laguiadepamplonacom-133175176762273\/?ref=hl","article_published_time":"2022-02-21T16:40:15+00:00","article_modified_time":"2023-04-11T09:48:30+00:00","og_image":[{"width":1920,"height":1280,"url":"https:\/\/www.laguiadepamplona.com\/actualidad\/wp-content\/uploads\/2022\/02\/chupinazo_GV_0678_0-copia.jpg","type":"image\/jpeg"}],"author":"La Gu\u00eda de Pamplona","twitter_card":"summary_large_image","twitter_creator":"@LaGuiadPamplona","twitter_site":"@LaGuiadPamplona","twitter_misc":{"Escrito por":"La Gu\u00eda de Pamplona","Tiempo de lectura":"2 minutos"},"schema":{"@context":"https:\/\/schema.org","@graph":[{"@type":"Article","@id":"https:\/\/www.laguiadepamplona.com\/actualidad\/manana-martes-se-reune-la-mesa-general-de-san-fermin-en-civivox-iturrama-para-valorar-las-propuestas-trasladadas-desde-las-mesas-especificas-de-fiestas\/#article","isPartOf":{"@id":"https:\/\/www.laguiadepamplona.com\/actualidad\/manana-martes-se-reune-la-mesa-general-de-san-fermin-en-civivox-iturrama-para-valorar-las-propuestas-trasladadas-desde-las-mesas-especificas-de-fiestas\/"},"author":{"name":"La Gu\u00eda de Pamplona","@id":"https:\/\/www.laguiadepamplona.com\/actualidad\/#\/schema\/person\/efe887376f0213d4657c93adc50b1fdb"},"headline":"Ma\u00f1ana martes se re\u00fane la Mesa General de San Ferm\u00edn en Civivox Iturrama para valorar las propuestas trasladadas desde las mesas espec\u00edficas de fiestas","datePublished":"2022-02-21T16:40:15+00:00","dateModified":"2023-04-11T09:48:30+00:00","mainEntityOfPage":{"@id":"https:\/\/www.laguiadepamplona.com\/actualidad\/manana-martes-se-reune-la-mesa-general-de-san-fermin-en-civivox-iturrama-para-valorar-las-propuestas-trasladadas-desde-las-mesas-especificas-de-fiestas\/"},"wordCount":359,"commentCount":0,"publisher":{"@id":"https:\/\/www.laguiadepamplona.com\/actualidad\/#organization"},"image":{"@id":"https:\/\/www.laguiadepamplona.com\/actualidad\/manana-martes-se-reune-la-mesa-general-de-san-fermin-en-civivox-iturrama-para-valorar-las-propuestas-trasladadas-desde-las-mesas-especificas-de-fiestas\/#primaryimage"},"thumbnailUrl":"https:\/\/www.laguiadepamplona.com\/actualidad\/wp-content\/uploads\/2022\/02\/chupinazo_GV_0678_0-copia.jpg","articleSection":["Ayto Pamplona"],"inLanguage":"es","potentialAction":[{"@type":"CommentAction","name":"Comment","target":["https:\/\/www.laguiadepamplona.com\/actualidad\/manana-martes-se-reune-la-mesa-general-de-san-fermin-en-civivox-iturrama-para-valorar-las-propuestas-trasladadas-desde-las-mesas-especificas-de-fiestas\/#respond"]}]},{"@type":"WebPage","@id":"https:\/\/www.laguiadepamplona.com\/actualidad\/manana-martes-se-reune-la-mesa-general-de-san-fermin-en-civivox-iturrama-para-valorar-las-propuestas-trasladadas-desde-las-mesas-especificas-de-fiestas\/","url":"https:\/\/www.laguiadepamplona.com\/actualidad\/manana-martes-se-reune-la-mesa-general-de-san-fermin-en-civivox-iturrama-para-valorar-las-propuestas-trasladadas-desde-las-mesas-especificas-de-fiestas\/","name":"Ma\u00f1ana martes se re\u00fane la Mesa General de San Ferm\u00edn en Civivox Iturrama para valorar las propuestas trasladadas desde las mesas espec\u00edficas de fiestas","isPartOf":{"@id":"https:\/\/www.laguiadepamplona.com\/actualidad\/#website"},"primaryImageOfPage":{"@id":"https:\/\/www.laguiadepamplona.com\/actualidad\/manana-martes-se-reune-la-mesa-general-de-san-fermin-en-civivox-iturrama-para-valorar-las-propuestas-trasladadas-desde-las-mesas-especificas-de-fiestas\/#primaryimage"},"image":{"@id":"https:\/\/www.laguiadepamplona.com\/actualidad\/manana-martes-se-reune-la-mesa-general-de-san-fermin-en-civivox-iturrama-para-valorar-las-propuestas-trasladadas-desde-las-mesas-especificas-de-fiestas\/#primaryimage"},"thumbnailUrl":"https:\/\/www.laguiadepamplona.com\/actualidad\/wp-content\/uploads\/2022\/02\/chupinazo_GV_0678_0-copia.jpg","datePublished":"2022-02-21T16:40:15+00:00","dateModified":"2023-04-11T09:48:30+00:00","description":"La Mesa General de San Ferm\u00edn estar\u00e1 presidida por el alcalde y contar\u00e1 con la participaci\u00f3n de cerca de 80 asociaciones, colectivos, entidades o personas","breadcrumb":{"@id":"https:\/\/www.laguiadepamplona.com\/actualidad\/manana-martes-se-reune-la-mesa-general-de-san-fermin-en-civivox-iturrama-para-valorar-las-propuestas-trasladadas-desde-las-mesas-especificas-de-fiestas\/#breadcrumb"},"inLanguage":"es","potentialAction":[{"@type":"ReadAction","target":["https:\/\/www.laguiadepamplona.com\/actualidad\/manana-martes-se-reune-la-mesa-general-de-san-fermin-en-civivox-iturrama-para-valorar-las-propuestas-trasladadas-desde-las-mesas-especificas-de-fiestas\/"]}]},{"@type":"ImageObject","inLanguage":"es","@id":"https:\/\/www.laguiadepamplona.com\/actualidad\/manana-martes-se-reune-la-mesa-general-de-san-fermin-en-civivox-iturrama-para-valorar-las-propuestas-trasladadas-desde-las-mesas-especificas-de-fiestas\/#primaryimage","url":"https:\/\/www.laguiadepamplona.com\/actualidad\/wp-content\/uploads\/2022\/02\/chupinazo_GV_0678_0-copia.jpg","contentUrl":"https:\/\/www.laguiadepamplona.com\/actualidad\/wp-content\/uploads\/2022\/02\/chupinazo_GV_0678_0-copia.jpg","width":1920,"height":1280},{"@type":"BreadcrumbList","@id":"https:\/\/www.laguiadepamplona.com\/actualidad\/manana-martes-se-reune-la-mesa-general-de-san-fermin-en-civivox-iturrama-para-valorar-las-propuestas-trasladadas-desde-las-mesas-especificas-de-fiestas\/#breadcrumb","itemListElement":[{"@type":"ListItem","position":1,"name":"Portada","item":"https:\/\/www.laguiadepamplona.com\/actualidad\/"},{"@type":"ListItem","position":2,"name":"Ma\u00f1ana martes se re\u00fane la Mesa General de San Ferm\u00edn en Civivox Iturrama para valorar las propuestas trasladadas desde las mesas espec\u00edficas de fiestas"}]},{"@type":"WebSite","@id":"https:\/\/www.laguiadepamplona.com\/actualidad\/#website","url":"https:\/\/www.laguiadepamplona.com\/actualidad\/","name":"La gu\u00eda de Pamplona","description":"Noticias de Pamplona","publisher":{"@id":"https:\/\/www.laguiadepamplona.com\/actualidad\/#organization"},"potentialAction":[{"@type":"SearchAction","target":{"@type":"EntryPoint","urlTemplate":"https:\/\/www.laguiadepamplona.com\/actualidad\/?s={search_term_string}"},"query-input":{"@type":"PropertyValueSpecification","valueRequired":true,"valueName":"search_term_string"}}],"inLanguage":"es"},{"@type":"Organization","@id":"https:\/\/www.laguiadepamplona.com\/actualidad\/#organization","name":"La Gu\u00eda de Pamplona \/ Noticias","url":"https:\/\/www.laguiadepamplona.com\/actualidad\/","logo":{"@type":"ImageObject","inLanguage":"es","@id":"https:\/\/www.laguiadepamplona.com\/actualidad\/#\/schema\/logo\/image\/","url":"https:\/\/www.laguiadepamplona.com\/actualidad\/wp-content\/uploads\/2018\/11\/logo-laguiadepamplona18-web1.png","contentUrl":"https:\/\/www.laguiadepamplona.com\/actualidad\/wp-content\/uploads\/2018\/11\/logo-laguiadepamplona18-web1.png","width":600,"height":196,"caption":"La Gu\u00eda de Pamplona \/ Noticias"},"image":{"@id":"https:\/\/www.laguiadepamplona.com\/actualidad\/#\/schema\/logo\/image\/"},"sameAs":["https:\/\/www.facebook.com\/laguiadepamplonacom-133175176762273\/?ref=hl","https:\/\/x.com\/LaGuiadPamplona","https:\/\/www.instagram.com\/la_guia_de_pamplona\/","https:\/\/www.youtube.com\/user\/laguiadepamplona"]},{"@type":"Person","@id":"https:\/\/www.laguiadepamplona.com\/actualidad\/#\/schema\/person\/efe887376f0213d4657c93adc50b1fdb","name":"La Gu\u00eda de Pamplona","image":{"@type":"ImageObject","inLanguage":"es","@id":"https:\/\/secure.gravatar.com\/avatar\/b6992f131dc8d30ab0dff15446e9d346d9dbd95992de0fef795073f5ea83a81c?s=96&d=mm&r=g","url":"https:\/\/secure.gravatar.com\/avatar\/b6992f131dc8d30ab0dff15446e9d346d9dbd95992de0fef795073f5ea83a81c?s=96&d=mm&r=g","contentUrl":"https:\/\/secure.gravatar.com\/avatar\/b6992f131dc8d30ab0dff15446e9d346d9dbd95992de0fef795073f5ea83a81c?s=96&d=mm&r=g","caption":"La Gu\u00eda de Pamplona"}}]}},"post_mailing_queue_ids":[],"_links":{"self":[{"href":"https:\/\/www.laguiadepamplona.com\/actualidad\/wp-json\/wp\/v2\/posts\/38912","targetHints":{"allow":["GET"]}}],"collection":[{"href":"https:\/\/www.laguiadepamplona.com\/actualidad\/wp-json\/wp\/v2\/posts"}],"about":[{"href":"https:\/\/www.laguiadepamplona.com\/actualidad\/wp-json\/wp\/v2\/types\/post"}],"author":[{"embeddable":true,"href":"https:\/\/www.laguiadepamplona.com\/actualidad\/wp-json\/wp\/v2\/users\/1"}],"replies":[{"embeddable":true,"href":"https:\/\/www.laguiadepamplona.com\/actualidad\/wp-json\/wp\/v2\/comments?post=38912"}],"version-history":[{"count":0,"href":"https:\/\/www.laguiadepamplona.com\/actualidad\/wp-json\/wp\/v2\/posts\/38912\/revisions"}],"wp:featuredmedia":[{"embeddable":true,"href":"https:\/\/www.laguiadepamplona.com\/actualidad\/wp-json\/wp\/v2\/media\/38913"}],"wp:attachment":[{"href":"https:\/\/www.laguiadepamplona.com\/actualidad\/wp-json\/wp\/v2\/media?parent=38912"}],"wp:term":[{"taxonomy":"category","embeddable":true,"href":"https:\/\/www.laguiadepamplona.com\/actualidad\/wp-json\/wp\/v2\/categories?post=38912"},{"taxonomy":"post_tag","embeddable":true,"href":"https:\/\/www.laguiadepamplona.com\/actualidad\/wp-json\/wp\/v2\/tags?post=38912"}],"curies":[{"name":"wp","href":"https:\/\/api.w.org\/{rel}","templated":true}]}}