{"id":38904,"date":"2022-02-21T14:43:52","date_gmt":"2022-02-21T12:43:52","guid":{"rendered":"https:\/\/www.laguiadepamplona.com\/actualidad\/?p=38904"},"modified":"2023-04-11T11:48:30","modified_gmt":"2023-04-11T09:48:30","slug":"la-casa-de-la-juventud-con-61-784-usuarios-en-2021-remonta-la-pandemia-con-un-29-mas-de-personas-en-sus-actividades-y-servicios","status":"publish","type":"post","link":"https:\/\/www.laguiadepamplona.com\/actualidad\/la-casa-de-la-juventud-con-61-784-usuarios-en-2021-remonta-la-pandemia-con-un-29-mas-de-personas-en-sus-actividades-y-servicios\/","title":{"rendered":"La Casa de la Juventud, con 61.784 usuarios en 2021, remonta la pandemia con un 29% m\u00e1s de personas en sus actividades y servicios"},"content":{"rendered":"<h5>La Junta de Gobierno Local ha aprobado esta ma\u00f1ana la pr\u00f3rroga del contrato de gesti\u00f3n y el acuerdo marco de la programaci\u00f3n de la Casa<\/h5>\n<p><!--more--><\/p>\n<p>La Casa de la Juventud ha atendido durante 2021 a 61.784 j\u00f3venes, una cifra que establece que, cada mes, de media, han pasado por sus instalaciones 5.149 personas de entre 14 y 30 a\u00f1os. Lo han hecho para hacer uso de sus m\u00faltiples servicios, desde la oficina de informaci\u00f3n, hasta los cursos y talleres gratuitos de inform\u00e1tica, pasando por sus asesor\u00edas especializadas, su servicio de cesi\u00f3n de aulas y para participar en las actividades programadas, tanto por el Ayuntamiento de Pamplona, como por los propios j\u00f3venes a trav\u00e9s del programa de apoyo t\u00e9cnico \u2018Monta tu evento\u2019.<br \/>\n<script async src=\"\/\/pagead2.googlesyndication.com\/pagead\/js\/adsbygoogle.js\"><\/script><br \/>\n<!-- Noticias La Guia de Pamplona --><br \/>\n<ins class=\"adsbygoogle\"\nstyle=\"display:block\"\ndata-ad-client=\"ca-pub-6943679897239327\"\ndata-ad-slot=\"7048180777\"\ndata-ad-format=\"auto\"><\/ins><br \/>\n<script>\n(adsbygoogle = window.adsbygoogle || []).push({});\n<\/script><\/p>\n<p>La Casa este \u00faltimo a\u00f1o ha funcionado de forma presencial con todas las medidas de seguridad sanitaria previstas y, pese a que a\u00fan est\u00e1 lejos de recuperar las cifras de asistencia pre-pand\u00e9micas, el n\u00famero de usuarios en 2021 se ha incrementado un 29 % respecto al a\u00f1o anterior a pesar de las dificultades motivadas por el COVID (aforos restringidos, cancelaciones de actos, etc.).<\/p>\n<p>La Junta de Gobierno Local ha aprobado esta ma\u00f1ana la pr\u00f3rroga, hasta el 31 de marzo de 2023, del contrato de gesti\u00f3n de la Casa de la Juventud para sus servicios de informaci\u00f3n y dinamizaci\u00f3n, adem\u00e1s de prorrogar la adjudicaci\u00f3n del acuerdo marco para la contrataci\u00f3n de la programaci\u00f3n anual de ese servicio municipal que se realiz\u00f3 inicialmente en 2018. La empresa gestora, SEDENA S.L. dispondr\u00e1 de 368.534 euros para la gesti\u00f3n hasta final de este a\u00f1o y de otros 122.845 euros para el primer trimestre de 2023.<\/p>\n<p>Con ese importe se seguir\u00e1 manteniendo un espacio seguro para los j\u00f3venes y las entidades que trabajan en esa franja de edad y, por supuesto, continuar\u00e1 la programaci\u00f3n habitual de este servicio municipal. En 2021 la Casa ha acogido 511 actividades de perfiles muy distintos, aunque todos crecen respecto a 2020 en una media de un 41 % m\u00e1s que el a\u00f1o anterior. Entre las propuestas de formaci\u00f3n, por ejemplo, destacan 116 cursos de ocio y tiempo libre con 1.085 participantes y 40 talleres gratuitos de inform\u00e1tica (315 asistentes); si el dato se refiere a propuestas de ocio programadas por la propia Casa, el a\u00f1o pasado ha habido 133 actividades vinculadas al programa \u2018Cafeteando\u2019, que se realiza en la cafeter\u00eda, 98 actividades de diferente signo, 11 exposiciones y 10 s\u00e1bados de ocio.<br \/>\n<script async src=\"\/\/pagead2.googlesyndication.com\/pagead\/js\/adsbygoogle.js\"><\/script><br \/>\n<!-- Noticias La Guia de Pamplona --><br \/>\n<ins class=\"adsbygoogle\"\nstyle=\"display:block\"\ndata-ad-client=\"ca-pub-6943679897239327\"\ndata-ad-slot=\"7048180777\"\ndata-ad-format=\"auto\"><\/ins><br \/>\n<script>\n(adsbygoogle = window.adsbygoogle || []).push({});\n<\/script><\/p>\n<p>Adem\u00e1s, el personal t\u00e9cnico de este servicio municipal puso sus conocimientos al servicio de los j\u00f3venes y sus asociaciones para montar sus propios eventos en 48 ocasiones y hasta 39.721 personas utilizaron el servicio de cesi\u00f3n de salas, desde las 28.265 que las emplean de forma estable durante todo el a\u00f1o, a las cesiones puntuales (6.750 usuarios) o el uso de aulas de estudio (4.706). El \u00fanico espacio en el que se produjo un descenso de uso fue la zona que aglutina la Ciberaula y el laboratorio de rob\u00f3tica educativa e impresi\u00f3n 3D, Iru\u00f1a Gaztemaker Space.<\/p>\n<p>En relaci\u00f3n a los Servicios de Informaci\u00f3n, adem\u00e1s de las 7.472 personas usuarias de la Oficina de Informaci\u00f3n Juvenil, y las 378 del Servicio de Voluntariado, 1.680 personas j\u00f3venes utilizaron los servicios de las asesor\u00edas especializadas: jur\u00eddica, de asociacionismo, de emprendimiento, de estudios y psicol\u00f3gica. En concreto este \u00faltimo, desde 2020 a 2021, increment\u00f3 sus usuarios en un 122\u00a0% pasando de 85 a 189. En total, m\u00e1s de 9.700 j\u00f3venes se acercaron a alguna de los servicios de informaci\u00f3n de la Casa.<\/p>\n","protected":false},"excerpt":{"rendered":"<p>La Junta de Gobierno Local ha aprobado esta ma\u00f1ana la pr\u00f3rroga del contrato de gesti\u00f3n y el acuerdo marco de la programaci\u00f3n de la Casa<\/p>\n","protected":false},"author":1,"featured_media":38905,"comment_status":"open","ping_status":"closed","sticky":false,"template":"","format":"standard","meta":{"footnotes":""},"categories":[2],"tags":[],"class_list":["post-38904","post","type-post","status-publish","format-standard","has-post-thumbnail","hentry","category-ayuntamiento-pamplona"],"yoast_head":"<!-- This site is optimized with the Yoast SEO plugin v27.3 - https:\/\/yoast.com\/product\/yoast-seo-wordpress\/ -->\n<title>La Casa de la Juventud, con 61.784 usuarios en 2021, remonta la pandemia con un 29% m\u00e1s de personas en sus actividades y servicios<\/title>\n<meta name=\"description\" content=\"La Junta de Gobierno Local ha aprobado esta ma\u00f1ana la pr\u00f3rroga del contrato de gesti\u00f3n y el acuerdo marco de la programaci\u00f3n de la Casa\" \/>\n<meta name=\"robots\" content=\"index, follow, max-snippet:-1, max-image-preview:large, max-video-preview:-1\" \/>\n<link rel=\"canonical\" href=\"https:\/\/www.laguiadepamplona.com\/actualidad\/la-casa-de-la-juventud-con-61-784-usuarios-en-2021-remonta-la-pandemia-con-un-29-mas-de-personas-en-sus-actividades-y-servicios\/\" \/>\n<meta property=\"og:locale\" content=\"es_ES\" \/>\n<meta property=\"og:type\" content=\"article\" \/>\n<meta property=\"og:title\" content=\"La Casa de la Juventud, con 61.784 usuarios en 2021, remonta la pandemia con un 29% m\u00e1s de personas en sus actividades y servicios\" \/>\n<meta property=\"og:description\" content=\"La Junta de Gobierno Local ha aprobado esta ma\u00f1ana la pr\u00f3rroga del contrato de gesti\u00f3n y el acuerdo marco de la programaci\u00f3n de la Casa\" \/>\n<meta property=\"og:url\" content=\"https:\/\/www.laguiadepamplona.com\/actualidad\/la-casa-de-la-juventud-con-61-784-usuarios-en-2021-remonta-la-pandemia-con-un-29-mas-de-personas-en-sus-actividades-y-servicios\/\" \/>\n<meta property=\"og:site_name\" content=\"La Gu\u00eda de Pamplona\" \/>\n<meta property=\"article:publisher\" content=\"https:\/\/www.facebook.com\/laguiadepamplonacom-133175176762273\/?ref=hl\" \/>\n<meta property=\"article:published_time\" content=\"2022-02-21T12:43:52+00:00\" \/>\n<meta property=\"article:modified_time\" content=\"2023-04-11T09:48:30+00:00\" \/>\n<meta property=\"og:image\" content=\"https:\/\/www.laguiadepamplona.com\/actualidad\/wp-content\/uploads\/2022\/02\/actividades-gimnasia.jpg\" \/>\n\t<meta property=\"og:image:width\" content=\"956\" \/>\n\t<meta property=\"og:image:height\" content=\"596\" \/>\n\t<meta property=\"og:image:type\" content=\"image\/jpeg\" \/>\n<meta name=\"author\" content=\"La Gu\u00eda de Pamplona\" \/>\n<meta name=\"twitter:card\" content=\"summary_large_image\" \/>\n<meta name=\"twitter:creator\" content=\"@LaGuiadPamplona\" \/>\n<meta name=\"twitter:site\" content=\"@LaGuiadPamplona\" \/>\n<meta name=\"twitter:label1\" content=\"Escrito por\" \/>\n\t<meta name=\"twitter:data1\" content=\"La Gu\u00eda de Pamplona\" \/>\n\t<meta name=\"twitter:label2\" content=\"Tiempo de lectura\" \/>\n\t<meta name=\"twitter:data2\" content=\"3 minutos\" \/>\n<script type=\"application\/ld+json\" class=\"yoast-schema-graph\">{\"@context\":\"https:\\\/\\\/schema.org\",\"@graph\":[{\"@type\":\"Article\",\"@id\":\"https:\\\/\\\/www.laguiadepamplona.com\\\/actualidad\\\/la-casa-de-la-juventud-con-61-784-usuarios-en-2021-remonta-la-pandemia-con-un-29-mas-de-personas-en-sus-actividades-y-servicios\\\/#article\",\"isPartOf\":{\"@id\":\"https:\\\/\\\/www.laguiadepamplona.com\\\/actualidad\\\/la-casa-de-la-juventud-con-61-784-usuarios-en-2021-remonta-la-pandemia-con-un-29-mas-de-personas-en-sus-actividades-y-servicios\\\/\"},\"author\":{\"name\":\"La Gu\u00eda de Pamplona\",\"@id\":\"https:\\\/\\\/www.laguiadepamplona.com\\\/actualidad\\\/#\\\/schema\\\/person\\\/efe887376f0213d4657c93adc50b1fdb\"},\"headline\":\"La Casa de la Juventud, con 61.784 usuarios en 2021, remonta la pandemia con un 29% m\u00e1s de personas en sus actividades y servicios\",\"datePublished\":\"2022-02-21T12:43:52+00:00\",\"dateModified\":\"2023-04-11T09:48:30+00:00\",\"mainEntityOfPage\":{\"@id\":\"https:\\\/\\\/www.laguiadepamplona.com\\\/actualidad\\\/la-casa-de-la-juventud-con-61-784-usuarios-en-2021-remonta-la-pandemia-con-un-29-mas-de-personas-en-sus-actividades-y-servicios\\\/\"},\"wordCount\":622,\"commentCount\":0,\"publisher\":{\"@id\":\"https:\\\/\\\/www.laguiadepamplona.com\\\/actualidad\\\/#organization\"},\"image\":{\"@id\":\"https:\\\/\\\/www.laguiadepamplona.com\\\/actualidad\\\/la-casa-de-la-juventud-con-61-784-usuarios-en-2021-remonta-la-pandemia-con-un-29-mas-de-personas-en-sus-actividades-y-servicios\\\/#primaryimage\"},\"thumbnailUrl\":\"https:\\\/\\\/www.laguiadepamplona.com\\\/actualidad\\\/wp-content\\\/uploads\\\/2022\\\/02\\\/actividades-gimnasia.jpg\",\"articleSection\":[\"Ayto Pamplona\"],\"inLanguage\":\"es\",\"potentialAction\":[{\"@type\":\"CommentAction\",\"name\":\"Comment\",\"target\":[\"https:\\\/\\\/www.laguiadepamplona.com\\\/actualidad\\\/la-casa-de-la-juventud-con-61-784-usuarios-en-2021-remonta-la-pandemia-con-un-29-mas-de-personas-en-sus-actividades-y-servicios\\\/#respond\"]}]},{\"@type\":\"WebPage\",\"@id\":\"https:\\\/\\\/www.laguiadepamplona.com\\\/actualidad\\\/la-casa-de-la-juventud-con-61-784-usuarios-en-2021-remonta-la-pandemia-con-un-29-mas-de-personas-en-sus-actividades-y-servicios\\\/\",\"url\":\"https:\\\/\\\/www.laguiadepamplona.com\\\/actualidad\\\/la-casa-de-la-juventud-con-61-784-usuarios-en-2021-remonta-la-pandemia-con-un-29-mas-de-personas-en-sus-actividades-y-servicios\\\/\",\"name\":\"La Casa de la Juventud, con 61.784 usuarios en 2021, remonta la pandemia con un 29% m\u00e1s de personas en sus actividades y servicios\",\"isPartOf\":{\"@id\":\"https:\\\/\\\/www.laguiadepamplona.com\\\/actualidad\\\/#website\"},\"primaryImageOfPage\":{\"@id\":\"https:\\\/\\\/www.laguiadepamplona.com\\\/actualidad\\\/la-casa-de-la-juventud-con-61-784-usuarios-en-2021-remonta-la-pandemia-con-un-29-mas-de-personas-en-sus-actividades-y-servicios\\\/#primaryimage\"},\"image\":{\"@id\":\"https:\\\/\\\/www.laguiadepamplona.com\\\/actualidad\\\/la-casa-de-la-juventud-con-61-784-usuarios-en-2021-remonta-la-pandemia-con-un-29-mas-de-personas-en-sus-actividades-y-servicios\\\/#primaryimage\"},\"thumbnailUrl\":\"https:\\\/\\\/www.laguiadepamplona.com\\\/actualidad\\\/wp-content\\\/uploads\\\/2022\\\/02\\\/actividades-gimnasia.jpg\",\"datePublished\":\"2022-02-21T12:43:52+00:00\",\"dateModified\":\"2023-04-11T09:48:30+00:00\",\"description\":\"La Junta de Gobierno Local ha aprobado esta ma\u00f1ana la pr\u00f3rroga del contrato de gesti\u00f3n y el acuerdo marco de la programaci\u00f3n de la Casa\",\"breadcrumb\":{\"@id\":\"https:\\\/\\\/www.laguiadepamplona.com\\\/actualidad\\\/la-casa-de-la-juventud-con-61-784-usuarios-en-2021-remonta-la-pandemia-con-un-29-mas-de-personas-en-sus-actividades-y-servicios\\\/#breadcrumb\"},\"inLanguage\":\"es\",\"potentialAction\":[{\"@type\":\"ReadAction\",\"target\":[\"https:\\\/\\\/www.laguiadepamplona.com\\\/actualidad\\\/la-casa-de-la-juventud-con-61-784-usuarios-en-2021-remonta-la-pandemia-con-un-29-mas-de-personas-en-sus-actividades-y-servicios\\\/\"]}]},{\"@type\":\"ImageObject\",\"inLanguage\":\"es\",\"@id\":\"https:\\\/\\\/www.laguiadepamplona.com\\\/actualidad\\\/la-casa-de-la-juventud-con-61-784-usuarios-en-2021-remonta-la-pandemia-con-un-29-mas-de-personas-en-sus-actividades-y-servicios\\\/#primaryimage\",\"url\":\"https:\\\/\\\/www.laguiadepamplona.com\\\/actualidad\\\/wp-content\\\/uploads\\\/2022\\\/02\\\/actividades-gimnasia.jpg\",\"contentUrl\":\"https:\\\/\\\/www.laguiadepamplona.com\\\/actualidad\\\/wp-content\\\/uploads\\\/2022\\\/02\\\/actividades-gimnasia.jpg\",\"width\":956,\"height\":596},{\"@type\":\"BreadcrumbList\",\"@id\":\"https:\\\/\\\/www.laguiadepamplona.com\\\/actualidad\\\/la-casa-de-la-juventud-con-61-784-usuarios-en-2021-remonta-la-pandemia-con-un-29-mas-de-personas-en-sus-actividades-y-servicios\\\/#breadcrumb\",\"itemListElement\":[{\"@type\":\"ListItem\",\"position\":1,\"name\":\"Portada\",\"item\":\"https:\\\/\\\/www.laguiadepamplona.com\\\/actualidad\\\/\"},{\"@type\":\"ListItem\",\"position\":2,\"name\":\"La Casa de la Juventud, con 61.784 usuarios en 2021, remonta la pandemia con un 29% m\u00e1s de personas en sus actividades y servicios\"}]},{\"@type\":\"WebSite\",\"@id\":\"https:\\\/\\\/www.laguiadepamplona.com\\\/actualidad\\\/#website\",\"url\":\"https:\\\/\\\/www.laguiadepamplona.com\\\/actualidad\\\/\",\"name\":\"La gu\u00eda de Pamplona\",\"description\":\"Noticias de Pamplona\",\"publisher\":{\"@id\":\"https:\\\/\\\/www.laguiadepamplona.com\\\/actualidad\\\/#organization\"},\"potentialAction\":[{\"@type\":\"SearchAction\",\"target\":{\"@type\":\"EntryPoint\",\"urlTemplate\":\"https:\\\/\\\/www.laguiadepamplona.com\\\/actualidad\\\/?s={search_term_string}\"},\"query-input\":{\"@type\":\"PropertyValueSpecification\",\"valueRequired\":true,\"valueName\":\"search_term_string\"}}],\"inLanguage\":\"es\"},{\"@type\":\"Organization\",\"@id\":\"https:\\\/\\\/www.laguiadepamplona.com\\\/actualidad\\\/#organization\",\"name\":\"La Gu\u00eda de Pamplona \\\/ Noticias\",\"url\":\"https:\\\/\\\/www.laguiadepamplona.com\\\/actualidad\\\/\",\"logo\":{\"@type\":\"ImageObject\",\"inLanguage\":\"es\",\"@id\":\"https:\\\/\\\/www.laguiadepamplona.com\\\/actualidad\\\/#\\\/schema\\\/logo\\\/image\\\/\",\"url\":\"https:\\\/\\\/www.laguiadepamplona.com\\\/actualidad\\\/wp-content\\\/uploads\\\/2018\\\/11\\\/logo-laguiadepamplona18-web1.png\",\"contentUrl\":\"https:\\\/\\\/www.laguiadepamplona.com\\\/actualidad\\\/wp-content\\\/uploads\\\/2018\\\/11\\\/logo-laguiadepamplona18-web1.png\",\"width\":600,\"height\":196,\"caption\":\"La Gu\u00eda de Pamplona \\\/ Noticias\"},\"image\":{\"@id\":\"https:\\\/\\\/www.laguiadepamplona.com\\\/actualidad\\\/#\\\/schema\\\/logo\\\/image\\\/\"},\"sameAs\":[\"https:\\\/\\\/www.facebook.com\\\/laguiadepamplonacom-133175176762273\\\/?ref=hl\",\"https:\\\/\\\/x.com\\\/LaGuiadPamplona\",\"https:\\\/\\\/www.instagram.com\\\/la_guia_de_pamplona\\\/\",\"https:\\\/\\\/www.youtube.com\\\/user\\\/laguiadepamplona\"]},{\"@type\":\"Person\",\"@id\":\"https:\\\/\\\/www.laguiadepamplona.com\\\/actualidad\\\/#\\\/schema\\\/person\\\/efe887376f0213d4657c93adc50b1fdb\",\"name\":\"La Gu\u00eda de Pamplona\",\"image\":{\"@type\":\"ImageObject\",\"inLanguage\":\"es\",\"@id\":\"https:\\\/\\\/secure.gravatar.com\\\/avatar\\\/b6992f131dc8d30ab0dff15446e9d346d9dbd95992de0fef795073f5ea83a81c?s=96&d=mm&r=g\",\"url\":\"https:\\\/\\\/secure.gravatar.com\\\/avatar\\\/b6992f131dc8d30ab0dff15446e9d346d9dbd95992de0fef795073f5ea83a81c?s=96&d=mm&r=g\",\"contentUrl\":\"https:\\\/\\\/secure.gravatar.com\\\/avatar\\\/b6992f131dc8d30ab0dff15446e9d346d9dbd95992de0fef795073f5ea83a81c?s=96&d=mm&r=g\",\"caption\":\"La Gu\u00eda de Pamplona\"}}]}<\/script>\n<!-- \/ Yoast SEO plugin. -->","yoast_head_json":{"title":"La Casa de la Juventud, con 61.784 usuarios en 2021, remonta la pandemia con un 29% m\u00e1s de personas en sus actividades y servicios","description":"La Junta de Gobierno Local ha aprobado esta ma\u00f1ana la pr\u00f3rroga del contrato de gesti\u00f3n y el acuerdo marco de la programaci\u00f3n de la Casa","robots":{"index":"index","follow":"follow","max-snippet":"max-snippet:-1","max-image-preview":"max-image-preview:large","max-video-preview":"max-video-preview:-1"},"canonical":"https:\/\/www.laguiadepamplona.com\/actualidad\/la-casa-de-la-juventud-con-61-784-usuarios-en-2021-remonta-la-pandemia-con-un-29-mas-de-personas-en-sus-actividades-y-servicios\/","og_locale":"es_ES","og_type":"article","og_title":"La Casa de la Juventud, con 61.784 usuarios en 2021, remonta la pandemia con un 29% m\u00e1s de personas en sus actividades y servicios","og_description":"La Junta de Gobierno Local ha aprobado esta ma\u00f1ana la pr\u00f3rroga del contrato de gesti\u00f3n y el acuerdo marco de la programaci\u00f3n de la Casa","og_url":"https:\/\/www.laguiadepamplona.com\/actualidad\/la-casa-de-la-juventud-con-61-784-usuarios-en-2021-remonta-la-pandemia-con-un-29-mas-de-personas-en-sus-actividades-y-servicios\/","og_site_name":"La Gu\u00eda de Pamplona","article_publisher":"https:\/\/www.facebook.com\/laguiadepamplonacom-133175176762273\/?ref=hl","article_published_time":"2022-02-21T12:43:52+00:00","article_modified_time":"2023-04-11T09:48:30+00:00","og_image":[{"width":956,"height":596,"url":"https:\/\/www.laguiadepamplona.com\/actualidad\/wp-content\/uploads\/2022\/02\/actividades-gimnasia.jpg","type":"image\/jpeg"}],"author":"La Gu\u00eda de Pamplona","twitter_card":"summary_large_image","twitter_creator":"@LaGuiadPamplona","twitter_site":"@LaGuiadPamplona","twitter_misc":{"Escrito por":"La Gu\u00eda de Pamplona","Tiempo de lectura":"3 minutos"},"schema":{"@context":"https:\/\/schema.org","@graph":[{"@type":"Article","@id":"https:\/\/www.laguiadepamplona.com\/actualidad\/la-casa-de-la-juventud-con-61-784-usuarios-en-2021-remonta-la-pandemia-con-un-29-mas-de-personas-en-sus-actividades-y-servicios\/#article","isPartOf":{"@id":"https:\/\/www.laguiadepamplona.com\/actualidad\/la-casa-de-la-juventud-con-61-784-usuarios-en-2021-remonta-la-pandemia-con-un-29-mas-de-personas-en-sus-actividades-y-servicios\/"},"author":{"name":"La Gu\u00eda de Pamplona","@id":"https:\/\/www.laguiadepamplona.com\/actualidad\/#\/schema\/person\/efe887376f0213d4657c93adc50b1fdb"},"headline":"La Casa de la Juventud, con 61.784 usuarios en 2021, remonta la pandemia con un 29% m\u00e1s de personas en sus actividades y servicios","datePublished":"2022-02-21T12:43:52+00:00","dateModified":"2023-04-11T09:48:30+00:00","mainEntityOfPage":{"@id":"https:\/\/www.laguiadepamplona.com\/actualidad\/la-casa-de-la-juventud-con-61-784-usuarios-en-2021-remonta-la-pandemia-con-un-29-mas-de-personas-en-sus-actividades-y-servicios\/"},"wordCount":622,"commentCount":0,"publisher":{"@id":"https:\/\/www.laguiadepamplona.com\/actualidad\/#organization"},"image":{"@id":"https:\/\/www.laguiadepamplona.com\/actualidad\/la-casa-de-la-juventud-con-61-784-usuarios-en-2021-remonta-la-pandemia-con-un-29-mas-de-personas-en-sus-actividades-y-servicios\/#primaryimage"},"thumbnailUrl":"https:\/\/www.laguiadepamplona.com\/actualidad\/wp-content\/uploads\/2022\/02\/actividades-gimnasia.jpg","articleSection":["Ayto Pamplona"],"inLanguage":"es","potentialAction":[{"@type":"CommentAction","name":"Comment","target":["https:\/\/www.laguiadepamplona.com\/actualidad\/la-casa-de-la-juventud-con-61-784-usuarios-en-2021-remonta-la-pandemia-con-un-29-mas-de-personas-en-sus-actividades-y-servicios\/#respond"]}]},{"@type":"WebPage","@id":"https:\/\/www.laguiadepamplona.com\/actualidad\/la-casa-de-la-juventud-con-61-784-usuarios-en-2021-remonta-la-pandemia-con-un-29-mas-de-personas-en-sus-actividades-y-servicios\/","url":"https:\/\/www.laguiadepamplona.com\/actualidad\/la-casa-de-la-juventud-con-61-784-usuarios-en-2021-remonta-la-pandemia-con-un-29-mas-de-personas-en-sus-actividades-y-servicios\/","name":"La Casa de la Juventud, con 61.784 usuarios en 2021, remonta la pandemia con un 29% m\u00e1s de personas en sus actividades y servicios","isPartOf":{"@id":"https:\/\/www.laguiadepamplona.com\/actualidad\/#website"},"primaryImageOfPage":{"@id":"https:\/\/www.laguiadepamplona.com\/actualidad\/la-casa-de-la-juventud-con-61-784-usuarios-en-2021-remonta-la-pandemia-con-un-29-mas-de-personas-en-sus-actividades-y-servicios\/#primaryimage"},"image":{"@id":"https:\/\/www.laguiadepamplona.com\/actualidad\/la-casa-de-la-juventud-con-61-784-usuarios-en-2021-remonta-la-pandemia-con-un-29-mas-de-personas-en-sus-actividades-y-servicios\/#primaryimage"},"thumbnailUrl":"https:\/\/www.laguiadepamplona.com\/actualidad\/wp-content\/uploads\/2022\/02\/actividades-gimnasia.jpg","datePublished":"2022-02-21T12:43:52+00:00","dateModified":"2023-04-11T09:48:30+00:00","description":"La Junta de Gobierno Local ha aprobado esta ma\u00f1ana la pr\u00f3rroga del contrato de gesti\u00f3n y el acuerdo marco de la programaci\u00f3n de la Casa","breadcrumb":{"@id":"https:\/\/www.laguiadepamplona.com\/actualidad\/la-casa-de-la-juventud-con-61-784-usuarios-en-2021-remonta-la-pandemia-con-un-29-mas-de-personas-en-sus-actividades-y-servicios\/#breadcrumb"},"inLanguage":"es","potentialAction":[{"@type":"ReadAction","target":["https:\/\/www.laguiadepamplona.com\/actualidad\/la-casa-de-la-juventud-con-61-784-usuarios-en-2021-remonta-la-pandemia-con-un-29-mas-de-personas-en-sus-actividades-y-servicios\/"]}]},{"@type":"ImageObject","inLanguage":"es","@id":"https:\/\/www.laguiadepamplona.com\/actualidad\/la-casa-de-la-juventud-con-61-784-usuarios-en-2021-remonta-la-pandemia-con-un-29-mas-de-personas-en-sus-actividades-y-servicios\/#primaryimage","url":"https:\/\/www.laguiadepamplona.com\/actualidad\/wp-content\/uploads\/2022\/02\/actividades-gimnasia.jpg","contentUrl":"https:\/\/www.laguiadepamplona.com\/actualidad\/wp-content\/uploads\/2022\/02\/actividades-gimnasia.jpg","width":956,"height":596},{"@type":"BreadcrumbList","@id":"https:\/\/www.laguiadepamplona.com\/actualidad\/la-casa-de-la-juventud-con-61-784-usuarios-en-2021-remonta-la-pandemia-con-un-29-mas-de-personas-en-sus-actividades-y-servicios\/#breadcrumb","itemListElement":[{"@type":"ListItem","position":1,"name":"Portada","item":"https:\/\/www.laguiadepamplona.com\/actualidad\/"},{"@type":"ListItem","position":2,"name":"La Casa de la Juventud, con 61.784 usuarios en 2021, remonta la pandemia con un 29% m\u00e1s de personas en sus actividades y servicios"}]},{"@type":"WebSite","@id":"https:\/\/www.laguiadepamplona.com\/actualidad\/#website","url":"https:\/\/www.laguiadepamplona.com\/actualidad\/","name":"La gu\u00eda de Pamplona","description":"Noticias de Pamplona","publisher":{"@id":"https:\/\/www.laguiadepamplona.com\/actualidad\/#organization"},"potentialAction":[{"@type":"SearchAction","target":{"@type":"EntryPoint","urlTemplate":"https:\/\/www.laguiadepamplona.com\/actualidad\/?s={search_term_string}"},"query-input":{"@type":"PropertyValueSpecification","valueRequired":true,"valueName":"search_term_string"}}],"inLanguage":"es"},{"@type":"Organization","@id":"https:\/\/www.laguiadepamplona.com\/actualidad\/#organization","name":"La Gu\u00eda de Pamplona \/ Noticias","url":"https:\/\/www.laguiadepamplona.com\/actualidad\/","logo":{"@type":"ImageObject","inLanguage":"es","@id":"https:\/\/www.laguiadepamplona.com\/actualidad\/#\/schema\/logo\/image\/","url":"https:\/\/www.laguiadepamplona.com\/actualidad\/wp-content\/uploads\/2018\/11\/logo-laguiadepamplona18-web1.png","contentUrl":"https:\/\/www.laguiadepamplona.com\/actualidad\/wp-content\/uploads\/2018\/11\/logo-laguiadepamplona18-web1.png","width":600,"height":196,"caption":"La Gu\u00eda de Pamplona \/ Noticias"},"image":{"@id":"https:\/\/www.laguiadepamplona.com\/actualidad\/#\/schema\/logo\/image\/"},"sameAs":["https:\/\/www.facebook.com\/laguiadepamplonacom-133175176762273\/?ref=hl","https:\/\/x.com\/LaGuiadPamplona","https:\/\/www.instagram.com\/la_guia_de_pamplona\/","https:\/\/www.youtube.com\/user\/laguiadepamplona"]},{"@type":"Person","@id":"https:\/\/www.laguiadepamplona.com\/actualidad\/#\/schema\/person\/efe887376f0213d4657c93adc50b1fdb","name":"La Gu\u00eda de Pamplona","image":{"@type":"ImageObject","inLanguage":"es","@id":"https:\/\/secure.gravatar.com\/avatar\/b6992f131dc8d30ab0dff15446e9d346d9dbd95992de0fef795073f5ea83a81c?s=96&d=mm&r=g","url":"https:\/\/secure.gravatar.com\/avatar\/b6992f131dc8d30ab0dff15446e9d346d9dbd95992de0fef795073f5ea83a81c?s=96&d=mm&r=g","contentUrl":"https:\/\/secure.gravatar.com\/avatar\/b6992f131dc8d30ab0dff15446e9d346d9dbd95992de0fef795073f5ea83a81c?s=96&d=mm&r=g","caption":"La Gu\u00eda de Pamplona"}}]}},"post_mailing_queue_ids":[],"_links":{"self":[{"href":"https:\/\/www.laguiadepamplona.com\/actualidad\/wp-json\/wp\/v2\/posts\/38904","targetHints":{"allow":["GET"]}}],"collection":[{"href":"https:\/\/www.laguiadepamplona.com\/actualidad\/wp-json\/wp\/v2\/posts"}],"about":[{"href":"https:\/\/www.laguiadepamplona.com\/actualidad\/wp-json\/wp\/v2\/types\/post"}],"author":[{"embeddable":true,"href":"https:\/\/www.laguiadepamplona.com\/actualidad\/wp-json\/wp\/v2\/users\/1"}],"replies":[{"embeddable":true,"href":"https:\/\/www.laguiadepamplona.com\/actualidad\/wp-json\/wp\/v2\/comments?post=38904"}],"version-history":[{"count":0,"href":"https:\/\/www.laguiadepamplona.com\/actualidad\/wp-json\/wp\/v2\/posts\/38904\/revisions"}],"wp:featuredmedia":[{"embeddable":true,"href":"https:\/\/www.laguiadepamplona.com\/actualidad\/wp-json\/wp\/v2\/media\/38905"}],"wp:attachment":[{"href":"https:\/\/www.laguiadepamplona.com\/actualidad\/wp-json\/wp\/v2\/media?parent=38904"}],"wp:term":[{"taxonomy":"category","embeddable":true,"href":"https:\/\/www.laguiadepamplona.com\/actualidad\/wp-json\/wp\/v2\/categories?post=38904"},{"taxonomy":"post_tag","embeddable":true,"href":"https:\/\/www.laguiadepamplona.com\/actualidad\/wp-json\/wp\/v2\/tags?post=38904"}],"curies":[{"name":"wp","href":"https:\/\/api.w.org\/{rel}","templated":true}]}}