{"id":38889,"date":"2022-02-18T13:34:38","date_gmt":"2022-02-18T11:34:38","guid":{"rendered":"https:\/\/www.laguiadepamplona.com\/actualidad\/?p=38889"},"modified":"2023-04-11T11:48:31","modified_gmt":"2023-04-11T09:48:31","slug":"la-campana-de-preinscripcion-para-el-curso-2022-2023-en-las-12-escuelas-infantiles-del-ayuntamiento-de-pamplona-se-extendera-del-1-al-15-de-marzo","status":"publish","type":"post","link":"https:\/\/www.laguiadepamplona.com\/actualidad\/la-campana-de-preinscripcion-para-el-curso-2022-2023-en-las-12-escuelas-infantiles-del-ayuntamiento-de-pamplona-se-extendera-del-1-al-15-de-marzo\/","title":{"rendered":"La campa\u00f1a de preinscripci\u00f3n para el curso 2022-2023 en las 12 escuelas infantiles del Ayuntamiento de Pamplona se extender\u00e1 del 1 al 15 de marzo"},"content":{"rendered":"<h5>Quienes no deseen hacer este tr\u00e1mite <em>on line<\/em>, podr\u00e1n pedir cita previa a partir del lunes, tanto v\u00eda web, como en los tel\u00e9fonos 010\/ 948 420100<\/h5>\n<p><!--more--><\/p>\n<p>El pr\u00f3ximo 1 de marzo comienza el plazo de preinscripci\u00f3n para las 1.069 plazas disponibles para el curso 2022-2023 en las 12 las escuelas infantiles del Ayuntamiento de Pamplona. Este a\u00f1o, con la reapertura de la escuela Infantil de Medebaldea y la puesta en marcha de la nueva de Lezkairu, se ampl\u00eda en n\u00famero de plazas en un 22,5% y aumenta tambi\u00e9n la cantidad de barrios presentes en la oferta, adem\u00e1s de consolidar la gratuidad para las familias de todo el ciclo 0-3 a\u00f1os.<\/p>\n<p>El concejal delegado de Educaci\u00f3n, Participaci\u00f3n Ciudadana y Juventud y presidente del organismo aut\u00f3nomo Escuelas Infantiles Municipales de Pamplona, Fernando Sesma, y el director-gerente de ese mismo organismo, Juan Ram\u00f3n R\u00e1bade, han explicado esta ma\u00f1ana tanto la oferta de plazas, como el funcionamiento del proceso de matriculaci\u00f3n para el curso 2022-2023. El esfuerzo municipal para mantener la gratuidad para las familias del ciclo 0-3 este a\u00f1o asciende a 783.985,38 euros.<br \/>\n<script async src=\"\/\/pagead2.googlesyndication.com\/pagead\/js\/adsbygoogle.js\"><\/script><br \/>\n<!-- Noticias La Guia de Pamplona --><br \/>\n<ins class=\"adsbygoogle\"\nstyle=\"display:block\"\ndata-ad-client=\"ca-pub-6943679897239327\"\ndata-ad-slot=\"7048180777\"\ndata-ad-format=\"auto\"><\/ins><br \/>\n<script>\n(adsbygoogle = window.adsbygoogle || []).push({});\n<\/script><\/p>\n<p>A partir del lunes 21 se podr\u00e1 solicitar cita previa para realizar presencialmente la preinscripci\u00f3n para las plazas disponibles; para quienes deseen hacerla <em>on line,<\/em> la preinscripci\u00f3n se puede hacer de <a href=\"https:\/\/www.pamplona.es\/escuelasinfantiles\" target=\"_blank\" rel=\"noopener\">forma telem\u00e1tica<\/a> con cl@vePIN o DNI electr\u00f3nico. El periodo de preinscripci\u00f3n se extender\u00e1 entre el 1 y el 15 de marzo y las familias podr\u00e1n solicitar inicialmente hasta dos opciones, aunque la segunda solo se considerar\u00e1 si quedan plazas disponibles tras adjudicar las solicitadas como primera opci\u00f3n. Concluido el periodo de preinscripci\u00f3n y el proceso de valoraci\u00f3n, las listas provisionales y de espera se har\u00e1n p\u00fablicas el 9 de mayo.<\/p>\n<p>La red de Escuelas Infantiles Municipales dispone para el pr\u00f3ximo curso de 952 plazas en jornada completa y 117 en media jornada. La red oferta l\u00edneas de castellano, euskera, castellano con actividades en ingl\u00e9s y euskera con actividades en ingl\u00e9s, un dise\u00f1o alineado con los datos del estudio sociol\u00f3gico realizado en 2019 con respecto al impulso del ingl\u00e9s en los centros y al porcentaje de plazas en lengua vehicular euskera. Las Escuelas Infantiles Municipales iniciaron su andadura en 1979 y desde entonces desarrollan un proyecto pedag\u00f3gico propio en continuo proceso de mejora. En el curso 2022-2023 la red contar\u00e1 con 12 escuelas gracias a la puesta en funcionamiento de la nueva EI de Lezkairu y la reapertura de la de Mendebaldea, que actualmente est\u00e1 cerrada por obras de adecuaci\u00f3n.<br \/>\n<script async src=\"\/\/pagead2.googlesyndication.com\/pagead\/js\/adsbygoogle.js\"><\/script><br \/>\n<!-- Noticias La Guia de Pamplona --><br \/>\n<ins class=\"adsbygoogle\"\nstyle=\"display:block\"\ndata-ad-client=\"ca-pub-6943679897239327\"\ndata-ad-slot=\"7048180777\"\ndata-ad-format=\"auto\"><\/ins><br \/>\n<script>\n(adsbygoogle = window.adsbygoogle || []).push({});\n<\/script><\/p>\n<p><strong>Escolarizaci\u00f3n gratuita en la red municipal<\/strong><\/p>\n<p>De nuevo este curso las familias no deber\u00e1n pagar por llevar por la escolarizaci\u00f3n de sus hijos e hijas en una escuela infantil municipal aunque en las plazas de jornada completa (que necesariamente incluyen servicio de comedor), s\u00ed deber\u00e1n abonar este \u00faltimo. La tarifa del servicio de comedor se establecer\u00e1 para cada familia en funci\u00f3n de los ingresos obtenidos por la unidad familiar en la renta de 2020 y el tipo de familia solicitante (monoparental o no monoparental). Dependiendo de ambos factores la tarifa mensual oscilar\u00e1 entre un m\u00ednimo de 25 euros y un m\u00e1ximo de 95 euros. Las plazas de media jornada, al no incluir comedor, no requerir\u00e1n ning\u00fan desembolso.<\/p>\n<p>Se considera jornada completa la que abarca de 7.30 a 16.30 horas y media jornada la que cubre un m\u00e1ximo de 4 horas de permanencia del menor en el centro y no ofrece servicio de comedor, por lo que se desarrolla dentro de la franja de 8 y las 13 horas. Las escuelas infantiles municipales que ofertan la posibilidad de media jornada son Hello Azpilaga\u00f1a, Goiz Eder y Jos\u00e9 Mar\u00eda Huarte. Las plazas de media jornada suponen alrededor de un 11% de las que se ofertan para este pr\u00f3ximo curso.<\/p>\n<p>Respecto de los modelos, no hay cambios respecto de los que se est\u00e1n impartiendo este curso. En las dos escuelas que abren sus puertas este curso, Mendebaldea ofrece modelo de castellano para todos los grupos de edad en jornada completa, tal como era la oferta antes de su cierre por reforma, y en Lezkairu se ofrecen, tambi\u00e9n para todas las edades y en jornada completa, castellano con actividades de ingl\u00e9s y euskera con actividades de ingl\u00e9s.<br \/>\n<script async src=\"\/\/pagead2.googlesyndication.com\/pagead\/js\/adsbygoogle.js\"><\/script><br \/>\n<!-- Noticias La Guia de Pamplona --><br \/>\n<ins class=\"adsbygoogle\"\nstyle=\"display:block\"\ndata-ad-client=\"ca-pub-6943679897239327\"\ndata-ad-slot=\"7048180777\"\ndata-ad-format=\"auto\"><\/ins><br \/>\n<script>\n(adsbygoogle = window.adsbygoogle || []).push({});\n<\/script><\/p>\n<p><strong>Preinscripciones y matr\u00edculas<\/strong><\/p>\n<p>El proceso de acceso a las doce escuelas de la red municipal y a las cinco que gestiona el Gobierno de Navarra comienza este pr\u00f3ximo lunes, y es com\u00fan a todas ellas. El periodo de preinscripci\u00f3n abarca del 1 al 15 de marzo. Este tr\u00e1mite se puede hacer de forma telem\u00e1tica en <a href=\"https:\/\/www.pamplona.es\/escuelasinfantiles\" target=\"_blank\" rel=\"noopener\">https:\/\/www.pamplona.es\/escuelasinfantiles<\/a> (con cl@vePIN o DNI electr\u00f3nico) o bien de manera presencial. En este \u00faltimo caso es necesario solicitar cita previa en el Tel\u00e9fono de Atenci\u00f3n Ciudadana 010 o 948 420 100, a trav\u00e9s de la web de Escuelas Infantiles Municipales o en <a href=\"http:\/\/www.pamplona.es\" target=\"_blank\" rel=\"noopener\">www.pamplona.es<\/a> (Sede Electr\u00f3nica). Una vez gestionada la cita, las personas interesadas deber\u00e1n acudir a la antigua estaci\u00f3n de autobuses (entrada por calle Tudela), para entregar la documentaci\u00f3n.<\/p>\n<p>El acceso a la red se establece dependiendo de un baremo de puntuaci\u00f3n que se acredita documentalmente y que atribuye un n\u00famero de puntos prefijado seg\u00fan la composici\u00f3n y empadronamiento de la unidad familiar, la situaci\u00f3n laboral o acad\u00e9mica de los progenitores o tutores legales, la renta familiar disponible y otras situaciones de necesidades personales, familiares o sociales graves, debidamente justificadas. En los folletos buzoneados a las familias con ni\u00f1os y ni\u00f1as en edad de acceder a este servicio, y en la informaci\u00f3n recogida en las webs <a href=\"http:\/\/www.pamplona.es\/escuelasinfantiles\" target=\"_blank\" rel=\"noopener\">www.pamplona.es\/escuelasinfantiles<\/a> y en <a href=\"http:\/\/www.navarra.es\" target=\"_blank\" rel=\"noopener\">www.navarra.es<\/a>, se detalla la documentaci\u00f3n que acredita formalmente cada una de esta circunstancias y se especifica de forma detallada la puntuaci\u00f3n que otorga cada una de ellas.<\/p>\n<p>La publicaci\u00f3n de listas de admisi\u00f3n provisional y de espera se realizar\u00e1 el 9 de mayo y tras unos d\u00edas para reclamaciones, las listas definitivas se har\u00e1n p\u00fablicas el 23 de mayo. No se realizar\u00e1 comunicaci\u00f3n individual de la admisi\u00f3n. Luego ya cada familia aceptada en un centro tendr\u00e1 del 23 al 27 de mayo para realizar la matricula en la correspondiente escuela infantil. El inicio oficial del curso ser\u00e1 el 16 de agosto.<br \/>\n<script async src=\"\/\/pagead2.googlesyndication.com\/pagead\/js\/adsbygoogle.js\"><\/script><br \/>\n<!-- Noticias La Guia de Pamplona --><br \/>\n<ins class=\"adsbygoogle\"\nstyle=\"display:block\"\ndata-ad-client=\"ca-pub-6943679897239327\"\ndata-ad-slot=\"7048180777\"\ndata-ad-format=\"auto\"><\/ins><br \/>\n<script>\n(adsbygoogle = window.adsbygoogle || []).push({});\n<\/script><\/p>\n<p>&nbsp;<\/p>\n<h3><strong>Oferta de plazas en las Escuelas Infantiles Municipales de Pamplona. Curso 2022-2023<\/strong><\/h3>\n<p>&nbsp;<\/p>\n<table>\n<tbody>\n<tr>\n<td width=\"177\"><strong>Escuela Infantil <\/strong><\/td>\n<td width=\"104\"><strong>Jornada. completa<\/strong><\/td>\n<td width=\"123\"><strong>Media jornada<\/strong><\/td>\n<td width=\"239\"><strong>Lenguas<\/strong><\/td>\n<\/tr>\n<tr>\n<td width=\"177\">Haurtzaro<\/td>\n<td width=\"104\">82<\/td>\n<td width=\"123\">&#8211;<\/td>\n<td width=\"239\">Castellano<\/td>\n<\/tr>\n<tr>\n<td width=\"177\">Mendebaldea<\/td>\n<td width=\"104\">82<\/td>\n<td width=\"123\">&#8211;<\/td>\n<td width=\"239\">Castellano<\/td>\n<\/tr>\n<tr>\n<td width=\"177\">Mendillorri<\/td>\n<td width=\"104\">102<\/td>\n<td width=\"123\">&#8211;<\/td>\n<td width=\"239\">Castellano<\/td>\n<\/tr>\n<tr>\n<td width=\"177\">Printzearen Harresi \u2013 Fuerte el Pr\u00edncipe<\/td>\n<td width=\"104\">102<\/td>\n<td width=\"123\">&#8211;<\/td>\n<td width=\"239\">Castellano; Castellano + ingl\u00e9s; euskera + ingl\u00e9s<\/td>\n<\/tr>\n<tr>\n<td width=\"177\">Donibane<\/td>\n<td width=\"104\">102<\/td>\n<td width=\"123\">&#8211;<\/td>\n<td width=\"239\">Castellano<\/td>\n<\/tr>\n<tr>\n<td width=\"177\">Izartegi<\/td>\n<td width=\"104\">82<\/td>\n<td width=\"123\">&#8211;<\/td>\n<td width=\"239\">Euskera<\/td>\n<\/tr>\n<tr>\n<td width=\"177\">Goiz Eder<\/td>\n<td width=\"104\">64<\/td>\n<td width=\"123\">32<\/td>\n<td width=\"239\">Euskera; castellano + ingl\u00e9s<\/td>\n<\/tr>\n<tr>\n<td width=\"177\">Hello Azpilaga\u00f1a<\/td>\n<td width=\"104\">82<\/td>\n<td width=\"123\">41<\/td>\n<td width=\"239\">Castellano + ingl\u00e9s<\/td>\n<\/tr>\n<tr>\n<td width=\"177\">Hello Buztintxuri<\/td>\n<td width=\"104\">86<\/td>\n<td width=\"123\">&#8211;<\/td>\n<td width=\"239\">Castellano + ingl\u00e9s; euskera + ingl\u00e9s<\/td>\n<\/tr>\n<tr>\n<td width=\"177\">Hello Egunsenti<\/td>\n<td width=\"104\">58<\/td>\n<td width=\"123\">&#8211;<\/td>\n<td width=\"239\">Castellano + ingl\u00e9s<\/td>\n<\/tr>\n<tr>\n<td width=\"177\">Jos\u00e9 Mar\u00eda Huarte<\/td>\n<td width=\"104\">&#8211;<\/td>\n<td width=\"123\">44<\/td>\n<td width=\"239\">Castellano + ingl\u00e9s<\/td>\n<\/tr>\n<tr>\n<td width=\"177\">Lezkairu<\/td>\n<td width=\"104\">110<\/td>\n<td width=\"123\">&#8211;<\/td>\n<td width=\"239\">Castellano+ ingl\u00e9s; euskera + ingl\u00e9s<\/td>\n<\/tr>\n<tr>\n<td width=\"177\">TOTAL<\/td>\n<td width=\"104\">952<\/td>\n<td width=\"123\">117<\/td>\n<td width=\"239\">&nbsp;<\/td>\n<\/tr>\n<tr>\n<td width=\"177\"><strong>TOTAL<\/strong><\/td>\n<td colspan=\"2\" width=\"227\"><strong>1.069 PLAZAS<\/strong><\/td>\n<td width=\"239\">&nbsp;<\/td>\n<\/tr>\n<\/tbody>\n<\/table>\n","protected":false},"excerpt":{"rendered":"<p>Quienes no deseen hacer este tr\u00e1mite on line, podr\u00e1n pedir cita previa a partir del lunes, tanto v\u00eda web, como en los tel\u00e9fonos 010\/ 948 420100<\/p>\n","protected":false},"author":1,"featured_media":38900,"comment_status":"open","ping_status":"closed","sticky":false,"template":"","format":"standard","meta":{"footnotes":""},"categories":[2],"tags":[],"class_list":["post-38889","post","type-post","status-publish","format-standard","has-post-thumbnail","hentry","category-ayuntamiento-pamplona"],"yoast_head":"<!-- This site is optimized with the Yoast SEO plugin v27.3 - https:\/\/yoast.com\/product\/yoast-seo-wordpress\/ -->\n<title>La campa\u00f1a de preinscripci\u00f3n para el curso 2022-2023 en las 12 escuelas infantiles del Ayuntamiento de Pamplona se extender\u00e1 del 1 al 15 de marzo<\/title>\n<meta name=\"description\" content=\"Quienes no deseen hacer este tr\u00e1mite on line, podr\u00e1n pedir cita previa a partir del lunes, tanto v\u00eda web, como en los tel\u00e9fonos 010\/ 948 420100\" \/>\n<meta name=\"robots\" content=\"index, follow, max-snippet:-1, max-image-preview:large, max-video-preview:-1\" \/>\n<link rel=\"canonical\" href=\"https:\/\/www.laguiadepamplona.com\/actualidad\/la-campana-de-preinscripcion-para-el-curso-2022-2023-en-las-12-escuelas-infantiles-del-ayuntamiento-de-pamplona-se-extendera-del-1-al-15-de-marzo\/\" \/>\n<meta property=\"og:locale\" content=\"es_ES\" \/>\n<meta property=\"og:type\" content=\"article\" \/>\n<meta property=\"og:title\" content=\"La campa\u00f1a de preinscripci\u00f3n para el curso 2022-2023 en las 12 escuelas infantiles del Ayuntamiento de Pamplona se extender\u00e1 del 1 al 15 de marzo\" \/>\n<meta property=\"og:description\" content=\"Quienes no deseen hacer este tr\u00e1mite on line, podr\u00e1n pedir cita previa a partir del lunes, tanto v\u00eda web, como en los tel\u00e9fonos 010\/ 948 420100\" \/>\n<meta property=\"og:url\" content=\"https:\/\/www.laguiadepamplona.com\/actualidad\/la-campana-de-preinscripcion-para-el-curso-2022-2023-en-las-12-escuelas-infantiles-del-ayuntamiento-de-pamplona-se-extendera-del-1-al-15-de-marzo\/\" \/>\n<meta property=\"og:site_name\" content=\"La Gu\u00eda de Pamplona\" \/>\n<meta property=\"article:publisher\" content=\"https:\/\/www.facebook.com\/laguiadepamplonacom-133175176762273\/?ref=hl\" \/>\n<meta property=\"article:published_time\" content=\"2022-02-18T11:34:38+00:00\" \/>\n<meta property=\"article:modified_time\" content=\"2023-04-11T09:48:31+00:00\" \/>\n<meta property=\"og:image\" content=\"https:\/\/www.laguiadepamplona.com\/actualidad\/wp-content\/uploads\/2022\/02\/escuela-infantil-municipal-medillorri-ee5a2220.jpg\" \/>\n\t<meta property=\"og:image:width\" content=\"1920\" \/>\n\t<meta property=\"og:image:height\" content=\"1280\" \/>\n\t<meta property=\"og:image:type\" content=\"image\/jpeg\" \/>\n<meta name=\"author\" content=\"La Gu\u00eda de Pamplona\" \/>\n<meta name=\"twitter:card\" content=\"summary_large_image\" \/>\n<meta name=\"twitter:creator\" content=\"@LaGuiadPamplona\" \/>\n<meta name=\"twitter:site\" content=\"@LaGuiadPamplona\" \/>\n<meta name=\"twitter:label1\" content=\"Escrito por\" \/>\n\t<meta name=\"twitter:data1\" content=\"La Gu\u00eda de Pamplona\" \/>\n\t<meta name=\"twitter:label2\" content=\"Tiempo de lectura\" \/>\n\t<meta name=\"twitter:data2\" content=\"6 minutos\" \/>\n<script type=\"application\/ld+json\" class=\"yoast-schema-graph\">{\"@context\":\"https:\\\/\\\/schema.org\",\"@graph\":[{\"@type\":\"Article\",\"@id\":\"https:\\\/\\\/www.laguiadepamplona.com\\\/actualidad\\\/la-campana-de-preinscripcion-para-el-curso-2022-2023-en-las-12-escuelas-infantiles-del-ayuntamiento-de-pamplona-se-extendera-del-1-al-15-de-marzo\\\/#article\",\"isPartOf\":{\"@id\":\"https:\\\/\\\/www.laguiadepamplona.com\\\/actualidad\\\/la-campana-de-preinscripcion-para-el-curso-2022-2023-en-las-12-escuelas-infantiles-del-ayuntamiento-de-pamplona-se-extendera-del-1-al-15-de-marzo\\\/\"},\"author\":{\"name\":\"La Gu\u00eda de Pamplona\",\"@id\":\"https:\\\/\\\/www.laguiadepamplona.com\\\/actualidad\\\/#\\\/schema\\\/person\\\/efe887376f0213d4657c93adc50b1fdb\"},\"headline\":\"La campa\u00f1a de preinscripci\u00f3n para el curso 2022-2023 en las 12 escuelas infantiles del Ayuntamiento de Pamplona se extender\u00e1 del 1 al 15 de marzo\",\"datePublished\":\"2022-02-18T11:34:38+00:00\",\"dateModified\":\"2023-04-11T09:48:31+00:00\",\"mainEntityOfPage\":{\"@id\":\"https:\\\/\\\/www.laguiadepamplona.com\\\/actualidad\\\/la-campana-de-preinscripcion-para-el-curso-2022-2023-en-las-12-escuelas-infantiles-del-ayuntamiento-de-pamplona-se-extendera-del-1-al-15-de-marzo\\\/\"},\"wordCount\":1195,\"commentCount\":0,\"publisher\":{\"@id\":\"https:\\\/\\\/www.laguiadepamplona.com\\\/actualidad\\\/#organization\"},\"image\":{\"@id\":\"https:\\\/\\\/www.laguiadepamplona.com\\\/actualidad\\\/la-campana-de-preinscripcion-para-el-curso-2022-2023-en-las-12-escuelas-infantiles-del-ayuntamiento-de-pamplona-se-extendera-del-1-al-15-de-marzo\\\/#primaryimage\"},\"thumbnailUrl\":\"https:\\\/\\\/www.laguiadepamplona.com\\\/actualidad\\\/wp-content\\\/uploads\\\/2022\\\/02\\\/escuela-infantil-municipal-medillorri-ee5a2220.jpg\",\"articleSection\":[\"Ayto Pamplona\"],\"inLanguage\":\"es\",\"potentialAction\":[{\"@type\":\"CommentAction\",\"name\":\"Comment\",\"target\":[\"https:\\\/\\\/www.laguiadepamplona.com\\\/actualidad\\\/la-campana-de-preinscripcion-para-el-curso-2022-2023-en-las-12-escuelas-infantiles-del-ayuntamiento-de-pamplona-se-extendera-del-1-al-15-de-marzo\\\/#respond\"]}]},{\"@type\":\"WebPage\",\"@id\":\"https:\\\/\\\/www.laguiadepamplona.com\\\/actualidad\\\/la-campana-de-preinscripcion-para-el-curso-2022-2023-en-las-12-escuelas-infantiles-del-ayuntamiento-de-pamplona-se-extendera-del-1-al-15-de-marzo\\\/\",\"url\":\"https:\\\/\\\/www.laguiadepamplona.com\\\/actualidad\\\/la-campana-de-preinscripcion-para-el-curso-2022-2023-en-las-12-escuelas-infantiles-del-ayuntamiento-de-pamplona-se-extendera-del-1-al-15-de-marzo\\\/\",\"name\":\"La campa\u00f1a de preinscripci\u00f3n para el curso 2022-2023 en las 12 escuelas infantiles del Ayuntamiento de Pamplona se extender\u00e1 del 1 al 15 de marzo\",\"isPartOf\":{\"@id\":\"https:\\\/\\\/www.laguiadepamplona.com\\\/actualidad\\\/#website\"},\"primaryImageOfPage\":{\"@id\":\"https:\\\/\\\/www.laguiadepamplona.com\\\/actualidad\\\/la-campana-de-preinscripcion-para-el-curso-2022-2023-en-las-12-escuelas-infantiles-del-ayuntamiento-de-pamplona-se-extendera-del-1-al-15-de-marzo\\\/#primaryimage\"},\"image\":{\"@id\":\"https:\\\/\\\/www.laguiadepamplona.com\\\/actualidad\\\/la-campana-de-preinscripcion-para-el-curso-2022-2023-en-las-12-escuelas-infantiles-del-ayuntamiento-de-pamplona-se-extendera-del-1-al-15-de-marzo\\\/#primaryimage\"},\"thumbnailUrl\":\"https:\\\/\\\/www.laguiadepamplona.com\\\/actualidad\\\/wp-content\\\/uploads\\\/2022\\\/02\\\/escuela-infantil-municipal-medillorri-ee5a2220.jpg\",\"datePublished\":\"2022-02-18T11:34:38+00:00\",\"dateModified\":\"2023-04-11T09:48:31+00:00\",\"description\":\"Quienes no deseen hacer este tr\u00e1mite on line, podr\u00e1n pedir cita previa a partir del lunes, tanto v\u00eda web, como en los tel\u00e9fonos 010\\\/ 948 420100\",\"breadcrumb\":{\"@id\":\"https:\\\/\\\/www.laguiadepamplona.com\\\/actualidad\\\/la-campana-de-preinscripcion-para-el-curso-2022-2023-en-las-12-escuelas-infantiles-del-ayuntamiento-de-pamplona-se-extendera-del-1-al-15-de-marzo\\\/#breadcrumb\"},\"inLanguage\":\"es\",\"potentialAction\":[{\"@type\":\"ReadAction\",\"target\":[\"https:\\\/\\\/www.laguiadepamplona.com\\\/actualidad\\\/la-campana-de-preinscripcion-para-el-curso-2022-2023-en-las-12-escuelas-infantiles-del-ayuntamiento-de-pamplona-se-extendera-del-1-al-15-de-marzo\\\/\"]}]},{\"@type\":\"ImageObject\",\"inLanguage\":\"es\",\"@id\":\"https:\\\/\\\/www.laguiadepamplona.com\\\/actualidad\\\/la-campana-de-preinscripcion-para-el-curso-2022-2023-en-las-12-escuelas-infantiles-del-ayuntamiento-de-pamplona-se-extendera-del-1-al-15-de-marzo\\\/#primaryimage\",\"url\":\"https:\\\/\\\/www.laguiadepamplona.com\\\/actualidad\\\/wp-content\\\/uploads\\\/2022\\\/02\\\/escuela-infantil-municipal-medillorri-ee5a2220.jpg\",\"contentUrl\":\"https:\\\/\\\/www.laguiadepamplona.com\\\/actualidad\\\/wp-content\\\/uploads\\\/2022\\\/02\\\/escuela-infantil-municipal-medillorri-ee5a2220.jpg\",\"width\":1920,\"height\":1280},{\"@type\":\"BreadcrumbList\",\"@id\":\"https:\\\/\\\/www.laguiadepamplona.com\\\/actualidad\\\/la-campana-de-preinscripcion-para-el-curso-2022-2023-en-las-12-escuelas-infantiles-del-ayuntamiento-de-pamplona-se-extendera-del-1-al-15-de-marzo\\\/#breadcrumb\",\"itemListElement\":[{\"@type\":\"ListItem\",\"position\":1,\"name\":\"Portada\",\"item\":\"https:\\\/\\\/www.laguiadepamplona.com\\\/actualidad\\\/\"},{\"@type\":\"ListItem\",\"position\":2,\"name\":\"La campa\u00f1a de preinscripci\u00f3n para el curso 2022-2023 en las 12 escuelas infantiles del Ayuntamiento de Pamplona se extender\u00e1 del 1 al 15 de marzo\"}]},{\"@type\":\"WebSite\",\"@id\":\"https:\\\/\\\/www.laguiadepamplona.com\\\/actualidad\\\/#website\",\"url\":\"https:\\\/\\\/www.laguiadepamplona.com\\\/actualidad\\\/\",\"name\":\"La gu\u00eda de Pamplona\",\"description\":\"Noticias de Pamplona\",\"publisher\":{\"@id\":\"https:\\\/\\\/www.laguiadepamplona.com\\\/actualidad\\\/#organization\"},\"potentialAction\":[{\"@type\":\"SearchAction\",\"target\":{\"@type\":\"EntryPoint\",\"urlTemplate\":\"https:\\\/\\\/www.laguiadepamplona.com\\\/actualidad\\\/?s={search_term_string}\"},\"query-input\":{\"@type\":\"PropertyValueSpecification\",\"valueRequired\":true,\"valueName\":\"search_term_string\"}}],\"inLanguage\":\"es\"},{\"@type\":\"Organization\",\"@id\":\"https:\\\/\\\/www.laguiadepamplona.com\\\/actualidad\\\/#organization\",\"name\":\"La Gu\u00eda de Pamplona \\\/ Noticias\",\"url\":\"https:\\\/\\\/www.laguiadepamplona.com\\\/actualidad\\\/\",\"logo\":{\"@type\":\"ImageObject\",\"inLanguage\":\"es\",\"@id\":\"https:\\\/\\\/www.laguiadepamplona.com\\\/actualidad\\\/#\\\/schema\\\/logo\\\/image\\\/\",\"url\":\"https:\\\/\\\/www.laguiadepamplona.com\\\/actualidad\\\/wp-content\\\/uploads\\\/2018\\\/11\\\/logo-laguiadepamplona18-web1.png\",\"contentUrl\":\"https:\\\/\\\/www.laguiadepamplona.com\\\/actualidad\\\/wp-content\\\/uploads\\\/2018\\\/11\\\/logo-laguiadepamplona18-web1.png\",\"width\":600,\"height\":196,\"caption\":\"La Gu\u00eda de Pamplona \\\/ Noticias\"},\"image\":{\"@id\":\"https:\\\/\\\/www.laguiadepamplona.com\\\/actualidad\\\/#\\\/schema\\\/logo\\\/image\\\/\"},\"sameAs\":[\"https:\\\/\\\/www.facebook.com\\\/laguiadepamplonacom-133175176762273\\\/?ref=hl\",\"https:\\\/\\\/x.com\\\/LaGuiadPamplona\",\"https:\\\/\\\/www.instagram.com\\\/la_guia_de_pamplona\\\/\",\"https:\\\/\\\/www.youtube.com\\\/user\\\/laguiadepamplona\"]},{\"@type\":\"Person\",\"@id\":\"https:\\\/\\\/www.laguiadepamplona.com\\\/actualidad\\\/#\\\/schema\\\/person\\\/efe887376f0213d4657c93adc50b1fdb\",\"name\":\"La Gu\u00eda de Pamplona\",\"image\":{\"@type\":\"ImageObject\",\"inLanguage\":\"es\",\"@id\":\"https:\\\/\\\/secure.gravatar.com\\\/avatar\\\/b6992f131dc8d30ab0dff15446e9d346d9dbd95992de0fef795073f5ea83a81c?s=96&d=mm&r=g\",\"url\":\"https:\\\/\\\/secure.gravatar.com\\\/avatar\\\/b6992f131dc8d30ab0dff15446e9d346d9dbd95992de0fef795073f5ea83a81c?s=96&d=mm&r=g\",\"contentUrl\":\"https:\\\/\\\/secure.gravatar.com\\\/avatar\\\/b6992f131dc8d30ab0dff15446e9d346d9dbd95992de0fef795073f5ea83a81c?s=96&d=mm&r=g\",\"caption\":\"La Gu\u00eda de Pamplona\"}}]}<\/script>\n<!-- \/ Yoast SEO plugin. -->","yoast_head_json":{"title":"La campa\u00f1a de preinscripci\u00f3n para el curso 2022-2023 en las 12 escuelas infantiles del Ayuntamiento de Pamplona se extender\u00e1 del 1 al 15 de marzo","description":"Quienes no deseen hacer este tr\u00e1mite on line, podr\u00e1n pedir cita previa a partir del lunes, tanto v\u00eda web, como en los tel\u00e9fonos 010\/ 948 420100","robots":{"index":"index","follow":"follow","max-snippet":"max-snippet:-1","max-image-preview":"max-image-preview:large","max-video-preview":"max-video-preview:-1"},"canonical":"https:\/\/www.laguiadepamplona.com\/actualidad\/la-campana-de-preinscripcion-para-el-curso-2022-2023-en-las-12-escuelas-infantiles-del-ayuntamiento-de-pamplona-se-extendera-del-1-al-15-de-marzo\/","og_locale":"es_ES","og_type":"article","og_title":"La campa\u00f1a de preinscripci\u00f3n para el curso 2022-2023 en las 12 escuelas infantiles del Ayuntamiento de Pamplona se extender\u00e1 del 1 al 15 de marzo","og_description":"Quienes no deseen hacer este tr\u00e1mite on line, podr\u00e1n pedir cita previa a partir del lunes, tanto v\u00eda web, como en los tel\u00e9fonos 010\/ 948 420100","og_url":"https:\/\/www.laguiadepamplona.com\/actualidad\/la-campana-de-preinscripcion-para-el-curso-2022-2023-en-las-12-escuelas-infantiles-del-ayuntamiento-de-pamplona-se-extendera-del-1-al-15-de-marzo\/","og_site_name":"La Gu\u00eda de Pamplona","article_publisher":"https:\/\/www.facebook.com\/laguiadepamplonacom-133175176762273\/?ref=hl","article_published_time":"2022-02-18T11:34:38+00:00","article_modified_time":"2023-04-11T09:48:31+00:00","og_image":[{"width":1920,"height":1280,"url":"https:\/\/www.laguiadepamplona.com\/actualidad\/wp-content\/uploads\/2022\/02\/escuela-infantil-municipal-medillorri-ee5a2220.jpg","type":"image\/jpeg"}],"author":"La Gu\u00eda de Pamplona","twitter_card":"summary_large_image","twitter_creator":"@LaGuiadPamplona","twitter_site":"@LaGuiadPamplona","twitter_misc":{"Escrito por":"La Gu\u00eda de Pamplona","Tiempo de lectura":"6 minutos"},"schema":{"@context":"https:\/\/schema.org","@graph":[{"@type":"Article","@id":"https:\/\/www.laguiadepamplona.com\/actualidad\/la-campana-de-preinscripcion-para-el-curso-2022-2023-en-las-12-escuelas-infantiles-del-ayuntamiento-de-pamplona-se-extendera-del-1-al-15-de-marzo\/#article","isPartOf":{"@id":"https:\/\/www.laguiadepamplona.com\/actualidad\/la-campana-de-preinscripcion-para-el-curso-2022-2023-en-las-12-escuelas-infantiles-del-ayuntamiento-de-pamplona-se-extendera-del-1-al-15-de-marzo\/"},"author":{"name":"La Gu\u00eda de Pamplona","@id":"https:\/\/www.laguiadepamplona.com\/actualidad\/#\/schema\/person\/efe887376f0213d4657c93adc50b1fdb"},"headline":"La campa\u00f1a de preinscripci\u00f3n para el curso 2022-2023 en las 12 escuelas infantiles del Ayuntamiento de Pamplona se extender\u00e1 del 1 al 15 de marzo","datePublished":"2022-02-18T11:34:38+00:00","dateModified":"2023-04-11T09:48:31+00:00","mainEntityOfPage":{"@id":"https:\/\/www.laguiadepamplona.com\/actualidad\/la-campana-de-preinscripcion-para-el-curso-2022-2023-en-las-12-escuelas-infantiles-del-ayuntamiento-de-pamplona-se-extendera-del-1-al-15-de-marzo\/"},"wordCount":1195,"commentCount":0,"publisher":{"@id":"https:\/\/www.laguiadepamplona.com\/actualidad\/#organization"},"image":{"@id":"https:\/\/www.laguiadepamplona.com\/actualidad\/la-campana-de-preinscripcion-para-el-curso-2022-2023-en-las-12-escuelas-infantiles-del-ayuntamiento-de-pamplona-se-extendera-del-1-al-15-de-marzo\/#primaryimage"},"thumbnailUrl":"https:\/\/www.laguiadepamplona.com\/actualidad\/wp-content\/uploads\/2022\/02\/escuela-infantil-municipal-medillorri-ee5a2220.jpg","articleSection":["Ayto Pamplona"],"inLanguage":"es","potentialAction":[{"@type":"CommentAction","name":"Comment","target":["https:\/\/www.laguiadepamplona.com\/actualidad\/la-campana-de-preinscripcion-para-el-curso-2022-2023-en-las-12-escuelas-infantiles-del-ayuntamiento-de-pamplona-se-extendera-del-1-al-15-de-marzo\/#respond"]}]},{"@type":"WebPage","@id":"https:\/\/www.laguiadepamplona.com\/actualidad\/la-campana-de-preinscripcion-para-el-curso-2022-2023-en-las-12-escuelas-infantiles-del-ayuntamiento-de-pamplona-se-extendera-del-1-al-15-de-marzo\/","url":"https:\/\/www.laguiadepamplona.com\/actualidad\/la-campana-de-preinscripcion-para-el-curso-2022-2023-en-las-12-escuelas-infantiles-del-ayuntamiento-de-pamplona-se-extendera-del-1-al-15-de-marzo\/","name":"La campa\u00f1a de preinscripci\u00f3n para el curso 2022-2023 en las 12 escuelas infantiles del Ayuntamiento de Pamplona se extender\u00e1 del 1 al 15 de marzo","isPartOf":{"@id":"https:\/\/www.laguiadepamplona.com\/actualidad\/#website"},"primaryImageOfPage":{"@id":"https:\/\/www.laguiadepamplona.com\/actualidad\/la-campana-de-preinscripcion-para-el-curso-2022-2023-en-las-12-escuelas-infantiles-del-ayuntamiento-de-pamplona-se-extendera-del-1-al-15-de-marzo\/#primaryimage"},"image":{"@id":"https:\/\/www.laguiadepamplona.com\/actualidad\/la-campana-de-preinscripcion-para-el-curso-2022-2023-en-las-12-escuelas-infantiles-del-ayuntamiento-de-pamplona-se-extendera-del-1-al-15-de-marzo\/#primaryimage"},"thumbnailUrl":"https:\/\/www.laguiadepamplona.com\/actualidad\/wp-content\/uploads\/2022\/02\/escuela-infantil-municipal-medillorri-ee5a2220.jpg","datePublished":"2022-02-18T11:34:38+00:00","dateModified":"2023-04-11T09:48:31+00:00","description":"Quienes no deseen hacer este tr\u00e1mite on line, podr\u00e1n pedir cita previa a partir del lunes, tanto v\u00eda web, como en los tel\u00e9fonos 010\/ 948 420100","breadcrumb":{"@id":"https:\/\/www.laguiadepamplona.com\/actualidad\/la-campana-de-preinscripcion-para-el-curso-2022-2023-en-las-12-escuelas-infantiles-del-ayuntamiento-de-pamplona-se-extendera-del-1-al-15-de-marzo\/#breadcrumb"},"inLanguage":"es","potentialAction":[{"@type":"ReadAction","target":["https:\/\/www.laguiadepamplona.com\/actualidad\/la-campana-de-preinscripcion-para-el-curso-2022-2023-en-las-12-escuelas-infantiles-del-ayuntamiento-de-pamplona-se-extendera-del-1-al-15-de-marzo\/"]}]},{"@type":"ImageObject","inLanguage":"es","@id":"https:\/\/www.laguiadepamplona.com\/actualidad\/la-campana-de-preinscripcion-para-el-curso-2022-2023-en-las-12-escuelas-infantiles-del-ayuntamiento-de-pamplona-se-extendera-del-1-al-15-de-marzo\/#primaryimage","url":"https:\/\/www.laguiadepamplona.com\/actualidad\/wp-content\/uploads\/2022\/02\/escuela-infantil-municipal-medillorri-ee5a2220.jpg","contentUrl":"https:\/\/www.laguiadepamplona.com\/actualidad\/wp-content\/uploads\/2022\/02\/escuela-infantil-municipal-medillorri-ee5a2220.jpg","width":1920,"height":1280},{"@type":"BreadcrumbList","@id":"https:\/\/www.laguiadepamplona.com\/actualidad\/la-campana-de-preinscripcion-para-el-curso-2022-2023-en-las-12-escuelas-infantiles-del-ayuntamiento-de-pamplona-se-extendera-del-1-al-15-de-marzo\/#breadcrumb","itemListElement":[{"@type":"ListItem","position":1,"name":"Portada","item":"https:\/\/www.laguiadepamplona.com\/actualidad\/"},{"@type":"ListItem","position":2,"name":"La campa\u00f1a de preinscripci\u00f3n para el curso 2022-2023 en las 12 escuelas infantiles del Ayuntamiento de Pamplona se extender\u00e1 del 1 al 15 de marzo"}]},{"@type":"WebSite","@id":"https:\/\/www.laguiadepamplona.com\/actualidad\/#website","url":"https:\/\/www.laguiadepamplona.com\/actualidad\/","name":"La gu\u00eda de Pamplona","description":"Noticias de Pamplona","publisher":{"@id":"https:\/\/www.laguiadepamplona.com\/actualidad\/#organization"},"potentialAction":[{"@type":"SearchAction","target":{"@type":"EntryPoint","urlTemplate":"https:\/\/www.laguiadepamplona.com\/actualidad\/?s={search_term_string}"},"query-input":{"@type":"PropertyValueSpecification","valueRequired":true,"valueName":"search_term_string"}}],"inLanguage":"es"},{"@type":"Organization","@id":"https:\/\/www.laguiadepamplona.com\/actualidad\/#organization","name":"La Gu\u00eda de Pamplona \/ Noticias","url":"https:\/\/www.laguiadepamplona.com\/actualidad\/","logo":{"@type":"ImageObject","inLanguage":"es","@id":"https:\/\/www.laguiadepamplona.com\/actualidad\/#\/schema\/logo\/image\/","url":"https:\/\/www.laguiadepamplona.com\/actualidad\/wp-content\/uploads\/2018\/11\/logo-laguiadepamplona18-web1.png","contentUrl":"https:\/\/www.laguiadepamplona.com\/actualidad\/wp-content\/uploads\/2018\/11\/logo-laguiadepamplona18-web1.png","width":600,"height":196,"caption":"La Gu\u00eda de Pamplona \/ Noticias"},"image":{"@id":"https:\/\/www.laguiadepamplona.com\/actualidad\/#\/schema\/logo\/image\/"},"sameAs":["https:\/\/www.facebook.com\/laguiadepamplonacom-133175176762273\/?ref=hl","https:\/\/x.com\/LaGuiadPamplona","https:\/\/www.instagram.com\/la_guia_de_pamplona\/","https:\/\/www.youtube.com\/user\/laguiadepamplona"]},{"@type":"Person","@id":"https:\/\/www.laguiadepamplona.com\/actualidad\/#\/schema\/person\/efe887376f0213d4657c93adc50b1fdb","name":"La Gu\u00eda de Pamplona","image":{"@type":"ImageObject","inLanguage":"es","@id":"https:\/\/secure.gravatar.com\/avatar\/b6992f131dc8d30ab0dff15446e9d346d9dbd95992de0fef795073f5ea83a81c?s=96&d=mm&r=g","url":"https:\/\/secure.gravatar.com\/avatar\/b6992f131dc8d30ab0dff15446e9d346d9dbd95992de0fef795073f5ea83a81c?s=96&d=mm&r=g","contentUrl":"https:\/\/secure.gravatar.com\/avatar\/b6992f131dc8d30ab0dff15446e9d346d9dbd95992de0fef795073f5ea83a81c?s=96&d=mm&r=g","caption":"La Gu\u00eda de Pamplona"}}]}},"post_mailing_queue_ids":[],"_links":{"self":[{"href":"https:\/\/www.laguiadepamplona.com\/actualidad\/wp-json\/wp\/v2\/posts\/38889","targetHints":{"allow":["GET"]}}],"collection":[{"href":"https:\/\/www.laguiadepamplona.com\/actualidad\/wp-json\/wp\/v2\/posts"}],"about":[{"href":"https:\/\/www.laguiadepamplona.com\/actualidad\/wp-json\/wp\/v2\/types\/post"}],"author":[{"embeddable":true,"href":"https:\/\/www.laguiadepamplona.com\/actualidad\/wp-json\/wp\/v2\/users\/1"}],"replies":[{"embeddable":true,"href":"https:\/\/www.laguiadepamplona.com\/actualidad\/wp-json\/wp\/v2\/comments?post=38889"}],"version-history":[{"count":0,"href":"https:\/\/www.laguiadepamplona.com\/actualidad\/wp-json\/wp\/v2\/posts\/38889\/revisions"}],"wp:featuredmedia":[{"embeddable":true,"href":"https:\/\/www.laguiadepamplona.com\/actualidad\/wp-json\/wp\/v2\/media\/38900"}],"wp:attachment":[{"href":"https:\/\/www.laguiadepamplona.com\/actualidad\/wp-json\/wp\/v2\/media?parent=38889"}],"wp:term":[{"taxonomy":"category","embeddable":true,"href":"https:\/\/www.laguiadepamplona.com\/actualidad\/wp-json\/wp\/v2\/categories?post=38889"},{"taxonomy":"post_tag","embeddable":true,"href":"https:\/\/www.laguiadepamplona.com\/actualidad\/wp-json\/wp\/v2\/tags?post=38889"}],"curies":[{"name":"wp","href":"https:\/\/api.w.org\/{rel}","templated":true}]}}