{"id":38886,"date":"2022-02-17T17:45:47","date_gmt":"2022-02-17T15:45:47","guid":{"rendered":"https:\/\/www.laguiadepamplona.com\/actualidad\/?p=38886"},"modified":"2023-04-11T11:48:31","modified_gmt":"2023-04-11T09:48:31","slug":"pamplona-plantara-este-viernes-un-arbol-por-europa-en-el-parque-de-txantrea-sur-para-concienciar-sobre-el-desarrollo-sostenible-en-el-ambito-local","status":"publish","type":"post","link":"https:\/\/www.laguiadepamplona.com\/actualidad\/pamplona-plantara-este-viernes-un-arbol-por-europa-en-el-parque-de-txantrea-sur-para-concienciar-sobre-el-desarrollo-sostenible-en-el-ambito-local\/","title":{"rendered":"Pamplona plantar\u00e1 este viernes \u2018Un \u00c1rbol Por Europa\u2019 en el parque de Txantrea Sur para concienciar sobre el desarrollo sostenible en el \u00e1mbito local"},"content":{"rendered":"<h5>El Ayuntamiento ratificar\u00e1 as\u00ed su adhesi\u00f3n a esta campa\u00f1a promovida por Equipo Europa, a propuesta del presidente del Parlamento Europeo<\/h5>\n<p><!--more--><\/p>\n<p>El Ayuntamiento de Pamplona se sumar\u00e1 este viernes a la iniciativa \u2018Un \u00c1rbol Por Europa\u2019, abanderada por la organizaci\u00f3n juvenil \u2018Equipo Europa\u2019 y a la que ya se han adherido m\u00e1s de 675 ayuntamientos de toda Espa\u00f1a y gracias a la que se han plantado m\u00e1s de 36.000 \u00e1rboles. La ciudad lo va a hacer plantando un ejemplar de roble de la variedad <em>Quercus humilis<\/em> en el <strong>parque de Txantrea Sur<\/strong>, en un espacio situado en las inmediaciones del Convento de las Josefinas.<br \/>\n<script async src=\"\/\/pagead2.googlesyndication.com\/pagead\/js\/adsbygoogle.js\"><\/script><br \/>\n<!-- Noticias La Guia de Pamplona --><br \/>\n<ins class=\"adsbygoogle\"\nstyle=\"display:block\"\ndata-ad-client=\"ca-pub-6943679897239327\"\ndata-ad-slot=\"7048180777\"\ndata-ad-format=\"auto\"><\/ins><br \/>\n<script>\n(adsbygoogle = window.adsbygoogle || []).push({});\n<\/script><\/p>\n<p>El acto tendr\u00e1 lugar el <u>viernes 18 de febrero, a las 16.30 horas,<\/u> y en \u00e9l participar\u00e1n el alcalde de Pamplona, Enrique Maya y <strong>Javier Larequi, <\/strong>portavoz de la organizaci\u00f3n juvenil en Navarra. Estar\u00e1n acompa\u00f1ados por otros <strong>miembros de la Corporaci\u00f3n municipal<\/strong>, la presidenta en Espa\u00f1a de Equipo Europa, <strong>Julia Fern\u00e1ndez Arribas,<\/strong> as\u00ed como alrededor de <strong>35 j\u00f3venes<\/strong> miembros de esa asociaci\u00f3n.<\/p>\n<p>\u2018Un \u00c1rbol Por Europa\u2019 es un manifiesto que naci\u00f3 por iniciativa de Equipo Europa a ra\u00edz de una propuesta de David Sassoli, presidente del Parlamento Europeo. En \u00e9l, las entidades locales participantes, en las figuras de sus alcaldes o alcaldesas asumen el compromiso de plantar al menos un \u00e1rbol en su municipio para visibilizar la importancia del desarrollo sostenible en el \u00e1mbito local. Pero, adem\u00e1s, en ese acto se comprometen a involucrar a los j\u00f3venes en los procesos de toma de decisiones en materia de sostenibilidad local. En enero de 2020, el Ayuntamiento de Pamplona se adhiri\u00f3 al manifiesto #Un\u00c1rbolPorEuropa a trav\u00e9s de una declaraci\u00f3n institucional en la Comisi\u00f3n de Urbanismo. Desde 2021 esta acci\u00f3n local, con impacto global, se ha extendido a toda la Uni\u00f3n Europea. La iniciativa joven contribuye, adem\u00e1s, al cumplimiento del objetivo de plantar 3 000 millones de \u00e1rboles en todo el territorio para 2030, una propuesta que se recoge en la Estrategia de Biodiversidad de la UE.<br \/>\n<script async src=\"\/\/pagead2.googlesyndication.com\/pagead\/js\/adsbygoogle.js\"><\/script><br \/>\n<!-- Noticias La Guia de Pamplona --><br \/>\n<ins class=\"adsbygoogle\"\nstyle=\"display:block\"\ndata-ad-client=\"ca-pub-6943679897239327\"\ndata-ad-slot=\"7048180777\"\ndata-ad-format=\"auto\"><\/ins><br \/>\n<script>\n(adsbygoogle = window.adsbygoogle || []).push({});\n<\/script><\/p>\n<p>En concreto, en el acto de Pamplona participar\u00e1 un grupo de trombones de la Escuela de M\u00fasica Joaqu\u00edn Maya, una veintena de estudiantes que interpretar\u00e1 diferentes piezas, entre ellas el himno de Europa. Las primeras paladas tras colocar el \u00e1rbol las dar\u00e1n el alcalde, el portavoz navarro de Equipo Europa y la presidenta en Espa\u00f1a de esa asociaci\u00f3n. A continuaci\u00f3n, podr\u00e1n sumarse todas las personas que lo deseen. Se ha colocado tambi\u00e9n una placa conmemorativa de esta plantaci\u00f3n.<\/p>\n<p>Equipo Europa es una asociaci\u00f3n nacida en 2019 (en 2020 en Navarra) que est\u00e1 compuesta por j\u00f3venes entre 14 y 30 a\u00f1os, comprometidos con los valores de la Uni\u00f3n Europea y organizados en 18 delegaciones regionales. #Un\u00c1rbolPorEuropa, como recoge su manifiesto, busca \u201caumentar la conciencia social acerca de la sostenibilidad en el \u00e1mbito local\u201d y \u201cfomentar la colaboraci\u00f3n entre las autoridades locales y la sociedad civil, y en especial la juventud, a la hora de promover el desarrollo sostenible\u201d. Asimismo, se reconoce \u201cel papel fundamental de la juventud en la consecuci\u00f3n de la sostenibilidad local, pues su inter\u00e9s en el desarrollo sostenible, la reducci\u00f3n de las emisiones de gases de efecto invernadero y la conservaci\u00f3n ecol\u00f3gica se ha hecho patente en el \u00faltimo a\u00f1o\u201d.<\/p>\n","protected":false},"excerpt":{"rendered":"<p>El Ayuntamiento ratificar\u00e1 as\u00ed su adhesi\u00f3n a esta campa\u00f1a promovida por Equipo Europa, a propuesta del presidente del Parlamento Europeo<\/p>\n","protected":false},"author":1,"featured_media":38887,"comment_status":"open","ping_status":"closed","sticky":false,"template":"","format":"standard","meta":{"footnotes":""},"categories":[2],"tags":[],"class_list":["post-38886","post","type-post","status-publish","format-standard","has-post-thumbnail","hentry","category-ayuntamiento-pamplona"],"yoast_head":"<!-- This site is optimized with the Yoast SEO plugin v27.3 - https:\/\/yoast.com\/product\/yoast-seo-wordpress\/ -->\n<title>Pamplona plantar\u00e1 este viernes \u2018Un \u00c1rbol Por Europa\u2019 en el parque de Txantrea Sur para concienciar sobre el desarrollo sostenible en el \u00e1mbito local<\/title>\n<meta name=\"description\" content=\"El Ayuntamiento ratificar\u00e1 as\u00ed su adhesi\u00f3n a esta campa\u00f1a promovida por Equipo Europa, a propuesta del presidente del Parlamento Europeo\" \/>\n<meta name=\"robots\" content=\"index, follow, max-snippet:-1, max-image-preview:large, max-video-preview:-1\" \/>\n<link rel=\"canonical\" href=\"https:\/\/www.laguiadepamplona.com\/actualidad\/pamplona-plantara-este-viernes-un-arbol-por-europa-en-el-parque-de-txantrea-sur-para-concienciar-sobre-el-desarrollo-sostenible-en-el-ambito-local\/\" \/>\n<meta property=\"og:locale\" content=\"es_ES\" \/>\n<meta property=\"og:type\" content=\"article\" \/>\n<meta property=\"og:title\" content=\"Pamplona plantar\u00e1 este viernes \u2018Un \u00c1rbol Por Europa\u2019 en el parque de Txantrea Sur para concienciar sobre el desarrollo sostenible en el \u00e1mbito local\" \/>\n<meta property=\"og:description\" content=\"El Ayuntamiento ratificar\u00e1 as\u00ed su adhesi\u00f3n a esta campa\u00f1a promovida por Equipo Europa, a propuesta del presidente del Parlamento Europeo\" \/>\n<meta property=\"og:url\" content=\"https:\/\/www.laguiadepamplona.com\/actualidad\/pamplona-plantara-este-viernes-un-arbol-por-europa-en-el-parque-de-txantrea-sur-para-concienciar-sobre-el-desarrollo-sostenible-en-el-ambito-local\/\" \/>\n<meta property=\"og:site_name\" content=\"La Gu\u00eda de Pamplona\" \/>\n<meta property=\"article:publisher\" content=\"https:\/\/www.facebook.com\/laguiadepamplonacom-133175176762273\/?ref=hl\" \/>\n<meta property=\"article:published_time\" content=\"2022-02-17T15:45:47+00:00\" \/>\n<meta property=\"article:modified_time\" content=\"2023-04-11T09:48:31+00:00\" \/>\n<meta property=\"og:image\" content=\"https:\/\/www.laguiadepamplona.com\/actualidad\/wp-content\/uploads\/2022\/02\/dia_arbol_2013_2.jpg\" \/>\n\t<meta property=\"og:image:width\" content=\"1772\" \/>\n\t<meta property=\"og:image:height\" content=\"1182\" \/>\n\t<meta property=\"og:image:type\" content=\"image\/jpeg\" \/>\n<meta name=\"author\" content=\"La Gu\u00eda de Pamplona\" \/>\n<meta name=\"twitter:card\" content=\"summary_large_image\" \/>\n<meta name=\"twitter:creator\" content=\"@LaGuiadPamplona\" \/>\n<meta name=\"twitter:site\" content=\"@LaGuiadPamplona\" \/>\n<meta name=\"twitter:label1\" content=\"Escrito por\" \/>\n\t<meta name=\"twitter:data1\" content=\"La Gu\u00eda de Pamplona\" \/>\n\t<meta name=\"twitter:label2\" content=\"Tiempo de lectura\" \/>\n\t<meta name=\"twitter:data2\" content=\"3 minutos\" \/>\n<script type=\"application\/ld+json\" class=\"yoast-schema-graph\">{\"@context\":\"https:\\\/\\\/schema.org\",\"@graph\":[{\"@type\":\"Article\",\"@id\":\"https:\\\/\\\/www.laguiadepamplona.com\\\/actualidad\\\/pamplona-plantara-este-viernes-un-arbol-por-europa-en-el-parque-de-txantrea-sur-para-concienciar-sobre-el-desarrollo-sostenible-en-el-ambito-local\\\/#article\",\"isPartOf\":{\"@id\":\"https:\\\/\\\/www.laguiadepamplona.com\\\/actualidad\\\/pamplona-plantara-este-viernes-un-arbol-por-europa-en-el-parque-de-txantrea-sur-para-concienciar-sobre-el-desarrollo-sostenible-en-el-ambito-local\\\/\"},\"author\":{\"name\":\"La Gu\u00eda de Pamplona\",\"@id\":\"https:\\\/\\\/www.laguiadepamplona.com\\\/actualidad\\\/#\\\/schema\\\/person\\\/efe887376f0213d4657c93adc50b1fdb\"},\"headline\":\"Pamplona plantar\u00e1 este viernes \u2018Un \u00c1rbol Por Europa\u2019 en el parque de Txantrea Sur para concienciar sobre el desarrollo sostenible en el \u00e1mbito local\",\"datePublished\":\"2022-02-17T15:45:47+00:00\",\"dateModified\":\"2023-04-11T09:48:31+00:00\",\"mainEntityOfPage\":{\"@id\":\"https:\\\/\\\/www.laguiadepamplona.com\\\/actualidad\\\/pamplona-plantara-este-viernes-un-arbol-por-europa-en-el-parque-de-txantrea-sur-para-concienciar-sobre-el-desarrollo-sostenible-en-el-ambito-local\\\/\"},\"wordCount\":584,\"commentCount\":0,\"publisher\":{\"@id\":\"https:\\\/\\\/www.laguiadepamplona.com\\\/actualidad\\\/#organization\"},\"image\":{\"@id\":\"https:\\\/\\\/www.laguiadepamplona.com\\\/actualidad\\\/pamplona-plantara-este-viernes-un-arbol-por-europa-en-el-parque-de-txantrea-sur-para-concienciar-sobre-el-desarrollo-sostenible-en-el-ambito-local\\\/#primaryimage\"},\"thumbnailUrl\":\"https:\\\/\\\/www.laguiadepamplona.com\\\/actualidad\\\/wp-content\\\/uploads\\\/2022\\\/02\\\/dia_arbol_2013_2.jpg\",\"articleSection\":[\"Ayto Pamplona\"],\"inLanguage\":\"es\",\"potentialAction\":[{\"@type\":\"CommentAction\",\"name\":\"Comment\",\"target\":[\"https:\\\/\\\/www.laguiadepamplona.com\\\/actualidad\\\/pamplona-plantara-este-viernes-un-arbol-por-europa-en-el-parque-de-txantrea-sur-para-concienciar-sobre-el-desarrollo-sostenible-en-el-ambito-local\\\/#respond\"]}]},{\"@type\":\"WebPage\",\"@id\":\"https:\\\/\\\/www.laguiadepamplona.com\\\/actualidad\\\/pamplona-plantara-este-viernes-un-arbol-por-europa-en-el-parque-de-txantrea-sur-para-concienciar-sobre-el-desarrollo-sostenible-en-el-ambito-local\\\/\",\"url\":\"https:\\\/\\\/www.laguiadepamplona.com\\\/actualidad\\\/pamplona-plantara-este-viernes-un-arbol-por-europa-en-el-parque-de-txantrea-sur-para-concienciar-sobre-el-desarrollo-sostenible-en-el-ambito-local\\\/\",\"name\":\"Pamplona plantar\u00e1 este viernes \u2018Un \u00c1rbol Por Europa\u2019 en el parque de Txantrea Sur para concienciar sobre el desarrollo sostenible en el \u00e1mbito local\",\"isPartOf\":{\"@id\":\"https:\\\/\\\/www.laguiadepamplona.com\\\/actualidad\\\/#website\"},\"primaryImageOfPage\":{\"@id\":\"https:\\\/\\\/www.laguiadepamplona.com\\\/actualidad\\\/pamplona-plantara-este-viernes-un-arbol-por-europa-en-el-parque-de-txantrea-sur-para-concienciar-sobre-el-desarrollo-sostenible-en-el-ambito-local\\\/#primaryimage\"},\"image\":{\"@id\":\"https:\\\/\\\/www.laguiadepamplona.com\\\/actualidad\\\/pamplona-plantara-este-viernes-un-arbol-por-europa-en-el-parque-de-txantrea-sur-para-concienciar-sobre-el-desarrollo-sostenible-en-el-ambito-local\\\/#primaryimage\"},\"thumbnailUrl\":\"https:\\\/\\\/www.laguiadepamplona.com\\\/actualidad\\\/wp-content\\\/uploads\\\/2022\\\/02\\\/dia_arbol_2013_2.jpg\",\"datePublished\":\"2022-02-17T15:45:47+00:00\",\"dateModified\":\"2023-04-11T09:48:31+00:00\",\"description\":\"El Ayuntamiento ratificar\u00e1 as\u00ed su adhesi\u00f3n a esta campa\u00f1a promovida por Equipo Europa, a propuesta del presidente del Parlamento Europeo\",\"breadcrumb\":{\"@id\":\"https:\\\/\\\/www.laguiadepamplona.com\\\/actualidad\\\/pamplona-plantara-este-viernes-un-arbol-por-europa-en-el-parque-de-txantrea-sur-para-concienciar-sobre-el-desarrollo-sostenible-en-el-ambito-local\\\/#breadcrumb\"},\"inLanguage\":\"es\",\"potentialAction\":[{\"@type\":\"ReadAction\",\"target\":[\"https:\\\/\\\/www.laguiadepamplona.com\\\/actualidad\\\/pamplona-plantara-este-viernes-un-arbol-por-europa-en-el-parque-de-txantrea-sur-para-concienciar-sobre-el-desarrollo-sostenible-en-el-ambito-local\\\/\"]}]},{\"@type\":\"ImageObject\",\"inLanguage\":\"es\",\"@id\":\"https:\\\/\\\/www.laguiadepamplona.com\\\/actualidad\\\/pamplona-plantara-este-viernes-un-arbol-por-europa-en-el-parque-de-txantrea-sur-para-concienciar-sobre-el-desarrollo-sostenible-en-el-ambito-local\\\/#primaryimage\",\"url\":\"https:\\\/\\\/www.laguiadepamplona.com\\\/actualidad\\\/wp-content\\\/uploads\\\/2022\\\/02\\\/dia_arbol_2013_2.jpg\",\"contentUrl\":\"https:\\\/\\\/www.laguiadepamplona.com\\\/actualidad\\\/wp-content\\\/uploads\\\/2022\\\/02\\\/dia_arbol_2013_2.jpg\",\"width\":1772,\"height\":1182},{\"@type\":\"BreadcrumbList\",\"@id\":\"https:\\\/\\\/www.laguiadepamplona.com\\\/actualidad\\\/pamplona-plantara-este-viernes-un-arbol-por-europa-en-el-parque-de-txantrea-sur-para-concienciar-sobre-el-desarrollo-sostenible-en-el-ambito-local\\\/#breadcrumb\",\"itemListElement\":[{\"@type\":\"ListItem\",\"position\":1,\"name\":\"Portada\",\"item\":\"https:\\\/\\\/www.laguiadepamplona.com\\\/actualidad\\\/\"},{\"@type\":\"ListItem\",\"position\":2,\"name\":\"Pamplona plantar\u00e1 este viernes \u2018Un \u00c1rbol Por Europa\u2019 en el parque de Txantrea Sur para concienciar sobre el desarrollo sostenible en el \u00e1mbito local\"}]},{\"@type\":\"WebSite\",\"@id\":\"https:\\\/\\\/www.laguiadepamplona.com\\\/actualidad\\\/#website\",\"url\":\"https:\\\/\\\/www.laguiadepamplona.com\\\/actualidad\\\/\",\"name\":\"La gu\u00eda de Pamplona\",\"description\":\"Noticias de Pamplona\",\"publisher\":{\"@id\":\"https:\\\/\\\/www.laguiadepamplona.com\\\/actualidad\\\/#organization\"},\"potentialAction\":[{\"@type\":\"SearchAction\",\"target\":{\"@type\":\"EntryPoint\",\"urlTemplate\":\"https:\\\/\\\/www.laguiadepamplona.com\\\/actualidad\\\/?s={search_term_string}\"},\"query-input\":{\"@type\":\"PropertyValueSpecification\",\"valueRequired\":true,\"valueName\":\"search_term_string\"}}],\"inLanguage\":\"es\"},{\"@type\":\"Organization\",\"@id\":\"https:\\\/\\\/www.laguiadepamplona.com\\\/actualidad\\\/#organization\",\"name\":\"La Gu\u00eda de Pamplona \\\/ Noticias\",\"url\":\"https:\\\/\\\/www.laguiadepamplona.com\\\/actualidad\\\/\",\"logo\":{\"@type\":\"ImageObject\",\"inLanguage\":\"es\",\"@id\":\"https:\\\/\\\/www.laguiadepamplona.com\\\/actualidad\\\/#\\\/schema\\\/logo\\\/image\\\/\",\"url\":\"https:\\\/\\\/www.laguiadepamplona.com\\\/actualidad\\\/wp-content\\\/uploads\\\/2018\\\/11\\\/logo-laguiadepamplona18-web1.png\",\"contentUrl\":\"https:\\\/\\\/www.laguiadepamplona.com\\\/actualidad\\\/wp-content\\\/uploads\\\/2018\\\/11\\\/logo-laguiadepamplona18-web1.png\",\"width\":600,\"height\":196,\"caption\":\"La Gu\u00eda de Pamplona \\\/ Noticias\"},\"image\":{\"@id\":\"https:\\\/\\\/www.laguiadepamplona.com\\\/actualidad\\\/#\\\/schema\\\/logo\\\/image\\\/\"},\"sameAs\":[\"https:\\\/\\\/www.facebook.com\\\/laguiadepamplonacom-133175176762273\\\/?ref=hl\",\"https:\\\/\\\/x.com\\\/LaGuiadPamplona\",\"https:\\\/\\\/www.instagram.com\\\/la_guia_de_pamplona\\\/\",\"https:\\\/\\\/www.youtube.com\\\/user\\\/laguiadepamplona\"]},{\"@type\":\"Person\",\"@id\":\"https:\\\/\\\/www.laguiadepamplona.com\\\/actualidad\\\/#\\\/schema\\\/person\\\/efe887376f0213d4657c93adc50b1fdb\",\"name\":\"La Gu\u00eda de Pamplona\",\"image\":{\"@type\":\"ImageObject\",\"inLanguage\":\"es\",\"@id\":\"https:\\\/\\\/secure.gravatar.com\\\/avatar\\\/b6992f131dc8d30ab0dff15446e9d346d9dbd95992de0fef795073f5ea83a81c?s=96&d=mm&r=g\",\"url\":\"https:\\\/\\\/secure.gravatar.com\\\/avatar\\\/b6992f131dc8d30ab0dff15446e9d346d9dbd95992de0fef795073f5ea83a81c?s=96&d=mm&r=g\",\"contentUrl\":\"https:\\\/\\\/secure.gravatar.com\\\/avatar\\\/b6992f131dc8d30ab0dff15446e9d346d9dbd95992de0fef795073f5ea83a81c?s=96&d=mm&r=g\",\"caption\":\"La Gu\u00eda de Pamplona\"}}]}<\/script>\n<!-- \/ Yoast SEO plugin. -->","yoast_head_json":{"title":"Pamplona plantar\u00e1 este viernes \u2018Un \u00c1rbol Por Europa\u2019 en el parque de Txantrea Sur para concienciar sobre el desarrollo sostenible en el \u00e1mbito local","description":"El Ayuntamiento ratificar\u00e1 as\u00ed su adhesi\u00f3n a esta campa\u00f1a promovida por Equipo Europa, a propuesta del presidente del Parlamento Europeo","robots":{"index":"index","follow":"follow","max-snippet":"max-snippet:-1","max-image-preview":"max-image-preview:large","max-video-preview":"max-video-preview:-1"},"canonical":"https:\/\/www.laguiadepamplona.com\/actualidad\/pamplona-plantara-este-viernes-un-arbol-por-europa-en-el-parque-de-txantrea-sur-para-concienciar-sobre-el-desarrollo-sostenible-en-el-ambito-local\/","og_locale":"es_ES","og_type":"article","og_title":"Pamplona plantar\u00e1 este viernes \u2018Un \u00c1rbol Por Europa\u2019 en el parque de Txantrea Sur para concienciar sobre el desarrollo sostenible en el \u00e1mbito local","og_description":"El Ayuntamiento ratificar\u00e1 as\u00ed su adhesi\u00f3n a esta campa\u00f1a promovida por Equipo Europa, a propuesta del presidente del Parlamento Europeo","og_url":"https:\/\/www.laguiadepamplona.com\/actualidad\/pamplona-plantara-este-viernes-un-arbol-por-europa-en-el-parque-de-txantrea-sur-para-concienciar-sobre-el-desarrollo-sostenible-en-el-ambito-local\/","og_site_name":"La Gu\u00eda de Pamplona","article_publisher":"https:\/\/www.facebook.com\/laguiadepamplonacom-133175176762273\/?ref=hl","article_published_time":"2022-02-17T15:45:47+00:00","article_modified_time":"2023-04-11T09:48:31+00:00","og_image":[{"width":1772,"height":1182,"url":"https:\/\/www.laguiadepamplona.com\/actualidad\/wp-content\/uploads\/2022\/02\/dia_arbol_2013_2.jpg","type":"image\/jpeg"}],"author":"La Gu\u00eda de Pamplona","twitter_card":"summary_large_image","twitter_creator":"@LaGuiadPamplona","twitter_site":"@LaGuiadPamplona","twitter_misc":{"Escrito por":"La Gu\u00eda de Pamplona","Tiempo de lectura":"3 minutos"},"schema":{"@context":"https:\/\/schema.org","@graph":[{"@type":"Article","@id":"https:\/\/www.laguiadepamplona.com\/actualidad\/pamplona-plantara-este-viernes-un-arbol-por-europa-en-el-parque-de-txantrea-sur-para-concienciar-sobre-el-desarrollo-sostenible-en-el-ambito-local\/#article","isPartOf":{"@id":"https:\/\/www.laguiadepamplona.com\/actualidad\/pamplona-plantara-este-viernes-un-arbol-por-europa-en-el-parque-de-txantrea-sur-para-concienciar-sobre-el-desarrollo-sostenible-en-el-ambito-local\/"},"author":{"name":"La Gu\u00eda de Pamplona","@id":"https:\/\/www.laguiadepamplona.com\/actualidad\/#\/schema\/person\/efe887376f0213d4657c93adc50b1fdb"},"headline":"Pamplona plantar\u00e1 este viernes \u2018Un \u00c1rbol Por Europa\u2019 en el parque de Txantrea Sur para concienciar sobre el desarrollo sostenible en el \u00e1mbito local","datePublished":"2022-02-17T15:45:47+00:00","dateModified":"2023-04-11T09:48:31+00:00","mainEntityOfPage":{"@id":"https:\/\/www.laguiadepamplona.com\/actualidad\/pamplona-plantara-este-viernes-un-arbol-por-europa-en-el-parque-de-txantrea-sur-para-concienciar-sobre-el-desarrollo-sostenible-en-el-ambito-local\/"},"wordCount":584,"commentCount":0,"publisher":{"@id":"https:\/\/www.laguiadepamplona.com\/actualidad\/#organization"},"image":{"@id":"https:\/\/www.laguiadepamplona.com\/actualidad\/pamplona-plantara-este-viernes-un-arbol-por-europa-en-el-parque-de-txantrea-sur-para-concienciar-sobre-el-desarrollo-sostenible-en-el-ambito-local\/#primaryimage"},"thumbnailUrl":"https:\/\/www.laguiadepamplona.com\/actualidad\/wp-content\/uploads\/2022\/02\/dia_arbol_2013_2.jpg","articleSection":["Ayto Pamplona"],"inLanguage":"es","potentialAction":[{"@type":"CommentAction","name":"Comment","target":["https:\/\/www.laguiadepamplona.com\/actualidad\/pamplona-plantara-este-viernes-un-arbol-por-europa-en-el-parque-de-txantrea-sur-para-concienciar-sobre-el-desarrollo-sostenible-en-el-ambito-local\/#respond"]}]},{"@type":"WebPage","@id":"https:\/\/www.laguiadepamplona.com\/actualidad\/pamplona-plantara-este-viernes-un-arbol-por-europa-en-el-parque-de-txantrea-sur-para-concienciar-sobre-el-desarrollo-sostenible-en-el-ambito-local\/","url":"https:\/\/www.laguiadepamplona.com\/actualidad\/pamplona-plantara-este-viernes-un-arbol-por-europa-en-el-parque-de-txantrea-sur-para-concienciar-sobre-el-desarrollo-sostenible-en-el-ambito-local\/","name":"Pamplona plantar\u00e1 este viernes \u2018Un \u00c1rbol Por Europa\u2019 en el parque de Txantrea Sur para concienciar sobre el desarrollo sostenible en el \u00e1mbito local","isPartOf":{"@id":"https:\/\/www.laguiadepamplona.com\/actualidad\/#website"},"primaryImageOfPage":{"@id":"https:\/\/www.laguiadepamplona.com\/actualidad\/pamplona-plantara-este-viernes-un-arbol-por-europa-en-el-parque-de-txantrea-sur-para-concienciar-sobre-el-desarrollo-sostenible-en-el-ambito-local\/#primaryimage"},"image":{"@id":"https:\/\/www.laguiadepamplona.com\/actualidad\/pamplona-plantara-este-viernes-un-arbol-por-europa-en-el-parque-de-txantrea-sur-para-concienciar-sobre-el-desarrollo-sostenible-en-el-ambito-local\/#primaryimage"},"thumbnailUrl":"https:\/\/www.laguiadepamplona.com\/actualidad\/wp-content\/uploads\/2022\/02\/dia_arbol_2013_2.jpg","datePublished":"2022-02-17T15:45:47+00:00","dateModified":"2023-04-11T09:48:31+00:00","description":"El Ayuntamiento ratificar\u00e1 as\u00ed su adhesi\u00f3n a esta campa\u00f1a promovida por Equipo Europa, a propuesta del presidente del Parlamento Europeo","breadcrumb":{"@id":"https:\/\/www.laguiadepamplona.com\/actualidad\/pamplona-plantara-este-viernes-un-arbol-por-europa-en-el-parque-de-txantrea-sur-para-concienciar-sobre-el-desarrollo-sostenible-en-el-ambito-local\/#breadcrumb"},"inLanguage":"es","potentialAction":[{"@type":"ReadAction","target":["https:\/\/www.laguiadepamplona.com\/actualidad\/pamplona-plantara-este-viernes-un-arbol-por-europa-en-el-parque-de-txantrea-sur-para-concienciar-sobre-el-desarrollo-sostenible-en-el-ambito-local\/"]}]},{"@type":"ImageObject","inLanguage":"es","@id":"https:\/\/www.laguiadepamplona.com\/actualidad\/pamplona-plantara-este-viernes-un-arbol-por-europa-en-el-parque-de-txantrea-sur-para-concienciar-sobre-el-desarrollo-sostenible-en-el-ambito-local\/#primaryimage","url":"https:\/\/www.laguiadepamplona.com\/actualidad\/wp-content\/uploads\/2022\/02\/dia_arbol_2013_2.jpg","contentUrl":"https:\/\/www.laguiadepamplona.com\/actualidad\/wp-content\/uploads\/2022\/02\/dia_arbol_2013_2.jpg","width":1772,"height":1182},{"@type":"BreadcrumbList","@id":"https:\/\/www.laguiadepamplona.com\/actualidad\/pamplona-plantara-este-viernes-un-arbol-por-europa-en-el-parque-de-txantrea-sur-para-concienciar-sobre-el-desarrollo-sostenible-en-el-ambito-local\/#breadcrumb","itemListElement":[{"@type":"ListItem","position":1,"name":"Portada","item":"https:\/\/www.laguiadepamplona.com\/actualidad\/"},{"@type":"ListItem","position":2,"name":"Pamplona plantar\u00e1 este viernes \u2018Un \u00c1rbol Por Europa\u2019 en el parque de Txantrea Sur para concienciar sobre el desarrollo sostenible en el \u00e1mbito local"}]},{"@type":"WebSite","@id":"https:\/\/www.laguiadepamplona.com\/actualidad\/#website","url":"https:\/\/www.laguiadepamplona.com\/actualidad\/","name":"La gu\u00eda de Pamplona","description":"Noticias de Pamplona","publisher":{"@id":"https:\/\/www.laguiadepamplona.com\/actualidad\/#organization"},"potentialAction":[{"@type":"SearchAction","target":{"@type":"EntryPoint","urlTemplate":"https:\/\/www.laguiadepamplona.com\/actualidad\/?s={search_term_string}"},"query-input":{"@type":"PropertyValueSpecification","valueRequired":true,"valueName":"search_term_string"}}],"inLanguage":"es"},{"@type":"Organization","@id":"https:\/\/www.laguiadepamplona.com\/actualidad\/#organization","name":"La Gu\u00eda de Pamplona \/ Noticias","url":"https:\/\/www.laguiadepamplona.com\/actualidad\/","logo":{"@type":"ImageObject","inLanguage":"es","@id":"https:\/\/www.laguiadepamplona.com\/actualidad\/#\/schema\/logo\/image\/","url":"https:\/\/www.laguiadepamplona.com\/actualidad\/wp-content\/uploads\/2018\/11\/logo-laguiadepamplona18-web1.png","contentUrl":"https:\/\/www.laguiadepamplona.com\/actualidad\/wp-content\/uploads\/2018\/11\/logo-laguiadepamplona18-web1.png","width":600,"height":196,"caption":"La Gu\u00eda de Pamplona \/ Noticias"},"image":{"@id":"https:\/\/www.laguiadepamplona.com\/actualidad\/#\/schema\/logo\/image\/"},"sameAs":["https:\/\/www.facebook.com\/laguiadepamplonacom-133175176762273\/?ref=hl","https:\/\/x.com\/LaGuiadPamplona","https:\/\/www.instagram.com\/la_guia_de_pamplona\/","https:\/\/www.youtube.com\/user\/laguiadepamplona"]},{"@type":"Person","@id":"https:\/\/www.laguiadepamplona.com\/actualidad\/#\/schema\/person\/efe887376f0213d4657c93adc50b1fdb","name":"La Gu\u00eda de Pamplona","image":{"@type":"ImageObject","inLanguage":"es","@id":"https:\/\/secure.gravatar.com\/avatar\/b6992f131dc8d30ab0dff15446e9d346d9dbd95992de0fef795073f5ea83a81c?s=96&d=mm&r=g","url":"https:\/\/secure.gravatar.com\/avatar\/b6992f131dc8d30ab0dff15446e9d346d9dbd95992de0fef795073f5ea83a81c?s=96&d=mm&r=g","contentUrl":"https:\/\/secure.gravatar.com\/avatar\/b6992f131dc8d30ab0dff15446e9d346d9dbd95992de0fef795073f5ea83a81c?s=96&d=mm&r=g","caption":"La Gu\u00eda de Pamplona"}}]}},"post_mailing_queue_ids":[],"_links":{"self":[{"href":"https:\/\/www.laguiadepamplona.com\/actualidad\/wp-json\/wp\/v2\/posts\/38886","targetHints":{"allow":["GET"]}}],"collection":[{"href":"https:\/\/www.laguiadepamplona.com\/actualidad\/wp-json\/wp\/v2\/posts"}],"about":[{"href":"https:\/\/www.laguiadepamplona.com\/actualidad\/wp-json\/wp\/v2\/types\/post"}],"author":[{"embeddable":true,"href":"https:\/\/www.laguiadepamplona.com\/actualidad\/wp-json\/wp\/v2\/users\/1"}],"replies":[{"embeddable":true,"href":"https:\/\/www.laguiadepamplona.com\/actualidad\/wp-json\/wp\/v2\/comments?post=38886"}],"version-history":[{"count":0,"href":"https:\/\/www.laguiadepamplona.com\/actualidad\/wp-json\/wp\/v2\/posts\/38886\/revisions"}],"wp:featuredmedia":[{"embeddable":true,"href":"https:\/\/www.laguiadepamplona.com\/actualidad\/wp-json\/wp\/v2\/media\/38887"}],"wp:attachment":[{"href":"https:\/\/www.laguiadepamplona.com\/actualidad\/wp-json\/wp\/v2\/media?parent=38886"}],"wp:term":[{"taxonomy":"category","embeddable":true,"href":"https:\/\/www.laguiadepamplona.com\/actualidad\/wp-json\/wp\/v2\/categories?post=38886"},{"taxonomy":"post_tag","embeddable":true,"href":"https:\/\/www.laguiadepamplona.com\/actualidad\/wp-json\/wp\/v2\/tags?post=38886"}],"curies":[{"name":"wp","href":"https:\/\/api.w.org\/{rel}","templated":true}]}}