{"id":38830,"date":"2022-02-16T13:52:05","date_gmt":"2022-02-16T11:52:05","guid":{"rendered":"https:\/\/www.laguiadepamplona.com\/actualidad\/?p=38830"},"modified":"2023-04-11T11:48:31","modified_gmt":"2023-04-11T09:48:31","slug":"el-ayuntamiento-de-pamplona-cede-a-dos-asociaciones-un-local-en-la-txantrea-para-crear-un-espacio-de-encuentro-y-apoyo-a-las-iniciativas-emprendedoras-y-sociales","status":"publish","type":"post","link":"https:\/\/www.laguiadepamplona.com\/actualidad\/el-ayuntamiento-de-pamplona-cede-a-dos-asociaciones-un-local-en-la-txantrea-para-crear-un-espacio-de-encuentro-y-apoyo-a-las-iniciativas-emprendedoras-y-sociales\/","title":{"rendered":"El Ayuntamiento de Pamplona cede a dos asociaciones un local en la Txantrea para crear un espacio de encuentro y apoyo a las iniciativas emprendedoras y sociales"},"content":{"rendered":"<h5>A trav\u00e9s de un convenio, se ha acordado la cesi\u00f3n del inmueble de la calle Villafranca para los pr\u00f3ximos cinco a\u00f1os, prorrogables cinco m\u00e1s<\/h5>\n<p><!--more--><\/p>\n<p>El Ayuntamiento de Pamplona ha suscrito un convenio con la Asociaci\u00f3n de Comerciantes de la Txantrea y la Asociaci\u00f3n Corazones Happy para la cesi\u00f3n de un local en el barrio donde poner en marcha un espacio de encuentro y apoyo a iniciativas sociales y emprendedoras. En la firma del convenio han participado la concejala delegada de Gobierno Estrat\u00e9gico, Comercio y Turismo, Ana Elizalde, as\u00ed como Mar\u00eda Concepci\u00f3n Garc\u00eda G\u00f3mez y Vicente Javier Go\u00f1i Ciordia, presidentes de ambas asociaciones.<br \/>\n<script async src=\"\/\/pagead2.googlesyndication.com\/pagead\/js\/adsbygoogle.js\"><\/script><br \/>\n<!-- Noticias La Guia de Pamplona --><br \/>\n<ins class=\"adsbygoogle\"\nstyle=\"display:block\"\ndata-ad-client=\"ca-pub-6943679897239327\"\ndata-ad-slot=\"7048180777\"\ndata-ad-format=\"auto\"><\/ins><br \/>\n<script>\n(adsbygoogle = window.adsbygoogle || []).push({});\n<\/script><\/p>\n<p>A trav\u00e9s de este acuerdo, el Consistorio se compromete a ceder un local municipal, ubicado en la calle Villafranca, n\u00famero 1, para poner en marcha el proyecto \u2018Coworking social Auzolagune\u2019 durante cinco a\u00f1os, prorrogable otros cinco m\u00e1s. Este espacio, que acoger\u00e1 la sede de la Asociaci\u00f3n de Comerciantes, prev\u00e9 aunar iniciativas de emprendimiento y de desarrollo de actividades econ\u00f3micas y sociales, que mejoren la calidad de los servicios de la zona y de las personas residentes en el barrio.<\/p>\n<p>Auzolagune, de la mano de la Asociaci\u00f3n de Comerciantes, apoyar\u00e1 la realizaci\u00f3n de proyectos colaborativos con fines comunitarios, ofrecer\u00e1 asesoramiento y formaci\u00f3n a negocios ya instalados, favorecer\u00e1 el traspaso de negocios por jubilaci\u00f3n, promover\u00e1 la ocupaci\u00f3n de locales disponibles y apoyar\u00e1 la digitalizaci\u00f3n del comercio y de las pymes, entre otros aspectos.<br \/>\n<script async src=\"\/\/pagead2.googlesyndication.com\/pagead\/js\/adsbygoogle.js\"><\/script><br \/>\n<!-- Noticias La Guia de Pamplona --><br \/>\n<ins class=\"adsbygoogle\"\nstyle=\"display:block\"\ndata-ad-client=\"ca-pub-6943679897239327\"\ndata-ad-slot=\"7048180777\"\ndata-ad-format=\"auto\"><\/ins><br \/>\n<script>\n(adsbygoogle = window.adsbygoogle || []).push({});\n<\/script><\/p>\n<p>Adem\u00e1s, los fines de semana, la Asociaci\u00f3n Corazones Happy, har\u00e1 uso de estos espacios. Se trata de una entidad del \u00e1mbito social, vinculada tambi\u00e9n al barrio de Txantrea, dedicada a ofrecer actividades de ocio y tiempo libre para personas con discapacidad como medio de apoyo a las familias y personas cuidadoras.<\/p>\n<p>El convenio ahora firmado supone la culminaci\u00f3n de un acuerdo del Ayuntamiento de este pasado verano, cuando se inici\u00f3 la tramitaci\u00f3n para modificar la calificaci\u00f3n jur\u00eddica de este local en Orvina para su posterior cesi\u00f3n de uso a ambas asociaciones. El local, de 200 metros cuadrados, cuenta con siete despachos, dos ba\u00f1os y una zona de recepci\u00f3n. Mediante este convenio, el Consistorio se compromete a adecuar el lugar y las asociaciones deber\u00e1n cumplir una serie de requisitos, como no arrendar ni ceder el espacio a terceros y asumir los gastos de funcionamiento. Adem\u00e1s, cualquier reforma que se quiera hacer en el local deber\u00e1 contar con la autorizaci\u00f3n del Ayuntamiento.<\/p>\n","protected":false},"excerpt":{"rendered":"<p>A trav\u00e9s de un convenio, se ha acordado la cesi\u00f3n del inmueble de la calle Villafranca para los pr\u00f3ximos cinco a\u00f1os, prorrogables cinco m\u00e1s<\/p>\n","protected":false},"author":1,"featured_media":38831,"comment_status":"open","ping_status":"closed","sticky":false,"template":"","format":"standard","meta":{"footnotes":""},"categories":[2],"tags":[],"class_list":["post-38830","post","type-post","status-publish","format-standard","has-post-thumbnail","hentry","category-ayuntamiento-pamplona"],"yoast_head":"<!-- This site is optimized with the Yoast SEO plugin v27.3 - https:\/\/yoast.com\/product\/yoast-seo-wordpress\/ -->\n<title>El Ayuntamiento de Pamplona cede a dos asociaciones un local en la Txantrea para crear un espacio de encuentro y apoyo a las iniciativas emprendedoras y sociales<\/title>\n<meta name=\"description\" content=\"A trav\u00e9s de un convenio, se ha acordado la cesi\u00f3n del inmueble de la calle Villafranca para los pr\u00f3ximos cinco a\u00f1os, prorrogables cinco m\u00e1s\" \/>\n<meta name=\"robots\" content=\"index, follow, max-snippet:-1, max-image-preview:large, max-video-preview:-1\" \/>\n<link rel=\"canonical\" href=\"https:\/\/www.laguiadepamplona.com\/actualidad\/el-ayuntamiento-de-pamplona-cede-a-dos-asociaciones-un-local-en-la-txantrea-para-crear-un-espacio-de-encuentro-y-apoyo-a-las-iniciativas-emprendedoras-y-sociales\/\" \/>\n<meta property=\"og:locale\" content=\"es_ES\" \/>\n<meta property=\"og:type\" content=\"article\" \/>\n<meta property=\"og:title\" content=\"El Ayuntamiento de Pamplona cede a dos asociaciones un local en la Txantrea para crear un espacio de encuentro y apoyo a las iniciativas emprendedoras y sociales\" \/>\n<meta property=\"og:description\" content=\"A trav\u00e9s de un convenio, se ha acordado la cesi\u00f3n del inmueble de la calle Villafranca para los pr\u00f3ximos cinco a\u00f1os, prorrogables cinco m\u00e1s\" \/>\n<meta property=\"og:url\" content=\"https:\/\/www.laguiadepamplona.com\/actualidad\/el-ayuntamiento-de-pamplona-cede-a-dos-asociaciones-un-local-en-la-txantrea-para-crear-un-espacio-de-encuentro-y-apoyo-a-las-iniciativas-emprendedoras-y-sociales\/\" \/>\n<meta property=\"og:site_name\" content=\"La Gu\u00eda de Pamplona\" \/>\n<meta property=\"article:publisher\" content=\"https:\/\/www.facebook.com\/laguiadepamplonacom-133175176762273\/?ref=hl\" \/>\n<meta property=\"article:published_time\" content=\"2022-02-16T11:52:05+00:00\" \/>\n<meta property=\"article:modified_time\" content=\"2023-04-11T09:48:31+00:00\" \/>\n<meta property=\"og:image\" content=\"https:\/\/www.laguiadepamplona.com\/actualidad\/wp-content\/uploads\/2022\/02\/FIRMA-COMERC-ROCHA_CORAZONES-HAPPY_EE5A9707.jpg\" \/>\n\t<meta property=\"og:image:width\" content=\"1920\" \/>\n\t<meta property=\"og:image:height\" content=\"1282\" \/>\n\t<meta property=\"og:image:type\" content=\"image\/jpeg\" \/>\n<meta name=\"author\" content=\"La Gu\u00eda de Pamplona\" \/>\n<meta name=\"twitter:card\" content=\"summary_large_image\" \/>\n<meta name=\"twitter:creator\" content=\"@LaGuiadPamplona\" \/>\n<meta name=\"twitter:site\" content=\"@LaGuiadPamplona\" \/>\n<meta name=\"twitter:label1\" content=\"Escrito por\" \/>\n\t<meta name=\"twitter:data1\" content=\"La Gu\u00eda de Pamplona\" \/>\n\t<meta name=\"twitter:label2\" content=\"Tiempo de lectura\" \/>\n\t<meta name=\"twitter:data2\" content=\"2 minutos\" \/>\n<script type=\"application\/ld+json\" class=\"yoast-schema-graph\">{\"@context\":\"https:\\\/\\\/schema.org\",\"@graph\":[{\"@type\":\"Article\",\"@id\":\"https:\\\/\\\/www.laguiadepamplona.com\\\/actualidad\\\/el-ayuntamiento-de-pamplona-cede-a-dos-asociaciones-un-local-en-la-txantrea-para-crear-un-espacio-de-encuentro-y-apoyo-a-las-iniciativas-emprendedoras-y-sociales\\\/#article\",\"isPartOf\":{\"@id\":\"https:\\\/\\\/www.laguiadepamplona.com\\\/actualidad\\\/el-ayuntamiento-de-pamplona-cede-a-dos-asociaciones-un-local-en-la-txantrea-para-crear-un-espacio-de-encuentro-y-apoyo-a-las-iniciativas-emprendedoras-y-sociales\\\/\"},\"author\":{\"name\":\"La Gu\u00eda de Pamplona\",\"@id\":\"https:\\\/\\\/www.laguiadepamplona.com\\\/actualidad\\\/#\\\/schema\\\/person\\\/efe887376f0213d4657c93adc50b1fdb\"},\"headline\":\"El Ayuntamiento de Pamplona cede a dos asociaciones un local en la Txantrea para crear un espacio de encuentro y apoyo a las iniciativas emprendedoras y sociales\",\"datePublished\":\"2022-02-16T11:52:05+00:00\",\"dateModified\":\"2023-04-11T09:48:31+00:00\",\"mainEntityOfPage\":{\"@id\":\"https:\\\/\\\/www.laguiadepamplona.com\\\/actualidad\\\/el-ayuntamiento-de-pamplona-cede-a-dos-asociaciones-un-local-en-la-txantrea-para-crear-un-espacio-de-encuentro-y-apoyo-a-las-iniciativas-emprendedoras-y-sociales\\\/\"},\"wordCount\":457,\"commentCount\":0,\"publisher\":{\"@id\":\"https:\\\/\\\/www.laguiadepamplona.com\\\/actualidad\\\/#organization\"},\"image\":{\"@id\":\"https:\\\/\\\/www.laguiadepamplona.com\\\/actualidad\\\/el-ayuntamiento-de-pamplona-cede-a-dos-asociaciones-un-local-en-la-txantrea-para-crear-un-espacio-de-encuentro-y-apoyo-a-las-iniciativas-emprendedoras-y-sociales\\\/#primaryimage\"},\"thumbnailUrl\":\"https:\\\/\\\/www.laguiadepamplona.com\\\/actualidad\\\/wp-content\\\/uploads\\\/2022\\\/02\\\/FIRMA-COMERC-ROCHA_CORAZONES-HAPPY_EE5A9707.jpg\",\"articleSection\":[\"Ayto Pamplona\"],\"inLanguage\":\"es\",\"potentialAction\":[{\"@type\":\"CommentAction\",\"name\":\"Comment\",\"target\":[\"https:\\\/\\\/www.laguiadepamplona.com\\\/actualidad\\\/el-ayuntamiento-de-pamplona-cede-a-dos-asociaciones-un-local-en-la-txantrea-para-crear-un-espacio-de-encuentro-y-apoyo-a-las-iniciativas-emprendedoras-y-sociales\\\/#respond\"]}]},{\"@type\":\"WebPage\",\"@id\":\"https:\\\/\\\/www.laguiadepamplona.com\\\/actualidad\\\/el-ayuntamiento-de-pamplona-cede-a-dos-asociaciones-un-local-en-la-txantrea-para-crear-un-espacio-de-encuentro-y-apoyo-a-las-iniciativas-emprendedoras-y-sociales\\\/\",\"url\":\"https:\\\/\\\/www.laguiadepamplona.com\\\/actualidad\\\/el-ayuntamiento-de-pamplona-cede-a-dos-asociaciones-un-local-en-la-txantrea-para-crear-un-espacio-de-encuentro-y-apoyo-a-las-iniciativas-emprendedoras-y-sociales\\\/\",\"name\":\"El Ayuntamiento de Pamplona cede a dos asociaciones un local en la Txantrea para crear un espacio de encuentro y apoyo a las iniciativas emprendedoras y sociales\",\"isPartOf\":{\"@id\":\"https:\\\/\\\/www.laguiadepamplona.com\\\/actualidad\\\/#website\"},\"primaryImageOfPage\":{\"@id\":\"https:\\\/\\\/www.laguiadepamplona.com\\\/actualidad\\\/el-ayuntamiento-de-pamplona-cede-a-dos-asociaciones-un-local-en-la-txantrea-para-crear-un-espacio-de-encuentro-y-apoyo-a-las-iniciativas-emprendedoras-y-sociales\\\/#primaryimage\"},\"image\":{\"@id\":\"https:\\\/\\\/www.laguiadepamplona.com\\\/actualidad\\\/el-ayuntamiento-de-pamplona-cede-a-dos-asociaciones-un-local-en-la-txantrea-para-crear-un-espacio-de-encuentro-y-apoyo-a-las-iniciativas-emprendedoras-y-sociales\\\/#primaryimage\"},\"thumbnailUrl\":\"https:\\\/\\\/www.laguiadepamplona.com\\\/actualidad\\\/wp-content\\\/uploads\\\/2022\\\/02\\\/FIRMA-COMERC-ROCHA_CORAZONES-HAPPY_EE5A9707.jpg\",\"datePublished\":\"2022-02-16T11:52:05+00:00\",\"dateModified\":\"2023-04-11T09:48:31+00:00\",\"description\":\"A trav\u00e9s de un convenio, se ha acordado la cesi\u00f3n del inmueble de la calle Villafranca para los pr\u00f3ximos cinco a\u00f1os, prorrogables cinco m\u00e1s\",\"breadcrumb\":{\"@id\":\"https:\\\/\\\/www.laguiadepamplona.com\\\/actualidad\\\/el-ayuntamiento-de-pamplona-cede-a-dos-asociaciones-un-local-en-la-txantrea-para-crear-un-espacio-de-encuentro-y-apoyo-a-las-iniciativas-emprendedoras-y-sociales\\\/#breadcrumb\"},\"inLanguage\":\"es\",\"potentialAction\":[{\"@type\":\"ReadAction\",\"target\":[\"https:\\\/\\\/www.laguiadepamplona.com\\\/actualidad\\\/el-ayuntamiento-de-pamplona-cede-a-dos-asociaciones-un-local-en-la-txantrea-para-crear-un-espacio-de-encuentro-y-apoyo-a-las-iniciativas-emprendedoras-y-sociales\\\/\"]}]},{\"@type\":\"ImageObject\",\"inLanguage\":\"es\",\"@id\":\"https:\\\/\\\/www.laguiadepamplona.com\\\/actualidad\\\/el-ayuntamiento-de-pamplona-cede-a-dos-asociaciones-un-local-en-la-txantrea-para-crear-un-espacio-de-encuentro-y-apoyo-a-las-iniciativas-emprendedoras-y-sociales\\\/#primaryimage\",\"url\":\"https:\\\/\\\/www.laguiadepamplona.com\\\/actualidad\\\/wp-content\\\/uploads\\\/2022\\\/02\\\/FIRMA-COMERC-ROCHA_CORAZONES-HAPPY_EE5A9707.jpg\",\"contentUrl\":\"https:\\\/\\\/www.laguiadepamplona.com\\\/actualidad\\\/wp-content\\\/uploads\\\/2022\\\/02\\\/FIRMA-COMERC-ROCHA_CORAZONES-HAPPY_EE5A9707.jpg\",\"width\":1920,\"height\":1282},{\"@type\":\"BreadcrumbList\",\"@id\":\"https:\\\/\\\/www.laguiadepamplona.com\\\/actualidad\\\/el-ayuntamiento-de-pamplona-cede-a-dos-asociaciones-un-local-en-la-txantrea-para-crear-un-espacio-de-encuentro-y-apoyo-a-las-iniciativas-emprendedoras-y-sociales\\\/#breadcrumb\",\"itemListElement\":[{\"@type\":\"ListItem\",\"position\":1,\"name\":\"Portada\",\"item\":\"https:\\\/\\\/www.laguiadepamplona.com\\\/actualidad\\\/\"},{\"@type\":\"ListItem\",\"position\":2,\"name\":\"El Ayuntamiento de Pamplona cede a dos asociaciones un local en la Txantrea para crear un espacio de encuentro y apoyo a las iniciativas emprendedoras y sociales\"}]},{\"@type\":\"WebSite\",\"@id\":\"https:\\\/\\\/www.laguiadepamplona.com\\\/actualidad\\\/#website\",\"url\":\"https:\\\/\\\/www.laguiadepamplona.com\\\/actualidad\\\/\",\"name\":\"La gu\u00eda de Pamplona\",\"description\":\"Noticias de Pamplona\",\"publisher\":{\"@id\":\"https:\\\/\\\/www.laguiadepamplona.com\\\/actualidad\\\/#organization\"},\"potentialAction\":[{\"@type\":\"SearchAction\",\"target\":{\"@type\":\"EntryPoint\",\"urlTemplate\":\"https:\\\/\\\/www.laguiadepamplona.com\\\/actualidad\\\/?s={search_term_string}\"},\"query-input\":{\"@type\":\"PropertyValueSpecification\",\"valueRequired\":true,\"valueName\":\"search_term_string\"}}],\"inLanguage\":\"es\"},{\"@type\":\"Organization\",\"@id\":\"https:\\\/\\\/www.laguiadepamplona.com\\\/actualidad\\\/#organization\",\"name\":\"La Gu\u00eda de Pamplona \\\/ Noticias\",\"url\":\"https:\\\/\\\/www.laguiadepamplona.com\\\/actualidad\\\/\",\"logo\":{\"@type\":\"ImageObject\",\"inLanguage\":\"es\",\"@id\":\"https:\\\/\\\/www.laguiadepamplona.com\\\/actualidad\\\/#\\\/schema\\\/logo\\\/image\\\/\",\"url\":\"https:\\\/\\\/www.laguiadepamplona.com\\\/actualidad\\\/wp-content\\\/uploads\\\/2018\\\/11\\\/logo-laguiadepamplona18-web1.png\",\"contentUrl\":\"https:\\\/\\\/www.laguiadepamplona.com\\\/actualidad\\\/wp-content\\\/uploads\\\/2018\\\/11\\\/logo-laguiadepamplona18-web1.png\",\"width\":600,\"height\":196,\"caption\":\"La Gu\u00eda de Pamplona \\\/ Noticias\"},\"image\":{\"@id\":\"https:\\\/\\\/www.laguiadepamplona.com\\\/actualidad\\\/#\\\/schema\\\/logo\\\/image\\\/\"},\"sameAs\":[\"https:\\\/\\\/www.facebook.com\\\/laguiadepamplonacom-133175176762273\\\/?ref=hl\",\"https:\\\/\\\/x.com\\\/LaGuiadPamplona\",\"https:\\\/\\\/www.instagram.com\\\/la_guia_de_pamplona\\\/\",\"https:\\\/\\\/www.youtube.com\\\/user\\\/laguiadepamplona\"]},{\"@type\":\"Person\",\"@id\":\"https:\\\/\\\/www.laguiadepamplona.com\\\/actualidad\\\/#\\\/schema\\\/person\\\/efe887376f0213d4657c93adc50b1fdb\",\"name\":\"La Gu\u00eda de Pamplona\",\"image\":{\"@type\":\"ImageObject\",\"inLanguage\":\"es\",\"@id\":\"https:\\\/\\\/secure.gravatar.com\\\/avatar\\\/b6992f131dc8d30ab0dff15446e9d346d9dbd95992de0fef795073f5ea83a81c?s=96&d=mm&r=g\",\"url\":\"https:\\\/\\\/secure.gravatar.com\\\/avatar\\\/b6992f131dc8d30ab0dff15446e9d346d9dbd95992de0fef795073f5ea83a81c?s=96&d=mm&r=g\",\"contentUrl\":\"https:\\\/\\\/secure.gravatar.com\\\/avatar\\\/b6992f131dc8d30ab0dff15446e9d346d9dbd95992de0fef795073f5ea83a81c?s=96&d=mm&r=g\",\"caption\":\"La Gu\u00eda de Pamplona\"}}]}<\/script>\n<!-- \/ Yoast SEO plugin. -->","yoast_head_json":{"title":"El Ayuntamiento de Pamplona cede a dos asociaciones un local en la Txantrea para crear un espacio de encuentro y apoyo a las iniciativas emprendedoras y sociales","description":"A trav\u00e9s de un convenio, se ha acordado la cesi\u00f3n del inmueble de la calle Villafranca para los pr\u00f3ximos cinco a\u00f1os, prorrogables cinco m\u00e1s","robots":{"index":"index","follow":"follow","max-snippet":"max-snippet:-1","max-image-preview":"max-image-preview:large","max-video-preview":"max-video-preview:-1"},"canonical":"https:\/\/www.laguiadepamplona.com\/actualidad\/el-ayuntamiento-de-pamplona-cede-a-dos-asociaciones-un-local-en-la-txantrea-para-crear-un-espacio-de-encuentro-y-apoyo-a-las-iniciativas-emprendedoras-y-sociales\/","og_locale":"es_ES","og_type":"article","og_title":"El Ayuntamiento de Pamplona cede a dos asociaciones un local en la Txantrea para crear un espacio de encuentro y apoyo a las iniciativas emprendedoras y sociales","og_description":"A trav\u00e9s de un convenio, se ha acordado la cesi\u00f3n del inmueble de la calle Villafranca para los pr\u00f3ximos cinco a\u00f1os, prorrogables cinco m\u00e1s","og_url":"https:\/\/www.laguiadepamplona.com\/actualidad\/el-ayuntamiento-de-pamplona-cede-a-dos-asociaciones-un-local-en-la-txantrea-para-crear-un-espacio-de-encuentro-y-apoyo-a-las-iniciativas-emprendedoras-y-sociales\/","og_site_name":"La Gu\u00eda de Pamplona","article_publisher":"https:\/\/www.facebook.com\/laguiadepamplonacom-133175176762273\/?ref=hl","article_published_time":"2022-02-16T11:52:05+00:00","article_modified_time":"2023-04-11T09:48:31+00:00","og_image":[{"width":1920,"height":1282,"url":"https:\/\/www.laguiadepamplona.com\/actualidad\/wp-content\/uploads\/2022\/02\/FIRMA-COMERC-ROCHA_CORAZONES-HAPPY_EE5A9707.jpg","type":"image\/jpeg"}],"author":"La Gu\u00eda de Pamplona","twitter_card":"summary_large_image","twitter_creator":"@LaGuiadPamplona","twitter_site":"@LaGuiadPamplona","twitter_misc":{"Escrito por":"La Gu\u00eda de Pamplona","Tiempo de lectura":"2 minutos"},"schema":{"@context":"https:\/\/schema.org","@graph":[{"@type":"Article","@id":"https:\/\/www.laguiadepamplona.com\/actualidad\/el-ayuntamiento-de-pamplona-cede-a-dos-asociaciones-un-local-en-la-txantrea-para-crear-un-espacio-de-encuentro-y-apoyo-a-las-iniciativas-emprendedoras-y-sociales\/#article","isPartOf":{"@id":"https:\/\/www.laguiadepamplona.com\/actualidad\/el-ayuntamiento-de-pamplona-cede-a-dos-asociaciones-un-local-en-la-txantrea-para-crear-un-espacio-de-encuentro-y-apoyo-a-las-iniciativas-emprendedoras-y-sociales\/"},"author":{"name":"La Gu\u00eda de Pamplona","@id":"https:\/\/www.laguiadepamplona.com\/actualidad\/#\/schema\/person\/efe887376f0213d4657c93adc50b1fdb"},"headline":"El Ayuntamiento de Pamplona cede a dos asociaciones un local en la Txantrea para crear un espacio de encuentro y apoyo a las iniciativas emprendedoras y sociales","datePublished":"2022-02-16T11:52:05+00:00","dateModified":"2023-04-11T09:48:31+00:00","mainEntityOfPage":{"@id":"https:\/\/www.laguiadepamplona.com\/actualidad\/el-ayuntamiento-de-pamplona-cede-a-dos-asociaciones-un-local-en-la-txantrea-para-crear-un-espacio-de-encuentro-y-apoyo-a-las-iniciativas-emprendedoras-y-sociales\/"},"wordCount":457,"commentCount":0,"publisher":{"@id":"https:\/\/www.laguiadepamplona.com\/actualidad\/#organization"},"image":{"@id":"https:\/\/www.laguiadepamplona.com\/actualidad\/el-ayuntamiento-de-pamplona-cede-a-dos-asociaciones-un-local-en-la-txantrea-para-crear-un-espacio-de-encuentro-y-apoyo-a-las-iniciativas-emprendedoras-y-sociales\/#primaryimage"},"thumbnailUrl":"https:\/\/www.laguiadepamplona.com\/actualidad\/wp-content\/uploads\/2022\/02\/FIRMA-COMERC-ROCHA_CORAZONES-HAPPY_EE5A9707.jpg","articleSection":["Ayto Pamplona"],"inLanguage":"es","potentialAction":[{"@type":"CommentAction","name":"Comment","target":["https:\/\/www.laguiadepamplona.com\/actualidad\/el-ayuntamiento-de-pamplona-cede-a-dos-asociaciones-un-local-en-la-txantrea-para-crear-un-espacio-de-encuentro-y-apoyo-a-las-iniciativas-emprendedoras-y-sociales\/#respond"]}]},{"@type":"WebPage","@id":"https:\/\/www.laguiadepamplona.com\/actualidad\/el-ayuntamiento-de-pamplona-cede-a-dos-asociaciones-un-local-en-la-txantrea-para-crear-un-espacio-de-encuentro-y-apoyo-a-las-iniciativas-emprendedoras-y-sociales\/","url":"https:\/\/www.laguiadepamplona.com\/actualidad\/el-ayuntamiento-de-pamplona-cede-a-dos-asociaciones-un-local-en-la-txantrea-para-crear-un-espacio-de-encuentro-y-apoyo-a-las-iniciativas-emprendedoras-y-sociales\/","name":"El Ayuntamiento de Pamplona cede a dos asociaciones un local en la Txantrea para crear un espacio de encuentro y apoyo a las iniciativas emprendedoras y sociales","isPartOf":{"@id":"https:\/\/www.laguiadepamplona.com\/actualidad\/#website"},"primaryImageOfPage":{"@id":"https:\/\/www.laguiadepamplona.com\/actualidad\/el-ayuntamiento-de-pamplona-cede-a-dos-asociaciones-un-local-en-la-txantrea-para-crear-un-espacio-de-encuentro-y-apoyo-a-las-iniciativas-emprendedoras-y-sociales\/#primaryimage"},"image":{"@id":"https:\/\/www.laguiadepamplona.com\/actualidad\/el-ayuntamiento-de-pamplona-cede-a-dos-asociaciones-un-local-en-la-txantrea-para-crear-un-espacio-de-encuentro-y-apoyo-a-las-iniciativas-emprendedoras-y-sociales\/#primaryimage"},"thumbnailUrl":"https:\/\/www.laguiadepamplona.com\/actualidad\/wp-content\/uploads\/2022\/02\/FIRMA-COMERC-ROCHA_CORAZONES-HAPPY_EE5A9707.jpg","datePublished":"2022-02-16T11:52:05+00:00","dateModified":"2023-04-11T09:48:31+00:00","description":"A trav\u00e9s de un convenio, se ha acordado la cesi\u00f3n del inmueble de la calle Villafranca para los pr\u00f3ximos cinco a\u00f1os, prorrogables cinco m\u00e1s","breadcrumb":{"@id":"https:\/\/www.laguiadepamplona.com\/actualidad\/el-ayuntamiento-de-pamplona-cede-a-dos-asociaciones-un-local-en-la-txantrea-para-crear-un-espacio-de-encuentro-y-apoyo-a-las-iniciativas-emprendedoras-y-sociales\/#breadcrumb"},"inLanguage":"es","potentialAction":[{"@type":"ReadAction","target":["https:\/\/www.laguiadepamplona.com\/actualidad\/el-ayuntamiento-de-pamplona-cede-a-dos-asociaciones-un-local-en-la-txantrea-para-crear-un-espacio-de-encuentro-y-apoyo-a-las-iniciativas-emprendedoras-y-sociales\/"]}]},{"@type":"ImageObject","inLanguage":"es","@id":"https:\/\/www.laguiadepamplona.com\/actualidad\/el-ayuntamiento-de-pamplona-cede-a-dos-asociaciones-un-local-en-la-txantrea-para-crear-un-espacio-de-encuentro-y-apoyo-a-las-iniciativas-emprendedoras-y-sociales\/#primaryimage","url":"https:\/\/www.laguiadepamplona.com\/actualidad\/wp-content\/uploads\/2022\/02\/FIRMA-COMERC-ROCHA_CORAZONES-HAPPY_EE5A9707.jpg","contentUrl":"https:\/\/www.laguiadepamplona.com\/actualidad\/wp-content\/uploads\/2022\/02\/FIRMA-COMERC-ROCHA_CORAZONES-HAPPY_EE5A9707.jpg","width":1920,"height":1282},{"@type":"BreadcrumbList","@id":"https:\/\/www.laguiadepamplona.com\/actualidad\/el-ayuntamiento-de-pamplona-cede-a-dos-asociaciones-un-local-en-la-txantrea-para-crear-un-espacio-de-encuentro-y-apoyo-a-las-iniciativas-emprendedoras-y-sociales\/#breadcrumb","itemListElement":[{"@type":"ListItem","position":1,"name":"Portada","item":"https:\/\/www.laguiadepamplona.com\/actualidad\/"},{"@type":"ListItem","position":2,"name":"El Ayuntamiento de Pamplona cede a dos asociaciones un local en la Txantrea para crear un espacio de encuentro y apoyo a las iniciativas emprendedoras y sociales"}]},{"@type":"WebSite","@id":"https:\/\/www.laguiadepamplona.com\/actualidad\/#website","url":"https:\/\/www.laguiadepamplona.com\/actualidad\/","name":"La gu\u00eda de Pamplona","description":"Noticias de Pamplona","publisher":{"@id":"https:\/\/www.laguiadepamplona.com\/actualidad\/#organization"},"potentialAction":[{"@type":"SearchAction","target":{"@type":"EntryPoint","urlTemplate":"https:\/\/www.laguiadepamplona.com\/actualidad\/?s={search_term_string}"},"query-input":{"@type":"PropertyValueSpecification","valueRequired":true,"valueName":"search_term_string"}}],"inLanguage":"es"},{"@type":"Organization","@id":"https:\/\/www.laguiadepamplona.com\/actualidad\/#organization","name":"La Gu\u00eda de Pamplona \/ Noticias","url":"https:\/\/www.laguiadepamplona.com\/actualidad\/","logo":{"@type":"ImageObject","inLanguage":"es","@id":"https:\/\/www.laguiadepamplona.com\/actualidad\/#\/schema\/logo\/image\/","url":"https:\/\/www.laguiadepamplona.com\/actualidad\/wp-content\/uploads\/2018\/11\/logo-laguiadepamplona18-web1.png","contentUrl":"https:\/\/www.laguiadepamplona.com\/actualidad\/wp-content\/uploads\/2018\/11\/logo-laguiadepamplona18-web1.png","width":600,"height":196,"caption":"La Gu\u00eda de Pamplona \/ Noticias"},"image":{"@id":"https:\/\/www.laguiadepamplona.com\/actualidad\/#\/schema\/logo\/image\/"},"sameAs":["https:\/\/www.facebook.com\/laguiadepamplonacom-133175176762273\/?ref=hl","https:\/\/x.com\/LaGuiadPamplona","https:\/\/www.instagram.com\/la_guia_de_pamplona\/","https:\/\/www.youtube.com\/user\/laguiadepamplona"]},{"@type":"Person","@id":"https:\/\/www.laguiadepamplona.com\/actualidad\/#\/schema\/person\/efe887376f0213d4657c93adc50b1fdb","name":"La Gu\u00eda de Pamplona","image":{"@type":"ImageObject","inLanguage":"es","@id":"https:\/\/secure.gravatar.com\/avatar\/b6992f131dc8d30ab0dff15446e9d346d9dbd95992de0fef795073f5ea83a81c?s=96&d=mm&r=g","url":"https:\/\/secure.gravatar.com\/avatar\/b6992f131dc8d30ab0dff15446e9d346d9dbd95992de0fef795073f5ea83a81c?s=96&d=mm&r=g","contentUrl":"https:\/\/secure.gravatar.com\/avatar\/b6992f131dc8d30ab0dff15446e9d346d9dbd95992de0fef795073f5ea83a81c?s=96&d=mm&r=g","caption":"La Gu\u00eda de Pamplona"}}]}},"post_mailing_queue_ids":[],"_links":{"self":[{"href":"https:\/\/www.laguiadepamplona.com\/actualidad\/wp-json\/wp\/v2\/posts\/38830","targetHints":{"allow":["GET"]}}],"collection":[{"href":"https:\/\/www.laguiadepamplona.com\/actualidad\/wp-json\/wp\/v2\/posts"}],"about":[{"href":"https:\/\/www.laguiadepamplona.com\/actualidad\/wp-json\/wp\/v2\/types\/post"}],"author":[{"embeddable":true,"href":"https:\/\/www.laguiadepamplona.com\/actualidad\/wp-json\/wp\/v2\/users\/1"}],"replies":[{"embeddable":true,"href":"https:\/\/www.laguiadepamplona.com\/actualidad\/wp-json\/wp\/v2\/comments?post=38830"}],"version-history":[{"count":0,"href":"https:\/\/www.laguiadepamplona.com\/actualidad\/wp-json\/wp\/v2\/posts\/38830\/revisions"}],"wp:featuredmedia":[{"embeddable":true,"href":"https:\/\/www.laguiadepamplona.com\/actualidad\/wp-json\/wp\/v2\/media\/38831"}],"wp:attachment":[{"href":"https:\/\/www.laguiadepamplona.com\/actualidad\/wp-json\/wp\/v2\/media?parent=38830"}],"wp:term":[{"taxonomy":"category","embeddable":true,"href":"https:\/\/www.laguiadepamplona.com\/actualidad\/wp-json\/wp\/v2\/categories?post=38830"},{"taxonomy":"post_tag","embeddable":true,"href":"https:\/\/www.laguiadepamplona.com\/actualidad\/wp-json\/wp\/v2\/tags?post=38830"}],"curies":[{"name":"wp","href":"https:\/\/api.w.org\/{rel}","templated":true}]}}