{"id":38823,"date":"2022-02-15T19:05:41","date_gmt":"2022-02-15T17:05:41","guid":{"rendered":"https:\/\/www.laguiadepamplona.com\/actualidad\/?p=38823"},"modified":"2023-04-11T11:48:31","modified_gmt":"2023-04-11T09:48:31","slug":"pamplona-es-referente-en-cooperacion-internacional-entre-las-entidades-locales-espanolas-superando-desde-hace-anos-el-objetivo-de-destinar-el-07-del-presupuesto-a-ese-ambito","status":"publish","type":"post","link":"https:\/\/www.laguiadepamplona.com\/actualidad\/pamplona-es-referente-en-cooperacion-internacional-entre-las-entidades-locales-espanolas-superando-desde-hace-anos-el-objetivo-de-destinar-el-07-del-presupuesto-a-ese-ambito\/","title":{"rendered":"Pamplona es referente en cooperaci\u00f3n internacional entre las entidades locales espa\u00f1olas, superando desde hace a\u00f1os el objetivo de destinar el 0,7% del presupuesto a ese \u00e1mbito"},"content":{"rendered":"<h5>Un informe externo eval\u00faa los resultados del I Plan Director de Cooperaci\u00f3n a pocas semanas de iniciar la redacci\u00f3n del segundo documento estrat\u00e9gico<\/h5>\n<p><!--more--><\/p>\n<p>El grado de consecuci\u00f3n de los objetivos previstos en el I Plan Director de Cooperaci\u00f3n del Ayuntamiento de Pamplona 2018-2021 ha sido alto, seg\u00fan la evaluaci\u00f3n realizada por Pedro Surja, consultor externo experto en evaluaci\u00f3n de pol\u00edticas de cooperaci\u00f3n municipales. Es la primera vez que el Consistorio acude a una evaluaci\u00f3n externa en el \u00e1mbito de la Cooperaci\u00f3n Internacional aprovechando la existencia de esta herramienta estrat\u00e9gica que, en 2018, concretaba el trabajo que de forma estable el municipio viene realizando en este \u00e1mbito desde 1996 a trav\u00e9s del Programa Municipal de Cooperaci\u00f3n Internacional al Desarrollo.<br \/>\n<script async src=\"\/\/pagead2.googlesyndication.com\/pagead\/js\/adsbygoogle.js\"><\/script><br \/>\n<!-- Noticias La Guia de Pamplona --><br \/>\n<ins class=\"adsbygoogle\"\nstyle=\"display:block\"\ndata-ad-client=\"ca-pub-6943679897239327\"\ndata-ad-slot=\"7048180777\"\ndata-ad-format=\"auto\"><\/ins><br \/>\n<script>\n(adsbygoogle = window.adsbygoogle || []).push({});\n<\/script><\/p>\n<p>Esta ma\u00f1ana una t\u00e9cnica del programa ha comparecido ante la Comisi\u00f3n de Asuntos Ciudadanos para dar cuenta del cumplimiento de los objetivos marcados en el Plan Director y de las sugerencias de mejora obtenidas a trav\u00e9s de la evaluaci\u00f3n externa. As\u00ed, la idea es incorporar las recomendaciones y las buenas pr\u00e1cticas ya testadas al futuro II Plan Director que se elaborar\u00e1 para los pr\u00f3ximos a\u00f1os.<\/p>\n<p>Seg\u00fan la evaluaci\u00f3n el verdadero sello de identidad del Ayuntamiento de Pamplona en cooperaci\u00f3n es el hecho de que la ciudad ha sido una de las pocas entidades p\u00fablicas en Espa\u00f1a que ha alcanzado y mantenido el compromiso de dotar, al menos, el 0,7% de su presupuesto anual para cooperaci\u00f3n. En estos momentos ese porcentaje es del 0,8% del presupuesto total, lo que convierte al Consistorio en un aut\u00e9ntico referente. Desde ese punto de vista, seg\u00fan las recomendaciones del evaluador, los objetivos y metas del nuevo II Plan Director deber\u00edan ser, en general, continuistas y homog\u00e9neos. El Consistorio comenzar\u00e1 a trabajar en la redacci\u00f3n de este nuevo documento estrat\u00e9gico a partir de marzo de 2022.<br \/>\n<script async src=\"\/\/pagead2.googlesyndication.com\/pagead\/js\/adsbygoogle.js\"><\/script><br \/>\n<!-- Noticias La Guia de Pamplona --><br \/>\n<ins class=\"adsbygoogle\"\nstyle=\"display:block\"\ndata-ad-client=\"ca-pub-6943679897239327\"\ndata-ad-slot=\"7048180777\"\ndata-ad-format=\"auto\"><\/ins><br \/>\n<script>\n(adsbygoogle = window.adsbygoogle || []).push({});\n<\/script><\/p>\n<p><strong>Las l\u00edneas hist\u00f3ricas de trabajo son correctas<\/strong><\/p>\n<p>El informe indica que la distribuci\u00f3n global del presupuesto del Programa Municipal por modalidades e instrumentos es equilibrada y coherente y sigue siendo v\u00e1lida para los pr\u00f3ximos a\u00f1os; tambi\u00e9n la herramienta de convocar subvenciones para proyectos anuales de cooperaci\u00f3n en el Sur, tanto por su volumen de fondos, como por su visibilidad y relevancia para las ONGD, y recomienda continuar con el proceso de priorizaci\u00f3n de propuestas en pa\u00edses de renta m\u00e1s baja (en especial \u00c1frica), as\u00ed como fomentar aquellos proyectos basados en un genuino enfoque de respeto y promoci\u00f3n de los derechos.<\/p>\n<p>Tambi\u00e9n es evaluado positivamente el esfuerzo de fortalecer la educaci\u00f3n y sensibilizaci\u00f3n en la propia ciudadan\u00eda de Pamplona como estrategia y herramienta clave que permite lograr cambios de actitudes y comportamientos que potencien una visi\u00f3n global, y la colaboraci\u00f3n regular y continuada con la Coordinadora de ONGD como socia estrat\u00e9gica clave para varios de los objetivos perseguidos por el Programa Municipal. Un espacio merece tambi\u00e9n la labor del Consejo Municipal de Cooperaci\u00f3n para el Desarrollo (CMCD) que la evaluaci\u00f3n identifica como un \u00f3rgano clave para dotar refrendo pol\u00edtico-institucional y legitimar las grandes decisiones e iniciativas del Programa Municipal.<br \/>\n<script async src=\"\/\/pagead2.googlesyndication.com\/pagead\/js\/adsbygoogle.js\"><\/script><br \/>\n<!-- Noticias La Guia de Pamplona --><br \/>\n<ins class=\"adsbygoogle\"\nstyle=\"display:block\"\ndata-ad-client=\"ca-pub-6943679897239327\"\ndata-ad-slot=\"7048180777\"\ndata-ad-format=\"auto\"><\/ins><br \/>\n<script>\n(adsbygoogle = window.adsbygoogle || []).push({});\n<\/script><\/p>\n<p><strong>Profundizar en la implicaci\u00f3n de otros agentes<\/strong><\/p>\n<p>Respaldando el n\u00facleo del trabajo municipal, la evaluaci\u00f3n incide como \u00e1rea de mejora en su extensi\u00f3n paulatina a otros agentes interesados en la cooperaci\u00f3n al desarrollo. Por un lado, la evaluaci\u00f3n apuesta por la promoci\u00f3n del voluntariado en el sector de la cooperaci\u00f3n, tanto participando en proyectos en el Sur desarrollados por las ONGD, como en acciones de Educaci\u00f3n para el Desarrollo y Sensibilizaci\u00f3n en Pamplona.<\/p>\n<p>Por otro, el informe anima a amplificar el trabajo transversal dentro de la propia administraci\u00f3n local en iniciativas de colaboraci\u00f3n entre el Programa Municipal y otras \u00e1reas municipales, de forma que se profundice en la coherencia de pol\u00edticas municipales. Finalmente recalca la necesidad de reforzar la coordinaci\u00f3n y complementariedad con otras entidades p\u00fablicas dedicadas a cooperaci\u00f3n en Navarra. Y en concreto respecto a las l\u00edneas de actuaci\u00f3n vinculadas al Consejo Municipal de Cooperaci\u00f3n para el Desarrollo deber\u00e1n ser en el sentido de seguir apostando por este \u00f3rgano, tratando de hacerlo lo m\u00e1s operativo, din\u00e1mico y participativo posible.<\/p>\n","protected":false},"excerpt":{"rendered":"<p>Un informe externo eval\u00faa los resultados del I Plan Director de Cooperaci\u00f3n a pocas semanas de iniciar la redacci\u00f3n del segundo documento estrat\u00e9gico<\/p>\n","protected":false},"author":1,"featured_media":26366,"comment_status":"open","ping_status":"closed","sticky":false,"template":"","format":"standard","meta":{"footnotes":""},"categories":[2],"tags":[],"class_list":["post-38823","post","type-post","status-publish","format-standard","has-post-thumbnail","hentry","category-ayuntamiento-pamplona"],"yoast_head":"<!-- This site is optimized with the Yoast SEO plugin v27.5 - https:\/\/yoast.com\/product\/yoast-seo-wordpress\/ -->\n<title>Pamplona es referente en cooperaci\u00f3n internacional entre las entidades locales espa\u00f1olas, superando desde hace a\u00f1os el objetivo de destinar el 0,7% del presupuesto a ese \u00e1mbito<\/title>\n<meta name=\"description\" content=\"Un informe externo eval\u00faa los resultados del I Plan Director de Cooperaci\u00f3n a pocas semanas de iniciar la redacci\u00f3n del segundo documento estrat\u00e9gico\" \/>\n<meta name=\"robots\" content=\"index, follow, max-snippet:-1, max-image-preview:large, max-video-preview:-1\" \/>\n<link rel=\"canonical\" href=\"https:\/\/www.laguiadepamplona.com\/actualidad\/pamplona-es-referente-en-cooperacion-internacional-entre-las-entidades-locales-espanolas-superando-desde-hace-anos-el-objetivo-de-destinar-el-07-del-presupuesto-a-ese-ambito\/\" \/>\n<meta property=\"og:locale\" content=\"es_ES\" \/>\n<meta property=\"og:type\" content=\"article\" \/>\n<meta property=\"og:title\" content=\"Pamplona es referente en cooperaci\u00f3n internacional entre las entidades locales espa\u00f1olas, superando desde hace a\u00f1os el objetivo de destinar el 0,7% del presupuesto a ese \u00e1mbito\" \/>\n<meta property=\"og:description\" content=\"Un informe externo eval\u00faa los resultados del I Plan Director de Cooperaci\u00f3n a pocas semanas de iniciar la redacci\u00f3n del segundo documento estrat\u00e9gico\" \/>\n<meta property=\"og:url\" content=\"https:\/\/www.laguiadepamplona.com\/actualidad\/pamplona-es-referente-en-cooperacion-internacional-entre-las-entidades-locales-espanolas-superando-desde-hace-anos-el-objetivo-de-destinar-el-07-del-presupuesto-a-ese-ambito\/\" \/>\n<meta property=\"og:site_name\" content=\"La Gu\u00eda de Pamplona\" \/>\n<meta property=\"article:publisher\" content=\"https:\/\/www.facebook.com\/laguiadepamplonacom-133175176762273\/?ref=hl\" \/>\n<meta property=\"article:published_time\" content=\"2022-02-15T17:05:41+00:00\" \/>\n<meta property=\"article:modified_time\" content=\"2023-04-11T09:48:31+00:00\" \/>\n<meta property=\"og:image\" content=\"https:\/\/www.laguiadepamplona.com\/actualidad\/wp-content\/uploads\/2019\/11\/19.11.20_cooperacion_sur_desarrollo_economico_caylloma.jpg\" \/>\n\t<meta property=\"og:image:width\" content=\"1417\" \/>\n\t<meta property=\"og:image:height\" content=\"797\" \/>\n\t<meta property=\"og:image:type\" content=\"image\/jpeg\" \/>\n<meta name=\"author\" content=\"La Gu\u00eda de Pamplona\" \/>\n<meta name=\"twitter:card\" content=\"summary_large_image\" \/>\n<meta name=\"twitter:creator\" content=\"@LaGuiadPamplona\" \/>\n<meta name=\"twitter:site\" content=\"@LaGuiadPamplona\" \/>\n<meta name=\"twitter:label1\" content=\"Escrito por\" \/>\n\t<meta name=\"twitter:data1\" content=\"La Gu\u00eda de Pamplona\" \/>\n\t<meta name=\"twitter:label2\" content=\"Tiempo de lectura\" \/>\n\t<meta name=\"twitter:data2\" content=\"4 minutos\" \/>\n<script type=\"application\/ld+json\" class=\"yoast-schema-graph\">{\"@context\":\"https:\\\/\\\/schema.org\",\"@graph\":[{\"@type\":\"Article\",\"@id\":\"https:\\\/\\\/www.laguiadepamplona.com\\\/actualidad\\\/pamplona-es-referente-en-cooperacion-internacional-entre-las-entidades-locales-espanolas-superando-desde-hace-anos-el-objetivo-de-destinar-el-07-del-presupuesto-a-ese-ambito\\\/#article\",\"isPartOf\":{\"@id\":\"https:\\\/\\\/www.laguiadepamplona.com\\\/actualidad\\\/pamplona-es-referente-en-cooperacion-internacional-entre-las-entidades-locales-espanolas-superando-desde-hace-anos-el-objetivo-de-destinar-el-07-del-presupuesto-a-ese-ambito\\\/\"},\"author\":{\"name\":\"La Gu\u00eda de Pamplona\",\"@id\":\"https:\\\/\\\/www.laguiadepamplona.com\\\/actualidad\\\/#\\\/schema\\\/person\\\/efe887376f0213d4657c93adc50b1fdb\"},\"headline\":\"Pamplona es referente en cooperaci\u00f3n internacional entre las entidades locales espa\u00f1olas, superando desde hace a\u00f1os el objetivo de destinar el 0,7% del presupuesto a ese \u00e1mbito\",\"datePublished\":\"2022-02-15T17:05:41+00:00\",\"dateModified\":\"2023-04-11T09:48:31+00:00\",\"mainEntityOfPage\":{\"@id\":\"https:\\\/\\\/www.laguiadepamplona.com\\\/actualidad\\\/pamplona-es-referente-en-cooperacion-internacional-entre-las-entidades-locales-espanolas-superando-desde-hace-anos-el-objetivo-de-destinar-el-07-del-presupuesto-a-ese-ambito\\\/\"},\"wordCount\":770,\"commentCount\":0,\"publisher\":{\"@id\":\"https:\\\/\\\/www.laguiadepamplona.com\\\/actualidad\\\/#organization\"},\"image\":{\"@id\":\"https:\\\/\\\/www.laguiadepamplona.com\\\/actualidad\\\/pamplona-es-referente-en-cooperacion-internacional-entre-las-entidades-locales-espanolas-superando-desde-hace-anos-el-objetivo-de-destinar-el-07-del-presupuesto-a-ese-ambito\\\/#primaryimage\"},\"thumbnailUrl\":\"https:\\\/\\\/www.laguiadepamplona.com\\\/actualidad\\\/wp-content\\\/uploads\\\/2019\\\/11\\\/19.11.20_cooperacion_sur_desarrollo_economico_caylloma.jpg\",\"articleSection\":[\"Ayto Pamplona\"],\"inLanguage\":\"es\",\"potentialAction\":[{\"@type\":\"CommentAction\",\"name\":\"Comment\",\"target\":[\"https:\\\/\\\/www.laguiadepamplona.com\\\/actualidad\\\/pamplona-es-referente-en-cooperacion-internacional-entre-las-entidades-locales-espanolas-superando-desde-hace-anos-el-objetivo-de-destinar-el-07-del-presupuesto-a-ese-ambito\\\/#respond\"]}]},{\"@type\":\"WebPage\",\"@id\":\"https:\\\/\\\/www.laguiadepamplona.com\\\/actualidad\\\/pamplona-es-referente-en-cooperacion-internacional-entre-las-entidades-locales-espanolas-superando-desde-hace-anos-el-objetivo-de-destinar-el-07-del-presupuesto-a-ese-ambito\\\/\",\"url\":\"https:\\\/\\\/www.laguiadepamplona.com\\\/actualidad\\\/pamplona-es-referente-en-cooperacion-internacional-entre-las-entidades-locales-espanolas-superando-desde-hace-anos-el-objetivo-de-destinar-el-07-del-presupuesto-a-ese-ambito\\\/\",\"name\":\"Pamplona es referente en cooperaci\u00f3n internacional entre las entidades locales espa\u00f1olas, superando desde hace a\u00f1os el objetivo de destinar el 0,7% del presupuesto a ese \u00e1mbito\",\"isPartOf\":{\"@id\":\"https:\\\/\\\/www.laguiadepamplona.com\\\/actualidad\\\/#website\"},\"primaryImageOfPage\":{\"@id\":\"https:\\\/\\\/www.laguiadepamplona.com\\\/actualidad\\\/pamplona-es-referente-en-cooperacion-internacional-entre-las-entidades-locales-espanolas-superando-desde-hace-anos-el-objetivo-de-destinar-el-07-del-presupuesto-a-ese-ambito\\\/#primaryimage\"},\"image\":{\"@id\":\"https:\\\/\\\/www.laguiadepamplona.com\\\/actualidad\\\/pamplona-es-referente-en-cooperacion-internacional-entre-las-entidades-locales-espanolas-superando-desde-hace-anos-el-objetivo-de-destinar-el-07-del-presupuesto-a-ese-ambito\\\/#primaryimage\"},\"thumbnailUrl\":\"https:\\\/\\\/www.laguiadepamplona.com\\\/actualidad\\\/wp-content\\\/uploads\\\/2019\\\/11\\\/19.11.20_cooperacion_sur_desarrollo_economico_caylloma.jpg\",\"datePublished\":\"2022-02-15T17:05:41+00:00\",\"dateModified\":\"2023-04-11T09:48:31+00:00\",\"description\":\"Un informe externo eval\u00faa los resultados del I Plan Director de Cooperaci\u00f3n a pocas semanas de iniciar la redacci\u00f3n del segundo documento estrat\u00e9gico\",\"breadcrumb\":{\"@id\":\"https:\\\/\\\/www.laguiadepamplona.com\\\/actualidad\\\/pamplona-es-referente-en-cooperacion-internacional-entre-las-entidades-locales-espanolas-superando-desde-hace-anos-el-objetivo-de-destinar-el-07-del-presupuesto-a-ese-ambito\\\/#breadcrumb\"},\"inLanguage\":\"es\",\"potentialAction\":[{\"@type\":\"ReadAction\",\"target\":[\"https:\\\/\\\/www.laguiadepamplona.com\\\/actualidad\\\/pamplona-es-referente-en-cooperacion-internacional-entre-las-entidades-locales-espanolas-superando-desde-hace-anos-el-objetivo-de-destinar-el-07-del-presupuesto-a-ese-ambito\\\/\"]}]},{\"@type\":\"ImageObject\",\"inLanguage\":\"es\",\"@id\":\"https:\\\/\\\/www.laguiadepamplona.com\\\/actualidad\\\/pamplona-es-referente-en-cooperacion-internacional-entre-las-entidades-locales-espanolas-superando-desde-hace-anos-el-objetivo-de-destinar-el-07-del-presupuesto-a-ese-ambito\\\/#primaryimage\",\"url\":\"https:\\\/\\\/www.laguiadepamplona.com\\\/actualidad\\\/wp-content\\\/uploads\\\/2019\\\/11\\\/19.11.20_cooperacion_sur_desarrollo_economico_caylloma.jpg\",\"contentUrl\":\"https:\\\/\\\/www.laguiadepamplona.com\\\/actualidad\\\/wp-content\\\/uploads\\\/2019\\\/11\\\/19.11.20_cooperacion_sur_desarrollo_economico_caylloma.jpg\",\"width\":1417,\"height\":797},{\"@type\":\"BreadcrumbList\",\"@id\":\"https:\\\/\\\/www.laguiadepamplona.com\\\/actualidad\\\/pamplona-es-referente-en-cooperacion-internacional-entre-las-entidades-locales-espanolas-superando-desde-hace-anos-el-objetivo-de-destinar-el-07-del-presupuesto-a-ese-ambito\\\/#breadcrumb\",\"itemListElement\":[{\"@type\":\"ListItem\",\"position\":1,\"name\":\"Portada\",\"item\":\"https:\\\/\\\/www.laguiadepamplona.com\\\/actualidad\\\/\"},{\"@type\":\"ListItem\",\"position\":2,\"name\":\"Pamplona es referente en cooperaci\u00f3n internacional entre las entidades locales espa\u00f1olas, superando desde hace a\u00f1os el objetivo de destinar el 0,7% del presupuesto a ese \u00e1mbito\"}]},{\"@type\":\"WebSite\",\"@id\":\"https:\\\/\\\/www.laguiadepamplona.com\\\/actualidad\\\/#website\",\"url\":\"https:\\\/\\\/www.laguiadepamplona.com\\\/actualidad\\\/\",\"name\":\"La gu\u00eda de Pamplona\",\"description\":\"Noticias de Pamplona\",\"publisher\":{\"@id\":\"https:\\\/\\\/www.laguiadepamplona.com\\\/actualidad\\\/#organization\"},\"potentialAction\":[{\"@type\":\"SearchAction\",\"target\":{\"@type\":\"EntryPoint\",\"urlTemplate\":\"https:\\\/\\\/www.laguiadepamplona.com\\\/actualidad\\\/?s={search_term_string}\"},\"query-input\":{\"@type\":\"PropertyValueSpecification\",\"valueRequired\":true,\"valueName\":\"search_term_string\"}}],\"inLanguage\":\"es\"},{\"@type\":\"Organization\",\"@id\":\"https:\\\/\\\/www.laguiadepamplona.com\\\/actualidad\\\/#organization\",\"name\":\"La Gu\u00eda de Pamplona \\\/ Noticias\",\"url\":\"https:\\\/\\\/www.laguiadepamplona.com\\\/actualidad\\\/\",\"logo\":{\"@type\":\"ImageObject\",\"inLanguage\":\"es\",\"@id\":\"https:\\\/\\\/www.laguiadepamplona.com\\\/actualidad\\\/#\\\/schema\\\/logo\\\/image\\\/\",\"url\":\"https:\\\/\\\/www.laguiadepamplona.com\\\/actualidad\\\/wp-content\\\/uploads\\\/2018\\\/11\\\/logo-laguiadepamplona18-web1.png\",\"contentUrl\":\"https:\\\/\\\/www.laguiadepamplona.com\\\/actualidad\\\/wp-content\\\/uploads\\\/2018\\\/11\\\/logo-laguiadepamplona18-web1.png\",\"width\":600,\"height\":196,\"caption\":\"La Gu\u00eda de Pamplona \\\/ Noticias\"},\"image\":{\"@id\":\"https:\\\/\\\/www.laguiadepamplona.com\\\/actualidad\\\/#\\\/schema\\\/logo\\\/image\\\/\"},\"sameAs\":[\"https:\\\/\\\/www.facebook.com\\\/laguiadepamplonacom-133175176762273\\\/?ref=hl\",\"https:\\\/\\\/x.com\\\/LaGuiadPamplona\",\"https:\\\/\\\/www.instagram.com\\\/la_guia_de_pamplona\\\/\",\"https:\\\/\\\/www.youtube.com\\\/user\\\/laguiadepamplona\"]},{\"@type\":\"Person\",\"@id\":\"https:\\\/\\\/www.laguiadepamplona.com\\\/actualidad\\\/#\\\/schema\\\/person\\\/efe887376f0213d4657c93adc50b1fdb\",\"name\":\"La Gu\u00eda de Pamplona\",\"image\":{\"@type\":\"ImageObject\",\"inLanguage\":\"es\",\"@id\":\"https:\\\/\\\/secure.gravatar.com\\\/avatar\\\/b6992f131dc8d30ab0dff15446e9d346d9dbd95992de0fef795073f5ea83a81c?s=96&d=mm&r=g\",\"url\":\"https:\\\/\\\/secure.gravatar.com\\\/avatar\\\/b6992f131dc8d30ab0dff15446e9d346d9dbd95992de0fef795073f5ea83a81c?s=96&d=mm&r=g\",\"contentUrl\":\"https:\\\/\\\/secure.gravatar.com\\\/avatar\\\/b6992f131dc8d30ab0dff15446e9d346d9dbd95992de0fef795073f5ea83a81c?s=96&d=mm&r=g\",\"caption\":\"La Gu\u00eda de Pamplona\"}}]}<\/script>\n<!-- \/ Yoast SEO plugin. -->","yoast_head_json":{"title":"Pamplona es referente en cooperaci\u00f3n internacional entre las entidades locales espa\u00f1olas, superando desde hace a\u00f1os el objetivo de destinar el 0,7% del presupuesto a ese \u00e1mbito","description":"Un informe externo eval\u00faa los resultados del I Plan Director de Cooperaci\u00f3n a pocas semanas de iniciar la redacci\u00f3n del segundo documento estrat\u00e9gico","robots":{"index":"index","follow":"follow","max-snippet":"max-snippet:-1","max-image-preview":"max-image-preview:large","max-video-preview":"max-video-preview:-1"},"canonical":"https:\/\/www.laguiadepamplona.com\/actualidad\/pamplona-es-referente-en-cooperacion-internacional-entre-las-entidades-locales-espanolas-superando-desde-hace-anos-el-objetivo-de-destinar-el-07-del-presupuesto-a-ese-ambito\/","og_locale":"es_ES","og_type":"article","og_title":"Pamplona es referente en cooperaci\u00f3n internacional entre las entidades locales espa\u00f1olas, superando desde hace a\u00f1os el objetivo de destinar el 0,7% del presupuesto a ese \u00e1mbito","og_description":"Un informe externo eval\u00faa los resultados del I Plan Director de Cooperaci\u00f3n a pocas semanas de iniciar la redacci\u00f3n del segundo documento estrat\u00e9gico","og_url":"https:\/\/www.laguiadepamplona.com\/actualidad\/pamplona-es-referente-en-cooperacion-internacional-entre-las-entidades-locales-espanolas-superando-desde-hace-anos-el-objetivo-de-destinar-el-07-del-presupuesto-a-ese-ambito\/","og_site_name":"La Gu\u00eda de Pamplona","article_publisher":"https:\/\/www.facebook.com\/laguiadepamplonacom-133175176762273\/?ref=hl","article_published_time":"2022-02-15T17:05:41+00:00","article_modified_time":"2023-04-11T09:48:31+00:00","og_image":[{"width":1417,"height":797,"url":"https:\/\/www.laguiadepamplona.com\/actualidad\/wp-content\/uploads\/2019\/11\/19.11.20_cooperacion_sur_desarrollo_economico_caylloma.jpg","type":"image\/jpeg"}],"author":"La Gu\u00eda de Pamplona","twitter_card":"summary_large_image","twitter_creator":"@LaGuiadPamplona","twitter_site":"@LaGuiadPamplona","twitter_misc":{"Escrito por":"La Gu\u00eda de Pamplona","Tiempo de lectura":"4 minutos"},"schema":{"@context":"https:\/\/schema.org","@graph":[{"@type":"Article","@id":"https:\/\/www.laguiadepamplona.com\/actualidad\/pamplona-es-referente-en-cooperacion-internacional-entre-las-entidades-locales-espanolas-superando-desde-hace-anos-el-objetivo-de-destinar-el-07-del-presupuesto-a-ese-ambito\/#article","isPartOf":{"@id":"https:\/\/www.laguiadepamplona.com\/actualidad\/pamplona-es-referente-en-cooperacion-internacional-entre-las-entidades-locales-espanolas-superando-desde-hace-anos-el-objetivo-de-destinar-el-07-del-presupuesto-a-ese-ambito\/"},"author":{"name":"La Gu\u00eda de Pamplona","@id":"https:\/\/www.laguiadepamplona.com\/actualidad\/#\/schema\/person\/efe887376f0213d4657c93adc50b1fdb"},"headline":"Pamplona es referente en cooperaci\u00f3n internacional entre las entidades locales espa\u00f1olas, superando desde hace a\u00f1os el objetivo de destinar el 0,7% del presupuesto a ese \u00e1mbito","datePublished":"2022-02-15T17:05:41+00:00","dateModified":"2023-04-11T09:48:31+00:00","mainEntityOfPage":{"@id":"https:\/\/www.laguiadepamplona.com\/actualidad\/pamplona-es-referente-en-cooperacion-internacional-entre-las-entidades-locales-espanolas-superando-desde-hace-anos-el-objetivo-de-destinar-el-07-del-presupuesto-a-ese-ambito\/"},"wordCount":770,"commentCount":0,"publisher":{"@id":"https:\/\/www.laguiadepamplona.com\/actualidad\/#organization"},"image":{"@id":"https:\/\/www.laguiadepamplona.com\/actualidad\/pamplona-es-referente-en-cooperacion-internacional-entre-las-entidades-locales-espanolas-superando-desde-hace-anos-el-objetivo-de-destinar-el-07-del-presupuesto-a-ese-ambito\/#primaryimage"},"thumbnailUrl":"https:\/\/www.laguiadepamplona.com\/actualidad\/wp-content\/uploads\/2019\/11\/19.11.20_cooperacion_sur_desarrollo_economico_caylloma.jpg","articleSection":["Ayto Pamplona"],"inLanguage":"es","potentialAction":[{"@type":"CommentAction","name":"Comment","target":["https:\/\/www.laguiadepamplona.com\/actualidad\/pamplona-es-referente-en-cooperacion-internacional-entre-las-entidades-locales-espanolas-superando-desde-hace-anos-el-objetivo-de-destinar-el-07-del-presupuesto-a-ese-ambito\/#respond"]}]},{"@type":"WebPage","@id":"https:\/\/www.laguiadepamplona.com\/actualidad\/pamplona-es-referente-en-cooperacion-internacional-entre-las-entidades-locales-espanolas-superando-desde-hace-anos-el-objetivo-de-destinar-el-07-del-presupuesto-a-ese-ambito\/","url":"https:\/\/www.laguiadepamplona.com\/actualidad\/pamplona-es-referente-en-cooperacion-internacional-entre-las-entidades-locales-espanolas-superando-desde-hace-anos-el-objetivo-de-destinar-el-07-del-presupuesto-a-ese-ambito\/","name":"Pamplona es referente en cooperaci\u00f3n internacional entre las entidades locales espa\u00f1olas, superando desde hace a\u00f1os el objetivo de destinar el 0,7% del presupuesto a ese \u00e1mbito","isPartOf":{"@id":"https:\/\/www.laguiadepamplona.com\/actualidad\/#website"},"primaryImageOfPage":{"@id":"https:\/\/www.laguiadepamplona.com\/actualidad\/pamplona-es-referente-en-cooperacion-internacional-entre-las-entidades-locales-espanolas-superando-desde-hace-anos-el-objetivo-de-destinar-el-07-del-presupuesto-a-ese-ambito\/#primaryimage"},"image":{"@id":"https:\/\/www.laguiadepamplona.com\/actualidad\/pamplona-es-referente-en-cooperacion-internacional-entre-las-entidades-locales-espanolas-superando-desde-hace-anos-el-objetivo-de-destinar-el-07-del-presupuesto-a-ese-ambito\/#primaryimage"},"thumbnailUrl":"https:\/\/www.laguiadepamplona.com\/actualidad\/wp-content\/uploads\/2019\/11\/19.11.20_cooperacion_sur_desarrollo_economico_caylloma.jpg","datePublished":"2022-02-15T17:05:41+00:00","dateModified":"2023-04-11T09:48:31+00:00","description":"Un informe externo eval\u00faa los resultados del I Plan Director de Cooperaci\u00f3n a pocas semanas de iniciar la redacci\u00f3n del segundo documento estrat\u00e9gico","breadcrumb":{"@id":"https:\/\/www.laguiadepamplona.com\/actualidad\/pamplona-es-referente-en-cooperacion-internacional-entre-las-entidades-locales-espanolas-superando-desde-hace-anos-el-objetivo-de-destinar-el-07-del-presupuesto-a-ese-ambito\/#breadcrumb"},"inLanguage":"es","potentialAction":[{"@type":"ReadAction","target":["https:\/\/www.laguiadepamplona.com\/actualidad\/pamplona-es-referente-en-cooperacion-internacional-entre-las-entidades-locales-espanolas-superando-desde-hace-anos-el-objetivo-de-destinar-el-07-del-presupuesto-a-ese-ambito\/"]}]},{"@type":"ImageObject","inLanguage":"es","@id":"https:\/\/www.laguiadepamplona.com\/actualidad\/pamplona-es-referente-en-cooperacion-internacional-entre-las-entidades-locales-espanolas-superando-desde-hace-anos-el-objetivo-de-destinar-el-07-del-presupuesto-a-ese-ambito\/#primaryimage","url":"https:\/\/www.laguiadepamplona.com\/actualidad\/wp-content\/uploads\/2019\/11\/19.11.20_cooperacion_sur_desarrollo_economico_caylloma.jpg","contentUrl":"https:\/\/www.laguiadepamplona.com\/actualidad\/wp-content\/uploads\/2019\/11\/19.11.20_cooperacion_sur_desarrollo_economico_caylloma.jpg","width":1417,"height":797},{"@type":"BreadcrumbList","@id":"https:\/\/www.laguiadepamplona.com\/actualidad\/pamplona-es-referente-en-cooperacion-internacional-entre-las-entidades-locales-espanolas-superando-desde-hace-anos-el-objetivo-de-destinar-el-07-del-presupuesto-a-ese-ambito\/#breadcrumb","itemListElement":[{"@type":"ListItem","position":1,"name":"Portada","item":"https:\/\/www.laguiadepamplona.com\/actualidad\/"},{"@type":"ListItem","position":2,"name":"Pamplona es referente en cooperaci\u00f3n internacional entre las entidades locales espa\u00f1olas, superando desde hace a\u00f1os el objetivo de destinar el 0,7% del presupuesto a ese \u00e1mbito"}]},{"@type":"WebSite","@id":"https:\/\/www.laguiadepamplona.com\/actualidad\/#website","url":"https:\/\/www.laguiadepamplona.com\/actualidad\/","name":"La gu\u00eda de Pamplona","description":"Noticias de Pamplona","publisher":{"@id":"https:\/\/www.laguiadepamplona.com\/actualidad\/#organization"},"potentialAction":[{"@type":"SearchAction","target":{"@type":"EntryPoint","urlTemplate":"https:\/\/www.laguiadepamplona.com\/actualidad\/?s={search_term_string}"},"query-input":{"@type":"PropertyValueSpecification","valueRequired":true,"valueName":"search_term_string"}}],"inLanguage":"es"},{"@type":"Organization","@id":"https:\/\/www.laguiadepamplona.com\/actualidad\/#organization","name":"La Gu\u00eda de Pamplona \/ Noticias","url":"https:\/\/www.laguiadepamplona.com\/actualidad\/","logo":{"@type":"ImageObject","inLanguage":"es","@id":"https:\/\/www.laguiadepamplona.com\/actualidad\/#\/schema\/logo\/image\/","url":"https:\/\/www.laguiadepamplona.com\/actualidad\/wp-content\/uploads\/2018\/11\/logo-laguiadepamplona18-web1.png","contentUrl":"https:\/\/www.laguiadepamplona.com\/actualidad\/wp-content\/uploads\/2018\/11\/logo-laguiadepamplona18-web1.png","width":600,"height":196,"caption":"La Gu\u00eda de Pamplona \/ Noticias"},"image":{"@id":"https:\/\/www.laguiadepamplona.com\/actualidad\/#\/schema\/logo\/image\/"},"sameAs":["https:\/\/www.facebook.com\/laguiadepamplonacom-133175176762273\/?ref=hl","https:\/\/x.com\/LaGuiadPamplona","https:\/\/www.instagram.com\/la_guia_de_pamplona\/","https:\/\/www.youtube.com\/user\/laguiadepamplona"]},{"@type":"Person","@id":"https:\/\/www.laguiadepamplona.com\/actualidad\/#\/schema\/person\/efe887376f0213d4657c93adc50b1fdb","name":"La Gu\u00eda de Pamplona","image":{"@type":"ImageObject","inLanguage":"es","@id":"https:\/\/secure.gravatar.com\/avatar\/b6992f131dc8d30ab0dff15446e9d346d9dbd95992de0fef795073f5ea83a81c?s=96&d=mm&r=g","url":"https:\/\/secure.gravatar.com\/avatar\/b6992f131dc8d30ab0dff15446e9d346d9dbd95992de0fef795073f5ea83a81c?s=96&d=mm&r=g","contentUrl":"https:\/\/secure.gravatar.com\/avatar\/b6992f131dc8d30ab0dff15446e9d346d9dbd95992de0fef795073f5ea83a81c?s=96&d=mm&r=g","caption":"La Gu\u00eda de Pamplona"}}]}},"post_mailing_queue_ids":[],"_links":{"self":[{"href":"https:\/\/www.laguiadepamplona.com\/actualidad\/wp-json\/wp\/v2\/posts\/38823","targetHints":{"allow":["GET"]}}],"collection":[{"href":"https:\/\/www.laguiadepamplona.com\/actualidad\/wp-json\/wp\/v2\/posts"}],"about":[{"href":"https:\/\/www.laguiadepamplona.com\/actualidad\/wp-json\/wp\/v2\/types\/post"}],"author":[{"embeddable":true,"href":"https:\/\/www.laguiadepamplona.com\/actualidad\/wp-json\/wp\/v2\/users\/1"}],"replies":[{"embeddable":true,"href":"https:\/\/www.laguiadepamplona.com\/actualidad\/wp-json\/wp\/v2\/comments?post=38823"}],"version-history":[{"count":0,"href":"https:\/\/www.laguiadepamplona.com\/actualidad\/wp-json\/wp\/v2\/posts\/38823\/revisions"}],"wp:featuredmedia":[{"embeddable":true,"href":"https:\/\/www.laguiadepamplona.com\/actualidad\/wp-json\/wp\/v2\/media\/26366"}],"wp:attachment":[{"href":"https:\/\/www.laguiadepamplona.com\/actualidad\/wp-json\/wp\/v2\/media?parent=38823"}],"wp:term":[{"taxonomy":"category","embeddable":true,"href":"https:\/\/www.laguiadepamplona.com\/actualidad\/wp-json\/wp\/v2\/categories?post=38823"},{"taxonomy":"post_tag","embeddable":true,"href":"https:\/\/www.laguiadepamplona.com\/actualidad\/wp-json\/wp\/v2\/tags?post=38823"}],"curies":[{"name":"wp","href":"https:\/\/api.w.org\/{rel}","templated":true}]}}