{"id":38820,"date":"2022-02-15T19:04:14","date_gmt":"2022-02-15T17:04:14","guid":{"rendered":"https:\/\/www.laguiadepamplona.com\/actualidad\/?p=38820"},"modified":"2023-04-11T11:48:31","modified_gmt":"2023-04-11T09:48:31","slug":"un-viaje-a-bruselas-guinda-de-las-actividades-en-torno-a-la-union-europea-que-prepara-coworkids","status":"publish","type":"post","link":"https:\/\/www.laguiadepamplona.com\/actualidad\/un-viaje-a-bruselas-guinda-de-las-actividades-en-torno-a-la-union-europea-que-prepara-coworkids\/","title":{"rendered":"Un viaje a Bruselas, guinda de las actividades en torno a la Uni\u00f3n Europea que prepara COworkids"},"content":{"rendered":"<h5>Dirigido a adolescentes de entre 13 y 17 a\u00f1os, el proyecto Erasmus+ seleccionar\u00e1 a cuatro participantes para viajar a la capital de la UE<\/h5>\n<p><!--more--><\/p>\n<p>El Ayuntamiento de Pamplona ha puesto en marcha una iniciativa que quiere promover entre los adolescentes de 13 a 17 a\u00f1os el inter\u00e9s por la Uni\u00f3n Europea y sus instituciones. El proyecto, financiado por el programa Erasmus+ de la Comisi\u00f3n Europea, llevar\u00e1 a cuatro j\u00f3venes de viaje a Bruselas, con todos los gastos pagados, como colof\u00f3n a esta iniciativa que se desarrollar\u00e1 durante diferentes sesiones formativas y de seguimiento.\u00a0 <strong><u>Ma\u00f1ana, mi\u00e9rcoles, a las 18.00 horas, la Casa de la Juventud acoger\u00e1 la presentaci\u00f3n del programa, en la que participar\u00e1 el concejal especial de Deporte y Juventud, Fernando Aranguren, representante de la Mesa de Participaci\u00f3n de Infancia y Adolescencia de Pamplona y los corresponsables juveniles<\/u>.<\/strong><br \/>\n<script async src=\"\/\/pagead2.googlesyndication.com\/pagead\/js\/adsbygoogle.js\"><\/script><br \/>\n<!-- Noticias La Guia de Pamplona --><br \/>\n<ins class=\"adsbygoogle\"\nstyle=\"display:block\"\ndata-ad-client=\"ca-pub-6943679897239327\"\ndata-ad-slot=\"7048180777\"\ndata-ad-format=\"auto\"><\/ins><br \/>\n<script>\n(adsbygoogle = window.adsbygoogle || []).push({});\n<\/script><\/p>\n<p>Un m\u00e1ximo de 60 adolescentes podr\u00e1 participar en este proyecto, si bien, \u00fanicamente cuatro lograr\u00e1n el viaje a Bruselas. Para optar a \u00e9l deber\u00e1n cumplir, al menos, uno de estos dos requisitos: ser miembro activo del \u00d3rgano de Participaci\u00f3n Infantil y Adolescente de Pamplona y participar activamente en las siete sesiones formativas sobre Europa organizadas semanalmente. Adem\u00e1s, deber\u00e1n participar en las sesiones de seguimiento online, para generar propuestas que compartir en Bruselas.<\/p>\n<p>Las sesiones formativas se desarrollar\u00e1n desde el 24 de febrero hasta el 20 de mayo. Se crear\u00e1n dos grupos.\u00a0 Uno de ellos se reunir\u00e1 los jueves en el Centro Comunitario de la Milagrosa y el otro, los martes en el colegio p\u00fablico Iturrama. Las sesiones, de hora y media de duraci\u00f3n, servir\u00e1n para ahondar en el conocimiento de las instituciones europeas y las medidas que se adoptan dentro de la Uni\u00f3n Europea, as\u00ed como el sentido de pertenencia a la UE.<\/p>\n<p>Las personas interesadas en participar deber\u00e1n haber nacido entre 2005 y 2009 y podr\u00e1n formalizar la inscripci\u00f3n entre ma\u00f1ana, d\u00eda 16 y el 22 de febrero, a trav\u00e9s del correo electr\u00f3nico <a href=\"mailto:coworkids@pamplona.es\">coworkids@pamplona.es<\/a> y en el tel\u00e9fono 948420584 (de 9 a 15 horas, de lunes a viernes).\u00a0 Aquellas personas que ya participen en COworkids podr\u00e1n hacerlo a trav\u00e9s del T\u00e9cnico de Integraci\u00f3n Social (referencia de COworkids en cada barrio). La informaci\u00f3n completa del programa se puede consultar en la web: <a href=\"https:\/\/www.coworkidspamplona.es\/destino-bruselas\/\" target=\"_blank\" rel=\"noopener\">https:\/\/www.coworkidspamplona.es\/destino-bruselas\/<\/a><br \/>\n<script async src=\"\/\/pagead2.googlesyndication.com\/pagead\/js\/adsbygoogle.js\"><\/script><br \/>\n<!-- Noticias La Guia de Pamplona --><br \/>\n<ins class=\"adsbygoogle\"\nstyle=\"display:block\"\ndata-ad-client=\"ca-pub-6943679897239327\"\ndata-ad-slot=\"7048180777\"\ndata-ad-format=\"auto\"><\/ins><br \/>\n<script>\n(adsbygoogle = window.adsbygoogle || []).push({});\n<\/script><\/p>\n<p><strong>Las inscripciones estar\u00e1n validadas una vez los adolescentes hayan firmado un acuerdo de participaci\u00f3n en este proyecto europeo. Hasta entonces, se registrar\u00e1n las inscripciones por orden de llamadas y correos.<\/strong><\/p>\n<p>Cada jornada de formaci\u00f3n, que se desarrollar\u00e1 de 18 a 19.30 horas, se estructurar\u00e1 en tres actividades distintas. Por un lado, se ofrecer\u00e1 media hora de charla formativa sobre diferentes cuestiones europeas, con ponencias de diferentes entidades como Instituto Navarro de la Juventud, la Asociaci\u00f3n Equipo Europa, la Coordinadora de ONGD Navarra, o el Museo de Educaci\u00f3n Medioambiental, entre otras. Despu\u00e9s, se abre un momento de merienda con DJ donde comentar la informaci\u00f3n recibida. Por \u00faltimo, las personas participantes realizar\u00e1n un v\u00eddeo grupal de TikTok para expresar las conclusiones de la sesi\u00f3n. El v\u00eddeo se gestionar\u00e1 a trav\u00e9s de la cuenta profesional de COworkids.<\/p>\n<p>Entre otros aspectos, se abordar\u00e1 el papel del programa Erasmus+ para promover la movilidad de adolescentes y j\u00f3venes por Europa para enriquecer su formaci\u00f3n. Tambi\u00e9n se trabajar\u00e1 sobre los Objetivos de Desarrollo Sostenible, el papel de la juventud en la UE, la acci\u00f3n por el clima, las mujeres referentes de Europa o el asociacionismo juvenil. Todo ello busca, no solo acercar la UE a la adolescencia pamplonesa, sino tambi\u00e9n impulsar el desarrollo de competencias y valores como el trabajo en equipo, el esfuerzo, la constancia y la comunicaci\u00f3n.<br \/>\n<script async src=\"\/\/pagead2.googlesyndication.com\/pagead\/js\/adsbygoogle.js\"><\/script><br \/>\n<!-- Noticias La Guia de Pamplona --><br \/>\n<ins class=\"adsbygoogle\"\nstyle=\"display:block\"\ndata-ad-client=\"ca-pub-6943679897239327\"\ndata-ad-slot=\"7048180777\"\ndata-ad-format=\"auto\"><\/ins><br \/>\n<script>\n(adsbygoogle = window.adsbygoogle || []).push({});\n<\/script><\/p>\n<p><strong>De premio, un viaje<\/strong><\/p>\n<p>Durante todo el programa, la participaci\u00f3n e implicaci\u00f3n de los adolescentes ser\u00e1 evaluado por el equipo de t\u00e9cnicos de Integraci\u00f3n Social, que coordinan la actividad, atendiendo al inter\u00e9s, la proactividad, la motivaci\u00f3n y el trabajo en equipo. Adem\u00e1s, todas las personas participantes expondr\u00e1n el 1 de junio, ante un jurado externo, los proyectos y propuestas de mejora en los que han trabajado durante el programa. Con todas estas valoraciones, se elegir\u00e1 a las cuatro personas que viajar\u00e1n a Bruselas con todos los gastos pagados.<\/p>\n<p>El viaje, de seis d\u00edas, tendr\u00e1 lugar en el mes de junio. Incluir\u00e1 adem\u00e1s de los viajes de ida y vuelta, cuatro d\u00edas completos en Bruselas, donde se visitar\u00e1 el Parlamento Europeo, se realizar\u00e1n varios encuentros con j\u00f3venes y con profesionales que trabajan en la Uni\u00f3n Europea, y se realizar\u00e1n actividades l\u00fadicas como gymkanas por el centro de la ciudad y una visita al parque Mini Europe.<br \/>\n<script async src=\"\/\/pagead2.googlesyndication.com\/pagead\/js\/adsbygoogle.js\"><\/script><br \/>\n<!-- Noticias La Guia de Pamplona --><br \/>\n<ins class=\"adsbygoogle\"\nstyle=\"display:block\"\ndata-ad-client=\"ca-pub-6943679897239327\"\ndata-ad-slot=\"7048180777\"\ndata-ad-format=\"auto\"><\/ins><br \/>\n<script>\n(adsbygoogle = window.adsbygoogle || []).push({});\n<\/script><\/p>\n<p>&nbsp;<\/p>\n<h3>Inscripciones<\/h3>\n<ul>\n<li><strong>Requisitos<\/strong>\n<ul>\n<li>Tener entre 13 y 17 a\u00f1os (haber nacido entre 2005 y 2009)<\/li>\n<\/ul>\n<\/li>\n<li><strong>C\u00f3mo inscribirse<\/strong>\n<ul>\n<li>Entre el 16 y el 22 de febrero, a trav\u00e9s del correo electr\u00f3nico <a href=\"mailto:coworkids@pamplona.es\">coworkids@pamplona.es<\/a> y en el tel\u00e9fono 948420584 (de 9 a 15 horas de lunes a viernes). Aquellas personas que ya participen en COworkids podr\u00e1n hacerlo a trav\u00e9s del T\u00e9cnico de Integraci\u00f3n Social de referencia del barrio.<\/li>\n<\/ul>\n<\/li>\n<\/ul>\n<p>&nbsp;<\/p>\n<p>Programa \u2018Destino Bruselas\u2019<\/p>\n<ul>\n<li><strong>1\u00aa Parada: \u00bfQu\u00e9 te ofrece como adolescente el programa Erasmus+? <\/strong>\n<ul>\n<li>Grupo A \u2013 Jueves, 24 de febrero (Centro Comunitario Milagrosa).<\/li>\n<li>Grupo B \u2013 Martes, 15 de marzo (Colegio P\u00fablico Iturrama).<\/li>\n<\/ul>\n<\/li>\n<li><strong>2\u00aa Parada: Los 11 Objetivos de la Juventud Europea. <\/strong>\n<ul>\n<li>Grupo A \u2013 Jueves, 10 de marzo (Centro Comunitario Milagrosa).<\/li>\n<li>Grupo B \u2013 Martes, 22 de marzo (Colegio P\u00fablico Iturrama).<\/li>\n<\/ul>\n<\/li>\n<li><strong>3\u00aa Parada: Y yo, \u00bfqu\u00e9 puedo aportar a la sociedad europea?<\/strong>\n<ul>\n<li>Grupo A \u2013 Jueves, 17 de marzo (Centro Comunitario Milagrosa).<\/li>\n<li>Grupo B \u2013 Martes, 29 de marzo (Colegio P\u00fablico Iturrama).<\/li>\n<\/ul>\n<\/li>\n<li><strong>4\u00aa Parada: M\u00e1s all\u00e1 de Europa: El marco global de los Objetivos de Desarrollo Sostenible.<\/strong>\n<ul>\n<li>Grupo A \u2013 Jueves, 24 de marzo (Centro Comunitario Milagrosa).<\/li>\n<li>Grupo B \u2013 Martes, 5 de abril (Colegio P\u00fablico Iturrama).<\/li>\n<\/ul>\n<\/li>\n<li><strong>5\u00aa Parada: Europa y el ODS 5: Mujeres referentes en Europa.\u00a0 <\/strong>\n<ul>\n<li>Grupo A \u2013 Jueves, 31 de marzo (Centro Comunitario Milagrosa).<\/li>\n<li>Grupo B \u2013 Martes, 3 de mayo (Colegio P\u00fablico Iturrama).<\/li>\n<\/ul>\n<\/li>\n<li><strong>6\u00aa Parada: Europa y el ODS 13: Acci\u00f3n por el clima en Europa.\u00a0 <\/strong>\n<ul>\n<li>Grupo A \u2013 Jueves, 7 de abril (Centro Comunitario Milagrosa).<\/li>\n<li>Grupo B \u2013 Martes, 10 de mayo (Colegio P\u00fablico Iturrama).<\/li>\n<\/ul>\n<\/li>\n<li><strong>7\u00aa Parada: \u00bfTienes una idea? Pautas para iniciar tu asociaci\u00f3n juvenil.\u00a0 <\/strong>\n<ul>\n<li>Grupo A \u2013 Viernes, 13 de mayo (Centro Comunitario Milagrosa).<\/li>\n<li>Grupo B \u2013 Viernes, 20 de mayo (Colegio P\u00fablico Iturrama).<\/li>\n<\/ul>\n<\/li>\n<li><strong>Reuniones de seguimiento. V\u00eda Zoom. Ser\u00e1n los viernes de 17 a 17. 45 horas. <\/strong>\n<ul>\n<li>Grupo A \u2013 Fechas 18 de marzo, 25 de marzo, 29 de abril y 20 de mayo.<\/li>\n<li>Grupo B \u2013 Fechas 1 de abril, 8 de abril, 6 de mayo y 27 de mayo.<\/li>\n<\/ul>\n<\/li>\n<\/ul>\n","protected":false},"excerpt":{"rendered":"<p>Dirigido a adolescentes de entre 13 y 17 a\u00f1os, el proyecto Erasmus+ seleccionar\u00e1 a cuatro participantes para viajar a la capital de la UE<\/p>\n","protected":false},"author":1,"featured_media":38821,"comment_status":"open","ping_status":"closed","sticky":false,"template":"","format":"standard","meta":{"footnotes":""},"categories":[2],"tags":[],"class_list":["post-38820","post","type-post","status-publish","format-standard","has-post-thumbnail","hentry","category-ayuntamiento-pamplona"],"yoast_head":"<!-- This site is optimized with the Yoast SEO plugin v27.5 - https:\/\/yoast.com\/product\/yoast-seo-wordpress\/ -->\n<title>Un viaje a Bruselas, guinda de las actividades en torno a la Uni\u00f3n Europea que prepara COworkids<\/title>\n<meta name=\"description\" content=\"Dirigido a adolescentes de entre 13 y 17 a\u00f1os, el proyecto Erasmus+ seleccionar\u00e1 a cuatro participantes para viajar a la capital de la UE\" \/>\n<meta name=\"robots\" content=\"index, follow, max-snippet:-1, max-image-preview:large, max-video-preview:-1\" \/>\n<link rel=\"canonical\" href=\"https:\/\/www.laguiadepamplona.com\/actualidad\/un-viaje-a-bruselas-guinda-de-las-actividades-en-torno-a-la-union-europea-que-prepara-coworkids\/\" \/>\n<meta property=\"og:locale\" content=\"es_ES\" \/>\n<meta property=\"og:type\" content=\"article\" \/>\n<meta property=\"og:title\" content=\"Un viaje a Bruselas, guinda de las actividades en torno a la Uni\u00f3n Europea que prepara COworkids\" \/>\n<meta property=\"og:description\" content=\"Dirigido a adolescentes de entre 13 y 17 a\u00f1os, el proyecto Erasmus+ seleccionar\u00e1 a cuatro participantes para viajar a la capital de la UE\" \/>\n<meta property=\"og:url\" content=\"https:\/\/www.laguiadepamplona.com\/actualidad\/un-viaje-a-bruselas-guinda-de-las-actividades-en-torno-a-la-union-europea-que-prepara-coworkids\/\" \/>\n<meta property=\"og:site_name\" content=\"La Gu\u00eda de Pamplona\" \/>\n<meta property=\"article:publisher\" content=\"https:\/\/www.facebook.com\/laguiadepamplonacom-133175176762273\/?ref=hl\" \/>\n<meta property=\"article:published_time\" content=\"2022-02-15T17:04:14+00:00\" \/>\n<meta property=\"article:modified_time\" content=\"2023-04-11T09:48:31+00:00\" \/>\n<meta property=\"og:image\" content=\"https:\/\/www.laguiadepamplona.com\/actualidad\/wp-content\/uploads\/2022\/02\/brussels-g2775b11f5_1920.jpg\" \/>\n\t<meta property=\"og:image:width\" content=\"1920\" \/>\n\t<meta property=\"og:image:height\" content=\"1280\" \/>\n\t<meta property=\"og:image:type\" content=\"image\/jpeg\" \/>\n<meta name=\"author\" content=\"La Gu\u00eda de Pamplona\" \/>\n<meta name=\"twitter:card\" content=\"summary_large_image\" \/>\n<meta name=\"twitter:creator\" content=\"@LaGuiadPamplona\" \/>\n<meta name=\"twitter:site\" content=\"@LaGuiadPamplona\" \/>\n<meta name=\"twitter:label1\" content=\"Escrito por\" \/>\n\t<meta name=\"twitter:data1\" content=\"La Gu\u00eda de Pamplona\" \/>\n\t<meta name=\"twitter:label2\" content=\"Tiempo de lectura\" \/>\n\t<meta name=\"twitter:data2\" content=\"5 minutos\" \/>\n<script type=\"application\/ld+json\" class=\"yoast-schema-graph\">{\"@context\":\"https:\\\/\\\/schema.org\",\"@graph\":[{\"@type\":\"Article\",\"@id\":\"https:\\\/\\\/www.laguiadepamplona.com\\\/actualidad\\\/un-viaje-a-bruselas-guinda-de-las-actividades-en-torno-a-la-union-europea-que-prepara-coworkids\\\/#article\",\"isPartOf\":{\"@id\":\"https:\\\/\\\/www.laguiadepamplona.com\\\/actualidad\\\/un-viaje-a-bruselas-guinda-de-las-actividades-en-torno-a-la-union-europea-que-prepara-coworkids\\\/\"},\"author\":{\"name\":\"La Gu\u00eda de Pamplona\",\"@id\":\"https:\\\/\\\/www.laguiadepamplona.com\\\/actualidad\\\/#\\\/schema\\\/person\\\/efe887376f0213d4657c93adc50b1fdb\"},\"headline\":\"Un viaje a Bruselas, guinda de las actividades en torno a la Uni\u00f3n Europea que prepara COworkids\",\"datePublished\":\"2022-02-15T17:04:14+00:00\",\"dateModified\":\"2023-04-11T09:48:31+00:00\",\"mainEntityOfPage\":{\"@id\":\"https:\\\/\\\/www.laguiadepamplona.com\\\/actualidad\\\/un-viaje-a-bruselas-guinda-de-las-actividades-en-torno-a-la-union-europea-que-prepara-coworkids\\\/\"},\"wordCount\":1126,\"commentCount\":0,\"publisher\":{\"@id\":\"https:\\\/\\\/www.laguiadepamplona.com\\\/actualidad\\\/#organization\"},\"image\":{\"@id\":\"https:\\\/\\\/www.laguiadepamplona.com\\\/actualidad\\\/un-viaje-a-bruselas-guinda-de-las-actividades-en-torno-a-la-union-europea-que-prepara-coworkids\\\/#primaryimage\"},\"thumbnailUrl\":\"https:\\\/\\\/www.laguiadepamplona.com\\\/actualidad\\\/wp-content\\\/uploads\\\/2022\\\/02\\\/brussels-g2775b11f5_1920.jpg\",\"articleSection\":[\"Ayto Pamplona\"],\"inLanguage\":\"es\",\"potentialAction\":[{\"@type\":\"CommentAction\",\"name\":\"Comment\",\"target\":[\"https:\\\/\\\/www.laguiadepamplona.com\\\/actualidad\\\/un-viaje-a-bruselas-guinda-de-las-actividades-en-torno-a-la-union-europea-que-prepara-coworkids\\\/#respond\"]}]},{\"@type\":\"WebPage\",\"@id\":\"https:\\\/\\\/www.laguiadepamplona.com\\\/actualidad\\\/un-viaje-a-bruselas-guinda-de-las-actividades-en-torno-a-la-union-europea-que-prepara-coworkids\\\/\",\"url\":\"https:\\\/\\\/www.laguiadepamplona.com\\\/actualidad\\\/un-viaje-a-bruselas-guinda-de-las-actividades-en-torno-a-la-union-europea-que-prepara-coworkids\\\/\",\"name\":\"Un viaje a Bruselas, guinda de las actividades en torno a la Uni\u00f3n Europea que prepara COworkids\",\"isPartOf\":{\"@id\":\"https:\\\/\\\/www.laguiadepamplona.com\\\/actualidad\\\/#website\"},\"primaryImageOfPage\":{\"@id\":\"https:\\\/\\\/www.laguiadepamplona.com\\\/actualidad\\\/un-viaje-a-bruselas-guinda-de-las-actividades-en-torno-a-la-union-europea-que-prepara-coworkids\\\/#primaryimage\"},\"image\":{\"@id\":\"https:\\\/\\\/www.laguiadepamplona.com\\\/actualidad\\\/un-viaje-a-bruselas-guinda-de-las-actividades-en-torno-a-la-union-europea-que-prepara-coworkids\\\/#primaryimage\"},\"thumbnailUrl\":\"https:\\\/\\\/www.laguiadepamplona.com\\\/actualidad\\\/wp-content\\\/uploads\\\/2022\\\/02\\\/brussels-g2775b11f5_1920.jpg\",\"datePublished\":\"2022-02-15T17:04:14+00:00\",\"dateModified\":\"2023-04-11T09:48:31+00:00\",\"description\":\"Dirigido a adolescentes de entre 13 y 17 a\u00f1os, el proyecto Erasmus+ seleccionar\u00e1 a cuatro participantes para viajar a la capital de la UE\",\"breadcrumb\":{\"@id\":\"https:\\\/\\\/www.laguiadepamplona.com\\\/actualidad\\\/un-viaje-a-bruselas-guinda-de-las-actividades-en-torno-a-la-union-europea-que-prepara-coworkids\\\/#breadcrumb\"},\"inLanguage\":\"es\",\"potentialAction\":[{\"@type\":\"ReadAction\",\"target\":[\"https:\\\/\\\/www.laguiadepamplona.com\\\/actualidad\\\/un-viaje-a-bruselas-guinda-de-las-actividades-en-torno-a-la-union-europea-que-prepara-coworkids\\\/\"]}]},{\"@type\":\"ImageObject\",\"inLanguage\":\"es\",\"@id\":\"https:\\\/\\\/www.laguiadepamplona.com\\\/actualidad\\\/un-viaje-a-bruselas-guinda-de-las-actividades-en-torno-a-la-union-europea-que-prepara-coworkids\\\/#primaryimage\",\"url\":\"https:\\\/\\\/www.laguiadepamplona.com\\\/actualidad\\\/wp-content\\\/uploads\\\/2022\\\/02\\\/brussels-g2775b11f5_1920.jpg\",\"contentUrl\":\"https:\\\/\\\/www.laguiadepamplona.com\\\/actualidad\\\/wp-content\\\/uploads\\\/2022\\\/02\\\/brussels-g2775b11f5_1920.jpg\",\"width\":1920,\"height\":1280},{\"@type\":\"BreadcrumbList\",\"@id\":\"https:\\\/\\\/www.laguiadepamplona.com\\\/actualidad\\\/un-viaje-a-bruselas-guinda-de-las-actividades-en-torno-a-la-union-europea-que-prepara-coworkids\\\/#breadcrumb\",\"itemListElement\":[{\"@type\":\"ListItem\",\"position\":1,\"name\":\"Portada\",\"item\":\"https:\\\/\\\/www.laguiadepamplona.com\\\/actualidad\\\/\"},{\"@type\":\"ListItem\",\"position\":2,\"name\":\"Un viaje a Bruselas, guinda de las actividades en torno a la Uni\u00f3n Europea que prepara COworkids\"}]},{\"@type\":\"WebSite\",\"@id\":\"https:\\\/\\\/www.laguiadepamplona.com\\\/actualidad\\\/#website\",\"url\":\"https:\\\/\\\/www.laguiadepamplona.com\\\/actualidad\\\/\",\"name\":\"La gu\u00eda de Pamplona\",\"description\":\"Noticias de Pamplona\",\"publisher\":{\"@id\":\"https:\\\/\\\/www.laguiadepamplona.com\\\/actualidad\\\/#organization\"},\"potentialAction\":[{\"@type\":\"SearchAction\",\"target\":{\"@type\":\"EntryPoint\",\"urlTemplate\":\"https:\\\/\\\/www.laguiadepamplona.com\\\/actualidad\\\/?s={search_term_string}\"},\"query-input\":{\"@type\":\"PropertyValueSpecification\",\"valueRequired\":true,\"valueName\":\"search_term_string\"}}],\"inLanguage\":\"es\"},{\"@type\":\"Organization\",\"@id\":\"https:\\\/\\\/www.laguiadepamplona.com\\\/actualidad\\\/#organization\",\"name\":\"La Gu\u00eda de Pamplona \\\/ Noticias\",\"url\":\"https:\\\/\\\/www.laguiadepamplona.com\\\/actualidad\\\/\",\"logo\":{\"@type\":\"ImageObject\",\"inLanguage\":\"es\",\"@id\":\"https:\\\/\\\/www.laguiadepamplona.com\\\/actualidad\\\/#\\\/schema\\\/logo\\\/image\\\/\",\"url\":\"https:\\\/\\\/www.laguiadepamplona.com\\\/actualidad\\\/wp-content\\\/uploads\\\/2018\\\/11\\\/logo-laguiadepamplona18-web1.png\",\"contentUrl\":\"https:\\\/\\\/www.laguiadepamplona.com\\\/actualidad\\\/wp-content\\\/uploads\\\/2018\\\/11\\\/logo-laguiadepamplona18-web1.png\",\"width\":600,\"height\":196,\"caption\":\"La Gu\u00eda de Pamplona \\\/ Noticias\"},\"image\":{\"@id\":\"https:\\\/\\\/www.laguiadepamplona.com\\\/actualidad\\\/#\\\/schema\\\/logo\\\/image\\\/\"},\"sameAs\":[\"https:\\\/\\\/www.facebook.com\\\/laguiadepamplonacom-133175176762273\\\/?ref=hl\",\"https:\\\/\\\/x.com\\\/LaGuiadPamplona\",\"https:\\\/\\\/www.instagram.com\\\/la_guia_de_pamplona\\\/\",\"https:\\\/\\\/www.youtube.com\\\/user\\\/laguiadepamplona\"]},{\"@type\":\"Person\",\"@id\":\"https:\\\/\\\/www.laguiadepamplona.com\\\/actualidad\\\/#\\\/schema\\\/person\\\/efe887376f0213d4657c93adc50b1fdb\",\"name\":\"La Gu\u00eda de Pamplona\",\"image\":{\"@type\":\"ImageObject\",\"inLanguage\":\"es\",\"@id\":\"https:\\\/\\\/secure.gravatar.com\\\/avatar\\\/b6992f131dc8d30ab0dff15446e9d346d9dbd95992de0fef795073f5ea83a81c?s=96&d=mm&r=g\",\"url\":\"https:\\\/\\\/secure.gravatar.com\\\/avatar\\\/b6992f131dc8d30ab0dff15446e9d346d9dbd95992de0fef795073f5ea83a81c?s=96&d=mm&r=g\",\"contentUrl\":\"https:\\\/\\\/secure.gravatar.com\\\/avatar\\\/b6992f131dc8d30ab0dff15446e9d346d9dbd95992de0fef795073f5ea83a81c?s=96&d=mm&r=g\",\"caption\":\"La Gu\u00eda de Pamplona\"}}]}<\/script>\n<!-- \/ Yoast SEO plugin. -->","yoast_head_json":{"title":"Un viaje a Bruselas, guinda de las actividades en torno a la Uni\u00f3n Europea que prepara COworkids","description":"Dirigido a adolescentes de entre 13 y 17 a\u00f1os, el proyecto Erasmus+ seleccionar\u00e1 a cuatro participantes para viajar a la capital de la UE","robots":{"index":"index","follow":"follow","max-snippet":"max-snippet:-1","max-image-preview":"max-image-preview:large","max-video-preview":"max-video-preview:-1"},"canonical":"https:\/\/www.laguiadepamplona.com\/actualidad\/un-viaje-a-bruselas-guinda-de-las-actividades-en-torno-a-la-union-europea-que-prepara-coworkids\/","og_locale":"es_ES","og_type":"article","og_title":"Un viaje a Bruselas, guinda de las actividades en torno a la Uni\u00f3n Europea que prepara COworkids","og_description":"Dirigido a adolescentes de entre 13 y 17 a\u00f1os, el proyecto Erasmus+ seleccionar\u00e1 a cuatro participantes para viajar a la capital de la UE","og_url":"https:\/\/www.laguiadepamplona.com\/actualidad\/un-viaje-a-bruselas-guinda-de-las-actividades-en-torno-a-la-union-europea-que-prepara-coworkids\/","og_site_name":"La Gu\u00eda de Pamplona","article_publisher":"https:\/\/www.facebook.com\/laguiadepamplonacom-133175176762273\/?ref=hl","article_published_time":"2022-02-15T17:04:14+00:00","article_modified_time":"2023-04-11T09:48:31+00:00","og_image":[{"width":1920,"height":1280,"url":"https:\/\/www.laguiadepamplona.com\/actualidad\/wp-content\/uploads\/2022\/02\/brussels-g2775b11f5_1920.jpg","type":"image\/jpeg"}],"author":"La Gu\u00eda de Pamplona","twitter_card":"summary_large_image","twitter_creator":"@LaGuiadPamplona","twitter_site":"@LaGuiadPamplona","twitter_misc":{"Escrito por":"La Gu\u00eda de Pamplona","Tiempo de lectura":"5 minutos"},"schema":{"@context":"https:\/\/schema.org","@graph":[{"@type":"Article","@id":"https:\/\/www.laguiadepamplona.com\/actualidad\/un-viaje-a-bruselas-guinda-de-las-actividades-en-torno-a-la-union-europea-que-prepara-coworkids\/#article","isPartOf":{"@id":"https:\/\/www.laguiadepamplona.com\/actualidad\/un-viaje-a-bruselas-guinda-de-las-actividades-en-torno-a-la-union-europea-que-prepara-coworkids\/"},"author":{"name":"La Gu\u00eda de Pamplona","@id":"https:\/\/www.laguiadepamplona.com\/actualidad\/#\/schema\/person\/efe887376f0213d4657c93adc50b1fdb"},"headline":"Un viaje a Bruselas, guinda de las actividades en torno a la Uni\u00f3n Europea que prepara COworkids","datePublished":"2022-02-15T17:04:14+00:00","dateModified":"2023-04-11T09:48:31+00:00","mainEntityOfPage":{"@id":"https:\/\/www.laguiadepamplona.com\/actualidad\/un-viaje-a-bruselas-guinda-de-las-actividades-en-torno-a-la-union-europea-que-prepara-coworkids\/"},"wordCount":1126,"commentCount":0,"publisher":{"@id":"https:\/\/www.laguiadepamplona.com\/actualidad\/#organization"},"image":{"@id":"https:\/\/www.laguiadepamplona.com\/actualidad\/un-viaje-a-bruselas-guinda-de-las-actividades-en-torno-a-la-union-europea-que-prepara-coworkids\/#primaryimage"},"thumbnailUrl":"https:\/\/www.laguiadepamplona.com\/actualidad\/wp-content\/uploads\/2022\/02\/brussels-g2775b11f5_1920.jpg","articleSection":["Ayto Pamplona"],"inLanguage":"es","potentialAction":[{"@type":"CommentAction","name":"Comment","target":["https:\/\/www.laguiadepamplona.com\/actualidad\/un-viaje-a-bruselas-guinda-de-las-actividades-en-torno-a-la-union-europea-que-prepara-coworkids\/#respond"]}]},{"@type":"WebPage","@id":"https:\/\/www.laguiadepamplona.com\/actualidad\/un-viaje-a-bruselas-guinda-de-las-actividades-en-torno-a-la-union-europea-que-prepara-coworkids\/","url":"https:\/\/www.laguiadepamplona.com\/actualidad\/un-viaje-a-bruselas-guinda-de-las-actividades-en-torno-a-la-union-europea-que-prepara-coworkids\/","name":"Un viaje a Bruselas, guinda de las actividades en torno a la Uni\u00f3n Europea que prepara COworkids","isPartOf":{"@id":"https:\/\/www.laguiadepamplona.com\/actualidad\/#website"},"primaryImageOfPage":{"@id":"https:\/\/www.laguiadepamplona.com\/actualidad\/un-viaje-a-bruselas-guinda-de-las-actividades-en-torno-a-la-union-europea-que-prepara-coworkids\/#primaryimage"},"image":{"@id":"https:\/\/www.laguiadepamplona.com\/actualidad\/un-viaje-a-bruselas-guinda-de-las-actividades-en-torno-a-la-union-europea-que-prepara-coworkids\/#primaryimage"},"thumbnailUrl":"https:\/\/www.laguiadepamplona.com\/actualidad\/wp-content\/uploads\/2022\/02\/brussels-g2775b11f5_1920.jpg","datePublished":"2022-02-15T17:04:14+00:00","dateModified":"2023-04-11T09:48:31+00:00","description":"Dirigido a adolescentes de entre 13 y 17 a\u00f1os, el proyecto Erasmus+ seleccionar\u00e1 a cuatro participantes para viajar a la capital de la UE","breadcrumb":{"@id":"https:\/\/www.laguiadepamplona.com\/actualidad\/un-viaje-a-bruselas-guinda-de-las-actividades-en-torno-a-la-union-europea-que-prepara-coworkids\/#breadcrumb"},"inLanguage":"es","potentialAction":[{"@type":"ReadAction","target":["https:\/\/www.laguiadepamplona.com\/actualidad\/un-viaje-a-bruselas-guinda-de-las-actividades-en-torno-a-la-union-europea-que-prepara-coworkids\/"]}]},{"@type":"ImageObject","inLanguage":"es","@id":"https:\/\/www.laguiadepamplona.com\/actualidad\/un-viaje-a-bruselas-guinda-de-las-actividades-en-torno-a-la-union-europea-que-prepara-coworkids\/#primaryimage","url":"https:\/\/www.laguiadepamplona.com\/actualidad\/wp-content\/uploads\/2022\/02\/brussels-g2775b11f5_1920.jpg","contentUrl":"https:\/\/www.laguiadepamplona.com\/actualidad\/wp-content\/uploads\/2022\/02\/brussels-g2775b11f5_1920.jpg","width":1920,"height":1280},{"@type":"BreadcrumbList","@id":"https:\/\/www.laguiadepamplona.com\/actualidad\/un-viaje-a-bruselas-guinda-de-las-actividades-en-torno-a-la-union-europea-que-prepara-coworkids\/#breadcrumb","itemListElement":[{"@type":"ListItem","position":1,"name":"Portada","item":"https:\/\/www.laguiadepamplona.com\/actualidad\/"},{"@type":"ListItem","position":2,"name":"Un viaje a Bruselas, guinda de las actividades en torno a la Uni\u00f3n Europea que prepara COworkids"}]},{"@type":"WebSite","@id":"https:\/\/www.laguiadepamplona.com\/actualidad\/#website","url":"https:\/\/www.laguiadepamplona.com\/actualidad\/","name":"La gu\u00eda de Pamplona","description":"Noticias de Pamplona","publisher":{"@id":"https:\/\/www.laguiadepamplona.com\/actualidad\/#organization"},"potentialAction":[{"@type":"SearchAction","target":{"@type":"EntryPoint","urlTemplate":"https:\/\/www.laguiadepamplona.com\/actualidad\/?s={search_term_string}"},"query-input":{"@type":"PropertyValueSpecification","valueRequired":true,"valueName":"search_term_string"}}],"inLanguage":"es"},{"@type":"Organization","@id":"https:\/\/www.laguiadepamplona.com\/actualidad\/#organization","name":"La Gu\u00eda de Pamplona \/ Noticias","url":"https:\/\/www.laguiadepamplona.com\/actualidad\/","logo":{"@type":"ImageObject","inLanguage":"es","@id":"https:\/\/www.laguiadepamplona.com\/actualidad\/#\/schema\/logo\/image\/","url":"https:\/\/www.laguiadepamplona.com\/actualidad\/wp-content\/uploads\/2018\/11\/logo-laguiadepamplona18-web1.png","contentUrl":"https:\/\/www.laguiadepamplona.com\/actualidad\/wp-content\/uploads\/2018\/11\/logo-laguiadepamplona18-web1.png","width":600,"height":196,"caption":"La Gu\u00eda de Pamplona \/ Noticias"},"image":{"@id":"https:\/\/www.laguiadepamplona.com\/actualidad\/#\/schema\/logo\/image\/"},"sameAs":["https:\/\/www.facebook.com\/laguiadepamplonacom-133175176762273\/?ref=hl","https:\/\/x.com\/LaGuiadPamplona","https:\/\/www.instagram.com\/la_guia_de_pamplona\/","https:\/\/www.youtube.com\/user\/laguiadepamplona"]},{"@type":"Person","@id":"https:\/\/www.laguiadepamplona.com\/actualidad\/#\/schema\/person\/efe887376f0213d4657c93adc50b1fdb","name":"La Gu\u00eda de Pamplona","image":{"@type":"ImageObject","inLanguage":"es","@id":"https:\/\/secure.gravatar.com\/avatar\/b6992f131dc8d30ab0dff15446e9d346d9dbd95992de0fef795073f5ea83a81c?s=96&d=mm&r=g","url":"https:\/\/secure.gravatar.com\/avatar\/b6992f131dc8d30ab0dff15446e9d346d9dbd95992de0fef795073f5ea83a81c?s=96&d=mm&r=g","contentUrl":"https:\/\/secure.gravatar.com\/avatar\/b6992f131dc8d30ab0dff15446e9d346d9dbd95992de0fef795073f5ea83a81c?s=96&d=mm&r=g","caption":"La Gu\u00eda de Pamplona"}}]}},"post_mailing_queue_ids":[],"_links":{"self":[{"href":"https:\/\/www.laguiadepamplona.com\/actualidad\/wp-json\/wp\/v2\/posts\/38820","targetHints":{"allow":["GET"]}}],"collection":[{"href":"https:\/\/www.laguiadepamplona.com\/actualidad\/wp-json\/wp\/v2\/posts"}],"about":[{"href":"https:\/\/www.laguiadepamplona.com\/actualidad\/wp-json\/wp\/v2\/types\/post"}],"author":[{"embeddable":true,"href":"https:\/\/www.laguiadepamplona.com\/actualidad\/wp-json\/wp\/v2\/users\/1"}],"replies":[{"embeddable":true,"href":"https:\/\/www.laguiadepamplona.com\/actualidad\/wp-json\/wp\/v2\/comments?post=38820"}],"version-history":[{"count":0,"href":"https:\/\/www.laguiadepamplona.com\/actualidad\/wp-json\/wp\/v2\/posts\/38820\/revisions"}],"wp:featuredmedia":[{"embeddable":true,"href":"https:\/\/www.laguiadepamplona.com\/actualidad\/wp-json\/wp\/v2\/media\/38821"}],"wp:attachment":[{"href":"https:\/\/www.laguiadepamplona.com\/actualidad\/wp-json\/wp\/v2\/media?parent=38820"}],"wp:term":[{"taxonomy":"category","embeddable":true,"href":"https:\/\/www.laguiadepamplona.com\/actualidad\/wp-json\/wp\/v2\/categories?post=38820"},{"taxonomy":"post_tag","embeddable":true,"href":"https:\/\/www.laguiadepamplona.com\/actualidad\/wp-json\/wp\/v2\/tags?post=38820"}],"curies":[{"name":"wp","href":"https:\/\/api.w.org\/{rel}","templated":true}]}}