{"id":38814,"date":"2022-02-15T13:45:17","date_gmt":"2022-02-15T11:45:17","guid":{"rendered":"https:\/\/www.laguiadepamplona.com\/actualidad\/?p=38814"},"modified":"2023-04-11T11:48:31","modified_gmt":"2023-04-11T09:48:31","slug":"manana-arrancan-las-sesiones-formativas-en-el-barrio-de-mendillorri-sobre-que-es-y-como-funciona-una-comunidad-energetica","status":"publish","type":"post","link":"https:\/\/www.laguiadepamplona.com\/actualidad\/manana-arrancan-las-sesiones-formativas-en-el-barrio-de-mendillorri-sobre-que-es-y-como-funciona-una-comunidad-energetica\/","title":{"rendered":"Ma\u00f1ana arrancan las sesiones formativas en el barrio de Mendillorri sobre qu\u00e9 es y c\u00f3mo funciona una comunidad energ\u00e9tica"},"content":{"rendered":"<h5>Entre quienes asistan se realizar\u00e1n encuestas para perfilar la composici\u00f3n del grupo motor de la nueva comunidad<\/h5>\n<p><!--more--><\/p>\n<p>En los pr\u00f3ximos d\u00edas la Agencia Energ\u00e9tica Municipal ha programado un ciclo de sesiones formativas abiertas al vecindario de Mendillorri y a diferentes agentes y entidades del barrio para profundizar en los contenidos relacionados con las comunidades energ\u00e9ticas como la que se est\u00e1 proyectando en ese barrio. Adem\u00e1s, las sesiones abordar\u00e1n aspectos pr\u00e1cticos relacionados con el gasto energ\u00e9tico, el autoconsumo y comunidades energ\u00e9ticas. Como datos orientativos, el n\u00famero de instalaciones de autoconsumo colectivo ejecutadas se ha multiplicado por 7, pasando de una en 2020 a 7 en 2021; adem\u00e1s la potencia fotovoltaica instalada en tejados en Pamplona en 2021 se ha duplicado respecto al a\u00f1o anterior, instal\u00e1ndose 1.233kW.<\/p>\n<p>Las sesiones organizadas ser\u00e1n en los meses de febrero y marzo en el sal\u00f3n de actos de Civivox Mendillorri, siempre a la 18.30 horas con entrada libre y coincidiendo con la tarde del mi\u00e9rcoles. La primera tendr\u00e1 lugar ma\u00f1ana y se centrar\u00e1 en \u2018Autoconsumo y funcionamiento\u2019. La impartir\u00e1 Julian Zapata Ruiz, t\u00e9cnico de la Agencia Energ\u00e9tica Municipal de Pamplona. Todas las charlas ser\u00e1n impartidas por personal municipal y especialistas en las materias, buscando que tengan car\u00e1cter participativo. Adem\u00e1s, se trabajar\u00e1 con quienes asistan para tratar de ir acotando la composici\u00f3n del grupo motor de la nueva comunidad y los siguientes pasos para su desarrollo. Como punto de partida, la comunidad energ\u00e9tica que se propone constituir en Mendillorri utilizar\u00e1 la instalaci\u00f3n fotovoltaica de autoconsumo compartido instalada en el CP El Lago &#8211; Mendigoiti IP de 100 kW, con capacidad para generar una media anual de 109.498 kWh.<br \/>\n<script async src=\"\/\/pagead2.googlesyndication.com\/pagead\/js\/adsbygoogle.js\"><\/script><br \/>\n<!-- Noticias La Guia de Pamplona --><br \/>\n<ins class=\"adsbygoogle\"\nstyle=\"display:block\"\ndata-ad-client=\"ca-pub-6943679897239327\"\ndata-ad-slot=\"7048180777\"\ndata-ad-format=\"auto\"><\/ins><br \/>\n<script>\n(adsbygoogle = window.adsbygoogle || []).push({});\n<\/script><\/p>\n<p><strong>Las siguientes charlas est\u00e1n previstas para el 2 de marzo y el 16 de marzo y en ellas se trabajar\u00e1 sobre \u2018Gobernanza y forma jur\u00eddica\u2019 y \u2018Ejemplos y buenas pr\u00e1cticas\u2019, respectivamente.<\/strong><\/p>\n<p>Las comunidades energ\u00e9ticas se consideran una herramienta clave en la lucha contra el cambio clim\u00e1tico y la transici\u00f3n energ\u00e9tica. Al igual que lo que sucede en una comunidad de vecinos, el objetivo de ese trabajo com\u00fan es <strong>beneficiarse colectivamente de las mismas instalaciones <\/strong>de generaci\u00f3n u otras medidas situadas en el entorno de la comunidad. Como efecto a\u00f1adido, el barrio se beneficia en t\u00e9rminos medioambientales y sociales de la actividad, ya que las comunidades energ\u00e9ticas son, principalmente, un concepto social donde la gobernanza de ciudadanos, pymes y autoridades locales es esencial.<\/p>\n<p>A trav\u00e9s de ellas se pueden llevar a cabo m\u00faltiples actividades vinculadas a la energ\u00eda: producir, consumir, almacenar, compartir o vender. Un ejemplo del tipo de actividades en las que se pueden basar son el autoconsumo o la generaci\u00f3n distribuida, que suponen un factor importante para el <strong>ahorro econ\u00f3mico de muchas familias<\/strong><strong>, <\/strong>adem\u00e1s de reducir las p\u00e9rdidas de red y aumentar la competitividad en la industria.<br \/>\n<script async src=\"\/\/pagead2.googlesyndication.com\/pagead\/js\/adsbygoogle.js\"><\/script><br \/>\n<!-- Noticias La Guia de Pamplona --><br \/>\n<ins class=\"adsbygoogle\"\nstyle=\"display:block\"\ndata-ad-client=\"ca-pub-6943679897239327\"\ndata-ad-slot=\"7048180777\"\ndata-ad-format=\"auto\"><\/ins><br \/>\n<script>\n(adsbygoogle = window.adsbygoogle || []).push({});\n<\/script><\/p>\n<p>El trabajo en esta l\u00ednea desarrolla la estrategia municipal \u2018Go Green Pamplona\u2019, que engloba todas las actuaciones en materia de lucha contra el cambio clim\u00e1tico desarrolladas por la ciudad y que define las nuevas l\u00edneas de actuaci\u00f3n para los pr\u00f3ximos a\u00f1os.<\/p>\n","protected":false},"excerpt":{"rendered":"<p>Entre quienes asistan se realizar\u00e1n encuestas para perfilar la composici\u00f3n del grupo motor de la nueva comunidad<\/p>\n","protected":false},"author":1,"featured_media":36919,"comment_status":"open","ping_status":"closed","sticky":false,"template":"","format":"standard","meta":{"footnotes":""},"categories":[2],"tags":[],"class_list":["post-38814","post","type-post","status-publish","format-standard","has-post-thumbnail","hentry","category-ayuntamiento-pamplona"],"yoast_head":"<!-- This site is optimized with the Yoast SEO plugin v27.5 - https:\/\/yoast.com\/product\/yoast-seo-wordpress\/ -->\n<title>Ma\u00f1ana arrancan las sesiones formativas en el barrio de Mendillorri sobre qu\u00e9 es y c\u00f3mo funciona una comunidad energ\u00e9tica<\/title>\n<meta name=\"description\" content=\"Entre quienes asistan se realizar\u00e1n encuestas para perfilar la composici\u00f3n del grupo motor de la nueva comunidad\" \/>\n<meta name=\"robots\" content=\"index, follow, max-snippet:-1, max-image-preview:large, max-video-preview:-1\" \/>\n<link rel=\"canonical\" href=\"https:\/\/www.laguiadepamplona.com\/actualidad\/manana-arrancan-las-sesiones-formativas-en-el-barrio-de-mendillorri-sobre-que-es-y-como-funciona-una-comunidad-energetica\/\" \/>\n<meta property=\"og:locale\" content=\"es_ES\" \/>\n<meta property=\"og:type\" content=\"article\" \/>\n<meta property=\"og:title\" content=\"Ma\u00f1ana arrancan las sesiones formativas en el barrio de Mendillorri sobre qu\u00e9 es y c\u00f3mo funciona una comunidad energ\u00e9tica\" \/>\n<meta property=\"og:description\" content=\"Entre quienes asistan se realizar\u00e1n encuestas para perfilar la composici\u00f3n del grupo motor de la nueva comunidad\" \/>\n<meta property=\"og:url\" content=\"https:\/\/www.laguiadepamplona.com\/actualidad\/manana-arrancan-las-sesiones-formativas-en-el-barrio-de-mendillorri-sobre-que-es-y-como-funciona-una-comunidad-energetica\/\" \/>\n<meta property=\"og:site_name\" content=\"La Gu\u00eda de Pamplona\" \/>\n<meta property=\"article:publisher\" content=\"https:\/\/www.facebook.com\/laguiadepamplonacom-133175176762273\/?ref=hl\" \/>\n<meta property=\"article:published_time\" content=\"2022-02-15T11:45:17+00:00\" \/>\n<meta property=\"article:modified_time\" content=\"2023-04-11T09:48:31+00:00\" \/>\n<meta property=\"og:image\" content=\"https:\/\/www.laguiadepamplona.com\/actualidad\/wp-content\/uploads\/2021\/10\/vista_-aerea_Mendillorri-6.jpg\" \/>\n\t<meta property=\"og:image:width\" content=\"1920\" \/>\n\t<meta property=\"og:image:height\" content=\"1285\" \/>\n\t<meta property=\"og:image:type\" content=\"image\/jpeg\" \/>\n<meta name=\"author\" content=\"La Gu\u00eda de Pamplona\" \/>\n<meta name=\"twitter:card\" content=\"summary_large_image\" \/>\n<meta name=\"twitter:creator\" content=\"@LaGuiadPamplona\" \/>\n<meta name=\"twitter:site\" content=\"@LaGuiadPamplona\" \/>\n<meta name=\"twitter:label1\" content=\"Escrito por\" \/>\n\t<meta name=\"twitter:data1\" content=\"La Gu\u00eda de Pamplona\" \/>\n\t<meta name=\"twitter:label2\" content=\"Tiempo de lectura\" \/>\n\t<meta name=\"twitter:data2\" content=\"3 minutos\" \/>\n<script type=\"application\/ld+json\" class=\"yoast-schema-graph\">{\"@context\":\"https:\\\/\\\/schema.org\",\"@graph\":[{\"@type\":\"Article\",\"@id\":\"https:\\\/\\\/www.laguiadepamplona.com\\\/actualidad\\\/manana-arrancan-las-sesiones-formativas-en-el-barrio-de-mendillorri-sobre-que-es-y-como-funciona-una-comunidad-energetica\\\/#article\",\"isPartOf\":{\"@id\":\"https:\\\/\\\/www.laguiadepamplona.com\\\/actualidad\\\/manana-arrancan-las-sesiones-formativas-en-el-barrio-de-mendillorri-sobre-que-es-y-como-funciona-una-comunidad-energetica\\\/\"},\"author\":{\"name\":\"La Gu\u00eda de Pamplona\",\"@id\":\"https:\\\/\\\/www.laguiadepamplona.com\\\/actualidad\\\/#\\\/schema\\\/person\\\/efe887376f0213d4657c93adc50b1fdb\"},\"headline\":\"Ma\u00f1ana arrancan las sesiones formativas en el barrio de Mendillorri sobre qu\u00e9 es y c\u00f3mo funciona una comunidad energ\u00e9tica\",\"datePublished\":\"2022-02-15T11:45:17+00:00\",\"dateModified\":\"2023-04-11T09:48:31+00:00\",\"mainEntityOfPage\":{\"@id\":\"https:\\\/\\\/www.laguiadepamplona.com\\\/actualidad\\\/manana-arrancan-las-sesiones-formativas-en-el-barrio-de-mendillorri-sobre-que-es-y-como-funciona-una-comunidad-energetica\\\/\"},\"wordCount\":564,\"commentCount\":0,\"publisher\":{\"@id\":\"https:\\\/\\\/www.laguiadepamplona.com\\\/actualidad\\\/#organization\"},\"image\":{\"@id\":\"https:\\\/\\\/www.laguiadepamplona.com\\\/actualidad\\\/manana-arrancan-las-sesiones-formativas-en-el-barrio-de-mendillorri-sobre-que-es-y-como-funciona-una-comunidad-energetica\\\/#primaryimage\"},\"thumbnailUrl\":\"https:\\\/\\\/www.laguiadepamplona.com\\\/actualidad\\\/wp-content\\\/uploads\\\/2021\\\/10\\\/vista_-aerea_Mendillorri-6.jpg\",\"articleSection\":[\"Ayto Pamplona\"],\"inLanguage\":\"es\",\"potentialAction\":[{\"@type\":\"CommentAction\",\"name\":\"Comment\",\"target\":[\"https:\\\/\\\/www.laguiadepamplona.com\\\/actualidad\\\/manana-arrancan-las-sesiones-formativas-en-el-barrio-de-mendillorri-sobre-que-es-y-como-funciona-una-comunidad-energetica\\\/#respond\"]}]},{\"@type\":\"WebPage\",\"@id\":\"https:\\\/\\\/www.laguiadepamplona.com\\\/actualidad\\\/manana-arrancan-las-sesiones-formativas-en-el-barrio-de-mendillorri-sobre-que-es-y-como-funciona-una-comunidad-energetica\\\/\",\"url\":\"https:\\\/\\\/www.laguiadepamplona.com\\\/actualidad\\\/manana-arrancan-las-sesiones-formativas-en-el-barrio-de-mendillorri-sobre-que-es-y-como-funciona-una-comunidad-energetica\\\/\",\"name\":\"Ma\u00f1ana arrancan las sesiones formativas en el barrio de Mendillorri sobre qu\u00e9 es y c\u00f3mo funciona una comunidad energ\u00e9tica\",\"isPartOf\":{\"@id\":\"https:\\\/\\\/www.laguiadepamplona.com\\\/actualidad\\\/#website\"},\"primaryImageOfPage\":{\"@id\":\"https:\\\/\\\/www.laguiadepamplona.com\\\/actualidad\\\/manana-arrancan-las-sesiones-formativas-en-el-barrio-de-mendillorri-sobre-que-es-y-como-funciona-una-comunidad-energetica\\\/#primaryimage\"},\"image\":{\"@id\":\"https:\\\/\\\/www.laguiadepamplona.com\\\/actualidad\\\/manana-arrancan-las-sesiones-formativas-en-el-barrio-de-mendillorri-sobre-que-es-y-como-funciona-una-comunidad-energetica\\\/#primaryimage\"},\"thumbnailUrl\":\"https:\\\/\\\/www.laguiadepamplona.com\\\/actualidad\\\/wp-content\\\/uploads\\\/2021\\\/10\\\/vista_-aerea_Mendillorri-6.jpg\",\"datePublished\":\"2022-02-15T11:45:17+00:00\",\"dateModified\":\"2023-04-11T09:48:31+00:00\",\"description\":\"Entre quienes asistan se realizar\u00e1n encuestas para perfilar la composici\u00f3n del grupo motor de la nueva comunidad\",\"breadcrumb\":{\"@id\":\"https:\\\/\\\/www.laguiadepamplona.com\\\/actualidad\\\/manana-arrancan-las-sesiones-formativas-en-el-barrio-de-mendillorri-sobre-que-es-y-como-funciona-una-comunidad-energetica\\\/#breadcrumb\"},\"inLanguage\":\"es\",\"potentialAction\":[{\"@type\":\"ReadAction\",\"target\":[\"https:\\\/\\\/www.laguiadepamplona.com\\\/actualidad\\\/manana-arrancan-las-sesiones-formativas-en-el-barrio-de-mendillorri-sobre-que-es-y-como-funciona-una-comunidad-energetica\\\/\"]}]},{\"@type\":\"ImageObject\",\"inLanguage\":\"es\",\"@id\":\"https:\\\/\\\/www.laguiadepamplona.com\\\/actualidad\\\/manana-arrancan-las-sesiones-formativas-en-el-barrio-de-mendillorri-sobre-que-es-y-como-funciona-una-comunidad-energetica\\\/#primaryimage\",\"url\":\"https:\\\/\\\/www.laguiadepamplona.com\\\/actualidad\\\/wp-content\\\/uploads\\\/2021\\\/10\\\/vista_-aerea_Mendillorri-6.jpg\",\"contentUrl\":\"https:\\\/\\\/www.laguiadepamplona.com\\\/actualidad\\\/wp-content\\\/uploads\\\/2021\\\/10\\\/vista_-aerea_Mendillorri-6.jpg\",\"width\":1920,\"height\":1285},{\"@type\":\"BreadcrumbList\",\"@id\":\"https:\\\/\\\/www.laguiadepamplona.com\\\/actualidad\\\/manana-arrancan-las-sesiones-formativas-en-el-barrio-de-mendillorri-sobre-que-es-y-como-funciona-una-comunidad-energetica\\\/#breadcrumb\",\"itemListElement\":[{\"@type\":\"ListItem\",\"position\":1,\"name\":\"Portada\",\"item\":\"https:\\\/\\\/www.laguiadepamplona.com\\\/actualidad\\\/\"},{\"@type\":\"ListItem\",\"position\":2,\"name\":\"Ma\u00f1ana arrancan las sesiones formativas en el barrio de Mendillorri sobre qu\u00e9 es y c\u00f3mo funciona una comunidad energ\u00e9tica\"}]},{\"@type\":\"WebSite\",\"@id\":\"https:\\\/\\\/www.laguiadepamplona.com\\\/actualidad\\\/#website\",\"url\":\"https:\\\/\\\/www.laguiadepamplona.com\\\/actualidad\\\/\",\"name\":\"La gu\u00eda de Pamplona\",\"description\":\"Noticias de Pamplona\",\"publisher\":{\"@id\":\"https:\\\/\\\/www.laguiadepamplona.com\\\/actualidad\\\/#organization\"},\"potentialAction\":[{\"@type\":\"SearchAction\",\"target\":{\"@type\":\"EntryPoint\",\"urlTemplate\":\"https:\\\/\\\/www.laguiadepamplona.com\\\/actualidad\\\/?s={search_term_string}\"},\"query-input\":{\"@type\":\"PropertyValueSpecification\",\"valueRequired\":true,\"valueName\":\"search_term_string\"}}],\"inLanguage\":\"es\"},{\"@type\":\"Organization\",\"@id\":\"https:\\\/\\\/www.laguiadepamplona.com\\\/actualidad\\\/#organization\",\"name\":\"La Gu\u00eda de Pamplona \\\/ Noticias\",\"url\":\"https:\\\/\\\/www.laguiadepamplona.com\\\/actualidad\\\/\",\"logo\":{\"@type\":\"ImageObject\",\"inLanguage\":\"es\",\"@id\":\"https:\\\/\\\/www.laguiadepamplona.com\\\/actualidad\\\/#\\\/schema\\\/logo\\\/image\\\/\",\"url\":\"https:\\\/\\\/www.laguiadepamplona.com\\\/actualidad\\\/wp-content\\\/uploads\\\/2018\\\/11\\\/logo-laguiadepamplona18-web1.png\",\"contentUrl\":\"https:\\\/\\\/www.laguiadepamplona.com\\\/actualidad\\\/wp-content\\\/uploads\\\/2018\\\/11\\\/logo-laguiadepamplona18-web1.png\",\"width\":600,\"height\":196,\"caption\":\"La Gu\u00eda de Pamplona \\\/ Noticias\"},\"image\":{\"@id\":\"https:\\\/\\\/www.laguiadepamplona.com\\\/actualidad\\\/#\\\/schema\\\/logo\\\/image\\\/\"},\"sameAs\":[\"https:\\\/\\\/www.facebook.com\\\/laguiadepamplonacom-133175176762273\\\/?ref=hl\",\"https:\\\/\\\/x.com\\\/LaGuiadPamplona\",\"https:\\\/\\\/www.instagram.com\\\/la_guia_de_pamplona\\\/\",\"https:\\\/\\\/www.youtube.com\\\/user\\\/laguiadepamplona\"]},{\"@type\":\"Person\",\"@id\":\"https:\\\/\\\/www.laguiadepamplona.com\\\/actualidad\\\/#\\\/schema\\\/person\\\/efe887376f0213d4657c93adc50b1fdb\",\"name\":\"La Gu\u00eda de Pamplona\",\"image\":{\"@type\":\"ImageObject\",\"inLanguage\":\"es\",\"@id\":\"https:\\\/\\\/secure.gravatar.com\\\/avatar\\\/b6992f131dc8d30ab0dff15446e9d346d9dbd95992de0fef795073f5ea83a81c?s=96&d=mm&r=g\",\"url\":\"https:\\\/\\\/secure.gravatar.com\\\/avatar\\\/b6992f131dc8d30ab0dff15446e9d346d9dbd95992de0fef795073f5ea83a81c?s=96&d=mm&r=g\",\"contentUrl\":\"https:\\\/\\\/secure.gravatar.com\\\/avatar\\\/b6992f131dc8d30ab0dff15446e9d346d9dbd95992de0fef795073f5ea83a81c?s=96&d=mm&r=g\",\"caption\":\"La Gu\u00eda de Pamplona\"}}]}<\/script>\n<!-- \/ Yoast SEO plugin. -->","yoast_head_json":{"title":"Ma\u00f1ana arrancan las sesiones formativas en el barrio de Mendillorri sobre qu\u00e9 es y c\u00f3mo funciona una comunidad energ\u00e9tica","description":"Entre quienes asistan se realizar\u00e1n encuestas para perfilar la composici\u00f3n del grupo motor de la nueva comunidad","robots":{"index":"index","follow":"follow","max-snippet":"max-snippet:-1","max-image-preview":"max-image-preview:large","max-video-preview":"max-video-preview:-1"},"canonical":"https:\/\/www.laguiadepamplona.com\/actualidad\/manana-arrancan-las-sesiones-formativas-en-el-barrio-de-mendillorri-sobre-que-es-y-como-funciona-una-comunidad-energetica\/","og_locale":"es_ES","og_type":"article","og_title":"Ma\u00f1ana arrancan las sesiones formativas en el barrio de Mendillorri sobre qu\u00e9 es y c\u00f3mo funciona una comunidad energ\u00e9tica","og_description":"Entre quienes asistan se realizar\u00e1n encuestas para perfilar la composici\u00f3n del grupo motor de la nueva comunidad","og_url":"https:\/\/www.laguiadepamplona.com\/actualidad\/manana-arrancan-las-sesiones-formativas-en-el-barrio-de-mendillorri-sobre-que-es-y-como-funciona-una-comunidad-energetica\/","og_site_name":"La Gu\u00eda de Pamplona","article_publisher":"https:\/\/www.facebook.com\/laguiadepamplonacom-133175176762273\/?ref=hl","article_published_time":"2022-02-15T11:45:17+00:00","article_modified_time":"2023-04-11T09:48:31+00:00","og_image":[{"width":1920,"height":1285,"url":"https:\/\/www.laguiadepamplona.com\/actualidad\/wp-content\/uploads\/2021\/10\/vista_-aerea_Mendillorri-6.jpg","type":"image\/jpeg"}],"author":"La Gu\u00eda de Pamplona","twitter_card":"summary_large_image","twitter_creator":"@LaGuiadPamplona","twitter_site":"@LaGuiadPamplona","twitter_misc":{"Escrito por":"La Gu\u00eda de Pamplona","Tiempo de lectura":"3 minutos"},"schema":{"@context":"https:\/\/schema.org","@graph":[{"@type":"Article","@id":"https:\/\/www.laguiadepamplona.com\/actualidad\/manana-arrancan-las-sesiones-formativas-en-el-barrio-de-mendillorri-sobre-que-es-y-como-funciona-una-comunidad-energetica\/#article","isPartOf":{"@id":"https:\/\/www.laguiadepamplona.com\/actualidad\/manana-arrancan-las-sesiones-formativas-en-el-barrio-de-mendillorri-sobre-que-es-y-como-funciona-una-comunidad-energetica\/"},"author":{"name":"La Gu\u00eda de Pamplona","@id":"https:\/\/www.laguiadepamplona.com\/actualidad\/#\/schema\/person\/efe887376f0213d4657c93adc50b1fdb"},"headline":"Ma\u00f1ana arrancan las sesiones formativas en el barrio de Mendillorri sobre qu\u00e9 es y c\u00f3mo funciona una comunidad energ\u00e9tica","datePublished":"2022-02-15T11:45:17+00:00","dateModified":"2023-04-11T09:48:31+00:00","mainEntityOfPage":{"@id":"https:\/\/www.laguiadepamplona.com\/actualidad\/manana-arrancan-las-sesiones-formativas-en-el-barrio-de-mendillorri-sobre-que-es-y-como-funciona-una-comunidad-energetica\/"},"wordCount":564,"commentCount":0,"publisher":{"@id":"https:\/\/www.laguiadepamplona.com\/actualidad\/#organization"},"image":{"@id":"https:\/\/www.laguiadepamplona.com\/actualidad\/manana-arrancan-las-sesiones-formativas-en-el-barrio-de-mendillorri-sobre-que-es-y-como-funciona-una-comunidad-energetica\/#primaryimage"},"thumbnailUrl":"https:\/\/www.laguiadepamplona.com\/actualidad\/wp-content\/uploads\/2021\/10\/vista_-aerea_Mendillorri-6.jpg","articleSection":["Ayto Pamplona"],"inLanguage":"es","potentialAction":[{"@type":"CommentAction","name":"Comment","target":["https:\/\/www.laguiadepamplona.com\/actualidad\/manana-arrancan-las-sesiones-formativas-en-el-barrio-de-mendillorri-sobre-que-es-y-como-funciona-una-comunidad-energetica\/#respond"]}]},{"@type":"WebPage","@id":"https:\/\/www.laguiadepamplona.com\/actualidad\/manana-arrancan-las-sesiones-formativas-en-el-barrio-de-mendillorri-sobre-que-es-y-como-funciona-una-comunidad-energetica\/","url":"https:\/\/www.laguiadepamplona.com\/actualidad\/manana-arrancan-las-sesiones-formativas-en-el-barrio-de-mendillorri-sobre-que-es-y-como-funciona-una-comunidad-energetica\/","name":"Ma\u00f1ana arrancan las sesiones formativas en el barrio de Mendillorri sobre qu\u00e9 es y c\u00f3mo funciona una comunidad energ\u00e9tica","isPartOf":{"@id":"https:\/\/www.laguiadepamplona.com\/actualidad\/#website"},"primaryImageOfPage":{"@id":"https:\/\/www.laguiadepamplona.com\/actualidad\/manana-arrancan-las-sesiones-formativas-en-el-barrio-de-mendillorri-sobre-que-es-y-como-funciona-una-comunidad-energetica\/#primaryimage"},"image":{"@id":"https:\/\/www.laguiadepamplona.com\/actualidad\/manana-arrancan-las-sesiones-formativas-en-el-barrio-de-mendillorri-sobre-que-es-y-como-funciona-una-comunidad-energetica\/#primaryimage"},"thumbnailUrl":"https:\/\/www.laguiadepamplona.com\/actualidad\/wp-content\/uploads\/2021\/10\/vista_-aerea_Mendillorri-6.jpg","datePublished":"2022-02-15T11:45:17+00:00","dateModified":"2023-04-11T09:48:31+00:00","description":"Entre quienes asistan se realizar\u00e1n encuestas para perfilar la composici\u00f3n del grupo motor de la nueva comunidad","breadcrumb":{"@id":"https:\/\/www.laguiadepamplona.com\/actualidad\/manana-arrancan-las-sesiones-formativas-en-el-barrio-de-mendillorri-sobre-que-es-y-como-funciona-una-comunidad-energetica\/#breadcrumb"},"inLanguage":"es","potentialAction":[{"@type":"ReadAction","target":["https:\/\/www.laguiadepamplona.com\/actualidad\/manana-arrancan-las-sesiones-formativas-en-el-barrio-de-mendillorri-sobre-que-es-y-como-funciona-una-comunidad-energetica\/"]}]},{"@type":"ImageObject","inLanguage":"es","@id":"https:\/\/www.laguiadepamplona.com\/actualidad\/manana-arrancan-las-sesiones-formativas-en-el-barrio-de-mendillorri-sobre-que-es-y-como-funciona-una-comunidad-energetica\/#primaryimage","url":"https:\/\/www.laguiadepamplona.com\/actualidad\/wp-content\/uploads\/2021\/10\/vista_-aerea_Mendillorri-6.jpg","contentUrl":"https:\/\/www.laguiadepamplona.com\/actualidad\/wp-content\/uploads\/2021\/10\/vista_-aerea_Mendillorri-6.jpg","width":1920,"height":1285},{"@type":"BreadcrumbList","@id":"https:\/\/www.laguiadepamplona.com\/actualidad\/manana-arrancan-las-sesiones-formativas-en-el-barrio-de-mendillorri-sobre-que-es-y-como-funciona-una-comunidad-energetica\/#breadcrumb","itemListElement":[{"@type":"ListItem","position":1,"name":"Portada","item":"https:\/\/www.laguiadepamplona.com\/actualidad\/"},{"@type":"ListItem","position":2,"name":"Ma\u00f1ana arrancan las sesiones formativas en el barrio de Mendillorri sobre qu\u00e9 es y c\u00f3mo funciona una comunidad energ\u00e9tica"}]},{"@type":"WebSite","@id":"https:\/\/www.laguiadepamplona.com\/actualidad\/#website","url":"https:\/\/www.laguiadepamplona.com\/actualidad\/","name":"La gu\u00eda de Pamplona","description":"Noticias de Pamplona","publisher":{"@id":"https:\/\/www.laguiadepamplona.com\/actualidad\/#organization"},"potentialAction":[{"@type":"SearchAction","target":{"@type":"EntryPoint","urlTemplate":"https:\/\/www.laguiadepamplona.com\/actualidad\/?s={search_term_string}"},"query-input":{"@type":"PropertyValueSpecification","valueRequired":true,"valueName":"search_term_string"}}],"inLanguage":"es"},{"@type":"Organization","@id":"https:\/\/www.laguiadepamplona.com\/actualidad\/#organization","name":"La Gu\u00eda de Pamplona \/ Noticias","url":"https:\/\/www.laguiadepamplona.com\/actualidad\/","logo":{"@type":"ImageObject","inLanguage":"es","@id":"https:\/\/www.laguiadepamplona.com\/actualidad\/#\/schema\/logo\/image\/","url":"https:\/\/www.laguiadepamplona.com\/actualidad\/wp-content\/uploads\/2018\/11\/logo-laguiadepamplona18-web1.png","contentUrl":"https:\/\/www.laguiadepamplona.com\/actualidad\/wp-content\/uploads\/2018\/11\/logo-laguiadepamplona18-web1.png","width":600,"height":196,"caption":"La Gu\u00eda de Pamplona \/ Noticias"},"image":{"@id":"https:\/\/www.laguiadepamplona.com\/actualidad\/#\/schema\/logo\/image\/"},"sameAs":["https:\/\/www.facebook.com\/laguiadepamplonacom-133175176762273\/?ref=hl","https:\/\/x.com\/LaGuiadPamplona","https:\/\/www.instagram.com\/la_guia_de_pamplona\/","https:\/\/www.youtube.com\/user\/laguiadepamplona"]},{"@type":"Person","@id":"https:\/\/www.laguiadepamplona.com\/actualidad\/#\/schema\/person\/efe887376f0213d4657c93adc50b1fdb","name":"La Gu\u00eda de Pamplona","image":{"@type":"ImageObject","inLanguage":"es","@id":"https:\/\/secure.gravatar.com\/avatar\/b6992f131dc8d30ab0dff15446e9d346d9dbd95992de0fef795073f5ea83a81c?s=96&d=mm&r=g","url":"https:\/\/secure.gravatar.com\/avatar\/b6992f131dc8d30ab0dff15446e9d346d9dbd95992de0fef795073f5ea83a81c?s=96&d=mm&r=g","contentUrl":"https:\/\/secure.gravatar.com\/avatar\/b6992f131dc8d30ab0dff15446e9d346d9dbd95992de0fef795073f5ea83a81c?s=96&d=mm&r=g","caption":"La Gu\u00eda de Pamplona"}}]}},"post_mailing_queue_ids":[],"_links":{"self":[{"href":"https:\/\/www.laguiadepamplona.com\/actualidad\/wp-json\/wp\/v2\/posts\/38814","targetHints":{"allow":["GET"]}}],"collection":[{"href":"https:\/\/www.laguiadepamplona.com\/actualidad\/wp-json\/wp\/v2\/posts"}],"about":[{"href":"https:\/\/www.laguiadepamplona.com\/actualidad\/wp-json\/wp\/v2\/types\/post"}],"author":[{"embeddable":true,"href":"https:\/\/www.laguiadepamplona.com\/actualidad\/wp-json\/wp\/v2\/users\/1"}],"replies":[{"embeddable":true,"href":"https:\/\/www.laguiadepamplona.com\/actualidad\/wp-json\/wp\/v2\/comments?post=38814"}],"version-history":[{"count":0,"href":"https:\/\/www.laguiadepamplona.com\/actualidad\/wp-json\/wp\/v2\/posts\/38814\/revisions"}],"wp:featuredmedia":[{"embeddable":true,"href":"https:\/\/www.laguiadepamplona.com\/actualidad\/wp-json\/wp\/v2\/media\/36919"}],"wp:attachment":[{"href":"https:\/\/www.laguiadepamplona.com\/actualidad\/wp-json\/wp\/v2\/media?parent=38814"}],"wp:term":[{"taxonomy":"category","embeddable":true,"href":"https:\/\/www.laguiadepamplona.com\/actualidad\/wp-json\/wp\/v2\/categories?post=38814"},{"taxonomy":"post_tag","embeddable":true,"href":"https:\/\/www.laguiadepamplona.com\/actualidad\/wp-json\/wp\/v2\/tags?post=38814"}],"curies":[{"name":"wp","href":"https:\/\/api.w.org\/{rel}","templated":true}]}}