{"id":38747,"date":"2022-02-14T13:23:17","date_gmt":"2022-02-14T11:23:17","guid":{"rendered":"https:\/\/www.laguiadepamplona.com\/actualidad\/?p=38747"},"modified":"2023-04-11T11:48:31","modified_gmt":"2023-04-11T09:48:31","slug":"el-ayuntamiento-de-pamplona-defendera-su-autonomia-frente-a-la-decision-del-gobierno-de-navarra-de-asumir-la-tutela-de-la-fundacion-teatro-gayarre","status":"publish","type":"post","link":"https:\/\/www.laguiadepamplona.com\/actualidad\/el-ayuntamiento-de-pamplona-defendera-su-autonomia-frente-a-la-decision-del-gobierno-de-navarra-de-asumir-la-tutela-de-la-fundacion-teatro-gayarre\/","title":{"rendered":"El Ayuntamiento de Pamplona defender\u00e1 su autonom\u00eda frente a la decisi\u00f3n del Gobierno de Navarra de asumir la tutela de la Fundaci\u00f3n Teatro Gayarre"},"content":{"rendered":"<h5>La Fundaci\u00f3n, constituida en 1998 por encargo del Consistorio, gestiona el servicio p\u00fablico relacionado con el teatro, la m\u00fasica y la danza en la ciudad<\/h5>\n<p><!--more--><\/p>\n<p>La Junta de Gobierno Local del Ayuntamiento de Pamplona ha aprobado, en su sesi\u00f3n de hoy, una declaraci\u00f3n en la que muestra su disconformidad con la decisi\u00f3n del Gobierno de Navarra de asumir la tutela de la Fundaci\u00f3n Teatro Gayarre y anuncia la adopci\u00f3n de medidas legales para defender la autonom\u00eda municipal en esta materia.<br \/>\n<script async src=\"\/\/pagead2.googlesyndication.com\/pagead\/js\/adsbygoogle.js\"><\/script><br \/>\n<!-- Noticias La Guia de Pamplona --><br \/>\n<ins class=\"adsbygoogle\"\nstyle=\"display:block\"\ndata-ad-client=\"ca-pub-6943679897239327\"\ndata-ad-slot=\"7048180777\"\ndata-ad-format=\"auto\"><\/ins><br \/>\n<script>\n(adsbygoogle = window.adsbygoogle || []).push({});\n<\/script><\/p>\n<p>El Gobierno de Navarra ha remitido a la Fundaci\u00f3n una comunicaci\u00f3n por la que se le anuncia la asunci\u00f3n de su tutela y la asignaci\u00f3n de su protectorado al Departamento de Cultura y Deporte. Lo hace, seg\u00fan el argumentario enviado a la propia Fundaci\u00f3n Teatro Gayarre, atendiendo a la Ley Foral 13\/2021 de Fundaciones de Navarra, que exige que todas las fundaciones tengan un protectorado y, si no, se les asignar\u00e1 uno de oficio.<\/p>\n<p>No obstante, desde el Ayuntamiento de Pamplona recuerdan que la Fundaci\u00f3n Teatro Gayarre fue impulsada y creada por el propio Consistorio en 1998, como la mejor alternativa para la gesti\u00f3n de un servicio p\u00fablico, en este caso, la cultura. La decisi\u00f3n se adopt\u00f3 en Pleno, el 13 de marzo de ese a\u00f1o. De hecho, los estatutos de esta Fundaci\u00f3n as\u00ed lo recogen: \u201cLa Fundaci\u00f3n Municipal Teatro Gayarre es una fundaci\u00f3n que se constituye por voluntad del Ayuntamiento de Pamplona, de conformidad con lo acordado en el Pleno y bajo su patrocinio\u201d.<br \/>\n<script async src=\"\/\/pagead2.googlesyndication.com\/pagead\/js\/adsbygoogle.js\"><\/script><br \/>\n<!-- Noticias La Guia de Pamplona --><br \/>\n<ins class=\"adsbygoogle\"\nstyle=\"display:block\"\ndata-ad-client=\"ca-pub-6943679897239327\"\ndata-ad-slot=\"7048180777\"\ndata-ad-format=\"auto\"><\/ins><br \/>\n<script>\n(adsbygoogle = window.adsbygoogle || []).push({});\n<\/script><\/p>\n<p>Los estatutos recalcan su forma jur\u00eddica como fundaci\u00f3n de inter\u00e9s social, sin fin lucrativo y cuyo objeto es \u201cla gesti\u00f3n y administraci\u00f3n del Teatro Gayarre, con el fin de promover, promocionar y difundir el teatro, la m\u00fasica, la danza y otras actividades que guarden similitud con las anteriores\u201d. Y resalta que \u201cel gobierno y la administraci\u00f3n de la Fundaci\u00f3n se conf\u00eda a la Junta del Patronato, nombrada por el Pleno del Ayuntamiento\u201d. De hecho, la presidencia de la Junta del Patronato recae en el alcalde de la ciudad.<\/p>\n<p>Por todo ello, la Junta de Gobierno Local considera que la decisi\u00f3n del Gobierno de Navarra de asumir la tutela de la Fundaci\u00f3n es \u201cuna incursi\u00f3n y una vulneraci\u00f3n de la autonom\u00eda municipal del Ayuntamiento\u201d.\u00a0 Ante esta situaci\u00f3n, ha encomendado a los servicios jur\u00eddicos el estudio de la situaci\u00f3n y la defensa de los intereses municipales y sus entes dependientes.<\/p>\n","protected":false},"excerpt":{"rendered":"<p>La Fundaci\u00f3n, constituida en 1998 por encargo del Consistorio, gestiona el servicio p\u00fablico relacionado con el teatro, la m\u00fasica y la danza en la ciudad<\/p>\n","protected":false},"author":1,"featured_media":38748,"comment_status":"open","ping_status":"closed","sticky":false,"template":"","format":"standard","meta":{"footnotes":""},"categories":[2],"tags":[],"class_list":["post-38747","post","type-post","status-publish","format-standard","has-post-thumbnail","hentry","category-ayuntamiento-pamplona"],"yoast_head":"<!-- This site is optimized with the Yoast SEO plugin v27.5 - https:\/\/yoast.com\/product\/yoast-seo-wordpress\/ -->\n<title>El Ayuntamiento de Pamplona defender\u00e1 su autonom\u00eda frente a la decisi\u00f3n del Gobierno de Navarra de asumir la tutela de la Fundaci\u00f3n Teatro Gayarre<\/title>\n<meta name=\"description\" content=\"La Fundaci\u00f3n, constituida en 1998 por encargo del Consistorio, gestiona el servicio p\u00fablico relacionado con el teatro, la m\u00fasica y la danza en la ciudad\" \/>\n<meta name=\"robots\" content=\"index, follow, max-snippet:-1, max-image-preview:large, max-video-preview:-1\" \/>\n<link rel=\"canonical\" href=\"https:\/\/www.laguiadepamplona.com\/actualidad\/el-ayuntamiento-de-pamplona-defendera-su-autonomia-frente-a-la-decision-del-gobierno-de-navarra-de-asumir-la-tutela-de-la-fundacion-teatro-gayarre\/\" \/>\n<meta property=\"og:locale\" content=\"es_ES\" \/>\n<meta property=\"og:type\" content=\"article\" \/>\n<meta property=\"og:title\" content=\"El Ayuntamiento de Pamplona defender\u00e1 su autonom\u00eda frente a la decisi\u00f3n del Gobierno de Navarra de asumir la tutela de la Fundaci\u00f3n Teatro Gayarre\" \/>\n<meta property=\"og:description\" content=\"La Fundaci\u00f3n, constituida en 1998 por encargo del Consistorio, gestiona el servicio p\u00fablico relacionado con el teatro, la m\u00fasica y la danza en la ciudad\" \/>\n<meta property=\"og:url\" content=\"https:\/\/www.laguiadepamplona.com\/actualidad\/el-ayuntamiento-de-pamplona-defendera-su-autonomia-frente-a-la-decision-del-gobierno-de-navarra-de-asumir-la-tutela-de-la-fundacion-teatro-gayarre\/\" \/>\n<meta property=\"og:site_name\" content=\"La Gu\u00eda de Pamplona\" \/>\n<meta property=\"article:publisher\" content=\"https:\/\/www.facebook.com\/laguiadepamplonacom-133175176762273\/?ref=hl\" \/>\n<meta property=\"article:published_time\" content=\"2022-02-14T11:23:17+00:00\" \/>\n<meta property=\"article:modified_time\" content=\"2023-04-11T09:48:31+00:00\" \/>\n<meta property=\"og:image\" content=\"https:\/\/www.laguiadepamplona.com\/actualidad\/wp-content\/uploads\/2022\/02\/Teatro_Gayarre_luces1.jpg\" \/>\n\t<meta property=\"og:image:width\" content=\"1920\" \/>\n\t<meta property=\"og:image:height\" content=\"1280\" \/>\n\t<meta property=\"og:image:type\" content=\"image\/jpeg\" \/>\n<meta name=\"author\" content=\"La Gu\u00eda de Pamplona\" \/>\n<meta name=\"twitter:card\" content=\"summary_large_image\" \/>\n<meta name=\"twitter:creator\" content=\"@LaGuiadPamplona\" \/>\n<meta name=\"twitter:site\" content=\"@LaGuiadPamplona\" \/>\n<meta name=\"twitter:label1\" content=\"Escrito por\" \/>\n\t<meta name=\"twitter:data1\" content=\"La Gu\u00eda de Pamplona\" \/>\n\t<meta name=\"twitter:label2\" content=\"Tiempo de lectura\" \/>\n\t<meta name=\"twitter:data2\" content=\"2 minutos\" \/>\n<script type=\"application\/ld+json\" class=\"yoast-schema-graph\">{\"@context\":\"https:\\\/\\\/schema.org\",\"@graph\":[{\"@type\":\"Article\",\"@id\":\"https:\\\/\\\/www.laguiadepamplona.com\\\/actualidad\\\/el-ayuntamiento-de-pamplona-defendera-su-autonomia-frente-a-la-decision-del-gobierno-de-navarra-de-asumir-la-tutela-de-la-fundacion-teatro-gayarre\\\/#article\",\"isPartOf\":{\"@id\":\"https:\\\/\\\/www.laguiadepamplona.com\\\/actualidad\\\/el-ayuntamiento-de-pamplona-defendera-su-autonomia-frente-a-la-decision-del-gobierno-de-navarra-de-asumir-la-tutela-de-la-fundacion-teatro-gayarre\\\/\"},\"author\":{\"name\":\"La Gu\u00eda de Pamplona\",\"@id\":\"https:\\\/\\\/www.laguiadepamplona.com\\\/actualidad\\\/#\\\/schema\\\/person\\\/efe887376f0213d4657c93adc50b1fdb\"},\"headline\":\"El Ayuntamiento de Pamplona defender\u00e1 su autonom\u00eda frente a la decisi\u00f3n del Gobierno de Navarra de asumir la tutela de la Fundaci\u00f3n Teatro Gayarre\",\"datePublished\":\"2022-02-14T11:23:17+00:00\",\"dateModified\":\"2023-04-11T09:48:31+00:00\",\"mainEntityOfPage\":{\"@id\":\"https:\\\/\\\/www.laguiadepamplona.com\\\/actualidad\\\/el-ayuntamiento-de-pamplona-defendera-su-autonomia-frente-a-la-decision-del-gobierno-de-navarra-de-asumir-la-tutela-de-la-fundacion-teatro-gayarre\\\/\"},\"wordCount\":456,\"commentCount\":0,\"publisher\":{\"@id\":\"https:\\\/\\\/www.laguiadepamplona.com\\\/actualidad\\\/#organization\"},\"image\":{\"@id\":\"https:\\\/\\\/www.laguiadepamplona.com\\\/actualidad\\\/el-ayuntamiento-de-pamplona-defendera-su-autonomia-frente-a-la-decision-del-gobierno-de-navarra-de-asumir-la-tutela-de-la-fundacion-teatro-gayarre\\\/#primaryimage\"},\"thumbnailUrl\":\"https:\\\/\\\/www.laguiadepamplona.com\\\/actualidad\\\/wp-content\\\/uploads\\\/2022\\\/02\\\/Teatro_Gayarre_luces1.jpg\",\"articleSection\":[\"Ayto Pamplona\"],\"inLanguage\":\"es\",\"potentialAction\":[{\"@type\":\"CommentAction\",\"name\":\"Comment\",\"target\":[\"https:\\\/\\\/www.laguiadepamplona.com\\\/actualidad\\\/el-ayuntamiento-de-pamplona-defendera-su-autonomia-frente-a-la-decision-del-gobierno-de-navarra-de-asumir-la-tutela-de-la-fundacion-teatro-gayarre\\\/#respond\"]}]},{\"@type\":\"WebPage\",\"@id\":\"https:\\\/\\\/www.laguiadepamplona.com\\\/actualidad\\\/el-ayuntamiento-de-pamplona-defendera-su-autonomia-frente-a-la-decision-del-gobierno-de-navarra-de-asumir-la-tutela-de-la-fundacion-teatro-gayarre\\\/\",\"url\":\"https:\\\/\\\/www.laguiadepamplona.com\\\/actualidad\\\/el-ayuntamiento-de-pamplona-defendera-su-autonomia-frente-a-la-decision-del-gobierno-de-navarra-de-asumir-la-tutela-de-la-fundacion-teatro-gayarre\\\/\",\"name\":\"El Ayuntamiento de Pamplona defender\u00e1 su autonom\u00eda frente a la decisi\u00f3n del Gobierno de Navarra de asumir la tutela de la Fundaci\u00f3n Teatro Gayarre\",\"isPartOf\":{\"@id\":\"https:\\\/\\\/www.laguiadepamplona.com\\\/actualidad\\\/#website\"},\"primaryImageOfPage\":{\"@id\":\"https:\\\/\\\/www.laguiadepamplona.com\\\/actualidad\\\/el-ayuntamiento-de-pamplona-defendera-su-autonomia-frente-a-la-decision-del-gobierno-de-navarra-de-asumir-la-tutela-de-la-fundacion-teatro-gayarre\\\/#primaryimage\"},\"image\":{\"@id\":\"https:\\\/\\\/www.laguiadepamplona.com\\\/actualidad\\\/el-ayuntamiento-de-pamplona-defendera-su-autonomia-frente-a-la-decision-del-gobierno-de-navarra-de-asumir-la-tutela-de-la-fundacion-teatro-gayarre\\\/#primaryimage\"},\"thumbnailUrl\":\"https:\\\/\\\/www.laguiadepamplona.com\\\/actualidad\\\/wp-content\\\/uploads\\\/2022\\\/02\\\/Teatro_Gayarre_luces1.jpg\",\"datePublished\":\"2022-02-14T11:23:17+00:00\",\"dateModified\":\"2023-04-11T09:48:31+00:00\",\"description\":\"La Fundaci\u00f3n, constituida en 1998 por encargo del Consistorio, gestiona el servicio p\u00fablico relacionado con el teatro, la m\u00fasica y la danza en la ciudad\",\"breadcrumb\":{\"@id\":\"https:\\\/\\\/www.laguiadepamplona.com\\\/actualidad\\\/el-ayuntamiento-de-pamplona-defendera-su-autonomia-frente-a-la-decision-del-gobierno-de-navarra-de-asumir-la-tutela-de-la-fundacion-teatro-gayarre\\\/#breadcrumb\"},\"inLanguage\":\"es\",\"potentialAction\":[{\"@type\":\"ReadAction\",\"target\":[\"https:\\\/\\\/www.laguiadepamplona.com\\\/actualidad\\\/el-ayuntamiento-de-pamplona-defendera-su-autonomia-frente-a-la-decision-del-gobierno-de-navarra-de-asumir-la-tutela-de-la-fundacion-teatro-gayarre\\\/\"]}]},{\"@type\":\"ImageObject\",\"inLanguage\":\"es\",\"@id\":\"https:\\\/\\\/www.laguiadepamplona.com\\\/actualidad\\\/el-ayuntamiento-de-pamplona-defendera-su-autonomia-frente-a-la-decision-del-gobierno-de-navarra-de-asumir-la-tutela-de-la-fundacion-teatro-gayarre\\\/#primaryimage\",\"url\":\"https:\\\/\\\/www.laguiadepamplona.com\\\/actualidad\\\/wp-content\\\/uploads\\\/2022\\\/02\\\/Teatro_Gayarre_luces1.jpg\",\"contentUrl\":\"https:\\\/\\\/www.laguiadepamplona.com\\\/actualidad\\\/wp-content\\\/uploads\\\/2022\\\/02\\\/Teatro_Gayarre_luces1.jpg\",\"width\":1920,\"height\":1280},{\"@type\":\"BreadcrumbList\",\"@id\":\"https:\\\/\\\/www.laguiadepamplona.com\\\/actualidad\\\/el-ayuntamiento-de-pamplona-defendera-su-autonomia-frente-a-la-decision-del-gobierno-de-navarra-de-asumir-la-tutela-de-la-fundacion-teatro-gayarre\\\/#breadcrumb\",\"itemListElement\":[{\"@type\":\"ListItem\",\"position\":1,\"name\":\"Portada\",\"item\":\"https:\\\/\\\/www.laguiadepamplona.com\\\/actualidad\\\/\"},{\"@type\":\"ListItem\",\"position\":2,\"name\":\"El Ayuntamiento de Pamplona defender\u00e1 su autonom\u00eda frente a la decisi\u00f3n del Gobierno de Navarra de asumir la tutela de la Fundaci\u00f3n Teatro Gayarre\"}]},{\"@type\":\"WebSite\",\"@id\":\"https:\\\/\\\/www.laguiadepamplona.com\\\/actualidad\\\/#website\",\"url\":\"https:\\\/\\\/www.laguiadepamplona.com\\\/actualidad\\\/\",\"name\":\"La gu\u00eda de Pamplona\",\"description\":\"Noticias de Pamplona\",\"publisher\":{\"@id\":\"https:\\\/\\\/www.laguiadepamplona.com\\\/actualidad\\\/#organization\"},\"potentialAction\":[{\"@type\":\"SearchAction\",\"target\":{\"@type\":\"EntryPoint\",\"urlTemplate\":\"https:\\\/\\\/www.laguiadepamplona.com\\\/actualidad\\\/?s={search_term_string}\"},\"query-input\":{\"@type\":\"PropertyValueSpecification\",\"valueRequired\":true,\"valueName\":\"search_term_string\"}}],\"inLanguage\":\"es\"},{\"@type\":\"Organization\",\"@id\":\"https:\\\/\\\/www.laguiadepamplona.com\\\/actualidad\\\/#organization\",\"name\":\"La Gu\u00eda de Pamplona \\\/ Noticias\",\"url\":\"https:\\\/\\\/www.laguiadepamplona.com\\\/actualidad\\\/\",\"logo\":{\"@type\":\"ImageObject\",\"inLanguage\":\"es\",\"@id\":\"https:\\\/\\\/www.laguiadepamplona.com\\\/actualidad\\\/#\\\/schema\\\/logo\\\/image\\\/\",\"url\":\"https:\\\/\\\/www.laguiadepamplona.com\\\/actualidad\\\/wp-content\\\/uploads\\\/2018\\\/11\\\/logo-laguiadepamplona18-web1.png\",\"contentUrl\":\"https:\\\/\\\/www.laguiadepamplona.com\\\/actualidad\\\/wp-content\\\/uploads\\\/2018\\\/11\\\/logo-laguiadepamplona18-web1.png\",\"width\":600,\"height\":196,\"caption\":\"La Gu\u00eda de Pamplona \\\/ Noticias\"},\"image\":{\"@id\":\"https:\\\/\\\/www.laguiadepamplona.com\\\/actualidad\\\/#\\\/schema\\\/logo\\\/image\\\/\"},\"sameAs\":[\"https:\\\/\\\/www.facebook.com\\\/laguiadepamplonacom-133175176762273\\\/?ref=hl\",\"https:\\\/\\\/x.com\\\/LaGuiadPamplona\",\"https:\\\/\\\/www.instagram.com\\\/la_guia_de_pamplona\\\/\",\"https:\\\/\\\/www.youtube.com\\\/user\\\/laguiadepamplona\"]},{\"@type\":\"Person\",\"@id\":\"https:\\\/\\\/www.laguiadepamplona.com\\\/actualidad\\\/#\\\/schema\\\/person\\\/efe887376f0213d4657c93adc50b1fdb\",\"name\":\"La Gu\u00eda de Pamplona\",\"image\":{\"@type\":\"ImageObject\",\"inLanguage\":\"es\",\"@id\":\"https:\\\/\\\/secure.gravatar.com\\\/avatar\\\/b6992f131dc8d30ab0dff15446e9d346d9dbd95992de0fef795073f5ea83a81c?s=96&d=mm&r=g\",\"url\":\"https:\\\/\\\/secure.gravatar.com\\\/avatar\\\/b6992f131dc8d30ab0dff15446e9d346d9dbd95992de0fef795073f5ea83a81c?s=96&d=mm&r=g\",\"contentUrl\":\"https:\\\/\\\/secure.gravatar.com\\\/avatar\\\/b6992f131dc8d30ab0dff15446e9d346d9dbd95992de0fef795073f5ea83a81c?s=96&d=mm&r=g\",\"caption\":\"La Gu\u00eda de Pamplona\"}}]}<\/script>\n<!-- \/ Yoast SEO plugin. -->","yoast_head_json":{"title":"El Ayuntamiento de Pamplona defender\u00e1 su autonom\u00eda frente a la decisi\u00f3n del Gobierno de Navarra de asumir la tutela de la Fundaci\u00f3n Teatro Gayarre","description":"La Fundaci\u00f3n, constituida en 1998 por encargo del Consistorio, gestiona el servicio p\u00fablico relacionado con el teatro, la m\u00fasica y la danza en la ciudad","robots":{"index":"index","follow":"follow","max-snippet":"max-snippet:-1","max-image-preview":"max-image-preview:large","max-video-preview":"max-video-preview:-1"},"canonical":"https:\/\/www.laguiadepamplona.com\/actualidad\/el-ayuntamiento-de-pamplona-defendera-su-autonomia-frente-a-la-decision-del-gobierno-de-navarra-de-asumir-la-tutela-de-la-fundacion-teatro-gayarre\/","og_locale":"es_ES","og_type":"article","og_title":"El Ayuntamiento de Pamplona defender\u00e1 su autonom\u00eda frente a la decisi\u00f3n del Gobierno de Navarra de asumir la tutela de la Fundaci\u00f3n Teatro Gayarre","og_description":"La Fundaci\u00f3n, constituida en 1998 por encargo del Consistorio, gestiona el servicio p\u00fablico relacionado con el teatro, la m\u00fasica y la danza en la ciudad","og_url":"https:\/\/www.laguiadepamplona.com\/actualidad\/el-ayuntamiento-de-pamplona-defendera-su-autonomia-frente-a-la-decision-del-gobierno-de-navarra-de-asumir-la-tutela-de-la-fundacion-teatro-gayarre\/","og_site_name":"La Gu\u00eda de Pamplona","article_publisher":"https:\/\/www.facebook.com\/laguiadepamplonacom-133175176762273\/?ref=hl","article_published_time":"2022-02-14T11:23:17+00:00","article_modified_time":"2023-04-11T09:48:31+00:00","og_image":[{"width":1920,"height":1280,"url":"https:\/\/www.laguiadepamplona.com\/actualidad\/wp-content\/uploads\/2022\/02\/Teatro_Gayarre_luces1.jpg","type":"image\/jpeg"}],"author":"La Gu\u00eda de Pamplona","twitter_card":"summary_large_image","twitter_creator":"@LaGuiadPamplona","twitter_site":"@LaGuiadPamplona","twitter_misc":{"Escrito por":"La Gu\u00eda de Pamplona","Tiempo de lectura":"2 minutos"},"schema":{"@context":"https:\/\/schema.org","@graph":[{"@type":"Article","@id":"https:\/\/www.laguiadepamplona.com\/actualidad\/el-ayuntamiento-de-pamplona-defendera-su-autonomia-frente-a-la-decision-del-gobierno-de-navarra-de-asumir-la-tutela-de-la-fundacion-teatro-gayarre\/#article","isPartOf":{"@id":"https:\/\/www.laguiadepamplona.com\/actualidad\/el-ayuntamiento-de-pamplona-defendera-su-autonomia-frente-a-la-decision-del-gobierno-de-navarra-de-asumir-la-tutela-de-la-fundacion-teatro-gayarre\/"},"author":{"name":"La Gu\u00eda de Pamplona","@id":"https:\/\/www.laguiadepamplona.com\/actualidad\/#\/schema\/person\/efe887376f0213d4657c93adc50b1fdb"},"headline":"El Ayuntamiento de Pamplona defender\u00e1 su autonom\u00eda frente a la decisi\u00f3n del Gobierno de Navarra de asumir la tutela de la Fundaci\u00f3n Teatro Gayarre","datePublished":"2022-02-14T11:23:17+00:00","dateModified":"2023-04-11T09:48:31+00:00","mainEntityOfPage":{"@id":"https:\/\/www.laguiadepamplona.com\/actualidad\/el-ayuntamiento-de-pamplona-defendera-su-autonomia-frente-a-la-decision-del-gobierno-de-navarra-de-asumir-la-tutela-de-la-fundacion-teatro-gayarre\/"},"wordCount":456,"commentCount":0,"publisher":{"@id":"https:\/\/www.laguiadepamplona.com\/actualidad\/#organization"},"image":{"@id":"https:\/\/www.laguiadepamplona.com\/actualidad\/el-ayuntamiento-de-pamplona-defendera-su-autonomia-frente-a-la-decision-del-gobierno-de-navarra-de-asumir-la-tutela-de-la-fundacion-teatro-gayarre\/#primaryimage"},"thumbnailUrl":"https:\/\/www.laguiadepamplona.com\/actualidad\/wp-content\/uploads\/2022\/02\/Teatro_Gayarre_luces1.jpg","articleSection":["Ayto Pamplona"],"inLanguage":"es","potentialAction":[{"@type":"CommentAction","name":"Comment","target":["https:\/\/www.laguiadepamplona.com\/actualidad\/el-ayuntamiento-de-pamplona-defendera-su-autonomia-frente-a-la-decision-del-gobierno-de-navarra-de-asumir-la-tutela-de-la-fundacion-teatro-gayarre\/#respond"]}]},{"@type":"WebPage","@id":"https:\/\/www.laguiadepamplona.com\/actualidad\/el-ayuntamiento-de-pamplona-defendera-su-autonomia-frente-a-la-decision-del-gobierno-de-navarra-de-asumir-la-tutela-de-la-fundacion-teatro-gayarre\/","url":"https:\/\/www.laguiadepamplona.com\/actualidad\/el-ayuntamiento-de-pamplona-defendera-su-autonomia-frente-a-la-decision-del-gobierno-de-navarra-de-asumir-la-tutela-de-la-fundacion-teatro-gayarre\/","name":"El Ayuntamiento de Pamplona defender\u00e1 su autonom\u00eda frente a la decisi\u00f3n del Gobierno de Navarra de asumir la tutela de la Fundaci\u00f3n Teatro Gayarre","isPartOf":{"@id":"https:\/\/www.laguiadepamplona.com\/actualidad\/#website"},"primaryImageOfPage":{"@id":"https:\/\/www.laguiadepamplona.com\/actualidad\/el-ayuntamiento-de-pamplona-defendera-su-autonomia-frente-a-la-decision-del-gobierno-de-navarra-de-asumir-la-tutela-de-la-fundacion-teatro-gayarre\/#primaryimage"},"image":{"@id":"https:\/\/www.laguiadepamplona.com\/actualidad\/el-ayuntamiento-de-pamplona-defendera-su-autonomia-frente-a-la-decision-del-gobierno-de-navarra-de-asumir-la-tutela-de-la-fundacion-teatro-gayarre\/#primaryimage"},"thumbnailUrl":"https:\/\/www.laguiadepamplona.com\/actualidad\/wp-content\/uploads\/2022\/02\/Teatro_Gayarre_luces1.jpg","datePublished":"2022-02-14T11:23:17+00:00","dateModified":"2023-04-11T09:48:31+00:00","description":"La Fundaci\u00f3n, constituida en 1998 por encargo del Consistorio, gestiona el servicio p\u00fablico relacionado con el teatro, la m\u00fasica y la danza en la ciudad","breadcrumb":{"@id":"https:\/\/www.laguiadepamplona.com\/actualidad\/el-ayuntamiento-de-pamplona-defendera-su-autonomia-frente-a-la-decision-del-gobierno-de-navarra-de-asumir-la-tutela-de-la-fundacion-teatro-gayarre\/#breadcrumb"},"inLanguage":"es","potentialAction":[{"@type":"ReadAction","target":["https:\/\/www.laguiadepamplona.com\/actualidad\/el-ayuntamiento-de-pamplona-defendera-su-autonomia-frente-a-la-decision-del-gobierno-de-navarra-de-asumir-la-tutela-de-la-fundacion-teatro-gayarre\/"]}]},{"@type":"ImageObject","inLanguage":"es","@id":"https:\/\/www.laguiadepamplona.com\/actualidad\/el-ayuntamiento-de-pamplona-defendera-su-autonomia-frente-a-la-decision-del-gobierno-de-navarra-de-asumir-la-tutela-de-la-fundacion-teatro-gayarre\/#primaryimage","url":"https:\/\/www.laguiadepamplona.com\/actualidad\/wp-content\/uploads\/2022\/02\/Teatro_Gayarre_luces1.jpg","contentUrl":"https:\/\/www.laguiadepamplona.com\/actualidad\/wp-content\/uploads\/2022\/02\/Teatro_Gayarre_luces1.jpg","width":1920,"height":1280},{"@type":"BreadcrumbList","@id":"https:\/\/www.laguiadepamplona.com\/actualidad\/el-ayuntamiento-de-pamplona-defendera-su-autonomia-frente-a-la-decision-del-gobierno-de-navarra-de-asumir-la-tutela-de-la-fundacion-teatro-gayarre\/#breadcrumb","itemListElement":[{"@type":"ListItem","position":1,"name":"Portada","item":"https:\/\/www.laguiadepamplona.com\/actualidad\/"},{"@type":"ListItem","position":2,"name":"El Ayuntamiento de Pamplona defender\u00e1 su autonom\u00eda frente a la decisi\u00f3n del Gobierno de Navarra de asumir la tutela de la Fundaci\u00f3n Teatro Gayarre"}]},{"@type":"WebSite","@id":"https:\/\/www.laguiadepamplona.com\/actualidad\/#website","url":"https:\/\/www.laguiadepamplona.com\/actualidad\/","name":"La gu\u00eda de Pamplona","description":"Noticias de Pamplona","publisher":{"@id":"https:\/\/www.laguiadepamplona.com\/actualidad\/#organization"},"potentialAction":[{"@type":"SearchAction","target":{"@type":"EntryPoint","urlTemplate":"https:\/\/www.laguiadepamplona.com\/actualidad\/?s={search_term_string}"},"query-input":{"@type":"PropertyValueSpecification","valueRequired":true,"valueName":"search_term_string"}}],"inLanguage":"es"},{"@type":"Organization","@id":"https:\/\/www.laguiadepamplona.com\/actualidad\/#organization","name":"La Gu\u00eda de Pamplona \/ Noticias","url":"https:\/\/www.laguiadepamplona.com\/actualidad\/","logo":{"@type":"ImageObject","inLanguage":"es","@id":"https:\/\/www.laguiadepamplona.com\/actualidad\/#\/schema\/logo\/image\/","url":"https:\/\/www.laguiadepamplona.com\/actualidad\/wp-content\/uploads\/2018\/11\/logo-laguiadepamplona18-web1.png","contentUrl":"https:\/\/www.laguiadepamplona.com\/actualidad\/wp-content\/uploads\/2018\/11\/logo-laguiadepamplona18-web1.png","width":600,"height":196,"caption":"La Gu\u00eda de Pamplona \/ Noticias"},"image":{"@id":"https:\/\/www.laguiadepamplona.com\/actualidad\/#\/schema\/logo\/image\/"},"sameAs":["https:\/\/www.facebook.com\/laguiadepamplonacom-133175176762273\/?ref=hl","https:\/\/x.com\/LaGuiadPamplona","https:\/\/www.instagram.com\/la_guia_de_pamplona\/","https:\/\/www.youtube.com\/user\/laguiadepamplona"]},{"@type":"Person","@id":"https:\/\/www.laguiadepamplona.com\/actualidad\/#\/schema\/person\/efe887376f0213d4657c93adc50b1fdb","name":"La Gu\u00eda de Pamplona","image":{"@type":"ImageObject","inLanguage":"es","@id":"https:\/\/secure.gravatar.com\/avatar\/b6992f131dc8d30ab0dff15446e9d346d9dbd95992de0fef795073f5ea83a81c?s=96&d=mm&r=g","url":"https:\/\/secure.gravatar.com\/avatar\/b6992f131dc8d30ab0dff15446e9d346d9dbd95992de0fef795073f5ea83a81c?s=96&d=mm&r=g","contentUrl":"https:\/\/secure.gravatar.com\/avatar\/b6992f131dc8d30ab0dff15446e9d346d9dbd95992de0fef795073f5ea83a81c?s=96&d=mm&r=g","caption":"La Gu\u00eda de Pamplona"}}]}},"post_mailing_queue_ids":[],"_links":{"self":[{"href":"https:\/\/www.laguiadepamplona.com\/actualidad\/wp-json\/wp\/v2\/posts\/38747","targetHints":{"allow":["GET"]}}],"collection":[{"href":"https:\/\/www.laguiadepamplona.com\/actualidad\/wp-json\/wp\/v2\/posts"}],"about":[{"href":"https:\/\/www.laguiadepamplona.com\/actualidad\/wp-json\/wp\/v2\/types\/post"}],"author":[{"embeddable":true,"href":"https:\/\/www.laguiadepamplona.com\/actualidad\/wp-json\/wp\/v2\/users\/1"}],"replies":[{"embeddable":true,"href":"https:\/\/www.laguiadepamplona.com\/actualidad\/wp-json\/wp\/v2\/comments?post=38747"}],"version-history":[{"count":0,"href":"https:\/\/www.laguiadepamplona.com\/actualidad\/wp-json\/wp\/v2\/posts\/38747\/revisions"}],"wp:featuredmedia":[{"embeddable":true,"href":"https:\/\/www.laguiadepamplona.com\/actualidad\/wp-json\/wp\/v2\/media\/38748"}],"wp:attachment":[{"href":"https:\/\/www.laguiadepamplona.com\/actualidad\/wp-json\/wp\/v2\/media?parent=38747"}],"wp:term":[{"taxonomy":"category","embeddable":true,"href":"https:\/\/www.laguiadepamplona.com\/actualidad\/wp-json\/wp\/v2\/categories?post=38747"},{"taxonomy":"post_tag","embeddable":true,"href":"https:\/\/www.laguiadepamplona.com\/actualidad\/wp-json\/wp\/v2\/tags?post=38747"}],"curies":[{"name":"wp","href":"https:\/\/api.w.org\/{rel}","templated":true}]}}