{"id":38739,"date":"2022-02-11T13:28:29","date_gmt":"2022-02-11T11:28:29","guid":{"rendered":"https:\/\/www.laguiadepamplona.com\/actualidad\/?p=38739"},"modified":"2023-04-11T11:48:31","modified_gmt":"2023-04-11T09:48:31","slug":"el-museo-de-educacion-ambiental-y-el-csic-proponen-a-los-pamploneses-convertirse-en-medidores-caseros-de-la-contaminacion-del-aire-de-la-ciudad","status":"publish","type":"post","link":"https:\/\/www.laguiadepamplona.com\/actualidad\/el-museo-de-educacion-ambiental-y-el-csic-proponen-a-los-pamploneses-convertirse-en-medidores-caseros-de-la-contaminacion-del-aire-de-la-ciudad\/","title":{"rendered":"El Museo de Educaci\u00f3n Ambiental y el CSIC proponen a los pamploneses convertirse en \u2018medidores caseros\u2019 de la contaminaci\u00f3n del aire de la ciudad"},"content":{"rendered":"<h5>Un taller que tendr\u00e1 lugar el 23 de febrero ense\u00f1ar\u00e1 c\u00f3mo hacerlo a trav\u00e9s de la recogida de muestras de una maceta colocada en el exterior<\/h5>\n<p><!--more--><\/p>\n<p>El equipo de Educaci\u00f3n Ambiental del Ayuntamiento de Pamplona, en colaboraci\u00f3n con el Consejo Superior de Investigaciones Cient\u00edficas (CSIC), ofrecer\u00e1 el pr\u00f3ximo 23 de febrero un taller en el que se ense\u00f1ar\u00e1 a la ciudadan\u00eda a medir la contaminaci\u00f3n del aire de la ciudad desde sus propios balcones o ventanas. Se trata de una iniciativa en la que se propondr\u00e1 a las personas participantes seguir un proceso de an\u00e1lisis a trav\u00e9s de una maceta colocada en un balc\u00f3n o ventana exterior. La participaci\u00f3n es gratuita, pero se precisa de inscripci\u00f3n previa, que se debe realizar a trav\u00e9s del tel\u00e9fono de informaci\u00f3n ciudadana 010 (o 948.42.01.00 si la llamada se realiza desde un dispositivo m\u00f3vil o desde fuera de Pamplona).<br \/>\n<script async src=\"\/\/pagead2.googlesyndication.com\/pagead\/js\/adsbygoogle.js\"><\/script><br \/>\n<!-- Noticias La Guia de Pamplona --><br \/>\n<ins class=\"adsbygoogle\"\nstyle=\"display:block\"\ndata-ad-client=\"ca-pub-6943679897239327\"\ndata-ad-slot=\"7048180777\"\ndata-ad-format=\"auto\"><\/ins><br \/>\n<script>\n(adsbygoogle = window.adsbygoogle || []).push({});\n<\/script><\/p>\n<p>La propuesta del Equipo de Educaci\u00f3n Ambiental del Ayuntamiento de Pamplona se basa en un sencillo programa de ciencia ciudadana en el que cualquier persona, familia o entidad se puede convertir en cient\u00edfico o cient\u00edfica, recolectando datos que pueden dar pautas sobre el nivel de contaminaci\u00f3n del aire en cada zona. La herramienta para recoger estos valiosos datos ser\u00e1 una maceta con hierba, que se deber\u00e1 colocar en el balc\u00f3n o en una ventana exterior, y que habr\u00e1 que regar, seg\u00fan las pautas que se den en el taller, con una cierta periodicidad. La actividad, que se desarrollar\u00e1 en clave cercana y did\u00e1ctica, tambi\u00e9n ofrecer\u00e1 sencillas pautas y los plazos recomendados para la recogida de muestras.<\/p>\n<p>El Ayuntamiento de Pamplona lleva a cabo este proyecto en colaboraci\u00f3n con el Instituto de Agrobiotecnolog\u00eda del Consejo Superior de Investigaciones Cient\u00edficas (CSIC), que aportar\u00e1 el trabajo de los profesionales de sus laboratorios. En ellos se realizar\u00e1n los an\u00e1lisis de metales pesados y part\u00edculas acumuladas por las plantas, en base a las muestras recogidas por los participantes.<br \/>\n<script async src=\"\/\/pagead2.googlesyndication.com\/pagead\/js\/adsbygoogle.js\"><\/script><br \/>\n<!-- Noticias La Guia de Pamplona --><br \/>\n<ins class=\"adsbygoogle\"\nstyle=\"display:block\"\ndata-ad-client=\"ca-pub-6943679897239327\"\ndata-ad-slot=\"7048180777\"\ndata-ad-format=\"auto\"><\/ins><br \/>\n<script>\n(adsbygoogle = window.adsbygoogle || []).push({});\n<\/script><\/p>\n<p>Este proyecto pretende concienciar a los vecinos y vecinas de Pamplona sobre el v\u00ednculo existente entre las actividades que se realizan diariamente en un entorno urbano, relacionadas sobre todo con la movilidad, y la calidad ambiental del lugar en el que se habita. Desde el Museo de Educaci\u00f3n Ambiental recuerdan la importancia de comprender y recordar esta relaci\u00f3n para tomar conciencia acerca de la transici\u00f3n ecol\u00f3gica, ya que la mayor\u00eda de los metales pesados y part\u00edculas que aparecen en el aire del entorno urbano provienen del tr\u00e1fico. La puesta en marcha de este taller forma parte de las actividades de la estrategia municipal\u00a0\u2018Go Green Pamplona\u2019, que engloba todas las actuaciones en materia de lucha contra el cambio clim\u00e1tico desarrolladas por la ciudad y que define las nuevas l\u00edneas de actuaci\u00f3n para los pr\u00f3ximos a\u00f1os, entre las que destaca la descarbonizaci\u00f3n del transporte, que es actualmente el responsable de m\u00e1s del 57% de las emisiones de gases de efecto invernadero.<\/p>\n","protected":false},"excerpt":{"rendered":"<p>Un taller que tendr\u00e1 lugar el 23 de febrero ense\u00f1ar\u00e1 c\u00f3mo hacerlo a trav\u00e9s de la recogida de muestras de una maceta colocada en el exterior<\/p>\n","protected":false},"author":1,"featured_media":32687,"comment_status":"open","ping_status":"closed","sticky":false,"template":"","format":"standard","meta":{"footnotes":""},"categories":[2],"tags":[],"class_list":["post-38739","post","type-post","status-publish","format-standard","has-post-thumbnail","hentry","category-ayuntamiento-pamplona"],"yoast_head":"<!-- This site is optimized with the Yoast SEO plugin v27.3 - https:\/\/yoast.com\/product\/yoast-seo-wordpress\/ -->\n<title>El Museo de Educaci\u00f3n Ambiental y el CSIC proponen a los pamploneses convertirse en \u2018medidores caseros\u2019 de la contaminaci\u00f3n del aire de la ciudad<\/title>\n<meta name=\"description\" content=\"Un taller que tendr\u00e1 lugar el 23 de febrero ense\u00f1ar\u00e1 c\u00f3mo hacerlo a trav\u00e9s de la recogida de muestras de una maceta colocada en el exterior\" \/>\n<meta name=\"robots\" content=\"index, follow, max-snippet:-1, max-image-preview:large, max-video-preview:-1\" \/>\n<link rel=\"canonical\" href=\"https:\/\/www.laguiadepamplona.com\/actualidad\/el-museo-de-educacion-ambiental-y-el-csic-proponen-a-los-pamploneses-convertirse-en-medidores-caseros-de-la-contaminacion-del-aire-de-la-ciudad\/\" \/>\n<meta property=\"og:locale\" content=\"es_ES\" \/>\n<meta property=\"og:type\" content=\"article\" \/>\n<meta property=\"og:title\" content=\"El Museo de Educaci\u00f3n Ambiental y el CSIC proponen a los pamploneses convertirse en \u2018medidores caseros\u2019 de la contaminaci\u00f3n del aire de la ciudad\" \/>\n<meta property=\"og:description\" content=\"Un taller que tendr\u00e1 lugar el 23 de febrero ense\u00f1ar\u00e1 c\u00f3mo hacerlo a trav\u00e9s de la recogida de muestras de una maceta colocada en el exterior\" \/>\n<meta property=\"og:url\" content=\"https:\/\/www.laguiadepamplona.com\/actualidad\/el-museo-de-educacion-ambiental-y-el-csic-proponen-a-los-pamploneses-convertirse-en-medidores-caseros-de-la-contaminacion-del-aire-de-la-ciudad\/\" \/>\n<meta property=\"og:site_name\" content=\"La Gu\u00eda de Pamplona\" \/>\n<meta property=\"article:publisher\" content=\"https:\/\/www.facebook.com\/laguiadepamplonacom-133175176762273\/?ref=hl\" \/>\n<meta property=\"article:published_time\" content=\"2022-02-11T11:28:29+00:00\" \/>\n<meta property=\"article:modified_time\" content=\"2023-04-11T09:48:31+00:00\" \/>\n<meta property=\"og:image\" content=\"https:\/\/www.laguiadepamplona.com\/actualidad\/wp-content\/uploads\/2021\/01\/museo-educacion-ambiental.jpg\" \/>\n\t<meta property=\"og:image:width\" content=\"1920\" \/>\n\t<meta property=\"og:image:height\" content=\"1059\" \/>\n\t<meta property=\"og:image:type\" content=\"image\/jpeg\" \/>\n<meta name=\"author\" content=\"La Gu\u00eda de Pamplona\" \/>\n<meta name=\"twitter:card\" content=\"summary_large_image\" \/>\n<meta name=\"twitter:creator\" content=\"@LaGuiadPamplona\" \/>\n<meta name=\"twitter:site\" content=\"@LaGuiadPamplona\" \/>\n<meta name=\"twitter:label1\" content=\"Escrito por\" \/>\n\t<meta name=\"twitter:data1\" content=\"La Gu\u00eda de Pamplona\" \/>\n\t<meta name=\"twitter:label2\" content=\"Tiempo de lectura\" \/>\n\t<meta name=\"twitter:data2\" content=\"3 minutos\" \/>\n<script type=\"application\/ld+json\" class=\"yoast-schema-graph\">{\"@context\":\"https:\\\/\\\/schema.org\",\"@graph\":[{\"@type\":\"Article\",\"@id\":\"https:\\\/\\\/www.laguiadepamplona.com\\\/actualidad\\\/el-museo-de-educacion-ambiental-y-el-csic-proponen-a-los-pamploneses-convertirse-en-medidores-caseros-de-la-contaminacion-del-aire-de-la-ciudad\\\/#article\",\"isPartOf\":{\"@id\":\"https:\\\/\\\/www.laguiadepamplona.com\\\/actualidad\\\/el-museo-de-educacion-ambiental-y-el-csic-proponen-a-los-pamploneses-convertirse-en-medidores-caseros-de-la-contaminacion-del-aire-de-la-ciudad\\\/\"},\"author\":{\"name\":\"La Gu\u00eda de Pamplona\",\"@id\":\"https:\\\/\\\/www.laguiadepamplona.com\\\/actualidad\\\/#\\\/schema\\\/person\\\/efe887376f0213d4657c93adc50b1fdb\"},\"headline\":\"El Museo de Educaci\u00f3n Ambiental y el CSIC proponen a los pamploneses convertirse en \u2018medidores caseros\u2019 de la contaminaci\u00f3n del aire de la ciudad\",\"datePublished\":\"2022-02-11T11:28:29+00:00\",\"dateModified\":\"2023-04-11T09:48:31+00:00\",\"mainEntityOfPage\":{\"@id\":\"https:\\\/\\\/www.laguiadepamplona.com\\\/actualidad\\\/el-museo-de-educacion-ambiental-y-el-csic-proponen-a-los-pamploneses-convertirse-en-medidores-caseros-de-la-contaminacion-del-aire-de-la-ciudad\\\/\"},\"wordCount\":547,\"commentCount\":0,\"publisher\":{\"@id\":\"https:\\\/\\\/www.laguiadepamplona.com\\\/actualidad\\\/#organization\"},\"image\":{\"@id\":\"https:\\\/\\\/www.laguiadepamplona.com\\\/actualidad\\\/el-museo-de-educacion-ambiental-y-el-csic-proponen-a-los-pamploneses-convertirse-en-medidores-caseros-de-la-contaminacion-del-aire-de-la-ciudad\\\/#primaryimage\"},\"thumbnailUrl\":\"https:\\\/\\\/www.laguiadepamplona.com\\\/actualidad\\\/wp-content\\\/uploads\\\/2021\\\/01\\\/museo-educacion-ambiental.jpg\",\"articleSection\":[\"Ayto Pamplona\"],\"inLanguage\":\"es\",\"potentialAction\":[{\"@type\":\"CommentAction\",\"name\":\"Comment\",\"target\":[\"https:\\\/\\\/www.laguiadepamplona.com\\\/actualidad\\\/el-museo-de-educacion-ambiental-y-el-csic-proponen-a-los-pamploneses-convertirse-en-medidores-caseros-de-la-contaminacion-del-aire-de-la-ciudad\\\/#respond\"]}]},{\"@type\":\"WebPage\",\"@id\":\"https:\\\/\\\/www.laguiadepamplona.com\\\/actualidad\\\/el-museo-de-educacion-ambiental-y-el-csic-proponen-a-los-pamploneses-convertirse-en-medidores-caseros-de-la-contaminacion-del-aire-de-la-ciudad\\\/\",\"url\":\"https:\\\/\\\/www.laguiadepamplona.com\\\/actualidad\\\/el-museo-de-educacion-ambiental-y-el-csic-proponen-a-los-pamploneses-convertirse-en-medidores-caseros-de-la-contaminacion-del-aire-de-la-ciudad\\\/\",\"name\":\"El Museo de Educaci\u00f3n Ambiental y el CSIC proponen a los pamploneses convertirse en \u2018medidores caseros\u2019 de la contaminaci\u00f3n del aire de la ciudad\",\"isPartOf\":{\"@id\":\"https:\\\/\\\/www.laguiadepamplona.com\\\/actualidad\\\/#website\"},\"primaryImageOfPage\":{\"@id\":\"https:\\\/\\\/www.laguiadepamplona.com\\\/actualidad\\\/el-museo-de-educacion-ambiental-y-el-csic-proponen-a-los-pamploneses-convertirse-en-medidores-caseros-de-la-contaminacion-del-aire-de-la-ciudad\\\/#primaryimage\"},\"image\":{\"@id\":\"https:\\\/\\\/www.laguiadepamplona.com\\\/actualidad\\\/el-museo-de-educacion-ambiental-y-el-csic-proponen-a-los-pamploneses-convertirse-en-medidores-caseros-de-la-contaminacion-del-aire-de-la-ciudad\\\/#primaryimage\"},\"thumbnailUrl\":\"https:\\\/\\\/www.laguiadepamplona.com\\\/actualidad\\\/wp-content\\\/uploads\\\/2021\\\/01\\\/museo-educacion-ambiental.jpg\",\"datePublished\":\"2022-02-11T11:28:29+00:00\",\"dateModified\":\"2023-04-11T09:48:31+00:00\",\"description\":\"Un taller que tendr\u00e1 lugar el 23 de febrero ense\u00f1ar\u00e1 c\u00f3mo hacerlo a trav\u00e9s de la recogida de muestras de una maceta colocada en el exterior\",\"breadcrumb\":{\"@id\":\"https:\\\/\\\/www.laguiadepamplona.com\\\/actualidad\\\/el-museo-de-educacion-ambiental-y-el-csic-proponen-a-los-pamploneses-convertirse-en-medidores-caseros-de-la-contaminacion-del-aire-de-la-ciudad\\\/#breadcrumb\"},\"inLanguage\":\"es\",\"potentialAction\":[{\"@type\":\"ReadAction\",\"target\":[\"https:\\\/\\\/www.laguiadepamplona.com\\\/actualidad\\\/el-museo-de-educacion-ambiental-y-el-csic-proponen-a-los-pamploneses-convertirse-en-medidores-caseros-de-la-contaminacion-del-aire-de-la-ciudad\\\/\"]}]},{\"@type\":\"ImageObject\",\"inLanguage\":\"es\",\"@id\":\"https:\\\/\\\/www.laguiadepamplona.com\\\/actualidad\\\/el-museo-de-educacion-ambiental-y-el-csic-proponen-a-los-pamploneses-convertirse-en-medidores-caseros-de-la-contaminacion-del-aire-de-la-ciudad\\\/#primaryimage\",\"url\":\"https:\\\/\\\/www.laguiadepamplona.com\\\/actualidad\\\/wp-content\\\/uploads\\\/2021\\\/01\\\/museo-educacion-ambiental.jpg\",\"contentUrl\":\"https:\\\/\\\/www.laguiadepamplona.com\\\/actualidad\\\/wp-content\\\/uploads\\\/2021\\\/01\\\/museo-educacion-ambiental.jpg\",\"width\":1920,\"height\":1059},{\"@type\":\"BreadcrumbList\",\"@id\":\"https:\\\/\\\/www.laguiadepamplona.com\\\/actualidad\\\/el-museo-de-educacion-ambiental-y-el-csic-proponen-a-los-pamploneses-convertirse-en-medidores-caseros-de-la-contaminacion-del-aire-de-la-ciudad\\\/#breadcrumb\",\"itemListElement\":[{\"@type\":\"ListItem\",\"position\":1,\"name\":\"Portada\",\"item\":\"https:\\\/\\\/www.laguiadepamplona.com\\\/actualidad\\\/\"},{\"@type\":\"ListItem\",\"position\":2,\"name\":\"El Museo de Educaci\u00f3n Ambiental y el CSIC proponen a los pamploneses convertirse en \u2018medidores caseros\u2019 de la contaminaci\u00f3n del aire de la ciudad\"}]},{\"@type\":\"WebSite\",\"@id\":\"https:\\\/\\\/www.laguiadepamplona.com\\\/actualidad\\\/#website\",\"url\":\"https:\\\/\\\/www.laguiadepamplona.com\\\/actualidad\\\/\",\"name\":\"La gu\u00eda de Pamplona\",\"description\":\"Noticias de Pamplona\",\"publisher\":{\"@id\":\"https:\\\/\\\/www.laguiadepamplona.com\\\/actualidad\\\/#organization\"},\"potentialAction\":[{\"@type\":\"SearchAction\",\"target\":{\"@type\":\"EntryPoint\",\"urlTemplate\":\"https:\\\/\\\/www.laguiadepamplona.com\\\/actualidad\\\/?s={search_term_string}\"},\"query-input\":{\"@type\":\"PropertyValueSpecification\",\"valueRequired\":true,\"valueName\":\"search_term_string\"}}],\"inLanguage\":\"es\"},{\"@type\":\"Organization\",\"@id\":\"https:\\\/\\\/www.laguiadepamplona.com\\\/actualidad\\\/#organization\",\"name\":\"La Gu\u00eda de Pamplona \\\/ Noticias\",\"url\":\"https:\\\/\\\/www.laguiadepamplona.com\\\/actualidad\\\/\",\"logo\":{\"@type\":\"ImageObject\",\"inLanguage\":\"es\",\"@id\":\"https:\\\/\\\/www.laguiadepamplona.com\\\/actualidad\\\/#\\\/schema\\\/logo\\\/image\\\/\",\"url\":\"https:\\\/\\\/www.laguiadepamplona.com\\\/actualidad\\\/wp-content\\\/uploads\\\/2018\\\/11\\\/logo-laguiadepamplona18-web1.png\",\"contentUrl\":\"https:\\\/\\\/www.laguiadepamplona.com\\\/actualidad\\\/wp-content\\\/uploads\\\/2018\\\/11\\\/logo-laguiadepamplona18-web1.png\",\"width\":600,\"height\":196,\"caption\":\"La Gu\u00eda de Pamplona \\\/ Noticias\"},\"image\":{\"@id\":\"https:\\\/\\\/www.laguiadepamplona.com\\\/actualidad\\\/#\\\/schema\\\/logo\\\/image\\\/\"},\"sameAs\":[\"https:\\\/\\\/www.facebook.com\\\/laguiadepamplonacom-133175176762273\\\/?ref=hl\",\"https:\\\/\\\/x.com\\\/LaGuiadPamplona\",\"https:\\\/\\\/www.instagram.com\\\/la_guia_de_pamplona\\\/\",\"https:\\\/\\\/www.youtube.com\\\/user\\\/laguiadepamplona\"]},{\"@type\":\"Person\",\"@id\":\"https:\\\/\\\/www.laguiadepamplona.com\\\/actualidad\\\/#\\\/schema\\\/person\\\/efe887376f0213d4657c93adc50b1fdb\",\"name\":\"La Gu\u00eda de Pamplona\",\"image\":{\"@type\":\"ImageObject\",\"inLanguage\":\"es\",\"@id\":\"https:\\\/\\\/secure.gravatar.com\\\/avatar\\\/b6992f131dc8d30ab0dff15446e9d346d9dbd95992de0fef795073f5ea83a81c?s=96&d=mm&r=g\",\"url\":\"https:\\\/\\\/secure.gravatar.com\\\/avatar\\\/b6992f131dc8d30ab0dff15446e9d346d9dbd95992de0fef795073f5ea83a81c?s=96&d=mm&r=g\",\"contentUrl\":\"https:\\\/\\\/secure.gravatar.com\\\/avatar\\\/b6992f131dc8d30ab0dff15446e9d346d9dbd95992de0fef795073f5ea83a81c?s=96&d=mm&r=g\",\"caption\":\"La Gu\u00eda de Pamplona\"}}]}<\/script>\n<!-- \/ Yoast SEO plugin. -->","yoast_head_json":{"title":"El Museo de Educaci\u00f3n Ambiental y el CSIC proponen a los pamploneses convertirse en \u2018medidores caseros\u2019 de la contaminaci\u00f3n del aire de la ciudad","description":"Un taller que tendr\u00e1 lugar el 23 de febrero ense\u00f1ar\u00e1 c\u00f3mo hacerlo a trav\u00e9s de la recogida de muestras de una maceta colocada en el exterior","robots":{"index":"index","follow":"follow","max-snippet":"max-snippet:-1","max-image-preview":"max-image-preview:large","max-video-preview":"max-video-preview:-1"},"canonical":"https:\/\/www.laguiadepamplona.com\/actualidad\/el-museo-de-educacion-ambiental-y-el-csic-proponen-a-los-pamploneses-convertirse-en-medidores-caseros-de-la-contaminacion-del-aire-de-la-ciudad\/","og_locale":"es_ES","og_type":"article","og_title":"El Museo de Educaci\u00f3n Ambiental y el CSIC proponen a los pamploneses convertirse en \u2018medidores caseros\u2019 de la contaminaci\u00f3n del aire de la ciudad","og_description":"Un taller que tendr\u00e1 lugar el 23 de febrero ense\u00f1ar\u00e1 c\u00f3mo hacerlo a trav\u00e9s de la recogida de muestras de una maceta colocada en el exterior","og_url":"https:\/\/www.laguiadepamplona.com\/actualidad\/el-museo-de-educacion-ambiental-y-el-csic-proponen-a-los-pamploneses-convertirse-en-medidores-caseros-de-la-contaminacion-del-aire-de-la-ciudad\/","og_site_name":"La Gu\u00eda de Pamplona","article_publisher":"https:\/\/www.facebook.com\/laguiadepamplonacom-133175176762273\/?ref=hl","article_published_time":"2022-02-11T11:28:29+00:00","article_modified_time":"2023-04-11T09:48:31+00:00","og_image":[{"width":1920,"height":1059,"url":"https:\/\/www.laguiadepamplona.com\/actualidad\/wp-content\/uploads\/2021\/01\/museo-educacion-ambiental.jpg","type":"image\/jpeg"}],"author":"La Gu\u00eda de Pamplona","twitter_card":"summary_large_image","twitter_creator":"@LaGuiadPamplona","twitter_site":"@LaGuiadPamplona","twitter_misc":{"Escrito por":"La Gu\u00eda de Pamplona","Tiempo de lectura":"3 minutos"},"schema":{"@context":"https:\/\/schema.org","@graph":[{"@type":"Article","@id":"https:\/\/www.laguiadepamplona.com\/actualidad\/el-museo-de-educacion-ambiental-y-el-csic-proponen-a-los-pamploneses-convertirse-en-medidores-caseros-de-la-contaminacion-del-aire-de-la-ciudad\/#article","isPartOf":{"@id":"https:\/\/www.laguiadepamplona.com\/actualidad\/el-museo-de-educacion-ambiental-y-el-csic-proponen-a-los-pamploneses-convertirse-en-medidores-caseros-de-la-contaminacion-del-aire-de-la-ciudad\/"},"author":{"name":"La Gu\u00eda de Pamplona","@id":"https:\/\/www.laguiadepamplona.com\/actualidad\/#\/schema\/person\/efe887376f0213d4657c93adc50b1fdb"},"headline":"El Museo de Educaci\u00f3n Ambiental y el CSIC proponen a los pamploneses convertirse en \u2018medidores caseros\u2019 de la contaminaci\u00f3n del aire de la ciudad","datePublished":"2022-02-11T11:28:29+00:00","dateModified":"2023-04-11T09:48:31+00:00","mainEntityOfPage":{"@id":"https:\/\/www.laguiadepamplona.com\/actualidad\/el-museo-de-educacion-ambiental-y-el-csic-proponen-a-los-pamploneses-convertirse-en-medidores-caseros-de-la-contaminacion-del-aire-de-la-ciudad\/"},"wordCount":547,"commentCount":0,"publisher":{"@id":"https:\/\/www.laguiadepamplona.com\/actualidad\/#organization"},"image":{"@id":"https:\/\/www.laguiadepamplona.com\/actualidad\/el-museo-de-educacion-ambiental-y-el-csic-proponen-a-los-pamploneses-convertirse-en-medidores-caseros-de-la-contaminacion-del-aire-de-la-ciudad\/#primaryimage"},"thumbnailUrl":"https:\/\/www.laguiadepamplona.com\/actualidad\/wp-content\/uploads\/2021\/01\/museo-educacion-ambiental.jpg","articleSection":["Ayto Pamplona"],"inLanguage":"es","potentialAction":[{"@type":"CommentAction","name":"Comment","target":["https:\/\/www.laguiadepamplona.com\/actualidad\/el-museo-de-educacion-ambiental-y-el-csic-proponen-a-los-pamploneses-convertirse-en-medidores-caseros-de-la-contaminacion-del-aire-de-la-ciudad\/#respond"]}]},{"@type":"WebPage","@id":"https:\/\/www.laguiadepamplona.com\/actualidad\/el-museo-de-educacion-ambiental-y-el-csic-proponen-a-los-pamploneses-convertirse-en-medidores-caseros-de-la-contaminacion-del-aire-de-la-ciudad\/","url":"https:\/\/www.laguiadepamplona.com\/actualidad\/el-museo-de-educacion-ambiental-y-el-csic-proponen-a-los-pamploneses-convertirse-en-medidores-caseros-de-la-contaminacion-del-aire-de-la-ciudad\/","name":"El Museo de Educaci\u00f3n Ambiental y el CSIC proponen a los pamploneses convertirse en \u2018medidores caseros\u2019 de la contaminaci\u00f3n del aire de la ciudad","isPartOf":{"@id":"https:\/\/www.laguiadepamplona.com\/actualidad\/#website"},"primaryImageOfPage":{"@id":"https:\/\/www.laguiadepamplona.com\/actualidad\/el-museo-de-educacion-ambiental-y-el-csic-proponen-a-los-pamploneses-convertirse-en-medidores-caseros-de-la-contaminacion-del-aire-de-la-ciudad\/#primaryimage"},"image":{"@id":"https:\/\/www.laguiadepamplona.com\/actualidad\/el-museo-de-educacion-ambiental-y-el-csic-proponen-a-los-pamploneses-convertirse-en-medidores-caseros-de-la-contaminacion-del-aire-de-la-ciudad\/#primaryimage"},"thumbnailUrl":"https:\/\/www.laguiadepamplona.com\/actualidad\/wp-content\/uploads\/2021\/01\/museo-educacion-ambiental.jpg","datePublished":"2022-02-11T11:28:29+00:00","dateModified":"2023-04-11T09:48:31+00:00","description":"Un taller que tendr\u00e1 lugar el 23 de febrero ense\u00f1ar\u00e1 c\u00f3mo hacerlo a trav\u00e9s de la recogida de muestras de una maceta colocada en el exterior","breadcrumb":{"@id":"https:\/\/www.laguiadepamplona.com\/actualidad\/el-museo-de-educacion-ambiental-y-el-csic-proponen-a-los-pamploneses-convertirse-en-medidores-caseros-de-la-contaminacion-del-aire-de-la-ciudad\/#breadcrumb"},"inLanguage":"es","potentialAction":[{"@type":"ReadAction","target":["https:\/\/www.laguiadepamplona.com\/actualidad\/el-museo-de-educacion-ambiental-y-el-csic-proponen-a-los-pamploneses-convertirse-en-medidores-caseros-de-la-contaminacion-del-aire-de-la-ciudad\/"]}]},{"@type":"ImageObject","inLanguage":"es","@id":"https:\/\/www.laguiadepamplona.com\/actualidad\/el-museo-de-educacion-ambiental-y-el-csic-proponen-a-los-pamploneses-convertirse-en-medidores-caseros-de-la-contaminacion-del-aire-de-la-ciudad\/#primaryimage","url":"https:\/\/www.laguiadepamplona.com\/actualidad\/wp-content\/uploads\/2021\/01\/museo-educacion-ambiental.jpg","contentUrl":"https:\/\/www.laguiadepamplona.com\/actualidad\/wp-content\/uploads\/2021\/01\/museo-educacion-ambiental.jpg","width":1920,"height":1059},{"@type":"BreadcrumbList","@id":"https:\/\/www.laguiadepamplona.com\/actualidad\/el-museo-de-educacion-ambiental-y-el-csic-proponen-a-los-pamploneses-convertirse-en-medidores-caseros-de-la-contaminacion-del-aire-de-la-ciudad\/#breadcrumb","itemListElement":[{"@type":"ListItem","position":1,"name":"Portada","item":"https:\/\/www.laguiadepamplona.com\/actualidad\/"},{"@type":"ListItem","position":2,"name":"El Museo de Educaci\u00f3n Ambiental y el CSIC proponen a los pamploneses convertirse en \u2018medidores caseros\u2019 de la contaminaci\u00f3n del aire de la ciudad"}]},{"@type":"WebSite","@id":"https:\/\/www.laguiadepamplona.com\/actualidad\/#website","url":"https:\/\/www.laguiadepamplona.com\/actualidad\/","name":"La gu\u00eda de Pamplona","description":"Noticias de Pamplona","publisher":{"@id":"https:\/\/www.laguiadepamplona.com\/actualidad\/#organization"},"potentialAction":[{"@type":"SearchAction","target":{"@type":"EntryPoint","urlTemplate":"https:\/\/www.laguiadepamplona.com\/actualidad\/?s={search_term_string}"},"query-input":{"@type":"PropertyValueSpecification","valueRequired":true,"valueName":"search_term_string"}}],"inLanguage":"es"},{"@type":"Organization","@id":"https:\/\/www.laguiadepamplona.com\/actualidad\/#organization","name":"La Gu\u00eda de Pamplona \/ Noticias","url":"https:\/\/www.laguiadepamplona.com\/actualidad\/","logo":{"@type":"ImageObject","inLanguage":"es","@id":"https:\/\/www.laguiadepamplona.com\/actualidad\/#\/schema\/logo\/image\/","url":"https:\/\/www.laguiadepamplona.com\/actualidad\/wp-content\/uploads\/2018\/11\/logo-laguiadepamplona18-web1.png","contentUrl":"https:\/\/www.laguiadepamplona.com\/actualidad\/wp-content\/uploads\/2018\/11\/logo-laguiadepamplona18-web1.png","width":600,"height":196,"caption":"La Gu\u00eda de Pamplona \/ Noticias"},"image":{"@id":"https:\/\/www.laguiadepamplona.com\/actualidad\/#\/schema\/logo\/image\/"},"sameAs":["https:\/\/www.facebook.com\/laguiadepamplonacom-133175176762273\/?ref=hl","https:\/\/x.com\/LaGuiadPamplona","https:\/\/www.instagram.com\/la_guia_de_pamplona\/","https:\/\/www.youtube.com\/user\/laguiadepamplona"]},{"@type":"Person","@id":"https:\/\/www.laguiadepamplona.com\/actualidad\/#\/schema\/person\/efe887376f0213d4657c93adc50b1fdb","name":"La Gu\u00eda de Pamplona","image":{"@type":"ImageObject","inLanguage":"es","@id":"https:\/\/secure.gravatar.com\/avatar\/b6992f131dc8d30ab0dff15446e9d346d9dbd95992de0fef795073f5ea83a81c?s=96&d=mm&r=g","url":"https:\/\/secure.gravatar.com\/avatar\/b6992f131dc8d30ab0dff15446e9d346d9dbd95992de0fef795073f5ea83a81c?s=96&d=mm&r=g","contentUrl":"https:\/\/secure.gravatar.com\/avatar\/b6992f131dc8d30ab0dff15446e9d346d9dbd95992de0fef795073f5ea83a81c?s=96&d=mm&r=g","caption":"La Gu\u00eda de Pamplona"}}]}},"post_mailing_queue_ids":[],"_links":{"self":[{"href":"https:\/\/www.laguiadepamplona.com\/actualidad\/wp-json\/wp\/v2\/posts\/38739","targetHints":{"allow":["GET"]}}],"collection":[{"href":"https:\/\/www.laguiadepamplona.com\/actualidad\/wp-json\/wp\/v2\/posts"}],"about":[{"href":"https:\/\/www.laguiadepamplona.com\/actualidad\/wp-json\/wp\/v2\/types\/post"}],"author":[{"embeddable":true,"href":"https:\/\/www.laguiadepamplona.com\/actualidad\/wp-json\/wp\/v2\/users\/1"}],"replies":[{"embeddable":true,"href":"https:\/\/www.laguiadepamplona.com\/actualidad\/wp-json\/wp\/v2\/comments?post=38739"}],"version-history":[{"count":0,"href":"https:\/\/www.laguiadepamplona.com\/actualidad\/wp-json\/wp\/v2\/posts\/38739\/revisions"}],"wp:featuredmedia":[{"embeddable":true,"href":"https:\/\/www.laguiadepamplona.com\/actualidad\/wp-json\/wp\/v2\/media\/32687"}],"wp:attachment":[{"href":"https:\/\/www.laguiadepamplona.com\/actualidad\/wp-json\/wp\/v2\/media?parent=38739"}],"wp:term":[{"taxonomy":"category","embeddable":true,"href":"https:\/\/www.laguiadepamplona.com\/actualidad\/wp-json\/wp\/v2\/categories?post=38739"},{"taxonomy":"post_tag","embeddable":true,"href":"https:\/\/www.laguiadepamplona.com\/actualidad\/wp-json\/wp\/v2\/tags?post=38739"}],"curies":[{"name":"wp","href":"https:\/\/api.w.org\/{rel}","templated":true}]}}