{"id":38733,"date":"2022-02-11T13:26:46","date_gmt":"2022-02-11T11:26:46","guid":{"rendered":"https:\/\/www.laguiadepamplona.com\/actualidad\/?p=38733"},"modified":"2023-04-11T11:48:32","modified_gmt":"2023-04-11T09:48:32","slug":"llevame-a-bailar-la-propuesta-pictorica-de-david-anocibar-en-el-polvorin-de-la-ciudadela","status":"publish","type":"post","link":"https:\/\/www.laguiadepamplona.com\/actualidad\/llevame-a-bailar-la-propuesta-pictorica-de-david-anocibar-en-el-polvorin-de-la-ciudadela\/","title":{"rendered":"\u2018Ll\u00e9vame a bailar\u2019, la propuesta pict\u00f3rica de David Anoc\u00edbar en el Polvor\u00edn de la Ciudadela"},"content":{"rendered":"<h5>La exposici\u00f3n se podr\u00e1 visitar hasta el 27 de marzo<\/h5>\n<p><!--more--><\/p>\n<p>La sala del Polvor\u00edn de la Ciudadela acoge, desde hoy, la muestra pict\u00f3rica \u2018Ll\u00e9vame a bailar\u2019, de David Anoc\u00edbar. La exposici\u00f3n es un conjunto de retratos, realizados en \u00f3leo sobre lienzo, en los que prima la expresi\u00f3n corporal, el movimiento. Anoc\u00edbar, que se reclama como admirador de la tradici\u00f3n y los principios del realismo en la pintura, aborda la plasmaci\u00f3n detallista de los cuerpos, reinterpretados en un entorno on\u00edrico-simb\u00f3lico en el que no faltan animales mitol\u00f3gicos, referencias a pinturas de autores consagrados de siglos pret\u00e9ritos y atrezzos de modas de anta\u00f1o.<br \/>\n<script async src=\"\/\/pagead2.googlesyndication.com\/pagead\/js\/adsbygoogle.js\"><\/script><br \/>\n<!-- Noticias La Guia de Pamplona --><br \/>\n<ins class=\"adsbygoogle\"\nstyle=\"display:block\"\ndata-ad-client=\"ca-pub-6943679897239327\"\ndata-ad-slot=\"7048180777\"\ndata-ad-format=\"auto\"><\/ins><br \/>\n<script>\n(adsbygoogle = window.adsbygoogle || []).push({});\n<\/script><\/p>\n<p>El director del \u00c1rea de Cultura e Igualdad, Jorge Urd\u00e1noz, y el propio autor David Anoc\u00edbar, han presentado esta ma\u00f1ana la muestra que estar\u00e1 abierta al p\u00fablico en la Ciudadela entre el 11 de febrero y el 27 de marzo. El creador es un artista que procede del mundo de la restauraci\u00f3n de obras de arte, por lo que otorga mucha importancia al uso de materiales de gran calidad y suele montar y preparar los lienzos de forma artesanal. Su estilo combina el estricto arte figurativo realista que deja fluir hacia territorios que proceden de su mundo interior.<\/p>\n<p>La muestra \u2018Ll\u00e9vame a bailar\u2019 estar\u00e1 abierta en el Polvor\u00edn de la Ciudadela y se puede visitar de martes a s\u00e1bados de 11.30 a 13.30 horas y de 18 a 20.30 horas; domingos y festivos de 11.30 a 13.30 horas.<br \/>\n<script async src=\"\/\/pagead2.googlesyndication.com\/pagead\/js\/adsbygoogle.js\"><\/script><br \/>\n<!-- Noticias La Guia de Pamplona --><br \/>\n<ins class=\"adsbygoogle\"\nstyle=\"display:block\"\ndata-ad-client=\"ca-pub-6943679897239327\"\ndata-ad-slot=\"7048180777\"\ndata-ad-format=\"auto\"><\/ins><br \/>\n<script>\n(adsbygoogle = window.adsbygoogle || []).push({});\n<\/script><\/p>\n<p><strong>Retratista y restaurador<\/strong><\/p>\n<p>Anoc\u00edbar est\u00e1 hoy afincado en Pamplona tras haber realizado su formaci\u00f3n en Madrid y pasar cinco a\u00f1os en Lisboa (Portugal) en su faceta de restaurador. Aprendi\u00f3 la t\u00e9cnica de pintura del natural en el estudio del retratista Mikel Esparza y, como complemento, se acerc\u00f3 a The Art Student League y The National Academy of Design en la ciudad de Nueva York. Hoy, adem\u00e1s de seguir con su trayectoria art\u00edstica, imparte clases de pintura del natural y realiza retratos por encargo.<\/p>\n<p>No es la primera vez que este creador muestra obra en Pamplona en salas p\u00fablicas o privadas, de hecho, particip\u00f3 en 2021 en la exposici\u00f3n colectiva \u2018Sanfermines imaginados\u2019, tambi\u00e9n en la Ciudadela. \u2018Ll\u00e9vame a bailar\u2019 es su cuarta exposici\u00f3n individual desde 2005, la primera que protagoniza en la Ciudadela. Ha recibido, adem\u00e1s, 13 premios en distintos cert\u00e1menes, en los \u00faltimos a\u00f1os: el VIII Certamen de Artes Pl\u00e1sticas Goiart Ordizia Saria, XIX Certamen Nacional de Pintura \u201cCiudad de Calahorra, VII Concurso de pintura Aguas de Barbastro\u201d. El reconocimiento m\u00e1s reciente ha sido el primer premio del XXXV Certamen Art\u00edstico Villa de Amurrio, el pasado mes de septiembre.<\/p>\n","protected":false},"excerpt":{"rendered":"<p>La exposici\u00f3n se podr\u00e1 visitar hasta el 27 de marzo<\/p>\n","protected":false},"author":1,"featured_media":38734,"comment_status":"open","ping_status":"closed","sticky":false,"template":"","format":"standard","meta":{"footnotes":""},"categories":[2],"tags":[],"class_list":["post-38733","post","type-post","status-publish","format-standard","has-post-thumbnail","hentry","category-ayuntamiento-pamplona"],"yoast_head":"<!-- This site is optimized with the Yoast SEO plugin v27.3 - https:\/\/yoast.com\/product\/yoast-seo-wordpress\/ -->\n<title>\u2018Ll\u00e9vame a bailar\u2019, la propuesta pict\u00f3rica de David Anoc\u00edbar en el Polvor\u00edn de la Ciudadela<\/title>\n<meta name=\"description\" content=\"La exposici\u00f3n se podr\u00e1 visitar hasta el 27 de marzo\" \/>\n<meta name=\"robots\" content=\"index, follow, max-snippet:-1, max-image-preview:large, max-video-preview:-1\" \/>\n<link rel=\"canonical\" href=\"https:\/\/www.laguiadepamplona.com\/actualidad\/llevame-a-bailar-la-propuesta-pictorica-de-david-anocibar-en-el-polvorin-de-la-ciudadela\/\" \/>\n<meta property=\"og:locale\" content=\"es_ES\" \/>\n<meta property=\"og:type\" content=\"article\" \/>\n<meta property=\"og:title\" content=\"\u2018Ll\u00e9vame a bailar\u2019, la propuesta pict\u00f3rica de David Anoc\u00edbar en el Polvor\u00edn de la Ciudadela\" \/>\n<meta property=\"og:description\" content=\"La exposici\u00f3n se podr\u00e1 visitar hasta el 27 de marzo\" \/>\n<meta property=\"og:url\" content=\"https:\/\/www.laguiadepamplona.com\/actualidad\/llevame-a-bailar-la-propuesta-pictorica-de-david-anocibar-en-el-polvorin-de-la-ciudadela\/\" \/>\n<meta property=\"og:site_name\" content=\"La Gu\u00eda de Pamplona\" \/>\n<meta property=\"article:publisher\" content=\"https:\/\/www.facebook.com\/laguiadepamplonacom-133175176762273\/?ref=hl\" \/>\n<meta property=\"article:published_time\" content=\"2022-02-11T11:26:46+00:00\" \/>\n<meta property=\"article:modified_time\" content=\"2023-04-11T09:48:32+00:00\" \/>\n<meta property=\"og:image\" content=\"https:\/\/www.laguiadepamplona.com\/actualidad\/wp-content\/uploads\/2022\/02\/expo-llevame-a-bailar.jpg\" \/>\n\t<meta property=\"og:image:width\" content=\"775\" \/>\n\t<meta property=\"og:image:height\" content=\"350\" \/>\n\t<meta property=\"og:image:type\" content=\"image\/jpeg\" \/>\n<meta name=\"author\" content=\"La Gu\u00eda de Pamplona\" \/>\n<meta name=\"twitter:card\" content=\"summary_large_image\" \/>\n<meta name=\"twitter:creator\" content=\"@LaGuiadPamplona\" \/>\n<meta name=\"twitter:site\" content=\"@LaGuiadPamplona\" \/>\n<meta name=\"twitter:label1\" content=\"Escrito por\" \/>\n\t<meta name=\"twitter:data1\" content=\"La Gu\u00eda de Pamplona\" \/>\n\t<meta name=\"twitter:label2\" content=\"Tiempo de lectura\" \/>\n\t<meta name=\"twitter:data2\" content=\"2 minutos\" \/>\n<script type=\"application\/ld+json\" class=\"yoast-schema-graph\">{\"@context\":\"https:\\\/\\\/schema.org\",\"@graph\":[{\"@type\":\"Article\",\"@id\":\"https:\\\/\\\/www.laguiadepamplona.com\\\/actualidad\\\/llevame-a-bailar-la-propuesta-pictorica-de-david-anocibar-en-el-polvorin-de-la-ciudadela\\\/#article\",\"isPartOf\":{\"@id\":\"https:\\\/\\\/www.laguiadepamplona.com\\\/actualidad\\\/llevame-a-bailar-la-propuesta-pictorica-de-david-anocibar-en-el-polvorin-de-la-ciudadela\\\/\"},\"author\":{\"name\":\"La Gu\u00eda de Pamplona\",\"@id\":\"https:\\\/\\\/www.laguiadepamplona.com\\\/actualidad\\\/#\\\/schema\\\/person\\\/efe887376f0213d4657c93adc50b1fdb\"},\"headline\":\"\u2018Ll\u00e9vame a bailar\u2019, la propuesta pict\u00f3rica de David Anoc\u00edbar en el Polvor\u00edn de la Ciudadela\",\"datePublished\":\"2022-02-11T11:26:46+00:00\",\"dateModified\":\"2023-04-11T09:48:32+00:00\",\"mainEntityOfPage\":{\"@id\":\"https:\\\/\\\/www.laguiadepamplona.com\\\/actualidad\\\/llevame-a-bailar-la-propuesta-pictorica-de-david-anocibar-en-el-polvorin-de-la-ciudadela\\\/\"},\"wordCount\":475,\"commentCount\":0,\"publisher\":{\"@id\":\"https:\\\/\\\/www.laguiadepamplona.com\\\/actualidad\\\/#organization\"},\"image\":{\"@id\":\"https:\\\/\\\/www.laguiadepamplona.com\\\/actualidad\\\/llevame-a-bailar-la-propuesta-pictorica-de-david-anocibar-en-el-polvorin-de-la-ciudadela\\\/#primaryimage\"},\"thumbnailUrl\":\"https:\\\/\\\/www.laguiadepamplona.com\\\/actualidad\\\/wp-content\\\/uploads\\\/2022\\\/02\\\/expo-llevame-a-bailar.jpg\",\"articleSection\":[\"Ayto Pamplona\"],\"inLanguage\":\"es\",\"potentialAction\":[{\"@type\":\"CommentAction\",\"name\":\"Comment\",\"target\":[\"https:\\\/\\\/www.laguiadepamplona.com\\\/actualidad\\\/llevame-a-bailar-la-propuesta-pictorica-de-david-anocibar-en-el-polvorin-de-la-ciudadela\\\/#respond\"]}]},{\"@type\":\"WebPage\",\"@id\":\"https:\\\/\\\/www.laguiadepamplona.com\\\/actualidad\\\/llevame-a-bailar-la-propuesta-pictorica-de-david-anocibar-en-el-polvorin-de-la-ciudadela\\\/\",\"url\":\"https:\\\/\\\/www.laguiadepamplona.com\\\/actualidad\\\/llevame-a-bailar-la-propuesta-pictorica-de-david-anocibar-en-el-polvorin-de-la-ciudadela\\\/\",\"name\":\"\u2018Ll\u00e9vame a bailar\u2019, la propuesta pict\u00f3rica de David Anoc\u00edbar en el Polvor\u00edn de la Ciudadela\",\"isPartOf\":{\"@id\":\"https:\\\/\\\/www.laguiadepamplona.com\\\/actualidad\\\/#website\"},\"primaryImageOfPage\":{\"@id\":\"https:\\\/\\\/www.laguiadepamplona.com\\\/actualidad\\\/llevame-a-bailar-la-propuesta-pictorica-de-david-anocibar-en-el-polvorin-de-la-ciudadela\\\/#primaryimage\"},\"image\":{\"@id\":\"https:\\\/\\\/www.laguiadepamplona.com\\\/actualidad\\\/llevame-a-bailar-la-propuesta-pictorica-de-david-anocibar-en-el-polvorin-de-la-ciudadela\\\/#primaryimage\"},\"thumbnailUrl\":\"https:\\\/\\\/www.laguiadepamplona.com\\\/actualidad\\\/wp-content\\\/uploads\\\/2022\\\/02\\\/expo-llevame-a-bailar.jpg\",\"datePublished\":\"2022-02-11T11:26:46+00:00\",\"dateModified\":\"2023-04-11T09:48:32+00:00\",\"description\":\"La exposici\u00f3n se podr\u00e1 visitar hasta el 27 de marzo\",\"breadcrumb\":{\"@id\":\"https:\\\/\\\/www.laguiadepamplona.com\\\/actualidad\\\/llevame-a-bailar-la-propuesta-pictorica-de-david-anocibar-en-el-polvorin-de-la-ciudadela\\\/#breadcrumb\"},\"inLanguage\":\"es\",\"potentialAction\":[{\"@type\":\"ReadAction\",\"target\":[\"https:\\\/\\\/www.laguiadepamplona.com\\\/actualidad\\\/llevame-a-bailar-la-propuesta-pictorica-de-david-anocibar-en-el-polvorin-de-la-ciudadela\\\/\"]}]},{\"@type\":\"ImageObject\",\"inLanguage\":\"es\",\"@id\":\"https:\\\/\\\/www.laguiadepamplona.com\\\/actualidad\\\/llevame-a-bailar-la-propuesta-pictorica-de-david-anocibar-en-el-polvorin-de-la-ciudadela\\\/#primaryimage\",\"url\":\"https:\\\/\\\/www.laguiadepamplona.com\\\/actualidad\\\/wp-content\\\/uploads\\\/2022\\\/02\\\/expo-llevame-a-bailar.jpg\",\"contentUrl\":\"https:\\\/\\\/www.laguiadepamplona.com\\\/actualidad\\\/wp-content\\\/uploads\\\/2022\\\/02\\\/expo-llevame-a-bailar.jpg\",\"width\":775,\"height\":350},{\"@type\":\"BreadcrumbList\",\"@id\":\"https:\\\/\\\/www.laguiadepamplona.com\\\/actualidad\\\/llevame-a-bailar-la-propuesta-pictorica-de-david-anocibar-en-el-polvorin-de-la-ciudadela\\\/#breadcrumb\",\"itemListElement\":[{\"@type\":\"ListItem\",\"position\":1,\"name\":\"Portada\",\"item\":\"https:\\\/\\\/www.laguiadepamplona.com\\\/actualidad\\\/\"},{\"@type\":\"ListItem\",\"position\":2,\"name\":\"\u2018Ll\u00e9vame a bailar\u2019, la propuesta pict\u00f3rica de David Anoc\u00edbar en el Polvor\u00edn de la Ciudadela\"}]},{\"@type\":\"WebSite\",\"@id\":\"https:\\\/\\\/www.laguiadepamplona.com\\\/actualidad\\\/#website\",\"url\":\"https:\\\/\\\/www.laguiadepamplona.com\\\/actualidad\\\/\",\"name\":\"La gu\u00eda de Pamplona\",\"description\":\"Noticias de Pamplona\",\"publisher\":{\"@id\":\"https:\\\/\\\/www.laguiadepamplona.com\\\/actualidad\\\/#organization\"},\"potentialAction\":[{\"@type\":\"SearchAction\",\"target\":{\"@type\":\"EntryPoint\",\"urlTemplate\":\"https:\\\/\\\/www.laguiadepamplona.com\\\/actualidad\\\/?s={search_term_string}\"},\"query-input\":{\"@type\":\"PropertyValueSpecification\",\"valueRequired\":true,\"valueName\":\"search_term_string\"}}],\"inLanguage\":\"es\"},{\"@type\":\"Organization\",\"@id\":\"https:\\\/\\\/www.laguiadepamplona.com\\\/actualidad\\\/#organization\",\"name\":\"La Gu\u00eda de Pamplona \\\/ Noticias\",\"url\":\"https:\\\/\\\/www.laguiadepamplona.com\\\/actualidad\\\/\",\"logo\":{\"@type\":\"ImageObject\",\"inLanguage\":\"es\",\"@id\":\"https:\\\/\\\/www.laguiadepamplona.com\\\/actualidad\\\/#\\\/schema\\\/logo\\\/image\\\/\",\"url\":\"https:\\\/\\\/www.laguiadepamplona.com\\\/actualidad\\\/wp-content\\\/uploads\\\/2018\\\/11\\\/logo-laguiadepamplona18-web1.png\",\"contentUrl\":\"https:\\\/\\\/www.laguiadepamplona.com\\\/actualidad\\\/wp-content\\\/uploads\\\/2018\\\/11\\\/logo-laguiadepamplona18-web1.png\",\"width\":600,\"height\":196,\"caption\":\"La Gu\u00eda de Pamplona \\\/ Noticias\"},\"image\":{\"@id\":\"https:\\\/\\\/www.laguiadepamplona.com\\\/actualidad\\\/#\\\/schema\\\/logo\\\/image\\\/\"},\"sameAs\":[\"https:\\\/\\\/www.facebook.com\\\/laguiadepamplonacom-133175176762273\\\/?ref=hl\",\"https:\\\/\\\/x.com\\\/LaGuiadPamplona\",\"https:\\\/\\\/www.instagram.com\\\/la_guia_de_pamplona\\\/\",\"https:\\\/\\\/www.youtube.com\\\/user\\\/laguiadepamplona\"]},{\"@type\":\"Person\",\"@id\":\"https:\\\/\\\/www.laguiadepamplona.com\\\/actualidad\\\/#\\\/schema\\\/person\\\/efe887376f0213d4657c93adc50b1fdb\",\"name\":\"La Gu\u00eda de Pamplona\",\"image\":{\"@type\":\"ImageObject\",\"inLanguage\":\"es\",\"@id\":\"https:\\\/\\\/secure.gravatar.com\\\/avatar\\\/b6992f131dc8d30ab0dff15446e9d346d9dbd95992de0fef795073f5ea83a81c?s=96&d=mm&r=g\",\"url\":\"https:\\\/\\\/secure.gravatar.com\\\/avatar\\\/b6992f131dc8d30ab0dff15446e9d346d9dbd95992de0fef795073f5ea83a81c?s=96&d=mm&r=g\",\"contentUrl\":\"https:\\\/\\\/secure.gravatar.com\\\/avatar\\\/b6992f131dc8d30ab0dff15446e9d346d9dbd95992de0fef795073f5ea83a81c?s=96&d=mm&r=g\",\"caption\":\"La Gu\u00eda de Pamplona\"}}]}<\/script>\n<!-- \/ Yoast SEO plugin. -->","yoast_head_json":{"title":"\u2018Ll\u00e9vame a bailar\u2019, la propuesta pict\u00f3rica de David Anoc\u00edbar en el Polvor\u00edn de la Ciudadela","description":"La exposici\u00f3n se podr\u00e1 visitar hasta el 27 de marzo","robots":{"index":"index","follow":"follow","max-snippet":"max-snippet:-1","max-image-preview":"max-image-preview:large","max-video-preview":"max-video-preview:-1"},"canonical":"https:\/\/www.laguiadepamplona.com\/actualidad\/llevame-a-bailar-la-propuesta-pictorica-de-david-anocibar-en-el-polvorin-de-la-ciudadela\/","og_locale":"es_ES","og_type":"article","og_title":"\u2018Ll\u00e9vame a bailar\u2019, la propuesta pict\u00f3rica de David Anoc\u00edbar en el Polvor\u00edn de la Ciudadela","og_description":"La exposici\u00f3n se podr\u00e1 visitar hasta el 27 de marzo","og_url":"https:\/\/www.laguiadepamplona.com\/actualidad\/llevame-a-bailar-la-propuesta-pictorica-de-david-anocibar-en-el-polvorin-de-la-ciudadela\/","og_site_name":"La Gu\u00eda de Pamplona","article_publisher":"https:\/\/www.facebook.com\/laguiadepamplonacom-133175176762273\/?ref=hl","article_published_time":"2022-02-11T11:26:46+00:00","article_modified_time":"2023-04-11T09:48:32+00:00","og_image":[{"width":775,"height":350,"url":"https:\/\/www.laguiadepamplona.com\/actualidad\/wp-content\/uploads\/2022\/02\/expo-llevame-a-bailar.jpg","type":"image\/jpeg"}],"author":"La Gu\u00eda de Pamplona","twitter_card":"summary_large_image","twitter_creator":"@LaGuiadPamplona","twitter_site":"@LaGuiadPamplona","twitter_misc":{"Escrito por":"La Gu\u00eda de Pamplona","Tiempo de lectura":"2 minutos"},"schema":{"@context":"https:\/\/schema.org","@graph":[{"@type":"Article","@id":"https:\/\/www.laguiadepamplona.com\/actualidad\/llevame-a-bailar-la-propuesta-pictorica-de-david-anocibar-en-el-polvorin-de-la-ciudadela\/#article","isPartOf":{"@id":"https:\/\/www.laguiadepamplona.com\/actualidad\/llevame-a-bailar-la-propuesta-pictorica-de-david-anocibar-en-el-polvorin-de-la-ciudadela\/"},"author":{"name":"La Gu\u00eda de Pamplona","@id":"https:\/\/www.laguiadepamplona.com\/actualidad\/#\/schema\/person\/efe887376f0213d4657c93adc50b1fdb"},"headline":"\u2018Ll\u00e9vame a bailar\u2019, la propuesta pict\u00f3rica de David Anoc\u00edbar en el Polvor\u00edn de la Ciudadela","datePublished":"2022-02-11T11:26:46+00:00","dateModified":"2023-04-11T09:48:32+00:00","mainEntityOfPage":{"@id":"https:\/\/www.laguiadepamplona.com\/actualidad\/llevame-a-bailar-la-propuesta-pictorica-de-david-anocibar-en-el-polvorin-de-la-ciudadela\/"},"wordCount":475,"commentCount":0,"publisher":{"@id":"https:\/\/www.laguiadepamplona.com\/actualidad\/#organization"},"image":{"@id":"https:\/\/www.laguiadepamplona.com\/actualidad\/llevame-a-bailar-la-propuesta-pictorica-de-david-anocibar-en-el-polvorin-de-la-ciudadela\/#primaryimage"},"thumbnailUrl":"https:\/\/www.laguiadepamplona.com\/actualidad\/wp-content\/uploads\/2022\/02\/expo-llevame-a-bailar.jpg","articleSection":["Ayto Pamplona"],"inLanguage":"es","potentialAction":[{"@type":"CommentAction","name":"Comment","target":["https:\/\/www.laguiadepamplona.com\/actualidad\/llevame-a-bailar-la-propuesta-pictorica-de-david-anocibar-en-el-polvorin-de-la-ciudadela\/#respond"]}]},{"@type":"WebPage","@id":"https:\/\/www.laguiadepamplona.com\/actualidad\/llevame-a-bailar-la-propuesta-pictorica-de-david-anocibar-en-el-polvorin-de-la-ciudadela\/","url":"https:\/\/www.laguiadepamplona.com\/actualidad\/llevame-a-bailar-la-propuesta-pictorica-de-david-anocibar-en-el-polvorin-de-la-ciudadela\/","name":"\u2018Ll\u00e9vame a bailar\u2019, la propuesta pict\u00f3rica de David Anoc\u00edbar en el Polvor\u00edn de la Ciudadela","isPartOf":{"@id":"https:\/\/www.laguiadepamplona.com\/actualidad\/#website"},"primaryImageOfPage":{"@id":"https:\/\/www.laguiadepamplona.com\/actualidad\/llevame-a-bailar-la-propuesta-pictorica-de-david-anocibar-en-el-polvorin-de-la-ciudadela\/#primaryimage"},"image":{"@id":"https:\/\/www.laguiadepamplona.com\/actualidad\/llevame-a-bailar-la-propuesta-pictorica-de-david-anocibar-en-el-polvorin-de-la-ciudadela\/#primaryimage"},"thumbnailUrl":"https:\/\/www.laguiadepamplona.com\/actualidad\/wp-content\/uploads\/2022\/02\/expo-llevame-a-bailar.jpg","datePublished":"2022-02-11T11:26:46+00:00","dateModified":"2023-04-11T09:48:32+00:00","description":"La exposici\u00f3n se podr\u00e1 visitar hasta el 27 de marzo","breadcrumb":{"@id":"https:\/\/www.laguiadepamplona.com\/actualidad\/llevame-a-bailar-la-propuesta-pictorica-de-david-anocibar-en-el-polvorin-de-la-ciudadela\/#breadcrumb"},"inLanguage":"es","potentialAction":[{"@type":"ReadAction","target":["https:\/\/www.laguiadepamplona.com\/actualidad\/llevame-a-bailar-la-propuesta-pictorica-de-david-anocibar-en-el-polvorin-de-la-ciudadela\/"]}]},{"@type":"ImageObject","inLanguage":"es","@id":"https:\/\/www.laguiadepamplona.com\/actualidad\/llevame-a-bailar-la-propuesta-pictorica-de-david-anocibar-en-el-polvorin-de-la-ciudadela\/#primaryimage","url":"https:\/\/www.laguiadepamplona.com\/actualidad\/wp-content\/uploads\/2022\/02\/expo-llevame-a-bailar.jpg","contentUrl":"https:\/\/www.laguiadepamplona.com\/actualidad\/wp-content\/uploads\/2022\/02\/expo-llevame-a-bailar.jpg","width":775,"height":350},{"@type":"BreadcrumbList","@id":"https:\/\/www.laguiadepamplona.com\/actualidad\/llevame-a-bailar-la-propuesta-pictorica-de-david-anocibar-en-el-polvorin-de-la-ciudadela\/#breadcrumb","itemListElement":[{"@type":"ListItem","position":1,"name":"Portada","item":"https:\/\/www.laguiadepamplona.com\/actualidad\/"},{"@type":"ListItem","position":2,"name":"\u2018Ll\u00e9vame a bailar\u2019, la propuesta pict\u00f3rica de David Anoc\u00edbar en el Polvor\u00edn de la Ciudadela"}]},{"@type":"WebSite","@id":"https:\/\/www.laguiadepamplona.com\/actualidad\/#website","url":"https:\/\/www.laguiadepamplona.com\/actualidad\/","name":"La gu\u00eda de Pamplona","description":"Noticias de Pamplona","publisher":{"@id":"https:\/\/www.laguiadepamplona.com\/actualidad\/#organization"},"potentialAction":[{"@type":"SearchAction","target":{"@type":"EntryPoint","urlTemplate":"https:\/\/www.laguiadepamplona.com\/actualidad\/?s={search_term_string}"},"query-input":{"@type":"PropertyValueSpecification","valueRequired":true,"valueName":"search_term_string"}}],"inLanguage":"es"},{"@type":"Organization","@id":"https:\/\/www.laguiadepamplona.com\/actualidad\/#organization","name":"La Gu\u00eda de Pamplona \/ Noticias","url":"https:\/\/www.laguiadepamplona.com\/actualidad\/","logo":{"@type":"ImageObject","inLanguage":"es","@id":"https:\/\/www.laguiadepamplona.com\/actualidad\/#\/schema\/logo\/image\/","url":"https:\/\/www.laguiadepamplona.com\/actualidad\/wp-content\/uploads\/2018\/11\/logo-laguiadepamplona18-web1.png","contentUrl":"https:\/\/www.laguiadepamplona.com\/actualidad\/wp-content\/uploads\/2018\/11\/logo-laguiadepamplona18-web1.png","width":600,"height":196,"caption":"La Gu\u00eda de Pamplona \/ Noticias"},"image":{"@id":"https:\/\/www.laguiadepamplona.com\/actualidad\/#\/schema\/logo\/image\/"},"sameAs":["https:\/\/www.facebook.com\/laguiadepamplonacom-133175176762273\/?ref=hl","https:\/\/x.com\/LaGuiadPamplona","https:\/\/www.instagram.com\/la_guia_de_pamplona\/","https:\/\/www.youtube.com\/user\/laguiadepamplona"]},{"@type":"Person","@id":"https:\/\/www.laguiadepamplona.com\/actualidad\/#\/schema\/person\/efe887376f0213d4657c93adc50b1fdb","name":"La Gu\u00eda de Pamplona","image":{"@type":"ImageObject","inLanguage":"es","@id":"https:\/\/secure.gravatar.com\/avatar\/b6992f131dc8d30ab0dff15446e9d346d9dbd95992de0fef795073f5ea83a81c?s=96&d=mm&r=g","url":"https:\/\/secure.gravatar.com\/avatar\/b6992f131dc8d30ab0dff15446e9d346d9dbd95992de0fef795073f5ea83a81c?s=96&d=mm&r=g","contentUrl":"https:\/\/secure.gravatar.com\/avatar\/b6992f131dc8d30ab0dff15446e9d346d9dbd95992de0fef795073f5ea83a81c?s=96&d=mm&r=g","caption":"La Gu\u00eda de Pamplona"}}]}},"post_mailing_queue_ids":[],"_links":{"self":[{"href":"https:\/\/www.laguiadepamplona.com\/actualidad\/wp-json\/wp\/v2\/posts\/38733","targetHints":{"allow":["GET"]}}],"collection":[{"href":"https:\/\/www.laguiadepamplona.com\/actualidad\/wp-json\/wp\/v2\/posts"}],"about":[{"href":"https:\/\/www.laguiadepamplona.com\/actualidad\/wp-json\/wp\/v2\/types\/post"}],"author":[{"embeddable":true,"href":"https:\/\/www.laguiadepamplona.com\/actualidad\/wp-json\/wp\/v2\/users\/1"}],"replies":[{"embeddable":true,"href":"https:\/\/www.laguiadepamplona.com\/actualidad\/wp-json\/wp\/v2\/comments?post=38733"}],"version-history":[{"count":0,"href":"https:\/\/www.laguiadepamplona.com\/actualidad\/wp-json\/wp\/v2\/posts\/38733\/revisions"}],"wp:featuredmedia":[{"embeddable":true,"href":"https:\/\/www.laguiadepamplona.com\/actualidad\/wp-json\/wp\/v2\/media\/38734"}],"wp:attachment":[{"href":"https:\/\/www.laguiadepamplona.com\/actualidad\/wp-json\/wp\/v2\/media?parent=38733"}],"wp:term":[{"taxonomy":"category","embeddable":true,"href":"https:\/\/www.laguiadepamplona.com\/actualidad\/wp-json\/wp\/v2\/categories?post=38733"},{"taxonomy":"post_tag","embeddable":true,"href":"https:\/\/www.laguiadepamplona.com\/actualidad\/wp-json\/wp\/v2\/tags?post=38733"}],"curies":[{"name":"wp","href":"https:\/\/api.w.org\/{rel}","templated":true}]}}