{"id":38731,"date":"2022-02-11T13:24:18","date_gmt":"2022-02-11T11:24:18","guid":{"rendered":"https:\/\/www.laguiadepamplona.com\/actualidad\/?p=38731"},"modified":"2023-04-11T11:48:32","modified_gmt":"2023-04-11T09:48:32","slug":"la-casa-consistorial-se-ilumina-este-lunes-de-color-rojo-con-motivo-del-dia-internacional-de-las-cardiopatias-congenitas","status":"publish","type":"post","link":"https:\/\/www.laguiadepamplona.com\/actualidad\/la-casa-consistorial-se-ilumina-este-lunes-de-color-rojo-con-motivo-del-dia-internacional-de-las-cardiopatias-congenitas\/","title":{"rendered":"La Casa Consistorial se ilumina este lunes de color rojo con motivo del D\u00eda Internacional de las Cardiopat\u00edas Cong\u00e9nitas"},"content":{"rendered":"<p><!--more--><\/p>\n<p>El Ayuntamiento de Pamplona iluminar\u00e1 la fachada de la Casa Consistorial de color rojo este pr\u00f3ximo lunes 14 de febrero para sumarse al D\u00eda Internacional de las Cardiopat\u00edas Cong\u00e9nitas. El Consistorio se une as\u00ed a la sensibilizaci\u00f3n y visibilizaci\u00f3n de estas enfermedades. La solicitud para adherirse a esta iniciativa lleg\u00f3 al Ayuntamiento desde la asociaci\u00f3n Bihotzez.<\/p>\n<p>Una cardiopat\u00eda cong\u00e9nita es una malformaci\u00f3n en la estructura y\/o el funcionamiento del coraz\u00f3n desde el embarazo. Es el problema cong\u00e9nito de mayor incidencia y afecta, aproximadamente, a\u00a08 de cada mil\u00a0beb\u00e9s nacidos vivos. Hay muchos tipos de cardiopat\u00edas cong\u00e9nitas, desde aquellas de las que tienen un riesgo leve para el ni\u00f1o hasta aquellas que necesitan una intervenci\u00f3n quir\u00fargica inmediata.<br \/>\n<script async src=\"\/\/pagead2.googlesyndication.com\/pagead\/js\/adsbygoogle.js\"><\/script><br \/>\n<!-- Noticias La Guia de Pamplona --><br \/>\n<ins class=\"adsbygoogle\"\nstyle=\"display:block\"\ndata-ad-client=\"ca-pub-6943679897239327\"\ndata-ad-slot=\"7048180777\"\ndata-ad-format=\"auto\"><\/ins><br \/>\n<script>\n(adsbygoogle = window.adsbygoogle || []).push({});\n<\/script><\/p>\n<p>Bihotzez es una asociaci\u00f3n sin \u00e1nimo de lucro que trabaja con el objetivo de mejorar la calidad de vida de las personas con cardiopat\u00edas cong\u00e9nitas y sus familias En Navarra y Pa\u00eds Vasco. Su labor se centra principalmente en dos aspectos. Por una parte, informar y orientar a las personas con cardiopat\u00eda cong\u00e9nita, a sus familias y a los profesionales implicados en las diferentes etapas de su vida; y, por otra, sensibilizar y concienciar a la sociedad y a las instituciones sobre las cardiopat\u00edas cong\u00e9nitas.<\/p>\n","protected":false},"excerpt":{"rendered":"","protected":false},"author":1,"featured_media":36967,"comment_status":"open","ping_status":"closed","sticky":false,"template":"","format":"standard","meta":{"footnotes":""},"categories":[2],"tags":[],"class_list":["post-38731","post","type-post","status-publish","format-standard","has-post-thumbnail","hentry","category-ayuntamiento-pamplona"],"yoast_head":"<!-- This site is optimized with the Yoast SEO plugin v27.5 - https:\/\/yoast.com\/product\/yoast-seo-wordpress\/ -->\n<title>La Casa Consistorial se ilumina este lunes de color rojo con motivo del D\u00eda Internacional de las Cardiopat\u00edas Cong\u00e9nitas<\/title>\n<meta name=\"robots\" content=\"index, follow, max-snippet:-1, max-image-preview:large, max-video-preview:-1\" \/>\n<link rel=\"canonical\" href=\"https:\/\/www.laguiadepamplona.com\/actualidad\/la-casa-consistorial-se-ilumina-este-lunes-de-color-rojo-con-motivo-del-dia-internacional-de-las-cardiopatias-congenitas\/\" \/>\n<meta property=\"og:locale\" content=\"es_ES\" \/>\n<meta property=\"og:type\" content=\"article\" \/>\n<meta property=\"og:title\" content=\"La Casa Consistorial se ilumina este lunes de color rojo con motivo del D\u00eda Internacional de las Cardiopat\u00edas Cong\u00e9nitas\" \/>\n<meta property=\"og:url\" content=\"https:\/\/www.laguiadepamplona.com\/actualidad\/la-casa-consistorial-se-ilumina-este-lunes-de-color-rojo-con-motivo-del-dia-internacional-de-las-cardiopatias-congenitas\/\" \/>\n<meta property=\"og:site_name\" content=\"La Gu\u00eda de Pamplona\" \/>\n<meta property=\"article:publisher\" content=\"https:\/\/www.facebook.com\/laguiadepamplonacom-133175176762273\/?ref=hl\" \/>\n<meta property=\"article:published_time\" content=\"2022-02-11T11:24:18+00:00\" \/>\n<meta property=\"article:modified_time\" content=\"2023-04-11T09:48:32+00:00\" \/>\n<meta property=\"og:image\" content=\"https:\/\/www.laguiadepamplona.com\/actualidad\/wp-content\/uploads\/2021\/10\/ayuntamiento-rojo.jpg\" \/>\n\t<meta property=\"og:image:width\" content=\"1529\" \/>\n\t<meta property=\"og:image:height\" content=\"1019\" \/>\n\t<meta property=\"og:image:type\" content=\"image\/jpeg\" \/>\n<meta name=\"author\" content=\"La Gu\u00eda de Pamplona\" \/>\n<meta name=\"twitter:card\" content=\"summary_large_image\" \/>\n<meta name=\"twitter:creator\" content=\"@LaGuiadPamplona\" \/>\n<meta name=\"twitter:site\" content=\"@LaGuiadPamplona\" \/>\n<meta name=\"twitter:label1\" content=\"Escrito por\" \/>\n\t<meta name=\"twitter:data1\" content=\"La Gu\u00eda de Pamplona\" \/>\n\t<meta name=\"twitter:label2\" content=\"Tiempo de lectura\" \/>\n\t<meta name=\"twitter:data2\" content=\"1 minuto\" \/>\n<script type=\"application\/ld+json\" class=\"yoast-schema-graph\">{\"@context\":\"https:\\\/\\\/schema.org\",\"@graph\":[{\"@type\":\"Article\",\"@id\":\"https:\\\/\\\/www.laguiadepamplona.com\\\/actualidad\\\/la-casa-consistorial-se-ilumina-este-lunes-de-color-rojo-con-motivo-del-dia-internacional-de-las-cardiopatias-congenitas\\\/#article\",\"isPartOf\":{\"@id\":\"https:\\\/\\\/www.laguiadepamplona.com\\\/actualidad\\\/la-casa-consistorial-se-ilumina-este-lunes-de-color-rojo-con-motivo-del-dia-internacional-de-las-cardiopatias-congenitas\\\/\"},\"author\":{\"name\":\"La Gu\u00eda de Pamplona\",\"@id\":\"https:\\\/\\\/www.laguiadepamplona.com\\\/actualidad\\\/#\\\/schema\\\/person\\\/efe887376f0213d4657c93adc50b1fdb\"},\"headline\":\"La Casa Consistorial se ilumina este lunes de color rojo con motivo del D\u00eda Internacional de las Cardiopat\u00edas Cong\u00e9nitas\",\"datePublished\":\"2022-02-11T11:24:18+00:00\",\"dateModified\":\"2023-04-11T09:48:32+00:00\",\"mainEntityOfPage\":{\"@id\":\"https:\\\/\\\/www.laguiadepamplona.com\\\/actualidad\\\/la-casa-consistorial-se-ilumina-este-lunes-de-color-rojo-con-motivo-del-dia-internacional-de-las-cardiopatias-congenitas\\\/\"},\"wordCount\":249,\"commentCount\":0,\"publisher\":{\"@id\":\"https:\\\/\\\/www.laguiadepamplona.com\\\/actualidad\\\/#organization\"},\"image\":{\"@id\":\"https:\\\/\\\/www.laguiadepamplona.com\\\/actualidad\\\/la-casa-consistorial-se-ilumina-este-lunes-de-color-rojo-con-motivo-del-dia-internacional-de-las-cardiopatias-congenitas\\\/#primaryimage\"},\"thumbnailUrl\":\"https:\\\/\\\/www.laguiadepamplona.com\\\/actualidad\\\/wp-content\\\/uploads\\\/2021\\\/10\\\/ayuntamiento-rojo.jpg\",\"articleSection\":[\"Ayto Pamplona\"],\"inLanguage\":\"es\",\"potentialAction\":[{\"@type\":\"CommentAction\",\"name\":\"Comment\",\"target\":[\"https:\\\/\\\/www.laguiadepamplona.com\\\/actualidad\\\/la-casa-consistorial-se-ilumina-este-lunes-de-color-rojo-con-motivo-del-dia-internacional-de-las-cardiopatias-congenitas\\\/#respond\"]}]},{\"@type\":\"WebPage\",\"@id\":\"https:\\\/\\\/www.laguiadepamplona.com\\\/actualidad\\\/la-casa-consistorial-se-ilumina-este-lunes-de-color-rojo-con-motivo-del-dia-internacional-de-las-cardiopatias-congenitas\\\/\",\"url\":\"https:\\\/\\\/www.laguiadepamplona.com\\\/actualidad\\\/la-casa-consistorial-se-ilumina-este-lunes-de-color-rojo-con-motivo-del-dia-internacional-de-las-cardiopatias-congenitas\\\/\",\"name\":\"La Casa Consistorial se ilumina este lunes de color rojo con motivo del D\u00eda Internacional de las Cardiopat\u00edas Cong\u00e9nitas\",\"isPartOf\":{\"@id\":\"https:\\\/\\\/www.laguiadepamplona.com\\\/actualidad\\\/#website\"},\"primaryImageOfPage\":{\"@id\":\"https:\\\/\\\/www.laguiadepamplona.com\\\/actualidad\\\/la-casa-consistorial-se-ilumina-este-lunes-de-color-rojo-con-motivo-del-dia-internacional-de-las-cardiopatias-congenitas\\\/#primaryimage\"},\"image\":{\"@id\":\"https:\\\/\\\/www.laguiadepamplona.com\\\/actualidad\\\/la-casa-consistorial-se-ilumina-este-lunes-de-color-rojo-con-motivo-del-dia-internacional-de-las-cardiopatias-congenitas\\\/#primaryimage\"},\"thumbnailUrl\":\"https:\\\/\\\/www.laguiadepamplona.com\\\/actualidad\\\/wp-content\\\/uploads\\\/2021\\\/10\\\/ayuntamiento-rojo.jpg\",\"datePublished\":\"2022-02-11T11:24:18+00:00\",\"dateModified\":\"2023-04-11T09:48:32+00:00\",\"breadcrumb\":{\"@id\":\"https:\\\/\\\/www.laguiadepamplona.com\\\/actualidad\\\/la-casa-consistorial-se-ilumina-este-lunes-de-color-rojo-con-motivo-del-dia-internacional-de-las-cardiopatias-congenitas\\\/#breadcrumb\"},\"inLanguage\":\"es\",\"potentialAction\":[{\"@type\":\"ReadAction\",\"target\":[\"https:\\\/\\\/www.laguiadepamplona.com\\\/actualidad\\\/la-casa-consistorial-se-ilumina-este-lunes-de-color-rojo-con-motivo-del-dia-internacional-de-las-cardiopatias-congenitas\\\/\"]}]},{\"@type\":\"ImageObject\",\"inLanguage\":\"es\",\"@id\":\"https:\\\/\\\/www.laguiadepamplona.com\\\/actualidad\\\/la-casa-consistorial-se-ilumina-este-lunes-de-color-rojo-con-motivo-del-dia-internacional-de-las-cardiopatias-congenitas\\\/#primaryimage\",\"url\":\"https:\\\/\\\/www.laguiadepamplona.com\\\/actualidad\\\/wp-content\\\/uploads\\\/2021\\\/10\\\/ayuntamiento-rojo.jpg\",\"contentUrl\":\"https:\\\/\\\/www.laguiadepamplona.com\\\/actualidad\\\/wp-content\\\/uploads\\\/2021\\\/10\\\/ayuntamiento-rojo.jpg\",\"width\":1529,\"height\":1019,\"caption\":\"ayuntamiento rojo\"},{\"@type\":\"BreadcrumbList\",\"@id\":\"https:\\\/\\\/www.laguiadepamplona.com\\\/actualidad\\\/la-casa-consistorial-se-ilumina-este-lunes-de-color-rojo-con-motivo-del-dia-internacional-de-las-cardiopatias-congenitas\\\/#breadcrumb\",\"itemListElement\":[{\"@type\":\"ListItem\",\"position\":1,\"name\":\"Portada\",\"item\":\"https:\\\/\\\/www.laguiadepamplona.com\\\/actualidad\\\/\"},{\"@type\":\"ListItem\",\"position\":2,\"name\":\"La Casa Consistorial se ilumina este lunes de color rojo con motivo del D\u00eda Internacional de las Cardiopat\u00edas Cong\u00e9nitas\"}]},{\"@type\":\"WebSite\",\"@id\":\"https:\\\/\\\/www.laguiadepamplona.com\\\/actualidad\\\/#website\",\"url\":\"https:\\\/\\\/www.laguiadepamplona.com\\\/actualidad\\\/\",\"name\":\"La gu\u00eda de Pamplona\",\"description\":\"Noticias de Pamplona\",\"publisher\":{\"@id\":\"https:\\\/\\\/www.laguiadepamplona.com\\\/actualidad\\\/#organization\"},\"potentialAction\":[{\"@type\":\"SearchAction\",\"target\":{\"@type\":\"EntryPoint\",\"urlTemplate\":\"https:\\\/\\\/www.laguiadepamplona.com\\\/actualidad\\\/?s={search_term_string}\"},\"query-input\":{\"@type\":\"PropertyValueSpecification\",\"valueRequired\":true,\"valueName\":\"search_term_string\"}}],\"inLanguage\":\"es\"},{\"@type\":\"Organization\",\"@id\":\"https:\\\/\\\/www.laguiadepamplona.com\\\/actualidad\\\/#organization\",\"name\":\"La Gu\u00eda de Pamplona \\\/ Noticias\",\"url\":\"https:\\\/\\\/www.laguiadepamplona.com\\\/actualidad\\\/\",\"logo\":{\"@type\":\"ImageObject\",\"inLanguage\":\"es\",\"@id\":\"https:\\\/\\\/www.laguiadepamplona.com\\\/actualidad\\\/#\\\/schema\\\/logo\\\/image\\\/\",\"url\":\"https:\\\/\\\/www.laguiadepamplona.com\\\/actualidad\\\/wp-content\\\/uploads\\\/2018\\\/11\\\/logo-laguiadepamplona18-web1.png\",\"contentUrl\":\"https:\\\/\\\/www.laguiadepamplona.com\\\/actualidad\\\/wp-content\\\/uploads\\\/2018\\\/11\\\/logo-laguiadepamplona18-web1.png\",\"width\":600,\"height\":196,\"caption\":\"La Gu\u00eda de Pamplona \\\/ Noticias\"},\"image\":{\"@id\":\"https:\\\/\\\/www.laguiadepamplona.com\\\/actualidad\\\/#\\\/schema\\\/logo\\\/image\\\/\"},\"sameAs\":[\"https:\\\/\\\/www.facebook.com\\\/laguiadepamplonacom-133175176762273\\\/?ref=hl\",\"https:\\\/\\\/x.com\\\/LaGuiadPamplona\",\"https:\\\/\\\/www.instagram.com\\\/la_guia_de_pamplona\\\/\",\"https:\\\/\\\/www.youtube.com\\\/user\\\/laguiadepamplona\"]},{\"@type\":\"Person\",\"@id\":\"https:\\\/\\\/www.laguiadepamplona.com\\\/actualidad\\\/#\\\/schema\\\/person\\\/efe887376f0213d4657c93adc50b1fdb\",\"name\":\"La Gu\u00eda de Pamplona\",\"image\":{\"@type\":\"ImageObject\",\"inLanguage\":\"es\",\"@id\":\"https:\\\/\\\/secure.gravatar.com\\\/avatar\\\/b6992f131dc8d30ab0dff15446e9d346d9dbd95992de0fef795073f5ea83a81c?s=96&d=mm&r=g\",\"url\":\"https:\\\/\\\/secure.gravatar.com\\\/avatar\\\/b6992f131dc8d30ab0dff15446e9d346d9dbd95992de0fef795073f5ea83a81c?s=96&d=mm&r=g\",\"contentUrl\":\"https:\\\/\\\/secure.gravatar.com\\\/avatar\\\/b6992f131dc8d30ab0dff15446e9d346d9dbd95992de0fef795073f5ea83a81c?s=96&d=mm&r=g\",\"caption\":\"La Gu\u00eda de Pamplona\"}}]}<\/script>\n<!-- \/ Yoast SEO plugin. -->","yoast_head_json":{"title":"La Casa Consistorial se ilumina este lunes de color rojo con motivo del D\u00eda Internacional de las Cardiopat\u00edas Cong\u00e9nitas","robots":{"index":"index","follow":"follow","max-snippet":"max-snippet:-1","max-image-preview":"max-image-preview:large","max-video-preview":"max-video-preview:-1"},"canonical":"https:\/\/www.laguiadepamplona.com\/actualidad\/la-casa-consistorial-se-ilumina-este-lunes-de-color-rojo-con-motivo-del-dia-internacional-de-las-cardiopatias-congenitas\/","og_locale":"es_ES","og_type":"article","og_title":"La Casa Consistorial se ilumina este lunes de color rojo con motivo del D\u00eda Internacional de las Cardiopat\u00edas Cong\u00e9nitas","og_url":"https:\/\/www.laguiadepamplona.com\/actualidad\/la-casa-consistorial-se-ilumina-este-lunes-de-color-rojo-con-motivo-del-dia-internacional-de-las-cardiopatias-congenitas\/","og_site_name":"La Gu\u00eda de Pamplona","article_publisher":"https:\/\/www.facebook.com\/laguiadepamplonacom-133175176762273\/?ref=hl","article_published_time":"2022-02-11T11:24:18+00:00","article_modified_time":"2023-04-11T09:48:32+00:00","og_image":[{"width":1529,"height":1019,"url":"https:\/\/www.laguiadepamplona.com\/actualidad\/wp-content\/uploads\/2021\/10\/ayuntamiento-rojo.jpg","type":"image\/jpeg"}],"author":"La Gu\u00eda de Pamplona","twitter_card":"summary_large_image","twitter_creator":"@LaGuiadPamplona","twitter_site":"@LaGuiadPamplona","twitter_misc":{"Escrito por":"La Gu\u00eda de Pamplona","Tiempo de lectura":"1 minuto"},"schema":{"@context":"https:\/\/schema.org","@graph":[{"@type":"Article","@id":"https:\/\/www.laguiadepamplona.com\/actualidad\/la-casa-consistorial-se-ilumina-este-lunes-de-color-rojo-con-motivo-del-dia-internacional-de-las-cardiopatias-congenitas\/#article","isPartOf":{"@id":"https:\/\/www.laguiadepamplona.com\/actualidad\/la-casa-consistorial-se-ilumina-este-lunes-de-color-rojo-con-motivo-del-dia-internacional-de-las-cardiopatias-congenitas\/"},"author":{"name":"La Gu\u00eda de Pamplona","@id":"https:\/\/www.laguiadepamplona.com\/actualidad\/#\/schema\/person\/efe887376f0213d4657c93adc50b1fdb"},"headline":"La Casa Consistorial se ilumina este lunes de color rojo con motivo del D\u00eda Internacional de las Cardiopat\u00edas Cong\u00e9nitas","datePublished":"2022-02-11T11:24:18+00:00","dateModified":"2023-04-11T09:48:32+00:00","mainEntityOfPage":{"@id":"https:\/\/www.laguiadepamplona.com\/actualidad\/la-casa-consistorial-se-ilumina-este-lunes-de-color-rojo-con-motivo-del-dia-internacional-de-las-cardiopatias-congenitas\/"},"wordCount":249,"commentCount":0,"publisher":{"@id":"https:\/\/www.laguiadepamplona.com\/actualidad\/#organization"},"image":{"@id":"https:\/\/www.laguiadepamplona.com\/actualidad\/la-casa-consistorial-se-ilumina-este-lunes-de-color-rojo-con-motivo-del-dia-internacional-de-las-cardiopatias-congenitas\/#primaryimage"},"thumbnailUrl":"https:\/\/www.laguiadepamplona.com\/actualidad\/wp-content\/uploads\/2021\/10\/ayuntamiento-rojo.jpg","articleSection":["Ayto Pamplona"],"inLanguage":"es","potentialAction":[{"@type":"CommentAction","name":"Comment","target":["https:\/\/www.laguiadepamplona.com\/actualidad\/la-casa-consistorial-se-ilumina-este-lunes-de-color-rojo-con-motivo-del-dia-internacional-de-las-cardiopatias-congenitas\/#respond"]}]},{"@type":"WebPage","@id":"https:\/\/www.laguiadepamplona.com\/actualidad\/la-casa-consistorial-se-ilumina-este-lunes-de-color-rojo-con-motivo-del-dia-internacional-de-las-cardiopatias-congenitas\/","url":"https:\/\/www.laguiadepamplona.com\/actualidad\/la-casa-consistorial-se-ilumina-este-lunes-de-color-rojo-con-motivo-del-dia-internacional-de-las-cardiopatias-congenitas\/","name":"La Casa Consistorial se ilumina este lunes de color rojo con motivo del D\u00eda Internacional de las Cardiopat\u00edas Cong\u00e9nitas","isPartOf":{"@id":"https:\/\/www.laguiadepamplona.com\/actualidad\/#website"},"primaryImageOfPage":{"@id":"https:\/\/www.laguiadepamplona.com\/actualidad\/la-casa-consistorial-se-ilumina-este-lunes-de-color-rojo-con-motivo-del-dia-internacional-de-las-cardiopatias-congenitas\/#primaryimage"},"image":{"@id":"https:\/\/www.laguiadepamplona.com\/actualidad\/la-casa-consistorial-se-ilumina-este-lunes-de-color-rojo-con-motivo-del-dia-internacional-de-las-cardiopatias-congenitas\/#primaryimage"},"thumbnailUrl":"https:\/\/www.laguiadepamplona.com\/actualidad\/wp-content\/uploads\/2021\/10\/ayuntamiento-rojo.jpg","datePublished":"2022-02-11T11:24:18+00:00","dateModified":"2023-04-11T09:48:32+00:00","breadcrumb":{"@id":"https:\/\/www.laguiadepamplona.com\/actualidad\/la-casa-consistorial-se-ilumina-este-lunes-de-color-rojo-con-motivo-del-dia-internacional-de-las-cardiopatias-congenitas\/#breadcrumb"},"inLanguage":"es","potentialAction":[{"@type":"ReadAction","target":["https:\/\/www.laguiadepamplona.com\/actualidad\/la-casa-consistorial-se-ilumina-este-lunes-de-color-rojo-con-motivo-del-dia-internacional-de-las-cardiopatias-congenitas\/"]}]},{"@type":"ImageObject","inLanguage":"es","@id":"https:\/\/www.laguiadepamplona.com\/actualidad\/la-casa-consistorial-se-ilumina-este-lunes-de-color-rojo-con-motivo-del-dia-internacional-de-las-cardiopatias-congenitas\/#primaryimage","url":"https:\/\/www.laguiadepamplona.com\/actualidad\/wp-content\/uploads\/2021\/10\/ayuntamiento-rojo.jpg","contentUrl":"https:\/\/www.laguiadepamplona.com\/actualidad\/wp-content\/uploads\/2021\/10\/ayuntamiento-rojo.jpg","width":1529,"height":1019,"caption":"ayuntamiento rojo"},{"@type":"BreadcrumbList","@id":"https:\/\/www.laguiadepamplona.com\/actualidad\/la-casa-consistorial-se-ilumina-este-lunes-de-color-rojo-con-motivo-del-dia-internacional-de-las-cardiopatias-congenitas\/#breadcrumb","itemListElement":[{"@type":"ListItem","position":1,"name":"Portada","item":"https:\/\/www.laguiadepamplona.com\/actualidad\/"},{"@type":"ListItem","position":2,"name":"La Casa Consistorial se ilumina este lunes de color rojo con motivo del D\u00eda Internacional de las Cardiopat\u00edas Cong\u00e9nitas"}]},{"@type":"WebSite","@id":"https:\/\/www.laguiadepamplona.com\/actualidad\/#website","url":"https:\/\/www.laguiadepamplona.com\/actualidad\/","name":"La gu\u00eda de Pamplona","description":"Noticias de Pamplona","publisher":{"@id":"https:\/\/www.laguiadepamplona.com\/actualidad\/#organization"},"potentialAction":[{"@type":"SearchAction","target":{"@type":"EntryPoint","urlTemplate":"https:\/\/www.laguiadepamplona.com\/actualidad\/?s={search_term_string}"},"query-input":{"@type":"PropertyValueSpecification","valueRequired":true,"valueName":"search_term_string"}}],"inLanguage":"es"},{"@type":"Organization","@id":"https:\/\/www.laguiadepamplona.com\/actualidad\/#organization","name":"La Gu\u00eda de Pamplona \/ Noticias","url":"https:\/\/www.laguiadepamplona.com\/actualidad\/","logo":{"@type":"ImageObject","inLanguage":"es","@id":"https:\/\/www.laguiadepamplona.com\/actualidad\/#\/schema\/logo\/image\/","url":"https:\/\/www.laguiadepamplona.com\/actualidad\/wp-content\/uploads\/2018\/11\/logo-laguiadepamplona18-web1.png","contentUrl":"https:\/\/www.laguiadepamplona.com\/actualidad\/wp-content\/uploads\/2018\/11\/logo-laguiadepamplona18-web1.png","width":600,"height":196,"caption":"La Gu\u00eda de Pamplona \/ Noticias"},"image":{"@id":"https:\/\/www.laguiadepamplona.com\/actualidad\/#\/schema\/logo\/image\/"},"sameAs":["https:\/\/www.facebook.com\/laguiadepamplonacom-133175176762273\/?ref=hl","https:\/\/x.com\/LaGuiadPamplona","https:\/\/www.instagram.com\/la_guia_de_pamplona\/","https:\/\/www.youtube.com\/user\/laguiadepamplona"]},{"@type":"Person","@id":"https:\/\/www.laguiadepamplona.com\/actualidad\/#\/schema\/person\/efe887376f0213d4657c93adc50b1fdb","name":"La Gu\u00eda de Pamplona","image":{"@type":"ImageObject","inLanguage":"es","@id":"https:\/\/secure.gravatar.com\/avatar\/b6992f131dc8d30ab0dff15446e9d346d9dbd95992de0fef795073f5ea83a81c?s=96&d=mm&r=g","url":"https:\/\/secure.gravatar.com\/avatar\/b6992f131dc8d30ab0dff15446e9d346d9dbd95992de0fef795073f5ea83a81c?s=96&d=mm&r=g","contentUrl":"https:\/\/secure.gravatar.com\/avatar\/b6992f131dc8d30ab0dff15446e9d346d9dbd95992de0fef795073f5ea83a81c?s=96&d=mm&r=g","caption":"La Gu\u00eda de Pamplona"}}]}},"post_mailing_queue_ids":[],"_links":{"self":[{"href":"https:\/\/www.laguiadepamplona.com\/actualidad\/wp-json\/wp\/v2\/posts\/38731","targetHints":{"allow":["GET"]}}],"collection":[{"href":"https:\/\/www.laguiadepamplona.com\/actualidad\/wp-json\/wp\/v2\/posts"}],"about":[{"href":"https:\/\/www.laguiadepamplona.com\/actualidad\/wp-json\/wp\/v2\/types\/post"}],"author":[{"embeddable":true,"href":"https:\/\/www.laguiadepamplona.com\/actualidad\/wp-json\/wp\/v2\/users\/1"}],"replies":[{"embeddable":true,"href":"https:\/\/www.laguiadepamplona.com\/actualidad\/wp-json\/wp\/v2\/comments?post=38731"}],"version-history":[{"count":0,"href":"https:\/\/www.laguiadepamplona.com\/actualidad\/wp-json\/wp\/v2\/posts\/38731\/revisions"}],"wp:featuredmedia":[{"embeddable":true,"href":"https:\/\/www.laguiadepamplona.com\/actualidad\/wp-json\/wp\/v2\/media\/36967"}],"wp:attachment":[{"href":"https:\/\/www.laguiadepamplona.com\/actualidad\/wp-json\/wp\/v2\/media?parent=38731"}],"wp:term":[{"taxonomy":"category","embeddable":true,"href":"https:\/\/www.laguiadepamplona.com\/actualidad\/wp-json\/wp\/v2\/categories?post=38731"},{"taxonomy":"post_tag","embeddable":true,"href":"https:\/\/www.laguiadepamplona.com\/actualidad\/wp-json\/wp\/v2\/tags?post=38731"}],"curies":[{"name":"wp","href":"https:\/\/api.w.org\/{rel}","templated":true}]}}