{"id":38728,"date":"2022-02-11T13:20:41","date_gmt":"2022-02-11T11:20:41","guid":{"rendered":"https:\/\/www.laguiadepamplona.com\/actualidad\/?p=38728"},"modified":"2023-04-11T11:48:32","modified_gmt":"2023-04-11T09:48:32","slug":"el-ayuntamiento-convoca-una-oposicion-para-cubrir-una-jefatura-de-servicio-de-jardines","status":"publish","type":"post","link":"https:\/\/www.laguiadepamplona.com\/actualidad\/el-ayuntamiento-convoca-una-oposicion-para-cubrir-una-jefatura-de-servicio-de-jardines\/","title":{"rendered":"El Ayuntamiento convoca una oposici\u00f3n para cubrir una jefatura de Servicio de Jardines"},"content":{"rendered":"<h5>La oposici\u00f3n comenzar\u00e1 a partir del mes de mayo y se desarrollar\u00e1 en tres pruebas eliminatorias<\/h5>\n<p><!--more--><\/p>\n<p>La Junta de Gobierno Local ha aprobado la convocatoria de unas pruebas selectivas para cubrir una plaza para el puesto de Jefatura del Servicio de Jardines, de nivel A. La oposici\u00f3n, para la que se exige una licenciatura o grado universitario, ingenier\u00eda o arquitectura, dar\u00e1 comienzo a partir del mes de mayo.<br \/>\n<script async src=\"\/\/pagead2.googlesyndication.com\/pagead\/js\/adsbygoogle.js\"><\/script><br \/>\n<!-- Noticias La Guia de Pamplona --><br \/>\n<ins class=\"adsbygoogle\"\nstyle=\"display:block\"\ndata-ad-client=\"ca-pub-6943679897239327\"\ndata-ad-slot=\"7048180777\"\ndata-ad-format=\"auto\"><\/ins><br \/>\n<script>\n(adsbygoogle = window.adsbygoogle || []).push({});\n<\/script><\/p>\n<p>La plaza convocada est\u00e1 adscrita al \u00c1rea de Proyectos Estrat\u00e9gicos, Movilidad y Sostenibilidad \u2013 Conservaci\u00f3n Urbana del Ayuntamiento de Pamplona. El plazo de inscripci\u00f3n en las pruebas echar\u00e1 a andar al d\u00eda siguiente de la publicaci\u00f3n de la convocatoria en el Bolet\u00edn Oficial de Navarra, y se prolongar\u00e1 durante treinta d\u00edas naturales.<\/p>\n<p>Una vez abierto el plazo, la formalizaci\u00f3n de la solicitud se deber\u00e1 realizar de forma telem\u00e1tica, a trav\u00e9s de Internet, en la direcci\u00f3n <a href=\"http:\/\/www.pamplona.es\" target=\"_blank\" rel=\"noopener\">www.pamplona.es<\/a>, siguiendo la siguiente ruta de navegaci\u00f3n: \u201cTr\u00e1mites y licitaciones\u201d, \u201cOfertas de Trabajo\u00bb, \u201cEmpleo p\u00fablico\u201d, \u201cConvocatorias de empleo p\u00fablico\u201d, en la rese\u00f1a correspondiente a la presente convocatoria. Las personas interesadas deber\u00e1n abonar una tasa en concepto de derechos de examen y formalizaci\u00f3n de expediente de 25 euros.<br \/>\n<script async src=\"\/\/pagead2.googlesyndication.com\/pagead\/js\/adsbygoogle.js\"><\/script><br \/>\n<!-- Noticias La Guia de Pamplona --><br \/>\n<ins class=\"adsbygoogle\"\nstyle=\"display:block\"\ndata-ad-client=\"ca-pub-6943679897239327\"\ndata-ad-slot=\"7048180777\"\ndata-ad-format=\"auto\"><\/ins><br \/>\n<script>\n(adsbygoogle = window.adsbygoogle || []).push({});\n<\/script><\/p>\n<p><strong>Tres ejercicios eliminatorios<\/strong><\/p>\n<p>La oposici\u00f3n constar\u00e1 de tres pruebas, que versar\u00e1n sobre un temario de 55 temas. La primera de ellas ser\u00e1 un ejercicio de car\u00e1cter te\u00f3rico, que consistir\u00e1 en contestar por escrito, durante un tiempo m\u00e1ximo de 120 minutos, a un cuestionario de un m\u00e1ximo de 100 preguntas tipo. El ejercicio, que ser\u00e1 eliminatorio, se valorar\u00e1 sobre 20 puntos. En la segunda prueba, tambi\u00e9n de car\u00e1cter te\u00f3rico, las personas aspirantes deber\u00e1n contestar por escrito a un m\u00e1ximo de 25 preguntas de respuesta breve, sobre las materias contenidas en el temario. Al igual que la primera, tendr\u00e1 car\u00e1cter eliminatorio y se valorar\u00e1 sobre 20 puntos.<\/p>\n<p>Entre las personas que hayan superado esta segunda prueba, ser\u00e1n convocadas a la tercera las 20 mejores calificaciones. Ser\u00e1 de car\u00e1cter te\u00f3rico-pr\u00e1ctico, consistir\u00e1 en desarrollar y resolver por escrito, durante un tiempo m\u00e1ximo de 4 horas, las cuestiones y supuestos que proponga el tribunal relacionados con la materia incluida en el temario. Las personas candidatas deber\u00e1n exponer y defender oralmente su ejercicio en sesi\u00f3n p\u00fablica ante el tribunal. La puntuaci\u00f3n m\u00e1xima de esta tercera prueba ser\u00e1 de 60 puntos. De esos 60 puntos, 50 corresponder\u00e1n a la parte escrita y 10 a la exposici\u00f3n oral. Superar\u00e1n la prueba aquellas personas que obtengan al menos el 50% del valor de la prueba.<br \/>\n<script async src=\"\/\/pagead2.googlesyndication.com\/pagead\/js\/adsbygoogle.js\"><\/script><br \/>\n<!-- Noticias La Guia de Pamplona --><br \/>\n<ins class=\"adsbygoogle\"\nstyle=\"display:block\"\ndata-ad-client=\"ca-pub-6943679897239327\"\ndata-ad-slot=\"7048180777\"\ndata-ad-format=\"auto\"><\/ins><br \/>\n<script>\n(adsbygoogle = window.adsbygoogle || []).push({});\n<\/script><\/p>\n<p>Una vez realizado el nombramiento, el Ayuntamiento elaborar\u00e1 sendas listas de aspirantes a la contrataci\u00f3n temporal con las personas aprobadas sin plaza, en primer lugar; las que hayan superado alguna de las pruebas del proceso selectivo; y con quienes hayan obtenido, al menos, un 30% de la puntuaci\u00f3n m\u00e1xima establecida para la primera prueba.<\/p>\n","protected":false},"excerpt":{"rendered":"<p>La oposici\u00f3n comenzar\u00e1 a partir del mes de mayo y se desarrollar\u00e1 en tres pruebas eliminatorias<\/p>\n","protected":false},"author":1,"featured_media":38729,"comment_status":"open","ping_status":"closed","sticky":false,"template":"","format":"standard","meta":{"footnotes":""},"categories":[2],"tags":[],"class_list":["post-38728","post","type-post","status-publish","format-standard","has-post-thumbnail","hentry","category-ayuntamiento-pamplona"],"yoast_head":"<!-- This site is optimized with the Yoast SEO plugin v27.3 - https:\/\/yoast.com\/product\/yoast-seo-wordpress\/ -->\n<title>El Ayuntamiento convoca una oposici\u00f3n para cubrir una jefatura de Servicio de Jardines<\/title>\n<meta name=\"description\" content=\"La oposici\u00f3n comenzar\u00e1 a partir del mes de mayo y se desarrollar\u00e1 en tres pruebas eliminatorias\" \/>\n<meta name=\"robots\" content=\"index, follow, max-snippet:-1, max-image-preview:large, max-video-preview:-1\" \/>\n<link rel=\"canonical\" href=\"https:\/\/www.laguiadepamplona.com\/actualidad\/el-ayuntamiento-convoca-una-oposicion-para-cubrir-una-jefatura-de-servicio-de-jardines\/\" \/>\n<meta property=\"og:locale\" content=\"es_ES\" \/>\n<meta property=\"og:type\" content=\"article\" \/>\n<meta property=\"og:title\" content=\"El Ayuntamiento convoca una oposici\u00f3n para cubrir una jefatura de Servicio de Jardines\" \/>\n<meta property=\"og:description\" content=\"La oposici\u00f3n comenzar\u00e1 a partir del mes de mayo y se desarrollar\u00e1 en tres pruebas eliminatorias\" \/>\n<meta property=\"og:url\" content=\"https:\/\/www.laguiadepamplona.com\/actualidad\/el-ayuntamiento-convoca-una-oposicion-para-cubrir-una-jefatura-de-servicio-de-jardines\/\" \/>\n<meta property=\"og:site_name\" content=\"La Gu\u00eda de Pamplona\" \/>\n<meta property=\"article:publisher\" content=\"https:\/\/www.facebook.com\/laguiadepamplonacom-133175176762273\/?ref=hl\" \/>\n<meta property=\"article:published_time\" content=\"2022-02-11T11:20:41+00:00\" \/>\n<meta property=\"article:modified_time\" content=\"2023-04-11T09:48:32+00:00\" \/>\n<meta property=\"og:image\" content=\"https:\/\/www.laguiadepamplona.com\/actualidad\/wp-content\/uploads\/2022\/02\/Pamplona_Jardines-de-La-Tac.jpg\" \/>\n\t<meta property=\"og:image:width\" content=\"1476\" \/>\n\t<meta property=\"og:image:height\" content=\"744\" \/>\n\t<meta property=\"og:image:type\" content=\"image\/jpeg\" \/>\n<meta name=\"author\" content=\"La Gu\u00eda de Pamplona\" \/>\n<meta name=\"twitter:card\" content=\"summary_large_image\" \/>\n<meta name=\"twitter:creator\" content=\"@LaGuiadPamplona\" \/>\n<meta name=\"twitter:site\" content=\"@LaGuiadPamplona\" \/>\n<meta name=\"twitter:label1\" content=\"Escrito por\" \/>\n\t<meta name=\"twitter:data1\" content=\"La Gu\u00eda de Pamplona\" \/>\n\t<meta name=\"twitter:label2\" content=\"Tiempo de lectura\" \/>\n\t<meta name=\"twitter:data2\" content=\"3 minutos\" \/>\n<script type=\"application\/ld+json\" class=\"yoast-schema-graph\">{\"@context\":\"https:\\\/\\\/schema.org\",\"@graph\":[{\"@type\":\"Article\",\"@id\":\"https:\\\/\\\/www.laguiadepamplona.com\\\/actualidad\\\/el-ayuntamiento-convoca-una-oposicion-para-cubrir-una-jefatura-de-servicio-de-jardines\\\/#article\",\"isPartOf\":{\"@id\":\"https:\\\/\\\/www.laguiadepamplona.com\\\/actualidad\\\/el-ayuntamiento-convoca-una-oposicion-para-cubrir-una-jefatura-de-servicio-de-jardines\\\/\"},\"author\":{\"name\":\"La Gu\u00eda de Pamplona\",\"@id\":\"https:\\\/\\\/www.laguiadepamplona.com\\\/actualidad\\\/#\\\/schema\\\/person\\\/efe887376f0213d4657c93adc50b1fdb\"},\"headline\":\"El Ayuntamiento convoca una oposici\u00f3n para cubrir una jefatura de Servicio de Jardines\",\"datePublished\":\"2022-02-11T11:20:41+00:00\",\"dateModified\":\"2023-04-11T09:48:32+00:00\",\"mainEntityOfPage\":{\"@id\":\"https:\\\/\\\/www.laguiadepamplona.com\\\/actualidad\\\/el-ayuntamiento-convoca-una-oposicion-para-cubrir-una-jefatura-de-servicio-de-jardines\\\/\"},\"wordCount\":509,\"commentCount\":0,\"publisher\":{\"@id\":\"https:\\\/\\\/www.laguiadepamplona.com\\\/actualidad\\\/#organization\"},\"image\":{\"@id\":\"https:\\\/\\\/www.laguiadepamplona.com\\\/actualidad\\\/el-ayuntamiento-convoca-una-oposicion-para-cubrir-una-jefatura-de-servicio-de-jardines\\\/#primaryimage\"},\"thumbnailUrl\":\"https:\\\/\\\/www.laguiadepamplona.com\\\/actualidad\\\/wp-content\\\/uploads\\\/2022\\\/02\\\/Pamplona_Jardines-de-La-Tac.jpg\",\"articleSection\":[\"Ayto Pamplona\"],\"inLanguage\":\"es\",\"potentialAction\":[{\"@type\":\"CommentAction\",\"name\":\"Comment\",\"target\":[\"https:\\\/\\\/www.laguiadepamplona.com\\\/actualidad\\\/el-ayuntamiento-convoca-una-oposicion-para-cubrir-una-jefatura-de-servicio-de-jardines\\\/#respond\"]}]},{\"@type\":\"WebPage\",\"@id\":\"https:\\\/\\\/www.laguiadepamplona.com\\\/actualidad\\\/el-ayuntamiento-convoca-una-oposicion-para-cubrir-una-jefatura-de-servicio-de-jardines\\\/\",\"url\":\"https:\\\/\\\/www.laguiadepamplona.com\\\/actualidad\\\/el-ayuntamiento-convoca-una-oposicion-para-cubrir-una-jefatura-de-servicio-de-jardines\\\/\",\"name\":\"El Ayuntamiento convoca una oposici\u00f3n para cubrir una jefatura de Servicio de Jardines\",\"isPartOf\":{\"@id\":\"https:\\\/\\\/www.laguiadepamplona.com\\\/actualidad\\\/#website\"},\"primaryImageOfPage\":{\"@id\":\"https:\\\/\\\/www.laguiadepamplona.com\\\/actualidad\\\/el-ayuntamiento-convoca-una-oposicion-para-cubrir-una-jefatura-de-servicio-de-jardines\\\/#primaryimage\"},\"image\":{\"@id\":\"https:\\\/\\\/www.laguiadepamplona.com\\\/actualidad\\\/el-ayuntamiento-convoca-una-oposicion-para-cubrir-una-jefatura-de-servicio-de-jardines\\\/#primaryimage\"},\"thumbnailUrl\":\"https:\\\/\\\/www.laguiadepamplona.com\\\/actualidad\\\/wp-content\\\/uploads\\\/2022\\\/02\\\/Pamplona_Jardines-de-La-Tac.jpg\",\"datePublished\":\"2022-02-11T11:20:41+00:00\",\"dateModified\":\"2023-04-11T09:48:32+00:00\",\"description\":\"La oposici\u00f3n comenzar\u00e1 a partir del mes de mayo y se desarrollar\u00e1 en tres pruebas eliminatorias\",\"breadcrumb\":{\"@id\":\"https:\\\/\\\/www.laguiadepamplona.com\\\/actualidad\\\/el-ayuntamiento-convoca-una-oposicion-para-cubrir-una-jefatura-de-servicio-de-jardines\\\/#breadcrumb\"},\"inLanguage\":\"es\",\"potentialAction\":[{\"@type\":\"ReadAction\",\"target\":[\"https:\\\/\\\/www.laguiadepamplona.com\\\/actualidad\\\/el-ayuntamiento-convoca-una-oposicion-para-cubrir-una-jefatura-de-servicio-de-jardines\\\/\"]}]},{\"@type\":\"ImageObject\",\"inLanguage\":\"es\",\"@id\":\"https:\\\/\\\/www.laguiadepamplona.com\\\/actualidad\\\/el-ayuntamiento-convoca-una-oposicion-para-cubrir-una-jefatura-de-servicio-de-jardines\\\/#primaryimage\",\"url\":\"https:\\\/\\\/www.laguiadepamplona.com\\\/actualidad\\\/wp-content\\\/uploads\\\/2022\\\/02\\\/Pamplona_Jardines-de-La-Tac.jpg\",\"contentUrl\":\"https:\\\/\\\/www.laguiadepamplona.com\\\/actualidad\\\/wp-content\\\/uploads\\\/2022\\\/02\\\/Pamplona_Jardines-de-La-Tac.jpg\",\"width\":1476,\"height\":744},{\"@type\":\"BreadcrumbList\",\"@id\":\"https:\\\/\\\/www.laguiadepamplona.com\\\/actualidad\\\/el-ayuntamiento-convoca-una-oposicion-para-cubrir-una-jefatura-de-servicio-de-jardines\\\/#breadcrumb\",\"itemListElement\":[{\"@type\":\"ListItem\",\"position\":1,\"name\":\"Portada\",\"item\":\"https:\\\/\\\/www.laguiadepamplona.com\\\/actualidad\\\/\"},{\"@type\":\"ListItem\",\"position\":2,\"name\":\"El Ayuntamiento convoca una oposici\u00f3n para cubrir una jefatura de Servicio de Jardines\"}]},{\"@type\":\"WebSite\",\"@id\":\"https:\\\/\\\/www.laguiadepamplona.com\\\/actualidad\\\/#website\",\"url\":\"https:\\\/\\\/www.laguiadepamplona.com\\\/actualidad\\\/\",\"name\":\"La gu\u00eda de Pamplona\",\"description\":\"Noticias de Pamplona\",\"publisher\":{\"@id\":\"https:\\\/\\\/www.laguiadepamplona.com\\\/actualidad\\\/#organization\"},\"potentialAction\":[{\"@type\":\"SearchAction\",\"target\":{\"@type\":\"EntryPoint\",\"urlTemplate\":\"https:\\\/\\\/www.laguiadepamplona.com\\\/actualidad\\\/?s={search_term_string}\"},\"query-input\":{\"@type\":\"PropertyValueSpecification\",\"valueRequired\":true,\"valueName\":\"search_term_string\"}}],\"inLanguage\":\"es\"},{\"@type\":\"Organization\",\"@id\":\"https:\\\/\\\/www.laguiadepamplona.com\\\/actualidad\\\/#organization\",\"name\":\"La Gu\u00eda de Pamplona \\\/ Noticias\",\"url\":\"https:\\\/\\\/www.laguiadepamplona.com\\\/actualidad\\\/\",\"logo\":{\"@type\":\"ImageObject\",\"inLanguage\":\"es\",\"@id\":\"https:\\\/\\\/www.laguiadepamplona.com\\\/actualidad\\\/#\\\/schema\\\/logo\\\/image\\\/\",\"url\":\"https:\\\/\\\/www.laguiadepamplona.com\\\/actualidad\\\/wp-content\\\/uploads\\\/2018\\\/11\\\/logo-laguiadepamplona18-web1.png\",\"contentUrl\":\"https:\\\/\\\/www.laguiadepamplona.com\\\/actualidad\\\/wp-content\\\/uploads\\\/2018\\\/11\\\/logo-laguiadepamplona18-web1.png\",\"width\":600,\"height\":196,\"caption\":\"La Gu\u00eda de Pamplona \\\/ Noticias\"},\"image\":{\"@id\":\"https:\\\/\\\/www.laguiadepamplona.com\\\/actualidad\\\/#\\\/schema\\\/logo\\\/image\\\/\"},\"sameAs\":[\"https:\\\/\\\/www.facebook.com\\\/laguiadepamplonacom-133175176762273\\\/?ref=hl\",\"https:\\\/\\\/x.com\\\/LaGuiadPamplona\",\"https:\\\/\\\/www.instagram.com\\\/la_guia_de_pamplona\\\/\",\"https:\\\/\\\/www.youtube.com\\\/user\\\/laguiadepamplona\"]},{\"@type\":\"Person\",\"@id\":\"https:\\\/\\\/www.laguiadepamplona.com\\\/actualidad\\\/#\\\/schema\\\/person\\\/efe887376f0213d4657c93adc50b1fdb\",\"name\":\"La Gu\u00eda de Pamplona\",\"image\":{\"@type\":\"ImageObject\",\"inLanguage\":\"es\",\"@id\":\"https:\\\/\\\/secure.gravatar.com\\\/avatar\\\/b6992f131dc8d30ab0dff15446e9d346d9dbd95992de0fef795073f5ea83a81c?s=96&d=mm&r=g\",\"url\":\"https:\\\/\\\/secure.gravatar.com\\\/avatar\\\/b6992f131dc8d30ab0dff15446e9d346d9dbd95992de0fef795073f5ea83a81c?s=96&d=mm&r=g\",\"contentUrl\":\"https:\\\/\\\/secure.gravatar.com\\\/avatar\\\/b6992f131dc8d30ab0dff15446e9d346d9dbd95992de0fef795073f5ea83a81c?s=96&d=mm&r=g\",\"caption\":\"La Gu\u00eda de Pamplona\"}}]}<\/script>\n<!-- \/ Yoast SEO plugin. -->","yoast_head_json":{"title":"El Ayuntamiento convoca una oposici\u00f3n para cubrir una jefatura de Servicio de Jardines","description":"La oposici\u00f3n comenzar\u00e1 a partir del mes de mayo y se desarrollar\u00e1 en tres pruebas eliminatorias","robots":{"index":"index","follow":"follow","max-snippet":"max-snippet:-1","max-image-preview":"max-image-preview:large","max-video-preview":"max-video-preview:-1"},"canonical":"https:\/\/www.laguiadepamplona.com\/actualidad\/el-ayuntamiento-convoca-una-oposicion-para-cubrir-una-jefatura-de-servicio-de-jardines\/","og_locale":"es_ES","og_type":"article","og_title":"El Ayuntamiento convoca una oposici\u00f3n para cubrir una jefatura de Servicio de Jardines","og_description":"La oposici\u00f3n comenzar\u00e1 a partir del mes de mayo y se desarrollar\u00e1 en tres pruebas eliminatorias","og_url":"https:\/\/www.laguiadepamplona.com\/actualidad\/el-ayuntamiento-convoca-una-oposicion-para-cubrir-una-jefatura-de-servicio-de-jardines\/","og_site_name":"La Gu\u00eda de Pamplona","article_publisher":"https:\/\/www.facebook.com\/laguiadepamplonacom-133175176762273\/?ref=hl","article_published_time":"2022-02-11T11:20:41+00:00","article_modified_time":"2023-04-11T09:48:32+00:00","og_image":[{"width":1476,"height":744,"url":"https:\/\/www.laguiadepamplona.com\/actualidad\/wp-content\/uploads\/2022\/02\/Pamplona_Jardines-de-La-Tac.jpg","type":"image\/jpeg"}],"author":"La Gu\u00eda de Pamplona","twitter_card":"summary_large_image","twitter_creator":"@LaGuiadPamplona","twitter_site":"@LaGuiadPamplona","twitter_misc":{"Escrito por":"La Gu\u00eda de Pamplona","Tiempo de lectura":"3 minutos"},"schema":{"@context":"https:\/\/schema.org","@graph":[{"@type":"Article","@id":"https:\/\/www.laguiadepamplona.com\/actualidad\/el-ayuntamiento-convoca-una-oposicion-para-cubrir-una-jefatura-de-servicio-de-jardines\/#article","isPartOf":{"@id":"https:\/\/www.laguiadepamplona.com\/actualidad\/el-ayuntamiento-convoca-una-oposicion-para-cubrir-una-jefatura-de-servicio-de-jardines\/"},"author":{"name":"La Gu\u00eda de Pamplona","@id":"https:\/\/www.laguiadepamplona.com\/actualidad\/#\/schema\/person\/efe887376f0213d4657c93adc50b1fdb"},"headline":"El Ayuntamiento convoca una oposici\u00f3n para cubrir una jefatura de Servicio de Jardines","datePublished":"2022-02-11T11:20:41+00:00","dateModified":"2023-04-11T09:48:32+00:00","mainEntityOfPage":{"@id":"https:\/\/www.laguiadepamplona.com\/actualidad\/el-ayuntamiento-convoca-una-oposicion-para-cubrir-una-jefatura-de-servicio-de-jardines\/"},"wordCount":509,"commentCount":0,"publisher":{"@id":"https:\/\/www.laguiadepamplona.com\/actualidad\/#organization"},"image":{"@id":"https:\/\/www.laguiadepamplona.com\/actualidad\/el-ayuntamiento-convoca-una-oposicion-para-cubrir-una-jefatura-de-servicio-de-jardines\/#primaryimage"},"thumbnailUrl":"https:\/\/www.laguiadepamplona.com\/actualidad\/wp-content\/uploads\/2022\/02\/Pamplona_Jardines-de-La-Tac.jpg","articleSection":["Ayto Pamplona"],"inLanguage":"es","potentialAction":[{"@type":"CommentAction","name":"Comment","target":["https:\/\/www.laguiadepamplona.com\/actualidad\/el-ayuntamiento-convoca-una-oposicion-para-cubrir-una-jefatura-de-servicio-de-jardines\/#respond"]}]},{"@type":"WebPage","@id":"https:\/\/www.laguiadepamplona.com\/actualidad\/el-ayuntamiento-convoca-una-oposicion-para-cubrir-una-jefatura-de-servicio-de-jardines\/","url":"https:\/\/www.laguiadepamplona.com\/actualidad\/el-ayuntamiento-convoca-una-oposicion-para-cubrir-una-jefatura-de-servicio-de-jardines\/","name":"El Ayuntamiento convoca una oposici\u00f3n para cubrir una jefatura de Servicio de Jardines","isPartOf":{"@id":"https:\/\/www.laguiadepamplona.com\/actualidad\/#website"},"primaryImageOfPage":{"@id":"https:\/\/www.laguiadepamplona.com\/actualidad\/el-ayuntamiento-convoca-una-oposicion-para-cubrir-una-jefatura-de-servicio-de-jardines\/#primaryimage"},"image":{"@id":"https:\/\/www.laguiadepamplona.com\/actualidad\/el-ayuntamiento-convoca-una-oposicion-para-cubrir-una-jefatura-de-servicio-de-jardines\/#primaryimage"},"thumbnailUrl":"https:\/\/www.laguiadepamplona.com\/actualidad\/wp-content\/uploads\/2022\/02\/Pamplona_Jardines-de-La-Tac.jpg","datePublished":"2022-02-11T11:20:41+00:00","dateModified":"2023-04-11T09:48:32+00:00","description":"La oposici\u00f3n comenzar\u00e1 a partir del mes de mayo y se desarrollar\u00e1 en tres pruebas eliminatorias","breadcrumb":{"@id":"https:\/\/www.laguiadepamplona.com\/actualidad\/el-ayuntamiento-convoca-una-oposicion-para-cubrir-una-jefatura-de-servicio-de-jardines\/#breadcrumb"},"inLanguage":"es","potentialAction":[{"@type":"ReadAction","target":["https:\/\/www.laguiadepamplona.com\/actualidad\/el-ayuntamiento-convoca-una-oposicion-para-cubrir-una-jefatura-de-servicio-de-jardines\/"]}]},{"@type":"ImageObject","inLanguage":"es","@id":"https:\/\/www.laguiadepamplona.com\/actualidad\/el-ayuntamiento-convoca-una-oposicion-para-cubrir-una-jefatura-de-servicio-de-jardines\/#primaryimage","url":"https:\/\/www.laguiadepamplona.com\/actualidad\/wp-content\/uploads\/2022\/02\/Pamplona_Jardines-de-La-Tac.jpg","contentUrl":"https:\/\/www.laguiadepamplona.com\/actualidad\/wp-content\/uploads\/2022\/02\/Pamplona_Jardines-de-La-Tac.jpg","width":1476,"height":744},{"@type":"BreadcrumbList","@id":"https:\/\/www.laguiadepamplona.com\/actualidad\/el-ayuntamiento-convoca-una-oposicion-para-cubrir-una-jefatura-de-servicio-de-jardines\/#breadcrumb","itemListElement":[{"@type":"ListItem","position":1,"name":"Portada","item":"https:\/\/www.laguiadepamplona.com\/actualidad\/"},{"@type":"ListItem","position":2,"name":"El Ayuntamiento convoca una oposici\u00f3n para cubrir una jefatura de Servicio de Jardines"}]},{"@type":"WebSite","@id":"https:\/\/www.laguiadepamplona.com\/actualidad\/#website","url":"https:\/\/www.laguiadepamplona.com\/actualidad\/","name":"La gu\u00eda de Pamplona","description":"Noticias de Pamplona","publisher":{"@id":"https:\/\/www.laguiadepamplona.com\/actualidad\/#organization"},"potentialAction":[{"@type":"SearchAction","target":{"@type":"EntryPoint","urlTemplate":"https:\/\/www.laguiadepamplona.com\/actualidad\/?s={search_term_string}"},"query-input":{"@type":"PropertyValueSpecification","valueRequired":true,"valueName":"search_term_string"}}],"inLanguage":"es"},{"@type":"Organization","@id":"https:\/\/www.laguiadepamplona.com\/actualidad\/#organization","name":"La Gu\u00eda de Pamplona \/ Noticias","url":"https:\/\/www.laguiadepamplona.com\/actualidad\/","logo":{"@type":"ImageObject","inLanguage":"es","@id":"https:\/\/www.laguiadepamplona.com\/actualidad\/#\/schema\/logo\/image\/","url":"https:\/\/www.laguiadepamplona.com\/actualidad\/wp-content\/uploads\/2018\/11\/logo-laguiadepamplona18-web1.png","contentUrl":"https:\/\/www.laguiadepamplona.com\/actualidad\/wp-content\/uploads\/2018\/11\/logo-laguiadepamplona18-web1.png","width":600,"height":196,"caption":"La Gu\u00eda de Pamplona \/ Noticias"},"image":{"@id":"https:\/\/www.laguiadepamplona.com\/actualidad\/#\/schema\/logo\/image\/"},"sameAs":["https:\/\/www.facebook.com\/laguiadepamplonacom-133175176762273\/?ref=hl","https:\/\/x.com\/LaGuiadPamplona","https:\/\/www.instagram.com\/la_guia_de_pamplona\/","https:\/\/www.youtube.com\/user\/laguiadepamplona"]},{"@type":"Person","@id":"https:\/\/www.laguiadepamplona.com\/actualidad\/#\/schema\/person\/efe887376f0213d4657c93adc50b1fdb","name":"La Gu\u00eda de Pamplona","image":{"@type":"ImageObject","inLanguage":"es","@id":"https:\/\/secure.gravatar.com\/avatar\/b6992f131dc8d30ab0dff15446e9d346d9dbd95992de0fef795073f5ea83a81c?s=96&d=mm&r=g","url":"https:\/\/secure.gravatar.com\/avatar\/b6992f131dc8d30ab0dff15446e9d346d9dbd95992de0fef795073f5ea83a81c?s=96&d=mm&r=g","contentUrl":"https:\/\/secure.gravatar.com\/avatar\/b6992f131dc8d30ab0dff15446e9d346d9dbd95992de0fef795073f5ea83a81c?s=96&d=mm&r=g","caption":"La Gu\u00eda de Pamplona"}}]}},"post_mailing_queue_ids":[],"_links":{"self":[{"href":"https:\/\/www.laguiadepamplona.com\/actualidad\/wp-json\/wp\/v2\/posts\/38728","targetHints":{"allow":["GET"]}}],"collection":[{"href":"https:\/\/www.laguiadepamplona.com\/actualidad\/wp-json\/wp\/v2\/posts"}],"about":[{"href":"https:\/\/www.laguiadepamplona.com\/actualidad\/wp-json\/wp\/v2\/types\/post"}],"author":[{"embeddable":true,"href":"https:\/\/www.laguiadepamplona.com\/actualidad\/wp-json\/wp\/v2\/users\/1"}],"replies":[{"embeddable":true,"href":"https:\/\/www.laguiadepamplona.com\/actualidad\/wp-json\/wp\/v2\/comments?post=38728"}],"version-history":[{"count":0,"href":"https:\/\/www.laguiadepamplona.com\/actualidad\/wp-json\/wp\/v2\/posts\/38728\/revisions"}],"wp:featuredmedia":[{"embeddable":true,"href":"https:\/\/www.laguiadepamplona.com\/actualidad\/wp-json\/wp\/v2\/media\/38729"}],"wp:attachment":[{"href":"https:\/\/www.laguiadepamplona.com\/actualidad\/wp-json\/wp\/v2\/media?parent=38728"}],"wp:term":[{"taxonomy":"category","embeddable":true,"href":"https:\/\/www.laguiadepamplona.com\/actualidad\/wp-json\/wp\/v2\/categories?post=38728"},{"taxonomy":"post_tag","embeddable":true,"href":"https:\/\/www.laguiadepamplona.com\/actualidad\/wp-json\/wp\/v2\/tags?post=38728"}],"curies":[{"name":"wp","href":"https:\/\/api.w.org\/{rel}","templated":true}]}}