{"id":38692,"date":"2022-02-10T13:39:23","date_gmt":"2022-02-10T11:39:23","guid":{"rendered":"https:\/\/www.laguiadepamplona.com\/actualidad\/?p=38692"},"modified":"2023-04-11T11:48:32","modified_gmt":"2023-04-11T09:48:32","slug":"la-casa-de-la-juventud-acoge-este-sabado-la-primera-exhibicion-poetica-pamplona-poetry-slam-joven","status":"publish","type":"post","link":"https:\/\/www.laguiadepamplona.com\/actualidad\/la-casa-de-la-juventud-acoge-este-sabado-la-primera-exhibicion-poetica-pamplona-poetry-slam-joven\/","title":{"rendered":"La Casa de la Juventud acoge este s\u00e1bado la primera exhibici\u00f3n po\u00e9tica Pamplona Poetry Slam Joven"},"content":{"rendered":"<h5>En ella participar\u00e1n una decena de poetas de 12 a 30 a\u00f1os, que defender\u00e1n ante el p\u00fablico sus obras propias y de tem\u00e1tica libre<\/h5>\n<p><!--more--><\/p>\n<p>El Ayuntamiento de Pamplona, en colaboraci\u00f3n con la Asociaci\u00f3n Pamplona Poetry Slam, organiza este s\u00e1bado en la Casa de la Juventud la primera exhibici\u00f3n po\u00e9tica joven de la ciudad. Esta primera edici\u00f3n de Pamplona Poetry Slam Joven contar\u00e1 con la participaci\u00f3n de una decena de j\u00f3venes poetas, de entre 12 y 30 a\u00f1os, que defender\u00e1n en un m\u00e1ximo de tres minutos los poemas que han elaborado ante el p\u00fablico congregado. La exhibici\u00f3n dar\u00e1 comienzo a las 18.30 horas, y la entrada ser\u00e1 libre, previa retirada de invitaci\u00f3n, que estar\u00e1n disponibles desde el este viernes en la propia Casa de la Juventud.<\/p>\n<p>Con este evento, el Ayuntamiento busca potenciar una nueva forma de desarrollar la poes\u00eda de forma esc\u00e9nica para acercarla a un p\u00fablico m\u00e1s joven. Las diez personas participantes deber\u00e1n pasar la valoraci\u00f3n de un jurado elegido entre el p\u00fablico. Ser\u00e1n cinco personas las encargadas de puntuar la interpretaci\u00f3n y la obra de los j\u00f3venes poetas. Las tres personas mejor valoradas pasar\u00e1n a una segunda ronda, donde ser\u00e1n puntuadas de nuevo. La m\u00e1s votada resultar\u00e1 ganadora. Las tres personas clasificadas recibir\u00e1n trofeo y diploma.<br \/>\n<script async src=\"\/\/pagead2.googlesyndication.com\/pagead\/js\/adsbygoogle.js\"><\/script><br \/>\n<!-- Noticias La Guia de Pamplona --><br \/>\n<ins class=\"adsbygoogle\"\nstyle=\"display:block\"\ndata-ad-client=\"ca-pub-6943679897239327\"\ndata-ad-slot=\"7048180777\"\ndata-ad-format=\"auto\"><\/ins><br \/>\n<script>\n(adsbygoogle = window.adsbygoogle || []).push({});\n<\/script><\/p>\n<p>El evento ser\u00e1 dirigido por Yoel Salda\u00f1a, presidente de la Asociaci\u00f3n Pamplona Poetry Slam, y contar\u00e1 con DJ Txino y un grupo musical Fucking Micro, para amenizar la velada.\u00a0 Los participantes en esta primera edici\u00f3n son Miguel Barba, Ane Elizalde, Dennise Esparza, Izaskun Mata, Daniel Moledo, David Soria, Maider Trivi\u00f1o, Adriana Ullate y Kalaislinnkov. La integrante m\u00e1s joven es la pamplonesa Leire Campos, de 13 a\u00f1os.<\/p>\n<p>Antes de esta versi\u00f3n joven, Yoel Salda\u00f1a impuls\u00f3 y organiz\u00f3 el primer Pamplona Poetry Slam en septiembre de 2019. En 2021 y tras 16 eventos, la ciudad se ha convertido en sede oficial de la Federaci\u00f3n Nacional de Poetry Slam Espa\u00f1a. Adem\u00e1s, Pamplona Poetry Slam se ha constituido como asociaci\u00f3n cultural.<\/p>\n","protected":false},"excerpt":{"rendered":"<p>En ella participar\u00e1n una decena de poetas de 12 a 30 a\u00f1os, que defender\u00e1n ante el p\u00fablico sus obras propias y de tem\u00e1tica libre<\/p>\n","protected":false},"author":1,"featured_media":38693,"comment_status":"open","ping_status":"closed","sticky":false,"template":"","format":"standard","meta":{"footnotes":""},"categories":[2],"tags":[],"class_list":["post-38692","post","type-post","status-publish","format-standard","has-post-thumbnail","hentry","category-ayuntamiento-pamplona"],"yoast_head":"<!-- This site is optimized with the Yoast SEO plugin v27.3 - https:\/\/yoast.com\/product\/yoast-seo-wordpress\/ -->\n<title>La Casa de la Juventud acoge este s\u00e1bado la primera exhibici\u00f3n po\u00e9tica Pamplona Poetry Slam Joven<\/title>\n<meta name=\"description\" content=\"En ella participar\u00e1n una decena de poetas de 12 a 30 a\u00f1os, que defender\u00e1n ante el p\u00fablico sus obras propias y de tem\u00e1tica libre\" \/>\n<meta name=\"robots\" content=\"index, follow, max-snippet:-1, max-image-preview:large, max-video-preview:-1\" \/>\n<link rel=\"canonical\" href=\"https:\/\/www.laguiadepamplona.com\/actualidad\/la-casa-de-la-juventud-acoge-este-sabado-la-primera-exhibicion-poetica-pamplona-poetry-slam-joven\/\" \/>\n<meta property=\"og:locale\" content=\"es_ES\" \/>\n<meta property=\"og:type\" content=\"article\" \/>\n<meta property=\"og:title\" content=\"La Casa de la Juventud acoge este s\u00e1bado la primera exhibici\u00f3n po\u00e9tica Pamplona Poetry Slam Joven\" \/>\n<meta property=\"og:description\" content=\"En ella participar\u00e1n una decena de poetas de 12 a 30 a\u00f1os, que defender\u00e1n ante el p\u00fablico sus obras propias y de tem\u00e1tica libre\" \/>\n<meta property=\"og:url\" content=\"https:\/\/www.laguiadepamplona.com\/actualidad\/la-casa-de-la-juventud-acoge-este-sabado-la-primera-exhibicion-poetica-pamplona-poetry-slam-joven\/\" \/>\n<meta property=\"og:site_name\" content=\"La Gu\u00eda de Pamplona\" \/>\n<meta property=\"article:publisher\" content=\"https:\/\/www.facebook.com\/laguiadepamplonacom-133175176762273\/?ref=hl\" \/>\n<meta property=\"article:published_time\" content=\"2022-02-10T11:39:23+00:00\" \/>\n<meta property=\"article:modified_time\" content=\"2023-04-11T09:48:32+00:00\" \/>\n<meta property=\"og:image\" content=\"https:\/\/www.laguiadepamplona.com\/actualidad\/wp-content\/uploads\/2022\/02\/20220212-POETRY-SLAM-EUS-copia.jpg\" \/>\n\t<meta property=\"og:image:width\" content=\"1414\" \/>\n\t<meta property=\"og:image:height\" content=\"751\" \/>\n\t<meta property=\"og:image:type\" content=\"image\/jpeg\" \/>\n<meta name=\"author\" content=\"La Gu\u00eda de Pamplona\" \/>\n<meta name=\"twitter:card\" content=\"summary_large_image\" \/>\n<meta name=\"twitter:creator\" content=\"@LaGuiadPamplona\" \/>\n<meta name=\"twitter:site\" content=\"@LaGuiadPamplona\" \/>\n<meta name=\"twitter:label1\" content=\"Escrito por\" \/>\n\t<meta name=\"twitter:data1\" content=\"La Gu\u00eda de Pamplona\" \/>\n\t<meta name=\"twitter:label2\" content=\"Tiempo de lectura\" \/>\n\t<meta name=\"twitter:data2\" content=\"2 minutos\" \/>\n<script type=\"application\/ld+json\" class=\"yoast-schema-graph\">{\"@context\":\"https:\\\/\\\/schema.org\",\"@graph\":[{\"@type\":\"Article\",\"@id\":\"https:\\\/\\\/www.laguiadepamplona.com\\\/actualidad\\\/la-casa-de-la-juventud-acoge-este-sabado-la-primera-exhibicion-poetica-pamplona-poetry-slam-joven\\\/#article\",\"isPartOf\":{\"@id\":\"https:\\\/\\\/www.laguiadepamplona.com\\\/actualidad\\\/la-casa-de-la-juventud-acoge-este-sabado-la-primera-exhibicion-poetica-pamplona-poetry-slam-joven\\\/\"},\"author\":{\"name\":\"La Gu\u00eda de Pamplona\",\"@id\":\"https:\\\/\\\/www.laguiadepamplona.com\\\/actualidad\\\/#\\\/schema\\\/person\\\/efe887376f0213d4657c93adc50b1fdb\"},\"headline\":\"La Casa de la Juventud acoge este s\u00e1bado la primera exhibici\u00f3n po\u00e9tica Pamplona Poetry Slam Joven\",\"datePublished\":\"2022-02-10T11:39:23+00:00\",\"dateModified\":\"2023-04-11T09:48:32+00:00\",\"mainEntityOfPage\":{\"@id\":\"https:\\\/\\\/www.laguiadepamplona.com\\\/actualidad\\\/la-casa-de-la-juventud-acoge-este-sabado-la-primera-exhibicion-poetica-pamplona-poetry-slam-joven\\\/\"},\"wordCount\":381,\"commentCount\":0,\"publisher\":{\"@id\":\"https:\\\/\\\/www.laguiadepamplona.com\\\/actualidad\\\/#organization\"},\"image\":{\"@id\":\"https:\\\/\\\/www.laguiadepamplona.com\\\/actualidad\\\/la-casa-de-la-juventud-acoge-este-sabado-la-primera-exhibicion-poetica-pamplona-poetry-slam-joven\\\/#primaryimage\"},\"thumbnailUrl\":\"https:\\\/\\\/www.laguiadepamplona.com\\\/actualidad\\\/wp-content\\\/uploads\\\/2022\\\/02\\\/20220212-POETRY-SLAM-EUS-copia.jpg\",\"articleSection\":[\"Ayto Pamplona\"],\"inLanguage\":\"es\",\"potentialAction\":[{\"@type\":\"CommentAction\",\"name\":\"Comment\",\"target\":[\"https:\\\/\\\/www.laguiadepamplona.com\\\/actualidad\\\/la-casa-de-la-juventud-acoge-este-sabado-la-primera-exhibicion-poetica-pamplona-poetry-slam-joven\\\/#respond\"]}]},{\"@type\":\"WebPage\",\"@id\":\"https:\\\/\\\/www.laguiadepamplona.com\\\/actualidad\\\/la-casa-de-la-juventud-acoge-este-sabado-la-primera-exhibicion-poetica-pamplona-poetry-slam-joven\\\/\",\"url\":\"https:\\\/\\\/www.laguiadepamplona.com\\\/actualidad\\\/la-casa-de-la-juventud-acoge-este-sabado-la-primera-exhibicion-poetica-pamplona-poetry-slam-joven\\\/\",\"name\":\"La Casa de la Juventud acoge este s\u00e1bado la primera exhibici\u00f3n po\u00e9tica Pamplona Poetry Slam Joven\",\"isPartOf\":{\"@id\":\"https:\\\/\\\/www.laguiadepamplona.com\\\/actualidad\\\/#website\"},\"primaryImageOfPage\":{\"@id\":\"https:\\\/\\\/www.laguiadepamplona.com\\\/actualidad\\\/la-casa-de-la-juventud-acoge-este-sabado-la-primera-exhibicion-poetica-pamplona-poetry-slam-joven\\\/#primaryimage\"},\"image\":{\"@id\":\"https:\\\/\\\/www.laguiadepamplona.com\\\/actualidad\\\/la-casa-de-la-juventud-acoge-este-sabado-la-primera-exhibicion-poetica-pamplona-poetry-slam-joven\\\/#primaryimage\"},\"thumbnailUrl\":\"https:\\\/\\\/www.laguiadepamplona.com\\\/actualidad\\\/wp-content\\\/uploads\\\/2022\\\/02\\\/20220212-POETRY-SLAM-EUS-copia.jpg\",\"datePublished\":\"2022-02-10T11:39:23+00:00\",\"dateModified\":\"2023-04-11T09:48:32+00:00\",\"description\":\"En ella participar\u00e1n una decena de poetas de 12 a 30 a\u00f1os, que defender\u00e1n ante el p\u00fablico sus obras propias y de tem\u00e1tica libre\",\"breadcrumb\":{\"@id\":\"https:\\\/\\\/www.laguiadepamplona.com\\\/actualidad\\\/la-casa-de-la-juventud-acoge-este-sabado-la-primera-exhibicion-poetica-pamplona-poetry-slam-joven\\\/#breadcrumb\"},\"inLanguage\":\"es\",\"potentialAction\":[{\"@type\":\"ReadAction\",\"target\":[\"https:\\\/\\\/www.laguiadepamplona.com\\\/actualidad\\\/la-casa-de-la-juventud-acoge-este-sabado-la-primera-exhibicion-poetica-pamplona-poetry-slam-joven\\\/\"]}]},{\"@type\":\"ImageObject\",\"inLanguage\":\"es\",\"@id\":\"https:\\\/\\\/www.laguiadepamplona.com\\\/actualidad\\\/la-casa-de-la-juventud-acoge-este-sabado-la-primera-exhibicion-poetica-pamplona-poetry-slam-joven\\\/#primaryimage\",\"url\":\"https:\\\/\\\/www.laguiadepamplona.com\\\/actualidad\\\/wp-content\\\/uploads\\\/2022\\\/02\\\/20220212-POETRY-SLAM-EUS-copia.jpg\",\"contentUrl\":\"https:\\\/\\\/www.laguiadepamplona.com\\\/actualidad\\\/wp-content\\\/uploads\\\/2022\\\/02\\\/20220212-POETRY-SLAM-EUS-copia.jpg\",\"width\":1414,\"height\":751},{\"@type\":\"BreadcrumbList\",\"@id\":\"https:\\\/\\\/www.laguiadepamplona.com\\\/actualidad\\\/la-casa-de-la-juventud-acoge-este-sabado-la-primera-exhibicion-poetica-pamplona-poetry-slam-joven\\\/#breadcrumb\",\"itemListElement\":[{\"@type\":\"ListItem\",\"position\":1,\"name\":\"Portada\",\"item\":\"https:\\\/\\\/www.laguiadepamplona.com\\\/actualidad\\\/\"},{\"@type\":\"ListItem\",\"position\":2,\"name\":\"La Casa de la Juventud acoge este s\u00e1bado la primera exhibici\u00f3n po\u00e9tica Pamplona Poetry Slam Joven\"}]},{\"@type\":\"WebSite\",\"@id\":\"https:\\\/\\\/www.laguiadepamplona.com\\\/actualidad\\\/#website\",\"url\":\"https:\\\/\\\/www.laguiadepamplona.com\\\/actualidad\\\/\",\"name\":\"La gu\u00eda de Pamplona\",\"description\":\"Noticias de Pamplona\",\"publisher\":{\"@id\":\"https:\\\/\\\/www.laguiadepamplona.com\\\/actualidad\\\/#organization\"},\"potentialAction\":[{\"@type\":\"SearchAction\",\"target\":{\"@type\":\"EntryPoint\",\"urlTemplate\":\"https:\\\/\\\/www.laguiadepamplona.com\\\/actualidad\\\/?s={search_term_string}\"},\"query-input\":{\"@type\":\"PropertyValueSpecification\",\"valueRequired\":true,\"valueName\":\"search_term_string\"}}],\"inLanguage\":\"es\"},{\"@type\":\"Organization\",\"@id\":\"https:\\\/\\\/www.laguiadepamplona.com\\\/actualidad\\\/#organization\",\"name\":\"La Gu\u00eda de Pamplona \\\/ Noticias\",\"url\":\"https:\\\/\\\/www.laguiadepamplona.com\\\/actualidad\\\/\",\"logo\":{\"@type\":\"ImageObject\",\"inLanguage\":\"es\",\"@id\":\"https:\\\/\\\/www.laguiadepamplona.com\\\/actualidad\\\/#\\\/schema\\\/logo\\\/image\\\/\",\"url\":\"https:\\\/\\\/www.laguiadepamplona.com\\\/actualidad\\\/wp-content\\\/uploads\\\/2018\\\/11\\\/logo-laguiadepamplona18-web1.png\",\"contentUrl\":\"https:\\\/\\\/www.laguiadepamplona.com\\\/actualidad\\\/wp-content\\\/uploads\\\/2018\\\/11\\\/logo-laguiadepamplona18-web1.png\",\"width\":600,\"height\":196,\"caption\":\"La Gu\u00eda de Pamplona \\\/ Noticias\"},\"image\":{\"@id\":\"https:\\\/\\\/www.laguiadepamplona.com\\\/actualidad\\\/#\\\/schema\\\/logo\\\/image\\\/\"},\"sameAs\":[\"https:\\\/\\\/www.facebook.com\\\/laguiadepamplonacom-133175176762273\\\/?ref=hl\",\"https:\\\/\\\/x.com\\\/LaGuiadPamplona\",\"https:\\\/\\\/www.instagram.com\\\/la_guia_de_pamplona\\\/\",\"https:\\\/\\\/www.youtube.com\\\/user\\\/laguiadepamplona\"]},{\"@type\":\"Person\",\"@id\":\"https:\\\/\\\/www.laguiadepamplona.com\\\/actualidad\\\/#\\\/schema\\\/person\\\/efe887376f0213d4657c93adc50b1fdb\",\"name\":\"La Gu\u00eda de Pamplona\",\"image\":{\"@type\":\"ImageObject\",\"inLanguage\":\"es\",\"@id\":\"https:\\\/\\\/secure.gravatar.com\\\/avatar\\\/b6992f131dc8d30ab0dff15446e9d346d9dbd95992de0fef795073f5ea83a81c?s=96&d=mm&r=g\",\"url\":\"https:\\\/\\\/secure.gravatar.com\\\/avatar\\\/b6992f131dc8d30ab0dff15446e9d346d9dbd95992de0fef795073f5ea83a81c?s=96&d=mm&r=g\",\"contentUrl\":\"https:\\\/\\\/secure.gravatar.com\\\/avatar\\\/b6992f131dc8d30ab0dff15446e9d346d9dbd95992de0fef795073f5ea83a81c?s=96&d=mm&r=g\",\"caption\":\"La Gu\u00eda de Pamplona\"}}]}<\/script>\n<!-- \/ Yoast SEO plugin. -->","yoast_head_json":{"title":"La Casa de la Juventud acoge este s\u00e1bado la primera exhibici\u00f3n po\u00e9tica Pamplona Poetry Slam Joven","description":"En ella participar\u00e1n una decena de poetas de 12 a 30 a\u00f1os, que defender\u00e1n ante el p\u00fablico sus obras propias y de tem\u00e1tica libre","robots":{"index":"index","follow":"follow","max-snippet":"max-snippet:-1","max-image-preview":"max-image-preview:large","max-video-preview":"max-video-preview:-1"},"canonical":"https:\/\/www.laguiadepamplona.com\/actualidad\/la-casa-de-la-juventud-acoge-este-sabado-la-primera-exhibicion-poetica-pamplona-poetry-slam-joven\/","og_locale":"es_ES","og_type":"article","og_title":"La Casa de la Juventud acoge este s\u00e1bado la primera exhibici\u00f3n po\u00e9tica Pamplona Poetry Slam Joven","og_description":"En ella participar\u00e1n una decena de poetas de 12 a 30 a\u00f1os, que defender\u00e1n ante el p\u00fablico sus obras propias y de tem\u00e1tica libre","og_url":"https:\/\/www.laguiadepamplona.com\/actualidad\/la-casa-de-la-juventud-acoge-este-sabado-la-primera-exhibicion-poetica-pamplona-poetry-slam-joven\/","og_site_name":"La Gu\u00eda de Pamplona","article_publisher":"https:\/\/www.facebook.com\/laguiadepamplonacom-133175176762273\/?ref=hl","article_published_time":"2022-02-10T11:39:23+00:00","article_modified_time":"2023-04-11T09:48:32+00:00","og_image":[{"width":1414,"height":751,"url":"https:\/\/www.laguiadepamplona.com\/actualidad\/wp-content\/uploads\/2022\/02\/20220212-POETRY-SLAM-EUS-copia.jpg","type":"image\/jpeg"}],"author":"La Gu\u00eda de Pamplona","twitter_card":"summary_large_image","twitter_creator":"@LaGuiadPamplona","twitter_site":"@LaGuiadPamplona","twitter_misc":{"Escrito por":"La Gu\u00eda de Pamplona","Tiempo de lectura":"2 minutos"},"schema":{"@context":"https:\/\/schema.org","@graph":[{"@type":"Article","@id":"https:\/\/www.laguiadepamplona.com\/actualidad\/la-casa-de-la-juventud-acoge-este-sabado-la-primera-exhibicion-poetica-pamplona-poetry-slam-joven\/#article","isPartOf":{"@id":"https:\/\/www.laguiadepamplona.com\/actualidad\/la-casa-de-la-juventud-acoge-este-sabado-la-primera-exhibicion-poetica-pamplona-poetry-slam-joven\/"},"author":{"name":"La Gu\u00eda de Pamplona","@id":"https:\/\/www.laguiadepamplona.com\/actualidad\/#\/schema\/person\/efe887376f0213d4657c93adc50b1fdb"},"headline":"La Casa de la Juventud acoge este s\u00e1bado la primera exhibici\u00f3n po\u00e9tica Pamplona Poetry Slam Joven","datePublished":"2022-02-10T11:39:23+00:00","dateModified":"2023-04-11T09:48:32+00:00","mainEntityOfPage":{"@id":"https:\/\/www.laguiadepamplona.com\/actualidad\/la-casa-de-la-juventud-acoge-este-sabado-la-primera-exhibicion-poetica-pamplona-poetry-slam-joven\/"},"wordCount":381,"commentCount":0,"publisher":{"@id":"https:\/\/www.laguiadepamplona.com\/actualidad\/#organization"},"image":{"@id":"https:\/\/www.laguiadepamplona.com\/actualidad\/la-casa-de-la-juventud-acoge-este-sabado-la-primera-exhibicion-poetica-pamplona-poetry-slam-joven\/#primaryimage"},"thumbnailUrl":"https:\/\/www.laguiadepamplona.com\/actualidad\/wp-content\/uploads\/2022\/02\/20220212-POETRY-SLAM-EUS-copia.jpg","articleSection":["Ayto Pamplona"],"inLanguage":"es","potentialAction":[{"@type":"CommentAction","name":"Comment","target":["https:\/\/www.laguiadepamplona.com\/actualidad\/la-casa-de-la-juventud-acoge-este-sabado-la-primera-exhibicion-poetica-pamplona-poetry-slam-joven\/#respond"]}]},{"@type":"WebPage","@id":"https:\/\/www.laguiadepamplona.com\/actualidad\/la-casa-de-la-juventud-acoge-este-sabado-la-primera-exhibicion-poetica-pamplona-poetry-slam-joven\/","url":"https:\/\/www.laguiadepamplona.com\/actualidad\/la-casa-de-la-juventud-acoge-este-sabado-la-primera-exhibicion-poetica-pamplona-poetry-slam-joven\/","name":"La Casa de la Juventud acoge este s\u00e1bado la primera exhibici\u00f3n po\u00e9tica Pamplona Poetry Slam Joven","isPartOf":{"@id":"https:\/\/www.laguiadepamplona.com\/actualidad\/#website"},"primaryImageOfPage":{"@id":"https:\/\/www.laguiadepamplona.com\/actualidad\/la-casa-de-la-juventud-acoge-este-sabado-la-primera-exhibicion-poetica-pamplona-poetry-slam-joven\/#primaryimage"},"image":{"@id":"https:\/\/www.laguiadepamplona.com\/actualidad\/la-casa-de-la-juventud-acoge-este-sabado-la-primera-exhibicion-poetica-pamplona-poetry-slam-joven\/#primaryimage"},"thumbnailUrl":"https:\/\/www.laguiadepamplona.com\/actualidad\/wp-content\/uploads\/2022\/02\/20220212-POETRY-SLAM-EUS-copia.jpg","datePublished":"2022-02-10T11:39:23+00:00","dateModified":"2023-04-11T09:48:32+00:00","description":"En ella participar\u00e1n una decena de poetas de 12 a 30 a\u00f1os, que defender\u00e1n ante el p\u00fablico sus obras propias y de tem\u00e1tica libre","breadcrumb":{"@id":"https:\/\/www.laguiadepamplona.com\/actualidad\/la-casa-de-la-juventud-acoge-este-sabado-la-primera-exhibicion-poetica-pamplona-poetry-slam-joven\/#breadcrumb"},"inLanguage":"es","potentialAction":[{"@type":"ReadAction","target":["https:\/\/www.laguiadepamplona.com\/actualidad\/la-casa-de-la-juventud-acoge-este-sabado-la-primera-exhibicion-poetica-pamplona-poetry-slam-joven\/"]}]},{"@type":"ImageObject","inLanguage":"es","@id":"https:\/\/www.laguiadepamplona.com\/actualidad\/la-casa-de-la-juventud-acoge-este-sabado-la-primera-exhibicion-poetica-pamplona-poetry-slam-joven\/#primaryimage","url":"https:\/\/www.laguiadepamplona.com\/actualidad\/wp-content\/uploads\/2022\/02\/20220212-POETRY-SLAM-EUS-copia.jpg","contentUrl":"https:\/\/www.laguiadepamplona.com\/actualidad\/wp-content\/uploads\/2022\/02\/20220212-POETRY-SLAM-EUS-copia.jpg","width":1414,"height":751},{"@type":"BreadcrumbList","@id":"https:\/\/www.laguiadepamplona.com\/actualidad\/la-casa-de-la-juventud-acoge-este-sabado-la-primera-exhibicion-poetica-pamplona-poetry-slam-joven\/#breadcrumb","itemListElement":[{"@type":"ListItem","position":1,"name":"Portada","item":"https:\/\/www.laguiadepamplona.com\/actualidad\/"},{"@type":"ListItem","position":2,"name":"La Casa de la Juventud acoge este s\u00e1bado la primera exhibici\u00f3n po\u00e9tica Pamplona Poetry Slam Joven"}]},{"@type":"WebSite","@id":"https:\/\/www.laguiadepamplona.com\/actualidad\/#website","url":"https:\/\/www.laguiadepamplona.com\/actualidad\/","name":"La gu\u00eda de Pamplona","description":"Noticias de Pamplona","publisher":{"@id":"https:\/\/www.laguiadepamplona.com\/actualidad\/#organization"},"potentialAction":[{"@type":"SearchAction","target":{"@type":"EntryPoint","urlTemplate":"https:\/\/www.laguiadepamplona.com\/actualidad\/?s={search_term_string}"},"query-input":{"@type":"PropertyValueSpecification","valueRequired":true,"valueName":"search_term_string"}}],"inLanguage":"es"},{"@type":"Organization","@id":"https:\/\/www.laguiadepamplona.com\/actualidad\/#organization","name":"La Gu\u00eda de Pamplona \/ Noticias","url":"https:\/\/www.laguiadepamplona.com\/actualidad\/","logo":{"@type":"ImageObject","inLanguage":"es","@id":"https:\/\/www.laguiadepamplona.com\/actualidad\/#\/schema\/logo\/image\/","url":"https:\/\/www.laguiadepamplona.com\/actualidad\/wp-content\/uploads\/2018\/11\/logo-laguiadepamplona18-web1.png","contentUrl":"https:\/\/www.laguiadepamplona.com\/actualidad\/wp-content\/uploads\/2018\/11\/logo-laguiadepamplona18-web1.png","width":600,"height":196,"caption":"La Gu\u00eda de Pamplona \/ Noticias"},"image":{"@id":"https:\/\/www.laguiadepamplona.com\/actualidad\/#\/schema\/logo\/image\/"},"sameAs":["https:\/\/www.facebook.com\/laguiadepamplonacom-133175176762273\/?ref=hl","https:\/\/x.com\/LaGuiadPamplona","https:\/\/www.instagram.com\/la_guia_de_pamplona\/","https:\/\/www.youtube.com\/user\/laguiadepamplona"]},{"@type":"Person","@id":"https:\/\/www.laguiadepamplona.com\/actualidad\/#\/schema\/person\/efe887376f0213d4657c93adc50b1fdb","name":"La Gu\u00eda de Pamplona","image":{"@type":"ImageObject","inLanguage":"es","@id":"https:\/\/secure.gravatar.com\/avatar\/b6992f131dc8d30ab0dff15446e9d346d9dbd95992de0fef795073f5ea83a81c?s=96&d=mm&r=g","url":"https:\/\/secure.gravatar.com\/avatar\/b6992f131dc8d30ab0dff15446e9d346d9dbd95992de0fef795073f5ea83a81c?s=96&d=mm&r=g","contentUrl":"https:\/\/secure.gravatar.com\/avatar\/b6992f131dc8d30ab0dff15446e9d346d9dbd95992de0fef795073f5ea83a81c?s=96&d=mm&r=g","caption":"La Gu\u00eda de Pamplona"}}]}},"post_mailing_queue_ids":[],"_links":{"self":[{"href":"https:\/\/www.laguiadepamplona.com\/actualidad\/wp-json\/wp\/v2\/posts\/38692","targetHints":{"allow":["GET"]}}],"collection":[{"href":"https:\/\/www.laguiadepamplona.com\/actualidad\/wp-json\/wp\/v2\/posts"}],"about":[{"href":"https:\/\/www.laguiadepamplona.com\/actualidad\/wp-json\/wp\/v2\/types\/post"}],"author":[{"embeddable":true,"href":"https:\/\/www.laguiadepamplona.com\/actualidad\/wp-json\/wp\/v2\/users\/1"}],"replies":[{"embeddable":true,"href":"https:\/\/www.laguiadepamplona.com\/actualidad\/wp-json\/wp\/v2\/comments?post=38692"}],"version-history":[{"count":0,"href":"https:\/\/www.laguiadepamplona.com\/actualidad\/wp-json\/wp\/v2\/posts\/38692\/revisions"}],"wp:featuredmedia":[{"embeddable":true,"href":"https:\/\/www.laguiadepamplona.com\/actualidad\/wp-json\/wp\/v2\/media\/38693"}],"wp:attachment":[{"href":"https:\/\/www.laguiadepamplona.com\/actualidad\/wp-json\/wp\/v2\/media?parent=38692"}],"wp:term":[{"taxonomy":"category","embeddable":true,"href":"https:\/\/www.laguiadepamplona.com\/actualidad\/wp-json\/wp\/v2\/categories?post=38692"},{"taxonomy":"post_tag","embeddable":true,"href":"https:\/\/www.laguiadepamplona.com\/actualidad\/wp-json\/wp\/v2\/tags?post=38692"}],"curies":[{"name":"wp","href":"https:\/\/api.w.org\/{rel}","templated":true}]}}