{"id":38689,"date":"2022-02-10T13:38:27","date_gmt":"2022-02-10T11:38:27","guid":{"rendered":"https:\/\/www.laguiadepamplona.com\/actualidad\/?p=38689"},"modified":"2023-04-11T11:48:32","modified_gmt":"2023-04-11T09:48:32","slug":"quedan-plazas-libres-para-el-taller-gratuito-dirigido-a-personas-cuidadoras-no-profesionales-familiares-de-mayores-o-dependientes-que-comienza-el-24-de-febrero","status":"publish","type":"post","link":"https:\/\/www.laguiadepamplona.com\/actualidad\/quedan-plazas-libres-para-el-taller-gratuito-dirigido-a-personas-cuidadoras-no-profesionales-familiares-de-mayores-o-dependientes-que-comienza-el-24-de-febrero\/","title":{"rendered":"Quedan plazas libres para el taller gratuito dirigido a personas cuidadoras no profesionales, familiares de mayores o dependientes que comienza el 24 de febrero"},"content":{"rendered":"<h5>El taller tiene una duraci\u00f3n de un mes, hasta el 24 de marzo, con cinco sesiones en la sala municipal de la calle Zapater\u00eda 40<\/h5>\n<p><!--more--><\/p>\n<p>El pr\u00f3ximo 24 de febrero se pone en marcha un nuevo taller de apoyo, asesoramiento, formaci\u00f3n e informaci\u00f3n \u2018Cuidando a quienes cuidan\u2019, organizado por el Ayuntamiento de Pamplona y dirigido a personas cuidadoras no profesionales de familiares mayores o dependientes. Las personas interesadas deben realizar sus inscripciones, de forma gratuita, en el tel\u00e9fono 010 \u2013 948 420 100.<\/p>\n<p>Adem\u00e1s de ese apoyo a las personas cuidadoras, el taller quiere prevenir e intervenir en la sobrecarga que experimenta la persona cuidadora, aprender a gestionar el autocuidado o el estr\u00e9s o aprender a aceptar la situaci\u00f3n sobrevenida y comprender la enfermedad. Asimismo, se busca crear las bases para un grupo autogestionado de apoyo de cuidadoras y aprender t\u00e9cnicas que faciliten el trabajo de los cuidados diarios.<br \/>\n<script async src=\"\/\/pagead2.googlesyndication.com\/pagead\/js\/adsbygoogle.js\"><\/script><br \/>\n<!-- Noticias La Guia de Pamplona --><br \/>\n<ins class=\"adsbygoogle\"\nstyle=\"display:block\"\ndata-ad-client=\"ca-pub-6943679897239327\"\ndata-ad-slot=\"7048180777\"\ndata-ad-format=\"auto\"><\/ins><br \/>\n<script>\n(adsbygoogle = window.adsbygoogle || []).push({});\n<\/script><\/p>\n<p>El taller se impartir\u00e1 en la sala municipal de la calle Zapater\u00eda 40, los jueves del 24 de febrero al 24 de marzo por la tarde, de 16.30 a 18.30 horas. Ser\u00e1n cinco sesiones vivenciales y participativas en las que se trabajar\u00e1 sobre las dificultades y experiencias de las personas que integran los grupos y en las que se pondr\u00e1n en pr\u00e1ctica estrategias para afrontar mejor las situaciones de cuidado. Se hablar\u00e1 de manejo de las emociones, de gesti\u00f3n del estr\u00e9s, de gesti\u00f3n del trabajo que conlleva, de gesti\u00f3n de la organizaci\u00f3n de los cuidados, de gesti\u00f3n de los conflictos familiares derivados de la situaci\u00f3n de necesidad de cuidados o de apoyo a las personas cuidadoras.<\/p>\n","protected":false},"excerpt":{"rendered":"<p>El taller tiene una duraci\u00f3n de un mes, hasta el 24 de marzo, con cinco sesiones en la sala municipal de la calle Zapater\u00eda 40<\/p>\n","protected":false},"author":1,"featured_media":38690,"comment_status":"open","ping_status":"closed","sticky":false,"template":"","format":"standard","meta":{"footnotes":""},"categories":[2],"tags":[],"class_list":["post-38689","post","type-post","status-publish","format-standard","has-post-thumbnail","hentry","category-ayuntamiento-pamplona"],"yoast_head":"<!-- This site is optimized with the Yoast SEO plugin v27.3 - https:\/\/yoast.com\/product\/yoast-seo-wordpress\/ -->\n<title>Quedan plazas libres para el taller gratuito dirigido a personas cuidadoras no profesionales, familiares de mayores o dependientes que comienza el 24 de febrero<\/title>\n<meta name=\"description\" content=\"El taller tiene una duraci\u00f3n de un mes, hasta el 24 de marzo, con cinco sesiones en la sala municipal de la calle Zapater\u00eda 40\" \/>\n<meta name=\"robots\" content=\"index, follow, max-snippet:-1, max-image-preview:large, max-video-preview:-1\" \/>\n<link rel=\"canonical\" href=\"https:\/\/www.laguiadepamplona.com\/actualidad\/quedan-plazas-libres-para-el-taller-gratuito-dirigido-a-personas-cuidadoras-no-profesionales-familiares-de-mayores-o-dependientes-que-comienza-el-24-de-febrero\/\" \/>\n<meta property=\"og:locale\" content=\"es_ES\" \/>\n<meta property=\"og:type\" content=\"article\" \/>\n<meta property=\"og:title\" content=\"Quedan plazas libres para el taller gratuito dirigido a personas cuidadoras no profesionales, familiares de mayores o dependientes que comienza el 24 de febrero\" \/>\n<meta property=\"og:description\" content=\"El taller tiene una duraci\u00f3n de un mes, hasta el 24 de marzo, con cinco sesiones en la sala municipal de la calle Zapater\u00eda 40\" \/>\n<meta property=\"og:url\" content=\"https:\/\/www.laguiadepamplona.com\/actualidad\/quedan-plazas-libres-para-el-taller-gratuito-dirigido-a-personas-cuidadoras-no-profesionales-familiares-de-mayores-o-dependientes-que-comienza-el-24-de-febrero\/\" \/>\n<meta property=\"og:site_name\" content=\"La Gu\u00eda de Pamplona\" \/>\n<meta property=\"article:publisher\" content=\"https:\/\/www.facebook.com\/laguiadepamplonacom-133175176762273\/?ref=hl\" \/>\n<meta property=\"article:published_time\" content=\"2022-02-10T11:38:27+00:00\" \/>\n<meta property=\"article:modified_time\" content=\"2023-04-11T09:48:32+00:00\" \/>\n<meta property=\"og:image\" content=\"https:\/\/www.laguiadepamplona.com\/actualidad\/wp-content\/uploads\/2022\/02\/cartel-taller-gratuito-cuidadoras.jpg\" \/>\n\t<meta property=\"og:image:width\" content=\"1190\" \/>\n\t<meta property=\"og:image:height\" content=\"842\" \/>\n\t<meta property=\"og:image:type\" content=\"image\/jpeg\" \/>\n<meta name=\"author\" content=\"La Gu\u00eda de Pamplona\" \/>\n<meta name=\"twitter:card\" content=\"summary_large_image\" \/>\n<meta name=\"twitter:creator\" content=\"@LaGuiadPamplona\" \/>\n<meta name=\"twitter:site\" content=\"@LaGuiadPamplona\" \/>\n<meta name=\"twitter:label1\" content=\"Escrito por\" \/>\n\t<meta name=\"twitter:data1\" content=\"La Gu\u00eda de Pamplona\" \/>\n\t<meta name=\"twitter:label2\" content=\"Tiempo de lectura\" \/>\n\t<meta name=\"twitter:data2\" content=\"2 minutos\" \/>\n<script type=\"application\/ld+json\" class=\"yoast-schema-graph\">{\"@context\":\"https:\\\/\\\/schema.org\",\"@graph\":[{\"@type\":\"Article\",\"@id\":\"https:\\\/\\\/www.laguiadepamplona.com\\\/actualidad\\\/quedan-plazas-libres-para-el-taller-gratuito-dirigido-a-personas-cuidadoras-no-profesionales-familiares-de-mayores-o-dependientes-que-comienza-el-24-de-febrero\\\/#article\",\"isPartOf\":{\"@id\":\"https:\\\/\\\/www.laguiadepamplona.com\\\/actualidad\\\/quedan-plazas-libres-para-el-taller-gratuito-dirigido-a-personas-cuidadoras-no-profesionales-familiares-de-mayores-o-dependientes-que-comienza-el-24-de-febrero\\\/\"},\"author\":{\"name\":\"La Gu\u00eda de Pamplona\",\"@id\":\"https:\\\/\\\/www.laguiadepamplona.com\\\/actualidad\\\/#\\\/schema\\\/person\\\/efe887376f0213d4657c93adc50b1fdb\"},\"headline\":\"Quedan plazas libres para el taller gratuito dirigido a personas cuidadoras no profesionales, familiares de mayores o dependientes que comienza el 24 de febrero\",\"datePublished\":\"2022-02-10T11:38:27+00:00\",\"dateModified\":\"2023-04-11T09:48:32+00:00\",\"mainEntityOfPage\":{\"@id\":\"https:\\\/\\\/www.laguiadepamplona.com\\\/actualidad\\\/quedan-plazas-libres-para-el-taller-gratuito-dirigido-a-personas-cuidadoras-no-profesionales-familiares-de-mayores-o-dependientes-que-comienza-el-24-de-febrero\\\/\"},\"wordCount\":296,\"commentCount\":0,\"publisher\":{\"@id\":\"https:\\\/\\\/www.laguiadepamplona.com\\\/actualidad\\\/#organization\"},\"image\":{\"@id\":\"https:\\\/\\\/www.laguiadepamplona.com\\\/actualidad\\\/quedan-plazas-libres-para-el-taller-gratuito-dirigido-a-personas-cuidadoras-no-profesionales-familiares-de-mayores-o-dependientes-que-comienza-el-24-de-febrero\\\/#primaryimage\"},\"thumbnailUrl\":\"https:\\\/\\\/www.laguiadepamplona.com\\\/actualidad\\\/wp-content\\\/uploads\\\/2022\\\/02\\\/cartel-taller-gratuito-cuidadoras.jpg\",\"articleSection\":[\"Ayto Pamplona\"],\"inLanguage\":\"es\",\"potentialAction\":[{\"@type\":\"CommentAction\",\"name\":\"Comment\",\"target\":[\"https:\\\/\\\/www.laguiadepamplona.com\\\/actualidad\\\/quedan-plazas-libres-para-el-taller-gratuito-dirigido-a-personas-cuidadoras-no-profesionales-familiares-de-mayores-o-dependientes-que-comienza-el-24-de-febrero\\\/#respond\"]}]},{\"@type\":\"WebPage\",\"@id\":\"https:\\\/\\\/www.laguiadepamplona.com\\\/actualidad\\\/quedan-plazas-libres-para-el-taller-gratuito-dirigido-a-personas-cuidadoras-no-profesionales-familiares-de-mayores-o-dependientes-que-comienza-el-24-de-febrero\\\/\",\"url\":\"https:\\\/\\\/www.laguiadepamplona.com\\\/actualidad\\\/quedan-plazas-libres-para-el-taller-gratuito-dirigido-a-personas-cuidadoras-no-profesionales-familiares-de-mayores-o-dependientes-que-comienza-el-24-de-febrero\\\/\",\"name\":\"Quedan plazas libres para el taller gratuito dirigido a personas cuidadoras no profesionales, familiares de mayores o dependientes que comienza el 24 de febrero\",\"isPartOf\":{\"@id\":\"https:\\\/\\\/www.laguiadepamplona.com\\\/actualidad\\\/#website\"},\"primaryImageOfPage\":{\"@id\":\"https:\\\/\\\/www.laguiadepamplona.com\\\/actualidad\\\/quedan-plazas-libres-para-el-taller-gratuito-dirigido-a-personas-cuidadoras-no-profesionales-familiares-de-mayores-o-dependientes-que-comienza-el-24-de-febrero\\\/#primaryimage\"},\"image\":{\"@id\":\"https:\\\/\\\/www.laguiadepamplona.com\\\/actualidad\\\/quedan-plazas-libres-para-el-taller-gratuito-dirigido-a-personas-cuidadoras-no-profesionales-familiares-de-mayores-o-dependientes-que-comienza-el-24-de-febrero\\\/#primaryimage\"},\"thumbnailUrl\":\"https:\\\/\\\/www.laguiadepamplona.com\\\/actualidad\\\/wp-content\\\/uploads\\\/2022\\\/02\\\/cartel-taller-gratuito-cuidadoras.jpg\",\"datePublished\":\"2022-02-10T11:38:27+00:00\",\"dateModified\":\"2023-04-11T09:48:32+00:00\",\"description\":\"El taller tiene una duraci\u00f3n de un mes, hasta el 24 de marzo, con cinco sesiones en la sala municipal de la calle Zapater\u00eda 40\",\"breadcrumb\":{\"@id\":\"https:\\\/\\\/www.laguiadepamplona.com\\\/actualidad\\\/quedan-plazas-libres-para-el-taller-gratuito-dirigido-a-personas-cuidadoras-no-profesionales-familiares-de-mayores-o-dependientes-que-comienza-el-24-de-febrero\\\/#breadcrumb\"},\"inLanguage\":\"es\",\"potentialAction\":[{\"@type\":\"ReadAction\",\"target\":[\"https:\\\/\\\/www.laguiadepamplona.com\\\/actualidad\\\/quedan-plazas-libres-para-el-taller-gratuito-dirigido-a-personas-cuidadoras-no-profesionales-familiares-de-mayores-o-dependientes-que-comienza-el-24-de-febrero\\\/\"]}]},{\"@type\":\"ImageObject\",\"inLanguage\":\"es\",\"@id\":\"https:\\\/\\\/www.laguiadepamplona.com\\\/actualidad\\\/quedan-plazas-libres-para-el-taller-gratuito-dirigido-a-personas-cuidadoras-no-profesionales-familiares-de-mayores-o-dependientes-que-comienza-el-24-de-febrero\\\/#primaryimage\",\"url\":\"https:\\\/\\\/www.laguiadepamplona.com\\\/actualidad\\\/wp-content\\\/uploads\\\/2022\\\/02\\\/cartel-taller-gratuito-cuidadoras.jpg\",\"contentUrl\":\"https:\\\/\\\/www.laguiadepamplona.com\\\/actualidad\\\/wp-content\\\/uploads\\\/2022\\\/02\\\/cartel-taller-gratuito-cuidadoras.jpg\",\"width\":1190,\"height\":842},{\"@type\":\"BreadcrumbList\",\"@id\":\"https:\\\/\\\/www.laguiadepamplona.com\\\/actualidad\\\/quedan-plazas-libres-para-el-taller-gratuito-dirigido-a-personas-cuidadoras-no-profesionales-familiares-de-mayores-o-dependientes-que-comienza-el-24-de-febrero\\\/#breadcrumb\",\"itemListElement\":[{\"@type\":\"ListItem\",\"position\":1,\"name\":\"Portada\",\"item\":\"https:\\\/\\\/www.laguiadepamplona.com\\\/actualidad\\\/\"},{\"@type\":\"ListItem\",\"position\":2,\"name\":\"Quedan plazas libres para el taller gratuito dirigido a personas cuidadoras no profesionales, familiares de mayores o dependientes que comienza el 24 de febrero\"}]},{\"@type\":\"WebSite\",\"@id\":\"https:\\\/\\\/www.laguiadepamplona.com\\\/actualidad\\\/#website\",\"url\":\"https:\\\/\\\/www.laguiadepamplona.com\\\/actualidad\\\/\",\"name\":\"La gu\u00eda de Pamplona\",\"description\":\"Noticias de Pamplona\",\"publisher\":{\"@id\":\"https:\\\/\\\/www.laguiadepamplona.com\\\/actualidad\\\/#organization\"},\"potentialAction\":[{\"@type\":\"SearchAction\",\"target\":{\"@type\":\"EntryPoint\",\"urlTemplate\":\"https:\\\/\\\/www.laguiadepamplona.com\\\/actualidad\\\/?s={search_term_string}\"},\"query-input\":{\"@type\":\"PropertyValueSpecification\",\"valueRequired\":true,\"valueName\":\"search_term_string\"}}],\"inLanguage\":\"es\"},{\"@type\":\"Organization\",\"@id\":\"https:\\\/\\\/www.laguiadepamplona.com\\\/actualidad\\\/#organization\",\"name\":\"La Gu\u00eda de Pamplona \\\/ Noticias\",\"url\":\"https:\\\/\\\/www.laguiadepamplona.com\\\/actualidad\\\/\",\"logo\":{\"@type\":\"ImageObject\",\"inLanguage\":\"es\",\"@id\":\"https:\\\/\\\/www.laguiadepamplona.com\\\/actualidad\\\/#\\\/schema\\\/logo\\\/image\\\/\",\"url\":\"https:\\\/\\\/www.laguiadepamplona.com\\\/actualidad\\\/wp-content\\\/uploads\\\/2018\\\/11\\\/logo-laguiadepamplona18-web1.png\",\"contentUrl\":\"https:\\\/\\\/www.laguiadepamplona.com\\\/actualidad\\\/wp-content\\\/uploads\\\/2018\\\/11\\\/logo-laguiadepamplona18-web1.png\",\"width\":600,\"height\":196,\"caption\":\"La Gu\u00eda de Pamplona \\\/ Noticias\"},\"image\":{\"@id\":\"https:\\\/\\\/www.laguiadepamplona.com\\\/actualidad\\\/#\\\/schema\\\/logo\\\/image\\\/\"},\"sameAs\":[\"https:\\\/\\\/www.facebook.com\\\/laguiadepamplonacom-133175176762273\\\/?ref=hl\",\"https:\\\/\\\/x.com\\\/LaGuiadPamplona\",\"https:\\\/\\\/www.instagram.com\\\/la_guia_de_pamplona\\\/\",\"https:\\\/\\\/www.youtube.com\\\/user\\\/laguiadepamplona\"]},{\"@type\":\"Person\",\"@id\":\"https:\\\/\\\/www.laguiadepamplona.com\\\/actualidad\\\/#\\\/schema\\\/person\\\/efe887376f0213d4657c93adc50b1fdb\",\"name\":\"La Gu\u00eda de Pamplona\",\"image\":{\"@type\":\"ImageObject\",\"inLanguage\":\"es\",\"@id\":\"https:\\\/\\\/secure.gravatar.com\\\/avatar\\\/b6992f131dc8d30ab0dff15446e9d346d9dbd95992de0fef795073f5ea83a81c?s=96&d=mm&r=g\",\"url\":\"https:\\\/\\\/secure.gravatar.com\\\/avatar\\\/b6992f131dc8d30ab0dff15446e9d346d9dbd95992de0fef795073f5ea83a81c?s=96&d=mm&r=g\",\"contentUrl\":\"https:\\\/\\\/secure.gravatar.com\\\/avatar\\\/b6992f131dc8d30ab0dff15446e9d346d9dbd95992de0fef795073f5ea83a81c?s=96&d=mm&r=g\",\"caption\":\"La Gu\u00eda de Pamplona\"}}]}<\/script>\n<!-- \/ Yoast SEO plugin. -->","yoast_head_json":{"title":"Quedan plazas libres para el taller gratuito dirigido a personas cuidadoras no profesionales, familiares de mayores o dependientes que comienza el 24 de febrero","description":"El taller tiene una duraci\u00f3n de un mes, hasta el 24 de marzo, con cinco sesiones en la sala municipal de la calle Zapater\u00eda 40","robots":{"index":"index","follow":"follow","max-snippet":"max-snippet:-1","max-image-preview":"max-image-preview:large","max-video-preview":"max-video-preview:-1"},"canonical":"https:\/\/www.laguiadepamplona.com\/actualidad\/quedan-plazas-libres-para-el-taller-gratuito-dirigido-a-personas-cuidadoras-no-profesionales-familiares-de-mayores-o-dependientes-que-comienza-el-24-de-febrero\/","og_locale":"es_ES","og_type":"article","og_title":"Quedan plazas libres para el taller gratuito dirigido a personas cuidadoras no profesionales, familiares de mayores o dependientes que comienza el 24 de febrero","og_description":"El taller tiene una duraci\u00f3n de un mes, hasta el 24 de marzo, con cinco sesiones en la sala municipal de la calle Zapater\u00eda 40","og_url":"https:\/\/www.laguiadepamplona.com\/actualidad\/quedan-plazas-libres-para-el-taller-gratuito-dirigido-a-personas-cuidadoras-no-profesionales-familiares-de-mayores-o-dependientes-que-comienza-el-24-de-febrero\/","og_site_name":"La Gu\u00eda de Pamplona","article_publisher":"https:\/\/www.facebook.com\/laguiadepamplonacom-133175176762273\/?ref=hl","article_published_time":"2022-02-10T11:38:27+00:00","article_modified_time":"2023-04-11T09:48:32+00:00","og_image":[{"width":1190,"height":842,"url":"https:\/\/www.laguiadepamplona.com\/actualidad\/wp-content\/uploads\/2022\/02\/cartel-taller-gratuito-cuidadoras.jpg","type":"image\/jpeg"}],"author":"La Gu\u00eda de Pamplona","twitter_card":"summary_large_image","twitter_creator":"@LaGuiadPamplona","twitter_site":"@LaGuiadPamplona","twitter_misc":{"Escrito por":"La Gu\u00eda de Pamplona","Tiempo de lectura":"2 minutos"},"schema":{"@context":"https:\/\/schema.org","@graph":[{"@type":"Article","@id":"https:\/\/www.laguiadepamplona.com\/actualidad\/quedan-plazas-libres-para-el-taller-gratuito-dirigido-a-personas-cuidadoras-no-profesionales-familiares-de-mayores-o-dependientes-que-comienza-el-24-de-febrero\/#article","isPartOf":{"@id":"https:\/\/www.laguiadepamplona.com\/actualidad\/quedan-plazas-libres-para-el-taller-gratuito-dirigido-a-personas-cuidadoras-no-profesionales-familiares-de-mayores-o-dependientes-que-comienza-el-24-de-febrero\/"},"author":{"name":"La Gu\u00eda de Pamplona","@id":"https:\/\/www.laguiadepamplona.com\/actualidad\/#\/schema\/person\/efe887376f0213d4657c93adc50b1fdb"},"headline":"Quedan plazas libres para el taller gratuito dirigido a personas cuidadoras no profesionales, familiares de mayores o dependientes que comienza el 24 de febrero","datePublished":"2022-02-10T11:38:27+00:00","dateModified":"2023-04-11T09:48:32+00:00","mainEntityOfPage":{"@id":"https:\/\/www.laguiadepamplona.com\/actualidad\/quedan-plazas-libres-para-el-taller-gratuito-dirigido-a-personas-cuidadoras-no-profesionales-familiares-de-mayores-o-dependientes-que-comienza-el-24-de-febrero\/"},"wordCount":296,"commentCount":0,"publisher":{"@id":"https:\/\/www.laguiadepamplona.com\/actualidad\/#organization"},"image":{"@id":"https:\/\/www.laguiadepamplona.com\/actualidad\/quedan-plazas-libres-para-el-taller-gratuito-dirigido-a-personas-cuidadoras-no-profesionales-familiares-de-mayores-o-dependientes-que-comienza-el-24-de-febrero\/#primaryimage"},"thumbnailUrl":"https:\/\/www.laguiadepamplona.com\/actualidad\/wp-content\/uploads\/2022\/02\/cartel-taller-gratuito-cuidadoras.jpg","articleSection":["Ayto Pamplona"],"inLanguage":"es","potentialAction":[{"@type":"CommentAction","name":"Comment","target":["https:\/\/www.laguiadepamplona.com\/actualidad\/quedan-plazas-libres-para-el-taller-gratuito-dirigido-a-personas-cuidadoras-no-profesionales-familiares-de-mayores-o-dependientes-que-comienza-el-24-de-febrero\/#respond"]}]},{"@type":"WebPage","@id":"https:\/\/www.laguiadepamplona.com\/actualidad\/quedan-plazas-libres-para-el-taller-gratuito-dirigido-a-personas-cuidadoras-no-profesionales-familiares-de-mayores-o-dependientes-que-comienza-el-24-de-febrero\/","url":"https:\/\/www.laguiadepamplona.com\/actualidad\/quedan-plazas-libres-para-el-taller-gratuito-dirigido-a-personas-cuidadoras-no-profesionales-familiares-de-mayores-o-dependientes-que-comienza-el-24-de-febrero\/","name":"Quedan plazas libres para el taller gratuito dirigido a personas cuidadoras no profesionales, familiares de mayores o dependientes que comienza el 24 de febrero","isPartOf":{"@id":"https:\/\/www.laguiadepamplona.com\/actualidad\/#website"},"primaryImageOfPage":{"@id":"https:\/\/www.laguiadepamplona.com\/actualidad\/quedan-plazas-libres-para-el-taller-gratuito-dirigido-a-personas-cuidadoras-no-profesionales-familiares-de-mayores-o-dependientes-que-comienza-el-24-de-febrero\/#primaryimage"},"image":{"@id":"https:\/\/www.laguiadepamplona.com\/actualidad\/quedan-plazas-libres-para-el-taller-gratuito-dirigido-a-personas-cuidadoras-no-profesionales-familiares-de-mayores-o-dependientes-que-comienza-el-24-de-febrero\/#primaryimage"},"thumbnailUrl":"https:\/\/www.laguiadepamplona.com\/actualidad\/wp-content\/uploads\/2022\/02\/cartel-taller-gratuito-cuidadoras.jpg","datePublished":"2022-02-10T11:38:27+00:00","dateModified":"2023-04-11T09:48:32+00:00","description":"El taller tiene una duraci\u00f3n de un mes, hasta el 24 de marzo, con cinco sesiones en la sala municipal de la calle Zapater\u00eda 40","breadcrumb":{"@id":"https:\/\/www.laguiadepamplona.com\/actualidad\/quedan-plazas-libres-para-el-taller-gratuito-dirigido-a-personas-cuidadoras-no-profesionales-familiares-de-mayores-o-dependientes-que-comienza-el-24-de-febrero\/#breadcrumb"},"inLanguage":"es","potentialAction":[{"@type":"ReadAction","target":["https:\/\/www.laguiadepamplona.com\/actualidad\/quedan-plazas-libres-para-el-taller-gratuito-dirigido-a-personas-cuidadoras-no-profesionales-familiares-de-mayores-o-dependientes-que-comienza-el-24-de-febrero\/"]}]},{"@type":"ImageObject","inLanguage":"es","@id":"https:\/\/www.laguiadepamplona.com\/actualidad\/quedan-plazas-libres-para-el-taller-gratuito-dirigido-a-personas-cuidadoras-no-profesionales-familiares-de-mayores-o-dependientes-que-comienza-el-24-de-febrero\/#primaryimage","url":"https:\/\/www.laguiadepamplona.com\/actualidad\/wp-content\/uploads\/2022\/02\/cartel-taller-gratuito-cuidadoras.jpg","contentUrl":"https:\/\/www.laguiadepamplona.com\/actualidad\/wp-content\/uploads\/2022\/02\/cartel-taller-gratuito-cuidadoras.jpg","width":1190,"height":842},{"@type":"BreadcrumbList","@id":"https:\/\/www.laguiadepamplona.com\/actualidad\/quedan-plazas-libres-para-el-taller-gratuito-dirigido-a-personas-cuidadoras-no-profesionales-familiares-de-mayores-o-dependientes-que-comienza-el-24-de-febrero\/#breadcrumb","itemListElement":[{"@type":"ListItem","position":1,"name":"Portada","item":"https:\/\/www.laguiadepamplona.com\/actualidad\/"},{"@type":"ListItem","position":2,"name":"Quedan plazas libres para el taller gratuito dirigido a personas cuidadoras no profesionales, familiares de mayores o dependientes que comienza el 24 de febrero"}]},{"@type":"WebSite","@id":"https:\/\/www.laguiadepamplona.com\/actualidad\/#website","url":"https:\/\/www.laguiadepamplona.com\/actualidad\/","name":"La gu\u00eda de Pamplona","description":"Noticias de Pamplona","publisher":{"@id":"https:\/\/www.laguiadepamplona.com\/actualidad\/#organization"},"potentialAction":[{"@type":"SearchAction","target":{"@type":"EntryPoint","urlTemplate":"https:\/\/www.laguiadepamplona.com\/actualidad\/?s={search_term_string}"},"query-input":{"@type":"PropertyValueSpecification","valueRequired":true,"valueName":"search_term_string"}}],"inLanguage":"es"},{"@type":"Organization","@id":"https:\/\/www.laguiadepamplona.com\/actualidad\/#organization","name":"La Gu\u00eda de Pamplona \/ Noticias","url":"https:\/\/www.laguiadepamplona.com\/actualidad\/","logo":{"@type":"ImageObject","inLanguage":"es","@id":"https:\/\/www.laguiadepamplona.com\/actualidad\/#\/schema\/logo\/image\/","url":"https:\/\/www.laguiadepamplona.com\/actualidad\/wp-content\/uploads\/2018\/11\/logo-laguiadepamplona18-web1.png","contentUrl":"https:\/\/www.laguiadepamplona.com\/actualidad\/wp-content\/uploads\/2018\/11\/logo-laguiadepamplona18-web1.png","width":600,"height":196,"caption":"La Gu\u00eda de Pamplona \/ Noticias"},"image":{"@id":"https:\/\/www.laguiadepamplona.com\/actualidad\/#\/schema\/logo\/image\/"},"sameAs":["https:\/\/www.facebook.com\/laguiadepamplonacom-133175176762273\/?ref=hl","https:\/\/x.com\/LaGuiadPamplona","https:\/\/www.instagram.com\/la_guia_de_pamplona\/","https:\/\/www.youtube.com\/user\/laguiadepamplona"]},{"@type":"Person","@id":"https:\/\/www.laguiadepamplona.com\/actualidad\/#\/schema\/person\/efe887376f0213d4657c93adc50b1fdb","name":"La Gu\u00eda de Pamplona","image":{"@type":"ImageObject","inLanguage":"es","@id":"https:\/\/secure.gravatar.com\/avatar\/b6992f131dc8d30ab0dff15446e9d346d9dbd95992de0fef795073f5ea83a81c?s=96&d=mm&r=g","url":"https:\/\/secure.gravatar.com\/avatar\/b6992f131dc8d30ab0dff15446e9d346d9dbd95992de0fef795073f5ea83a81c?s=96&d=mm&r=g","contentUrl":"https:\/\/secure.gravatar.com\/avatar\/b6992f131dc8d30ab0dff15446e9d346d9dbd95992de0fef795073f5ea83a81c?s=96&d=mm&r=g","caption":"La Gu\u00eda de Pamplona"}}]}},"post_mailing_queue_ids":[],"_links":{"self":[{"href":"https:\/\/www.laguiadepamplona.com\/actualidad\/wp-json\/wp\/v2\/posts\/38689","targetHints":{"allow":["GET"]}}],"collection":[{"href":"https:\/\/www.laguiadepamplona.com\/actualidad\/wp-json\/wp\/v2\/posts"}],"about":[{"href":"https:\/\/www.laguiadepamplona.com\/actualidad\/wp-json\/wp\/v2\/types\/post"}],"author":[{"embeddable":true,"href":"https:\/\/www.laguiadepamplona.com\/actualidad\/wp-json\/wp\/v2\/users\/1"}],"replies":[{"embeddable":true,"href":"https:\/\/www.laguiadepamplona.com\/actualidad\/wp-json\/wp\/v2\/comments?post=38689"}],"version-history":[{"count":0,"href":"https:\/\/www.laguiadepamplona.com\/actualidad\/wp-json\/wp\/v2\/posts\/38689\/revisions"}],"wp:featuredmedia":[{"embeddable":true,"href":"https:\/\/www.laguiadepamplona.com\/actualidad\/wp-json\/wp\/v2\/media\/38690"}],"wp:attachment":[{"href":"https:\/\/www.laguiadepamplona.com\/actualidad\/wp-json\/wp\/v2\/media?parent=38689"}],"wp:term":[{"taxonomy":"category","embeddable":true,"href":"https:\/\/www.laguiadepamplona.com\/actualidad\/wp-json\/wp\/v2\/categories?post=38689"},{"taxonomy":"post_tag","embeddable":true,"href":"https:\/\/www.laguiadepamplona.com\/actualidad\/wp-json\/wp\/v2\/tags?post=38689"}],"curies":[{"name":"wp","href":"https:\/\/api.w.org\/{rel}","templated":true}]}}