{"id":38682,"date":"2022-02-09T16:53:21","date_gmt":"2022-02-09T14:53:21","guid":{"rendered":"https:\/\/www.laguiadepamplona.com\/actualidad\/?p=38682"},"modified":"2023-04-11T11:48:32","modified_gmt":"2023-04-11T09:48:32","slug":"declaraciones-aprobadas-en-la-comision-de-urbanismo-celebrada-el-miercoles-9-de-febrero-de-2022","status":"publish","type":"post","link":"https:\/\/www.laguiadepamplona.com\/actualidad\/declaraciones-aprobadas-en-la-comision-de-urbanismo-celebrada-el-miercoles-9-de-febrero-de-2022\/","title":{"rendered":"Declaraciones aprobadas en la Comisi\u00f3n de Urbanismo celebrada el mi\u00e9rcoles 9 de febrero de 2022"},"content":{"rendered":"<p><!--more--><\/p>\n<p><strong>Declaraci\u00f3n sobre el problema de contaminaci\u00f3n que genera el uso del caucho granulado en el campo de f\u00fatbol de San Jorge<\/strong><\/p>\n<p><u>Proponentes<\/u>: EH Bildu<\/p>\n<p><u>Votaci\u00f3n<\/u>: puntos 1 y 2 aprobados con 6 votos a favor (EH Bildu, Socialistas del Ayuntamiento de Pamplona y Geroa Bai) y 5 votos en contra (Navarra Suma)<\/p>\n<p>ACUERDA<\/p>\n<ol>\n<li>Que el Ayuntamiento de Pamplona \u2013 Iru\u00f1a realice un an\u00e1lisis del problema que representa el caucho del campo de f\u00fatbol del barrio de Sanduzelai \u2013 San Jorge en la orilla del r\u00edo Arga por el efecto del arrastre hacia sus aguas que provocan riadas y de las posibles medidas protectoras o correctoras a adoptar.<\/li>\n<li>Que las conclusiones de este an\u00e1lisis se trasladen a la Comisi\u00f3n de Urbanismo para su toma en consideraci\u00f3n y realizar el debate que corresponda.<\/li>\n<\/ol>\n<p>&nbsp;<br \/>\n<script async src=\"\/\/pagead2.googlesyndication.com\/pagead\/js\/adsbygoogle.js\"><\/script><br \/>\n<!-- Noticias La Guia de Pamplona --><br \/>\n<ins class=\"adsbygoogle\"\nstyle=\"display:block\"\ndata-ad-client=\"ca-pub-6943679897239327\"\ndata-ad-slot=\"7048180777\"\ndata-ad-format=\"auto\"><\/ins><br \/>\n<script>\n(adsbygoogle = window.adsbygoogle || []).push({});\n<\/script><\/p>\n<p><strong>Declaraci\u00f3n sobre las murallas de Pamplona<\/strong><\/p>\n<p><u>Proponentes<\/u>: Socialistas del Ayuntamiento de Pamplona<\/p>\n<p><u>Votaci\u00f3n<\/u>: aprobada por unanimidad<\/p>\n<p>ACUERDA<\/p>\n<ol>\n<li>Instar al \u00e1rea de Urbanismo a que analice e informe en comisi\u00f3n sobre el posible desarrollo de esta propuesta para marcar y mejorar la se\u00f1alizaci\u00f3n e informaci\u00f3n sobre la muralla de Pamplona.<\/li>\n<\/ol>\n","protected":false},"excerpt":{"rendered":"","protected":false},"author":1,"featured_media":36074,"comment_status":"open","ping_status":"closed","sticky":false,"template":"","format":"standard","meta":{"footnotes":""},"categories":[2],"tags":[],"class_list":["post-38682","post","type-post","status-publish","format-standard","has-post-thumbnail","hentry","category-ayuntamiento-pamplona"],"yoast_head":"<!-- This site is optimized with the Yoast SEO plugin v27.5 - https:\/\/yoast.com\/product\/yoast-seo-wordpress\/ -->\n<title>Declaraciones aprobadas en la Comisi\u00f3n de Urbanismo celebrada el mi\u00e9rcoles 9 de febrero de 2022<\/title>\n<meta name=\"robots\" content=\"index, follow, max-snippet:-1, max-image-preview:large, max-video-preview:-1\" \/>\n<link rel=\"canonical\" href=\"https:\/\/www.laguiadepamplona.com\/actualidad\/declaraciones-aprobadas-en-la-comision-de-urbanismo-celebrada-el-miercoles-9-de-febrero-de-2022\/\" \/>\n<meta property=\"og:locale\" content=\"es_ES\" \/>\n<meta property=\"og:type\" content=\"article\" \/>\n<meta property=\"og:title\" content=\"Declaraciones aprobadas en la Comisi\u00f3n de Urbanismo celebrada el mi\u00e9rcoles 9 de febrero de 2022\" \/>\n<meta property=\"og:url\" content=\"https:\/\/www.laguiadepamplona.com\/actualidad\/declaraciones-aprobadas-en-la-comision-de-urbanismo-celebrada-el-miercoles-9-de-febrero-de-2022\/\" \/>\n<meta property=\"og:site_name\" content=\"La Gu\u00eda de Pamplona\" \/>\n<meta property=\"article:publisher\" content=\"https:\/\/www.facebook.com\/laguiadepamplonacom-133175176762273\/?ref=hl\" \/>\n<meta property=\"article:published_time\" content=\"2022-02-09T14:53:21+00:00\" \/>\n<meta property=\"article:modified_time\" content=\"2023-04-11T09:48:32+00:00\" \/>\n<meta property=\"og:image\" content=\"https:\/\/www.laguiadepamplona.com\/actualidad\/wp-content\/uploads\/2021\/08\/ayuntamiento-pamplona2.jpg\" \/>\n\t<meta property=\"og:image:width\" content=\"1920\" \/>\n\t<meta property=\"og:image:height\" content=\"1080\" \/>\n\t<meta property=\"og:image:type\" content=\"image\/jpeg\" \/>\n<meta name=\"author\" content=\"La Gu\u00eda de Pamplona\" \/>\n<meta name=\"twitter:card\" content=\"summary_large_image\" \/>\n<meta name=\"twitter:creator\" content=\"@LaGuiadPamplona\" \/>\n<meta name=\"twitter:site\" content=\"@LaGuiadPamplona\" \/>\n<meta name=\"twitter:label1\" content=\"Escrito por\" \/>\n\t<meta name=\"twitter:data1\" content=\"La Gu\u00eda de Pamplona\" \/>\n\t<meta name=\"twitter:label2\" content=\"Tiempo de lectura\" \/>\n\t<meta name=\"twitter:data2\" content=\"1 minuto\" \/>\n<script type=\"application\/ld+json\" class=\"yoast-schema-graph\">{\"@context\":\"https:\\\/\\\/schema.org\",\"@graph\":[{\"@type\":\"Article\",\"@id\":\"https:\\\/\\\/www.laguiadepamplona.com\\\/actualidad\\\/declaraciones-aprobadas-en-la-comision-de-urbanismo-celebrada-el-miercoles-9-de-febrero-de-2022\\\/#article\",\"isPartOf\":{\"@id\":\"https:\\\/\\\/www.laguiadepamplona.com\\\/actualidad\\\/declaraciones-aprobadas-en-la-comision-de-urbanismo-celebrada-el-miercoles-9-de-febrero-de-2022\\\/\"},\"author\":{\"name\":\"La Gu\u00eda de Pamplona\",\"@id\":\"https:\\\/\\\/www.laguiadepamplona.com\\\/actualidad\\\/#\\\/schema\\\/person\\\/efe887376f0213d4657c93adc50b1fdb\"},\"headline\":\"Declaraciones aprobadas en la Comisi\u00f3n de Urbanismo celebrada el mi\u00e9rcoles 9 de febrero de 2022\",\"datePublished\":\"2022-02-09T14:53:21+00:00\",\"dateModified\":\"2023-04-11T09:48:32+00:00\",\"mainEntityOfPage\":{\"@id\":\"https:\\\/\\\/www.laguiadepamplona.com\\\/actualidad\\\/declaraciones-aprobadas-en-la-comision-de-urbanismo-celebrada-el-miercoles-9-de-febrero-de-2022\\\/\"},\"wordCount\":207,\"commentCount\":0,\"publisher\":{\"@id\":\"https:\\\/\\\/www.laguiadepamplona.com\\\/actualidad\\\/#organization\"},\"image\":{\"@id\":\"https:\\\/\\\/www.laguiadepamplona.com\\\/actualidad\\\/declaraciones-aprobadas-en-la-comision-de-urbanismo-celebrada-el-miercoles-9-de-febrero-de-2022\\\/#primaryimage\"},\"thumbnailUrl\":\"https:\\\/\\\/www.laguiadepamplona.com\\\/actualidad\\\/wp-content\\\/uploads\\\/2021\\\/08\\\/ayuntamiento-pamplona2.jpg\",\"articleSection\":[\"Ayto Pamplona\"],\"inLanguage\":\"es\",\"potentialAction\":[{\"@type\":\"CommentAction\",\"name\":\"Comment\",\"target\":[\"https:\\\/\\\/www.laguiadepamplona.com\\\/actualidad\\\/declaraciones-aprobadas-en-la-comision-de-urbanismo-celebrada-el-miercoles-9-de-febrero-de-2022\\\/#respond\"]}]},{\"@type\":\"WebPage\",\"@id\":\"https:\\\/\\\/www.laguiadepamplona.com\\\/actualidad\\\/declaraciones-aprobadas-en-la-comision-de-urbanismo-celebrada-el-miercoles-9-de-febrero-de-2022\\\/\",\"url\":\"https:\\\/\\\/www.laguiadepamplona.com\\\/actualidad\\\/declaraciones-aprobadas-en-la-comision-de-urbanismo-celebrada-el-miercoles-9-de-febrero-de-2022\\\/\",\"name\":\"Declaraciones aprobadas en la Comisi\u00f3n de Urbanismo celebrada el mi\u00e9rcoles 9 de febrero de 2022\",\"isPartOf\":{\"@id\":\"https:\\\/\\\/www.laguiadepamplona.com\\\/actualidad\\\/#website\"},\"primaryImageOfPage\":{\"@id\":\"https:\\\/\\\/www.laguiadepamplona.com\\\/actualidad\\\/declaraciones-aprobadas-en-la-comision-de-urbanismo-celebrada-el-miercoles-9-de-febrero-de-2022\\\/#primaryimage\"},\"image\":{\"@id\":\"https:\\\/\\\/www.laguiadepamplona.com\\\/actualidad\\\/declaraciones-aprobadas-en-la-comision-de-urbanismo-celebrada-el-miercoles-9-de-febrero-de-2022\\\/#primaryimage\"},\"thumbnailUrl\":\"https:\\\/\\\/www.laguiadepamplona.com\\\/actualidad\\\/wp-content\\\/uploads\\\/2021\\\/08\\\/ayuntamiento-pamplona2.jpg\",\"datePublished\":\"2022-02-09T14:53:21+00:00\",\"dateModified\":\"2023-04-11T09:48:32+00:00\",\"breadcrumb\":{\"@id\":\"https:\\\/\\\/www.laguiadepamplona.com\\\/actualidad\\\/declaraciones-aprobadas-en-la-comision-de-urbanismo-celebrada-el-miercoles-9-de-febrero-de-2022\\\/#breadcrumb\"},\"inLanguage\":\"es\",\"potentialAction\":[{\"@type\":\"ReadAction\",\"target\":[\"https:\\\/\\\/www.laguiadepamplona.com\\\/actualidad\\\/declaraciones-aprobadas-en-la-comision-de-urbanismo-celebrada-el-miercoles-9-de-febrero-de-2022\\\/\"]}]},{\"@type\":\"ImageObject\",\"inLanguage\":\"es\",\"@id\":\"https:\\\/\\\/www.laguiadepamplona.com\\\/actualidad\\\/declaraciones-aprobadas-en-la-comision-de-urbanismo-celebrada-el-miercoles-9-de-febrero-de-2022\\\/#primaryimage\",\"url\":\"https:\\\/\\\/www.laguiadepamplona.com\\\/actualidad\\\/wp-content\\\/uploads\\\/2021\\\/08\\\/ayuntamiento-pamplona2.jpg\",\"contentUrl\":\"https:\\\/\\\/www.laguiadepamplona.com\\\/actualidad\\\/wp-content\\\/uploads\\\/2021\\\/08\\\/ayuntamiento-pamplona2.jpg\",\"width\":1920,\"height\":1080,\"caption\":\"ayuntamiento pamplona\"},{\"@type\":\"BreadcrumbList\",\"@id\":\"https:\\\/\\\/www.laguiadepamplona.com\\\/actualidad\\\/declaraciones-aprobadas-en-la-comision-de-urbanismo-celebrada-el-miercoles-9-de-febrero-de-2022\\\/#breadcrumb\",\"itemListElement\":[{\"@type\":\"ListItem\",\"position\":1,\"name\":\"Portada\",\"item\":\"https:\\\/\\\/www.laguiadepamplona.com\\\/actualidad\\\/\"},{\"@type\":\"ListItem\",\"position\":2,\"name\":\"Declaraciones aprobadas en la Comisi\u00f3n de Urbanismo celebrada el mi\u00e9rcoles 9 de febrero de 2022\"}]},{\"@type\":\"WebSite\",\"@id\":\"https:\\\/\\\/www.laguiadepamplona.com\\\/actualidad\\\/#website\",\"url\":\"https:\\\/\\\/www.laguiadepamplona.com\\\/actualidad\\\/\",\"name\":\"La gu\u00eda de Pamplona\",\"description\":\"Noticias de Pamplona\",\"publisher\":{\"@id\":\"https:\\\/\\\/www.laguiadepamplona.com\\\/actualidad\\\/#organization\"},\"potentialAction\":[{\"@type\":\"SearchAction\",\"target\":{\"@type\":\"EntryPoint\",\"urlTemplate\":\"https:\\\/\\\/www.laguiadepamplona.com\\\/actualidad\\\/?s={search_term_string}\"},\"query-input\":{\"@type\":\"PropertyValueSpecification\",\"valueRequired\":true,\"valueName\":\"search_term_string\"}}],\"inLanguage\":\"es\"},{\"@type\":\"Organization\",\"@id\":\"https:\\\/\\\/www.laguiadepamplona.com\\\/actualidad\\\/#organization\",\"name\":\"La Gu\u00eda de Pamplona \\\/ Noticias\",\"url\":\"https:\\\/\\\/www.laguiadepamplona.com\\\/actualidad\\\/\",\"logo\":{\"@type\":\"ImageObject\",\"inLanguage\":\"es\",\"@id\":\"https:\\\/\\\/www.laguiadepamplona.com\\\/actualidad\\\/#\\\/schema\\\/logo\\\/image\\\/\",\"url\":\"https:\\\/\\\/www.laguiadepamplona.com\\\/actualidad\\\/wp-content\\\/uploads\\\/2018\\\/11\\\/logo-laguiadepamplona18-web1.png\",\"contentUrl\":\"https:\\\/\\\/www.laguiadepamplona.com\\\/actualidad\\\/wp-content\\\/uploads\\\/2018\\\/11\\\/logo-laguiadepamplona18-web1.png\",\"width\":600,\"height\":196,\"caption\":\"La Gu\u00eda de Pamplona \\\/ Noticias\"},\"image\":{\"@id\":\"https:\\\/\\\/www.laguiadepamplona.com\\\/actualidad\\\/#\\\/schema\\\/logo\\\/image\\\/\"},\"sameAs\":[\"https:\\\/\\\/www.facebook.com\\\/laguiadepamplonacom-133175176762273\\\/?ref=hl\",\"https:\\\/\\\/x.com\\\/LaGuiadPamplona\",\"https:\\\/\\\/www.instagram.com\\\/la_guia_de_pamplona\\\/\",\"https:\\\/\\\/www.youtube.com\\\/user\\\/laguiadepamplona\"]},{\"@type\":\"Person\",\"@id\":\"https:\\\/\\\/www.laguiadepamplona.com\\\/actualidad\\\/#\\\/schema\\\/person\\\/efe887376f0213d4657c93adc50b1fdb\",\"name\":\"La Gu\u00eda de Pamplona\",\"image\":{\"@type\":\"ImageObject\",\"inLanguage\":\"es\",\"@id\":\"https:\\\/\\\/secure.gravatar.com\\\/avatar\\\/b6992f131dc8d30ab0dff15446e9d346d9dbd95992de0fef795073f5ea83a81c?s=96&d=mm&r=g\",\"url\":\"https:\\\/\\\/secure.gravatar.com\\\/avatar\\\/b6992f131dc8d30ab0dff15446e9d346d9dbd95992de0fef795073f5ea83a81c?s=96&d=mm&r=g\",\"contentUrl\":\"https:\\\/\\\/secure.gravatar.com\\\/avatar\\\/b6992f131dc8d30ab0dff15446e9d346d9dbd95992de0fef795073f5ea83a81c?s=96&d=mm&r=g\",\"caption\":\"La Gu\u00eda de Pamplona\"}}]}<\/script>\n<!-- \/ Yoast SEO plugin. -->","yoast_head_json":{"title":"Declaraciones aprobadas en la Comisi\u00f3n de Urbanismo celebrada el mi\u00e9rcoles 9 de febrero de 2022","robots":{"index":"index","follow":"follow","max-snippet":"max-snippet:-1","max-image-preview":"max-image-preview:large","max-video-preview":"max-video-preview:-1"},"canonical":"https:\/\/www.laguiadepamplona.com\/actualidad\/declaraciones-aprobadas-en-la-comision-de-urbanismo-celebrada-el-miercoles-9-de-febrero-de-2022\/","og_locale":"es_ES","og_type":"article","og_title":"Declaraciones aprobadas en la Comisi\u00f3n de Urbanismo celebrada el mi\u00e9rcoles 9 de febrero de 2022","og_url":"https:\/\/www.laguiadepamplona.com\/actualidad\/declaraciones-aprobadas-en-la-comision-de-urbanismo-celebrada-el-miercoles-9-de-febrero-de-2022\/","og_site_name":"La Gu\u00eda de Pamplona","article_publisher":"https:\/\/www.facebook.com\/laguiadepamplonacom-133175176762273\/?ref=hl","article_published_time":"2022-02-09T14:53:21+00:00","article_modified_time":"2023-04-11T09:48:32+00:00","og_image":[{"width":1920,"height":1080,"url":"https:\/\/www.laguiadepamplona.com\/actualidad\/wp-content\/uploads\/2021\/08\/ayuntamiento-pamplona2.jpg","type":"image\/jpeg"}],"author":"La Gu\u00eda de Pamplona","twitter_card":"summary_large_image","twitter_creator":"@LaGuiadPamplona","twitter_site":"@LaGuiadPamplona","twitter_misc":{"Escrito por":"La Gu\u00eda de Pamplona","Tiempo de lectura":"1 minuto"},"schema":{"@context":"https:\/\/schema.org","@graph":[{"@type":"Article","@id":"https:\/\/www.laguiadepamplona.com\/actualidad\/declaraciones-aprobadas-en-la-comision-de-urbanismo-celebrada-el-miercoles-9-de-febrero-de-2022\/#article","isPartOf":{"@id":"https:\/\/www.laguiadepamplona.com\/actualidad\/declaraciones-aprobadas-en-la-comision-de-urbanismo-celebrada-el-miercoles-9-de-febrero-de-2022\/"},"author":{"name":"La Gu\u00eda de Pamplona","@id":"https:\/\/www.laguiadepamplona.com\/actualidad\/#\/schema\/person\/efe887376f0213d4657c93adc50b1fdb"},"headline":"Declaraciones aprobadas en la Comisi\u00f3n de Urbanismo celebrada el mi\u00e9rcoles 9 de febrero de 2022","datePublished":"2022-02-09T14:53:21+00:00","dateModified":"2023-04-11T09:48:32+00:00","mainEntityOfPage":{"@id":"https:\/\/www.laguiadepamplona.com\/actualidad\/declaraciones-aprobadas-en-la-comision-de-urbanismo-celebrada-el-miercoles-9-de-febrero-de-2022\/"},"wordCount":207,"commentCount":0,"publisher":{"@id":"https:\/\/www.laguiadepamplona.com\/actualidad\/#organization"},"image":{"@id":"https:\/\/www.laguiadepamplona.com\/actualidad\/declaraciones-aprobadas-en-la-comision-de-urbanismo-celebrada-el-miercoles-9-de-febrero-de-2022\/#primaryimage"},"thumbnailUrl":"https:\/\/www.laguiadepamplona.com\/actualidad\/wp-content\/uploads\/2021\/08\/ayuntamiento-pamplona2.jpg","articleSection":["Ayto Pamplona"],"inLanguage":"es","potentialAction":[{"@type":"CommentAction","name":"Comment","target":["https:\/\/www.laguiadepamplona.com\/actualidad\/declaraciones-aprobadas-en-la-comision-de-urbanismo-celebrada-el-miercoles-9-de-febrero-de-2022\/#respond"]}]},{"@type":"WebPage","@id":"https:\/\/www.laguiadepamplona.com\/actualidad\/declaraciones-aprobadas-en-la-comision-de-urbanismo-celebrada-el-miercoles-9-de-febrero-de-2022\/","url":"https:\/\/www.laguiadepamplona.com\/actualidad\/declaraciones-aprobadas-en-la-comision-de-urbanismo-celebrada-el-miercoles-9-de-febrero-de-2022\/","name":"Declaraciones aprobadas en la Comisi\u00f3n de Urbanismo celebrada el mi\u00e9rcoles 9 de febrero de 2022","isPartOf":{"@id":"https:\/\/www.laguiadepamplona.com\/actualidad\/#website"},"primaryImageOfPage":{"@id":"https:\/\/www.laguiadepamplona.com\/actualidad\/declaraciones-aprobadas-en-la-comision-de-urbanismo-celebrada-el-miercoles-9-de-febrero-de-2022\/#primaryimage"},"image":{"@id":"https:\/\/www.laguiadepamplona.com\/actualidad\/declaraciones-aprobadas-en-la-comision-de-urbanismo-celebrada-el-miercoles-9-de-febrero-de-2022\/#primaryimage"},"thumbnailUrl":"https:\/\/www.laguiadepamplona.com\/actualidad\/wp-content\/uploads\/2021\/08\/ayuntamiento-pamplona2.jpg","datePublished":"2022-02-09T14:53:21+00:00","dateModified":"2023-04-11T09:48:32+00:00","breadcrumb":{"@id":"https:\/\/www.laguiadepamplona.com\/actualidad\/declaraciones-aprobadas-en-la-comision-de-urbanismo-celebrada-el-miercoles-9-de-febrero-de-2022\/#breadcrumb"},"inLanguage":"es","potentialAction":[{"@type":"ReadAction","target":["https:\/\/www.laguiadepamplona.com\/actualidad\/declaraciones-aprobadas-en-la-comision-de-urbanismo-celebrada-el-miercoles-9-de-febrero-de-2022\/"]}]},{"@type":"ImageObject","inLanguage":"es","@id":"https:\/\/www.laguiadepamplona.com\/actualidad\/declaraciones-aprobadas-en-la-comision-de-urbanismo-celebrada-el-miercoles-9-de-febrero-de-2022\/#primaryimage","url":"https:\/\/www.laguiadepamplona.com\/actualidad\/wp-content\/uploads\/2021\/08\/ayuntamiento-pamplona2.jpg","contentUrl":"https:\/\/www.laguiadepamplona.com\/actualidad\/wp-content\/uploads\/2021\/08\/ayuntamiento-pamplona2.jpg","width":1920,"height":1080,"caption":"ayuntamiento pamplona"},{"@type":"BreadcrumbList","@id":"https:\/\/www.laguiadepamplona.com\/actualidad\/declaraciones-aprobadas-en-la-comision-de-urbanismo-celebrada-el-miercoles-9-de-febrero-de-2022\/#breadcrumb","itemListElement":[{"@type":"ListItem","position":1,"name":"Portada","item":"https:\/\/www.laguiadepamplona.com\/actualidad\/"},{"@type":"ListItem","position":2,"name":"Declaraciones aprobadas en la Comisi\u00f3n de Urbanismo celebrada el mi\u00e9rcoles 9 de febrero de 2022"}]},{"@type":"WebSite","@id":"https:\/\/www.laguiadepamplona.com\/actualidad\/#website","url":"https:\/\/www.laguiadepamplona.com\/actualidad\/","name":"La gu\u00eda de Pamplona","description":"Noticias de Pamplona","publisher":{"@id":"https:\/\/www.laguiadepamplona.com\/actualidad\/#organization"},"potentialAction":[{"@type":"SearchAction","target":{"@type":"EntryPoint","urlTemplate":"https:\/\/www.laguiadepamplona.com\/actualidad\/?s={search_term_string}"},"query-input":{"@type":"PropertyValueSpecification","valueRequired":true,"valueName":"search_term_string"}}],"inLanguage":"es"},{"@type":"Organization","@id":"https:\/\/www.laguiadepamplona.com\/actualidad\/#organization","name":"La Gu\u00eda de Pamplona \/ Noticias","url":"https:\/\/www.laguiadepamplona.com\/actualidad\/","logo":{"@type":"ImageObject","inLanguage":"es","@id":"https:\/\/www.laguiadepamplona.com\/actualidad\/#\/schema\/logo\/image\/","url":"https:\/\/www.laguiadepamplona.com\/actualidad\/wp-content\/uploads\/2018\/11\/logo-laguiadepamplona18-web1.png","contentUrl":"https:\/\/www.laguiadepamplona.com\/actualidad\/wp-content\/uploads\/2018\/11\/logo-laguiadepamplona18-web1.png","width":600,"height":196,"caption":"La Gu\u00eda de Pamplona \/ Noticias"},"image":{"@id":"https:\/\/www.laguiadepamplona.com\/actualidad\/#\/schema\/logo\/image\/"},"sameAs":["https:\/\/www.facebook.com\/laguiadepamplonacom-133175176762273\/?ref=hl","https:\/\/x.com\/LaGuiadPamplona","https:\/\/www.instagram.com\/la_guia_de_pamplona\/","https:\/\/www.youtube.com\/user\/laguiadepamplona"]},{"@type":"Person","@id":"https:\/\/www.laguiadepamplona.com\/actualidad\/#\/schema\/person\/efe887376f0213d4657c93adc50b1fdb","name":"La Gu\u00eda de Pamplona","image":{"@type":"ImageObject","inLanguage":"es","@id":"https:\/\/secure.gravatar.com\/avatar\/b6992f131dc8d30ab0dff15446e9d346d9dbd95992de0fef795073f5ea83a81c?s=96&d=mm&r=g","url":"https:\/\/secure.gravatar.com\/avatar\/b6992f131dc8d30ab0dff15446e9d346d9dbd95992de0fef795073f5ea83a81c?s=96&d=mm&r=g","contentUrl":"https:\/\/secure.gravatar.com\/avatar\/b6992f131dc8d30ab0dff15446e9d346d9dbd95992de0fef795073f5ea83a81c?s=96&d=mm&r=g","caption":"La Gu\u00eda de Pamplona"}}]}},"post_mailing_queue_ids":[],"_links":{"self":[{"href":"https:\/\/www.laguiadepamplona.com\/actualidad\/wp-json\/wp\/v2\/posts\/38682","targetHints":{"allow":["GET"]}}],"collection":[{"href":"https:\/\/www.laguiadepamplona.com\/actualidad\/wp-json\/wp\/v2\/posts"}],"about":[{"href":"https:\/\/www.laguiadepamplona.com\/actualidad\/wp-json\/wp\/v2\/types\/post"}],"author":[{"embeddable":true,"href":"https:\/\/www.laguiadepamplona.com\/actualidad\/wp-json\/wp\/v2\/users\/1"}],"replies":[{"embeddable":true,"href":"https:\/\/www.laguiadepamplona.com\/actualidad\/wp-json\/wp\/v2\/comments?post=38682"}],"version-history":[{"count":0,"href":"https:\/\/www.laguiadepamplona.com\/actualidad\/wp-json\/wp\/v2\/posts\/38682\/revisions"}],"wp:featuredmedia":[{"embeddable":true,"href":"https:\/\/www.laguiadepamplona.com\/actualidad\/wp-json\/wp\/v2\/media\/36074"}],"wp:attachment":[{"href":"https:\/\/www.laguiadepamplona.com\/actualidad\/wp-json\/wp\/v2\/media?parent=38682"}],"wp:term":[{"taxonomy":"category","embeddable":true,"href":"https:\/\/www.laguiadepamplona.com\/actualidad\/wp-json\/wp\/v2\/categories?post=38682"},{"taxonomy":"post_tag","embeddable":true,"href":"https:\/\/www.laguiadepamplona.com\/actualidad\/wp-json\/wp\/v2\/tags?post=38682"}],"curies":[{"name":"wp","href":"https:\/\/api.w.org\/{rel}","templated":true}]}}