{"id":38680,"date":"2022-02-09T16:51:58","date_gmt":"2022-02-09T14:51:58","guid":{"rendered":"https:\/\/www.laguiadepamplona.com\/actualidad\/?p=38680"},"modified":"2023-04-11T11:48:32","modified_gmt":"2023-04-11T09:48:32","slug":"el-ayuntamiento-de-pamplona-se-reune-con-centros-educativos-de-mendillorri-dentro-del-proceso-emprendido-para-crear-una-comunidad-energetica-en-el-barrio","status":"publish","type":"post","link":"https:\/\/www.laguiadepamplona.com\/actualidad\/el-ayuntamiento-de-pamplona-se-reune-con-centros-educativos-de-mendillorri-dentro-del-proceso-emprendido-para-crear-una-comunidad-energetica-en-el-barrio\/","title":{"rendered":"El Ayuntamiento de Pamplona se re\u00fane con centros educativos de Mendillorri dentro del proceso emprendido para crear una Comunidad Energ\u00e9tica en el barrio"},"content":{"rendered":"<h5>La base del proyecto utilizar\u00e1 las instalaciones de generaci\u00f3n del edificio de los colegios C.P. El Lago de Mendillorri y Mendigoiti IP<\/h5>\n<p><!--more--><\/p>\n<p>Esta ma\u00f1ana ha tenido lugar una reuni\u00f3n entre el Ayuntamiento y distintos centros educativos del barrio de Mendillorri para presentar los contenidos y objetivos de esta Comunidad Energ\u00e9tica impulsada por la administraci\u00f3n. El objetivo es buscar la participaci\u00f3n de las comunidades educativas en el proceso de constituci\u00f3n de este grupo de trabajo y el encuentro de hoy forma parte del proceso que se inici\u00f3 en Mendillorri el pasado noviembre.<br \/>\n<script async src=\"\/\/pagead2.googlesyndication.com\/pagead\/js\/adsbygoogle.js\"><\/script><br \/>\n<!-- Noticias La Guia de Pamplona --><br \/>\n<ins class=\"adsbygoogle\"\nstyle=\"display:block\"\ndata-ad-client=\"ca-pub-6943679897239327\"\ndata-ad-slot=\"7048180777\"\ndata-ad-format=\"auto\"><\/ins><br \/>\n<script>\n(adsbygoogle = window.adsbygoogle || []).push({});\n<\/script><\/p>\n<p>En concreto, en la reuni\u00f3n se ha presentado el proceso emprendido para la conformaci\u00f3n de la Comunidad Energ\u00e9tica y se ha ofrecido a los centros los recursos educativos municipales, anim\u00e1ndoles a trabajar en las aulas los temas tratadas a nivel de barrio. En este sentido, se ha planteado la opci\u00f3n de trabajar y poner en marcha en los centros escolares proyectos ApS (Aprendizaje y Servicios) en lo que resta de curso y en el 2022\/2023, con el apoyo del Consistorio. Y es que el Ayuntamiento considera fundamentales la participaci\u00f3n y las aportaciones de las comunidades educativas dentro de este proceso a escala barrio y, en este caso, la comunidad energ\u00e9tica que se propone constituir utilizar\u00e1 adem\u00e1s el proyecto de generaci\u00f3n instalado en el edificio de los colegios C.P. El Lago de Mendillorri y Mendigoiti IP como base para comenzar su actividad.<\/p>\n<p>Las comunidades energ\u00e9ticas se consideran una herramienta clave en la lucha contra el Cambio Clim\u00e1tico y por la Transici\u00f3n Energ\u00e9tica pues son capaces aunar los esfuerzos de diferentes agentes haciendo colaborar a ciudadan\u00eda, administraciones y empresas para el desarrollo de proyectos energ\u00e9ticos participados. En el caso de Pamplona, la constituci\u00f3n de esta comunidad se enmarca en el esfuerzo emprendido por el Ayuntamiento en este \u00e1mbito, dentro de las l\u00edneas de trabajo de la estrategia \u2018Go Green\u2019. En este proceso, que tiene como duraci\u00f3n estimada un a\u00f1o, se impulsar\u00e1 la creaci\u00f3n de un Grupo Motor como entidad que se involucre activamente en el dise\u00f1o y toma de decisiones de la Comunidad Energ\u00e9tica.<\/p>\n","protected":false},"excerpt":{"rendered":"<p>La base del proyecto utilizar\u00e1 las instalaciones de generaci\u00f3n del edificio de los colegios C.P. El Lago de Mendillorri y Mendigoiti IP<\/p>\n","protected":false},"author":1,"featured_media":36919,"comment_status":"open","ping_status":"closed","sticky":false,"template":"","format":"standard","meta":{"footnotes":""},"categories":[2],"tags":[],"class_list":["post-38680","post","type-post","status-publish","format-standard","has-post-thumbnail","hentry","category-ayuntamiento-pamplona"],"yoast_head":"<!-- This site is optimized with the Yoast SEO plugin v27.3 - https:\/\/yoast.com\/product\/yoast-seo-wordpress\/ -->\n<title>El Ayuntamiento de Pamplona se re\u00fane con centros educativos de Mendillorri dentro del proceso emprendido para crear una Comunidad Energ\u00e9tica en el barrio<\/title>\n<meta name=\"description\" content=\"La base del proyecto utilizar\u00e1 las instalaciones de generaci\u00f3n del edificio de los colegios C.P. El Lago de Mendillorri y Mendigoiti IP\" \/>\n<meta name=\"robots\" content=\"index, follow, max-snippet:-1, max-image-preview:large, max-video-preview:-1\" \/>\n<link rel=\"canonical\" href=\"https:\/\/www.laguiadepamplona.com\/actualidad\/el-ayuntamiento-de-pamplona-se-reune-con-centros-educativos-de-mendillorri-dentro-del-proceso-emprendido-para-crear-una-comunidad-energetica-en-el-barrio\/\" \/>\n<meta property=\"og:locale\" content=\"es_ES\" \/>\n<meta property=\"og:type\" content=\"article\" \/>\n<meta property=\"og:title\" content=\"El Ayuntamiento de Pamplona se re\u00fane con centros educativos de Mendillorri dentro del proceso emprendido para crear una Comunidad Energ\u00e9tica en el barrio\" \/>\n<meta property=\"og:description\" content=\"La base del proyecto utilizar\u00e1 las instalaciones de generaci\u00f3n del edificio de los colegios C.P. El Lago de Mendillorri y Mendigoiti IP\" \/>\n<meta property=\"og:url\" content=\"https:\/\/www.laguiadepamplona.com\/actualidad\/el-ayuntamiento-de-pamplona-se-reune-con-centros-educativos-de-mendillorri-dentro-del-proceso-emprendido-para-crear-una-comunidad-energetica-en-el-barrio\/\" \/>\n<meta property=\"og:site_name\" content=\"La Gu\u00eda de Pamplona\" \/>\n<meta property=\"article:publisher\" content=\"https:\/\/www.facebook.com\/laguiadepamplonacom-133175176762273\/?ref=hl\" \/>\n<meta property=\"article:published_time\" content=\"2022-02-09T14:51:58+00:00\" \/>\n<meta property=\"article:modified_time\" content=\"2023-04-11T09:48:32+00:00\" \/>\n<meta property=\"og:image\" content=\"https:\/\/www.laguiadepamplona.com\/actualidad\/wp-content\/uploads\/2021\/10\/vista_-aerea_Mendillorri-6.jpg\" \/>\n\t<meta property=\"og:image:width\" content=\"1920\" \/>\n\t<meta property=\"og:image:height\" content=\"1285\" \/>\n\t<meta property=\"og:image:type\" content=\"image\/jpeg\" \/>\n<meta name=\"author\" content=\"La Gu\u00eda de Pamplona\" \/>\n<meta name=\"twitter:card\" content=\"summary_large_image\" \/>\n<meta name=\"twitter:creator\" content=\"@LaGuiadPamplona\" \/>\n<meta name=\"twitter:site\" content=\"@LaGuiadPamplona\" \/>\n<meta name=\"twitter:label1\" content=\"Escrito por\" \/>\n\t<meta name=\"twitter:data1\" content=\"La Gu\u00eda de Pamplona\" \/>\n\t<meta name=\"twitter:label2\" content=\"Tiempo de lectura\" \/>\n\t<meta name=\"twitter:data2\" content=\"2 minutos\" \/>\n<script type=\"application\/ld+json\" class=\"yoast-schema-graph\">{\"@context\":\"https:\\\/\\\/schema.org\",\"@graph\":[{\"@type\":\"Article\",\"@id\":\"https:\\\/\\\/www.laguiadepamplona.com\\\/actualidad\\\/el-ayuntamiento-de-pamplona-se-reune-con-centros-educativos-de-mendillorri-dentro-del-proceso-emprendido-para-crear-una-comunidad-energetica-en-el-barrio\\\/#article\",\"isPartOf\":{\"@id\":\"https:\\\/\\\/www.laguiadepamplona.com\\\/actualidad\\\/el-ayuntamiento-de-pamplona-se-reune-con-centros-educativos-de-mendillorri-dentro-del-proceso-emprendido-para-crear-una-comunidad-energetica-en-el-barrio\\\/\"},\"author\":{\"name\":\"La Gu\u00eda de Pamplona\",\"@id\":\"https:\\\/\\\/www.laguiadepamplona.com\\\/actualidad\\\/#\\\/schema\\\/person\\\/efe887376f0213d4657c93adc50b1fdb\"},\"headline\":\"El Ayuntamiento de Pamplona se re\u00fane con centros educativos de Mendillorri dentro del proceso emprendido para crear una Comunidad Energ\u00e9tica en el barrio\",\"datePublished\":\"2022-02-09T14:51:58+00:00\",\"dateModified\":\"2023-04-11T09:48:32+00:00\",\"mainEntityOfPage\":{\"@id\":\"https:\\\/\\\/www.laguiadepamplona.com\\\/actualidad\\\/el-ayuntamiento-de-pamplona-se-reune-con-centros-educativos-de-mendillorri-dentro-del-proceso-emprendido-para-crear-una-comunidad-energetica-en-el-barrio\\\/\"},\"wordCount\":398,\"commentCount\":0,\"publisher\":{\"@id\":\"https:\\\/\\\/www.laguiadepamplona.com\\\/actualidad\\\/#organization\"},\"image\":{\"@id\":\"https:\\\/\\\/www.laguiadepamplona.com\\\/actualidad\\\/el-ayuntamiento-de-pamplona-se-reune-con-centros-educativos-de-mendillorri-dentro-del-proceso-emprendido-para-crear-una-comunidad-energetica-en-el-barrio\\\/#primaryimage\"},\"thumbnailUrl\":\"https:\\\/\\\/www.laguiadepamplona.com\\\/actualidad\\\/wp-content\\\/uploads\\\/2021\\\/10\\\/vista_-aerea_Mendillorri-6.jpg\",\"articleSection\":[\"Ayto Pamplona\"],\"inLanguage\":\"es\",\"potentialAction\":[{\"@type\":\"CommentAction\",\"name\":\"Comment\",\"target\":[\"https:\\\/\\\/www.laguiadepamplona.com\\\/actualidad\\\/el-ayuntamiento-de-pamplona-se-reune-con-centros-educativos-de-mendillorri-dentro-del-proceso-emprendido-para-crear-una-comunidad-energetica-en-el-barrio\\\/#respond\"]}]},{\"@type\":\"WebPage\",\"@id\":\"https:\\\/\\\/www.laguiadepamplona.com\\\/actualidad\\\/el-ayuntamiento-de-pamplona-se-reune-con-centros-educativos-de-mendillorri-dentro-del-proceso-emprendido-para-crear-una-comunidad-energetica-en-el-barrio\\\/\",\"url\":\"https:\\\/\\\/www.laguiadepamplona.com\\\/actualidad\\\/el-ayuntamiento-de-pamplona-se-reune-con-centros-educativos-de-mendillorri-dentro-del-proceso-emprendido-para-crear-una-comunidad-energetica-en-el-barrio\\\/\",\"name\":\"El Ayuntamiento de Pamplona se re\u00fane con centros educativos de Mendillorri dentro del proceso emprendido para crear una Comunidad Energ\u00e9tica en el barrio\",\"isPartOf\":{\"@id\":\"https:\\\/\\\/www.laguiadepamplona.com\\\/actualidad\\\/#website\"},\"primaryImageOfPage\":{\"@id\":\"https:\\\/\\\/www.laguiadepamplona.com\\\/actualidad\\\/el-ayuntamiento-de-pamplona-se-reune-con-centros-educativos-de-mendillorri-dentro-del-proceso-emprendido-para-crear-una-comunidad-energetica-en-el-barrio\\\/#primaryimage\"},\"image\":{\"@id\":\"https:\\\/\\\/www.laguiadepamplona.com\\\/actualidad\\\/el-ayuntamiento-de-pamplona-se-reune-con-centros-educativos-de-mendillorri-dentro-del-proceso-emprendido-para-crear-una-comunidad-energetica-en-el-barrio\\\/#primaryimage\"},\"thumbnailUrl\":\"https:\\\/\\\/www.laguiadepamplona.com\\\/actualidad\\\/wp-content\\\/uploads\\\/2021\\\/10\\\/vista_-aerea_Mendillorri-6.jpg\",\"datePublished\":\"2022-02-09T14:51:58+00:00\",\"dateModified\":\"2023-04-11T09:48:32+00:00\",\"description\":\"La base del proyecto utilizar\u00e1 las instalaciones de generaci\u00f3n del edificio de los colegios C.P. El Lago de Mendillorri y Mendigoiti IP\",\"breadcrumb\":{\"@id\":\"https:\\\/\\\/www.laguiadepamplona.com\\\/actualidad\\\/el-ayuntamiento-de-pamplona-se-reune-con-centros-educativos-de-mendillorri-dentro-del-proceso-emprendido-para-crear-una-comunidad-energetica-en-el-barrio\\\/#breadcrumb\"},\"inLanguage\":\"es\",\"potentialAction\":[{\"@type\":\"ReadAction\",\"target\":[\"https:\\\/\\\/www.laguiadepamplona.com\\\/actualidad\\\/el-ayuntamiento-de-pamplona-se-reune-con-centros-educativos-de-mendillorri-dentro-del-proceso-emprendido-para-crear-una-comunidad-energetica-en-el-barrio\\\/\"]}]},{\"@type\":\"ImageObject\",\"inLanguage\":\"es\",\"@id\":\"https:\\\/\\\/www.laguiadepamplona.com\\\/actualidad\\\/el-ayuntamiento-de-pamplona-se-reune-con-centros-educativos-de-mendillorri-dentro-del-proceso-emprendido-para-crear-una-comunidad-energetica-en-el-barrio\\\/#primaryimage\",\"url\":\"https:\\\/\\\/www.laguiadepamplona.com\\\/actualidad\\\/wp-content\\\/uploads\\\/2021\\\/10\\\/vista_-aerea_Mendillorri-6.jpg\",\"contentUrl\":\"https:\\\/\\\/www.laguiadepamplona.com\\\/actualidad\\\/wp-content\\\/uploads\\\/2021\\\/10\\\/vista_-aerea_Mendillorri-6.jpg\",\"width\":1920,\"height\":1285},{\"@type\":\"BreadcrumbList\",\"@id\":\"https:\\\/\\\/www.laguiadepamplona.com\\\/actualidad\\\/el-ayuntamiento-de-pamplona-se-reune-con-centros-educativos-de-mendillorri-dentro-del-proceso-emprendido-para-crear-una-comunidad-energetica-en-el-barrio\\\/#breadcrumb\",\"itemListElement\":[{\"@type\":\"ListItem\",\"position\":1,\"name\":\"Portada\",\"item\":\"https:\\\/\\\/www.laguiadepamplona.com\\\/actualidad\\\/\"},{\"@type\":\"ListItem\",\"position\":2,\"name\":\"El Ayuntamiento de Pamplona se re\u00fane con centros educativos de Mendillorri dentro del proceso emprendido para crear una Comunidad Energ\u00e9tica en el barrio\"}]},{\"@type\":\"WebSite\",\"@id\":\"https:\\\/\\\/www.laguiadepamplona.com\\\/actualidad\\\/#website\",\"url\":\"https:\\\/\\\/www.laguiadepamplona.com\\\/actualidad\\\/\",\"name\":\"La gu\u00eda de Pamplona\",\"description\":\"Noticias de Pamplona\",\"publisher\":{\"@id\":\"https:\\\/\\\/www.laguiadepamplona.com\\\/actualidad\\\/#organization\"},\"potentialAction\":[{\"@type\":\"SearchAction\",\"target\":{\"@type\":\"EntryPoint\",\"urlTemplate\":\"https:\\\/\\\/www.laguiadepamplona.com\\\/actualidad\\\/?s={search_term_string}\"},\"query-input\":{\"@type\":\"PropertyValueSpecification\",\"valueRequired\":true,\"valueName\":\"search_term_string\"}}],\"inLanguage\":\"es\"},{\"@type\":\"Organization\",\"@id\":\"https:\\\/\\\/www.laguiadepamplona.com\\\/actualidad\\\/#organization\",\"name\":\"La Gu\u00eda de Pamplona \\\/ Noticias\",\"url\":\"https:\\\/\\\/www.laguiadepamplona.com\\\/actualidad\\\/\",\"logo\":{\"@type\":\"ImageObject\",\"inLanguage\":\"es\",\"@id\":\"https:\\\/\\\/www.laguiadepamplona.com\\\/actualidad\\\/#\\\/schema\\\/logo\\\/image\\\/\",\"url\":\"https:\\\/\\\/www.laguiadepamplona.com\\\/actualidad\\\/wp-content\\\/uploads\\\/2018\\\/11\\\/logo-laguiadepamplona18-web1.png\",\"contentUrl\":\"https:\\\/\\\/www.laguiadepamplona.com\\\/actualidad\\\/wp-content\\\/uploads\\\/2018\\\/11\\\/logo-laguiadepamplona18-web1.png\",\"width\":600,\"height\":196,\"caption\":\"La Gu\u00eda de Pamplona \\\/ Noticias\"},\"image\":{\"@id\":\"https:\\\/\\\/www.laguiadepamplona.com\\\/actualidad\\\/#\\\/schema\\\/logo\\\/image\\\/\"},\"sameAs\":[\"https:\\\/\\\/www.facebook.com\\\/laguiadepamplonacom-133175176762273\\\/?ref=hl\",\"https:\\\/\\\/x.com\\\/LaGuiadPamplona\",\"https:\\\/\\\/www.instagram.com\\\/la_guia_de_pamplona\\\/\",\"https:\\\/\\\/www.youtube.com\\\/user\\\/laguiadepamplona\"]},{\"@type\":\"Person\",\"@id\":\"https:\\\/\\\/www.laguiadepamplona.com\\\/actualidad\\\/#\\\/schema\\\/person\\\/efe887376f0213d4657c93adc50b1fdb\",\"name\":\"La Gu\u00eda de Pamplona\",\"image\":{\"@type\":\"ImageObject\",\"inLanguage\":\"es\",\"@id\":\"https:\\\/\\\/secure.gravatar.com\\\/avatar\\\/b6992f131dc8d30ab0dff15446e9d346d9dbd95992de0fef795073f5ea83a81c?s=96&d=mm&r=g\",\"url\":\"https:\\\/\\\/secure.gravatar.com\\\/avatar\\\/b6992f131dc8d30ab0dff15446e9d346d9dbd95992de0fef795073f5ea83a81c?s=96&d=mm&r=g\",\"contentUrl\":\"https:\\\/\\\/secure.gravatar.com\\\/avatar\\\/b6992f131dc8d30ab0dff15446e9d346d9dbd95992de0fef795073f5ea83a81c?s=96&d=mm&r=g\",\"caption\":\"La Gu\u00eda de Pamplona\"}}]}<\/script>\n<!-- \/ Yoast SEO plugin. -->","yoast_head_json":{"title":"El Ayuntamiento de Pamplona se re\u00fane con centros educativos de Mendillorri dentro del proceso emprendido para crear una Comunidad Energ\u00e9tica en el barrio","description":"La base del proyecto utilizar\u00e1 las instalaciones de generaci\u00f3n del edificio de los colegios C.P. El Lago de Mendillorri y Mendigoiti IP","robots":{"index":"index","follow":"follow","max-snippet":"max-snippet:-1","max-image-preview":"max-image-preview:large","max-video-preview":"max-video-preview:-1"},"canonical":"https:\/\/www.laguiadepamplona.com\/actualidad\/el-ayuntamiento-de-pamplona-se-reune-con-centros-educativos-de-mendillorri-dentro-del-proceso-emprendido-para-crear-una-comunidad-energetica-en-el-barrio\/","og_locale":"es_ES","og_type":"article","og_title":"El Ayuntamiento de Pamplona se re\u00fane con centros educativos de Mendillorri dentro del proceso emprendido para crear una Comunidad Energ\u00e9tica en el barrio","og_description":"La base del proyecto utilizar\u00e1 las instalaciones de generaci\u00f3n del edificio de los colegios C.P. El Lago de Mendillorri y Mendigoiti IP","og_url":"https:\/\/www.laguiadepamplona.com\/actualidad\/el-ayuntamiento-de-pamplona-se-reune-con-centros-educativos-de-mendillorri-dentro-del-proceso-emprendido-para-crear-una-comunidad-energetica-en-el-barrio\/","og_site_name":"La Gu\u00eda de Pamplona","article_publisher":"https:\/\/www.facebook.com\/laguiadepamplonacom-133175176762273\/?ref=hl","article_published_time":"2022-02-09T14:51:58+00:00","article_modified_time":"2023-04-11T09:48:32+00:00","og_image":[{"width":1920,"height":1285,"url":"https:\/\/www.laguiadepamplona.com\/actualidad\/wp-content\/uploads\/2021\/10\/vista_-aerea_Mendillorri-6.jpg","type":"image\/jpeg"}],"author":"La Gu\u00eda de Pamplona","twitter_card":"summary_large_image","twitter_creator":"@LaGuiadPamplona","twitter_site":"@LaGuiadPamplona","twitter_misc":{"Escrito por":"La Gu\u00eda de Pamplona","Tiempo de lectura":"2 minutos"},"schema":{"@context":"https:\/\/schema.org","@graph":[{"@type":"Article","@id":"https:\/\/www.laguiadepamplona.com\/actualidad\/el-ayuntamiento-de-pamplona-se-reune-con-centros-educativos-de-mendillorri-dentro-del-proceso-emprendido-para-crear-una-comunidad-energetica-en-el-barrio\/#article","isPartOf":{"@id":"https:\/\/www.laguiadepamplona.com\/actualidad\/el-ayuntamiento-de-pamplona-se-reune-con-centros-educativos-de-mendillorri-dentro-del-proceso-emprendido-para-crear-una-comunidad-energetica-en-el-barrio\/"},"author":{"name":"La Gu\u00eda de Pamplona","@id":"https:\/\/www.laguiadepamplona.com\/actualidad\/#\/schema\/person\/efe887376f0213d4657c93adc50b1fdb"},"headline":"El Ayuntamiento de Pamplona se re\u00fane con centros educativos de Mendillorri dentro del proceso emprendido para crear una Comunidad Energ\u00e9tica en el barrio","datePublished":"2022-02-09T14:51:58+00:00","dateModified":"2023-04-11T09:48:32+00:00","mainEntityOfPage":{"@id":"https:\/\/www.laguiadepamplona.com\/actualidad\/el-ayuntamiento-de-pamplona-se-reune-con-centros-educativos-de-mendillorri-dentro-del-proceso-emprendido-para-crear-una-comunidad-energetica-en-el-barrio\/"},"wordCount":398,"commentCount":0,"publisher":{"@id":"https:\/\/www.laguiadepamplona.com\/actualidad\/#organization"},"image":{"@id":"https:\/\/www.laguiadepamplona.com\/actualidad\/el-ayuntamiento-de-pamplona-se-reune-con-centros-educativos-de-mendillorri-dentro-del-proceso-emprendido-para-crear-una-comunidad-energetica-en-el-barrio\/#primaryimage"},"thumbnailUrl":"https:\/\/www.laguiadepamplona.com\/actualidad\/wp-content\/uploads\/2021\/10\/vista_-aerea_Mendillorri-6.jpg","articleSection":["Ayto Pamplona"],"inLanguage":"es","potentialAction":[{"@type":"CommentAction","name":"Comment","target":["https:\/\/www.laguiadepamplona.com\/actualidad\/el-ayuntamiento-de-pamplona-se-reune-con-centros-educativos-de-mendillorri-dentro-del-proceso-emprendido-para-crear-una-comunidad-energetica-en-el-barrio\/#respond"]}]},{"@type":"WebPage","@id":"https:\/\/www.laguiadepamplona.com\/actualidad\/el-ayuntamiento-de-pamplona-se-reune-con-centros-educativos-de-mendillorri-dentro-del-proceso-emprendido-para-crear-una-comunidad-energetica-en-el-barrio\/","url":"https:\/\/www.laguiadepamplona.com\/actualidad\/el-ayuntamiento-de-pamplona-se-reune-con-centros-educativos-de-mendillorri-dentro-del-proceso-emprendido-para-crear-una-comunidad-energetica-en-el-barrio\/","name":"El Ayuntamiento de Pamplona se re\u00fane con centros educativos de Mendillorri dentro del proceso emprendido para crear una Comunidad Energ\u00e9tica en el barrio","isPartOf":{"@id":"https:\/\/www.laguiadepamplona.com\/actualidad\/#website"},"primaryImageOfPage":{"@id":"https:\/\/www.laguiadepamplona.com\/actualidad\/el-ayuntamiento-de-pamplona-se-reune-con-centros-educativos-de-mendillorri-dentro-del-proceso-emprendido-para-crear-una-comunidad-energetica-en-el-barrio\/#primaryimage"},"image":{"@id":"https:\/\/www.laguiadepamplona.com\/actualidad\/el-ayuntamiento-de-pamplona-se-reune-con-centros-educativos-de-mendillorri-dentro-del-proceso-emprendido-para-crear-una-comunidad-energetica-en-el-barrio\/#primaryimage"},"thumbnailUrl":"https:\/\/www.laguiadepamplona.com\/actualidad\/wp-content\/uploads\/2021\/10\/vista_-aerea_Mendillorri-6.jpg","datePublished":"2022-02-09T14:51:58+00:00","dateModified":"2023-04-11T09:48:32+00:00","description":"La base del proyecto utilizar\u00e1 las instalaciones de generaci\u00f3n del edificio de los colegios C.P. El Lago de Mendillorri y Mendigoiti IP","breadcrumb":{"@id":"https:\/\/www.laguiadepamplona.com\/actualidad\/el-ayuntamiento-de-pamplona-se-reune-con-centros-educativos-de-mendillorri-dentro-del-proceso-emprendido-para-crear-una-comunidad-energetica-en-el-barrio\/#breadcrumb"},"inLanguage":"es","potentialAction":[{"@type":"ReadAction","target":["https:\/\/www.laguiadepamplona.com\/actualidad\/el-ayuntamiento-de-pamplona-se-reune-con-centros-educativos-de-mendillorri-dentro-del-proceso-emprendido-para-crear-una-comunidad-energetica-en-el-barrio\/"]}]},{"@type":"ImageObject","inLanguage":"es","@id":"https:\/\/www.laguiadepamplona.com\/actualidad\/el-ayuntamiento-de-pamplona-se-reune-con-centros-educativos-de-mendillorri-dentro-del-proceso-emprendido-para-crear-una-comunidad-energetica-en-el-barrio\/#primaryimage","url":"https:\/\/www.laguiadepamplona.com\/actualidad\/wp-content\/uploads\/2021\/10\/vista_-aerea_Mendillorri-6.jpg","contentUrl":"https:\/\/www.laguiadepamplona.com\/actualidad\/wp-content\/uploads\/2021\/10\/vista_-aerea_Mendillorri-6.jpg","width":1920,"height":1285},{"@type":"BreadcrumbList","@id":"https:\/\/www.laguiadepamplona.com\/actualidad\/el-ayuntamiento-de-pamplona-se-reune-con-centros-educativos-de-mendillorri-dentro-del-proceso-emprendido-para-crear-una-comunidad-energetica-en-el-barrio\/#breadcrumb","itemListElement":[{"@type":"ListItem","position":1,"name":"Portada","item":"https:\/\/www.laguiadepamplona.com\/actualidad\/"},{"@type":"ListItem","position":2,"name":"El Ayuntamiento de Pamplona se re\u00fane con centros educativos de Mendillorri dentro del proceso emprendido para crear una Comunidad Energ\u00e9tica en el barrio"}]},{"@type":"WebSite","@id":"https:\/\/www.laguiadepamplona.com\/actualidad\/#website","url":"https:\/\/www.laguiadepamplona.com\/actualidad\/","name":"La gu\u00eda de Pamplona","description":"Noticias de Pamplona","publisher":{"@id":"https:\/\/www.laguiadepamplona.com\/actualidad\/#organization"},"potentialAction":[{"@type":"SearchAction","target":{"@type":"EntryPoint","urlTemplate":"https:\/\/www.laguiadepamplona.com\/actualidad\/?s={search_term_string}"},"query-input":{"@type":"PropertyValueSpecification","valueRequired":true,"valueName":"search_term_string"}}],"inLanguage":"es"},{"@type":"Organization","@id":"https:\/\/www.laguiadepamplona.com\/actualidad\/#organization","name":"La Gu\u00eda de Pamplona \/ Noticias","url":"https:\/\/www.laguiadepamplona.com\/actualidad\/","logo":{"@type":"ImageObject","inLanguage":"es","@id":"https:\/\/www.laguiadepamplona.com\/actualidad\/#\/schema\/logo\/image\/","url":"https:\/\/www.laguiadepamplona.com\/actualidad\/wp-content\/uploads\/2018\/11\/logo-laguiadepamplona18-web1.png","contentUrl":"https:\/\/www.laguiadepamplona.com\/actualidad\/wp-content\/uploads\/2018\/11\/logo-laguiadepamplona18-web1.png","width":600,"height":196,"caption":"La Gu\u00eda de Pamplona \/ Noticias"},"image":{"@id":"https:\/\/www.laguiadepamplona.com\/actualidad\/#\/schema\/logo\/image\/"},"sameAs":["https:\/\/www.facebook.com\/laguiadepamplonacom-133175176762273\/?ref=hl","https:\/\/x.com\/LaGuiadPamplona","https:\/\/www.instagram.com\/la_guia_de_pamplona\/","https:\/\/www.youtube.com\/user\/laguiadepamplona"]},{"@type":"Person","@id":"https:\/\/www.laguiadepamplona.com\/actualidad\/#\/schema\/person\/efe887376f0213d4657c93adc50b1fdb","name":"La Gu\u00eda de Pamplona","image":{"@type":"ImageObject","inLanguage":"es","@id":"https:\/\/secure.gravatar.com\/avatar\/b6992f131dc8d30ab0dff15446e9d346d9dbd95992de0fef795073f5ea83a81c?s=96&d=mm&r=g","url":"https:\/\/secure.gravatar.com\/avatar\/b6992f131dc8d30ab0dff15446e9d346d9dbd95992de0fef795073f5ea83a81c?s=96&d=mm&r=g","contentUrl":"https:\/\/secure.gravatar.com\/avatar\/b6992f131dc8d30ab0dff15446e9d346d9dbd95992de0fef795073f5ea83a81c?s=96&d=mm&r=g","caption":"La Gu\u00eda de Pamplona"}}]}},"post_mailing_queue_ids":[],"_links":{"self":[{"href":"https:\/\/www.laguiadepamplona.com\/actualidad\/wp-json\/wp\/v2\/posts\/38680","targetHints":{"allow":["GET"]}}],"collection":[{"href":"https:\/\/www.laguiadepamplona.com\/actualidad\/wp-json\/wp\/v2\/posts"}],"about":[{"href":"https:\/\/www.laguiadepamplona.com\/actualidad\/wp-json\/wp\/v2\/types\/post"}],"author":[{"embeddable":true,"href":"https:\/\/www.laguiadepamplona.com\/actualidad\/wp-json\/wp\/v2\/users\/1"}],"replies":[{"embeddable":true,"href":"https:\/\/www.laguiadepamplona.com\/actualidad\/wp-json\/wp\/v2\/comments?post=38680"}],"version-history":[{"count":0,"href":"https:\/\/www.laguiadepamplona.com\/actualidad\/wp-json\/wp\/v2\/posts\/38680\/revisions"}],"wp:featuredmedia":[{"embeddable":true,"href":"https:\/\/www.laguiadepamplona.com\/actualidad\/wp-json\/wp\/v2\/media\/36919"}],"wp:attachment":[{"href":"https:\/\/www.laguiadepamplona.com\/actualidad\/wp-json\/wp\/v2\/media?parent=38680"}],"wp:term":[{"taxonomy":"category","embeddable":true,"href":"https:\/\/www.laguiadepamplona.com\/actualidad\/wp-json\/wp\/v2\/categories?post=38680"},{"taxonomy":"post_tag","embeddable":true,"href":"https:\/\/www.laguiadepamplona.com\/actualidad\/wp-json\/wp\/v2\/tags?post=38680"}],"curies":[{"name":"wp","href":"https:\/\/api.w.org\/{rel}","templated":true}]}}