{"id":38677,"date":"2022-02-09T14:49:39","date_gmt":"2022-02-09T12:49:39","guid":{"rendered":"https:\/\/www.laguiadepamplona.com\/actualidad\/?p=38677"},"modified":"2023-04-11T11:48:32","modified_gmt":"2023-04-11T09:48:32","slug":"la-biblioteca-publica-de-yamaguchi-ofrecera-la-semana-que-viene-tres-talleres-para-compartir-inquietudes-destinados-a-personas-mayores-de-65-anos","status":"publish","type":"post","link":"https:\/\/www.laguiadepamplona.com\/actualidad\/la-biblioteca-publica-de-yamaguchi-ofrecera-la-semana-que-viene-tres-talleres-para-compartir-inquietudes-destinados-a-personas-mayores-de-65-anos\/","title":{"rendered":"La Biblioteca P\u00fablica de Yamaguchi ofrecer\u00e1 la semana que viene tres talleres para compartir inquietudes destinados a personas mayores de 65 a\u00f1os"},"content":{"rendered":"<h5>Impartidos por profesionales del Colegio de Psic\u00f3logos de Navarra se enmarcan en el Pacto por la Persona Mayor del Barrio de San Juan<\/h5>\n<p><!--more--><\/p>\n<p>La Biblioteca P\u00fablica de Yamaguchi acoge los d\u00edas 14, 15 y 17 de febrero tres talleres de empoderamiento y desarrollo de capacidades personales destinados a personas mayores de 65 a\u00f1os. Ser\u00e1n impartidos por profesionales del Colegio de Psic\u00f3logos de Navarra y se enmarcan en las actividades desarrolladas por el Pacto por la Persona Mayor del Barrio de San Juan. Para participar es necesario inscribirse en la propia biblioteca, en el mail <a href=\"mailto:bibliyam@cfnavarra.es\">bibliyam@cfnavarra.es<\/a> o por tel\u00e9fono en el n\u00famero 948 264028. Los talleres tienen un l\u00edmite de 15 plazas.<br \/>\n<script async src=\"\/\/pagead2.googlesyndication.com\/pagead\/js\/adsbygoogle.js\"><\/script><br \/>\n<!-- Noticias La Guia de Pamplona --><br \/>\n<ins class=\"adsbygoogle\"\nstyle=\"display:block\"\ndata-ad-client=\"ca-pub-6943679897239327\"\ndata-ad-slot=\"7048180777\"\ndata-ad-format=\"auto\"><\/ins><br \/>\n<script>\n(adsbygoogle = window.adsbygoogle || []).push({});\n<\/script><\/p>\n<p>Las tres sesiones se desarrollar\u00e1n bajo el t\u00edtulo gen\u00e9rico de \u2018Compartiendo inquietudes\u2019, aunque tendr\u00e1n contenidos diferentes. El taller del d\u00eda 14 de febrero lleva por t\u00edtulo \u00abCambios sociales que me sorprenden\u00bb; en el del martes 15 se abordar\u00e1n \u00abLas se\u00f1ales de alarma en mi estado emocional y el deterioro cognitivo\u201d y, por \u00faltimo, en el del 17 de febrero se hablar\u00e1 de \u00abFortalezas, vida en com\u00fan y participaci\u00f3n\u00bb. Todos ellos se desarrollar\u00e1n en las instalaciones de la biblioteca en horario de 17 a 18.30 horas.<\/p>\n<p>El <a href=\"https:\/\/www.pamplona.es\/ayuntamiento\/varios\/pacto-de-san-juan-de-las-personas-mayores\" target=\"_blank\" rel=\"noopener\">Pacto por la Persona Mayor del Barrio de San Juan<\/a> tiene como objetivos, entre otros, asegurar la atenci\u00f3n de las personas mayores en servicios de salud, sociales y comunitarios y mejorar la capacidad funcional y la calidad de vida de las personas mayores. Dentro de esta l\u00ednea de trabajo se promueve la participaci\u00f3n de las personas mayores en actividades de ocio. Adem\u00e1s del Ayuntamiento de pamplona, en ese marco colaboran el centro de salud, Asociaci\u00f3n vecinal San Juan Xar, Asociaci\u00f3n de Comerciantes Mart\u00edn Azpilcueta, Sociedad Deportiva Recreativa Cultural Anaitasuna, Asociaci\u00f3n Deportiva San Juan, C\u00e1ritas San Juan, Club de Jubilados Oskia y DYA Navarra.<br \/>\n<script async src=\"\/\/pagead2.googlesyndication.com\/pagead\/js\/adsbygoogle.js\"><\/script><br \/>\n<!-- Noticias La Guia de Pamplona --><br \/>\n<ins class=\"adsbygoogle\"\nstyle=\"display:block\"\ndata-ad-client=\"ca-pub-6943679897239327\"\ndata-ad-slot=\"7048180777\"\ndata-ad-format=\"auto\"><\/ins><br \/>\n<script>\n(adsbygoogle = window.adsbygoogle || []).push({});\n<\/script><\/p>\n<p>&nbsp;<\/p>\n<h3>Biblioteca P\u00fablica Yamaguchi<\/h3>\n<ul>\n<li><strong>Talleres: Compartiendo inquietudes<\/strong><\/li>\n<li>14, 15 y 17 de febrero, de 17 a 18:30 horas<\/li>\n<\/ul>\n<p>Lunes 14: Cambios sociales que me sorprenden<\/p>\n<p>Martes 15: Se\u00f1ales de alarma en mi estado emocional y deterioro cognitivo<\/p>\n<p>Jueves 17: Fortalezas, vida en comunidad y participaci\u00f3n<\/p>\n<ul>\n<li>Imparte: Grupo de Psicolog\u00eda del envejecimiento del Colegio Oficial de Psicolog\u00eda de Navarra.<\/li>\n<li>N\u00famero de plazas: 15<\/li>\n<li>Colabora: Pacto por la Persona Mayor del Barrio San Juan<\/li>\n<\/ul>\n<p>Son gratuitos, pero es necesario reservar plaza en la biblioteca. Inscripciones en orden de solicitud<\/p>\n","protected":false},"excerpt":{"rendered":"<p>Impartidos por profesionales del Colegio de Psic\u00f3logos de Navarra se enmarcan en el Pacto por la Persona Mayor del Barrio de San Juan<\/p>\n","protected":false},"author":1,"featured_media":38678,"comment_status":"open","ping_status":"closed","sticky":false,"template":"","format":"standard","meta":{"footnotes":""},"categories":[2],"tags":[],"class_list":["post-38677","post","type-post","status-publish","format-standard","has-post-thumbnail","hentry","category-ayuntamiento-pamplona"],"yoast_head":"<!-- This site is optimized with the Yoast SEO plugin v27.5 - https:\/\/yoast.com\/product\/yoast-seo-wordpress\/ -->\n<title>La Biblioteca P\u00fablica de Yamaguchi ofrecer\u00e1 la semana que viene tres talleres para compartir inquietudes destinados a personas mayores de 65 a\u00f1os<\/title>\n<meta name=\"description\" content=\"Impartidos por profesionales del Colegio de Psic\u00f3logos de Navarra se enmarcan en el Pacto por la Persona Mayor del Barrio de San Juan\" \/>\n<meta name=\"robots\" content=\"index, follow, max-snippet:-1, max-image-preview:large, max-video-preview:-1\" \/>\n<link rel=\"canonical\" href=\"https:\/\/www.laguiadepamplona.com\/actualidad\/la-biblioteca-publica-de-yamaguchi-ofrecera-la-semana-que-viene-tres-talleres-para-compartir-inquietudes-destinados-a-personas-mayores-de-65-anos\/\" \/>\n<meta property=\"og:locale\" content=\"es_ES\" \/>\n<meta property=\"og:type\" content=\"article\" \/>\n<meta property=\"og:title\" content=\"La Biblioteca P\u00fablica de Yamaguchi ofrecer\u00e1 la semana que viene tres talleres para compartir inquietudes destinados a personas mayores de 65 a\u00f1os\" \/>\n<meta property=\"og:description\" content=\"Impartidos por profesionales del Colegio de Psic\u00f3logos de Navarra se enmarcan en el Pacto por la Persona Mayor del Barrio de San Juan\" \/>\n<meta property=\"og:url\" content=\"https:\/\/www.laguiadepamplona.com\/actualidad\/la-biblioteca-publica-de-yamaguchi-ofrecera-la-semana-que-viene-tres-talleres-para-compartir-inquietudes-destinados-a-personas-mayores-de-65-anos\/\" \/>\n<meta property=\"og:site_name\" content=\"La Gu\u00eda de Pamplona\" \/>\n<meta property=\"article:publisher\" content=\"https:\/\/www.facebook.com\/laguiadepamplonacom-133175176762273\/?ref=hl\" \/>\n<meta property=\"article:published_time\" content=\"2022-02-09T12:49:39+00:00\" \/>\n<meta property=\"article:modified_time\" content=\"2023-04-11T09:48:32+00:00\" \/>\n<meta property=\"og:image\" content=\"https:\/\/www.laguiadepamplona.com\/actualidad\/wp-content\/uploads\/2022\/02\/personas-mayores_anciano_01.jpg\" \/>\n\t<meta property=\"og:image:width\" content=\"1920\" \/>\n\t<meta property=\"og:image:height\" content=\"1194\" \/>\n\t<meta property=\"og:image:type\" content=\"image\/jpeg\" \/>\n<meta name=\"author\" content=\"La Gu\u00eda de Pamplona\" \/>\n<meta name=\"twitter:card\" content=\"summary_large_image\" \/>\n<meta name=\"twitter:creator\" content=\"@LaGuiadPamplona\" \/>\n<meta name=\"twitter:site\" content=\"@LaGuiadPamplona\" \/>\n<meta name=\"twitter:label1\" content=\"Escrito por\" \/>\n\t<meta name=\"twitter:data1\" content=\"La Gu\u00eda de Pamplona\" \/>\n\t<meta name=\"twitter:label2\" content=\"Tiempo de lectura\" \/>\n\t<meta name=\"twitter:data2\" content=\"2 minutos\" \/>\n<script type=\"application\/ld+json\" class=\"yoast-schema-graph\">{\"@context\":\"https:\\\/\\\/schema.org\",\"@graph\":[{\"@type\":\"Article\",\"@id\":\"https:\\\/\\\/www.laguiadepamplona.com\\\/actualidad\\\/la-biblioteca-publica-de-yamaguchi-ofrecera-la-semana-que-viene-tres-talleres-para-compartir-inquietudes-destinados-a-personas-mayores-de-65-anos\\\/#article\",\"isPartOf\":{\"@id\":\"https:\\\/\\\/www.laguiadepamplona.com\\\/actualidad\\\/la-biblioteca-publica-de-yamaguchi-ofrecera-la-semana-que-viene-tres-talleres-para-compartir-inquietudes-destinados-a-personas-mayores-de-65-anos\\\/\"},\"author\":{\"name\":\"La Gu\u00eda de Pamplona\",\"@id\":\"https:\\\/\\\/www.laguiadepamplona.com\\\/actualidad\\\/#\\\/schema\\\/person\\\/efe887376f0213d4657c93adc50b1fdb\"},\"headline\":\"La Biblioteca P\u00fablica de Yamaguchi ofrecer\u00e1 la semana que viene tres talleres para compartir inquietudes destinados a personas mayores de 65 a\u00f1os\",\"datePublished\":\"2022-02-09T12:49:39+00:00\",\"dateModified\":\"2023-04-11T09:48:32+00:00\",\"mainEntityOfPage\":{\"@id\":\"https:\\\/\\\/www.laguiadepamplona.com\\\/actualidad\\\/la-biblioteca-publica-de-yamaguchi-ofrecera-la-semana-que-viene-tres-talleres-para-compartir-inquietudes-destinados-a-personas-mayores-de-65-anos\\\/\"},\"wordCount\":426,\"commentCount\":0,\"publisher\":{\"@id\":\"https:\\\/\\\/www.laguiadepamplona.com\\\/actualidad\\\/#organization\"},\"image\":{\"@id\":\"https:\\\/\\\/www.laguiadepamplona.com\\\/actualidad\\\/la-biblioteca-publica-de-yamaguchi-ofrecera-la-semana-que-viene-tres-talleres-para-compartir-inquietudes-destinados-a-personas-mayores-de-65-anos\\\/#primaryimage\"},\"thumbnailUrl\":\"https:\\\/\\\/www.laguiadepamplona.com\\\/actualidad\\\/wp-content\\\/uploads\\\/2022\\\/02\\\/personas-mayores_anciano_01.jpg\",\"articleSection\":[\"Ayto Pamplona\"],\"inLanguage\":\"es\",\"potentialAction\":[{\"@type\":\"CommentAction\",\"name\":\"Comment\",\"target\":[\"https:\\\/\\\/www.laguiadepamplona.com\\\/actualidad\\\/la-biblioteca-publica-de-yamaguchi-ofrecera-la-semana-que-viene-tres-talleres-para-compartir-inquietudes-destinados-a-personas-mayores-de-65-anos\\\/#respond\"]}]},{\"@type\":\"WebPage\",\"@id\":\"https:\\\/\\\/www.laguiadepamplona.com\\\/actualidad\\\/la-biblioteca-publica-de-yamaguchi-ofrecera-la-semana-que-viene-tres-talleres-para-compartir-inquietudes-destinados-a-personas-mayores-de-65-anos\\\/\",\"url\":\"https:\\\/\\\/www.laguiadepamplona.com\\\/actualidad\\\/la-biblioteca-publica-de-yamaguchi-ofrecera-la-semana-que-viene-tres-talleres-para-compartir-inquietudes-destinados-a-personas-mayores-de-65-anos\\\/\",\"name\":\"La Biblioteca P\u00fablica de Yamaguchi ofrecer\u00e1 la semana que viene tres talleres para compartir inquietudes destinados a personas mayores de 65 a\u00f1os\",\"isPartOf\":{\"@id\":\"https:\\\/\\\/www.laguiadepamplona.com\\\/actualidad\\\/#website\"},\"primaryImageOfPage\":{\"@id\":\"https:\\\/\\\/www.laguiadepamplona.com\\\/actualidad\\\/la-biblioteca-publica-de-yamaguchi-ofrecera-la-semana-que-viene-tres-talleres-para-compartir-inquietudes-destinados-a-personas-mayores-de-65-anos\\\/#primaryimage\"},\"image\":{\"@id\":\"https:\\\/\\\/www.laguiadepamplona.com\\\/actualidad\\\/la-biblioteca-publica-de-yamaguchi-ofrecera-la-semana-que-viene-tres-talleres-para-compartir-inquietudes-destinados-a-personas-mayores-de-65-anos\\\/#primaryimage\"},\"thumbnailUrl\":\"https:\\\/\\\/www.laguiadepamplona.com\\\/actualidad\\\/wp-content\\\/uploads\\\/2022\\\/02\\\/personas-mayores_anciano_01.jpg\",\"datePublished\":\"2022-02-09T12:49:39+00:00\",\"dateModified\":\"2023-04-11T09:48:32+00:00\",\"description\":\"Impartidos por profesionales del Colegio de Psic\u00f3logos de Navarra se enmarcan en el Pacto por la Persona Mayor del Barrio de San Juan\",\"breadcrumb\":{\"@id\":\"https:\\\/\\\/www.laguiadepamplona.com\\\/actualidad\\\/la-biblioteca-publica-de-yamaguchi-ofrecera-la-semana-que-viene-tres-talleres-para-compartir-inquietudes-destinados-a-personas-mayores-de-65-anos\\\/#breadcrumb\"},\"inLanguage\":\"es\",\"potentialAction\":[{\"@type\":\"ReadAction\",\"target\":[\"https:\\\/\\\/www.laguiadepamplona.com\\\/actualidad\\\/la-biblioteca-publica-de-yamaguchi-ofrecera-la-semana-que-viene-tres-talleres-para-compartir-inquietudes-destinados-a-personas-mayores-de-65-anos\\\/\"]}]},{\"@type\":\"ImageObject\",\"inLanguage\":\"es\",\"@id\":\"https:\\\/\\\/www.laguiadepamplona.com\\\/actualidad\\\/la-biblioteca-publica-de-yamaguchi-ofrecera-la-semana-que-viene-tres-talleres-para-compartir-inquietudes-destinados-a-personas-mayores-de-65-anos\\\/#primaryimage\",\"url\":\"https:\\\/\\\/www.laguiadepamplona.com\\\/actualidad\\\/wp-content\\\/uploads\\\/2022\\\/02\\\/personas-mayores_anciano_01.jpg\",\"contentUrl\":\"https:\\\/\\\/www.laguiadepamplona.com\\\/actualidad\\\/wp-content\\\/uploads\\\/2022\\\/02\\\/personas-mayores_anciano_01.jpg\",\"width\":1920,\"height\":1194},{\"@type\":\"BreadcrumbList\",\"@id\":\"https:\\\/\\\/www.laguiadepamplona.com\\\/actualidad\\\/la-biblioteca-publica-de-yamaguchi-ofrecera-la-semana-que-viene-tres-talleres-para-compartir-inquietudes-destinados-a-personas-mayores-de-65-anos\\\/#breadcrumb\",\"itemListElement\":[{\"@type\":\"ListItem\",\"position\":1,\"name\":\"Portada\",\"item\":\"https:\\\/\\\/www.laguiadepamplona.com\\\/actualidad\\\/\"},{\"@type\":\"ListItem\",\"position\":2,\"name\":\"La Biblioteca P\u00fablica de Yamaguchi ofrecer\u00e1 la semana que viene tres talleres para compartir inquietudes destinados a personas mayores de 65 a\u00f1os\"}]},{\"@type\":\"WebSite\",\"@id\":\"https:\\\/\\\/www.laguiadepamplona.com\\\/actualidad\\\/#website\",\"url\":\"https:\\\/\\\/www.laguiadepamplona.com\\\/actualidad\\\/\",\"name\":\"La gu\u00eda de Pamplona\",\"description\":\"Noticias de Pamplona\",\"publisher\":{\"@id\":\"https:\\\/\\\/www.laguiadepamplona.com\\\/actualidad\\\/#organization\"},\"potentialAction\":[{\"@type\":\"SearchAction\",\"target\":{\"@type\":\"EntryPoint\",\"urlTemplate\":\"https:\\\/\\\/www.laguiadepamplona.com\\\/actualidad\\\/?s={search_term_string}\"},\"query-input\":{\"@type\":\"PropertyValueSpecification\",\"valueRequired\":true,\"valueName\":\"search_term_string\"}}],\"inLanguage\":\"es\"},{\"@type\":\"Organization\",\"@id\":\"https:\\\/\\\/www.laguiadepamplona.com\\\/actualidad\\\/#organization\",\"name\":\"La Gu\u00eda de Pamplona \\\/ Noticias\",\"url\":\"https:\\\/\\\/www.laguiadepamplona.com\\\/actualidad\\\/\",\"logo\":{\"@type\":\"ImageObject\",\"inLanguage\":\"es\",\"@id\":\"https:\\\/\\\/www.laguiadepamplona.com\\\/actualidad\\\/#\\\/schema\\\/logo\\\/image\\\/\",\"url\":\"https:\\\/\\\/www.laguiadepamplona.com\\\/actualidad\\\/wp-content\\\/uploads\\\/2018\\\/11\\\/logo-laguiadepamplona18-web1.png\",\"contentUrl\":\"https:\\\/\\\/www.laguiadepamplona.com\\\/actualidad\\\/wp-content\\\/uploads\\\/2018\\\/11\\\/logo-laguiadepamplona18-web1.png\",\"width\":600,\"height\":196,\"caption\":\"La Gu\u00eda de Pamplona \\\/ Noticias\"},\"image\":{\"@id\":\"https:\\\/\\\/www.laguiadepamplona.com\\\/actualidad\\\/#\\\/schema\\\/logo\\\/image\\\/\"},\"sameAs\":[\"https:\\\/\\\/www.facebook.com\\\/laguiadepamplonacom-133175176762273\\\/?ref=hl\",\"https:\\\/\\\/x.com\\\/LaGuiadPamplona\",\"https:\\\/\\\/www.instagram.com\\\/la_guia_de_pamplona\\\/\",\"https:\\\/\\\/www.youtube.com\\\/user\\\/laguiadepamplona\"]},{\"@type\":\"Person\",\"@id\":\"https:\\\/\\\/www.laguiadepamplona.com\\\/actualidad\\\/#\\\/schema\\\/person\\\/efe887376f0213d4657c93adc50b1fdb\",\"name\":\"La Gu\u00eda de Pamplona\",\"image\":{\"@type\":\"ImageObject\",\"inLanguage\":\"es\",\"@id\":\"https:\\\/\\\/secure.gravatar.com\\\/avatar\\\/b6992f131dc8d30ab0dff15446e9d346d9dbd95992de0fef795073f5ea83a81c?s=96&d=mm&r=g\",\"url\":\"https:\\\/\\\/secure.gravatar.com\\\/avatar\\\/b6992f131dc8d30ab0dff15446e9d346d9dbd95992de0fef795073f5ea83a81c?s=96&d=mm&r=g\",\"contentUrl\":\"https:\\\/\\\/secure.gravatar.com\\\/avatar\\\/b6992f131dc8d30ab0dff15446e9d346d9dbd95992de0fef795073f5ea83a81c?s=96&d=mm&r=g\",\"caption\":\"La Gu\u00eda de Pamplona\"}}]}<\/script>\n<!-- \/ Yoast SEO plugin. -->","yoast_head_json":{"title":"La Biblioteca P\u00fablica de Yamaguchi ofrecer\u00e1 la semana que viene tres talleres para compartir inquietudes destinados a personas mayores de 65 a\u00f1os","description":"Impartidos por profesionales del Colegio de Psic\u00f3logos de Navarra se enmarcan en el Pacto por la Persona Mayor del Barrio de San Juan","robots":{"index":"index","follow":"follow","max-snippet":"max-snippet:-1","max-image-preview":"max-image-preview:large","max-video-preview":"max-video-preview:-1"},"canonical":"https:\/\/www.laguiadepamplona.com\/actualidad\/la-biblioteca-publica-de-yamaguchi-ofrecera-la-semana-que-viene-tres-talleres-para-compartir-inquietudes-destinados-a-personas-mayores-de-65-anos\/","og_locale":"es_ES","og_type":"article","og_title":"La Biblioteca P\u00fablica de Yamaguchi ofrecer\u00e1 la semana que viene tres talleres para compartir inquietudes destinados a personas mayores de 65 a\u00f1os","og_description":"Impartidos por profesionales del Colegio de Psic\u00f3logos de Navarra se enmarcan en el Pacto por la Persona Mayor del Barrio de San Juan","og_url":"https:\/\/www.laguiadepamplona.com\/actualidad\/la-biblioteca-publica-de-yamaguchi-ofrecera-la-semana-que-viene-tres-talleres-para-compartir-inquietudes-destinados-a-personas-mayores-de-65-anos\/","og_site_name":"La Gu\u00eda de Pamplona","article_publisher":"https:\/\/www.facebook.com\/laguiadepamplonacom-133175176762273\/?ref=hl","article_published_time":"2022-02-09T12:49:39+00:00","article_modified_time":"2023-04-11T09:48:32+00:00","og_image":[{"width":1920,"height":1194,"url":"https:\/\/www.laguiadepamplona.com\/actualidad\/wp-content\/uploads\/2022\/02\/personas-mayores_anciano_01.jpg","type":"image\/jpeg"}],"author":"La Gu\u00eda de Pamplona","twitter_card":"summary_large_image","twitter_creator":"@LaGuiadPamplona","twitter_site":"@LaGuiadPamplona","twitter_misc":{"Escrito por":"La Gu\u00eda de Pamplona","Tiempo de lectura":"2 minutos"},"schema":{"@context":"https:\/\/schema.org","@graph":[{"@type":"Article","@id":"https:\/\/www.laguiadepamplona.com\/actualidad\/la-biblioteca-publica-de-yamaguchi-ofrecera-la-semana-que-viene-tres-talleres-para-compartir-inquietudes-destinados-a-personas-mayores-de-65-anos\/#article","isPartOf":{"@id":"https:\/\/www.laguiadepamplona.com\/actualidad\/la-biblioteca-publica-de-yamaguchi-ofrecera-la-semana-que-viene-tres-talleres-para-compartir-inquietudes-destinados-a-personas-mayores-de-65-anos\/"},"author":{"name":"La Gu\u00eda de Pamplona","@id":"https:\/\/www.laguiadepamplona.com\/actualidad\/#\/schema\/person\/efe887376f0213d4657c93adc50b1fdb"},"headline":"La Biblioteca P\u00fablica de Yamaguchi ofrecer\u00e1 la semana que viene tres talleres para compartir inquietudes destinados a personas mayores de 65 a\u00f1os","datePublished":"2022-02-09T12:49:39+00:00","dateModified":"2023-04-11T09:48:32+00:00","mainEntityOfPage":{"@id":"https:\/\/www.laguiadepamplona.com\/actualidad\/la-biblioteca-publica-de-yamaguchi-ofrecera-la-semana-que-viene-tres-talleres-para-compartir-inquietudes-destinados-a-personas-mayores-de-65-anos\/"},"wordCount":426,"commentCount":0,"publisher":{"@id":"https:\/\/www.laguiadepamplona.com\/actualidad\/#organization"},"image":{"@id":"https:\/\/www.laguiadepamplona.com\/actualidad\/la-biblioteca-publica-de-yamaguchi-ofrecera-la-semana-que-viene-tres-talleres-para-compartir-inquietudes-destinados-a-personas-mayores-de-65-anos\/#primaryimage"},"thumbnailUrl":"https:\/\/www.laguiadepamplona.com\/actualidad\/wp-content\/uploads\/2022\/02\/personas-mayores_anciano_01.jpg","articleSection":["Ayto Pamplona"],"inLanguage":"es","potentialAction":[{"@type":"CommentAction","name":"Comment","target":["https:\/\/www.laguiadepamplona.com\/actualidad\/la-biblioteca-publica-de-yamaguchi-ofrecera-la-semana-que-viene-tres-talleres-para-compartir-inquietudes-destinados-a-personas-mayores-de-65-anos\/#respond"]}]},{"@type":"WebPage","@id":"https:\/\/www.laguiadepamplona.com\/actualidad\/la-biblioteca-publica-de-yamaguchi-ofrecera-la-semana-que-viene-tres-talleres-para-compartir-inquietudes-destinados-a-personas-mayores-de-65-anos\/","url":"https:\/\/www.laguiadepamplona.com\/actualidad\/la-biblioteca-publica-de-yamaguchi-ofrecera-la-semana-que-viene-tres-talleres-para-compartir-inquietudes-destinados-a-personas-mayores-de-65-anos\/","name":"La Biblioteca P\u00fablica de Yamaguchi ofrecer\u00e1 la semana que viene tres talleres para compartir inquietudes destinados a personas mayores de 65 a\u00f1os","isPartOf":{"@id":"https:\/\/www.laguiadepamplona.com\/actualidad\/#website"},"primaryImageOfPage":{"@id":"https:\/\/www.laguiadepamplona.com\/actualidad\/la-biblioteca-publica-de-yamaguchi-ofrecera-la-semana-que-viene-tres-talleres-para-compartir-inquietudes-destinados-a-personas-mayores-de-65-anos\/#primaryimage"},"image":{"@id":"https:\/\/www.laguiadepamplona.com\/actualidad\/la-biblioteca-publica-de-yamaguchi-ofrecera-la-semana-que-viene-tres-talleres-para-compartir-inquietudes-destinados-a-personas-mayores-de-65-anos\/#primaryimage"},"thumbnailUrl":"https:\/\/www.laguiadepamplona.com\/actualidad\/wp-content\/uploads\/2022\/02\/personas-mayores_anciano_01.jpg","datePublished":"2022-02-09T12:49:39+00:00","dateModified":"2023-04-11T09:48:32+00:00","description":"Impartidos por profesionales del Colegio de Psic\u00f3logos de Navarra se enmarcan en el Pacto por la Persona Mayor del Barrio de San Juan","breadcrumb":{"@id":"https:\/\/www.laguiadepamplona.com\/actualidad\/la-biblioteca-publica-de-yamaguchi-ofrecera-la-semana-que-viene-tres-talleres-para-compartir-inquietudes-destinados-a-personas-mayores-de-65-anos\/#breadcrumb"},"inLanguage":"es","potentialAction":[{"@type":"ReadAction","target":["https:\/\/www.laguiadepamplona.com\/actualidad\/la-biblioteca-publica-de-yamaguchi-ofrecera-la-semana-que-viene-tres-talleres-para-compartir-inquietudes-destinados-a-personas-mayores-de-65-anos\/"]}]},{"@type":"ImageObject","inLanguage":"es","@id":"https:\/\/www.laguiadepamplona.com\/actualidad\/la-biblioteca-publica-de-yamaguchi-ofrecera-la-semana-que-viene-tres-talleres-para-compartir-inquietudes-destinados-a-personas-mayores-de-65-anos\/#primaryimage","url":"https:\/\/www.laguiadepamplona.com\/actualidad\/wp-content\/uploads\/2022\/02\/personas-mayores_anciano_01.jpg","contentUrl":"https:\/\/www.laguiadepamplona.com\/actualidad\/wp-content\/uploads\/2022\/02\/personas-mayores_anciano_01.jpg","width":1920,"height":1194},{"@type":"BreadcrumbList","@id":"https:\/\/www.laguiadepamplona.com\/actualidad\/la-biblioteca-publica-de-yamaguchi-ofrecera-la-semana-que-viene-tres-talleres-para-compartir-inquietudes-destinados-a-personas-mayores-de-65-anos\/#breadcrumb","itemListElement":[{"@type":"ListItem","position":1,"name":"Portada","item":"https:\/\/www.laguiadepamplona.com\/actualidad\/"},{"@type":"ListItem","position":2,"name":"La Biblioteca P\u00fablica de Yamaguchi ofrecer\u00e1 la semana que viene tres talleres para compartir inquietudes destinados a personas mayores de 65 a\u00f1os"}]},{"@type":"WebSite","@id":"https:\/\/www.laguiadepamplona.com\/actualidad\/#website","url":"https:\/\/www.laguiadepamplona.com\/actualidad\/","name":"La gu\u00eda de Pamplona","description":"Noticias de Pamplona","publisher":{"@id":"https:\/\/www.laguiadepamplona.com\/actualidad\/#organization"},"potentialAction":[{"@type":"SearchAction","target":{"@type":"EntryPoint","urlTemplate":"https:\/\/www.laguiadepamplona.com\/actualidad\/?s={search_term_string}"},"query-input":{"@type":"PropertyValueSpecification","valueRequired":true,"valueName":"search_term_string"}}],"inLanguage":"es"},{"@type":"Organization","@id":"https:\/\/www.laguiadepamplona.com\/actualidad\/#organization","name":"La Gu\u00eda de Pamplona \/ Noticias","url":"https:\/\/www.laguiadepamplona.com\/actualidad\/","logo":{"@type":"ImageObject","inLanguage":"es","@id":"https:\/\/www.laguiadepamplona.com\/actualidad\/#\/schema\/logo\/image\/","url":"https:\/\/www.laguiadepamplona.com\/actualidad\/wp-content\/uploads\/2018\/11\/logo-laguiadepamplona18-web1.png","contentUrl":"https:\/\/www.laguiadepamplona.com\/actualidad\/wp-content\/uploads\/2018\/11\/logo-laguiadepamplona18-web1.png","width":600,"height":196,"caption":"La Gu\u00eda de Pamplona \/ Noticias"},"image":{"@id":"https:\/\/www.laguiadepamplona.com\/actualidad\/#\/schema\/logo\/image\/"},"sameAs":["https:\/\/www.facebook.com\/laguiadepamplonacom-133175176762273\/?ref=hl","https:\/\/x.com\/LaGuiadPamplona","https:\/\/www.instagram.com\/la_guia_de_pamplona\/","https:\/\/www.youtube.com\/user\/laguiadepamplona"]},{"@type":"Person","@id":"https:\/\/www.laguiadepamplona.com\/actualidad\/#\/schema\/person\/efe887376f0213d4657c93adc50b1fdb","name":"La Gu\u00eda de Pamplona","image":{"@type":"ImageObject","inLanguage":"es","@id":"https:\/\/secure.gravatar.com\/avatar\/b6992f131dc8d30ab0dff15446e9d346d9dbd95992de0fef795073f5ea83a81c?s=96&d=mm&r=g","url":"https:\/\/secure.gravatar.com\/avatar\/b6992f131dc8d30ab0dff15446e9d346d9dbd95992de0fef795073f5ea83a81c?s=96&d=mm&r=g","contentUrl":"https:\/\/secure.gravatar.com\/avatar\/b6992f131dc8d30ab0dff15446e9d346d9dbd95992de0fef795073f5ea83a81c?s=96&d=mm&r=g","caption":"La Gu\u00eda de Pamplona"}}]}},"post_mailing_queue_ids":[],"_links":{"self":[{"href":"https:\/\/www.laguiadepamplona.com\/actualidad\/wp-json\/wp\/v2\/posts\/38677","targetHints":{"allow":["GET"]}}],"collection":[{"href":"https:\/\/www.laguiadepamplona.com\/actualidad\/wp-json\/wp\/v2\/posts"}],"about":[{"href":"https:\/\/www.laguiadepamplona.com\/actualidad\/wp-json\/wp\/v2\/types\/post"}],"author":[{"embeddable":true,"href":"https:\/\/www.laguiadepamplona.com\/actualidad\/wp-json\/wp\/v2\/users\/1"}],"replies":[{"embeddable":true,"href":"https:\/\/www.laguiadepamplona.com\/actualidad\/wp-json\/wp\/v2\/comments?post=38677"}],"version-history":[{"count":0,"href":"https:\/\/www.laguiadepamplona.com\/actualidad\/wp-json\/wp\/v2\/posts\/38677\/revisions"}],"wp:featuredmedia":[{"embeddable":true,"href":"https:\/\/www.laguiadepamplona.com\/actualidad\/wp-json\/wp\/v2\/media\/38678"}],"wp:attachment":[{"href":"https:\/\/www.laguiadepamplona.com\/actualidad\/wp-json\/wp\/v2\/media?parent=38677"}],"wp:term":[{"taxonomy":"category","embeddable":true,"href":"https:\/\/www.laguiadepamplona.com\/actualidad\/wp-json\/wp\/v2\/categories?post=38677"},{"taxonomy":"post_tag","embeddable":true,"href":"https:\/\/www.laguiadepamplona.com\/actualidad\/wp-json\/wp\/v2\/tags?post=38677"}],"curies":[{"name":"wp","href":"https:\/\/api.w.org\/{rel}","templated":true}]}}