{"id":38672,"date":"2022-02-09T14:20:46","date_gmt":"2022-02-09T12:20:46","guid":{"rendered":"https:\/\/www.laguiadepamplona.com\/actualidad\/?p=38672"},"modified":"2023-04-11T11:48:32","modified_gmt":"2023-04-11T09:48:32","slug":"el-carnaval-y-el-patrimonio-inmaterial-protagonizan-un-ciclo-de-conferencias-del-10-al-24-de-febrero-en-civivox-mendillorri","status":"publish","type":"post","link":"https:\/\/www.laguiadepamplona.com\/actualidad\/el-carnaval-y-el-patrimonio-inmaterial-protagonizan-un-ciclo-de-conferencias-del-10-al-24-de-febrero-en-civivox-mendillorri\/","title":{"rendered":"El Carnaval y el patrimonio inmaterial protagonizan un ciclo de conferencias del 10 al 24 de febrero en Civivox Mendillorri"},"content":{"rendered":"<h5>Las charlas, los jueves a las 19 horas, tienen la entrada libre, previa inscripci\u00f3n en el 010, la red Civivox y <a href=\"http:\/\/www.pamplonaescultura.es\" target=\"_blank\" rel=\"noopener\">www.pamplonaescultura.es<\/a><\/h5>\n<p><!--more--><\/p>\n<p>Tres conferencias, una ma\u00f1ana de danzas y una exposici\u00f3n acercar\u00e1n en este mes de febrero a Civivox Mendillorri el Carnaval y el patrimonio inmaterial. El ciclo lo organiza el Ayuntamiento de Pamplona, a trav\u00e9s de la red Civivox, en colaboraci\u00f3n con Labrit Patrimonio, cuyos expertos y expertas impartir\u00e1n las conferencias. Las charlas tienen la entrada libre, previa inscripci\u00f3n en el 010, los centros Civivox y <a href=\"http:\/\/www.pamplonaescultura.es\" target=\"_blank\" rel=\"noopener\">www.pamplonaescultura.es<\/a>.<br \/>\n<script async src=\"\/\/pagead2.googlesyndication.com\/pagead\/js\/adsbygoogle.js\"><\/script><br \/>\n<!-- Noticias La Guia de Pamplona --><br \/>\n<ins class=\"adsbygoogle\"\nstyle=\"display:block\"\ndata-ad-client=\"ca-pub-6943679897239327\"\ndata-ad-slot=\"7048180777\"\ndata-ad-format=\"auto\"><\/ins><br \/>\n<script>\n(adsbygoogle = window.adsbygoogle || []).push({});\n<\/script><\/p>\n<p>El fundador de Labrit Patrimonio, Gaizka Aranguren, protagonizar\u00e1 ma\u00f1ana a las 19 horas la charla \u2018Patrimonio inmaterial. Pilares de nuestra identidad\u2019. Los referentes comunes del pasado, las vivencias, experiencias y saberes transmitidos, as\u00ed como los proyectos de futuro compartido, componen el imaginario colectivo de cualquier grupo humano. El imaginario din\u00e1mico que cristaliza en su propia identidad. Decodificando, analizando, categorizando y transmitiendo ese imaginario, se fortalece la diversidad cultural mundial y se potencia el desarrollo local sostenible.<\/p>\n<p>El jueves 17 de febrero, tambi\u00e9n a las 19 horas, la sesi\u00f3n prevista desgranar\u00e1 una gu\u00eda pr\u00e1ctica para conocer y reconocer los conceptos relacionados con el Patrimonio Inmaterial de la A a la Z. Impartir\u00e1 la charla, titulada \u2018Diccionario B\u00e1sico de Patrimonio Inmaterial\u2019, la antrop\u00f3loga de Labrit Patrimonio, Beatriz Gallego.<\/p>\n<p>La \u00faltima charla, el jueves 24, la impartir\u00e1 el escritor e investigador, miembro tambi\u00e9n de Labrit Patrimonio, Fernando Hualde, y abordar\u00e1 las intervenciones patrimoniales en torno al Carnaval, una fiesta que es muestra clara del Patrimonio Cultural Inmaterial. La Comunidad Foral de Navarra es especialmente rica en esta parcela patrimonial, pero tambi\u00e9n lo es en intervenciones que recojan, salvaguarden, pongan en valor y den a conocer los carnavales. Durante la conferencia, se presentar\u00e1n algunos ejemplos de lo que hasta ahora se ha hecho y a la efectividad que estas acciones han tenido.<br \/>\n<script async src=\"\/\/pagead2.googlesyndication.com\/pagead\/js\/adsbygoogle.js\"><\/script><br \/>\n<!-- Noticias La Guia de Pamplona --><br \/>\n<ins class=\"adsbygoogle\"\nstyle=\"display:block\"\ndata-ad-client=\"ca-pub-6943679897239327\"\ndata-ad-slot=\"7048180777\"\ndata-ad-format=\"auto\"><\/ins><br \/>\n<script>\n(adsbygoogle = window.adsbygoogle || []).push({});\n<\/script><\/p>\n<p>El ciclo no solo constar\u00e1 de conferencias, sino que tambi\u00e9n se han organizado una exposici\u00f3n y un ma\u00f1ana de folklore. El s\u00e1bado 19 de febrero, a las 12 horas en los exteriores de Civivox Mendillorri, Ortzadar Euskal Folklore Elkartea invita a un tradicional baile tradicional en la plaza, al aire libre, con m\u00fasica en directo, dirigido por un grupo de componentes del grupo. Una ma\u00f1ana amena al son de la m\u00fasica, tanto para quienes dominan las danzas tradicionales como para quienes quieran aprender en grupo y mejorar. Hasta el 28 de febrero se puede visitar en el propio Civivox Mendillorri la exposici\u00f3n fotogr\u00e1fica \u201cInauteriak\u201d, con instant\u00e1neas de Maider Kuadra.<\/p>\n","protected":false},"excerpt":{"rendered":"<p>Las charlas, los jueves a las 19 horas, tienen la entrada libre, previa inscripci\u00f3n en el 010, la red Civivox y www.pamplonaescultura.es<\/p>\n","protected":false},"author":1,"featured_media":38648,"comment_status":"open","ping_status":"closed","sticky":false,"template":"","format":"standard","meta":{"footnotes":""},"categories":[2],"tags":[],"class_list":["post-38672","post","type-post","status-publish","format-standard","has-post-thumbnail","hentry","category-ayuntamiento-pamplona"],"yoast_head":"<!-- This site is optimized with the Yoast SEO plugin v27.3 - https:\/\/yoast.com\/product\/yoast-seo-wordpress\/ -->\n<title>El Carnaval y el patrimonio inmaterial protagonizan un ciclo de conferencias del 10 al 24 de febrero en Civivox Mendillorri<\/title>\n<meta name=\"description\" content=\"Las charlas, los jueves a las 19 horas, tienen la entrada libre, previa inscripci\u00f3n en el 010, la red Civivox y www.pamplonaescultura.es\" \/>\n<meta name=\"robots\" content=\"index, follow, max-snippet:-1, max-image-preview:large, max-video-preview:-1\" \/>\n<link rel=\"canonical\" href=\"https:\/\/www.laguiadepamplona.com\/actualidad\/el-carnaval-y-el-patrimonio-inmaterial-protagonizan-un-ciclo-de-conferencias-del-10-al-24-de-febrero-en-civivox-mendillorri\/\" \/>\n<meta property=\"og:locale\" content=\"es_ES\" \/>\n<meta property=\"og:type\" content=\"article\" \/>\n<meta property=\"og:title\" content=\"El Carnaval y el patrimonio inmaterial protagonizan un ciclo de conferencias del 10 al 24 de febrero en Civivox Mendillorri\" \/>\n<meta property=\"og:description\" content=\"Las charlas, los jueves a las 19 horas, tienen la entrada libre, previa inscripci\u00f3n en el 010, la red Civivox y www.pamplonaescultura.es\" \/>\n<meta property=\"og:url\" content=\"https:\/\/www.laguiadepamplona.com\/actualidad\/el-carnaval-y-el-patrimonio-inmaterial-protagonizan-un-ciclo-de-conferencias-del-10-al-24-de-febrero-en-civivox-mendillorri\/\" \/>\n<meta property=\"og:site_name\" content=\"La Gu\u00eda de Pamplona\" \/>\n<meta property=\"article:publisher\" content=\"https:\/\/www.facebook.com\/laguiadepamplonacom-133175176762273\/?ref=hl\" \/>\n<meta property=\"article:published_time\" content=\"2022-02-09T12:20:46+00:00\" \/>\n<meta property=\"article:modified_time\" content=\"2023-04-11T09:48:32+00:00\" \/>\n<meta property=\"og:image\" content=\"https:\/\/www.laguiadepamplona.com\/actualidad\/wp-content\/uploads\/2022\/02\/carnaval-patrimonio-inmaterial.jpg\" \/>\n\t<meta property=\"og:image:width\" content=\"870\" \/>\n\t<meta property=\"og:image:height\" content=\"480\" \/>\n\t<meta property=\"og:image:type\" content=\"image\/jpeg\" \/>\n<meta name=\"author\" content=\"La Gu\u00eda de Pamplona\" \/>\n<meta name=\"twitter:card\" content=\"summary_large_image\" \/>\n<meta name=\"twitter:creator\" content=\"@LaGuiadPamplona\" \/>\n<meta name=\"twitter:site\" content=\"@LaGuiadPamplona\" \/>\n<meta name=\"twitter:label1\" content=\"Escrito por\" \/>\n\t<meta name=\"twitter:data1\" content=\"La Gu\u00eda de Pamplona\" \/>\n\t<meta name=\"twitter:label2\" content=\"Tiempo de lectura\" \/>\n\t<meta name=\"twitter:data2\" content=\"2 minutos\" \/>\n<script type=\"application\/ld+json\" class=\"yoast-schema-graph\">{\"@context\":\"https:\\\/\\\/schema.org\",\"@graph\":[{\"@type\":\"Article\",\"@id\":\"https:\\\/\\\/www.laguiadepamplona.com\\\/actualidad\\\/el-carnaval-y-el-patrimonio-inmaterial-protagonizan-un-ciclo-de-conferencias-del-10-al-24-de-febrero-en-civivox-mendillorri\\\/#article\",\"isPartOf\":{\"@id\":\"https:\\\/\\\/www.laguiadepamplona.com\\\/actualidad\\\/el-carnaval-y-el-patrimonio-inmaterial-protagonizan-un-ciclo-de-conferencias-del-10-al-24-de-febrero-en-civivox-mendillorri\\\/\"},\"author\":{\"name\":\"La Gu\u00eda de Pamplona\",\"@id\":\"https:\\\/\\\/www.laguiadepamplona.com\\\/actualidad\\\/#\\\/schema\\\/person\\\/efe887376f0213d4657c93adc50b1fdb\"},\"headline\":\"El Carnaval y el patrimonio inmaterial protagonizan un ciclo de conferencias del 10 al 24 de febrero en Civivox Mendillorri\",\"datePublished\":\"2022-02-09T12:20:46+00:00\",\"dateModified\":\"2023-04-11T09:48:32+00:00\",\"mainEntityOfPage\":{\"@id\":\"https:\\\/\\\/www.laguiadepamplona.com\\\/actualidad\\\/el-carnaval-y-el-patrimonio-inmaterial-protagonizan-un-ciclo-de-conferencias-del-10-al-24-de-febrero-en-civivox-mendillorri\\\/\"},\"wordCount\":456,\"commentCount\":0,\"publisher\":{\"@id\":\"https:\\\/\\\/www.laguiadepamplona.com\\\/actualidad\\\/#organization\"},\"image\":{\"@id\":\"https:\\\/\\\/www.laguiadepamplona.com\\\/actualidad\\\/el-carnaval-y-el-patrimonio-inmaterial-protagonizan-un-ciclo-de-conferencias-del-10-al-24-de-febrero-en-civivox-mendillorri\\\/#primaryimage\"},\"thumbnailUrl\":\"https:\\\/\\\/www.laguiadepamplona.com\\\/actualidad\\\/wp-content\\\/uploads\\\/2022\\\/02\\\/carnaval-patrimonio-inmaterial.jpg\",\"articleSection\":[\"Ayto Pamplona\"],\"inLanguage\":\"es\",\"potentialAction\":[{\"@type\":\"CommentAction\",\"name\":\"Comment\",\"target\":[\"https:\\\/\\\/www.laguiadepamplona.com\\\/actualidad\\\/el-carnaval-y-el-patrimonio-inmaterial-protagonizan-un-ciclo-de-conferencias-del-10-al-24-de-febrero-en-civivox-mendillorri\\\/#respond\"]}]},{\"@type\":\"WebPage\",\"@id\":\"https:\\\/\\\/www.laguiadepamplona.com\\\/actualidad\\\/el-carnaval-y-el-patrimonio-inmaterial-protagonizan-un-ciclo-de-conferencias-del-10-al-24-de-febrero-en-civivox-mendillorri\\\/\",\"url\":\"https:\\\/\\\/www.laguiadepamplona.com\\\/actualidad\\\/el-carnaval-y-el-patrimonio-inmaterial-protagonizan-un-ciclo-de-conferencias-del-10-al-24-de-febrero-en-civivox-mendillorri\\\/\",\"name\":\"El Carnaval y el patrimonio inmaterial protagonizan un ciclo de conferencias del 10 al 24 de febrero en Civivox Mendillorri\",\"isPartOf\":{\"@id\":\"https:\\\/\\\/www.laguiadepamplona.com\\\/actualidad\\\/#website\"},\"primaryImageOfPage\":{\"@id\":\"https:\\\/\\\/www.laguiadepamplona.com\\\/actualidad\\\/el-carnaval-y-el-patrimonio-inmaterial-protagonizan-un-ciclo-de-conferencias-del-10-al-24-de-febrero-en-civivox-mendillorri\\\/#primaryimage\"},\"image\":{\"@id\":\"https:\\\/\\\/www.laguiadepamplona.com\\\/actualidad\\\/el-carnaval-y-el-patrimonio-inmaterial-protagonizan-un-ciclo-de-conferencias-del-10-al-24-de-febrero-en-civivox-mendillorri\\\/#primaryimage\"},\"thumbnailUrl\":\"https:\\\/\\\/www.laguiadepamplona.com\\\/actualidad\\\/wp-content\\\/uploads\\\/2022\\\/02\\\/carnaval-patrimonio-inmaterial.jpg\",\"datePublished\":\"2022-02-09T12:20:46+00:00\",\"dateModified\":\"2023-04-11T09:48:32+00:00\",\"description\":\"Las charlas, los jueves a las 19 horas, tienen la entrada libre, previa inscripci\u00f3n en el 010, la red Civivox y www.pamplonaescultura.es\",\"breadcrumb\":{\"@id\":\"https:\\\/\\\/www.laguiadepamplona.com\\\/actualidad\\\/el-carnaval-y-el-patrimonio-inmaterial-protagonizan-un-ciclo-de-conferencias-del-10-al-24-de-febrero-en-civivox-mendillorri\\\/#breadcrumb\"},\"inLanguage\":\"es\",\"potentialAction\":[{\"@type\":\"ReadAction\",\"target\":[\"https:\\\/\\\/www.laguiadepamplona.com\\\/actualidad\\\/el-carnaval-y-el-patrimonio-inmaterial-protagonizan-un-ciclo-de-conferencias-del-10-al-24-de-febrero-en-civivox-mendillorri\\\/\"]}]},{\"@type\":\"ImageObject\",\"inLanguage\":\"es\",\"@id\":\"https:\\\/\\\/www.laguiadepamplona.com\\\/actualidad\\\/el-carnaval-y-el-patrimonio-inmaterial-protagonizan-un-ciclo-de-conferencias-del-10-al-24-de-febrero-en-civivox-mendillorri\\\/#primaryimage\",\"url\":\"https:\\\/\\\/www.laguiadepamplona.com\\\/actualidad\\\/wp-content\\\/uploads\\\/2022\\\/02\\\/carnaval-patrimonio-inmaterial.jpg\",\"contentUrl\":\"https:\\\/\\\/www.laguiadepamplona.com\\\/actualidad\\\/wp-content\\\/uploads\\\/2022\\\/02\\\/carnaval-patrimonio-inmaterial.jpg\",\"width\":870,\"height\":480},{\"@type\":\"BreadcrumbList\",\"@id\":\"https:\\\/\\\/www.laguiadepamplona.com\\\/actualidad\\\/el-carnaval-y-el-patrimonio-inmaterial-protagonizan-un-ciclo-de-conferencias-del-10-al-24-de-febrero-en-civivox-mendillorri\\\/#breadcrumb\",\"itemListElement\":[{\"@type\":\"ListItem\",\"position\":1,\"name\":\"Portada\",\"item\":\"https:\\\/\\\/www.laguiadepamplona.com\\\/actualidad\\\/\"},{\"@type\":\"ListItem\",\"position\":2,\"name\":\"El Carnaval y el patrimonio inmaterial protagonizan un ciclo de conferencias del 10 al 24 de febrero en Civivox Mendillorri\"}]},{\"@type\":\"WebSite\",\"@id\":\"https:\\\/\\\/www.laguiadepamplona.com\\\/actualidad\\\/#website\",\"url\":\"https:\\\/\\\/www.laguiadepamplona.com\\\/actualidad\\\/\",\"name\":\"La gu\u00eda de Pamplona\",\"description\":\"Noticias de Pamplona\",\"publisher\":{\"@id\":\"https:\\\/\\\/www.laguiadepamplona.com\\\/actualidad\\\/#organization\"},\"potentialAction\":[{\"@type\":\"SearchAction\",\"target\":{\"@type\":\"EntryPoint\",\"urlTemplate\":\"https:\\\/\\\/www.laguiadepamplona.com\\\/actualidad\\\/?s={search_term_string}\"},\"query-input\":{\"@type\":\"PropertyValueSpecification\",\"valueRequired\":true,\"valueName\":\"search_term_string\"}}],\"inLanguage\":\"es\"},{\"@type\":\"Organization\",\"@id\":\"https:\\\/\\\/www.laguiadepamplona.com\\\/actualidad\\\/#organization\",\"name\":\"La Gu\u00eda de Pamplona \\\/ Noticias\",\"url\":\"https:\\\/\\\/www.laguiadepamplona.com\\\/actualidad\\\/\",\"logo\":{\"@type\":\"ImageObject\",\"inLanguage\":\"es\",\"@id\":\"https:\\\/\\\/www.laguiadepamplona.com\\\/actualidad\\\/#\\\/schema\\\/logo\\\/image\\\/\",\"url\":\"https:\\\/\\\/www.laguiadepamplona.com\\\/actualidad\\\/wp-content\\\/uploads\\\/2018\\\/11\\\/logo-laguiadepamplona18-web1.png\",\"contentUrl\":\"https:\\\/\\\/www.laguiadepamplona.com\\\/actualidad\\\/wp-content\\\/uploads\\\/2018\\\/11\\\/logo-laguiadepamplona18-web1.png\",\"width\":600,\"height\":196,\"caption\":\"La Gu\u00eda de Pamplona \\\/ Noticias\"},\"image\":{\"@id\":\"https:\\\/\\\/www.laguiadepamplona.com\\\/actualidad\\\/#\\\/schema\\\/logo\\\/image\\\/\"},\"sameAs\":[\"https:\\\/\\\/www.facebook.com\\\/laguiadepamplonacom-133175176762273\\\/?ref=hl\",\"https:\\\/\\\/x.com\\\/LaGuiadPamplona\",\"https:\\\/\\\/www.instagram.com\\\/la_guia_de_pamplona\\\/\",\"https:\\\/\\\/www.youtube.com\\\/user\\\/laguiadepamplona\"]},{\"@type\":\"Person\",\"@id\":\"https:\\\/\\\/www.laguiadepamplona.com\\\/actualidad\\\/#\\\/schema\\\/person\\\/efe887376f0213d4657c93adc50b1fdb\",\"name\":\"La Gu\u00eda de Pamplona\",\"image\":{\"@type\":\"ImageObject\",\"inLanguage\":\"es\",\"@id\":\"https:\\\/\\\/secure.gravatar.com\\\/avatar\\\/b6992f131dc8d30ab0dff15446e9d346d9dbd95992de0fef795073f5ea83a81c?s=96&d=mm&r=g\",\"url\":\"https:\\\/\\\/secure.gravatar.com\\\/avatar\\\/b6992f131dc8d30ab0dff15446e9d346d9dbd95992de0fef795073f5ea83a81c?s=96&d=mm&r=g\",\"contentUrl\":\"https:\\\/\\\/secure.gravatar.com\\\/avatar\\\/b6992f131dc8d30ab0dff15446e9d346d9dbd95992de0fef795073f5ea83a81c?s=96&d=mm&r=g\",\"caption\":\"La Gu\u00eda de Pamplona\"}}]}<\/script>\n<!-- \/ Yoast SEO plugin. -->","yoast_head_json":{"title":"El Carnaval y el patrimonio inmaterial protagonizan un ciclo de conferencias del 10 al 24 de febrero en Civivox Mendillorri","description":"Las charlas, los jueves a las 19 horas, tienen la entrada libre, previa inscripci\u00f3n en el 010, la red Civivox y www.pamplonaescultura.es","robots":{"index":"index","follow":"follow","max-snippet":"max-snippet:-1","max-image-preview":"max-image-preview:large","max-video-preview":"max-video-preview:-1"},"canonical":"https:\/\/www.laguiadepamplona.com\/actualidad\/el-carnaval-y-el-patrimonio-inmaterial-protagonizan-un-ciclo-de-conferencias-del-10-al-24-de-febrero-en-civivox-mendillorri\/","og_locale":"es_ES","og_type":"article","og_title":"El Carnaval y el patrimonio inmaterial protagonizan un ciclo de conferencias del 10 al 24 de febrero en Civivox Mendillorri","og_description":"Las charlas, los jueves a las 19 horas, tienen la entrada libre, previa inscripci\u00f3n en el 010, la red Civivox y www.pamplonaescultura.es","og_url":"https:\/\/www.laguiadepamplona.com\/actualidad\/el-carnaval-y-el-patrimonio-inmaterial-protagonizan-un-ciclo-de-conferencias-del-10-al-24-de-febrero-en-civivox-mendillorri\/","og_site_name":"La Gu\u00eda de Pamplona","article_publisher":"https:\/\/www.facebook.com\/laguiadepamplonacom-133175176762273\/?ref=hl","article_published_time":"2022-02-09T12:20:46+00:00","article_modified_time":"2023-04-11T09:48:32+00:00","og_image":[{"width":870,"height":480,"url":"https:\/\/www.laguiadepamplona.com\/actualidad\/wp-content\/uploads\/2022\/02\/carnaval-patrimonio-inmaterial.jpg","type":"image\/jpeg"}],"author":"La Gu\u00eda de Pamplona","twitter_card":"summary_large_image","twitter_creator":"@LaGuiadPamplona","twitter_site":"@LaGuiadPamplona","twitter_misc":{"Escrito por":"La Gu\u00eda de Pamplona","Tiempo de lectura":"2 minutos"},"schema":{"@context":"https:\/\/schema.org","@graph":[{"@type":"Article","@id":"https:\/\/www.laguiadepamplona.com\/actualidad\/el-carnaval-y-el-patrimonio-inmaterial-protagonizan-un-ciclo-de-conferencias-del-10-al-24-de-febrero-en-civivox-mendillorri\/#article","isPartOf":{"@id":"https:\/\/www.laguiadepamplona.com\/actualidad\/el-carnaval-y-el-patrimonio-inmaterial-protagonizan-un-ciclo-de-conferencias-del-10-al-24-de-febrero-en-civivox-mendillorri\/"},"author":{"name":"La Gu\u00eda de Pamplona","@id":"https:\/\/www.laguiadepamplona.com\/actualidad\/#\/schema\/person\/efe887376f0213d4657c93adc50b1fdb"},"headline":"El Carnaval y el patrimonio inmaterial protagonizan un ciclo de conferencias del 10 al 24 de febrero en Civivox Mendillorri","datePublished":"2022-02-09T12:20:46+00:00","dateModified":"2023-04-11T09:48:32+00:00","mainEntityOfPage":{"@id":"https:\/\/www.laguiadepamplona.com\/actualidad\/el-carnaval-y-el-patrimonio-inmaterial-protagonizan-un-ciclo-de-conferencias-del-10-al-24-de-febrero-en-civivox-mendillorri\/"},"wordCount":456,"commentCount":0,"publisher":{"@id":"https:\/\/www.laguiadepamplona.com\/actualidad\/#organization"},"image":{"@id":"https:\/\/www.laguiadepamplona.com\/actualidad\/el-carnaval-y-el-patrimonio-inmaterial-protagonizan-un-ciclo-de-conferencias-del-10-al-24-de-febrero-en-civivox-mendillorri\/#primaryimage"},"thumbnailUrl":"https:\/\/www.laguiadepamplona.com\/actualidad\/wp-content\/uploads\/2022\/02\/carnaval-patrimonio-inmaterial.jpg","articleSection":["Ayto Pamplona"],"inLanguage":"es","potentialAction":[{"@type":"CommentAction","name":"Comment","target":["https:\/\/www.laguiadepamplona.com\/actualidad\/el-carnaval-y-el-patrimonio-inmaterial-protagonizan-un-ciclo-de-conferencias-del-10-al-24-de-febrero-en-civivox-mendillorri\/#respond"]}]},{"@type":"WebPage","@id":"https:\/\/www.laguiadepamplona.com\/actualidad\/el-carnaval-y-el-patrimonio-inmaterial-protagonizan-un-ciclo-de-conferencias-del-10-al-24-de-febrero-en-civivox-mendillorri\/","url":"https:\/\/www.laguiadepamplona.com\/actualidad\/el-carnaval-y-el-patrimonio-inmaterial-protagonizan-un-ciclo-de-conferencias-del-10-al-24-de-febrero-en-civivox-mendillorri\/","name":"El Carnaval y el patrimonio inmaterial protagonizan un ciclo de conferencias del 10 al 24 de febrero en Civivox Mendillorri","isPartOf":{"@id":"https:\/\/www.laguiadepamplona.com\/actualidad\/#website"},"primaryImageOfPage":{"@id":"https:\/\/www.laguiadepamplona.com\/actualidad\/el-carnaval-y-el-patrimonio-inmaterial-protagonizan-un-ciclo-de-conferencias-del-10-al-24-de-febrero-en-civivox-mendillorri\/#primaryimage"},"image":{"@id":"https:\/\/www.laguiadepamplona.com\/actualidad\/el-carnaval-y-el-patrimonio-inmaterial-protagonizan-un-ciclo-de-conferencias-del-10-al-24-de-febrero-en-civivox-mendillorri\/#primaryimage"},"thumbnailUrl":"https:\/\/www.laguiadepamplona.com\/actualidad\/wp-content\/uploads\/2022\/02\/carnaval-patrimonio-inmaterial.jpg","datePublished":"2022-02-09T12:20:46+00:00","dateModified":"2023-04-11T09:48:32+00:00","description":"Las charlas, los jueves a las 19 horas, tienen la entrada libre, previa inscripci\u00f3n en el 010, la red Civivox y www.pamplonaescultura.es","breadcrumb":{"@id":"https:\/\/www.laguiadepamplona.com\/actualidad\/el-carnaval-y-el-patrimonio-inmaterial-protagonizan-un-ciclo-de-conferencias-del-10-al-24-de-febrero-en-civivox-mendillorri\/#breadcrumb"},"inLanguage":"es","potentialAction":[{"@type":"ReadAction","target":["https:\/\/www.laguiadepamplona.com\/actualidad\/el-carnaval-y-el-patrimonio-inmaterial-protagonizan-un-ciclo-de-conferencias-del-10-al-24-de-febrero-en-civivox-mendillorri\/"]}]},{"@type":"ImageObject","inLanguage":"es","@id":"https:\/\/www.laguiadepamplona.com\/actualidad\/el-carnaval-y-el-patrimonio-inmaterial-protagonizan-un-ciclo-de-conferencias-del-10-al-24-de-febrero-en-civivox-mendillorri\/#primaryimage","url":"https:\/\/www.laguiadepamplona.com\/actualidad\/wp-content\/uploads\/2022\/02\/carnaval-patrimonio-inmaterial.jpg","contentUrl":"https:\/\/www.laguiadepamplona.com\/actualidad\/wp-content\/uploads\/2022\/02\/carnaval-patrimonio-inmaterial.jpg","width":870,"height":480},{"@type":"BreadcrumbList","@id":"https:\/\/www.laguiadepamplona.com\/actualidad\/el-carnaval-y-el-patrimonio-inmaterial-protagonizan-un-ciclo-de-conferencias-del-10-al-24-de-febrero-en-civivox-mendillorri\/#breadcrumb","itemListElement":[{"@type":"ListItem","position":1,"name":"Portada","item":"https:\/\/www.laguiadepamplona.com\/actualidad\/"},{"@type":"ListItem","position":2,"name":"El Carnaval y el patrimonio inmaterial protagonizan un ciclo de conferencias del 10 al 24 de febrero en Civivox Mendillorri"}]},{"@type":"WebSite","@id":"https:\/\/www.laguiadepamplona.com\/actualidad\/#website","url":"https:\/\/www.laguiadepamplona.com\/actualidad\/","name":"La gu\u00eda de Pamplona","description":"Noticias de Pamplona","publisher":{"@id":"https:\/\/www.laguiadepamplona.com\/actualidad\/#organization"},"potentialAction":[{"@type":"SearchAction","target":{"@type":"EntryPoint","urlTemplate":"https:\/\/www.laguiadepamplona.com\/actualidad\/?s={search_term_string}"},"query-input":{"@type":"PropertyValueSpecification","valueRequired":true,"valueName":"search_term_string"}}],"inLanguage":"es"},{"@type":"Organization","@id":"https:\/\/www.laguiadepamplona.com\/actualidad\/#organization","name":"La Gu\u00eda de Pamplona \/ Noticias","url":"https:\/\/www.laguiadepamplona.com\/actualidad\/","logo":{"@type":"ImageObject","inLanguage":"es","@id":"https:\/\/www.laguiadepamplona.com\/actualidad\/#\/schema\/logo\/image\/","url":"https:\/\/www.laguiadepamplona.com\/actualidad\/wp-content\/uploads\/2018\/11\/logo-laguiadepamplona18-web1.png","contentUrl":"https:\/\/www.laguiadepamplona.com\/actualidad\/wp-content\/uploads\/2018\/11\/logo-laguiadepamplona18-web1.png","width":600,"height":196,"caption":"La Gu\u00eda de Pamplona \/ Noticias"},"image":{"@id":"https:\/\/www.laguiadepamplona.com\/actualidad\/#\/schema\/logo\/image\/"},"sameAs":["https:\/\/www.facebook.com\/laguiadepamplonacom-133175176762273\/?ref=hl","https:\/\/x.com\/LaGuiadPamplona","https:\/\/www.instagram.com\/la_guia_de_pamplona\/","https:\/\/www.youtube.com\/user\/laguiadepamplona"]},{"@type":"Person","@id":"https:\/\/www.laguiadepamplona.com\/actualidad\/#\/schema\/person\/efe887376f0213d4657c93adc50b1fdb","name":"La Gu\u00eda de Pamplona","image":{"@type":"ImageObject","inLanguage":"es","@id":"https:\/\/secure.gravatar.com\/avatar\/b6992f131dc8d30ab0dff15446e9d346d9dbd95992de0fef795073f5ea83a81c?s=96&d=mm&r=g","url":"https:\/\/secure.gravatar.com\/avatar\/b6992f131dc8d30ab0dff15446e9d346d9dbd95992de0fef795073f5ea83a81c?s=96&d=mm&r=g","contentUrl":"https:\/\/secure.gravatar.com\/avatar\/b6992f131dc8d30ab0dff15446e9d346d9dbd95992de0fef795073f5ea83a81c?s=96&d=mm&r=g","caption":"La Gu\u00eda de Pamplona"}}]}},"post_mailing_queue_ids":[],"_links":{"self":[{"href":"https:\/\/www.laguiadepamplona.com\/actualidad\/wp-json\/wp\/v2\/posts\/38672","targetHints":{"allow":["GET"]}}],"collection":[{"href":"https:\/\/www.laguiadepamplona.com\/actualidad\/wp-json\/wp\/v2\/posts"}],"about":[{"href":"https:\/\/www.laguiadepamplona.com\/actualidad\/wp-json\/wp\/v2\/types\/post"}],"author":[{"embeddable":true,"href":"https:\/\/www.laguiadepamplona.com\/actualidad\/wp-json\/wp\/v2\/users\/1"}],"replies":[{"embeddable":true,"href":"https:\/\/www.laguiadepamplona.com\/actualidad\/wp-json\/wp\/v2\/comments?post=38672"}],"version-history":[{"count":0,"href":"https:\/\/www.laguiadepamplona.com\/actualidad\/wp-json\/wp\/v2\/posts\/38672\/revisions"}],"wp:featuredmedia":[{"embeddable":true,"href":"https:\/\/www.laguiadepamplona.com\/actualidad\/wp-json\/wp\/v2\/media\/38648"}],"wp:attachment":[{"href":"https:\/\/www.laguiadepamplona.com\/actualidad\/wp-json\/wp\/v2\/media?parent=38672"}],"wp:term":[{"taxonomy":"category","embeddable":true,"href":"https:\/\/www.laguiadepamplona.com\/actualidad\/wp-json\/wp\/v2\/categories?post=38672"},{"taxonomy":"post_tag","embeddable":true,"href":"https:\/\/www.laguiadepamplona.com\/actualidad\/wp-json\/wp\/v2\/tags?post=38672"}],"curies":[{"name":"wp","href":"https:\/\/api.w.org\/{rel}","templated":true}]}}