{"id":38670,"date":"2022-02-09T14:19:45","date_gmt":"2022-02-09T12:19:45","guid":{"rendered":"https:\/\/www.laguiadepamplona.com\/actualidad\/?p=38670"},"modified":"2023-04-11T11:48:32","modified_gmt":"2023-04-11T09:48:32","slug":"el-ayuntamiento-de-pamplona-prepara-una-convocatoria-de-ayudas-para-minimizar-los-efectos-de-las-inundaciones-en-edificios-e-inmuebles","status":"publish","type":"post","link":"https:\/\/www.laguiadepamplona.com\/actualidad\/el-ayuntamiento-de-pamplona-prepara-una-convocatoria-de-ayudas-para-minimizar-los-efectos-de-las-inundaciones-en-edificios-e-inmuebles\/","title":{"rendered":"El Ayuntamiento de Pamplona prepara una convocatoria de ayudas para minimizar los efectos de las inundaciones en edificios e inmuebles"},"content":{"rendered":"<h5>Esta subvenci\u00f3n se sumar\u00e1 a un plan de trabajo m\u00e1s amplio, en el que se revisar\u00e1 el protocolo y mejorar\u00e1 los entornos fluviales<\/h5>\n<p><!--more--><\/p>\n<p>El Ayuntamiento de Pamplona est\u00e1 trabajando en la elaboraci\u00f3n de una convocatoria de ayudas con car\u00e1cter plurianual para adecuar los edificios de las zonas inundables de la ciudad ante posibles nuevas avenidas, de forma que se puedan evitar o minimizar los da\u00f1os ocasionados por el agua. El presupuesto total, a\u00fan sin concretar, depender\u00e1 de las necesidades detectadas en las comunidades de vecinos y del consiguiente acuerdo presupuestario, pero superar\u00eda el importe de convocatorias anteriores. El alcalde de Pamplona, Enrique Maya, y el concejal delegado de Seguridad Ciudadana, Javier Labairu, ha presentado hoy en rueda de prensa, las actuaciones sobre las que est\u00e1 trabajando el Consistorio ante futuras inundaciones.<\/p>\n<p>En lo que se refiere a esta convocatoria de ayudas, estas semanas, personal t\u00e9cnico de las \u00e1reas de Seguridad Ciudadana y de Proyectos Estrat\u00e9gicos est\u00e1n manteniendo contactos con administradores de fincas de las zonas afectadas por la riada del pasado 10 de diciembre. El objetivo es analizar qu\u00e9 efectos podr\u00edan minimizarse a trav\u00e9s de distintas acciones como la colocaci\u00f3n de motobombas, la impermeabilizaci\u00f3n de los s\u00f3tanos o la protecci\u00f3n de las instalaciones el\u00e9ctricas y cajas de ascensor entre otros elementos existentes en s\u00f3tanos de los edificios. En funci\u00f3n de esas necesidades, se redactar\u00e1 la convocatoria, que prev\u00e9 ir en l\u00ednea similares a las que ya se convocaron en 2009 y en 2014, y que estuvieron dotadas con 200.000 y 100.000 euros respectivamente.<\/p>\n<p>Estas subvenciones se inscribir\u00e1n dentro de un plan de trabajo m\u00e1s ambicioso en el que se pretende mejorar los entornos fluviales de Pamplona. Para ello, se ha creado un grupo de trabajo integrado por el Gabinete de Alcald\u00eda y las \u00e1reas de Seguridad Ciudadana, Urbanismo, Vivienda y Sanidad, Proyectos Estrat\u00e9gicos, Movilidad y Sostenibilidad, y Conservaci\u00f3n Urbana que analizar\u00e1 cuatro l\u00edneas distintas de actuaciones, todas con el objetivo final de minimizar los efectos de las inundaciones en la ribera del r\u00edo Arga.\u00a0 En este sentido, se revisar\u00e1 el protocolo de actuaci\u00f3n en caso de riada, para garantizar su correcto funcionamiento tanto en las labores de prevenci\u00f3n y aviso al vecindario afectado como en el control de acceso y vigilancia de las aguas.<br \/>\n<script async src=\"\/\/pagead2.googlesyndication.com\/pagead\/js\/adsbygoogle.js\"><\/script><br \/>\n<!-- Noticias La Guia de Pamplona --><br \/>\n<ins class=\"adsbygoogle\"\nstyle=\"display:block\"\ndata-ad-client=\"ca-pub-6943679897239327\"\ndata-ad-slot=\"7048180777\"\ndata-ad-format=\"auto\"><\/ins><br \/>\n<script>\n(adsbygoogle = window.adsbygoogle || []).push({});\n<\/script><\/p>\n<p><strong>Dos proyectos, 8 millones<\/strong><\/p>\n<p>Asimismo, el Ayuntamiento de Pamplona quiere impulsar dos propuestas que incidir\u00e1n directamente en los cauces y entornos del r\u00edo, que supondr\u00edan una inversi\u00f3n de m\u00e1s de ocho millones de euros.<\/p>\n<p>Uno de ellos, desarrollado en colaboraci\u00f3n con la Mancomunidad de la Comarca de Pamplona, prev\u00e9 destinar cuatro millones de euros en la intervenci\u00f3n en el cauce del Arga y en los colectores de la zona. En estos momentos, ya se han encargado trabajos de topograf\u00eda, que recogen un an\u00e1lisis en profundidad de c\u00f3mo se comport\u00f3 la inundaci\u00f3n del pasado mes de diciembre. Tambi\u00e9n se ha puesto en marcha la inspecci\u00f3n y revisi\u00f3n de la situaci\u00f3n de los colectores existentes y sus registros en el entorno del r\u00edo Arga en los meandros de Aranzadi, Rochapea y San Jorge.<\/p>\n<p>Estas medidas de refuerzo en colectores y una serie de nuevas medidas para situaciones de grandes avecinas se presentar\u00e1n a la convocatoria de ayudas que ha abierto el Ministerio de la Transici\u00f3n Ecol\u00f3gica y el Reto Demogr\u00e1fico, con el objetivo de lograr financiaci\u00f3n extra.<br \/>\n<script async src=\"\/\/pagead2.googlesyndication.com\/pagead\/js\/adsbygoogle.js\"><\/script><br \/>\n<!-- Noticias La Guia de Pamplona --><br \/>\n<ins class=\"adsbygoogle\"\nstyle=\"display:block\"\ndata-ad-client=\"ca-pub-6943679897239327\"\ndata-ad-slot=\"7048180777\"\ndata-ad-format=\"auto\"><\/ins><br \/>\n<script>\n(adsbygoogle = window.adsbygoogle || []).push({});\n<\/script><\/p>\n<p><strong>RUNA 2025<\/strong><\/p>\n<p>La cuarta actuaci\u00f3n de este plan de trabajo incluye la mejora de los entornos fluviales de la mano del proyecto Renaturalizaci\u00f3n Urbana de Pamplona 2025 (RUNA 2025), y que el Consistorio quiere desarrollar en los pr\u00f3ximos cuatro a\u00f1os, con un importe de 4.209.963 euros.\u00a0 RUNA 2025 aspira a conseguir financiaci\u00f3n europea, de la mano de las ayudas a la renaturalizaci\u00f3n y resiliencia de ciudades 2021, de la Fundaci\u00f3n Biodiversidad que ha lanzado el Ministerio para la Transici\u00f3n Ecol\u00f3gica y Reto Demogr\u00e1fico. El Ayuntamiento lanz\u00f3 su candidatura el pasado 3 de enero y habr\u00e1 que esperar a saber si finalmente ha sido uno de los proyectos seleccionados.<\/p>\n<p>El objetivo de este proyecto es completar una red de infraestructuras verdes y azules de la ciudad, tomando los r\u00edos (no s\u00f3lo el Arga, sino tambi\u00e9n el Sadar y el Elorz) como ejes vertebradores generales. Se trata, tal y como destacan desde la Oficina Estrat\u00e9gica, de integrar los entornos fluviales y los parques verdes a su alrededor dentro de la ciudad, potenciando su valor natural, corrigiendo los impactos existentes y mejorando su funcionamiento hidr\u00e1ulico. Todo ello servir\u00e1 para sentar las bases de una ciudad resiliente comprometida con el medio natural, objetivo de la Agenda Urbana de Pamplona \u2013 Estrategia 2030.<\/p>\n<p>RUNA 2025 incluye diversas actuaciones, que van desde la ampliaci\u00f3n del corredor fluvial en Beloso Bajo hasta la recuperaci\u00f3n de una zona inundable en el entorno del pol\u00edgono de Landaben, de forma que se reduzca la vulnerabilidad de ese espacio industrial. Asimismo, incluye medidas para facilitar la escala de peces en los azudes del Molino de Caparroso, el control de la inestabilidad y la erosi\u00f3n de la margen izquierda entre el azud de San Pedro y el azud de Santa Engracia, y un estudio para aumentar el corredor natural para una mayor resiliencia del barrio de la Rochapea frente a avenidas del r\u00edo Arga.<\/p>\n<p>El proyecto incluye tambi\u00e9n acciones para mejorar el control de inundaciones en la avenida San Jorge, la erradicaci\u00f3n de flora invasora y la limpieza y mejora de la calidad del agua, adem\u00e1s de definir una estrategia de drenaje urbano sostenible para aumentar la permeabilidad del suelo.<br \/>\n<script async src=\"\/\/pagead2.googlesyndication.com\/pagead\/js\/adsbygoogle.js\"><\/script><br \/>\n<!-- Noticias La Guia de Pamplona --><br \/>\n<ins class=\"adsbygoogle\"\nstyle=\"display:block\"\ndata-ad-client=\"ca-pub-6943679897239327\"\ndata-ad-slot=\"7048180777\"\ndata-ad-format=\"auto\"><\/ins><br \/>\n<script>\n(adsbygoogle = window.adsbygoogle || []).push({});\n<\/script><\/p>\n<p>Las actuaciones tambi\u00e9n se extender\u00e1n al entorno del r\u00edo Sadar, donde se prev\u00e9 incorporar la zona verde del rectorado de la Universidad P\u00fablica de Navarra creando una senda peatonal e integrar el campus universitario de la Universidad de Navarra en un gran eje vertebrador. En lo que se refiere al r\u00edo Elorz, se plantea realizar una reserva fluvial inundable de la desembocadura del r\u00edo Sadar en el r\u00edo Elorz y la eliminaci\u00f3n de azudes y restos de estructuras presentes en el cauce.<\/p>\n<p>El proyecto RUNA 2025 competir\u00e1 con otras 98 propuestas lanzadas por distintas ciudades espa\u00f1olas a la convocatoria de ayudas para renaturalizaci\u00f3n y resiliencia del Ministerio. El presupuesto habilitado para estas actuaciones es de 75 millones de euros, si bien, las 99 iniciativas presentadas ascienden a 346 millones, por lo que el Ministerio calcula que s\u00f3lo podr\u00e1 atender el 20% de los proyectos. Est\u00e1 previsto que durante el mes de junio se produzca la resoluci\u00f3n de las ayudas y se sepa qu\u00e9 proyectos ser\u00e1n los elegidos.<\/p>\n","protected":false},"excerpt":{"rendered":"<p>Esta subvenci\u00f3n se sumar\u00e1 a un plan de trabajo m\u00e1s amplio, en el que se revisar\u00e1 el protocolo y mejorar\u00e1 los entornos fluviales<\/p>\n","protected":false},"author":1,"featured_media":37879,"comment_status":"open","ping_status":"closed","sticky":false,"template":"","format":"standard","meta":{"footnotes":""},"categories":[2],"tags":[],"class_list":["post-38670","post","type-post","status-publish","format-standard","has-post-thumbnail","hentry","category-ayuntamiento-pamplona"],"yoast_head":"<!-- This site is optimized with the Yoast SEO plugin v27.3 - https:\/\/yoast.com\/product\/yoast-seo-wordpress\/ -->\n<title>El Ayuntamiento de Pamplona prepara una convocatoria de ayudas para minimizar los efectos de las inundaciones en edificios e inmuebles<\/title>\n<meta name=\"description\" content=\"Esta subvenci\u00f3n se sumar\u00e1 a un plan de trabajo m\u00e1s amplio, en el que se revisar\u00e1 el protocolo y mejorar\u00e1 los entornos fluviales\" \/>\n<meta name=\"robots\" content=\"index, follow, max-snippet:-1, max-image-preview:large, max-video-preview:-1\" \/>\n<link rel=\"canonical\" href=\"https:\/\/www.laguiadepamplona.com\/actualidad\/el-ayuntamiento-de-pamplona-prepara-una-convocatoria-de-ayudas-para-minimizar-los-efectos-de-las-inundaciones-en-edificios-e-inmuebles\/\" \/>\n<meta property=\"og:locale\" content=\"es_ES\" \/>\n<meta property=\"og:type\" content=\"article\" \/>\n<meta property=\"og:title\" content=\"El Ayuntamiento de Pamplona prepara una convocatoria de ayudas para minimizar los efectos de las inundaciones en edificios e inmuebles\" \/>\n<meta property=\"og:description\" content=\"Esta subvenci\u00f3n se sumar\u00e1 a un plan de trabajo m\u00e1s amplio, en el que se revisar\u00e1 el protocolo y mejorar\u00e1 los entornos fluviales\" \/>\n<meta property=\"og:url\" content=\"https:\/\/www.laguiadepamplona.com\/actualidad\/el-ayuntamiento-de-pamplona-prepara-una-convocatoria-de-ayudas-para-minimizar-los-efectos-de-las-inundaciones-en-edificios-e-inmuebles\/\" \/>\n<meta property=\"og:site_name\" content=\"La Gu\u00eda de Pamplona\" \/>\n<meta property=\"article:publisher\" content=\"https:\/\/www.facebook.com\/laguiadepamplonacom-133175176762273\/?ref=hl\" \/>\n<meta property=\"article:published_time\" content=\"2022-02-09T12:19:45+00:00\" \/>\n<meta property=\"article:modified_time\" content=\"2023-04-11T09:48:32+00:00\" \/>\n<meta property=\"og:image\" content=\"https:\/\/www.laguiadepamplona.com\/actualidad\/wp-content\/uploads\/2021\/12\/INUNDACION_EE5A7590.jpg\" \/>\n\t<meta property=\"og:image:width\" content=\"1920\" \/>\n\t<meta property=\"og:image:height\" content=\"1280\" \/>\n\t<meta property=\"og:image:type\" content=\"image\/jpeg\" \/>\n<meta name=\"author\" content=\"La Gu\u00eda de Pamplona\" \/>\n<meta name=\"twitter:card\" content=\"summary_large_image\" \/>\n<meta name=\"twitter:creator\" content=\"@LaGuiadPamplona\" \/>\n<meta name=\"twitter:site\" content=\"@LaGuiadPamplona\" \/>\n<meta name=\"twitter:label1\" content=\"Escrito por\" \/>\n\t<meta name=\"twitter:data1\" content=\"La Gu\u00eda de Pamplona\" \/>\n\t<meta name=\"twitter:label2\" content=\"Tiempo de lectura\" \/>\n\t<meta name=\"twitter:data2\" content=\"5 minutos\" \/>\n<script type=\"application\/ld+json\" class=\"yoast-schema-graph\">{\"@context\":\"https:\\\/\\\/schema.org\",\"@graph\":[{\"@type\":\"Article\",\"@id\":\"https:\\\/\\\/www.laguiadepamplona.com\\\/actualidad\\\/el-ayuntamiento-de-pamplona-prepara-una-convocatoria-de-ayudas-para-minimizar-los-efectos-de-las-inundaciones-en-edificios-e-inmuebles\\\/#article\",\"isPartOf\":{\"@id\":\"https:\\\/\\\/www.laguiadepamplona.com\\\/actualidad\\\/el-ayuntamiento-de-pamplona-prepara-una-convocatoria-de-ayudas-para-minimizar-los-efectos-de-las-inundaciones-en-edificios-e-inmuebles\\\/\"},\"author\":{\"name\":\"La Gu\u00eda de Pamplona\",\"@id\":\"https:\\\/\\\/www.laguiadepamplona.com\\\/actualidad\\\/#\\\/schema\\\/person\\\/efe887376f0213d4657c93adc50b1fdb\"},\"headline\":\"El Ayuntamiento de Pamplona prepara una convocatoria de ayudas para minimizar los efectos de las inundaciones en edificios e inmuebles\",\"datePublished\":\"2022-02-09T12:19:45+00:00\",\"dateModified\":\"2023-04-11T09:48:32+00:00\",\"mainEntityOfPage\":{\"@id\":\"https:\\\/\\\/www.laguiadepamplona.com\\\/actualidad\\\/el-ayuntamiento-de-pamplona-prepara-una-convocatoria-de-ayudas-para-minimizar-los-efectos-de-las-inundaciones-en-edificios-e-inmuebles\\\/\"},\"wordCount\":1158,\"commentCount\":0,\"publisher\":{\"@id\":\"https:\\\/\\\/www.laguiadepamplona.com\\\/actualidad\\\/#organization\"},\"image\":{\"@id\":\"https:\\\/\\\/www.laguiadepamplona.com\\\/actualidad\\\/el-ayuntamiento-de-pamplona-prepara-una-convocatoria-de-ayudas-para-minimizar-los-efectos-de-las-inundaciones-en-edificios-e-inmuebles\\\/#primaryimage\"},\"thumbnailUrl\":\"https:\\\/\\\/www.laguiadepamplona.com\\\/actualidad\\\/wp-content\\\/uploads\\\/2021\\\/12\\\/INUNDACION_EE5A7590.jpg\",\"articleSection\":[\"Ayto Pamplona\"],\"inLanguage\":\"es\",\"potentialAction\":[{\"@type\":\"CommentAction\",\"name\":\"Comment\",\"target\":[\"https:\\\/\\\/www.laguiadepamplona.com\\\/actualidad\\\/el-ayuntamiento-de-pamplona-prepara-una-convocatoria-de-ayudas-para-minimizar-los-efectos-de-las-inundaciones-en-edificios-e-inmuebles\\\/#respond\"]}]},{\"@type\":\"WebPage\",\"@id\":\"https:\\\/\\\/www.laguiadepamplona.com\\\/actualidad\\\/el-ayuntamiento-de-pamplona-prepara-una-convocatoria-de-ayudas-para-minimizar-los-efectos-de-las-inundaciones-en-edificios-e-inmuebles\\\/\",\"url\":\"https:\\\/\\\/www.laguiadepamplona.com\\\/actualidad\\\/el-ayuntamiento-de-pamplona-prepara-una-convocatoria-de-ayudas-para-minimizar-los-efectos-de-las-inundaciones-en-edificios-e-inmuebles\\\/\",\"name\":\"El Ayuntamiento de Pamplona prepara una convocatoria de ayudas para minimizar los efectos de las inundaciones en edificios e inmuebles\",\"isPartOf\":{\"@id\":\"https:\\\/\\\/www.laguiadepamplona.com\\\/actualidad\\\/#website\"},\"primaryImageOfPage\":{\"@id\":\"https:\\\/\\\/www.laguiadepamplona.com\\\/actualidad\\\/el-ayuntamiento-de-pamplona-prepara-una-convocatoria-de-ayudas-para-minimizar-los-efectos-de-las-inundaciones-en-edificios-e-inmuebles\\\/#primaryimage\"},\"image\":{\"@id\":\"https:\\\/\\\/www.laguiadepamplona.com\\\/actualidad\\\/el-ayuntamiento-de-pamplona-prepara-una-convocatoria-de-ayudas-para-minimizar-los-efectos-de-las-inundaciones-en-edificios-e-inmuebles\\\/#primaryimage\"},\"thumbnailUrl\":\"https:\\\/\\\/www.laguiadepamplona.com\\\/actualidad\\\/wp-content\\\/uploads\\\/2021\\\/12\\\/INUNDACION_EE5A7590.jpg\",\"datePublished\":\"2022-02-09T12:19:45+00:00\",\"dateModified\":\"2023-04-11T09:48:32+00:00\",\"description\":\"Esta subvenci\u00f3n se sumar\u00e1 a un plan de trabajo m\u00e1s amplio, en el que se revisar\u00e1 el protocolo y mejorar\u00e1 los entornos fluviales\",\"breadcrumb\":{\"@id\":\"https:\\\/\\\/www.laguiadepamplona.com\\\/actualidad\\\/el-ayuntamiento-de-pamplona-prepara-una-convocatoria-de-ayudas-para-minimizar-los-efectos-de-las-inundaciones-en-edificios-e-inmuebles\\\/#breadcrumb\"},\"inLanguage\":\"es\",\"potentialAction\":[{\"@type\":\"ReadAction\",\"target\":[\"https:\\\/\\\/www.laguiadepamplona.com\\\/actualidad\\\/el-ayuntamiento-de-pamplona-prepara-una-convocatoria-de-ayudas-para-minimizar-los-efectos-de-las-inundaciones-en-edificios-e-inmuebles\\\/\"]}]},{\"@type\":\"ImageObject\",\"inLanguage\":\"es\",\"@id\":\"https:\\\/\\\/www.laguiadepamplona.com\\\/actualidad\\\/el-ayuntamiento-de-pamplona-prepara-una-convocatoria-de-ayudas-para-minimizar-los-efectos-de-las-inundaciones-en-edificios-e-inmuebles\\\/#primaryimage\",\"url\":\"https:\\\/\\\/www.laguiadepamplona.com\\\/actualidad\\\/wp-content\\\/uploads\\\/2021\\\/12\\\/INUNDACION_EE5A7590.jpg\",\"contentUrl\":\"https:\\\/\\\/www.laguiadepamplona.com\\\/actualidad\\\/wp-content\\\/uploads\\\/2021\\\/12\\\/INUNDACION_EE5A7590.jpg\",\"width\":1920,\"height\":1280},{\"@type\":\"BreadcrumbList\",\"@id\":\"https:\\\/\\\/www.laguiadepamplona.com\\\/actualidad\\\/el-ayuntamiento-de-pamplona-prepara-una-convocatoria-de-ayudas-para-minimizar-los-efectos-de-las-inundaciones-en-edificios-e-inmuebles\\\/#breadcrumb\",\"itemListElement\":[{\"@type\":\"ListItem\",\"position\":1,\"name\":\"Portada\",\"item\":\"https:\\\/\\\/www.laguiadepamplona.com\\\/actualidad\\\/\"},{\"@type\":\"ListItem\",\"position\":2,\"name\":\"El Ayuntamiento de Pamplona prepara una convocatoria de ayudas para minimizar los efectos de las inundaciones en edificios e inmuebles\"}]},{\"@type\":\"WebSite\",\"@id\":\"https:\\\/\\\/www.laguiadepamplona.com\\\/actualidad\\\/#website\",\"url\":\"https:\\\/\\\/www.laguiadepamplona.com\\\/actualidad\\\/\",\"name\":\"La gu\u00eda de Pamplona\",\"description\":\"Noticias de Pamplona\",\"publisher\":{\"@id\":\"https:\\\/\\\/www.laguiadepamplona.com\\\/actualidad\\\/#organization\"},\"potentialAction\":[{\"@type\":\"SearchAction\",\"target\":{\"@type\":\"EntryPoint\",\"urlTemplate\":\"https:\\\/\\\/www.laguiadepamplona.com\\\/actualidad\\\/?s={search_term_string}\"},\"query-input\":{\"@type\":\"PropertyValueSpecification\",\"valueRequired\":true,\"valueName\":\"search_term_string\"}}],\"inLanguage\":\"es\"},{\"@type\":\"Organization\",\"@id\":\"https:\\\/\\\/www.laguiadepamplona.com\\\/actualidad\\\/#organization\",\"name\":\"La Gu\u00eda de Pamplona \\\/ Noticias\",\"url\":\"https:\\\/\\\/www.laguiadepamplona.com\\\/actualidad\\\/\",\"logo\":{\"@type\":\"ImageObject\",\"inLanguage\":\"es\",\"@id\":\"https:\\\/\\\/www.laguiadepamplona.com\\\/actualidad\\\/#\\\/schema\\\/logo\\\/image\\\/\",\"url\":\"https:\\\/\\\/www.laguiadepamplona.com\\\/actualidad\\\/wp-content\\\/uploads\\\/2018\\\/11\\\/logo-laguiadepamplona18-web1.png\",\"contentUrl\":\"https:\\\/\\\/www.laguiadepamplona.com\\\/actualidad\\\/wp-content\\\/uploads\\\/2018\\\/11\\\/logo-laguiadepamplona18-web1.png\",\"width\":600,\"height\":196,\"caption\":\"La Gu\u00eda de Pamplona \\\/ Noticias\"},\"image\":{\"@id\":\"https:\\\/\\\/www.laguiadepamplona.com\\\/actualidad\\\/#\\\/schema\\\/logo\\\/image\\\/\"},\"sameAs\":[\"https:\\\/\\\/www.facebook.com\\\/laguiadepamplonacom-133175176762273\\\/?ref=hl\",\"https:\\\/\\\/x.com\\\/LaGuiadPamplona\",\"https:\\\/\\\/www.instagram.com\\\/la_guia_de_pamplona\\\/\",\"https:\\\/\\\/www.youtube.com\\\/user\\\/laguiadepamplona\"]},{\"@type\":\"Person\",\"@id\":\"https:\\\/\\\/www.laguiadepamplona.com\\\/actualidad\\\/#\\\/schema\\\/person\\\/efe887376f0213d4657c93adc50b1fdb\",\"name\":\"La Gu\u00eda de Pamplona\",\"image\":{\"@type\":\"ImageObject\",\"inLanguage\":\"es\",\"@id\":\"https:\\\/\\\/secure.gravatar.com\\\/avatar\\\/b6992f131dc8d30ab0dff15446e9d346d9dbd95992de0fef795073f5ea83a81c?s=96&d=mm&r=g\",\"url\":\"https:\\\/\\\/secure.gravatar.com\\\/avatar\\\/b6992f131dc8d30ab0dff15446e9d346d9dbd95992de0fef795073f5ea83a81c?s=96&d=mm&r=g\",\"contentUrl\":\"https:\\\/\\\/secure.gravatar.com\\\/avatar\\\/b6992f131dc8d30ab0dff15446e9d346d9dbd95992de0fef795073f5ea83a81c?s=96&d=mm&r=g\",\"caption\":\"La Gu\u00eda de Pamplona\"}}]}<\/script>\n<!-- \/ Yoast SEO plugin. -->","yoast_head_json":{"title":"El Ayuntamiento de Pamplona prepara una convocatoria de ayudas para minimizar los efectos de las inundaciones en edificios e inmuebles","description":"Esta subvenci\u00f3n se sumar\u00e1 a un plan de trabajo m\u00e1s amplio, en el que se revisar\u00e1 el protocolo y mejorar\u00e1 los entornos fluviales","robots":{"index":"index","follow":"follow","max-snippet":"max-snippet:-1","max-image-preview":"max-image-preview:large","max-video-preview":"max-video-preview:-1"},"canonical":"https:\/\/www.laguiadepamplona.com\/actualidad\/el-ayuntamiento-de-pamplona-prepara-una-convocatoria-de-ayudas-para-minimizar-los-efectos-de-las-inundaciones-en-edificios-e-inmuebles\/","og_locale":"es_ES","og_type":"article","og_title":"El Ayuntamiento de Pamplona prepara una convocatoria de ayudas para minimizar los efectos de las inundaciones en edificios e inmuebles","og_description":"Esta subvenci\u00f3n se sumar\u00e1 a un plan de trabajo m\u00e1s amplio, en el que se revisar\u00e1 el protocolo y mejorar\u00e1 los entornos fluviales","og_url":"https:\/\/www.laguiadepamplona.com\/actualidad\/el-ayuntamiento-de-pamplona-prepara-una-convocatoria-de-ayudas-para-minimizar-los-efectos-de-las-inundaciones-en-edificios-e-inmuebles\/","og_site_name":"La Gu\u00eda de Pamplona","article_publisher":"https:\/\/www.facebook.com\/laguiadepamplonacom-133175176762273\/?ref=hl","article_published_time":"2022-02-09T12:19:45+00:00","article_modified_time":"2023-04-11T09:48:32+00:00","og_image":[{"width":1920,"height":1280,"url":"https:\/\/www.laguiadepamplona.com\/actualidad\/wp-content\/uploads\/2021\/12\/INUNDACION_EE5A7590.jpg","type":"image\/jpeg"}],"author":"La Gu\u00eda de Pamplona","twitter_card":"summary_large_image","twitter_creator":"@LaGuiadPamplona","twitter_site":"@LaGuiadPamplona","twitter_misc":{"Escrito por":"La Gu\u00eda de Pamplona","Tiempo de lectura":"5 minutos"},"schema":{"@context":"https:\/\/schema.org","@graph":[{"@type":"Article","@id":"https:\/\/www.laguiadepamplona.com\/actualidad\/el-ayuntamiento-de-pamplona-prepara-una-convocatoria-de-ayudas-para-minimizar-los-efectos-de-las-inundaciones-en-edificios-e-inmuebles\/#article","isPartOf":{"@id":"https:\/\/www.laguiadepamplona.com\/actualidad\/el-ayuntamiento-de-pamplona-prepara-una-convocatoria-de-ayudas-para-minimizar-los-efectos-de-las-inundaciones-en-edificios-e-inmuebles\/"},"author":{"name":"La Gu\u00eda de Pamplona","@id":"https:\/\/www.laguiadepamplona.com\/actualidad\/#\/schema\/person\/efe887376f0213d4657c93adc50b1fdb"},"headline":"El Ayuntamiento de Pamplona prepara una convocatoria de ayudas para minimizar los efectos de las inundaciones en edificios e inmuebles","datePublished":"2022-02-09T12:19:45+00:00","dateModified":"2023-04-11T09:48:32+00:00","mainEntityOfPage":{"@id":"https:\/\/www.laguiadepamplona.com\/actualidad\/el-ayuntamiento-de-pamplona-prepara-una-convocatoria-de-ayudas-para-minimizar-los-efectos-de-las-inundaciones-en-edificios-e-inmuebles\/"},"wordCount":1158,"commentCount":0,"publisher":{"@id":"https:\/\/www.laguiadepamplona.com\/actualidad\/#organization"},"image":{"@id":"https:\/\/www.laguiadepamplona.com\/actualidad\/el-ayuntamiento-de-pamplona-prepara-una-convocatoria-de-ayudas-para-minimizar-los-efectos-de-las-inundaciones-en-edificios-e-inmuebles\/#primaryimage"},"thumbnailUrl":"https:\/\/www.laguiadepamplona.com\/actualidad\/wp-content\/uploads\/2021\/12\/INUNDACION_EE5A7590.jpg","articleSection":["Ayto Pamplona"],"inLanguage":"es","potentialAction":[{"@type":"CommentAction","name":"Comment","target":["https:\/\/www.laguiadepamplona.com\/actualidad\/el-ayuntamiento-de-pamplona-prepara-una-convocatoria-de-ayudas-para-minimizar-los-efectos-de-las-inundaciones-en-edificios-e-inmuebles\/#respond"]}]},{"@type":"WebPage","@id":"https:\/\/www.laguiadepamplona.com\/actualidad\/el-ayuntamiento-de-pamplona-prepara-una-convocatoria-de-ayudas-para-minimizar-los-efectos-de-las-inundaciones-en-edificios-e-inmuebles\/","url":"https:\/\/www.laguiadepamplona.com\/actualidad\/el-ayuntamiento-de-pamplona-prepara-una-convocatoria-de-ayudas-para-minimizar-los-efectos-de-las-inundaciones-en-edificios-e-inmuebles\/","name":"El Ayuntamiento de Pamplona prepara una convocatoria de ayudas para minimizar los efectos de las inundaciones en edificios e inmuebles","isPartOf":{"@id":"https:\/\/www.laguiadepamplona.com\/actualidad\/#website"},"primaryImageOfPage":{"@id":"https:\/\/www.laguiadepamplona.com\/actualidad\/el-ayuntamiento-de-pamplona-prepara-una-convocatoria-de-ayudas-para-minimizar-los-efectos-de-las-inundaciones-en-edificios-e-inmuebles\/#primaryimage"},"image":{"@id":"https:\/\/www.laguiadepamplona.com\/actualidad\/el-ayuntamiento-de-pamplona-prepara-una-convocatoria-de-ayudas-para-minimizar-los-efectos-de-las-inundaciones-en-edificios-e-inmuebles\/#primaryimage"},"thumbnailUrl":"https:\/\/www.laguiadepamplona.com\/actualidad\/wp-content\/uploads\/2021\/12\/INUNDACION_EE5A7590.jpg","datePublished":"2022-02-09T12:19:45+00:00","dateModified":"2023-04-11T09:48:32+00:00","description":"Esta subvenci\u00f3n se sumar\u00e1 a un plan de trabajo m\u00e1s amplio, en el que se revisar\u00e1 el protocolo y mejorar\u00e1 los entornos fluviales","breadcrumb":{"@id":"https:\/\/www.laguiadepamplona.com\/actualidad\/el-ayuntamiento-de-pamplona-prepara-una-convocatoria-de-ayudas-para-minimizar-los-efectos-de-las-inundaciones-en-edificios-e-inmuebles\/#breadcrumb"},"inLanguage":"es","potentialAction":[{"@type":"ReadAction","target":["https:\/\/www.laguiadepamplona.com\/actualidad\/el-ayuntamiento-de-pamplona-prepara-una-convocatoria-de-ayudas-para-minimizar-los-efectos-de-las-inundaciones-en-edificios-e-inmuebles\/"]}]},{"@type":"ImageObject","inLanguage":"es","@id":"https:\/\/www.laguiadepamplona.com\/actualidad\/el-ayuntamiento-de-pamplona-prepara-una-convocatoria-de-ayudas-para-minimizar-los-efectos-de-las-inundaciones-en-edificios-e-inmuebles\/#primaryimage","url":"https:\/\/www.laguiadepamplona.com\/actualidad\/wp-content\/uploads\/2021\/12\/INUNDACION_EE5A7590.jpg","contentUrl":"https:\/\/www.laguiadepamplona.com\/actualidad\/wp-content\/uploads\/2021\/12\/INUNDACION_EE5A7590.jpg","width":1920,"height":1280},{"@type":"BreadcrumbList","@id":"https:\/\/www.laguiadepamplona.com\/actualidad\/el-ayuntamiento-de-pamplona-prepara-una-convocatoria-de-ayudas-para-minimizar-los-efectos-de-las-inundaciones-en-edificios-e-inmuebles\/#breadcrumb","itemListElement":[{"@type":"ListItem","position":1,"name":"Portada","item":"https:\/\/www.laguiadepamplona.com\/actualidad\/"},{"@type":"ListItem","position":2,"name":"El Ayuntamiento de Pamplona prepara una convocatoria de ayudas para minimizar los efectos de las inundaciones en edificios e inmuebles"}]},{"@type":"WebSite","@id":"https:\/\/www.laguiadepamplona.com\/actualidad\/#website","url":"https:\/\/www.laguiadepamplona.com\/actualidad\/","name":"La gu\u00eda de Pamplona","description":"Noticias de Pamplona","publisher":{"@id":"https:\/\/www.laguiadepamplona.com\/actualidad\/#organization"},"potentialAction":[{"@type":"SearchAction","target":{"@type":"EntryPoint","urlTemplate":"https:\/\/www.laguiadepamplona.com\/actualidad\/?s={search_term_string}"},"query-input":{"@type":"PropertyValueSpecification","valueRequired":true,"valueName":"search_term_string"}}],"inLanguage":"es"},{"@type":"Organization","@id":"https:\/\/www.laguiadepamplona.com\/actualidad\/#organization","name":"La Gu\u00eda de Pamplona \/ Noticias","url":"https:\/\/www.laguiadepamplona.com\/actualidad\/","logo":{"@type":"ImageObject","inLanguage":"es","@id":"https:\/\/www.laguiadepamplona.com\/actualidad\/#\/schema\/logo\/image\/","url":"https:\/\/www.laguiadepamplona.com\/actualidad\/wp-content\/uploads\/2018\/11\/logo-laguiadepamplona18-web1.png","contentUrl":"https:\/\/www.laguiadepamplona.com\/actualidad\/wp-content\/uploads\/2018\/11\/logo-laguiadepamplona18-web1.png","width":600,"height":196,"caption":"La Gu\u00eda de Pamplona \/ Noticias"},"image":{"@id":"https:\/\/www.laguiadepamplona.com\/actualidad\/#\/schema\/logo\/image\/"},"sameAs":["https:\/\/www.facebook.com\/laguiadepamplonacom-133175176762273\/?ref=hl","https:\/\/x.com\/LaGuiadPamplona","https:\/\/www.instagram.com\/la_guia_de_pamplona\/","https:\/\/www.youtube.com\/user\/laguiadepamplona"]},{"@type":"Person","@id":"https:\/\/www.laguiadepamplona.com\/actualidad\/#\/schema\/person\/efe887376f0213d4657c93adc50b1fdb","name":"La Gu\u00eda de Pamplona","image":{"@type":"ImageObject","inLanguage":"es","@id":"https:\/\/secure.gravatar.com\/avatar\/b6992f131dc8d30ab0dff15446e9d346d9dbd95992de0fef795073f5ea83a81c?s=96&d=mm&r=g","url":"https:\/\/secure.gravatar.com\/avatar\/b6992f131dc8d30ab0dff15446e9d346d9dbd95992de0fef795073f5ea83a81c?s=96&d=mm&r=g","contentUrl":"https:\/\/secure.gravatar.com\/avatar\/b6992f131dc8d30ab0dff15446e9d346d9dbd95992de0fef795073f5ea83a81c?s=96&d=mm&r=g","caption":"La Gu\u00eda de Pamplona"}}]}},"post_mailing_queue_ids":[],"_links":{"self":[{"href":"https:\/\/www.laguiadepamplona.com\/actualidad\/wp-json\/wp\/v2\/posts\/38670","targetHints":{"allow":["GET"]}}],"collection":[{"href":"https:\/\/www.laguiadepamplona.com\/actualidad\/wp-json\/wp\/v2\/posts"}],"about":[{"href":"https:\/\/www.laguiadepamplona.com\/actualidad\/wp-json\/wp\/v2\/types\/post"}],"author":[{"embeddable":true,"href":"https:\/\/www.laguiadepamplona.com\/actualidad\/wp-json\/wp\/v2\/users\/1"}],"replies":[{"embeddable":true,"href":"https:\/\/www.laguiadepamplona.com\/actualidad\/wp-json\/wp\/v2\/comments?post=38670"}],"version-history":[{"count":0,"href":"https:\/\/www.laguiadepamplona.com\/actualidad\/wp-json\/wp\/v2\/posts\/38670\/revisions"}],"wp:featuredmedia":[{"embeddable":true,"href":"https:\/\/www.laguiadepamplona.com\/actualidad\/wp-json\/wp\/v2\/media\/37879"}],"wp:attachment":[{"href":"https:\/\/www.laguiadepamplona.com\/actualidad\/wp-json\/wp\/v2\/media?parent=38670"}],"wp:term":[{"taxonomy":"category","embeddable":true,"href":"https:\/\/www.laguiadepamplona.com\/actualidad\/wp-json\/wp\/v2\/categories?post=38670"},{"taxonomy":"post_tag","embeddable":true,"href":"https:\/\/www.laguiadepamplona.com\/actualidad\/wp-json\/wp\/v2\/tags?post=38670"}],"curies":[{"name":"wp","href":"https:\/\/api.w.org\/{rel}","templated":true}]}}