{"id":38654,"date":"2022-02-08T13:01:56","date_gmt":"2022-02-08T11:01:56","guid":{"rendered":"https:\/\/www.laguiadepamplona.com\/actualidad\/?p=38654"},"modified":"2023-04-11T11:48:32","modified_gmt":"2023-04-11T09:48:32","slug":"la-plaza-situada-entre-las-calles-san-fermin-aralar-y-la-avenida-baja-navarra-se-denominara-rosalia-de-castro","status":"publish","type":"post","link":"https:\/\/www.laguiadepamplona.com\/actualidad\/la-plaza-situada-entre-las-calles-san-fermin-aralar-y-la-avenida-baja-navarra-se-denominara-rosalia-de-castro\/","title":{"rendered":"La plaza situada entre las calles San Ferm\u00edn, Aralar y la avenida Baja Navarra se denominar\u00e1 Rosal\u00eda de Castro"},"content":{"rendered":"<h5>El alcalde recoge as\u00ed la propuesta del Lar Gallego de Pamplona para que la poetisa ponga nombre a una plaza que hasta el momento no lo ten\u00eda<\/h5>\n<p><!--more--><\/p>\n<p>El Ayuntamiento de Pamplona pondr\u00e1 el nombre de la poetisa y escritora gallega Rosal\u00eda de Castro a la plaza situada en el II Ensanche de la ciudad, entre las calles San Ferm\u00edn, Aralar y la avenida Baja Navarra, que hasta el momento carec\u00eda de una denominaci\u00f3n oficial. El alcalde Enrique Maya, recoge as\u00ed la petici\u00f3n realizada por el Lar Gallego de Pamplona \u2013 Casa de Galicia en Navarra, cuya sede se encuentra en la misma ubicaci\u00f3n. El reglamento municipal reserva al primer edil las competencias para cambiar las denominaciones de las calles y plazas de la ciudad. Previamente ha dado cuenta de la decisi\u00f3n a los portavoces de los grupos municipales.<br \/>\n<script async src=\"\/\/pagead2.googlesyndication.com\/pagead\/js\/adsbygoogle.js\"><\/script><br \/>\n<!-- Noticias La Guia de Pamplona --><br \/>\n<ins class=\"adsbygoogle\"\nstyle=\"display:block\"\ndata-ad-client=\"ca-pub-6943679897239327\"\ndata-ad-slot=\"7048180777\"\ndata-ad-format=\"auto\"><\/ins><br \/>\n<script>\n(adsbygoogle = window.adsbygoogle || []).push({});\n<\/script><\/p>\n<p>La escritora Mar\u00eda Rosal\u00eda Rita de Castro, conocida como Rosal\u00eda de Castro, naci\u00f3 en Santiago de Compostela en 1837, y est\u00e1 considerada como una de las principales precursoras de la poes\u00eda espa\u00f1ola. A lo largo de su trayectoria art\u00edstica impuls\u00f3 la lengua gallega y denunci\u00f3 en sus obras las injusticias que sufr\u00edan las mujeres en su \u00e9poca. Su influencia se extendi\u00f3, a trav\u00e9s de Antonio Machado y Juan Ram\u00f3n Jim\u00e9nez, a la generaci\u00f3n el 27.<\/p>\n","protected":false},"excerpt":{"rendered":"<p>El alcalde recoge as\u00ed la propuesta del Lar Gallego de Pamplona para que la poetisa ponga nombre a una plaza que hasta el momento no lo ten\u00eda<\/p>\n","protected":false},"author":1,"featured_media":38655,"comment_status":"open","ping_status":"closed","sticky":false,"template":"","format":"standard","meta":{"footnotes":""},"categories":[2],"tags":[],"class_list":["post-38654","post","type-post","status-publish","format-standard","has-post-thumbnail","hentry","category-ayuntamiento-pamplona"],"yoast_head":"<!-- This site is optimized with the Yoast SEO plugin v27.3 - https:\/\/yoast.com\/product\/yoast-seo-wordpress\/ -->\n<title>La plaza situada entre las calles San Ferm\u00edn, Aralar y la avenida Baja Navarra se denominar\u00e1 Rosal\u00eda de Castro<\/title>\n<meta name=\"description\" content=\"El alcalde recoge as\u00ed la propuesta del Lar Gallego de Pamplona para que la poetisa ponga nombre a una plaza que hasta el momento no lo ten\u00eda\" \/>\n<meta name=\"robots\" content=\"index, follow, max-snippet:-1, max-image-preview:large, max-video-preview:-1\" \/>\n<link rel=\"canonical\" href=\"https:\/\/www.laguiadepamplona.com\/actualidad\/la-plaza-situada-entre-las-calles-san-fermin-aralar-y-la-avenida-baja-navarra-se-denominara-rosalia-de-castro\/\" \/>\n<meta property=\"og:locale\" content=\"es_ES\" \/>\n<meta property=\"og:type\" content=\"article\" \/>\n<meta property=\"og:title\" content=\"La plaza situada entre las calles San Ferm\u00edn, Aralar y la avenida Baja Navarra se denominar\u00e1 Rosal\u00eda de Castro\" \/>\n<meta property=\"og:description\" content=\"El alcalde recoge as\u00ed la propuesta del Lar Gallego de Pamplona para que la poetisa ponga nombre a una plaza que hasta el momento no lo ten\u00eda\" \/>\n<meta property=\"og:url\" content=\"https:\/\/www.laguiadepamplona.com\/actualidad\/la-plaza-situada-entre-las-calles-san-fermin-aralar-y-la-avenida-baja-navarra-se-denominara-rosalia-de-castro\/\" \/>\n<meta property=\"og:site_name\" content=\"La Gu\u00eda de Pamplona\" \/>\n<meta property=\"article:publisher\" content=\"https:\/\/www.facebook.com\/laguiadepamplonacom-133175176762273\/?ref=hl\" \/>\n<meta property=\"article:published_time\" content=\"2022-02-08T11:01:56+00:00\" \/>\n<meta property=\"article:modified_time\" content=\"2023-04-11T09:48:32+00:00\" \/>\n<meta property=\"og:image\" content=\"https:\/\/www.laguiadepamplona.com\/actualidad\/wp-content\/uploads\/2022\/02\/plaza-rosalia-castro.jpg\" \/>\n\t<meta property=\"og:image:width\" content=\"1600\" \/>\n\t<meta property=\"og:image:height\" content=\"900\" \/>\n\t<meta property=\"og:image:type\" content=\"image\/jpeg\" \/>\n<meta name=\"author\" content=\"La Gu\u00eda de Pamplona\" \/>\n<meta name=\"twitter:card\" content=\"summary_large_image\" \/>\n<meta name=\"twitter:creator\" content=\"@LaGuiadPamplona\" \/>\n<meta name=\"twitter:site\" content=\"@LaGuiadPamplona\" \/>\n<meta name=\"twitter:label1\" content=\"Escrito por\" \/>\n\t<meta name=\"twitter:data1\" content=\"La Gu\u00eda de Pamplona\" \/>\n\t<meta name=\"twitter:label2\" content=\"Tiempo de lectura\" \/>\n\t<meta name=\"twitter:data2\" content=\"1 minuto\" \/>\n<script type=\"application\/ld+json\" class=\"yoast-schema-graph\">{\"@context\":\"https:\\\/\\\/schema.org\",\"@graph\":[{\"@type\":\"Article\",\"@id\":\"https:\\\/\\\/www.laguiadepamplona.com\\\/actualidad\\\/la-plaza-situada-entre-las-calles-san-fermin-aralar-y-la-avenida-baja-navarra-se-denominara-rosalia-de-castro\\\/#article\",\"isPartOf\":{\"@id\":\"https:\\\/\\\/www.laguiadepamplona.com\\\/actualidad\\\/la-plaza-situada-entre-las-calles-san-fermin-aralar-y-la-avenida-baja-navarra-se-denominara-rosalia-de-castro\\\/\"},\"author\":{\"name\":\"La Gu\u00eda de Pamplona\",\"@id\":\"https:\\\/\\\/www.laguiadepamplona.com\\\/actualidad\\\/#\\\/schema\\\/person\\\/efe887376f0213d4657c93adc50b1fdb\"},\"headline\":\"La plaza situada entre las calles San Ferm\u00edn, Aralar y la avenida Baja Navarra se denominar\u00e1 Rosal\u00eda de Castro\",\"datePublished\":\"2022-02-08T11:01:56+00:00\",\"dateModified\":\"2023-04-11T09:48:32+00:00\",\"mainEntityOfPage\":{\"@id\":\"https:\\\/\\\/www.laguiadepamplona.com\\\/actualidad\\\/la-plaza-situada-entre-las-calles-san-fermin-aralar-y-la-avenida-baja-navarra-se-denominara-rosalia-de-castro\\\/\"},\"wordCount\":250,\"commentCount\":0,\"publisher\":{\"@id\":\"https:\\\/\\\/www.laguiadepamplona.com\\\/actualidad\\\/#organization\"},\"image\":{\"@id\":\"https:\\\/\\\/www.laguiadepamplona.com\\\/actualidad\\\/la-plaza-situada-entre-las-calles-san-fermin-aralar-y-la-avenida-baja-navarra-se-denominara-rosalia-de-castro\\\/#primaryimage\"},\"thumbnailUrl\":\"https:\\\/\\\/www.laguiadepamplona.com\\\/actualidad\\\/wp-content\\\/uploads\\\/2022\\\/02\\\/plaza-rosalia-castro.jpg\",\"articleSection\":[\"Ayto Pamplona\"],\"inLanguage\":\"es\",\"potentialAction\":[{\"@type\":\"CommentAction\",\"name\":\"Comment\",\"target\":[\"https:\\\/\\\/www.laguiadepamplona.com\\\/actualidad\\\/la-plaza-situada-entre-las-calles-san-fermin-aralar-y-la-avenida-baja-navarra-se-denominara-rosalia-de-castro\\\/#respond\"]}]},{\"@type\":\"WebPage\",\"@id\":\"https:\\\/\\\/www.laguiadepamplona.com\\\/actualidad\\\/la-plaza-situada-entre-las-calles-san-fermin-aralar-y-la-avenida-baja-navarra-se-denominara-rosalia-de-castro\\\/\",\"url\":\"https:\\\/\\\/www.laguiadepamplona.com\\\/actualidad\\\/la-plaza-situada-entre-las-calles-san-fermin-aralar-y-la-avenida-baja-navarra-se-denominara-rosalia-de-castro\\\/\",\"name\":\"La plaza situada entre las calles San Ferm\u00edn, Aralar y la avenida Baja Navarra se denominar\u00e1 Rosal\u00eda de Castro\",\"isPartOf\":{\"@id\":\"https:\\\/\\\/www.laguiadepamplona.com\\\/actualidad\\\/#website\"},\"primaryImageOfPage\":{\"@id\":\"https:\\\/\\\/www.laguiadepamplona.com\\\/actualidad\\\/la-plaza-situada-entre-las-calles-san-fermin-aralar-y-la-avenida-baja-navarra-se-denominara-rosalia-de-castro\\\/#primaryimage\"},\"image\":{\"@id\":\"https:\\\/\\\/www.laguiadepamplona.com\\\/actualidad\\\/la-plaza-situada-entre-las-calles-san-fermin-aralar-y-la-avenida-baja-navarra-se-denominara-rosalia-de-castro\\\/#primaryimage\"},\"thumbnailUrl\":\"https:\\\/\\\/www.laguiadepamplona.com\\\/actualidad\\\/wp-content\\\/uploads\\\/2022\\\/02\\\/plaza-rosalia-castro.jpg\",\"datePublished\":\"2022-02-08T11:01:56+00:00\",\"dateModified\":\"2023-04-11T09:48:32+00:00\",\"description\":\"El alcalde recoge as\u00ed la propuesta del Lar Gallego de Pamplona para que la poetisa ponga nombre a una plaza que hasta el momento no lo ten\u00eda\",\"breadcrumb\":{\"@id\":\"https:\\\/\\\/www.laguiadepamplona.com\\\/actualidad\\\/la-plaza-situada-entre-las-calles-san-fermin-aralar-y-la-avenida-baja-navarra-se-denominara-rosalia-de-castro\\\/#breadcrumb\"},\"inLanguage\":\"es\",\"potentialAction\":[{\"@type\":\"ReadAction\",\"target\":[\"https:\\\/\\\/www.laguiadepamplona.com\\\/actualidad\\\/la-plaza-situada-entre-las-calles-san-fermin-aralar-y-la-avenida-baja-navarra-se-denominara-rosalia-de-castro\\\/\"]}]},{\"@type\":\"ImageObject\",\"inLanguage\":\"es\",\"@id\":\"https:\\\/\\\/www.laguiadepamplona.com\\\/actualidad\\\/la-plaza-situada-entre-las-calles-san-fermin-aralar-y-la-avenida-baja-navarra-se-denominara-rosalia-de-castro\\\/#primaryimage\",\"url\":\"https:\\\/\\\/www.laguiadepamplona.com\\\/actualidad\\\/wp-content\\\/uploads\\\/2022\\\/02\\\/plaza-rosalia-castro.jpg\",\"contentUrl\":\"https:\\\/\\\/www.laguiadepamplona.com\\\/actualidad\\\/wp-content\\\/uploads\\\/2022\\\/02\\\/plaza-rosalia-castro.jpg\",\"width\":1600,\"height\":900},{\"@type\":\"BreadcrumbList\",\"@id\":\"https:\\\/\\\/www.laguiadepamplona.com\\\/actualidad\\\/la-plaza-situada-entre-las-calles-san-fermin-aralar-y-la-avenida-baja-navarra-se-denominara-rosalia-de-castro\\\/#breadcrumb\",\"itemListElement\":[{\"@type\":\"ListItem\",\"position\":1,\"name\":\"Portada\",\"item\":\"https:\\\/\\\/www.laguiadepamplona.com\\\/actualidad\\\/\"},{\"@type\":\"ListItem\",\"position\":2,\"name\":\"La plaza situada entre las calles San Ferm\u00edn, Aralar y la avenida Baja Navarra se denominar\u00e1 Rosal\u00eda de Castro\"}]},{\"@type\":\"WebSite\",\"@id\":\"https:\\\/\\\/www.laguiadepamplona.com\\\/actualidad\\\/#website\",\"url\":\"https:\\\/\\\/www.laguiadepamplona.com\\\/actualidad\\\/\",\"name\":\"La gu\u00eda de Pamplona\",\"description\":\"Noticias de Pamplona\",\"publisher\":{\"@id\":\"https:\\\/\\\/www.laguiadepamplona.com\\\/actualidad\\\/#organization\"},\"potentialAction\":[{\"@type\":\"SearchAction\",\"target\":{\"@type\":\"EntryPoint\",\"urlTemplate\":\"https:\\\/\\\/www.laguiadepamplona.com\\\/actualidad\\\/?s={search_term_string}\"},\"query-input\":{\"@type\":\"PropertyValueSpecification\",\"valueRequired\":true,\"valueName\":\"search_term_string\"}}],\"inLanguage\":\"es\"},{\"@type\":\"Organization\",\"@id\":\"https:\\\/\\\/www.laguiadepamplona.com\\\/actualidad\\\/#organization\",\"name\":\"La Gu\u00eda de Pamplona \\\/ Noticias\",\"url\":\"https:\\\/\\\/www.laguiadepamplona.com\\\/actualidad\\\/\",\"logo\":{\"@type\":\"ImageObject\",\"inLanguage\":\"es\",\"@id\":\"https:\\\/\\\/www.laguiadepamplona.com\\\/actualidad\\\/#\\\/schema\\\/logo\\\/image\\\/\",\"url\":\"https:\\\/\\\/www.laguiadepamplona.com\\\/actualidad\\\/wp-content\\\/uploads\\\/2018\\\/11\\\/logo-laguiadepamplona18-web1.png\",\"contentUrl\":\"https:\\\/\\\/www.laguiadepamplona.com\\\/actualidad\\\/wp-content\\\/uploads\\\/2018\\\/11\\\/logo-laguiadepamplona18-web1.png\",\"width\":600,\"height\":196,\"caption\":\"La Gu\u00eda de Pamplona \\\/ Noticias\"},\"image\":{\"@id\":\"https:\\\/\\\/www.laguiadepamplona.com\\\/actualidad\\\/#\\\/schema\\\/logo\\\/image\\\/\"},\"sameAs\":[\"https:\\\/\\\/www.facebook.com\\\/laguiadepamplonacom-133175176762273\\\/?ref=hl\",\"https:\\\/\\\/x.com\\\/LaGuiadPamplona\",\"https:\\\/\\\/www.instagram.com\\\/la_guia_de_pamplona\\\/\",\"https:\\\/\\\/www.youtube.com\\\/user\\\/laguiadepamplona\"]},{\"@type\":\"Person\",\"@id\":\"https:\\\/\\\/www.laguiadepamplona.com\\\/actualidad\\\/#\\\/schema\\\/person\\\/efe887376f0213d4657c93adc50b1fdb\",\"name\":\"La Gu\u00eda de Pamplona\",\"image\":{\"@type\":\"ImageObject\",\"inLanguage\":\"es\",\"@id\":\"https:\\\/\\\/secure.gravatar.com\\\/avatar\\\/b6992f131dc8d30ab0dff15446e9d346d9dbd95992de0fef795073f5ea83a81c?s=96&d=mm&r=g\",\"url\":\"https:\\\/\\\/secure.gravatar.com\\\/avatar\\\/b6992f131dc8d30ab0dff15446e9d346d9dbd95992de0fef795073f5ea83a81c?s=96&d=mm&r=g\",\"contentUrl\":\"https:\\\/\\\/secure.gravatar.com\\\/avatar\\\/b6992f131dc8d30ab0dff15446e9d346d9dbd95992de0fef795073f5ea83a81c?s=96&d=mm&r=g\",\"caption\":\"La Gu\u00eda de Pamplona\"}}]}<\/script>\n<!-- \/ Yoast SEO plugin. -->","yoast_head_json":{"title":"La plaza situada entre las calles San Ferm\u00edn, Aralar y la avenida Baja Navarra se denominar\u00e1 Rosal\u00eda de Castro","description":"El alcalde recoge as\u00ed la propuesta del Lar Gallego de Pamplona para que la poetisa ponga nombre a una plaza que hasta el momento no lo ten\u00eda","robots":{"index":"index","follow":"follow","max-snippet":"max-snippet:-1","max-image-preview":"max-image-preview:large","max-video-preview":"max-video-preview:-1"},"canonical":"https:\/\/www.laguiadepamplona.com\/actualidad\/la-plaza-situada-entre-las-calles-san-fermin-aralar-y-la-avenida-baja-navarra-se-denominara-rosalia-de-castro\/","og_locale":"es_ES","og_type":"article","og_title":"La plaza situada entre las calles San Ferm\u00edn, Aralar y la avenida Baja Navarra se denominar\u00e1 Rosal\u00eda de Castro","og_description":"El alcalde recoge as\u00ed la propuesta del Lar Gallego de Pamplona para que la poetisa ponga nombre a una plaza que hasta el momento no lo ten\u00eda","og_url":"https:\/\/www.laguiadepamplona.com\/actualidad\/la-plaza-situada-entre-las-calles-san-fermin-aralar-y-la-avenida-baja-navarra-se-denominara-rosalia-de-castro\/","og_site_name":"La Gu\u00eda de Pamplona","article_publisher":"https:\/\/www.facebook.com\/laguiadepamplonacom-133175176762273\/?ref=hl","article_published_time":"2022-02-08T11:01:56+00:00","article_modified_time":"2023-04-11T09:48:32+00:00","og_image":[{"width":1600,"height":900,"url":"https:\/\/www.laguiadepamplona.com\/actualidad\/wp-content\/uploads\/2022\/02\/plaza-rosalia-castro.jpg","type":"image\/jpeg"}],"author":"La Gu\u00eda de Pamplona","twitter_card":"summary_large_image","twitter_creator":"@LaGuiadPamplona","twitter_site":"@LaGuiadPamplona","twitter_misc":{"Escrito por":"La Gu\u00eda de Pamplona","Tiempo de lectura":"1 minuto"},"schema":{"@context":"https:\/\/schema.org","@graph":[{"@type":"Article","@id":"https:\/\/www.laguiadepamplona.com\/actualidad\/la-plaza-situada-entre-las-calles-san-fermin-aralar-y-la-avenida-baja-navarra-se-denominara-rosalia-de-castro\/#article","isPartOf":{"@id":"https:\/\/www.laguiadepamplona.com\/actualidad\/la-plaza-situada-entre-las-calles-san-fermin-aralar-y-la-avenida-baja-navarra-se-denominara-rosalia-de-castro\/"},"author":{"name":"La Gu\u00eda de Pamplona","@id":"https:\/\/www.laguiadepamplona.com\/actualidad\/#\/schema\/person\/efe887376f0213d4657c93adc50b1fdb"},"headline":"La plaza situada entre las calles San Ferm\u00edn, Aralar y la avenida Baja Navarra se denominar\u00e1 Rosal\u00eda de Castro","datePublished":"2022-02-08T11:01:56+00:00","dateModified":"2023-04-11T09:48:32+00:00","mainEntityOfPage":{"@id":"https:\/\/www.laguiadepamplona.com\/actualidad\/la-plaza-situada-entre-las-calles-san-fermin-aralar-y-la-avenida-baja-navarra-se-denominara-rosalia-de-castro\/"},"wordCount":250,"commentCount":0,"publisher":{"@id":"https:\/\/www.laguiadepamplona.com\/actualidad\/#organization"},"image":{"@id":"https:\/\/www.laguiadepamplona.com\/actualidad\/la-plaza-situada-entre-las-calles-san-fermin-aralar-y-la-avenida-baja-navarra-se-denominara-rosalia-de-castro\/#primaryimage"},"thumbnailUrl":"https:\/\/www.laguiadepamplona.com\/actualidad\/wp-content\/uploads\/2022\/02\/plaza-rosalia-castro.jpg","articleSection":["Ayto Pamplona"],"inLanguage":"es","potentialAction":[{"@type":"CommentAction","name":"Comment","target":["https:\/\/www.laguiadepamplona.com\/actualidad\/la-plaza-situada-entre-las-calles-san-fermin-aralar-y-la-avenida-baja-navarra-se-denominara-rosalia-de-castro\/#respond"]}]},{"@type":"WebPage","@id":"https:\/\/www.laguiadepamplona.com\/actualidad\/la-plaza-situada-entre-las-calles-san-fermin-aralar-y-la-avenida-baja-navarra-se-denominara-rosalia-de-castro\/","url":"https:\/\/www.laguiadepamplona.com\/actualidad\/la-plaza-situada-entre-las-calles-san-fermin-aralar-y-la-avenida-baja-navarra-se-denominara-rosalia-de-castro\/","name":"La plaza situada entre las calles San Ferm\u00edn, Aralar y la avenida Baja Navarra se denominar\u00e1 Rosal\u00eda de Castro","isPartOf":{"@id":"https:\/\/www.laguiadepamplona.com\/actualidad\/#website"},"primaryImageOfPage":{"@id":"https:\/\/www.laguiadepamplona.com\/actualidad\/la-plaza-situada-entre-las-calles-san-fermin-aralar-y-la-avenida-baja-navarra-se-denominara-rosalia-de-castro\/#primaryimage"},"image":{"@id":"https:\/\/www.laguiadepamplona.com\/actualidad\/la-plaza-situada-entre-las-calles-san-fermin-aralar-y-la-avenida-baja-navarra-se-denominara-rosalia-de-castro\/#primaryimage"},"thumbnailUrl":"https:\/\/www.laguiadepamplona.com\/actualidad\/wp-content\/uploads\/2022\/02\/plaza-rosalia-castro.jpg","datePublished":"2022-02-08T11:01:56+00:00","dateModified":"2023-04-11T09:48:32+00:00","description":"El alcalde recoge as\u00ed la propuesta del Lar Gallego de Pamplona para que la poetisa ponga nombre a una plaza que hasta el momento no lo ten\u00eda","breadcrumb":{"@id":"https:\/\/www.laguiadepamplona.com\/actualidad\/la-plaza-situada-entre-las-calles-san-fermin-aralar-y-la-avenida-baja-navarra-se-denominara-rosalia-de-castro\/#breadcrumb"},"inLanguage":"es","potentialAction":[{"@type":"ReadAction","target":["https:\/\/www.laguiadepamplona.com\/actualidad\/la-plaza-situada-entre-las-calles-san-fermin-aralar-y-la-avenida-baja-navarra-se-denominara-rosalia-de-castro\/"]}]},{"@type":"ImageObject","inLanguage":"es","@id":"https:\/\/www.laguiadepamplona.com\/actualidad\/la-plaza-situada-entre-las-calles-san-fermin-aralar-y-la-avenida-baja-navarra-se-denominara-rosalia-de-castro\/#primaryimage","url":"https:\/\/www.laguiadepamplona.com\/actualidad\/wp-content\/uploads\/2022\/02\/plaza-rosalia-castro.jpg","contentUrl":"https:\/\/www.laguiadepamplona.com\/actualidad\/wp-content\/uploads\/2022\/02\/plaza-rosalia-castro.jpg","width":1600,"height":900},{"@type":"BreadcrumbList","@id":"https:\/\/www.laguiadepamplona.com\/actualidad\/la-plaza-situada-entre-las-calles-san-fermin-aralar-y-la-avenida-baja-navarra-se-denominara-rosalia-de-castro\/#breadcrumb","itemListElement":[{"@type":"ListItem","position":1,"name":"Portada","item":"https:\/\/www.laguiadepamplona.com\/actualidad\/"},{"@type":"ListItem","position":2,"name":"La plaza situada entre las calles San Ferm\u00edn, Aralar y la avenida Baja Navarra se denominar\u00e1 Rosal\u00eda de Castro"}]},{"@type":"WebSite","@id":"https:\/\/www.laguiadepamplona.com\/actualidad\/#website","url":"https:\/\/www.laguiadepamplona.com\/actualidad\/","name":"La gu\u00eda de Pamplona","description":"Noticias de Pamplona","publisher":{"@id":"https:\/\/www.laguiadepamplona.com\/actualidad\/#organization"},"potentialAction":[{"@type":"SearchAction","target":{"@type":"EntryPoint","urlTemplate":"https:\/\/www.laguiadepamplona.com\/actualidad\/?s={search_term_string}"},"query-input":{"@type":"PropertyValueSpecification","valueRequired":true,"valueName":"search_term_string"}}],"inLanguage":"es"},{"@type":"Organization","@id":"https:\/\/www.laguiadepamplona.com\/actualidad\/#organization","name":"La Gu\u00eda de Pamplona \/ Noticias","url":"https:\/\/www.laguiadepamplona.com\/actualidad\/","logo":{"@type":"ImageObject","inLanguage":"es","@id":"https:\/\/www.laguiadepamplona.com\/actualidad\/#\/schema\/logo\/image\/","url":"https:\/\/www.laguiadepamplona.com\/actualidad\/wp-content\/uploads\/2018\/11\/logo-laguiadepamplona18-web1.png","contentUrl":"https:\/\/www.laguiadepamplona.com\/actualidad\/wp-content\/uploads\/2018\/11\/logo-laguiadepamplona18-web1.png","width":600,"height":196,"caption":"La Gu\u00eda de Pamplona \/ Noticias"},"image":{"@id":"https:\/\/www.laguiadepamplona.com\/actualidad\/#\/schema\/logo\/image\/"},"sameAs":["https:\/\/www.facebook.com\/laguiadepamplonacom-133175176762273\/?ref=hl","https:\/\/x.com\/LaGuiadPamplona","https:\/\/www.instagram.com\/la_guia_de_pamplona\/","https:\/\/www.youtube.com\/user\/laguiadepamplona"]},{"@type":"Person","@id":"https:\/\/www.laguiadepamplona.com\/actualidad\/#\/schema\/person\/efe887376f0213d4657c93adc50b1fdb","name":"La Gu\u00eda de Pamplona","image":{"@type":"ImageObject","inLanguage":"es","@id":"https:\/\/secure.gravatar.com\/avatar\/b6992f131dc8d30ab0dff15446e9d346d9dbd95992de0fef795073f5ea83a81c?s=96&d=mm&r=g","url":"https:\/\/secure.gravatar.com\/avatar\/b6992f131dc8d30ab0dff15446e9d346d9dbd95992de0fef795073f5ea83a81c?s=96&d=mm&r=g","contentUrl":"https:\/\/secure.gravatar.com\/avatar\/b6992f131dc8d30ab0dff15446e9d346d9dbd95992de0fef795073f5ea83a81c?s=96&d=mm&r=g","caption":"La Gu\u00eda de Pamplona"}}]}},"post_mailing_queue_ids":[],"_links":{"self":[{"href":"https:\/\/www.laguiadepamplona.com\/actualidad\/wp-json\/wp\/v2\/posts\/38654","targetHints":{"allow":["GET"]}}],"collection":[{"href":"https:\/\/www.laguiadepamplona.com\/actualidad\/wp-json\/wp\/v2\/posts"}],"about":[{"href":"https:\/\/www.laguiadepamplona.com\/actualidad\/wp-json\/wp\/v2\/types\/post"}],"author":[{"embeddable":true,"href":"https:\/\/www.laguiadepamplona.com\/actualidad\/wp-json\/wp\/v2\/users\/1"}],"replies":[{"embeddable":true,"href":"https:\/\/www.laguiadepamplona.com\/actualidad\/wp-json\/wp\/v2\/comments?post=38654"}],"version-history":[{"count":0,"href":"https:\/\/www.laguiadepamplona.com\/actualidad\/wp-json\/wp\/v2\/posts\/38654\/revisions"}],"wp:featuredmedia":[{"embeddable":true,"href":"https:\/\/www.laguiadepamplona.com\/actualidad\/wp-json\/wp\/v2\/media\/38655"}],"wp:attachment":[{"href":"https:\/\/www.laguiadepamplona.com\/actualidad\/wp-json\/wp\/v2\/media?parent=38654"}],"wp:term":[{"taxonomy":"category","embeddable":true,"href":"https:\/\/www.laguiadepamplona.com\/actualidad\/wp-json\/wp\/v2\/categories?post=38654"},{"taxonomy":"post_tag","embeddable":true,"href":"https:\/\/www.laguiadepamplona.com\/actualidad\/wp-json\/wp\/v2\/tags?post=38654"}],"curies":[{"name":"wp","href":"https:\/\/api.w.org\/{rel}","templated":true}]}}