{"id":38608,"date":"2022-02-07T17:00:40","date_gmt":"2022-02-07T15:00:40","guid":{"rendered":"https:\/\/www.laguiadepamplona.com\/actualidad\/?p=38608"},"modified":"2023-04-11T11:48:33","modified_gmt":"2023-04-11T09:48:33","slug":"la-sala-lidia-biurrun-de-la-ciudadela-acogio-el-pasado-ano-163-bodas-civiles-un-49-mas-que-en-un-2020-marcado-por-el-confinamiento-y-la-pandemia-de-la-covid-19","status":"publish","type":"post","link":"https:\/\/www.laguiadepamplona.com\/actualidad\/la-sala-lidia-biurrun-de-la-ciudadela-acogio-el-pasado-ano-163-bodas-civiles-un-49-mas-que-en-un-2020-marcado-por-el-confinamiento-y-la-pandemia-de-la-covid-19\/","title":{"rendered":"La Sala Lidia Biurrun de la Ciudadela acogi\u00f3 el pasado a\u00f1o 163 bodas civiles, un 49% m\u00e1s que en un 2020, marcado por el confinamiento y la pandemia de la COVID-19"},"content":{"rendered":"<h5>Septiembre y octubre fueron los meses con m\u00e1s enlaces y Maite Esporr\u00edn la concejala que m\u00e1s bodas civiles ofici\u00f3 en 2021<\/h5>\n<p><!--more--><\/p>\n<p>El Ayuntamiento de Pamplona celebr\u00f3 el a\u00f1o pasado 163 bodas civiles en la Sala Lidia Biurrun de la Ciudadela. La cifra supone un aumento del 49% respecto a los 109 enlaces oficiados en 2020, aunque ambos son a\u00f1os marcados por la pandemia de la COVID-19. Y es que, en 2021, adem\u00e1s de las bodas oficiadas, hubo 38 anulaciones a las que se suman las 79 cancelaciones o aplazamientos de 2020, a\u00f1o en el que se suspendieron las bodas civiles entre el 31 de marzo y el 5 de mayo.<br \/>\n<script async src=\"\/\/pagead2.googlesyndication.com\/pagead\/js\/adsbygoogle.js\"><\/script><br \/>\n<!-- Noticias La Guia de Pamplona --><br \/>\n<ins class=\"adsbygoogle\"\nstyle=\"display:block\"\ndata-ad-client=\"ca-pub-6943679897239327\"\ndata-ad-slot=\"7048180777\"\ndata-ad-format=\"auto\"><\/ins><br \/>\n<script>\n(adsbygoogle = window.adsbygoogle || []).push({});\n<\/script><\/p>\n<p>En 2021, de las 163 bodas civiles celebradas, 156 se correspondieron con matrimonios mixtos de mujer y hombre y 7 con matrimonios homosexuales, de personas del mismo sexo. En concreto se celebraron 6 enlaces entre mujeres y 1 entre hombres. Los meses con m\u00e1s enlaces civiles fueron los habituales, septiembre (24), octubre (22), mayo (21) y junio y agosto (ambos con 20). Hubo bodas todos los meses del a\u00f1o, con enero y febrero como meses con menos demanda, coincidiendo tambi\u00e9n con fechas de alta incidencia del coronavirus en la poblaci\u00f3n (2 y 4 bodas en cada uno de esos meses).<\/p>\n<p>Todos los concejales y concejalas del Ayuntamiento de Pamplona oficiaron alguna boda civil el pasado a\u00f1o, excepto Celia Ulzurrun y Garbi\u00f1e Bueno, que asumieron sus cargos a mediados de noviembre y a finales de diciembre, respectivamente. Por grupos municipales, Navarra Suma ofici\u00f3 54 enlaces, EH Bildu 52, los Socialistas del Ayuntamiento de Pamplona 46 y Geroa Bai 11. Maite Esporr\u00edn (PSN) fue la concejala m\u00e1s solicitada con 22 bodas civiles presididas. Joxe Abaurrea (EH Bildu) ofici\u00f3 11; Carmen Alba (Navarra Suma) y Borja Izaguirre (EH Bildu) 9; y Mar\u00eda Ech\u00e1varri (Navarra Suma), Endika Alonso (EH Bildu) y Patxi Leuza (Geroa Bai) 8. El alcalde Enrique Maya presidi\u00f3 2 enlaces civiles.<br \/>\n<script async src=\"\/\/pagead2.googlesyndication.com\/pagead\/js\/adsbygoogle.js\"><\/script><br \/>\n<!-- Noticias La Guia de Pamplona --><br \/>\n<ins class=\"adsbygoogle\"\nstyle=\"display:block\"\ndata-ad-client=\"ca-pub-6943679897239327\"\ndata-ad-slot=\"7048180777\"\ndata-ad-format=\"auto\"><\/ins><br \/>\n<script>\n(adsbygoogle = window.adsbygoogle || []).push({});\n<\/script><\/p>\n<p><strong>Registro de parejas estables<\/strong><\/p>\n<p>En cuanto al Registro de Parejas Estables del Ayuntamiento de Pamplona, hasta el mes de junio, se dieron de alta 200 parejas, de las que 185 eran mixtas de uni\u00f3n de mujer y hombre y 15 homosexuales, 12 de hombres y 3 de mujeres. Por su parte, se gestionaron 116 bajas del registro de parejas, 111 de uniones mixtas y 5 de uniones homosexuales, 4 de mujeres y 1 de hombres.<\/p>\n<p>A partir de esa fecha se puso en marcha el Registro \u00danico de Parejas Estables de la Comunidad Foral de Navarra, creado a efectos de publicidad y medio de prueba de los actos de las parejas estables constituidas conforme al Fuero Nuevo de Navarra y que se inscriban en el mismo. Su sede f\u00edsica est\u00e1 ubicada en el Registro de la c\/ Monasterio de Irache 22 en Pamplona y tambi\u00e9n se pueden realizar las gestiones necesarias por <a href=\"https:\/\/www.navarra.es\/es\/tramites\/on\/-\/line\/registro-unico-de-parejas-estables-de-navarra?pageBackId=4832906\" target=\"_blank\" rel=\"noopener\">v\u00eda telem\u00e1tica<\/a>.<\/p>\n","protected":false},"excerpt":{"rendered":"<p>Septiembre y octubre fueron los meses con m\u00e1s enlaces y Maite Esporr\u00edn la concejala que m\u00e1s bodas civiles ofici\u00f3 en 2021<\/p>\n","protected":false},"author":1,"featured_media":38609,"comment_status":"open","ping_status":"closed","sticky":false,"template":"","format":"standard","meta":{"footnotes":""},"categories":[2],"tags":[],"class_list":["post-38608","post","type-post","status-publish","format-standard","has-post-thumbnail","hentry","category-ayuntamiento-pamplona"],"yoast_head":"<!-- This site is optimized with the Yoast SEO plugin v27.5 - https:\/\/yoast.com\/product\/yoast-seo-wordpress\/ -->\n<title>La Sala Lidia Biurrun de la Ciudadela acogi\u00f3 el pasado a\u00f1o 163 bodas civiles, un 49% m\u00e1s que en un 2020, marcado por el confinamiento y la pandemia de la COVID-19<\/title>\n<meta name=\"description\" content=\"Septiembre y octubre fueron los meses con m\u00e1s enlaces y Maite Esporr\u00edn la concejala que m\u00e1s bodas civiles ofici\u00f3 en 2021\" \/>\n<meta name=\"robots\" content=\"index, follow, max-snippet:-1, max-image-preview:large, max-video-preview:-1\" \/>\n<link rel=\"canonical\" href=\"https:\/\/www.laguiadepamplona.com\/actualidad\/la-sala-lidia-biurrun-de-la-ciudadela-acogio-el-pasado-ano-163-bodas-civiles-un-49-mas-que-en-un-2020-marcado-por-el-confinamiento-y-la-pandemia-de-la-covid-19\/\" \/>\n<meta property=\"og:locale\" content=\"es_ES\" \/>\n<meta property=\"og:type\" content=\"article\" \/>\n<meta property=\"og:title\" content=\"La Sala Lidia Biurrun de la Ciudadela acogi\u00f3 el pasado a\u00f1o 163 bodas civiles, un 49% m\u00e1s que en un 2020, marcado por el confinamiento y la pandemia de la COVID-19\" \/>\n<meta property=\"og:description\" content=\"Septiembre y octubre fueron los meses con m\u00e1s enlaces y Maite Esporr\u00edn la concejala que m\u00e1s bodas civiles ofici\u00f3 en 2021\" \/>\n<meta property=\"og:url\" content=\"https:\/\/www.laguiadepamplona.com\/actualidad\/la-sala-lidia-biurrun-de-la-ciudadela-acogio-el-pasado-ano-163-bodas-civiles-un-49-mas-que-en-un-2020-marcado-por-el-confinamiento-y-la-pandemia-de-la-covid-19\/\" \/>\n<meta property=\"og:site_name\" content=\"La Gu\u00eda de Pamplona\" \/>\n<meta property=\"article:publisher\" content=\"https:\/\/www.facebook.com\/laguiadepamplonacom-133175176762273\/?ref=hl\" \/>\n<meta property=\"article:published_time\" content=\"2022-02-07T15:00:40+00:00\" \/>\n<meta property=\"article:modified_time\" content=\"2023-04-11T09:48:33+00:00\" \/>\n<meta property=\"og:image\" content=\"https:\/\/www.laguiadepamplona.com\/actualidad\/wp-content\/uploads\/2022\/02\/felipeII_MG_7432.jpg\" \/>\n\t<meta property=\"og:image:width\" content=\"1920\" \/>\n\t<meta property=\"og:image:height\" content=\"1229\" \/>\n\t<meta property=\"og:image:type\" content=\"image\/jpeg\" \/>\n<meta name=\"author\" content=\"La Gu\u00eda de Pamplona\" \/>\n<meta name=\"twitter:card\" content=\"summary_large_image\" \/>\n<meta name=\"twitter:creator\" content=\"@LaGuiadPamplona\" \/>\n<meta name=\"twitter:site\" content=\"@LaGuiadPamplona\" \/>\n<meta name=\"twitter:label1\" content=\"Escrito por\" \/>\n\t<meta name=\"twitter:data1\" content=\"La Gu\u00eda de Pamplona\" \/>\n\t<meta name=\"twitter:label2\" content=\"Tiempo de lectura\" \/>\n\t<meta name=\"twitter:data2\" content=\"3 minutos\" \/>\n<script type=\"application\/ld+json\" class=\"yoast-schema-graph\">{\"@context\":\"https:\\\/\\\/schema.org\",\"@graph\":[{\"@type\":\"Article\",\"@id\":\"https:\\\/\\\/www.laguiadepamplona.com\\\/actualidad\\\/la-sala-lidia-biurrun-de-la-ciudadela-acogio-el-pasado-ano-163-bodas-civiles-un-49-mas-que-en-un-2020-marcado-por-el-confinamiento-y-la-pandemia-de-la-covid-19\\\/#article\",\"isPartOf\":{\"@id\":\"https:\\\/\\\/www.laguiadepamplona.com\\\/actualidad\\\/la-sala-lidia-biurrun-de-la-ciudadela-acogio-el-pasado-ano-163-bodas-civiles-un-49-mas-que-en-un-2020-marcado-por-el-confinamiento-y-la-pandemia-de-la-covid-19\\\/\"},\"author\":{\"name\":\"La Gu\u00eda de Pamplona\",\"@id\":\"https:\\\/\\\/www.laguiadepamplona.com\\\/actualidad\\\/#\\\/schema\\\/person\\\/efe887376f0213d4657c93adc50b1fdb\"},\"headline\":\"La Sala Lidia Biurrun de la Ciudadela acogi\u00f3 el pasado a\u00f1o 163 bodas civiles, un 49% m\u00e1s que en un 2020, marcado por el confinamiento y la pandemia de la COVID-19\",\"datePublished\":\"2022-02-07T15:00:40+00:00\",\"dateModified\":\"2023-04-11T09:48:33+00:00\",\"mainEntityOfPage\":{\"@id\":\"https:\\\/\\\/www.laguiadepamplona.com\\\/actualidad\\\/la-sala-lidia-biurrun-de-la-ciudadela-acogio-el-pasado-ano-163-bodas-civiles-un-49-mas-que-en-un-2020-marcado-por-el-confinamiento-y-la-pandemia-de-la-covid-19\\\/\"},\"wordCount\":483,\"commentCount\":0,\"publisher\":{\"@id\":\"https:\\\/\\\/www.laguiadepamplona.com\\\/actualidad\\\/#organization\"},\"image\":{\"@id\":\"https:\\\/\\\/www.laguiadepamplona.com\\\/actualidad\\\/la-sala-lidia-biurrun-de-la-ciudadela-acogio-el-pasado-ano-163-bodas-civiles-un-49-mas-que-en-un-2020-marcado-por-el-confinamiento-y-la-pandemia-de-la-covid-19\\\/#primaryimage\"},\"thumbnailUrl\":\"https:\\\/\\\/www.laguiadepamplona.com\\\/actualidad\\\/wp-content\\\/uploads\\\/2022\\\/02\\\/felipeII_MG_7432.jpg\",\"articleSection\":[\"Ayto Pamplona\"],\"inLanguage\":\"es\",\"potentialAction\":[{\"@type\":\"CommentAction\",\"name\":\"Comment\",\"target\":[\"https:\\\/\\\/www.laguiadepamplona.com\\\/actualidad\\\/la-sala-lidia-biurrun-de-la-ciudadela-acogio-el-pasado-ano-163-bodas-civiles-un-49-mas-que-en-un-2020-marcado-por-el-confinamiento-y-la-pandemia-de-la-covid-19\\\/#respond\"]}]},{\"@type\":\"WebPage\",\"@id\":\"https:\\\/\\\/www.laguiadepamplona.com\\\/actualidad\\\/la-sala-lidia-biurrun-de-la-ciudadela-acogio-el-pasado-ano-163-bodas-civiles-un-49-mas-que-en-un-2020-marcado-por-el-confinamiento-y-la-pandemia-de-la-covid-19\\\/\",\"url\":\"https:\\\/\\\/www.laguiadepamplona.com\\\/actualidad\\\/la-sala-lidia-biurrun-de-la-ciudadela-acogio-el-pasado-ano-163-bodas-civiles-un-49-mas-que-en-un-2020-marcado-por-el-confinamiento-y-la-pandemia-de-la-covid-19\\\/\",\"name\":\"La Sala Lidia Biurrun de la Ciudadela acogi\u00f3 el pasado a\u00f1o 163 bodas civiles, un 49% m\u00e1s que en un 2020, marcado por el confinamiento y la pandemia de la COVID-19\",\"isPartOf\":{\"@id\":\"https:\\\/\\\/www.laguiadepamplona.com\\\/actualidad\\\/#website\"},\"primaryImageOfPage\":{\"@id\":\"https:\\\/\\\/www.laguiadepamplona.com\\\/actualidad\\\/la-sala-lidia-biurrun-de-la-ciudadela-acogio-el-pasado-ano-163-bodas-civiles-un-49-mas-que-en-un-2020-marcado-por-el-confinamiento-y-la-pandemia-de-la-covid-19\\\/#primaryimage\"},\"image\":{\"@id\":\"https:\\\/\\\/www.laguiadepamplona.com\\\/actualidad\\\/la-sala-lidia-biurrun-de-la-ciudadela-acogio-el-pasado-ano-163-bodas-civiles-un-49-mas-que-en-un-2020-marcado-por-el-confinamiento-y-la-pandemia-de-la-covid-19\\\/#primaryimage\"},\"thumbnailUrl\":\"https:\\\/\\\/www.laguiadepamplona.com\\\/actualidad\\\/wp-content\\\/uploads\\\/2022\\\/02\\\/felipeII_MG_7432.jpg\",\"datePublished\":\"2022-02-07T15:00:40+00:00\",\"dateModified\":\"2023-04-11T09:48:33+00:00\",\"description\":\"Septiembre y octubre fueron los meses con m\u00e1s enlaces y Maite Esporr\u00edn la concejala que m\u00e1s bodas civiles ofici\u00f3 en 2021\",\"breadcrumb\":{\"@id\":\"https:\\\/\\\/www.laguiadepamplona.com\\\/actualidad\\\/la-sala-lidia-biurrun-de-la-ciudadela-acogio-el-pasado-ano-163-bodas-civiles-un-49-mas-que-en-un-2020-marcado-por-el-confinamiento-y-la-pandemia-de-la-covid-19\\\/#breadcrumb\"},\"inLanguage\":\"es\",\"potentialAction\":[{\"@type\":\"ReadAction\",\"target\":[\"https:\\\/\\\/www.laguiadepamplona.com\\\/actualidad\\\/la-sala-lidia-biurrun-de-la-ciudadela-acogio-el-pasado-ano-163-bodas-civiles-un-49-mas-que-en-un-2020-marcado-por-el-confinamiento-y-la-pandemia-de-la-covid-19\\\/\"]}]},{\"@type\":\"ImageObject\",\"inLanguage\":\"es\",\"@id\":\"https:\\\/\\\/www.laguiadepamplona.com\\\/actualidad\\\/la-sala-lidia-biurrun-de-la-ciudadela-acogio-el-pasado-ano-163-bodas-civiles-un-49-mas-que-en-un-2020-marcado-por-el-confinamiento-y-la-pandemia-de-la-covid-19\\\/#primaryimage\",\"url\":\"https:\\\/\\\/www.laguiadepamplona.com\\\/actualidad\\\/wp-content\\\/uploads\\\/2022\\\/02\\\/felipeII_MG_7432.jpg\",\"contentUrl\":\"https:\\\/\\\/www.laguiadepamplona.com\\\/actualidad\\\/wp-content\\\/uploads\\\/2022\\\/02\\\/felipeII_MG_7432.jpg\",\"width\":1920,\"height\":1229},{\"@type\":\"BreadcrumbList\",\"@id\":\"https:\\\/\\\/www.laguiadepamplona.com\\\/actualidad\\\/la-sala-lidia-biurrun-de-la-ciudadela-acogio-el-pasado-ano-163-bodas-civiles-un-49-mas-que-en-un-2020-marcado-por-el-confinamiento-y-la-pandemia-de-la-covid-19\\\/#breadcrumb\",\"itemListElement\":[{\"@type\":\"ListItem\",\"position\":1,\"name\":\"Portada\",\"item\":\"https:\\\/\\\/www.laguiadepamplona.com\\\/actualidad\\\/\"},{\"@type\":\"ListItem\",\"position\":2,\"name\":\"La Sala Lidia Biurrun de la Ciudadela acogi\u00f3 el pasado a\u00f1o 163 bodas civiles, un 49% m\u00e1s que en un 2020, marcado por el confinamiento y la pandemia de la COVID-19\"}]},{\"@type\":\"WebSite\",\"@id\":\"https:\\\/\\\/www.laguiadepamplona.com\\\/actualidad\\\/#website\",\"url\":\"https:\\\/\\\/www.laguiadepamplona.com\\\/actualidad\\\/\",\"name\":\"La gu\u00eda de Pamplona\",\"description\":\"Noticias de Pamplona\",\"publisher\":{\"@id\":\"https:\\\/\\\/www.laguiadepamplona.com\\\/actualidad\\\/#organization\"},\"potentialAction\":[{\"@type\":\"SearchAction\",\"target\":{\"@type\":\"EntryPoint\",\"urlTemplate\":\"https:\\\/\\\/www.laguiadepamplona.com\\\/actualidad\\\/?s={search_term_string}\"},\"query-input\":{\"@type\":\"PropertyValueSpecification\",\"valueRequired\":true,\"valueName\":\"search_term_string\"}}],\"inLanguage\":\"es\"},{\"@type\":\"Organization\",\"@id\":\"https:\\\/\\\/www.laguiadepamplona.com\\\/actualidad\\\/#organization\",\"name\":\"La Gu\u00eda de Pamplona \\\/ Noticias\",\"url\":\"https:\\\/\\\/www.laguiadepamplona.com\\\/actualidad\\\/\",\"logo\":{\"@type\":\"ImageObject\",\"inLanguage\":\"es\",\"@id\":\"https:\\\/\\\/www.laguiadepamplona.com\\\/actualidad\\\/#\\\/schema\\\/logo\\\/image\\\/\",\"url\":\"https:\\\/\\\/www.laguiadepamplona.com\\\/actualidad\\\/wp-content\\\/uploads\\\/2018\\\/11\\\/logo-laguiadepamplona18-web1.png\",\"contentUrl\":\"https:\\\/\\\/www.laguiadepamplona.com\\\/actualidad\\\/wp-content\\\/uploads\\\/2018\\\/11\\\/logo-laguiadepamplona18-web1.png\",\"width\":600,\"height\":196,\"caption\":\"La Gu\u00eda de Pamplona \\\/ Noticias\"},\"image\":{\"@id\":\"https:\\\/\\\/www.laguiadepamplona.com\\\/actualidad\\\/#\\\/schema\\\/logo\\\/image\\\/\"},\"sameAs\":[\"https:\\\/\\\/www.facebook.com\\\/laguiadepamplonacom-133175176762273\\\/?ref=hl\",\"https:\\\/\\\/x.com\\\/LaGuiadPamplona\",\"https:\\\/\\\/www.instagram.com\\\/la_guia_de_pamplona\\\/\",\"https:\\\/\\\/www.youtube.com\\\/user\\\/laguiadepamplona\"]},{\"@type\":\"Person\",\"@id\":\"https:\\\/\\\/www.laguiadepamplona.com\\\/actualidad\\\/#\\\/schema\\\/person\\\/efe887376f0213d4657c93adc50b1fdb\",\"name\":\"La Gu\u00eda de Pamplona\",\"image\":{\"@type\":\"ImageObject\",\"inLanguage\":\"es\",\"@id\":\"https:\\\/\\\/secure.gravatar.com\\\/avatar\\\/b6992f131dc8d30ab0dff15446e9d346d9dbd95992de0fef795073f5ea83a81c?s=96&d=mm&r=g\",\"url\":\"https:\\\/\\\/secure.gravatar.com\\\/avatar\\\/b6992f131dc8d30ab0dff15446e9d346d9dbd95992de0fef795073f5ea83a81c?s=96&d=mm&r=g\",\"contentUrl\":\"https:\\\/\\\/secure.gravatar.com\\\/avatar\\\/b6992f131dc8d30ab0dff15446e9d346d9dbd95992de0fef795073f5ea83a81c?s=96&d=mm&r=g\",\"caption\":\"La Gu\u00eda de Pamplona\"}}]}<\/script>\n<!-- \/ Yoast SEO plugin. -->","yoast_head_json":{"title":"La Sala Lidia Biurrun de la Ciudadela acogi\u00f3 el pasado a\u00f1o 163 bodas civiles, un 49% m\u00e1s que en un 2020, marcado por el confinamiento y la pandemia de la COVID-19","description":"Septiembre y octubre fueron los meses con m\u00e1s enlaces y Maite Esporr\u00edn la concejala que m\u00e1s bodas civiles ofici\u00f3 en 2021","robots":{"index":"index","follow":"follow","max-snippet":"max-snippet:-1","max-image-preview":"max-image-preview:large","max-video-preview":"max-video-preview:-1"},"canonical":"https:\/\/www.laguiadepamplona.com\/actualidad\/la-sala-lidia-biurrun-de-la-ciudadela-acogio-el-pasado-ano-163-bodas-civiles-un-49-mas-que-en-un-2020-marcado-por-el-confinamiento-y-la-pandemia-de-la-covid-19\/","og_locale":"es_ES","og_type":"article","og_title":"La Sala Lidia Biurrun de la Ciudadela acogi\u00f3 el pasado a\u00f1o 163 bodas civiles, un 49% m\u00e1s que en un 2020, marcado por el confinamiento y la pandemia de la COVID-19","og_description":"Septiembre y octubre fueron los meses con m\u00e1s enlaces y Maite Esporr\u00edn la concejala que m\u00e1s bodas civiles ofici\u00f3 en 2021","og_url":"https:\/\/www.laguiadepamplona.com\/actualidad\/la-sala-lidia-biurrun-de-la-ciudadela-acogio-el-pasado-ano-163-bodas-civiles-un-49-mas-que-en-un-2020-marcado-por-el-confinamiento-y-la-pandemia-de-la-covid-19\/","og_site_name":"La Gu\u00eda de Pamplona","article_publisher":"https:\/\/www.facebook.com\/laguiadepamplonacom-133175176762273\/?ref=hl","article_published_time":"2022-02-07T15:00:40+00:00","article_modified_time":"2023-04-11T09:48:33+00:00","og_image":[{"width":1920,"height":1229,"url":"https:\/\/www.laguiadepamplona.com\/actualidad\/wp-content\/uploads\/2022\/02\/felipeII_MG_7432.jpg","type":"image\/jpeg"}],"author":"La Gu\u00eda de Pamplona","twitter_card":"summary_large_image","twitter_creator":"@LaGuiadPamplona","twitter_site":"@LaGuiadPamplona","twitter_misc":{"Escrito por":"La Gu\u00eda de Pamplona","Tiempo de lectura":"3 minutos"},"schema":{"@context":"https:\/\/schema.org","@graph":[{"@type":"Article","@id":"https:\/\/www.laguiadepamplona.com\/actualidad\/la-sala-lidia-biurrun-de-la-ciudadela-acogio-el-pasado-ano-163-bodas-civiles-un-49-mas-que-en-un-2020-marcado-por-el-confinamiento-y-la-pandemia-de-la-covid-19\/#article","isPartOf":{"@id":"https:\/\/www.laguiadepamplona.com\/actualidad\/la-sala-lidia-biurrun-de-la-ciudadela-acogio-el-pasado-ano-163-bodas-civiles-un-49-mas-que-en-un-2020-marcado-por-el-confinamiento-y-la-pandemia-de-la-covid-19\/"},"author":{"name":"La Gu\u00eda de Pamplona","@id":"https:\/\/www.laguiadepamplona.com\/actualidad\/#\/schema\/person\/efe887376f0213d4657c93adc50b1fdb"},"headline":"La Sala Lidia Biurrun de la Ciudadela acogi\u00f3 el pasado a\u00f1o 163 bodas civiles, un 49% m\u00e1s que en un 2020, marcado por el confinamiento y la pandemia de la COVID-19","datePublished":"2022-02-07T15:00:40+00:00","dateModified":"2023-04-11T09:48:33+00:00","mainEntityOfPage":{"@id":"https:\/\/www.laguiadepamplona.com\/actualidad\/la-sala-lidia-biurrun-de-la-ciudadela-acogio-el-pasado-ano-163-bodas-civiles-un-49-mas-que-en-un-2020-marcado-por-el-confinamiento-y-la-pandemia-de-la-covid-19\/"},"wordCount":483,"commentCount":0,"publisher":{"@id":"https:\/\/www.laguiadepamplona.com\/actualidad\/#organization"},"image":{"@id":"https:\/\/www.laguiadepamplona.com\/actualidad\/la-sala-lidia-biurrun-de-la-ciudadela-acogio-el-pasado-ano-163-bodas-civiles-un-49-mas-que-en-un-2020-marcado-por-el-confinamiento-y-la-pandemia-de-la-covid-19\/#primaryimage"},"thumbnailUrl":"https:\/\/www.laguiadepamplona.com\/actualidad\/wp-content\/uploads\/2022\/02\/felipeII_MG_7432.jpg","articleSection":["Ayto Pamplona"],"inLanguage":"es","potentialAction":[{"@type":"CommentAction","name":"Comment","target":["https:\/\/www.laguiadepamplona.com\/actualidad\/la-sala-lidia-biurrun-de-la-ciudadela-acogio-el-pasado-ano-163-bodas-civiles-un-49-mas-que-en-un-2020-marcado-por-el-confinamiento-y-la-pandemia-de-la-covid-19\/#respond"]}]},{"@type":"WebPage","@id":"https:\/\/www.laguiadepamplona.com\/actualidad\/la-sala-lidia-biurrun-de-la-ciudadela-acogio-el-pasado-ano-163-bodas-civiles-un-49-mas-que-en-un-2020-marcado-por-el-confinamiento-y-la-pandemia-de-la-covid-19\/","url":"https:\/\/www.laguiadepamplona.com\/actualidad\/la-sala-lidia-biurrun-de-la-ciudadela-acogio-el-pasado-ano-163-bodas-civiles-un-49-mas-que-en-un-2020-marcado-por-el-confinamiento-y-la-pandemia-de-la-covid-19\/","name":"La Sala Lidia Biurrun de la Ciudadela acogi\u00f3 el pasado a\u00f1o 163 bodas civiles, un 49% m\u00e1s que en un 2020, marcado por el confinamiento y la pandemia de la COVID-19","isPartOf":{"@id":"https:\/\/www.laguiadepamplona.com\/actualidad\/#website"},"primaryImageOfPage":{"@id":"https:\/\/www.laguiadepamplona.com\/actualidad\/la-sala-lidia-biurrun-de-la-ciudadela-acogio-el-pasado-ano-163-bodas-civiles-un-49-mas-que-en-un-2020-marcado-por-el-confinamiento-y-la-pandemia-de-la-covid-19\/#primaryimage"},"image":{"@id":"https:\/\/www.laguiadepamplona.com\/actualidad\/la-sala-lidia-biurrun-de-la-ciudadela-acogio-el-pasado-ano-163-bodas-civiles-un-49-mas-que-en-un-2020-marcado-por-el-confinamiento-y-la-pandemia-de-la-covid-19\/#primaryimage"},"thumbnailUrl":"https:\/\/www.laguiadepamplona.com\/actualidad\/wp-content\/uploads\/2022\/02\/felipeII_MG_7432.jpg","datePublished":"2022-02-07T15:00:40+00:00","dateModified":"2023-04-11T09:48:33+00:00","description":"Septiembre y octubre fueron los meses con m\u00e1s enlaces y Maite Esporr\u00edn la concejala que m\u00e1s bodas civiles ofici\u00f3 en 2021","breadcrumb":{"@id":"https:\/\/www.laguiadepamplona.com\/actualidad\/la-sala-lidia-biurrun-de-la-ciudadela-acogio-el-pasado-ano-163-bodas-civiles-un-49-mas-que-en-un-2020-marcado-por-el-confinamiento-y-la-pandemia-de-la-covid-19\/#breadcrumb"},"inLanguage":"es","potentialAction":[{"@type":"ReadAction","target":["https:\/\/www.laguiadepamplona.com\/actualidad\/la-sala-lidia-biurrun-de-la-ciudadela-acogio-el-pasado-ano-163-bodas-civiles-un-49-mas-que-en-un-2020-marcado-por-el-confinamiento-y-la-pandemia-de-la-covid-19\/"]}]},{"@type":"ImageObject","inLanguage":"es","@id":"https:\/\/www.laguiadepamplona.com\/actualidad\/la-sala-lidia-biurrun-de-la-ciudadela-acogio-el-pasado-ano-163-bodas-civiles-un-49-mas-que-en-un-2020-marcado-por-el-confinamiento-y-la-pandemia-de-la-covid-19\/#primaryimage","url":"https:\/\/www.laguiadepamplona.com\/actualidad\/wp-content\/uploads\/2022\/02\/felipeII_MG_7432.jpg","contentUrl":"https:\/\/www.laguiadepamplona.com\/actualidad\/wp-content\/uploads\/2022\/02\/felipeII_MG_7432.jpg","width":1920,"height":1229},{"@type":"BreadcrumbList","@id":"https:\/\/www.laguiadepamplona.com\/actualidad\/la-sala-lidia-biurrun-de-la-ciudadela-acogio-el-pasado-ano-163-bodas-civiles-un-49-mas-que-en-un-2020-marcado-por-el-confinamiento-y-la-pandemia-de-la-covid-19\/#breadcrumb","itemListElement":[{"@type":"ListItem","position":1,"name":"Portada","item":"https:\/\/www.laguiadepamplona.com\/actualidad\/"},{"@type":"ListItem","position":2,"name":"La Sala Lidia Biurrun de la Ciudadela acogi\u00f3 el pasado a\u00f1o 163 bodas civiles, un 49% m\u00e1s que en un 2020, marcado por el confinamiento y la pandemia de la COVID-19"}]},{"@type":"WebSite","@id":"https:\/\/www.laguiadepamplona.com\/actualidad\/#website","url":"https:\/\/www.laguiadepamplona.com\/actualidad\/","name":"La gu\u00eda de Pamplona","description":"Noticias de Pamplona","publisher":{"@id":"https:\/\/www.laguiadepamplona.com\/actualidad\/#organization"},"potentialAction":[{"@type":"SearchAction","target":{"@type":"EntryPoint","urlTemplate":"https:\/\/www.laguiadepamplona.com\/actualidad\/?s={search_term_string}"},"query-input":{"@type":"PropertyValueSpecification","valueRequired":true,"valueName":"search_term_string"}}],"inLanguage":"es"},{"@type":"Organization","@id":"https:\/\/www.laguiadepamplona.com\/actualidad\/#organization","name":"La Gu\u00eda de Pamplona \/ Noticias","url":"https:\/\/www.laguiadepamplona.com\/actualidad\/","logo":{"@type":"ImageObject","inLanguage":"es","@id":"https:\/\/www.laguiadepamplona.com\/actualidad\/#\/schema\/logo\/image\/","url":"https:\/\/www.laguiadepamplona.com\/actualidad\/wp-content\/uploads\/2018\/11\/logo-laguiadepamplona18-web1.png","contentUrl":"https:\/\/www.laguiadepamplona.com\/actualidad\/wp-content\/uploads\/2018\/11\/logo-laguiadepamplona18-web1.png","width":600,"height":196,"caption":"La Gu\u00eda de Pamplona \/ Noticias"},"image":{"@id":"https:\/\/www.laguiadepamplona.com\/actualidad\/#\/schema\/logo\/image\/"},"sameAs":["https:\/\/www.facebook.com\/laguiadepamplonacom-133175176762273\/?ref=hl","https:\/\/x.com\/LaGuiadPamplona","https:\/\/www.instagram.com\/la_guia_de_pamplona\/","https:\/\/www.youtube.com\/user\/laguiadepamplona"]},{"@type":"Person","@id":"https:\/\/www.laguiadepamplona.com\/actualidad\/#\/schema\/person\/efe887376f0213d4657c93adc50b1fdb","name":"La Gu\u00eda de Pamplona","image":{"@type":"ImageObject","inLanguage":"es","@id":"https:\/\/secure.gravatar.com\/avatar\/b6992f131dc8d30ab0dff15446e9d346d9dbd95992de0fef795073f5ea83a81c?s=96&d=mm&r=g","url":"https:\/\/secure.gravatar.com\/avatar\/b6992f131dc8d30ab0dff15446e9d346d9dbd95992de0fef795073f5ea83a81c?s=96&d=mm&r=g","contentUrl":"https:\/\/secure.gravatar.com\/avatar\/b6992f131dc8d30ab0dff15446e9d346d9dbd95992de0fef795073f5ea83a81c?s=96&d=mm&r=g","caption":"La Gu\u00eda de Pamplona"}}]}},"post_mailing_queue_ids":[],"_links":{"self":[{"href":"https:\/\/www.laguiadepamplona.com\/actualidad\/wp-json\/wp\/v2\/posts\/38608","targetHints":{"allow":["GET"]}}],"collection":[{"href":"https:\/\/www.laguiadepamplona.com\/actualidad\/wp-json\/wp\/v2\/posts"}],"about":[{"href":"https:\/\/www.laguiadepamplona.com\/actualidad\/wp-json\/wp\/v2\/types\/post"}],"author":[{"embeddable":true,"href":"https:\/\/www.laguiadepamplona.com\/actualidad\/wp-json\/wp\/v2\/users\/1"}],"replies":[{"embeddable":true,"href":"https:\/\/www.laguiadepamplona.com\/actualidad\/wp-json\/wp\/v2\/comments?post=38608"}],"version-history":[{"count":0,"href":"https:\/\/www.laguiadepamplona.com\/actualidad\/wp-json\/wp\/v2\/posts\/38608\/revisions"}],"wp:featuredmedia":[{"embeddable":true,"href":"https:\/\/www.laguiadepamplona.com\/actualidad\/wp-json\/wp\/v2\/media\/38609"}],"wp:attachment":[{"href":"https:\/\/www.laguiadepamplona.com\/actualidad\/wp-json\/wp\/v2\/media?parent=38608"}],"wp:term":[{"taxonomy":"category","embeddable":true,"href":"https:\/\/www.laguiadepamplona.com\/actualidad\/wp-json\/wp\/v2\/categories?post=38608"},{"taxonomy":"post_tag","embeddable":true,"href":"https:\/\/www.laguiadepamplona.com\/actualidad\/wp-json\/wp\/v2\/tags?post=38608"}],"curies":[{"name":"wp","href":"https:\/\/api.w.org\/{rel}","templated":true}]}}