{"id":38571,"date":"2022-02-04T13:32:18","date_gmt":"2022-02-04T11:32:18","guid":{"rendered":"https:\/\/www.laguiadepamplona.com\/actualidad\/?p=38571"},"modified":"2023-04-11T11:48:33","modified_gmt":"2023-04-11T09:48:33","slug":"desde-el-lunes-se-cortan-al-trafico-los-tramos-de-las-calles-san-fermin-y-media-luna-que-bordean-salesianos-para-acometer-obras-de-renovacion-de-redes-de-saneamiento","status":"publish","type":"post","link":"https:\/\/www.laguiadepamplona.com\/actualidad\/desde-el-lunes-se-cortan-al-trafico-los-tramos-de-las-calles-san-fermin-y-media-luna-que-bordean-salesianos-para-acometer-obras-de-renovacion-de-redes-de-saneamiento\/","title":{"rendered":"Desde el lunes se cortan al tr\u00e1fico los tramos de las calles San Ferm\u00edn y Media Luna que bordean Salesianos para acometer obras de renovaci\u00f3n de redes de saneamiento"},"content":{"rendered":"<h5>El tr\u00e1nsito peatonal, durante los dos meses de obras, se mantiene por la acera de los n\u00fameros impares en el tramo cortado de la calle San Ferm\u00edn<\/h5>\n<p><!--more--><\/p>\n<p>Las obras de renovaci\u00f3n de las redes de saneamiento de Salesianos van a provocar, a partir del pr\u00f3ximo lunes, el cierre al tr\u00e1fico del tramo de la calle San Ferm\u00edn, entre las calles Aralar y Media Luna, as\u00ed como del tramo de Media Luna que bordea esa parcela. El corte es necesario para la apertura de zanjas para las nuevas instalaciones de servicios y redes vinculadas al desarrollo urban\u00edstica de esa parcela de Salesianos. Estas alteraciones se prolongar\u00e1n durante dos meses.<br \/>\n<script async src=\"\/\/pagead2.googlesyndication.com\/pagead\/js\/adsbygoogle.js\"><\/script><br \/>\n<!-- Noticias La Guia de Pamplona --><br \/>\n<ins class=\"adsbygoogle\"\nstyle=\"display:block\"\ndata-ad-client=\"ca-pub-6943679897239327\"\ndata-ad-slot=\"7048180777\"\ndata-ad-format=\"auto\"><\/ins><br \/>\n<script>\n(adsbygoogle = window.adsbygoogle || []).push({});\n<\/script><\/p>\n<p>El tr\u00e1nsito peatonal se mantendr\u00e1 por la acera de los n\u00fameros impares de ese tramo de la calle San Ferm\u00edn, que no se ver\u00e1 afectada por las obras. El cierre de esta calle conlleva la supresi\u00f3n temporal de las plazas de aparcamiento que se han estado manteniendo desde el pasado 12 de enero, cuando se cambi\u00f3 el sentido de circulaci\u00f3n en ese tramo, debido tambi\u00e9n a las obras de Salesianos. El tramo de la calle Media Luna, entre las calles Colegios Sanitarios y San Ferm\u00edn, estar\u00e1 abierto solo para estacionar.<\/p>\n<p>El acceso al Colegio de M\u00e9dicos se realizar\u00e1 de la forma habitual, pero la salida ser\u00e1 en sentido contrario, ya que se habilitar\u00e1 una calzada de doble sentido en ese tramo de la calle Media Luna hasta la avenida de Navarra. De esta forma, para salir, habr\u00e1 que girar a la izquierda en la calle Media Luna e incorporarse a la avenida de Baja Navarra. Para lograr esta calzada de doble sentido, se suprimir\u00e1n temporalmente las plazas de aparcamiento que hay entre la avenida de la Baja Navarra y el acceso al Colegio de M\u00e9dicos.<\/p>\n","protected":false},"excerpt":{"rendered":"<p>El tr\u00e1nsito peatonal, durante los dos meses de obras, se mantiene por la acera de los n\u00fameros impares en el tramo cortado de la calle San Ferm\u00edn<\/p>\n","protected":false},"author":1,"featured_media":38572,"comment_status":"open","ping_status":"closed","sticky":false,"template":"","format":"standard","meta":{"footnotes":""},"categories":[2],"tags":[],"class_list":["post-38571","post","type-post","status-publish","format-standard","has-post-thumbnail","hentry","category-ayuntamiento-pamplona"],"yoast_head":"<!-- This site is optimized with the Yoast SEO plugin v27.3 - https:\/\/yoast.com\/product\/yoast-seo-wordpress\/ -->\n<title>Desde el lunes se cortan al tr\u00e1fico los tramos de las calles San Ferm\u00edn y Media Luna que bordean Salesianos para acometer obras de renovaci\u00f3n de redes de saneamiento<\/title>\n<meta name=\"description\" content=\"El tr\u00e1nsito peatonal, durante los dos meses de obras, se mantiene por la acera de los n\u00fameros impares en el tramo cortado de la calle San Ferm\u00edn\" \/>\n<meta name=\"robots\" content=\"index, follow, max-snippet:-1, max-image-preview:large, max-video-preview:-1\" \/>\n<link rel=\"canonical\" href=\"https:\/\/www.laguiadepamplona.com\/actualidad\/desde-el-lunes-se-cortan-al-trafico-los-tramos-de-las-calles-san-fermin-y-media-luna-que-bordean-salesianos-para-acometer-obras-de-renovacion-de-redes-de-saneamiento\/\" \/>\n<meta property=\"og:locale\" content=\"es_ES\" \/>\n<meta property=\"og:type\" content=\"article\" \/>\n<meta property=\"og:title\" content=\"Desde el lunes se cortan al tr\u00e1fico los tramos de las calles San Ferm\u00edn y Media Luna que bordean Salesianos para acometer obras de renovaci\u00f3n de redes de saneamiento\" \/>\n<meta property=\"og:description\" content=\"El tr\u00e1nsito peatonal, durante los dos meses de obras, se mantiene por la acera de los n\u00fameros impares en el tramo cortado de la calle San Ferm\u00edn\" \/>\n<meta property=\"og:url\" content=\"https:\/\/www.laguiadepamplona.com\/actualidad\/desde-el-lunes-se-cortan-al-trafico-los-tramos-de-las-calles-san-fermin-y-media-luna-que-bordean-salesianos-para-acometer-obras-de-renovacion-de-redes-de-saneamiento\/\" \/>\n<meta property=\"og:site_name\" content=\"La Gu\u00eda de Pamplona\" \/>\n<meta property=\"article:publisher\" content=\"https:\/\/www.facebook.com\/laguiadepamplonacom-133175176762273\/?ref=hl\" \/>\n<meta property=\"article:published_time\" content=\"2022-02-04T11:32:18+00:00\" \/>\n<meta property=\"article:modified_time\" content=\"2023-04-11T09:48:33+00:00\" \/>\n<meta property=\"og:image\" content=\"https:\/\/www.laguiadepamplona.com\/actualidad\/wp-content\/uploads\/2022\/02\/corte_calel.jpg\" \/>\n\t<meta property=\"og:image:width\" content=\"1608\" \/>\n\t<meta property=\"og:image:height\" content=\"926\" \/>\n\t<meta property=\"og:image:type\" content=\"image\/jpeg\" \/>\n<meta name=\"author\" content=\"La Gu\u00eda de Pamplona\" \/>\n<meta name=\"twitter:card\" content=\"summary_large_image\" \/>\n<meta name=\"twitter:creator\" content=\"@LaGuiadPamplona\" \/>\n<meta name=\"twitter:site\" content=\"@LaGuiadPamplona\" \/>\n<meta name=\"twitter:label1\" content=\"Escrito por\" \/>\n\t<meta name=\"twitter:data1\" content=\"La Gu\u00eda de Pamplona\" \/>\n\t<meta name=\"twitter:label2\" content=\"Tiempo de lectura\" \/>\n\t<meta name=\"twitter:data2\" content=\"2 minutos\" \/>\n<script type=\"application\/ld+json\" class=\"yoast-schema-graph\">{\"@context\":\"https:\\\/\\\/schema.org\",\"@graph\":[{\"@type\":\"Article\",\"@id\":\"https:\\\/\\\/www.laguiadepamplona.com\\\/actualidad\\\/desde-el-lunes-se-cortan-al-trafico-los-tramos-de-las-calles-san-fermin-y-media-luna-que-bordean-salesianos-para-acometer-obras-de-renovacion-de-redes-de-saneamiento\\\/#article\",\"isPartOf\":{\"@id\":\"https:\\\/\\\/www.laguiadepamplona.com\\\/actualidad\\\/desde-el-lunes-se-cortan-al-trafico-los-tramos-de-las-calles-san-fermin-y-media-luna-que-bordean-salesianos-para-acometer-obras-de-renovacion-de-redes-de-saneamiento\\\/\"},\"author\":{\"name\":\"La Gu\u00eda de Pamplona\",\"@id\":\"https:\\\/\\\/www.laguiadepamplona.com\\\/actualidad\\\/#\\\/schema\\\/person\\\/efe887376f0213d4657c93adc50b1fdb\"},\"headline\":\"Desde el lunes se cortan al tr\u00e1fico los tramos de las calles San Ferm\u00edn y Media Luna que bordean Salesianos para acometer obras de renovaci\u00f3n de redes de saneamiento\",\"datePublished\":\"2022-02-04T11:32:18+00:00\",\"dateModified\":\"2023-04-11T09:48:33+00:00\",\"mainEntityOfPage\":{\"@id\":\"https:\\\/\\\/www.laguiadepamplona.com\\\/actualidad\\\/desde-el-lunes-se-cortan-al-trafico-los-tramos-de-las-calles-san-fermin-y-media-luna-que-bordean-salesianos-para-acometer-obras-de-renovacion-de-redes-de-saneamiento\\\/\"},\"wordCount\":343,\"commentCount\":0,\"publisher\":{\"@id\":\"https:\\\/\\\/www.laguiadepamplona.com\\\/actualidad\\\/#organization\"},\"image\":{\"@id\":\"https:\\\/\\\/www.laguiadepamplona.com\\\/actualidad\\\/desde-el-lunes-se-cortan-al-trafico-los-tramos-de-las-calles-san-fermin-y-media-luna-que-bordean-salesianos-para-acometer-obras-de-renovacion-de-redes-de-saneamiento\\\/#primaryimage\"},\"thumbnailUrl\":\"https:\\\/\\\/www.laguiadepamplona.com\\\/actualidad\\\/wp-content\\\/uploads\\\/2022\\\/02\\\/corte_calel.jpg\",\"articleSection\":[\"Ayto Pamplona\"],\"inLanguage\":\"es\",\"potentialAction\":[{\"@type\":\"CommentAction\",\"name\":\"Comment\",\"target\":[\"https:\\\/\\\/www.laguiadepamplona.com\\\/actualidad\\\/desde-el-lunes-se-cortan-al-trafico-los-tramos-de-las-calles-san-fermin-y-media-luna-que-bordean-salesianos-para-acometer-obras-de-renovacion-de-redes-de-saneamiento\\\/#respond\"]}]},{\"@type\":\"WebPage\",\"@id\":\"https:\\\/\\\/www.laguiadepamplona.com\\\/actualidad\\\/desde-el-lunes-se-cortan-al-trafico-los-tramos-de-las-calles-san-fermin-y-media-luna-que-bordean-salesianos-para-acometer-obras-de-renovacion-de-redes-de-saneamiento\\\/\",\"url\":\"https:\\\/\\\/www.laguiadepamplona.com\\\/actualidad\\\/desde-el-lunes-se-cortan-al-trafico-los-tramos-de-las-calles-san-fermin-y-media-luna-que-bordean-salesianos-para-acometer-obras-de-renovacion-de-redes-de-saneamiento\\\/\",\"name\":\"Desde el lunes se cortan al tr\u00e1fico los tramos de las calles San Ferm\u00edn y Media Luna que bordean Salesianos para acometer obras de renovaci\u00f3n de redes de saneamiento\",\"isPartOf\":{\"@id\":\"https:\\\/\\\/www.laguiadepamplona.com\\\/actualidad\\\/#website\"},\"primaryImageOfPage\":{\"@id\":\"https:\\\/\\\/www.laguiadepamplona.com\\\/actualidad\\\/desde-el-lunes-se-cortan-al-trafico-los-tramos-de-las-calles-san-fermin-y-media-luna-que-bordean-salesianos-para-acometer-obras-de-renovacion-de-redes-de-saneamiento\\\/#primaryimage\"},\"image\":{\"@id\":\"https:\\\/\\\/www.laguiadepamplona.com\\\/actualidad\\\/desde-el-lunes-se-cortan-al-trafico-los-tramos-de-las-calles-san-fermin-y-media-luna-que-bordean-salesianos-para-acometer-obras-de-renovacion-de-redes-de-saneamiento\\\/#primaryimage\"},\"thumbnailUrl\":\"https:\\\/\\\/www.laguiadepamplona.com\\\/actualidad\\\/wp-content\\\/uploads\\\/2022\\\/02\\\/corte_calel.jpg\",\"datePublished\":\"2022-02-04T11:32:18+00:00\",\"dateModified\":\"2023-04-11T09:48:33+00:00\",\"description\":\"El tr\u00e1nsito peatonal, durante los dos meses de obras, se mantiene por la acera de los n\u00fameros impares en el tramo cortado de la calle San Ferm\u00edn\",\"breadcrumb\":{\"@id\":\"https:\\\/\\\/www.laguiadepamplona.com\\\/actualidad\\\/desde-el-lunes-se-cortan-al-trafico-los-tramos-de-las-calles-san-fermin-y-media-luna-que-bordean-salesianos-para-acometer-obras-de-renovacion-de-redes-de-saneamiento\\\/#breadcrumb\"},\"inLanguage\":\"es\",\"potentialAction\":[{\"@type\":\"ReadAction\",\"target\":[\"https:\\\/\\\/www.laguiadepamplona.com\\\/actualidad\\\/desde-el-lunes-se-cortan-al-trafico-los-tramos-de-las-calles-san-fermin-y-media-luna-que-bordean-salesianos-para-acometer-obras-de-renovacion-de-redes-de-saneamiento\\\/\"]}]},{\"@type\":\"ImageObject\",\"inLanguage\":\"es\",\"@id\":\"https:\\\/\\\/www.laguiadepamplona.com\\\/actualidad\\\/desde-el-lunes-se-cortan-al-trafico-los-tramos-de-las-calles-san-fermin-y-media-luna-que-bordean-salesianos-para-acometer-obras-de-renovacion-de-redes-de-saneamiento\\\/#primaryimage\",\"url\":\"https:\\\/\\\/www.laguiadepamplona.com\\\/actualidad\\\/wp-content\\\/uploads\\\/2022\\\/02\\\/corte_calel.jpg\",\"contentUrl\":\"https:\\\/\\\/www.laguiadepamplona.com\\\/actualidad\\\/wp-content\\\/uploads\\\/2022\\\/02\\\/corte_calel.jpg\",\"width\":1608,\"height\":926,\"caption\":\"Imagen Google\"},{\"@type\":\"BreadcrumbList\",\"@id\":\"https:\\\/\\\/www.laguiadepamplona.com\\\/actualidad\\\/desde-el-lunes-se-cortan-al-trafico-los-tramos-de-las-calles-san-fermin-y-media-luna-que-bordean-salesianos-para-acometer-obras-de-renovacion-de-redes-de-saneamiento\\\/#breadcrumb\",\"itemListElement\":[{\"@type\":\"ListItem\",\"position\":1,\"name\":\"Portada\",\"item\":\"https:\\\/\\\/www.laguiadepamplona.com\\\/actualidad\\\/\"},{\"@type\":\"ListItem\",\"position\":2,\"name\":\"Desde el lunes se cortan al tr\u00e1fico los tramos de las calles San Ferm\u00edn y Media Luna que bordean Salesianos para acometer obras de renovaci\u00f3n de redes de saneamiento\"}]},{\"@type\":\"WebSite\",\"@id\":\"https:\\\/\\\/www.laguiadepamplona.com\\\/actualidad\\\/#website\",\"url\":\"https:\\\/\\\/www.laguiadepamplona.com\\\/actualidad\\\/\",\"name\":\"La gu\u00eda de Pamplona\",\"description\":\"Noticias de Pamplona\",\"publisher\":{\"@id\":\"https:\\\/\\\/www.laguiadepamplona.com\\\/actualidad\\\/#organization\"},\"potentialAction\":[{\"@type\":\"SearchAction\",\"target\":{\"@type\":\"EntryPoint\",\"urlTemplate\":\"https:\\\/\\\/www.laguiadepamplona.com\\\/actualidad\\\/?s={search_term_string}\"},\"query-input\":{\"@type\":\"PropertyValueSpecification\",\"valueRequired\":true,\"valueName\":\"search_term_string\"}}],\"inLanguage\":\"es\"},{\"@type\":\"Organization\",\"@id\":\"https:\\\/\\\/www.laguiadepamplona.com\\\/actualidad\\\/#organization\",\"name\":\"La Gu\u00eda de Pamplona \\\/ Noticias\",\"url\":\"https:\\\/\\\/www.laguiadepamplona.com\\\/actualidad\\\/\",\"logo\":{\"@type\":\"ImageObject\",\"inLanguage\":\"es\",\"@id\":\"https:\\\/\\\/www.laguiadepamplona.com\\\/actualidad\\\/#\\\/schema\\\/logo\\\/image\\\/\",\"url\":\"https:\\\/\\\/www.laguiadepamplona.com\\\/actualidad\\\/wp-content\\\/uploads\\\/2018\\\/11\\\/logo-laguiadepamplona18-web1.png\",\"contentUrl\":\"https:\\\/\\\/www.laguiadepamplona.com\\\/actualidad\\\/wp-content\\\/uploads\\\/2018\\\/11\\\/logo-laguiadepamplona18-web1.png\",\"width\":600,\"height\":196,\"caption\":\"La Gu\u00eda de Pamplona \\\/ Noticias\"},\"image\":{\"@id\":\"https:\\\/\\\/www.laguiadepamplona.com\\\/actualidad\\\/#\\\/schema\\\/logo\\\/image\\\/\"},\"sameAs\":[\"https:\\\/\\\/www.facebook.com\\\/laguiadepamplonacom-133175176762273\\\/?ref=hl\",\"https:\\\/\\\/x.com\\\/LaGuiadPamplona\",\"https:\\\/\\\/www.instagram.com\\\/la_guia_de_pamplona\\\/\",\"https:\\\/\\\/www.youtube.com\\\/user\\\/laguiadepamplona\"]},{\"@type\":\"Person\",\"@id\":\"https:\\\/\\\/www.laguiadepamplona.com\\\/actualidad\\\/#\\\/schema\\\/person\\\/efe887376f0213d4657c93adc50b1fdb\",\"name\":\"La Gu\u00eda de Pamplona\",\"image\":{\"@type\":\"ImageObject\",\"inLanguage\":\"es\",\"@id\":\"https:\\\/\\\/secure.gravatar.com\\\/avatar\\\/b6992f131dc8d30ab0dff15446e9d346d9dbd95992de0fef795073f5ea83a81c?s=96&d=mm&r=g\",\"url\":\"https:\\\/\\\/secure.gravatar.com\\\/avatar\\\/b6992f131dc8d30ab0dff15446e9d346d9dbd95992de0fef795073f5ea83a81c?s=96&d=mm&r=g\",\"contentUrl\":\"https:\\\/\\\/secure.gravatar.com\\\/avatar\\\/b6992f131dc8d30ab0dff15446e9d346d9dbd95992de0fef795073f5ea83a81c?s=96&d=mm&r=g\",\"caption\":\"La Gu\u00eda de Pamplona\"}}]}<\/script>\n<!-- \/ Yoast SEO plugin. -->","yoast_head_json":{"title":"Desde el lunes se cortan al tr\u00e1fico los tramos de las calles San Ferm\u00edn y Media Luna que bordean Salesianos para acometer obras de renovaci\u00f3n de redes de saneamiento","description":"El tr\u00e1nsito peatonal, durante los dos meses de obras, se mantiene por la acera de los n\u00fameros impares en el tramo cortado de la calle San Ferm\u00edn","robots":{"index":"index","follow":"follow","max-snippet":"max-snippet:-1","max-image-preview":"max-image-preview:large","max-video-preview":"max-video-preview:-1"},"canonical":"https:\/\/www.laguiadepamplona.com\/actualidad\/desde-el-lunes-se-cortan-al-trafico-los-tramos-de-las-calles-san-fermin-y-media-luna-que-bordean-salesianos-para-acometer-obras-de-renovacion-de-redes-de-saneamiento\/","og_locale":"es_ES","og_type":"article","og_title":"Desde el lunes se cortan al tr\u00e1fico los tramos de las calles San Ferm\u00edn y Media Luna que bordean Salesianos para acometer obras de renovaci\u00f3n de redes de saneamiento","og_description":"El tr\u00e1nsito peatonal, durante los dos meses de obras, se mantiene por la acera de los n\u00fameros impares en el tramo cortado de la calle San Ferm\u00edn","og_url":"https:\/\/www.laguiadepamplona.com\/actualidad\/desde-el-lunes-se-cortan-al-trafico-los-tramos-de-las-calles-san-fermin-y-media-luna-que-bordean-salesianos-para-acometer-obras-de-renovacion-de-redes-de-saneamiento\/","og_site_name":"La Gu\u00eda de Pamplona","article_publisher":"https:\/\/www.facebook.com\/laguiadepamplonacom-133175176762273\/?ref=hl","article_published_time":"2022-02-04T11:32:18+00:00","article_modified_time":"2023-04-11T09:48:33+00:00","og_image":[{"width":1608,"height":926,"url":"https:\/\/www.laguiadepamplona.com\/actualidad\/wp-content\/uploads\/2022\/02\/corte_calel.jpg","type":"image\/jpeg"}],"author":"La Gu\u00eda de Pamplona","twitter_card":"summary_large_image","twitter_creator":"@LaGuiadPamplona","twitter_site":"@LaGuiadPamplona","twitter_misc":{"Escrito por":"La Gu\u00eda de Pamplona","Tiempo de lectura":"2 minutos"},"schema":{"@context":"https:\/\/schema.org","@graph":[{"@type":"Article","@id":"https:\/\/www.laguiadepamplona.com\/actualidad\/desde-el-lunes-se-cortan-al-trafico-los-tramos-de-las-calles-san-fermin-y-media-luna-que-bordean-salesianos-para-acometer-obras-de-renovacion-de-redes-de-saneamiento\/#article","isPartOf":{"@id":"https:\/\/www.laguiadepamplona.com\/actualidad\/desde-el-lunes-se-cortan-al-trafico-los-tramos-de-las-calles-san-fermin-y-media-luna-que-bordean-salesianos-para-acometer-obras-de-renovacion-de-redes-de-saneamiento\/"},"author":{"name":"La Gu\u00eda de Pamplona","@id":"https:\/\/www.laguiadepamplona.com\/actualidad\/#\/schema\/person\/efe887376f0213d4657c93adc50b1fdb"},"headline":"Desde el lunes se cortan al tr\u00e1fico los tramos de las calles San Ferm\u00edn y Media Luna que bordean Salesianos para acometer obras de renovaci\u00f3n de redes de saneamiento","datePublished":"2022-02-04T11:32:18+00:00","dateModified":"2023-04-11T09:48:33+00:00","mainEntityOfPage":{"@id":"https:\/\/www.laguiadepamplona.com\/actualidad\/desde-el-lunes-se-cortan-al-trafico-los-tramos-de-las-calles-san-fermin-y-media-luna-que-bordean-salesianos-para-acometer-obras-de-renovacion-de-redes-de-saneamiento\/"},"wordCount":343,"commentCount":0,"publisher":{"@id":"https:\/\/www.laguiadepamplona.com\/actualidad\/#organization"},"image":{"@id":"https:\/\/www.laguiadepamplona.com\/actualidad\/desde-el-lunes-se-cortan-al-trafico-los-tramos-de-las-calles-san-fermin-y-media-luna-que-bordean-salesianos-para-acometer-obras-de-renovacion-de-redes-de-saneamiento\/#primaryimage"},"thumbnailUrl":"https:\/\/www.laguiadepamplona.com\/actualidad\/wp-content\/uploads\/2022\/02\/corte_calel.jpg","articleSection":["Ayto Pamplona"],"inLanguage":"es","potentialAction":[{"@type":"CommentAction","name":"Comment","target":["https:\/\/www.laguiadepamplona.com\/actualidad\/desde-el-lunes-se-cortan-al-trafico-los-tramos-de-las-calles-san-fermin-y-media-luna-que-bordean-salesianos-para-acometer-obras-de-renovacion-de-redes-de-saneamiento\/#respond"]}]},{"@type":"WebPage","@id":"https:\/\/www.laguiadepamplona.com\/actualidad\/desde-el-lunes-se-cortan-al-trafico-los-tramos-de-las-calles-san-fermin-y-media-luna-que-bordean-salesianos-para-acometer-obras-de-renovacion-de-redes-de-saneamiento\/","url":"https:\/\/www.laguiadepamplona.com\/actualidad\/desde-el-lunes-se-cortan-al-trafico-los-tramos-de-las-calles-san-fermin-y-media-luna-que-bordean-salesianos-para-acometer-obras-de-renovacion-de-redes-de-saneamiento\/","name":"Desde el lunes se cortan al tr\u00e1fico los tramos de las calles San Ferm\u00edn y Media Luna que bordean Salesianos para acometer obras de renovaci\u00f3n de redes de saneamiento","isPartOf":{"@id":"https:\/\/www.laguiadepamplona.com\/actualidad\/#website"},"primaryImageOfPage":{"@id":"https:\/\/www.laguiadepamplona.com\/actualidad\/desde-el-lunes-se-cortan-al-trafico-los-tramos-de-las-calles-san-fermin-y-media-luna-que-bordean-salesianos-para-acometer-obras-de-renovacion-de-redes-de-saneamiento\/#primaryimage"},"image":{"@id":"https:\/\/www.laguiadepamplona.com\/actualidad\/desde-el-lunes-se-cortan-al-trafico-los-tramos-de-las-calles-san-fermin-y-media-luna-que-bordean-salesianos-para-acometer-obras-de-renovacion-de-redes-de-saneamiento\/#primaryimage"},"thumbnailUrl":"https:\/\/www.laguiadepamplona.com\/actualidad\/wp-content\/uploads\/2022\/02\/corte_calel.jpg","datePublished":"2022-02-04T11:32:18+00:00","dateModified":"2023-04-11T09:48:33+00:00","description":"El tr\u00e1nsito peatonal, durante los dos meses de obras, se mantiene por la acera de los n\u00fameros impares en el tramo cortado de la calle San Ferm\u00edn","breadcrumb":{"@id":"https:\/\/www.laguiadepamplona.com\/actualidad\/desde-el-lunes-se-cortan-al-trafico-los-tramos-de-las-calles-san-fermin-y-media-luna-que-bordean-salesianos-para-acometer-obras-de-renovacion-de-redes-de-saneamiento\/#breadcrumb"},"inLanguage":"es","potentialAction":[{"@type":"ReadAction","target":["https:\/\/www.laguiadepamplona.com\/actualidad\/desde-el-lunes-se-cortan-al-trafico-los-tramos-de-las-calles-san-fermin-y-media-luna-que-bordean-salesianos-para-acometer-obras-de-renovacion-de-redes-de-saneamiento\/"]}]},{"@type":"ImageObject","inLanguage":"es","@id":"https:\/\/www.laguiadepamplona.com\/actualidad\/desde-el-lunes-se-cortan-al-trafico-los-tramos-de-las-calles-san-fermin-y-media-luna-que-bordean-salesianos-para-acometer-obras-de-renovacion-de-redes-de-saneamiento\/#primaryimage","url":"https:\/\/www.laguiadepamplona.com\/actualidad\/wp-content\/uploads\/2022\/02\/corte_calel.jpg","contentUrl":"https:\/\/www.laguiadepamplona.com\/actualidad\/wp-content\/uploads\/2022\/02\/corte_calel.jpg","width":1608,"height":926,"caption":"Imagen Google"},{"@type":"BreadcrumbList","@id":"https:\/\/www.laguiadepamplona.com\/actualidad\/desde-el-lunes-se-cortan-al-trafico-los-tramos-de-las-calles-san-fermin-y-media-luna-que-bordean-salesianos-para-acometer-obras-de-renovacion-de-redes-de-saneamiento\/#breadcrumb","itemListElement":[{"@type":"ListItem","position":1,"name":"Portada","item":"https:\/\/www.laguiadepamplona.com\/actualidad\/"},{"@type":"ListItem","position":2,"name":"Desde el lunes se cortan al tr\u00e1fico los tramos de las calles San Ferm\u00edn y Media Luna que bordean Salesianos para acometer obras de renovaci\u00f3n de redes de saneamiento"}]},{"@type":"WebSite","@id":"https:\/\/www.laguiadepamplona.com\/actualidad\/#website","url":"https:\/\/www.laguiadepamplona.com\/actualidad\/","name":"La gu\u00eda de Pamplona","description":"Noticias de Pamplona","publisher":{"@id":"https:\/\/www.laguiadepamplona.com\/actualidad\/#organization"},"potentialAction":[{"@type":"SearchAction","target":{"@type":"EntryPoint","urlTemplate":"https:\/\/www.laguiadepamplona.com\/actualidad\/?s={search_term_string}"},"query-input":{"@type":"PropertyValueSpecification","valueRequired":true,"valueName":"search_term_string"}}],"inLanguage":"es"},{"@type":"Organization","@id":"https:\/\/www.laguiadepamplona.com\/actualidad\/#organization","name":"La Gu\u00eda de Pamplona \/ Noticias","url":"https:\/\/www.laguiadepamplona.com\/actualidad\/","logo":{"@type":"ImageObject","inLanguage":"es","@id":"https:\/\/www.laguiadepamplona.com\/actualidad\/#\/schema\/logo\/image\/","url":"https:\/\/www.laguiadepamplona.com\/actualidad\/wp-content\/uploads\/2018\/11\/logo-laguiadepamplona18-web1.png","contentUrl":"https:\/\/www.laguiadepamplona.com\/actualidad\/wp-content\/uploads\/2018\/11\/logo-laguiadepamplona18-web1.png","width":600,"height":196,"caption":"La Gu\u00eda de Pamplona \/ Noticias"},"image":{"@id":"https:\/\/www.laguiadepamplona.com\/actualidad\/#\/schema\/logo\/image\/"},"sameAs":["https:\/\/www.facebook.com\/laguiadepamplonacom-133175176762273\/?ref=hl","https:\/\/x.com\/LaGuiadPamplona","https:\/\/www.instagram.com\/la_guia_de_pamplona\/","https:\/\/www.youtube.com\/user\/laguiadepamplona"]},{"@type":"Person","@id":"https:\/\/www.laguiadepamplona.com\/actualidad\/#\/schema\/person\/efe887376f0213d4657c93adc50b1fdb","name":"La Gu\u00eda de Pamplona","image":{"@type":"ImageObject","inLanguage":"es","@id":"https:\/\/secure.gravatar.com\/avatar\/b6992f131dc8d30ab0dff15446e9d346d9dbd95992de0fef795073f5ea83a81c?s=96&d=mm&r=g","url":"https:\/\/secure.gravatar.com\/avatar\/b6992f131dc8d30ab0dff15446e9d346d9dbd95992de0fef795073f5ea83a81c?s=96&d=mm&r=g","contentUrl":"https:\/\/secure.gravatar.com\/avatar\/b6992f131dc8d30ab0dff15446e9d346d9dbd95992de0fef795073f5ea83a81c?s=96&d=mm&r=g","caption":"La Gu\u00eda de Pamplona"}}]}},"post_mailing_queue_ids":[],"_links":{"self":[{"href":"https:\/\/www.laguiadepamplona.com\/actualidad\/wp-json\/wp\/v2\/posts\/38571","targetHints":{"allow":["GET"]}}],"collection":[{"href":"https:\/\/www.laguiadepamplona.com\/actualidad\/wp-json\/wp\/v2\/posts"}],"about":[{"href":"https:\/\/www.laguiadepamplona.com\/actualidad\/wp-json\/wp\/v2\/types\/post"}],"author":[{"embeddable":true,"href":"https:\/\/www.laguiadepamplona.com\/actualidad\/wp-json\/wp\/v2\/users\/1"}],"replies":[{"embeddable":true,"href":"https:\/\/www.laguiadepamplona.com\/actualidad\/wp-json\/wp\/v2\/comments?post=38571"}],"version-history":[{"count":0,"href":"https:\/\/www.laguiadepamplona.com\/actualidad\/wp-json\/wp\/v2\/posts\/38571\/revisions"}],"wp:featuredmedia":[{"embeddable":true,"href":"https:\/\/www.laguiadepamplona.com\/actualidad\/wp-json\/wp\/v2\/media\/38572"}],"wp:attachment":[{"href":"https:\/\/www.laguiadepamplona.com\/actualidad\/wp-json\/wp\/v2\/media?parent=38571"}],"wp:term":[{"taxonomy":"category","embeddable":true,"href":"https:\/\/www.laguiadepamplona.com\/actualidad\/wp-json\/wp\/v2\/categories?post=38571"},{"taxonomy":"post_tag","embeddable":true,"href":"https:\/\/www.laguiadepamplona.com\/actualidad\/wp-json\/wp\/v2\/tags?post=38571"}],"curies":[{"name":"wp","href":"https:\/\/api.w.org\/{rel}","templated":true}]}}