{"id":38562,"date":"2022-02-03T17:25:41","date_gmt":"2022-02-03T15:25:41","guid":{"rendered":"https:\/\/www.laguiadepamplona.com\/actualidad\/?p=38562"},"modified":"2023-04-11T11:48:33","modified_gmt":"2023-04-11T09:48:33","slug":"esta-tarde-se-reabre-al-trafico-el-tramo-de-la-calle-la-rioja-en-la-plaza-de-yamaguchi-tras-las-obras-para-elevar-la-calzada-y-potenciar-la-continuidad-peatonal-con-el-parque","status":"publish","type":"post","link":"https:\/\/www.laguiadepamplona.com\/actualidad\/esta-tarde-se-reabre-al-trafico-el-tramo-de-la-calle-la-rioja-en-la-plaza-de-yamaguchi-tras-las-obras-para-elevar-la-calzada-y-potenciar-la-continuidad-peatonal-con-el-parque\/","title":{"rendered":"Esta tarde se reabre al tr\u00e1fico el tramo de la calle La Rioja en la plaza de Yamaguchi tras las obras para elevar la calzada y potenciar la continuidad peatonal con el parque"},"content":{"rendered":"<h5>Quedan pendientes algunos trabajos de pintura que se acometer\u00e1n en primavera, cuando lo permitan las condiciones meteorol\u00f3gicas<\/h5>\n<p><!--more--><\/p>\n<p>El Ayuntamiento de Pamplona va a reabrir esta tarde el tramo de la calle La Rioja, a su paso por la plaza de Yamaguchi, donde se han llevado a cabo en los dos \u00faltimos meses trabajos para elevar la calzada, aumentar la seguridad vial y potenciar el car\u00e1cter peatonal de la zona con una continuidad m\u00e1s marcada con el parque. \u00danicamente quedan pendientes algunos trabajos de pintura que se realizar\u00e1n en primavera, cuando lo permitan las condiciones climatol\u00f3gicas. Se prev\u00e9 que a partir de las 18 horas se pueda circular por ese tramo ya acondicionado.<br \/>\n<script async src=\"\/\/pagead2.googlesyndication.com\/pagead\/js\/adsbygoogle.js\"><\/script><br \/>\n<!-- Noticias La Guia de Pamplona --><br \/>\n<ins class=\"adsbygoogle\"\nstyle=\"display:block\"\ndata-ad-client=\"ca-pub-6943679897239327\"\ndata-ad-slot=\"7048180777\"\ndata-ad-format=\"auto\"><\/ins><br \/>\n<script>\n(adsbygoogle = window.adsbygoogle || []).push({});\n<\/script><\/p>\n<p>El nuevo dise\u00f1o del tramo establece dos zonas, que quedan diferenciadas, adem\u00e1s, por un pavimento distinto que especifica cada una de ellas. Desde la parte m\u00e1s cercana a la rotonda con la avenida de Bara\u00f1\u00e1in hasta pr\u00e1cticamente la mitad de la plaza, se mantiene un dise\u00f1o a base de aglomerado asf\u00e1ltico. En ese tramo, se ha ampliado la isleta del paso de peatones que contiene las columnas del porche de entrada y, por consiguiente, se ha reducido la anchura de la calzada en ambos sentidos potenciando un calmado del tr\u00e1fico. En la llegada a la plaza se ha creado un paso peatonal con pavimento de adoqu\u00edn de hormig\u00f3n para resaltar el car\u00e1cter m\u00e1s peatonal del espacio al que se accede y para resaltar la conectividad entre el parque y la plaza. Se han aprovechado los trabajos tambi\u00e9n para reordenar zonas de carga y descarga, los aparcamientos y la ubicaci\u00f3n de los contenedores.<\/p>\n<p>A partir de la mitad de ese tramo de la v\u00eda y hasta la salida de la plaza, la pavimentaci\u00f3n con adoqu\u00edn de hormig\u00f3n establece un \u00e1rea eminentemente peatonal, con bancos de hormig\u00f3n en el lugar de las plazas de aparcamiento. En la zona del porche de salida, se ha mantenido una l\u00ednea de aparcamiento para veh\u00edculos y otra para motocicletas, cada una en un sentido de la circulaci\u00f3n. Las obras las ha llevado a cabo la empresa Construcciones Hermanos Lacunza, con un presupuesto de 199.712,80 euros.<br \/>\n<script async src=\"\/\/pagead2.googlesyndication.com\/pagead\/js\/adsbygoogle.js\"><\/script><br \/>\n<!-- Noticias La Guia de Pamplona --><br \/>\n<ins class=\"adsbygoogle\"\nstyle=\"display:block\"\ndata-ad-client=\"ca-pub-6943679897239327\"\ndata-ad-slot=\"7048180777\"\ndata-ad-format=\"auto\"><\/ins><br \/>\n<script>\n(adsbygoogle = window.adsbygoogle || []).push({});\n<\/script><\/p>\n<p>En la \u00faltima fase de los trabajos, desarrollada en las \u00faltimas semanas, ha sido necesario cortar uno de los carriles de circulaci\u00f3n de ese tramo, con las consiguientes afecciones al tr\u00e1fico. Los cortes se produjeron cada vez en uno de los sentidos, de forma que los veh\u00edculos pudieran transitar por el otro carril con paso alternativo. Esta actuaci\u00f3n en la calle La Rioja forma parte de las actuaciones que el Ayuntamiento de Pamplona va a ejecutar para la mejora de la seguridad pasiva de la infraestructura viaria de la ciudad a trav\u00e9s de pasos sobreelevados, que faciliten y fomentan la conectividad entre espacios eminentemente peatonales.<\/p>\n","protected":false},"excerpt":{"rendered":"<p>Quedan pendientes algunos trabajos de pintura que se acometer\u00e1n en primavera, cuando lo permitan las condiciones meteorol\u00f3gicas<\/p>\n","protected":false},"author":1,"featured_media":38563,"comment_status":"open","ping_status":"closed","sticky":false,"template":"","format":"standard","meta":{"footnotes":""},"categories":[2],"tags":[],"class_list":["post-38562","post","type-post","status-publish","format-standard","has-post-thumbnail","hentry","category-ayuntamiento-pamplona"],"yoast_head":"<!-- This site is optimized with the Yoast SEO plugin v27.3 - https:\/\/yoast.com\/product\/yoast-seo-wordpress\/ -->\n<title>Esta tarde se reabre al tr\u00e1fico el tramo de la calle La Rioja en la plaza de Yamaguchi tras las obras para elevar la calzada y potenciar la continuidad peatonal con el parque<\/title>\n<meta name=\"description\" content=\"Quedan pendientes algunos trabajos de pintura que se acometer\u00e1n en primavera, cuando lo permitan las condiciones meteorol\u00f3gicas\" \/>\n<meta name=\"robots\" content=\"index, follow, max-snippet:-1, max-image-preview:large, max-video-preview:-1\" \/>\n<link rel=\"canonical\" href=\"https:\/\/www.laguiadepamplona.com\/actualidad\/esta-tarde-se-reabre-al-trafico-el-tramo-de-la-calle-la-rioja-en-la-plaza-de-yamaguchi-tras-las-obras-para-elevar-la-calzada-y-potenciar-la-continuidad-peatonal-con-el-parque\/\" \/>\n<meta property=\"og:locale\" content=\"es_ES\" \/>\n<meta property=\"og:type\" content=\"article\" \/>\n<meta property=\"og:title\" content=\"Esta tarde se reabre al tr\u00e1fico el tramo de la calle La Rioja en la plaza de Yamaguchi tras las obras para elevar la calzada y potenciar la continuidad peatonal con el parque\" \/>\n<meta property=\"og:description\" content=\"Quedan pendientes algunos trabajos de pintura que se acometer\u00e1n en primavera, cuando lo permitan las condiciones meteorol\u00f3gicas\" \/>\n<meta property=\"og:url\" content=\"https:\/\/www.laguiadepamplona.com\/actualidad\/esta-tarde-se-reabre-al-trafico-el-tramo-de-la-calle-la-rioja-en-la-plaza-de-yamaguchi-tras-las-obras-para-elevar-la-calzada-y-potenciar-la-continuidad-peatonal-con-el-parque\/\" \/>\n<meta property=\"og:site_name\" content=\"La Gu\u00eda de Pamplona\" \/>\n<meta property=\"article:publisher\" content=\"https:\/\/www.facebook.com\/laguiadepamplonacom-133175176762273\/?ref=hl\" \/>\n<meta property=\"article:published_time\" content=\"2022-02-03T15:25:41+00:00\" \/>\n<meta property=\"article:modified_time\" content=\"2023-04-11T09:48:33+00:00\" \/>\n<meta property=\"og:image\" content=\"https:\/\/www.laguiadepamplona.com\/actualidad\/wp-content\/uploads\/2022\/02\/220203obrasplazayamaguchi2_0-copia.jpg\" \/>\n\t<meta property=\"og:image:width\" content=\"1600\" \/>\n\t<meta property=\"og:image:height\" content=\"1196\" \/>\n\t<meta property=\"og:image:type\" content=\"image\/jpeg\" \/>\n<meta name=\"author\" content=\"La Gu\u00eda de Pamplona\" \/>\n<meta name=\"twitter:card\" content=\"summary_large_image\" \/>\n<meta name=\"twitter:creator\" content=\"@LaGuiadPamplona\" \/>\n<meta name=\"twitter:site\" content=\"@LaGuiadPamplona\" \/>\n<meta name=\"twitter:label1\" content=\"Escrito por\" \/>\n\t<meta name=\"twitter:data1\" content=\"La Gu\u00eda de Pamplona\" \/>\n\t<meta name=\"twitter:label2\" content=\"Tiempo de lectura\" \/>\n\t<meta name=\"twitter:data2\" content=\"3 minutos\" \/>\n<script type=\"application\/ld+json\" class=\"yoast-schema-graph\">{\"@context\":\"https:\\\/\\\/schema.org\",\"@graph\":[{\"@type\":\"Article\",\"@id\":\"https:\\\/\\\/www.laguiadepamplona.com\\\/actualidad\\\/esta-tarde-se-reabre-al-trafico-el-tramo-de-la-calle-la-rioja-en-la-plaza-de-yamaguchi-tras-las-obras-para-elevar-la-calzada-y-potenciar-la-continuidad-peatonal-con-el-parque\\\/#article\",\"isPartOf\":{\"@id\":\"https:\\\/\\\/www.laguiadepamplona.com\\\/actualidad\\\/esta-tarde-se-reabre-al-trafico-el-tramo-de-la-calle-la-rioja-en-la-plaza-de-yamaguchi-tras-las-obras-para-elevar-la-calzada-y-potenciar-la-continuidad-peatonal-con-el-parque\\\/\"},\"author\":{\"name\":\"La Gu\u00eda de Pamplona\",\"@id\":\"https:\\\/\\\/www.laguiadepamplona.com\\\/actualidad\\\/#\\\/schema\\\/person\\\/efe887376f0213d4657c93adc50b1fdb\"},\"headline\":\"Esta tarde se reabre al tr\u00e1fico el tramo de la calle La Rioja en la plaza de Yamaguchi tras las obras para elevar la calzada y potenciar la continuidad peatonal con el parque\",\"datePublished\":\"2022-02-03T15:25:41+00:00\",\"dateModified\":\"2023-04-11T09:48:33+00:00\",\"mainEntityOfPage\":{\"@id\":\"https:\\\/\\\/www.laguiadepamplona.com\\\/actualidad\\\/esta-tarde-se-reabre-al-trafico-el-tramo-de-la-calle-la-rioja-en-la-plaza-de-yamaguchi-tras-las-obras-para-elevar-la-calzada-y-potenciar-la-continuidad-peatonal-con-el-parque\\\/\"},\"wordCount\":521,\"commentCount\":0,\"publisher\":{\"@id\":\"https:\\\/\\\/www.laguiadepamplona.com\\\/actualidad\\\/#organization\"},\"image\":{\"@id\":\"https:\\\/\\\/www.laguiadepamplona.com\\\/actualidad\\\/esta-tarde-se-reabre-al-trafico-el-tramo-de-la-calle-la-rioja-en-la-plaza-de-yamaguchi-tras-las-obras-para-elevar-la-calzada-y-potenciar-la-continuidad-peatonal-con-el-parque\\\/#primaryimage\"},\"thumbnailUrl\":\"https:\\\/\\\/www.laguiadepamplona.com\\\/actualidad\\\/wp-content\\\/uploads\\\/2022\\\/02\\\/220203obrasplazayamaguchi2_0-copia.jpg\",\"articleSection\":[\"Ayto Pamplona\"],\"inLanguage\":\"es\",\"potentialAction\":[{\"@type\":\"CommentAction\",\"name\":\"Comment\",\"target\":[\"https:\\\/\\\/www.laguiadepamplona.com\\\/actualidad\\\/esta-tarde-se-reabre-al-trafico-el-tramo-de-la-calle-la-rioja-en-la-plaza-de-yamaguchi-tras-las-obras-para-elevar-la-calzada-y-potenciar-la-continuidad-peatonal-con-el-parque\\\/#respond\"]}]},{\"@type\":\"WebPage\",\"@id\":\"https:\\\/\\\/www.laguiadepamplona.com\\\/actualidad\\\/esta-tarde-se-reabre-al-trafico-el-tramo-de-la-calle-la-rioja-en-la-plaza-de-yamaguchi-tras-las-obras-para-elevar-la-calzada-y-potenciar-la-continuidad-peatonal-con-el-parque\\\/\",\"url\":\"https:\\\/\\\/www.laguiadepamplona.com\\\/actualidad\\\/esta-tarde-se-reabre-al-trafico-el-tramo-de-la-calle-la-rioja-en-la-plaza-de-yamaguchi-tras-las-obras-para-elevar-la-calzada-y-potenciar-la-continuidad-peatonal-con-el-parque\\\/\",\"name\":\"Esta tarde se reabre al tr\u00e1fico el tramo de la calle La Rioja en la plaza de Yamaguchi tras las obras para elevar la calzada y potenciar la continuidad peatonal con el parque\",\"isPartOf\":{\"@id\":\"https:\\\/\\\/www.laguiadepamplona.com\\\/actualidad\\\/#website\"},\"primaryImageOfPage\":{\"@id\":\"https:\\\/\\\/www.laguiadepamplona.com\\\/actualidad\\\/esta-tarde-se-reabre-al-trafico-el-tramo-de-la-calle-la-rioja-en-la-plaza-de-yamaguchi-tras-las-obras-para-elevar-la-calzada-y-potenciar-la-continuidad-peatonal-con-el-parque\\\/#primaryimage\"},\"image\":{\"@id\":\"https:\\\/\\\/www.laguiadepamplona.com\\\/actualidad\\\/esta-tarde-se-reabre-al-trafico-el-tramo-de-la-calle-la-rioja-en-la-plaza-de-yamaguchi-tras-las-obras-para-elevar-la-calzada-y-potenciar-la-continuidad-peatonal-con-el-parque\\\/#primaryimage\"},\"thumbnailUrl\":\"https:\\\/\\\/www.laguiadepamplona.com\\\/actualidad\\\/wp-content\\\/uploads\\\/2022\\\/02\\\/220203obrasplazayamaguchi2_0-copia.jpg\",\"datePublished\":\"2022-02-03T15:25:41+00:00\",\"dateModified\":\"2023-04-11T09:48:33+00:00\",\"description\":\"Quedan pendientes algunos trabajos de pintura que se acometer\u00e1n en primavera, cuando lo permitan las condiciones meteorol\u00f3gicas\",\"breadcrumb\":{\"@id\":\"https:\\\/\\\/www.laguiadepamplona.com\\\/actualidad\\\/esta-tarde-se-reabre-al-trafico-el-tramo-de-la-calle-la-rioja-en-la-plaza-de-yamaguchi-tras-las-obras-para-elevar-la-calzada-y-potenciar-la-continuidad-peatonal-con-el-parque\\\/#breadcrumb\"},\"inLanguage\":\"es\",\"potentialAction\":[{\"@type\":\"ReadAction\",\"target\":[\"https:\\\/\\\/www.laguiadepamplona.com\\\/actualidad\\\/esta-tarde-se-reabre-al-trafico-el-tramo-de-la-calle-la-rioja-en-la-plaza-de-yamaguchi-tras-las-obras-para-elevar-la-calzada-y-potenciar-la-continuidad-peatonal-con-el-parque\\\/\"]}]},{\"@type\":\"ImageObject\",\"inLanguage\":\"es\",\"@id\":\"https:\\\/\\\/www.laguiadepamplona.com\\\/actualidad\\\/esta-tarde-se-reabre-al-trafico-el-tramo-de-la-calle-la-rioja-en-la-plaza-de-yamaguchi-tras-las-obras-para-elevar-la-calzada-y-potenciar-la-continuidad-peatonal-con-el-parque\\\/#primaryimage\",\"url\":\"https:\\\/\\\/www.laguiadepamplona.com\\\/actualidad\\\/wp-content\\\/uploads\\\/2022\\\/02\\\/220203obrasplazayamaguchi2_0-copia.jpg\",\"contentUrl\":\"https:\\\/\\\/www.laguiadepamplona.com\\\/actualidad\\\/wp-content\\\/uploads\\\/2022\\\/02\\\/220203obrasplazayamaguchi2_0-copia.jpg\",\"width\":1600,\"height\":1196},{\"@type\":\"BreadcrumbList\",\"@id\":\"https:\\\/\\\/www.laguiadepamplona.com\\\/actualidad\\\/esta-tarde-se-reabre-al-trafico-el-tramo-de-la-calle-la-rioja-en-la-plaza-de-yamaguchi-tras-las-obras-para-elevar-la-calzada-y-potenciar-la-continuidad-peatonal-con-el-parque\\\/#breadcrumb\",\"itemListElement\":[{\"@type\":\"ListItem\",\"position\":1,\"name\":\"Portada\",\"item\":\"https:\\\/\\\/www.laguiadepamplona.com\\\/actualidad\\\/\"},{\"@type\":\"ListItem\",\"position\":2,\"name\":\"Esta tarde se reabre al tr\u00e1fico el tramo de la calle La Rioja en la plaza de Yamaguchi tras las obras para elevar la calzada y potenciar la continuidad peatonal con el parque\"}]},{\"@type\":\"WebSite\",\"@id\":\"https:\\\/\\\/www.laguiadepamplona.com\\\/actualidad\\\/#website\",\"url\":\"https:\\\/\\\/www.laguiadepamplona.com\\\/actualidad\\\/\",\"name\":\"La gu\u00eda de Pamplona\",\"description\":\"Noticias de Pamplona\",\"publisher\":{\"@id\":\"https:\\\/\\\/www.laguiadepamplona.com\\\/actualidad\\\/#organization\"},\"potentialAction\":[{\"@type\":\"SearchAction\",\"target\":{\"@type\":\"EntryPoint\",\"urlTemplate\":\"https:\\\/\\\/www.laguiadepamplona.com\\\/actualidad\\\/?s={search_term_string}\"},\"query-input\":{\"@type\":\"PropertyValueSpecification\",\"valueRequired\":true,\"valueName\":\"search_term_string\"}}],\"inLanguage\":\"es\"},{\"@type\":\"Organization\",\"@id\":\"https:\\\/\\\/www.laguiadepamplona.com\\\/actualidad\\\/#organization\",\"name\":\"La Gu\u00eda de Pamplona \\\/ Noticias\",\"url\":\"https:\\\/\\\/www.laguiadepamplona.com\\\/actualidad\\\/\",\"logo\":{\"@type\":\"ImageObject\",\"inLanguage\":\"es\",\"@id\":\"https:\\\/\\\/www.laguiadepamplona.com\\\/actualidad\\\/#\\\/schema\\\/logo\\\/image\\\/\",\"url\":\"https:\\\/\\\/www.laguiadepamplona.com\\\/actualidad\\\/wp-content\\\/uploads\\\/2018\\\/11\\\/logo-laguiadepamplona18-web1.png\",\"contentUrl\":\"https:\\\/\\\/www.laguiadepamplona.com\\\/actualidad\\\/wp-content\\\/uploads\\\/2018\\\/11\\\/logo-laguiadepamplona18-web1.png\",\"width\":600,\"height\":196,\"caption\":\"La Gu\u00eda de Pamplona \\\/ Noticias\"},\"image\":{\"@id\":\"https:\\\/\\\/www.laguiadepamplona.com\\\/actualidad\\\/#\\\/schema\\\/logo\\\/image\\\/\"},\"sameAs\":[\"https:\\\/\\\/www.facebook.com\\\/laguiadepamplonacom-133175176762273\\\/?ref=hl\",\"https:\\\/\\\/x.com\\\/LaGuiadPamplona\",\"https:\\\/\\\/www.instagram.com\\\/la_guia_de_pamplona\\\/\",\"https:\\\/\\\/www.youtube.com\\\/user\\\/laguiadepamplona\"]},{\"@type\":\"Person\",\"@id\":\"https:\\\/\\\/www.laguiadepamplona.com\\\/actualidad\\\/#\\\/schema\\\/person\\\/efe887376f0213d4657c93adc50b1fdb\",\"name\":\"La Gu\u00eda de Pamplona\",\"image\":{\"@type\":\"ImageObject\",\"inLanguage\":\"es\",\"@id\":\"https:\\\/\\\/secure.gravatar.com\\\/avatar\\\/b6992f131dc8d30ab0dff15446e9d346d9dbd95992de0fef795073f5ea83a81c?s=96&d=mm&r=g\",\"url\":\"https:\\\/\\\/secure.gravatar.com\\\/avatar\\\/b6992f131dc8d30ab0dff15446e9d346d9dbd95992de0fef795073f5ea83a81c?s=96&d=mm&r=g\",\"contentUrl\":\"https:\\\/\\\/secure.gravatar.com\\\/avatar\\\/b6992f131dc8d30ab0dff15446e9d346d9dbd95992de0fef795073f5ea83a81c?s=96&d=mm&r=g\",\"caption\":\"La Gu\u00eda de Pamplona\"}}]}<\/script>\n<!-- \/ Yoast SEO plugin. -->","yoast_head_json":{"title":"Esta tarde se reabre al tr\u00e1fico el tramo de la calle La Rioja en la plaza de Yamaguchi tras las obras para elevar la calzada y potenciar la continuidad peatonal con el parque","description":"Quedan pendientes algunos trabajos de pintura que se acometer\u00e1n en primavera, cuando lo permitan las condiciones meteorol\u00f3gicas","robots":{"index":"index","follow":"follow","max-snippet":"max-snippet:-1","max-image-preview":"max-image-preview:large","max-video-preview":"max-video-preview:-1"},"canonical":"https:\/\/www.laguiadepamplona.com\/actualidad\/esta-tarde-se-reabre-al-trafico-el-tramo-de-la-calle-la-rioja-en-la-plaza-de-yamaguchi-tras-las-obras-para-elevar-la-calzada-y-potenciar-la-continuidad-peatonal-con-el-parque\/","og_locale":"es_ES","og_type":"article","og_title":"Esta tarde se reabre al tr\u00e1fico el tramo de la calle La Rioja en la plaza de Yamaguchi tras las obras para elevar la calzada y potenciar la continuidad peatonal con el parque","og_description":"Quedan pendientes algunos trabajos de pintura que se acometer\u00e1n en primavera, cuando lo permitan las condiciones meteorol\u00f3gicas","og_url":"https:\/\/www.laguiadepamplona.com\/actualidad\/esta-tarde-se-reabre-al-trafico-el-tramo-de-la-calle-la-rioja-en-la-plaza-de-yamaguchi-tras-las-obras-para-elevar-la-calzada-y-potenciar-la-continuidad-peatonal-con-el-parque\/","og_site_name":"La Gu\u00eda de Pamplona","article_publisher":"https:\/\/www.facebook.com\/laguiadepamplonacom-133175176762273\/?ref=hl","article_published_time":"2022-02-03T15:25:41+00:00","article_modified_time":"2023-04-11T09:48:33+00:00","og_image":[{"width":1600,"height":1196,"url":"https:\/\/www.laguiadepamplona.com\/actualidad\/wp-content\/uploads\/2022\/02\/220203obrasplazayamaguchi2_0-copia.jpg","type":"image\/jpeg"}],"author":"La Gu\u00eda de Pamplona","twitter_card":"summary_large_image","twitter_creator":"@LaGuiadPamplona","twitter_site":"@LaGuiadPamplona","twitter_misc":{"Escrito por":"La Gu\u00eda de Pamplona","Tiempo de lectura":"3 minutos"},"schema":{"@context":"https:\/\/schema.org","@graph":[{"@type":"Article","@id":"https:\/\/www.laguiadepamplona.com\/actualidad\/esta-tarde-se-reabre-al-trafico-el-tramo-de-la-calle-la-rioja-en-la-plaza-de-yamaguchi-tras-las-obras-para-elevar-la-calzada-y-potenciar-la-continuidad-peatonal-con-el-parque\/#article","isPartOf":{"@id":"https:\/\/www.laguiadepamplona.com\/actualidad\/esta-tarde-se-reabre-al-trafico-el-tramo-de-la-calle-la-rioja-en-la-plaza-de-yamaguchi-tras-las-obras-para-elevar-la-calzada-y-potenciar-la-continuidad-peatonal-con-el-parque\/"},"author":{"name":"La Gu\u00eda de Pamplona","@id":"https:\/\/www.laguiadepamplona.com\/actualidad\/#\/schema\/person\/efe887376f0213d4657c93adc50b1fdb"},"headline":"Esta tarde se reabre al tr\u00e1fico el tramo de la calle La Rioja en la plaza de Yamaguchi tras las obras para elevar la calzada y potenciar la continuidad peatonal con el parque","datePublished":"2022-02-03T15:25:41+00:00","dateModified":"2023-04-11T09:48:33+00:00","mainEntityOfPage":{"@id":"https:\/\/www.laguiadepamplona.com\/actualidad\/esta-tarde-se-reabre-al-trafico-el-tramo-de-la-calle-la-rioja-en-la-plaza-de-yamaguchi-tras-las-obras-para-elevar-la-calzada-y-potenciar-la-continuidad-peatonal-con-el-parque\/"},"wordCount":521,"commentCount":0,"publisher":{"@id":"https:\/\/www.laguiadepamplona.com\/actualidad\/#organization"},"image":{"@id":"https:\/\/www.laguiadepamplona.com\/actualidad\/esta-tarde-se-reabre-al-trafico-el-tramo-de-la-calle-la-rioja-en-la-plaza-de-yamaguchi-tras-las-obras-para-elevar-la-calzada-y-potenciar-la-continuidad-peatonal-con-el-parque\/#primaryimage"},"thumbnailUrl":"https:\/\/www.laguiadepamplona.com\/actualidad\/wp-content\/uploads\/2022\/02\/220203obrasplazayamaguchi2_0-copia.jpg","articleSection":["Ayto Pamplona"],"inLanguage":"es","potentialAction":[{"@type":"CommentAction","name":"Comment","target":["https:\/\/www.laguiadepamplona.com\/actualidad\/esta-tarde-se-reabre-al-trafico-el-tramo-de-la-calle-la-rioja-en-la-plaza-de-yamaguchi-tras-las-obras-para-elevar-la-calzada-y-potenciar-la-continuidad-peatonal-con-el-parque\/#respond"]}]},{"@type":"WebPage","@id":"https:\/\/www.laguiadepamplona.com\/actualidad\/esta-tarde-se-reabre-al-trafico-el-tramo-de-la-calle-la-rioja-en-la-plaza-de-yamaguchi-tras-las-obras-para-elevar-la-calzada-y-potenciar-la-continuidad-peatonal-con-el-parque\/","url":"https:\/\/www.laguiadepamplona.com\/actualidad\/esta-tarde-se-reabre-al-trafico-el-tramo-de-la-calle-la-rioja-en-la-plaza-de-yamaguchi-tras-las-obras-para-elevar-la-calzada-y-potenciar-la-continuidad-peatonal-con-el-parque\/","name":"Esta tarde se reabre al tr\u00e1fico el tramo de la calle La Rioja en la plaza de Yamaguchi tras las obras para elevar la calzada y potenciar la continuidad peatonal con el parque","isPartOf":{"@id":"https:\/\/www.laguiadepamplona.com\/actualidad\/#website"},"primaryImageOfPage":{"@id":"https:\/\/www.laguiadepamplona.com\/actualidad\/esta-tarde-se-reabre-al-trafico-el-tramo-de-la-calle-la-rioja-en-la-plaza-de-yamaguchi-tras-las-obras-para-elevar-la-calzada-y-potenciar-la-continuidad-peatonal-con-el-parque\/#primaryimage"},"image":{"@id":"https:\/\/www.laguiadepamplona.com\/actualidad\/esta-tarde-se-reabre-al-trafico-el-tramo-de-la-calle-la-rioja-en-la-plaza-de-yamaguchi-tras-las-obras-para-elevar-la-calzada-y-potenciar-la-continuidad-peatonal-con-el-parque\/#primaryimage"},"thumbnailUrl":"https:\/\/www.laguiadepamplona.com\/actualidad\/wp-content\/uploads\/2022\/02\/220203obrasplazayamaguchi2_0-copia.jpg","datePublished":"2022-02-03T15:25:41+00:00","dateModified":"2023-04-11T09:48:33+00:00","description":"Quedan pendientes algunos trabajos de pintura que se acometer\u00e1n en primavera, cuando lo permitan las condiciones meteorol\u00f3gicas","breadcrumb":{"@id":"https:\/\/www.laguiadepamplona.com\/actualidad\/esta-tarde-se-reabre-al-trafico-el-tramo-de-la-calle-la-rioja-en-la-plaza-de-yamaguchi-tras-las-obras-para-elevar-la-calzada-y-potenciar-la-continuidad-peatonal-con-el-parque\/#breadcrumb"},"inLanguage":"es","potentialAction":[{"@type":"ReadAction","target":["https:\/\/www.laguiadepamplona.com\/actualidad\/esta-tarde-se-reabre-al-trafico-el-tramo-de-la-calle-la-rioja-en-la-plaza-de-yamaguchi-tras-las-obras-para-elevar-la-calzada-y-potenciar-la-continuidad-peatonal-con-el-parque\/"]}]},{"@type":"ImageObject","inLanguage":"es","@id":"https:\/\/www.laguiadepamplona.com\/actualidad\/esta-tarde-se-reabre-al-trafico-el-tramo-de-la-calle-la-rioja-en-la-plaza-de-yamaguchi-tras-las-obras-para-elevar-la-calzada-y-potenciar-la-continuidad-peatonal-con-el-parque\/#primaryimage","url":"https:\/\/www.laguiadepamplona.com\/actualidad\/wp-content\/uploads\/2022\/02\/220203obrasplazayamaguchi2_0-copia.jpg","contentUrl":"https:\/\/www.laguiadepamplona.com\/actualidad\/wp-content\/uploads\/2022\/02\/220203obrasplazayamaguchi2_0-copia.jpg","width":1600,"height":1196},{"@type":"BreadcrumbList","@id":"https:\/\/www.laguiadepamplona.com\/actualidad\/esta-tarde-se-reabre-al-trafico-el-tramo-de-la-calle-la-rioja-en-la-plaza-de-yamaguchi-tras-las-obras-para-elevar-la-calzada-y-potenciar-la-continuidad-peatonal-con-el-parque\/#breadcrumb","itemListElement":[{"@type":"ListItem","position":1,"name":"Portada","item":"https:\/\/www.laguiadepamplona.com\/actualidad\/"},{"@type":"ListItem","position":2,"name":"Esta tarde se reabre al tr\u00e1fico el tramo de la calle La Rioja en la plaza de Yamaguchi tras las obras para elevar la calzada y potenciar la continuidad peatonal con el parque"}]},{"@type":"WebSite","@id":"https:\/\/www.laguiadepamplona.com\/actualidad\/#website","url":"https:\/\/www.laguiadepamplona.com\/actualidad\/","name":"La gu\u00eda de Pamplona","description":"Noticias de Pamplona","publisher":{"@id":"https:\/\/www.laguiadepamplona.com\/actualidad\/#organization"},"potentialAction":[{"@type":"SearchAction","target":{"@type":"EntryPoint","urlTemplate":"https:\/\/www.laguiadepamplona.com\/actualidad\/?s={search_term_string}"},"query-input":{"@type":"PropertyValueSpecification","valueRequired":true,"valueName":"search_term_string"}}],"inLanguage":"es"},{"@type":"Organization","@id":"https:\/\/www.laguiadepamplona.com\/actualidad\/#organization","name":"La Gu\u00eda de Pamplona \/ Noticias","url":"https:\/\/www.laguiadepamplona.com\/actualidad\/","logo":{"@type":"ImageObject","inLanguage":"es","@id":"https:\/\/www.laguiadepamplona.com\/actualidad\/#\/schema\/logo\/image\/","url":"https:\/\/www.laguiadepamplona.com\/actualidad\/wp-content\/uploads\/2018\/11\/logo-laguiadepamplona18-web1.png","contentUrl":"https:\/\/www.laguiadepamplona.com\/actualidad\/wp-content\/uploads\/2018\/11\/logo-laguiadepamplona18-web1.png","width":600,"height":196,"caption":"La Gu\u00eda de Pamplona \/ Noticias"},"image":{"@id":"https:\/\/www.laguiadepamplona.com\/actualidad\/#\/schema\/logo\/image\/"},"sameAs":["https:\/\/www.facebook.com\/laguiadepamplonacom-133175176762273\/?ref=hl","https:\/\/x.com\/LaGuiadPamplona","https:\/\/www.instagram.com\/la_guia_de_pamplona\/","https:\/\/www.youtube.com\/user\/laguiadepamplona"]},{"@type":"Person","@id":"https:\/\/www.laguiadepamplona.com\/actualidad\/#\/schema\/person\/efe887376f0213d4657c93adc50b1fdb","name":"La Gu\u00eda de Pamplona","image":{"@type":"ImageObject","inLanguage":"es","@id":"https:\/\/secure.gravatar.com\/avatar\/b6992f131dc8d30ab0dff15446e9d346d9dbd95992de0fef795073f5ea83a81c?s=96&d=mm&r=g","url":"https:\/\/secure.gravatar.com\/avatar\/b6992f131dc8d30ab0dff15446e9d346d9dbd95992de0fef795073f5ea83a81c?s=96&d=mm&r=g","contentUrl":"https:\/\/secure.gravatar.com\/avatar\/b6992f131dc8d30ab0dff15446e9d346d9dbd95992de0fef795073f5ea83a81c?s=96&d=mm&r=g","caption":"La Gu\u00eda de Pamplona"}}]}},"post_mailing_queue_ids":[],"_links":{"self":[{"href":"https:\/\/www.laguiadepamplona.com\/actualidad\/wp-json\/wp\/v2\/posts\/38562","targetHints":{"allow":["GET"]}}],"collection":[{"href":"https:\/\/www.laguiadepamplona.com\/actualidad\/wp-json\/wp\/v2\/posts"}],"about":[{"href":"https:\/\/www.laguiadepamplona.com\/actualidad\/wp-json\/wp\/v2\/types\/post"}],"author":[{"embeddable":true,"href":"https:\/\/www.laguiadepamplona.com\/actualidad\/wp-json\/wp\/v2\/users\/1"}],"replies":[{"embeddable":true,"href":"https:\/\/www.laguiadepamplona.com\/actualidad\/wp-json\/wp\/v2\/comments?post=38562"}],"version-history":[{"count":0,"href":"https:\/\/www.laguiadepamplona.com\/actualidad\/wp-json\/wp\/v2\/posts\/38562\/revisions"}],"wp:featuredmedia":[{"embeddable":true,"href":"https:\/\/www.laguiadepamplona.com\/actualidad\/wp-json\/wp\/v2\/media\/38563"}],"wp:attachment":[{"href":"https:\/\/www.laguiadepamplona.com\/actualidad\/wp-json\/wp\/v2\/media?parent=38562"}],"wp:term":[{"taxonomy":"category","embeddable":true,"href":"https:\/\/www.laguiadepamplona.com\/actualidad\/wp-json\/wp\/v2\/categories?post=38562"},{"taxonomy":"post_tag","embeddable":true,"href":"https:\/\/www.laguiadepamplona.com\/actualidad\/wp-json\/wp\/v2\/tags?post=38562"}],"curies":[{"name":"wp","href":"https:\/\/api.w.org\/{rel}","templated":true}]}}