{"id":38559,"date":"2022-02-03T13:34:18","date_gmt":"2022-02-03T11:34:18","guid":{"rendered":"https:\/\/www.laguiadepamplona.com\/actualidad\/?p=38559"},"modified":"2023-04-11T11:48:33","modified_gmt":"2023-04-11T09:48:33","slug":"siete-conciertos-y-dos-actividades-para-publico-infantil-conforman-la-nueva-edicion-de-pamplona-accion-musical-que-se-desarrollara-desde-este-lunes-hasta-el-27-de-febrero","status":"publish","type":"post","link":"https:\/\/www.laguiadepamplona.com\/actualidad\/siete-conciertos-y-dos-actividades-para-publico-infantil-conforman-la-nueva-edicion-de-pamplona-accion-musical-que-se-desarrollara-desde-este-lunes-hasta-el-27-de-febrero\/","title":{"rendered":"Siete conciertos y dos actividades para p\u00fablico infantil conforman la nueva edici\u00f3n de Pamplona Acci\u00f3n Musical que se desarrollar\u00e1 desde este lunes hasta el 27 de febrero"},"content":{"rendered":"<h5>Los conciertos se celebran en Condestable y son gratuitos; los espect\u00e1culos infantiles, en Civivox Iturrama, cuentan con entradas al precio de 3 euros<\/h5>\n<p><!--more--><\/p>\n<p>Pamplona Acci\u00f3n Musical, PAM\u00b422, comienza este lunes con la actuaci\u00f3n de la orquesta de c\u00e1mara Navarra Ensemble en Condestable. Ser\u00e1 el primer concierto de los siete previstos hasta el 27 de febrero, junto a dos espect\u00e1culos dirigidos a p\u00fablico infantil. Nueve citas para conocer el talento de formaciones con j\u00f3venes m\u00fasicos sobresalientes, en un festival organizado por el Ayuntamiento en colaboraci\u00f3n con la Fundaci\u00f3n Alb\u00e9niz y el programa AIEnRuta-Cl\u00e1sicos. Los conciertos se celebrar\u00e1n en Condestable con entrada gratuita y las actividades infantiles en Civivox Iturrama, con entradas al precio de 3 euros. En ambos casos es necesaria la inscripci\u00f3n previa a trav\u00e9s del 010, en los propios centros Civivox o a trav\u00e9s de <a href=\"http:\/\/www.pamplonaescultura.es\" target=\"_blank\" rel=\"noopener\">www.pamplonaescultura.es<\/a>.<\/p>\n<p>Navarra Ensemble act\u00faa este lunes a las 19.30 horas en un concierto en el que interpretar\u00e1n el \u2018Andante Festivo\u2019 de Sibelius, la \u2018Serenata para cuerdas\u2019 de Elgar, el \u2018Entr&#8217;acte\u2019 de Caroline Shaw y la \u2018Suite de Parot\u2019 de Vanesa Garde. La formaci\u00f3n cuenta con un repertorio diferente y de calidad, con obras consagradas de la m\u00fasica cl\u00e1sica y rescatando peque\u00f1os tesoros de la biblioteca musical. Asimismo, est\u00e1 comprometida en dar a conocer a los artistas y compositores navarros. Sus componentes son m\u00fasicos profesionales que pertenecen a las m\u00e1s importantes instituciones musicales navarras.<br \/>\n<script async src=\"\/\/pagead2.googlesyndication.com\/pagead\/js\/adsbygoogle.js\"><\/script><br \/>\n<!-- Noticias La Guia de Pamplona --><br \/>\n<ins class=\"adsbygoogle\"\nstyle=\"display:block\"\ndata-ad-client=\"ca-pub-6943679897239327\"\ndata-ad-slot=\"7048180777\"\ndata-ad-format=\"auto\"><\/ins><br \/>\n<script>\n(adsbygoogle = window.adsbygoogle || []).push({});\n<\/script><\/p>\n<p>Brezza Ensemble propone el mi\u00e9rcoles 9 de febrero, a las 19.30 horas, una vuelta a la m\u00fasica del siglo XVII y XVIII a trav\u00e9s de la combinaci\u00f3n de los tres instrumentos como la viola de gamba, el traverso y la clave. Fundado durante la estancia de sus componentes en la Schola Cantorum Basiliensis, utiliza instrumentos originales o r\u00e9plicas de los mismos con un riguroso estudio hist\u00f3rico de la pr\u00e1ctica interpretativa a trav\u00e9s de diferentes tratados y fuentes. Todo ello para conseguir una interpretaci\u00f3n del repertorio lo m\u00e1s cercana posible a la idea original de cada uno de los compositores.<\/p>\n<p>La primera semana concluir\u00e1 el domingo 13 de febrero, a las 12 horas, con \u2018Siempre nos quedar\u00e1 Par\u00eds\u2019, t\u00edtulo del concierto de Alejandro Ol\u00f3riz y Amaia Zapitria. Pretenden realizar un viaje imaginario al Par\u00eds de hace un siglo a trav\u00e9s de la m\u00fasica que se inspir\u00f3 entre sus calles. El programa musical incluye la sonata para violoncello y piano \u2018Pierrot est\u00e1 enfadado con la luna\u2019 de Claude Debussy titulada y otras obras de autores como Nadia Buolanger, Manuel de Falla, Maurice Mar\u00e9chal o Astor Piazzolla.<br \/>\n<script async src=\"\/\/pagead2.googlesyndication.com\/pagead\/js\/adsbygoogle.js\"><\/script><br \/>\n<!-- Noticias La Guia de Pamplona --><br \/>\n<ins class=\"adsbygoogle\"\nstyle=\"display:block\"\ndata-ad-client=\"ca-pub-6943679897239327\"\ndata-ad-slot=\"7048180777\"\ndata-ad-format=\"auto\"><\/ins><br \/>\n<script>\n(adsbygoogle = window.adsbygoogle || []).push({});\n<\/script><\/p>\n<p><strong>D\u00faos de violoncello y piano y de flauta y piano<\/strong><\/p>\n<p>Alejandro Viana y Natalie Schawamova protagonizar\u00e1n el concierto del lunes 14 de febrero, a las 19.30 horas, al violoncello y el piano, con un variado programa, con obras de Beethoven, Claude Debussy, Nadia Boulanger y Sergey Rachmaninov. Achawamova comenz\u00f3 a tocar el piano a la edad de cinco a\u00f1os y en 2015 se convirti\u00f3 en una de las pianistas m\u00e1s j\u00f3venes de la historia en participar en el Concurso de Piano Chopin de Varsovia (Polonia), con tan solo 16 a\u00f1os. Desde 2020 estudia en la C\u00e1tedra de Piano Fundaci\u00f3n Banco Santander de la Escuela Superior de M\u00fasica Reina Sof\u00eda. El madrile\u00f1o Alejandro Viana estudia desde 2014 en la Escuela Superior de M\u00fasica Reina Sof\u00eda, en la C\u00e1tedra de Violonchelo.<\/p>\n<p>El mi\u00e9rcoles 16 de febrero, a las 19.30 horas, actuar\u00e1n a d\u00fao Ana Ferraz a la flauta y Luis Arias al piano. La flautista portuguesa Ana Ferraz perfeccion\u00f3 sus estudios en la C\u00e1tedra de Flauta de la Escuela Superior de M\u00fasica Reina Sof\u00eda y en 2016 se gradu\u00f3 en la Universidad de M\u00fasica de Ginebra (Suiza). Gan\u00f3 el primer premio por unanimidad en el XX Concurso de Interpretaci\u00f3n de Estoril (2018) y el Concurso Internacional de M\u00fasica Santa Cecilia. El pianista Luis Arias ha trabajado en el Conservatorio Pablo Sarasate de Pamplona y en el Conservatorio Superior de M\u00fasica de Castilla Le\u00f3n. Actualmente compagina su actividad concert\u00edstica con la docencia en el Conservatorio Superior de M\u00fasica de Arag\u00f3n y en la Escuela Superior de M\u00fasica Reina Sof\u00eda.<br \/>\n<script async src=\"\/\/pagead2.googlesyndication.com\/pagead\/js\/adsbygoogle.js\"><\/script><br \/>\n<!-- Noticias La Guia de Pamplona --><br \/>\n<ins class=\"adsbygoogle\"\nstyle=\"display:block\"\ndata-ad-client=\"ca-pub-6943679897239327\"\ndata-ad-slot=\"7048180777\"\ndata-ad-format=\"auto\"><\/ins><br \/>\n<script>\n(adsbygoogle = window.adsbygoogle || []).push({});\n<\/script><\/p>\n<p><strong>Cuarteto Stoneshield y Rhea Quartet<\/strong><\/p>\n<p>Para la \u00faltima semana se han organizado dos conciertos m\u00e1s, ambos a las 12.30 horas. El lunes 21 de febrero el Cuarteto Stoneshield interpretar\u00e1 el \u2018Divertimento para cuarteto de cuerda en re mayor\u2019 K 136 de W. A. Mozart, \u2018Langsamer Satz (movimiento lento)\u2019 de A. Webern y el \u2018Cuarteto de cuerda en fa mayor\u2019 Op. 18 de L. V. Beethoven. Formado en la Escuela de M\u00fasica Reina Sof\u00eda en 2015, todas sus integrantes son alumnas de la escuela en sus distintos departamentos de instrumento.<\/p>\n<p>Cerrar\u00e1 los conciertos de este PAM\u00b422, el domingo 27 de febrero, el cuarteto de saxofones Rhea Quartet. Formado por personalidades musicales diferentes, configuran una identidad con un lenguaje propio donde invitan al p\u00fablico a unirse como quinto elemento en el discurso musical. Su objetivo es contribuir a la divulgaci\u00f3n de la cultura desde la m\u00fasica de c\u00e1mara, en toda su variedad y estilos, y trabajan mano a mano con compositores de m\u00fasica de nueva creaci\u00f3n.<br \/>\n<script async src=\"\/\/pagead2.googlesyndication.com\/pagead\/js\/adsbygoogle.js\"><\/script><br \/>\n<!-- Noticias La Guia de Pamplona --><br \/>\n<ins class=\"adsbygoogle\"\nstyle=\"display:block\"\ndata-ad-client=\"ca-pub-6943679897239327\"\ndata-ad-slot=\"7048180777\"\ndata-ad-format=\"auto\"><\/ins><br \/>\n<script>\n(adsbygoogle = window.adsbygoogle || []).push({});\n<\/script><\/p>\n<p><strong>Dos actividades para p\u00fablico infantil<\/strong><\/p>\n<p>El p\u00fablico infantil tiene tambi\u00e9n su espacio en este PAM\u00b422. Civivox Iturrama acoge dos espect\u00e1culos, los d\u00edas 20 y 26 de febrero, a partir de las 18.30 horas, con entradas al precio de 3 euros, previa inscripci\u00f3n en el 010, la red Civivox o <a href=\"http:\/\/www.pamplonaescultura.es\" target=\"_blank\" rel=\"noopener\">www.pamplonaescultura.es<\/a>. En \u2018Schubert en el bosque\u2019, la compa\u00f1\u00eda La M\u00e1quina del Tiempo propone, a trav\u00e9s de la m\u00fasica melodiosa y rom\u00e1ntica del compositor austriaco, un paseo por el bosque y los prados de Viena. Un joven profesor de escuela amante del piano, por problemas econ\u00f3micos es acogido por la familia Van Schober. Aqu\u00ed coincide con Margarita, la ama de llaves, y surgir\u00e1 un encuentro de lo m\u00e1s singular entre estos dos amantes de la naturaleza y las canciones.<\/p>\n<p>El s\u00e1bado 26 de febrero El Retablo de la Ventana representar\u00e1 el teatro de t\u00edteres \u2018Mozart, un peque\u00f1o genio\u2019. El presentador Arlequ\u00edn dar\u00e1 la bienvenida al genial m\u00fasico y se escenificar\u00e1n divertidos episodios de su vida como un concierto de piano en que pele\u00f3 con una mosca o cuando jugaba con los pentagramas y las notas que sal\u00edan de su imaginaci\u00f3n. En una segunda parte el p\u00fablico se sumergir\u00e1 en \u2018La Flauta M\u00e1gica\u2019 y Mozart pasar\u00e1 a dirigir la orquesta y a narrar la historia, con especial dramatismo en la parte final cuando juntos superan las pruebas m\u00e1s dif\u00edciles.<\/p>\n","protected":false},"excerpt":{"rendered":"<p>Los conciertos se celebran en Condestable y son gratuitos; los espect\u00e1culos infantiles, en Civivox Iturrama, cuentan con entradas al precio de 3 euros<\/p>\n","protected":false},"author":1,"featured_media":38560,"comment_status":"open","ping_status":"closed","sticky":false,"template":"","format":"standard","meta":{"footnotes":""},"categories":[2],"tags":[],"class_list":["post-38559","post","type-post","status-publish","format-standard","has-post-thumbnail","hentry","category-ayuntamiento-pamplona"],"yoast_head":"<!-- This site is optimized with the Yoast SEO plugin v27.3 - https:\/\/yoast.com\/product\/yoast-seo-wordpress\/ -->\n<title>Siete conciertos y dos actividades para p\u00fablico infantil conforman la nueva edici\u00f3n de Pamplona Acci\u00f3n Musical que se desarrollar\u00e1 desde este lunes hasta el 27 de febrero<\/title>\n<meta name=\"description\" content=\"Los conciertos se celebran en Condestable y son gratuitos; los espect\u00e1culos infantiles, en Civivox Iturrama, cuentan con entradas al precio de 3 euros\" \/>\n<meta name=\"robots\" content=\"index, follow, max-snippet:-1, max-image-preview:large, max-video-preview:-1\" \/>\n<link rel=\"canonical\" href=\"https:\/\/www.laguiadepamplona.com\/actualidad\/siete-conciertos-y-dos-actividades-para-publico-infantil-conforman-la-nueva-edicion-de-pamplona-accion-musical-que-se-desarrollara-desde-este-lunes-hasta-el-27-de-febrero\/\" \/>\n<meta property=\"og:locale\" content=\"es_ES\" \/>\n<meta property=\"og:type\" content=\"article\" \/>\n<meta property=\"og:title\" content=\"Siete conciertos y dos actividades para p\u00fablico infantil conforman la nueva edici\u00f3n de Pamplona Acci\u00f3n Musical que se desarrollar\u00e1 desde este lunes hasta el 27 de febrero\" \/>\n<meta property=\"og:description\" content=\"Los conciertos se celebran en Condestable y son gratuitos; los espect\u00e1culos infantiles, en Civivox Iturrama, cuentan con entradas al precio de 3 euros\" \/>\n<meta property=\"og:url\" content=\"https:\/\/www.laguiadepamplona.com\/actualidad\/siete-conciertos-y-dos-actividades-para-publico-infantil-conforman-la-nueva-edicion-de-pamplona-accion-musical-que-se-desarrollara-desde-este-lunes-hasta-el-27-de-febrero\/\" \/>\n<meta property=\"og:site_name\" content=\"La Gu\u00eda de Pamplona\" \/>\n<meta property=\"article:publisher\" content=\"https:\/\/www.facebook.com\/laguiadepamplonacom-133175176762273\/?ref=hl\" \/>\n<meta property=\"article:published_time\" content=\"2022-02-03T11:34:18+00:00\" \/>\n<meta property=\"article:modified_time\" content=\"2023-04-11T09:48:33+00:00\" \/>\n<meta property=\"og:image\" content=\"https:\/\/www.laguiadepamplona.com\/actualidad\/wp-content\/uploads\/2022\/02\/Navarra-ensemble-1.jpg\" \/>\n\t<meta property=\"og:image:width\" content=\"1200\" \/>\n\t<meta property=\"og:image:height\" content=\"800\" \/>\n\t<meta property=\"og:image:type\" content=\"image\/jpeg\" \/>\n<meta name=\"author\" content=\"La Gu\u00eda de Pamplona\" \/>\n<meta name=\"twitter:card\" content=\"summary_large_image\" \/>\n<meta name=\"twitter:creator\" content=\"@LaGuiadPamplona\" \/>\n<meta name=\"twitter:site\" content=\"@LaGuiadPamplona\" \/>\n<meta name=\"twitter:label1\" content=\"Escrito por\" \/>\n\t<meta name=\"twitter:data1\" content=\"La Gu\u00eda de Pamplona\" \/>\n\t<meta name=\"twitter:label2\" content=\"Tiempo de lectura\" \/>\n\t<meta name=\"twitter:data2\" content=\"5 minutos\" \/>\n<script type=\"application\/ld+json\" class=\"yoast-schema-graph\">{\"@context\":\"https:\\\/\\\/schema.org\",\"@graph\":[{\"@type\":\"Article\",\"@id\":\"https:\\\/\\\/www.laguiadepamplona.com\\\/actualidad\\\/siete-conciertos-y-dos-actividades-para-publico-infantil-conforman-la-nueva-edicion-de-pamplona-accion-musical-que-se-desarrollara-desde-este-lunes-hasta-el-27-de-febrero\\\/#article\",\"isPartOf\":{\"@id\":\"https:\\\/\\\/www.laguiadepamplona.com\\\/actualidad\\\/siete-conciertos-y-dos-actividades-para-publico-infantil-conforman-la-nueva-edicion-de-pamplona-accion-musical-que-se-desarrollara-desde-este-lunes-hasta-el-27-de-febrero\\\/\"},\"author\":{\"name\":\"La Gu\u00eda de Pamplona\",\"@id\":\"https:\\\/\\\/www.laguiadepamplona.com\\\/actualidad\\\/#\\\/schema\\\/person\\\/efe887376f0213d4657c93adc50b1fdb\"},\"headline\":\"Siete conciertos y dos actividades para p\u00fablico infantil conforman la nueva edici\u00f3n de Pamplona Acci\u00f3n Musical que se desarrollar\u00e1 desde este lunes hasta el 27 de febrero\",\"datePublished\":\"2022-02-03T11:34:18+00:00\",\"dateModified\":\"2023-04-11T09:48:33+00:00\",\"mainEntityOfPage\":{\"@id\":\"https:\\\/\\\/www.laguiadepamplona.com\\\/actualidad\\\/siete-conciertos-y-dos-actividades-para-publico-infantil-conforman-la-nueva-edicion-de-pamplona-accion-musical-que-se-desarrollara-desde-este-lunes-hasta-el-27-de-febrero\\\/\"},\"wordCount\":1167,\"commentCount\":0,\"publisher\":{\"@id\":\"https:\\\/\\\/www.laguiadepamplona.com\\\/actualidad\\\/#organization\"},\"image\":{\"@id\":\"https:\\\/\\\/www.laguiadepamplona.com\\\/actualidad\\\/siete-conciertos-y-dos-actividades-para-publico-infantil-conforman-la-nueva-edicion-de-pamplona-accion-musical-que-se-desarrollara-desde-este-lunes-hasta-el-27-de-febrero\\\/#primaryimage\"},\"thumbnailUrl\":\"https:\\\/\\\/www.laguiadepamplona.com\\\/actualidad\\\/wp-content\\\/uploads\\\/2022\\\/02\\\/Navarra-ensemble-1.jpg\",\"articleSection\":[\"Ayto Pamplona\"],\"inLanguage\":\"es\",\"potentialAction\":[{\"@type\":\"CommentAction\",\"name\":\"Comment\",\"target\":[\"https:\\\/\\\/www.laguiadepamplona.com\\\/actualidad\\\/siete-conciertos-y-dos-actividades-para-publico-infantil-conforman-la-nueva-edicion-de-pamplona-accion-musical-que-se-desarrollara-desde-este-lunes-hasta-el-27-de-febrero\\\/#respond\"]}]},{\"@type\":\"WebPage\",\"@id\":\"https:\\\/\\\/www.laguiadepamplona.com\\\/actualidad\\\/siete-conciertos-y-dos-actividades-para-publico-infantil-conforman-la-nueva-edicion-de-pamplona-accion-musical-que-se-desarrollara-desde-este-lunes-hasta-el-27-de-febrero\\\/\",\"url\":\"https:\\\/\\\/www.laguiadepamplona.com\\\/actualidad\\\/siete-conciertos-y-dos-actividades-para-publico-infantil-conforman-la-nueva-edicion-de-pamplona-accion-musical-que-se-desarrollara-desde-este-lunes-hasta-el-27-de-febrero\\\/\",\"name\":\"Siete conciertos y dos actividades para p\u00fablico infantil conforman la nueva edici\u00f3n de Pamplona Acci\u00f3n Musical que se desarrollar\u00e1 desde este lunes hasta el 27 de febrero\",\"isPartOf\":{\"@id\":\"https:\\\/\\\/www.laguiadepamplona.com\\\/actualidad\\\/#website\"},\"primaryImageOfPage\":{\"@id\":\"https:\\\/\\\/www.laguiadepamplona.com\\\/actualidad\\\/siete-conciertos-y-dos-actividades-para-publico-infantil-conforman-la-nueva-edicion-de-pamplona-accion-musical-que-se-desarrollara-desde-este-lunes-hasta-el-27-de-febrero\\\/#primaryimage\"},\"image\":{\"@id\":\"https:\\\/\\\/www.laguiadepamplona.com\\\/actualidad\\\/siete-conciertos-y-dos-actividades-para-publico-infantil-conforman-la-nueva-edicion-de-pamplona-accion-musical-que-se-desarrollara-desde-este-lunes-hasta-el-27-de-febrero\\\/#primaryimage\"},\"thumbnailUrl\":\"https:\\\/\\\/www.laguiadepamplona.com\\\/actualidad\\\/wp-content\\\/uploads\\\/2022\\\/02\\\/Navarra-ensemble-1.jpg\",\"datePublished\":\"2022-02-03T11:34:18+00:00\",\"dateModified\":\"2023-04-11T09:48:33+00:00\",\"description\":\"Los conciertos se celebran en Condestable y son gratuitos; los espect\u00e1culos infantiles, en Civivox Iturrama, cuentan con entradas al precio de 3 euros\",\"breadcrumb\":{\"@id\":\"https:\\\/\\\/www.laguiadepamplona.com\\\/actualidad\\\/siete-conciertos-y-dos-actividades-para-publico-infantil-conforman-la-nueva-edicion-de-pamplona-accion-musical-que-se-desarrollara-desde-este-lunes-hasta-el-27-de-febrero\\\/#breadcrumb\"},\"inLanguage\":\"es\",\"potentialAction\":[{\"@type\":\"ReadAction\",\"target\":[\"https:\\\/\\\/www.laguiadepamplona.com\\\/actualidad\\\/siete-conciertos-y-dos-actividades-para-publico-infantil-conforman-la-nueva-edicion-de-pamplona-accion-musical-que-se-desarrollara-desde-este-lunes-hasta-el-27-de-febrero\\\/\"]}]},{\"@type\":\"ImageObject\",\"inLanguage\":\"es\",\"@id\":\"https:\\\/\\\/www.laguiadepamplona.com\\\/actualidad\\\/siete-conciertos-y-dos-actividades-para-publico-infantil-conforman-la-nueva-edicion-de-pamplona-accion-musical-que-se-desarrollara-desde-este-lunes-hasta-el-27-de-febrero\\\/#primaryimage\",\"url\":\"https:\\\/\\\/www.laguiadepamplona.com\\\/actualidad\\\/wp-content\\\/uploads\\\/2022\\\/02\\\/Navarra-ensemble-1.jpg\",\"contentUrl\":\"https:\\\/\\\/www.laguiadepamplona.com\\\/actualidad\\\/wp-content\\\/uploads\\\/2022\\\/02\\\/Navarra-ensemble-1.jpg\",\"width\":1200,\"height\":800},{\"@type\":\"BreadcrumbList\",\"@id\":\"https:\\\/\\\/www.laguiadepamplona.com\\\/actualidad\\\/siete-conciertos-y-dos-actividades-para-publico-infantil-conforman-la-nueva-edicion-de-pamplona-accion-musical-que-se-desarrollara-desde-este-lunes-hasta-el-27-de-febrero\\\/#breadcrumb\",\"itemListElement\":[{\"@type\":\"ListItem\",\"position\":1,\"name\":\"Portada\",\"item\":\"https:\\\/\\\/www.laguiadepamplona.com\\\/actualidad\\\/\"},{\"@type\":\"ListItem\",\"position\":2,\"name\":\"Siete conciertos y dos actividades para p\u00fablico infantil conforman la nueva edici\u00f3n de Pamplona Acci\u00f3n Musical que se desarrollar\u00e1 desde este lunes hasta el 27 de febrero\"}]},{\"@type\":\"WebSite\",\"@id\":\"https:\\\/\\\/www.laguiadepamplona.com\\\/actualidad\\\/#website\",\"url\":\"https:\\\/\\\/www.laguiadepamplona.com\\\/actualidad\\\/\",\"name\":\"La gu\u00eda de Pamplona\",\"description\":\"Noticias de Pamplona\",\"publisher\":{\"@id\":\"https:\\\/\\\/www.laguiadepamplona.com\\\/actualidad\\\/#organization\"},\"potentialAction\":[{\"@type\":\"SearchAction\",\"target\":{\"@type\":\"EntryPoint\",\"urlTemplate\":\"https:\\\/\\\/www.laguiadepamplona.com\\\/actualidad\\\/?s={search_term_string}\"},\"query-input\":{\"@type\":\"PropertyValueSpecification\",\"valueRequired\":true,\"valueName\":\"search_term_string\"}}],\"inLanguage\":\"es\"},{\"@type\":\"Organization\",\"@id\":\"https:\\\/\\\/www.laguiadepamplona.com\\\/actualidad\\\/#organization\",\"name\":\"La Gu\u00eda de Pamplona \\\/ Noticias\",\"url\":\"https:\\\/\\\/www.laguiadepamplona.com\\\/actualidad\\\/\",\"logo\":{\"@type\":\"ImageObject\",\"inLanguage\":\"es\",\"@id\":\"https:\\\/\\\/www.laguiadepamplona.com\\\/actualidad\\\/#\\\/schema\\\/logo\\\/image\\\/\",\"url\":\"https:\\\/\\\/www.laguiadepamplona.com\\\/actualidad\\\/wp-content\\\/uploads\\\/2018\\\/11\\\/logo-laguiadepamplona18-web1.png\",\"contentUrl\":\"https:\\\/\\\/www.laguiadepamplona.com\\\/actualidad\\\/wp-content\\\/uploads\\\/2018\\\/11\\\/logo-laguiadepamplona18-web1.png\",\"width\":600,\"height\":196,\"caption\":\"La Gu\u00eda de Pamplona \\\/ Noticias\"},\"image\":{\"@id\":\"https:\\\/\\\/www.laguiadepamplona.com\\\/actualidad\\\/#\\\/schema\\\/logo\\\/image\\\/\"},\"sameAs\":[\"https:\\\/\\\/www.facebook.com\\\/laguiadepamplonacom-133175176762273\\\/?ref=hl\",\"https:\\\/\\\/x.com\\\/LaGuiadPamplona\",\"https:\\\/\\\/www.instagram.com\\\/la_guia_de_pamplona\\\/\",\"https:\\\/\\\/www.youtube.com\\\/user\\\/laguiadepamplona\"]},{\"@type\":\"Person\",\"@id\":\"https:\\\/\\\/www.laguiadepamplona.com\\\/actualidad\\\/#\\\/schema\\\/person\\\/efe887376f0213d4657c93adc50b1fdb\",\"name\":\"La Gu\u00eda de Pamplona\",\"image\":{\"@type\":\"ImageObject\",\"inLanguage\":\"es\",\"@id\":\"https:\\\/\\\/secure.gravatar.com\\\/avatar\\\/b6992f131dc8d30ab0dff15446e9d346d9dbd95992de0fef795073f5ea83a81c?s=96&d=mm&r=g\",\"url\":\"https:\\\/\\\/secure.gravatar.com\\\/avatar\\\/b6992f131dc8d30ab0dff15446e9d346d9dbd95992de0fef795073f5ea83a81c?s=96&d=mm&r=g\",\"contentUrl\":\"https:\\\/\\\/secure.gravatar.com\\\/avatar\\\/b6992f131dc8d30ab0dff15446e9d346d9dbd95992de0fef795073f5ea83a81c?s=96&d=mm&r=g\",\"caption\":\"La Gu\u00eda de Pamplona\"}}]}<\/script>\n<!-- \/ Yoast SEO plugin. -->","yoast_head_json":{"title":"Siete conciertos y dos actividades para p\u00fablico infantil conforman la nueva edici\u00f3n de Pamplona Acci\u00f3n Musical que se desarrollar\u00e1 desde este lunes hasta el 27 de febrero","description":"Los conciertos se celebran en Condestable y son gratuitos; los espect\u00e1culos infantiles, en Civivox Iturrama, cuentan con entradas al precio de 3 euros","robots":{"index":"index","follow":"follow","max-snippet":"max-snippet:-1","max-image-preview":"max-image-preview:large","max-video-preview":"max-video-preview:-1"},"canonical":"https:\/\/www.laguiadepamplona.com\/actualidad\/siete-conciertos-y-dos-actividades-para-publico-infantil-conforman-la-nueva-edicion-de-pamplona-accion-musical-que-se-desarrollara-desde-este-lunes-hasta-el-27-de-febrero\/","og_locale":"es_ES","og_type":"article","og_title":"Siete conciertos y dos actividades para p\u00fablico infantil conforman la nueva edici\u00f3n de Pamplona Acci\u00f3n Musical que se desarrollar\u00e1 desde este lunes hasta el 27 de febrero","og_description":"Los conciertos se celebran en Condestable y son gratuitos; los espect\u00e1culos infantiles, en Civivox Iturrama, cuentan con entradas al precio de 3 euros","og_url":"https:\/\/www.laguiadepamplona.com\/actualidad\/siete-conciertos-y-dos-actividades-para-publico-infantil-conforman-la-nueva-edicion-de-pamplona-accion-musical-que-se-desarrollara-desde-este-lunes-hasta-el-27-de-febrero\/","og_site_name":"La Gu\u00eda de Pamplona","article_publisher":"https:\/\/www.facebook.com\/laguiadepamplonacom-133175176762273\/?ref=hl","article_published_time":"2022-02-03T11:34:18+00:00","article_modified_time":"2023-04-11T09:48:33+00:00","og_image":[{"width":1200,"height":800,"url":"https:\/\/www.laguiadepamplona.com\/actualidad\/wp-content\/uploads\/2022\/02\/Navarra-ensemble-1.jpg","type":"image\/jpeg"}],"author":"La Gu\u00eda de Pamplona","twitter_card":"summary_large_image","twitter_creator":"@LaGuiadPamplona","twitter_site":"@LaGuiadPamplona","twitter_misc":{"Escrito por":"La Gu\u00eda de Pamplona","Tiempo de lectura":"5 minutos"},"schema":{"@context":"https:\/\/schema.org","@graph":[{"@type":"Article","@id":"https:\/\/www.laguiadepamplona.com\/actualidad\/siete-conciertos-y-dos-actividades-para-publico-infantil-conforman-la-nueva-edicion-de-pamplona-accion-musical-que-se-desarrollara-desde-este-lunes-hasta-el-27-de-febrero\/#article","isPartOf":{"@id":"https:\/\/www.laguiadepamplona.com\/actualidad\/siete-conciertos-y-dos-actividades-para-publico-infantil-conforman-la-nueva-edicion-de-pamplona-accion-musical-que-se-desarrollara-desde-este-lunes-hasta-el-27-de-febrero\/"},"author":{"name":"La Gu\u00eda de Pamplona","@id":"https:\/\/www.laguiadepamplona.com\/actualidad\/#\/schema\/person\/efe887376f0213d4657c93adc50b1fdb"},"headline":"Siete conciertos y dos actividades para p\u00fablico infantil conforman la nueva edici\u00f3n de Pamplona Acci\u00f3n Musical que se desarrollar\u00e1 desde este lunes hasta el 27 de febrero","datePublished":"2022-02-03T11:34:18+00:00","dateModified":"2023-04-11T09:48:33+00:00","mainEntityOfPage":{"@id":"https:\/\/www.laguiadepamplona.com\/actualidad\/siete-conciertos-y-dos-actividades-para-publico-infantil-conforman-la-nueva-edicion-de-pamplona-accion-musical-que-se-desarrollara-desde-este-lunes-hasta-el-27-de-febrero\/"},"wordCount":1167,"commentCount":0,"publisher":{"@id":"https:\/\/www.laguiadepamplona.com\/actualidad\/#organization"},"image":{"@id":"https:\/\/www.laguiadepamplona.com\/actualidad\/siete-conciertos-y-dos-actividades-para-publico-infantil-conforman-la-nueva-edicion-de-pamplona-accion-musical-que-se-desarrollara-desde-este-lunes-hasta-el-27-de-febrero\/#primaryimage"},"thumbnailUrl":"https:\/\/www.laguiadepamplona.com\/actualidad\/wp-content\/uploads\/2022\/02\/Navarra-ensemble-1.jpg","articleSection":["Ayto Pamplona"],"inLanguage":"es","potentialAction":[{"@type":"CommentAction","name":"Comment","target":["https:\/\/www.laguiadepamplona.com\/actualidad\/siete-conciertos-y-dos-actividades-para-publico-infantil-conforman-la-nueva-edicion-de-pamplona-accion-musical-que-se-desarrollara-desde-este-lunes-hasta-el-27-de-febrero\/#respond"]}]},{"@type":"WebPage","@id":"https:\/\/www.laguiadepamplona.com\/actualidad\/siete-conciertos-y-dos-actividades-para-publico-infantil-conforman-la-nueva-edicion-de-pamplona-accion-musical-que-se-desarrollara-desde-este-lunes-hasta-el-27-de-febrero\/","url":"https:\/\/www.laguiadepamplona.com\/actualidad\/siete-conciertos-y-dos-actividades-para-publico-infantil-conforman-la-nueva-edicion-de-pamplona-accion-musical-que-se-desarrollara-desde-este-lunes-hasta-el-27-de-febrero\/","name":"Siete conciertos y dos actividades para p\u00fablico infantil conforman la nueva edici\u00f3n de Pamplona Acci\u00f3n Musical que se desarrollar\u00e1 desde este lunes hasta el 27 de febrero","isPartOf":{"@id":"https:\/\/www.laguiadepamplona.com\/actualidad\/#website"},"primaryImageOfPage":{"@id":"https:\/\/www.laguiadepamplona.com\/actualidad\/siete-conciertos-y-dos-actividades-para-publico-infantil-conforman-la-nueva-edicion-de-pamplona-accion-musical-que-se-desarrollara-desde-este-lunes-hasta-el-27-de-febrero\/#primaryimage"},"image":{"@id":"https:\/\/www.laguiadepamplona.com\/actualidad\/siete-conciertos-y-dos-actividades-para-publico-infantil-conforman-la-nueva-edicion-de-pamplona-accion-musical-que-se-desarrollara-desde-este-lunes-hasta-el-27-de-febrero\/#primaryimage"},"thumbnailUrl":"https:\/\/www.laguiadepamplona.com\/actualidad\/wp-content\/uploads\/2022\/02\/Navarra-ensemble-1.jpg","datePublished":"2022-02-03T11:34:18+00:00","dateModified":"2023-04-11T09:48:33+00:00","description":"Los conciertos se celebran en Condestable y son gratuitos; los espect\u00e1culos infantiles, en Civivox Iturrama, cuentan con entradas al precio de 3 euros","breadcrumb":{"@id":"https:\/\/www.laguiadepamplona.com\/actualidad\/siete-conciertos-y-dos-actividades-para-publico-infantil-conforman-la-nueva-edicion-de-pamplona-accion-musical-que-se-desarrollara-desde-este-lunes-hasta-el-27-de-febrero\/#breadcrumb"},"inLanguage":"es","potentialAction":[{"@type":"ReadAction","target":["https:\/\/www.laguiadepamplona.com\/actualidad\/siete-conciertos-y-dos-actividades-para-publico-infantil-conforman-la-nueva-edicion-de-pamplona-accion-musical-que-se-desarrollara-desde-este-lunes-hasta-el-27-de-febrero\/"]}]},{"@type":"ImageObject","inLanguage":"es","@id":"https:\/\/www.laguiadepamplona.com\/actualidad\/siete-conciertos-y-dos-actividades-para-publico-infantil-conforman-la-nueva-edicion-de-pamplona-accion-musical-que-se-desarrollara-desde-este-lunes-hasta-el-27-de-febrero\/#primaryimage","url":"https:\/\/www.laguiadepamplona.com\/actualidad\/wp-content\/uploads\/2022\/02\/Navarra-ensemble-1.jpg","contentUrl":"https:\/\/www.laguiadepamplona.com\/actualidad\/wp-content\/uploads\/2022\/02\/Navarra-ensemble-1.jpg","width":1200,"height":800},{"@type":"BreadcrumbList","@id":"https:\/\/www.laguiadepamplona.com\/actualidad\/siete-conciertos-y-dos-actividades-para-publico-infantil-conforman-la-nueva-edicion-de-pamplona-accion-musical-que-se-desarrollara-desde-este-lunes-hasta-el-27-de-febrero\/#breadcrumb","itemListElement":[{"@type":"ListItem","position":1,"name":"Portada","item":"https:\/\/www.laguiadepamplona.com\/actualidad\/"},{"@type":"ListItem","position":2,"name":"Siete conciertos y dos actividades para p\u00fablico infantil conforman la nueva edici\u00f3n de Pamplona Acci\u00f3n Musical que se desarrollar\u00e1 desde este lunes hasta el 27 de febrero"}]},{"@type":"WebSite","@id":"https:\/\/www.laguiadepamplona.com\/actualidad\/#website","url":"https:\/\/www.laguiadepamplona.com\/actualidad\/","name":"La gu\u00eda de Pamplona","description":"Noticias de Pamplona","publisher":{"@id":"https:\/\/www.laguiadepamplona.com\/actualidad\/#organization"},"potentialAction":[{"@type":"SearchAction","target":{"@type":"EntryPoint","urlTemplate":"https:\/\/www.laguiadepamplona.com\/actualidad\/?s={search_term_string}"},"query-input":{"@type":"PropertyValueSpecification","valueRequired":true,"valueName":"search_term_string"}}],"inLanguage":"es"},{"@type":"Organization","@id":"https:\/\/www.laguiadepamplona.com\/actualidad\/#organization","name":"La Gu\u00eda de Pamplona \/ Noticias","url":"https:\/\/www.laguiadepamplona.com\/actualidad\/","logo":{"@type":"ImageObject","inLanguage":"es","@id":"https:\/\/www.laguiadepamplona.com\/actualidad\/#\/schema\/logo\/image\/","url":"https:\/\/www.laguiadepamplona.com\/actualidad\/wp-content\/uploads\/2018\/11\/logo-laguiadepamplona18-web1.png","contentUrl":"https:\/\/www.laguiadepamplona.com\/actualidad\/wp-content\/uploads\/2018\/11\/logo-laguiadepamplona18-web1.png","width":600,"height":196,"caption":"La Gu\u00eda de Pamplona \/ Noticias"},"image":{"@id":"https:\/\/www.laguiadepamplona.com\/actualidad\/#\/schema\/logo\/image\/"},"sameAs":["https:\/\/www.facebook.com\/laguiadepamplonacom-133175176762273\/?ref=hl","https:\/\/x.com\/LaGuiadPamplona","https:\/\/www.instagram.com\/la_guia_de_pamplona\/","https:\/\/www.youtube.com\/user\/laguiadepamplona"]},{"@type":"Person","@id":"https:\/\/www.laguiadepamplona.com\/actualidad\/#\/schema\/person\/efe887376f0213d4657c93adc50b1fdb","name":"La Gu\u00eda de Pamplona","image":{"@type":"ImageObject","inLanguage":"es","@id":"https:\/\/secure.gravatar.com\/avatar\/b6992f131dc8d30ab0dff15446e9d346d9dbd95992de0fef795073f5ea83a81c?s=96&d=mm&r=g","url":"https:\/\/secure.gravatar.com\/avatar\/b6992f131dc8d30ab0dff15446e9d346d9dbd95992de0fef795073f5ea83a81c?s=96&d=mm&r=g","contentUrl":"https:\/\/secure.gravatar.com\/avatar\/b6992f131dc8d30ab0dff15446e9d346d9dbd95992de0fef795073f5ea83a81c?s=96&d=mm&r=g","caption":"La Gu\u00eda de Pamplona"}}]}},"post_mailing_queue_ids":[],"_links":{"self":[{"href":"https:\/\/www.laguiadepamplona.com\/actualidad\/wp-json\/wp\/v2\/posts\/38559","targetHints":{"allow":["GET"]}}],"collection":[{"href":"https:\/\/www.laguiadepamplona.com\/actualidad\/wp-json\/wp\/v2\/posts"}],"about":[{"href":"https:\/\/www.laguiadepamplona.com\/actualidad\/wp-json\/wp\/v2\/types\/post"}],"author":[{"embeddable":true,"href":"https:\/\/www.laguiadepamplona.com\/actualidad\/wp-json\/wp\/v2\/users\/1"}],"replies":[{"embeddable":true,"href":"https:\/\/www.laguiadepamplona.com\/actualidad\/wp-json\/wp\/v2\/comments?post=38559"}],"version-history":[{"count":0,"href":"https:\/\/www.laguiadepamplona.com\/actualidad\/wp-json\/wp\/v2\/posts\/38559\/revisions"}],"wp:featuredmedia":[{"embeddable":true,"href":"https:\/\/www.laguiadepamplona.com\/actualidad\/wp-json\/wp\/v2\/media\/38560"}],"wp:attachment":[{"href":"https:\/\/www.laguiadepamplona.com\/actualidad\/wp-json\/wp\/v2\/media?parent=38559"}],"wp:term":[{"taxonomy":"category","embeddable":true,"href":"https:\/\/www.laguiadepamplona.com\/actualidad\/wp-json\/wp\/v2\/categories?post=38559"},{"taxonomy":"post_tag","embeddable":true,"href":"https:\/\/www.laguiadepamplona.com\/actualidad\/wp-json\/wp\/v2\/tags?post=38559"}],"curies":[{"name":"wp","href":"https:\/\/api.w.org\/{rel}","templated":true}]}}