{"id":38555,"date":"2022-02-03T13:32:19","date_gmt":"2022-02-03T11:32:19","guid":{"rendered":"https:\/\/www.laguiadepamplona.com\/actualidad\/?p=38555"},"modified":"2023-04-11T11:48:33","modified_gmt":"2023-04-11T09:48:33","slug":"manana-comienzan-las-inscripciones-para-la-sexta-edicion-del-campeonato-oficial-de-cubos-de-rubik-iruna-open-que-acogera-la-casa-de-la-juventud-los-dias-12-y-13-de-marzo","status":"publish","type":"post","link":"https:\/\/www.laguiadepamplona.com\/actualidad\/manana-comienzan-las-inscripciones-para-la-sexta-edicion-del-campeonato-oficial-de-cubos-de-rubik-iruna-open-que-acogera-la-casa-de-la-juventud-los-dias-12-y-13-de-marzo\/","title":{"rendered":"Ma\u00f1ana comienzan las inscripciones para la sexta edici\u00f3n del campeonato oficial de cubos de Rubik Iru\u00f1a Open que acoger\u00e1 la Casa de la Juventud los d\u00edas 12 y 13 de marzo"},"content":{"rendered":"<h5>El 4 de febrero, a las 20 horas, se desbloquear\u00e1 la p\u00e1gina oficial de la World Cube Association (WCA) para quienes aspiren<\/h5>\n<p><!--more--><\/p>\n<p><a href=\"https:\/\/www.laguiadepamplona.com\/actualidad\/wp-content\/uploads\/2022\/02\/irunaopen2022.jpg\"><img loading=\"lazy\" decoding=\"async\" class=\"alignleft size-medium wp-image-38556\" src=\"https:\/\/www.laguiadepamplona.com\/actualidad\/wp-content\/uploads\/2022\/02\/irunaopen2022-212x300.jpg\" alt=\"\" width=\"212\" height=\"300\" srcset=\"https:\/\/www.laguiadepamplona.com\/actualidad\/wp-content\/uploads\/2022\/02\/irunaopen2022-212x300.jpg 212w, https:\/\/www.laguiadepamplona.com\/actualidad\/wp-content\/uploads\/2022\/02\/irunaopen2022-482x682.jpg 482w, https:\/\/www.laguiadepamplona.com\/actualidad\/wp-content\/uploads\/2022\/02\/irunaopen2022-768x1086.jpg 768w, https:\/\/www.laguiadepamplona.com\/actualidad\/wp-content\/uploads\/2022\/02\/irunaopen2022-1086x1536.jpg 1086w, https:\/\/www.laguiadepamplona.com\/actualidad\/wp-content\/uploads\/2022\/02\/irunaopen2022-640x905.jpg 640w, https:\/\/www.laguiadepamplona.com\/actualidad\/wp-content\/uploads\/2022\/02\/irunaopen2022.jpg 1414w\" sizes=\"auto, (max-width: 212px) 100vw, 212px\" \/><\/a>Pamplona acoge un a\u00f1o m\u00e1s el campeonato oficial de cubos de Rubik Iru\u00f1a Open, una cita que por sexto a\u00f1o atrae a las principales figuras nacionales de esta disciplina. El evento tendr\u00e1 lugar los d\u00edas 12 y 13 de marzo. Iru\u00f1a Open 2022 es un campeonato oficial de cubos de Rubik, competici\u00f3n regulada por la Asociaci\u00f3n Mundial del Cubo (<a href=\"http:\/\/www.worldcubeassociation.org\" target=\"_blank\" rel=\"noopener\">WCA<\/a>) que contar\u00e1 con la colaboraci\u00f3n de la Asociaci\u00f3n Espa\u00f1ola de Speedcubing (<a href=\"https:\/\/www.speedcubingspain.org\" target=\"_blank\" rel=\"noopener\">AES<\/a>).<br \/>\n<script async src=\"\/\/pagead2.googlesyndication.com\/pagead\/js\/adsbygoogle.js\"><\/script><br \/>\n<!-- Noticias La Guia de Pamplona --><br \/>\n<ins class=\"adsbygoogle\"\nstyle=\"display:block\"\ndata-ad-client=\"ca-pub-6943679897239327\"\ndata-ad-slot=\"7048180777\"\ndata-ad-format=\"auto\"><\/ins><br \/>\n<script>\n(adsbygoogle = window.adsbygoogle || []).push({});\n<\/script><\/p>\n<p>La inscripci\u00f3n, para todas aquellas personas que quieran participar en este Iru\u00f1a Open, se abrir\u00e1 el pr\u00f3ximo viernes 4 de febrero, a las 21 horas, a trav\u00e9s de la p\u00e1gina oficial de la <a href=\"http:\/\/www.worldcubeassociation.org\/\" target=\"_blank\" rel=\"noopener\">World Cube Association (WCA)<\/a>. Por motivos de seguridad sanitaria, el l\u00edmite de personas participantes es de 40. Esta sexta edici\u00f3n del Iru\u00f1a Open permitir\u00e1 a los contendientes disputar en cualquiera de las 8 categor\u00edas propuestas, de las 17 reconocidas oficialmente. Adem\u00e1s del cubo cl\u00e1sico, se prev\u00e9n competiciones de cubo Megaminx, en forma de dodecaedro; de Square-1, que tiene el eje oblicuo; y del Skewb, que gira en torno a las esquinas en vez de por el centro. Pero tambi\u00e9n se prev\u00e9n categor\u00edas en funci\u00f3n de la dificultad del cubo, con m\u00e1s o menos pegatinas por cara, o de habilidad o tratando de resolverlos a ciegas.<\/p>\n<p>El coste de la inscripci\u00f3n es de 3.5 euros para los socios de la Asociaci\u00f3n Espa\u00f1ola de Cubo de Rubik (AECR) y de EuskalRubik, colaboradores del campeonato; y de 5 euros para los no socios. El plazo de inscripci\u00f3n se cerrar\u00e1 el 7 de marzo. Al tratarse de una competici\u00f3n oficial, los participantes se convertir\u00e1n en miembros de la WCA, y se les creara autom\u00e1ticamente un ID personal, en el cual podr\u00e1n consultar sus progresos a trav\u00e9s de todas las competiciones en las que participen, y consultar su posici\u00f3n a nivel nacional, continental y mundial.<\/p>\n<p>Las personas participantes recibir\u00e1n un poster del campeonato como recuerdo y las tres mejores de cada categor\u00eda obtendr\u00e1n medalla y diploma. Asimismo, en la categor\u00eda del cl\u00e1sico cubo de Rubik, el ganador se llevar\u00e1 una txapela que lo proclamar\u00e1 ganador del Iru\u00f1a Open 2022.<br \/>\n<script async src=\"\/\/pagead2.googlesyndication.com\/pagead\/js\/adsbygoogle.js\"><\/script><br \/>\n<!-- Noticias La Guia de Pamplona --><br \/>\n<ins class=\"adsbygoogle\"\nstyle=\"display:block\"\ndata-ad-client=\"ca-pub-6943679897239327\"\ndata-ad-slot=\"7048180777\"\ndata-ad-format=\"auto\"><\/ins><br \/>\n<script>\n(adsbygoogle = window.adsbygoogle || []).push({});\n<\/script><\/p>\n<p><strong>Una competici\u00f3n llena de campeones y plusmarquistas<\/strong><\/p>\n<p>Las partidas se disputar\u00e1n a lo largo del fin de semana en la propia Casa de la Juventud. En algunas modalidades habr\u00e1 varias rondas, de forma que se ir\u00e1 haciendo una selecci\u00f3n entre los mejor clasificados en cada una de ellas. Otras se llevar\u00e1n a cabo mediante finales combinadas. Todas ellas, eso s\u00ed, se regir\u00e1n por las normas de la World Cube Association, al tratarse de una competici\u00f3n oficial. En este sentido, durante la celebraci\u00f3n del torneo habr\u00e1 un delegado de la asociaci\u00f3n que certificar\u00e1 que la competici\u00f3n se desarrolla siguiendo los par\u00e1metros establecidos. En este caso, el delegado ser\u00e1 Alberto Mas\u00f3 Molina, que ha organizado varios campeonatos nacionales y europeos.<\/p>\n<p>El uso de la mascarilla ser\u00e1 obligatorio en todo el edificio durante todo el evento. Habr\u00e1 gel hidroalcoh\u00f3lico a disposici\u00f3n de las personas participantes en todas las mesas de competici\u00f3n, tanto como en la entrada y salida del edificio. Los asientos ser\u00e1n nominativos, por lo tanto, quienes compitan deber\u00e1 permanecer sentados, aunque no est\u00e9n en partida. El resto de asientos se podr\u00e1n ocupar hasta completar aforo.<\/p>\n<p>Dada la gran variedad de categor\u00edas y la presencia de importantes figuras del panorama nacional en la resoluci\u00f3n de cubos de Rubik, el campeonato Iru\u00f1a Open se ha convertido en una cita para los aficionados a este juego de habilidad. Los organizadores son Alejandro Nicolay, uno de los cuberos m\u00e1s representativos en Navarra y Julen Sim\u00f3n, vigente campe\u00f3n del \u00faltimo Iru\u00f1a Open oficial y organizador de las anteriores ediciones del torneo y del XV Campeonato de Espa\u00f1a, celebrado en Pamplona en 2018. A ellos se sumar\u00e1n, entre otras, figuras como Antonio L\u00f3pez, vigente subcampe\u00f3n de Espa\u00f1a en 3&#215;3 a ciegas; Julio Perugorr\u00eda, uno de los mejores cuberos en la categor\u00eda de Skewb; y Eder Olivencia, actual campe\u00f3n de Espa\u00f1a en las categor\u00edas de 4&#215;4 y Megaminx.<\/p>\n<p><script async src=\"\/\/pagead2.googlesyndication.com\/pagead\/js\/adsbygoogle.js\"><\/script><br \/>\n<!-- Noticias La Guia de Pamplona --><br \/>\n<ins class=\"adsbygoogle\"\nstyle=\"display:block\"\ndata-ad-client=\"ca-pub-6943679897239327\"\ndata-ad-slot=\"7048180777\"\ndata-ad-format=\"auto\"><\/ins><br \/>\n<script>\n(adsbygoogle = window.adsbygoogle || []).push({});\n<\/script><\/p>\n<h3>Iru\u00f1a Open 2022 | Categor\u00edas oficiales del campeonato<\/h3>\n<ul>\n<li><strong>3&#215;3 (3 rondas).<\/strong> Es el cubo cl\u00e1sico y la categor\u00eda reina. En la primera ronda podr\u00e1 participar todo el mundo, a la segunda ronda pasar\u00e1n el 75% de los clasificados (se ha de eliminar por reglamento m\u00ednimo al 25% de los participantes) y los 12 mejores de la semifinal ser\u00e1n los que pasen a la gran final que se celebrar\u00e1 en el sal\u00f3n de actos el domingo 13 de marzo, de 12:00 a 13:00. Se realizar\u00e1 de dos en dos, seg\u00fan el orden de clasificaci\u00f3n. El ganador de esta categor\u00eda ser\u00e1 considerado como el ganador del campeonato y recibir\u00e1 un premio especial.<\/li>\n<li><strong>2&#215;2 (3 rondas).<\/strong> Es el cubo m\u00e1s peque\u00f1o de todos, un poco m\u00e1s f\u00e1cil que el cubo cl\u00e1sico.<\/li>\n<li><strong>4&#215;4 (2 rondas):<\/strong> Con un nivel m\u00e1s de dificultad, este cubo posee m\u00e1s de 50 pegatinas en total.<\/li>\n<li><strong>5&#215;5 (Final combinada):<\/strong> Con 25 pegatinas por cara del cubo. Solo habr\u00e1 una ronda en la que podr\u00e1 participar todo el mundo.<\/li>\n<li><strong>Skewb (2 rondas):<\/strong> A diferencia del cubo cl\u00e1sico, este cubo gira en torno a las esquinas en vez de a los centros.<\/li>\n<li><strong>Square-1 (2 rondas):<\/strong> Aunque este cubo en su estado resuelto presenta forma c\u00fabica, su eje oblicuo hace que se pueda deformar, lo que complica su resoluci\u00f3n.<\/li>\n<li><strong>Megaminx (Final combinada):<\/strong> Con forma de dodecaedro, posee 11 pegatinas en cada una de sus 12 caras.<\/li>\n<li><strong>3&#215;3 a ciegas (Final combinada):<\/strong> Consiste en memorizar el cubo para m\u00e1s tarde tratar de resolverlo sin mirar, con un antifaz. El tiempo de clasificaci\u00f3n ser\u00e1 la suma del tiempo de memorizaci\u00f3n y ejecuci\u00f3n.<\/li>\n<\/ul>\n","protected":false},"excerpt":{"rendered":"<p>El 4 de febrero, a las 20 horas, se desbloquear\u00e1 la p\u00e1gina oficial de la World Cube Association (WCA) para quienes aspiren<\/p>\n","protected":false},"author":1,"featured_media":38557,"comment_status":"open","ping_status":"closed","sticky":false,"template":"","format":"standard","meta":{"footnotes":""},"categories":[2],"tags":[],"class_list":["post-38555","post","type-post","status-publish","format-standard","has-post-thumbnail","hentry","category-ayuntamiento-pamplona"],"yoast_head":"<!-- This site is optimized with the Yoast SEO plugin v27.3 - https:\/\/yoast.com\/product\/yoast-seo-wordpress\/ -->\n<title>Ma\u00f1ana comienzan las inscripciones para la sexta edici\u00f3n del campeonato oficial de cubos de Rubik Iru\u00f1a Open que acoger\u00e1 la Casa de la Juventud los d\u00edas 12 y 13 de marzo<\/title>\n<meta name=\"description\" content=\"El 4 de febrero, a las 20 horas, se desbloquear\u00e1 la p\u00e1gina oficial de la World Cube Association (WCA) para quienes aspiren\" \/>\n<meta name=\"robots\" content=\"index, follow, max-snippet:-1, max-image-preview:large, max-video-preview:-1\" \/>\n<link rel=\"canonical\" href=\"https:\/\/www.laguiadepamplona.com\/actualidad\/manana-comienzan-las-inscripciones-para-la-sexta-edicion-del-campeonato-oficial-de-cubos-de-rubik-iruna-open-que-acogera-la-casa-de-la-juventud-los-dias-12-y-13-de-marzo\/\" \/>\n<meta property=\"og:locale\" content=\"es_ES\" \/>\n<meta property=\"og:type\" content=\"article\" \/>\n<meta property=\"og:title\" content=\"Ma\u00f1ana comienzan las inscripciones para la sexta edici\u00f3n del campeonato oficial de cubos de Rubik Iru\u00f1a Open que acoger\u00e1 la Casa de la Juventud los d\u00edas 12 y 13 de marzo\" \/>\n<meta property=\"og:description\" content=\"El 4 de febrero, a las 20 horas, se desbloquear\u00e1 la p\u00e1gina oficial de la World Cube Association (WCA) para quienes aspiren\" \/>\n<meta property=\"og:url\" content=\"https:\/\/www.laguiadepamplona.com\/actualidad\/manana-comienzan-las-inscripciones-para-la-sexta-edicion-del-campeonato-oficial-de-cubos-de-rubik-iruna-open-que-acogera-la-casa-de-la-juventud-los-dias-12-y-13-de-marzo\/\" \/>\n<meta property=\"og:site_name\" content=\"La Gu\u00eda de Pamplona\" \/>\n<meta property=\"article:publisher\" content=\"https:\/\/www.facebook.com\/laguiadepamplonacom-133175176762273\/?ref=hl\" \/>\n<meta property=\"article:published_time\" content=\"2022-02-03T11:32:19+00:00\" \/>\n<meta property=\"article:modified_time\" content=\"2023-04-11T09:48:33+00:00\" \/>\n<meta property=\"og:image\" content=\"https:\/\/www.laguiadepamplona.com\/actualidad\/wp-content\/uploads\/2022\/02\/irunaopen2022-1.jpg\" \/>\n\t<meta property=\"og:image:width\" content=\"1414\" \/>\n\t<meta property=\"og:image:height\" content=\"1049\" \/>\n\t<meta property=\"og:image:type\" content=\"image\/jpeg\" \/>\n<meta name=\"author\" content=\"La Gu\u00eda de Pamplona\" \/>\n<meta name=\"twitter:card\" content=\"summary_large_image\" \/>\n<meta name=\"twitter:creator\" content=\"@LaGuiadPamplona\" \/>\n<meta name=\"twitter:site\" content=\"@LaGuiadPamplona\" \/>\n<meta name=\"twitter:label1\" content=\"Escrito por\" \/>\n\t<meta name=\"twitter:data1\" content=\"La Gu\u00eda de Pamplona\" \/>\n\t<meta name=\"twitter:label2\" content=\"Tiempo de lectura\" \/>\n\t<meta name=\"twitter:data2\" content=\"5 minutos\" \/>\n<script type=\"application\/ld+json\" class=\"yoast-schema-graph\">{\"@context\":\"https:\\\/\\\/schema.org\",\"@graph\":[{\"@type\":\"Article\",\"@id\":\"https:\\\/\\\/www.laguiadepamplona.com\\\/actualidad\\\/manana-comienzan-las-inscripciones-para-la-sexta-edicion-del-campeonato-oficial-de-cubos-de-rubik-iruna-open-que-acogera-la-casa-de-la-juventud-los-dias-12-y-13-de-marzo\\\/#article\",\"isPartOf\":{\"@id\":\"https:\\\/\\\/www.laguiadepamplona.com\\\/actualidad\\\/manana-comienzan-las-inscripciones-para-la-sexta-edicion-del-campeonato-oficial-de-cubos-de-rubik-iruna-open-que-acogera-la-casa-de-la-juventud-los-dias-12-y-13-de-marzo\\\/\"},\"author\":{\"name\":\"La Gu\u00eda de Pamplona\",\"@id\":\"https:\\\/\\\/www.laguiadepamplona.com\\\/actualidad\\\/#\\\/schema\\\/person\\\/efe887376f0213d4657c93adc50b1fdb\"},\"headline\":\"Ma\u00f1ana comienzan las inscripciones para la sexta edici\u00f3n del campeonato oficial de cubos de Rubik Iru\u00f1a Open que acoger\u00e1 la Casa de la Juventud los d\u00edas 12 y 13 de marzo\",\"datePublished\":\"2022-02-03T11:32:19+00:00\",\"dateModified\":\"2023-04-11T09:48:33+00:00\",\"mainEntityOfPage\":{\"@id\":\"https:\\\/\\\/www.laguiadepamplona.com\\\/actualidad\\\/manana-comienzan-las-inscripciones-para-la-sexta-edicion-del-campeonato-oficial-de-cubos-de-rubik-iruna-open-que-acogera-la-casa-de-la-juventud-los-dias-12-y-13-de-marzo\\\/\"},\"wordCount\":1052,\"commentCount\":0,\"publisher\":{\"@id\":\"https:\\\/\\\/www.laguiadepamplona.com\\\/actualidad\\\/#organization\"},\"image\":{\"@id\":\"https:\\\/\\\/www.laguiadepamplona.com\\\/actualidad\\\/manana-comienzan-las-inscripciones-para-la-sexta-edicion-del-campeonato-oficial-de-cubos-de-rubik-iruna-open-que-acogera-la-casa-de-la-juventud-los-dias-12-y-13-de-marzo\\\/#primaryimage\"},\"thumbnailUrl\":\"https:\\\/\\\/www.laguiadepamplona.com\\\/actualidad\\\/wp-content\\\/uploads\\\/2022\\\/02\\\/irunaopen2022-1.jpg\",\"articleSection\":[\"Ayto Pamplona\"],\"inLanguage\":\"es\",\"potentialAction\":[{\"@type\":\"CommentAction\",\"name\":\"Comment\",\"target\":[\"https:\\\/\\\/www.laguiadepamplona.com\\\/actualidad\\\/manana-comienzan-las-inscripciones-para-la-sexta-edicion-del-campeonato-oficial-de-cubos-de-rubik-iruna-open-que-acogera-la-casa-de-la-juventud-los-dias-12-y-13-de-marzo\\\/#respond\"]}]},{\"@type\":\"WebPage\",\"@id\":\"https:\\\/\\\/www.laguiadepamplona.com\\\/actualidad\\\/manana-comienzan-las-inscripciones-para-la-sexta-edicion-del-campeonato-oficial-de-cubos-de-rubik-iruna-open-que-acogera-la-casa-de-la-juventud-los-dias-12-y-13-de-marzo\\\/\",\"url\":\"https:\\\/\\\/www.laguiadepamplona.com\\\/actualidad\\\/manana-comienzan-las-inscripciones-para-la-sexta-edicion-del-campeonato-oficial-de-cubos-de-rubik-iruna-open-que-acogera-la-casa-de-la-juventud-los-dias-12-y-13-de-marzo\\\/\",\"name\":\"Ma\u00f1ana comienzan las inscripciones para la sexta edici\u00f3n del campeonato oficial de cubos de Rubik Iru\u00f1a Open que acoger\u00e1 la Casa de la Juventud los d\u00edas 12 y 13 de marzo\",\"isPartOf\":{\"@id\":\"https:\\\/\\\/www.laguiadepamplona.com\\\/actualidad\\\/#website\"},\"primaryImageOfPage\":{\"@id\":\"https:\\\/\\\/www.laguiadepamplona.com\\\/actualidad\\\/manana-comienzan-las-inscripciones-para-la-sexta-edicion-del-campeonato-oficial-de-cubos-de-rubik-iruna-open-que-acogera-la-casa-de-la-juventud-los-dias-12-y-13-de-marzo\\\/#primaryimage\"},\"image\":{\"@id\":\"https:\\\/\\\/www.laguiadepamplona.com\\\/actualidad\\\/manana-comienzan-las-inscripciones-para-la-sexta-edicion-del-campeonato-oficial-de-cubos-de-rubik-iruna-open-que-acogera-la-casa-de-la-juventud-los-dias-12-y-13-de-marzo\\\/#primaryimage\"},\"thumbnailUrl\":\"https:\\\/\\\/www.laguiadepamplona.com\\\/actualidad\\\/wp-content\\\/uploads\\\/2022\\\/02\\\/irunaopen2022-1.jpg\",\"datePublished\":\"2022-02-03T11:32:19+00:00\",\"dateModified\":\"2023-04-11T09:48:33+00:00\",\"description\":\"El 4 de febrero, a las 20 horas, se desbloquear\u00e1 la p\u00e1gina oficial de la World Cube Association (WCA) para quienes aspiren\",\"breadcrumb\":{\"@id\":\"https:\\\/\\\/www.laguiadepamplona.com\\\/actualidad\\\/manana-comienzan-las-inscripciones-para-la-sexta-edicion-del-campeonato-oficial-de-cubos-de-rubik-iruna-open-que-acogera-la-casa-de-la-juventud-los-dias-12-y-13-de-marzo\\\/#breadcrumb\"},\"inLanguage\":\"es\",\"potentialAction\":[{\"@type\":\"ReadAction\",\"target\":[\"https:\\\/\\\/www.laguiadepamplona.com\\\/actualidad\\\/manana-comienzan-las-inscripciones-para-la-sexta-edicion-del-campeonato-oficial-de-cubos-de-rubik-iruna-open-que-acogera-la-casa-de-la-juventud-los-dias-12-y-13-de-marzo\\\/\"]}]},{\"@type\":\"ImageObject\",\"inLanguage\":\"es\",\"@id\":\"https:\\\/\\\/www.laguiadepamplona.com\\\/actualidad\\\/manana-comienzan-las-inscripciones-para-la-sexta-edicion-del-campeonato-oficial-de-cubos-de-rubik-iruna-open-que-acogera-la-casa-de-la-juventud-los-dias-12-y-13-de-marzo\\\/#primaryimage\",\"url\":\"https:\\\/\\\/www.laguiadepamplona.com\\\/actualidad\\\/wp-content\\\/uploads\\\/2022\\\/02\\\/irunaopen2022-1.jpg\",\"contentUrl\":\"https:\\\/\\\/www.laguiadepamplona.com\\\/actualidad\\\/wp-content\\\/uploads\\\/2022\\\/02\\\/irunaopen2022-1.jpg\",\"width\":1414,\"height\":1049},{\"@type\":\"BreadcrumbList\",\"@id\":\"https:\\\/\\\/www.laguiadepamplona.com\\\/actualidad\\\/manana-comienzan-las-inscripciones-para-la-sexta-edicion-del-campeonato-oficial-de-cubos-de-rubik-iruna-open-que-acogera-la-casa-de-la-juventud-los-dias-12-y-13-de-marzo\\\/#breadcrumb\",\"itemListElement\":[{\"@type\":\"ListItem\",\"position\":1,\"name\":\"Portada\",\"item\":\"https:\\\/\\\/www.laguiadepamplona.com\\\/actualidad\\\/\"},{\"@type\":\"ListItem\",\"position\":2,\"name\":\"Ma\u00f1ana comienzan las inscripciones para la sexta edici\u00f3n del campeonato oficial de cubos de Rubik Iru\u00f1a Open que acoger\u00e1 la Casa de la Juventud los d\u00edas 12 y 13 de marzo\"}]},{\"@type\":\"WebSite\",\"@id\":\"https:\\\/\\\/www.laguiadepamplona.com\\\/actualidad\\\/#website\",\"url\":\"https:\\\/\\\/www.laguiadepamplona.com\\\/actualidad\\\/\",\"name\":\"La gu\u00eda de Pamplona\",\"description\":\"Noticias de Pamplona\",\"publisher\":{\"@id\":\"https:\\\/\\\/www.laguiadepamplona.com\\\/actualidad\\\/#organization\"},\"potentialAction\":[{\"@type\":\"SearchAction\",\"target\":{\"@type\":\"EntryPoint\",\"urlTemplate\":\"https:\\\/\\\/www.laguiadepamplona.com\\\/actualidad\\\/?s={search_term_string}\"},\"query-input\":{\"@type\":\"PropertyValueSpecification\",\"valueRequired\":true,\"valueName\":\"search_term_string\"}}],\"inLanguage\":\"es\"},{\"@type\":\"Organization\",\"@id\":\"https:\\\/\\\/www.laguiadepamplona.com\\\/actualidad\\\/#organization\",\"name\":\"La Gu\u00eda de Pamplona \\\/ Noticias\",\"url\":\"https:\\\/\\\/www.laguiadepamplona.com\\\/actualidad\\\/\",\"logo\":{\"@type\":\"ImageObject\",\"inLanguage\":\"es\",\"@id\":\"https:\\\/\\\/www.laguiadepamplona.com\\\/actualidad\\\/#\\\/schema\\\/logo\\\/image\\\/\",\"url\":\"https:\\\/\\\/www.laguiadepamplona.com\\\/actualidad\\\/wp-content\\\/uploads\\\/2018\\\/11\\\/logo-laguiadepamplona18-web1.png\",\"contentUrl\":\"https:\\\/\\\/www.laguiadepamplona.com\\\/actualidad\\\/wp-content\\\/uploads\\\/2018\\\/11\\\/logo-laguiadepamplona18-web1.png\",\"width\":600,\"height\":196,\"caption\":\"La Gu\u00eda de Pamplona \\\/ Noticias\"},\"image\":{\"@id\":\"https:\\\/\\\/www.laguiadepamplona.com\\\/actualidad\\\/#\\\/schema\\\/logo\\\/image\\\/\"},\"sameAs\":[\"https:\\\/\\\/www.facebook.com\\\/laguiadepamplonacom-133175176762273\\\/?ref=hl\",\"https:\\\/\\\/x.com\\\/LaGuiadPamplona\",\"https:\\\/\\\/www.instagram.com\\\/la_guia_de_pamplona\\\/\",\"https:\\\/\\\/www.youtube.com\\\/user\\\/laguiadepamplona\"]},{\"@type\":\"Person\",\"@id\":\"https:\\\/\\\/www.laguiadepamplona.com\\\/actualidad\\\/#\\\/schema\\\/person\\\/efe887376f0213d4657c93adc50b1fdb\",\"name\":\"La Gu\u00eda de Pamplona\",\"image\":{\"@type\":\"ImageObject\",\"inLanguage\":\"es\",\"@id\":\"https:\\\/\\\/secure.gravatar.com\\\/avatar\\\/b6992f131dc8d30ab0dff15446e9d346d9dbd95992de0fef795073f5ea83a81c?s=96&d=mm&r=g\",\"url\":\"https:\\\/\\\/secure.gravatar.com\\\/avatar\\\/b6992f131dc8d30ab0dff15446e9d346d9dbd95992de0fef795073f5ea83a81c?s=96&d=mm&r=g\",\"contentUrl\":\"https:\\\/\\\/secure.gravatar.com\\\/avatar\\\/b6992f131dc8d30ab0dff15446e9d346d9dbd95992de0fef795073f5ea83a81c?s=96&d=mm&r=g\",\"caption\":\"La Gu\u00eda de Pamplona\"}}]}<\/script>\n<!-- \/ Yoast SEO plugin. -->","yoast_head_json":{"title":"Ma\u00f1ana comienzan las inscripciones para la sexta edici\u00f3n del campeonato oficial de cubos de Rubik Iru\u00f1a Open que acoger\u00e1 la Casa de la Juventud los d\u00edas 12 y 13 de marzo","description":"El 4 de febrero, a las 20 horas, se desbloquear\u00e1 la p\u00e1gina oficial de la World Cube Association (WCA) para quienes aspiren","robots":{"index":"index","follow":"follow","max-snippet":"max-snippet:-1","max-image-preview":"max-image-preview:large","max-video-preview":"max-video-preview:-1"},"canonical":"https:\/\/www.laguiadepamplona.com\/actualidad\/manana-comienzan-las-inscripciones-para-la-sexta-edicion-del-campeonato-oficial-de-cubos-de-rubik-iruna-open-que-acogera-la-casa-de-la-juventud-los-dias-12-y-13-de-marzo\/","og_locale":"es_ES","og_type":"article","og_title":"Ma\u00f1ana comienzan las inscripciones para la sexta edici\u00f3n del campeonato oficial de cubos de Rubik Iru\u00f1a Open que acoger\u00e1 la Casa de la Juventud los d\u00edas 12 y 13 de marzo","og_description":"El 4 de febrero, a las 20 horas, se desbloquear\u00e1 la p\u00e1gina oficial de la World Cube Association (WCA) para quienes aspiren","og_url":"https:\/\/www.laguiadepamplona.com\/actualidad\/manana-comienzan-las-inscripciones-para-la-sexta-edicion-del-campeonato-oficial-de-cubos-de-rubik-iruna-open-que-acogera-la-casa-de-la-juventud-los-dias-12-y-13-de-marzo\/","og_site_name":"La Gu\u00eda de Pamplona","article_publisher":"https:\/\/www.facebook.com\/laguiadepamplonacom-133175176762273\/?ref=hl","article_published_time":"2022-02-03T11:32:19+00:00","article_modified_time":"2023-04-11T09:48:33+00:00","og_image":[{"width":1414,"height":1049,"url":"https:\/\/www.laguiadepamplona.com\/actualidad\/wp-content\/uploads\/2022\/02\/irunaopen2022-1.jpg","type":"image\/jpeg"}],"author":"La Gu\u00eda de Pamplona","twitter_card":"summary_large_image","twitter_creator":"@LaGuiadPamplona","twitter_site":"@LaGuiadPamplona","twitter_misc":{"Escrito por":"La Gu\u00eda de Pamplona","Tiempo de lectura":"5 minutos"},"schema":{"@context":"https:\/\/schema.org","@graph":[{"@type":"Article","@id":"https:\/\/www.laguiadepamplona.com\/actualidad\/manana-comienzan-las-inscripciones-para-la-sexta-edicion-del-campeonato-oficial-de-cubos-de-rubik-iruna-open-que-acogera-la-casa-de-la-juventud-los-dias-12-y-13-de-marzo\/#article","isPartOf":{"@id":"https:\/\/www.laguiadepamplona.com\/actualidad\/manana-comienzan-las-inscripciones-para-la-sexta-edicion-del-campeonato-oficial-de-cubos-de-rubik-iruna-open-que-acogera-la-casa-de-la-juventud-los-dias-12-y-13-de-marzo\/"},"author":{"name":"La Gu\u00eda de Pamplona","@id":"https:\/\/www.laguiadepamplona.com\/actualidad\/#\/schema\/person\/efe887376f0213d4657c93adc50b1fdb"},"headline":"Ma\u00f1ana comienzan las inscripciones para la sexta edici\u00f3n del campeonato oficial de cubos de Rubik Iru\u00f1a Open que acoger\u00e1 la Casa de la Juventud los d\u00edas 12 y 13 de marzo","datePublished":"2022-02-03T11:32:19+00:00","dateModified":"2023-04-11T09:48:33+00:00","mainEntityOfPage":{"@id":"https:\/\/www.laguiadepamplona.com\/actualidad\/manana-comienzan-las-inscripciones-para-la-sexta-edicion-del-campeonato-oficial-de-cubos-de-rubik-iruna-open-que-acogera-la-casa-de-la-juventud-los-dias-12-y-13-de-marzo\/"},"wordCount":1052,"commentCount":0,"publisher":{"@id":"https:\/\/www.laguiadepamplona.com\/actualidad\/#organization"},"image":{"@id":"https:\/\/www.laguiadepamplona.com\/actualidad\/manana-comienzan-las-inscripciones-para-la-sexta-edicion-del-campeonato-oficial-de-cubos-de-rubik-iruna-open-que-acogera-la-casa-de-la-juventud-los-dias-12-y-13-de-marzo\/#primaryimage"},"thumbnailUrl":"https:\/\/www.laguiadepamplona.com\/actualidad\/wp-content\/uploads\/2022\/02\/irunaopen2022-1.jpg","articleSection":["Ayto Pamplona"],"inLanguage":"es","potentialAction":[{"@type":"CommentAction","name":"Comment","target":["https:\/\/www.laguiadepamplona.com\/actualidad\/manana-comienzan-las-inscripciones-para-la-sexta-edicion-del-campeonato-oficial-de-cubos-de-rubik-iruna-open-que-acogera-la-casa-de-la-juventud-los-dias-12-y-13-de-marzo\/#respond"]}]},{"@type":"WebPage","@id":"https:\/\/www.laguiadepamplona.com\/actualidad\/manana-comienzan-las-inscripciones-para-la-sexta-edicion-del-campeonato-oficial-de-cubos-de-rubik-iruna-open-que-acogera-la-casa-de-la-juventud-los-dias-12-y-13-de-marzo\/","url":"https:\/\/www.laguiadepamplona.com\/actualidad\/manana-comienzan-las-inscripciones-para-la-sexta-edicion-del-campeonato-oficial-de-cubos-de-rubik-iruna-open-que-acogera-la-casa-de-la-juventud-los-dias-12-y-13-de-marzo\/","name":"Ma\u00f1ana comienzan las inscripciones para la sexta edici\u00f3n del campeonato oficial de cubos de Rubik Iru\u00f1a Open que acoger\u00e1 la Casa de la Juventud los d\u00edas 12 y 13 de marzo","isPartOf":{"@id":"https:\/\/www.laguiadepamplona.com\/actualidad\/#website"},"primaryImageOfPage":{"@id":"https:\/\/www.laguiadepamplona.com\/actualidad\/manana-comienzan-las-inscripciones-para-la-sexta-edicion-del-campeonato-oficial-de-cubos-de-rubik-iruna-open-que-acogera-la-casa-de-la-juventud-los-dias-12-y-13-de-marzo\/#primaryimage"},"image":{"@id":"https:\/\/www.laguiadepamplona.com\/actualidad\/manana-comienzan-las-inscripciones-para-la-sexta-edicion-del-campeonato-oficial-de-cubos-de-rubik-iruna-open-que-acogera-la-casa-de-la-juventud-los-dias-12-y-13-de-marzo\/#primaryimage"},"thumbnailUrl":"https:\/\/www.laguiadepamplona.com\/actualidad\/wp-content\/uploads\/2022\/02\/irunaopen2022-1.jpg","datePublished":"2022-02-03T11:32:19+00:00","dateModified":"2023-04-11T09:48:33+00:00","description":"El 4 de febrero, a las 20 horas, se desbloquear\u00e1 la p\u00e1gina oficial de la World Cube Association (WCA) para quienes aspiren","breadcrumb":{"@id":"https:\/\/www.laguiadepamplona.com\/actualidad\/manana-comienzan-las-inscripciones-para-la-sexta-edicion-del-campeonato-oficial-de-cubos-de-rubik-iruna-open-que-acogera-la-casa-de-la-juventud-los-dias-12-y-13-de-marzo\/#breadcrumb"},"inLanguage":"es","potentialAction":[{"@type":"ReadAction","target":["https:\/\/www.laguiadepamplona.com\/actualidad\/manana-comienzan-las-inscripciones-para-la-sexta-edicion-del-campeonato-oficial-de-cubos-de-rubik-iruna-open-que-acogera-la-casa-de-la-juventud-los-dias-12-y-13-de-marzo\/"]}]},{"@type":"ImageObject","inLanguage":"es","@id":"https:\/\/www.laguiadepamplona.com\/actualidad\/manana-comienzan-las-inscripciones-para-la-sexta-edicion-del-campeonato-oficial-de-cubos-de-rubik-iruna-open-que-acogera-la-casa-de-la-juventud-los-dias-12-y-13-de-marzo\/#primaryimage","url":"https:\/\/www.laguiadepamplona.com\/actualidad\/wp-content\/uploads\/2022\/02\/irunaopen2022-1.jpg","contentUrl":"https:\/\/www.laguiadepamplona.com\/actualidad\/wp-content\/uploads\/2022\/02\/irunaopen2022-1.jpg","width":1414,"height":1049},{"@type":"BreadcrumbList","@id":"https:\/\/www.laguiadepamplona.com\/actualidad\/manana-comienzan-las-inscripciones-para-la-sexta-edicion-del-campeonato-oficial-de-cubos-de-rubik-iruna-open-que-acogera-la-casa-de-la-juventud-los-dias-12-y-13-de-marzo\/#breadcrumb","itemListElement":[{"@type":"ListItem","position":1,"name":"Portada","item":"https:\/\/www.laguiadepamplona.com\/actualidad\/"},{"@type":"ListItem","position":2,"name":"Ma\u00f1ana comienzan las inscripciones para la sexta edici\u00f3n del campeonato oficial de cubos de Rubik Iru\u00f1a Open que acoger\u00e1 la Casa de la Juventud los d\u00edas 12 y 13 de marzo"}]},{"@type":"WebSite","@id":"https:\/\/www.laguiadepamplona.com\/actualidad\/#website","url":"https:\/\/www.laguiadepamplona.com\/actualidad\/","name":"La gu\u00eda de Pamplona","description":"Noticias de Pamplona","publisher":{"@id":"https:\/\/www.laguiadepamplona.com\/actualidad\/#organization"},"potentialAction":[{"@type":"SearchAction","target":{"@type":"EntryPoint","urlTemplate":"https:\/\/www.laguiadepamplona.com\/actualidad\/?s={search_term_string}"},"query-input":{"@type":"PropertyValueSpecification","valueRequired":true,"valueName":"search_term_string"}}],"inLanguage":"es"},{"@type":"Organization","@id":"https:\/\/www.laguiadepamplona.com\/actualidad\/#organization","name":"La Gu\u00eda de Pamplona \/ Noticias","url":"https:\/\/www.laguiadepamplona.com\/actualidad\/","logo":{"@type":"ImageObject","inLanguage":"es","@id":"https:\/\/www.laguiadepamplona.com\/actualidad\/#\/schema\/logo\/image\/","url":"https:\/\/www.laguiadepamplona.com\/actualidad\/wp-content\/uploads\/2018\/11\/logo-laguiadepamplona18-web1.png","contentUrl":"https:\/\/www.laguiadepamplona.com\/actualidad\/wp-content\/uploads\/2018\/11\/logo-laguiadepamplona18-web1.png","width":600,"height":196,"caption":"La Gu\u00eda de Pamplona \/ Noticias"},"image":{"@id":"https:\/\/www.laguiadepamplona.com\/actualidad\/#\/schema\/logo\/image\/"},"sameAs":["https:\/\/www.facebook.com\/laguiadepamplonacom-133175176762273\/?ref=hl","https:\/\/x.com\/LaGuiadPamplona","https:\/\/www.instagram.com\/la_guia_de_pamplona\/","https:\/\/www.youtube.com\/user\/laguiadepamplona"]},{"@type":"Person","@id":"https:\/\/www.laguiadepamplona.com\/actualidad\/#\/schema\/person\/efe887376f0213d4657c93adc50b1fdb","name":"La Gu\u00eda de Pamplona","image":{"@type":"ImageObject","inLanguage":"es","@id":"https:\/\/secure.gravatar.com\/avatar\/b6992f131dc8d30ab0dff15446e9d346d9dbd95992de0fef795073f5ea83a81c?s=96&d=mm&r=g","url":"https:\/\/secure.gravatar.com\/avatar\/b6992f131dc8d30ab0dff15446e9d346d9dbd95992de0fef795073f5ea83a81c?s=96&d=mm&r=g","contentUrl":"https:\/\/secure.gravatar.com\/avatar\/b6992f131dc8d30ab0dff15446e9d346d9dbd95992de0fef795073f5ea83a81c?s=96&d=mm&r=g","caption":"La Gu\u00eda de Pamplona"}}]}},"post_mailing_queue_ids":[],"_links":{"self":[{"href":"https:\/\/www.laguiadepamplona.com\/actualidad\/wp-json\/wp\/v2\/posts\/38555","targetHints":{"allow":["GET"]}}],"collection":[{"href":"https:\/\/www.laguiadepamplona.com\/actualidad\/wp-json\/wp\/v2\/posts"}],"about":[{"href":"https:\/\/www.laguiadepamplona.com\/actualidad\/wp-json\/wp\/v2\/types\/post"}],"author":[{"embeddable":true,"href":"https:\/\/www.laguiadepamplona.com\/actualidad\/wp-json\/wp\/v2\/users\/1"}],"replies":[{"embeddable":true,"href":"https:\/\/www.laguiadepamplona.com\/actualidad\/wp-json\/wp\/v2\/comments?post=38555"}],"version-history":[{"count":0,"href":"https:\/\/www.laguiadepamplona.com\/actualidad\/wp-json\/wp\/v2\/posts\/38555\/revisions"}],"wp:featuredmedia":[{"embeddable":true,"href":"https:\/\/www.laguiadepamplona.com\/actualidad\/wp-json\/wp\/v2\/media\/38557"}],"wp:attachment":[{"href":"https:\/\/www.laguiadepamplona.com\/actualidad\/wp-json\/wp\/v2\/media?parent=38555"}],"wp:term":[{"taxonomy":"category","embeddable":true,"href":"https:\/\/www.laguiadepamplona.com\/actualidad\/wp-json\/wp\/v2\/categories?post=38555"},{"taxonomy":"post_tag","embeddable":true,"href":"https:\/\/www.laguiadepamplona.com\/actualidad\/wp-json\/wp\/v2\/tags?post=38555"}],"curies":[{"name":"wp","href":"https:\/\/api.w.org\/{rel}","templated":true}]}}