{"id":38553,"date":"2022-02-03T13:28:51","date_gmt":"2022-02-03T11:28:51","guid":{"rendered":"https:\/\/www.laguiadepamplona.com\/actualidad\/?p=38553"},"modified":"2023-04-11T11:48:33","modified_gmt":"2023-04-11T09:48:33","slug":"el-14-de-febrero-finaliza-el-plazo-para-presentar-instancias-a-la-convocatoria-de-listas-para-la-contratacion-temporal-de-auxiliar-de-funcionamiento-de-instalaciones-municipales","status":"publish","type":"post","link":"https:\/\/www.laguiadepamplona.com\/actualidad\/el-14-de-febrero-finaliza-el-plazo-para-presentar-instancias-a-la-convocatoria-de-listas-para-la-contratacion-temporal-de-auxiliar-de-funcionamiento-de-instalaciones-municipales\/","title":{"rendered":"El 14 de febrero finaliza el plazo para presentar instancias a la convocatoria de listas para la contrataci\u00f3n temporal de auxiliar de funcionamiento de instalaciones municipales"},"content":{"rendered":"<h5>La convocatoria consiste en una \u00fanica prueba de car\u00e1cter te\u00f3rico con un cuestionario de preguntas<\/h5>\n<p><!--more--><\/p>\n<p>El Ayuntamiento de Pamplona ha convocado pruebas selectivas para la constituci\u00f3n de una relaci\u00f3n de aspirantes para el desempe\u00f1o, mediante contrataci\u00f3n temporal, del puesto de trabajo de auxiliar de funcionamiento de instalaciones municipales. Hasta el 14 de febrero las personas interesadas pueden presentar sus instancias. La convocatoria se ha publicado en el <a href=\"https:\/\/bon.navarra.es\/es\/anuncio\/-\/texto\/2022\/25\/21\" target=\"_blank\" rel=\"noopener\">BON n\u00famero 25<\/a> de 3 de febrero y sus bases se pueden consultar tambi\u00e9n en la <a href=\"https:\/\/sedeelectronica.pamplona.es\/FichaTramite.aspx?id=EP2000020\" target=\"_blank\" rel=\"noopener\">web municipal<\/a>.<br \/>\n<script async src=\"\/\/pagead2.googlesyndication.com\/pagead\/js\/adsbygoogle.js\"><\/script><br \/>\n<!-- Noticias La Guia de Pamplona --><br \/>\n<ins class=\"adsbygoogle\"\nstyle=\"display:block\"\ndata-ad-client=\"ca-pub-6943679897239327\"\ndata-ad-slot=\"7048180777\"\ndata-ad-format=\"auto\"><\/ins><br \/>\n<script>\n(adsbygoogle = window.adsbygoogle || []).push({});\n<\/script><\/p>\n<p>Quien quieran concurrir a esta convocatoria deben cumplir los requisitos de nacionalidad y edad, y hallarse en posesi\u00f3n del t\u00edtulo de Graduado en ESO, Graduado Escolar, Formaci\u00f3n Profesional de Grado Medio o t\u00edtulo declarado equivalente, o en condiciones de obtenerlo en la fecha en que termine el plazo de presentaci\u00f3n de instancias. Adem\u00e1s, las personas aspirantes deben poseer la capacidad f\u00edsica y ps\u00edquica necesaria para el ejercicio de las funciones correspondientes, no hallarse inhabilitadas o suspendidas para el ejercicio de las funciones p\u00fablicas y no haber sido separadas del servicio de una Administraci\u00f3n P\u00fablica. La jornada laboral se adaptar\u00e1 a las necesidades del servicio y podr\u00e1 ser de jornada completa o parcial y, asimismo, podr\u00e1 ser modificada en cualquier momento por los \u00f3rganos administrativos competentes de conformidad con los dispuesto en la normativa aplicable.<\/p>\n<p>El proceso de selecci\u00f3n se llevar\u00e1 a cabo mediante una \u00fanica prueba de car\u00e1cter te\u00f3rico. Consistir\u00e1 en contestar por escrito, en el tiempo m\u00e1ximo que fije el tribunal antes de su comienzo, a un cuestionario tipo test con tres alterativas de respuesta, de la que solo una de ellas ser\u00e1 v\u00e1lida, sobre aptitudes verbales, num\u00e9ricas, ortogr\u00e1ficas, burocr\u00e1ticas y de conocimientos te\u00f3rico \u2013 pr\u00e1cticos relacionados con el mantenimiento y reparaciones simples en edificios (electricidad, mec\u00e1nica, carpinter\u00eda, fontaner\u00eda o jardiner\u00edas b\u00e1sicas). La prueba, que se valorar\u00e1 sobre 100 puntos, la superar\u00e1n todas aquellas personas que obtengan al menos el 30% de la puntuaci\u00f3n m\u00e1xima establecida, es decir, 30 puntos.<br \/>\n<script async src=\"\/\/pagead2.googlesyndication.com\/pagead\/js\/adsbygoogle.js\"><\/script><br \/>\n<!-- Noticias La Guia de Pamplona --><br \/>\n<ins class=\"adsbygoogle\"\nstyle=\"display:block\"\ndata-ad-client=\"ca-pub-6943679897239327\"\ndata-ad-slot=\"7048180777\"\ndata-ad-format=\"auto\"><\/ins><br \/>\n<script>\n(adsbygoogle = window.adsbygoogle || []).push({});\n<\/script><\/p>\n<p>Las instancias para la convocatoria se deben presentar en cualquiera de los registros del Ayuntamiento de Pamplona o por cualquiera de los medios previstos en la Ley de Procedimiento Administrativo Com\u00fan de las Administraciones P\u00fablicas. Es necesario tambi\u00e9n abonar los 5 euros en concepto de pago de tasa por derechos de inscripci\u00f3n.<\/p>\n","protected":false},"excerpt":{"rendered":"<p>La convocatoria consiste en una \u00fanica prueba de car\u00e1cter te\u00f3rico con un cuestionario de preguntas<\/p>\n","protected":false},"author":1,"featured_media":36074,"comment_status":"open","ping_status":"closed","sticky":false,"template":"","format":"standard","meta":{"footnotes":""},"categories":[2],"tags":[],"class_list":["post-38553","post","type-post","status-publish","format-standard","has-post-thumbnail","hentry","category-ayuntamiento-pamplona"],"yoast_head":"<!-- This site is optimized with the Yoast SEO plugin v27.3 - https:\/\/yoast.com\/product\/yoast-seo-wordpress\/ -->\n<title>El 14 de febrero finaliza el plazo para presentar instancias a la convocatoria de listas para la contrataci\u00f3n temporal de auxiliar de funcionamiento de instalaciones municipales<\/title>\n<meta name=\"description\" content=\"La convocatoria consiste en una \u00fanica prueba de car\u00e1cter te\u00f3rico con un cuestionario de preguntas\" \/>\n<meta name=\"robots\" content=\"index, follow, max-snippet:-1, max-image-preview:large, max-video-preview:-1\" \/>\n<link rel=\"canonical\" href=\"https:\/\/www.laguiadepamplona.com\/actualidad\/el-14-de-febrero-finaliza-el-plazo-para-presentar-instancias-a-la-convocatoria-de-listas-para-la-contratacion-temporal-de-auxiliar-de-funcionamiento-de-instalaciones-municipales\/\" \/>\n<meta property=\"og:locale\" content=\"es_ES\" \/>\n<meta property=\"og:type\" content=\"article\" \/>\n<meta property=\"og:title\" content=\"El 14 de febrero finaliza el plazo para presentar instancias a la convocatoria de listas para la contrataci\u00f3n temporal de auxiliar de funcionamiento de instalaciones municipales\" \/>\n<meta property=\"og:description\" content=\"La convocatoria consiste en una \u00fanica prueba de car\u00e1cter te\u00f3rico con un cuestionario de preguntas\" \/>\n<meta property=\"og:url\" content=\"https:\/\/www.laguiadepamplona.com\/actualidad\/el-14-de-febrero-finaliza-el-plazo-para-presentar-instancias-a-la-convocatoria-de-listas-para-la-contratacion-temporal-de-auxiliar-de-funcionamiento-de-instalaciones-municipales\/\" \/>\n<meta property=\"og:site_name\" content=\"La Gu\u00eda de Pamplona\" \/>\n<meta property=\"article:publisher\" content=\"https:\/\/www.facebook.com\/laguiadepamplonacom-133175176762273\/?ref=hl\" \/>\n<meta property=\"article:published_time\" content=\"2022-02-03T11:28:51+00:00\" \/>\n<meta property=\"article:modified_time\" content=\"2023-04-11T09:48:33+00:00\" \/>\n<meta property=\"og:image\" content=\"https:\/\/www.laguiadepamplona.com\/actualidad\/wp-content\/uploads\/2021\/08\/ayuntamiento-pamplona2.jpg\" \/>\n\t<meta property=\"og:image:width\" content=\"1920\" \/>\n\t<meta property=\"og:image:height\" content=\"1080\" \/>\n\t<meta property=\"og:image:type\" content=\"image\/jpeg\" \/>\n<meta name=\"author\" content=\"La Gu\u00eda de Pamplona\" \/>\n<meta name=\"twitter:card\" content=\"summary_large_image\" \/>\n<meta name=\"twitter:creator\" content=\"@LaGuiadPamplona\" \/>\n<meta name=\"twitter:site\" content=\"@LaGuiadPamplona\" \/>\n<meta name=\"twitter:label1\" content=\"Escrito por\" \/>\n\t<meta name=\"twitter:data1\" content=\"La Gu\u00eda de Pamplona\" \/>\n\t<meta name=\"twitter:label2\" content=\"Tiempo de lectura\" \/>\n\t<meta name=\"twitter:data2\" content=\"2 minutos\" \/>\n<script type=\"application\/ld+json\" class=\"yoast-schema-graph\">{\"@context\":\"https:\\\/\\\/schema.org\",\"@graph\":[{\"@type\":\"Article\",\"@id\":\"https:\\\/\\\/www.laguiadepamplona.com\\\/actualidad\\\/el-14-de-febrero-finaliza-el-plazo-para-presentar-instancias-a-la-convocatoria-de-listas-para-la-contratacion-temporal-de-auxiliar-de-funcionamiento-de-instalaciones-municipales\\\/#article\",\"isPartOf\":{\"@id\":\"https:\\\/\\\/www.laguiadepamplona.com\\\/actualidad\\\/el-14-de-febrero-finaliza-el-plazo-para-presentar-instancias-a-la-convocatoria-de-listas-para-la-contratacion-temporal-de-auxiliar-de-funcionamiento-de-instalaciones-municipales\\\/\"},\"author\":{\"name\":\"La Gu\u00eda de Pamplona\",\"@id\":\"https:\\\/\\\/www.laguiadepamplona.com\\\/actualidad\\\/#\\\/schema\\\/person\\\/efe887376f0213d4657c93adc50b1fdb\"},\"headline\":\"El 14 de febrero finaliza el plazo para presentar instancias a la convocatoria de listas para la contrataci\u00f3n temporal de auxiliar de funcionamiento de instalaciones municipales\",\"datePublished\":\"2022-02-03T11:28:51+00:00\",\"dateModified\":\"2023-04-11T09:48:33+00:00\",\"mainEntityOfPage\":{\"@id\":\"https:\\\/\\\/www.laguiadepamplona.com\\\/actualidad\\\/el-14-de-febrero-finaliza-el-plazo-para-presentar-instancias-a-la-convocatoria-de-listas-para-la-contratacion-temporal-de-auxiliar-de-funcionamiento-de-instalaciones-municipales\\\/\"},\"wordCount\":437,\"commentCount\":0,\"publisher\":{\"@id\":\"https:\\\/\\\/www.laguiadepamplona.com\\\/actualidad\\\/#organization\"},\"image\":{\"@id\":\"https:\\\/\\\/www.laguiadepamplona.com\\\/actualidad\\\/el-14-de-febrero-finaliza-el-plazo-para-presentar-instancias-a-la-convocatoria-de-listas-para-la-contratacion-temporal-de-auxiliar-de-funcionamiento-de-instalaciones-municipales\\\/#primaryimage\"},\"thumbnailUrl\":\"https:\\\/\\\/www.laguiadepamplona.com\\\/actualidad\\\/wp-content\\\/uploads\\\/2021\\\/08\\\/ayuntamiento-pamplona2.jpg\",\"articleSection\":[\"Ayto Pamplona\"],\"inLanguage\":\"es\",\"potentialAction\":[{\"@type\":\"CommentAction\",\"name\":\"Comment\",\"target\":[\"https:\\\/\\\/www.laguiadepamplona.com\\\/actualidad\\\/el-14-de-febrero-finaliza-el-plazo-para-presentar-instancias-a-la-convocatoria-de-listas-para-la-contratacion-temporal-de-auxiliar-de-funcionamiento-de-instalaciones-municipales\\\/#respond\"]}]},{\"@type\":\"WebPage\",\"@id\":\"https:\\\/\\\/www.laguiadepamplona.com\\\/actualidad\\\/el-14-de-febrero-finaliza-el-plazo-para-presentar-instancias-a-la-convocatoria-de-listas-para-la-contratacion-temporal-de-auxiliar-de-funcionamiento-de-instalaciones-municipales\\\/\",\"url\":\"https:\\\/\\\/www.laguiadepamplona.com\\\/actualidad\\\/el-14-de-febrero-finaliza-el-plazo-para-presentar-instancias-a-la-convocatoria-de-listas-para-la-contratacion-temporal-de-auxiliar-de-funcionamiento-de-instalaciones-municipales\\\/\",\"name\":\"El 14 de febrero finaliza el plazo para presentar instancias a la convocatoria de listas para la contrataci\u00f3n temporal de auxiliar de funcionamiento de instalaciones municipales\",\"isPartOf\":{\"@id\":\"https:\\\/\\\/www.laguiadepamplona.com\\\/actualidad\\\/#website\"},\"primaryImageOfPage\":{\"@id\":\"https:\\\/\\\/www.laguiadepamplona.com\\\/actualidad\\\/el-14-de-febrero-finaliza-el-plazo-para-presentar-instancias-a-la-convocatoria-de-listas-para-la-contratacion-temporal-de-auxiliar-de-funcionamiento-de-instalaciones-municipales\\\/#primaryimage\"},\"image\":{\"@id\":\"https:\\\/\\\/www.laguiadepamplona.com\\\/actualidad\\\/el-14-de-febrero-finaliza-el-plazo-para-presentar-instancias-a-la-convocatoria-de-listas-para-la-contratacion-temporal-de-auxiliar-de-funcionamiento-de-instalaciones-municipales\\\/#primaryimage\"},\"thumbnailUrl\":\"https:\\\/\\\/www.laguiadepamplona.com\\\/actualidad\\\/wp-content\\\/uploads\\\/2021\\\/08\\\/ayuntamiento-pamplona2.jpg\",\"datePublished\":\"2022-02-03T11:28:51+00:00\",\"dateModified\":\"2023-04-11T09:48:33+00:00\",\"description\":\"La convocatoria consiste en una \u00fanica prueba de car\u00e1cter te\u00f3rico con un cuestionario de preguntas\",\"breadcrumb\":{\"@id\":\"https:\\\/\\\/www.laguiadepamplona.com\\\/actualidad\\\/el-14-de-febrero-finaliza-el-plazo-para-presentar-instancias-a-la-convocatoria-de-listas-para-la-contratacion-temporal-de-auxiliar-de-funcionamiento-de-instalaciones-municipales\\\/#breadcrumb\"},\"inLanguage\":\"es\",\"potentialAction\":[{\"@type\":\"ReadAction\",\"target\":[\"https:\\\/\\\/www.laguiadepamplona.com\\\/actualidad\\\/el-14-de-febrero-finaliza-el-plazo-para-presentar-instancias-a-la-convocatoria-de-listas-para-la-contratacion-temporal-de-auxiliar-de-funcionamiento-de-instalaciones-municipales\\\/\"]}]},{\"@type\":\"ImageObject\",\"inLanguage\":\"es\",\"@id\":\"https:\\\/\\\/www.laguiadepamplona.com\\\/actualidad\\\/el-14-de-febrero-finaliza-el-plazo-para-presentar-instancias-a-la-convocatoria-de-listas-para-la-contratacion-temporal-de-auxiliar-de-funcionamiento-de-instalaciones-municipales\\\/#primaryimage\",\"url\":\"https:\\\/\\\/www.laguiadepamplona.com\\\/actualidad\\\/wp-content\\\/uploads\\\/2021\\\/08\\\/ayuntamiento-pamplona2.jpg\",\"contentUrl\":\"https:\\\/\\\/www.laguiadepamplona.com\\\/actualidad\\\/wp-content\\\/uploads\\\/2021\\\/08\\\/ayuntamiento-pamplona2.jpg\",\"width\":1920,\"height\":1080,\"caption\":\"ayuntamiento pamplona\"},{\"@type\":\"BreadcrumbList\",\"@id\":\"https:\\\/\\\/www.laguiadepamplona.com\\\/actualidad\\\/el-14-de-febrero-finaliza-el-plazo-para-presentar-instancias-a-la-convocatoria-de-listas-para-la-contratacion-temporal-de-auxiliar-de-funcionamiento-de-instalaciones-municipales\\\/#breadcrumb\",\"itemListElement\":[{\"@type\":\"ListItem\",\"position\":1,\"name\":\"Portada\",\"item\":\"https:\\\/\\\/www.laguiadepamplona.com\\\/actualidad\\\/\"},{\"@type\":\"ListItem\",\"position\":2,\"name\":\"El 14 de febrero finaliza el plazo para presentar instancias a la convocatoria de listas para la contrataci\u00f3n temporal de auxiliar de funcionamiento de instalaciones municipales\"}]},{\"@type\":\"WebSite\",\"@id\":\"https:\\\/\\\/www.laguiadepamplona.com\\\/actualidad\\\/#website\",\"url\":\"https:\\\/\\\/www.laguiadepamplona.com\\\/actualidad\\\/\",\"name\":\"La gu\u00eda de Pamplona\",\"description\":\"Noticias de Pamplona\",\"publisher\":{\"@id\":\"https:\\\/\\\/www.laguiadepamplona.com\\\/actualidad\\\/#organization\"},\"potentialAction\":[{\"@type\":\"SearchAction\",\"target\":{\"@type\":\"EntryPoint\",\"urlTemplate\":\"https:\\\/\\\/www.laguiadepamplona.com\\\/actualidad\\\/?s={search_term_string}\"},\"query-input\":{\"@type\":\"PropertyValueSpecification\",\"valueRequired\":true,\"valueName\":\"search_term_string\"}}],\"inLanguage\":\"es\"},{\"@type\":\"Organization\",\"@id\":\"https:\\\/\\\/www.laguiadepamplona.com\\\/actualidad\\\/#organization\",\"name\":\"La Gu\u00eda de Pamplona \\\/ Noticias\",\"url\":\"https:\\\/\\\/www.laguiadepamplona.com\\\/actualidad\\\/\",\"logo\":{\"@type\":\"ImageObject\",\"inLanguage\":\"es\",\"@id\":\"https:\\\/\\\/www.laguiadepamplona.com\\\/actualidad\\\/#\\\/schema\\\/logo\\\/image\\\/\",\"url\":\"https:\\\/\\\/www.laguiadepamplona.com\\\/actualidad\\\/wp-content\\\/uploads\\\/2018\\\/11\\\/logo-laguiadepamplona18-web1.png\",\"contentUrl\":\"https:\\\/\\\/www.laguiadepamplona.com\\\/actualidad\\\/wp-content\\\/uploads\\\/2018\\\/11\\\/logo-laguiadepamplona18-web1.png\",\"width\":600,\"height\":196,\"caption\":\"La Gu\u00eda de Pamplona \\\/ Noticias\"},\"image\":{\"@id\":\"https:\\\/\\\/www.laguiadepamplona.com\\\/actualidad\\\/#\\\/schema\\\/logo\\\/image\\\/\"},\"sameAs\":[\"https:\\\/\\\/www.facebook.com\\\/laguiadepamplonacom-133175176762273\\\/?ref=hl\",\"https:\\\/\\\/x.com\\\/LaGuiadPamplona\",\"https:\\\/\\\/www.instagram.com\\\/la_guia_de_pamplona\\\/\",\"https:\\\/\\\/www.youtube.com\\\/user\\\/laguiadepamplona\"]},{\"@type\":\"Person\",\"@id\":\"https:\\\/\\\/www.laguiadepamplona.com\\\/actualidad\\\/#\\\/schema\\\/person\\\/efe887376f0213d4657c93adc50b1fdb\",\"name\":\"La Gu\u00eda de Pamplona\",\"image\":{\"@type\":\"ImageObject\",\"inLanguage\":\"es\",\"@id\":\"https:\\\/\\\/secure.gravatar.com\\\/avatar\\\/b6992f131dc8d30ab0dff15446e9d346d9dbd95992de0fef795073f5ea83a81c?s=96&d=mm&r=g\",\"url\":\"https:\\\/\\\/secure.gravatar.com\\\/avatar\\\/b6992f131dc8d30ab0dff15446e9d346d9dbd95992de0fef795073f5ea83a81c?s=96&d=mm&r=g\",\"contentUrl\":\"https:\\\/\\\/secure.gravatar.com\\\/avatar\\\/b6992f131dc8d30ab0dff15446e9d346d9dbd95992de0fef795073f5ea83a81c?s=96&d=mm&r=g\",\"caption\":\"La Gu\u00eda de Pamplona\"}}]}<\/script>\n<!-- \/ Yoast SEO plugin. -->","yoast_head_json":{"title":"El 14 de febrero finaliza el plazo para presentar instancias a la convocatoria de listas para la contrataci\u00f3n temporal de auxiliar de funcionamiento de instalaciones municipales","description":"La convocatoria consiste en una \u00fanica prueba de car\u00e1cter te\u00f3rico con un cuestionario de preguntas","robots":{"index":"index","follow":"follow","max-snippet":"max-snippet:-1","max-image-preview":"max-image-preview:large","max-video-preview":"max-video-preview:-1"},"canonical":"https:\/\/www.laguiadepamplona.com\/actualidad\/el-14-de-febrero-finaliza-el-plazo-para-presentar-instancias-a-la-convocatoria-de-listas-para-la-contratacion-temporal-de-auxiliar-de-funcionamiento-de-instalaciones-municipales\/","og_locale":"es_ES","og_type":"article","og_title":"El 14 de febrero finaliza el plazo para presentar instancias a la convocatoria de listas para la contrataci\u00f3n temporal de auxiliar de funcionamiento de instalaciones municipales","og_description":"La convocatoria consiste en una \u00fanica prueba de car\u00e1cter te\u00f3rico con un cuestionario de preguntas","og_url":"https:\/\/www.laguiadepamplona.com\/actualidad\/el-14-de-febrero-finaliza-el-plazo-para-presentar-instancias-a-la-convocatoria-de-listas-para-la-contratacion-temporal-de-auxiliar-de-funcionamiento-de-instalaciones-municipales\/","og_site_name":"La Gu\u00eda de Pamplona","article_publisher":"https:\/\/www.facebook.com\/laguiadepamplonacom-133175176762273\/?ref=hl","article_published_time":"2022-02-03T11:28:51+00:00","article_modified_time":"2023-04-11T09:48:33+00:00","og_image":[{"width":1920,"height":1080,"url":"https:\/\/www.laguiadepamplona.com\/actualidad\/wp-content\/uploads\/2021\/08\/ayuntamiento-pamplona2.jpg","type":"image\/jpeg"}],"author":"La Gu\u00eda de Pamplona","twitter_card":"summary_large_image","twitter_creator":"@LaGuiadPamplona","twitter_site":"@LaGuiadPamplona","twitter_misc":{"Escrito por":"La Gu\u00eda de Pamplona","Tiempo de lectura":"2 minutos"},"schema":{"@context":"https:\/\/schema.org","@graph":[{"@type":"Article","@id":"https:\/\/www.laguiadepamplona.com\/actualidad\/el-14-de-febrero-finaliza-el-plazo-para-presentar-instancias-a-la-convocatoria-de-listas-para-la-contratacion-temporal-de-auxiliar-de-funcionamiento-de-instalaciones-municipales\/#article","isPartOf":{"@id":"https:\/\/www.laguiadepamplona.com\/actualidad\/el-14-de-febrero-finaliza-el-plazo-para-presentar-instancias-a-la-convocatoria-de-listas-para-la-contratacion-temporal-de-auxiliar-de-funcionamiento-de-instalaciones-municipales\/"},"author":{"name":"La Gu\u00eda de Pamplona","@id":"https:\/\/www.laguiadepamplona.com\/actualidad\/#\/schema\/person\/efe887376f0213d4657c93adc50b1fdb"},"headline":"El 14 de febrero finaliza el plazo para presentar instancias a la convocatoria de listas para la contrataci\u00f3n temporal de auxiliar de funcionamiento de instalaciones municipales","datePublished":"2022-02-03T11:28:51+00:00","dateModified":"2023-04-11T09:48:33+00:00","mainEntityOfPage":{"@id":"https:\/\/www.laguiadepamplona.com\/actualidad\/el-14-de-febrero-finaliza-el-plazo-para-presentar-instancias-a-la-convocatoria-de-listas-para-la-contratacion-temporal-de-auxiliar-de-funcionamiento-de-instalaciones-municipales\/"},"wordCount":437,"commentCount":0,"publisher":{"@id":"https:\/\/www.laguiadepamplona.com\/actualidad\/#organization"},"image":{"@id":"https:\/\/www.laguiadepamplona.com\/actualidad\/el-14-de-febrero-finaliza-el-plazo-para-presentar-instancias-a-la-convocatoria-de-listas-para-la-contratacion-temporal-de-auxiliar-de-funcionamiento-de-instalaciones-municipales\/#primaryimage"},"thumbnailUrl":"https:\/\/www.laguiadepamplona.com\/actualidad\/wp-content\/uploads\/2021\/08\/ayuntamiento-pamplona2.jpg","articleSection":["Ayto Pamplona"],"inLanguage":"es","potentialAction":[{"@type":"CommentAction","name":"Comment","target":["https:\/\/www.laguiadepamplona.com\/actualidad\/el-14-de-febrero-finaliza-el-plazo-para-presentar-instancias-a-la-convocatoria-de-listas-para-la-contratacion-temporal-de-auxiliar-de-funcionamiento-de-instalaciones-municipales\/#respond"]}]},{"@type":"WebPage","@id":"https:\/\/www.laguiadepamplona.com\/actualidad\/el-14-de-febrero-finaliza-el-plazo-para-presentar-instancias-a-la-convocatoria-de-listas-para-la-contratacion-temporal-de-auxiliar-de-funcionamiento-de-instalaciones-municipales\/","url":"https:\/\/www.laguiadepamplona.com\/actualidad\/el-14-de-febrero-finaliza-el-plazo-para-presentar-instancias-a-la-convocatoria-de-listas-para-la-contratacion-temporal-de-auxiliar-de-funcionamiento-de-instalaciones-municipales\/","name":"El 14 de febrero finaliza el plazo para presentar instancias a la convocatoria de listas para la contrataci\u00f3n temporal de auxiliar de funcionamiento de instalaciones municipales","isPartOf":{"@id":"https:\/\/www.laguiadepamplona.com\/actualidad\/#website"},"primaryImageOfPage":{"@id":"https:\/\/www.laguiadepamplona.com\/actualidad\/el-14-de-febrero-finaliza-el-plazo-para-presentar-instancias-a-la-convocatoria-de-listas-para-la-contratacion-temporal-de-auxiliar-de-funcionamiento-de-instalaciones-municipales\/#primaryimage"},"image":{"@id":"https:\/\/www.laguiadepamplona.com\/actualidad\/el-14-de-febrero-finaliza-el-plazo-para-presentar-instancias-a-la-convocatoria-de-listas-para-la-contratacion-temporal-de-auxiliar-de-funcionamiento-de-instalaciones-municipales\/#primaryimage"},"thumbnailUrl":"https:\/\/www.laguiadepamplona.com\/actualidad\/wp-content\/uploads\/2021\/08\/ayuntamiento-pamplona2.jpg","datePublished":"2022-02-03T11:28:51+00:00","dateModified":"2023-04-11T09:48:33+00:00","description":"La convocatoria consiste en una \u00fanica prueba de car\u00e1cter te\u00f3rico con un cuestionario de preguntas","breadcrumb":{"@id":"https:\/\/www.laguiadepamplona.com\/actualidad\/el-14-de-febrero-finaliza-el-plazo-para-presentar-instancias-a-la-convocatoria-de-listas-para-la-contratacion-temporal-de-auxiliar-de-funcionamiento-de-instalaciones-municipales\/#breadcrumb"},"inLanguage":"es","potentialAction":[{"@type":"ReadAction","target":["https:\/\/www.laguiadepamplona.com\/actualidad\/el-14-de-febrero-finaliza-el-plazo-para-presentar-instancias-a-la-convocatoria-de-listas-para-la-contratacion-temporal-de-auxiliar-de-funcionamiento-de-instalaciones-municipales\/"]}]},{"@type":"ImageObject","inLanguage":"es","@id":"https:\/\/www.laguiadepamplona.com\/actualidad\/el-14-de-febrero-finaliza-el-plazo-para-presentar-instancias-a-la-convocatoria-de-listas-para-la-contratacion-temporal-de-auxiliar-de-funcionamiento-de-instalaciones-municipales\/#primaryimage","url":"https:\/\/www.laguiadepamplona.com\/actualidad\/wp-content\/uploads\/2021\/08\/ayuntamiento-pamplona2.jpg","contentUrl":"https:\/\/www.laguiadepamplona.com\/actualidad\/wp-content\/uploads\/2021\/08\/ayuntamiento-pamplona2.jpg","width":1920,"height":1080,"caption":"ayuntamiento pamplona"},{"@type":"BreadcrumbList","@id":"https:\/\/www.laguiadepamplona.com\/actualidad\/el-14-de-febrero-finaliza-el-plazo-para-presentar-instancias-a-la-convocatoria-de-listas-para-la-contratacion-temporal-de-auxiliar-de-funcionamiento-de-instalaciones-municipales\/#breadcrumb","itemListElement":[{"@type":"ListItem","position":1,"name":"Portada","item":"https:\/\/www.laguiadepamplona.com\/actualidad\/"},{"@type":"ListItem","position":2,"name":"El 14 de febrero finaliza el plazo para presentar instancias a la convocatoria de listas para la contrataci\u00f3n temporal de auxiliar de funcionamiento de instalaciones municipales"}]},{"@type":"WebSite","@id":"https:\/\/www.laguiadepamplona.com\/actualidad\/#website","url":"https:\/\/www.laguiadepamplona.com\/actualidad\/","name":"La gu\u00eda de Pamplona","description":"Noticias de Pamplona","publisher":{"@id":"https:\/\/www.laguiadepamplona.com\/actualidad\/#organization"},"potentialAction":[{"@type":"SearchAction","target":{"@type":"EntryPoint","urlTemplate":"https:\/\/www.laguiadepamplona.com\/actualidad\/?s={search_term_string}"},"query-input":{"@type":"PropertyValueSpecification","valueRequired":true,"valueName":"search_term_string"}}],"inLanguage":"es"},{"@type":"Organization","@id":"https:\/\/www.laguiadepamplona.com\/actualidad\/#organization","name":"La Gu\u00eda de Pamplona \/ Noticias","url":"https:\/\/www.laguiadepamplona.com\/actualidad\/","logo":{"@type":"ImageObject","inLanguage":"es","@id":"https:\/\/www.laguiadepamplona.com\/actualidad\/#\/schema\/logo\/image\/","url":"https:\/\/www.laguiadepamplona.com\/actualidad\/wp-content\/uploads\/2018\/11\/logo-laguiadepamplona18-web1.png","contentUrl":"https:\/\/www.laguiadepamplona.com\/actualidad\/wp-content\/uploads\/2018\/11\/logo-laguiadepamplona18-web1.png","width":600,"height":196,"caption":"La Gu\u00eda de Pamplona \/ Noticias"},"image":{"@id":"https:\/\/www.laguiadepamplona.com\/actualidad\/#\/schema\/logo\/image\/"},"sameAs":["https:\/\/www.facebook.com\/laguiadepamplonacom-133175176762273\/?ref=hl","https:\/\/x.com\/LaGuiadPamplona","https:\/\/www.instagram.com\/la_guia_de_pamplona\/","https:\/\/www.youtube.com\/user\/laguiadepamplona"]},{"@type":"Person","@id":"https:\/\/www.laguiadepamplona.com\/actualidad\/#\/schema\/person\/efe887376f0213d4657c93adc50b1fdb","name":"La Gu\u00eda de Pamplona","image":{"@type":"ImageObject","inLanguage":"es","@id":"https:\/\/secure.gravatar.com\/avatar\/b6992f131dc8d30ab0dff15446e9d346d9dbd95992de0fef795073f5ea83a81c?s=96&d=mm&r=g","url":"https:\/\/secure.gravatar.com\/avatar\/b6992f131dc8d30ab0dff15446e9d346d9dbd95992de0fef795073f5ea83a81c?s=96&d=mm&r=g","contentUrl":"https:\/\/secure.gravatar.com\/avatar\/b6992f131dc8d30ab0dff15446e9d346d9dbd95992de0fef795073f5ea83a81c?s=96&d=mm&r=g","caption":"La Gu\u00eda de Pamplona"}}]}},"post_mailing_queue_ids":[],"_links":{"self":[{"href":"https:\/\/www.laguiadepamplona.com\/actualidad\/wp-json\/wp\/v2\/posts\/38553","targetHints":{"allow":["GET"]}}],"collection":[{"href":"https:\/\/www.laguiadepamplona.com\/actualidad\/wp-json\/wp\/v2\/posts"}],"about":[{"href":"https:\/\/www.laguiadepamplona.com\/actualidad\/wp-json\/wp\/v2\/types\/post"}],"author":[{"embeddable":true,"href":"https:\/\/www.laguiadepamplona.com\/actualidad\/wp-json\/wp\/v2\/users\/1"}],"replies":[{"embeddable":true,"href":"https:\/\/www.laguiadepamplona.com\/actualidad\/wp-json\/wp\/v2\/comments?post=38553"}],"version-history":[{"count":0,"href":"https:\/\/www.laguiadepamplona.com\/actualidad\/wp-json\/wp\/v2\/posts\/38553\/revisions"}],"wp:featuredmedia":[{"embeddable":true,"href":"https:\/\/www.laguiadepamplona.com\/actualidad\/wp-json\/wp\/v2\/media\/36074"}],"wp:attachment":[{"href":"https:\/\/www.laguiadepamplona.com\/actualidad\/wp-json\/wp\/v2\/media?parent=38553"}],"wp:term":[{"taxonomy":"category","embeddable":true,"href":"https:\/\/www.laguiadepamplona.com\/actualidad\/wp-json\/wp\/v2\/categories?post=38553"},{"taxonomy":"post_tag","embeddable":true,"href":"https:\/\/www.laguiadepamplona.com\/actualidad\/wp-json\/wp\/v2\/tags?post=38553"}],"curies":[{"name":"wp","href":"https:\/\/api.w.org\/{rel}","templated":true}]}}