{"id":38546,"date":"2022-02-02T17:43:09","date_gmt":"2022-02-02T15:43:09","guid":{"rendered":"https:\/\/www.laguiadepamplona.com\/actualidad\/?p=38546"},"modified":"2023-04-11T11:48:33","modified_gmt":"2023-04-11T09:48:33","slug":"la-ocupacion-de-los-aparcamientos-de-bicicletas-para-residentes-alcanza-el-743-con-las-plazas-completas-en-tres-de-cinco-que-se-han-puesto-en-marcha","status":"publish","type":"post","link":"https:\/\/www.laguiadepamplona.com\/actualidad\/la-ocupacion-de-los-aparcamientos-de-bicicletas-para-residentes-alcanza-el-743-con-las-plazas-completas-en-tres-de-cinco-que-se-han-puesto-en-marcha\/","title":{"rendered":"La ocupaci\u00f3n de los aparcamientos de bicicletas para residentes alcanza el 74,3%, con las plazas completas en tres de cinco que se han puesto en marcha"},"content":{"rendered":"<h5>Contin\u00faa abierto el plazo para solicitar plazas en dos nuevos aparcamientos vecinales ubicados en el barrio de San Juan y en el Segundo Ensanche<\/h5>\n<p><!--more--><\/p>\n<p>Los cinco aparcamientos vecinales de bicicletas promovidos por el Ayuntamiento de Pamplona cuentan con un total de 539 plazas y una ocupaci\u00f3n global del 74,3%. Tres de esos cinco aparcamientos de bicicletas para residentes, los ubicados en las calles Descalzos y San Ant\u00f3n del Casco Antiguo y el de Txantrea, est\u00e1n completos, e incluso con lista de espera. Los aparcamientos de Rochapea y Milagrosa tienen una ocupaci\u00f3n del 69,4% y del 45,5%, respectivamente.<br \/>\n<script async src=\"\/\/pagead2.googlesyndication.com\/pagead\/js\/adsbygoogle.js\"><\/script><br \/>\n<!-- Noticias La Guia de Pamplona --><br \/>\n<ins class=\"adsbygoogle\"\nstyle=\"display:block\"\ndata-ad-client=\"ca-pub-6943679897239327\"\ndata-ad-slot=\"7048180777\"\ndata-ad-format=\"auto\"><\/ins><br \/>\n<script>\n(adsbygoogle = window.adsbygoogle || []).push({});\n<\/script><\/p>\n<p>Los aparcamientos del caso Antiguo han sido los primeros en implantarse y son los m\u00e1s demandados. El de Descalzos tiene 124 plazas, que est\u00e1n totalmente ocupadas, y el aparcamiento de San Ant\u00f3n, las 57 plazas. En los dos hay lista de espera y aunque es dif\u00edcil conseguir plaza, todos los a\u00f1os se generan vacantes. Tambi\u00e9n est\u00e1 ocupado y con lista de espera El aparcamiento m\u00e1s peque\u00f1o que es el aparcamiento ubicado en la plaza Arriurdi\u00f1eta en el barrio de Txantrea, tiene tambi\u00e9n sus 30 plazas ocupadas y lista de espera. El aparcamiento de Rochapea, en la calle Urzainqui 14, cuenta con 170 plazas y est\u00e1n ocupadas 118, por lo que quedan libres 52; y el aparcamiento de la traves\u00eda Guelbenzu 8 en Milagrosa tiene 158 plazas, 72 adjudicadas y 86 libres.<\/p>\n<p>Las solicitudes para esas plazas vacantes se deben realizar a trav\u00e9s de los registros municipales o de cualquier otro procedimiento recogido en la ley. Es necesario cumplir los requisitos que se establecen de empadronamiento en el barrio, edad (los menores de 14 a 17 a\u00f1os requieren de autorizaci\u00f3n de padres\/madres o tutores legales) o estar al pago de las obligaciones tributarias y de otra \u00edndole con el Ayuntamiento de Pamplona, entre otros. Las solicitudes se bareman en funci\u00f3n de la proximidad de la vivienda al aparcamiento habilitado en el propio barrio, del nivel de renta de cada persona solicitante y de la existencia de barreras arquitect\u00f3nicas en el edificio en donde se encuentre la vivienda de la persona solicitante.<br \/>\n<script async src=\"\/\/pagead2.googlesyndication.com\/pagead\/js\/adsbygoogle.js\"><\/script><br \/>\n<!-- Noticias La Guia de Pamplona --><br \/>\n<ins class=\"adsbygoogle\"\nstyle=\"display:block\"\ndata-ad-client=\"ca-pub-6943679897239327\"\ndata-ad-slot=\"7048180777\"\ndata-ad-format=\"auto\"><\/ins><br \/>\n<script>\n(adsbygoogle = window.adsbygoogle || []).push({});\n<\/script><\/p>\n<p><strong>Abierto el procedimiento para adjudicar las plazas de dos nuevos aparcamientos<\/strong><\/p>\n<p>Sigue abierto el plazo para adjudicar las plazas de los dos nuevos aparcamientos de bicicletas para residentes que el Ayuntamiento de Pamplona va a poner en marcha en el Segundo Ensanche y en San Juan. El primero de ellos, en la traves\u00eda de Tafalla, tendr\u00e1 20 plazas y el segundo, en la calle Monasterio de Irache 47, contar\u00e1 con 40. Las personas interesadas deben presentar sus solicitudes y la documentaci\u00f3n requerida hasta el 21 de febrero en los registros municipales o en cualquiera de los previstos en la ley.<\/p>\n<p>Las plazas se conceden para 1 a\u00f1o y se renuevan de forma autom\u00e1tica anualmente, hasta un m\u00e1ximo de diez a\u00f1os, siempre que la persona adjudicataria siga cumpliendo los requisitos establecidos. Las tarifas se han establecido en 60 euros anuales, con dos tipos de tarifa reducida en funci\u00f3n de los ingresos. Toda la informaci\u00f3n sobre estos aparcamientos se puede consultar en la web <a href=\"http:\/\/www.movilidadpamplona.es\" target=\"_blank\" rel=\"noopener\">www.movilidadpamplona.es<\/a>. Los procedimientos de adjudicaci\u00f3n para los dos nuevos aparcamientos est\u00e1n disponibles en la sede electr\u00f3nica municipal (<a href=\"https:\/\/sedeelectronica.pamplona.es\/FichaTramite.aspx?id=PL2000004\" target=\"_blank\" rel=\"noopener\">aparcamiento de San Juan<\/a> y <a href=\"https:\/\/sedeelectronica.pamplona.es\/FichaTramite.aspx?id=PL2000003&amp;idioma=1\" target=\"_blank\" rel=\"noopener\">aparcamiento de Segundo Ensanche<\/a>). Para resolver dudas u obtener aclaraciones se puede escribir a la direcci\u00f3n de correo electr\u00f3nico <a href=\"mailto:movilidad@pamplona.es\">movilidad@pamplona.es<\/a>.<br \/>\n<script async src=\"\/\/pagead2.googlesyndication.com\/pagead\/js\/adsbygoogle.js\"><\/script><br \/>\n<!-- Noticias La Guia de Pamplona --><br \/>\n<ins class=\"adsbygoogle\"\nstyle=\"display:block\"\ndata-ad-client=\"ca-pub-6943679897239327\"\ndata-ad-slot=\"7048180777\"\ndata-ad-format=\"auto\"><\/ins><br \/>\n<script>\n(adsbygoogle = window.adsbygoogle || []).push({});\n<\/script><\/p>\n<p>El fomento de la movilidad ciclista forma parte de la Estrategia Go Green Pamplona, que engloba todas las actuaciones en materia de lucha contra el cambio clim\u00e1tico desarrolladas por la ciudad y que define las nuevas l\u00edneas de actuaci\u00f3n para los pr\u00f3ximos a\u00f1os. Entre las actuaciones prioritarias se encuentra la mejora y ampliaci\u00f3n de la red ciclista urbana y las facilidades para el aparcamiento seguro de las bicicletas. En este \u00faltimo campo, se ha ampliado igualmente la dotaci\u00f3n de plazas para rotaci\u00f3n, en aparcamientos modulares, protegidos y video-vigilados, con nuevas plazas en el Ensanche y en el barrio de San Juan.<\/p>\n","protected":false},"excerpt":{"rendered":"<p>Contin\u00faa abierto el plazo para solicitar plazas en dos nuevos aparcamientos vecinales ubicados en el barrio de San Juan y en el Segundo Ensanche<\/p>\n","protected":false},"author":1,"featured_media":38394,"comment_status":"open","ping_status":"closed","sticky":false,"template":"","format":"standard","meta":{"footnotes":""},"categories":[2],"tags":[],"class_list":["post-38546","post","type-post","status-publish","format-standard","has-post-thumbnail","hentry","category-ayuntamiento-pamplona"],"yoast_head":"<!-- This site is optimized with the Yoast SEO plugin v27.3 - https:\/\/yoast.com\/product\/yoast-seo-wordpress\/ -->\n<title>La ocupaci\u00f3n de los aparcamientos de bicicletas para residentes alcanza el 74,3%, con las plazas completas en tres de cinco que se han puesto en marcha<\/title>\n<meta name=\"description\" content=\"Contin\u00faa abierto el plazo para solicitar plazas en dos nuevos aparcamientos vecinales ubicados en el barrio de San Juan y en el Segundo Ensanche\" \/>\n<meta name=\"robots\" content=\"index, follow, max-snippet:-1, max-image-preview:large, max-video-preview:-1\" \/>\n<link rel=\"canonical\" href=\"https:\/\/www.laguiadepamplona.com\/actualidad\/la-ocupacion-de-los-aparcamientos-de-bicicletas-para-residentes-alcanza-el-743-con-las-plazas-completas-en-tres-de-cinco-que-se-han-puesto-en-marcha\/\" \/>\n<meta property=\"og:locale\" content=\"es_ES\" \/>\n<meta property=\"og:type\" content=\"article\" \/>\n<meta property=\"og:title\" content=\"La ocupaci\u00f3n de los aparcamientos de bicicletas para residentes alcanza el 74,3%, con las plazas completas en tres de cinco que se han puesto en marcha\" \/>\n<meta property=\"og:description\" content=\"Contin\u00faa abierto el plazo para solicitar plazas en dos nuevos aparcamientos vecinales ubicados en el barrio de San Juan y en el Segundo Ensanche\" \/>\n<meta property=\"og:url\" content=\"https:\/\/www.laguiadepamplona.com\/actualidad\/la-ocupacion-de-los-aparcamientos-de-bicicletas-para-residentes-alcanza-el-743-con-las-plazas-completas-en-tres-de-cinco-que-se-han-puesto-en-marcha\/\" \/>\n<meta property=\"og:site_name\" content=\"La Gu\u00eda de Pamplona\" \/>\n<meta property=\"article:publisher\" content=\"https:\/\/www.facebook.com\/laguiadepamplonacom-133175176762273\/?ref=hl\" \/>\n<meta property=\"article:published_time\" content=\"2022-02-02T15:43:09+00:00\" \/>\n<meta property=\"article:modified_time\" content=\"2023-04-11T09:48:33+00:00\" \/>\n<meta property=\"og:image\" content=\"https:\/\/www.laguiadepamplona.com\/actualidad\/wp-content\/uploads\/2022\/01\/aparcamiento-bicicletas.jpg\" \/>\n\t<meta property=\"og:image:width\" content=\"1920\" \/>\n\t<meta property=\"og:image:height\" content=\"1279\" \/>\n\t<meta property=\"og:image:type\" content=\"image\/jpeg\" \/>\n<meta name=\"author\" content=\"La Gu\u00eda de Pamplona\" \/>\n<meta name=\"twitter:card\" content=\"summary_large_image\" \/>\n<meta name=\"twitter:creator\" content=\"@LaGuiadPamplona\" \/>\n<meta name=\"twitter:site\" content=\"@LaGuiadPamplona\" \/>\n<meta name=\"twitter:label1\" content=\"Escrito por\" \/>\n\t<meta name=\"twitter:data1\" content=\"La Gu\u00eda de Pamplona\" \/>\n\t<meta name=\"twitter:label2\" content=\"Tiempo de lectura\" \/>\n\t<meta name=\"twitter:data2\" content=\"3 minutos\" \/>\n<script type=\"application\/ld+json\" class=\"yoast-schema-graph\">{\"@context\":\"https:\\\/\\\/schema.org\",\"@graph\":[{\"@type\":\"Article\",\"@id\":\"https:\\\/\\\/www.laguiadepamplona.com\\\/actualidad\\\/la-ocupacion-de-los-aparcamientos-de-bicicletas-para-residentes-alcanza-el-743-con-las-plazas-completas-en-tres-de-cinco-que-se-han-puesto-en-marcha\\\/#article\",\"isPartOf\":{\"@id\":\"https:\\\/\\\/www.laguiadepamplona.com\\\/actualidad\\\/la-ocupacion-de-los-aparcamientos-de-bicicletas-para-residentes-alcanza-el-743-con-las-plazas-completas-en-tres-de-cinco-que-se-han-puesto-en-marcha\\\/\"},\"author\":{\"name\":\"La Gu\u00eda de Pamplona\",\"@id\":\"https:\\\/\\\/www.laguiadepamplona.com\\\/actualidad\\\/#\\\/schema\\\/person\\\/efe887376f0213d4657c93adc50b1fdb\"},\"headline\":\"La ocupaci\u00f3n de los aparcamientos de bicicletas para residentes alcanza el 74,3%, con las plazas completas en tres de cinco que se han puesto en marcha\",\"datePublished\":\"2022-02-02T15:43:09+00:00\",\"dateModified\":\"2023-04-11T09:48:33+00:00\",\"mainEntityOfPage\":{\"@id\":\"https:\\\/\\\/www.laguiadepamplona.com\\\/actualidad\\\/la-ocupacion-de-los-aparcamientos-de-bicicletas-para-residentes-alcanza-el-743-con-las-plazas-completas-en-tres-de-cinco-que-se-han-puesto-en-marcha\\\/\"},\"wordCount\":703,\"commentCount\":0,\"publisher\":{\"@id\":\"https:\\\/\\\/www.laguiadepamplona.com\\\/actualidad\\\/#organization\"},\"image\":{\"@id\":\"https:\\\/\\\/www.laguiadepamplona.com\\\/actualidad\\\/la-ocupacion-de-los-aparcamientos-de-bicicletas-para-residentes-alcanza-el-743-con-las-plazas-completas-en-tres-de-cinco-que-se-han-puesto-en-marcha\\\/#primaryimage\"},\"thumbnailUrl\":\"https:\\\/\\\/www.laguiadepamplona.com\\\/actualidad\\\/wp-content\\\/uploads\\\/2022\\\/01\\\/aparcamiento-bicicletas.jpg\",\"articleSection\":[\"Ayto Pamplona\"],\"inLanguage\":\"es\",\"potentialAction\":[{\"@type\":\"CommentAction\",\"name\":\"Comment\",\"target\":[\"https:\\\/\\\/www.laguiadepamplona.com\\\/actualidad\\\/la-ocupacion-de-los-aparcamientos-de-bicicletas-para-residentes-alcanza-el-743-con-las-plazas-completas-en-tres-de-cinco-que-se-han-puesto-en-marcha\\\/#respond\"]}]},{\"@type\":\"WebPage\",\"@id\":\"https:\\\/\\\/www.laguiadepamplona.com\\\/actualidad\\\/la-ocupacion-de-los-aparcamientos-de-bicicletas-para-residentes-alcanza-el-743-con-las-plazas-completas-en-tres-de-cinco-que-se-han-puesto-en-marcha\\\/\",\"url\":\"https:\\\/\\\/www.laguiadepamplona.com\\\/actualidad\\\/la-ocupacion-de-los-aparcamientos-de-bicicletas-para-residentes-alcanza-el-743-con-las-plazas-completas-en-tres-de-cinco-que-se-han-puesto-en-marcha\\\/\",\"name\":\"La ocupaci\u00f3n de los aparcamientos de bicicletas para residentes alcanza el 74,3%, con las plazas completas en tres de cinco que se han puesto en marcha\",\"isPartOf\":{\"@id\":\"https:\\\/\\\/www.laguiadepamplona.com\\\/actualidad\\\/#website\"},\"primaryImageOfPage\":{\"@id\":\"https:\\\/\\\/www.laguiadepamplona.com\\\/actualidad\\\/la-ocupacion-de-los-aparcamientos-de-bicicletas-para-residentes-alcanza-el-743-con-las-plazas-completas-en-tres-de-cinco-que-se-han-puesto-en-marcha\\\/#primaryimage\"},\"image\":{\"@id\":\"https:\\\/\\\/www.laguiadepamplona.com\\\/actualidad\\\/la-ocupacion-de-los-aparcamientos-de-bicicletas-para-residentes-alcanza-el-743-con-las-plazas-completas-en-tres-de-cinco-que-se-han-puesto-en-marcha\\\/#primaryimage\"},\"thumbnailUrl\":\"https:\\\/\\\/www.laguiadepamplona.com\\\/actualidad\\\/wp-content\\\/uploads\\\/2022\\\/01\\\/aparcamiento-bicicletas.jpg\",\"datePublished\":\"2022-02-02T15:43:09+00:00\",\"dateModified\":\"2023-04-11T09:48:33+00:00\",\"description\":\"Contin\u00faa abierto el plazo para solicitar plazas en dos nuevos aparcamientos vecinales ubicados en el barrio de San Juan y en el Segundo Ensanche\",\"breadcrumb\":{\"@id\":\"https:\\\/\\\/www.laguiadepamplona.com\\\/actualidad\\\/la-ocupacion-de-los-aparcamientos-de-bicicletas-para-residentes-alcanza-el-743-con-las-plazas-completas-en-tres-de-cinco-que-se-han-puesto-en-marcha\\\/#breadcrumb\"},\"inLanguage\":\"es\",\"potentialAction\":[{\"@type\":\"ReadAction\",\"target\":[\"https:\\\/\\\/www.laguiadepamplona.com\\\/actualidad\\\/la-ocupacion-de-los-aparcamientos-de-bicicletas-para-residentes-alcanza-el-743-con-las-plazas-completas-en-tres-de-cinco-que-se-han-puesto-en-marcha\\\/\"]}]},{\"@type\":\"ImageObject\",\"inLanguage\":\"es\",\"@id\":\"https:\\\/\\\/www.laguiadepamplona.com\\\/actualidad\\\/la-ocupacion-de-los-aparcamientos-de-bicicletas-para-residentes-alcanza-el-743-con-las-plazas-completas-en-tres-de-cinco-que-se-han-puesto-en-marcha\\\/#primaryimage\",\"url\":\"https:\\\/\\\/www.laguiadepamplona.com\\\/actualidad\\\/wp-content\\\/uploads\\\/2022\\\/01\\\/aparcamiento-bicicletas.jpg\",\"contentUrl\":\"https:\\\/\\\/www.laguiadepamplona.com\\\/actualidad\\\/wp-content\\\/uploads\\\/2022\\\/01\\\/aparcamiento-bicicletas.jpg\",\"width\":1920,\"height\":1279},{\"@type\":\"BreadcrumbList\",\"@id\":\"https:\\\/\\\/www.laguiadepamplona.com\\\/actualidad\\\/la-ocupacion-de-los-aparcamientos-de-bicicletas-para-residentes-alcanza-el-743-con-las-plazas-completas-en-tres-de-cinco-que-se-han-puesto-en-marcha\\\/#breadcrumb\",\"itemListElement\":[{\"@type\":\"ListItem\",\"position\":1,\"name\":\"Portada\",\"item\":\"https:\\\/\\\/www.laguiadepamplona.com\\\/actualidad\\\/\"},{\"@type\":\"ListItem\",\"position\":2,\"name\":\"La ocupaci\u00f3n de los aparcamientos de bicicletas para residentes alcanza el 74,3%, con las plazas completas en tres de cinco que se han puesto en marcha\"}]},{\"@type\":\"WebSite\",\"@id\":\"https:\\\/\\\/www.laguiadepamplona.com\\\/actualidad\\\/#website\",\"url\":\"https:\\\/\\\/www.laguiadepamplona.com\\\/actualidad\\\/\",\"name\":\"La gu\u00eda de Pamplona\",\"description\":\"Noticias de Pamplona\",\"publisher\":{\"@id\":\"https:\\\/\\\/www.laguiadepamplona.com\\\/actualidad\\\/#organization\"},\"potentialAction\":[{\"@type\":\"SearchAction\",\"target\":{\"@type\":\"EntryPoint\",\"urlTemplate\":\"https:\\\/\\\/www.laguiadepamplona.com\\\/actualidad\\\/?s={search_term_string}\"},\"query-input\":{\"@type\":\"PropertyValueSpecification\",\"valueRequired\":true,\"valueName\":\"search_term_string\"}}],\"inLanguage\":\"es\"},{\"@type\":\"Organization\",\"@id\":\"https:\\\/\\\/www.laguiadepamplona.com\\\/actualidad\\\/#organization\",\"name\":\"La Gu\u00eda de Pamplona \\\/ Noticias\",\"url\":\"https:\\\/\\\/www.laguiadepamplona.com\\\/actualidad\\\/\",\"logo\":{\"@type\":\"ImageObject\",\"inLanguage\":\"es\",\"@id\":\"https:\\\/\\\/www.laguiadepamplona.com\\\/actualidad\\\/#\\\/schema\\\/logo\\\/image\\\/\",\"url\":\"https:\\\/\\\/www.laguiadepamplona.com\\\/actualidad\\\/wp-content\\\/uploads\\\/2018\\\/11\\\/logo-laguiadepamplona18-web1.png\",\"contentUrl\":\"https:\\\/\\\/www.laguiadepamplona.com\\\/actualidad\\\/wp-content\\\/uploads\\\/2018\\\/11\\\/logo-laguiadepamplona18-web1.png\",\"width\":600,\"height\":196,\"caption\":\"La Gu\u00eda de Pamplona \\\/ Noticias\"},\"image\":{\"@id\":\"https:\\\/\\\/www.laguiadepamplona.com\\\/actualidad\\\/#\\\/schema\\\/logo\\\/image\\\/\"},\"sameAs\":[\"https:\\\/\\\/www.facebook.com\\\/laguiadepamplonacom-133175176762273\\\/?ref=hl\",\"https:\\\/\\\/x.com\\\/LaGuiadPamplona\",\"https:\\\/\\\/www.instagram.com\\\/la_guia_de_pamplona\\\/\",\"https:\\\/\\\/www.youtube.com\\\/user\\\/laguiadepamplona\"]},{\"@type\":\"Person\",\"@id\":\"https:\\\/\\\/www.laguiadepamplona.com\\\/actualidad\\\/#\\\/schema\\\/person\\\/efe887376f0213d4657c93adc50b1fdb\",\"name\":\"La Gu\u00eda de Pamplona\",\"image\":{\"@type\":\"ImageObject\",\"inLanguage\":\"es\",\"@id\":\"https:\\\/\\\/secure.gravatar.com\\\/avatar\\\/b6992f131dc8d30ab0dff15446e9d346d9dbd95992de0fef795073f5ea83a81c?s=96&d=mm&r=g\",\"url\":\"https:\\\/\\\/secure.gravatar.com\\\/avatar\\\/b6992f131dc8d30ab0dff15446e9d346d9dbd95992de0fef795073f5ea83a81c?s=96&d=mm&r=g\",\"contentUrl\":\"https:\\\/\\\/secure.gravatar.com\\\/avatar\\\/b6992f131dc8d30ab0dff15446e9d346d9dbd95992de0fef795073f5ea83a81c?s=96&d=mm&r=g\",\"caption\":\"La Gu\u00eda de Pamplona\"}}]}<\/script>\n<!-- \/ Yoast SEO plugin. -->","yoast_head_json":{"title":"La ocupaci\u00f3n de los aparcamientos de bicicletas para residentes alcanza el 74,3%, con las plazas completas en tres de cinco que se han puesto en marcha","description":"Contin\u00faa abierto el plazo para solicitar plazas en dos nuevos aparcamientos vecinales ubicados en el barrio de San Juan y en el Segundo Ensanche","robots":{"index":"index","follow":"follow","max-snippet":"max-snippet:-1","max-image-preview":"max-image-preview:large","max-video-preview":"max-video-preview:-1"},"canonical":"https:\/\/www.laguiadepamplona.com\/actualidad\/la-ocupacion-de-los-aparcamientos-de-bicicletas-para-residentes-alcanza-el-743-con-las-plazas-completas-en-tres-de-cinco-que-se-han-puesto-en-marcha\/","og_locale":"es_ES","og_type":"article","og_title":"La ocupaci\u00f3n de los aparcamientos de bicicletas para residentes alcanza el 74,3%, con las plazas completas en tres de cinco que se han puesto en marcha","og_description":"Contin\u00faa abierto el plazo para solicitar plazas en dos nuevos aparcamientos vecinales ubicados en el barrio de San Juan y en el Segundo Ensanche","og_url":"https:\/\/www.laguiadepamplona.com\/actualidad\/la-ocupacion-de-los-aparcamientos-de-bicicletas-para-residentes-alcanza-el-743-con-las-plazas-completas-en-tres-de-cinco-que-se-han-puesto-en-marcha\/","og_site_name":"La Gu\u00eda de Pamplona","article_publisher":"https:\/\/www.facebook.com\/laguiadepamplonacom-133175176762273\/?ref=hl","article_published_time":"2022-02-02T15:43:09+00:00","article_modified_time":"2023-04-11T09:48:33+00:00","og_image":[{"width":1920,"height":1279,"url":"https:\/\/www.laguiadepamplona.com\/actualidad\/wp-content\/uploads\/2022\/01\/aparcamiento-bicicletas.jpg","type":"image\/jpeg"}],"author":"La Gu\u00eda de Pamplona","twitter_card":"summary_large_image","twitter_creator":"@LaGuiadPamplona","twitter_site":"@LaGuiadPamplona","twitter_misc":{"Escrito por":"La Gu\u00eda de Pamplona","Tiempo de lectura":"3 minutos"},"schema":{"@context":"https:\/\/schema.org","@graph":[{"@type":"Article","@id":"https:\/\/www.laguiadepamplona.com\/actualidad\/la-ocupacion-de-los-aparcamientos-de-bicicletas-para-residentes-alcanza-el-743-con-las-plazas-completas-en-tres-de-cinco-que-se-han-puesto-en-marcha\/#article","isPartOf":{"@id":"https:\/\/www.laguiadepamplona.com\/actualidad\/la-ocupacion-de-los-aparcamientos-de-bicicletas-para-residentes-alcanza-el-743-con-las-plazas-completas-en-tres-de-cinco-que-se-han-puesto-en-marcha\/"},"author":{"name":"La Gu\u00eda de Pamplona","@id":"https:\/\/www.laguiadepamplona.com\/actualidad\/#\/schema\/person\/efe887376f0213d4657c93adc50b1fdb"},"headline":"La ocupaci\u00f3n de los aparcamientos de bicicletas para residentes alcanza el 74,3%, con las plazas completas en tres de cinco que se han puesto en marcha","datePublished":"2022-02-02T15:43:09+00:00","dateModified":"2023-04-11T09:48:33+00:00","mainEntityOfPage":{"@id":"https:\/\/www.laguiadepamplona.com\/actualidad\/la-ocupacion-de-los-aparcamientos-de-bicicletas-para-residentes-alcanza-el-743-con-las-plazas-completas-en-tres-de-cinco-que-se-han-puesto-en-marcha\/"},"wordCount":703,"commentCount":0,"publisher":{"@id":"https:\/\/www.laguiadepamplona.com\/actualidad\/#organization"},"image":{"@id":"https:\/\/www.laguiadepamplona.com\/actualidad\/la-ocupacion-de-los-aparcamientos-de-bicicletas-para-residentes-alcanza-el-743-con-las-plazas-completas-en-tres-de-cinco-que-se-han-puesto-en-marcha\/#primaryimage"},"thumbnailUrl":"https:\/\/www.laguiadepamplona.com\/actualidad\/wp-content\/uploads\/2022\/01\/aparcamiento-bicicletas.jpg","articleSection":["Ayto Pamplona"],"inLanguage":"es","potentialAction":[{"@type":"CommentAction","name":"Comment","target":["https:\/\/www.laguiadepamplona.com\/actualidad\/la-ocupacion-de-los-aparcamientos-de-bicicletas-para-residentes-alcanza-el-743-con-las-plazas-completas-en-tres-de-cinco-que-se-han-puesto-en-marcha\/#respond"]}]},{"@type":"WebPage","@id":"https:\/\/www.laguiadepamplona.com\/actualidad\/la-ocupacion-de-los-aparcamientos-de-bicicletas-para-residentes-alcanza-el-743-con-las-plazas-completas-en-tres-de-cinco-que-se-han-puesto-en-marcha\/","url":"https:\/\/www.laguiadepamplona.com\/actualidad\/la-ocupacion-de-los-aparcamientos-de-bicicletas-para-residentes-alcanza-el-743-con-las-plazas-completas-en-tres-de-cinco-que-se-han-puesto-en-marcha\/","name":"La ocupaci\u00f3n de los aparcamientos de bicicletas para residentes alcanza el 74,3%, con las plazas completas en tres de cinco que se han puesto en marcha","isPartOf":{"@id":"https:\/\/www.laguiadepamplona.com\/actualidad\/#website"},"primaryImageOfPage":{"@id":"https:\/\/www.laguiadepamplona.com\/actualidad\/la-ocupacion-de-los-aparcamientos-de-bicicletas-para-residentes-alcanza-el-743-con-las-plazas-completas-en-tres-de-cinco-que-se-han-puesto-en-marcha\/#primaryimage"},"image":{"@id":"https:\/\/www.laguiadepamplona.com\/actualidad\/la-ocupacion-de-los-aparcamientos-de-bicicletas-para-residentes-alcanza-el-743-con-las-plazas-completas-en-tres-de-cinco-que-se-han-puesto-en-marcha\/#primaryimage"},"thumbnailUrl":"https:\/\/www.laguiadepamplona.com\/actualidad\/wp-content\/uploads\/2022\/01\/aparcamiento-bicicletas.jpg","datePublished":"2022-02-02T15:43:09+00:00","dateModified":"2023-04-11T09:48:33+00:00","description":"Contin\u00faa abierto el plazo para solicitar plazas en dos nuevos aparcamientos vecinales ubicados en el barrio de San Juan y en el Segundo Ensanche","breadcrumb":{"@id":"https:\/\/www.laguiadepamplona.com\/actualidad\/la-ocupacion-de-los-aparcamientos-de-bicicletas-para-residentes-alcanza-el-743-con-las-plazas-completas-en-tres-de-cinco-que-se-han-puesto-en-marcha\/#breadcrumb"},"inLanguage":"es","potentialAction":[{"@type":"ReadAction","target":["https:\/\/www.laguiadepamplona.com\/actualidad\/la-ocupacion-de-los-aparcamientos-de-bicicletas-para-residentes-alcanza-el-743-con-las-plazas-completas-en-tres-de-cinco-que-se-han-puesto-en-marcha\/"]}]},{"@type":"ImageObject","inLanguage":"es","@id":"https:\/\/www.laguiadepamplona.com\/actualidad\/la-ocupacion-de-los-aparcamientos-de-bicicletas-para-residentes-alcanza-el-743-con-las-plazas-completas-en-tres-de-cinco-que-se-han-puesto-en-marcha\/#primaryimage","url":"https:\/\/www.laguiadepamplona.com\/actualidad\/wp-content\/uploads\/2022\/01\/aparcamiento-bicicletas.jpg","contentUrl":"https:\/\/www.laguiadepamplona.com\/actualidad\/wp-content\/uploads\/2022\/01\/aparcamiento-bicicletas.jpg","width":1920,"height":1279},{"@type":"BreadcrumbList","@id":"https:\/\/www.laguiadepamplona.com\/actualidad\/la-ocupacion-de-los-aparcamientos-de-bicicletas-para-residentes-alcanza-el-743-con-las-plazas-completas-en-tres-de-cinco-que-se-han-puesto-en-marcha\/#breadcrumb","itemListElement":[{"@type":"ListItem","position":1,"name":"Portada","item":"https:\/\/www.laguiadepamplona.com\/actualidad\/"},{"@type":"ListItem","position":2,"name":"La ocupaci\u00f3n de los aparcamientos de bicicletas para residentes alcanza el 74,3%, con las plazas completas en tres de cinco que se han puesto en marcha"}]},{"@type":"WebSite","@id":"https:\/\/www.laguiadepamplona.com\/actualidad\/#website","url":"https:\/\/www.laguiadepamplona.com\/actualidad\/","name":"La gu\u00eda de Pamplona","description":"Noticias de Pamplona","publisher":{"@id":"https:\/\/www.laguiadepamplona.com\/actualidad\/#organization"},"potentialAction":[{"@type":"SearchAction","target":{"@type":"EntryPoint","urlTemplate":"https:\/\/www.laguiadepamplona.com\/actualidad\/?s={search_term_string}"},"query-input":{"@type":"PropertyValueSpecification","valueRequired":true,"valueName":"search_term_string"}}],"inLanguage":"es"},{"@type":"Organization","@id":"https:\/\/www.laguiadepamplona.com\/actualidad\/#organization","name":"La Gu\u00eda de Pamplona \/ Noticias","url":"https:\/\/www.laguiadepamplona.com\/actualidad\/","logo":{"@type":"ImageObject","inLanguage":"es","@id":"https:\/\/www.laguiadepamplona.com\/actualidad\/#\/schema\/logo\/image\/","url":"https:\/\/www.laguiadepamplona.com\/actualidad\/wp-content\/uploads\/2018\/11\/logo-laguiadepamplona18-web1.png","contentUrl":"https:\/\/www.laguiadepamplona.com\/actualidad\/wp-content\/uploads\/2018\/11\/logo-laguiadepamplona18-web1.png","width":600,"height":196,"caption":"La Gu\u00eda de Pamplona \/ Noticias"},"image":{"@id":"https:\/\/www.laguiadepamplona.com\/actualidad\/#\/schema\/logo\/image\/"},"sameAs":["https:\/\/www.facebook.com\/laguiadepamplonacom-133175176762273\/?ref=hl","https:\/\/x.com\/LaGuiadPamplona","https:\/\/www.instagram.com\/la_guia_de_pamplona\/","https:\/\/www.youtube.com\/user\/laguiadepamplona"]},{"@type":"Person","@id":"https:\/\/www.laguiadepamplona.com\/actualidad\/#\/schema\/person\/efe887376f0213d4657c93adc50b1fdb","name":"La Gu\u00eda de Pamplona","image":{"@type":"ImageObject","inLanguage":"es","@id":"https:\/\/secure.gravatar.com\/avatar\/b6992f131dc8d30ab0dff15446e9d346d9dbd95992de0fef795073f5ea83a81c?s=96&d=mm&r=g","url":"https:\/\/secure.gravatar.com\/avatar\/b6992f131dc8d30ab0dff15446e9d346d9dbd95992de0fef795073f5ea83a81c?s=96&d=mm&r=g","contentUrl":"https:\/\/secure.gravatar.com\/avatar\/b6992f131dc8d30ab0dff15446e9d346d9dbd95992de0fef795073f5ea83a81c?s=96&d=mm&r=g","caption":"La Gu\u00eda de Pamplona"}}]}},"post_mailing_queue_ids":[],"_links":{"self":[{"href":"https:\/\/www.laguiadepamplona.com\/actualidad\/wp-json\/wp\/v2\/posts\/38546","targetHints":{"allow":["GET"]}}],"collection":[{"href":"https:\/\/www.laguiadepamplona.com\/actualidad\/wp-json\/wp\/v2\/posts"}],"about":[{"href":"https:\/\/www.laguiadepamplona.com\/actualidad\/wp-json\/wp\/v2\/types\/post"}],"author":[{"embeddable":true,"href":"https:\/\/www.laguiadepamplona.com\/actualidad\/wp-json\/wp\/v2\/users\/1"}],"replies":[{"embeddable":true,"href":"https:\/\/www.laguiadepamplona.com\/actualidad\/wp-json\/wp\/v2\/comments?post=38546"}],"version-history":[{"count":0,"href":"https:\/\/www.laguiadepamplona.com\/actualidad\/wp-json\/wp\/v2\/posts\/38546\/revisions"}],"wp:featuredmedia":[{"embeddable":true,"href":"https:\/\/www.laguiadepamplona.com\/actualidad\/wp-json\/wp\/v2\/media\/38394"}],"wp:attachment":[{"href":"https:\/\/www.laguiadepamplona.com\/actualidad\/wp-json\/wp\/v2\/media?parent=38546"}],"wp:term":[{"taxonomy":"category","embeddable":true,"href":"https:\/\/www.laguiadepamplona.com\/actualidad\/wp-json\/wp\/v2\/categories?post=38546"},{"taxonomy":"post_tag","embeddable":true,"href":"https:\/\/www.laguiadepamplona.com\/actualidad\/wp-json\/wp\/v2\/tags?post=38546"}],"curies":[{"name":"wp","href":"https:\/\/api.w.org\/{rel}","templated":true}]}}