{"id":38542,"date":"2022-02-02T14:15:15","date_gmt":"2022-02-02T12:15:15","guid":{"rendered":"https:\/\/www.laguiadepamplona.com\/actualidad\/?p=38542"},"modified":"2023-04-11T11:48:33","modified_gmt":"2023-04-11T09:48:33","slug":"la-cuesta-de-labrit-se-cierra-al-trafico-esta-noche-y-la-siguiente-entre-las-21-horas-y-las-7-de-la-manana-para-colocar-el-andamiaje-de-las-obras-de-refuerzo-de-la-pasarela","status":"publish","type":"post","link":"https:\/\/www.laguiadepamplona.com\/actualidad\/la-cuesta-de-labrit-se-cierra-al-trafico-esta-noche-y-la-siguiente-entre-las-21-horas-y-las-7-de-la-manana-para-colocar-el-andamiaje-de-las-obras-de-refuerzo-de-la-pasarela\/","title":{"rendered":"La cuesta de Labrit se cierra al tr\u00e1fico esta noche y la siguiente, entre las 21 horas y las 7 de la ma\u00f1ana, para colocar el andamiaje de las obras de refuerzo de la pasarela"},"content":{"rendered":"<h5>El acceso al Casco Antiguo por la calle Merced permanecer\u00e1 libre desde la calle Cortes de Navarra exclusivamente<\/h5>\n<p><!--more--><\/p>\n<p>El Ayuntamiento de Pamplona cerrar\u00e1 esta noche al tr\u00e1fico la cuesta de Labrit, entre las 21 horas y las 7 de ma\u00f1ana, para ir finalizando los trabajos de colocaci\u00f3n del andamiaje necesarios para acometer las obras de refuerzo y acondicionamiento de la pasarela. El corte de tr\u00e1fico se repetir\u00e1 al d\u00eda siguiente, del jueves al viernes, tambi\u00e9n en el horario nocturno de 21 horas a 7 de ma\u00f1ana.<br \/>\n<script async src=\"\/\/pagead2.googlesyndication.com\/pagead\/js\/adsbygoogle.js\"><\/script><br \/>\n<!-- Noticias La Guia de Pamplona --><br \/>\n<ins class=\"adsbygoogle\"\nstyle=\"display:block\"\ndata-ad-client=\"ca-pub-6943679897239327\"\ndata-ad-slot=\"7048180777\"\ndata-ad-format=\"auto\"><\/ins><br \/>\n<script>\n(adsbygoogle = window.adsbygoogle || []).push({});\n<\/script><\/p>\n<p>El corte es total y abarca desde el cruce con la calle Vergel hasta la confluencia de Cortes de Navarra y Amaya. El acceso al Casco Antiguo por la calle Merced permanecer\u00e1 libre exclusivamente desde la calle Cortes de Navarra, ya que con ese tr\u00e1nsito no se dificulta el desarrollo de los trabajos en la pasarela. El horario del corte afecta al transporte urbano comarcal que circula habitualmente por la cuesta del Labrit. En concreto, se trata de las l\u00edneas 3, 5, 6, 11 y 21, adem\u00e1s de las nocturna N3, N7 y N8. Las modificaciones se pueden consultar en la web del servicio <a href=\"http:\/\/www.infotuc.es\" target=\"_blank\" rel=\"noopener\">www.infotuc.es<\/a>.<\/p>\n<p>El pasado mes de diciembre ya se coloc\u00f3 una parte del sistema de cimbras para acometer los trabajos de refuerzo y acondicionamiento de la pasarela de Labrit. Ahora se va a colocar el resto del andamiaje, que conforma la estructura que se utilizar\u00e1 para el desarrollo de las labores previstas. El proyecto de la pasarela del Labrit que se llevar\u00e1 a cabo mantiene la misma estructura y la est\u00e9tica actual e incluye el refuerzo de las cimentaciones y de otros elementos de la pasarela, adem\u00e1s de la hidrolimpieza para eliminar la corrosi\u00f3n y reposici\u00f3n de chapas da\u00f1adas.<\/p>\n","protected":false},"excerpt":{"rendered":"<p>El acceso al Casco Antiguo por la calle Merced permanecer\u00e1 libre desde la calle Cortes de Navarra exclusivamente<\/p>\n","protected":false},"author":1,"featured_media":37273,"comment_status":"open","ping_status":"closed","sticky":false,"template":"","format":"standard","meta":{"footnotes":""},"categories":[2],"tags":[],"class_list":["post-38542","post","type-post","status-publish","format-standard","has-post-thumbnail","hentry","category-ayuntamiento-pamplona"],"yoast_head":"<!-- This site is optimized with the Yoast SEO plugin v27.3 - https:\/\/yoast.com\/product\/yoast-seo-wordpress\/ -->\n<title>La cuesta de Labrit se cierra al tr\u00e1fico esta noche y la siguiente, entre las 21 horas y las 7 de la ma\u00f1ana, para colocar el andamiaje de las obras de refuerzo de la pasarela<\/title>\n<meta name=\"description\" content=\"El acceso al Casco Antiguo por la calle Merced permanecer\u00e1 libre desde la calle Cortes de Navarra exclusivamente\" \/>\n<meta name=\"robots\" content=\"index, follow, max-snippet:-1, max-image-preview:large, max-video-preview:-1\" \/>\n<link rel=\"canonical\" href=\"https:\/\/www.laguiadepamplona.com\/actualidad\/la-cuesta-de-labrit-se-cierra-al-trafico-esta-noche-y-la-siguiente-entre-las-21-horas-y-las-7-de-la-manana-para-colocar-el-andamiaje-de-las-obras-de-refuerzo-de-la-pasarela\/\" \/>\n<meta property=\"og:locale\" content=\"es_ES\" \/>\n<meta property=\"og:type\" content=\"article\" \/>\n<meta property=\"og:title\" content=\"La cuesta de Labrit se cierra al tr\u00e1fico esta noche y la siguiente, entre las 21 horas y las 7 de la ma\u00f1ana, para colocar el andamiaje de las obras de refuerzo de la pasarela\" \/>\n<meta property=\"og:description\" content=\"El acceso al Casco Antiguo por la calle Merced permanecer\u00e1 libre desde la calle Cortes de Navarra exclusivamente\" \/>\n<meta property=\"og:url\" content=\"https:\/\/www.laguiadepamplona.com\/actualidad\/la-cuesta-de-labrit-se-cierra-al-trafico-esta-noche-y-la-siguiente-entre-las-21-horas-y-las-7-de-la-manana-para-colocar-el-andamiaje-de-las-obras-de-refuerzo-de-la-pasarela\/\" \/>\n<meta property=\"og:site_name\" content=\"La Gu\u00eda de Pamplona\" \/>\n<meta property=\"article:publisher\" content=\"https:\/\/www.facebook.com\/laguiadepamplonacom-133175176762273\/?ref=hl\" \/>\n<meta property=\"article:published_time\" content=\"2022-02-02T12:15:15+00:00\" \/>\n<meta property=\"article:modified_time\" content=\"2023-04-11T09:48:33+00:00\" \/>\n<meta property=\"og:image\" content=\"https:\/\/www.laguiadepamplona.com\/actualidad\/wp-content\/uploads\/2021\/10\/Pasarela-Labrit_P1160494_0.jpg\" \/>\n\t<meta property=\"og:image:width\" content=\"1920\" \/>\n\t<meta property=\"og:image:height\" content=\"1281\" \/>\n\t<meta property=\"og:image:type\" content=\"image\/jpeg\" \/>\n<meta name=\"author\" content=\"La Gu\u00eda de Pamplona\" \/>\n<meta name=\"twitter:card\" content=\"summary_large_image\" \/>\n<meta name=\"twitter:creator\" content=\"@LaGuiadPamplona\" \/>\n<meta name=\"twitter:site\" content=\"@LaGuiadPamplona\" \/>\n<meta name=\"twitter:label1\" content=\"Escrito por\" \/>\n\t<meta name=\"twitter:data1\" content=\"La Gu\u00eda de Pamplona\" \/>\n\t<meta name=\"twitter:label2\" content=\"Tiempo de lectura\" \/>\n\t<meta name=\"twitter:data2\" content=\"2 minutos\" \/>\n<script type=\"application\/ld+json\" class=\"yoast-schema-graph\">{\"@context\":\"https:\\\/\\\/schema.org\",\"@graph\":[{\"@type\":\"Article\",\"@id\":\"https:\\\/\\\/www.laguiadepamplona.com\\\/actualidad\\\/la-cuesta-de-labrit-se-cierra-al-trafico-esta-noche-y-la-siguiente-entre-las-21-horas-y-las-7-de-la-manana-para-colocar-el-andamiaje-de-las-obras-de-refuerzo-de-la-pasarela\\\/#article\",\"isPartOf\":{\"@id\":\"https:\\\/\\\/www.laguiadepamplona.com\\\/actualidad\\\/la-cuesta-de-labrit-se-cierra-al-trafico-esta-noche-y-la-siguiente-entre-las-21-horas-y-las-7-de-la-manana-para-colocar-el-andamiaje-de-las-obras-de-refuerzo-de-la-pasarela\\\/\"},\"author\":{\"name\":\"La Gu\u00eda de Pamplona\",\"@id\":\"https:\\\/\\\/www.laguiadepamplona.com\\\/actualidad\\\/#\\\/schema\\\/person\\\/efe887376f0213d4657c93adc50b1fdb\"},\"headline\":\"La cuesta de Labrit se cierra al tr\u00e1fico esta noche y la siguiente, entre las 21 horas y las 7 de la ma\u00f1ana, para colocar el andamiaje de las obras de refuerzo de la pasarela\",\"datePublished\":\"2022-02-02T12:15:15+00:00\",\"dateModified\":\"2023-04-11T09:48:33+00:00\",\"mainEntityOfPage\":{\"@id\":\"https:\\\/\\\/www.laguiadepamplona.com\\\/actualidad\\\/la-cuesta-de-labrit-se-cierra-al-trafico-esta-noche-y-la-siguiente-entre-las-21-horas-y-las-7-de-la-manana-para-colocar-el-andamiaje-de-las-obras-de-refuerzo-de-la-pasarela\\\/\"},\"wordCount\":331,\"commentCount\":0,\"publisher\":{\"@id\":\"https:\\\/\\\/www.laguiadepamplona.com\\\/actualidad\\\/#organization\"},\"image\":{\"@id\":\"https:\\\/\\\/www.laguiadepamplona.com\\\/actualidad\\\/la-cuesta-de-labrit-se-cierra-al-trafico-esta-noche-y-la-siguiente-entre-las-21-horas-y-las-7-de-la-manana-para-colocar-el-andamiaje-de-las-obras-de-refuerzo-de-la-pasarela\\\/#primaryimage\"},\"thumbnailUrl\":\"https:\\\/\\\/www.laguiadepamplona.com\\\/actualidad\\\/wp-content\\\/uploads\\\/2021\\\/10\\\/Pasarela-Labrit_P1160494_0.jpg\",\"articleSection\":[\"Ayto Pamplona\"],\"inLanguage\":\"es\",\"potentialAction\":[{\"@type\":\"CommentAction\",\"name\":\"Comment\",\"target\":[\"https:\\\/\\\/www.laguiadepamplona.com\\\/actualidad\\\/la-cuesta-de-labrit-se-cierra-al-trafico-esta-noche-y-la-siguiente-entre-las-21-horas-y-las-7-de-la-manana-para-colocar-el-andamiaje-de-las-obras-de-refuerzo-de-la-pasarela\\\/#respond\"]}]},{\"@type\":\"WebPage\",\"@id\":\"https:\\\/\\\/www.laguiadepamplona.com\\\/actualidad\\\/la-cuesta-de-labrit-se-cierra-al-trafico-esta-noche-y-la-siguiente-entre-las-21-horas-y-las-7-de-la-manana-para-colocar-el-andamiaje-de-las-obras-de-refuerzo-de-la-pasarela\\\/\",\"url\":\"https:\\\/\\\/www.laguiadepamplona.com\\\/actualidad\\\/la-cuesta-de-labrit-se-cierra-al-trafico-esta-noche-y-la-siguiente-entre-las-21-horas-y-las-7-de-la-manana-para-colocar-el-andamiaje-de-las-obras-de-refuerzo-de-la-pasarela\\\/\",\"name\":\"La cuesta de Labrit se cierra al tr\u00e1fico esta noche y la siguiente, entre las 21 horas y las 7 de la ma\u00f1ana, para colocar el andamiaje de las obras de refuerzo de la pasarela\",\"isPartOf\":{\"@id\":\"https:\\\/\\\/www.laguiadepamplona.com\\\/actualidad\\\/#website\"},\"primaryImageOfPage\":{\"@id\":\"https:\\\/\\\/www.laguiadepamplona.com\\\/actualidad\\\/la-cuesta-de-labrit-se-cierra-al-trafico-esta-noche-y-la-siguiente-entre-las-21-horas-y-las-7-de-la-manana-para-colocar-el-andamiaje-de-las-obras-de-refuerzo-de-la-pasarela\\\/#primaryimage\"},\"image\":{\"@id\":\"https:\\\/\\\/www.laguiadepamplona.com\\\/actualidad\\\/la-cuesta-de-labrit-se-cierra-al-trafico-esta-noche-y-la-siguiente-entre-las-21-horas-y-las-7-de-la-manana-para-colocar-el-andamiaje-de-las-obras-de-refuerzo-de-la-pasarela\\\/#primaryimage\"},\"thumbnailUrl\":\"https:\\\/\\\/www.laguiadepamplona.com\\\/actualidad\\\/wp-content\\\/uploads\\\/2021\\\/10\\\/Pasarela-Labrit_P1160494_0.jpg\",\"datePublished\":\"2022-02-02T12:15:15+00:00\",\"dateModified\":\"2023-04-11T09:48:33+00:00\",\"description\":\"El acceso al Casco Antiguo por la calle Merced permanecer\u00e1 libre desde la calle Cortes de Navarra exclusivamente\",\"breadcrumb\":{\"@id\":\"https:\\\/\\\/www.laguiadepamplona.com\\\/actualidad\\\/la-cuesta-de-labrit-se-cierra-al-trafico-esta-noche-y-la-siguiente-entre-las-21-horas-y-las-7-de-la-manana-para-colocar-el-andamiaje-de-las-obras-de-refuerzo-de-la-pasarela\\\/#breadcrumb\"},\"inLanguage\":\"es\",\"potentialAction\":[{\"@type\":\"ReadAction\",\"target\":[\"https:\\\/\\\/www.laguiadepamplona.com\\\/actualidad\\\/la-cuesta-de-labrit-se-cierra-al-trafico-esta-noche-y-la-siguiente-entre-las-21-horas-y-las-7-de-la-manana-para-colocar-el-andamiaje-de-las-obras-de-refuerzo-de-la-pasarela\\\/\"]}]},{\"@type\":\"ImageObject\",\"inLanguage\":\"es\",\"@id\":\"https:\\\/\\\/www.laguiadepamplona.com\\\/actualidad\\\/la-cuesta-de-labrit-se-cierra-al-trafico-esta-noche-y-la-siguiente-entre-las-21-horas-y-las-7-de-la-manana-para-colocar-el-andamiaje-de-las-obras-de-refuerzo-de-la-pasarela\\\/#primaryimage\",\"url\":\"https:\\\/\\\/www.laguiadepamplona.com\\\/actualidad\\\/wp-content\\\/uploads\\\/2021\\\/10\\\/Pasarela-Labrit_P1160494_0.jpg\",\"contentUrl\":\"https:\\\/\\\/www.laguiadepamplona.com\\\/actualidad\\\/wp-content\\\/uploads\\\/2021\\\/10\\\/Pasarela-Labrit_P1160494_0.jpg\",\"width\":1920,\"height\":1281},{\"@type\":\"BreadcrumbList\",\"@id\":\"https:\\\/\\\/www.laguiadepamplona.com\\\/actualidad\\\/la-cuesta-de-labrit-se-cierra-al-trafico-esta-noche-y-la-siguiente-entre-las-21-horas-y-las-7-de-la-manana-para-colocar-el-andamiaje-de-las-obras-de-refuerzo-de-la-pasarela\\\/#breadcrumb\",\"itemListElement\":[{\"@type\":\"ListItem\",\"position\":1,\"name\":\"Portada\",\"item\":\"https:\\\/\\\/www.laguiadepamplona.com\\\/actualidad\\\/\"},{\"@type\":\"ListItem\",\"position\":2,\"name\":\"La cuesta de Labrit se cierra al tr\u00e1fico esta noche y la siguiente, entre las 21 horas y las 7 de la ma\u00f1ana, para colocar el andamiaje de las obras de refuerzo de la pasarela\"}]},{\"@type\":\"WebSite\",\"@id\":\"https:\\\/\\\/www.laguiadepamplona.com\\\/actualidad\\\/#website\",\"url\":\"https:\\\/\\\/www.laguiadepamplona.com\\\/actualidad\\\/\",\"name\":\"La gu\u00eda de Pamplona\",\"description\":\"Noticias de Pamplona\",\"publisher\":{\"@id\":\"https:\\\/\\\/www.laguiadepamplona.com\\\/actualidad\\\/#organization\"},\"potentialAction\":[{\"@type\":\"SearchAction\",\"target\":{\"@type\":\"EntryPoint\",\"urlTemplate\":\"https:\\\/\\\/www.laguiadepamplona.com\\\/actualidad\\\/?s={search_term_string}\"},\"query-input\":{\"@type\":\"PropertyValueSpecification\",\"valueRequired\":true,\"valueName\":\"search_term_string\"}}],\"inLanguage\":\"es\"},{\"@type\":\"Organization\",\"@id\":\"https:\\\/\\\/www.laguiadepamplona.com\\\/actualidad\\\/#organization\",\"name\":\"La Gu\u00eda de Pamplona \\\/ Noticias\",\"url\":\"https:\\\/\\\/www.laguiadepamplona.com\\\/actualidad\\\/\",\"logo\":{\"@type\":\"ImageObject\",\"inLanguage\":\"es\",\"@id\":\"https:\\\/\\\/www.laguiadepamplona.com\\\/actualidad\\\/#\\\/schema\\\/logo\\\/image\\\/\",\"url\":\"https:\\\/\\\/www.laguiadepamplona.com\\\/actualidad\\\/wp-content\\\/uploads\\\/2018\\\/11\\\/logo-laguiadepamplona18-web1.png\",\"contentUrl\":\"https:\\\/\\\/www.laguiadepamplona.com\\\/actualidad\\\/wp-content\\\/uploads\\\/2018\\\/11\\\/logo-laguiadepamplona18-web1.png\",\"width\":600,\"height\":196,\"caption\":\"La Gu\u00eda de Pamplona \\\/ Noticias\"},\"image\":{\"@id\":\"https:\\\/\\\/www.laguiadepamplona.com\\\/actualidad\\\/#\\\/schema\\\/logo\\\/image\\\/\"},\"sameAs\":[\"https:\\\/\\\/www.facebook.com\\\/laguiadepamplonacom-133175176762273\\\/?ref=hl\",\"https:\\\/\\\/x.com\\\/LaGuiadPamplona\",\"https:\\\/\\\/www.instagram.com\\\/la_guia_de_pamplona\\\/\",\"https:\\\/\\\/www.youtube.com\\\/user\\\/laguiadepamplona\"]},{\"@type\":\"Person\",\"@id\":\"https:\\\/\\\/www.laguiadepamplona.com\\\/actualidad\\\/#\\\/schema\\\/person\\\/efe887376f0213d4657c93adc50b1fdb\",\"name\":\"La Gu\u00eda de Pamplona\",\"image\":{\"@type\":\"ImageObject\",\"inLanguage\":\"es\",\"@id\":\"https:\\\/\\\/secure.gravatar.com\\\/avatar\\\/b6992f131dc8d30ab0dff15446e9d346d9dbd95992de0fef795073f5ea83a81c?s=96&d=mm&r=g\",\"url\":\"https:\\\/\\\/secure.gravatar.com\\\/avatar\\\/b6992f131dc8d30ab0dff15446e9d346d9dbd95992de0fef795073f5ea83a81c?s=96&d=mm&r=g\",\"contentUrl\":\"https:\\\/\\\/secure.gravatar.com\\\/avatar\\\/b6992f131dc8d30ab0dff15446e9d346d9dbd95992de0fef795073f5ea83a81c?s=96&d=mm&r=g\",\"caption\":\"La Gu\u00eda de Pamplona\"}}]}<\/script>\n<!-- \/ Yoast SEO plugin. -->","yoast_head_json":{"title":"La cuesta de Labrit se cierra al tr\u00e1fico esta noche y la siguiente, entre las 21 horas y las 7 de la ma\u00f1ana, para colocar el andamiaje de las obras de refuerzo de la pasarela","description":"El acceso al Casco Antiguo por la calle Merced permanecer\u00e1 libre desde la calle Cortes de Navarra exclusivamente","robots":{"index":"index","follow":"follow","max-snippet":"max-snippet:-1","max-image-preview":"max-image-preview:large","max-video-preview":"max-video-preview:-1"},"canonical":"https:\/\/www.laguiadepamplona.com\/actualidad\/la-cuesta-de-labrit-se-cierra-al-trafico-esta-noche-y-la-siguiente-entre-las-21-horas-y-las-7-de-la-manana-para-colocar-el-andamiaje-de-las-obras-de-refuerzo-de-la-pasarela\/","og_locale":"es_ES","og_type":"article","og_title":"La cuesta de Labrit se cierra al tr\u00e1fico esta noche y la siguiente, entre las 21 horas y las 7 de la ma\u00f1ana, para colocar el andamiaje de las obras de refuerzo de la pasarela","og_description":"El acceso al Casco Antiguo por la calle Merced permanecer\u00e1 libre desde la calle Cortes de Navarra exclusivamente","og_url":"https:\/\/www.laguiadepamplona.com\/actualidad\/la-cuesta-de-labrit-se-cierra-al-trafico-esta-noche-y-la-siguiente-entre-las-21-horas-y-las-7-de-la-manana-para-colocar-el-andamiaje-de-las-obras-de-refuerzo-de-la-pasarela\/","og_site_name":"La Gu\u00eda de Pamplona","article_publisher":"https:\/\/www.facebook.com\/laguiadepamplonacom-133175176762273\/?ref=hl","article_published_time":"2022-02-02T12:15:15+00:00","article_modified_time":"2023-04-11T09:48:33+00:00","og_image":[{"width":1920,"height":1281,"url":"https:\/\/www.laguiadepamplona.com\/actualidad\/wp-content\/uploads\/2021\/10\/Pasarela-Labrit_P1160494_0.jpg","type":"image\/jpeg"}],"author":"La Gu\u00eda de Pamplona","twitter_card":"summary_large_image","twitter_creator":"@LaGuiadPamplona","twitter_site":"@LaGuiadPamplona","twitter_misc":{"Escrito por":"La Gu\u00eda de Pamplona","Tiempo de lectura":"2 minutos"},"schema":{"@context":"https:\/\/schema.org","@graph":[{"@type":"Article","@id":"https:\/\/www.laguiadepamplona.com\/actualidad\/la-cuesta-de-labrit-se-cierra-al-trafico-esta-noche-y-la-siguiente-entre-las-21-horas-y-las-7-de-la-manana-para-colocar-el-andamiaje-de-las-obras-de-refuerzo-de-la-pasarela\/#article","isPartOf":{"@id":"https:\/\/www.laguiadepamplona.com\/actualidad\/la-cuesta-de-labrit-se-cierra-al-trafico-esta-noche-y-la-siguiente-entre-las-21-horas-y-las-7-de-la-manana-para-colocar-el-andamiaje-de-las-obras-de-refuerzo-de-la-pasarela\/"},"author":{"name":"La Gu\u00eda de Pamplona","@id":"https:\/\/www.laguiadepamplona.com\/actualidad\/#\/schema\/person\/efe887376f0213d4657c93adc50b1fdb"},"headline":"La cuesta de Labrit se cierra al tr\u00e1fico esta noche y la siguiente, entre las 21 horas y las 7 de la ma\u00f1ana, para colocar el andamiaje de las obras de refuerzo de la pasarela","datePublished":"2022-02-02T12:15:15+00:00","dateModified":"2023-04-11T09:48:33+00:00","mainEntityOfPage":{"@id":"https:\/\/www.laguiadepamplona.com\/actualidad\/la-cuesta-de-labrit-se-cierra-al-trafico-esta-noche-y-la-siguiente-entre-las-21-horas-y-las-7-de-la-manana-para-colocar-el-andamiaje-de-las-obras-de-refuerzo-de-la-pasarela\/"},"wordCount":331,"commentCount":0,"publisher":{"@id":"https:\/\/www.laguiadepamplona.com\/actualidad\/#organization"},"image":{"@id":"https:\/\/www.laguiadepamplona.com\/actualidad\/la-cuesta-de-labrit-se-cierra-al-trafico-esta-noche-y-la-siguiente-entre-las-21-horas-y-las-7-de-la-manana-para-colocar-el-andamiaje-de-las-obras-de-refuerzo-de-la-pasarela\/#primaryimage"},"thumbnailUrl":"https:\/\/www.laguiadepamplona.com\/actualidad\/wp-content\/uploads\/2021\/10\/Pasarela-Labrit_P1160494_0.jpg","articleSection":["Ayto Pamplona"],"inLanguage":"es","potentialAction":[{"@type":"CommentAction","name":"Comment","target":["https:\/\/www.laguiadepamplona.com\/actualidad\/la-cuesta-de-labrit-se-cierra-al-trafico-esta-noche-y-la-siguiente-entre-las-21-horas-y-las-7-de-la-manana-para-colocar-el-andamiaje-de-las-obras-de-refuerzo-de-la-pasarela\/#respond"]}]},{"@type":"WebPage","@id":"https:\/\/www.laguiadepamplona.com\/actualidad\/la-cuesta-de-labrit-se-cierra-al-trafico-esta-noche-y-la-siguiente-entre-las-21-horas-y-las-7-de-la-manana-para-colocar-el-andamiaje-de-las-obras-de-refuerzo-de-la-pasarela\/","url":"https:\/\/www.laguiadepamplona.com\/actualidad\/la-cuesta-de-labrit-se-cierra-al-trafico-esta-noche-y-la-siguiente-entre-las-21-horas-y-las-7-de-la-manana-para-colocar-el-andamiaje-de-las-obras-de-refuerzo-de-la-pasarela\/","name":"La cuesta de Labrit se cierra al tr\u00e1fico esta noche y la siguiente, entre las 21 horas y las 7 de la ma\u00f1ana, para colocar el andamiaje de las obras de refuerzo de la pasarela","isPartOf":{"@id":"https:\/\/www.laguiadepamplona.com\/actualidad\/#website"},"primaryImageOfPage":{"@id":"https:\/\/www.laguiadepamplona.com\/actualidad\/la-cuesta-de-labrit-se-cierra-al-trafico-esta-noche-y-la-siguiente-entre-las-21-horas-y-las-7-de-la-manana-para-colocar-el-andamiaje-de-las-obras-de-refuerzo-de-la-pasarela\/#primaryimage"},"image":{"@id":"https:\/\/www.laguiadepamplona.com\/actualidad\/la-cuesta-de-labrit-se-cierra-al-trafico-esta-noche-y-la-siguiente-entre-las-21-horas-y-las-7-de-la-manana-para-colocar-el-andamiaje-de-las-obras-de-refuerzo-de-la-pasarela\/#primaryimage"},"thumbnailUrl":"https:\/\/www.laguiadepamplona.com\/actualidad\/wp-content\/uploads\/2021\/10\/Pasarela-Labrit_P1160494_0.jpg","datePublished":"2022-02-02T12:15:15+00:00","dateModified":"2023-04-11T09:48:33+00:00","description":"El acceso al Casco Antiguo por la calle Merced permanecer\u00e1 libre desde la calle Cortes de Navarra exclusivamente","breadcrumb":{"@id":"https:\/\/www.laguiadepamplona.com\/actualidad\/la-cuesta-de-labrit-se-cierra-al-trafico-esta-noche-y-la-siguiente-entre-las-21-horas-y-las-7-de-la-manana-para-colocar-el-andamiaje-de-las-obras-de-refuerzo-de-la-pasarela\/#breadcrumb"},"inLanguage":"es","potentialAction":[{"@type":"ReadAction","target":["https:\/\/www.laguiadepamplona.com\/actualidad\/la-cuesta-de-labrit-se-cierra-al-trafico-esta-noche-y-la-siguiente-entre-las-21-horas-y-las-7-de-la-manana-para-colocar-el-andamiaje-de-las-obras-de-refuerzo-de-la-pasarela\/"]}]},{"@type":"ImageObject","inLanguage":"es","@id":"https:\/\/www.laguiadepamplona.com\/actualidad\/la-cuesta-de-labrit-se-cierra-al-trafico-esta-noche-y-la-siguiente-entre-las-21-horas-y-las-7-de-la-manana-para-colocar-el-andamiaje-de-las-obras-de-refuerzo-de-la-pasarela\/#primaryimage","url":"https:\/\/www.laguiadepamplona.com\/actualidad\/wp-content\/uploads\/2021\/10\/Pasarela-Labrit_P1160494_0.jpg","contentUrl":"https:\/\/www.laguiadepamplona.com\/actualidad\/wp-content\/uploads\/2021\/10\/Pasarela-Labrit_P1160494_0.jpg","width":1920,"height":1281},{"@type":"BreadcrumbList","@id":"https:\/\/www.laguiadepamplona.com\/actualidad\/la-cuesta-de-labrit-se-cierra-al-trafico-esta-noche-y-la-siguiente-entre-las-21-horas-y-las-7-de-la-manana-para-colocar-el-andamiaje-de-las-obras-de-refuerzo-de-la-pasarela\/#breadcrumb","itemListElement":[{"@type":"ListItem","position":1,"name":"Portada","item":"https:\/\/www.laguiadepamplona.com\/actualidad\/"},{"@type":"ListItem","position":2,"name":"La cuesta de Labrit se cierra al tr\u00e1fico esta noche y la siguiente, entre las 21 horas y las 7 de la ma\u00f1ana, para colocar el andamiaje de las obras de refuerzo de la pasarela"}]},{"@type":"WebSite","@id":"https:\/\/www.laguiadepamplona.com\/actualidad\/#website","url":"https:\/\/www.laguiadepamplona.com\/actualidad\/","name":"La gu\u00eda de Pamplona","description":"Noticias de Pamplona","publisher":{"@id":"https:\/\/www.laguiadepamplona.com\/actualidad\/#organization"},"potentialAction":[{"@type":"SearchAction","target":{"@type":"EntryPoint","urlTemplate":"https:\/\/www.laguiadepamplona.com\/actualidad\/?s={search_term_string}"},"query-input":{"@type":"PropertyValueSpecification","valueRequired":true,"valueName":"search_term_string"}}],"inLanguage":"es"},{"@type":"Organization","@id":"https:\/\/www.laguiadepamplona.com\/actualidad\/#organization","name":"La Gu\u00eda de Pamplona \/ Noticias","url":"https:\/\/www.laguiadepamplona.com\/actualidad\/","logo":{"@type":"ImageObject","inLanguage":"es","@id":"https:\/\/www.laguiadepamplona.com\/actualidad\/#\/schema\/logo\/image\/","url":"https:\/\/www.laguiadepamplona.com\/actualidad\/wp-content\/uploads\/2018\/11\/logo-laguiadepamplona18-web1.png","contentUrl":"https:\/\/www.laguiadepamplona.com\/actualidad\/wp-content\/uploads\/2018\/11\/logo-laguiadepamplona18-web1.png","width":600,"height":196,"caption":"La Gu\u00eda de Pamplona \/ Noticias"},"image":{"@id":"https:\/\/www.laguiadepamplona.com\/actualidad\/#\/schema\/logo\/image\/"},"sameAs":["https:\/\/www.facebook.com\/laguiadepamplonacom-133175176762273\/?ref=hl","https:\/\/x.com\/LaGuiadPamplona","https:\/\/www.instagram.com\/la_guia_de_pamplona\/","https:\/\/www.youtube.com\/user\/laguiadepamplona"]},{"@type":"Person","@id":"https:\/\/www.laguiadepamplona.com\/actualidad\/#\/schema\/person\/efe887376f0213d4657c93adc50b1fdb","name":"La Gu\u00eda de Pamplona","image":{"@type":"ImageObject","inLanguage":"es","@id":"https:\/\/secure.gravatar.com\/avatar\/b6992f131dc8d30ab0dff15446e9d346d9dbd95992de0fef795073f5ea83a81c?s=96&d=mm&r=g","url":"https:\/\/secure.gravatar.com\/avatar\/b6992f131dc8d30ab0dff15446e9d346d9dbd95992de0fef795073f5ea83a81c?s=96&d=mm&r=g","contentUrl":"https:\/\/secure.gravatar.com\/avatar\/b6992f131dc8d30ab0dff15446e9d346d9dbd95992de0fef795073f5ea83a81c?s=96&d=mm&r=g","caption":"La Gu\u00eda de Pamplona"}}]}},"post_mailing_queue_ids":[],"_links":{"self":[{"href":"https:\/\/www.laguiadepamplona.com\/actualidad\/wp-json\/wp\/v2\/posts\/38542","targetHints":{"allow":["GET"]}}],"collection":[{"href":"https:\/\/www.laguiadepamplona.com\/actualidad\/wp-json\/wp\/v2\/posts"}],"about":[{"href":"https:\/\/www.laguiadepamplona.com\/actualidad\/wp-json\/wp\/v2\/types\/post"}],"author":[{"embeddable":true,"href":"https:\/\/www.laguiadepamplona.com\/actualidad\/wp-json\/wp\/v2\/users\/1"}],"replies":[{"embeddable":true,"href":"https:\/\/www.laguiadepamplona.com\/actualidad\/wp-json\/wp\/v2\/comments?post=38542"}],"version-history":[{"count":0,"href":"https:\/\/www.laguiadepamplona.com\/actualidad\/wp-json\/wp\/v2\/posts\/38542\/revisions"}],"wp:featuredmedia":[{"embeddable":true,"href":"https:\/\/www.laguiadepamplona.com\/actualidad\/wp-json\/wp\/v2\/media\/37273"}],"wp:attachment":[{"href":"https:\/\/www.laguiadepamplona.com\/actualidad\/wp-json\/wp\/v2\/media?parent=38542"}],"wp:term":[{"taxonomy":"category","embeddable":true,"href":"https:\/\/www.laguiadepamplona.com\/actualidad\/wp-json\/wp\/v2\/categories?post=38542"},{"taxonomy":"post_tag","embeddable":true,"href":"https:\/\/www.laguiadepamplona.com\/actualidad\/wp-json\/wp\/v2\/tags?post=38542"}],"curies":[{"name":"wp","href":"https:\/\/api.w.org\/{rel}","templated":true}]}}