{"id":38540,"date":"2022-02-01T18:19:38","date_gmt":"2022-02-01T16:19:38","guid":{"rendered":"https:\/\/www.laguiadepamplona.com\/actualidad\/?p=38540"},"modified":"2023-04-11T11:48:33","modified_gmt":"2023-04-11T09:48:33","slug":"declaraciones-aprobadas-en-la-comision-de-presidencia-celebrada-el-martes-1-de-febrero-de-2022","status":"publish","type":"post","link":"https:\/\/www.laguiadepamplona.com\/actualidad\/declaraciones-aprobadas-en-la-comision-de-presidencia-celebrada-el-martes-1-de-febrero-de-2022\/","title":{"rendered":"Declaraciones aprobadas en la Comisi\u00f3n de Presidencia celebrada el martes 1 de febrero de 2022"},"content":{"rendered":"<p><!--more--><\/p>\n<p><strong>Declaraci\u00f3n para desarrollar encuentros entre Polic\u00eda Municipal (UPAS) y supervivientes de la trata con fines de explotaci\u00f3n sexual<\/strong><\/p>\n<p><u>Proponente<\/u>: EH Bildu<\/p>\n<p><u>Votaci\u00f3n<\/u>: aprobada con 6 votos a favor (EH Bildu, Socialistas del Ayuntamiento de Pamplona y Geroa Bai) y 5 abstenciones (Navarra Suma)<\/p>\n<p>ACUERDA<\/p>\n<ol>\n<li>Instar al \u00e1rea de Seguridad Ciudadana a desarrollar, junto a asociaciones especializadas, encuentros entre agentes de la Unidad de Protecci\u00f3n y Acci\u00f3n Social (UPAS) y mujeres supervivientes a la trata que aproximen todas las aristas de este fen\u00f3meno a la Polic\u00eda Municipal y aporten a los agentes pautas \u00fatiles para una intervenci\u00f3n m\u00e1s eficaz.<\/li>\n<li>Solicitar a Seguridad Ciudadana que aporte trimestralmente y de manera desglosada la cifra de delitos contra la libertad sexual que se cometen en Pamplona, especificando aquellos vinculados a la trata y la explotaci\u00f3n sexual, con indicaci\u00f3n de la edad y origen de las v\u00edctimas.<\/li>\n<li>Trabajar con el resto de las administraciones implicadas para solventar eficazmente, atendiendo a la lengua y cultura de las v\u00edctimas, los problemas de comunicaci\u00f3n que a menudo se suscitan durante los procesos de denuncia y asesoramiento.<\/li>\n<li>Colaborar y coordinar con el \u00e1rea de Servicios Sociales el acceso de las ni\u00f1as y mujeres v\u00edctimas de la trata al empadronamiento y a otros recursos sociales que legalmente les corresponden.<\/li>\n<\/ol>\n<p>&nbsp;<br \/>\n<script async src=\"\/\/pagead2.googlesyndication.com\/pagead\/js\/adsbygoogle.js\"><\/script><br \/>\n<!-- Noticias La Guia de Pamplona --><br \/>\n<ins class=\"adsbygoogle\"\nstyle=\"display:block\"\ndata-ad-client=\"ca-pub-6943679897239327\"\ndata-ad-slot=\"7048180777\"\ndata-ad-format=\"auto\"><\/ins><br \/>\n<script>\n(adsbygoogle = window.adsbygoogle || []).push({});\n<\/script><\/p>\n<p><strong>Declaraci\u00f3n para la elaboraci\u00f3n de un Plan de Protecci\u00f3n y Promoci\u00f3n de Establecimientos Emblem\u00e1ticos y Comercios Centenarios<\/strong><\/p>\n<p><u>Proponente<\/u>: EH Bildu<\/p>\n<p><u>Votaci\u00f3n<\/u>: aprobada con 6 votos a favor (EH Bildu, Socialistas del Ayuntamiento de Pamplona y Geroa Bai) y 5 votos en contra (Navarra Suma)<\/p>\n<p>ACUERDA<\/p>\n<ol>\n<li>Denunciar el abandono e inacci\u00f3n del Equipo de Gobierno en materia de protecci\u00f3n y promoci\u00f3n de establecimientos emblem\u00e1ticos y centenarios.<\/li>\n<li>Urgir al \u00e1rea de Gobierno Estrat\u00e9gico, Comercio y Turismo a la finalizaci\u00f3n del Plan de Protecci\u00f3n y Promoci\u00f3n de Establecimientos Emblem\u00e1ticos y Comercios Centenarios.<\/li>\n<\/ol>\n<p>&nbsp;<br \/>\n<script async src=\"\/\/pagead2.googlesyndication.com\/pagead\/js\/adsbygoogle.js\"><\/script><br \/>\n<!-- Noticias La Guia de Pamplona --><br \/>\n<ins class=\"adsbygoogle\"\nstyle=\"display:block\"\ndata-ad-client=\"ca-pub-6943679897239327\"\ndata-ad-slot=\"7048180777\"\ndata-ad-format=\"auto\"><\/ins><br \/>\n<script>\n(adsbygoogle = window.adsbygoogle || []).push({});\n<\/script><\/p>\n<p><strong>Declaraci\u00f3n institucional por el impulso de pol\u00edticas de empadronamiento activo y el refuerzo de la atenci\u00f3n a personas sin hogar, para garantizar que ning\u00fan vecino o vecina siga en situaci\u00f3n de exclusi\u00f3n<\/strong><\/p>\n<p>ACUERDA<\/p>\n<ol>\n<li>El Ayuntamiento de Pamplona \u2013 Iru\u00f1a se compromete a cumplir con la normativa vigente, garantizando la atenci\u00f3n por los Servicios Sociales municipales de todas las personas que residen en su t\u00e9rmino municipal y su empadronamiento, para que puedan as\u00ed desarrollar en plenitud su proyecto vital.<\/li>\n<li>El Ayuntamiento de Pamplona \u2013 Iru\u00f1a impulsar\u00e1 pol\u00edticas activas de empadronamiento, mediante el trabajo conjunto de los Servicios Sociales municipales y las entidades sociales locales, para establecer un protocolo de actuaci\u00f3n que facilite el empadronamiento de todas las personas que, viviendo en el municipio, no disponen de la documentaci\u00f3n ordinaria requiera por el Ayuntamiento para empadronarse.<\/li>\n<\/ol>\n<p><strong>\u00a0<\/strong><br \/>\n<script async src=\"\/\/pagead2.googlesyndication.com\/pagead\/js\/adsbygoogle.js\"><\/script><br \/>\n<!-- Noticias La Guia de Pamplona --><br \/>\n<ins class=\"adsbygoogle\"\nstyle=\"display:block\"\ndata-ad-client=\"ca-pub-6943679897239327\"\ndata-ad-slot=\"7048180777\"\ndata-ad-format=\"auto\"><\/ins><br \/>\n<script>\n(adsbygoogle = window.adsbygoogle || []).push({});\n<\/script><\/p>\n<p><strong>Declaraci\u00f3n institucional sobre reconocimiento y memoria hist\u00f3rica gitana<\/strong><\/p>\n<p>ACUERDA<\/p>\n<ol>\n<li>El Ayuntamiento quieren conmemorar el D\u00eda Internacional del Pueblo Gitano y el D\u00eda de la Comunidad Gitana en navarra, reconociendo que dicha comunidad supone un grupo humano importante en Pamplona y Navarra, con una identidad cultural propia y diferenciada, con los mismos derechos y obligaciones que el resto de la ciudadan\u00eda, que sigue enriqueciendo una sociedad cada vez m\u00e1s plural e intercultural, tras quinientos a\u00f1os de convivencia.<\/li>\n<li>El Ayuntamiento de Pamplona velar\u00e1 por el cumplimiento real de leyes que favorezcan la incorporaci\u00f3n y normalizaci\u00f3n de la comunidad gitana en los diferentes \u00e1mbitos de la vida social.<\/li>\n<li>El Ayuntamiento de Pamplona apoya el trabajo que se realiza desde las propias entidades gitanas, como medio que favorece la promoci\u00f3n y normalizaci\u00f3n social de la comunidad gitana, beneficiando a toda la ciudadan\u00eda.<\/li>\n<li>El Ayuntamiento de Pamplona se muestra a favor de las pol\u00edticas que favorezcan una imagen m\u00e1s positiva y real del pueblo gitano, erradicando estereotipos y prejuicios que a d\u00eda de hoy todav\u00eda existen, promoviendo acciones espec\u00edficas que ayuden a conocer su historia y memoria.<\/li>\n<\/ol>\n","protected":false},"excerpt":{"rendered":"","protected":false},"author":1,"featured_media":36074,"comment_status":"open","ping_status":"closed","sticky":false,"template":"","format":"standard","meta":{"footnotes":""},"categories":[2],"tags":[],"class_list":["post-38540","post","type-post","status-publish","format-standard","has-post-thumbnail","hentry","category-ayuntamiento-pamplona"],"yoast_head":"<!-- This site is optimized with the Yoast SEO plugin v27.3 - https:\/\/yoast.com\/product\/yoast-seo-wordpress\/ -->\n<title>Declaraciones aprobadas en la Comisi\u00f3n de Presidencia celebrada el martes 1 de febrero de 2022<\/title>\n<meta name=\"robots\" content=\"index, follow, max-snippet:-1, max-image-preview:large, max-video-preview:-1\" \/>\n<link rel=\"canonical\" href=\"https:\/\/www.laguiadepamplona.com\/actualidad\/declaraciones-aprobadas-en-la-comision-de-presidencia-celebrada-el-martes-1-de-febrero-de-2022\/\" \/>\n<meta property=\"og:locale\" content=\"es_ES\" \/>\n<meta property=\"og:type\" content=\"article\" \/>\n<meta property=\"og:title\" content=\"Declaraciones aprobadas en la Comisi\u00f3n de Presidencia celebrada el martes 1 de febrero de 2022\" \/>\n<meta property=\"og:url\" content=\"https:\/\/www.laguiadepamplona.com\/actualidad\/declaraciones-aprobadas-en-la-comision-de-presidencia-celebrada-el-martes-1-de-febrero-de-2022\/\" \/>\n<meta property=\"og:site_name\" content=\"La Gu\u00eda de Pamplona\" \/>\n<meta property=\"article:publisher\" content=\"https:\/\/www.facebook.com\/laguiadepamplonacom-133175176762273\/?ref=hl\" \/>\n<meta property=\"article:published_time\" content=\"2022-02-01T16:19:38+00:00\" \/>\n<meta property=\"article:modified_time\" content=\"2023-04-11T09:48:33+00:00\" \/>\n<meta property=\"og:image\" content=\"https:\/\/www.laguiadepamplona.com\/actualidad\/wp-content\/uploads\/2021\/08\/ayuntamiento-pamplona2.jpg\" \/>\n\t<meta property=\"og:image:width\" content=\"1920\" \/>\n\t<meta property=\"og:image:height\" content=\"1080\" \/>\n\t<meta property=\"og:image:type\" content=\"image\/jpeg\" \/>\n<meta name=\"author\" content=\"La Gu\u00eda de Pamplona\" \/>\n<meta name=\"twitter:card\" content=\"summary_large_image\" \/>\n<meta name=\"twitter:creator\" content=\"@LaGuiadPamplona\" \/>\n<meta name=\"twitter:site\" content=\"@LaGuiadPamplona\" \/>\n<meta name=\"twitter:label1\" content=\"Escrito por\" \/>\n\t<meta name=\"twitter:data1\" content=\"La Gu\u00eda de Pamplona\" \/>\n\t<meta name=\"twitter:label2\" content=\"Tiempo de lectura\" \/>\n\t<meta name=\"twitter:data2\" content=\"3 minutos\" \/>\n<script type=\"application\/ld+json\" class=\"yoast-schema-graph\">{\"@context\":\"https:\\\/\\\/schema.org\",\"@graph\":[{\"@type\":\"Article\",\"@id\":\"https:\\\/\\\/www.laguiadepamplona.com\\\/actualidad\\\/declaraciones-aprobadas-en-la-comision-de-presidencia-celebrada-el-martes-1-de-febrero-de-2022\\\/#article\",\"isPartOf\":{\"@id\":\"https:\\\/\\\/www.laguiadepamplona.com\\\/actualidad\\\/declaraciones-aprobadas-en-la-comision-de-presidencia-celebrada-el-martes-1-de-febrero-de-2022\\\/\"},\"author\":{\"name\":\"La Gu\u00eda de Pamplona\",\"@id\":\"https:\\\/\\\/www.laguiadepamplona.com\\\/actualidad\\\/#\\\/schema\\\/person\\\/efe887376f0213d4657c93adc50b1fdb\"},\"headline\":\"Declaraciones aprobadas en la Comisi\u00f3n de Presidencia celebrada el martes 1 de febrero de 2022\",\"datePublished\":\"2022-02-01T16:19:38+00:00\",\"dateModified\":\"2023-04-11T09:48:33+00:00\",\"mainEntityOfPage\":{\"@id\":\"https:\\\/\\\/www.laguiadepamplona.com\\\/actualidad\\\/declaraciones-aprobadas-en-la-comision-de-presidencia-celebrada-el-martes-1-de-febrero-de-2022\\\/\"},\"wordCount\":686,\"commentCount\":0,\"publisher\":{\"@id\":\"https:\\\/\\\/www.laguiadepamplona.com\\\/actualidad\\\/#organization\"},\"image\":{\"@id\":\"https:\\\/\\\/www.laguiadepamplona.com\\\/actualidad\\\/declaraciones-aprobadas-en-la-comision-de-presidencia-celebrada-el-martes-1-de-febrero-de-2022\\\/#primaryimage\"},\"thumbnailUrl\":\"https:\\\/\\\/www.laguiadepamplona.com\\\/actualidad\\\/wp-content\\\/uploads\\\/2021\\\/08\\\/ayuntamiento-pamplona2.jpg\",\"articleSection\":[\"Ayto Pamplona\"],\"inLanguage\":\"es\",\"potentialAction\":[{\"@type\":\"CommentAction\",\"name\":\"Comment\",\"target\":[\"https:\\\/\\\/www.laguiadepamplona.com\\\/actualidad\\\/declaraciones-aprobadas-en-la-comision-de-presidencia-celebrada-el-martes-1-de-febrero-de-2022\\\/#respond\"]}]},{\"@type\":\"WebPage\",\"@id\":\"https:\\\/\\\/www.laguiadepamplona.com\\\/actualidad\\\/declaraciones-aprobadas-en-la-comision-de-presidencia-celebrada-el-martes-1-de-febrero-de-2022\\\/\",\"url\":\"https:\\\/\\\/www.laguiadepamplona.com\\\/actualidad\\\/declaraciones-aprobadas-en-la-comision-de-presidencia-celebrada-el-martes-1-de-febrero-de-2022\\\/\",\"name\":\"Declaraciones aprobadas en la Comisi\u00f3n de Presidencia celebrada el martes 1 de febrero de 2022\",\"isPartOf\":{\"@id\":\"https:\\\/\\\/www.laguiadepamplona.com\\\/actualidad\\\/#website\"},\"primaryImageOfPage\":{\"@id\":\"https:\\\/\\\/www.laguiadepamplona.com\\\/actualidad\\\/declaraciones-aprobadas-en-la-comision-de-presidencia-celebrada-el-martes-1-de-febrero-de-2022\\\/#primaryimage\"},\"image\":{\"@id\":\"https:\\\/\\\/www.laguiadepamplona.com\\\/actualidad\\\/declaraciones-aprobadas-en-la-comision-de-presidencia-celebrada-el-martes-1-de-febrero-de-2022\\\/#primaryimage\"},\"thumbnailUrl\":\"https:\\\/\\\/www.laguiadepamplona.com\\\/actualidad\\\/wp-content\\\/uploads\\\/2021\\\/08\\\/ayuntamiento-pamplona2.jpg\",\"datePublished\":\"2022-02-01T16:19:38+00:00\",\"dateModified\":\"2023-04-11T09:48:33+00:00\",\"breadcrumb\":{\"@id\":\"https:\\\/\\\/www.laguiadepamplona.com\\\/actualidad\\\/declaraciones-aprobadas-en-la-comision-de-presidencia-celebrada-el-martes-1-de-febrero-de-2022\\\/#breadcrumb\"},\"inLanguage\":\"es\",\"potentialAction\":[{\"@type\":\"ReadAction\",\"target\":[\"https:\\\/\\\/www.laguiadepamplona.com\\\/actualidad\\\/declaraciones-aprobadas-en-la-comision-de-presidencia-celebrada-el-martes-1-de-febrero-de-2022\\\/\"]}]},{\"@type\":\"ImageObject\",\"inLanguage\":\"es\",\"@id\":\"https:\\\/\\\/www.laguiadepamplona.com\\\/actualidad\\\/declaraciones-aprobadas-en-la-comision-de-presidencia-celebrada-el-martes-1-de-febrero-de-2022\\\/#primaryimage\",\"url\":\"https:\\\/\\\/www.laguiadepamplona.com\\\/actualidad\\\/wp-content\\\/uploads\\\/2021\\\/08\\\/ayuntamiento-pamplona2.jpg\",\"contentUrl\":\"https:\\\/\\\/www.laguiadepamplona.com\\\/actualidad\\\/wp-content\\\/uploads\\\/2021\\\/08\\\/ayuntamiento-pamplona2.jpg\",\"width\":1920,\"height\":1080,\"caption\":\"ayuntamiento pamplona\"},{\"@type\":\"BreadcrumbList\",\"@id\":\"https:\\\/\\\/www.laguiadepamplona.com\\\/actualidad\\\/declaraciones-aprobadas-en-la-comision-de-presidencia-celebrada-el-martes-1-de-febrero-de-2022\\\/#breadcrumb\",\"itemListElement\":[{\"@type\":\"ListItem\",\"position\":1,\"name\":\"Portada\",\"item\":\"https:\\\/\\\/www.laguiadepamplona.com\\\/actualidad\\\/\"},{\"@type\":\"ListItem\",\"position\":2,\"name\":\"Declaraciones aprobadas en la Comisi\u00f3n de Presidencia celebrada el martes 1 de febrero de 2022\"}]},{\"@type\":\"WebSite\",\"@id\":\"https:\\\/\\\/www.laguiadepamplona.com\\\/actualidad\\\/#website\",\"url\":\"https:\\\/\\\/www.laguiadepamplona.com\\\/actualidad\\\/\",\"name\":\"La gu\u00eda de Pamplona\",\"description\":\"Noticias de Pamplona\",\"publisher\":{\"@id\":\"https:\\\/\\\/www.laguiadepamplona.com\\\/actualidad\\\/#organization\"},\"potentialAction\":[{\"@type\":\"SearchAction\",\"target\":{\"@type\":\"EntryPoint\",\"urlTemplate\":\"https:\\\/\\\/www.laguiadepamplona.com\\\/actualidad\\\/?s={search_term_string}\"},\"query-input\":{\"@type\":\"PropertyValueSpecification\",\"valueRequired\":true,\"valueName\":\"search_term_string\"}}],\"inLanguage\":\"es\"},{\"@type\":\"Organization\",\"@id\":\"https:\\\/\\\/www.laguiadepamplona.com\\\/actualidad\\\/#organization\",\"name\":\"La Gu\u00eda de Pamplona \\\/ Noticias\",\"url\":\"https:\\\/\\\/www.laguiadepamplona.com\\\/actualidad\\\/\",\"logo\":{\"@type\":\"ImageObject\",\"inLanguage\":\"es\",\"@id\":\"https:\\\/\\\/www.laguiadepamplona.com\\\/actualidad\\\/#\\\/schema\\\/logo\\\/image\\\/\",\"url\":\"https:\\\/\\\/www.laguiadepamplona.com\\\/actualidad\\\/wp-content\\\/uploads\\\/2018\\\/11\\\/logo-laguiadepamplona18-web1.png\",\"contentUrl\":\"https:\\\/\\\/www.laguiadepamplona.com\\\/actualidad\\\/wp-content\\\/uploads\\\/2018\\\/11\\\/logo-laguiadepamplona18-web1.png\",\"width\":600,\"height\":196,\"caption\":\"La Gu\u00eda de Pamplona \\\/ Noticias\"},\"image\":{\"@id\":\"https:\\\/\\\/www.laguiadepamplona.com\\\/actualidad\\\/#\\\/schema\\\/logo\\\/image\\\/\"},\"sameAs\":[\"https:\\\/\\\/www.facebook.com\\\/laguiadepamplonacom-133175176762273\\\/?ref=hl\",\"https:\\\/\\\/x.com\\\/LaGuiadPamplona\",\"https:\\\/\\\/www.instagram.com\\\/la_guia_de_pamplona\\\/\",\"https:\\\/\\\/www.youtube.com\\\/user\\\/laguiadepamplona\"]},{\"@type\":\"Person\",\"@id\":\"https:\\\/\\\/www.laguiadepamplona.com\\\/actualidad\\\/#\\\/schema\\\/person\\\/efe887376f0213d4657c93adc50b1fdb\",\"name\":\"La Gu\u00eda de Pamplona\",\"image\":{\"@type\":\"ImageObject\",\"inLanguage\":\"es\",\"@id\":\"https:\\\/\\\/secure.gravatar.com\\\/avatar\\\/b6992f131dc8d30ab0dff15446e9d346d9dbd95992de0fef795073f5ea83a81c?s=96&d=mm&r=g\",\"url\":\"https:\\\/\\\/secure.gravatar.com\\\/avatar\\\/b6992f131dc8d30ab0dff15446e9d346d9dbd95992de0fef795073f5ea83a81c?s=96&d=mm&r=g\",\"contentUrl\":\"https:\\\/\\\/secure.gravatar.com\\\/avatar\\\/b6992f131dc8d30ab0dff15446e9d346d9dbd95992de0fef795073f5ea83a81c?s=96&d=mm&r=g\",\"caption\":\"La Gu\u00eda de Pamplona\"}}]}<\/script>\n<!-- \/ Yoast SEO plugin. -->","yoast_head_json":{"title":"Declaraciones aprobadas en la Comisi\u00f3n de Presidencia celebrada el martes 1 de febrero de 2022","robots":{"index":"index","follow":"follow","max-snippet":"max-snippet:-1","max-image-preview":"max-image-preview:large","max-video-preview":"max-video-preview:-1"},"canonical":"https:\/\/www.laguiadepamplona.com\/actualidad\/declaraciones-aprobadas-en-la-comision-de-presidencia-celebrada-el-martes-1-de-febrero-de-2022\/","og_locale":"es_ES","og_type":"article","og_title":"Declaraciones aprobadas en la Comisi\u00f3n de Presidencia celebrada el martes 1 de febrero de 2022","og_url":"https:\/\/www.laguiadepamplona.com\/actualidad\/declaraciones-aprobadas-en-la-comision-de-presidencia-celebrada-el-martes-1-de-febrero-de-2022\/","og_site_name":"La Gu\u00eda de Pamplona","article_publisher":"https:\/\/www.facebook.com\/laguiadepamplonacom-133175176762273\/?ref=hl","article_published_time":"2022-02-01T16:19:38+00:00","article_modified_time":"2023-04-11T09:48:33+00:00","og_image":[{"width":1920,"height":1080,"url":"https:\/\/www.laguiadepamplona.com\/actualidad\/wp-content\/uploads\/2021\/08\/ayuntamiento-pamplona2.jpg","type":"image\/jpeg"}],"author":"La Gu\u00eda de Pamplona","twitter_card":"summary_large_image","twitter_creator":"@LaGuiadPamplona","twitter_site":"@LaGuiadPamplona","twitter_misc":{"Escrito por":"La Gu\u00eda de Pamplona","Tiempo de lectura":"3 minutos"},"schema":{"@context":"https:\/\/schema.org","@graph":[{"@type":"Article","@id":"https:\/\/www.laguiadepamplona.com\/actualidad\/declaraciones-aprobadas-en-la-comision-de-presidencia-celebrada-el-martes-1-de-febrero-de-2022\/#article","isPartOf":{"@id":"https:\/\/www.laguiadepamplona.com\/actualidad\/declaraciones-aprobadas-en-la-comision-de-presidencia-celebrada-el-martes-1-de-febrero-de-2022\/"},"author":{"name":"La Gu\u00eda de Pamplona","@id":"https:\/\/www.laguiadepamplona.com\/actualidad\/#\/schema\/person\/efe887376f0213d4657c93adc50b1fdb"},"headline":"Declaraciones aprobadas en la Comisi\u00f3n de Presidencia celebrada el martes 1 de febrero de 2022","datePublished":"2022-02-01T16:19:38+00:00","dateModified":"2023-04-11T09:48:33+00:00","mainEntityOfPage":{"@id":"https:\/\/www.laguiadepamplona.com\/actualidad\/declaraciones-aprobadas-en-la-comision-de-presidencia-celebrada-el-martes-1-de-febrero-de-2022\/"},"wordCount":686,"commentCount":0,"publisher":{"@id":"https:\/\/www.laguiadepamplona.com\/actualidad\/#organization"},"image":{"@id":"https:\/\/www.laguiadepamplona.com\/actualidad\/declaraciones-aprobadas-en-la-comision-de-presidencia-celebrada-el-martes-1-de-febrero-de-2022\/#primaryimage"},"thumbnailUrl":"https:\/\/www.laguiadepamplona.com\/actualidad\/wp-content\/uploads\/2021\/08\/ayuntamiento-pamplona2.jpg","articleSection":["Ayto Pamplona"],"inLanguage":"es","potentialAction":[{"@type":"CommentAction","name":"Comment","target":["https:\/\/www.laguiadepamplona.com\/actualidad\/declaraciones-aprobadas-en-la-comision-de-presidencia-celebrada-el-martes-1-de-febrero-de-2022\/#respond"]}]},{"@type":"WebPage","@id":"https:\/\/www.laguiadepamplona.com\/actualidad\/declaraciones-aprobadas-en-la-comision-de-presidencia-celebrada-el-martes-1-de-febrero-de-2022\/","url":"https:\/\/www.laguiadepamplona.com\/actualidad\/declaraciones-aprobadas-en-la-comision-de-presidencia-celebrada-el-martes-1-de-febrero-de-2022\/","name":"Declaraciones aprobadas en la Comisi\u00f3n de Presidencia celebrada el martes 1 de febrero de 2022","isPartOf":{"@id":"https:\/\/www.laguiadepamplona.com\/actualidad\/#website"},"primaryImageOfPage":{"@id":"https:\/\/www.laguiadepamplona.com\/actualidad\/declaraciones-aprobadas-en-la-comision-de-presidencia-celebrada-el-martes-1-de-febrero-de-2022\/#primaryimage"},"image":{"@id":"https:\/\/www.laguiadepamplona.com\/actualidad\/declaraciones-aprobadas-en-la-comision-de-presidencia-celebrada-el-martes-1-de-febrero-de-2022\/#primaryimage"},"thumbnailUrl":"https:\/\/www.laguiadepamplona.com\/actualidad\/wp-content\/uploads\/2021\/08\/ayuntamiento-pamplona2.jpg","datePublished":"2022-02-01T16:19:38+00:00","dateModified":"2023-04-11T09:48:33+00:00","breadcrumb":{"@id":"https:\/\/www.laguiadepamplona.com\/actualidad\/declaraciones-aprobadas-en-la-comision-de-presidencia-celebrada-el-martes-1-de-febrero-de-2022\/#breadcrumb"},"inLanguage":"es","potentialAction":[{"@type":"ReadAction","target":["https:\/\/www.laguiadepamplona.com\/actualidad\/declaraciones-aprobadas-en-la-comision-de-presidencia-celebrada-el-martes-1-de-febrero-de-2022\/"]}]},{"@type":"ImageObject","inLanguage":"es","@id":"https:\/\/www.laguiadepamplona.com\/actualidad\/declaraciones-aprobadas-en-la-comision-de-presidencia-celebrada-el-martes-1-de-febrero-de-2022\/#primaryimage","url":"https:\/\/www.laguiadepamplona.com\/actualidad\/wp-content\/uploads\/2021\/08\/ayuntamiento-pamplona2.jpg","contentUrl":"https:\/\/www.laguiadepamplona.com\/actualidad\/wp-content\/uploads\/2021\/08\/ayuntamiento-pamplona2.jpg","width":1920,"height":1080,"caption":"ayuntamiento pamplona"},{"@type":"BreadcrumbList","@id":"https:\/\/www.laguiadepamplona.com\/actualidad\/declaraciones-aprobadas-en-la-comision-de-presidencia-celebrada-el-martes-1-de-febrero-de-2022\/#breadcrumb","itemListElement":[{"@type":"ListItem","position":1,"name":"Portada","item":"https:\/\/www.laguiadepamplona.com\/actualidad\/"},{"@type":"ListItem","position":2,"name":"Declaraciones aprobadas en la Comisi\u00f3n de Presidencia celebrada el martes 1 de febrero de 2022"}]},{"@type":"WebSite","@id":"https:\/\/www.laguiadepamplona.com\/actualidad\/#website","url":"https:\/\/www.laguiadepamplona.com\/actualidad\/","name":"La gu\u00eda de Pamplona","description":"Noticias de Pamplona","publisher":{"@id":"https:\/\/www.laguiadepamplona.com\/actualidad\/#organization"},"potentialAction":[{"@type":"SearchAction","target":{"@type":"EntryPoint","urlTemplate":"https:\/\/www.laguiadepamplona.com\/actualidad\/?s={search_term_string}"},"query-input":{"@type":"PropertyValueSpecification","valueRequired":true,"valueName":"search_term_string"}}],"inLanguage":"es"},{"@type":"Organization","@id":"https:\/\/www.laguiadepamplona.com\/actualidad\/#organization","name":"La Gu\u00eda de Pamplona \/ Noticias","url":"https:\/\/www.laguiadepamplona.com\/actualidad\/","logo":{"@type":"ImageObject","inLanguage":"es","@id":"https:\/\/www.laguiadepamplona.com\/actualidad\/#\/schema\/logo\/image\/","url":"https:\/\/www.laguiadepamplona.com\/actualidad\/wp-content\/uploads\/2018\/11\/logo-laguiadepamplona18-web1.png","contentUrl":"https:\/\/www.laguiadepamplona.com\/actualidad\/wp-content\/uploads\/2018\/11\/logo-laguiadepamplona18-web1.png","width":600,"height":196,"caption":"La Gu\u00eda de Pamplona \/ Noticias"},"image":{"@id":"https:\/\/www.laguiadepamplona.com\/actualidad\/#\/schema\/logo\/image\/"},"sameAs":["https:\/\/www.facebook.com\/laguiadepamplonacom-133175176762273\/?ref=hl","https:\/\/x.com\/LaGuiadPamplona","https:\/\/www.instagram.com\/la_guia_de_pamplona\/","https:\/\/www.youtube.com\/user\/laguiadepamplona"]},{"@type":"Person","@id":"https:\/\/www.laguiadepamplona.com\/actualidad\/#\/schema\/person\/efe887376f0213d4657c93adc50b1fdb","name":"La Gu\u00eda de Pamplona","image":{"@type":"ImageObject","inLanguage":"es","@id":"https:\/\/secure.gravatar.com\/avatar\/b6992f131dc8d30ab0dff15446e9d346d9dbd95992de0fef795073f5ea83a81c?s=96&d=mm&r=g","url":"https:\/\/secure.gravatar.com\/avatar\/b6992f131dc8d30ab0dff15446e9d346d9dbd95992de0fef795073f5ea83a81c?s=96&d=mm&r=g","contentUrl":"https:\/\/secure.gravatar.com\/avatar\/b6992f131dc8d30ab0dff15446e9d346d9dbd95992de0fef795073f5ea83a81c?s=96&d=mm&r=g","caption":"La Gu\u00eda de Pamplona"}}]}},"post_mailing_queue_ids":[],"_links":{"self":[{"href":"https:\/\/www.laguiadepamplona.com\/actualidad\/wp-json\/wp\/v2\/posts\/38540","targetHints":{"allow":["GET"]}}],"collection":[{"href":"https:\/\/www.laguiadepamplona.com\/actualidad\/wp-json\/wp\/v2\/posts"}],"about":[{"href":"https:\/\/www.laguiadepamplona.com\/actualidad\/wp-json\/wp\/v2\/types\/post"}],"author":[{"embeddable":true,"href":"https:\/\/www.laguiadepamplona.com\/actualidad\/wp-json\/wp\/v2\/users\/1"}],"replies":[{"embeddable":true,"href":"https:\/\/www.laguiadepamplona.com\/actualidad\/wp-json\/wp\/v2\/comments?post=38540"}],"version-history":[{"count":0,"href":"https:\/\/www.laguiadepamplona.com\/actualidad\/wp-json\/wp\/v2\/posts\/38540\/revisions"}],"wp:featuredmedia":[{"embeddable":true,"href":"https:\/\/www.laguiadepamplona.com\/actualidad\/wp-json\/wp\/v2\/media\/36074"}],"wp:attachment":[{"href":"https:\/\/www.laguiadepamplona.com\/actualidad\/wp-json\/wp\/v2\/media?parent=38540"}],"wp:term":[{"taxonomy":"category","embeddable":true,"href":"https:\/\/www.laguiadepamplona.com\/actualidad\/wp-json\/wp\/v2\/categories?post=38540"},{"taxonomy":"post_tag","embeddable":true,"href":"https:\/\/www.laguiadepamplona.com\/actualidad\/wp-json\/wp\/v2\/tags?post=38540"}],"curies":[{"name":"wp","href":"https:\/\/api.w.org\/{rel}","templated":true}]}}