{"id":38537,"date":"2022-02-01T18:18:28","date_gmt":"2022-02-01T16:18:28","guid":{"rendered":"https:\/\/www.laguiadepamplona.com\/actualidad\/?p=38537"},"modified":"2023-04-11T11:48:33","modified_gmt":"2023-04-11T09:48:33","slug":"el-ayuntamiento-de-pamplona-amplia-los-permisos-de-las-llamadas-terrazas-covid-hasta-el-25-de-abril-una-vez-finalizado-el-periodo-vacacional-de-semana-santa","status":"publish","type":"post","link":"https:\/\/www.laguiadepamplona.com\/actualidad\/el-ayuntamiento-de-pamplona-amplia-los-permisos-de-las-llamadas-terrazas-covid-hasta-el-25-de-abril-una-vez-finalizado-el-periodo-vacacional-de-semana-santa\/","title":{"rendered":"El Ayuntamiento de Pamplona ampl\u00eda los permisos de las llamadas \u2018terrazas COVID\u2019 hasta el 25 de abril, una vez finalizado el per\u00edodo vacacional de Semana Santa"},"content":{"rendered":"<h5>La decisi\u00f3n se ha expuesto en la Comisi\u00f3n de Presidencia celebrada esta ma\u00f1ana<\/h5>\n<p><!--more--><\/p>\n<p>El Ayuntamiento de Pamplona va a ampliar el funcionamiento de las llamadas \u2018terrazas COVID\u2019 hasta el pr\u00f3ximo 25 de abril. Se prolongan de esta manera los permisos de estos espacios temporales de hosteler\u00eda, abiertos como consecuencia de la pandemia, durante dos meses m\u00e1s, pues el plazo finalizaba el pr\u00f3ximo 13 de febrero. Con esta ampliaci\u00f3n, se podr\u00e1n abrir hasta que concluyan el periodo vacacional de Semana.<br \/>\n<script async src=\"\/\/pagead2.googlesyndication.com\/pagead\/js\/adsbygoogle.js\"><\/script><br \/>\n<!-- Noticias La Guia de Pamplona --><br \/>\n<ins class=\"adsbygoogle\"\nstyle=\"display:block\"\ndata-ad-client=\"ca-pub-6943679897239327\"\ndata-ad-slot=\"7048180777\"\ndata-ad-format=\"auto\"><\/ins><br \/>\n<script>\n(adsbygoogle = window.adsbygoogle || []).push({});\n<\/script><\/p>\n<p>Esta medida se ha abordado en la Comisi\u00f3n de Presidencia que he tenido lugar esta ma\u00f1ana en dependencias municipales. Se mantendr\u00e1n los horarios y los requisitos que hasta ahora se hab\u00edan establecido para la puesta en marcha y el funcionamiento de estas \u2018terrazas COVID\u2019. Desde el inicio de la pandemia, en marzo de 2020, el Ayuntamiento de Pamplona, a trav\u00e9s del \u00e1rea de Seguridad Ciudadana, ha recibido m\u00e1s de 1.600 solicitudes relacionadas con esta medida, ya sean ampliaciones, instalaciones y modificaciones, tanto de terrazas temporales como de no temporales.<\/p>\n<p>De esta forma, el Ayuntamiento mantiene la decisi\u00f3n excepcional de impulsar terrazas temporales de hosteler\u00eda con el objetivo de minimizar el impacto econ\u00f3mico y las consecuencias negativas en el sector derivadas de la crisis sanitaria. Esta medida se une a otras, como la supresi\u00f3n de las tasas de esas terrazas, tomadas por el Consistorio para mitigar esos efectos de a COVID-19 en el sector hostelero.<\/p>\n","protected":false},"excerpt":{"rendered":"<p>La decisi\u00f3n se ha expuesto en la Comisi\u00f3n de Presidencia celebrada esta ma\u00f1ana<\/p>\n","protected":false},"author":1,"featured_media":38538,"comment_status":"open","ping_status":"closed","sticky":false,"template":"","format":"standard","meta":{"footnotes":""},"categories":[2],"tags":[],"class_list":["post-38537","post","type-post","status-publish","format-standard","has-post-thumbnail","hentry","category-ayuntamiento-pamplona"],"yoast_head":"<!-- This site is optimized with the Yoast SEO plugin v27.3 - https:\/\/yoast.com\/product\/yoast-seo-wordpress\/ -->\n<title>El Ayuntamiento de Pamplona ampl\u00eda los permisos de las llamadas \u2018terrazas COVID\u2019 hasta el 25 de abril, una vez finalizado el per\u00edodo vacacional de Semana Santa<\/title>\n<meta name=\"description\" content=\"La decisi\u00f3n se ha expuesto en la Comisi\u00f3n de Presidencia celebrada esta ma\u00f1ana\" \/>\n<meta name=\"robots\" content=\"index, follow, max-snippet:-1, max-image-preview:large, max-video-preview:-1\" \/>\n<link rel=\"canonical\" href=\"https:\/\/www.laguiadepamplona.com\/actualidad\/el-ayuntamiento-de-pamplona-amplia-los-permisos-de-las-llamadas-terrazas-covid-hasta-el-25-de-abril-una-vez-finalizado-el-periodo-vacacional-de-semana-santa\/\" \/>\n<meta property=\"og:locale\" content=\"es_ES\" \/>\n<meta property=\"og:type\" content=\"article\" \/>\n<meta property=\"og:title\" content=\"El Ayuntamiento de Pamplona ampl\u00eda los permisos de las llamadas \u2018terrazas COVID\u2019 hasta el 25 de abril, una vez finalizado el per\u00edodo vacacional de Semana Santa\" \/>\n<meta property=\"og:description\" content=\"La decisi\u00f3n se ha expuesto en la Comisi\u00f3n de Presidencia celebrada esta ma\u00f1ana\" \/>\n<meta property=\"og:url\" content=\"https:\/\/www.laguiadepamplona.com\/actualidad\/el-ayuntamiento-de-pamplona-amplia-los-permisos-de-las-llamadas-terrazas-covid-hasta-el-25-de-abril-una-vez-finalizado-el-periodo-vacacional-de-semana-santa\/\" \/>\n<meta property=\"og:site_name\" content=\"La Gu\u00eda de Pamplona\" \/>\n<meta property=\"article:publisher\" content=\"https:\/\/www.facebook.com\/laguiadepamplonacom-133175176762273\/?ref=hl\" \/>\n<meta property=\"article:published_time\" content=\"2022-02-01T16:18:28+00:00\" \/>\n<meta property=\"article:modified_time\" content=\"2023-04-11T09:48:33+00:00\" \/>\n<meta property=\"og:image\" content=\"https:\/\/www.laguiadepamplona.com\/actualidad\/wp-content\/uploads\/2022\/02\/terrazas_JGV9591.jpg\" \/>\n\t<meta property=\"og:image:width\" content=\"1920\" \/>\n\t<meta property=\"og:image:height\" content=\"1280\" \/>\n\t<meta property=\"og:image:type\" content=\"image\/jpeg\" \/>\n<meta name=\"author\" content=\"La Gu\u00eda de Pamplona\" \/>\n<meta name=\"twitter:card\" content=\"summary_large_image\" \/>\n<meta name=\"twitter:creator\" content=\"@LaGuiadPamplona\" \/>\n<meta name=\"twitter:site\" content=\"@LaGuiadPamplona\" \/>\n<meta name=\"twitter:label1\" content=\"Escrito por\" \/>\n\t<meta name=\"twitter:data1\" content=\"La Gu\u00eda de Pamplona\" \/>\n\t<meta name=\"twitter:label2\" content=\"Tiempo de lectura\" \/>\n\t<meta name=\"twitter:data2\" content=\"2 minutos\" \/>\n<script type=\"application\/ld+json\" class=\"yoast-schema-graph\">{\"@context\":\"https:\\\/\\\/schema.org\",\"@graph\":[{\"@type\":\"Article\",\"@id\":\"https:\\\/\\\/www.laguiadepamplona.com\\\/actualidad\\\/el-ayuntamiento-de-pamplona-amplia-los-permisos-de-las-llamadas-terrazas-covid-hasta-el-25-de-abril-una-vez-finalizado-el-periodo-vacacional-de-semana-santa\\\/#article\",\"isPartOf\":{\"@id\":\"https:\\\/\\\/www.laguiadepamplona.com\\\/actualidad\\\/el-ayuntamiento-de-pamplona-amplia-los-permisos-de-las-llamadas-terrazas-covid-hasta-el-25-de-abril-una-vez-finalizado-el-periodo-vacacional-de-semana-santa\\\/\"},\"author\":{\"name\":\"La Gu\u00eda de Pamplona\",\"@id\":\"https:\\\/\\\/www.laguiadepamplona.com\\\/actualidad\\\/#\\\/schema\\\/person\\\/efe887376f0213d4657c93adc50b1fdb\"},\"headline\":\"El Ayuntamiento de Pamplona ampl\u00eda los permisos de las llamadas \u2018terrazas COVID\u2019 hasta el 25 de abril, una vez finalizado el per\u00edodo vacacional de Semana Santa\",\"datePublished\":\"2022-02-01T16:18:28+00:00\",\"dateModified\":\"2023-04-11T09:48:33+00:00\",\"mainEntityOfPage\":{\"@id\":\"https:\\\/\\\/www.laguiadepamplona.com\\\/actualidad\\\/el-ayuntamiento-de-pamplona-amplia-los-permisos-de-las-llamadas-terrazas-covid-hasta-el-25-de-abril-una-vez-finalizado-el-periodo-vacacional-de-semana-santa\\\/\"},\"wordCount\":275,\"commentCount\":0,\"publisher\":{\"@id\":\"https:\\\/\\\/www.laguiadepamplona.com\\\/actualidad\\\/#organization\"},\"image\":{\"@id\":\"https:\\\/\\\/www.laguiadepamplona.com\\\/actualidad\\\/el-ayuntamiento-de-pamplona-amplia-los-permisos-de-las-llamadas-terrazas-covid-hasta-el-25-de-abril-una-vez-finalizado-el-periodo-vacacional-de-semana-santa\\\/#primaryimage\"},\"thumbnailUrl\":\"https:\\\/\\\/www.laguiadepamplona.com\\\/actualidad\\\/wp-content\\\/uploads\\\/2022\\\/02\\\/terrazas_JGV9591.jpg\",\"articleSection\":[\"Ayto Pamplona\"],\"inLanguage\":\"es\",\"potentialAction\":[{\"@type\":\"CommentAction\",\"name\":\"Comment\",\"target\":[\"https:\\\/\\\/www.laguiadepamplona.com\\\/actualidad\\\/el-ayuntamiento-de-pamplona-amplia-los-permisos-de-las-llamadas-terrazas-covid-hasta-el-25-de-abril-una-vez-finalizado-el-periodo-vacacional-de-semana-santa\\\/#respond\"]}]},{\"@type\":\"WebPage\",\"@id\":\"https:\\\/\\\/www.laguiadepamplona.com\\\/actualidad\\\/el-ayuntamiento-de-pamplona-amplia-los-permisos-de-las-llamadas-terrazas-covid-hasta-el-25-de-abril-una-vez-finalizado-el-periodo-vacacional-de-semana-santa\\\/\",\"url\":\"https:\\\/\\\/www.laguiadepamplona.com\\\/actualidad\\\/el-ayuntamiento-de-pamplona-amplia-los-permisos-de-las-llamadas-terrazas-covid-hasta-el-25-de-abril-una-vez-finalizado-el-periodo-vacacional-de-semana-santa\\\/\",\"name\":\"El Ayuntamiento de Pamplona ampl\u00eda los permisos de las llamadas \u2018terrazas COVID\u2019 hasta el 25 de abril, una vez finalizado el per\u00edodo vacacional de Semana Santa\",\"isPartOf\":{\"@id\":\"https:\\\/\\\/www.laguiadepamplona.com\\\/actualidad\\\/#website\"},\"primaryImageOfPage\":{\"@id\":\"https:\\\/\\\/www.laguiadepamplona.com\\\/actualidad\\\/el-ayuntamiento-de-pamplona-amplia-los-permisos-de-las-llamadas-terrazas-covid-hasta-el-25-de-abril-una-vez-finalizado-el-periodo-vacacional-de-semana-santa\\\/#primaryimage\"},\"image\":{\"@id\":\"https:\\\/\\\/www.laguiadepamplona.com\\\/actualidad\\\/el-ayuntamiento-de-pamplona-amplia-los-permisos-de-las-llamadas-terrazas-covid-hasta-el-25-de-abril-una-vez-finalizado-el-periodo-vacacional-de-semana-santa\\\/#primaryimage\"},\"thumbnailUrl\":\"https:\\\/\\\/www.laguiadepamplona.com\\\/actualidad\\\/wp-content\\\/uploads\\\/2022\\\/02\\\/terrazas_JGV9591.jpg\",\"datePublished\":\"2022-02-01T16:18:28+00:00\",\"dateModified\":\"2023-04-11T09:48:33+00:00\",\"description\":\"La decisi\u00f3n se ha expuesto en la Comisi\u00f3n de Presidencia celebrada esta ma\u00f1ana\",\"breadcrumb\":{\"@id\":\"https:\\\/\\\/www.laguiadepamplona.com\\\/actualidad\\\/el-ayuntamiento-de-pamplona-amplia-los-permisos-de-las-llamadas-terrazas-covid-hasta-el-25-de-abril-una-vez-finalizado-el-periodo-vacacional-de-semana-santa\\\/#breadcrumb\"},\"inLanguage\":\"es\",\"potentialAction\":[{\"@type\":\"ReadAction\",\"target\":[\"https:\\\/\\\/www.laguiadepamplona.com\\\/actualidad\\\/el-ayuntamiento-de-pamplona-amplia-los-permisos-de-las-llamadas-terrazas-covid-hasta-el-25-de-abril-una-vez-finalizado-el-periodo-vacacional-de-semana-santa\\\/\"]}]},{\"@type\":\"ImageObject\",\"inLanguage\":\"es\",\"@id\":\"https:\\\/\\\/www.laguiadepamplona.com\\\/actualidad\\\/el-ayuntamiento-de-pamplona-amplia-los-permisos-de-las-llamadas-terrazas-covid-hasta-el-25-de-abril-una-vez-finalizado-el-periodo-vacacional-de-semana-santa\\\/#primaryimage\",\"url\":\"https:\\\/\\\/www.laguiadepamplona.com\\\/actualidad\\\/wp-content\\\/uploads\\\/2022\\\/02\\\/terrazas_JGV9591.jpg\",\"contentUrl\":\"https:\\\/\\\/www.laguiadepamplona.com\\\/actualidad\\\/wp-content\\\/uploads\\\/2022\\\/02\\\/terrazas_JGV9591.jpg\",\"width\":1920,\"height\":1280,\"caption\":\"A* Jes\u00fas Garzaron F* 2021_05_20 T* Nuevas terrazas hosteler\u00eda L* Paseo Sarasate\"},{\"@type\":\"BreadcrumbList\",\"@id\":\"https:\\\/\\\/www.laguiadepamplona.com\\\/actualidad\\\/el-ayuntamiento-de-pamplona-amplia-los-permisos-de-las-llamadas-terrazas-covid-hasta-el-25-de-abril-una-vez-finalizado-el-periodo-vacacional-de-semana-santa\\\/#breadcrumb\",\"itemListElement\":[{\"@type\":\"ListItem\",\"position\":1,\"name\":\"Portada\",\"item\":\"https:\\\/\\\/www.laguiadepamplona.com\\\/actualidad\\\/\"},{\"@type\":\"ListItem\",\"position\":2,\"name\":\"El Ayuntamiento de Pamplona ampl\u00eda los permisos de las llamadas \u2018terrazas COVID\u2019 hasta el 25 de abril, una vez finalizado el per\u00edodo vacacional de Semana Santa\"}]},{\"@type\":\"WebSite\",\"@id\":\"https:\\\/\\\/www.laguiadepamplona.com\\\/actualidad\\\/#website\",\"url\":\"https:\\\/\\\/www.laguiadepamplona.com\\\/actualidad\\\/\",\"name\":\"La gu\u00eda de Pamplona\",\"description\":\"Noticias de Pamplona\",\"publisher\":{\"@id\":\"https:\\\/\\\/www.laguiadepamplona.com\\\/actualidad\\\/#organization\"},\"potentialAction\":[{\"@type\":\"SearchAction\",\"target\":{\"@type\":\"EntryPoint\",\"urlTemplate\":\"https:\\\/\\\/www.laguiadepamplona.com\\\/actualidad\\\/?s={search_term_string}\"},\"query-input\":{\"@type\":\"PropertyValueSpecification\",\"valueRequired\":true,\"valueName\":\"search_term_string\"}}],\"inLanguage\":\"es\"},{\"@type\":\"Organization\",\"@id\":\"https:\\\/\\\/www.laguiadepamplona.com\\\/actualidad\\\/#organization\",\"name\":\"La Gu\u00eda de Pamplona \\\/ Noticias\",\"url\":\"https:\\\/\\\/www.laguiadepamplona.com\\\/actualidad\\\/\",\"logo\":{\"@type\":\"ImageObject\",\"inLanguage\":\"es\",\"@id\":\"https:\\\/\\\/www.laguiadepamplona.com\\\/actualidad\\\/#\\\/schema\\\/logo\\\/image\\\/\",\"url\":\"https:\\\/\\\/www.laguiadepamplona.com\\\/actualidad\\\/wp-content\\\/uploads\\\/2018\\\/11\\\/logo-laguiadepamplona18-web1.png\",\"contentUrl\":\"https:\\\/\\\/www.laguiadepamplona.com\\\/actualidad\\\/wp-content\\\/uploads\\\/2018\\\/11\\\/logo-laguiadepamplona18-web1.png\",\"width\":600,\"height\":196,\"caption\":\"La Gu\u00eda de Pamplona \\\/ Noticias\"},\"image\":{\"@id\":\"https:\\\/\\\/www.laguiadepamplona.com\\\/actualidad\\\/#\\\/schema\\\/logo\\\/image\\\/\"},\"sameAs\":[\"https:\\\/\\\/www.facebook.com\\\/laguiadepamplonacom-133175176762273\\\/?ref=hl\",\"https:\\\/\\\/x.com\\\/LaGuiadPamplona\",\"https:\\\/\\\/www.instagram.com\\\/la_guia_de_pamplona\\\/\",\"https:\\\/\\\/www.youtube.com\\\/user\\\/laguiadepamplona\"]},{\"@type\":\"Person\",\"@id\":\"https:\\\/\\\/www.laguiadepamplona.com\\\/actualidad\\\/#\\\/schema\\\/person\\\/efe887376f0213d4657c93adc50b1fdb\",\"name\":\"La Gu\u00eda de Pamplona\",\"image\":{\"@type\":\"ImageObject\",\"inLanguage\":\"es\",\"@id\":\"https:\\\/\\\/secure.gravatar.com\\\/avatar\\\/b6992f131dc8d30ab0dff15446e9d346d9dbd95992de0fef795073f5ea83a81c?s=96&d=mm&r=g\",\"url\":\"https:\\\/\\\/secure.gravatar.com\\\/avatar\\\/b6992f131dc8d30ab0dff15446e9d346d9dbd95992de0fef795073f5ea83a81c?s=96&d=mm&r=g\",\"contentUrl\":\"https:\\\/\\\/secure.gravatar.com\\\/avatar\\\/b6992f131dc8d30ab0dff15446e9d346d9dbd95992de0fef795073f5ea83a81c?s=96&d=mm&r=g\",\"caption\":\"La Gu\u00eda de Pamplona\"}}]}<\/script>\n<!-- \/ Yoast SEO plugin. -->","yoast_head_json":{"title":"El Ayuntamiento de Pamplona ampl\u00eda los permisos de las llamadas \u2018terrazas COVID\u2019 hasta el 25 de abril, una vez finalizado el per\u00edodo vacacional de Semana Santa","description":"La decisi\u00f3n se ha expuesto en la Comisi\u00f3n de Presidencia celebrada esta ma\u00f1ana","robots":{"index":"index","follow":"follow","max-snippet":"max-snippet:-1","max-image-preview":"max-image-preview:large","max-video-preview":"max-video-preview:-1"},"canonical":"https:\/\/www.laguiadepamplona.com\/actualidad\/el-ayuntamiento-de-pamplona-amplia-los-permisos-de-las-llamadas-terrazas-covid-hasta-el-25-de-abril-una-vez-finalizado-el-periodo-vacacional-de-semana-santa\/","og_locale":"es_ES","og_type":"article","og_title":"El Ayuntamiento de Pamplona ampl\u00eda los permisos de las llamadas \u2018terrazas COVID\u2019 hasta el 25 de abril, una vez finalizado el per\u00edodo vacacional de Semana Santa","og_description":"La decisi\u00f3n se ha expuesto en la Comisi\u00f3n de Presidencia celebrada esta ma\u00f1ana","og_url":"https:\/\/www.laguiadepamplona.com\/actualidad\/el-ayuntamiento-de-pamplona-amplia-los-permisos-de-las-llamadas-terrazas-covid-hasta-el-25-de-abril-una-vez-finalizado-el-periodo-vacacional-de-semana-santa\/","og_site_name":"La Gu\u00eda de Pamplona","article_publisher":"https:\/\/www.facebook.com\/laguiadepamplonacom-133175176762273\/?ref=hl","article_published_time":"2022-02-01T16:18:28+00:00","article_modified_time":"2023-04-11T09:48:33+00:00","og_image":[{"width":1920,"height":1280,"url":"https:\/\/www.laguiadepamplona.com\/actualidad\/wp-content\/uploads\/2022\/02\/terrazas_JGV9591.jpg","type":"image\/jpeg"}],"author":"La Gu\u00eda de Pamplona","twitter_card":"summary_large_image","twitter_creator":"@LaGuiadPamplona","twitter_site":"@LaGuiadPamplona","twitter_misc":{"Escrito por":"La Gu\u00eda de Pamplona","Tiempo de lectura":"2 minutos"},"schema":{"@context":"https:\/\/schema.org","@graph":[{"@type":"Article","@id":"https:\/\/www.laguiadepamplona.com\/actualidad\/el-ayuntamiento-de-pamplona-amplia-los-permisos-de-las-llamadas-terrazas-covid-hasta-el-25-de-abril-una-vez-finalizado-el-periodo-vacacional-de-semana-santa\/#article","isPartOf":{"@id":"https:\/\/www.laguiadepamplona.com\/actualidad\/el-ayuntamiento-de-pamplona-amplia-los-permisos-de-las-llamadas-terrazas-covid-hasta-el-25-de-abril-una-vez-finalizado-el-periodo-vacacional-de-semana-santa\/"},"author":{"name":"La Gu\u00eda de Pamplona","@id":"https:\/\/www.laguiadepamplona.com\/actualidad\/#\/schema\/person\/efe887376f0213d4657c93adc50b1fdb"},"headline":"El Ayuntamiento de Pamplona ampl\u00eda los permisos de las llamadas \u2018terrazas COVID\u2019 hasta el 25 de abril, una vez finalizado el per\u00edodo vacacional de Semana Santa","datePublished":"2022-02-01T16:18:28+00:00","dateModified":"2023-04-11T09:48:33+00:00","mainEntityOfPage":{"@id":"https:\/\/www.laguiadepamplona.com\/actualidad\/el-ayuntamiento-de-pamplona-amplia-los-permisos-de-las-llamadas-terrazas-covid-hasta-el-25-de-abril-una-vez-finalizado-el-periodo-vacacional-de-semana-santa\/"},"wordCount":275,"commentCount":0,"publisher":{"@id":"https:\/\/www.laguiadepamplona.com\/actualidad\/#organization"},"image":{"@id":"https:\/\/www.laguiadepamplona.com\/actualidad\/el-ayuntamiento-de-pamplona-amplia-los-permisos-de-las-llamadas-terrazas-covid-hasta-el-25-de-abril-una-vez-finalizado-el-periodo-vacacional-de-semana-santa\/#primaryimage"},"thumbnailUrl":"https:\/\/www.laguiadepamplona.com\/actualidad\/wp-content\/uploads\/2022\/02\/terrazas_JGV9591.jpg","articleSection":["Ayto Pamplona"],"inLanguage":"es","potentialAction":[{"@type":"CommentAction","name":"Comment","target":["https:\/\/www.laguiadepamplona.com\/actualidad\/el-ayuntamiento-de-pamplona-amplia-los-permisos-de-las-llamadas-terrazas-covid-hasta-el-25-de-abril-una-vez-finalizado-el-periodo-vacacional-de-semana-santa\/#respond"]}]},{"@type":"WebPage","@id":"https:\/\/www.laguiadepamplona.com\/actualidad\/el-ayuntamiento-de-pamplona-amplia-los-permisos-de-las-llamadas-terrazas-covid-hasta-el-25-de-abril-una-vez-finalizado-el-periodo-vacacional-de-semana-santa\/","url":"https:\/\/www.laguiadepamplona.com\/actualidad\/el-ayuntamiento-de-pamplona-amplia-los-permisos-de-las-llamadas-terrazas-covid-hasta-el-25-de-abril-una-vez-finalizado-el-periodo-vacacional-de-semana-santa\/","name":"El Ayuntamiento de Pamplona ampl\u00eda los permisos de las llamadas \u2018terrazas COVID\u2019 hasta el 25 de abril, una vez finalizado el per\u00edodo vacacional de Semana Santa","isPartOf":{"@id":"https:\/\/www.laguiadepamplona.com\/actualidad\/#website"},"primaryImageOfPage":{"@id":"https:\/\/www.laguiadepamplona.com\/actualidad\/el-ayuntamiento-de-pamplona-amplia-los-permisos-de-las-llamadas-terrazas-covid-hasta-el-25-de-abril-una-vez-finalizado-el-periodo-vacacional-de-semana-santa\/#primaryimage"},"image":{"@id":"https:\/\/www.laguiadepamplona.com\/actualidad\/el-ayuntamiento-de-pamplona-amplia-los-permisos-de-las-llamadas-terrazas-covid-hasta-el-25-de-abril-una-vez-finalizado-el-periodo-vacacional-de-semana-santa\/#primaryimage"},"thumbnailUrl":"https:\/\/www.laguiadepamplona.com\/actualidad\/wp-content\/uploads\/2022\/02\/terrazas_JGV9591.jpg","datePublished":"2022-02-01T16:18:28+00:00","dateModified":"2023-04-11T09:48:33+00:00","description":"La decisi\u00f3n se ha expuesto en la Comisi\u00f3n de Presidencia celebrada esta ma\u00f1ana","breadcrumb":{"@id":"https:\/\/www.laguiadepamplona.com\/actualidad\/el-ayuntamiento-de-pamplona-amplia-los-permisos-de-las-llamadas-terrazas-covid-hasta-el-25-de-abril-una-vez-finalizado-el-periodo-vacacional-de-semana-santa\/#breadcrumb"},"inLanguage":"es","potentialAction":[{"@type":"ReadAction","target":["https:\/\/www.laguiadepamplona.com\/actualidad\/el-ayuntamiento-de-pamplona-amplia-los-permisos-de-las-llamadas-terrazas-covid-hasta-el-25-de-abril-una-vez-finalizado-el-periodo-vacacional-de-semana-santa\/"]}]},{"@type":"ImageObject","inLanguage":"es","@id":"https:\/\/www.laguiadepamplona.com\/actualidad\/el-ayuntamiento-de-pamplona-amplia-los-permisos-de-las-llamadas-terrazas-covid-hasta-el-25-de-abril-una-vez-finalizado-el-periodo-vacacional-de-semana-santa\/#primaryimage","url":"https:\/\/www.laguiadepamplona.com\/actualidad\/wp-content\/uploads\/2022\/02\/terrazas_JGV9591.jpg","contentUrl":"https:\/\/www.laguiadepamplona.com\/actualidad\/wp-content\/uploads\/2022\/02\/terrazas_JGV9591.jpg","width":1920,"height":1280,"caption":"A* Jes\u00fas Garzaron F* 2021_05_20 T* Nuevas terrazas hosteler\u00eda L* Paseo Sarasate"},{"@type":"BreadcrumbList","@id":"https:\/\/www.laguiadepamplona.com\/actualidad\/el-ayuntamiento-de-pamplona-amplia-los-permisos-de-las-llamadas-terrazas-covid-hasta-el-25-de-abril-una-vez-finalizado-el-periodo-vacacional-de-semana-santa\/#breadcrumb","itemListElement":[{"@type":"ListItem","position":1,"name":"Portada","item":"https:\/\/www.laguiadepamplona.com\/actualidad\/"},{"@type":"ListItem","position":2,"name":"El Ayuntamiento de Pamplona ampl\u00eda los permisos de las llamadas \u2018terrazas COVID\u2019 hasta el 25 de abril, una vez finalizado el per\u00edodo vacacional de Semana Santa"}]},{"@type":"WebSite","@id":"https:\/\/www.laguiadepamplona.com\/actualidad\/#website","url":"https:\/\/www.laguiadepamplona.com\/actualidad\/","name":"La gu\u00eda de Pamplona","description":"Noticias de Pamplona","publisher":{"@id":"https:\/\/www.laguiadepamplona.com\/actualidad\/#organization"},"potentialAction":[{"@type":"SearchAction","target":{"@type":"EntryPoint","urlTemplate":"https:\/\/www.laguiadepamplona.com\/actualidad\/?s={search_term_string}"},"query-input":{"@type":"PropertyValueSpecification","valueRequired":true,"valueName":"search_term_string"}}],"inLanguage":"es"},{"@type":"Organization","@id":"https:\/\/www.laguiadepamplona.com\/actualidad\/#organization","name":"La Gu\u00eda de Pamplona \/ Noticias","url":"https:\/\/www.laguiadepamplona.com\/actualidad\/","logo":{"@type":"ImageObject","inLanguage":"es","@id":"https:\/\/www.laguiadepamplona.com\/actualidad\/#\/schema\/logo\/image\/","url":"https:\/\/www.laguiadepamplona.com\/actualidad\/wp-content\/uploads\/2018\/11\/logo-laguiadepamplona18-web1.png","contentUrl":"https:\/\/www.laguiadepamplona.com\/actualidad\/wp-content\/uploads\/2018\/11\/logo-laguiadepamplona18-web1.png","width":600,"height":196,"caption":"La Gu\u00eda de Pamplona \/ Noticias"},"image":{"@id":"https:\/\/www.laguiadepamplona.com\/actualidad\/#\/schema\/logo\/image\/"},"sameAs":["https:\/\/www.facebook.com\/laguiadepamplonacom-133175176762273\/?ref=hl","https:\/\/x.com\/LaGuiadPamplona","https:\/\/www.instagram.com\/la_guia_de_pamplona\/","https:\/\/www.youtube.com\/user\/laguiadepamplona"]},{"@type":"Person","@id":"https:\/\/www.laguiadepamplona.com\/actualidad\/#\/schema\/person\/efe887376f0213d4657c93adc50b1fdb","name":"La Gu\u00eda de Pamplona","image":{"@type":"ImageObject","inLanguage":"es","@id":"https:\/\/secure.gravatar.com\/avatar\/b6992f131dc8d30ab0dff15446e9d346d9dbd95992de0fef795073f5ea83a81c?s=96&d=mm&r=g","url":"https:\/\/secure.gravatar.com\/avatar\/b6992f131dc8d30ab0dff15446e9d346d9dbd95992de0fef795073f5ea83a81c?s=96&d=mm&r=g","contentUrl":"https:\/\/secure.gravatar.com\/avatar\/b6992f131dc8d30ab0dff15446e9d346d9dbd95992de0fef795073f5ea83a81c?s=96&d=mm&r=g","caption":"La Gu\u00eda de Pamplona"}}]}},"post_mailing_queue_ids":[],"_links":{"self":[{"href":"https:\/\/www.laguiadepamplona.com\/actualidad\/wp-json\/wp\/v2\/posts\/38537","targetHints":{"allow":["GET"]}}],"collection":[{"href":"https:\/\/www.laguiadepamplona.com\/actualidad\/wp-json\/wp\/v2\/posts"}],"about":[{"href":"https:\/\/www.laguiadepamplona.com\/actualidad\/wp-json\/wp\/v2\/types\/post"}],"author":[{"embeddable":true,"href":"https:\/\/www.laguiadepamplona.com\/actualidad\/wp-json\/wp\/v2\/users\/1"}],"replies":[{"embeddable":true,"href":"https:\/\/www.laguiadepamplona.com\/actualidad\/wp-json\/wp\/v2\/comments?post=38537"}],"version-history":[{"count":0,"href":"https:\/\/www.laguiadepamplona.com\/actualidad\/wp-json\/wp\/v2\/posts\/38537\/revisions"}],"wp:featuredmedia":[{"embeddable":true,"href":"https:\/\/www.laguiadepamplona.com\/actualidad\/wp-json\/wp\/v2\/media\/38538"}],"wp:attachment":[{"href":"https:\/\/www.laguiadepamplona.com\/actualidad\/wp-json\/wp\/v2\/media?parent=38537"}],"wp:term":[{"taxonomy":"category","embeddable":true,"href":"https:\/\/www.laguiadepamplona.com\/actualidad\/wp-json\/wp\/v2\/categories?post=38537"},{"taxonomy":"post_tag","embeddable":true,"href":"https:\/\/www.laguiadepamplona.com\/actualidad\/wp-json\/wp\/v2\/tags?post=38537"}],"curies":[{"name":"wp","href":"https:\/\/api.w.org\/{rel}","templated":true}]}}