{"id":38531,"date":"2022-02-01T18:12:51","date_gmt":"2022-02-01T16:12:51","guid":{"rendered":"https:\/\/www.laguiadepamplona.com\/actualidad\/?p=38531"},"modified":"2023-04-11T11:48:34","modified_gmt":"2023-04-11T09:48:34","slug":"el-ayuntamiento-convocara-en-febrero-las-mesas-de-los-sanfermines-para-analizar-las-propuestas-recibidas-de-cara-a-la-celebracion-de-las-fiestas-en-2022","status":"publish","type":"post","link":"https:\/\/www.laguiadepamplona.com\/actualidad\/el-ayuntamiento-convocara-en-febrero-las-mesas-de-los-sanfermines-para-analizar-las-propuestas-recibidas-de-cara-a-la-celebracion-de-las-fiestas-en-2022\/","title":{"rendered":"El Ayuntamiento convocar\u00e1 en febrero las mesas de los Sanfermines para analizar las propuestas recibidas, de cara a la celebraci\u00f3n de las fiestas en 2022"},"content":{"rendered":"<h5>Las tres mesas espec\u00edficas se convocar\u00e1n los d\u00edas 8, 9 y 16, para celebrar la Mesa General de los Sanfermines el 22 de febrero<\/h5>\n<p><!--more--><\/p>\n<p>Durante este mes de febrero el Ayuntamiento de Pamplona convocar\u00e1 las mesas de San Fermin: las llamadas Mesa de Calle, la Mesa de Cultura y la Mesa del Encierro, que se celebrar\u00e1n los d\u00edas 8, 9 y 16 de febrero, respectivamente. Esta ma\u00f1ana el concejal delegado de Educaci\u00f3n, Participaci\u00f3n Ciudadana y Juventud, Fernando Sesma ha explicado a la Comisi\u00f3n de Asuntos Ciudadanos que estos foros se reunir\u00e1n para someter a an\u00e1lisis y valoraci\u00f3n las propuestas ciudadanas recogidas a trav\u00e9s del buz\u00f3n <a href=\"mailto:sanfermin22@pamplona.es\">sanfermin22@pamplona.es<\/a>, tal como se anunci\u00f3 en la Mesa General celebrada el pasado 23 de septiembre. Asimismo, en esas sesiones las entidades presentes podr\u00e1n a su vez presentar propuestas propias.<\/p>\n<p>Las tres ser\u00e1n reuniones de cara a determinar cu\u00e1les de las sugerencias recibidas, por interesantes y viables, se llevar\u00e1n a la futura sesi\u00f3n de la Mesa General de los Sanfermines, que est\u00e1 previsto que se convoque el 22 de febrero. La idea es generar una amplia reflexi\u00f3n sobre las fiestas, tras dos a\u00f1os de suspensi\u00f3n obligada por la situaci\u00f3n sanitaria generada por la pandemia de la COVID-19.<br \/>\n<script async src=\"\/\/pagead2.googlesyndication.com\/pagead\/js\/adsbygoogle.js\"><\/script><br \/>\n<!-- Noticias La Guia de Pamplona --><br \/>\n<ins class=\"adsbygoogle\"\nstyle=\"display:block\"\ndata-ad-client=\"ca-pub-6943679897239327\"\ndata-ad-slot=\"7048180777\"\ndata-ad-format=\"auto\"><\/ins><br \/>\n<script>\n(adsbygoogle = window.adsbygoogle || []).push({});\n<\/script><\/p>\n<p>Entre septiembre y diciembre de 2021 el Ayuntamiento de Pamplona recibi\u00f3 a trav\u00e9s del mail espec\u00edficamente creado para ello un total de 119 propuestas de la ciudadan\u00eda. La gran mayor\u00eda de las ideas giraban en torno a tres ejes: la m\u00fasica y los conciertos, presentes en una de cada tres propuestas; la mejora de la programaci\u00f3n infantil y juvenil; y la celebraci\u00f3n del Encierro y las corridas de toros con la mirada puesta en que este a\u00f1o la Monumental de Pamplona celebra su centenario. Todas las propuestas pueden consultarse en la web <a href=\"http:\/\/www.losviviremos.es\" target=\"_blank\" rel=\"noopener\">http:\/\/www.losviviremos.es<\/a>.<\/p>\n<p>La Mesa General de los Sanfermines est\u00e1 integrada por m\u00e1s de medio centenar de asociaciones, colectivos o entidades relacionados directamente con la fiesta o representativas del tejido social de la ciudad, adem\u00e1s de por miembros de los partidos con representaci\u00f3n en el Consistorio. Por su parte, las mesas espec\u00edficas trabajan con esas mismas entidades, pero distribuidas por materias y con una composici\u00f3n m\u00e1s reducida y espec\u00edfica.<\/p>\n","protected":false},"excerpt":{"rendered":"<p>Las tres mesas espec\u00edficas se convocar\u00e1n los d\u00edas 8, 9 y 16, para celebrar la Mesa General de los Sanfermines el 22 de febrero<\/p>\n","protected":false},"author":1,"featured_media":30053,"comment_status":"open","ping_status":"closed","sticky":false,"template":"","format":"standard","meta":{"footnotes":""},"categories":[2],"tags":[],"class_list":["post-38531","post","type-post","status-publish","format-standard","has-post-thumbnail","hentry","category-ayuntamiento-pamplona"],"yoast_head":"<!-- This site is optimized with the Yoast SEO plugin v27.3 - https:\/\/yoast.com\/product\/yoast-seo-wordpress\/ -->\n<title>El Ayuntamiento convocar\u00e1 en febrero las mesas de los Sanfermines para analizar las propuestas recibidas, de cara a la celebraci\u00f3n de las fiestas en 2022<\/title>\n<meta name=\"description\" content=\"Las tres mesas espec\u00edficas se convocar\u00e1n los d\u00edas 8, 9 y 16, para celebrar la Mesa General de los Sanfermines el 22 de febrero\" \/>\n<meta name=\"robots\" content=\"index, follow, max-snippet:-1, max-image-preview:large, max-video-preview:-1\" \/>\n<link rel=\"canonical\" href=\"https:\/\/www.laguiadepamplona.com\/actualidad\/el-ayuntamiento-convocara-en-febrero-las-mesas-de-los-sanfermines-para-analizar-las-propuestas-recibidas-de-cara-a-la-celebracion-de-las-fiestas-en-2022\/\" \/>\n<meta property=\"og:locale\" content=\"es_ES\" \/>\n<meta property=\"og:type\" content=\"article\" \/>\n<meta property=\"og:title\" content=\"El Ayuntamiento convocar\u00e1 en febrero las mesas de los Sanfermines para analizar las propuestas recibidas, de cara a la celebraci\u00f3n de las fiestas en 2022\" \/>\n<meta property=\"og:description\" content=\"Las tres mesas espec\u00edficas se convocar\u00e1n los d\u00edas 8, 9 y 16, para celebrar la Mesa General de los Sanfermines el 22 de febrero\" \/>\n<meta property=\"og:url\" content=\"https:\/\/www.laguiadepamplona.com\/actualidad\/el-ayuntamiento-convocara-en-febrero-las-mesas-de-los-sanfermines-para-analizar-las-propuestas-recibidas-de-cara-a-la-celebracion-de-las-fiestas-en-2022\/\" \/>\n<meta property=\"og:site_name\" content=\"La Gu\u00eda de Pamplona\" \/>\n<meta property=\"article:publisher\" content=\"https:\/\/www.facebook.com\/laguiadepamplonacom-133175176762273\/?ref=hl\" \/>\n<meta property=\"article:published_time\" content=\"2022-02-01T16:12:51+00:00\" \/>\n<meta property=\"article:modified_time\" content=\"2023-04-11T09:48:34+00:00\" \/>\n<meta property=\"og:image\" content=\"https:\/\/www.laguiadepamplona.com\/actualidad\/wp-content\/uploads\/2020\/05\/mesasf_JMG1637.jpg\" \/>\n\t<meta property=\"og:image:width\" content=\"1920\" \/>\n\t<meta property=\"og:image:height\" content=\"1280\" \/>\n\t<meta property=\"og:image:type\" content=\"image\/jpeg\" \/>\n<meta name=\"author\" content=\"La Gu\u00eda de Pamplona\" \/>\n<meta name=\"twitter:card\" content=\"summary_large_image\" \/>\n<meta name=\"twitter:creator\" content=\"@LaGuiadPamplona\" \/>\n<meta name=\"twitter:site\" content=\"@LaGuiadPamplona\" \/>\n<meta name=\"twitter:label1\" content=\"Escrito por\" \/>\n\t<meta name=\"twitter:data1\" content=\"La Gu\u00eda de Pamplona\" \/>\n\t<meta name=\"twitter:label2\" content=\"Tiempo de lectura\" \/>\n\t<meta name=\"twitter:data2\" content=\"2 minutos\" \/>\n<script type=\"application\/ld+json\" class=\"yoast-schema-graph\">{\"@context\":\"https:\\\/\\\/schema.org\",\"@graph\":[{\"@type\":\"Article\",\"@id\":\"https:\\\/\\\/www.laguiadepamplona.com\\\/actualidad\\\/el-ayuntamiento-convocara-en-febrero-las-mesas-de-los-sanfermines-para-analizar-las-propuestas-recibidas-de-cara-a-la-celebracion-de-las-fiestas-en-2022\\\/#article\",\"isPartOf\":{\"@id\":\"https:\\\/\\\/www.laguiadepamplona.com\\\/actualidad\\\/el-ayuntamiento-convocara-en-febrero-las-mesas-de-los-sanfermines-para-analizar-las-propuestas-recibidas-de-cara-a-la-celebracion-de-las-fiestas-en-2022\\\/\"},\"author\":{\"name\":\"La Gu\u00eda de Pamplona\",\"@id\":\"https:\\\/\\\/www.laguiadepamplona.com\\\/actualidad\\\/#\\\/schema\\\/person\\\/efe887376f0213d4657c93adc50b1fdb\"},\"headline\":\"El Ayuntamiento convocar\u00e1 en febrero las mesas de los Sanfermines para analizar las propuestas recibidas, de cara a la celebraci\u00f3n de las fiestas en 2022\",\"datePublished\":\"2022-02-01T16:12:51+00:00\",\"dateModified\":\"2023-04-11T09:48:34+00:00\",\"mainEntityOfPage\":{\"@id\":\"https:\\\/\\\/www.laguiadepamplona.com\\\/actualidad\\\/el-ayuntamiento-convocara-en-febrero-las-mesas-de-los-sanfermines-para-analizar-las-propuestas-recibidas-de-cara-a-la-celebracion-de-las-fiestas-en-2022\\\/\"},\"wordCount\":417,\"commentCount\":0,\"publisher\":{\"@id\":\"https:\\\/\\\/www.laguiadepamplona.com\\\/actualidad\\\/#organization\"},\"image\":{\"@id\":\"https:\\\/\\\/www.laguiadepamplona.com\\\/actualidad\\\/el-ayuntamiento-convocara-en-febrero-las-mesas-de-los-sanfermines-para-analizar-las-propuestas-recibidas-de-cara-a-la-celebracion-de-las-fiestas-en-2022\\\/#primaryimage\"},\"thumbnailUrl\":\"https:\\\/\\\/www.laguiadepamplona.com\\\/actualidad\\\/wp-content\\\/uploads\\\/2020\\\/05\\\/mesasf_JMG1637.jpg\",\"articleSection\":[\"Ayto Pamplona\"],\"inLanguage\":\"es\",\"potentialAction\":[{\"@type\":\"CommentAction\",\"name\":\"Comment\",\"target\":[\"https:\\\/\\\/www.laguiadepamplona.com\\\/actualidad\\\/el-ayuntamiento-convocara-en-febrero-las-mesas-de-los-sanfermines-para-analizar-las-propuestas-recibidas-de-cara-a-la-celebracion-de-las-fiestas-en-2022\\\/#respond\"]}]},{\"@type\":\"WebPage\",\"@id\":\"https:\\\/\\\/www.laguiadepamplona.com\\\/actualidad\\\/el-ayuntamiento-convocara-en-febrero-las-mesas-de-los-sanfermines-para-analizar-las-propuestas-recibidas-de-cara-a-la-celebracion-de-las-fiestas-en-2022\\\/\",\"url\":\"https:\\\/\\\/www.laguiadepamplona.com\\\/actualidad\\\/el-ayuntamiento-convocara-en-febrero-las-mesas-de-los-sanfermines-para-analizar-las-propuestas-recibidas-de-cara-a-la-celebracion-de-las-fiestas-en-2022\\\/\",\"name\":\"El Ayuntamiento convocar\u00e1 en febrero las mesas de los Sanfermines para analizar las propuestas recibidas, de cara a la celebraci\u00f3n de las fiestas en 2022\",\"isPartOf\":{\"@id\":\"https:\\\/\\\/www.laguiadepamplona.com\\\/actualidad\\\/#website\"},\"primaryImageOfPage\":{\"@id\":\"https:\\\/\\\/www.laguiadepamplona.com\\\/actualidad\\\/el-ayuntamiento-convocara-en-febrero-las-mesas-de-los-sanfermines-para-analizar-las-propuestas-recibidas-de-cara-a-la-celebracion-de-las-fiestas-en-2022\\\/#primaryimage\"},\"image\":{\"@id\":\"https:\\\/\\\/www.laguiadepamplona.com\\\/actualidad\\\/el-ayuntamiento-convocara-en-febrero-las-mesas-de-los-sanfermines-para-analizar-las-propuestas-recibidas-de-cara-a-la-celebracion-de-las-fiestas-en-2022\\\/#primaryimage\"},\"thumbnailUrl\":\"https:\\\/\\\/www.laguiadepamplona.com\\\/actualidad\\\/wp-content\\\/uploads\\\/2020\\\/05\\\/mesasf_JMG1637.jpg\",\"datePublished\":\"2022-02-01T16:12:51+00:00\",\"dateModified\":\"2023-04-11T09:48:34+00:00\",\"description\":\"Las tres mesas espec\u00edficas se convocar\u00e1n los d\u00edas 8, 9 y 16, para celebrar la Mesa General de los Sanfermines el 22 de febrero\",\"breadcrumb\":{\"@id\":\"https:\\\/\\\/www.laguiadepamplona.com\\\/actualidad\\\/el-ayuntamiento-convocara-en-febrero-las-mesas-de-los-sanfermines-para-analizar-las-propuestas-recibidas-de-cara-a-la-celebracion-de-las-fiestas-en-2022\\\/#breadcrumb\"},\"inLanguage\":\"es\",\"potentialAction\":[{\"@type\":\"ReadAction\",\"target\":[\"https:\\\/\\\/www.laguiadepamplona.com\\\/actualidad\\\/el-ayuntamiento-convocara-en-febrero-las-mesas-de-los-sanfermines-para-analizar-las-propuestas-recibidas-de-cara-a-la-celebracion-de-las-fiestas-en-2022\\\/\"]}]},{\"@type\":\"ImageObject\",\"inLanguage\":\"es\",\"@id\":\"https:\\\/\\\/www.laguiadepamplona.com\\\/actualidad\\\/el-ayuntamiento-convocara-en-febrero-las-mesas-de-los-sanfermines-para-analizar-las-propuestas-recibidas-de-cara-a-la-celebracion-de-las-fiestas-en-2022\\\/#primaryimage\",\"url\":\"https:\\\/\\\/www.laguiadepamplona.com\\\/actualidad\\\/wp-content\\\/uploads\\\/2020\\\/05\\\/mesasf_JMG1637.jpg\",\"contentUrl\":\"https:\\\/\\\/www.laguiadepamplona.com\\\/actualidad\\\/wp-content\\\/uploads\\\/2020\\\/05\\\/mesasf_JMG1637.jpg\",\"width\":1920,\"height\":1280,\"caption\":\"A* Jes\u00fas Garzaron F* 2020_05_27 T* Reuni\u00f3n telem\u00e1tica de La Mesa de los sanfermines. Crisis Coronavirus. COVID-19. Ayuntamiento de Pamplona L* Ayuntamiento de Pamplona\"},{\"@type\":\"BreadcrumbList\",\"@id\":\"https:\\\/\\\/www.laguiadepamplona.com\\\/actualidad\\\/el-ayuntamiento-convocara-en-febrero-las-mesas-de-los-sanfermines-para-analizar-las-propuestas-recibidas-de-cara-a-la-celebracion-de-las-fiestas-en-2022\\\/#breadcrumb\",\"itemListElement\":[{\"@type\":\"ListItem\",\"position\":1,\"name\":\"Portada\",\"item\":\"https:\\\/\\\/www.laguiadepamplona.com\\\/actualidad\\\/\"},{\"@type\":\"ListItem\",\"position\":2,\"name\":\"El Ayuntamiento convocar\u00e1 en febrero las mesas de los Sanfermines para analizar las propuestas recibidas, de cara a la celebraci\u00f3n de las fiestas en 2022\"}]},{\"@type\":\"WebSite\",\"@id\":\"https:\\\/\\\/www.laguiadepamplona.com\\\/actualidad\\\/#website\",\"url\":\"https:\\\/\\\/www.laguiadepamplona.com\\\/actualidad\\\/\",\"name\":\"La gu\u00eda de Pamplona\",\"description\":\"Noticias de Pamplona\",\"publisher\":{\"@id\":\"https:\\\/\\\/www.laguiadepamplona.com\\\/actualidad\\\/#organization\"},\"potentialAction\":[{\"@type\":\"SearchAction\",\"target\":{\"@type\":\"EntryPoint\",\"urlTemplate\":\"https:\\\/\\\/www.laguiadepamplona.com\\\/actualidad\\\/?s={search_term_string}\"},\"query-input\":{\"@type\":\"PropertyValueSpecification\",\"valueRequired\":true,\"valueName\":\"search_term_string\"}}],\"inLanguage\":\"es\"},{\"@type\":\"Organization\",\"@id\":\"https:\\\/\\\/www.laguiadepamplona.com\\\/actualidad\\\/#organization\",\"name\":\"La Gu\u00eda de Pamplona \\\/ Noticias\",\"url\":\"https:\\\/\\\/www.laguiadepamplona.com\\\/actualidad\\\/\",\"logo\":{\"@type\":\"ImageObject\",\"inLanguage\":\"es\",\"@id\":\"https:\\\/\\\/www.laguiadepamplona.com\\\/actualidad\\\/#\\\/schema\\\/logo\\\/image\\\/\",\"url\":\"https:\\\/\\\/www.laguiadepamplona.com\\\/actualidad\\\/wp-content\\\/uploads\\\/2018\\\/11\\\/logo-laguiadepamplona18-web1.png\",\"contentUrl\":\"https:\\\/\\\/www.laguiadepamplona.com\\\/actualidad\\\/wp-content\\\/uploads\\\/2018\\\/11\\\/logo-laguiadepamplona18-web1.png\",\"width\":600,\"height\":196,\"caption\":\"La Gu\u00eda de Pamplona \\\/ Noticias\"},\"image\":{\"@id\":\"https:\\\/\\\/www.laguiadepamplona.com\\\/actualidad\\\/#\\\/schema\\\/logo\\\/image\\\/\"},\"sameAs\":[\"https:\\\/\\\/www.facebook.com\\\/laguiadepamplonacom-133175176762273\\\/?ref=hl\",\"https:\\\/\\\/x.com\\\/LaGuiadPamplona\",\"https:\\\/\\\/www.instagram.com\\\/la_guia_de_pamplona\\\/\",\"https:\\\/\\\/www.youtube.com\\\/user\\\/laguiadepamplona\"]},{\"@type\":\"Person\",\"@id\":\"https:\\\/\\\/www.laguiadepamplona.com\\\/actualidad\\\/#\\\/schema\\\/person\\\/efe887376f0213d4657c93adc50b1fdb\",\"name\":\"La Gu\u00eda de Pamplona\",\"image\":{\"@type\":\"ImageObject\",\"inLanguage\":\"es\",\"@id\":\"https:\\\/\\\/secure.gravatar.com\\\/avatar\\\/b6992f131dc8d30ab0dff15446e9d346d9dbd95992de0fef795073f5ea83a81c?s=96&d=mm&r=g\",\"url\":\"https:\\\/\\\/secure.gravatar.com\\\/avatar\\\/b6992f131dc8d30ab0dff15446e9d346d9dbd95992de0fef795073f5ea83a81c?s=96&d=mm&r=g\",\"contentUrl\":\"https:\\\/\\\/secure.gravatar.com\\\/avatar\\\/b6992f131dc8d30ab0dff15446e9d346d9dbd95992de0fef795073f5ea83a81c?s=96&d=mm&r=g\",\"caption\":\"La Gu\u00eda de Pamplona\"}}]}<\/script>\n<!-- \/ Yoast SEO plugin. -->","yoast_head_json":{"title":"El Ayuntamiento convocar\u00e1 en febrero las mesas de los Sanfermines para analizar las propuestas recibidas, de cara a la celebraci\u00f3n de las fiestas en 2022","description":"Las tres mesas espec\u00edficas se convocar\u00e1n los d\u00edas 8, 9 y 16, para celebrar la Mesa General de los Sanfermines el 22 de febrero","robots":{"index":"index","follow":"follow","max-snippet":"max-snippet:-1","max-image-preview":"max-image-preview:large","max-video-preview":"max-video-preview:-1"},"canonical":"https:\/\/www.laguiadepamplona.com\/actualidad\/el-ayuntamiento-convocara-en-febrero-las-mesas-de-los-sanfermines-para-analizar-las-propuestas-recibidas-de-cara-a-la-celebracion-de-las-fiestas-en-2022\/","og_locale":"es_ES","og_type":"article","og_title":"El Ayuntamiento convocar\u00e1 en febrero las mesas de los Sanfermines para analizar las propuestas recibidas, de cara a la celebraci\u00f3n de las fiestas en 2022","og_description":"Las tres mesas espec\u00edficas se convocar\u00e1n los d\u00edas 8, 9 y 16, para celebrar la Mesa General de los Sanfermines el 22 de febrero","og_url":"https:\/\/www.laguiadepamplona.com\/actualidad\/el-ayuntamiento-convocara-en-febrero-las-mesas-de-los-sanfermines-para-analizar-las-propuestas-recibidas-de-cara-a-la-celebracion-de-las-fiestas-en-2022\/","og_site_name":"La Gu\u00eda de Pamplona","article_publisher":"https:\/\/www.facebook.com\/laguiadepamplonacom-133175176762273\/?ref=hl","article_published_time":"2022-02-01T16:12:51+00:00","article_modified_time":"2023-04-11T09:48:34+00:00","og_image":[{"width":1920,"height":1280,"url":"https:\/\/www.laguiadepamplona.com\/actualidad\/wp-content\/uploads\/2020\/05\/mesasf_JMG1637.jpg","type":"image\/jpeg"}],"author":"La Gu\u00eda de Pamplona","twitter_card":"summary_large_image","twitter_creator":"@LaGuiadPamplona","twitter_site":"@LaGuiadPamplona","twitter_misc":{"Escrito por":"La Gu\u00eda de Pamplona","Tiempo de lectura":"2 minutos"},"schema":{"@context":"https:\/\/schema.org","@graph":[{"@type":"Article","@id":"https:\/\/www.laguiadepamplona.com\/actualidad\/el-ayuntamiento-convocara-en-febrero-las-mesas-de-los-sanfermines-para-analizar-las-propuestas-recibidas-de-cara-a-la-celebracion-de-las-fiestas-en-2022\/#article","isPartOf":{"@id":"https:\/\/www.laguiadepamplona.com\/actualidad\/el-ayuntamiento-convocara-en-febrero-las-mesas-de-los-sanfermines-para-analizar-las-propuestas-recibidas-de-cara-a-la-celebracion-de-las-fiestas-en-2022\/"},"author":{"name":"La Gu\u00eda de Pamplona","@id":"https:\/\/www.laguiadepamplona.com\/actualidad\/#\/schema\/person\/efe887376f0213d4657c93adc50b1fdb"},"headline":"El Ayuntamiento convocar\u00e1 en febrero las mesas de los Sanfermines para analizar las propuestas recibidas, de cara a la celebraci\u00f3n de las fiestas en 2022","datePublished":"2022-02-01T16:12:51+00:00","dateModified":"2023-04-11T09:48:34+00:00","mainEntityOfPage":{"@id":"https:\/\/www.laguiadepamplona.com\/actualidad\/el-ayuntamiento-convocara-en-febrero-las-mesas-de-los-sanfermines-para-analizar-las-propuestas-recibidas-de-cara-a-la-celebracion-de-las-fiestas-en-2022\/"},"wordCount":417,"commentCount":0,"publisher":{"@id":"https:\/\/www.laguiadepamplona.com\/actualidad\/#organization"},"image":{"@id":"https:\/\/www.laguiadepamplona.com\/actualidad\/el-ayuntamiento-convocara-en-febrero-las-mesas-de-los-sanfermines-para-analizar-las-propuestas-recibidas-de-cara-a-la-celebracion-de-las-fiestas-en-2022\/#primaryimage"},"thumbnailUrl":"https:\/\/www.laguiadepamplona.com\/actualidad\/wp-content\/uploads\/2020\/05\/mesasf_JMG1637.jpg","articleSection":["Ayto Pamplona"],"inLanguage":"es","potentialAction":[{"@type":"CommentAction","name":"Comment","target":["https:\/\/www.laguiadepamplona.com\/actualidad\/el-ayuntamiento-convocara-en-febrero-las-mesas-de-los-sanfermines-para-analizar-las-propuestas-recibidas-de-cara-a-la-celebracion-de-las-fiestas-en-2022\/#respond"]}]},{"@type":"WebPage","@id":"https:\/\/www.laguiadepamplona.com\/actualidad\/el-ayuntamiento-convocara-en-febrero-las-mesas-de-los-sanfermines-para-analizar-las-propuestas-recibidas-de-cara-a-la-celebracion-de-las-fiestas-en-2022\/","url":"https:\/\/www.laguiadepamplona.com\/actualidad\/el-ayuntamiento-convocara-en-febrero-las-mesas-de-los-sanfermines-para-analizar-las-propuestas-recibidas-de-cara-a-la-celebracion-de-las-fiestas-en-2022\/","name":"El Ayuntamiento convocar\u00e1 en febrero las mesas de los Sanfermines para analizar las propuestas recibidas, de cara a la celebraci\u00f3n de las fiestas en 2022","isPartOf":{"@id":"https:\/\/www.laguiadepamplona.com\/actualidad\/#website"},"primaryImageOfPage":{"@id":"https:\/\/www.laguiadepamplona.com\/actualidad\/el-ayuntamiento-convocara-en-febrero-las-mesas-de-los-sanfermines-para-analizar-las-propuestas-recibidas-de-cara-a-la-celebracion-de-las-fiestas-en-2022\/#primaryimage"},"image":{"@id":"https:\/\/www.laguiadepamplona.com\/actualidad\/el-ayuntamiento-convocara-en-febrero-las-mesas-de-los-sanfermines-para-analizar-las-propuestas-recibidas-de-cara-a-la-celebracion-de-las-fiestas-en-2022\/#primaryimage"},"thumbnailUrl":"https:\/\/www.laguiadepamplona.com\/actualidad\/wp-content\/uploads\/2020\/05\/mesasf_JMG1637.jpg","datePublished":"2022-02-01T16:12:51+00:00","dateModified":"2023-04-11T09:48:34+00:00","description":"Las tres mesas espec\u00edficas se convocar\u00e1n los d\u00edas 8, 9 y 16, para celebrar la Mesa General de los Sanfermines el 22 de febrero","breadcrumb":{"@id":"https:\/\/www.laguiadepamplona.com\/actualidad\/el-ayuntamiento-convocara-en-febrero-las-mesas-de-los-sanfermines-para-analizar-las-propuestas-recibidas-de-cara-a-la-celebracion-de-las-fiestas-en-2022\/#breadcrumb"},"inLanguage":"es","potentialAction":[{"@type":"ReadAction","target":["https:\/\/www.laguiadepamplona.com\/actualidad\/el-ayuntamiento-convocara-en-febrero-las-mesas-de-los-sanfermines-para-analizar-las-propuestas-recibidas-de-cara-a-la-celebracion-de-las-fiestas-en-2022\/"]}]},{"@type":"ImageObject","inLanguage":"es","@id":"https:\/\/www.laguiadepamplona.com\/actualidad\/el-ayuntamiento-convocara-en-febrero-las-mesas-de-los-sanfermines-para-analizar-las-propuestas-recibidas-de-cara-a-la-celebracion-de-las-fiestas-en-2022\/#primaryimage","url":"https:\/\/www.laguiadepamplona.com\/actualidad\/wp-content\/uploads\/2020\/05\/mesasf_JMG1637.jpg","contentUrl":"https:\/\/www.laguiadepamplona.com\/actualidad\/wp-content\/uploads\/2020\/05\/mesasf_JMG1637.jpg","width":1920,"height":1280,"caption":"A* Jes\u00fas Garzaron F* 2020_05_27 T* Reuni\u00f3n telem\u00e1tica de La Mesa de los sanfermines. Crisis Coronavirus. COVID-19. Ayuntamiento de Pamplona L* Ayuntamiento de Pamplona"},{"@type":"BreadcrumbList","@id":"https:\/\/www.laguiadepamplona.com\/actualidad\/el-ayuntamiento-convocara-en-febrero-las-mesas-de-los-sanfermines-para-analizar-las-propuestas-recibidas-de-cara-a-la-celebracion-de-las-fiestas-en-2022\/#breadcrumb","itemListElement":[{"@type":"ListItem","position":1,"name":"Portada","item":"https:\/\/www.laguiadepamplona.com\/actualidad\/"},{"@type":"ListItem","position":2,"name":"El Ayuntamiento convocar\u00e1 en febrero las mesas de los Sanfermines para analizar las propuestas recibidas, de cara a la celebraci\u00f3n de las fiestas en 2022"}]},{"@type":"WebSite","@id":"https:\/\/www.laguiadepamplona.com\/actualidad\/#website","url":"https:\/\/www.laguiadepamplona.com\/actualidad\/","name":"La gu\u00eda de Pamplona","description":"Noticias de Pamplona","publisher":{"@id":"https:\/\/www.laguiadepamplona.com\/actualidad\/#organization"},"potentialAction":[{"@type":"SearchAction","target":{"@type":"EntryPoint","urlTemplate":"https:\/\/www.laguiadepamplona.com\/actualidad\/?s={search_term_string}"},"query-input":{"@type":"PropertyValueSpecification","valueRequired":true,"valueName":"search_term_string"}}],"inLanguage":"es"},{"@type":"Organization","@id":"https:\/\/www.laguiadepamplona.com\/actualidad\/#organization","name":"La Gu\u00eda de Pamplona \/ Noticias","url":"https:\/\/www.laguiadepamplona.com\/actualidad\/","logo":{"@type":"ImageObject","inLanguage":"es","@id":"https:\/\/www.laguiadepamplona.com\/actualidad\/#\/schema\/logo\/image\/","url":"https:\/\/www.laguiadepamplona.com\/actualidad\/wp-content\/uploads\/2018\/11\/logo-laguiadepamplona18-web1.png","contentUrl":"https:\/\/www.laguiadepamplona.com\/actualidad\/wp-content\/uploads\/2018\/11\/logo-laguiadepamplona18-web1.png","width":600,"height":196,"caption":"La Gu\u00eda de Pamplona \/ Noticias"},"image":{"@id":"https:\/\/www.laguiadepamplona.com\/actualidad\/#\/schema\/logo\/image\/"},"sameAs":["https:\/\/www.facebook.com\/laguiadepamplonacom-133175176762273\/?ref=hl","https:\/\/x.com\/LaGuiadPamplona","https:\/\/www.instagram.com\/la_guia_de_pamplona\/","https:\/\/www.youtube.com\/user\/laguiadepamplona"]},{"@type":"Person","@id":"https:\/\/www.laguiadepamplona.com\/actualidad\/#\/schema\/person\/efe887376f0213d4657c93adc50b1fdb","name":"La Gu\u00eda de Pamplona","image":{"@type":"ImageObject","inLanguage":"es","@id":"https:\/\/secure.gravatar.com\/avatar\/b6992f131dc8d30ab0dff15446e9d346d9dbd95992de0fef795073f5ea83a81c?s=96&d=mm&r=g","url":"https:\/\/secure.gravatar.com\/avatar\/b6992f131dc8d30ab0dff15446e9d346d9dbd95992de0fef795073f5ea83a81c?s=96&d=mm&r=g","contentUrl":"https:\/\/secure.gravatar.com\/avatar\/b6992f131dc8d30ab0dff15446e9d346d9dbd95992de0fef795073f5ea83a81c?s=96&d=mm&r=g","caption":"La Gu\u00eda de Pamplona"}}]}},"post_mailing_queue_ids":[],"_links":{"self":[{"href":"https:\/\/www.laguiadepamplona.com\/actualidad\/wp-json\/wp\/v2\/posts\/38531","targetHints":{"allow":["GET"]}}],"collection":[{"href":"https:\/\/www.laguiadepamplona.com\/actualidad\/wp-json\/wp\/v2\/posts"}],"about":[{"href":"https:\/\/www.laguiadepamplona.com\/actualidad\/wp-json\/wp\/v2\/types\/post"}],"author":[{"embeddable":true,"href":"https:\/\/www.laguiadepamplona.com\/actualidad\/wp-json\/wp\/v2\/users\/1"}],"replies":[{"embeddable":true,"href":"https:\/\/www.laguiadepamplona.com\/actualidad\/wp-json\/wp\/v2\/comments?post=38531"}],"version-history":[{"count":0,"href":"https:\/\/www.laguiadepamplona.com\/actualidad\/wp-json\/wp\/v2\/posts\/38531\/revisions"}],"wp:featuredmedia":[{"embeddable":true,"href":"https:\/\/www.laguiadepamplona.com\/actualidad\/wp-json\/wp\/v2\/media\/30053"}],"wp:attachment":[{"href":"https:\/\/www.laguiadepamplona.com\/actualidad\/wp-json\/wp\/v2\/media?parent=38531"}],"wp:term":[{"taxonomy":"category","embeddable":true,"href":"https:\/\/www.laguiadepamplona.com\/actualidad\/wp-json\/wp\/v2\/categories?post=38531"},{"taxonomy":"post_tag","embeddable":true,"href":"https:\/\/www.laguiadepamplona.com\/actualidad\/wp-json\/wp\/v2\/tags?post=38531"}],"curies":[{"name":"wp","href":"https:\/\/api.w.org\/{rel}","templated":true}]}}