{"id":38505,"date":"2022-01-31T17:36:13","date_gmt":"2022-01-31T15:36:13","guid":{"rendered":"https:\/\/www.laguiadepamplona.com\/actualidad\/?p=38505"},"modified":"2023-04-11T11:48:34","modified_gmt":"2023-04-11T09:48:34","slug":"el-servicio-de-alquiler-de-bicicletas-electricas-de-pamplona-cuenta-ya-con-350-bicis-y-doce-nuevas-bases-operativas-en-los-ultimos-dias","status":"publish","type":"post","link":"https:\/\/www.laguiadepamplona.com\/actualidad\/el-servicio-de-alquiler-de-bicicletas-electricas-de-pamplona-cuenta-ya-con-350-bicis-y-doce-nuevas-bases-operativas-en-los-ultimos-dias\/","title":{"rendered":"El servicio de alquiler de bicicletas el\u00e9ctricas de Pamplona cuenta ya con 350 bicis y doce nuevas bases operativas en los \u00faltimos d\u00edas"},"content":{"rendered":"<h5>Durante el mes de febrero se activar\u00e1n las cuatro bases que quedan para completar un servicio con 42 estaciones y 400 bicicletas para uso ciudadano<\/h5>\n<p><!--more--><\/p>\n<p>Ya est\u00e1n operativas 38 de las 42 bases previstas en el nuevo sistema municipal de alquiler de bicicletas el\u00e9ctricas que comenz\u00f3 a funcionar el pasado mes de diciembre. Entonces se puso en marcha con 250 bicicletas, que se han incrementado hasta 350 tras la incorporaci\u00f3n de las nuevas estaciones y se alcanzar\u00e1n las 400 (todas el\u00e9ctricas) una vez que se completen todas las estaciones de anclaje y recarga de las bicicletas. Se espera que en este pr\u00f3ximo mes de febrero est\u00e9n ya listas las estaciones de la calle Aoiz, la zona hospitalaria, la Universidad de Navarra y la plaza de Yamaguchi.<\/p>\n<p>Este nuevo servicio de bicicleta el\u00e9ctrica de alquiler apuesta por el fomento de la movilidad sostenible y por ofrecer a la ciudadan\u00eda una forma de transporte \u00e1gil, c\u00f3moda y beneficiosa para la salud y para el medio ambiente. En ese sentido, el sistema tarifario est\u00e1 definido para favorecer el uso de las bicicletas el\u00e9ctricas para la movilidad cotidiana y en sustituci\u00f3n del coche privado, siendo m\u00e1s barato el coste del viaje para personas que eligen ser abonadas al sistema (abonos anual y mensual). Igualmente, la elecci\u00f3n de las ubicaciones de las bases, diseminadas en la mayor parte de los barrios, busca dar servicio al conjunto de la ciudadan\u00eda de Pamplona, si bien las bicicletas pueden ser tambi\u00e9n utilizadas por las personas que visitan nuestra ciudad. Este servicio se enmarca dentro de la estrategia \u2018Go Green Pamplona\u2019 de transici\u00f3n energ\u00e9tica y cambio clim\u00e1tico, que engloba las materias de lucha contra el cambio clim\u00e1tico que est\u00e1 desarrollando y desarrollar\u00e1 la ciudad.<br \/>\n<script async src=\"\/\/pagead2.googlesyndication.com\/pagead\/js\/adsbygoogle.js\"><\/script><br \/>\n<!-- Noticias La Guia de Pamplona --><br \/>\n<ins class=\"adsbygoogle\"\nstyle=\"display:block\"\ndata-ad-client=\"ca-pub-6943679897239327\"\ndata-ad-slot=\"7048180777\"\ndata-ad-format=\"auto\"><\/ins><br \/>\n<script>\n(adsbygoogle = window.adsbygoogle || []).push({});\n<\/script><\/p>\n<p>En estos \u00faltimos d\u00edas se han puesto en marcha las estaciones ubicadas en la plaza de la Cruz, en el Rinc\u00f3n de la Aduana, en Mendillorri Alto (c\/ Concejo de Sagaseta, 16), en la plaza de San Francisco, en la avenida de Bayona (plaza Obispo Irurita, 1), en el Civivox Mendillorri, en Etxabakoitz Norte (c\/ Remiro de Go\u00f1i, 42), en la plaza Blanca de Navarra, en la zona de Txantrea Sur (avenida Corella, 7), en la calle Catalu\u00f1a 20 y en la calle Mutilva Alta con calle Jos\u00e9 Manuel Baena, estas dos \u00faltimas en el barrio de Lezkairu.<\/p>\n<p>Puede utilizar las bicicletas cualquier persona que tenga al menos 16 a\u00f1os y se haya registrado en el sistema (en el caso de menores de 18 a\u00f1os, es necesaria una autorizaci\u00f3n firmada por el responsable legal). Las bicicletas el\u00e9ctricas est\u00e1n disponibles las 24 horas al d\u00eda, los 7 d\u00edas de la semana, excepto en Sanfermines o en d\u00edas en los que las condiciones meteorol\u00f3gicas sean muy adversas (en cuyo caso se avisar\u00e1 a las personas usuarias). Toda la informaci\u00f3n se puede consultar en <a href=\"http:\/\/www.pamplona.es\/bicielectrica\" target=\"_blank\" rel=\"noopener\">www.pamplona.es\/bicielectrica<\/a>, en la app Ride On ES o en la web <a href=\"http:\/\/www.rideonpamplona.com\" target=\"_blank\" rel=\"noopener\">www.rideonpamplona.com<\/a>.<br \/>\n<script async src=\"\/\/pagead2.googlesyndication.com\/pagead\/js\/adsbygoogle.js\"><\/script><br \/>\n<!-- Noticias La Guia de Pamplona --><br \/>\n<ins class=\"adsbygoogle\"\nstyle=\"display:block\"\ndata-ad-client=\"ca-pub-6943679897239327\"\ndata-ad-slot=\"7048180777\"\ndata-ad-format=\"auto\"><\/ins><br \/>\n<script>\n(adsbygoogle = window.adsbygoogle || []).push({});\n<\/script><\/p>\n<p><strong>M\u00e1s de 9.000 personas usuarias<\/strong><\/p>\n<p>El servicio municipal de alquiler de bicicletas el\u00e9ctricas entr\u00f3 en funcionamiento el pasado 14 de diciembre y desde entonces acumula 9.101 personas usuarias registradas. Las cifras reflejan tambi\u00e9n un incremento progresivo de los viajes realizados desde el retorno del curso escolar el pasado 10 de enero y muy significativo y sostenido por encima de los 325 desde hace una semana, superando incluso los 500 viajes en d\u00edas concretos.<\/p>\n<p>Entrando en el detalle de los usos y los viajes realizados, el 78,59% de ellos recorrieron una distancia de entre 1 y 5 kil\u00f3metros, el 14,39% se prolong\u00f3 entre 5 y 10 kil\u00f3metros y un 4,70% entre 10 y 20 kil\u00f3metros. La distancia recorrida est\u00e1 tambi\u00e9n en relaci\u00f3n con los tiempos de uso de las bicicletas. El 83,16% de los trayectos se realizan dentro de los primeros 20 minutos gratuitos. Un 39,92% de las personas usuarias utiliz\u00f3 las bicis entre 11 y 20 minutos, un 39,76% entre 4 y 10 minutos y un 9,02% entre 21 minutos y media hora. La base m\u00e1s utilizada, con un 30% m\u00e1s de usos que la siguiente, es la ubicada en las inmediaciones del Teatro Gayarre. En ese listado de estaciones m\u00e1s utilizadas se encuentran a continuaci\u00f3n la de la calle Tudela, la de Carlos III confluencia con calle Gorriti y la de la calle Mar\u00eda Lacunza en Lezkairu.<\/p>\n","protected":false},"excerpt":{"rendered":"<p>Durante el mes de febrero se activar\u00e1n las cuatro bases que quedan para completar un servicio con 42 estaciones y 400 bicicletas para uso ciudadano<\/p>\n","protected":false},"author":1,"featured_media":37964,"comment_status":"open","ping_status":"closed","sticky":false,"template":"","format":"standard","meta":{"footnotes":""},"categories":[2],"tags":[],"class_list":["post-38505","post","type-post","status-publish","format-standard","has-post-thumbnail","hentry","category-ayuntamiento-pamplona"],"yoast_head":"<!-- This site is optimized with the Yoast SEO plugin v27.3 - https:\/\/yoast.com\/product\/yoast-seo-wordpress\/ -->\n<title>El servicio de alquiler de bicicletas el\u00e9ctricas de Pamplona cuenta ya con 350 bicis y doce nuevas bases operativas en los \u00faltimos d\u00edas<\/title>\n<meta name=\"description\" content=\"Durante el mes de febrero se activar\u00e1n las cuatro bases que quedan para completar un servicio con 42 estaciones y 400 bicicletas para uso ciudadano\" \/>\n<meta name=\"robots\" content=\"index, follow, max-snippet:-1, max-image-preview:large, max-video-preview:-1\" \/>\n<link rel=\"canonical\" href=\"https:\/\/www.laguiadepamplona.com\/actualidad\/el-servicio-de-alquiler-de-bicicletas-electricas-de-pamplona-cuenta-ya-con-350-bicis-y-doce-nuevas-bases-operativas-en-los-ultimos-dias\/\" \/>\n<meta property=\"og:locale\" content=\"es_ES\" \/>\n<meta property=\"og:type\" content=\"article\" \/>\n<meta property=\"og:title\" content=\"El servicio de alquiler de bicicletas el\u00e9ctricas de Pamplona cuenta ya con 350 bicis y doce nuevas bases operativas en los \u00faltimos d\u00edas\" \/>\n<meta property=\"og:description\" content=\"Durante el mes de febrero se activar\u00e1n las cuatro bases que quedan para completar un servicio con 42 estaciones y 400 bicicletas para uso ciudadano\" \/>\n<meta property=\"og:url\" content=\"https:\/\/www.laguiadepamplona.com\/actualidad\/el-servicio-de-alquiler-de-bicicletas-electricas-de-pamplona-cuenta-ya-con-350-bicis-y-doce-nuevas-bases-operativas-en-los-ultimos-dias\/\" \/>\n<meta property=\"og:site_name\" content=\"La Gu\u00eda de Pamplona\" \/>\n<meta property=\"article:publisher\" content=\"https:\/\/www.facebook.com\/laguiadepamplonacom-133175176762273\/?ref=hl\" \/>\n<meta property=\"article:published_time\" content=\"2022-01-31T15:36:13+00:00\" \/>\n<meta property=\"article:modified_time\" content=\"2023-04-11T09:48:34+00:00\" \/>\n<meta property=\"og:image\" content=\"https:\/\/www.laguiadepamplona.com\/actualidad\/wp-content\/uploads\/2021\/12\/servbiciseectricasee5a7855.jpg\" \/>\n\t<meta property=\"og:image:width\" content=\"1920\" \/>\n\t<meta property=\"og:image:height\" content=\"1286\" \/>\n\t<meta property=\"og:image:type\" content=\"image\/jpeg\" \/>\n<meta name=\"author\" content=\"La Gu\u00eda de Pamplona\" \/>\n<meta name=\"twitter:card\" content=\"summary_large_image\" \/>\n<meta name=\"twitter:creator\" content=\"@LaGuiadPamplona\" \/>\n<meta name=\"twitter:site\" content=\"@LaGuiadPamplona\" \/>\n<meta name=\"twitter:label1\" content=\"Escrito por\" \/>\n\t<meta name=\"twitter:data1\" content=\"La Gu\u00eda de Pamplona\" \/>\n\t<meta name=\"twitter:label2\" content=\"Tiempo de lectura\" \/>\n\t<meta name=\"twitter:data2\" content=\"4 minutos\" \/>\n<script type=\"application\/ld+json\" class=\"yoast-schema-graph\">{\"@context\":\"https:\\\/\\\/schema.org\",\"@graph\":[{\"@type\":\"Article\",\"@id\":\"https:\\\/\\\/www.laguiadepamplona.com\\\/actualidad\\\/el-servicio-de-alquiler-de-bicicletas-electricas-de-pamplona-cuenta-ya-con-350-bicis-y-doce-nuevas-bases-operativas-en-los-ultimos-dias\\\/#article\",\"isPartOf\":{\"@id\":\"https:\\\/\\\/www.laguiadepamplona.com\\\/actualidad\\\/el-servicio-de-alquiler-de-bicicletas-electricas-de-pamplona-cuenta-ya-con-350-bicis-y-doce-nuevas-bases-operativas-en-los-ultimos-dias\\\/\"},\"author\":{\"name\":\"La Gu\u00eda de Pamplona\",\"@id\":\"https:\\\/\\\/www.laguiadepamplona.com\\\/actualidad\\\/#\\\/schema\\\/person\\\/efe887376f0213d4657c93adc50b1fdb\"},\"headline\":\"El servicio de alquiler de bicicletas el\u00e9ctricas de Pamplona cuenta ya con 350 bicis y doce nuevas bases operativas en los \u00faltimos d\u00edas\",\"datePublished\":\"2022-01-31T15:36:13+00:00\",\"dateModified\":\"2023-04-11T09:48:34+00:00\",\"mainEntityOfPage\":{\"@id\":\"https:\\\/\\\/www.laguiadepamplona.com\\\/actualidad\\\/el-servicio-de-alquiler-de-bicicletas-electricas-de-pamplona-cuenta-ya-con-350-bicis-y-doce-nuevas-bases-operativas-en-los-ultimos-dias\\\/\"},\"wordCount\":742,\"commentCount\":0,\"publisher\":{\"@id\":\"https:\\\/\\\/www.laguiadepamplona.com\\\/actualidad\\\/#organization\"},\"image\":{\"@id\":\"https:\\\/\\\/www.laguiadepamplona.com\\\/actualidad\\\/el-servicio-de-alquiler-de-bicicletas-electricas-de-pamplona-cuenta-ya-con-350-bicis-y-doce-nuevas-bases-operativas-en-los-ultimos-dias\\\/#primaryimage\"},\"thumbnailUrl\":\"https:\\\/\\\/www.laguiadepamplona.com\\\/actualidad\\\/wp-content\\\/uploads\\\/2021\\\/12\\\/servbiciseectricasee5a7855.jpg\",\"articleSection\":[\"Ayto Pamplona\"],\"inLanguage\":\"es\",\"potentialAction\":[{\"@type\":\"CommentAction\",\"name\":\"Comment\",\"target\":[\"https:\\\/\\\/www.laguiadepamplona.com\\\/actualidad\\\/el-servicio-de-alquiler-de-bicicletas-electricas-de-pamplona-cuenta-ya-con-350-bicis-y-doce-nuevas-bases-operativas-en-los-ultimos-dias\\\/#respond\"]}]},{\"@type\":\"WebPage\",\"@id\":\"https:\\\/\\\/www.laguiadepamplona.com\\\/actualidad\\\/el-servicio-de-alquiler-de-bicicletas-electricas-de-pamplona-cuenta-ya-con-350-bicis-y-doce-nuevas-bases-operativas-en-los-ultimos-dias\\\/\",\"url\":\"https:\\\/\\\/www.laguiadepamplona.com\\\/actualidad\\\/el-servicio-de-alquiler-de-bicicletas-electricas-de-pamplona-cuenta-ya-con-350-bicis-y-doce-nuevas-bases-operativas-en-los-ultimos-dias\\\/\",\"name\":\"El servicio de alquiler de bicicletas el\u00e9ctricas de Pamplona cuenta ya con 350 bicis y doce nuevas bases operativas en los \u00faltimos d\u00edas\",\"isPartOf\":{\"@id\":\"https:\\\/\\\/www.laguiadepamplona.com\\\/actualidad\\\/#website\"},\"primaryImageOfPage\":{\"@id\":\"https:\\\/\\\/www.laguiadepamplona.com\\\/actualidad\\\/el-servicio-de-alquiler-de-bicicletas-electricas-de-pamplona-cuenta-ya-con-350-bicis-y-doce-nuevas-bases-operativas-en-los-ultimos-dias\\\/#primaryimage\"},\"image\":{\"@id\":\"https:\\\/\\\/www.laguiadepamplona.com\\\/actualidad\\\/el-servicio-de-alquiler-de-bicicletas-electricas-de-pamplona-cuenta-ya-con-350-bicis-y-doce-nuevas-bases-operativas-en-los-ultimos-dias\\\/#primaryimage\"},\"thumbnailUrl\":\"https:\\\/\\\/www.laguiadepamplona.com\\\/actualidad\\\/wp-content\\\/uploads\\\/2021\\\/12\\\/servbiciseectricasee5a7855.jpg\",\"datePublished\":\"2022-01-31T15:36:13+00:00\",\"dateModified\":\"2023-04-11T09:48:34+00:00\",\"description\":\"Durante el mes de febrero se activar\u00e1n las cuatro bases que quedan para completar un servicio con 42 estaciones y 400 bicicletas para uso ciudadano\",\"breadcrumb\":{\"@id\":\"https:\\\/\\\/www.laguiadepamplona.com\\\/actualidad\\\/el-servicio-de-alquiler-de-bicicletas-electricas-de-pamplona-cuenta-ya-con-350-bicis-y-doce-nuevas-bases-operativas-en-los-ultimos-dias\\\/#breadcrumb\"},\"inLanguage\":\"es\",\"potentialAction\":[{\"@type\":\"ReadAction\",\"target\":[\"https:\\\/\\\/www.laguiadepamplona.com\\\/actualidad\\\/el-servicio-de-alquiler-de-bicicletas-electricas-de-pamplona-cuenta-ya-con-350-bicis-y-doce-nuevas-bases-operativas-en-los-ultimos-dias\\\/\"]}]},{\"@type\":\"ImageObject\",\"inLanguage\":\"es\",\"@id\":\"https:\\\/\\\/www.laguiadepamplona.com\\\/actualidad\\\/el-servicio-de-alquiler-de-bicicletas-electricas-de-pamplona-cuenta-ya-con-350-bicis-y-doce-nuevas-bases-operativas-en-los-ultimos-dias\\\/#primaryimage\",\"url\":\"https:\\\/\\\/www.laguiadepamplona.com\\\/actualidad\\\/wp-content\\\/uploads\\\/2021\\\/12\\\/servbiciseectricasee5a7855.jpg\",\"contentUrl\":\"https:\\\/\\\/www.laguiadepamplona.com\\\/actualidad\\\/wp-content\\\/uploads\\\/2021\\\/12\\\/servbiciseectricasee5a7855.jpg\",\"width\":1920,\"height\":1286},{\"@type\":\"BreadcrumbList\",\"@id\":\"https:\\\/\\\/www.laguiadepamplona.com\\\/actualidad\\\/el-servicio-de-alquiler-de-bicicletas-electricas-de-pamplona-cuenta-ya-con-350-bicis-y-doce-nuevas-bases-operativas-en-los-ultimos-dias\\\/#breadcrumb\",\"itemListElement\":[{\"@type\":\"ListItem\",\"position\":1,\"name\":\"Portada\",\"item\":\"https:\\\/\\\/www.laguiadepamplona.com\\\/actualidad\\\/\"},{\"@type\":\"ListItem\",\"position\":2,\"name\":\"El servicio de alquiler de bicicletas el\u00e9ctricas de Pamplona cuenta ya con 350 bicis y doce nuevas bases operativas en los \u00faltimos d\u00edas\"}]},{\"@type\":\"WebSite\",\"@id\":\"https:\\\/\\\/www.laguiadepamplona.com\\\/actualidad\\\/#website\",\"url\":\"https:\\\/\\\/www.laguiadepamplona.com\\\/actualidad\\\/\",\"name\":\"La gu\u00eda de Pamplona\",\"description\":\"Noticias de Pamplona\",\"publisher\":{\"@id\":\"https:\\\/\\\/www.laguiadepamplona.com\\\/actualidad\\\/#organization\"},\"potentialAction\":[{\"@type\":\"SearchAction\",\"target\":{\"@type\":\"EntryPoint\",\"urlTemplate\":\"https:\\\/\\\/www.laguiadepamplona.com\\\/actualidad\\\/?s={search_term_string}\"},\"query-input\":{\"@type\":\"PropertyValueSpecification\",\"valueRequired\":true,\"valueName\":\"search_term_string\"}}],\"inLanguage\":\"es\"},{\"@type\":\"Organization\",\"@id\":\"https:\\\/\\\/www.laguiadepamplona.com\\\/actualidad\\\/#organization\",\"name\":\"La Gu\u00eda de Pamplona \\\/ Noticias\",\"url\":\"https:\\\/\\\/www.laguiadepamplona.com\\\/actualidad\\\/\",\"logo\":{\"@type\":\"ImageObject\",\"inLanguage\":\"es\",\"@id\":\"https:\\\/\\\/www.laguiadepamplona.com\\\/actualidad\\\/#\\\/schema\\\/logo\\\/image\\\/\",\"url\":\"https:\\\/\\\/www.laguiadepamplona.com\\\/actualidad\\\/wp-content\\\/uploads\\\/2018\\\/11\\\/logo-laguiadepamplona18-web1.png\",\"contentUrl\":\"https:\\\/\\\/www.laguiadepamplona.com\\\/actualidad\\\/wp-content\\\/uploads\\\/2018\\\/11\\\/logo-laguiadepamplona18-web1.png\",\"width\":600,\"height\":196,\"caption\":\"La Gu\u00eda de Pamplona \\\/ Noticias\"},\"image\":{\"@id\":\"https:\\\/\\\/www.laguiadepamplona.com\\\/actualidad\\\/#\\\/schema\\\/logo\\\/image\\\/\"},\"sameAs\":[\"https:\\\/\\\/www.facebook.com\\\/laguiadepamplonacom-133175176762273\\\/?ref=hl\",\"https:\\\/\\\/x.com\\\/LaGuiadPamplona\",\"https:\\\/\\\/www.instagram.com\\\/la_guia_de_pamplona\\\/\",\"https:\\\/\\\/www.youtube.com\\\/user\\\/laguiadepamplona\"]},{\"@type\":\"Person\",\"@id\":\"https:\\\/\\\/www.laguiadepamplona.com\\\/actualidad\\\/#\\\/schema\\\/person\\\/efe887376f0213d4657c93adc50b1fdb\",\"name\":\"La Gu\u00eda de Pamplona\",\"image\":{\"@type\":\"ImageObject\",\"inLanguage\":\"es\",\"@id\":\"https:\\\/\\\/secure.gravatar.com\\\/avatar\\\/b6992f131dc8d30ab0dff15446e9d346d9dbd95992de0fef795073f5ea83a81c?s=96&d=mm&r=g\",\"url\":\"https:\\\/\\\/secure.gravatar.com\\\/avatar\\\/b6992f131dc8d30ab0dff15446e9d346d9dbd95992de0fef795073f5ea83a81c?s=96&d=mm&r=g\",\"contentUrl\":\"https:\\\/\\\/secure.gravatar.com\\\/avatar\\\/b6992f131dc8d30ab0dff15446e9d346d9dbd95992de0fef795073f5ea83a81c?s=96&d=mm&r=g\",\"caption\":\"La Gu\u00eda de Pamplona\"}}]}<\/script>\n<!-- \/ Yoast SEO plugin. -->","yoast_head_json":{"title":"El servicio de alquiler de bicicletas el\u00e9ctricas de Pamplona cuenta ya con 350 bicis y doce nuevas bases operativas en los \u00faltimos d\u00edas","description":"Durante el mes de febrero se activar\u00e1n las cuatro bases que quedan para completar un servicio con 42 estaciones y 400 bicicletas para uso ciudadano","robots":{"index":"index","follow":"follow","max-snippet":"max-snippet:-1","max-image-preview":"max-image-preview:large","max-video-preview":"max-video-preview:-1"},"canonical":"https:\/\/www.laguiadepamplona.com\/actualidad\/el-servicio-de-alquiler-de-bicicletas-electricas-de-pamplona-cuenta-ya-con-350-bicis-y-doce-nuevas-bases-operativas-en-los-ultimos-dias\/","og_locale":"es_ES","og_type":"article","og_title":"El servicio de alquiler de bicicletas el\u00e9ctricas de Pamplona cuenta ya con 350 bicis y doce nuevas bases operativas en los \u00faltimos d\u00edas","og_description":"Durante el mes de febrero se activar\u00e1n las cuatro bases que quedan para completar un servicio con 42 estaciones y 400 bicicletas para uso ciudadano","og_url":"https:\/\/www.laguiadepamplona.com\/actualidad\/el-servicio-de-alquiler-de-bicicletas-electricas-de-pamplona-cuenta-ya-con-350-bicis-y-doce-nuevas-bases-operativas-en-los-ultimos-dias\/","og_site_name":"La Gu\u00eda de Pamplona","article_publisher":"https:\/\/www.facebook.com\/laguiadepamplonacom-133175176762273\/?ref=hl","article_published_time":"2022-01-31T15:36:13+00:00","article_modified_time":"2023-04-11T09:48:34+00:00","og_image":[{"width":1920,"height":1286,"url":"https:\/\/www.laguiadepamplona.com\/actualidad\/wp-content\/uploads\/2021\/12\/servbiciseectricasee5a7855.jpg","type":"image\/jpeg"}],"author":"La Gu\u00eda de Pamplona","twitter_card":"summary_large_image","twitter_creator":"@LaGuiadPamplona","twitter_site":"@LaGuiadPamplona","twitter_misc":{"Escrito por":"La Gu\u00eda de Pamplona","Tiempo de lectura":"4 minutos"},"schema":{"@context":"https:\/\/schema.org","@graph":[{"@type":"Article","@id":"https:\/\/www.laguiadepamplona.com\/actualidad\/el-servicio-de-alquiler-de-bicicletas-electricas-de-pamplona-cuenta-ya-con-350-bicis-y-doce-nuevas-bases-operativas-en-los-ultimos-dias\/#article","isPartOf":{"@id":"https:\/\/www.laguiadepamplona.com\/actualidad\/el-servicio-de-alquiler-de-bicicletas-electricas-de-pamplona-cuenta-ya-con-350-bicis-y-doce-nuevas-bases-operativas-en-los-ultimos-dias\/"},"author":{"name":"La Gu\u00eda de Pamplona","@id":"https:\/\/www.laguiadepamplona.com\/actualidad\/#\/schema\/person\/efe887376f0213d4657c93adc50b1fdb"},"headline":"El servicio de alquiler de bicicletas el\u00e9ctricas de Pamplona cuenta ya con 350 bicis y doce nuevas bases operativas en los \u00faltimos d\u00edas","datePublished":"2022-01-31T15:36:13+00:00","dateModified":"2023-04-11T09:48:34+00:00","mainEntityOfPage":{"@id":"https:\/\/www.laguiadepamplona.com\/actualidad\/el-servicio-de-alquiler-de-bicicletas-electricas-de-pamplona-cuenta-ya-con-350-bicis-y-doce-nuevas-bases-operativas-en-los-ultimos-dias\/"},"wordCount":742,"commentCount":0,"publisher":{"@id":"https:\/\/www.laguiadepamplona.com\/actualidad\/#organization"},"image":{"@id":"https:\/\/www.laguiadepamplona.com\/actualidad\/el-servicio-de-alquiler-de-bicicletas-electricas-de-pamplona-cuenta-ya-con-350-bicis-y-doce-nuevas-bases-operativas-en-los-ultimos-dias\/#primaryimage"},"thumbnailUrl":"https:\/\/www.laguiadepamplona.com\/actualidad\/wp-content\/uploads\/2021\/12\/servbiciseectricasee5a7855.jpg","articleSection":["Ayto Pamplona"],"inLanguage":"es","potentialAction":[{"@type":"CommentAction","name":"Comment","target":["https:\/\/www.laguiadepamplona.com\/actualidad\/el-servicio-de-alquiler-de-bicicletas-electricas-de-pamplona-cuenta-ya-con-350-bicis-y-doce-nuevas-bases-operativas-en-los-ultimos-dias\/#respond"]}]},{"@type":"WebPage","@id":"https:\/\/www.laguiadepamplona.com\/actualidad\/el-servicio-de-alquiler-de-bicicletas-electricas-de-pamplona-cuenta-ya-con-350-bicis-y-doce-nuevas-bases-operativas-en-los-ultimos-dias\/","url":"https:\/\/www.laguiadepamplona.com\/actualidad\/el-servicio-de-alquiler-de-bicicletas-electricas-de-pamplona-cuenta-ya-con-350-bicis-y-doce-nuevas-bases-operativas-en-los-ultimos-dias\/","name":"El servicio de alquiler de bicicletas el\u00e9ctricas de Pamplona cuenta ya con 350 bicis y doce nuevas bases operativas en los \u00faltimos d\u00edas","isPartOf":{"@id":"https:\/\/www.laguiadepamplona.com\/actualidad\/#website"},"primaryImageOfPage":{"@id":"https:\/\/www.laguiadepamplona.com\/actualidad\/el-servicio-de-alquiler-de-bicicletas-electricas-de-pamplona-cuenta-ya-con-350-bicis-y-doce-nuevas-bases-operativas-en-los-ultimos-dias\/#primaryimage"},"image":{"@id":"https:\/\/www.laguiadepamplona.com\/actualidad\/el-servicio-de-alquiler-de-bicicletas-electricas-de-pamplona-cuenta-ya-con-350-bicis-y-doce-nuevas-bases-operativas-en-los-ultimos-dias\/#primaryimage"},"thumbnailUrl":"https:\/\/www.laguiadepamplona.com\/actualidad\/wp-content\/uploads\/2021\/12\/servbiciseectricasee5a7855.jpg","datePublished":"2022-01-31T15:36:13+00:00","dateModified":"2023-04-11T09:48:34+00:00","description":"Durante el mes de febrero se activar\u00e1n las cuatro bases que quedan para completar un servicio con 42 estaciones y 400 bicicletas para uso ciudadano","breadcrumb":{"@id":"https:\/\/www.laguiadepamplona.com\/actualidad\/el-servicio-de-alquiler-de-bicicletas-electricas-de-pamplona-cuenta-ya-con-350-bicis-y-doce-nuevas-bases-operativas-en-los-ultimos-dias\/#breadcrumb"},"inLanguage":"es","potentialAction":[{"@type":"ReadAction","target":["https:\/\/www.laguiadepamplona.com\/actualidad\/el-servicio-de-alquiler-de-bicicletas-electricas-de-pamplona-cuenta-ya-con-350-bicis-y-doce-nuevas-bases-operativas-en-los-ultimos-dias\/"]}]},{"@type":"ImageObject","inLanguage":"es","@id":"https:\/\/www.laguiadepamplona.com\/actualidad\/el-servicio-de-alquiler-de-bicicletas-electricas-de-pamplona-cuenta-ya-con-350-bicis-y-doce-nuevas-bases-operativas-en-los-ultimos-dias\/#primaryimage","url":"https:\/\/www.laguiadepamplona.com\/actualidad\/wp-content\/uploads\/2021\/12\/servbiciseectricasee5a7855.jpg","contentUrl":"https:\/\/www.laguiadepamplona.com\/actualidad\/wp-content\/uploads\/2021\/12\/servbiciseectricasee5a7855.jpg","width":1920,"height":1286},{"@type":"BreadcrumbList","@id":"https:\/\/www.laguiadepamplona.com\/actualidad\/el-servicio-de-alquiler-de-bicicletas-electricas-de-pamplona-cuenta-ya-con-350-bicis-y-doce-nuevas-bases-operativas-en-los-ultimos-dias\/#breadcrumb","itemListElement":[{"@type":"ListItem","position":1,"name":"Portada","item":"https:\/\/www.laguiadepamplona.com\/actualidad\/"},{"@type":"ListItem","position":2,"name":"El servicio de alquiler de bicicletas el\u00e9ctricas de Pamplona cuenta ya con 350 bicis y doce nuevas bases operativas en los \u00faltimos d\u00edas"}]},{"@type":"WebSite","@id":"https:\/\/www.laguiadepamplona.com\/actualidad\/#website","url":"https:\/\/www.laguiadepamplona.com\/actualidad\/","name":"La gu\u00eda de Pamplona","description":"Noticias de Pamplona","publisher":{"@id":"https:\/\/www.laguiadepamplona.com\/actualidad\/#organization"},"potentialAction":[{"@type":"SearchAction","target":{"@type":"EntryPoint","urlTemplate":"https:\/\/www.laguiadepamplona.com\/actualidad\/?s={search_term_string}"},"query-input":{"@type":"PropertyValueSpecification","valueRequired":true,"valueName":"search_term_string"}}],"inLanguage":"es"},{"@type":"Organization","@id":"https:\/\/www.laguiadepamplona.com\/actualidad\/#organization","name":"La Gu\u00eda de Pamplona \/ Noticias","url":"https:\/\/www.laguiadepamplona.com\/actualidad\/","logo":{"@type":"ImageObject","inLanguage":"es","@id":"https:\/\/www.laguiadepamplona.com\/actualidad\/#\/schema\/logo\/image\/","url":"https:\/\/www.laguiadepamplona.com\/actualidad\/wp-content\/uploads\/2018\/11\/logo-laguiadepamplona18-web1.png","contentUrl":"https:\/\/www.laguiadepamplona.com\/actualidad\/wp-content\/uploads\/2018\/11\/logo-laguiadepamplona18-web1.png","width":600,"height":196,"caption":"La Gu\u00eda de Pamplona \/ Noticias"},"image":{"@id":"https:\/\/www.laguiadepamplona.com\/actualidad\/#\/schema\/logo\/image\/"},"sameAs":["https:\/\/www.facebook.com\/laguiadepamplonacom-133175176762273\/?ref=hl","https:\/\/x.com\/LaGuiadPamplona","https:\/\/www.instagram.com\/la_guia_de_pamplona\/","https:\/\/www.youtube.com\/user\/laguiadepamplona"]},{"@type":"Person","@id":"https:\/\/www.laguiadepamplona.com\/actualidad\/#\/schema\/person\/efe887376f0213d4657c93adc50b1fdb","name":"La Gu\u00eda de Pamplona","image":{"@type":"ImageObject","inLanguage":"es","@id":"https:\/\/secure.gravatar.com\/avatar\/b6992f131dc8d30ab0dff15446e9d346d9dbd95992de0fef795073f5ea83a81c?s=96&d=mm&r=g","url":"https:\/\/secure.gravatar.com\/avatar\/b6992f131dc8d30ab0dff15446e9d346d9dbd95992de0fef795073f5ea83a81c?s=96&d=mm&r=g","contentUrl":"https:\/\/secure.gravatar.com\/avatar\/b6992f131dc8d30ab0dff15446e9d346d9dbd95992de0fef795073f5ea83a81c?s=96&d=mm&r=g","caption":"La Gu\u00eda de Pamplona"}}]}},"post_mailing_queue_ids":[],"_links":{"self":[{"href":"https:\/\/www.laguiadepamplona.com\/actualidad\/wp-json\/wp\/v2\/posts\/38505","targetHints":{"allow":["GET"]}}],"collection":[{"href":"https:\/\/www.laguiadepamplona.com\/actualidad\/wp-json\/wp\/v2\/posts"}],"about":[{"href":"https:\/\/www.laguiadepamplona.com\/actualidad\/wp-json\/wp\/v2\/types\/post"}],"author":[{"embeddable":true,"href":"https:\/\/www.laguiadepamplona.com\/actualidad\/wp-json\/wp\/v2\/users\/1"}],"replies":[{"embeddable":true,"href":"https:\/\/www.laguiadepamplona.com\/actualidad\/wp-json\/wp\/v2\/comments?post=38505"}],"version-history":[{"count":0,"href":"https:\/\/www.laguiadepamplona.com\/actualidad\/wp-json\/wp\/v2\/posts\/38505\/revisions"}],"wp:featuredmedia":[{"embeddable":true,"href":"https:\/\/www.laguiadepamplona.com\/actualidad\/wp-json\/wp\/v2\/media\/37964"}],"wp:attachment":[{"href":"https:\/\/www.laguiadepamplona.com\/actualidad\/wp-json\/wp\/v2\/media?parent=38505"}],"wp:term":[{"taxonomy":"category","embeddable":true,"href":"https:\/\/www.laguiadepamplona.com\/actualidad\/wp-json\/wp\/v2\/categories?post=38505"},{"taxonomy":"post_tag","embeddable":true,"href":"https:\/\/www.laguiadepamplona.com\/actualidad\/wp-json\/wp\/v2\/tags?post=38505"}],"curies":[{"name":"wp","href":"https:\/\/api.w.org\/{rel}","templated":true}]}}