{"id":38500,"date":"2022-01-31T14:49:25","date_gmt":"2022-01-31T12:49:25","guid":{"rendered":"https:\/\/www.laguiadepamplona.com\/actualidad\/?p=38500"},"modified":"2023-04-11T11:48:34","modified_gmt":"2023-04-11T09:48:34","slug":"la-junta-de-gobierno-local-aprueba-la-adjudicacion-del-contrato-de-suministro-instalacion-y-mantenimiento-de-la-senalizacion-horizontal-y-vertical-de-la-ciudad","status":"publish","type":"post","link":"https:\/\/www.laguiadepamplona.com\/actualidad\/la-junta-de-gobierno-local-aprueba-la-adjudicacion-del-contrato-de-suministro-instalacion-y-mantenimiento-de-la-senalizacion-horizontal-y-vertical-de-la-ciudad\/","title":{"rendered":"La Junta de Gobierno Local aprueba la adjudicaci\u00f3n del contrato de suministro, instalaci\u00f3n y mantenimiento de la se\u00f1alizaci\u00f3n horizontal y vertical de la ciudad"},"content":{"rendered":"<h5>Dotado con 432.000 euros incluye se\u00f1ales de tr\u00e1fico, plazas reservadas, pasos de peatones o reductores de velocidad, entre otros elementos<\/h5>\n<p><!--more--><\/p>\n<p>La Junta de Gobierno Local del Ayuntamiento de Pamplona ha aprobado esta ma\u00f1ana la adjudicaci\u00f3n del contrato de suministro, nueva instalaci\u00f3n y mantenimiento de la se\u00f1alizaci\u00f3n horizontal y vertical de la ciudad para el a\u00f1o 2022. El contrato, dotado con 432.000 euros, incluye se\u00f1ales de tr\u00e1fico, plazas reservadas, pasos de peatones o reductores de velocidad, entre otros elementos y ha sido adjudicado a la empresa Se\u00f1alizaciones y Obras Fern\u00e1ndez S.L. Este contrato mixto de servicio y suministro prev\u00e9 dos posibles pr\u00f3rrogas de un a\u00f1o de duraci\u00f3n cada una, y se adjudica tras la renuncia de la anterior empresa adjudicataria, TEVASE\u00d1AL S.A.<br \/>\n<script async src=\"\/\/pagead2.googlesyndication.com\/pagead\/js\/adsbygoogle.js\"><\/script><br \/>\n<!-- Noticias La Guia de Pamplona --><br \/>\n<ins class=\"adsbygoogle\"\nstyle=\"display:block\"\ndata-ad-client=\"ca-pub-6943679897239327\"\ndata-ad-slot=\"7048180777\"\ndata-ad-format=\"auto\"><\/ins><br \/>\n<script>\n(adsbygoogle = window.adsbygoogle || []).push({});\n<\/script><\/p>\n<p>Estos trabajos tienen un indudable inter\u00e9s p\u00fablico, ya que una adecuada se\u00f1alizaci\u00f3n de tr\u00e1fico redunda en una mejor y m\u00e1s segura circulaci\u00f3n de veh\u00edculos y personas, mientras que la se\u00f1alizaci\u00f3n orientativa facilita a las personas la orientaci\u00f3n hacia los lugares a los que se desea acudir.<\/p>\n<p>Las tareas incluidas en este contrato incluyen la se\u00f1alizaci\u00f3n de tr\u00e1fico horizontal y vertical y la se\u00f1alizaci\u00f3n direccional y orientativa, as\u00ed como la limpieza y el restablecimiento de la misma. Engloba tambi\u00e9n el suministro, instalaci\u00f3n y mantenimiento de los elementos auxiliares de regulaci\u00f3n de tr\u00e1fico en Pamplona, elementos como los sistemas reductores de velocidad (bandas reductoras, cojines berlineses\u2026), elementos separadores de carril, elementos de tope, barreras de seguridad, barreras \u2018new jersey\u2019, vallas \u2018ciudad\u2019 o hitos, bolardos, elementos reflectantes y, en general, cualquier elemento similar. Como novedad, a trav\u00e9s de este contrato se asume el mantenimiento de los m\u00e1s de 800 prepasos ejecutados para dar m\u00e1s visibilidad a los veh\u00edculos sobre los peatones que van a atravesar la calzada.<\/p>\n<p>La empresa adjudicataria se encargar\u00e1 tambi\u00e9n de gestionar, mantener y actualizar la aplicaci\u00f3n inform\u00e1tica que recoge el inventario de se\u00f1alizaci\u00f3n vertical y horizontal instalada en la ciudad, as\u00ed como los trabajos que se vayan realizando atendiendo a las \u00f3rdenes de trabajo suministradas por el Ayuntamiento.<br \/>\n<script async src=\"\/\/pagead2.googlesyndication.com\/pagead\/js\/adsbygoogle.js\"><\/script><br \/>\n<!-- Noticias La Guia de Pamplona --><br \/>\n<ins class=\"adsbygoogle\"\nstyle=\"display:block\"\ndata-ad-client=\"ca-pub-6943679897239327\"\ndata-ad-slot=\"7048180777\"\ndata-ad-format=\"auto\"><\/ins><br \/>\n<script>\n(adsbygoogle = window.adsbygoogle || []).push({});\n<\/script><\/p>\n<p><strong>La se\u00f1alizaci\u00f3n en Pamplona<\/strong><\/p>\n<p>De la denominada se\u00f1alizaci\u00f3n horizontal forman parte elementos como los pasos de peatones, los cebreados, los s\u00edmbolos pintados en la calle (flechas, pictogramas, bordes y ejes de calzada) o la se\u00f1alizaci\u00f3n de bordes de rotondas e isletas. La se\u00f1alizaci\u00f3n vertical est\u00e1 integrada por las se\u00f1ales de tr\u00e1fico (advertencia de peligro, se\u00f1ales de reglamentaci\u00f3n: prioridad, prohibici\u00f3n, restricci\u00f3n, obligaci\u00f3n, fin de prohibici\u00f3n o restricci\u00f3n; se\u00f1ales de indicaci\u00f3n: general, de carriles, de servicios; y se\u00f1alizaci\u00f3n de tr\u00e1fico exclusiva para la ciudad: reservados para carga-descarga, motocicletas, transporte escolar, zonas videovigiladas, acceso al Casco Antiguo y otras), adem\u00e1s de se\u00f1alizaci\u00f3n direccional y orientativa.<\/p>\n<p>En datos concretos, el contrato, en se\u00f1alizaci\u00f3n de tr\u00e1fico horizontal, abarca 2.450 pasos peatonales, 371 kil\u00f3metros de ejes y bordes, m\u00e1s de 4.000 plazas reservadas para motocicletas y 1.175 plazas reservadas para personas con movilidad reducida. Respecto a la se\u00f1alizaci\u00f3n de tr\u00e1fico vertical, se incluyen alrededor de 24.000 se\u00f1ales verticales con sus correspondientes postes, entre las que caben destacar m\u00e1s de 5.000 se\u00f1ales S-13 que informan a los veh\u00edculos de pasos peatonales.<\/p>\n","protected":false},"excerpt":{"rendered":"<p>Dotado con 432.000 euros incluye se\u00f1ales de tr\u00e1fico, plazas reservadas, pasos de peatones o reductores de velocidad, entre otros elementos<\/p>\n","protected":false},"author":1,"featured_media":35758,"comment_status":"open","ping_status":"closed","sticky":false,"template":"","format":"standard","meta":{"footnotes":""},"categories":[2],"tags":[],"class_list":["post-38500","post","type-post","status-publish","format-standard","has-post-thumbnail","hentry","category-ayuntamiento-pamplona"],"yoast_head":"<!-- This site is optimized with the Yoast SEO plugin v27.3 - https:\/\/yoast.com\/product\/yoast-seo-wordpress\/ -->\n<title>La Junta de Gobierno Local aprueba la adjudicaci\u00f3n del contrato de suministro, instalaci\u00f3n y mantenimiento de la se\u00f1alizaci\u00f3n horizontal y vertical de la ciudad<\/title>\n<meta name=\"description\" content=\"Dotado con 432.000 euros incluye se\u00f1ales de tr\u00e1fico, plazas reservadas, pasos de peatones o reductores de velocidad, entre otros elementos\" \/>\n<meta name=\"robots\" content=\"index, follow, max-snippet:-1, max-image-preview:large, max-video-preview:-1\" \/>\n<link rel=\"canonical\" href=\"https:\/\/www.laguiadepamplona.com\/actualidad\/la-junta-de-gobierno-local-aprueba-la-adjudicacion-del-contrato-de-suministro-instalacion-y-mantenimiento-de-la-senalizacion-horizontal-y-vertical-de-la-ciudad\/\" \/>\n<meta property=\"og:locale\" content=\"es_ES\" \/>\n<meta property=\"og:type\" content=\"article\" \/>\n<meta property=\"og:title\" content=\"La Junta de Gobierno Local aprueba la adjudicaci\u00f3n del contrato de suministro, instalaci\u00f3n y mantenimiento de la se\u00f1alizaci\u00f3n horizontal y vertical de la ciudad\" \/>\n<meta property=\"og:description\" content=\"Dotado con 432.000 euros incluye se\u00f1ales de tr\u00e1fico, plazas reservadas, pasos de peatones o reductores de velocidad, entre otros elementos\" \/>\n<meta property=\"og:url\" content=\"https:\/\/www.laguiadepamplona.com\/actualidad\/la-junta-de-gobierno-local-aprueba-la-adjudicacion-del-contrato-de-suministro-instalacion-y-mantenimiento-de-la-senalizacion-horizontal-y-vertical-de-la-ciudad\/\" \/>\n<meta property=\"og:site_name\" content=\"La Gu\u00eda de Pamplona\" \/>\n<meta property=\"article:publisher\" content=\"https:\/\/www.facebook.com\/laguiadepamplonacom-133175176762273\/?ref=hl\" \/>\n<meta property=\"article:published_time\" content=\"2022-01-31T12:49:25+00:00\" \/>\n<meta property=\"article:modified_time\" content=\"2023-04-11T09:48:34+00:00\" \/>\n<meta property=\"og:image\" content=\"https:\/\/www.laguiadepamplona.com\/actualidad\/wp-content\/uploads\/2021\/06\/semaforo_trafico_edificio_singular_ejercito_pioxii_0.jpg\" \/>\n\t<meta property=\"og:image:width\" content=\"1920\" \/>\n\t<meta property=\"og:image:height\" content=\"1280\" \/>\n\t<meta property=\"og:image:type\" content=\"image\/jpeg\" \/>\n<meta name=\"author\" content=\"La Gu\u00eda de Pamplona\" \/>\n<meta name=\"twitter:card\" content=\"summary_large_image\" \/>\n<meta name=\"twitter:creator\" content=\"@LaGuiadPamplona\" \/>\n<meta name=\"twitter:site\" content=\"@LaGuiadPamplona\" \/>\n<meta name=\"twitter:label1\" content=\"Escrito por\" \/>\n\t<meta name=\"twitter:data1\" content=\"La Gu\u00eda de Pamplona\" \/>\n\t<meta name=\"twitter:label2\" content=\"Tiempo de lectura\" \/>\n\t<meta name=\"twitter:data2\" content=\"3 minutos\" \/>\n<script type=\"application\/ld+json\" class=\"yoast-schema-graph\">{\"@context\":\"https:\\\/\\\/schema.org\",\"@graph\":[{\"@type\":\"Article\",\"@id\":\"https:\\\/\\\/www.laguiadepamplona.com\\\/actualidad\\\/la-junta-de-gobierno-local-aprueba-la-adjudicacion-del-contrato-de-suministro-instalacion-y-mantenimiento-de-la-senalizacion-horizontal-y-vertical-de-la-ciudad\\\/#article\",\"isPartOf\":{\"@id\":\"https:\\\/\\\/www.laguiadepamplona.com\\\/actualidad\\\/la-junta-de-gobierno-local-aprueba-la-adjudicacion-del-contrato-de-suministro-instalacion-y-mantenimiento-de-la-senalizacion-horizontal-y-vertical-de-la-ciudad\\\/\"},\"author\":{\"name\":\"La Gu\u00eda de Pamplona\",\"@id\":\"https:\\\/\\\/www.laguiadepamplona.com\\\/actualidad\\\/#\\\/schema\\\/person\\\/efe887376f0213d4657c93adc50b1fdb\"},\"headline\":\"La Junta de Gobierno Local aprueba la adjudicaci\u00f3n del contrato de suministro, instalaci\u00f3n y mantenimiento de la se\u00f1alizaci\u00f3n horizontal y vertical de la ciudad\",\"datePublished\":\"2022-01-31T12:49:25+00:00\",\"dateModified\":\"2023-04-11T09:48:34+00:00\",\"mainEntityOfPage\":{\"@id\":\"https:\\\/\\\/www.laguiadepamplona.com\\\/actualidad\\\/la-junta-de-gobierno-local-aprueba-la-adjudicacion-del-contrato-de-suministro-instalacion-y-mantenimiento-de-la-senalizacion-horizontal-y-vertical-de-la-ciudad\\\/\"},\"wordCount\":607,\"commentCount\":0,\"publisher\":{\"@id\":\"https:\\\/\\\/www.laguiadepamplona.com\\\/actualidad\\\/#organization\"},\"image\":{\"@id\":\"https:\\\/\\\/www.laguiadepamplona.com\\\/actualidad\\\/la-junta-de-gobierno-local-aprueba-la-adjudicacion-del-contrato-de-suministro-instalacion-y-mantenimiento-de-la-senalizacion-horizontal-y-vertical-de-la-ciudad\\\/#primaryimage\"},\"thumbnailUrl\":\"https:\\\/\\\/www.laguiadepamplona.com\\\/actualidad\\\/wp-content\\\/uploads\\\/2021\\\/06\\\/semaforo_trafico_edificio_singular_ejercito_pioxii_0.jpg\",\"articleSection\":[\"Ayto Pamplona\"],\"inLanguage\":\"es\",\"potentialAction\":[{\"@type\":\"CommentAction\",\"name\":\"Comment\",\"target\":[\"https:\\\/\\\/www.laguiadepamplona.com\\\/actualidad\\\/la-junta-de-gobierno-local-aprueba-la-adjudicacion-del-contrato-de-suministro-instalacion-y-mantenimiento-de-la-senalizacion-horizontal-y-vertical-de-la-ciudad\\\/#respond\"]}]},{\"@type\":\"WebPage\",\"@id\":\"https:\\\/\\\/www.laguiadepamplona.com\\\/actualidad\\\/la-junta-de-gobierno-local-aprueba-la-adjudicacion-del-contrato-de-suministro-instalacion-y-mantenimiento-de-la-senalizacion-horizontal-y-vertical-de-la-ciudad\\\/\",\"url\":\"https:\\\/\\\/www.laguiadepamplona.com\\\/actualidad\\\/la-junta-de-gobierno-local-aprueba-la-adjudicacion-del-contrato-de-suministro-instalacion-y-mantenimiento-de-la-senalizacion-horizontal-y-vertical-de-la-ciudad\\\/\",\"name\":\"La Junta de Gobierno Local aprueba la adjudicaci\u00f3n del contrato de suministro, instalaci\u00f3n y mantenimiento de la se\u00f1alizaci\u00f3n horizontal y vertical de la ciudad\",\"isPartOf\":{\"@id\":\"https:\\\/\\\/www.laguiadepamplona.com\\\/actualidad\\\/#website\"},\"primaryImageOfPage\":{\"@id\":\"https:\\\/\\\/www.laguiadepamplona.com\\\/actualidad\\\/la-junta-de-gobierno-local-aprueba-la-adjudicacion-del-contrato-de-suministro-instalacion-y-mantenimiento-de-la-senalizacion-horizontal-y-vertical-de-la-ciudad\\\/#primaryimage\"},\"image\":{\"@id\":\"https:\\\/\\\/www.laguiadepamplona.com\\\/actualidad\\\/la-junta-de-gobierno-local-aprueba-la-adjudicacion-del-contrato-de-suministro-instalacion-y-mantenimiento-de-la-senalizacion-horizontal-y-vertical-de-la-ciudad\\\/#primaryimage\"},\"thumbnailUrl\":\"https:\\\/\\\/www.laguiadepamplona.com\\\/actualidad\\\/wp-content\\\/uploads\\\/2021\\\/06\\\/semaforo_trafico_edificio_singular_ejercito_pioxii_0.jpg\",\"datePublished\":\"2022-01-31T12:49:25+00:00\",\"dateModified\":\"2023-04-11T09:48:34+00:00\",\"description\":\"Dotado con 432.000 euros incluye se\u00f1ales de tr\u00e1fico, plazas reservadas, pasos de peatones o reductores de velocidad, entre otros elementos\",\"breadcrumb\":{\"@id\":\"https:\\\/\\\/www.laguiadepamplona.com\\\/actualidad\\\/la-junta-de-gobierno-local-aprueba-la-adjudicacion-del-contrato-de-suministro-instalacion-y-mantenimiento-de-la-senalizacion-horizontal-y-vertical-de-la-ciudad\\\/#breadcrumb\"},\"inLanguage\":\"es\",\"potentialAction\":[{\"@type\":\"ReadAction\",\"target\":[\"https:\\\/\\\/www.laguiadepamplona.com\\\/actualidad\\\/la-junta-de-gobierno-local-aprueba-la-adjudicacion-del-contrato-de-suministro-instalacion-y-mantenimiento-de-la-senalizacion-horizontal-y-vertical-de-la-ciudad\\\/\"]}]},{\"@type\":\"ImageObject\",\"inLanguage\":\"es\",\"@id\":\"https:\\\/\\\/www.laguiadepamplona.com\\\/actualidad\\\/la-junta-de-gobierno-local-aprueba-la-adjudicacion-del-contrato-de-suministro-instalacion-y-mantenimiento-de-la-senalizacion-horizontal-y-vertical-de-la-ciudad\\\/#primaryimage\",\"url\":\"https:\\\/\\\/www.laguiadepamplona.com\\\/actualidad\\\/wp-content\\\/uploads\\\/2021\\\/06\\\/semaforo_trafico_edificio_singular_ejercito_pioxii_0.jpg\",\"contentUrl\":\"https:\\\/\\\/www.laguiadepamplona.com\\\/actualidad\\\/wp-content\\\/uploads\\\/2021\\\/06\\\/semaforo_trafico_edificio_singular_ejercito_pioxii_0.jpg\",\"width\":1920,\"height\":1280,\"caption\":\"A* Jes\u00fas Garzaron F* 2020_11_26 T* Barrios de Pamplona L* Cruce semaf\u00f3rico en el cruce de la Avenida del Ej\u00e9rcito con P\u00edo XII, Ensanche\"},{\"@type\":\"BreadcrumbList\",\"@id\":\"https:\\\/\\\/www.laguiadepamplona.com\\\/actualidad\\\/la-junta-de-gobierno-local-aprueba-la-adjudicacion-del-contrato-de-suministro-instalacion-y-mantenimiento-de-la-senalizacion-horizontal-y-vertical-de-la-ciudad\\\/#breadcrumb\",\"itemListElement\":[{\"@type\":\"ListItem\",\"position\":1,\"name\":\"Portada\",\"item\":\"https:\\\/\\\/www.laguiadepamplona.com\\\/actualidad\\\/\"},{\"@type\":\"ListItem\",\"position\":2,\"name\":\"La Junta de Gobierno Local aprueba la adjudicaci\u00f3n del contrato de suministro, instalaci\u00f3n y mantenimiento de la se\u00f1alizaci\u00f3n horizontal y vertical de la ciudad\"}]},{\"@type\":\"WebSite\",\"@id\":\"https:\\\/\\\/www.laguiadepamplona.com\\\/actualidad\\\/#website\",\"url\":\"https:\\\/\\\/www.laguiadepamplona.com\\\/actualidad\\\/\",\"name\":\"La gu\u00eda de Pamplona\",\"description\":\"Noticias de Pamplona\",\"publisher\":{\"@id\":\"https:\\\/\\\/www.laguiadepamplona.com\\\/actualidad\\\/#organization\"},\"potentialAction\":[{\"@type\":\"SearchAction\",\"target\":{\"@type\":\"EntryPoint\",\"urlTemplate\":\"https:\\\/\\\/www.laguiadepamplona.com\\\/actualidad\\\/?s={search_term_string}\"},\"query-input\":{\"@type\":\"PropertyValueSpecification\",\"valueRequired\":true,\"valueName\":\"search_term_string\"}}],\"inLanguage\":\"es\"},{\"@type\":\"Organization\",\"@id\":\"https:\\\/\\\/www.laguiadepamplona.com\\\/actualidad\\\/#organization\",\"name\":\"La Gu\u00eda de Pamplona \\\/ Noticias\",\"url\":\"https:\\\/\\\/www.laguiadepamplona.com\\\/actualidad\\\/\",\"logo\":{\"@type\":\"ImageObject\",\"inLanguage\":\"es\",\"@id\":\"https:\\\/\\\/www.laguiadepamplona.com\\\/actualidad\\\/#\\\/schema\\\/logo\\\/image\\\/\",\"url\":\"https:\\\/\\\/www.laguiadepamplona.com\\\/actualidad\\\/wp-content\\\/uploads\\\/2018\\\/11\\\/logo-laguiadepamplona18-web1.png\",\"contentUrl\":\"https:\\\/\\\/www.laguiadepamplona.com\\\/actualidad\\\/wp-content\\\/uploads\\\/2018\\\/11\\\/logo-laguiadepamplona18-web1.png\",\"width\":600,\"height\":196,\"caption\":\"La Gu\u00eda de Pamplona \\\/ Noticias\"},\"image\":{\"@id\":\"https:\\\/\\\/www.laguiadepamplona.com\\\/actualidad\\\/#\\\/schema\\\/logo\\\/image\\\/\"},\"sameAs\":[\"https:\\\/\\\/www.facebook.com\\\/laguiadepamplonacom-133175176762273\\\/?ref=hl\",\"https:\\\/\\\/x.com\\\/LaGuiadPamplona\",\"https:\\\/\\\/www.instagram.com\\\/la_guia_de_pamplona\\\/\",\"https:\\\/\\\/www.youtube.com\\\/user\\\/laguiadepamplona\"]},{\"@type\":\"Person\",\"@id\":\"https:\\\/\\\/www.laguiadepamplona.com\\\/actualidad\\\/#\\\/schema\\\/person\\\/efe887376f0213d4657c93adc50b1fdb\",\"name\":\"La Gu\u00eda de Pamplona\",\"image\":{\"@type\":\"ImageObject\",\"inLanguage\":\"es\",\"@id\":\"https:\\\/\\\/secure.gravatar.com\\\/avatar\\\/b6992f131dc8d30ab0dff15446e9d346d9dbd95992de0fef795073f5ea83a81c?s=96&d=mm&r=g\",\"url\":\"https:\\\/\\\/secure.gravatar.com\\\/avatar\\\/b6992f131dc8d30ab0dff15446e9d346d9dbd95992de0fef795073f5ea83a81c?s=96&d=mm&r=g\",\"contentUrl\":\"https:\\\/\\\/secure.gravatar.com\\\/avatar\\\/b6992f131dc8d30ab0dff15446e9d346d9dbd95992de0fef795073f5ea83a81c?s=96&d=mm&r=g\",\"caption\":\"La Gu\u00eda de Pamplona\"}}]}<\/script>\n<!-- \/ Yoast SEO plugin. -->","yoast_head_json":{"title":"La Junta de Gobierno Local aprueba la adjudicaci\u00f3n del contrato de suministro, instalaci\u00f3n y mantenimiento de la se\u00f1alizaci\u00f3n horizontal y vertical de la ciudad","description":"Dotado con 432.000 euros incluye se\u00f1ales de tr\u00e1fico, plazas reservadas, pasos de peatones o reductores de velocidad, entre otros elementos","robots":{"index":"index","follow":"follow","max-snippet":"max-snippet:-1","max-image-preview":"max-image-preview:large","max-video-preview":"max-video-preview:-1"},"canonical":"https:\/\/www.laguiadepamplona.com\/actualidad\/la-junta-de-gobierno-local-aprueba-la-adjudicacion-del-contrato-de-suministro-instalacion-y-mantenimiento-de-la-senalizacion-horizontal-y-vertical-de-la-ciudad\/","og_locale":"es_ES","og_type":"article","og_title":"La Junta de Gobierno Local aprueba la adjudicaci\u00f3n del contrato de suministro, instalaci\u00f3n y mantenimiento de la se\u00f1alizaci\u00f3n horizontal y vertical de la ciudad","og_description":"Dotado con 432.000 euros incluye se\u00f1ales de tr\u00e1fico, plazas reservadas, pasos de peatones o reductores de velocidad, entre otros elementos","og_url":"https:\/\/www.laguiadepamplona.com\/actualidad\/la-junta-de-gobierno-local-aprueba-la-adjudicacion-del-contrato-de-suministro-instalacion-y-mantenimiento-de-la-senalizacion-horizontal-y-vertical-de-la-ciudad\/","og_site_name":"La Gu\u00eda de Pamplona","article_publisher":"https:\/\/www.facebook.com\/laguiadepamplonacom-133175176762273\/?ref=hl","article_published_time":"2022-01-31T12:49:25+00:00","article_modified_time":"2023-04-11T09:48:34+00:00","og_image":[{"width":1920,"height":1280,"url":"https:\/\/www.laguiadepamplona.com\/actualidad\/wp-content\/uploads\/2021\/06\/semaforo_trafico_edificio_singular_ejercito_pioxii_0.jpg","type":"image\/jpeg"}],"author":"La Gu\u00eda de Pamplona","twitter_card":"summary_large_image","twitter_creator":"@LaGuiadPamplona","twitter_site":"@LaGuiadPamplona","twitter_misc":{"Escrito por":"La Gu\u00eda de Pamplona","Tiempo de lectura":"3 minutos"},"schema":{"@context":"https:\/\/schema.org","@graph":[{"@type":"Article","@id":"https:\/\/www.laguiadepamplona.com\/actualidad\/la-junta-de-gobierno-local-aprueba-la-adjudicacion-del-contrato-de-suministro-instalacion-y-mantenimiento-de-la-senalizacion-horizontal-y-vertical-de-la-ciudad\/#article","isPartOf":{"@id":"https:\/\/www.laguiadepamplona.com\/actualidad\/la-junta-de-gobierno-local-aprueba-la-adjudicacion-del-contrato-de-suministro-instalacion-y-mantenimiento-de-la-senalizacion-horizontal-y-vertical-de-la-ciudad\/"},"author":{"name":"La Gu\u00eda de Pamplona","@id":"https:\/\/www.laguiadepamplona.com\/actualidad\/#\/schema\/person\/efe887376f0213d4657c93adc50b1fdb"},"headline":"La Junta de Gobierno Local aprueba la adjudicaci\u00f3n del contrato de suministro, instalaci\u00f3n y mantenimiento de la se\u00f1alizaci\u00f3n horizontal y vertical de la ciudad","datePublished":"2022-01-31T12:49:25+00:00","dateModified":"2023-04-11T09:48:34+00:00","mainEntityOfPage":{"@id":"https:\/\/www.laguiadepamplona.com\/actualidad\/la-junta-de-gobierno-local-aprueba-la-adjudicacion-del-contrato-de-suministro-instalacion-y-mantenimiento-de-la-senalizacion-horizontal-y-vertical-de-la-ciudad\/"},"wordCount":607,"commentCount":0,"publisher":{"@id":"https:\/\/www.laguiadepamplona.com\/actualidad\/#organization"},"image":{"@id":"https:\/\/www.laguiadepamplona.com\/actualidad\/la-junta-de-gobierno-local-aprueba-la-adjudicacion-del-contrato-de-suministro-instalacion-y-mantenimiento-de-la-senalizacion-horizontal-y-vertical-de-la-ciudad\/#primaryimage"},"thumbnailUrl":"https:\/\/www.laguiadepamplona.com\/actualidad\/wp-content\/uploads\/2021\/06\/semaforo_trafico_edificio_singular_ejercito_pioxii_0.jpg","articleSection":["Ayto Pamplona"],"inLanguage":"es","potentialAction":[{"@type":"CommentAction","name":"Comment","target":["https:\/\/www.laguiadepamplona.com\/actualidad\/la-junta-de-gobierno-local-aprueba-la-adjudicacion-del-contrato-de-suministro-instalacion-y-mantenimiento-de-la-senalizacion-horizontal-y-vertical-de-la-ciudad\/#respond"]}]},{"@type":"WebPage","@id":"https:\/\/www.laguiadepamplona.com\/actualidad\/la-junta-de-gobierno-local-aprueba-la-adjudicacion-del-contrato-de-suministro-instalacion-y-mantenimiento-de-la-senalizacion-horizontal-y-vertical-de-la-ciudad\/","url":"https:\/\/www.laguiadepamplona.com\/actualidad\/la-junta-de-gobierno-local-aprueba-la-adjudicacion-del-contrato-de-suministro-instalacion-y-mantenimiento-de-la-senalizacion-horizontal-y-vertical-de-la-ciudad\/","name":"La Junta de Gobierno Local aprueba la adjudicaci\u00f3n del contrato de suministro, instalaci\u00f3n y mantenimiento de la se\u00f1alizaci\u00f3n horizontal y vertical de la ciudad","isPartOf":{"@id":"https:\/\/www.laguiadepamplona.com\/actualidad\/#website"},"primaryImageOfPage":{"@id":"https:\/\/www.laguiadepamplona.com\/actualidad\/la-junta-de-gobierno-local-aprueba-la-adjudicacion-del-contrato-de-suministro-instalacion-y-mantenimiento-de-la-senalizacion-horizontal-y-vertical-de-la-ciudad\/#primaryimage"},"image":{"@id":"https:\/\/www.laguiadepamplona.com\/actualidad\/la-junta-de-gobierno-local-aprueba-la-adjudicacion-del-contrato-de-suministro-instalacion-y-mantenimiento-de-la-senalizacion-horizontal-y-vertical-de-la-ciudad\/#primaryimage"},"thumbnailUrl":"https:\/\/www.laguiadepamplona.com\/actualidad\/wp-content\/uploads\/2021\/06\/semaforo_trafico_edificio_singular_ejercito_pioxii_0.jpg","datePublished":"2022-01-31T12:49:25+00:00","dateModified":"2023-04-11T09:48:34+00:00","description":"Dotado con 432.000 euros incluye se\u00f1ales de tr\u00e1fico, plazas reservadas, pasos de peatones o reductores de velocidad, entre otros elementos","breadcrumb":{"@id":"https:\/\/www.laguiadepamplona.com\/actualidad\/la-junta-de-gobierno-local-aprueba-la-adjudicacion-del-contrato-de-suministro-instalacion-y-mantenimiento-de-la-senalizacion-horizontal-y-vertical-de-la-ciudad\/#breadcrumb"},"inLanguage":"es","potentialAction":[{"@type":"ReadAction","target":["https:\/\/www.laguiadepamplona.com\/actualidad\/la-junta-de-gobierno-local-aprueba-la-adjudicacion-del-contrato-de-suministro-instalacion-y-mantenimiento-de-la-senalizacion-horizontal-y-vertical-de-la-ciudad\/"]}]},{"@type":"ImageObject","inLanguage":"es","@id":"https:\/\/www.laguiadepamplona.com\/actualidad\/la-junta-de-gobierno-local-aprueba-la-adjudicacion-del-contrato-de-suministro-instalacion-y-mantenimiento-de-la-senalizacion-horizontal-y-vertical-de-la-ciudad\/#primaryimage","url":"https:\/\/www.laguiadepamplona.com\/actualidad\/wp-content\/uploads\/2021\/06\/semaforo_trafico_edificio_singular_ejercito_pioxii_0.jpg","contentUrl":"https:\/\/www.laguiadepamplona.com\/actualidad\/wp-content\/uploads\/2021\/06\/semaforo_trafico_edificio_singular_ejercito_pioxii_0.jpg","width":1920,"height":1280,"caption":"A* Jes\u00fas Garzaron F* 2020_11_26 T* Barrios de Pamplona L* Cruce semaf\u00f3rico en el cruce de la Avenida del Ej\u00e9rcito con P\u00edo XII, Ensanche"},{"@type":"BreadcrumbList","@id":"https:\/\/www.laguiadepamplona.com\/actualidad\/la-junta-de-gobierno-local-aprueba-la-adjudicacion-del-contrato-de-suministro-instalacion-y-mantenimiento-de-la-senalizacion-horizontal-y-vertical-de-la-ciudad\/#breadcrumb","itemListElement":[{"@type":"ListItem","position":1,"name":"Portada","item":"https:\/\/www.laguiadepamplona.com\/actualidad\/"},{"@type":"ListItem","position":2,"name":"La Junta de Gobierno Local aprueba la adjudicaci\u00f3n del contrato de suministro, instalaci\u00f3n y mantenimiento de la se\u00f1alizaci\u00f3n horizontal y vertical de la ciudad"}]},{"@type":"WebSite","@id":"https:\/\/www.laguiadepamplona.com\/actualidad\/#website","url":"https:\/\/www.laguiadepamplona.com\/actualidad\/","name":"La gu\u00eda de Pamplona","description":"Noticias de Pamplona","publisher":{"@id":"https:\/\/www.laguiadepamplona.com\/actualidad\/#organization"},"potentialAction":[{"@type":"SearchAction","target":{"@type":"EntryPoint","urlTemplate":"https:\/\/www.laguiadepamplona.com\/actualidad\/?s={search_term_string}"},"query-input":{"@type":"PropertyValueSpecification","valueRequired":true,"valueName":"search_term_string"}}],"inLanguage":"es"},{"@type":"Organization","@id":"https:\/\/www.laguiadepamplona.com\/actualidad\/#organization","name":"La Gu\u00eda de Pamplona \/ Noticias","url":"https:\/\/www.laguiadepamplona.com\/actualidad\/","logo":{"@type":"ImageObject","inLanguage":"es","@id":"https:\/\/www.laguiadepamplona.com\/actualidad\/#\/schema\/logo\/image\/","url":"https:\/\/www.laguiadepamplona.com\/actualidad\/wp-content\/uploads\/2018\/11\/logo-laguiadepamplona18-web1.png","contentUrl":"https:\/\/www.laguiadepamplona.com\/actualidad\/wp-content\/uploads\/2018\/11\/logo-laguiadepamplona18-web1.png","width":600,"height":196,"caption":"La Gu\u00eda de Pamplona \/ Noticias"},"image":{"@id":"https:\/\/www.laguiadepamplona.com\/actualidad\/#\/schema\/logo\/image\/"},"sameAs":["https:\/\/www.facebook.com\/laguiadepamplonacom-133175176762273\/?ref=hl","https:\/\/x.com\/LaGuiadPamplona","https:\/\/www.instagram.com\/la_guia_de_pamplona\/","https:\/\/www.youtube.com\/user\/laguiadepamplona"]},{"@type":"Person","@id":"https:\/\/www.laguiadepamplona.com\/actualidad\/#\/schema\/person\/efe887376f0213d4657c93adc50b1fdb","name":"La Gu\u00eda de Pamplona","image":{"@type":"ImageObject","inLanguage":"es","@id":"https:\/\/secure.gravatar.com\/avatar\/b6992f131dc8d30ab0dff15446e9d346d9dbd95992de0fef795073f5ea83a81c?s=96&d=mm&r=g","url":"https:\/\/secure.gravatar.com\/avatar\/b6992f131dc8d30ab0dff15446e9d346d9dbd95992de0fef795073f5ea83a81c?s=96&d=mm&r=g","contentUrl":"https:\/\/secure.gravatar.com\/avatar\/b6992f131dc8d30ab0dff15446e9d346d9dbd95992de0fef795073f5ea83a81c?s=96&d=mm&r=g","caption":"La Gu\u00eda de Pamplona"}}]}},"post_mailing_queue_ids":[],"_links":{"self":[{"href":"https:\/\/www.laguiadepamplona.com\/actualidad\/wp-json\/wp\/v2\/posts\/38500","targetHints":{"allow":["GET"]}}],"collection":[{"href":"https:\/\/www.laguiadepamplona.com\/actualidad\/wp-json\/wp\/v2\/posts"}],"about":[{"href":"https:\/\/www.laguiadepamplona.com\/actualidad\/wp-json\/wp\/v2\/types\/post"}],"author":[{"embeddable":true,"href":"https:\/\/www.laguiadepamplona.com\/actualidad\/wp-json\/wp\/v2\/users\/1"}],"replies":[{"embeddable":true,"href":"https:\/\/www.laguiadepamplona.com\/actualidad\/wp-json\/wp\/v2\/comments?post=38500"}],"version-history":[{"count":0,"href":"https:\/\/www.laguiadepamplona.com\/actualidad\/wp-json\/wp\/v2\/posts\/38500\/revisions"}],"wp:featuredmedia":[{"embeddable":true,"href":"https:\/\/www.laguiadepamplona.com\/actualidad\/wp-json\/wp\/v2\/media\/35758"}],"wp:attachment":[{"href":"https:\/\/www.laguiadepamplona.com\/actualidad\/wp-json\/wp\/v2\/media?parent=38500"}],"wp:term":[{"taxonomy":"category","embeddable":true,"href":"https:\/\/www.laguiadepamplona.com\/actualidad\/wp-json\/wp\/v2\/categories?post=38500"},{"taxonomy":"post_tag","embeddable":true,"href":"https:\/\/www.laguiadepamplona.com\/actualidad\/wp-json\/wp\/v2\/tags?post=38500"}],"curies":[{"name":"wp","href":"https:\/\/api.w.org\/{rel}","templated":true}]}}