{"id":38497,"date":"2022-01-31T14:48:12","date_gmt":"2022-01-31T12:48:12","guid":{"rendered":"https:\/\/www.laguiadepamplona.com\/actualidad\/?p=38497"},"modified":"2023-04-11T11:48:34","modified_gmt":"2023-04-11T09:48:34","slug":"el-paseo-fernando-redon-huici-cuenta-desde-hoy-con-una-placa-que-conmemora-la-figura-de-un-arquitecto-que-firmo-algunos-de-los-edificios-mas-relevantes-de-pamplona","status":"publish","type":"post","link":"https:\/\/www.laguiadepamplona.com\/actualidad\/el-paseo-fernando-redon-huici-cuenta-desde-hoy-con-una-placa-que-conmemora-la-figura-de-un-arquitecto-que-firmo-algunos-de-los-edificios-mas-relevantes-de-pamplona\/","title":{"rendered":"El paseo Fernando Red\u00f3n Huici cuenta desde hoy con una placa que conmemora la figura de un arquitecto que firm\u00f3 algunos de los edificios m\u00e1s relevantes de Pamplona"},"content":{"rendered":"<h5>El alcalde, Enrique Maya, y miembros de la Corporaci\u00f3n han homenajeado a Red\u00f3n en un acto que ha contado con la presencia de la viuda, Mar\u00eda Castiella<\/h5>\n<p><!--more--><\/p>\n<p>Esta ma\u00f1ana el alcalde de Pamplona, Enrique Maya, acompa\u00f1ado por otros miembros de la Corporaci\u00f3n Municipal ha asistido a la colocaci\u00f3n de la placa conmemorativa en homenaje al arquitecto pamplon\u00e9s Fernando Red\u00f3n, en el paseo que lleva su nombre. Al acto han asistido su viuda, Mar\u00eda Castiella, y su hija Elisa, adem\u00e1s de otros familiares que viven actualmente en Pamplona. Fernando Red\u00f3n, nacido en la calle Carlos III en el a\u00f1o 1929, falleci\u00f3 en 2016.<br \/>\n<script async src=\"\/\/pagead2.googlesyndication.com\/pagead\/js\/adsbygoogle.js\"><\/script><br \/>\n<!-- Noticias La Guia de Pamplona --><br \/>\n<ins class=\"adsbygoogle\"\nstyle=\"display:block\"\ndata-ad-client=\"ca-pub-6943679897239327\"\ndata-ad-slot=\"7048180777\"\ndata-ad-format=\"auto\"><\/ins><br \/>\n<script>\n(adsbygoogle = window.adsbygoogle || []).push({});\n<\/script><\/p>\n<p>El paseo peatonal, situado junto a la Casa de Misericordia, es un homenaje a la figura de este profesional que form\u00f3 parte de la junta directiva de esta entidad y que, adem\u00e1s de dejar en la ciudad un buen n\u00famero de edificios con su sello, dirigi\u00f3 la Instituci\u00f3n Pr\u00edncipe de Viana, asesor\u00f3 al Ministerio de Cultura, fue profesor de Proyectos en la Escuela de Arquitectura de la Universidad de Navarra y form\u00f3 parte y presidi\u00f3 el Consejo Social de la Universidad P\u00fablica de Navarra.<\/p>\n<p>Fernando Red\u00f3n trabaj\u00f3 en los inicios de la reurbanizaci\u00f3n del Casco Antiguo y llevan su firma algunos de los edificios m\u00e1s relevantes de Pamplona. As\u00ed ocurre, por ejemplo, con la casa de Felipe Huarte; las viviendas de Las Hiedras, en la avenida de la Baja Navarra; las Torres de Huarte o la Torre de Erroz. Y tambi\u00e9n con otros tan relevantes como el Club de golf de la Ulzama, el centro de rehabilitaci\u00f3n Elcano, la Cl\u00ednica Ubarmin o el pabell\u00f3n de Navarra en la Expo 92 de Sevilla.<br \/>\n<script async src=\"\/\/pagead2.googlesyndication.com\/pagead\/js\/adsbygoogle.js\"><\/script><br \/>\n<!-- Noticias La Guia de Pamplona --><br \/>\n<ins class=\"adsbygoogle\"\nstyle=\"display:block\"\ndata-ad-client=\"ca-pub-6943679897239327\"\ndata-ad-slot=\"7048180777\"\ndata-ad-format=\"auto\"><\/ins><br \/>\n<script>\n(adsbygoogle = window.adsbygoogle || []).push({});\n<\/script><\/p>\n<p>Formado en las escuelas superiores de Barcelona y Madrid, fue uno de los arquitectos espa\u00f1oles m\u00e1s destacados de su tiempo que compagin\u00f3 la arquitectura con la fotograf\u00eda y la pintura. Y dej\u00f3 como legado numerosas publicaciones, de enorme calidad, sobre la naturaleza, el arte y el patrimonio navarros. Su trayectoria profesional le hizo merecedor, en el a\u00f1o 2004, del premio Pr\u00edncipe de Viana de la Cultura.<\/p>\n<p>La placa colocada hoy culmina el homenaje a este arquitecto, que tambi\u00e9n fue fot\u00f3grafo, pintor y editor de publicaciones art\u00edsticas, ya que la asignaci\u00f3n nominativa de calles, plazas y monumentos de la ciudad permite honrar y reconocer a personas y entidades por su contribuci\u00f3n a la ciudad y su relevancia profesional.<\/p>\n","protected":false},"excerpt":{"rendered":"<p>El alcalde, Enrique Maya, y miembros de la Corporaci\u00f3n han homenajeado a Red\u00f3n en un acto que ha contado con la presencia de la viuda, Mar\u00eda Castiella<\/p>\n","protected":false},"author":1,"featured_media":38498,"comment_status":"open","ping_status":"closed","sticky":false,"template":"","format":"standard","meta":{"footnotes":""},"categories":[2],"tags":[],"class_list":["post-38497","post","type-post","status-publish","format-standard","has-post-thumbnail","hentry","category-ayuntamiento-pamplona"],"yoast_head":"<!-- This site is optimized with the Yoast SEO plugin v27.3 - https:\/\/yoast.com\/product\/yoast-seo-wordpress\/ -->\n<title>El paseo Fernando Red\u00f3n Huici cuenta desde hoy con una placa que conmemora la figura de un arquitecto que firm\u00f3 algunos de los edificios m\u00e1s relevantes de Pamplona<\/title>\n<meta name=\"description\" content=\"El alcalde, Enrique Maya, y miembros de la Corporaci\u00f3n han homenajeado a Red\u00f3n en un acto que ha contado con la presencia de la viuda, Mar\u00eda Castiella\" \/>\n<meta name=\"robots\" content=\"index, follow, max-snippet:-1, max-image-preview:large, max-video-preview:-1\" \/>\n<link rel=\"canonical\" href=\"https:\/\/www.laguiadepamplona.com\/actualidad\/el-paseo-fernando-redon-huici-cuenta-desde-hoy-con-una-placa-que-conmemora-la-figura-de-un-arquitecto-que-firmo-algunos-de-los-edificios-mas-relevantes-de-pamplona\/\" \/>\n<meta property=\"og:locale\" content=\"es_ES\" \/>\n<meta property=\"og:type\" content=\"article\" \/>\n<meta property=\"og:title\" content=\"El paseo Fernando Red\u00f3n Huici cuenta desde hoy con una placa que conmemora la figura de un arquitecto que firm\u00f3 algunos de los edificios m\u00e1s relevantes de Pamplona\" \/>\n<meta property=\"og:description\" content=\"El alcalde, Enrique Maya, y miembros de la Corporaci\u00f3n han homenajeado a Red\u00f3n en un acto que ha contado con la presencia de la viuda, Mar\u00eda Castiella\" \/>\n<meta property=\"og:url\" content=\"https:\/\/www.laguiadepamplona.com\/actualidad\/el-paseo-fernando-redon-huici-cuenta-desde-hoy-con-una-placa-que-conmemora-la-figura-de-un-arquitecto-que-firmo-algunos-de-los-edificios-mas-relevantes-de-pamplona\/\" \/>\n<meta property=\"og:site_name\" content=\"La Gu\u00eda de Pamplona\" \/>\n<meta property=\"article:publisher\" content=\"https:\/\/www.facebook.com\/laguiadepamplonacom-133175176762273\/?ref=hl\" \/>\n<meta property=\"article:published_time\" content=\"2022-01-31T12:48:12+00:00\" \/>\n<meta property=\"article:modified_time\" content=\"2023-04-11T09:48:34+00:00\" \/>\n<meta property=\"og:image\" content=\"https:\/\/www.laguiadepamplona.com\/actualidad\/wp-content\/uploads\/2022\/01\/paseofernandoredonee5a1738.jpg\" \/>\n\t<meta property=\"og:image:width\" content=\"1920\" \/>\n\t<meta property=\"og:image:height\" content=\"1280\" \/>\n\t<meta property=\"og:image:type\" content=\"image\/jpeg\" \/>\n<meta name=\"author\" content=\"La Gu\u00eda de Pamplona\" \/>\n<meta name=\"twitter:card\" content=\"summary_large_image\" \/>\n<meta name=\"twitter:creator\" content=\"@LaGuiadPamplona\" \/>\n<meta name=\"twitter:site\" content=\"@LaGuiadPamplona\" \/>\n<meta name=\"twitter:label1\" content=\"Escrito por\" \/>\n\t<meta name=\"twitter:data1\" content=\"La Gu\u00eda de Pamplona\" \/>\n\t<meta name=\"twitter:label2\" content=\"Tiempo de lectura\" \/>\n\t<meta name=\"twitter:data2\" content=\"2 minutos\" \/>\n<script type=\"application\/ld+json\" class=\"yoast-schema-graph\">{\"@context\":\"https:\\\/\\\/schema.org\",\"@graph\":[{\"@type\":\"Article\",\"@id\":\"https:\\\/\\\/www.laguiadepamplona.com\\\/actualidad\\\/el-paseo-fernando-redon-huici-cuenta-desde-hoy-con-una-placa-que-conmemora-la-figura-de-un-arquitecto-que-firmo-algunos-de-los-edificios-mas-relevantes-de-pamplona\\\/#article\",\"isPartOf\":{\"@id\":\"https:\\\/\\\/www.laguiadepamplona.com\\\/actualidad\\\/el-paseo-fernando-redon-huici-cuenta-desde-hoy-con-una-placa-que-conmemora-la-figura-de-un-arquitecto-que-firmo-algunos-de-los-edificios-mas-relevantes-de-pamplona\\\/\"},\"author\":{\"name\":\"La Gu\u00eda de Pamplona\",\"@id\":\"https:\\\/\\\/www.laguiadepamplona.com\\\/actualidad\\\/#\\\/schema\\\/person\\\/efe887376f0213d4657c93adc50b1fdb\"},\"headline\":\"El paseo Fernando Red\u00f3n Huici cuenta desde hoy con una placa que conmemora la figura de un arquitecto que firm\u00f3 algunos de los edificios m\u00e1s relevantes de Pamplona\",\"datePublished\":\"2022-01-31T12:48:12+00:00\",\"dateModified\":\"2023-04-11T09:48:34+00:00\",\"mainEntityOfPage\":{\"@id\":\"https:\\\/\\\/www.laguiadepamplona.com\\\/actualidad\\\/el-paseo-fernando-redon-huici-cuenta-desde-hoy-con-una-placa-que-conmemora-la-figura-de-un-arquitecto-que-firmo-algunos-de-los-edificios-mas-relevantes-de-pamplona\\\/\"},\"wordCount\":452,\"commentCount\":0,\"publisher\":{\"@id\":\"https:\\\/\\\/www.laguiadepamplona.com\\\/actualidad\\\/#organization\"},\"image\":{\"@id\":\"https:\\\/\\\/www.laguiadepamplona.com\\\/actualidad\\\/el-paseo-fernando-redon-huici-cuenta-desde-hoy-con-una-placa-que-conmemora-la-figura-de-un-arquitecto-que-firmo-algunos-de-los-edificios-mas-relevantes-de-pamplona\\\/#primaryimage\"},\"thumbnailUrl\":\"https:\\\/\\\/www.laguiadepamplona.com\\\/actualidad\\\/wp-content\\\/uploads\\\/2022\\\/01\\\/paseofernandoredonee5a1738.jpg\",\"articleSection\":[\"Ayto Pamplona\"],\"inLanguage\":\"es\",\"potentialAction\":[{\"@type\":\"CommentAction\",\"name\":\"Comment\",\"target\":[\"https:\\\/\\\/www.laguiadepamplona.com\\\/actualidad\\\/el-paseo-fernando-redon-huici-cuenta-desde-hoy-con-una-placa-que-conmemora-la-figura-de-un-arquitecto-que-firmo-algunos-de-los-edificios-mas-relevantes-de-pamplona\\\/#respond\"]}]},{\"@type\":\"WebPage\",\"@id\":\"https:\\\/\\\/www.laguiadepamplona.com\\\/actualidad\\\/el-paseo-fernando-redon-huici-cuenta-desde-hoy-con-una-placa-que-conmemora-la-figura-de-un-arquitecto-que-firmo-algunos-de-los-edificios-mas-relevantes-de-pamplona\\\/\",\"url\":\"https:\\\/\\\/www.laguiadepamplona.com\\\/actualidad\\\/el-paseo-fernando-redon-huici-cuenta-desde-hoy-con-una-placa-que-conmemora-la-figura-de-un-arquitecto-que-firmo-algunos-de-los-edificios-mas-relevantes-de-pamplona\\\/\",\"name\":\"El paseo Fernando Red\u00f3n Huici cuenta desde hoy con una placa que conmemora la figura de un arquitecto que firm\u00f3 algunos de los edificios m\u00e1s relevantes de Pamplona\",\"isPartOf\":{\"@id\":\"https:\\\/\\\/www.laguiadepamplona.com\\\/actualidad\\\/#website\"},\"primaryImageOfPage\":{\"@id\":\"https:\\\/\\\/www.laguiadepamplona.com\\\/actualidad\\\/el-paseo-fernando-redon-huici-cuenta-desde-hoy-con-una-placa-que-conmemora-la-figura-de-un-arquitecto-que-firmo-algunos-de-los-edificios-mas-relevantes-de-pamplona\\\/#primaryimage\"},\"image\":{\"@id\":\"https:\\\/\\\/www.laguiadepamplona.com\\\/actualidad\\\/el-paseo-fernando-redon-huici-cuenta-desde-hoy-con-una-placa-que-conmemora-la-figura-de-un-arquitecto-que-firmo-algunos-de-los-edificios-mas-relevantes-de-pamplona\\\/#primaryimage\"},\"thumbnailUrl\":\"https:\\\/\\\/www.laguiadepamplona.com\\\/actualidad\\\/wp-content\\\/uploads\\\/2022\\\/01\\\/paseofernandoredonee5a1738.jpg\",\"datePublished\":\"2022-01-31T12:48:12+00:00\",\"dateModified\":\"2023-04-11T09:48:34+00:00\",\"description\":\"El alcalde, Enrique Maya, y miembros de la Corporaci\u00f3n han homenajeado a Red\u00f3n en un acto que ha contado con la presencia de la viuda, Mar\u00eda Castiella\",\"breadcrumb\":{\"@id\":\"https:\\\/\\\/www.laguiadepamplona.com\\\/actualidad\\\/el-paseo-fernando-redon-huici-cuenta-desde-hoy-con-una-placa-que-conmemora-la-figura-de-un-arquitecto-que-firmo-algunos-de-los-edificios-mas-relevantes-de-pamplona\\\/#breadcrumb\"},\"inLanguage\":\"es\",\"potentialAction\":[{\"@type\":\"ReadAction\",\"target\":[\"https:\\\/\\\/www.laguiadepamplona.com\\\/actualidad\\\/el-paseo-fernando-redon-huici-cuenta-desde-hoy-con-una-placa-que-conmemora-la-figura-de-un-arquitecto-que-firmo-algunos-de-los-edificios-mas-relevantes-de-pamplona\\\/\"]}]},{\"@type\":\"ImageObject\",\"inLanguage\":\"es\",\"@id\":\"https:\\\/\\\/www.laguiadepamplona.com\\\/actualidad\\\/el-paseo-fernando-redon-huici-cuenta-desde-hoy-con-una-placa-que-conmemora-la-figura-de-un-arquitecto-que-firmo-algunos-de-los-edificios-mas-relevantes-de-pamplona\\\/#primaryimage\",\"url\":\"https:\\\/\\\/www.laguiadepamplona.com\\\/actualidad\\\/wp-content\\\/uploads\\\/2022\\\/01\\\/paseofernandoredonee5a1738.jpg\",\"contentUrl\":\"https:\\\/\\\/www.laguiadepamplona.com\\\/actualidad\\\/wp-content\\\/uploads\\\/2022\\\/01\\\/paseofernandoredonee5a1738.jpg\",\"width\":1920,\"height\":1280},{\"@type\":\"BreadcrumbList\",\"@id\":\"https:\\\/\\\/www.laguiadepamplona.com\\\/actualidad\\\/el-paseo-fernando-redon-huici-cuenta-desde-hoy-con-una-placa-que-conmemora-la-figura-de-un-arquitecto-que-firmo-algunos-de-los-edificios-mas-relevantes-de-pamplona\\\/#breadcrumb\",\"itemListElement\":[{\"@type\":\"ListItem\",\"position\":1,\"name\":\"Portada\",\"item\":\"https:\\\/\\\/www.laguiadepamplona.com\\\/actualidad\\\/\"},{\"@type\":\"ListItem\",\"position\":2,\"name\":\"El paseo Fernando Red\u00f3n Huici cuenta desde hoy con una placa que conmemora la figura de un arquitecto que firm\u00f3 algunos de los edificios m\u00e1s relevantes de Pamplona\"}]},{\"@type\":\"WebSite\",\"@id\":\"https:\\\/\\\/www.laguiadepamplona.com\\\/actualidad\\\/#website\",\"url\":\"https:\\\/\\\/www.laguiadepamplona.com\\\/actualidad\\\/\",\"name\":\"La gu\u00eda de Pamplona\",\"description\":\"Noticias de Pamplona\",\"publisher\":{\"@id\":\"https:\\\/\\\/www.laguiadepamplona.com\\\/actualidad\\\/#organization\"},\"potentialAction\":[{\"@type\":\"SearchAction\",\"target\":{\"@type\":\"EntryPoint\",\"urlTemplate\":\"https:\\\/\\\/www.laguiadepamplona.com\\\/actualidad\\\/?s={search_term_string}\"},\"query-input\":{\"@type\":\"PropertyValueSpecification\",\"valueRequired\":true,\"valueName\":\"search_term_string\"}}],\"inLanguage\":\"es\"},{\"@type\":\"Organization\",\"@id\":\"https:\\\/\\\/www.laguiadepamplona.com\\\/actualidad\\\/#organization\",\"name\":\"La Gu\u00eda de Pamplona \\\/ Noticias\",\"url\":\"https:\\\/\\\/www.laguiadepamplona.com\\\/actualidad\\\/\",\"logo\":{\"@type\":\"ImageObject\",\"inLanguage\":\"es\",\"@id\":\"https:\\\/\\\/www.laguiadepamplona.com\\\/actualidad\\\/#\\\/schema\\\/logo\\\/image\\\/\",\"url\":\"https:\\\/\\\/www.laguiadepamplona.com\\\/actualidad\\\/wp-content\\\/uploads\\\/2018\\\/11\\\/logo-laguiadepamplona18-web1.png\",\"contentUrl\":\"https:\\\/\\\/www.laguiadepamplona.com\\\/actualidad\\\/wp-content\\\/uploads\\\/2018\\\/11\\\/logo-laguiadepamplona18-web1.png\",\"width\":600,\"height\":196,\"caption\":\"La Gu\u00eda de Pamplona \\\/ Noticias\"},\"image\":{\"@id\":\"https:\\\/\\\/www.laguiadepamplona.com\\\/actualidad\\\/#\\\/schema\\\/logo\\\/image\\\/\"},\"sameAs\":[\"https:\\\/\\\/www.facebook.com\\\/laguiadepamplonacom-133175176762273\\\/?ref=hl\",\"https:\\\/\\\/x.com\\\/LaGuiadPamplona\",\"https:\\\/\\\/www.instagram.com\\\/la_guia_de_pamplona\\\/\",\"https:\\\/\\\/www.youtube.com\\\/user\\\/laguiadepamplona\"]},{\"@type\":\"Person\",\"@id\":\"https:\\\/\\\/www.laguiadepamplona.com\\\/actualidad\\\/#\\\/schema\\\/person\\\/efe887376f0213d4657c93adc50b1fdb\",\"name\":\"La Gu\u00eda de Pamplona\",\"image\":{\"@type\":\"ImageObject\",\"inLanguage\":\"es\",\"@id\":\"https:\\\/\\\/secure.gravatar.com\\\/avatar\\\/b6992f131dc8d30ab0dff15446e9d346d9dbd95992de0fef795073f5ea83a81c?s=96&d=mm&r=g\",\"url\":\"https:\\\/\\\/secure.gravatar.com\\\/avatar\\\/b6992f131dc8d30ab0dff15446e9d346d9dbd95992de0fef795073f5ea83a81c?s=96&d=mm&r=g\",\"contentUrl\":\"https:\\\/\\\/secure.gravatar.com\\\/avatar\\\/b6992f131dc8d30ab0dff15446e9d346d9dbd95992de0fef795073f5ea83a81c?s=96&d=mm&r=g\",\"caption\":\"La Gu\u00eda de Pamplona\"}}]}<\/script>\n<!-- \/ Yoast SEO plugin. -->","yoast_head_json":{"title":"El paseo Fernando Red\u00f3n Huici cuenta desde hoy con una placa que conmemora la figura de un arquitecto que firm\u00f3 algunos de los edificios m\u00e1s relevantes de Pamplona","description":"El alcalde, Enrique Maya, y miembros de la Corporaci\u00f3n han homenajeado a Red\u00f3n en un acto que ha contado con la presencia de la viuda, Mar\u00eda Castiella","robots":{"index":"index","follow":"follow","max-snippet":"max-snippet:-1","max-image-preview":"max-image-preview:large","max-video-preview":"max-video-preview:-1"},"canonical":"https:\/\/www.laguiadepamplona.com\/actualidad\/el-paseo-fernando-redon-huici-cuenta-desde-hoy-con-una-placa-que-conmemora-la-figura-de-un-arquitecto-que-firmo-algunos-de-los-edificios-mas-relevantes-de-pamplona\/","og_locale":"es_ES","og_type":"article","og_title":"El paseo Fernando Red\u00f3n Huici cuenta desde hoy con una placa que conmemora la figura de un arquitecto que firm\u00f3 algunos de los edificios m\u00e1s relevantes de Pamplona","og_description":"El alcalde, Enrique Maya, y miembros de la Corporaci\u00f3n han homenajeado a Red\u00f3n en un acto que ha contado con la presencia de la viuda, Mar\u00eda Castiella","og_url":"https:\/\/www.laguiadepamplona.com\/actualidad\/el-paseo-fernando-redon-huici-cuenta-desde-hoy-con-una-placa-que-conmemora-la-figura-de-un-arquitecto-que-firmo-algunos-de-los-edificios-mas-relevantes-de-pamplona\/","og_site_name":"La Gu\u00eda de Pamplona","article_publisher":"https:\/\/www.facebook.com\/laguiadepamplonacom-133175176762273\/?ref=hl","article_published_time":"2022-01-31T12:48:12+00:00","article_modified_time":"2023-04-11T09:48:34+00:00","og_image":[{"width":1920,"height":1280,"url":"https:\/\/www.laguiadepamplona.com\/actualidad\/wp-content\/uploads\/2022\/01\/paseofernandoredonee5a1738.jpg","type":"image\/jpeg"}],"author":"La Gu\u00eda de Pamplona","twitter_card":"summary_large_image","twitter_creator":"@LaGuiadPamplona","twitter_site":"@LaGuiadPamplona","twitter_misc":{"Escrito por":"La Gu\u00eda de Pamplona","Tiempo de lectura":"2 minutos"},"schema":{"@context":"https:\/\/schema.org","@graph":[{"@type":"Article","@id":"https:\/\/www.laguiadepamplona.com\/actualidad\/el-paseo-fernando-redon-huici-cuenta-desde-hoy-con-una-placa-que-conmemora-la-figura-de-un-arquitecto-que-firmo-algunos-de-los-edificios-mas-relevantes-de-pamplona\/#article","isPartOf":{"@id":"https:\/\/www.laguiadepamplona.com\/actualidad\/el-paseo-fernando-redon-huici-cuenta-desde-hoy-con-una-placa-que-conmemora-la-figura-de-un-arquitecto-que-firmo-algunos-de-los-edificios-mas-relevantes-de-pamplona\/"},"author":{"name":"La Gu\u00eda de Pamplona","@id":"https:\/\/www.laguiadepamplona.com\/actualidad\/#\/schema\/person\/efe887376f0213d4657c93adc50b1fdb"},"headline":"El paseo Fernando Red\u00f3n Huici cuenta desde hoy con una placa que conmemora la figura de un arquitecto que firm\u00f3 algunos de los edificios m\u00e1s relevantes de Pamplona","datePublished":"2022-01-31T12:48:12+00:00","dateModified":"2023-04-11T09:48:34+00:00","mainEntityOfPage":{"@id":"https:\/\/www.laguiadepamplona.com\/actualidad\/el-paseo-fernando-redon-huici-cuenta-desde-hoy-con-una-placa-que-conmemora-la-figura-de-un-arquitecto-que-firmo-algunos-de-los-edificios-mas-relevantes-de-pamplona\/"},"wordCount":452,"commentCount":0,"publisher":{"@id":"https:\/\/www.laguiadepamplona.com\/actualidad\/#organization"},"image":{"@id":"https:\/\/www.laguiadepamplona.com\/actualidad\/el-paseo-fernando-redon-huici-cuenta-desde-hoy-con-una-placa-que-conmemora-la-figura-de-un-arquitecto-que-firmo-algunos-de-los-edificios-mas-relevantes-de-pamplona\/#primaryimage"},"thumbnailUrl":"https:\/\/www.laguiadepamplona.com\/actualidad\/wp-content\/uploads\/2022\/01\/paseofernandoredonee5a1738.jpg","articleSection":["Ayto Pamplona"],"inLanguage":"es","potentialAction":[{"@type":"CommentAction","name":"Comment","target":["https:\/\/www.laguiadepamplona.com\/actualidad\/el-paseo-fernando-redon-huici-cuenta-desde-hoy-con-una-placa-que-conmemora-la-figura-de-un-arquitecto-que-firmo-algunos-de-los-edificios-mas-relevantes-de-pamplona\/#respond"]}]},{"@type":"WebPage","@id":"https:\/\/www.laguiadepamplona.com\/actualidad\/el-paseo-fernando-redon-huici-cuenta-desde-hoy-con-una-placa-que-conmemora-la-figura-de-un-arquitecto-que-firmo-algunos-de-los-edificios-mas-relevantes-de-pamplona\/","url":"https:\/\/www.laguiadepamplona.com\/actualidad\/el-paseo-fernando-redon-huici-cuenta-desde-hoy-con-una-placa-que-conmemora-la-figura-de-un-arquitecto-que-firmo-algunos-de-los-edificios-mas-relevantes-de-pamplona\/","name":"El paseo Fernando Red\u00f3n Huici cuenta desde hoy con una placa que conmemora la figura de un arquitecto que firm\u00f3 algunos de los edificios m\u00e1s relevantes de Pamplona","isPartOf":{"@id":"https:\/\/www.laguiadepamplona.com\/actualidad\/#website"},"primaryImageOfPage":{"@id":"https:\/\/www.laguiadepamplona.com\/actualidad\/el-paseo-fernando-redon-huici-cuenta-desde-hoy-con-una-placa-que-conmemora-la-figura-de-un-arquitecto-que-firmo-algunos-de-los-edificios-mas-relevantes-de-pamplona\/#primaryimage"},"image":{"@id":"https:\/\/www.laguiadepamplona.com\/actualidad\/el-paseo-fernando-redon-huici-cuenta-desde-hoy-con-una-placa-que-conmemora-la-figura-de-un-arquitecto-que-firmo-algunos-de-los-edificios-mas-relevantes-de-pamplona\/#primaryimage"},"thumbnailUrl":"https:\/\/www.laguiadepamplona.com\/actualidad\/wp-content\/uploads\/2022\/01\/paseofernandoredonee5a1738.jpg","datePublished":"2022-01-31T12:48:12+00:00","dateModified":"2023-04-11T09:48:34+00:00","description":"El alcalde, Enrique Maya, y miembros de la Corporaci\u00f3n han homenajeado a Red\u00f3n en un acto que ha contado con la presencia de la viuda, Mar\u00eda Castiella","breadcrumb":{"@id":"https:\/\/www.laguiadepamplona.com\/actualidad\/el-paseo-fernando-redon-huici-cuenta-desde-hoy-con-una-placa-que-conmemora-la-figura-de-un-arquitecto-que-firmo-algunos-de-los-edificios-mas-relevantes-de-pamplona\/#breadcrumb"},"inLanguage":"es","potentialAction":[{"@type":"ReadAction","target":["https:\/\/www.laguiadepamplona.com\/actualidad\/el-paseo-fernando-redon-huici-cuenta-desde-hoy-con-una-placa-que-conmemora-la-figura-de-un-arquitecto-que-firmo-algunos-de-los-edificios-mas-relevantes-de-pamplona\/"]}]},{"@type":"ImageObject","inLanguage":"es","@id":"https:\/\/www.laguiadepamplona.com\/actualidad\/el-paseo-fernando-redon-huici-cuenta-desde-hoy-con-una-placa-que-conmemora-la-figura-de-un-arquitecto-que-firmo-algunos-de-los-edificios-mas-relevantes-de-pamplona\/#primaryimage","url":"https:\/\/www.laguiadepamplona.com\/actualidad\/wp-content\/uploads\/2022\/01\/paseofernandoredonee5a1738.jpg","contentUrl":"https:\/\/www.laguiadepamplona.com\/actualidad\/wp-content\/uploads\/2022\/01\/paseofernandoredonee5a1738.jpg","width":1920,"height":1280},{"@type":"BreadcrumbList","@id":"https:\/\/www.laguiadepamplona.com\/actualidad\/el-paseo-fernando-redon-huici-cuenta-desde-hoy-con-una-placa-que-conmemora-la-figura-de-un-arquitecto-que-firmo-algunos-de-los-edificios-mas-relevantes-de-pamplona\/#breadcrumb","itemListElement":[{"@type":"ListItem","position":1,"name":"Portada","item":"https:\/\/www.laguiadepamplona.com\/actualidad\/"},{"@type":"ListItem","position":2,"name":"El paseo Fernando Red\u00f3n Huici cuenta desde hoy con una placa que conmemora la figura de un arquitecto que firm\u00f3 algunos de los edificios m\u00e1s relevantes de Pamplona"}]},{"@type":"WebSite","@id":"https:\/\/www.laguiadepamplona.com\/actualidad\/#website","url":"https:\/\/www.laguiadepamplona.com\/actualidad\/","name":"La gu\u00eda de Pamplona","description":"Noticias de Pamplona","publisher":{"@id":"https:\/\/www.laguiadepamplona.com\/actualidad\/#organization"},"potentialAction":[{"@type":"SearchAction","target":{"@type":"EntryPoint","urlTemplate":"https:\/\/www.laguiadepamplona.com\/actualidad\/?s={search_term_string}"},"query-input":{"@type":"PropertyValueSpecification","valueRequired":true,"valueName":"search_term_string"}}],"inLanguage":"es"},{"@type":"Organization","@id":"https:\/\/www.laguiadepamplona.com\/actualidad\/#organization","name":"La Gu\u00eda de Pamplona \/ Noticias","url":"https:\/\/www.laguiadepamplona.com\/actualidad\/","logo":{"@type":"ImageObject","inLanguage":"es","@id":"https:\/\/www.laguiadepamplona.com\/actualidad\/#\/schema\/logo\/image\/","url":"https:\/\/www.laguiadepamplona.com\/actualidad\/wp-content\/uploads\/2018\/11\/logo-laguiadepamplona18-web1.png","contentUrl":"https:\/\/www.laguiadepamplona.com\/actualidad\/wp-content\/uploads\/2018\/11\/logo-laguiadepamplona18-web1.png","width":600,"height":196,"caption":"La Gu\u00eda de Pamplona \/ Noticias"},"image":{"@id":"https:\/\/www.laguiadepamplona.com\/actualidad\/#\/schema\/logo\/image\/"},"sameAs":["https:\/\/www.facebook.com\/laguiadepamplonacom-133175176762273\/?ref=hl","https:\/\/x.com\/LaGuiadPamplona","https:\/\/www.instagram.com\/la_guia_de_pamplona\/","https:\/\/www.youtube.com\/user\/laguiadepamplona"]},{"@type":"Person","@id":"https:\/\/www.laguiadepamplona.com\/actualidad\/#\/schema\/person\/efe887376f0213d4657c93adc50b1fdb","name":"La Gu\u00eda de Pamplona","image":{"@type":"ImageObject","inLanguage":"es","@id":"https:\/\/secure.gravatar.com\/avatar\/b6992f131dc8d30ab0dff15446e9d346d9dbd95992de0fef795073f5ea83a81c?s=96&d=mm&r=g","url":"https:\/\/secure.gravatar.com\/avatar\/b6992f131dc8d30ab0dff15446e9d346d9dbd95992de0fef795073f5ea83a81c?s=96&d=mm&r=g","contentUrl":"https:\/\/secure.gravatar.com\/avatar\/b6992f131dc8d30ab0dff15446e9d346d9dbd95992de0fef795073f5ea83a81c?s=96&d=mm&r=g","caption":"La Gu\u00eda de Pamplona"}}]}},"post_mailing_queue_ids":[],"_links":{"self":[{"href":"https:\/\/www.laguiadepamplona.com\/actualidad\/wp-json\/wp\/v2\/posts\/38497","targetHints":{"allow":["GET"]}}],"collection":[{"href":"https:\/\/www.laguiadepamplona.com\/actualidad\/wp-json\/wp\/v2\/posts"}],"about":[{"href":"https:\/\/www.laguiadepamplona.com\/actualidad\/wp-json\/wp\/v2\/types\/post"}],"author":[{"embeddable":true,"href":"https:\/\/www.laguiadepamplona.com\/actualidad\/wp-json\/wp\/v2\/users\/1"}],"replies":[{"embeddable":true,"href":"https:\/\/www.laguiadepamplona.com\/actualidad\/wp-json\/wp\/v2\/comments?post=38497"}],"version-history":[{"count":0,"href":"https:\/\/www.laguiadepamplona.com\/actualidad\/wp-json\/wp\/v2\/posts\/38497\/revisions"}],"wp:featuredmedia":[{"embeddable":true,"href":"https:\/\/www.laguiadepamplona.com\/actualidad\/wp-json\/wp\/v2\/media\/38498"}],"wp:attachment":[{"href":"https:\/\/www.laguiadepamplona.com\/actualidad\/wp-json\/wp\/v2\/media?parent=38497"}],"wp:term":[{"taxonomy":"category","embeddable":true,"href":"https:\/\/www.laguiadepamplona.com\/actualidad\/wp-json\/wp\/v2\/categories?post=38497"},{"taxonomy":"post_tag","embeddable":true,"href":"https:\/\/www.laguiadepamplona.com\/actualidad\/wp-json\/wp\/v2\/tags?post=38497"}],"curies":[{"name":"wp","href":"https:\/\/api.w.org\/{rel}","templated":true}]}}