{"id":38494,"date":"2022-01-28T18:12:31","date_gmt":"2022-01-28T16:12:31","guid":{"rendered":"https:\/\/www.laguiadepamplona.com\/actualidad\/?p=38494"},"modified":"2023-04-11T11:48:34","modified_gmt":"2023-04-11T09:48:34","slug":"comienzan-las-obras-para-cubrir-las-pistas-polideportivas-del-colegio-publico-ermitagana-con-una-inversion-de-713-372-euros","status":"publish","type":"post","link":"https:\/\/www.laguiadepamplona.com\/actualidad\/comienzan-las-obras-para-cubrir-las-pistas-polideportivas-del-colegio-publico-ermitagana-con-una-inversion-de-713-372-euros\/","title":{"rendered":"Comienzan las obras para cubrir las pistas polideportivas del Colegio P\u00fablico Ermitaga\u00f1a, con una inversi\u00f3n de 713.372 euros"},"content":{"rendered":"<h5>En la intervenci\u00f3n se va a sustituir una parte del arbolado que se encuentra en mal estado, para adecuarlo al espacio<\/h5>\n<p><!--more--><\/p>\n<p>Han comenzado las obras para cubrir parte de las pistas polideportivas del CPEIP Ermitaga\u00f1a. En los pr\u00f3ximos cuatro meses se cubrir\u00e1n la pista deportiva de balonmano \/ futbol sala que se encuentra en el acceso al recinto por la plaza P\u00edo Baroja, adem\u00e1s de otras dos pistas de minibasket, que se disponen en su sentido trasversal. La empresa que se encarga de llevar a cabo la intervenci\u00f3n es Guillen Obras y Proyectos S.L. por un importe de adjudicaci\u00f3n de 713.372 euros.<br \/>\n<script async src=\"\/\/pagead2.googlesyndication.com\/pagead\/js\/adsbygoogle.js\"><\/script><br \/>\n<!-- Noticias La Guia de Pamplona --><br \/>\n<ins class=\"adsbygoogle\"\nstyle=\"display:block\"\ndata-ad-client=\"ca-pub-6943679897239327\"\ndata-ad-slot=\"7048180777\"\ndata-ad-format=\"auto\"><\/ins><br \/>\n<script>\n(adsbygoogle = window.adsbygoogle || []).push({});\n<\/script><\/p>\n<p>Esta actuaci\u00f3n ampliar\u00e1 y mejorar\u00e1 la disponibilidad de las pistas polideportivas situadas en el patio para las personas usuarias, ya que la pr\u00e1ctica deportiva no se ver\u00e1 alterada por las circunstancias clim\u00e1ticas. Las obras generar\u00e1n una zona ajardinada en el patio con dos parterres de 323,29 m<sup>2<\/sup> y 275,82 m<sup>2<\/sup>, que delimitar\u00e1n el acceso a las pistas desde el propio patio, y se sustituir\u00e1n 16 \u00e1rboles en mal estado por otros tantos ejemplares que se dispondr\u00e1n en espacios m\u00e1s adecuados, distribuidos por el patio del colegio.<\/p>\n<p>Las pistas polideportivas van a cubrirse con una estructura de madera laminada a dos aguas y envolvente que alcanzar\u00e1 1.333,75 m<sup>2<\/sup>, con unas dimensiones de 48,50 x 27,50 metros. En la intervenci\u00f3n se aprovechar\u00e1 para realizar la pavimentaci\u00f3n de la nueva superficie de forma que sea id\u00f3nea para el desarrollo de diferentes actividades deportivas. Asimismo, se ejecutar\u00e1n nuevas redes de saneamiento de pluviales, alumbrado y riego y se instalar\u00e1 el equipamiento urbano y deportivo necesario para la infraestructura.<\/p>\n","protected":false},"excerpt":{"rendered":"<p>En la intervenci\u00f3n se va a sustituir una parte del arbolado que se encuentra en mal estado, para adecuarlo al espacio<\/p>\n","protected":false},"author":1,"featured_media":38495,"comment_status":"open","ping_status":"closed","sticky":false,"template":"","format":"standard","meta":{"footnotes":""},"categories":[2],"tags":[],"class_list":["post-38494","post","type-post","status-publish","format-standard","has-post-thumbnail","hentry","category-ayuntamiento-pamplona"],"yoast_head":"<!-- This site is optimized with the Yoast SEO plugin v27.3 - https:\/\/yoast.com\/product\/yoast-seo-wordpress\/ -->\n<title>Comienzan las obras para cubrir las pistas polideportivas del Colegio P\u00fablico Ermitaga\u00f1a, con una inversi\u00f3n de 713.372 euros<\/title>\n<meta name=\"description\" content=\"En la intervenci\u00f3n se va a sustituir una parte del arbolado que se encuentra en mal estado, para adecuarlo al espacio\" \/>\n<meta name=\"robots\" content=\"index, follow, max-snippet:-1, max-image-preview:large, max-video-preview:-1\" \/>\n<link rel=\"canonical\" href=\"https:\/\/www.laguiadepamplona.com\/actualidad\/comienzan-las-obras-para-cubrir-las-pistas-polideportivas-del-colegio-publico-ermitagana-con-una-inversion-de-713-372-euros\/\" \/>\n<meta property=\"og:locale\" content=\"es_ES\" \/>\n<meta property=\"og:type\" content=\"article\" \/>\n<meta property=\"og:title\" content=\"Comienzan las obras para cubrir las pistas polideportivas del Colegio P\u00fablico Ermitaga\u00f1a, con una inversi\u00f3n de 713.372 euros\" \/>\n<meta property=\"og:description\" content=\"En la intervenci\u00f3n se va a sustituir una parte del arbolado que se encuentra en mal estado, para adecuarlo al espacio\" \/>\n<meta property=\"og:url\" content=\"https:\/\/www.laguiadepamplona.com\/actualidad\/comienzan-las-obras-para-cubrir-las-pistas-polideportivas-del-colegio-publico-ermitagana-con-una-inversion-de-713-372-euros\/\" \/>\n<meta property=\"og:site_name\" content=\"La Gu\u00eda de Pamplona\" \/>\n<meta property=\"article:publisher\" content=\"https:\/\/www.facebook.com\/laguiadepamplonacom-133175176762273\/?ref=hl\" \/>\n<meta property=\"article:published_time\" content=\"2022-01-28T16:12:31+00:00\" \/>\n<meta property=\"article:modified_time\" content=\"2023-04-11T09:48:34+00:00\" \/>\n<meta property=\"og:image\" content=\"https:\/\/www.laguiadepamplona.com\/actualidad\/wp-content\/uploads\/2022\/01\/patio-colegio-ermitagana.jpg\" \/>\n\t<meta property=\"og:image:width\" content=\"600\" \/>\n\t<meta property=\"og:image:height\" content=\"400\" \/>\n\t<meta property=\"og:image:type\" content=\"image\/jpeg\" \/>\n<meta name=\"author\" content=\"La Gu\u00eda de Pamplona\" \/>\n<meta name=\"twitter:card\" content=\"summary_large_image\" \/>\n<meta name=\"twitter:creator\" content=\"@LaGuiadPamplona\" \/>\n<meta name=\"twitter:site\" content=\"@LaGuiadPamplona\" \/>\n<meta name=\"twitter:label1\" content=\"Escrito por\" \/>\n\t<meta name=\"twitter:data1\" content=\"La Gu\u00eda de Pamplona\" \/>\n\t<meta name=\"twitter:label2\" content=\"Tiempo de lectura\" \/>\n\t<meta name=\"twitter:data2\" content=\"2 minutos\" \/>\n<script type=\"application\/ld+json\" class=\"yoast-schema-graph\">{\"@context\":\"https:\\\/\\\/schema.org\",\"@graph\":[{\"@type\":\"Article\",\"@id\":\"https:\\\/\\\/www.laguiadepamplona.com\\\/actualidad\\\/comienzan-las-obras-para-cubrir-las-pistas-polideportivas-del-colegio-publico-ermitagana-con-una-inversion-de-713-372-euros\\\/#article\",\"isPartOf\":{\"@id\":\"https:\\\/\\\/www.laguiadepamplona.com\\\/actualidad\\\/comienzan-las-obras-para-cubrir-las-pistas-polideportivas-del-colegio-publico-ermitagana-con-una-inversion-de-713-372-euros\\\/\"},\"author\":{\"name\":\"La Gu\u00eda de Pamplona\",\"@id\":\"https:\\\/\\\/www.laguiadepamplona.com\\\/actualidad\\\/#\\\/schema\\\/person\\\/efe887376f0213d4657c93adc50b1fdb\"},\"headline\":\"Comienzan las obras para cubrir las pistas polideportivas del Colegio P\u00fablico Ermitaga\u00f1a, con una inversi\u00f3n de 713.372 euros\",\"datePublished\":\"2022-01-28T16:12:31+00:00\",\"dateModified\":\"2023-04-11T09:48:34+00:00\",\"mainEntityOfPage\":{\"@id\":\"https:\\\/\\\/www.laguiadepamplona.com\\\/actualidad\\\/comienzan-las-obras-para-cubrir-las-pistas-polideportivas-del-colegio-publico-ermitagana-con-una-inversion-de-713-372-euros\\\/\"},\"wordCount\":299,\"commentCount\":0,\"publisher\":{\"@id\":\"https:\\\/\\\/www.laguiadepamplona.com\\\/actualidad\\\/#organization\"},\"image\":{\"@id\":\"https:\\\/\\\/www.laguiadepamplona.com\\\/actualidad\\\/comienzan-las-obras-para-cubrir-las-pistas-polideportivas-del-colegio-publico-ermitagana-con-una-inversion-de-713-372-euros\\\/#primaryimage\"},\"thumbnailUrl\":\"https:\\\/\\\/www.laguiadepamplona.com\\\/actualidad\\\/wp-content\\\/uploads\\\/2022\\\/01\\\/patio-colegio-ermitagana.jpg\",\"articleSection\":[\"Ayto Pamplona\"],\"inLanguage\":\"es\",\"potentialAction\":[{\"@type\":\"CommentAction\",\"name\":\"Comment\",\"target\":[\"https:\\\/\\\/www.laguiadepamplona.com\\\/actualidad\\\/comienzan-las-obras-para-cubrir-las-pistas-polideportivas-del-colegio-publico-ermitagana-con-una-inversion-de-713-372-euros\\\/#respond\"]}]},{\"@type\":\"WebPage\",\"@id\":\"https:\\\/\\\/www.laguiadepamplona.com\\\/actualidad\\\/comienzan-las-obras-para-cubrir-las-pistas-polideportivas-del-colegio-publico-ermitagana-con-una-inversion-de-713-372-euros\\\/\",\"url\":\"https:\\\/\\\/www.laguiadepamplona.com\\\/actualidad\\\/comienzan-las-obras-para-cubrir-las-pistas-polideportivas-del-colegio-publico-ermitagana-con-una-inversion-de-713-372-euros\\\/\",\"name\":\"Comienzan las obras para cubrir las pistas polideportivas del Colegio P\u00fablico Ermitaga\u00f1a, con una inversi\u00f3n de 713.372 euros\",\"isPartOf\":{\"@id\":\"https:\\\/\\\/www.laguiadepamplona.com\\\/actualidad\\\/#website\"},\"primaryImageOfPage\":{\"@id\":\"https:\\\/\\\/www.laguiadepamplona.com\\\/actualidad\\\/comienzan-las-obras-para-cubrir-las-pistas-polideportivas-del-colegio-publico-ermitagana-con-una-inversion-de-713-372-euros\\\/#primaryimage\"},\"image\":{\"@id\":\"https:\\\/\\\/www.laguiadepamplona.com\\\/actualidad\\\/comienzan-las-obras-para-cubrir-las-pistas-polideportivas-del-colegio-publico-ermitagana-con-una-inversion-de-713-372-euros\\\/#primaryimage\"},\"thumbnailUrl\":\"https:\\\/\\\/www.laguiadepamplona.com\\\/actualidad\\\/wp-content\\\/uploads\\\/2022\\\/01\\\/patio-colegio-ermitagana.jpg\",\"datePublished\":\"2022-01-28T16:12:31+00:00\",\"dateModified\":\"2023-04-11T09:48:34+00:00\",\"description\":\"En la intervenci\u00f3n se va a sustituir una parte del arbolado que se encuentra en mal estado, para adecuarlo al espacio\",\"breadcrumb\":{\"@id\":\"https:\\\/\\\/www.laguiadepamplona.com\\\/actualidad\\\/comienzan-las-obras-para-cubrir-las-pistas-polideportivas-del-colegio-publico-ermitagana-con-una-inversion-de-713-372-euros\\\/#breadcrumb\"},\"inLanguage\":\"es\",\"potentialAction\":[{\"@type\":\"ReadAction\",\"target\":[\"https:\\\/\\\/www.laguiadepamplona.com\\\/actualidad\\\/comienzan-las-obras-para-cubrir-las-pistas-polideportivas-del-colegio-publico-ermitagana-con-una-inversion-de-713-372-euros\\\/\"]}]},{\"@type\":\"ImageObject\",\"inLanguage\":\"es\",\"@id\":\"https:\\\/\\\/www.laguiadepamplona.com\\\/actualidad\\\/comienzan-las-obras-para-cubrir-las-pistas-polideportivas-del-colegio-publico-ermitagana-con-una-inversion-de-713-372-euros\\\/#primaryimage\",\"url\":\"https:\\\/\\\/www.laguiadepamplona.com\\\/actualidad\\\/wp-content\\\/uploads\\\/2022\\\/01\\\/patio-colegio-ermitagana.jpg\",\"contentUrl\":\"https:\\\/\\\/www.laguiadepamplona.com\\\/actualidad\\\/wp-content\\\/uploads\\\/2022\\\/01\\\/patio-colegio-ermitagana.jpg\",\"width\":600,\"height\":400},{\"@type\":\"BreadcrumbList\",\"@id\":\"https:\\\/\\\/www.laguiadepamplona.com\\\/actualidad\\\/comienzan-las-obras-para-cubrir-las-pistas-polideportivas-del-colegio-publico-ermitagana-con-una-inversion-de-713-372-euros\\\/#breadcrumb\",\"itemListElement\":[{\"@type\":\"ListItem\",\"position\":1,\"name\":\"Portada\",\"item\":\"https:\\\/\\\/www.laguiadepamplona.com\\\/actualidad\\\/\"},{\"@type\":\"ListItem\",\"position\":2,\"name\":\"Comienzan las obras para cubrir las pistas polideportivas del Colegio P\u00fablico Ermitaga\u00f1a, con una inversi\u00f3n de 713.372 euros\"}]},{\"@type\":\"WebSite\",\"@id\":\"https:\\\/\\\/www.laguiadepamplona.com\\\/actualidad\\\/#website\",\"url\":\"https:\\\/\\\/www.laguiadepamplona.com\\\/actualidad\\\/\",\"name\":\"La gu\u00eda de Pamplona\",\"description\":\"Noticias de Pamplona\",\"publisher\":{\"@id\":\"https:\\\/\\\/www.laguiadepamplona.com\\\/actualidad\\\/#organization\"},\"potentialAction\":[{\"@type\":\"SearchAction\",\"target\":{\"@type\":\"EntryPoint\",\"urlTemplate\":\"https:\\\/\\\/www.laguiadepamplona.com\\\/actualidad\\\/?s={search_term_string}\"},\"query-input\":{\"@type\":\"PropertyValueSpecification\",\"valueRequired\":true,\"valueName\":\"search_term_string\"}}],\"inLanguage\":\"es\"},{\"@type\":\"Organization\",\"@id\":\"https:\\\/\\\/www.laguiadepamplona.com\\\/actualidad\\\/#organization\",\"name\":\"La Gu\u00eda de Pamplona \\\/ Noticias\",\"url\":\"https:\\\/\\\/www.laguiadepamplona.com\\\/actualidad\\\/\",\"logo\":{\"@type\":\"ImageObject\",\"inLanguage\":\"es\",\"@id\":\"https:\\\/\\\/www.laguiadepamplona.com\\\/actualidad\\\/#\\\/schema\\\/logo\\\/image\\\/\",\"url\":\"https:\\\/\\\/www.laguiadepamplona.com\\\/actualidad\\\/wp-content\\\/uploads\\\/2018\\\/11\\\/logo-laguiadepamplona18-web1.png\",\"contentUrl\":\"https:\\\/\\\/www.laguiadepamplona.com\\\/actualidad\\\/wp-content\\\/uploads\\\/2018\\\/11\\\/logo-laguiadepamplona18-web1.png\",\"width\":600,\"height\":196,\"caption\":\"La Gu\u00eda de Pamplona \\\/ Noticias\"},\"image\":{\"@id\":\"https:\\\/\\\/www.laguiadepamplona.com\\\/actualidad\\\/#\\\/schema\\\/logo\\\/image\\\/\"},\"sameAs\":[\"https:\\\/\\\/www.facebook.com\\\/laguiadepamplonacom-133175176762273\\\/?ref=hl\",\"https:\\\/\\\/x.com\\\/LaGuiadPamplona\",\"https:\\\/\\\/www.instagram.com\\\/la_guia_de_pamplona\\\/\",\"https:\\\/\\\/www.youtube.com\\\/user\\\/laguiadepamplona\"]},{\"@type\":\"Person\",\"@id\":\"https:\\\/\\\/www.laguiadepamplona.com\\\/actualidad\\\/#\\\/schema\\\/person\\\/efe887376f0213d4657c93adc50b1fdb\",\"name\":\"La Gu\u00eda de Pamplona\",\"image\":{\"@type\":\"ImageObject\",\"inLanguage\":\"es\",\"@id\":\"https:\\\/\\\/secure.gravatar.com\\\/avatar\\\/b6992f131dc8d30ab0dff15446e9d346d9dbd95992de0fef795073f5ea83a81c?s=96&d=mm&r=g\",\"url\":\"https:\\\/\\\/secure.gravatar.com\\\/avatar\\\/b6992f131dc8d30ab0dff15446e9d346d9dbd95992de0fef795073f5ea83a81c?s=96&d=mm&r=g\",\"contentUrl\":\"https:\\\/\\\/secure.gravatar.com\\\/avatar\\\/b6992f131dc8d30ab0dff15446e9d346d9dbd95992de0fef795073f5ea83a81c?s=96&d=mm&r=g\",\"caption\":\"La Gu\u00eda de Pamplona\"}}]}<\/script>\n<!-- \/ Yoast SEO plugin. -->","yoast_head_json":{"title":"Comienzan las obras para cubrir las pistas polideportivas del Colegio P\u00fablico Ermitaga\u00f1a, con una inversi\u00f3n de 713.372 euros","description":"En la intervenci\u00f3n se va a sustituir una parte del arbolado que se encuentra en mal estado, para adecuarlo al espacio","robots":{"index":"index","follow":"follow","max-snippet":"max-snippet:-1","max-image-preview":"max-image-preview:large","max-video-preview":"max-video-preview:-1"},"canonical":"https:\/\/www.laguiadepamplona.com\/actualidad\/comienzan-las-obras-para-cubrir-las-pistas-polideportivas-del-colegio-publico-ermitagana-con-una-inversion-de-713-372-euros\/","og_locale":"es_ES","og_type":"article","og_title":"Comienzan las obras para cubrir las pistas polideportivas del Colegio P\u00fablico Ermitaga\u00f1a, con una inversi\u00f3n de 713.372 euros","og_description":"En la intervenci\u00f3n se va a sustituir una parte del arbolado que se encuentra en mal estado, para adecuarlo al espacio","og_url":"https:\/\/www.laguiadepamplona.com\/actualidad\/comienzan-las-obras-para-cubrir-las-pistas-polideportivas-del-colegio-publico-ermitagana-con-una-inversion-de-713-372-euros\/","og_site_name":"La Gu\u00eda de Pamplona","article_publisher":"https:\/\/www.facebook.com\/laguiadepamplonacom-133175176762273\/?ref=hl","article_published_time":"2022-01-28T16:12:31+00:00","article_modified_time":"2023-04-11T09:48:34+00:00","og_image":[{"width":600,"height":400,"url":"https:\/\/www.laguiadepamplona.com\/actualidad\/wp-content\/uploads\/2022\/01\/patio-colegio-ermitagana.jpg","type":"image\/jpeg"}],"author":"La Gu\u00eda de Pamplona","twitter_card":"summary_large_image","twitter_creator":"@LaGuiadPamplona","twitter_site":"@LaGuiadPamplona","twitter_misc":{"Escrito por":"La Gu\u00eda de Pamplona","Tiempo de lectura":"2 minutos"},"schema":{"@context":"https:\/\/schema.org","@graph":[{"@type":"Article","@id":"https:\/\/www.laguiadepamplona.com\/actualidad\/comienzan-las-obras-para-cubrir-las-pistas-polideportivas-del-colegio-publico-ermitagana-con-una-inversion-de-713-372-euros\/#article","isPartOf":{"@id":"https:\/\/www.laguiadepamplona.com\/actualidad\/comienzan-las-obras-para-cubrir-las-pistas-polideportivas-del-colegio-publico-ermitagana-con-una-inversion-de-713-372-euros\/"},"author":{"name":"La Gu\u00eda de Pamplona","@id":"https:\/\/www.laguiadepamplona.com\/actualidad\/#\/schema\/person\/efe887376f0213d4657c93adc50b1fdb"},"headline":"Comienzan las obras para cubrir las pistas polideportivas del Colegio P\u00fablico Ermitaga\u00f1a, con una inversi\u00f3n de 713.372 euros","datePublished":"2022-01-28T16:12:31+00:00","dateModified":"2023-04-11T09:48:34+00:00","mainEntityOfPage":{"@id":"https:\/\/www.laguiadepamplona.com\/actualidad\/comienzan-las-obras-para-cubrir-las-pistas-polideportivas-del-colegio-publico-ermitagana-con-una-inversion-de-713-372-euros\/"},"wordCount":299,"commentCount":0,"publisher":{"@id":"https:\/\/www.laguiadepamplona.com\/actualidad\/#organization"},"image":{"@id":"https:\/\/www.laguiadepamplona.com\/actualidad\/comienzan-las-obras-para-cubrir-las-pistas-polideportivas-del-colegio-publico-ermitagana-con-una-inversion-de-713-372-euros\/#primaryimage"},"thumbnailUrl":"https:\/\/www.laguiadepamplona.com\/actualidad\/wp-content\/uploads\/2022\/01\/patio-colegio-ermitagana.jpg","articleSection":["Ayto Pamplona"],"inLanguage":"es","potentialAction":[{"@type":"CommentAction","name":"Comment","target":["https:\/\/www.laguiadepamplona.com\/actualidad\/comienzan-las-obras-para-cubrir-las-pistas-polideportivas-del-colegio-publico-ermitagana-con-una-inversion-de-713-372-euros\/#respond"]}]},{"@type":"WebPage","@id":"https:\/\/www.laguiadepamplona.com\/actualidad\/comienzan-las-obras-para-cubrir-las-pistas-polideportivas-del-colegio-publico-ermitagana-con-una-inversion-de-713-372-euros\/","url":"https:\/\/www.laguiadepamplona.com\/actualidad\/comienzan-las-obras-para-cubrir-las-pistas-polideportivas-del-colegio-publico-ermitagana-con-una-inversion-de-713-372-euros\/","name":"Comienzan las obras para cubrir las pistas polideportivas del Colegio P\u00fablico Ermitaga\u00f1a, con una inversi\u00f3n de 713.372 euros","isPartOf":{"@id":"https:\/\/www.laguiadepamplona.com\/actualidad\/#website"},"primaryImageOfPage":{"@id":"https:\/\/www.laguiadepamplona.com\/actualidad\/comienzan-las-obras-para-cubrir-las-pistas-polideportivas-del-colegio-publico-ermitagana-con-una-inversion-de-713-372-euros\/#primaryimage"},"image":{"@id":"https:\/\/www.laguiadepamplona.com\/actualidad\/comienzan-las-obras-para-cubrir-las-pistas-polideportivas-del-colegio-publico-ermitagana-con-una-inversion-de-713-372-euros\/#primaryimage"},"thumbnailUrl":"https:\/\/www.laguiadepamplona.com\/actualidad\/wp-content\/uploads\/2022\/01\/patio-colegio-ermitagana.jpg","datePublished":"2022-01-28T16:12:31+00:00","dateModified":"2023-04-11T09:48:34+00:00","description":"En la intervenci\u00f3n se va a sustituir una parte del arbolado que se encuentra en mal estado, para adecuarlo al espacio","breadcrumb":{"@id":"https:\/\/www.laguiadepamplona.com\/actualidad\/comienzan-las-obras-para-cubrir-las-pistas-polideportivas-del-colegio-publico-ermitagana-con-una-inversion-de-713-372-euros\/#breadcrumb"},"inLanguage":"es","potentialAction":[{"@type":"ReadAction","target":["https:\/\/www.laguiadepamplona.com\/actualidad\/comienzan-las-obras-para-cubrir-las-pistas-polideportivas-del-colegio-publico-ermitagana-con-una-inversion-de-713-372-euros\/"]}]},{"@type":"ImageObject","inLanguage":"es","@id":"https:\/\/www.laguiadepamplona.com\/actualidad\/comienzan-las-obras-para-cubrir-las-pistas-polideportivas-del-colegio-publico-ermitagana-con-una-inversion-de-713-372-euros\/#primaryimage","url":"https:\/\/www.laguiadepamplona.com\/actualidad\/wp-content\/uploads\/2022\/01\/patio-colegio-ermitagana.jpg","contentUrl":"https:\/\/www.laguiadepamplona.com\/actualidad\/wp-content\/uploads\/2022\/01\/patio-colegio-ermitagana.jpg","width":600,"height":400},{"@type":"BreadcrumbList","@id":"https:\/\/www.laguiadepamplona.com\/actualidad\/comienzan-las-obras-para-cubrir-las-pistas-polideportivas-del-colegio-publico-ermitagana-con-una-inversion-de-713-372-euros\/#breadcrumb","itemListElement":[{"@type":"ListItem","position":1,"name":"Portada","item":"https:\/\/www.laguiadepamplona.com\/actualidad\/"},{"@type":"ListItem","position":2,"name":"Comienzan las obras para cubrir las pistas polideportivas del Colegio P\u00fablico Ermitaga\u00f1a, con una inversi\u00f3n de 713.372 euros"}]},{"@type":"WebSite","@id":"https:\/\/www.laguiadepamplona.com\/actualidad\/#website","url":"https:\/\/www.laguiadepamplona.com\/actualidad\/","name":"La gu\u00eda de Pamplona","description":"Noticias de Pamplona","publisher":{"@id":"https:\/\/www.laguiadepamplona.com\/actualidad\/#organization"},"potentialAction":[{"@type":"SearchAction","target":{"@type":"EntryPoint","urlTemplate":"https:\/\/www.laguiadepamplona.com\/actualidad\/?s={search_term_string}"},"query-input":{"@type":"PropertyValueSpecification","valueRequired":true,"valueName":"search_term_string"}}],"inLanguage":"es"},{"@type":"Organization","@id":"https:\/\/www.laguiadepamplona.com\/actualidad\/#organization","name":"La Gu\u00eda de Pamplona \/ Noticias","url":"https:\/\/www.laguiadepamplona.com\/actualidad\/","logo":{"@type":"ImageObject","inLanguage":"es","@id":"https:\/\/www.laguiadepamplona.com\/actualidad\/#\/schema\/logo\/image\/","url":"https:\/\/www.laguiadepamplona.com\/actualidad\/wp-content\/uploads\/2018\/11\/logo-laguiadepamplona18-web1.png","contentUrl":"https:\/\/www.laguiadepamplona.com\/actualidad\/wp-content\/uploads\/2018\/11\/logo-laguiadepamplona18-web1.png","width":600,"height":196,"caption":"La Gu\u00eda de Pamplona \/ Noticias"},"image":{"@id":"https:\/\/www.laguiadepamplona.com\/actualidad\/#\/schema\/logo\/image\/"},"sameAs":["https:\/\/www.facebook.com\/laguiadepamplonacom-133175176762273\/?ref=hl","https:\/\/x.com\/LaGuiadPamplona","https:\/\/www.instagram.com\/la_guia_de_pamplona\/","https:\/\/www.youtube.com\/user\/laguiadepamplona"]},{"@type":"Person","@id":"https:\/\/www.laguiadepamplona.com\/actualidad\/#\/schema\/person\/efe887376f0213d4657c93adc50b1fdb","name":"La Gu\u00eda de Pamplona","image":{"@type":"ImageObject","inLanguage":"es","@id":"https:\/\/secure.gravatar.com\/avatar\/b6992f131dc8d30ab0dff15446e9d346d9dbd95992de0fef795073f5ea83a81c?s=96&d=mm&r=g","url":"https:\/\/secure.gravatar.com\/avatar\/b6992f131dc8d30ab0dff15446e9d346d9dbd95992de0fef795073f5ea83a81c?s=96&d=mm&r=g","contentUrl":"https:\/\/secure.gravatar.com\/avatar\/b6992f131dc8d30ab0dff15446e9d346d9dbd95992de0fef795073f5ea83a81c?s=96&d=mm&r=g","caption":"La Gu\u00eda de Pamplona"}}]}},"post_mailing_queue_ids":[],"_links":{"self":[{"href":"https:\/\/www.laguiadepamplona.com\/actualidad\/wp-json\/wp\/v2\/posts\/38494","targetHints":{"allow":["GET"]}}],"collection":[{"href":"https:\/\/www.laguiadepamplona.com\/actualidad\/wp-json\/wp\/v2\/posts"}],"about":[{"href":"https:\/\/www.laguiadepamplona.com\/actualidad\/wp-json\/wp\/v2\/types\/post"}],"author":[{"embeddable":true,"href":"https:\/\/www.laguiadepamplona.com\/actualidad\/wp-json\/wp\/v2\/users\/1"}],"replies":[{"embeddable":true,"href":"https:\/\/www.laguiadepamplona.com\/actualidad\/wp-json\/wp\/v2\/comments?post=38494"}],"version-history":[{"count":0,"href":"https:\/\/www.laguiadepamplona.com\/actualidad\/wp-json\/wp\/v2\/posts\/38494\/revisions"}],"wp:featuredmedia":[{"embeddable":true,"href":"https:\/\/www.laguiadepamplona.com\/actualidad\/wp-json\/wp\/v2\/media\/38495"}],"wp:attachment":[{"href":"https:\/\/www.laguiadepamplona.com\/actualidad\/wp-json\/wp\/v2\/media?parent=38494"}],"wp:term":[{"taxonomy":"category","embeddable":true,"href":"https:\/\/www.laguiadepamplona.com\/actualidad\/wp-json\/wp\/v2\/categories?post=38494"},{"taxonomy":"post_tag","embeddable":true,"href":"https:\/\/www.laguiadepamplona.com\/actualidad\/wp-json\/wp\/v2\/tags?post=38494"}],"curies":[{"name":"wp","href":"https:\/\/api.w.org\/{rel}","templated":true}]}}