{"id":38296,"date":"2022-01-17T14:08:19","date_gmt":"2022-01-17T12:08:19","guid":{"rendered":"https:\/\/www.laguiadepamplona.com\/actualidad\/?p=38296"},"modified":"2023-04-11T11:48:36","modified_gmt":"2023-04-11T09:48:36","slug":"convocadas-las-ayudas-municipales-para-bonotaxi-que-proporcionan-un-medio-de-transporte-adaptado-a-las-personas-con-discapacidad-con-dificultades-de-acceso-al-transporte-colectivo","status":"publish","type":"post","link":"https:\/\/www.laguiadepamplona.com\/actualidad\/convocadas-las-ayudas-municipales-para-bonotaxi-que-proporcionan-un-medio-de-transporte-adaptado-a-las-personas-con-discapacidad-con-dificultades-de-acceso-al-transporte-colectivo\/","title":{"rendered":"Convocadas las ayudas municipales para bonotaxi, que proporcionan un medio de transporte adaptado a las personas con discapacidad con dificultades de acceso al transporte colectivo"},"content":{"rendered":"<h5>La convocatoria mantiene su cuant\u00eda en los 190.000 euros y cuenta con plazo de presentaci\u00f3n de solicitudes hasta el 31 de octubre<\/h5>\n<p><!--more--><\/p>\n<p>El Ayuntamiento de Pamplona ha convocado un a\u00f1o m\u00e1s las ayudas individuales destinadas a proporcionar, mediante la utilizaci\u00f3n de una tarjeta bonotaxi, un medio alternativo de transporte durante 2022 adaptado a personas con discapacidad con problemas en su movilidad. La convocatoria mantiene la cuant\u00eda de su presupuesto en 190.000 euros y cuenta con un plazo abierto de presentaci\u00f3n de solicitudes hasta el 31 de octubre.<\/p>\n<p>La finalidad de estas ayudas es favorecer el desplazamiento en la ciudad de las personas afectadas de dificultades de movilidad, para que puedan desarrollar una vida independiente y, en consecuencia, disfrutar de los mismos derechos en las mismas condiciones que el resto de la ciudadan\u00eda. La convocatoria est\u00e1 condicionada al desarrollo de la accesibilidad en los veh\u00edculos utilizados para el transporte p\u00fablico colectivo. La subvenci\u00f3n se concreta en una ayuda econ\u00f3mica, a trav\u00e9s de una tarjeta electr\u00f3nica, para ser utilizada por las personas beneficiarias en sus desplazamientos personales, haciendo uso del servicio p\u00fablico de taxi hasta el 31 de diciembre de este a\u00f1o.<\/p>\n<p>El bonotaxi es de uso personal e intransferible y se expide en forma de tarjeta monedero. Podr\u00e1 utilizarse en cualquier tipo de taxi adaptado y\/o accesible del servicio de taxi de la Comarca de Pamplona, cuya competencia corresponde a la Mancomunidad. Podr\u00e1 utilizarse en desplazamientos dentro del t\u00e9rmino municipal de Pamplona y para desplazamientos dentro del \u00e1rea interurbana del transporte p\u00fablico de la Comarca de Pamplona. La persona beneficiaria deber\u00e1 advertir con antelaci\u00f3n del uso de la tarjeta monedero. El \u00fanico cambio en la convocatoria tiene que ver con las cuant\u00edas en concepto de subvenci\u00f3n, que mantienen una duraci\u00f3n mensual, excepto en julio y agosto que, por cuestiones organizativas, ser\u00e1 bimensual.<br \/>\n<script async src=\"\/\/pagead2.googlesyndication.com\/pagead\/js\/adsbygoogle.js\"><\/script><br \/>\n<!-- Noticias La Guia de Pamplona --><br \/>\n<ins class=\"adsbygoogle\"\nstyle=\"display:block\"\ndata-ad-client=\"ca-pub-6943679897239327\"\ndata-ad-slot=\"7048180777\"\ndata-ad-format=\"auto\"><\/ins><br \/>\n<script>\n(adsbygoogle = window.adsbygoogle || []).push({});\n<\/script><\/p>\n<p><strong>Requisitos para las personas que quieran optar a estas ayudas<\/strong><\/p>\n<p>Las personas que quieran optar a estas ayudas deber\u00e1n estar empadronadas en Pamplona desde el 1 de enero de 2020 y permanecer de alta en el padr\u00f3n mientras se perciban. Deben <span style=\"text-decoration: line-through;\">estar afectadas<\/span> tener una discapacidad, en grado igual o superior al 33%, les dificulte gravemente el acceso a los transportes colectivos y as\u00ed se acredite en el Certificado Oficial de Discapacidad emitido por la Agencia Navarra para la Autonom\u00eda de las Personas (ANAP).<\/p>\n<p>Asimismo, no deben poseer carn\u00e9 de conducir, o habi\u00e9ndolo tenido, no encontrarse en condiciones f\u00edsicas para conducir a causa de la discapacidad. Ese hecho se debe acreditar mediante certificado m\u00e9dico. Tampoco deben poseer veh\u00edculo propio adaptado para la conducci\u00f3n por persona con discapacidad motora, en el supuesto de solicitantes mayores de 18 a\u00f1os.<\/p>\n<p>En cuestiones econ\u00f3micas, la unidad familiar de la persona solicitante no debe superar unos ingresos anuales relativos al \u00faltimo ejercicio declarado para el IRPF entre los 22.558,77 euros (3 veces el IPREM) en el caso de ser un \u00fanico miembro y de los 37.597,95 euros (5 veces el IPREM) en el caso de ser cinco miembros. La unidad familiar no puede superar tampoco un patrimonio superior a 150.000 euros, exceptuando el valor de su vivienda habitual. Se establecen en las bases de la convocatoria situaciones especiales debidas a acogimiento familiar, a dos personas con grave discapacidad en una misma unidad familiar o a enfermedad \/ patolog\u00eda de extrema gravedad.<br \/>\n<script async src=\"\/\/pagead2.googlesyndication.com\/pagead\/js\/adsbygoogle.js\"><\/script><br \/>\n<!-- Noticias La Guia de Pamplona --><br \/>\n<ins class=\"adsbygoogle\"\nstyle=\"display:block\"\ndata-ad-client=\"ca-pub-6943679897239327\"\ndata-ad-slot=\"7048180777\"\ndata-ad-format=\"auto\"><\/ins><br \/>\n<script>\n(adsbygoogle = window.adsbygoogle || []).push({});\n<\/script><\/p>\n<p><strong>Cuant\u00edas por persona solicitante<\/strong><\/p>\n<p>Las solicitudes se deben presentar en el Registro General del Ayuntamiento de Pamplona (c\/ Mayor 2, planta baja. Palacio del Condestable), en sus registros auxiliares o a trav\u00e9s de cualesquiera de los medios previstos en la Ley del Procedimiento Administrativo Com\u00fan de las Administraciones P\u00fablicas. Las solicitudes que hubieran resultado positivas en 2021 y hayan obtenido subvenci\u00f3n, ser\u00e1n v\u00e1lidas para el periodo comprendido entre el 1 de enero de 2022 y la resoluci\u00f3n de esta nueva convocatoria, siempre que presentan la nueva solicitud en el plazo de 15 d\u00edas naturales desde la publicaci\u00f3n en el BON. De no hacerlo, se les considerar\u00e1 nuevos solicitantes.<\/p>\n<p>La cuant\u00eda m\u00e1xima a conceder a cada persona beneficiaria se determina en funci\u00f3n de su calificaci\u00f3n respecto al baremo para medir la dificultad de acceso a los transportes colectivos establecido en el Real Decreto 1971\/1999, de 23 de diciembre, de procedimiento para el reconocimiento, declaraci\u00f3n y calificaci\u00f3n del grado de discapacidad. No podr\u00e1 superar los 103 euros al mes para los apartados A, B, C, o los 62 euros al mes para un m\u00ednimo de 7 puntos por los apartados D, E, F, G y H. En el caso de que la persona beneficiaria viva en un centro residencial, las cuant\u00edas no podr\u00e1n superar los 86 y los 52 euros, respectivamente.<\/p>\n<p>No obstante, se conceder\u00e1 un 25% adicional (hasta 129 o 78 euros al mes, respectivamente) si se acredita la necesidad diaria de utilizar el taxi para acudir a un centro de trabajo o a un centro de estudios de ense\u00f1anza reglada post-obligatoria (Bachillerato, FP, Universidad), siempre y cuando el centro no ofrezca la posibilidad de un medio de transporte adaptado o adecuado a este tipo de usuarios y usuarias. Se reducir\u00e1 un 10% la cuant\u00eda mensual m\u00e1xima, estableci\u00e9ndose en 93 y 56 euros, respectivamente, cuando las personas beneficiarias sean titulares de tarjeta de aparcamiento para personas con discapacidad. Esta reducci\u00f3n no afecta a quienes vivan en centros residenciales, estudien o trabajen.<br \/>\n<script async src=\"\/\/pagead2.googlesyndication.com\/pagead\/js\/adsbygoogle.js\"><\/script><br \/>\n<!-- Noticias La Guia de Pamplona --><br \/>\n<ins class=\"adsbygoogle\"\nstyle=\"display:block\"\ndata-ad-client=\"ca-pub-6943679897239327\"\ndata-ad-slot=\"7048180777\"\ndata-ad-format=\"auto\"><\/ins><br \/>\n<script>\n(adsbygoogle = window.adsbygoogle || []).push({});\n<\/script><\/p>\n<p>La informaci\u00f3n sobre esta convocatoria de ayudas de bonotaxi se public\u00f3 en el <a href=\"https:\/\/bon.navarra.es\/es\/anuncio\/-\/texto\/2022\/4\/22\" target=\"_blank\" rel=\"noopener\">Bolet\u00edn Oficial de Navarra n\u00ba 4 de 7 de enero<\/a>. Las bases se pueden tambi\u00e9n consultar en la <a href=\"https:\/\/sedeelectronica.pamplona.es\/FichaTramite.aspx?id=PL1000140&amp;idioma=1\" target=\"_blank\" rel=\"noopener\">Sede Electr\u00f3nica del Ayuntamiento de Pamplona<\/a>.<\/p>\n","protected":false},"excerpt":{"rendered":"<p>La convocatoria mantiene su cuant\u00eda en los 190.000 euros y cuenta con plazo de presentaci\u00f3n de solicitudes hasta el 31 de octubre<\/p>\n","protected":false},"author":1,"featured_media":32830,"comment_status":"open","ping_status":"closed","sticky":false,"template":"","format":"standard","meta":{"footnotes":""},"categories":[2],"tags":[],"class_list":["post-38296","post","type-post","status-publish","format-standard","has-post-thumbnail","hentry","category-ayuntamiento-pamplona"],"yoast_head":"<!-- This site is optimized with the Yoast SEO plugin v27.3 - https:\/\/yoast.com\/product\/yoast-seo-wordpress\/ -->\n<title>Convocadas las ayudas municipales para bonotaxi, que proporcionan un medio de transporte adaptado a las personas con discapacidad con dificultades de acceso al transporte colectivo<\/title>\n<meta name=\"description\" content=\"La convocatoria mantiene su cuant\u00eda en los 190.000 euros y cuenta con plazo de presentaci\u00f3n de solicitudes hasta el 31 de octubre\" \/>\n<meta name=\"robots\" content=\"index, follow, max-snippet:-1, max-image-preview:large, max-video-preview:-1\" \/>\n<link rel=\"canonical\" href=\"https:\/\/www.laguiadepamplona.com\/actualidad\/convocadas-las-ayudas-municipales-para-bonotaxi-que-proporcionan-un-medio-de-transporte-adaptado-a-las-personas-con-discapacidad-con-dificultades-de-acceso-al-transporte-colectivo\/\" \/>\n<meta property=\"og:locale\" content=\"es_ES\" \/>\n<meta property=\"og:type\" content=\"article\" \/>\n<meta property=\"og:title\" content=\"Convocadas las ayudas municipales para bonotaxi, que proporcionan un medio de transporte adaptado a las personas con discapacidad con dificultades de acceso al transporte colectivo\" \/>\n<meta property=\"og:description\" content=\"La convocatoria mantiene su cuant\u00eda en los 190.000 euros y cuenta con plazo de presentaci\u00f3n de solicitudes hasta el 31 de octubre\" \/>\n<meta property=\"og:url\" content=\"https:\/\/www.laguiadepamplona.com\/actualidad\/convocadas-las-ayudas-municipales-para-bonotaxi-que-proporcionan-un-medio-de-transporte-adaptado-a-las-personas-con-discapacidad-con-dificultades-de-acceso-al-transporte-colectivo\/\" \/>\n<meta property=\"og:site_name\" content=\"La Gu\u00eda de Pamplona\" \/>\n<meta property=\"article:publisher\" content=\"https:\/\/www.facebook.com\/laguiadepamplonacom-133175176762273\/?ref=hl\" \/>\n<meta property=\"article:published_time\" content=\"2022-01-17T12:08:19+00:00\" \/>\n<meta property=\"article:modified_time\" content=\"2023-04-11T09:48:36+00:00\" \/>\n<meta property=\"og:image\" content=\"https:\/\/www.laguiadepamplona.com\/actualidad\/wp-content\/uploads\/2021\/01\/bonotaxi-pamplona.jpg\" \/>\n\t<meta property=\"og:image:width\" content=\"1920\" \/>\n\t<meta property=\"og:image:height\" content=\"1080\" \/>\n\t<meta property=\"og:image:type\" content=\"image\/jpeg\" \/>\n<meta name=\"author\" content=\"La Gu\u00eda de Pamplona\" \/>\n<meta name=\"twitter:card\" content=\"summary_large_image\" \/>\n<meta name=\"twitter:creator\" content=\"@LaGuiadPamplona\" \/>\n<meta name=\"twitter:site\" content=\"@LaGuiadPamplona\" \/>\n<meta name=\"twitter:label1\" content=\"Escrito por\" \/>\n\t<meta name=\"twitter:data1\" content=\"La Gu\u00eda de Pamplona\" \/>\n\t<meta name=\"twitter:label2\" content=\"Tiempo de lectura\" \/>\n\t<meta name=\"twitter:data2\" content=\"5 minutos\" \/>\n<script type=\"application\/ld+json\" class=\"yoast-schema-graph\">{\"@context\":\"https:\\\/\\\/schema.org\",\"@graph\":[{\"@type\":\"Article\",\"@id\":\"https:\\\/\\\/www.laguiadepamplona.com\\\/actualidad\\\/convocadas-las-ayudas-municipales-para-bonotaxi-que-proporcionan-un-medio-de-transporte-adaptado-a-las-personas-con-discapacidad-con-dificultades-de-acceso-al-transporte-colectivo\\\/#article\",\"isPartOf\":{\"@id\":\"https:\\\/\\\/www.laguiadepamplona.com\\\/actualidad\\\/convocadas-las-ayudas-municipales-para-bonotaxi-que-proporcionan-un-medio-de-transporte-adaptado-a-las-personas-con-discapacidad-con-dificultades-de-acceso-al-transporte-colectivo\\\/\"},\"author\":{\"name\":\"La Gu\u00eda de Pamplona\",\"@id\":\"https:\\\/\\\/www.laguiadepamplona.com\\\/actualidad\\\/#\\\/schema\\\/person\\\/efe887376f0213d4657c93adc50b1fdb\"},\"headline\":\"Convocadas las ayudas municipales para bonotaxi, que proporcionan un medio de transporte adaptado a las personas con discapacidad con dificultades de acceso al transporte colectivo\",\"datePublished\":\"2022-01-17T12:08:19+00:00\",\"dateModified\":\"2023-04-11T09:48:36+00:00\",\"mainEntityOfPage\":{\"@id\":\"https:\\\/\\\/www.laguiadepamplona.com\\\/actualidad\\\/convocadas-las-ayudas-municipales-para-bonotaxi-que-proporcionan-un-medio-de-transporte-adaptado-a-las-personas-con-discapacidad-con-dificultades-de-acceso-al-transporte-colectivo\\\/\"},\"wordCount\":965,\"commentCount\":0,\"publisher\":{\"@id\":\"https:\\\/\\\/www.laguiadepamplona.com\\\/actualidad\\\/#organization\"},\"image\":{\"@id\":\"https:\\\/\\\/www.laguiadepamplona.com\\\/actualidad\\\/convocadas-las-ayudas-municipales-para-bonotaxi-que-proporcionan-un-medio-de-transporte-adaptado-a-las-personas-con-discapacidad-con-dificultades-de-acceso-al-transporte-colectivo\\\/#primaryimage\"},\"thumbnailUrl\":\"https:\\\/\\\/www.laguiadepamplona.com\\\/actualidad\\\/wp-content\\\/uploads\\\/2021\\\/01\\\/bonotaxi-pamplona.jpg\",\"articleSection\":[\"Ayto Pamplona\"],\"inLanguage\":\"es\",\"potentialAction\":[{\"@type\":\"CommentAction\",\"name\":\"Comment\",\"target\":[\"https:\\\/\\\/www.laguiadepamplona.com\\\/actualidad\\\/convocadas-las-ayudas-municipales-para-bonotaxi-que-proporcionan-un-medio-de-transporte-adaptado-a-las-personas-con-discapacidad-con-dificultades-de-acceso-al-transporte-colectivo\\\/#respond\"]}]},{\"@type\":\"WebPage\",\"@id\":\"https:\\\/\\\/www.laguiadepamplona.com\\\/actualidad\\\/convocadas-las-ayudas-municipales-para-bonotaxi-que-proporcionan-un-medio-de-transporte-adaptado-a-las-personas-con-discapacidad-con-dificultades-de-acceso-al-transporte-colectivo\\\/\",\"url\":\"https:\\\/\\\/www.laguiadepamplona.com\\\/actualidad\\\/convocadas-las-ayudas-municipales-para-bonotaxi-que-proporcionan-un-medio-de-transporte-adaptado-a-las-personas-con-discapacidad-con-dificultades-de-acceso-al-transporte-colectivo\\\/\",\"name\":\"Convocadas las ayudas municipales para bonotaxi, que proporcionan un medio de transporte adaptado a las personas con discapacidad con dificultades de acceso al transporte colectivo\",\"isPartOf\":{\"@id\":\"https:\\\/\\\/www.laguiadepamplona.com\\\/actualidad\\\/#website\"},\"primaryImageOfPage\":{\"@id\":\"https:\\\/\\\/www.laguiadepamplona.com\\\/actualidad\\\/convocadas-las-ayudas-municipales-para-bonotaxi-que-proporcionan-un-medio-de-transporte-adaptado-a-las-personas-con-discapacidad-con-dificultades-de-acceso-al-transporte-colectivo\\\/#primaryimage\"},\"image\":{\"@id\":\"https:\\\/\\\/www.laguiadepamplona.com\\\/actualidad\\\/convocadas-las-ayudas-municipales-para-bonotaxi-que-proporcionan-un-medio-de-transporte-adaptado-a-las-personas-con-discapacidad-con-dificultades-de-acceso-al-transporte-colectivo\\\/#primaryimage\"},\"thumbnailUrl\":\"https:\\\/\\\/www.laguiadepamplona.com\\\/actualidad\\\/wp-content\\\/uploads\\\/2021\\\/01\\\/bonotaxi-pamplona.jpg\",\"datePublished\":\"2022-01-17T12:08:19+00:00\",\"dateModified\":\"2023-04-11T09:48:36+00:00\",\"description\":\"La convocatoria mantiene su cuant\u00eda en los 190.000 euros y cuenta con plazo de presentaci\u00f3n de solicitudes hasta el 31 de octubre\",\"breadcrumb\":{\"@id\":\"https:\\\/\\\/www.laguiadepamplona.com\\\/actualidad\\\/convocadas-las-ayudas-municipales-para-bonotaxi-que-proporcionan-un-medio-de-transporte-adaptado-a-las-personas-con-discapacidad-con-dificultades-de-acceso-al-transporte-colectivo\\\/#breadcrumb\"},\"inLanguage\":\"es\",\"potentialAction\":[{\"@type\":\"ReadAction\",\"target\":[\"https:\\\/\\\/www.laguiadepamplona.com\\\/actualidad\\\/convocadas-las-ayudas-municipales-para-bonotaxi-que-proporcionan-un-medio-de-transporte-adaptado-a-las-personas-con-discapacidad-con-dificultades-de-acceso-al-transporte-colectivo\\\/\"]}]},{\"@type\":\"ImageObject\",\"inLanguage\":\"es\",\"@id\":\"https:\\\/\\\/www.laguiadepamplona.com\\\/actualidad\\\/convocadas-las-ayudas-municipales-para-bonotaxi-que-proporcionan-un-medio-de-transporte-adaptado-a-las-personas-con-discapacidad-con-dificultades-de-acceso-al-transporte-colectivo\\\/#primaryimage\",\"url\":\"https:\\\/\\\/www.laguiadepamplona.com\\\/actualidad\\\/wp-content\\\/uploads\\\/2021\\\/01\\\/bonotaxi-pamplona.jpg\",\"contentUrl\":\"https:\\\/\\\/www.laguiadepamplona.com\\\/actualidad\\\/wp-content\\\/uploads\\\/2021\\\/01\\\/bonotaxi-pamplona.jpg\",\"width\":1920,\"height\":1080},{\"@type\":\"BreadcrumbList\",\"@id\":\"https:\\\/\\\/www.laguiadepamplona.com\\\/actualidad\\\/convocadas-las-ayudas-municipales-para-bonotaxi-que-proporcionan-un-medio-de-transporte-adaptado-a-las-personas-con-discapacidad-con-dificultades-de-acceso-al-transporte-colectivo\\\/#breadcrumb\",\"itemListElement\":[{\"@type\":\"ListItem\",\"position\":1,\"name\":\"Portada\",\"item\":\"https:\\\/\\\/www.laguiadepamplona.com\\\/actualidad\\\/\"},{\"@type\":\"ListItem\",\"position\":2,\"name\":\"Convocadas las ayudas municipales para bonotaxi, que proporcionan un medio de transporte adaptado a las personas con discapacidad con dificultades de acceso al transporte colectivo\"}]},{\"@type\":\"WebSite\",\"@id\":\"https:\\\/\\\/www.laguiadepamplona.com\\\/actualidad\\\/#website\",\"url\":\"https:\\\/\\\/www.laguiadepamplona.com\\\/actualidad\\\/\",\"name\":\"La gu\u00eda de Pamplona\",\"description\":\"Noticias de Pamplona\",\"publisher\":{\"@id\":\"https:\\\/\\\/www.laguiadepamplona.com\\\/actualidad\\\/#organization\"},\"potentialAction\":[{\"@type\":\"SearchAction\",\"target\":{\"@type\":\"EntryPoint\",\"urlTemplate\":\"https:\\\/\\\/www.laguiadepamplona.com\\\/actualidad\\\/?s={search_term_string}\"},\"query-input\":{\"@type\":\"PropertyValueSpecification\",\"valueRequired\":true,\"valueName\":\"search_term_string\"}}],\"inLanguage\":\"es\"},{\"@type\":\"Organization\",\"@id\":\"https:\\\/\\\/www.laguiadepamplona.com\\\/actualidad\\\/#organization\",\"name\":\"La Gu\u00eda de Pamplona \\\/ Noticias\",\"url\":\"https:\\\/\\\/www.laguiadepamplona.com\\\/actualidad\\\/\",\"logo\":{\"@type\":\"ImageObject\",\"inLanguage\":\"es\",\"@id\":\"https:\\\/\\\/www.laguiadepamplona.com\\\/actualidad\\\/#\\\/schema\\\/logo\\\/image\\\/\",\"url\":\"https:\\\/\\\/www.laguiadepamplona.com\\\/actualidad\\\/wp-content\\\/uploads\\\/2018\\\/11\\\/logo-laguiadepamplona18-web1.png\",\"contentUrl\":\"https:\\\/\\\/www.laguiadepamplona.com\\\/actualidad\\\/wp-content\\\/uploads\\\/2018\\\/11\\\/logo-laguiadepamplona18-web1.png\",\"width\":600,\"height\":196,\"caption\":\"La Gu\u00eda de Pamplona \\\/ Noticias\"},\"image\":{\"@id\":\"https:\\\/\\\/www.laguiadepamplona.com\\\/actualidad\\\/#\\\/schema\\\/logo\\\/image\\\/\"},\"sameAs\":[\"https:\\\/\\\/www.facebook.com\\\/laguiadepamplonacom-133175176762273\\\/?ref=hl\",\"https:\\\/\\\/x.com\\\/LaGuiadPamplona\",\"https:\\\/\\\/www.instagram.com\\\/la_guia_de_pamplona\\\/\",\"https:\\\/\\\/www.youtube.com\\\/user\\\/laguiadepamplona\"]},{\"@type\":\"Person\",\"@id\":\"https:\\\/\\\/www.laguiadepamplona.com\\\/actualidad\\\/#\\\/schema\\\/person\\\/efe887376f0213d4657c93adc50b1fdb\",\"name\":\"La Gu\u00eda de Pamplona\",\"image\":{\"@type\":\"ImageObject\",\"inLanguage\":\"es\",\"@id\":\"https:\\\/\\\/secure.gravatar.com\\\/avatar\\\/b6992f131dc8d30ab0dff15446e9d346d9dbd95992de0fef795073f5ea83a81c?s=96&d=mm&r=g\",\"url\":\"https:\\\/\\\/secure.gravatar.com\\\/avatar\\\/b6992f131dc8d30ab0dff15446e9d346d9dbd95992de0fef795073f5ea83a81c?s=96&d=mm&r=g\",\"contentUrl\":\"https:\\\/\\\/secure.gravatar.com\\\/avatar\\\/b6992f131dc8d30ab0dff15446e9d346d9dbd95992de0fef795073f5ea83a81c?s=96&d=mm&r=g\",\"caption\":\"La Gu\u00eda de Pamplona\"}}]}<\/script>\n<!-- \/ Yoast SEO plugin. -->","yoast_head_json":{"title":"Convocadas las ayudas municipales para bonotaxi, que proporcionan un medio de transporte adaptado a las personas con discapacidad con dificultades de acceso al transporte colectivo","description":"La convocatoria mantiene su cuant\u00eda en los 190.000 euros y cuenta con plazo de presentaci\u00f3n de solicitudes hasta el 31 de octubre","robots":{"index":"index","follow":"follow","max-snippet":"max-snippet:-1","max-image-preview":"max-image-preview:large","max-video-preview":"max-video-preview:-1"},"canonical":"https:\/\/www.laguiadepamplona.com\/actualidad\/convocadas-las-ayudas-municipales-para-bonotaxi-que-proporcionan-un-medio-de-transporte-adaptado-a-las-personas-con-discapacidad-con-dificultades-de-acceso-al-transporte-colectivo\/","og_locale":"es_ES","og_type":"article","og_title":"Convocadas las ayudas municipales para bonotaxi, que proporcionan un medio de transporte adaptado a las personas con discapacidad con dificultades de acceso al transporte colectivo","og_description":"La convocatoria mantiene su cuant\u00eda en los 190.000 euros y cuenta con plazo de presentaci\u00f3n de solicitudes hasta el 31 de octubre","og_url":"https:\/\/www.laguiadepamplona.com\/actualidad\/convocadas-las-ayudas-municipales-para-bonotaxi-que-proporcionan-un-medio-de-transporte-adaptado-a-las-personas-con-discapacidad-con-dificultades-de-acceso-al-transporte-colectivo\/","og_site_name":"La Gu\u00eda de Pamplona","article_publisher":"https:\/\/www.facebook.com\/laguiadepamplonacom-133175176762273\/?ref=hl","article_published_time":"2022-01-17T12:08:19+00:00","article_modified_time":"2023-04-11T09:48:36+00:00","og_image":[{"width":1920,"height":1080,"url":"https:\/\/www.laguiadepamplona.com\/actualidad\/wp-content\/uploads\/2021\/01\/bonotaxi-pamplona.jpg","type":"image\/jpeg"}],"author":"La Gu\u00eda de Pamplona","twitter_card":"summary_large_image","twitter_creator":"@LaGuiadPamplona","twitter_site":"@LaGuiadPamplona","twitter_misc":{"Escrito por":"La Gu\u00eda de Pamplona","Tiempo de lectura":"5 minutos"},"schema":{"@context":"https:\/\/schema.org","@graph":[{"@type":"Article","@id":"https:\/\/www.laguiadepamplona.com\/actualidad\/convocadas-las-ayudas-municipales-para-bonotaxi-que-proporcionan-un-medio-de-transporte-adaptado-a-las-personas-con-discapacidad-con-dificultades-de-acceso-al-transporte-colectivo\/#article","isPartOf":{"@id":"https:\/\/www.laguiadepamplona.com\/actualidad\/convocadas-las-ayudas-municipales-para-bonotaxi-que-proporcionan-un-medio-de-transporte-adaptado-a-las-personas-con-discapacidad-con-dificultades-de-acceso-al-transporte-colectivo\/"},"author":{"name":"La Gu\u00eda de Pamplona","@id":"https:\/\/www.laguiadepamplona.com\/actualidad\/#\/schema\/person\/efe887376f0213d4657c93adc50b1fdb"},"headline":"Convocadas las ayudas municipales para bonotaxi, que proporcionan un medio de transporte adaptado a las personas con discapacidad con dificultades de acceso al transporte colectivo","datePublished":"2022-01-17T12:08:19+00:00","dateModified":"2023-04-11T09:48:36+00:00","mainEntityOfPage":{"@id":"https:\/\/www.laguiadepamplona.com\/actualidad\/convocadas-las-ayudas-municipales-para-bonotaxi-que-proporcionan-un-medio-de-transporte-adaptado-a-las-personas-con-discapacidad-con-dificultades-de-acceso-al-transporte-colectivo\/"},"wordCount":965,"commentCount":0,"publisher":{"@id":"https:\/\/www.laguiadepamplona.com\/actualidad\/#organization"},"image":{"@id":"https:\/\/www.laguiadepamplona.com\/actualidad\/convocadas-las-ayudas-municipales-para-bonotaxi-que-proporcionan-un-medio-de-transporte-adaptado-a-las-personas-con-discapacidad-con-dificultades-de-acceso-al-transporte-colectivo\/#primaryimage"},"thumbnailUrl":"https:\/\/www.laguiadepamplona.com\/actualidad\/wp-content\/uploads\/2021\/01\/bonotaxi-pamplona.jpg","articleSection":["Ayto Pamplona"],"inLanguage":"es","potentialAction":[{"@type":"CommentAction","name":"Comment","target":["https:\/\/www.laguiadepamplona.com\/actualidad\/convocadas-las-ayudas-municipales-para-bonotaxi-que-proporcionan-un-medio-de-transporte-adaptado-a-las-personas-con-discapacidad-con-dificultades-de-acceso-al-transporte-colectivo\/#respond"]}]},{"@type":"WebPage","@id":"https:\/\/www.laguiadepamplona.com\/actualidad\/convocadas-las-ayudas-municipales-para-bonotaxi-que-proporcionan-un-medio-de-transporte-adaptado-a-las-personas-con-discapacidad-con-dificultades-de-acceso-al-transporte-colectivo\/","url":"https:\/\/www.laguiadepamplona.com\/actualidad\/convocadas-las-ayudas-municipales-para-bonotaxi-que-proporcionan-un-medio-de-transporte-adaptado-a-las-personas-con-discapacidad-con-dificultades-de-acceso-al-transporte-colectivo\/","name":"Convocadas las ayudas municipales para bonotaxi, que proporcionan un medio de transporte adaptado a las personas con discapacidad con dificultades de acceso al transporte colectivo","isPartOf":{"@id":"https:\/\/www.laguiadepamplona.com\/actualidad\/#website"},"primaryImageOfPage":{"@id":"https:\/\/www.laguiadepamplona.com\/actualidad\/convocadas-las-ayudas-municipales-para-bonotaxi-que-proporcionan-un-medio-de-transporte-adaptado-a-las-personas-con-discapacidad-con-dificultades-de-acceso-al-transporte-colectivo\/#primaryimage"},"image":{"@id":"https:\/\/www.laguiadepamplona.com\/actualidad\/convocadas-las-ayudas-municipales-para-bonotaxi-que-proporcionan-un-medio-de-transporte-adaptado-a-las-personas-con-discapacidad-con-dificultades-de-acceso-al-transporte-colectivo\/#primaryimage"},"thumbnailUrl":"https:\/\/www.laguiadepamplona.com\/actualidad\/wp-content\/uploads\/2021\/01\/bonotaxi-pamplona.jpg","datePublished":"2022-01-17T12:08:19+00:00","dateModified":"2023-04-11T09:48:36+00:00","description":"La convocatoria mantiene su cuant\u00eda en los 190.000 euros y cuenta con plazo de presentaci\u00f3n de solicitudes hasta el 31 de octubre","breadcrumb":{"@id":"https:\/\/www.laguiadepamplona.com\/actualidad\/convocadas-las-ayudas-municipales-para-bonotaxi-que-proporcionan-un-medio-de-transporte-adaptado-a-las-personas-con-discapacidad-con-dificultades-de-acceso-al-transporte-colectivo\/#breadcrumb"},"inLanguage":"es","potentialAction":[{"@type":"ReadAction","target":["https:\/\/www.laguiadepamplona.com\/actualidad\/convocadas-las-ayudas-municipales-para-bonotaxi-que-proporcionan-un-medio-de-transporte-adaptado-a-las-personas-con-discapacidad-con-dificultades-de-acceso-al-transporte-colectivo\/"]}]},{"@type":"ImageObject","inLanguage":"es","@id":"https:\/\/www.laguiadepamplona.com\/actualidad\/convocadas-las-ayudas-municipales-para-bonotaxi-que-proporcionan-un-medio-de-transporte-adaptado-a-las-personas-con-discapacidad-con-dificultades-de-acceso-al-transporte-colectivo\/#primaryimage","url":"https:\/\/www.laguiadepamplona.com\/actualidad\/wp-content\/uploads\/2021\/01\/bonotaxi-pamplona.jpg","contentUrl":"https:\/\/www.laguiadepamplona.com\/actualidad\/wp-content\/uploads\/2021\/01\/bonotaxi-pamplona.jpg","width":1920,"height":1080},{"@type":"BreadcrumbList","@id":"https:\/\/www.laguiadepamplona.com\/actualidad\/convocadas-las-ayudas-municipales-para-bonotaxi-que-proporcionan-un-medio-de-transporte-adaptado-a-las-personas-con-discapacidad-con-dificultades-de-acceso-al-transporte-colectivo\/#breadcrumb","itemListElement":[{"@type":"ListItem","position":1,"name":"Portada","item":"https:\/\/www.laguiadepamplona.com\/actualidad\/"},{"@type":"ListItem","position":2,"name":"Convocadas las ayudas municipales para bonotaxi, que proporcionan un medio de transporte adaptado a las personas con discapacidad con dificultades de acceso al transporte colectivo"}]},{"@type":"WebSite","@id":"https:\/\/www.laguiadepamplona.com\/actualidad\/#website","url":"https:\/\/www.laguiadepamplona.com\/actualidad\/","name":"La gu\u00eda de Pamplona","description":"Noticias de Pamplona","publisher":{"@id":"https:\/\/www.laguiadepamplona.com\/actualidad\/#organization"},"potentialAction":[{"@type":"SearchAction","target":{"@type":"EntryPoint","urlTemplate":"https:\/\/www.laguiadepamplona.com\/actualidad\/?s={search_term_string}"},"query-input":{"@type":"PropertyValueSpecification","valueRequired":true,"valueName":"search_term_string"}}],"inLanguage":"es"},{"@type":"Organization","@id":"https:\/\/www.laguiadepamplona.com\/actualidad\/#organization","name":"La Gu\u00eda de Pamplona \/ Noticias","url":"https:\/\/www.laguiadepamplona.com\/actualidad\/","logo":{"@type":"ImageObject","inLanguage":"es","@id":"https:\/\/www.laguiadepamplona.com\/actualidad\/#\/schema\/logo\/image\/","url":"https:\/\/www.laguiadepamplona.com\/actualidad\/wp-content\/uploads\/2018\/11\/logo-laguiadepamplona18-web1.png","contentUrl":"https:\/\/www.laguiadepamplona.com\/actualidad\/wp-content\/uploads\/2018\/11\/logo-laguiadepamplona18-web1.png","width":600,"height":196,"caption":"La Gu\u00eda de Pamplona \/ Noticias"},"image":{"@id":"https:\/\/www.laguiadepamplona.com\/actualidad\/#\/schema\/logo\/image\/"},"sameAs":["https:\/\/www.facebook.com\/laguiadepamplonacom-133175176762273\/?ref=hl","https:\/\/x.com\/LaGuiadPamplona","https:\/\/www.instagram.com\/la_guia_de_pamplona\/","https:\/\/www.youtube.com\/user\/laguiadepamplona"]},{"@type":"Person","@id":"https:\/\/www.laguiadepamplona.com\/actualidad\/#\/schema\/person\/efe887376f0213d4657c93adc50b1fdb","name":"La Gu\u00eda de Pamplona","image":{"@type":"ImageObject","inLanguage":"es","@id":"https:\/\/secure.gravatar.com\/avatar\/b6992f131dc8d30ab0dff15446e9d346d9dbd95992de0fef795073f5ea83a81c?s=96&d=mm&r=g","url":"https:\/\/secure.gravatar.com\/avatar\/b6992f131dc8d30ab0dff15446e9d346d9dbd95992de0fef795073f5ea83a81c?s=96&d=mm&r=g","contentUrl":"https:\/\/secure.gravatar.com\/avatar\/b6992f131dc8d30ab0dff15446e9d346d9dbd95992de0fef795073f5ea83a81c?s=96&d=mm&r=g","caption":"La Gu\u00eda de Pamplona"}}]}},"post_mailing_queue_ids":[],"_links":{"self":[{"href":"https:\/\/www.laguiadepamplona.com\/actualidad\/wp-json\/wp\/v2\/posts\/38296","targetHints":{"allow":["GET"]}}],"collection":[{"href":"https:\/\/www.laguiadepamplona.com\/actualidad\/wp-json\/wp\/v2\/posts"}],"about":[{"href":"https:\/\/www.laguiadepamplona.com\/actualidad\/wp-json\/wp\/v2\/types\/post"}],"author":[{"embeddable":true,"href":"https:\/\/www.laguiadepamplona.com\/actualidad\/wp-json\/wp\/v2\/users\/1"}],"replies":[{"embeddable":true,"href":"https:\/\/www.laguiadepamplona.com\/actualidad\/wp-json\/wp\/v2\/comments?post=38296"}],"version-history":[{"count":0,"href":"https:\/\/www.laguiadepamplona.com\/actualidad\/wp-json\/wp\/v2\/posts\/38296\/revisions"}],"wp:featuredmedia":[{"embeddable":true,"href":"https:\/\/www.laguiadepamplona.com\/actualidad\/wp-json\/wp\/v2\/media\/32830"}],"wp:attachment":[{"href":"https:\/\/www.laguiadepamplona.com\/actualidad\/wp-json\/wp\/v2\/media?parent=38296"}],"wp:term":[{"taxonomy":"category","embeddable":true,"href":"https:\/\/www.laguiadepamplona.com\/actualidad\/wp-json\/wp\/v2\/categories?post=38296"},{"taxonomy":"post_tag","embeddable":true,"href":"https:\/\/www.laguiadepamplona.com\/actualidad\/wp-json\/wp\/v2\/tags?post=38296"}],"curies":[{"name":"wp","href":"https:\/\/api.w.org\/{rel}","templated":true}]}}