{"id":38241,"date":"2022-01-11T17:24:36","date_gmt":"2022-01-11T15:24:36","guid":{"rendered":"https:\/\/www.laguiadepamplona.com\/actualidad\/?p=38241"},"modified":"2023-04-11T11:48:36","modified_gmt":"2023-04-11T09:48:36","slug":"manana-miercoles-comienza-en-civivox-iturrama-el-festival-danz-con-espectaculos-de-danza-contemporanea-un-taller-de-mediacion-coreografica-y-una-mesa-redonda","status":"publish","type":"post","link":"https:\/\/www.laguiadepamplona.com\/actualidad\/manana-miercoles-comienza-en-civivox-iturrama-el-festival-danz-con-espectaculos-de-danza-contemporanea-un-taller-de-mediacion-coreografica-y-una-mesa-redonda\/","title":{"rendered":"Ma\u00f1ana mi\u00e9rcoles comienza en Civivox Iturrama el festival DanZ, con espect\u00e1culos de danza contempor\u00e1nea, un taller de mediaci\u00f3n coreogr\u00e1fica y una mesa redonda"},"content":{"rendered":"<h5>Los espect\u00e1culos tienen entradas a la venta al precio de 3 euros, que se pueden adquirir en el 010, la red Civivox y <a href=\"http:\/\/www.pamplonaescultura.es\" target=\"_blank\" rel=\"noopener\">www.pamplonaescultura.es<\/a><\/h5>\n<p><!--more--><\/p>\n<p>\u2018Danz. Espacio de danza\u2019 es un festival de danza contempor\u00e1nea, de exhibici\u00f3n, encuentro y reflexi\u00f3n, que se desarrollar\u00e1 del 12 al 26 de enero en Civivox Iturrama. Cinco funciones presentar\u00e1n los proyectos de La Faktoria Choreographic Center, de la compa\u00f1\u00eda de danza Nishelma y de Teatro Para\u00edso, esta \u00faltima dirigida a menores de 2 a 4 a\u00f1os. Adem\u00e1s, se han organizado un taller de mediaci\u00f3n coreogr\u00e1fica y un encuentro \u2013 mesa redonda sobre la danza como profesi\u00f3n. En esta edici\u00f3n, m\u00e1s all\u00e1 de la habitual colaboraci\u00f3n con colectivos de danza como La Faktoria, el programa da un nuevo paso abriendo una l\u00ednea colaborativa con la Red ATALAK (Red Transfronteriza de Creaci\u00f3n Coreogr\u00e1fica) y Dantzaz.<\/p>\n<p>Ma\u00f1ana mi\u00e9rcoles y el pr\u00f3ximo 19 de enero el elenco de artistas de La Faktoria Choreographic Center presentar\u00e1 sus \u2018Procesos de creaci\u00f3n (Cara B). Generaci\u00f3n 4\u2019, a partir de las 19.30 horas. El precio de la entrada es de 3 euros y se pueden adquirir a trav\u00e9s del 010, la red Civivox y la web <a href=\"http:\/\/www.pamplonaescultura.es\" target=\"_blank\" rel=\"noopener\">www.pamplonaescultura.es<\/a>. A modo de bocetos, en esta velada se quiere acercar a la ciudadan\u00eda el proceso creativo, ese momento fr\u00e1gil y m\u00e1gico en el que emerge una idea. Lejos de ser una obra terminada, trata de una serie de propuestas en proceso de trabajo abiertas a ser cuestionadas, comentadas y por supuesto compartidas. El alumnado internacional que proviene de diversas culturas mostrar\u00e1 sus investigaciones y creaciones, en solos y grupos, abriendo un espacio para dialogar con el p\u00fablico. Cada propuesta, de entre 5 y 15 minutos de duraci\u00f3n, plantea un universo propio, abriendo un amplio abanico de l\u00edneas art\u00edsticas con la danza contempor\u00e1nea como eje.<br \/>\n<script async src=\"\/\/pagead2.googlesyndication.com\/pagead\/js\/adsbygoogle.js\"><\/script><br \/>\n<!-- Noticias La Guia de Pamplona --><br \/>\n<ins class=\"adsbygoogle\"\nstyle=\"display:block\"\ndata-ad-client=\"ca-pub-6943679897239327\"\ndata-ad-slot=\"7048180777\"\ndata-ad-format=\"auto\"><\/ins><br \/>\n<script>\n(adsbygoogle = window.adsbygoogle || []).push({});\n<\/script><\/p>\n<p>El jueves 20 de enero, a las 19.30 horas, la compa\u00f1\u00eda de danza Nishelma propone \u2018(D) Formadxs\u2019. Este proyecto surge como respuesta a la cuesti\u00f3n de si conocemos realmente nuestros cuerpos o aceptamos la identidad que nos hemos\/han otorgado. La obra presenta un \u2018ser disidente\u2019 que experimentar\u00e1 a lo largo de su recorrido y desarrollo una construcci\u00f3n de s\u00ed mismo. En el proceso de creaci\u00f3n y la puesta en escena se trabaja desde la introspecci\u00f3n del movimiento, utilizando din\u00e1micas de improvisaci\u00f3n y juego.<\/p>\n<p>El ciclo cuenta tambi\u00e9n con una funci\u00f3n de teatro \u2013 danza para beb\u00e9s, en doble sesi\u00f3n, a las 12 horas en castellano y a las 18 horas en euskera, el s\u00e1bado 22 de enero. Teatro Para\u00edso representar\u00e1 \u2018Ventanas \/ Lehioak\u2019, dirigida a menores de 2 a 4 a\u00f1os, en compa\u00f1\u00eda de una persona adulta. Silba el viento y hace mucho fr\u00edo. Es una noche cerrada. Las noticias hablan sobre una gran ola de frio, nieve y lluvia. Se recomienda no salir de casa en los pr\u00f3ximos d\u00edas. La mujer est\u00e1 aburrida y contrariada. Mientras calienta su taza de caf\u00e9 se queda ensimismada mirando por la ventana. Absorta empieza a dibujar con el dedo \u00edndice sobre el vaho de la ventana. La ventana cambia de color. Sorprendida, prueba con otro dedo. El viento silba m\u00e1s fuerte y se transforma en una dulce sinfon\u00eda de instrumentos de viento.<br \/>\n<script async src=\"\/\/pagead2.googlesyndication.com\/pagead\/js\/adsbygoogle.js\"><\/script><br \/>\n<!-- Noticias La Guia de Pamplona --><br \/>\n<ins class=\"adsbygoogle\"\nstyle=\"display:block\"\ndata-ad-client=\"ca-pub-6943679897239327\"\ndata-ad-slot=\"7048180777\"\ndata-ad-format=\"auto\"><\/ins><br \/>\n<script>\n(adsbygoogle = window.adsbygoogle || []).push({});\n<\/script><\/p>\n<p><strong>Taller coreogr\u00e1fico y mesa redonda<\/strong><\/p>\n<p>Dos sesiones conforman el taller coreogr\u00e1fico que se impartir\u00e1 los d\u00edas 18 y 25 de enero, en colaboraci\u00f3n con la Red Atalak y Dantzaz. El taller se dirige a un p\u00fablico diverso interesado en conocer diferentes lenguajes y propuestas de creaci\u00f3n coreogr\u00e1fica. Entremezcla ejercicios, improvisaci\u00f3n y creaci\u00f3n a trav\u00e9s del universo de artistas de la Eurorregi\u00f3n.<\/p>\n<p>La primera sesi\u00f3n se enfocar\u00e1 en la relaci\u00f3n entre el cuerpo, el movimiento y el espacio, a partir del trabajo de Carmen Larraz, Laida Aldaz y Matxalen Bilbao. La segunda sesi\u00f3n explorar\u00e1 la relaci\u00f3n entre el movimiento y el tiempo bas\u00e1ndose en el trabajo coreogr\u00e1fico de Martin Harriague y Miriam P\u00e9rez. Las sesiones se imparten de 19 a 20.30 horas y las inscripciones, gratuitas, se pueden realizar en el 010, la red Civivox y <a href=\"http:\/\/www.pamplonaescultura.es\" target=\"_blank\" rel=\"noopener\">www.pamplonaescultura.es<\/a>.<\/p>\n<p>Por \u00faltimo, el 26 de enero, a las 19 horas, se celebrar\u00e1 una mesa redonda sobre la danza como profesi\u00f3n. El encuentro propone una mirada desde la interpretaci\u00f3n, la coreograf\u00eda, la programaci\u00f3n en un teatro o un festival y la gesti\u00f3n de una empresa de danza o espacio de creaci\u00f3n de danza. Se partir\u00e1n de algunas preguntas b\u00e1sicas a profesionales del sector navarro de la danza como Becky Siegel, Carmen Larraz, Elisa Arteta, Fernando S\u00e1enz de Huarte o Lorenzo Garc\u00eda Echegoyen. La entrada es libre, previa inscripci\u00f3n en el 010, la red Civivox y <a href=\"http:\/\/www.pamplonaescultura.es\" target=\"_blank\" rel=\"noopener\">www.pamplonaescultura.es<\/a>.<\/p>\n","protected":false},"excerpt":{"rendered":"<p>Los espect\u00e1culos tienen entradas a la venta al precio de 3 euros, que se pueden adquirir en el 010, la red Civivox y www.pamplonaescultura.es<\/p>\n","protected":false},"author":1,"featured_media":28184,"comment_status":"open","ping_status":"closed","sticky":false,"template":"","format":"standard","meta":{"footnotes":""},"categories":[2],"tags":[],"class_list":["post-38241","post","type-post","status-publish","format-standard","has-post-thumbnail","hentry","category-ayuntamiento-pamplona"],"yoast_head":"<!-- This site is optimized with the Yoast SEO plugin v27.3 - https:\/\/yoast.com\/product\/yoast-seo-wordpress\/ -->\n<title>Ma\u00f1ana mi\u00e9rcoles comienza en Civivox Iturrama el festival DanZ, con espect\u00e1culos de danza contempor\u00e1nea, un taller de mediaci\u00f3n coreogr\u00e1fica y una mesa redonda<\/title>\n<meta name=\"description\" content=\"Los espect\u00e1culos tienen entradas a la venta al precio de 3 euros, que se pueden adquirir en el 010, la red Civivox y www.pamplonaescultura.es\" \/>\n<meta name=\"robots\" content=\"index, follow, max-snippet:-1, max-image-preview:large, max-video-preview:-1\" \/>\n<link rel=\"canonical\" href=\"https:\/\/www.laguiadepamplona.com\/actualidad\/manana-miercoles-comienza-en-civivox-iturrama-el-festival-danz-con-espectaculos-de-danza-contemporanea-un-taller-de-mediacion-coreografica-y-una-mesa-redonda\/\" \/>\n<meta property=\"og:locale\" content=\"es_ES\" \/>\n<meta property=\"og:type\" content=\"article\" \/>\n<meta property=\"og:title\" content=\"Ma\u00f1ana mi\u00e9rcoles comienza en Civivox Iturrama el festival DanZ, con espect\u00e1culos de danza contempor\u00e1nea, un taller de mediaci\u00f3n coreogr\u00e1fica y una mesa redonda\" \/>\n<meta property=\"og:description\" content=\"Los espect\u00e1culos tienen entradas a la venta al precio de 3 euros, que se pueden adquirir en el 010, la red Civivox y www.pamplonaescultura.es\" \/>\n<meta property=\"og:url\" content=\"https:\/\/www.laguiadepamplona.com\/actualidad\/manana-miercoles-comienza-en-civivox-iturrama-el-festival-danz-con-espectaculos-de-danza-contemporanea-un-taller-de-mediacion-coreografica-y-una-mesa-redonda\/\" \/>\n<meta property=\"og:site_name\" content=\"La Gu\u00eda de Pamplona\" \/>\n<meta property=\"article:publisher\" content=\"https:\/\/www.facebook.com\/laguiadepamplonacom-133175176762273\/?ref=hl\" \/>\n<meta property=\"article:published_time\" content=\"2022-01-11T15:24:36+00:00\" \/>\n<meta property=\"article:modified_time\" content=\"2023-04-11T09:48:36+00:00\" \/>\n<meta property=\"og:image\" content=\"https:\/\/www.laguiadepamplona.com\/actualidad\/wp-content\/uploads\/2020\/02\/civivox-iturrama-2020.jpeg\" \/>\n\t<meta property=\"og:image:width\" content=\"1920\" \/>\n\t<meta property=\"og:image:height\" content=\"1187\" \/>\n\t<meta property=\"og:image:type\" content=\"image\/jpeg\" \/>\n<meta name=\"author\" content=\"La Gu\u00eda de Pamplona\" \/>\n<meta name=\"twitter:card\" content=\"summary_large_image\" \/>\n<meta name=\"twitter:creator\" content=\"@LaGuiadPamplona\" \/>\n<meta name=\"twitter:site\" content=\"@LaGuiadPamplona\" \/>\n<meta name=\"twitter:label1\" content=\"Escrito por\" \/>\n\t<meta name=\"twitter:data1\" content=\"La Gu\u00eda de Pamplona\" \/>\n\t<meta name=\"twitter:label2\" content=\"Tiempo de lectura\" \/>\n\t<meta name=\"twitter:data2\" content=\"4 minutos\" \/>\n<script type=\"application\/ld+json\" class=\"yoast-schema-graph\">{\"@context\":\"https:\\\/\\\/schema.org\",\"@graph\":[{\"@type\":\"Article\",\"@id\":\"https:\\\/\\\/www.laguiadepamplona.com\\\/actualidad\\\/manana-miercoles-comienza-en-civivox-iturrama-el-festival-danz-con-espectaculos-de-danza-contemporanea-un-taller-de-mediacion-coreografica-y-una-mesa-redonda\\\/#article\",\"isPartOf\":{\"@id\":\"https:\\\/\\\/www.laguiadepamplona.com\\\/actualidad\\\/manana-miercoles-comienza-en-civivox-iturrama-el-festival-danz-con-espectaculos-de-danza-contemporanea-un-taller-de-mediacion-coreografica-y-una-mesa-redonda\\\/\"},\"author\":{\"name\":\"La Gu\u00eda de Pamplona\",\"@id\":\"https:\\\/\\\/www.laguiadepamplona.com\\\/actualidad\\\/#\\\/schema\\\/person\\\/efe887376f0213d4657c93adc50b1fdb\"},\"headline\":\"Ma\u00f1ana mi\u00e9rcoles comienza en Civivox Iturrama el festival DanZ, con espect\u00e1culos de danza contempor\u00e1nea, un taller de mediaci\u00f3n coreogr\u00e1fica y una mesa redonda\",\"datePublished\":\"2022-01-11T15:24:36+00:00\",\"dateModified\":\"2023-04-11T09:48:36+00:00\",\"mainEntityOfPage\":{\"@id\":\"https:\\\/\\\/www.laguiadepamplona.com\\\/actualidad\\\/manana-miercoles-comienza-en-civivox-iturrama-el-festival-danz-con-espectaculos-de-danza-contemporanea-un-taller-de-mediacion-coreografica-y-una-mesa-redonda\\\/\"},\"wordCount\":846,\"commentCount\":0,\"publisher\":{\"@id\":\"https:\\\/\\\/www.laguiadepamplona.com\\\/actualidad\\\/#organization\"},\"image\":{\"@id\":\"https:\\\/\\\/www.laguiadepamplona.com\\\/actualidad\\\/manana-miercoles-comienza-en-civivox-iturrama-el-festival-danz-con-espectaculos-de-danza-contemporanea-un-taller-de-mediacion-coreografica-y-una-mesa-redonda\\\/#primaryimage\"},\"thumbnailUrl\":\"https:\\\/\\\/www.laguiadepamplona.com\\\/actualidad\\\/wp-content\\\/uploads\\\/2020\\\/02\\\/civivox-iturrama-2020.jpeg\",\"articleSection\":[\"Ayto Pamplona\"],\"inLanguage\":\"es\",\"potentialAction\":[{\"@type\":\"CommentAction\",\"name\":\"Comment\",\"target\":[\"https:\\\/\\\/www.laguiadepamplona.com\\\/actualidad\\\/manana-miercoles-comienza-en-civivox-iturrama-el-festival-danz-con-espectaculos-de-danza-contemporanea-un-taller-de-mediacion-coreografica-y-una-mesa-redonda\\\/#respond\"]}]},{\"@type\":\"WebPage\",\"@id\":\"https:\\\/\\\/www.laguiadepamplona.com\\\/actualidad\\\/manana-miercoles-comienza-en-civivox-iturrama-el-festival-danz-con-espectaculos-de-danza-contemporanea-un-taller-de-mediacion-coreografica-y-una-mesa-redonda\\\/\",\"url\":\"https:\\\/\\\/www.laguiadepamplona.com\\\/actualidad\\\/manana-miercoles-comienza-en-civivox-iturrama-el-festival-danz-con-espectaculos-de-danza-contemporanea-un-taller-de-mediacion-coreografica-y-una-mesa-redonda\\\/\",\"name\":\"Ma\u00f1ana mi\u00e9rcoles comienza en Civivox Iturrama el festival DanZ, con espect\u00e1culos de danza contempor\u00e1nea, un taller de mediaci\u00f3n coreogr\u00e1fica y una mesa redonda\",\"isPartOf\":{\"@id\":\"https:\\\/\\\/www.laguiadepamplona.com\\\/actualidad\\\/#website\"},\"primaryImageOfPage\":{\"@id\":\"https:\\\/\\\/www.laguiadepamplona.com\\\/actualidad\\\/manana-miercoles-comienza-en-civivox-iturrama-el-festival-danz-con-espectaculos-de-danza-contemporanea-un-taller-de-mediacion-coreografica-y-una-mesa-redonda\\\/#primaryimage\"},\"image\":{\"@id\":\"https:\\\/\\\/www.laguiadepamplona.com\\\/actualidad\\\/manana-miercoles-comienza-en-civivox-iturrama-el-festival-danz-con-espectaculos-de-danza-contemporanea-un-taller-de-mediacion-coreografica-y-una-mesa-redonda\\\/#primaryimage\"},\"thumbnailUrl\":\"https:\\\/\\\/www.laguiadepamplona.com\\\/actualidad\\\/wp-content\\\/uploads\\\/2020\\\/02\\\/civivox-iturrama-2020.jpeg\",\"datePublished\":\"2022-01-11T15:24:36+00:00\",\"dateModified\":\"2023-04-11T09:48:36+00:00\",\"description\":\"Los espect\u00e1culos tienen entradas a la venta al precio de 3 euros, que se pueden adquirir en el 010, la red Civivox y www.pamplonaescultura.es\",\"breadcrumb\":{\"@id\":\"https:\\\/\\\/www.laguiadepamplona.com\\\/actualidad\\\/manana-miercoles-comienza-en-civivox-iturrama-el-festival-danz-con-espectaculos-de-danza-contemporanea-un-taller-de-mediacion-coreografica-y-una-mesa-redonda\\\/#breadcrumb\"},\"inLanguage\":\"es\",\"potentialAction\":[{\"@type\":\"ReadAction\",\"target\":[\"https:\\\/\\\/www.laguiadepamplona.com\\\/actualidad\\\/manana-miercoles-comienza-en-civivox-iturrama-el-festival-danz-con-espectaculos-de-danza-contemporanea-un-taller-de-mediacion-coreografica-y-una-mesa-redonda\\\/\"]}]},{\"@type\":\"ImageObject\",\"inLanguage\":\"es\",\"@id\":\"https:\\\/\\\/www.laguiadepamplona.com\\\/actualidad\\\/manana-miercoles-comienza-en-civivox-iturrama-el-festival-danz-con-espectaculos-de-danza-contemporanea-un-taller-de-mediacion-coreografica-y-una-mesa-redonda\\\/#primaryimage\",\"url\":\"https:\\\/\\\/www.laguiadepamplona.com\\\/actualidad\\\/wp-content\\\/uploads\\\/2020\\\/02\\\/civivox-iturrama-2020.jpeg\",\"contentUrl\":\"https:\\\/\\\/www.laguiadepamplona.com\\\/actualidad\\\/wp-content\\\/uploads\\\/2020\\\/02\\\/civivox-iturrama-2020.jpeg\",\"width\":1920,\"height\":1187,\"caption\":\"dav\"},{\"@type\":\"BreadcrumbList\",\"@id\":\"https:\\\/\\\/www.laguiadepamplona.com\\\/actualidad\\\/manana-miercoles-comienza-en-civivox-iturrama-el-festival-danz-con-espectaculos-de-danza-contemporanea-un-taller-de-mediacion-coreografica-y-una-mesa-redonda\\\/#breadcrumb\",\"itemListElement\":[{\"@type\":\"ListItem\",\"position\":1,\"name\":\"Portada\",\"item\":\"https:\\\/\\\/www.laguiadepamplona.com\\\/actualidad\\\/\"},{\"@type\":\"ListItem\",\"position\":2,\"name\":\"Ma\u00f1ana mi\u00e9rcoles comienza en Civivox Iturrama el festival DanZ, con espect\u00e1culos de danza contempor\u00e1nea, un taller de mediaci\u00f3n coreogr\u00e1fica y una mesa redonda\"}]},{\"@type\":\"WebSite\",\"@id\":\"https:\\\/\\\/www.laguiadepamplona.com\\\/actualidad\\\/#website\",\"url\":\"https:\\\/\\\/www.laguiadepamplona.com\\\/actualidad\\\/\",\"name\":\"La gu\u00eda de Pamplona\",\"description\":\"Noticias de Pamplona\",\"publisher\":{\"@id\":\"https:\\\/\\\/www.laguiadepamplona.com\\\/actualidad\\\/#organization\"},\"potentialAction\":[{\"@type\":\"SearchAction\",\"target\":{\"@type\":\"EntryPoint\",\"urlTemplate\":\"https:\\\/\\\/www.laguiadepamplona.com\\\/actualidad\\\/?s={search_term_string}\"},\"query-input\":{\"@type\":\"PropertyValueSpecification\",\"valueRequired\":true,\"valueName\":\"search_term_string\"}}],\"inLanguage\":\"es\"},{\"@type\":\"Organization\",\"@id\":\"https:\\\/\\\/www.laguiadepamplona.com\\\/actualidad\\\/#organization\",\"name\":\"La Gu\u00eda de Pamplona \\\/ Noticias\",\"url\":\"https:\\\/\\\/www.laguiadepamplona.com\\\/actualidad\\\/\",\"logo\":{\"@type\":\"ImageObject\",\"inLanguage\":\"es\",\"@id\":\"https:\\\/\\\/www.laguiadepamplona.com\\\/actualidad\\\/#\\\/schema\\\/logo\\\/image\\\/\",\"url\":\"https:\\\/\\\/www.laguiadepamplona.com\\\/actualidad\\\/wp-content\\\/uploads\\\/2018\\\/11\\\/logo-laguiadepamplona18-web1.png\",\"contentUrl\":\"https:\\\/\\\/www.laguiadepamplona.com\\\/actualidad\\\/wp-content\\\/uploads\\\/2018\\\/11\\\/logo-laguiadepamplona18-web1.png\",\"width\":600,\"height\":196,\"caption\":\"La Gu\u00eda de Pamplona \\\/ Noticias\"},\"image\":{\"@id\":\"https:\\\/\\\/www.laguiadepamplona.com\\\/actualidad\\\/#\\\/schema\\\/logo\\\/image\\\/\"},\"sameAs\":[\"https:\\\/\\\/www.facebook.com\\\/laguiadepamplonacom-133175176762273\\\/?ref=hl\",\"https:\\\/\\\/x.com\\\/LaGuiadPamplona\",\"https:\\\/\\\/www.instagram.com\\\/la_guia_de_pamplona\\\/\",\"https:\\\/\\\/www.youtube.com\\\/user\\\/laguiadepamplona\"]},{\"@type\":\"Person\",\"@id\":\"https:\\\/\\\/www.laguiadepamplona.com\\\/actualidad\\\/#\\\/schema\\\/person\\\/efe887376f0213d4657c93adc50b1fdb\",\"name\":\"La Gu\u00eda de Pamplona\",\"image\":{\"@type\":\"ImageObject\",\"inLanguage\":\"es\",\"@id\":\"https:\\\/\\\/secure.gravatar.com\\\/avatar\\\/b6992f131dc8d30ab0dff15446e9d346d9dbd95992de0fef795073f5ea83a81c?s=96&d=mm&r=g\",\"url\":\"https:\\\/\\\/secure.gravatar.com\\\/avatar\\\/b6992f131dc8d30ab0dff15446e9d346d9dbd95992de0fef795073f5ea83a81c?s=96&d=mm&r=g\",\"contentUrl\":\"https:\\\/\\\/secure.gravatar.com\\\/avatar\\\/b6992f131dc8d30ab0dff15446e9d346d9dbd95992de0fef795073f5ea83a81c?s=96&d=mm&r=g\",\"caption\":\"La Gu\u00eda de Pamplona\"}}]}<\/script>\n<!-- \/ Yoast SEO plugin. -->","yoast_head_json":{"title":"Ma\u00f1ana mi\u00e9rcoles comienza en Civivox Iturrama el festival DanZ, con espect\u00e1culos de danza contempor\u00e1nea, un taller de mediaci\u00f3n coreogr\u00e1fica y una mesa redonda","description":"Los espect\u00e1culos tienen entradas a la venta al precio de 3 euros, que se pueden adquirir en el 010, la red Civivox y www.pamplonaescultura.es","robots":{"index":"index","follow":"follow","max-snippet":"max-snippet:-1","max-image-preview":"max-image-preview:large","max-video-preview":"max-video-preview:-1"},"canonical":"https:\/\/www.laguiadepamplona.com\/actualidad\/manana-miercoles-comienza-en-civivox-iturrama-el-festival-danz-con-espectaculos-de-danza-contemporanea-un-taller-de-mediacion-coreografica-y-una-mesa-redonda\/","og_locale":"es_ES","og_type":"article","og_title":"Ma\u00f1ana mi\u00e9rcoles comienza en Civivox Iturrama el festival DanZ, con espect\u00e1culos de danza contempor\u00e1nea, un taller de mediaci\u00f3n coreogr\u00e1fica y una mesa redonda","og_description":"Los espect\u00e1culos tienen entradas a la venta al precio de 3 euros, que se pueden adquirir en el 010, la red Civivox y www.pamplonaescultura.es","og_url":"https:\/\/www.laguiadepamplona.com\/actualidad\/manana-miercoles-comienza-en-civivox-iturrama-el-festival-danz-con-espectaculos-de-danza-contemporanea-un-taller-de-mediacion-coreografica-y-una-mesa-redonda\/","og_site_name":"La Gu\u00eda de Pamplona","article_publisher":"https:\/\/www.facebook.com\/laguiadepamplonacom-133175176762273\/?ref=hl","article_published_time":"2022-01-11T15:24:36+00:00","article_modified_time":"2023-04-11T09:48:36+00:00","og_image":[{"width":1920,"height":1187,"url":"https:\/\/www.laguiadepamplona.com\/actualidad\/wp-content\/uploads\/2020\/02\/civivox-iturrama-2020.jpeg","type":"image\/jpeg"}],"author":"La Gu\u00eda de Pamplona","twitter_card":"summary_large_image","twitter_creator":"@LaGuiadPamplona","twitter_site":"@LaGuiadPamplona","twitter_misc":{"Escrito por":"La Gu\u00eda de Pamplona","Tiempo de lectura":"4 minutos"},"schema":{"@context":"https:\/\/schema.org","@graph":[{"@type":"Article","@id":"https:\/\/www.laguiadepamplona.com\/actualidad\/manana-miercoles-comienza-en-civivox-iturrama-el-festival-danz-con-espectaculos-de-danza-contemporanea-un-taller-de-mediacion-coreografica-y-una-mesa-redonda\/#article","isPartOf":{"@id":"https:\/\/www.laguiadepamplona.com\/actualidad\/manana-miercoles-comienza-en-civivox-iturrama-el-festival-danz-con-espectaculos-de-danza-contemporanea-un-taller-de-mediacion-coreografica-y-una-mesa-redonda\/"},"author":{"name":"La Gu\u00eda de Pamplona","@id":"https:\/\/www.laguiadepamplona.com\/actualidad\/#\/schema\/person\/efe887376f0213d4657c93adc50b1fdb"},"headline":"Ma\u00f1ana mi\u00e9rcoles comienza en Civivox Iturrama el festival DanZ, con espect\u00e1culos de danza contempor\u00e1nea, un taller de mediaci\u00f3n coreogr\u00e1fica y una mesa redonda","datePublished":"2022-01-11T15:24:36+00:00","dateModified":"2023-04-11T09:48:36+00:00","mainEntityOfPage":{"@id":"https:\/\/www.laguiadepamplona.com\/actualidad\/manana-miercoles-comienza-en-civivox-iturrama-el-festival-danz-con-espectaculos-de-danza-contemporanea-un-taller-de-mediacion-coreografica-y-una-mesa-redonda\/"},"wordCount":846,"commentCount":0,"publisher":{"@id":"https:\/\/www.laguiadepamplona.com\/actualidad\/#organization"},"image":{"@id":"https:\/\/www.laguiadepamplona.com\/actualidad\/manana-miercoles-comienza-en-civivox-iturrama-el-festival-danz-con-espectaculos-de-danza-contemporanea-un-taller-de-mediacion-coreografica-y-una-mesa-redonda\/#primaryimage"},"thumbnailUrl":"https:\/\/www.laguiadepamplona.com\/actualidad\/wp-content\/uploads\/2020\/02\/civivox-iturrama-2020.jpeg","articleSection":["Ayto Pamplona"],"inLanguage":"es","potentialAction":[{"@type":"CommentAction","name":"Comment","target":["https:\/\/www.laguiadepamplona.com\/actualidad\/manana-miercoles-comienza-en-civivox-iturrama-el-festival-danz-con-espectaculos-de-danza-contemporanea-un-taller-de-mediacion-coreografica-y-una-mesa-redonda\/#respond"]}]},{"@type":"WebPage","@id":"https:\/\/www.laguiadepamplona.com\/actualidad\/manana-miercoles-comienza-en-civivox-iturrama-el-festival-danz-con-espectaculos-de-danza-contemporanea-un-taller-de-mediacion-coreografica-y-una-mesa-redonda\/","url":"https:\/\/www.laguiadepamplona.com\/actualidad\/manana-miercoles-comienza-en-civivox-iturrama-el-festival-danz-con-espectaculos-de-danza-contemporanea-un-taller-de-mediacion-coreografica-y-una-mesa-redonda\/","name":"Ma\u00f1ana mi\u00e9rcoles comienza en Civivox Iturrama el festival DanZ, con espect\u00e1culos de danza contempor\u00e1nea, un taller de mediaci\u00f3n coreogr\u00e1fica y una mesa redonda","isPartOf":{"@id":"https:\/\/www.laguiadepamplona.com\/actualidad\/#website"},"primaryImageOfPage":{"@id":"https:\/\/www.laguiadepamplona.com\/actualidad\/manana-miercoles-comienza-en-civivox-iturrama-el-festival-danz-con-espectaculos-de-danza-contemporanea-un-taller-de-mediacion-coreografica-y-una-mesa-redonda\/#primaryimage"},"image":{"@id":"https:\/\/www.laguiadepamplona.com\/actualidad\/manana-miercoles-comienza-en-civivox-iturrama-el-festival-danz-con-espectaculos-de-danza-contemporanea-un-taller-de-mediacion-coreografica-y-una-mesa-redonda\/#primaryimage"},"thumbnailUrl":"https:\/\/www.laguiadepamplona.com\/actualidad\/wp-content\/uploads\/2020\/02\/civivox-iturrama-2020.jpeg","datePublished":"2022-01-11T15:24:36+00:00","dateModified":"2023-04-11T09:48:36+00:00","description":"Los espect\u00e1culos tienen entradas a la venta al precio de 3 euros, que se pueden adquirir en el 010, la red Civivox y www.pamplonaescultura.es","breadcrumb":{"@id":"https:\/\/www.laguiadepamplona.com\/actualidad\/manana-miercoles-comienza-en-civivox-iturrama-el-festival-danz-con-espectaculos-de-danza-contemporanea-un-taller-de-mediacion-coreografica-y-una-mesa-redonda\/#breadcrumb"},"inLanguage":"es","potentialAction":[{"@type":"ReadAction","target":["https:\/\/www.laguiadepamplona.com\/actualidad\/manana-miercoles-comienza-en-civivox-iturrama-el-festival-danz-con-espectaculos-de-danza-contemporanea-un-taller-de-mediacion-coreografica-y-una-mesa-redonda\/"]}]},{"@type":"ImageObject","inLanguage":"es","@id":"https:\/\/www.laguiadepamplona.com\/actualidad\/manana-miercoles-comienza-en-civivox-iturrama-el-festival-danz-con-espectaculos-de-danza-contemporanea-un-taller-de-mediacion-coreografica-y-una-mesa-redonda\/#primaryimage","url":"https:\/\/www.laguiadepamplona.com\/actualidad\/wp-content\/uploads\/2020\/02\/civivox-iturrama-2020.jpeg","contentUrl":"https:\/\/www.laguiadepamplona.com\/actualidad\/wp-content\/uploads\/2020\/02\/civivox-iturrama-2020.jpeg","width":1920,"height":1187,"caption":"dav"},{"@type":"BreadcrumbList","@id":"https:\/\/www.laguiadepamplona.com\/actualidad\/manana-miercoles-comienza-en-civivox-iturrama-el-festival-danz-con-espectaculos-de-danza-contemporanea-un-taller-de-mediacion-coreografica-y-una-mesa-redonda\/#breadcrumb","itemListElement":[{"@type":"ListItem","position":1,"name":"Portada","item":"https:\/\/www.laguiadepamplona.com\/actualidad\/"},{"@type":"ListItem","position":2,"name":"Ma\u00f1ana mi\u00e9rcoles comienza en Civivox Iturrama el festival DanZ, con espect\u00e1culos de danza contempor\u00e1nea, un taller de mediaci\u00f3n coreogr\u00e1fica y una mesa redonda"}]},{"@type":"WebSite","@id":"https:\/\/www.laguiadepamplona.com\/actualidad\/#website","url":"https:\/\/www.laguiadepamplona.com\/actualidad\/","name":"La gu\u00eda de Pamplona","description":"Noticias de Pamplona","publisher":{"@id":"https:\/\/www.laguiadepamplona.com\/actualidad\/#organization"},"potentialAction":[{"@type":"SearchAction","target":{"@type":"EntryPoint","urlTemplate":"https:\/\/www.laguiadepamplona.com\/actualidad\/?s={search_term_string}"},"query-input":{"@type":"PropertyValueSpecification","valueRequired":true,"valueName":"search_term_string"}}],"inLanguage":"es"},{"@type":"Organization","@id":"https:\/\/www.laguiadepamplona.com\/actualidad\/#organization","name":"La Gu\u00eda de Pamplona \/ Noticias","url":"https:\/\/www.laguiadepamplona.com\/actualidad\/","logo":{"@type":"ImageObject","inLanguage":"es","@id":"https:\/\/www.laguiadepamplona.com\/actualidad\/#\/schema\/logo\/image\/","url":"https:\/\/www.laguiadepamplona.com\/actualidad\/wp-content\/uploads\/2018\/11\/logo-laguiadepamplona18-web1.png","contentUrl":"https:\/\/www.laguiadepamplona.com\/actualidad\/wp-content\/uploads\/2018\/11\/logo-laguiadepamplona18-web1.png","width":600,"height":196,"caption":"La Gu\u00eda de Pamplona \/ Noticias"},"image":{"@id":"https:\/\/www.laguiadepamplona.com\/actualidad\/#\/schema\/logo\/image\/"},"sameAs":["https:\/\/www.facebook.com\/laguiadepamplonacom-133175176762273\/?ref=hl","https:\/\/x.com\/LaGuiadPamplona","https:\/\/www.instagram.com\/la_guia_de_pamplona\/","https:\/\/www.youtube.com\/user\/laguiadepamplona"]},{"@type":"Person","@id":"https:\/\/www.laguiadepamplona.com\/actualidad\/#\/schema\/person\/efe887376f0213d4657c93adc50b1fdb","name":"La Gu\u00eda de Pamplona","image":{"@type":"ImageObject","inLanguage":"es","@id":"https:\/\/secure.gravatar.com\/avatar\/b6992f131dc8d30ab0dff15446e9d346d9dbd95992de0fef795073f5ea83a81c?s=96&d=mm&r=g","url":"https:\/\/secure.gravatar.com\/avatar\/b6992f131dc8d30ab0dff15446e9d346d9dbd95992de0fef795073f5ea83a81c?s=96&d=mm&r=g","contentUrl":"https:\/\/secure.gravatar.com\/avatar\/b6992f131dc8d30ab0dff15446e9d346d9dbd95992de0fef795073f5ea83a81c?s=96&d=mm&r=g","caption":"La Gu\u00eda de Pamplona"}}]}},"post_mailing_queue_ids":[],"_links":{"self":[{"href":"https:\/\/www.laguiadepamplona.com\/actualidad\/wp-json\/wp\/v2\/posts\/38241","targetHints":{"allow":["GET"]}}],"collection":[{"href":"https:\/\/www.laguiadepamplona.com\/actualidad\/wp-json\/wp\/v2\/posts"}],"about":[{"href":"https:\/\/www.laguiadepamplona.com\/actualidad\/wp-json\/wp\/v2\/types\/post"}],"author":[{"embeddable":true,"href":"https:\/\/www.laguiadepamplona.com\/actualidad\/wp-json\/wp\/v2\/users\/1"}],"replies":[{"embeddable":true,"href":"https:\/\/www.laguiadepamplona.com\/actualidad\/wp-json\/wp\/v2\/comments?post=38241"}],"version-history":[{"count":0,"href":"https:\/\/www.laguiadepamplona.com\/actualidad\/wp-json\/wp\/v2\/posts\/38241\/revisions"}],"wp:featuredmedia":[{"embeddable":true,"href":"https:\/\/www.laguiadepamplona.com\/actualidad\/wp-json\/wp\/v2\/media\/28184"}],"wp:attachment":[{"href":"https:\/\/www.laguiadepamplona.com\/actualidad\/wp-json\/wp\/v2\/media?parent=38241"}],"wp:term":[{"taxonomy":"category","embeddable":true,"href":"https:\/\/www.laguiadepamplona.com\/actualidad\/wp-json\/wp\/v2\/categories?post=38241"},{"taxonomy":"post_tag","embeddable":true,"href":"https:\/\/www.laguiadepamplona.com\/actualidad\/wp-json\/wp\/v2\/tags?post=38241"}],"curies":[{"name":"wp","href":"https:\/\/api.w.org\/{rel}","templated":true}]}}