{"id":38220,"date":"2022-01-10T16:36:58","date_gmt":"2022-01-10T14:36:58","guid":{"rendered":"https:\/\/www.laguiadepamplona.com\/actualidad\/?p=38220"},"modified":"2023-04-11T11:48:37","modified_gmt":"2023-04-11T09:48:37","slug":"el-servicio-de-alquiler-de-bicicletas-electricas-se-facturara-por-minutos-para-abonar-el-tiempo-realmente-utilizado-y-sera-gratuito-en-los-primeros-20","status":"publish","type":"post","link":"https:\/\/www.laguiadepamplona.com\/actualidad\/el-servicio-de-alquiler-de-bicicletas-electricas-se-facturara-por-minutos-para-abonar-el-tiempo-realmente-utilizado-y-sera-gratuito-en-los-primeros-20\/","title":{"rendered":"El servicio de alquiler de bicicletas el\u00e9ctricas se facturar\u00e1 por minutos para abonar el tiempo realmente utilizado y ser\u00e1 gratuito en los primeros 20"},"content":{"rendered":"<h5>M\u00e1s de 6.500 personas han hecho uso ya de este servicio de movilidad sostenible inaugurado el 14 de diciembre<!--more--><\/h5>\n<p class=\"3Texto\">El servicio municipal de alquiler de bicicletas el\u00e9ctricas, inaugurado el pasado 14 de diciembre, modifica a partir de hoy, lunes, sus tarifas, eliminando los tramos de facturaci\u00f3n y pasando a cobrarse por minutos. Adem\u00e1s, los primeros 20 minutos ser\u00e1n gratuitos. De esta forma, se pretende ajustar el servicio al uso real y a las necesidades de movilidad de la poblaci\u00f3n.<\/p>\n<p class=\"3Texto\">Hasta la fecha, la facturaci\u00f3n se realizaba por tramos de media hora, con precios diferenciados la primera media hora, la segunda y las siguientes a partir de la primera hora. Desde hoy, el cobro se realiza por minutos en todos los casos, si bien los primeros 20 minutos no tendr\u00e1n coste. Adem\u00e1s, han variado los precios del minuto, tanto en los primeros 30 minutos como posteriores, y se ha establecido una tarifa de desbloqueo o apertura de viaje, que antes era gratuita. De esta forma, las personas usuarias deber\u00e1n abonar el importe de la tarifa de desenganche y el coste exacto de los minutos de viaje realizados.<\/p>\n<p class=\"3Texto\">La tarifa de desbloqueo ser\u00e1 de 0,70 euros, cifra que se reduce a 0,50 para las suscripciones mensuales y anuales. Por su parte, el precio del minuto, entre el minuto 21 y el 30 ser\u00e1 de 0,04 euros y de 0,06 euros del 31 al 60. A partir de la hora, cada minuto adicional tendr\u00e1 un coste de 0,10 euros. Estos precios ser\u00e1n sensiblemente inferiores en el caso de abonados, que pasar\u00e1n a pagar 0,025 euros del minuto 21 al 30 y 0,03 euros, del 31 al 60. Pasada la primera hora, el precio del minuto ser\u00e1 0,08 euros para quienes tengan suscripci\u00f3n mensual o anual. El precio de la suscripci\u00f3n mensual es de 15 euros al mes (m\u00e1s viajes) y de la anual ser\u00e1 de 40 euros (m\u00e1s viajes). Para hacer uso de las bicicletas el\u00e9ctricas ser\u00e1 necesario contar con una tarjeta f\u00edsica (por el coste de 1 euro) o virtual (gratuita) emitida por el servicio. La tarjeta f\u00edsica se puede obtener en la oficina de atenci\u00f3n a personas usuarias, en Rinc\u00f3n de la Aduana 14 y la virtual a trav\u00e9s de la web <a href=\"http:\/\/www.rideonpamplona.com\" target=\"_blank\" rel=\"noopener\">www.rideonpamplona.com<\/a> y la app `Ride On ES\u00b4 para sistema IOS y para sistema Android.<\/p>\n<p><script async src=\"\/\/pagead2.googlesyndication.com\/pagead\/js\/adsbygoogle.js\"><\/script><br \/>\n<!-- Noticias La Guia de Pamplona --><br \/>\n<ins class=\"adsbygoogle\"\nstyle=\"display:block\"\ndata-ad-client=\"ca-pub-6943679897239327\"\ndata-ad-slot=\"7048180777\"\ndata-ad-format=\"auto\"><\/ins><br \/>\n<script>\n(adsbygoogle = window.adsbygoogle || []).push({});\n<\/script><\/p>\n<p class=\"3Texto\">Pamplona cuenta, en estos momentos, con 26 estaciones de bicis el\u00e9ctricas operativas, de las 42 que prev\u00e9 poner en marcha el Ayuntamiento pr\u00f3ximamente \u00a0en distintos puntos de la ciudad. Las bicicletas el\u00e9ctricas est\u00e1n disponibles las 24 horas al d\u00eda, los 7 d\u00edas de la semana, excepto en Sanfermines o en d\u00edas en los que las condiciones meteorol\u00f3gicas sean muy adversas (en cuyo caso se avisar\u00e1 a los usuarios).<\/p>\n<p class=\"3Texto\">Para hacer uso de las nuevas bicis el\u00e9ctricas basta con tener al menos 16 a\u00f1os y estar registrado en el sistema, creando una cuenta de usuario a trav\u00e9s de la app Ride On ES o en <a href=\"http:\/\/www.rideonpamplona.com\" target=\"_blank\" rel=\"noopener\">www.rideonpamplona.com<\/a>. Existen dos perfiles de personas usuarias: las ocasionales (plan de pago por uso) o las abonadas (abono de una suscripci\u00f3n mensual o anual).<\/p>\n<p class=\"3Texto\">Los menores de 18 a\u00f1os deber\u00e1n entregar una autorizaci\u00f3n firmada por su responsable legal, que puede descargarse en la web y entregarse por mail a <a href=\"mailto:support@rideonpamplona.com\">support@rideonpamplona.com<\/a> o en la oficina que ha abierto Ride On en Rinc\u00f3n de la Aduana, 14, en horario de 9:00h a 14:00 horas.<\/p>\n<p class=\"4Ladillo\"><strong>M\u00e1s de 6.500 usuarios<\/strong><\/p>\n<p class=\"3Texto\">Hasta este mismo lunes y desde su puesta en marcha el pasado 14 de diciembre, el servicio municipal de bicicletas el\u00e9ctricas ha registrado 6.554 personas usuarias acumuladas. En este tiempo, se han realizado un total de 4.074 viajes, el 72% para trayectos de entre 1 y 5 kil\u00f3metros y otro 19% para viajes de entre 5 y 10 kil\u00f3metros.<\/p>\n<p class=\"3Texto\">En cuanto a la duraci\u00f3n de los trayectos, el grueso oscila entre los 3 y los 20 minutos. En concreto, entre los 3 y los 10 minutos se sit\u00faa casi el 34% de los desplazamientos en bicicleta el\u00e9ctrica. Entre 10 y 20 minutos, el 37%. Y entre 21 y 30 minutos el 12,7%. El 2,8% de los desplazamientos superan el tiempo de una hora.<\/p>\n<p class=\"3Texto\">De media, se realizan 145 viajes diarios, si bien en lo que va de enero se han superado ya en tres ocasiones los 200 viajes al d\u00eda. Estos picos se han registrado los d\u00edas 1, 3, 5 y 8.<\/p>\n<p class=\"3Texto\">Por estaciones, las m\u00e1s utilizadas han sido las estaciones de Lezkairu, Buztintxuri, Erripaga\u00f1a y Carlos III (Teatro Gayarre y Felipe Gorriti).<\/p>\n<p class=\"3Texto\">Concretamente, entresemana, la estaci\u00f3n m\u00e1s utilizada para iniciar un viaje ha sido Lezkairu, con 56 y 64 viajes acumulados respectivamente en las franjas horarias de 7 a 10 y de 11 a 16 horas. La m\u00e1s utilizada para iniciar un viaje en fin de semana ha sido Lezkairu, con 94 viajes, seguida de Buztintxuri, con 74, y Erripaga\u00f1a, con 53.<\/p>\n<p><script async src=\"\/\/pagead2.googlesyndication.com\/pagead\/js\/adsbygoogle.js\"><\/script><br \/>\n<!-- Noticias La Guia de Pamplona --><br \/>\n<ins class=\"adsbygoogle\"\nstyle=\"display:block\"\ndata-ad-client=\"ca-pub-6943679897239327\"\ndata-ad-slot=\"7048180777\"\ndata-ad-format=\"auto\"><\/ins><br \/>\n<script>\n(adsbygoogle = window.adsbygoogle || []).push({});\n<\/script><\/p>\n<p class=\"3Texto\">Para finalizar los trayectos, la estaci\u00f3n m\u00e1s utilizada ha sido la del Teatro Gayarre, en pr\u00e1cticamente todas las franjas horarias. En horario de fin de semana ha registrado 126 viajes, seguida por Lezkairu, con 104. Entre semana, la estaci\u00f3n del Teatro Gayarre ha sido el destino en 96 viajes entre las 11 y las 16 horas; y 81 entre las 17 y las 20 horas.<\/p>\n<p class=\"3Texto\">Este servicio de alquiler de bicicletas el\u00e9ctricas se enmarca dentro de la estrategia \u2018Go Green Pamplona\u2019 de transici\u00f3n energ\u00e9tica y cambio clim\u00e1tico, que engloba todas las materias de lucha contra el cambio clim\u00e1tico que est\u00e1 desarrollando y desarrollar\u00e1 la ciudad y que ha definido las l\u00edneas de actuaci\u00f3n en los pr\u00f3ximos a\u00f1os, entre las que el cambio de modelo de movilidad es prioritario.<\/p>\n","protected":false},"excerpt":{"rendered":"<p>M\u00e1s de 6.500 personas han hecho uso ya de este servicio de movilidad sostenible inaugurado el 14 de diciembre<\/p>\n","protected":false},"author":1,"featured_media":37964,"comment_status":"open","ping_status":"closed","sticky":false,"template":"","format":"standard","meta":{"footnotes":""},"categories":[2],"tags":[],"class_list":["post-38220","post","type-post","status-publish","format-standard","has-post-thumbnail","hentry","category-ayuntamiento-pamplona"],"yoast_head":"<!-- This site is optimized with the Yoast SEO plugin v27.3 - https:\/\/yoast.com\/product\/yoast-seo-wordpress\/ -->\n<title>El servicio de alquiler de bicicletas el\u00e9ctricas se facturar\u00e1 por minutos para abonar el tiempo realmente utilizado y ser\u00e1 gratuito en los primeros 20<\/title>\n<meta name=\"description\" content=\"M\u00e1s de 6.500 personas han hecho uso ya de este servicio de movilidad sostenible inaugurado el 14 de diciembre\" \/>\n<meta name=\"robots\" content=\"index, follow, max-snippet:-1, max-image-preview:large, max-video-preview:-1\" \/>\n<link rel=\"canonical\" href=\"https:\/\/www.laguiadepamplona.com\/actualidad\/el-servicio-de-alquiler-de-bicicletas-electricas-se-facturara-por-minutos-para-abonar-el-tiempo-realmente-utilizado-y-sera-gratuito-en-los-primeros-20\/\" \/>\n<meta property=\"og:locale\" content=\"es_ES\" \/>\n<meta property=\"og:type\" content=\"article\" \/>\n<meta property=\"og:title\" content=\"El servicio de alquiler de bicicletas el\u00e9ctricas se facturar\u00e1 por minutos para abonar el tiempo realmente utilizado y ser\u00e1 gratuito en los primeros 20\" \/>\n<meta property=\"og:description\" content=\"M\u00e1s de 6.500 personas han hecho uso ya de este servicio de movilidad sostenible inaugurado el 14 de diciembre\" \/>\n<meta property=\"og:url\" content=\"https:\/\/www.laguiadepamplona.com\/actualidad\/el-servicio-de-alquiler-de-bicicletas-electricas-se-facturara-por-minutos-para-abonar-el-tiempo-realmente-utilizado-y-sera-gratuito-en-los-primeros-20\/\" \/>\n<meta property=\"og:site_name\" content=\"La Gu\u00eda de Pamplona\" \/>\n<meta property=\"article:publisher\" content=\"https:\/\/www.facebook.com\/laguiadepamplonacom-133175176762273\/?ref=hl\" \/>\n<meta property=\"article:published_time\" content=\"2022-01-10T14:36:58+00:00\" \/>\n<meta property=\"article:modified_time\" content=\"2023-04-11T09:48:37+00:00\" \/>\n<meta property=\"og:image\" content=\"https:\/\/www.laguiadepamplona.com\/actualidad\/wp-content\/uploads\/2021\/12\/servbiciseectricasee5a7855.jpg\" \/>\n\t<meta property=\"og:image:width\" content=\"1920\" \/>\n\t<meta property=\"og:image:height\" content=\"1286\" \/>\n\t<meta property=\"og:image:type\" content=\"image\/jpeg\" \/>\n<meta name=\"author\" content=\"La Gu\u00eda de Pamplona\" \/>\n<meta name=\"twitter:card\" content=\"summary_large_image\" \/>\n<meta name=\"twitter:creator\" content=\"@LaGuiadPamplona\" \/>\n<meta name=\"twitter:site\" content=\"@LaGuiadPamplona\" \/>\n<meta name=\"twitter:label1\" content=\"Escrito por\" \/>\n\t<meta name=\"twitter:data1\" content=\"La Gu\u00eda de Pamplona\" \/>\n\t<meta name=\"twitter:label2\" content=\"Tiempo de lectura\" \/>\n\t<meta name=\"twitter:data2\" content=\"5 minutos\" \/>\n<script type=\"application\/ld+json\" class=\"yoast-schema-graph\">{\"@context\":\"https:\\\/\\\/schema.org\",\"@graph\":[{\"@type\":\"Article\",\"@id\":\"https:\\\/\\\/www.laguiadepamplona.com\\\/actualidad\\\/el-servicio-de-alquiler-de-bicicletas-electricas-se-facturara-por-minutos-para-abonar-el-tiempo-realmente-utilizado-y-sera-gratuito-en-los-primeros-20\\\/#article\",\"isPartOf\":{\"@id\":\"https:\\\/\\\/www.laguiadepamplona.com\\\/actualidad\\\/el-servicio-de-alquiler-de-bicicletas-electricas-se-facturara-por-minutos-para-abonar-el-tiempo-realmente-utilizado-y-sera-gratuito-en-los-primeros-20\\\/\"},\"author\":{\"name\":\"La Gu\u00eda de Pamplona\",\"@id\":\"https:\\\/\\\/www.laguiadepamplona.com\\\/actualidad\\\/#\\\/schema\\\/person\\\/efe887376f0213d4657c93adc50b1fdb\"},\"headline\":\"El servicio de alquiler de bicicletas el\u00e9ctricas se facturar\u00e1 por minutos para abonar el tiempo realmente utilizado y ser\u00e1 gratuito en los primeros 20\",\"datePublished\":\"2022-01-10T14:36:58+00:00\",\"dateModified\":\"2023-04-11T09:48:37+00:00\",\"mainEntityOfPage\":{\"@id\":\"https:\\\/\\\/www.laguiadepamplona.com\\\/actualidad\\\/el-servicio-de-alquiler-de-bicicletas-electricas-se-facturara-por-minutos-para-abonar-el-tiempo-realmente-utilizado-y-sera-gratuito-en-los-primeros-20\\\/\"},\"wordCount\":953,\"commentCount\":0,\"publisher\":{\"@id\":\"https:\\\/\\\/www.laguiadepamplona.com\\\/actualidad\\\/#organization\"},\"image\":{\"@id\":\"https:\\\/\\\/www.laguiadepamplona.com\\\/actualidad\\\/el-servicio-de-alquiler-de-bicicletas-electricas-se-facturara-por-minutos-para-abonar-el-tiempo-realmente-utilizado-y-sera-gratuito-en-los-primeros-20\\\/#primaryimage\"},\"thumbnailUrl\":\"https:\\\/\\\/www.laguiadepamplona.com\\\/actualidad\\\/wp-content\\\/uploads\\\/2021\\\/12\\\/servbiciseectricasee5a7855.jpg\",\"articleSection\":[\"Ayto Pamplona\"],\"inLanguage\":\"es\",\"potentialAction\":[{\"@type\":\"CommentAction\",\"name\":\"Comment\",\"target\":[\"https:\\\/\\\/www.laguiadepamplona.com\\\/actualidad\\\/el-servicio-de-alquiler-de-bicicletas-electricas-se-facturara-por-minutos-para-abonar-el-tiempo-realmente-utilizado-y-sera-gratuito-en-los-primeros-20\\\/#respond\"]}]},{\"@type\":\"WebPage\",\"@id\":\"https:\\\/\\\/www.laguiadepamplona.com\\\/actualidad\\\/el-servicio-de-alquiler-de-bicicletas-electricas-se-facturara-por-minutos-para-abonar-el-tiempo-realmente-utilizado-y-sera-gratuito-en-los-primeros-20\\\/\",\"url\":\"https:\\\/\\\/www.laguiadepamplona.com\\\/actualidad\\\/el-servicio-de-alquiler-de-bicicletas-electricas-se-facturara-por-minutos-para-abonar-el-tiempo-realmente-utilizado-y-sera-gratuito-en-los-primeros-20\\\/\",\"name\":\"El servicio de alquiler de bicicletas el\u00e9ctricas se facturar\u00e1 por minutos para abonar el tiempo realmente utilizado y ser\u00e1 gratuito en los primeros 20\",\"isPartOf\":{\"@id\":\"https:\\\/\\\/www.laguiadepamplona.com\\\/actualidad\\\/#website\"},\"primaryImageOfPage\":{\"@id\":\"https:\\\/\\\/www.laguiadepamplona.com\\\/actualidad\\\/el-servicio-de-alquiler-de-bicicletas-electricas-se-facturara-por-minutos-para-abonar-el-tiempo-realmente-utilizado-y-sera-gratuito-en-los-primeros-20\\\/#primaryimage\"},\"image\":{\"@id\":\"https:\\\/\\\/www.laguiadepamplona.com\\\/actualidad\\\/el-servicio-de-alquiler-de-bicicletas-electricas-se-facturara-por-minutos-para-abonar-el-tiempo-realmente-utilizado-y-sera-gratuito-en-los-primeros-20\\\/#primaryimage\"},\"thumbnailUrl\":\"https:\\\/\\\/www.laguiadepamplona.com\\\/actualidad\\\/wp-content\\\/uploads\\\/2021\\\/12\\\/servbiciseectricasee5a7855.jpg\",\"datePublished\":\"2022-01-10T14:36:58+00:00\",\"dateModified\":\"2023-04-11T09:48:37+00:00\",\"description\":\"M\u00e1s de 6.500 personas han hecho uso ya de este servicio de movilidad sostenible inaugurado el 14 de diciembre\",\"breadcrumb\":{\"@id\":\"https:\\\/\\\/www.laguiadepamplona.com\\\/actualidad\\\/el-servicio-de-alquiler-de-bicicletas-electricas-se-facturara-por-minutos-para-abonar-el-tiempo-realmente-utilizado-y-sera-gratuito-en-los-primeros-20\\\/#breadcrumb\"},\"inLanguage\":\"es\",\"potentialAction\":[{\"@type\":\"ReadAction\",\"target\":[\"https:\\\/\\\/www.laguiadepamplona.com\\\/actualidad\\\/el-servicio-de-alquiler-de-bicicletas-electricas-se-facturara-por-minutos-para-abonar-el-tiempo-realmente-utilizado-y-sera-gratuito-en-los-primeros-20\\\/\"]}]},{\"@type\":\"ImageObject\",\"inLanguage\":\"es\",\"@id\":\"https:\\\/\\\/www.laguiadepamplona.com\\\/actualidad\\\/el-servicio-de-alquiler-de-bicicletas-electricas-se-facturara-por-minutos-para-abonar-el-tiempo-realmente-utilizado-y-sera-gratuito-en-los-primeros-20\\\/#primaryimage\",\"url\":\"https:\\\/\\\/www.laguiadepamplona.com\\\/actualidad\\\/wp-content\\\/uploads\\\/2021\\\/12\\\/servbiciseectricasee5a7855.jpg\",\"contentUrl\":\"https:\\\/\\\/www.laguiadepamplona.com\\\/actualidad\\\/wp-content\\\/uploads\\\/2021\\\/12\\\/servbiciseectricasee5a7855.jpg\",\"width\":1920,\"height\":1286},{\"@type\":\"BreadcrumbList\",\"@id\":\"https:\\\/\\\/www.laguiadepamplona.com\\\/actualidad\\\/el-servicio-de-alquiler-de-bicicletas-electricas-se-facturara-por-minutos-para-abonar-el-tiempo-realmente-utilizado-y-sera-gratuito-en-los-primeros-20\\\/#breadcrumb\",\"itemListElement\":[{\"@type\":\"ListItem\",\"position\":1,\"name\":\"Portada\",\"item\":\"https:\\\/\\\/www.laguiadepamplona.com\\\/actualidad\\\/\"},{\"@type\":\"ListItem\",\"position\":2,\"name\":\"El servicio de alquiler de bicicletas el\u00e9ctricas se facturar\u00e1 por minutos para abonar el tiempo realmente utilizado y ser\u00e1 gratuito en los primeros 20\"}]},{\"@type\":\"WebSite\",\"@id\":\"https:\\\/\\\/www.laguiadepamplona.com\\\/actualidad\\\/#website\",\"url\":\"https:\\\/\\\/www.laguiadepamplona.com\\\/actualidad\\\/\",\"name\":\"La gu\u00eda de Pamplona\",\"description\":\"Noticias de Pamplona\",\"publisher\":{\"@id\":\"https:\\\/\\\/www.laguiadepamplona.com\\\/actualidad\\\/#organization\"},\"potentialAction\":[{\"@type\":\"SearchAction\",\"target\":{\"@type\":\"EntryPoint\",\"urlTemplate\":\"https:\\\/\\\/www.laguiadepamplona.com\\\/actualidad\\\/?s={search_term_string}\"},\"query-input\":{\"@type\":\"PropertyValueSpecification\",\"valueRequired\":true,\"valueName\":\"search_term_string\"}}],\"inLanguage\":\"es\"},{\"@type\":\"Organization\",\"@id\":\"https:\\\/\\\/www.laguiadepamplona.com\\\/actualidad\\\/#organization\",\"name\":\"La Gu\u00eda de Pamplona \\\/ Noticias\",\"url\":\"https:\\\/\\\/www.laguiadepamplona.com\\\/actualidad\\\/\",\"logo\":{\"@type\":\"ImageObject\",\"inLanguage\":\"es\",\"@id\":\"https:\\\/\\\/www.laguiadepamplona.com\\\/actualidad\\\/#\\\/schema\\\/logo\\\/image\\\/\",\"url\":\"https:\\\/\\\/www.laguiadepamplona.com\\\/actualidad\\\/wp-content\\\/uploads\\\/2018\\\/11\\\/logo-laguiadepamplona18-web1.png\",\"contentUrl\":\"https:\\\/\\\/www.laguiadepamplona.com\\\/actualidad\\\/wp-content\\\/uploads\\\/2018\\\/11\\\/logo-laguiadepamplona18-web1.png\",\"width\":600,\"height\":196,\"caption\":\"La Gu\u00eda de Pamplona \\\/ Noticias\"},\"image\":{\"@id\":\"https:\\\/\\\/www.laguiadepamplona.com\\\/actualidad\\\/#\\\/schema\\\/logo\\\/image\\\/\"},\"sameAs\":[\"https:\\\/\\\/www.facebook.com\\\/laguiadepamplonacom-133175176762273\\\/?ref=hl\",\"https:\\\/\\\/x.com\\\/LaGuiadPamplona\",\"https:\\\/\\\/www.instagram.com\\\/la_guia_de_pamplona\\\/\",\"https:\\\/\\\/www.youtube.com\\\/user\\\/laguiadepamplona\"]},{\"@type\":\"Person\",\"@id\":\"https:\\\/\\\/www.laguiadepamplona.com\\\/actualidad\\\/#\\\/schema\\\/person\\\/efe887376f0213d4657c93adc50b1fdb\",\"name\":\"La Gu\u00eda de Pamplona\",\"image\":{\"@type\":\"ImageObject\",\"inLanguage\":\"es\",\"@id\":\"https:\\\/\\\/secure.gravatar.com\\\/avatar\\\/b6992f131dc8d30ab0dff15446e9d346d9dbd95992de0fef795073f5ea83a81c?s=96&d=mm&r=g\",\"url\":\"https:\\\/\\\/secure.gravatar.com\\\/avatar\\\/b6992f131dc8d30ab0dff15446e9d346d9dbd95992de0fef795073f5ea83a81c?s=96&d=mm&r=g\",\"contentUrl\":\"https:\\\/\\\/secure.gravatar.com\\\/avatar\\\/b6992f131dc8d30ab0dff15446e9d346d9dbd95992de0fef795073f5ea83a81c?s=96&d=mm&r=g\",\"caption\":\"La Gu\u00eda de Pamplona\"}}]}<\/script>\n<!-- \/ Yoast SEO plugin. -->","yoast_head_json":{"title":"El servicio de alquiler de bicicletas el\u00e9ctricas se facturar\u00e1 por minutos para abonar el tiempo realmente utilizado y ser\u00e1 gratuito en los primeros 20","description":"M\u00e1s de 6.500 personas han hecho uso ya de este servicio de movilidad sostenible inaugurado el 14 de diciembre","robots":{"index":"index","follow":"follow","max-snippet":"max-snippet:-1","max-image-preview":"max-image-preview:large","max-video-preview":"max-video-preview:-1"},"canonical":"https:\/\/www.laguiadepamplona.com\/actualidad\/el-servicio-de-alquiler-de-bicicletas-electricas-se-facturara-por-minutos-para-abonar-el-tiempo-realmente-utilizado-y-sera-gratuito-en-los-primeros-20\/","og_locale":"es_ES","og_type":"article","og_title":"El servicio de alquiler de bicicletas el\u00e9ctricas se facturar\u00e1 por minutos para abonar el tiempo realmente utilizado y ser\u00e1 gratuito en los primeros 20","og_description":"M\u00e1s de 6.500 personas han hecho uso ya de este servicio de movilidad sostenible inaugurado el 14 de diciembre","og_url":"https:\/\/www.laguiadepamplona.com\/actualidad\/el-servicio-de-alquiler-de-bicicletas-electricas-se-facturara-por-minutos-para-abonar-el-tiempo-realmente-utilizado-y-sera-gratuito-en-los-primeros-20\/","og_site_name":"La Gu\u00eda de Pamplona","article_publisher":"https:\/\/www.facebook.com\/laguiadepamplonacom-133175176762273\/?ref=hl","article_published_time":"2022-01-10T14:36:58+00:00","article_modified_time":"2023-04-11T09:48:37+00:00","og_image":[{"width":1920,"height":1286,"url":"https:\/\/www.laguiadepamplona.com\/actualidad\/wp-content\/uploads\/2021\/12\/servbiciseectricasee5a7855.jpg","type":"image\/jpeg"}],"author":"La Gu\u00eda de Pamplona","twitter_card":"summary_large_image","twitter_creator":"@LaGuiadPamplona","twitter_site":"@LaGuiadPamplona","twitter_misc":{"Escrito por":"La Gu\u00eda de Pamplona","Tiempo de lectura":"5 minutos"},"schema":{"@context":"https:\/\/schema.org","@graph":[{"@type":"Article","@id":"https:\/\/www.laguiadepamplona.com\/actualidad\/el-servicio-de-alquiler-de-bicicletas-electricas-se-facturara-por-minutos-para-abonar-el-tiempo-realmente-utilizado-y-sera-gratuito-en-los-primeros-20\/#article","isPartOf":{"@id":"https:\/\/www.laguiadepamplona.com\/actualidad\/el-servicio-de-alquiler-de-bicicletas-electricas-se-facturara-por-minutos-para-abonar-el-tiempo-realmente-utilizado-y-sera-gratuito-en-los-primeros-20\/"},"author":{"name":"La Gu\u00eda de Pamplona","@id":"https:\/\/www.laguiadepamplona.com\/actualidad\/#\/schema\/person\/efe887376f0213d4657c93adc50b1fdb"},"headline":"El servicio de alquiler de bicicletas el\u00e9ctricas se facturar\u00e1 por minutos para abonar el tiempo realmente utilizado y ser\u00e1 gratuito en los primeros 20","datePublished":"2022-01-10T14:36:58+00:00","dateModified":"2023-04-11T09:48:37+00:00","mainEntityOfPage":{"@id":"https:\/\/www.laguiadepamplona.com\/actualidad\/el-servicio-de-alquiler-de-bicicletas-electricas-se-facturara-por-minutos-para-abonar-el-tiempo-realmente-utilizado-y-sera-gratuito-en-los-primeros-20\/"},"wordCount":953,"commentCount":0,"publisher":{"@id":"https:\/\/www.laguiadepamplona.com\/actualidad\/#organization"},"image":{"@id":"https:\/\/www.laguiadepamplona.com\/actualidad\/el-servicio-de-alquiler-de-bicicletas-electricas-se-facturara-por-minutos-para-abonar-el-tiempo-realmente-utilizado-y-sera-gratuito-en-los-primeros-20\/#primaryimage"},"thumbnailUrl":"https:\/\/www.laguiadepamplona.com\/actualidad\/wp-content\/uploads\/2021\/12\/servbiciseectricasee5a7855.jpg","articleSection":["Ayto Pamplona"],"inLanguage":"es","potentialAction":[{"@type":"CommentAction","name":"Comment","target":["https:\/\/www.laguiadepamplona.com\/actualidad\/el-servicio-de-alquiler-de-bicicletas-electricas-se-facturara-por-minutos-para-abonar-el-tiempo-realmente-utilizado-y-sera-gratuito-en-los-primeros-20\/#respond"]}]},{"@type":"WebPage","@id":"https:\/\/www.laguiadepamplona.com\/actualidad\/el-servicio-de-alquiler-de-bicicletas-electricas-se-facturara-por-minutos-para-abonar-el-tiempo-realmente-utilizado-y-sera-gratuito-en-los-primeros-20\/","url":"https:\/\/www.laguiadepamplona.com\/actualidad\/el-servicio-de-alquiler-de-bicicletas-electricas-se-facturara-por-minutos-para-abonar-el-tiempo-realmente-utilizado-y-sera-gratuito-en-los-primeros-20\/","name":"El servicio de alquiler de bicicletas el\u00e9ctricas se facturar\u00e1 por minutos para abonar el tiempo realmente utilizado y ser\u00e1 gratuito en los primeros 20","isPartOf":{"@id":"https:\/\/www.laguiadepamplona.com\/actualidad\/#website"},"primaryImageOfPage":{"@id":"https:\/\/www.laguiadepamplona.com\/actualidad\/el-servicio-de-alquiler-de-bicicletas-electricas-se-facturara-por-minutos-para-abonar-el-tiempo-realmente-utilizado-y-sera-gratuito-en-los-primeros-20\/#primaryimage"},"image":{"@id":"https:\/\/www.laguiadepamplona.com\/actualidad\/el-servicio-de-alquiler-de-bicicletas-electricas-se-facturara-por-minutos-para-abonar-el-tiempo-realmente-utilizado-y-sera-gratuito-en-los-primeros-20\/#primaryimage"},"thumbnailUrl":"https:\/\/www.laguiadepamplona.com\/actualidad\/wp-content\/uploads\/2021\/12\/servbiciseectricasee5a7855.jpg","datePublished":"2022-01-10T14:36:58+00:00","dateModified":"2023-04-11T09:48:37+00:00","description":"M\u00e1s de 6.500 personas han hecho uso ya de este servicio de movilidad sostenible inaugurado el 14 de diciembre","breadcrumb":{"@id":"https:\/\/www.laguiadepamplona.com\/actualidad\/el-servicio-de-alquiler-de-bicicletas-electricas-se-facturara-por-minutos-para-abonar-el-tiempo-realmente-utilizado-y-sera-gratuito-en-los-primeros-20\/#breadcrumb"},"inLanguage":"es","potentialAction":[{"@type":"ReadAction","target":["https:\/\/www.laguiadepamplona.com\/actualidad\/el-servicio-de-alquiler-de-bicicletas-electricas-se-facturara-por-minutos-para-abonar-el-tiempo-realmente-utilizado-y-sera-gratuito-en-los-primeros-20\/"]}]},{"@type":"ImageObject","inLanguage":"es","@id":"https:\/\/www.laguiadepamplona.com\/actualidad\/el-servicio-de-alquiler-de-bicicletas-electricas-se-facturara-por-minutos-para-abonar-el-tiempo-realmente-utilizado-y-sera-gratuito-en-los-primeros-20\/#primaryimage","url":"https:\/\/www.laguiadepamplona.com\/actualidad\/wp-content\/uploads\/2021\/12\/servbiciseectricasee5a7855.jpg","contentUrl":"https:\/\/www.laguiadepamplona.com\/actualidad\/wp-content\/uploads\/2021\/12\/servbiciseectricasee5a7855.jpg","width":1920,"height":1286},{"@type":"BreadcrumbList","@id":"https:\/\/www.laguiadepamplona.com\/actualidad\/el-servicio-de-alquiler-de-bicicletas-electricas-se-facturara-por-minutos-para-abonar-el-tiempo-realmente-utilizado-y-sera-gratuito-en-los-primeros-20\/#breadcrumb","itemListElement":[{"@type":"ListItem","position":1,"name":"Portada","item":"https:\/\/www.laguiadepamplona.com\/actualidad\/"},{"@type":"ListItem","position":2,"name":"El servicio de alquiler de bicicletas el\u00e9ctricas se facturar\u00e1 por minutos para abonar el tiempo realmente utilizado y ser\u00e1 gratuito en los primeros 20"}]},{"@type":"WebSite","@id":"https:\/\/www.laguiadepamplona.com\/actualidad\/#website","url":"https:\/\/www.laguiadepamplona.com\/actualidad\/","name":"La gu\u00eda de Pamplona","description":"Noticias de Pamplona","publisher":{"@id":"https:\/\/www.laguiadepamplona.com\/actualidad\/#organization"},"potentialAction":[{"@type":"SearchAction","target":{"@type":"EntryPoint","urlTemplate":"https:\/\/www.laguiadepamplona.com\/actualidad\/?s={search_term_string}"},"query-input":{"@type":"PropertyValueSpecification","valueRequired":true,"valueName":"search_term_string"}}],"inLanguage":"es"},{"@type":"Organization","@id":"https:\/\/www.laguiadepamplona.com\/actualidad\/#organization","name":"La Gu\u00eda de Pamplona \/ Noticias","url":"https:\/\/www.laguiadepamplona.com\/actualidad\/","logo":{"@type":"ImageObject","inLanguage":"es","@id":"https:\/\/www.laguiadepamplona.com\/actualidad\/#\/schema\/logo\/image\/","url":"https:\/\/www.laguiadepamplona.com\/actualidad\/wp-content\/uploads\/2018\/11\/logo-laguiadepamplona18-web1.png","contentUrl":"https:\/\/www.laguiadepamplona.com\/actualidad\/wp-content\/uploads\/2018\/11\/logo-laguiadepamplona18-web1.png","width":600,"height":196,"caption":"La Gu\u00eda de Pamplona \/ Noticias"},"image":{"@id":"https:\/\/www.laguiadepamplona.com\/actualidad\/#\/schema\/logo\/image\/"},"sameAs":["https:\/\/www.facebook.com\/laguiadepamplonacom-133175176762273\/?ref=hl","https:\/\/x.com\/LaGuiadPamplona","https:\/\/www.instagram.com\/la_guia_de_pamplona\/","https:\/\/www.youtube.com\/user\/laguiadepamplona"]},{"@type":"Person","@id":"https:\/\/www.laguiadepamplona.com\/actualidad\/#\/schema\/person\/efe887376f0213d4657c93adc50b1fdb","name":"La Gu\u00eda de Pamplona","image":{"@type":"ImageObject","inLanguage":"es","@id":"https:\/\/secure.gravatar.com\/avatar\/b6992f131dc8d30ab0dff15446e9d346d9dbd95992de0fef795073f5ea83a81c?s=96&d=mm&r=g","url":"https:\/\/secure.gravatar.com\/avatar\/b6992f131dc8d30ab0dff15446e9d346d9dbd95992de0fef795073f5ea83a81c?s=96&d=mm&r=g","contentUrl":"https:\/\/secure.gravatar.com\/avatar\/b6992f131dc8d30ab0dff15446e9d346d9dbd95992de0fef795073f5ea83a81c?s=96&d=mm&r=g","caption":"La Gu\u00eda de Pamplona"}}]}},"post_mailing_queue_ids":[],"_links":{"self":[{"href":"https:\/\/www.laguiadepamplona.com\/actualidad\/wp-json\/wp\/v2\/posts\/38220","targetHints":{"allow":["GET"]}}],"collection":[{"href":"https:\/\/www.laguiadepamplona.com\/actualidad\/wp-json\/wp\/v2\/posts"}],"about":[{"href":"https:\/\/www.laguiadepamplona.com\/actualidad\/wp-json\/wp\/v2\/types\/post"}],"author":[{"embeddable":true,"href":"https:\/\/www.laguiadepamplona.com\/actualidad\/wp-json\/wp\/v2\/users\/1"}],"replies":[{"embeddable":true,"href":"https:\/\/www.laguiadepamplona.com\/actualidad\/wp-json\/wp\/v2\/comments?post=38220"}],"version-history":[{"count":0,"href":"https:\/\/www.laguiadepamplona.com\/actualidad\/wp-json\/wp\/v2\/posts\/38220\/revisions"}],"wp:featuredmedia":[{"embeddable":true,"href":"https:\/\/www.laguiadepamplona.com\/actualidad\/wp-json\/wp\/v2\/media\/37964"}],"wp:attachment":[{"href":"https:\/\/www.laguiadepamplona.com\/actualidad\/wp-json\/wp\/v2\/media?parent=38220"}],"wp:term":[{"taxonomy":"category","embeddable":true,"href":"https:\/\/www.laguiadepamplona.com\/actualidad\/wp-json\/wp\/v2\/categories?post=38220"},{"taxonomy":"post_tag","embeddable":true,"href":"https:\/\/www.laguiadepamplona.com\/actualidad\/wp-json\/wp\/v2\/tags?post=38220"}],"curies":[{"name":"wp","href":"https:\/\/api.w.org\/{rel}","templated":true}]}}